{"id":1005055,"date":"2025-12-03T11:58:14","date_gmt":"2025-12-03T08:58:14","guid":{"rendered":"https:\/\/alegria-realestate.com\/?p=1005055"},"modified":"2025-12-04T16:21:54","modified_gmt":"2025-12-04T13:21:54","slug":"spanish-government-drafts-decree-to-support-landlords-in-cases-of-non-payment","status":"publish","type":"post","link":"https:\/\/alegria-realestate.com\/cs\/articles\/spanish-government-drafts-decree-to-support-landlords-in-cases-of-non-payment","title":{"rendered":"\u0160pan\u011blsk\u00e1 vl\u00e1da p\u0159ipravila dekret na podporu pronaj\u00edmatel\u016f p\u0159i neplacen\u00ed n\u00e1jemn\u00e9ho"},"content":{"rendered":"<p><\/p>\n<h2>Nov\u00e1 ochrana pronaj\u00edmatel\u016f a dohody s Junts<\/h2>\n<p>Na p\u0159\u00ed\u0161t\u00edm zased\u00e1n\u00ed Rady ministr\u016f, kter\u00e9 je napl\u00e1nov\u00e1no na 9. prosince, m\u00e1 b\u00fdt schv\u00e1len dekret, jen\u017e m\u00e1 pomoci vlastn\u00edk\u016fm nemovitost\u00ed p\u0159i neplacen\u00ed n\u00e1jemn\u00e9ho v p\u0159\u00edpadech, kdy pronaj\u00edmaj\u00ed bydlen\u00ed mlad\u00fdm lidem nebo \u00abzraniteln\u00fdm skupin\u00e1m obyvatelstva\u00bb. Toto opat\u0159en\u00ed, stejn\u011b jako zrychlen\u00ed \u0159\u00edzen\u00ed o vyst\u011bhov\u00e1n\u00ed <em>okupas<\/em>, je jedn\u00edm ze z\u00e1vazk\u016f vypl\u00fdvaj\u00edc\u00edch z dohod s katal\u00e1nskou separatistickou stranou Junts. Odborn\u00edci na nemovitosti tvrd\u00ed, \u017ee opat\u0159en\u00ed p\u0159ich\u00e1z\u00ed se sedmilet\u00fdm zpo\u017ed\u011bn\u00edm. Majitel\u00e9 p\u0159itom nikdy ne\u017e\u00e1dali vl\u00e1du o pen\u00edze \u2013 cht\u011bli pouze m\u00edt mo\u017enost pronaj\u00edmat sv\u00e9 byty bez strachu, \u017ee nakonec z\u016fstanou \u00fapln\u011b bez prost\u0159edk\u016f. V tomto kontextu nab\u00fdvaj\u00ed na popularit\u011b n\u00e1stroje, jako je <a href=\"https:\/\/alegria-realestate.com\/cs\/articles\/non-payment-of-rent-insurance-in-spain-everything-you-need-to-know\">poji\u0161t\u011bn\u00ed proti neplacen\u00ed n\u00e1jemn\u00e9ho<\/a>, a tak\u00e9 profesion\u00e1ln\u00ed <a href=\"https:\/\/alegria-realestate.com\/cs\/service\/rent-out-property-in-spain\">slu\u017eby pron\u00e1jmu a spr\u00e1vy nemovitost\u00ed ve \u0160pan\u011blsku<\/a>, kter\u00e9 pom\u00e1haj\u00ed vlastn\u00edk\u016fm sn\u00ed\u017eit riziko neplacen\u00ed.<\/p>\n<h2>Zrychlen\u00ed postup\u016f p\u0159i vyst\u011bhov\u00e1n\u00ed \u00abokupas\u00bb<\/h2>\n<p>V b\u0159eznu tohoto roku schv\u00e1lil \u0161pan\u011blsk\u00fd parlament n\u00e1vrh z\u00e1kona p\u0159edlo\u017een\u00fd stranou Junts, kter\u00fd zkracuje lh\u016ftu pro vyst\u011bhov\u00e1n\u00ed <em>okupas<\/em> na maxim\u00e1ln\u011b 48 hodin. N\u00e1vrh po\u010d\u00edt\u00e1 se zm\u011bnami ob\u010dansk\u00e9ho i trestn\u00edho pr\u00e1va tak, aby nedoch\u00e1zelo k pr\u016ftah\u016fm kv\u016fli prohl\u00e1\u0161en\u00edm o \u00abzranitelnosti\u00bb, kter\u00e1 pod\u00e1vaj\u00ed neopr\u00e1vn\u011bn\u00ed obyvatel\u00e9. V p\u0159\u00edpadech nez\u00e1konn\u00e9ho obsazen\u00ed nemovitosti se z\u00e1rove\u0148 po\u010d\u00edt\u00e1 s okam\u017eit\u00fdm soudn\u00edm \u0159\u00edzen\u00edm, podobn\u011b jako u jin\u00fdch m\u00e9n\u011b z\u00e1va\u017en\u00fdch trestn\u00fdch \u010din\u016f.<\/p>\n<h2>V\u00edce pravomoc\u00ed pro obce<\/h2>\n<p>Stejn\u00fd dekret umo\u017en\u00ed starost\u016fm v\u00edce investovat do projekt\u016f, kter\u00e9 nejsou spojeny s b\u011b\u017en\u00fdmi provozn\u00edmi v\u00fddaji \u2013 nap\u0159\u00edklad do v\u00fdstavby byt\u016f, spr\u00e1vy vodn\u00edch zdroj\u016f a cel\u00e9 \u0159ady dal\u0161\u00edch oblast\u00ed. Z\u00e1rove\u0148 bude prodlou\u017eena lh\u016fta pro podporu digitalizace faktura\u010dn\u00edch proces\u016f ve firm\u00e1ch, co\u017e by m\u011blo zjednodu\u0161it administrativn\u00ed postupy a zv\u00fd\u0161it transparentnost.<\/p>","protected":false},"excerpt":{"rendered":"<p>Nov\u00e1 ochrana pronaj\u00edmatel\u016f a dohody s Junts Na p\u0159\u00ed\u0161t\u00edm\u2026<\/p>\n","protected":false},"author":34,"featured_media":1005057,"comment_status":"closed","ping_status":"closed","sticky":false,"template":"","format":"standard","meta":{"footnotes":""},"categories":[1,961],"tags":[],"class_list":["post-1005055","post","type-post","status-publish","format-standard","has-post-thumbnail","hentry","category-articles","category-taxes-and-laws"],"yoast_head":"<!-- This site is optimized with the Yoast SEO plugin v27.5 - https:\/\/yoast.com\/product\/yoast-seo-wordpress\/ -->\n<title>\u0160pan\u011blsk\u00e1 vl\u00e1da p\u0159ipravila dekret na podporu pronaj\u00edmatel\u016f p\u0159i neplacen\u00ed n\u00e1jemn\u00e9ho<\/title>\n<meta name=\"description\" content=\"Co n\u00e1vrh obsahuje: kompenzace za dlu\u017en\u00e9 n\u00e1jemn\u00e9, zrychlen\u00e9 \u0159\u00edzen\u00ed vyst\u011bhov\u00e1n\u00ed a mediaci, da\u0148ov\u00e9 pob\u00eddky a st\u00e1tn\u00ed z\u00e1ruky, krit\u00e9ria pro pronaj\u00edmatele a n\u00e1jemce, jak \u017e\u00e1dat a kdy maj\u00ed opat\u0159en\u00ed za\u010d\u00edt platit.\" \/>\n<meta name=\"robots\" content=\"index, follow, max-snippet:-1, max-image-preview:large, max-video-preview:-1\" \/>\n<link rel=\"canonical\" href=\"https:\/\/alegria-realestate.com\/cs\/wp-json\/wp\/v2\/posts\/1005055\" \/>\n<meta property=\"og:locale\" content=\"cs_CZ\" \/>\n<meta property=\"og:type\" content=\"article\" \/>\n<meta property=\"og:title\" content=\"\u0160pan\u011blsk\u00e1 vl\u00e1da p\u0159ipravila dekret na podporu pronaj\u00edmatel\u016f p\u0159i neplacen\u00ed n\u00e1jemn\u00e9ho\" \/>\n<meta property=\"og:description\" content=\"Co n\u00e1vrh obsahuje: kompenzace za dlu\u017en\u00e9 n\u00e1jemn\u00e9, zrychlen\u00e9 \u0159\u00edzen\u00ed vyst\u011bhov\u00e1n\u00ed a mediaci, da\u0148ov\u00e9 pob\u00eddky a st\u00e1tn\u00ed z\u00e1ruky, krit\u00e9ria pro pronaj\u00edmatele a n\u00e1jemce, jak \u017e\u00e1dat a kdy maj\u00ed opat\u0159en\u00ed za\u010d\u00edt platit.\" \/>\n<meta property=\"og:url\" content=\"https:\/\/alegria-realestate.com\/cs\/wp-json\/wp\/v2\/posts\/1005055\" \/>\n<meta property=\"og:site_name\" content=\"Nemovitosti ve \u0160pan\u011blsku\" \/>\n<meta property=\"article:publisher\" content=\"https:\/\/www.facebook.com\/realestate.alegria\" \/>\n<meta property=\"article:published_time\" content=\"2025-12-03T08:58:14+00:00\" \/>\n<meta property=\"article:modified_time\" content=\"2025-12-04T13:21:54+00:00\" \/>\n<meta property=\"og:image\" content=\"https:\/\/alegria-realestate.com\/wp-content\/uploads\/2025\/12\/sanchez_ocupas.jpg\" \/>\n\t<meta property=\"og:image:width\" content=\"2000\" \/>\n\t<meta property=\"og:image:height\" content=\"1333\" \/>\n\t<meta property=\"og:image:type\" content=\"image\/jpeg\" \/>\n<meta name=\"author\" content=\"Irina\" \/>\n<meta name=\"twitter:card\" content=\"summary_large_image\" \/>\n<meta name=\"twitter:creator\" content=\"@alegriarealesta\" \/>\n<meta name=\"twitter:site\" content=\"@alegriarealesta\" \/>\n<script type=\"application\/ld+json\" class=\"yoast-schema-graph\">{\"@context\":\"https:\\\/\\\/schema.org\",\"@graph\":[{\"@type\":\"Article\",\"@id\":\"https:\\\/\\\/alegria-realestate.com\\\/articles\\\/spanish-government-drafts-decree-to-support-landlords-in-cases-of-non-payment#article\",\"isPartOf\":{\"@id\":\"https:\\\/\\\/alegria-realestate.com\\\/articles\\\/spanish-government-drafts-decree-to-support-landlords-in-cases-of-non-payment\"},\"author\":{\"name\":\"Irina\",\"@id\":\"https:\\\/\\\/alegria-realestate.com\\\/#\\\/schema\\\/person\\\/d5f65cbf5d490b626f10bef994e91bde\"},\"headline\":\"\u0160pan\u011blsk\u00e1 vl\u00e1da p\u0159ipravila dekret na podporu pronaj\u00edmatel\u016f p\u0159i neplacen\u00ed n\u00e1jemn\u00e9ho\",\"datePublished\":\"2025-12-03T08:58:14+00:00\",\"dateModified\":\"2025-12-04T13:21:54+00:00\",\"mainEntityOfPage\":{\"@id\":\"https:\\\/\\\/alegria-realestate.com\\\/articles\\\/spanish-government-drafts-decree-to-support-landlords-in-cases-of-non-payment\"},\"wordCount\":3432,\"publisher\":{\"@id\":\"https:\\\/\\\/alegria-realestate.com\\\/#organization\"},\"image\":{\"@id\":\"https:\\\/\\\/alegria-realestate.com\\\/articles\\\/spanish-government-drafts-decree-to-support-landlords-in-cases-of-non-payment#primaryimage\"},\"thumbnailUrl\":\"https:\\\/\\\/alegria-realestate.com\\\/wp-content\\\/uploads\\\/2025\\\/12\\\/sanchez_ocupas.jpg\",\"articleSection\":[\"Blog\",\"Dan\u011b a z\u00e1kony\"],\"inLanguage\":\"cs\"},{\"@type\":\"WebPage\",\"@id\":\"https:\\\/\\\/alegria-realestate.com\\\/cs\\\/articles\\\/spanish-government-drafts-decree-to-support-landlords-in-cases-of-non-payment\",\"url\":\"https:\\\/\\\/alegria-realestate.com\\\/cs\\\/articles\\\/spanish-government-drafts-decree-to-support-landlords-in-cases-of-non-payment\",\"name\":\"\u0160pan\u011blsk\u00e1 vl\u00e1da p\u0159ipravila dekret na podporu pronaj\u00edmatel\u016f p\u0159i neplacen\u00ed n\u00e1jemn\u00e9ho\",\"isPartOf\":{\"@id\":\"https:\\\/\\\/alegria-realestate.com\\\/cs\\\/#website\"},\"primaryImageOfPage\":{\"@id\":\"https:\\\/\\\/alegria-realestate.com\\\/cs\\\/articles\\\/spanish-government-drafts-decree-to-support-landlords-in-cases-of-non-payment#primaryimage\"},\"image\":{\"@id\":\"https:\\\/\\\/alegria-realestate.com\\\/articles\\\/spanish-government-drafts-decree-to-support-landlords-in-cases-of-non-payment#primaryimage\"},\"thumbnailUrl\":\"https:\\\/\\\/alegria-realestate.com\\\/wp-content\\\/uploads\\\/2025\\\/12\\\/sanchez_ocupas.jpg\",\"datePublished\":\"2025-12-03T08:58:14+00:00\",\"dateModified\":\"2025-12-04T13:21:54+00:00\",\"description\":\"Co n\u00e1vrh obsahuje: kompenzace za dlu\u017en\u00e9 n\u00e1jemn\u00e9, zrychlen\u00e9 \u0159\u00edzen\u00ed vyst\u011bhov\u00e1n\u00ed a mediaci, da\u0148ov\u00e9 pob\u00eddky a st\u00e1tn\u00ed z\u00e1ruky, krit\u00e9ria pro pronaj\u00edmatele a n\u00e1jemce, jak \u017e\u00e1dat a kdy maj\u00ed opat\u0159en\u00ed za\u010d\u00edt platit.\",\"breadcrumb\":{\"@id\":\"https:\\\/\\\/alegria-realestate.com\\\/cs\\\/articles\\\/spanish-government-drafts-decree-to-support-landlords-in-cases-of-non-payment#breadcrumb\"},\"inLanguage\":\"cs\",\"potentialAction\":[{\"@type\":\"ReadAction\",\"target\":[[\"https:\\\/\\\/alegria-realestate.com\\\/cs\\\/articles\\\/spanish-government-drafts-decree-to-support-landlords-in-cases-of-non-payment\"]]}]},{\"@type\":\"ImageObject\",\"inLanguage\":\"cs\",\"@id\":\"https:\\\/\\\/alegria-realestate.com\\\/cs\\\/articles\\\/spanish-government-drafts-decree-to-support-landlords-in-cases-of-non-payment#primaryimage\",\"url\":\"https:\\\/\\\/alegria-realestate.com\\\/wp-content\\\/uploads\\\/2025\\\/12\\\/sanchez_ocupas.jpg\",\"contentUrl\":\"https:\\\/\\\/alegria-realestate.com\\\/wp-content\\\/uploads\\\/2025\\\/12\\\/sanchez_ocupas.jpg\",\"width\":2000,\"height\":1333},{\"@type\":\"BreadcrumbList\",\"@id\":\"https:\\\/\\\/alegria-realestate.com\\\/cs\\\/articles\\\/spanish-government-drafts-decree-to-support-landlords-in-cases-of-non-payment#breadcrumb\",\"itemListElement\":[{\"@type\":\"ListItem\",\"position\":1,\"name\":\"\u0413\u043b\u0430\u0432\u043d\u0430\u044f \u0441\u0442\u0440\u0430\u043d\u0438\u0446\u0430\",\"item\":\"https:\\\/\\\/alegria-realestate.com\\\/cs\\\/\"},{\"@type\":\"ListItem\",\"position\":2,\"name\":\"\u041f\u0440\u0430\u0432\u0438\u0442\u0435\u043b\u044c\u0441\u0442\u0432\u043e \u0418\u0441\u043f\u0430\u043d\u0438\u0438 \u043f\u043e\u0434\u0433\u043e\u0442\u043e\u0432\u0438\u043b\u043e \u0443\u043a\u0430\u0437 \u043e \u043f\u043e\u043c\u043e\u0449\u0438 \u0430\u0440\u0435\u043d\u0434\u043e\u0434\u0430\u0442\u0435\u043b\u044f\u043c \u0432 \u0441\u043b\u0443\u0447\u0430\u0435 \u043d\u0435\u043f\u043b\u0430\u0442\u0435\u0436\u0435\u0439\"}]},{\"@type\":\"WebSite\",\"@id\":\"https:\\\/\\\/alegria-realestate.com\\\/cs\\\/#website\",\"url\":\"https:\\\/\\\/alegria-realestate.com\\\/cs\\\/\",\"name\":\"Nemovitosti ve \u0160pan\u011blsku\",\"description\":\"Nemovitosti ve \u0160pan\u011blsku: prodej ve v\u0161ech m\u011bstech \u2013 Torrevieja, Alicante, Benidorm a dal\u0161\u00ed. Pom\u016f\u017eeme v\u00e1m s koup\u00ed nemovitosti na Costa Blanca \u2013 secondhandov\u00e9 bydlen\u00ed i novostavby. Kompletn\u00ed vy\u0159\u00edzen\u00ed na kl\u00ed\u010d. Nemovitosti na Costa Blanca od 80 000 \u20ac.\",\"publisher\":{\"@id\":\"https:\\\/\\\/alegria-realestate.com\\\/cs\\\/#organization\"},\"potentialAction\":[{\"@type\":\"SearchAction\",\"target\":{\"@type\":\"EntryPoint\",\"urlTemplate\":\"https:\\\/\\\/alegria-realestate.com\\\/cs\\\/?s={search_term_string}\"},\"query-input\":{\"@type\":\"PropertyValueSpecification\",\"valueRequired\":true,\"valueName\":\"search_term_string\"}}],\"inLanguage\":\"cs\"},{\"@type\":\"Organization\",\"@id\":\"https:\\\/\\\/alegria-realestate.com\\\/cs\\\/#organization\",\"name\":\"Alegria Realestate\",\"url\":\"https:\\\/\\\/alegria-realestate.com\\\/cs\\\/\",\"logo\":{\"@type\":\"ImageObject\",\"inLanguage\":\"cs\",\"@id\":\"https:\\\/\\\/alegria-realestate.com\\\/cs\\\/#\\\/schema\\\/logo\\\/image\\\/\",\"url\":\"https:\\\/\\\/alegria-realestate.com\\\/wp-content\\\/uploads\\\/2019\\\/08\\\/logo_alegria.png\",\"contentUrl\":\"https:\\\/\\\/alegria-realestate.com\\\/wp-content\\\/uploads\\\/2019\\\/08\\\/logo_alegria.png\",\"width\":1600,\"height\":1403,\"caption\":\"Alegria Realestate\"},\"image\":{\"@id\":\"https:\\\/\\\/alegria-realestate.com\\\/cs\\\/#\\\/schema\\\/logo\\\/image\\\/\"},\"sameAs\":[\"https:\\\/\\\/www.facebook.com\\\/realestate.alegria\",\"https:\\\/\\\/x.com\\\/alegriarealesta\",\"https:\\\/\\\/www.instagram.com\\\/alegriadom\\\/\",\"https:\\\/\\\/www.linkedin.com\\\/profile\\\/view?id=154965227\",\"https:\\\/\\\/www.youtube.com\\\/user\\\/AlegriaRealEstate\"]},{\"@type\":\"Person\",\"@id\":\"https:\\\/\\\/alegria-realestate.com\\\/#\\\/schema\\\/person\\\/d5f65cbf5d490b626f10bef994e91bde\",\"name\":\"Irina\"}]}<\/script>\n<!-- \/ Yoast SEO plugin. -->","yoast_head_json":{"title":"\u0160pan\u011blsk\u00e1 vl\u00e1da p\u0159ipravila dekret na podporu pronaj\u00edmatel\u016f p\u0159i neplacen\u00ed n\u00e1jemn\u00e9ho","description":"Co n\u00e1vrh obsahuje: kompenzace za dlu\u017en\u00e9 n\u00e1jemn\u00e9, zrychlen\u00e9 \u0159\u00edzen\u00ed vyst\u011bhov\u00e1n\u00ed a mediaci, da\u0148ov\u00e9 pob\u00eddky a st\u00e1tn\u00ed z\u00e1ruky, krit\u00e9ria pro pronaj\u00edmatele a n\u00e1jemce, jak \u017e\u00e1dat a kdy maj\u00ed opat\u0159en\u00ed za\u010d\u00edt platit.","robots":{"index":"index","follow":"follow","max-snippet":"max-snippet:-1","max-image-preview":"max-image-preview:large","max-video-preview":"max-video-preview:-1"},"canonical":"https:\/\/alegria-realestate.com\/cs\/wp-json\/wp\/v2\/posts\/1005055","og_locale":"cs_CZ","og_type":"article","og_title":"\u0160pan\u011blsk\u00e1 vl\u00e1da p\u0159ipravila dekret na podporu pronaj\u00edmatel\u016f p\u0159i neplacen\u00ed n\u00e1jemn\u00e9ho","og_description":"Co n\u00e1vrh obsahuje: kompenzace za dlu\u017en\u00e9 n\u00e1jemn\u00e9, zrychlen\u00e9 \u0159\u00edzen\u00ed vyst\u011bhov\u00e1n\u00ed a mediaci, da\u0148ov\u00e9 pob\u00eddky a st\u00e1tn\u00ed z\u00e1ruky, krit\u00e9ria pro pronaj\u00edmatele a n\u00e1jemce, jak \u017e\u00e1dat a kdy maj\u00ed opat\u0159en\u00ed za\u010d\u00edt platit.","og_url":"https:\/\/alegria-realestate.com\/cs\/wp-json\/wp\/v2\/posts\/1005055","og_site_name":"Nemovitosti ve \u0160pan\u011blsku","article_publisher":"https:\/\/www.facebook.com\/realestate.alegria","article_published_time":"2025-12-03T08:58:14+00:00","article_modified_time":"2025-12-04T13:21:54+00:00","og_image":[{"width":2000,"height":1333,"url":"https:\/\/alegria-realestate.com\/wp-content\/uploads\/2025\/12\/sanchez_ocupas.jpg","type":"image\/jpeg"}],"author":"Irina","twitter_card":"summary_large_image","twitter_creator":"@alegriarealesta","twitter_site":"@alegriarealesta","schema":{"@context":"https:\/\/schema.org","@graph":[{"@type":"Article","@id":"https:\/\/alegria-realestate.com\/articles\/spanish-government-drafts-decree-to-support-landlords-in-cases-of-non-payment#article","isPartOf":{"@id":"https:\/\/alegria-realestate.com\/articles\/spanish-government-drafts-decree-to-support-landlords-in-cases-of-non-payment"},"author":{"name":"Irina","@id":"https:\/\/alegria-realestate.com\/#\/schema\/person\/d5f65cbf5d490b626f10bef994e91bde"},"headline":"\u0160pan\u011blsk\u00e1 vl\u00e1da p\u0159ipravila dekret na podporu pronaj\u00edmatel\u016f p\u0159i neplacen\u00ed n\u00e1jemn\u00e9ho","datePublished":"2025-12-03T08:58:14+00:00","dateModified":"2025-12-04T13:21:54+00:00","mainEntityOfPage":{"@id":"https:\/\/alegria-realestate.com\/articles\/spanish-government-drafts-decree-to-support-landlords-in-cases-of-non-payment"},"wordCount":3432,"publisher":{"@id":"https:\/\/alegria-realestate.com\/#organization"},"image":{"@id":"https:\/\/alegria-realestate.com\/articles\/spanish-government-drafts-decree-to-support-landlords-in-cases-of-non-payment#primaryimage"},"thumbnailUrl":"https:\/\/alegria-realestate.com\/wp-content\/uploads\/2025\/12\/sanchez_ocupas.jpg","articleSection":["Blog","Dan\u011b a z\u00e1kony"],"inLanguage":"cs"},{"@type":"WebPage","@id":"https:\/\/alegria-realestate.com\/cs\/articles\/spanish-government-drafts-decree-to-support-landlords-in-cases-of-non-payment","url":"https:\/\/alegria-realestate.com\/cs\/articles\/spanish-government-drafts-decree-to-support-landlords-in-cases-of-non-payment","name":"\u0160pan\u011blsk\u00e1 vl\u00e1da p\u0159ipravila dekret na podporu pronaj\u00edmatel\u016f p\u0159i neplacen\u00ed n\u00e1jemn\u00e9ho","isPartOf":{"@id":"https:\/\/alegria-realestate.com\/cs\/#website"},"primaryImageOfPage":{"@id":"https:\/\/alegria-realestate.com\/cs\/articles\/spanish-government-drafts-decree-to-support-landlords-in-cases-of-non-payment#primaryimage"},"image":{"@id":"https:\/\/alegria-realestate.com\/articles\/spanish-government-drafts-decree-to-support-landlords-in-cases-of-non-payment#primaryimage"},"thumbnailUrl":"https:\/\/alegria-realestate.com\/wp-content\/uploads\/2025\/12\/sanchez_ocupas.jpg","datePublished":"2025-12-03T08:58:14+00:00","dateModified":"2025-12-04T13:21:54+00:00","description":"Co n\u00e1vrh obsahuje: kompenzace za dlu\u017en\u00e9 n\u00e1jemn\u00e9, zrychlen\u00e9 \u0159\u00edzen\u00ed vyst\u011bhov\u00e1n\u00ed a mediaci, da\u0148ov\u00e9 pob\u00eddky a st\u00e1tn\u00ed z\u00e1ruky, krit\u00e9ria pro pronaj\u00edmatele a n\u00e1jemce, jak \u017e\u00e1dat a kdy maj\u00ed opat\u0159en\u00ed za\u010d\u00edt platit.","breadcrumb":{"@id":"https:\/\/alegria-realestate.com\/cs\/articles\/spanish-government-drafts-decree-to-support-landlords-in-cases-of-non-payment#breadcrumb"},"inLanguage":"cs","potentialAction":[{"@type":"ReadAction","target":[["https:\/\/alegria-realestate.com\/cs\/articles\/spanish-government-drafts-decree-to-support-landlords-in-cases-of-non-payment"]]}]},{"@type":"ImageObject","inLanguage":"cs","@id":"https:\/\/alegria-realestate.com\/cs\/articles\/spanish-government-drafts-decree-to-support-landlords-in-cases-of-non-payment#primaryimage","url":"https:\/\/alegria-realestate.com\/wp-content\/uploads\/2025\/12\/sanchez_ocupas.jpg","contentUrl":"https:\/\/alegria-realestate.com\/wp-content\/uploads\/2025\/12\/sanchez_ocupas.jpg","width":2000,"height":1333},{"@type":"BreadcrumbList","@id":"https:\/\/alegria-realestate.com\/cs\/articles\/spanish-government-drafts-decree-to-support-landlords-in-cases-of-non-payment#breadcrumb","itemListElement":[{"@type":"ListItem","position":1,"name":"\u0413\u043b\u0430\u0432\u043d\u0430\u044f \u0441\u0442\u0440\u0430\u043d\u0438\u0446\u0430","item":"https:\/\/alegria-realestate.com\/cs\/"},{"@type":"ListItem","position":2,"name":"\u041f\u0440\u0430\u0432\u0438\u0442\u0435\u043b\u044c\u0441\u0442\u0432\u043e \u0418\u0441\u043f\u0430\u043d\u0438\u0438 \u043f\u043e\u0434\u0433\u043e\u0442\u043e\u0432\u0438\u043b\u043e \u0443\u043a\u0430\u0437 \u043e \u043f\u043e\u043c\u043e\u0449\u0438 \u0430\u0440\u0435\u043d\u0434\u043e\u0434\u0430\u0442\u0435\u043b\u044f\u043c \u0432 \u0441\u043b\u0443\u0447\u0430\u0435 \u043d\u0435\u043f\u043b\u0430\u0442\u0435\u0436\u0435\u0439"}]},{"@type":"WebSite","@id":"https:\/\/alegria-realestate.com\/cs\/#website","url":"https:\/\/alegria-realestate.com\/cs\/","name":"Nemovitosti ve \u0160pan\u011blsku","description":"Nemovitosti ve \u0160pan\u011blsku: prodej ve v\u0161ech m\u011bstech \u2013 Torrevieja, Alicante, Benidorm a dal\u0161\u00ed. Pom\u016f\u017eeme v\u00e1m s koup\u00ed nemovitosti na Costa Blanca \u2013 secondhandov\u00e9 bydlen\u00ed i novostavby. Kompletn\u00ed vy\u0159\u00edzen\u00ed na kl\u00ed\u010d. Nemovitosti na Costa Blanca od 80 000 \u20ac.","publisher":{"@id":"https:\/\/alegria-realestate.com\/cs\/#organization"},"potentialAction":[{"@type":"SearchAction","target":{"@type":"EntryPoint","urlTemplate":"https:\/\/alegria-realestate.com\/cs\/?s={search_term_string}"},"query-input":{"@type":"PropertyValueSpecification","valueRequired":true,"valueName":"search_term_string"}}],"inLanguage":"cs"},{"@type":"Organization","@id":"https:\/\/alegria-realestate.com\/cs\/#organization","name":"Alegria Realestate","url":"https:\/\/alegria-realestate.com\/cs\/","logo":{"@type":"ImageObject","inLanguage":"cs","@id":"https:\/\/alegria-realestate.com\/cs\/#\/schema\/logo\/image\/","url":"https:\/\/alegria-realestate.com\/wp-content\/uploads\/2019\/08\/logo_alegria.png","contentUrl":"https:\/\/alegria-realestate.com\/wp-content\/uploads\/2019\/08\/logo_alegria.png","width":1600,"height":1403,"caption":"Alegria Realestate"},"image":{"@id":"https:\/\/alegria-realestate.com\/cs\/#\/schema\/logo\/image\/"},"sameAs":["https:\/\/www.facebook.com\/realestate.alegria","https:\/\/x.com\/alegriarealesta","https:\/\/www.instagram.com\/alegriadom\/","https:\/\/www.linkedin.com\/profile\/view?id=154965227","https:\/\/www.youtube.com\/user\/AlegriaRealEstate"]},{"@type":"Person","@id":"https:\/\/alegria-realestate.com\/#\/schema\/person\/d5f65cbf5d490b626f10bef994e91bde","name":"Irina"}]}},"_links":{"self":[{"href":"https:\/\/alegria-realestate.com\/cs\/wp-json\/wp\/v2\/posts\/1005055","targetHints":{"allow":["GET"]}}],"collection":[{"href":"https:\/\/alegria-realestate.com\/cs\/wp-json\/wp\/v2\/posts"}],"about":[{"href":"https:\/\/alegria-realestate.com\/cs\/wp-json\/wp\/v2\/types\/post"}],"author":[{"embeddable":true,"href":"https:\/\/alegria-realestate.com\/cs\/wp-json\/wp\/v2\/users\/34"}],"replies":[{"embeddable":true,"href":"https:\/\/alegria-realestate.com\/cs\/wp-json\/wp\/v2\/comments?post=1005055"}],"version-history":[{"count":1,"href":"https:\/\/alegria-realestate.com\/cs\/wp-json\/wp\/v2\/posts\/1005055\/revisions"}],"predecessor-version":[{"id":1007298,"href":"https:\/\/alegria-realestate.com\/cs\/wp-json\/wp\/v2\/posts\/1005055\/revisions\/1007298"}],"wp:featuredmedia":[{"embeddable":true,"href":"https:\/\/alegria-realestate.com\/cs\/wp-json\/wp\/v2\/media\/1005057"}],"wp:attachment":[{"href":"https:\/\/alegria-realestate.com\/cs\/wp-json\/wp\/v2\/media?parent=1005055"}],"wp:term":[{"taxonomy":"category","embeddable":true,"href":"https:\/\/alegria-realestate.com\/cs\/wp-json\/wp\/v2\/categories?post=1005055"},{"taxonomy":"post_tag","embeddable":true,"href":"https:\/\/alegria-realestate.com\/cs\/wp-json\/wp\/v2\/tags?post=1005055"}],"curies":[{"name":"wp","href":"https:\/\/api.w.org\/{rel}","templated":true}]}}