{"id":1025294,"date":"2025-12-23T22:26:12","date_gmt":"2025-12-23T19:26:12","guid":{"rendered":"https:\/\/alegria-realestate.com\/?p=1025294"},"modified":"2025-12-23T22:27:44","modified_gmt":"2025-12-23T19:27:44","slug":"best-christmas-markets-in-spain-2025","status":"publish","type":"post","link":"https:\/\/alegria-realestate.com\/cs\/articles\/best-christmas-markets-in-spain-2025","title":{"rendered":"Nejlepsi vanocni trhy ve Spanelsku v roce 2025"},"content":{"rendered":"<p><span style=\"font-weight: 400;\">Vanoce ve Spanelsku jsou oblibene a mnohymi ocekavane zimni svatky. Je tezke si je predstavit bez vanocnich trhu, ktere se konaji na mnoha mestskych namestich po cele zemi.<\/span><\/p>\n<p><span style=\"font-weight: 400;\">Historie vanocnich trhu ve Spanelsku a v Evrope saha az do stredoveku. Predpoklada se, ze tradice vznikla v germanskych zemich <\/span><span style=\"font-weight: 400;\">\u2013<\/span><span style=\"font-weight: 400;\"> na uzemi dnesniho Nemecka, Rakouska a Alsaska. V tech vzdalenych dobach slouzily trhy (nebo jarmarky) jako misto, kde se obyvatelum mest dalo zahrat v chladnych zimnich dnech. Dnes se tato <a href=\"https:\/\/alegria-realestate.com\/cs\/articles\/life-in-spain\/christmas-and-new-year-in-spain\">tradice<\/a> nejen zachovala, ale rozsirila se i do mnoha dalsich zemi, vcetne Spanelska. Zde se vanocni trhy staly neoddelitelnou soucasti svatecni atmosfery. Zartovne suvenyry, tradicni svatecni sladkosti, betlemy a figurky pro vanocni kompozice <\/span><span style=\"font-weight: 400;\">\u2013<\/span><span style=\"font-weight: 400;\"> to je to, bez ceho se neobejde zadny vanocni trh ve Spanelsku.<\/span><\/p>\n<p><span style=\"font-weight: 400;\">Na takovych trzich lze take casto narazit na zabavu pro deti. Kolotoce a dokonce i mensi rusk\u00e1 kola <\/span><span style=\"font-weight: 400;\">\u2013<\/span><span style=\"font-weight: 400;\"> jsou zde zcela bezna, stejne jako pohadkove zony, kde deti vitaji skritkove, dalsi kouzelne postavy a sam Santa Claus (ve Spanelsku <a href=\"https:\/\/alegria-realestate.com\/cs\/articles\/life-in-spain\/spanish-santa-claus-and-other-new-year-characters-in-spain\">mu rikaji Pap\u00e1 Noel<\/a>). Dospeli i deti maji z prochazek po vanocnich trzich obrovskou radost.<\/span><\/p>\n<p><span style=\"font-weight: 400;\">Zde je seznam nejlepsich vanocnich trhu ve Spanelsku v roce 2025!<\/span><\/p>\n<h2><span style=\"font-weight: 400;\">Trh na Plaza Mayor, Madrid<\/span><\/h2>\n<p><span style=\"font-weight: 400;\">Plaza Mayor je sama o sobe vyznamnym mistem hlavniho mesta a jednim z nejznamejsich namesti ve Spanelsku, ale v tomto obdobi se meni v neco vyjimecneho <\/span><span style=\"font-weight: 400;\">\u2013<\/span><span style=\"font-weight: 400;\"> prostor plny svatecni nalady, svetle radosti a ocekavani zazraku. Vanocni trh na Plaza Mayor neni jediny, ale je nejznamejsi a nejvetsi v Madridu. Kazdy rok pritahuje nejen mistni obyvatele, ale i mnoho turistu z celeho sveta.<\/span><\/p>\n<p><img loading=\"lazy\" decoding=\"async\" class=\"alignnone wp-image-1025302 size-full\" src=\"https:\/\/alegria-realestate.com\/wp-content\/uploads\/2025\/12\/plaza_mayor_madrid_2-min.jpg\" alt=\"Plaza Mayor, Madrid, vanocni trh\" width=\"2000\" height=\"1333\" srcset=\"https:\/\/alegria-realestate.com\/wp-content\/uploads\/2025\/12\/plaza_mayor_madrid_2-min.jpg 2000w, https:\/\/alegria-realestate.com\/wp-content\/uploads\/2025\/12\/plaza_mayor_madrid_2-min-300x200.jpg 300w, https:\/\/alegria-realestate.com\/wp-content\/uploads\/2025\/12\/plaza_mayor_madrid_2-min-1024x682.jpg 1024w, https:\/\/alegria-realestate.com\/wp-content\/uploads\/2025\/12\/plaza_mayor_madrid_2-min-768x512.jpg 768w, https:\/\/alegria-realestate.com\/wp-content\/uploads\/2025\/12\/plaza_mayor_madrid_2-min-1536x1024.jpg 1536w\" sizes=\"auto, (max-width: 2000px) 100vw, 2000px\" \/><\/p>\n<p><span style=\"font-weight: 400;\">Je to misto, kde vice nez stovka utulnych drevenych stanku praska ve svech od sladkosti, dekoraci do domova, figurek do betlemu, rucnich vyrobku, prskavek a petard, a take od nejruznejsich napadu na darky.<\/span><\/p>\n<ul>\n<li style=\"font-weight: 400;\" aria-level=\"1\"><span style=\"font-weight: 400;\">Oteviraci doba: od 27. listopadu do 31. prosince<\/span><\/li>\n<\/ul>\n<h2><span style=\"font-weight: 400;\">El Corte Ingles \u201eCastellana\u201c, Madrid<\/span><\/h2>\n<p><span style=\"font-weight: 400;\">El Corte Ingles de Castellana je dalsim ikonickym mistem vanocniho Madridu. Kazdy rok se zde kona vanocni jarmark, kde najdete ozdoby na stromek i do domova, prvky do betlemu a napady na darky. Jsou tu stanky venovane Disney a Lego, kde lze koupit zajimave darky pro deti. Za zvlastni zminku stoji gastronomicke domecky, kde se muzete obcerstvit necim dobrym nebo nakoupit delikatesy na domaci svatecni stul.<\/span><\/p>\n<ul>\n<li style=\"font-weight: 400;\" aria-level=\"1\"><span style=\"font-weight: 400;\">Oteviraci doba: od 13. listopadu do 5. ledna<\/span><\/li>\n<\/ul>\n<h2><span style=\"font-weight: 400;\">Santa Llucia, Barcelona<\/span><\/h2>\n<p><span style=\"font-weight: 400;\">La Fira de Santa Ll\u00facia je vanocni jarmark, ktery se kazdorocne kona v Goticke ctvrti pod zedmi nadherne katedraly. Je to jeden z nejstarsich jarmarku ve Spanelsku <\/span><span style=\"font-weight: 400;\">\u2013<\/span><span style=\"font-weight: 400;\"> kona se od roku 1786. A i kdyz ma mesto mnoho dalsich vanocnich trhu, prave tento je nejznamejsi a nejoblibenejsi.<\/span><\/p>\n<p><img loading=\"lazy\" decoding=\"async\" class=\"alignnone wp-image-1025297 size-full\" src=\"https:\/\/alegria-realestate.com\/wp-content\/uploads\/2025\/12\/feria_santa_lucia_barcelona-min.jpg\" alt=\"La Fira de Santa Ll\u00facia, Barcelona\" width=\"2000\" height=\"1335\" srcset=\"https:\/\/alegria-realestate.com\/wp-content\/uploads\/2025\/12\/feria_santa_lucia_barcelona-min.jpg 2000w, https:\/\/alegria-realestate.com\/wp-content\/uploads\/2025\/12\/feria_santa_lucia_barcelona-min-300x200.jpg 300w, https:\/\/alegria-realestate.com\/wp-content\/uploads\/2025\/12\/feria_santa_lucia_barcelona-min-1024x684.jpg 1024w, https:\/\/alegria-realestate.com\/wp-content\/uploads\/2025\/12\/feria_santa_lucia_barcelona-min-768x513.jpg 768w, https:\/\/alegria-realestate.com\/wp-content\/uploads\/2025\/12\/feria_santa_lucia_barcelona-min-1536x1025.jpg 1536w\" sizes=\"auto, (max-width: 2000px) 100vw, 2000px\" \/><\/p>\n<p><span style=\"font-weight: 400;\">Jednou ze zvlastnosti, ktera tento trh odlisuje od ostatnich ve Spanelsku, je to, ze krome betlemu, vanocnich stromku a dalsich svatecnich dekoraci je plny <\/span><i><span style=\"font-weight: 400;\">caganers<\/span><\/i> <span style=\"font-weight: 400;\">\u2013<\/span><span style=\"font-weight: 400;\"> typickych katalanskych figurek do betlemu znazornujicich \u201ekakajici\u201c postavy, a nejen lidi. Nedavno se rady <\/span><i><span style=\"font-weight: 400;\">caganers<\/span><\/i><span style=\"font-weight: 400;\"> rozsirily i o Labubu. Mezi figurkami najdete postavy vseho druhu, vcetne znamych politiku a umelcu. Areal jarmarku je rozdelen do nekolika casti: zona vanocnich stromku a vanocnich hvezd (poinsettii), sektor remesel a sektor venovany figurkam do betlemu, vcetne <\/span><i><span style=\"font-weight: 400;\">caganers<\/span><\/i><span style=\"font-weight: 400;\">. Zajimavou zvl\u00e1\u0161tnosti mistniho trhu je prodej <\/span><i><span style=\"font-weight: 400;\">Ti\u00f3 de Nadal<\/span><\/i> <span style=\"font-weight: 400;\">\u2013<\/span><span style=\"font-weight: 400;\"> dut\u00e9ho polena, symbolu hluboce zakorenenych venkovskych tradic. Poleno se pred svatky \u201ekrmi\u201c, aby se pripravilo na hlavni den roku. A na \u0160t\u011bdr\u00fd vecer, 24. prosince, za zpevu koled a lehkych ran hulkou poleno radostne \u201evydava\u201c darky pro celou rodinu.<\/span><\/p>\n<ul>\n<li style=\"font-weight: 400;\" aria-level=\"1\"><span style=\"font-weight: 400;\">Oteviraci doba: od 24. listopadu do 23. prosince<\/span><\/li>\n<\/ul>\n<h2><span style=\"font-weight: 400;\">Mesto umeni a ved, Valencie<\/span><\/h2>\n<p><span style=\"font-weight: 400;\">Na uzemi Ciudad de las Artes y las Ciencias se pred zimnimi svatky instaluje asi 60 drevenych domecku, kde si muzete koupit rucni vyrobky a svatecni zbozi. Vanocni trh ve Valencii se ale neomezuje jen na to: porad\u00e1 se zde take mnoho zajimavych akci a vanocne tematickych dilen pro deti, vcetne loutkovych predstaveni, cteni pohadek, soutezi v kresleni, puzzle, kolotoce, hlavolamu a mnoheho dalsiho.<\/span><\/p>\n<p><img loading=\"lazy\" decoding=\"async\" class=\"alignnone wp-image-1025296 size-full\" src=\"https:\/\/alegria-realestate.com\/wp-content\/uploads\/2025\/12\/ciudad_artes_ciencias_valencia-min.jpg\" alt=\"\" width=\"2000\" height=\"1333\" srcset=\"https:\/\/alegria-realestate.com\/wp-content\/uploads\/2025\/12\/ciudad_artes_ciencias_valencia-min.jpg 2000w, https:\/\/alegria-realestate.com\/wp-content\/uploads\/2025\/12\/ciudad_artes_ciencias_valencia-min-300x200.jpg 300w, https:\/\/alegria-realestate.com\/wp-content\/uploads\/2025\/12\/ciudad_artes_ciencias_valencia-min-1024x682.jpg 1024w, https:\/\/alegria-realestate.com\/wp-content\/uploads\/2025\/12\/ciudad_artes_ciencias_valencia-min-768x512.jpg 768w, https:\/\/alegria-realestate.com\/wp-content\/uploads\/2025\/12\/ciudad_artes_ciencias_valencia-min-1536x1024.jpg 1536w\" sizes=\"auto, (max-width: 2000px) 100vw, 2000px\" \/><\/p>\n<p><span style=\"font-weight: 400;\">Na trhu se take konaji dilny tradicnich remesel a sbiraji se dopisy s pranim darku pro Santa Clause a Tri kraly. A samozrejme nechyb\u00ed gastronomie a food trucky s velkym vyberem teplych i studenych dobrot.<\/span><\/p>\n<ul>\n<li style=\"font-weight: 400;\" aria-level=\"1\"><span style=\"font-weight: 400;\">Oteviraci doba: od 12. prosince do 6. ledna<\/span><\/li>\n<\/ul>\n<h2><span style=\"font-weight: 400;\">Remeslny jarmark, Sevilla<\/span><\/h2>\n<p><span style=\"font-weight: 400;\">Plaza Nueva v Seville, ktera se nachazi nedaleko katedraly, je mistem konani kazdorocniho vanocniho remeslneho jarmarku. Asi osmdesat drevenych domecku otevir\u00e1 sve okenice a dvere, aby nabidlo ruzne vanocni zbozi, sladkosti a rucne vyrobky: keramiku, figurky do betlemu, drevene hracky a mistni delikatesy. Pro deti je k dispozici zabavni zona. Oddelene jsou domecky, kde lze ochutnat typicka sevillska jidla.<\/span><\/p>\n<p><img loading=\"lazy\" decoding=\"async\" class=\"alignnone wp-image-1025300 size-full\" src=\"https:\/\/alegria-realestate.com\/wp-content\/uploads\/2025\/12\/mercadillo_sevilla-min.jpg\" alt=\"Vanocni trh, Sevilla\" width=\"2000\" height=\"1334\" srcset=\"https:\/\/alegria-realestate.com\/wp-content\/uploads\/2025\/12\/mercadillo_sevilla-min.jpg 2000w, https:\/\/alegria-realestate.com\/wp-content\/uploads\/2025\/12\/mercadillo_sevilla-min-300x200.jpg 300w, https:\/\/alegria-realestate.com\/wp-content\/uploads\/2025\/12\/mercadillo_sevilla-min-1024x683.jpg 1024w, https:\/\/alegria-realestate.com\/wp-content\/uploads\/2025\/12\/mercadillo_sevilla-min-768x512.jpg 768w, https:\/\/alegria-realestate.com\/wp-content\/uploads\/2025\/12\/mercadillo_sevilla-min-1536x1025.jpg 1536w\" sizes=\"auto, (max-width: 2000px) 100vw, 2000px\" \/><\/p>\n<ul>\n<li style=\"font-weight: 400;\" aria-level=\"1\"><span style=\"font-weight: 400;\">Oteviraci doba: od 8. listopadu do 23. prosince<\/span><\/li>\n<\/ul>\n<h2><b>Vanocni remeslny trh, Zaragoza<\/b><\/h2>\n<p><span style=\"font-weight: 400;\">Plaza del Pilar pred katedralou v Zaragoze se v predvanocnim obdobi meni nejen v misto konani tradicniho jarmarku, ale v plnohodnotny tematicky park. Krome ctyriceti kiosku s rucnimi vyrobky a svatecnim dekorem zde funguji taverny, organizuji se zony pro rodinnou zabavu a sve dvere otevira i Santova chaloupka.<\/span><\/p>\n<p><img loading=\"lazy\" decoding=\"async\" class=\"alignnone wp-image-1025299 size-full\" src=\"https:\/\/alegria-realestate.com\/wp-content\/uploads\/2025\/12\/mercadillo_navidad_zaragoza-min.jpg\" alt=\"Vanocni trh, Zaragoza\" width=\"2000\" height=\"972\" srcset=\"https:\/\/alegria-realestate.com\/wp-content\/uploads\/2025\/12\/mercadillo_navidad_zaragoza-min.jpg 2000w, https:\/\/alegria-realestate.com\/wp-content\/uploads\/2025\/12\/mercadillo_navidad_zaragoza-min-300x146.jpg 300w, https:\/\/alegria-realestate.com\/wp-content\/uploads\/2025\/12\/mercadillo_navidad_zaragoza-min-1024x498.jpg 1024w, https:\/\/alegria-realestate.com\/wp-content\/uploads\/2025\/12\/mercadillo_navidad_zaragoza-min-768x373.jpg 768w, https:\/\/alegria-realestate.com\/wp-content\/uploads\/2025\/12\/mercadillo_navidad_zaragoza-min-1536x746.jpg 1536w\" sizes=\"auto, (max-width: 2000px) 100vw, 2000px\" \/><\/p>\n<p><span style=\"font-weight: 400;\">Vanocni trh v Zaragoze je prosluly tim, ze se zde nachazi nejvetsi betlem ve Spanelsku: obrovska vanocni scena o rozloze pres 1 000 m2 se stovkou postav v zivotni velikosti. Take se zde instaluje Strom prani <\/span><span style=\"font-weight: 400;\">\u2013<\/span><span style=\"font-weight: 400;\"> velky dekorativni vanocni strom, na ktery si muze kdokoli povesit prani napsane na pohlednici nebo papirku.<\/span><\/p>\n<ul>\n<li style=\"font-weight: 400;\" aria-level=\"1\"><span style=\"font-weight: 400;\">Oteviraci doba: od 29. listopadu do 6. ledna<\/span><\/li>\n<\/ul>\n<h2><span style=\"font-weight: 400;\">Puerto Portals, Mallorca<\/span><\/h2>\n<p><span style=\"font-weight: 400;\">Vanocni jarmark na Mallorce se svym pojetim blizi stylu trhu ve stredni Evrope. Nabizi nejen ruzne svatecni produkty a stromky, ale i delikatesy a rucne vyrabene predmety.<\/span><\/p>\n<p><img loading=\"lazy\" decoding=\"async\" class=\"alignnone wp-image-1025305 size-full\" src=\"https:\/\/alegria-realestate.com\/wp-content\/uploads\/2025\/12\/puerto_portals_mayorca-min.jpg\" alt=\"Vanocni trh, Mallorca\" width=\"2000\" height=\"1578\" srcset=\"https:\/\/alegria-realestate.com\/wp-content\/uploads\/2025\/12\/puerto_portals_mayorca-min.jpg 2000w, https:\/\/alegria-realestate.com\/wp-content\/uploads\/2025\/12\/puerto_portals_mayorca-min-300x237.jpg 300w, https:\/\/alegria-realestate.com\/wp-content\/uploads\/2025\/12\/puerto_portals_mayorca-min-1024x808.jpg 1024w, https:\/\/alegria-realestate.com\/wp-content\/uploads\/2025\/12\/puerto_portals_mayorca-min-768x606.jpg 768w, https:\/\/alegria-realestate.com\/wp-content\/uploads\/2025\/12\/puerto_portals_mayorca-min-1536x1212.jpg 1536w\" sizes=\"auto, (max-width: 2000px) 100vw, 2000px\" \/><\/p>\n<p><span style=\"font-weight: 400;\">Kazdy rok program zahrnuje rozmanite kulturni akce a predstaveni: zivou hudbu, divadelni inscenace, detske dilny. Nechybi ani kluziste, ktere pomaha vytvorit skutecnou vanocni atmosferu.<\/span><\/p>\n<ul>\n<li style=\"font-weight: 400;\" aria-level=\"1\"><span style=\"font-weight: 400;\">Oteviraci doba: od 12. prosince do 6. ledna<\/span><\/li>\n<\/ul>\n<h2><span style=\"font-weight: 400;\">Plaza de Pombo, Santander<\/span><\/h2>\n<p><span style=\"font-weight: 400;\">Pred nekolika lety se vanocni trh v Santanderu konal na Plaza de las Farolas nebo v parku Pereda, ale pozdeji byl presunut na Plaza de Pombo. A v roce 2025 byste meli zamirit prave tam. Na jarmarku funguje asi ctyricet domecku, kde si muzete koupit ruzne rucni vyrobky (kuzi, keramiku, bizuterii, ozdoby), a take obleceni, plysove hracky a hracky vyrobene v Kantabrii. Krome toho se zde organizuji ruzne akce, divadelni predstaveni, losovani a koncerty.<\/span><\/p>\n<ul>\n<li style=\"font-weight: 400;\" aria-level=\"1\"><span style=\"font-weight: 400;\">Oteviraci doba: od 5. prosince do 6. ledna<\/span><\/li>\n<\/ul>\n<h2><span style=\"font-weight: 400;\">Rua Carreira do Conde, Santiago de Compostela<\/span><\/h2>\n<p><span style=\"font-weight: 400;\">Jako kazdy rok se na ulici Rua Carreira do Conde<\/span> <span style=\"font-weight: 400;\">kona velkolepy vanocni jarmark v Santiago de Compostela. Mistni obyvatele i turisty ceka pres sedmdesat stanku doslova praskajicich ve svech od gastronomickych delikates a rucnich vyrobku (sperku, drevenych vyrobku, keramiky, skla a kuze, hracek, textilu a originalnich autorskych darku).<\/span><\/p>\n<p><img loading=\"lazy\" decoding=\"async\" class=\"alignnone wp-image-1025306 size-full\" src=\"https:\/\/alegria-realestate.com\/wp-content\/uploads\/2025\/12\/santiago_2-min.jpg\" alt=\"Vanocni trh, Santiago de Compostela\" width=\"2000\" height=\"1435\" srcset=\"https:\/\/alegria-realestate.com\/wp-content\/uploads\/2025\/12\/santiago_2-min.jpg 2000w, https:\/\/alegria-realestate.com\/wp-content\/uploads\/2025\/12\/santiago_2-min-300x215.jpg 300w, https:\/\/alegria-realestate.com\/wp-content\/uploads\/2025\/12\/santiago_2-min-1024x735.jpg 1024w, https:\/\/alegria-realestate.com\/wp-content\/uploads\/2025\/12\/santiago_2-min-768x551.jpg 768w, https:\/\/alegria-realestate.com\/wp-content\/uploads\/2025\/12\/santiago_2-min-1536x1102.jpg 1536w\" sizes=\"auto, (max-width: 2000px) 100vw, 2000px\" \/><\/p>\n<p><span style=\"font-weight: 400;\">Vzdy se zde organizuje detska zona s dilnami pro nejmensi a take kreativni prostor pro starsi deti i dospele. Zadny rok se neobejde bez zajimaveho hudebniho a divadelniho programu.<\/span><\/p>\n<ul>\n<li style=\"font-weight: 400;\" aria-level=\"1\"><span style=\"font-weight: 400;\">Oteviraci doba: od 22. prosince do 5. ledna<\/span><\/li>\n<\/ul>\n<h2><span style=\"font-weight: 400;\">Muelle Uno, Malaga<\/span><\/h2>\n<p><span style=\"font-weight: 400;\">Pokud je ve Spanelsku mesto, ktere se v poslednich letech stalo hvezdou vanocni sezony, je to Malaga. Jeji vanocni jarmark Muelle Uno patri k nejnavstevovanejsim mistum behem svatecnich tydnu. Tento jarmark se tradicne radi mezi nejlepsi vanocni trhy v Evrope.<\/span><\/p>\n<p><img loading=\"lazy\" decoding=\"async\" class=\"alignnone wp-image-1025298 size-full\" src=\"https:\/\/alegria-realestate.com\/wp-content\/uploads\/2025\/12\/mercadillo_malaga-min.jpg\" alt=\"Vanocni trh, Malaga\" width=\"2000\" height=\"1326\" srcset=\"https:\/\/alegria-realestate.com\/wp-content\/uploads\/2025\/12\/mercadillo_malaga-min.jpg 2000w, https:\/\/alegria-realestate.com\/wp-content\/uploads\/2025\/12\/mercadillo_malaga-min-300x199.jpg 300w, https:\/\/alegria-realestate.com\/wp-content\/uploads\/2025\/12\/mercadillo_malaga-min-1024x679.jpg 1024w, https:\/\/alegria-realestate.com\/wp-content\/uploads\/2025\/12\/mercadillo_malaga-min-768x509.jpg 768w, https:\/\/alegria-realestate.com\/wp-content\/uploads\/2025\/12\/mercadillo_malaga-min-1536x1018.jpg 1536w\" sizes=\"auto, (max-width: 2000px) 100vw, 2000px\" \/><\/p>\n<p><span style=\"font-weight: 400;\">Kazde Vanoce sem prijizdi Santa Claus (loni si dokonce otevrel vlastni cokoladovnu <\/span><span style=\"font-weight: 400;\">\u2013<\/span><span style=\"font-weight: 400;\"> Chocoland) a areal se plni stanky s dekoracemi, typickymi mistnimi produkty a delikatesami, suvenyry, darky a jidlem.<\/span><\/p>\n<ul>\n<li style=\"font-weight: 400;\" aria-level=\"1\"><span style=\"font-weight: 400;\">Oteviraci doba: od 28. listopadu do 11. ledna<\/span><\/li>\n<\/ul>\n<p>Co dalsiho je ve Spanelsku v zime zajimave? Napriklad lyzarska strediska svetove urovne <span style=\"font-weight: 400;\">\u2013<\/span><span style=\"font-weight: 400;\"> psali jsme o nich v tomto clanku: <a href=\"https:\/\/alegria-realestate.com\/cs\/articles\/ski-resorts-in-spain-andorra-and-france\">Ly\u017ea\u0159sk\u00e1 st\u0159ediska ve \u0160pan\u011blsku, Ando\u0159e a Francii<\/a><\/span><\/p>\n<p>O tom, co se ve Spanelsku obvykle daruje na Vanoce, si prectete v clanku <a href=\"https:\/\/alegria-realestate.com\/cs\/articles\/new-year-gifts-in-spain\">Novoro\u010dn\u00ed d\u00e1rky ve \u0160pan\u011blsku<\/a><\/p>\n<p>Dalsi zajimava zimni udalost <span style=\"font-weight: 400;\">\u2013<\/span> <a href=\"https:\/\/alegria-realestate.com\/cs\/articles\/life-in-spain\/holiday-of-the-three-kings-in-spain-history-and-traditions\">Sv\u00e1tek T\u0159\u00ed kr\u00e1l\u016f ve \u0160pan\u011blsku: historie a tradice<\/a><\/p>","protected":false},"excerpt":{"rendered":"<p>Vanoce ve Spanelsku jsou oblibene a mnohymi ocekavane zimni\u2026<\/p>\n","protected":false},"author":34,"featured_media":1025302,"comment_status":"closed","ping_status":"closed","sticky":false,"template":"","format":"standard","meta":{"footnotes":""},"categories":[1,955],"tags":[],"class_list":["post-1025294","post","type-post","status-publish","format-standard","has-post-thumbnail","hentry","category-articles","category-holidays-in-spain"],"yoast_head":"<!-- This site is optimized with the Yoast SEO plugin v27.4 - https:\/\/yoast.com\/product\/yoast-seo-wordpress\/ -->\n<title>Nejlep\u0161\u00ed v\u00e1no\u010dn\u00ed trhy ve \u0160pan\u011blsku 2025<\/title>\n<meta name=\"description\" content=\"Pr\u016fvodce nejlep\u0161\u00edmi v\u00e1no\u010dn\u00edmi trhy \u0160pan\u011blska 2025: Madrid, Barcelona, Valencie, M\u00e1laga, Sevilla, Zaragoza, Mallorca a Santander \u2014 term\u00edny, atmosf\u00e9ra, co ochutnat a kde koupit d\u00e1rky.\" \/>\n<meta name=\"robots\" content=\"index, follow, max-snippet:-1, max-image-preview:large, max-video-preview:-1\" \/>\n<link rel=\"canonical\" href=\"https:\/\/alegria-realestate.com\/cs\/wp-json\/wp\/v2\/posts\/1025294\" \/>\n<meta property=\"og:locale\" content=\"cs_CZ\" \/>\n<meta property=\"og:type\" content=\"article\" \/>\n<meta property=\"og:title\" content=\"Nejlep\u0161\u00ed v\u00e1no\u010dn\u00ed trhy ve \u0160pan\u011blsku 2025\" \/>\n<meta property=\"og:description\" content=\"Pr\u016fvodce nejlep\u0161\u00edmi v\u00e1no\u010dn\u00edmi trhy \u0160pan\u011blska 2025: Madrid, Barcelona, Valencie, M\u00e1laga, Sevilla, Zaragoza, Mallorca a Santander \u2014 term\u00edny, atmosf\u00e9ra, co ochutnat a kde koupit d\u00e1rky.\" \/>\n<meta property=\"og:url\" content=\"https:\/\/alegria-realestate.com\/cs\/wp-json\/wp\/v2\/posts\/1025294\" \/>\n<meta property=\"og:site_name\" content=\"Nemovitosti ve \u0160pan\u011blsku\" \/>\n<meta property=\"article:publisher\" content=\"https:\/\/www.facebook.com\/realestate.alegria\" \/>\n<meta property=\"article:published_time\" content=\"2025-12-23T19:26:12+00:00\" \/>\n<meta property=\"article:modified_time\" content=\"2025-12-23T19:27:44+00:00\" \/>\n<meta property=\"og:image\" content=\"https:\/\/alegria-realestate.com\/wp-content\/uploads\/2025\/12\/plaza_mayor_madrid_2-min.jpg\" \/>\n\t<meta property=\"og:image:width\" content=\"2000\" \/>\n\t<meta property=\"og:image:height\" content=\"1333\" \/>\n\t<meta property=\"og:image:type\" content=\"image\/jpeg\" \/>\n<meta name=\"author\" content=\"Irina\" \/>\n<meta name=\"twitter:card\" content=\"summary_large_image\" \/>\n<meta name=\"twitter:creator\" content=\"@alegriarealesta\" \/>\n<meta name=\"twitter:site\" content=\"@alegriarealesta\" \/>\n<script type=\"application\/ld+json\" class=\"yoast-schema-graph\">{\"@context\":\"https:\\\/\\\/schema.org\",\"@graph\":[{\"@type\":\"Article\",\"@id\":\"https:\\\/\\\/alegria-realestate.com\\\/articles\\\/best-christmas-markets-in-spain-2025#article\",\"isPartOf\":{\"@id\":\"https:\\\/\\\/alegria-realestate.com\\\/articles\\\/best-christmas-markets-in-spain-2025\"},\"author\":{\"name\":\"Irina\",\"@id\":\"https:\\\/\\\/alegria-realestate.com\\\/#\\\/schema\\\/person\\\/d5f65cbf5d490b626f10bef994e91bde\"},\"headline\":\"Nejlepsi vanocni trhy ve Spanelsku v roce 2025\",\"datePublished\":\"2025-12-23T19:26:12+00:00\",\"dateModified\":\"2025-12-23T19:27:44+00:00\",\"mainEntityOfPage\":{\"@id\":\"https:\\\/\\\/alegria-realestate.com\\\/articles\\\/best-christmas-markets-in-spain-2025\"},\"wordCount\":13671,\"publisher\":{\"@id\":\"https:\\\/\\\/alegria-realestate.com\\\/#organization\"},\"image\":{\"@id\":\"https:\\\/\\\/alegria-realestate.com\\\/articles\\\/best-christmas-markets-in-spain-2025#primaryimage\"},\"thumbnailUrl\":\"https:\\\/\\\/alegria-realestate.com\\\/wp-content\\\/uploads\\\/2025\\\/12\\\/plaza_mayor_madrid_2-min.jpg\",\"articleSection\":[\"Blog\",\"Voln\u00fd \u010das, turistika, z\u00e1bava, sv\u00e1tky\"],\"inLanguage\":\"cs\"},{\"@type\":\"WebPage\",\"@id\":\"https:\\\/\\\/alegria-realestate.com\\\/cs\\\/articles\\\/best-christmas-markets-in-spain-2025\",\"url\":\"https:\\\/\\\/alegria-realestate.com\\\/cs\\\/articles\\\/best-christmas-markets-in-spain-2025\",\"name\":\"Nejlep\u0161\u00ed v\u00e1no\u010dn\u00ed trhy ve \u0160pan\u011blsku 2025\",\"isPartOf\":{\"@id\":\"https:\\\/\\\/alegria-realestate.com\\\/cs\\\/#website\"},\"primaryImageOfPage\":{\"@id\":\"https:\\\/\\\/alegria-realestate.com\\\/cs\\\/articles\\\/best-christmas-markets-in-spain-2025#primaryimage\"},\"image\":{\"@id\":\"https:\\\/\\\/alegria-realestate.com\\\/articles\\\/best-christmas-markets-in-spain-2025#primaryimage\"},\"thumbnailUrl\":\"https:\\\/\\\/alegria-realestate.com\\\/wp-content\\\/uploads\\\/2025\\\/12\\\/plaza_mayor_madrid_2-min.jpg\",\"datePublished\":\"2025-12-23T19:26:12+00:00\",\"dateModified\":\"2025-12-23T19:27:44+00:00\",\"description\":\"Pr\u016fvodce nejlep\u0161\u00edmi v\u00e1no\u010dn\u00edmi trhy \u0160pan\u011blska 2025: Madrid, Barcelona, Valencie, M\u00e1laga, Sevilla, Zaragoza, Mallorca a Santander \u2014 term\u00edny, atmosf\u00e9ra, co ochutnat a kde koupit d\u00e1rky.\",\"breadcrumb\":{\"@id\":\"https:\\\/\\\/alegria-realestate.com\\\/cs\\\/articles\\\/best-christmas-markets-in-spain-2025#breadcrumb\"},\"inLanguage\":\"cs\",\"potentialAction\":[{\"@type\":\"ReadAction\",\"target\":[[\"https:\\\/\\\/alegria-realestate.com\\\/cs\\\/articles\\\/best-christmas-markets-in-spain-2025\"]]}]},{\"@type\":\"ImageObject\",\"inLanguage\":\"cs\",\"@id\":\"https:\\\/\\\/alegria-realestate.com\\\/cs\\\/articles\\\/best-christmas-markets-in-spain-2025#primaryimage\",\"url\":\"https:\\\/\\\/alegria-realestate.com\\\/wp-content\\\/uploads\\\/2025\\\/12\\\/plaza_mayor_madrid_2-min.jpg\",\"contentUrl\":\"https:\\\/\\\/alegria-realestate.com\\\/wp-content\\\/uploads\\\/2025\\\/12\\\/plaza_mayor_madrid_2-min.jpg\",\"width\":2000,\"height\":1333,\"caption\":\"Plaza Mayor, Madrid, mercadillo de Navidad\"},{\"@type\":\"BreadcrumbList\",\"@id\":\"https:\\\/\\\/alegria-realestate.com\\\/cs\\\/articles\\\/best-christmas-markets-in-spain-2025#breadcrumb\",\"itemListElement\":[{\"@type\":\"ListItem\",\"position\":1,\"name\":\"\u0413\u043b\u0430\u0432\u043d\u0430\u044f \u0441\u0442\u0440\u0430\u043d\u0438\u0446\u0430\",\"item\":\"https:\\\/\\\/alegria-realestate.com\\\/cs\\\/\"},{\"@type\":\"ListItem\",\"position\":2,\"name\":\"\u041b\u0443\u0447\u0448\u0438\u0435 \u0440\u043e\u0436\u0434\u0435\u0441\u0442\u0432\u0435\u043d\u0441\u043a\u0438\u0435 \u0440\u044b\u043d\u043a\u0438 \u0418\u0441\u043f\u0430\u043d\u0438\u0438 \u0432 2025 \u0433\u043e\u0434\u0443\"}]},{\"@type\":\"WebSite\",\"@id\":\"https:\\\/\\\/alegria-realestate.com\\\/cs\\\/#website\",\"url\":\"https:\\\/\\\/alegria-realestate.com\\\/cs\\\/\",\"name\":\"Nemovitosti ve \u0160pan\u011blsku\",\"description\":\"Nemovitosti ve \u0160pan\u011blsku: prodej ve v\u0161ech m\u011bstech \u2013 Torrevieja, Alicante, Benidorm a dal\u0161\u00ed. Pom\u016f\u017eeme v\u00e1m s koup\u00ed nemovitosti na Costa Blanca \u2013 secondhandov\u00e9 bydlen\u00ed i novostavby. Kompletn\u00ed vy\u0159\u00edzen\u00ed na kl\u00ed\u010d. Nemovitosti na Costa Blanca od 80 000 \u20ac.\",\"publisher\":{\"@id\":\"https:\\\/\\\/alegria-realestate.com\\\/cs\\\/#organization\"},\"potentialAction\":[{\"@type\":\"SearchAction\",\"target\":{\"@type\":\"EntryPoint\",\"urlTemplate\":\"https:\\\/\\\/alegria-realestate.com\\\/cs\\\/?s={search_term_string}\"},\"query-input\":{\"@type\":\"PropertyValueSpecification\",\"valueRequired\":true,\"valueName\":\"search_term_string\"}}],\"inLanguage\":\"cs\"},{\"@type\":\"Organization\",\"@id\":\"https:\\\/\\\/alegria-realestate.com\\\/cs\\\/#organization\",\"name\":\"Alegria Realestate\",\"url\":\"https:\\\/\\\/alegria-realestate.com\\\/cs\\\/\",\"logo\":{\"@type\":\"ImageObject\",\"inLanguage\":\"cs\",\"@id\":\"https:\\\/\\\/alegria-realestate.com\\\/cs\\\/#\\\/schema\\\/logo\\\/image\\\/\",\"url\":\"https:\\\/\\\/alegria-realestate.com\\\/wp-content\\\/uploads\\\/2019\\\/08\\\/logo_alegria.png\",\"contentUrl\":\"https:\\\/\\\/alegria-realestate.com\\\/wp-content\\\/uploads\\\/2019\\\/08\\\/logo_alegria.png\",\"width\":1600,\"height\":1403,\"caption\":\"Alegria Realestate\"},\"image\":{\"@id\":\"https:\\\/\\\/alegria-realestate.com\\\/cs\\\/#\\\/schema\\\/logo\\\/image\\\/\"},\"sameAs\":[\"https:\\\/\\\/www.facebook.com\\\/realestate.alegria\",\"https:\\\/\\\/x.com\\\/alegriarealesta\",\"https:\\\/\\\/www.instagram.com\\\/alegriadom\\\/\",\"https:\\\/\\\/www.linkedin.com\\\/profile\\\/view?id=154965227\",\"https:\\\/\\\/www.youtube.com\\\/user\\\/AlegriaRealEstate\"]},{\"@type\":\"Person\",\"@id\":\"https:\\\/\\\/alegria-realestate.com\\\/#\\\/schema\\\/person\\\/d5f65cbf5d490b626f10bef994e91bde\",\"name\":\"Irina\"}]}<\/script>\n<!-- \/ Yoast SEO plugin. -->","yoast_head_json":{"title":"Nejlep\u0161\u00ed v\u00e1no\u010dn\u00ed trhy ve \u0160pan\u011blsku 2025","description":"Pr\u016fvodce nejlep\u0161\u00edmi v\u00e1no\u010dn\u00edmi trhy \u0160pan\u011blska 2025: Madrid, Barcelona, Valencie, M\u00e1laga, Sevilla, Zaragoza, Mallorca a Santander \u2014 term\u00edny, atmosf\u00e9ra, co ochutnat a kde koupit d\u00e1rky.","robots":{"index":"index","follow":"follow","max-snippet":"max-snippet:-1","max-image-preview":"max-image-preview:large","max-video-preview":"max-video-preview:-1"},"canonical":"https:\/\/alegria-realestate.com\/cs\/wp-json\/wp\/v2\/posts\/1025294","og_locale":"cs_CZ","og_type":"article","og_title":"Nejlep\u0161\u00ed v\u00e1no\u010dn\u00ed trhy ve \u0160pan\u011blsku 2025","og_description":"Pr\u016fvodce nejlep\u0161\u00edmi v\u00e1no\u010dn\u00edmi trhy \u0160pan\u011blska 2025: Madrid, Barcelona, Valencie, M\u00e1laga, Sevilla, Zaragoza, Mallorca a Santander \u2014 term\u00edny, atmosf\u00e9ra, co ochutnat a kde koupit d\u00e1rky.","og_url":"https:\/\/alegria-realestate.com\/cs\/wp-json\/wp\/v2\/posts\/1025294","og_site_name":"Nemovitosti ve \u0160pan\u011blsku","article_publisher":"https:\/\/www.facebook.com\/realestate.alegria","article_published_time":"2025-12-23T19:26:12+00:00","article_modified_time":"2025-12-23T19:27:44+00:00","og_image":[{"width":2000,"height":1333,"url":"https:\/\/alegria-realestate.com\/wp-content\/uploads\/2025\/12\/plaza_mayor_madrid_2-min.jpg","type":"image\/jpeg"}],"author":"Irina","twitter_card":"summary_large_image","twitter_creator":"@alegriarealesta","twitter_site":"@alegriarealesta","schema":{"@context":"https:\/\/schema.org","@graph":[{"@type":"Article","@id":"https:\/\/alegria-realestate.com\/articles\/best-christmas-markets-in-spain-2025#article","isPartOf":{"@id":"https:\/\/alegria-realestate.com\/articles\/best-christmas-markets-in-spain-2025"},"author":{"name":"Irina","@id":"https:\/\/alegria-realestate.com\/#\/schema\/person\/d5f65cbf5d490b626f10bef994e91bde"},"headline":"Nejlepsi vanocni trhy ve Spanelsku v roce 2025","datePublished":"2025-12-23T19:26:12+00:00","dateModified":"2025-12-23T19:27:44+00:00","mainEntityOfPage":{"@id":"https:\/\/alegria-realestate.com\/articles\/best-christmas-markets-in-spain-2025"},"wordCount":13671,"publisher":{"@id":"https:\/\/alegria-realestate.com\/#organization"},"image":{"@id":"https:\/\/alegria-realestate.com\/articles\/best-christmas-markets-in-spain-2025#primaryimage"},"thumbnailUrl":"https:\/\/alegria-realestate.com\/wp-content\/uploads\/2025\/12\/plaza_mayor_madrid_2-min.jpg","articleSection":["Blog","Voln\u00fd \u010das, turistika, z\u00e1bava, sv\u00e1tky"],"inLanguage":"cs"},{"@type":"WebPage","@id":"https:\/\/alegria-realestate.com\/cs\/articles\/best-christmas-markets-in-spain-2025","url":"https:\/\/alegria-realestate.com\/cs\/articles\/best-christmas-markets-in-spain-2025","name":"Nejlep\u0161\u00ed v\u00e1no\u010dn\u00ed trhy ve \u0160pan\u011blsku 2025","isPartOf":{"@id":"https:\/\/alegria-realestate.com\/cs\/#website"},"primaryImageOfPage":{"@id":"https:\/\/alegria-realestate.com\/cs\/articles\/best-christmas-markets-in-spain-2025#primaryimage"},"image":{"@id":"https:\/\/alegria-realestate.com\/articles\/best-christmas-markets-in-spain-2025#primaryimage"},"thumbnailUrl":"https:\/\/alegria-realestate.com\/wp-content\/uploads\/2025\/12\/plaza_mayor_madrid_2-min.jpg","datePublished":"2025-12-23T19:26:12+00:00","dateModified":"2025-12-23T19:27:44+00:00","description":"Pr\u016fvodce nejlep\u0161\u00edmi v\u00e1no\u010dn\u00edmi trhy \u0160pan\u011blska 2025: Madrid, Barcelona, Valencie, M\u00e1laga, Sevilla, Zaragoza, Mallorca a Santander \u2014 term\u00edny, atmosf\u00e9ra, co ochutnat a kde koupit d\u00e1rky.","breadcrumb":{"@id":"https:\/\/alegria-realestate.com\/cs\/articles\/best-christmas-markets-in-spain-2025#breadcrumb"},"inLanguage":"cs","potentialAction":[{"@type":"ReadAction","target":[["https:\/\/alegria-realestate.com\/cs\/articles\/best-christmas-markets-in-spain-2025"]]}]},{"@type":"ImageObject","inLanguage":"cs","@id":"https:\/\/alegria-realestate.com\/cs\/articles\/best-christmas-markets-in-spain-2025#primaryimage","url":"https:\/\/alegria-realestate.com\/wp-content\/uploads\/2025\/12\/plaza_mayor_madrid_2-min.jpg","contentUrl":"https:\/\/alegria-realestate.com\/wp-content\/uploads\/2025\/12\/plaza_mayor_madrid_2-min.jpg","width":2000,"height":1333,"caption":"Plaza Mayor, Madrid, mercadillo de Navidad"},{"@type":"BreadcrumbList","@id":"https:\/\/alegria-realestate.com\/cs\/articles\/best-christmas-markets-in-spain-2025#breadcrumb","itemListElement":[{"@type":"ListItem","position":1,"name":"\u0413\u043b\u0430\u0432\u043d\u0430\u044f \u0441\u0442\u0440\u0430\u043d\u0438\u0446\u0430","item":"https:\/\/alegria-realestate.com\/cs\/"},{"@type":"ListItem","position":2,"name":"\u041b\u0443\u0447\u0448\u0438\u0435 \u0440\u043e\u0436\u0434\u0435\u0441\u0442\u0432\u0435\u043d\u0441\u043a\u0438\u0435 \u0440\u044b\u043d\u043a\u0438 \u0418\u0441\u043f\u0430\u043d\u0438\u0438 \u0432 2025 \u0433\u043e\u0434\u0443"}]},{"@type":"WebSite","@id":"https:\/\/alegria-realestate.com\/cs\/#website","url":"https:\/\/alegria-realestate.com\/cs\/","name":"Nemovitosti ve \u0160pan\u011blsku","description":"Nemovitosti ve \u0160pan\u011blsku: prodej ve v\u0161ech m\u011bstech \u2013 Torrevieja, Alicante, Benidorm a dal\u0161\u00ed. Pom\u016f\u017eeme v\u00e1m s koup\u00ed nemovitosti na Costa Blanca \u2013 secondhandov\u00e9 bydlen\u00ed i novostavby. Kompletn\u00ed vy\u0159\u00edzen\u00ed na kl\u00ed\u010d. Nemovitosti na Costa Blanca od 80 000 \u20ac.","publisher":{"@id":"https:\/\/alegria-realestate.com\/cs\/#organization"},"potentialAction":[{"@type":"SearchAction","target":{"@type":"EntryPoint","urlTemplate":"https:\/\/alegria-realestate.com\/cs\/?s={search_term_string}"},"query-input":{"@type":"PropertyValueSpecification","valueRequired":true,"valueName":"search_term_string"}}],"inLanguage":"cs"},{"@type":"Organization","@id":"https:\/\/alegria-realestate.com\/cs\/#organization","name":"Alegria Realestate","url":"https:\/\/alegria-realestate.com\/cs\/","logo":{"@type":"ImageObject","inLanguage":"cs","@id":"https:\/\/alegria-realestate.com\/cs\/#\/schema\/logo\/image\/","url":"https:\/\/alegria-realestate.com\/wp-content\/uploads\/2019\/08\/logo_alegria.png","contentUrl":"https:\/\/alegria-realestate.com\/wp-content\/uploads\/2019\/08\/logo_alegria.png","width":1600,"height":1403,"caption":"Alegria Realestate"},"image":{"@id":"https:\/\/alegria-realestate.com\/cs\/#\/schema\/logo\/image\/"},"sameAs":["https:\/\/www.facebook.com\/realestate.alegria","https:\/\/x.com\/alegriarealesta","https:\/\/www.instagram.com\/alegriadom\/","https:\/\/www.linkedin.com\/profile\/view?id=154965227","https:\/\/www.youtube.com\/user\/AlegriaRealEstate"]},{"@type":"Person","@id":"https:\/\/alegria-realestate.com\/#\/schema\/person\/d5f65cbf5d490b626f10bef994e91bde","name":"Irina"}]}},"_links":{"self":[{"href":"https:\/\/alegria-realestate.com\/cs\/wp-json\/wp\/v2\/posts\/1025294","targetHints":{"allow":["GET"]}}],"collection":[{"href":"https:\/\/alegria-realestate.com\/cs\/wp-json\/wp\/v2\/posts"}],"about":[{"href":"https:\/\/alegria-realestate.com\/cs\/wp-json\/wp\/v2\/types\/post"}],"author":[{"embeddable":true,"href":"https:\/\/alegria-realestate.com\/cs\/wp-json\/wp\/v2\/users\/34"}],"replies":[{"embeddable":true,"href":"https:\/\/alegria-realestate.com\/cs\/wp-json\/wp\/v2\/comments?post=1025294"}],"version-history":[{"count":2,"href":"https:\/\/alegria-realestate.com\/cs\/wp-json\/wp\/v2\/posts\/1025294\/revisions"}],"predecessor-version":[{"id":1025318,"href":"https:\/\/alegria-realestate.com\/cs\/wp-json\/wp\/v2\/posts\/1025294\/revisions\/1025318"}],"wp:featuredmedia":[{"embeddable":true,"href":"https:\/\/alegria-realestate.com\/cs\/wp-json\/wp\/v2\/media\/1025302"}],"wp:attachment":[{"href":"https:\/\/alegria-realestate.com\/cs\/wp-json\/wp\/v2\/media?parent=1025294"}],"wp:term":[{"taxonomy":"category","embeddable":true,"href":"https:\/\/alegria-realestate.com\/cs\/wp-json\/wp\/v2\/categories?post=1025294"},{"taxonomy":"post_tag","embeddable":true,"href":"https:\/\/alegria-realestate.com\/cs\/wp-json\/wp\/v2\/tags?post=1025294"}],"curies":[{"name":"wp","href":"https:\/\/api.w.org\/{rel}","templated":true}]}}