{"id":11351,"date":"2016-07-07T00:51:54","date_gmt":"2016-07-06T21:51:54","guid":{"rendered":"https:\/\/alegria-realestate.com\/?p=11351"},"modified":"2025-08-14T19:39:49","modified_gmt":"2025-08-14T16:39:49","slug":"the-night-of-habaneras-on-the-beach-in-torrevieja","status":"publish","type":"post","link":"https:\/\/alegria-realestate.com\/cs\/articles\/the-night-of-habaneras-on-the-beach-in-torrevieja","title":{"rendered":"Habaneras Night na pl\u00e1\u017ei v Torrevieja"},"content":{"rendered":"<p>V p\u00e1tek 8. \u010dervence v r\u00e1mci 24. ro\u010dn\u00edku festivalu \u201eNoche de Habaneras en la Playa\u201c na v\u00e1s vystoup\u00ed: vok\u00e1ln\u00ed soubor \u201eCantus Colorus\u201c, skupina \u201eBrea y Sal\u201c a tak\u00e9 p\u011bveck\u00e9 sbory \u201eel Coro Cecilio Gallego\u201c, \u201eel Coro Nuevo\u201c, Amanecer de Juventila Belleja \u201eCorla Torrelamata\u201c, \u201eCorla Torrelamata\u201c. P\u0159edseda Mezin\u00e1rodn\u00ed rady Habaneras a polyfonie v Torrevieji (Patronato del Certamen Internacional de Habaneras y Polifon\u00eda de Torrevieja) zve v\u0161echny milovn\u00edky tradi\u010dn\u00ed hudby z magistr\u00e1tu na pl\u00e1\u017e la Playa del Cura, kde se ve 22:30 uskute\u010dn\u00ed 24. ro\u010dn\u00edk festivalu \u201eNoche de Habaneras en la Playa\u201c. <div class=\"container mb-5\"><div class=\"popup_cons row\"><img decoding=\"async\" src=\"https:\/\/alegria-realestate.com\/wp-content\/uploads\/2019\/12\/7.png\"><span class=\"popup_cons_title\">\u041f\u043e\u0434\u0431\u0435\u0440\u0435\u043c \u0430\u043f\u0430\u0440\u0442\u0430\u043c\u0435\u043d\u0442\u044b \u0434\u043b\u044f \u043e\u0442\u0434\u044b\u0445\u0430 \u0432 \u0418\u0441\u043f\u0430\u043d\u0438\u0438<\/span><span class=\"popup_cons_subtitle\">\u0423\u0441\u043b\u0443\u0433\u0430 \u043f\u043e \u043f\u043e\u0434\u0431\u043e\u0440\u0443 \u043d\u0435\u0434\u0432\u0438\u0436\u0438\u043c\u043e\u0441\u0442\u0438 \u0432 \u0418\u0441\u043f\u0430\u043d\u0438\u0438 \u0432 \u0433\u043e\u0440\u043e\u0434\u0430\u0445 \u041a\u043e\u0441\u0442\u0430-\u0411\u043b\u0430\u043d\u043a\u0438: \u0422\u043e\u0440\u0440\u0435\u0432\u044c\u0435\u0445\u0435, \u0410\u043b\u0438\u043a\u0430\u043d\u0442\u0435, \u0411\u0435\u043d\u0438\u0434\u043e\u0440\u043c\u0435 \u0438 \u0434\u0440. \u041c\u044b \u043f\u043e\u0434\u0431\u0435\u0440\u0435\u043c \u043e\u0431\u044a\u0435\u043a\u0442\u044b \u043d\u0435\u0434\u0432\u0438\u0436\u0438\u043c\u043e\u0441\u0442\u0438 \u043f\u043e \u0432\u0430\u0448\u0438\u043c \u043a\u0440\u0438\u0442\u0435\u0440\u0438\u044f\u043c \u0438 \u043e\u0440\u0433\u0430\u043d\u0438\u0437\u0443\u0435\u043c \u043f\u0440\u043e\u0441\u043c\u043e\u0442\u0440\u044b.<\/span><div class=\"btn-block\"><a href=\"https:\/\/alegria-realestate.com\/cs\/service\/rent-apartment-in-spain\" class=\"black-btn inversion\">z\u00edskat poradenstv\u00ed<\/a><\/div><\/div><\/div> \u201eP\u0159ed 24 lety si tuto akci u\u017eili obyvatel\u00e9 m\u011bsta, kte\u0159\u00ed ct\u00ed m\u00edstn\u00ed tradice. &quot;A skute\u010dn\u011b, Habaneras je magick\u00e1 hudba,&quot; \u0159ekl Soler. \u201eFestival spojuje p\u0159\u00e1tele a zn\u00e1m\u00e9, cel\u00e9 rodiny na mo\u0159sk\u00e9m pob\u0159e\u017e\u00ed, aby pove\u010de\u0159eli, u\u017eili si skv\u011blou hudbu a zp\u011bv a sd\u00edleli tyto \u0161\u0165astn\u00e9 chv\u00edle s t\u011bmi nejbli\u017e\u0161\u00edmi,\u201c pokra\u010doval. Letos se na festivalov\u00e9m p\u00f3diu p\u0159edstav\u00ed 6 skupin z Torrevieje, kter\u00e9 p\u0159edvedou nejzn\u00e1m\u011bj\u0161\u00ed kousky Habaneras: \u201eTorrevieja\u201c, \u201eLa dulce habanera\u201c, \u201eLa Bella Lola\u201c a tak\u00e9 pro tento ve\u010der oblig\u00e1tn\u00ed \u201eA mi a\u00f1oransa\u201c. Domingo Soler tak\u00e9 \u0159ekl, \u017ee jeho t\u00fdm d\u011bl\u00e1 v\u0161e pro propagaci festivalu Torrevieja \u201ena sv\u011btov\u00e9 sc\u00e9n\u011b\u201c. Letos bylo nato\u010deno speci\u00e1ln\u00ed video pro distribuci na internetu a v pl\u00e1nu je velk\u00e1 kampa\u0148 na soci\u00e1ln\u00edch s\u00edt\u00edch. &quot;Vyv\u00e1\u017e\u00edme na\u0161i kulturu,&quot; uzav\u0159el. Zdroj: <a href=\"https:\/\/vtorrevieje.com\">vtorrevieje.com<\/a><\/p>","protected":false},"excerpt":{"rendered":"<p>V p\u00e1tek 8. \u010dervence v r\u00e1mci 24. ro\u010dn\u00edku festivalu\u2026<\/p>\n","protected":false},"author":1,"featured_media":11352,"comment_status":"closed","ping_status":"closed","sticky":false,"template":"","format":"standard","meta":{"footnotes":""},"categories":[1,15],"tags":[],"class_list":["post-11351","post","type-post","status-publish","format-standard","has-post-thumbnail","hentry","category-articles","category-news"],"yoast_head":"<!-- This site is optimized with the Yoast SEO plugin v27.5 - https:\/\/yoast.com\/product\/yoast-seo-wordpress\/ -->\n<title>Habaneras Night na pl\u00e1\u017ei v Torrevieja<\/title>\n<meta name=\"robots\" content=\"index, follow, max-snippet:-1, max-image-preview:large, max-video-preview:-1\" \/>\n<link rel=\"canonical\" href=\"https:\/\/alegria-realestate.com\/cs\/wp-json\/wp\/v2\/posts\/11351\" \/>\n<meta property=\"og:locale\" content=\"cs_CZ\" \/>\n<meta property=\"og:type\" content=\"article\" \/>\n<meta property=\"og:title\" content=\"Habaneras Night na pl\u00e1\u017ei v Torrevieja\" \/>\n<meta property=\"og:description\" content=\"V p\u00e1tek 8. \u010dervence v r\u00e1mci 24. ro\u010dn\u00edku festivalu\u2026\" \/>\n<meta property=\"og:url\" content=\"https:\/\/alegria-realestate.com\/cs\/wp-json\/wp\/v2\/posts\/11351\" \/>\n<meta property=\"og:site_name\" content=\"Nemovitosti ve \u0160pan\u011blsku\" \/>\n<meta property=\"article:publisher\" content=\"https:\/\/www.facebook.com\/realestate.alegria\" \/>\n<meta property=\"article:published_time\" content=\"2016-07-06T21:51:54+00:00\" \/>\n<meta property=\"article:modified_time\" content=\"2025-08-14T16:39:49+00:00\" \/>\n<meta property=\"og:image\" content=\"https:\/\/alegria-realestate.com\/wp-content\/uploads\/2019\/02\/Noche-de-Habaneras-en-la-Playa.jpg\" \/>\n\t<meta property=\"og:image:width\" content=\"1200\" \/>\n\t<meta property=\"og:image:height\" content=\"803\" \/>\n\t<meta property=\"og:image:type\" content=\"image\/jpeg\" \/>\n<meta name=\"author\" content=\"stass\" \/>\n<meta name=\"twitter:card\" content=\"summary_large_image\" \/>\n<meta name=\"twitter:creator\" content=\"@alegriarealesta\" \/>\n<meta name=\"twitter:site\" content=\"@alegriarealesta\" \/>\n<script type=\"application\/ld+json\" class=\"yoast-schema-graph\">{\"@context\":\"https:\\\/\\\/schema.org\",\"@graph\":[{\"@type\":\"Article\",\"@id\":\"https:\\\/\\\/alegria-realestate.com\\\/cs\\\/articles\\\/the-night-of-habaneras-on-the-beach-in-torrevieja#article\",\"isPartOf\":{\"@id\":\"https:\\\/\\\/alegria-realestate.com\\\/cs\\\/articles\\\/the-night-of-habaneras-on-the-beach-in-torrevieja\"},\"author\":{\"name\":\"stass\",\"@id\":\"https:\\\/\\\/alegria-realestate.com\\\/#\\\/schema\\\/person\\\/8710ba0d07d2af258b1610931398d861\"},\"headline\":\"Habaneras Night na pl\u00e1\u017ei v Torrevieja\",\"datePublished\":\"2016-07-06T21:51:54+00:00\",\"dateModified\":\"2025-08-14T16:39:49+00:00\",\"mainEntityOfPage\":{\"@id\":\"https:\\\/\\\/alegria-realestate.com\\\/cs\\\/articles\\\/the-night-of-habaneras-on-the-beach-in-torrevieja\"},\"wordCount\":1877,\"publisher\":{\"@id\":\"https:\\\/\\\/alegria-realestate.com\\\/#organization\"},\"image\":{\"@id\":\"https:\\\/\\\/alegria-realestate.com\\\/cs\\\/articles\\\/the-night-of-habaneras-on-the-beach-in-torrevieja#primaryimage\"},\"thumbnailUrl\":\"https:\\\/\\\/alegria-realestate.com\\\/wp-content\\\/uploads\\\/2019\\\/02\\\/Noche-de-Habaneras-en-la-Playa.jpg\",\"articleSection\":[\"Blog\",\"Zpr\u00e1vy\"],\"inLanguage\":\"cs\"},{\"@type\":\"WebPage\",\"@id\":\"https:\\\/\\\/alegria-realestate.com\\\/cs\\\/articles\\\/the-night-of-habaneras-on-the-beach-in-torrevieja\",\"url\":\"https:\\\/\\\/alegria-realestate.com\\\/cs\\\/articles\\\/the-night-of-habaneras-on-the-beach-in-torrevieja\",\"name\":\"Habaneras Night na pl\u00e1\u017ei v Torrevieja\",\"isPartOf\":{\"@id\":\"https:\\\/\\\/alegria-realestate.com\\\/cs\\\/#website\"},\"primaryImageOfPage\":{\"@id\":\"https:\\\/\\\/alegria-realestate.com\\\/cs\\\/articles\\\/the-night-of-habaneras-on-the-beach-in-torrevieja#primaryimage\"},\"image\":{\"@id\":\"https:\\\/\\\/alegria-realestate.com\\\/cs\\\/articles\\\/the-night-of-habaneras-on-the-beach-in-torrevieja#primaryimage\"},\"thumbnailUrl\":\"https:\\\/\\\/alegria-realestate.com\\\/wp-content\\\/uploads\\\/2019\\\/02\\\/Noche-de-Habaneras-en-la-Playa.jpg\",\"datePublished\":\"2016-07-06T21:51:54+00:00\",\"dateModified\":\"2025-08-14T16:39:49+00:00\",\"breadcrumb\":{\"@id\":\"https:\\\/\\\/alegria-realestate.com\\\/cs\\\/articles\\\/the-night-of-habaneras-on-the-beach-in-torrevieja#breadcrumb\"},\"inLanguage\":\"cs\",\"potentialAction\":[{\"@type\":\"ReadAction\",\"target\":[[\"https:\\\/\\\/alegria-realestate.com\\\/cs\\\/articles\\\/the-night-of-habaneras-on-the-beach-in-torrevieja\"]]}]},{\"@type\":\"ImageObject\",\"inLanguage\":\"cs\",\"@id\":\"https:\\\/\\\/alegria-realestate.com\\\/cs\\\/articles\\\/the-night-of-habaneras-on-the-beach-in-torrevieja#primaryimage\",\"url\":\"https:\\\/\\\/alegria-realestate.com\\\/wp-content\\\/uploads\\\/2019\\\/02\\\/Noche-de-Habaneras-en-la-Playa.jpg\",\"contentUrl\":\"https:\\\/\\\/alegria-realestate.com\\\/wp-content\\\/uploads\\\/2019\\\/02\\\/Noche-de-Habaneras-en-la-Playa.jpg\",\"width\":1200,\"height\":803},{\"@type\":\"BreadcrumbList\",\"@id\":\"https:\\\/\\\/alegria-realestate.com\\\/cs\\\/articles\\\/the-night-of-habaneras-on-the-beach-in-torrevieja#breadcrumb\",\"itemListElement\":[{\"@type\":\"ListItem\",\"position\":1,\"name\":\"\u0413\u043b\u0430\u0432\u043d\u0430\u044f \u0441\u0442\u0440\u0430\u043d\u0438\u0446\u0430\",\"item\":\"https:\\\/\\\/alegria-realestate.com\\\/cs\\\/\"},{\"@type\":\"ListItem\",\"position\":2,\"name\":\"Habaneras Night na pl\u00e1\u017ei v Torrevieja\"}]},{\"@type\":\"WebSite\",\"@id\":\"https:\\\/\\\/alegria-realestate.com\\\/cs\\\/#website\",\"url\":\"https:\\\/\\\/alegria-realestate.com\\\/cs\\\/\",\"name\":\"Nemovitosti ve \u0160pan\u011blsku\",\"description\":\"Nemovitosti ve \u0160pan\u011blsku: prodej ve v\u0161ech m\u011bstech \u2013 Torrevieja, Alicante, Benidorm a dal\u0161\u00ed. Pom\u016f\u017eeme v\u00e1m s koup\u00ed nemovitosti na Costa Blanca \u2013 secondhandov\u00e9 bydlen\u00ed i novostavby. Kompletn\u00ed vy\u0159\u00edzen\u00ed na kl\u00ed\u010d. Nemovitosti na Costa Blanca od 80 000 \u20ac.\",\"publisher\":{\"@id\":\"https:\\\/\\\/alegria-realestate.com\\\/cs\\\/#organization\"},\"potentialAction\":[{\"@type\":\"SearchAction\",\"target\":{\"@type\":\"EntryPoint\",\"urlTemplate\":\"https:\\\/\\\/alegria-realestate.com\\\/cs\\\/?s={search_term_string}\"},\"query-input\":{\"@type\":\"PropertyValueSpecification\",\"valueRequired\":true,\"valueName\":\"search_term_string\"}}],\"inLanguage\":\"cs\"},{\"@type\":\"Organization\",\"@id\":\"https:\\\/\\\/alegria-realestate.com\\\/cs\\\/#organization\",\"name\":\"Alegria Realestate\",\"url\":\"https:\\\/\\\/alegria-realestate.com\\\/cs\\\/\",\"logo\":{\"@type\":\"ImageObject\",\"inLanguage\":\"cs\",\"@id\":\"https:\\\/\\\/alegria-realestate.com\\\/cs\\\/#\\\/schema\\\/logo\\\/image\\\/\",\"url\":\"https:\\\/\\\/alegria-realestate.com\\\/wp-content\\\/uploads\\\/2019\\\/08\\\/logo_alegria.png\",\"contentUrl\":\"https:\\\/\\\/alegria-realestate.com\\\/wp-content\\\/uploads\\\/2019\\\/08\\\/logo_alegria.png\",\"width\":1600,\"height\":1403,\"caption\":\"Alegria Realestate\"},\"image\":{\"@id\":\"https:\\\/\\\/alegria-realestate.com\\\/cs\\\/#\\\/schema\\\/logo\\\/image\\\/\"},\"sameAs\":[\"https:\\\/\\\/www.facebook.com\\\/realestate.alegria\",\"https:\\\/\\\/x.com\\\/alegriarealesta\",\"https:\\\/\\\/www.instagram.com\\\/alegriadom\\\/\",\"https:\\\/\\\/www.linkedin.com\\\/profile\\\/view?id=154965227\",\"https:\\\/\\\/www.youtube.com\\\/user\\\/AlegriaRealEstate\"]},{\"@type\":\"Person\",\"@id\":\"https:\\\/\\\/alegria-realestate.com\\\/#\\\/schema\\\/person\\\/8710ba0d07d2af258b1610931398d861\",\"name\":\"stass\"}]}<\/script>\n<!-- \/ Yoast SEO plugin. -->","yoast_head_json":{"title":"Habaneras Night na pl\u00e1\u017ei v Torrevieja","robots":{"index":"index","follow":"follow","max-snippet":"max-snippet:-1","max-image-preview":"max-image-preview:large","max-video-preview":"max-video-preview:-1"},"canonical":"https:\/\/alegria-realestate.com\/cs\/wp-json\/wp\/v2\/posts\/11351","og_locale":"cs_CZ","og_type":"article","og_title":"Habaneras Night na pl\u00e1\u017ei v Torrevieja","og_description":"V p\u00e1tek 8. \u010dervence v r\u00e1mci 24. ro\u010dn\u00edku festivalu\u2026","og_url":"https:\/\/alegria-realestate.com\/cs\/wp-json\/wp\/v2\/posts\/11351","og_site_name":"Nemovitosti ve \u0160pan\u011blsku","article_publisher":"https:\/\/www.facebook.com\/realestate.alegria","article_published_time":"2016-07-06T21:51:54+00:00","article_modified_time":"2025-08-14T16:39:49+00:00","og_image":[{"width":1200,"height":803,"url":"https:\/\/alegria-realestate.com\/wp-content\/uploads\/2019\/02\/Noche-de-Habaneras-en-la-Playa.jpg","type":"image\/jpeg"}],"author":"stass","twitter_card":"summary_large_image","twitter_creator":"@alegriarealesta","twitter_site":"@alegriarealesta","schema":{"@context":"https:\/\/schema.org","@graph":[{"@type":"Article","@id":"https:\/\/alegria-realestate.com\/cs\/articles\/the-night-of-habaneras-on-the-beach-in-torrevieja#article","isPartOf":{"@id":"https:\/\/alegria-realestate.com\/cs\/articles\/the-night-of-habaneras-on-the-beach-in-torrevieja"},"author":{"name":"stass","@id":"https:\/\/alegria-realestate.com\/#\/schema\/person\/8710ba0d07d2af258b1610931398d861"},"headline":"Habaneras Night na pl\u00e1\u017ei v Torrevieja","datePublished":"2016-07-06T21:51:54+00:00","dateModified":"2025-08-14T16:39:49+00:00","mainEntityOfPage":{"@id":"https:\/\/alegria-realestate.com\/cs\/articles\/the-night-of-habaneras-on-the-beach-in-torrevieja"},"wordCount":1877,"publisher":{"@id":"https:\/\/alegria-realestate.com\/#organization"},"image":{"@id":"https:\/\/alegria-realestate.com\/cs\/articles\/the-night-of-habaneras-on-the-beach-in-torrevieja#primaryimage"},"thumbnailUrl":"https:\/\/alegria-realestate.com\/wp-content\/uploads\/2019\/02\/Noche-de-Habaneras-en-la-Playa.jpg","articleSection":["Blog","Zpr\u00e1vy"],"inLanguage":"cs"},{"@type":"WebPage","@id":"https:\/\/alegria-realestate.com\/cs\/articles\/the-night-of-habaneras-on-the-beach-in-torrevieja","url":"https:\/\/alegria-realestate.com\/cs\/articles\/the-night-of-habaneras-on-the-beach-in-torrevieja","name":"Habaneras Night na pl\u00e1\u017ei v Torrevieja","isPartOf":{"@id":"https:\/\/alegria-realestate.com\/cs\/#website"},"primaryImageOfPage":{"@id":"https:\/\/alegria-realestate.com\/cs\/articles\/the-night-of-habaneras-on-the-beach-in-torrevieja#primaryimage"},"image":{"@id":"https:\/\/alegria-realestate.com\/cs\/articles\/the-night-of-habaneras-on-the-beach-in-torrevieja#primaryimage"},"thumbnailUrl":"https:\/\/alegria-realestate.com\/wp-content\/uploads\/2019\/02\/Noche-de-Habaneras-en-la-Playa.jpg","datePublished":"2016-07-06T21:51:54+00:00","dateModified":"2025-08-14T16:39:49+00:00","breadcrumb":{"@id":"https:\/\/alegria-realestate.com\/cs\/articles\/the-night-of-habaneras-on-the-beach-in-torrevieja#breadcrumb"},"inLanguage":"cs","potentialAction":[{"@type":"ReadAction","target":[["https:\/\/alegria-realestate.com\/cs\/articles\/the-night-of-habaneras-on-the-beach-in-torrevieja"]]}]},{"@type":"ImageObject","inLanguage":"cs","@id":"https:\/\/alegria-realestate.com\/cs\/articles\/the-night-of-habaneras-on-the-beach-in-torrevieja#primaryimage","url":"https:\/\/alegria-realestate.com\/wp-content\/uploads\/2019\/02\/Noche-de-Habaneras-en-la-Playa.jpg","contentUrl":"https:\/\/alegria-realestate.com\/wp-content\/uploads\/2019\/02\/Noche-de-Habaneras-en-la-Playa.jpg","width":1200,"height":803},{"@type":"BreadcrumbList","@id":"https:\/\/alegria-realestate.com\/cs\/articles\/the-night-of-habaneras-on-the-beach-in-torrevieja#breadcrumb","itemListElement":[{"@type":"ListItem","position":1,"name":"\u0413\u043b\u0430\u0432\u043d\u0430\u044f \u0441\u0442\u0440\u0430\u043d\u0438\u0446\u0430","item":"https:\/\/alegria-realestate.com\/cs\/"},{"@type":"ListItem","position":2,"name":"Habaneras Night na pl\u00e1\u017ei v Torrevieja"}]},{"@type":"WebSite","@id":"https:\/\/alegria-realestate.com\/cs\/#website","url":"https:\/\/alegria-realestate.com\/cs\/","name":"Nemovitosti ve \u0160pan\u011blsku","description":"Nemovitosti ve \u0160pan\u011blsku: prodej ve v\u0161ech m\u011bstech \u2013 Torrevieja, Alicante, Benidorm a dal\u0161\u00ed. Pom\u016f\u017eeme v\u00e1m s koup\u00ed nemovitosti na Costa Blanca \u2013 secondhandov\u00e9 bydlen\u00ed i novostavby. Kompletn\u00ed vy\u0159\u00edzen\u00ed na kl\u00ed\u010d. Nemovitosti na Costa Blanca od 80 000 \u20ac.","publisher":{"@id":"https:\/\/alegria-realestate.com\/cs\/#organization"},"potentialAction":[{"@type":"SearchAction","target":{"@type":"EntryPoint","urlTemplate":"https:\/\/alegria-realestate.com\/cs\/?s={search_term_string}"},"query-input":{"@type":"PropertyValueSpecification","valueRequired":true,"valueName":"search_term_string"}}],"inLanguage":"cs"},{"@type":"Organization","@id":"https:\/\/alegria-realestate.com\/cs\/#organization","name":"Alegria Realestate","url":"https:\/\/alegria-realestate.com\/cs\/","logo":{"@type":"ImageObject","inLanguage":"cs","@id":"https:\/\/alegria-realestate.com\/cs\/#\/schema\/logo\/image\/","url":"https:\/\/alegria-realestate.com\/wp-content\/uploads\/2019\/08\/logo_alegria.png","contentUrl":"https:\/\/alegria-realestate.com\/wp-content\/uploads\/2019\/08\/logo_alegria.png","width":1600,"height":1403,"caption":"Alegria Realestate"},"image":{"@id":"https:\/\/alegria-realestate.com\/cs\/#\/schema\/logo\/image\/"},"sameAs":["https:\/\/www.facebook.com\/realestate.alegria","https:\/\/x.com\/alegriarealesta","https:\/\/www.instagram.com\/alegriadom\/","https:\/\/www.linkedin.com\/profile\/view?id=154965227","https:\/\/www.youtube.com\/user\/AlegriaRealEstate"]},{"@type":"Person","@id":"https:\/\/alegria-realestate.com\/#\/schema\/person\/8710ba0d07d2af258b1610931398d861","name":"stass"}]}},"_links":{"self":[{"href":"https:\/\/alegria-realestate.com\/cs\/wp-json\/wp\/v2\/posts\/11351","targetHints":{"allow":["GET"]}}],"collection":[{"href":"https:\/\/alegria-realestate.com\/cs\/wp-json\/wp\/v2\/posts"}],"about":[{"href":"https:\/\/alegria-realestate.com\/cs\/wp-json\/wp\/v2\/types\/post"}],"author":[{"embeddable":true,"href":"https:\/\/alegria-realestate.com\/cs\/wp-json\/wp\/v2\/users\/1"}],"replies":[{"embeddable":true,"href":"https:\/\/alegria-realestate.com\/cs\/wp-json\/wp\/v2\/comments?post=11351"}],"version-history":[{"count":1,"href":"https:\/\/alegria-realestate.com\/cs\/wp-json\/wp\/v2\/posts\/11351\/revisions"}],"predecessor-version":[{"id":836643,"href":"https:\/\/alegria-realestate.com\/cs\/wp-json\/wp\/v2\/posts\/11351\/revisions\/836643"}],"wp:featuredmedia":[{"embeddable":true,"href":"https:\/\/alegria-realestate.com\/cs\/wp-json\/wp\/v2\/media\/11352"}],"wp:attachment":[{"href":"https:\/\/alegria-realestate.com\/cs\/wp-json\/wp\/v2\/media?parent=11351"}],"wp:term":[{"taxonomy":"category","embeddable":true,"href":"https:\/\/alegria-realestate.com\/cs\/wp-json\/wp\/v2\/categories?post=11351"},{"taxonomy":"post_tag","embeddable":true,"href":"https:\/\/alegria-realestate.com\/cs\/wp-json\/wp\/v2\/tags?post=11351"}],"curies":[{"name":"wp","href":"https:\/\/api.w.org\/{rel}","templated":true}]}}