{"id":11360,"date":"2016-07-08T01:27:29","date_gmt":"2016-07-07T22:27:29","guid":{"rendered":"https:\/\/alegria-realestate.com\/?p=11360"},"modified":"2025-08-14T19:39:54","modified_gmt":"2025-08-14T16:39:54","slug":"prestigious-area-of-finestrat-in-spain","status":"publish","type":"post","link":"https:\/\/alegria-realestate.com\/cs\/articles\/city-of-spain\/prestigious-area-of-finestrat-in-spain","title":{"rendered":"Finestrat (Benidorm): presti\u017en\u00ed oblast pro \u017eivot a podnik\u00e1n\u00ed ve \u0160pan\u011blsku"},"content":{"rendered":"<p><a href=\"https:\/\/alegria-realestate.com\/ru\/sale\/finestrat\">Finestrat<\/a> je jednou z \u00fa\u017easn\u00fdch obc\u00ed ve Valencii (\u0160pan\u011blsko). M\u011bsto se nach\u00e1z\u00ed v provincii <a href=\"https:\/\/alegria-realestate.com\/ru\/sale\/alicante\">Alicante<\/a> , v oblasti Marina Baja, velmi bl\u00edzko <a href=\"https:\/\/alegria-realestate.com\/ru\/sale\/benidorm\">Benidormu<\/a> (pouze 8 minut j\u00edzdy). Podle s\u010d\u00edt\u00e1n\u00ed lidu z roku 2015 zde \u017eije 6239 obyvatel.<\/p>\n<h3> Zem\u011bpis. <\/h3>\n<p><img loading=\"lazy\" decoding=\"async\" class=\"alignleft size-medium wp-image-11362\" src=\"https:\/\/alegria-realestate.com\/wp-content\/uploads\/2019\/02\/finestrat-geo-300x300.png\" alt=\"\" width=\"300\" height=\"300\" srcset=\"https:\/\/alegria-realestate.com\/wp-content\/uploads\/2019\/02\/finestrat-geo-300x300.png 300w, https:\/\/alegria-realestate.com\/wp-content\/uploads\/2019\/02\/finestrat-geo-150x150.png 150w, https:\/\/alegria-realestate.com\/wp-content\/uploads\/2019\/02\/finestrat-geo-768x768.png 768w, https:\/\/alegria-realestate.com\/wp-content\/uploads\/2019\/02\/finestrat-geo-1024x1024.png 1024w, https:\/\/alegria-realestate.com\/wp-content\/uploads\/2019\/02\/finestrat-geo.png 1200w\" sizes=\"auto, (max-width: 300px) 100vw, 300px\" \/> Finestrat se nach\u00e1z\u00ed velmi bl\u00edzko Benidormu (pouze 8 minut j\u00edzdy). Leti\u0161t\u011b Alicante-Elche se nach\u00e1z\u00ed 50 kilometr\u016f od m\u011bsta. Dostanete se sem po d\u00e1lnici AP-7, po 65-A nebo p\u0159\u00edmo po N-332. M\u011bsto m\u00e1 pob\u0159e\u017e\u00ed dlouh\u00e9 asi 267 metr\u016f, od Punta del Tossal po \u00fast\u00ed Barranco de la Cachola. Pl\u00e1\u017e Cala de Finestrat soused\u00ed s obcemi Villajoyosa (jihoz\u00e1pad) a Benidorm (severov\u00fdchod). Na hranici obce le\u017e\u00ed hora Puig Campana, jej\u00ed v\u00fd\u0161ka je asi 1410 metr\u016f. Nedaleko je tak\u00e9 z\u00e1bavn\u00ed park Terra M\u00edtica, kter\u00fd pokr\u00fdv\u00e1 42,25 km\u00b2 m\u011bstsk\u00e9 oblasti a je jedn\u00edm z nejlep\u0161\u00edch park\u016f ve \u0160pan\u011blsku. Nejbli\u017e\u0161\u00edmi sousedy Finestratu jsou Benimantell, Orcheta, Polop de la Marin a Sella.<\/p>\n<h3> P\u0159\u00edb\u011bh.<\/h3>\n<p> Jako mnoho \u0161pan\u011blsk\u00fdch osad, Finestrat trp\u011bl berbersk\u00fdmi n\u00e1jezdy. Pir\u00e1ti vypalovali vesnice a z obyvatel ud\u011blali otroky. Na ochranu p\u0159ed n\u00e1jezdn\u00edky byla na b\u0159ehu postavena vyhl\u00eddkov\u00e1 v\u011b\u017e (La Cala) a hlavn\u00ed \u010d\u00e1st m\u011bsta se nach\u00e1zela na \u00fapat\u00ed hory. D\u00edky tomu se Finestrat stal zn\u00e1m\u00fdm jako \u201em\u011bsto mo\u0159e a hor\u201c. Dnes, stejn\u011b jako d\u0159\u00edve, \u017eije obec klidn\u00fdm, odm\u011b\u0159en\u00fdm \u017eivotem a v\u00edt\u00e1 turisty z cel\u00e9ho sv\u011bta. Oblast Finestrat ji\u017e z\u00edskala pov\u011bst presti\u017en\u00ed oblasti pro bydlen\u00ed a rekreaci.<\/p>\n<h3> Demografie.<\/h3>\n<p> V posledn\u00edch letech se po\u010det obyvatel m\u011bsta pohybuje kolem 6500 lid\u00ed. V roce 2007 bylo 43 % populace cizinci. [toto m\u00edsto]<\/p>\n<h3> Ekonomika.<\/h3>\n<p> V pr\u016fb\u011bhu historie Finestrat zakl\u00e1dal svou ekonomiku na zem\u011bd\u011blstv\u00ed. P\u011bstuj\u00ed se zde mandlon\u011b, olivovn\u00edky a pomeran\u010dovn\u00edky. Ekologicky \u010dist\u00e9 podm\u00ednky a p\u0159\u00edzniv\u00e9 klima p\u0159isp\u00edvaj\u00ed k dobr\u00e9 \u00farod\u011b a vytv\u00e1\u0159ej\u00ed skute\u010dn\u011b okouzluj\u00edc\u00ed krajinu. V roce 1980 m\u011bsto objevilo sv\u016fj velk\u00fd turistick\u00fd a obchodn\u00ed potenci\u00e1l. Nejprve z iniciativy magistr\u00e1tu vznikla modern\u00ed pr\u016fmyslov\u00e1 z\u00f3na, kter\u00e1 i dnes l\u00e1k\u00e1 investi\u010dn\u00ed spole\u010dnosti z cel\u00e9ho kraje. Proz\u00edrav\u00ed investo\u0159i st\u00e1le v\u00edce obracej\u00ed svou pozornost na Finestrat. <iframe loading=\"lazy\" title=\"P\u0159ehr\u00e1va\u010d videa YouTube\" src=\"https:\/\/www.youtube.com\/embed\/hnZ7h9q9tCE\" width=\"560\" height=\"315\" frameborder=\"0\" allowfullscreen=\"allowfullscreen\"><\/iframe><\/p>\n<div> V t\u00e9to oblasti s\u00eddl\u00ed kancel\u00e1\u0159 Viveros de Empresas de la C\u00e1mara de Comercio (organizace, kter\u00e1 podporuje zakl\u00e1d\u00e1n\u00ed a konsolidaci spole\u010dnost\u00ed, pom\u00e1h\u00e1 p\u0159i vytv\u00e1\u0159en\u00ed nov\u00fdch pracovn\u00edch m\u00edst, diverzifikaci v\u00fdrobn\u00edch \u010dinnost\u00ed atd.). To znamen\u00e1, \u017ee v\u00fdb\u011brem Finestrat pro \u017eivot m\u00e1te vynikaj\u00edc\u00ed p\u0159\u00edle\u017eitosti k otev\u0159en\u00ed vlastn\u00edho podnik\u00e1n\u00ed. Finestrat se tak\u00e9 aktivn\u011b rozv\u00edj\u00ed jako turistick\u00e9 centrum a m\u00edsto k bydlen\u00ed pro d\u011bln\u00edky ze sousedn\u00edch m\u011bst, tak\u017ee zde vznik\u00e1 velk\u00e9 mno\u017estv\u00ed dom\u016f a rezidenc\u00ed. <img loading=\"lazy\" decoding=\"async\" class=\"aligncenter size-full wp-image-11363\" src=\"https:\/\/alegria-realestate.com\/wp-content\/uploads\/2019\/02\/la-cala-finestrat.jpg\" alt=\"\" width=\"600\" height=\"300\" srcset=\"https:\/\/alegria-realestate.com\/wp-content\/uploads\/2019\/02\/la-cala-finestrat.jpg 600w, https:\/\/alegria-realestate.com\/wp-content\/uploads\/2019\/02\/la-cala-finestrat-300x150.jpg 300w\" sizes=\"auto, (max-width: 600px) 100vw, 600px\" \/><\/div>\n<h3> Zaj\u00edmavosti.<\/h3>\n<div> D\u00edky sv\u00e9 v\u00fdhodn\u00e9 poloze byl Finestrat v pr\u016fb\u011bhu sv\u00e9 historie akumulac\u00ed mnoha kultur. V tomto m\u011bst\u011b zanechalo svou stopu mnoho starov\u011bk\u00fdch civilizac\u00ed. Historick\u00e9 centrum obce je postaveno na z\u00e1kladech star\u00e9ho maursk\u00e9ho hradu. Od roku 1924 na jej\u00edm m\u00edst\u011b stoj\u00ed kaple Sant\u00edsimo Cristo del Remedio. Proch\u00e1zka \u00fazk\u00fdmi uli\u010dkami star\u00e9ho m\u011bsta v\u017edy pot\u011b\u0161\u00ed turisty a m\u00edstn\u00ed obyvatel\u00e9 ani po letech nep\u0159est\u00e1vaj\u00ed obdivovat originalitu a \u00fatulnost sv\u00e9ho m\u011bsta. Mezi ulicemi Hostal a San Miguel je n\u00e1m\u011bst\u00ed Torreta a kostel Iglesia Parroquial de Sant Bertomeu (1751). Hlavn\u00ed oslavy se zde konaj\u00ed 24. srpna a 3. \u00fanora a v tyto dny je tu tolik lid\u00ed, \u017ee doslova \u201enen\u00ed m\u00edsto, aby padl pomeran\u010d\u201c. \u0158adov\u00e9 domy jsou jedn\u00edm z nejcharakteristi\u010dt\u011bj\u0161\u00edch obraz\u016f m\u011bsta Finestrat. To je prvn\u00ed v\u011bc, kterou uvid\u00edte p\u0159i p\u0159\u00edjezdu z Benidormu nebo Villajoyos. Ji\u017en\u00ed fas\u00e1dy t\u011bchto dom\u016f doslova vis\u00ed na kopci! Pokud by v\u00e1m tak\u00e9 nevadilo st\u00e1t se majitelem domu v t\u00e9to oblasti, pod\u00edvejte se na na\u0161e <a href=\"catalog\/sale\/new-building-40-villas-with-panoramic-sea-views-in-benidorm.html\" target=\"_blank\" rel=\"noopener noreferrer\">nov\u00e9 nab\u00eddky za jedine\u010dnou cenu od developera<\/a><\/div>\n<ul>\n<li> Plaza del Pueblo se nach\u00e1z\u00ed na k\u0159i\u017eovatce ulic Carrer Nou a Major. Fresku kostela, kter\u00fd se nach\u00e1z\u00ed na n\u00e1m\u011bst\u00ed, vytvo\u0159ili studenti Fakulty v\u00fdtvarn\u00fdch um\u011bn\u00ed v r\u00e1mci sout\u011b\u017ee &quot;Espai d&#39;Art&quot; po\u0159\u00e1dan\u00e9 veden\u00edm m\u011bsta a univerzitou. Hernandez (Univerzita Miguela Hernandeze).<\/li>\n<li> Kostel svat\u00e9ho patrona m\u011bsta, Iglesia Parroquial de San Bartolom\u00e9 de Finestrat, byl vysv\u011bcen v roce 1751. Jeho stavba za\u010dala pravd\u011bpodobn\u011b v 17. stolet\u00ed. Barokn\u00ed fas\u00e1da je hladk\u00e1 a stroh\u00e1, vytvo\u0159en\u00e1 pod vlivem nastupuj\u00edc\u00edho neoklasicismu. S nejv\u011bt\u0161\u00ed pravd\u011bpodobnost\u00ed bylo n\u00e1m\u011bst\u00ed Plaza de la Torreta, kter\u00e9 se nach\u00e1z\u00ed v sam\u00e9m centru m\u011bsta, postaveno v polovin\u011b osmn\u00e1ct\u00e9ho stolet\u00ed, aby usnadnilo vstup do kostela. Za star\u00fdch \u010das\u016f zde st\u00e1vala jin\u00e1 budova \u2013 v\u011b\u017e nebo jin\u00e1 budova.<\/li>\n<li> El Castell (El Castillo) symbolizuje nejvy\u0161\u0161\u00ed \u010d\u00e1st m\u011bsta. Tato stavba se objevuje v listin\u00e1ch ze 13. stolet\u00ed. Dodnes neexistuj\u00ed \u017e\u00e1dn\u00e9 d\u016fkazy o isl\u00e1msk\u00e9m p\u016fvodu t\u00e9to pevnosti, proto\u017ee v pr\u016fb\u011bhu stalet\u00ed pro\u0161la n\u011bkolika prom\u011bnami. Dob\u0159e zachoval\u00e1 je obrann\u00e1 \u010d\u00e1st staveb, odkud je vid\u011bt Alicante.<\/li>\n<li> Kaple La Ermita del Sant\u00edsimo Cristo del Remedio se nach\u00e1z\u00ed v bl\u00edzkosti pevnosti El Castell. Historick\u00e9 dokumenty sv\u011bd\u010d\u00ed o existenci mal\u00e9ho kostel\u00edka postaven\u00e9ho po dobyt\u00ed m\u011bsta k\u0159es\u0165any. P\u016fvodn\u011b to byla skromn\u00e1 kaple, kde byl uchov\u00e1v\u00e1n obraz krucifixu. V roce 1925 byla budova rekonstruov\u00e1na.<\/li>\n<li> La Torre je obrann\u00e1 v\u011b\u017e z 12. stolet\u00ed, kter\u00e1 m\u011bla pro obyvatele m\u011bsta pravd\u011bpodobn\u011b z\u00e1sadn\u00ed v\u00fdznam.<\/li>\n<li> Zdroj La Font del Mol\u00ed (Fuente del Molino) je jedn\u00edm z nejv\u00fdznamn\u011bj\u0161\u00edch ve m\u011bst\u011b. Pravidla pro pou\u017e\u00edv\u00e1n\u00ed tohoto zdroje byla p\u0159ijata ji\u017e v roce 1926. Zdroj m\u00e1 15 trubek, kter\u00e9 dok\u00e1\u017eou p\u0159e\u010derpat 20 litr\u016f za sekundu.<\/li>\n<li> Hora Puig Campana d\u00e1v\u00e1 m\u011bstu jeho jedine\u010dnou polohu. Jeho v\u00fd\u0161ka je asi 1410 m. N\u00e1dhern\u00fd v\u00fdhled a k\u0159i\u0161\u0165\u00e1lov\u011b \u010dist\u00fd vzduch l\u00e1kaj\u00ed stovky horolezc\u016f a p\u0159\u00edznivc\u016f aktivn\u00edho odpo\u010dinku.<\/li>\n<li> Castellets je h\u0159eben mezi obc\u00ed a rokl\u00ed Xarquer. <\/li>\n<\/ul>\n<div><img loading=\"lazy\" decoding=\"async\" class=\"aligncenter size-full wp-image-11364\" src=\"https:\/\/alegria-realestate.com\/wp-content\/uploads\/2019\/02\/Cala_de_Finestrat.jpg\" alt=\"\" width=\"1200\" height=\"277\" srcset=\"https:\/\/alegria-realestate.com\/wp-content\/uploads\/2019\/02\/Cala_de_Finestrat.jpg 1200w, https:\/\/alegria-realestate.com\/wp-content\/uploads\/2019\/02\/Cala_de_Finestrat-300x69.jpg 300w, https:\/\/alegria-realestate.com\/wp-content\/uploads\/2019\/02\/Cala_de_Finestrat-768x177.jpg 768w, https:\/\/alegria-realestate.com\/wp-content\/uploads\/2019\/02\/Cala_de_Finestrat-1024x236.jpg 1024w\" sizes=\"auto, (max-width: 1200px) 100vw, 1200px\" \/><\/div>\n<h3> Sv\u00e1tky a festivaly.<\/h3>\n<ul>\n<li> 24. srpna, Fiestas Patronales (hlavn\u00ed obecn\u00ed sv\u00e1tky). Oslavy k poct\u011b patrona m\u011bsta svat\u00e9ho Bartolom\u011bje se konaj\u00ed ji\u017e p\u0159es sto let. Jasn\u00e9 pr\u016fvody, pouli\u010dn\u00ed food festivaly, festival humoru, kost\u00fdmn\u00ed a pyrotechnick\u00e9 show, tradi\u010dn\u00ed n\u00e1bo\u017eensk\u00e9 akce \u2013 to v\u0161e \u010dek\u00e1 na hosty sv\u00e1tku.<\/li>\n<li> Ve\u010d\u00edrky na po\u010dest turist\u016f. B\u011bhem druh\u00e9ho t\u00fddne v z\u00e1\u0159\u00ed se v oblasti La Cala de Finestrat konaj\u00ed slavnostn\u00ed ve\u010d\u00edrky. Obyvatel\u00e9 a turist\u00e9 se sch\u00e1zej\u00ed, aby si u\u017eili sportovn\u00ed akce, p\u0159ehl\u00eddky a ma\u0161kar\u00e1dy, sledovali oh\u0148ostroje nebo se jen tak proch\u00e1zeli pod\u00e9l pob\u0159e\u017e\u00ed.<\/li>\n<li> Den svat\u00e9ho Antonia Abada (polovina ledna). Jedn\u00e1 se o jednu z nejstar\u0161\u00edch tradic obce. A\u017e do 17. ledna sb\u00edraj\u00ed mlad\u00ed lid\u00e9 z domov\u016f r\u016fzn\u00e9 pochoutky na oslavy. Po skon\u010den\u00ed sb\u00edrky prob\u011bhne mezi \u00fa\u010dastn\u00edky dra\u017eba a slosov\u00e1n\u00ed o ceny.<\/li>\n<li> Festival San Blas. Dal\u0161\u00ed tombola a k tomu v\u00fdborn\u00e9 pi\u0161koty. Obyvatel\u00e9 a n\u00e1v\u0161t\u011bvn\u00edci obce se sch\u00e1zej\u00ed u pramene Fuente &quot;del Mol\u00ed&quot;, aby si vychutnali chutn\u00e9 j\u00eddlo a veselou atmosf\u00e9ru.<\/li>\n<li> El d\u00eda de la Ereta (Velikonoce). Ka\u017ed\u00e9 pond\u011bl\u00ed b\u011bhem Velikonoc se zde konaj\u00ed gastronomick\u00e9 festivaly. Ve vyhrazen\u00e9m prostoru jsou obchody, kde si m\u016f\u017eete koupit turron. Zamilovan\u00e9 p\u00e1ry sem chod\u00ed j\u00edst spole\u010dn\u011b sladkosti a sn\u00edt o sladk\u00e9m \u017eivot\u011b.<\/li>\n<li> Noche de San Juan (noc z 23. na 24. \u010dervna). Letn\u00ed slunovrat se dost\u00e1v\u00e1 na pob\u0159e\u017e\u00ed St\u0159edozemn\u00edho mo\u0159e a p\u0159in\u00e1\u0161\u00ed s sebou magii, hudbu, tanec a ohe\u0148. Akce se konaj\u00ed na m\u011bstsk\u00fdch pl\u00e1\u017e\u00edch. Sk\u00e1k\u00e1n\u00edm p\u0159es ohe\u0148 a pot\u00e1p\u011bn\u00edm se do vody lid\u00e9 prov\u00e1d\u011bj\u00ed symbolick\u00e9 o\u010distn\u00e9 ritu\u00e1ly. Je to noc z\u00e1bavy a kouzel. <\/li>\n<\/ul>\n<h3><img loading=\"lazy\" decoding=\"async\" class=\"aligncenter size-full wp-image-11365\" src=\"https:\/\/alegria-realestate.com\/wp-content\/uploads\/2019\/02\/Fiestas-Patronales.jpg\" alt=\"\" width=\"900\" height=\"500\" srcset=\"https:\/\/alegria-realestate.com\/wp-content\/uploads\/2019\/02\/Fiestas-Patronales.jpg 900w, https:\/\/alegria-realestate.com\/wp-content\/uploads\/2019\/02\/Fiestas-Patronales-300x167.jpg 300w, https:\/\/alegria-realestate.com\/wp-content\/uploads\/2019\/02\/Fiestas-Patronales-768x427.jpg 768w\" sizes=\"auto, (max-width: 900px) 100vw, 900px\" \/><\/h3>\n<h3> Gastronomie.<\/h3>\n<p> Mezi jejich nejobl\u00edben\u011bj\u0161\u00ed j\u00eddla pat\u0159\u00ed r\u00fd\u017ee s fazolemi a mangoldem (druh \u010derven\u00e9 \u0159epy), zn\u00e1m\u00e1 jako \u201eamb fesols i naps\u201c, Coca girada (druh slan\u00e9ho kol\u00e1\u010de pln\u011bn\u00e9ho zeleninou, klob\u00e1sou nebo rybou) a Tarongetes (druh masov\u00fdch kuli\u010dek).<\/p>\n<div> L\u00edbilo se v\u00e1m toto \u00fatuln\u00e9 m\u011bste\u010dko? Pod\u00edvejte se na <a href=\"catalog\/sale\/new-building-40-villas-with-panoramic-sea-views-in-benidorm.html\" target=\"_blank\" rel=\"noopener noreferrer\">na\u0161i jedine\u010dnou nab\u00eddku<\/a> : 40 nov\u00fdch luxusn\u00edch dom\u016f ve Finestratu (Benidorm) <\/div>\n<p><iframe loading=\"lazy\" src=\"https:\/\/www.google.com\/maps\/embed?pb=!1m18!1m12!1m3!1d12478.563840077839!2d-0.22000466387266454!3d38.56508527397055!2m3!1f0!2f0!3f0!3m2!1i1024!2i768!4f13.1!3m3!1m2!1s0xd621bf804f97e8f%3A0xf98ecc14e2dd93ac!2zMDM1MDkgRmluZXN0cmF0LCDQkNC70LjQutCw0L3RgtC1LCDQmNGB0L_QsNC90LjRjw!5e0!3m2!1sru!2sua!4v1468241234279\" width=\"100%\" height=\"400\" frameborder=\"1\" allowfullscreen=\"allowfullscreen\"> <span data-mce-type=\"bookmark\" style=\"display: inline-block; width: 0px; overflow: hidden; line-height: 0;\" class=\"mce_SELRES_start\">\ufeff<\/span><\/iframe><\/p>","protected":false},"excerpt":{"rendered":"<p>Finestrat je jednou z \u00fa\u017easn\u00fdch obc\u00ed ve Valencii (\u0160pan\u011blsko).\u2026<\/p>\n","protected":false},"author":1,"featured_media":11361,"comment_status":"closed","ping_status":"closed","sticky":false,"template":"","format":"standard","meta":{"footnotes":""},"categories":[1,747],"tags":[],"class_list":["post-11360","post","type-post","status-publish","format-standard","has-post-thumbnail","hentry","category-articles","category-city-of-spain"],"yoast_head":"<!-- This site is optimized with the Yoast SEO plugin v27.4 - https:\/\/yoast.com\/product\/yoast-seo-wordpress\/ -->\n<title>Finestrat (Benidorm): presti\u017en\u00ed oblast pro \u017eivot a podnik\u00e1n\u00ed ve \u0160pan\u011blsku<\/title>\n<meta name=\"robots\" content=\"index, follow, max-snippet:-1, max-image-preview:large, max-video-preview:-1\" \/>\n<link rel=\"canonical\" href=\"https:\/\/alegria-realestate.com\/cs\/wp-json\/wp\/v2\/posts\/11360\" \/>\n<meta property=\"og:locale\" content=\"cs_CZ\" \/>\n<meta property=\"og:type\" content=\"article\" \/>\n<meta property=\"og:title\" content=\"Finestrat (Benidorm): presti\u017en\u00ed oblast pro \u017eivot a podnik\u00e1n\u00ed ve \u0160pan\u011blsku\" \/>\n<meta property=\"og:description\" content=\"Finestrat je jednou z \u00fa\u017easn\u00fdch obc\u00ed ve Valencii (\u0160pan\u011blsko).\u2026\" \/>\n<meta property=\"og:url\" content=\"https:\/\/alegria-realestate.com\/cs\/wp-json\/wp\/v2\/posts\/11360\" \/>\n<meta property=\"og:site_name\" content=\"Nemovitosti ve \u0160pan\u011blsku\" \/>\n<meta property=\"article:publisher\" content=\"https:\/\/www.facebook.com\/realestate.alegria\" \/>\n<meta property=\"article:published_time\" content=\"2016-07-07T22:27:29+00:00\" \/>\n<meta property=\"article:modified_time\" content=\"2025-08-14T16:39:54+00:00\" \/>\n<meta property=\"og:image\" content=\"https:\/\/alegria-realestate.com\/wp-content\/uploads\/2019\/02\/finestrat.png\" \/>\n\t<meta property=\"og:image:width\" content=\"862\" \/>\n\t<meta property=\"og:image:height\" content=\"340\" \/>\n\t<meta property=\"og:image:type\" content=\"image\/png\" \/>\n<meta name=\"author\" content=\"stass\" \/>\n<meta name=\"twitter:card\" content=\"summary_large_image\" \/>\n<meta name=\"twitter:creator\" content=\"@alegriarealesta\" \/>\n<meta name=\"twitter:site\" content=\"@alegriarealesta\" \/>\n<script type=\"application\/ld+json\" class=\"yoast-schema-graph\">{\"@context\":\"https:\\\/\\\/schema.org\",\"@graph\":[{\"@type\":\"Article\",\"@id\":\"https:\\\/\\\/alegria-realestate.com\\\/articles\\\/city-of-spain\\\/prestigious-area-of-finestrat-in-spain#article\",\"isPartOf\":{\"@id\":\"https:\\\/\\\/alegria-realestate.com\\\/articles\\\/city-of-spain\\\/prestigious-area-of-finestrat-in-spain\"},\"author\":{\"name\":\"stass\",\"@id\":\"https:\\\/\\\/alegria-realestate.com\\\/#\\\/schema\\\/person\\\/8710ba0d07d2af258b1610931398d861\"},\"headline\":\"Finestrat (Benidorm): presti\u017en\u00ed oblast pro \u017eivot a podnik\u00e1n\u00ed ve \u0160pan\u011blsku\",\"datePublished\":\"2016-07-07T22:27:29+00:00\",\"dateModified\":\"2025-08-14T16:39:54+00:00\",\"mainEntityOfPage\":{\"@id\":\"https:\\\/\\\/alegria-realestate.com\\\/articles\\\/city-of-spain\\\/prestigious-area-of-finestrat-in-spain\"},\"wordCount\":9464,\"publisher\":{\"@id\":\"https:\\\/\\\/alegria-realestate.com\\\/#organization\"},\"image\":{\"@id\":\"https:\\\/\\\/alegria-realestate.com\\\/articles\\\/city-of-spain\\\/prestigious-area-of-finestrat-in-spain#primaryimage\"},\"thumbnailUrl\":\"https:\\\/\\\/alegria-realestate.com\\\/wp-content\\\/uploads\\\/2019\\\/02\\\/finestrat.png\",\"articleSection\":[\"Blog\",\"M\u011bsta ve \u0160pan\u011blsku\"],\"inLanguage\":\"cs\"},{\"@type\":\"WebPage\",\"@id\":\"https:\\\/\\\/alegria-realestate.com\\\/cs\\\/articles\\\/city-of-spain\\\/prestigious-area-of-finestrat-in-spain\",\"url\":\"https:\\\/\\\/alegria-realestate.com\\\/cs\\\/articles\\\/city-of-spain\\\/prestigious-area-of-finestrat-in-spain\",\"name\":\"Finestrat (Benidorm): presti\u017en\u00ed oblast pro \u017eivot a podnik\u00e1n\u00ed ve \u0160pan\u011blsku\",\"isPartOf\":{\"@id\":\"https:\\\/\\\/alegria-realestate.com\\\/cs\\\/#website\"},\"primaryImageOfPage\":{\"@id\":\"https:\\\/\\\/alegria-realestate.com\\\/cs\\\/articles\\\/city-of-spain\\\/prestigious-area-of-finestrat-in-spain#primaryimage\"},\"image\":{\"@id\":\"https:\\\/\\\/alegria-realestate.com\\\/articles\\\/city-of-spain\\\/prestigious-area-of-finestrat-in-spain#primaryimage\"},\"thumbnailUrl\":\"https:\\\/\\\/alegria-realestate.com\\\/wp-content\\\/uploads\\\/2019\\\/02\\\/finestrat.png\",\"datePublished\":\"2016-07-07T22:27:29+00:00\",\"dateModified\":\"2025-08-14T16:39:54+00:00\",\"breadcrumb\":{\"@id\":\"https:\\\/\\\/alegria-realestate.com\\\/cs\\\/articles\\\/city-of-spain\\\/prestigious-area-of-finestrat-in-spain#breadcrumb\"},\"inLanguage\":\"cs\",\"potentialAction\":[{\"@type\":\"ReadAction\",\"target\":[[\"https:\\\/\\\/alegria-realestate.com\\\/cs\\\/articles\\\/city-of-spain\\\/prestigious-area-of-finestrat-in-spain\"]]}]},{\"@type\":\"ImageObject\",\"inLanguage\":\"cs\",\"@id\":\"https:\\\/\\\/alegria-realestate.com\\\/cs\\\/articles\\\/city-of-spain\\\/prestigious-area-of-finestrat-in-spain#primaryimage\",\"url\":\"https:\\\/\\\/alegria-realestate.com\\\/wp-content\\\/uploads\\\/2019\\\/02\\\/finestrat.png\",\"contentUrl\":\"https:\\\/\\\/alegria-realestate.com\\\/wp-content\\\/uploads\\\/2019\\\/02\\\/finestrat.png\",\"width\":862,\"height\":340},{\"@type\":\"BreadcrumbList\",\"@id\":\"https:\\\/\\\/alegria-realestate.com\\\/cs\\\/articles\\\/city-of-spain\\\/prestigious-area-of-finestrat-in-spain#breadcrumb\",\"itemListElement\":[{\"@type\":\"ListItem\",\"position\":1,\"name\":\"\u0413\u043b\u0430\u0432\u043d\u0430\u044f \u0441\u0442\u0440\u0430\u043d\u0438\u0446\u0430\",\"item\":\"https:\\\/\\\/alegria-realestate.com\\\/cs\\\/\"},{\"@type\":\"ListItem\",\"position\":2,\"name\":\"\u0424\u0438\u043d\u0435\u0441\u0442\u0440\u0430\u0442 (\u0411\u0435\u043d\u0438\u0434\u043e\u0440\u043c): \u043f\u0440\u0435\u0441\u0442\u0438\u0436\u043d\u044b\u0439 \u0440\u0430\u0439\u043e\u043d \u0434\u043b\u044f \u0436\u0438\u0437\u043d\u0438 \u0438 \u0431\u0438\u0437\u043d\u0435\u0441\u0430 \u0432 \u0418\u0441\u043f\u0430\u043d\u0438\u0438\"}]},{\"@type\":\"WebSite\",\"@id\":\"https:\\\/\\\/alegria-realestate.com\\\/cs\\\/#website\",\"url\":\"https:\\\/\\\/alegria-realestate.com\\\/cs\\\/\",\"name\":\"Nemovitosti ve \u0160pan\u011blsku\",\"description\":\"Nemovitosti ve \u0160pan\u011blsku: prodej ve v\u0161ech m\u011bstech \u2013 Torrevieja, Alicante, Benidorm a dal\u0161\u00ed. Pom\u016f\u017eeme v\u00e1m s koup\u00ed nemovitosti na Costa Blanca \u2013 secondhandov\u00e9 bydlen\u00ed i novostavby. Kompletn\u00ed vy\u0159\u00edzen\u00ed na kl\u00ed\u010d. Nemovitosti na Costa Blanca od 80 000 \u20ac.\",\"publisher\":{\"@id\":\"https:\\\/\\\/alegria-realestate.com\\\/cs\\\/#organization\"},\"potentialAction\":[{\"@type\":\"SearchAction\",\"target\":{\"@type\":\"EntryPoint\",\"urlTemplate\":\"https:\\\/\\\/alegria-realestate.com\\\/cs\\\/?s={search_term_string}\"},\"query-input\":{\"@type\":\"PropertyValueSpecification\",\"valueRequired\":true,\"valueName\":\"search_term_string\"}}],\"inLanguage\":\"cs\"},{\"@type\":\"Organization\",\"@id\":\"https:\\\/\\\/alegria-realestate.com\\\/cs\\\/#organization\",\"name\":\"Alegria Realestate\",\"url\":\"https:\\\/\\\/alegria-realestate.com\\\/cs\\\/\",\"logo\":{\"@type\":\"ImageObject\",\"inLanguage\":\"cs\",\"@id\":\"https:\\\/\\\/alegria-realestate.com\\\/cs\\\/#\\\/schema\\\/logo\\\/image\\\/\",\"url\":\"https:\\\/\\\/alegria-realestate.com\\\/wp-content\\\/uploads\\\/2019\\\/08\\\/logo_alegria.png\",\"contentUrl\":\"https:\\\/\\\/alegria-realestate.com\\\/wp-content\\\/uploads\\\/2019\\\/08\\\/logo_alegria.png\",\"width\":1600,\"height\":1403,\"caption\":\"Alegria Realestate\"},\"image\":{\"@id\":\"https:\\\/\\\/alegria-realestate.com\\\/cs\\\/#\\\/schema\\\/logo\\\/image\\\/\"},\"sameAs\":[\"https:\\\/\\\/www.facebook.com\\\/realestate.alegria\",\"https:\\\/\\\/x.com\\\/alegriarealesta\",\"https:\\\/\\\/www.instagram.com\\\/alegriadom\\\/\",\"https:\\\/\\\/www.linkedin.com\\\/profile\\\/view?id=154965227\",\"https:\\\/\\\/www.youtube.com\\\/user\\\/AlegriaRealEstate\"]},{\"@type\":\"Person\",\"@id\":\"https:\\\/\\\/alegria-realestate.com\\\/#\\\/schema\\\/person\\\/8710ba0d07d2af258b1610931398d861\",\"name\":\"stass\"}]}<\/script>\n<!-- \/ Yoast SEO plugin. -->","yoast_head_json":{"title":"Finestrat (Benidorm): presti\u017en\u00ed oblast pro \u017eivot a podnik\u00e1n\u00ed ve \u0160pan\u011blsku","robots":{"index":"index","follow":"follow","max-snippet":"max-snippet:-1","max-image-preview":"max-image-preview:large","max-video-preview":"max-video-preview:-1"},"canonical":"https:\/\/alegria-realestate.com\/cs\/wp-json\/wp\/v2\/posts\/11360","og_locale":"cs_CZ","og_type":"article","og_title":"Finestrat (Benidorm): presti\u017en\u00ed oblast pro \u017eivot a podnik\u00e1n\u00ed ve \u0160pan\u011blsku","og_description":"Finestrat je jednou z \u00fa\u017easn\u00fdch obc\u00ed ve Valencii (\u0160pan\u011blsko).\u2026","og_url":"https:\/\/alegria-realestate.com\/cs\/wp-json\/wp\/v2\/posts\/11360","og_site_name":"Nemovitosti ve \u0160pan\u011blsku","article_publisher":"https:\/\/www.facebook.com\/realestate.alegria","article_published_time":"2016-07-07T22:27:29+00:00","article_modified_time":"2025-08-14T16:39:54+00:00","og_image":[{"width":862,"height":340,"url":"https:\/\/alegria-realestate.com\/wp-content\/uploads\/2019\/02\/finestrat.png","type":"image\/png"}],"author":"stass","twitter_card":"summary_large_image","twitter_creator":"@alegriarealesta","twitter_site":"@alegriarealesta","schema":{"@context":"https:\/\/schema.org","@graph":[{"@type":"Article","@id":"https:\/\/alegria-realestate.com\/articles\/city-of-spain\/prestigious-area-of-finestrat-in-spain#article","isPartOf":{"@id":"https:\/\/alegria-realestate.com\/articles\/city-of-spain\/prestigious-area-of-finestrat-in-spain"},"author":{"name":"stass","@id":"https:\/\/alegria-realestate.com\/#\/schema\/person\/8710ba0d07d2af258b1610931398d861"},"headline":"Finestrat (Benidorm): presti\u017en\u00ed oblast pro \u017eivot a podnik\u00e1n\u00ed ve \u0160pan\u011blsku","datePublished":"2016-07-07T22:27:29+00:00","dateModified":"2025-08-14T16:39:54+00:00","mainEntityOfPage":{"@id":"https:\/\/alegria-realestate.com\/articles\/city-of-spain\/prestigious-area-of-finestrat-in-spain"},"wordCount":9464,"publisher":{"@id":"https:\/\/alegria-realestate.com\/#organization"},"image":{"@id":"https:\/\/alegria-realestate.com\/articles\/city-of-spain\/prestigious-area-of-finestrat-in-spain#primaryimage"},"thumbnailUrl":"https:\/\/alegria-realestate.com\/wp-content\/uploads\/2019\/02\/finestrat.png","articleSection":["Blog","M\u011bsta ve \u0160pan\u011blsku"],"inLanguage":"cs"},{"@type":"WebPage","@id":"https:\/\/alegria-realestate.com\/cs\/articles\/city-of-spain\/prestigious-area-of-finestrat-in-spain","url":"https:\/\/alegria-realestate.com\/cs\/articles\/city-of-spain\/prestigious-area-of-finestrat-in-spain","name":"Finestrat (Benidorm): presti\u017en\u00ed oblast pro \u017eivot a podnik\u00e1n\u00ed ve \u0160pan\u011blsku","isPartOf":{"@id":"https:\/\/alegria-realestate.com\/cs\/#website"},"primaryImageOfPage":{"@id":"https:\/\/alegria-realestate.com\/cs\/articles\/city-of-spain\/prestigious-area-of-finestrat-in-spain#primaryimage"},"image":{"@id":"https:\/\/alegria-realestate.com\/articles\/city-of-spain\/prestigious-area-of-finestrat-in-spain#primaryimage"},"thumbnailUrl":"https:\/\/alegria-realestate.com\/wp-content\/uploads\/2019\/02\/finestrat.png","datePublished":"2016-07-07T22:27:29+00:00","dateModified":"2025-08-14T16:39:54+00:00","breadcrumb":{"@id":"https:\/\/alegria-realestate.com\/cs\/articles\/city-of-spain\/prestigious-area-of-finestrat-in-spain#breadcrumb"},"inLanguage":"cs","potentialAction":[{"@type":"ReadAction","target":[["https:\/\/alegria-realestate.com\/cs\/articles\/city-of-spain\/prestigious-area-of-finestrat-in-spain"]]}]},{"@type":"ImageObject","inLanguage":"cs","@id":"https:\/\/alegria-realestate.com\/cs\/articles\/city-of-spain\/prestigious-area-of-finestrat-in-spain#primaryimage","url":"https:\/\/alegria-realestate.com\/wp-content\/uploads\/2019\/02\/finestrat.png","contentUrl":"https:\/\/alegria-realestate.com\/wp-content\/uploads\/2019\/02\/finestrat.png","width":862,"height":340},{"@type":"BreadcrumbList","@id":"https:\/\/alegria-realestate.com\/cs\/articles\/city-of-spain\/prestigious-area-of-finestrat-in-spain#breadcrumb","itemListElement":[{"@type":"ListItem","position":1,"name":"\u0413\u043b\u0430\u0432\u043d\u0430\u044f \u0441\u0442\u0440\u0430\u043d\u0438\u0446\u0430","item":"https:\/\/alegria-realestate.com\/cs\/"},{"@type":"ListItem","position":2,"name":"\u0424\u0438\u043d\u0435\u0441\u0442\u0440\u0430\u0442 (\u0411\u0435\u043d\u0438\u0434\u043e\u0440\u043c): \u043f\u0440\u0435\u0441\u0442\u0438\u0436\u043d\u044b\u0439 \u0440\u0430\u0439\u043e\u043d \u0434\u043b\u044f \u0436\u0438\u0437\u043d\u0438 \u0438 \u0431\u0438\u0437\u043d\u0435\u0441\u0430 \u0432 \u0418\u0441\u043f\u0430\u043d\u0438\u0438"}]},{"@type":"WebSite","@id":"https:\/\/alegria-realestate.com\/cs\/#website","url":"https:\/\/alegria-realestate.com\/cs\/","name":"Nemovitosti ve \u0160pan\u011blsku","description":"Nemovitosti ve \u0160pan\u011blsku: prodej ve v\u0161ech m\u011bstech \u2013 Torrevieja, Alicante, Benidorm a dal\u0161\u00ed. Pom\u016f\u017eeme v\u00e1m s koup\u00ed nemovitosti na Costa Blanca \u2013 secondhandov\u00e9 bydlen\u00ed i novostavby. Kompletn\u00ed vy\u0159\u00edzen\u00ed na kl\u00ed\u010d. Nemovitosti na Costa Blanca od 80 000 \u20ac.","publisher":{"@id":"https:\/\/alegria-realestate.com\/cs\/#organization"},"potentialAction":[{"@type":"SearchAction","target":{"@type":"EntryPoint","urlTemplate":"https:\/\/alegria-realestate.com\/cs\/?s={search_term_string}"},"query-input":{"@type":"PropertyValueSpecification","valueRequired":true,"valueName":"search_term_string"}}],"inLanguage":"cs"},{"@type":"Organization","@id":"https:\/\/alegria-realestate.com\/cs\/#organization","name":"Alegria Realestate","url":"https:\/\/alegria-realestate.com\/cs\/","logo":{"@type":"ImageObject","inLanguage":"cs","@id":"https:\/\/alegria-realestate.com\/cs\/#\/schema\/logo\/image\/","url":"https:\/\/alegria-realestate.com\/wp-content\/uploads\/2019\/08\/logo_alegria.png","contentUrl":"https:\/\/alegria-realestate.com\/wp-content\/uploads\/2019\/08\/logo_alegria.png","width":1600,"height":1403,"caption":"Alegria Realestate"},"image":{"@id":"https:\/\/alegria-realestate.com\/cs\/#\/schema\/logo\/image\/"},"sameAs":["https:\/\/www.facebook.com\/realestate.alegria","https:\/\/x.com\/alegriarealesta","https:\/\/www.instagram.com\/alegriadom\/","https:\/\/www.linkedin.com\/profile\/view?id=154965227","https:\/\/www.youtube.com\/user\/AlegriaRealEstate"]},{"@type":"Person","@id":"https:\/\/alegria-realestate.com\/#\/schema\/person\/8710ba0d07d2af258b1610931398d861","name":"stass"}]}},"_links":{"self":[{"href":"https:\/\/alegria-realestate.com\/cs\/wp-json\/wp\/v2\/posts\/11360","targetHints":{"allow":["GET"]}}],"collection":[{"href":"https:\/\/alegria-realestate.com\/cs\/wp-json\/wp\/v2\/posts"}],"about":[{"href":"https:\/\/alegria-realestate.com\/cs\/wp-json\/wp\/v2\/types\/post"}],"author":[{"embeddable":true,"href":"https:\/\/alegria-realestate.com\/cs\/wp-json\/wp\/v2\/users\/1"}],"replies":[{"embeddable":true,"href":"https:\/\/alegria-realestate.com\/cs\/wp-json\/wp\/v2\/comments?post=11360"}],"version-history":[{"count":1,"href":"https:\/\/alegria-realestate.com\/cs\/wp-json\/wp\/v2\/posts\/11360\/revisions"}],"predecessor-version":[{"id":836646,"href":"https:\/\/alegria-realestate.com\/cs\/wp-json\/wp\/v2\/posts\/11360\/revisions\/836646"}],"wp:featuredmedia":[{"embeddable":true,"href":"https:\/\/alegria-realestate.com\/cs\/wp-json\/wp\/v2\/media\/11361"}],"wp:attachment":[{"href":"https:\/\/alegria-realestate.com\/cs\/wp-json\/wp\/v2\/media?parent=11360"}],"wp:term":[{"taxonomy":"category","embeddable":true,"href":"https:\/\/alegria-realestate.com\/cs\/wp-json\/wp\/v2\/categories?post=11360"},{"taxonomy":"post_tag","embeddable":true,"href":"https:\/\/alegria-realestate.com\/cs\/wp-json\/wp\/v2\/tags?post=11360"}],"curies":[{"name":"wp","href":"https:\/\/api.w.org\/{rel}","templated":true}]}}