{"id":11413,"date":"2016-07-27T01:48:23","date_gmt":"2016-07-26T22:48:23","guid":{"rendered":"https:\/\/alegria-realestate.com\/?p=11413"},"modified":"2025-08-14T19:40:48","modified_gmt":"2025-08-14T16:40:48","slug":"modern-benidorm-in-spain","status":"publish","type":"post","link":"https:\/\/alegria-realestate.com\/cs\/articles\/city-of-spain\/modern-benidorm-in-spain","title":{"rendered":"Benidorm \u2013 \u201eNew York St\u0159edomo\u0159\u00ed\u201c."},"content":{"rendered":"<p><img decoding=\"async\" style=\"display: block; margin-left: auto; margin-right: auto;\" src=\"..\/assets\/frontendfiles\/img\/benidorm-(2).jpg\" alt=\"\" width=\"100%\" \/> Benidorm je letovisko ve \u0161pan\u011blsk\u00e9 provincii Alicante (autonomn\u00ed spole\u010denstv\u00ed Valencie), kter\u00e9 se nach\u00e1z\u00ed na pob\u0159e\u017e\u00ed St\u0159edozemn\u00edho mo\u0159e, v Marina Baja. Tato oblast je nejhust\u011bji os\u00eddlen\u00e1. Podle s\u010d\u00edt\u00e1n\u00ed lidu z roku 2014 m\u00e1 obec 69 010 obyvatel. Benidorm je pova\u017eov\u00e1n za turistick\u00e9 hlavn\u00ed m\u011bsto Valencie. B\u00fdv\u00e1 naz\u00fdv\u00e1n \u201eNew Yorkem St\u0159edomo\u0159\u00ed\u201c. Je to m\u011bsto s nejv\u011bt\u0161\u00edm po\u010dtem mrakodrap\u016f ve \u0160pan\u011blsku a po sv\u00e9m \u201evelk\u00e9m bratrovi\u201c druh\u00e9 na sv\u011bt\u011b co do po\u010dtu v\u00fd\u0161kov\u00fdch budov na metr \u010dtvere\u010dn\u00ed. D\u00edky sv\u00fdm \u010dist\u00fdm a dob\u0159e vybaven\u00fdm pl\u00e1\u017e\u00edm a tak\u00e9 ru\u0161n\u00e9mu no\u010dn\u00edmu \u017eivotu se Benidorm stal mezi turisty mega-popul\u00e1rn\u00ed. V l\u00e9t\u011b tu \u017eije asi 400 000 lid\u00ed! Nen\u00ed \u017e\u00e1dn\u00fdm p\u0159ekvapen\u00edm, \u017ee se m\u011bsto co do po\u010dtu hotel\u016f \u0159ad\u00ed na t\u0159et\u00ed m\u00edsto po Madridu a Barcelon\u011b. <a href=\"\/ru\/sale\/benidorm\">Nemovitosti v Benidormu<\/a> jsou velmi \u017e\u00e1dan\u00e9 a cizinci si je kupuj\u00ed jako investi\u010dn\u00ed nemovitost za \u00fa\u010delem generov\u00e1n\u00ed p\u0159\u00edjm\u016f z pron\u00e1jmu a pro vlastn\u00ed bydlen\u00ed a sez\u00f3nn\u00ed dovolenou.<\/p>\n<h3> Um\u00edst\u011bn\u00ed<\/h3>\n<p> Do m\u011bsta se dostanete po d\u00e1lnic\u00edch N-332 a AP-7. Z Alicante jezd\u00ed \u010dasto autobusy a dokonce i tramvaj. Benidorm se nach\u00e1z\u00ed v pom\u011brn\u011b privilegovan\u00e9 geografick\u00e9 poloze, co\u017e zde vytv\u00e1\u0159\u00ed zvl\u00e1\u0161tn\u00ed mikroklima. Zima je m\u00edrn\u00e1 a tepl\u00e1 a v letn\u00edch vedrech vane od mo\u0159e p\u0159\u00edjemn\u00fd chladiv\u00fd v\u00e1nek. M\u011bsto je obklopeno horami (el Parque Natural de la Sierra Helada na v\u00fdchod\u011b, Sierra Cortina a el Puig Campana na severu, el Tossal de la Cala na z\u00e1pad\u011b), kter\u00e9 ho chr\u00e1n\u00ed p\u0159ed studen\u00fdmi v\u011btry. D\u00edky t\u00e9to poloze se v mo\u0159i m\u016f\u017eete koupat t\u00e9m\u011b\u0159 po cel\u00fd rok. Pl\u00e1\u017ee Levante, Poniente a MalPas byly ocen\u011bny nejvy\u0161\u0161\u00edm ocen\u011bn\u00edm kvality, Modrou vlajkou. M\u011bsto hrani\u010d\u00ed s Alfaz del Pi, La Nuc\u00eda, Finestrat, Villajoyosa a Altea. <iframe loading=\"lazy\" src=\"https:\/\/www.google.com\/maps\/embed?pb=!1m18!1m12!1m3!1d49933.430858578715!2d-0.16501499936602457!3d38.53746942233915!2m3!1f0!2f0!3f0!3m2!1i1024!2i768!4f13.1!3m3!1m2!1s0xd6204dca62575c3%3A0x219fa90c0ff26eb5!2zQmVuaWRvcm0sINCQ0LvQuNC60LDQvdGC0LUsINCY0YHQv9Cw0L3QuNGP!5e0!3m2!1sru!2sua!4v1469623996620\" width=\"100%\" height=\"250\" frameborder=\"0\" allowfullscreen=\"allowfullscreen\"><\/iframe><\/p>\n<h3> Podneb\u00ed<\/h3>\n<p> Podneb\u00ed v Benidormu je subtropick\u00e9, nicm\u00e9n\u011b vlivem st\u0159edomo\u0159sk\u00e9ho v\u00e1nku sn\u00e1\u0161\u00ed letn\u00ed vedra mnohem sn\u00e1ze. Pr\u016fm\u011brn\u00e1 ro\u010dn\u00ed teplota je 18,9\u00b0C. Teploty v zim\u011b se pohybuj\u00ed od 10\u00b0C do 16 &#8211; 20\u00b0C. V l\u00e9t\u011b m\u016f\u017ee teplom\u011br dos\u00e1hnout 33 \u00b0C. Pro Benidorm jsou tak\u00e9 typick\u00e9 tepl\u00e9, \u201etropick\u00e9 noci\u201c. Prakticky zde nepr\u0161\u00ed, sr\u00e1\u017eky dosahuj\u00ed n\u011bco m\u00e1lo p\u0159es 300 mm za rok. [toto m\u00edsto]<\/p>\n<h3> Historie Benidormu<\/h3>\n<p> Na \u00fazem\u00ed obce byly nalezeny ibersk\u00e9 a \u0159\u00edmsk\u00e9 ruiny. Historici tak\u00e9 nazna\u010duj\u00ed, \u017ee b\u011bhem Reconquisty zde vl\u00e1dly arabsk\u00e9 kmeny. Samotn\u00fd n\u00e1zev \u201eBenidorm\u201c se v\u0161ak poprv\u00e9 objevuje v Knize \u010din\u016f (Llibre dels Feyts) Jakuba I. Aragonsk\u00e9ho, kter\u00fd tuto \u010d\u00e1st provincie Alicante v roce 1245 dobyl. Tato \u010d\u00e1st regionu byla sv\u011b\u0159ena pod velen\u00ed admir\u00e1la Bernardode Sarri\u00e1, kter\u00fd je pova\u017eov\u00e1n za zakladatele m\u011bsta. 8. kv\u011btna 1325 podepsal dokument \u201eCarta Puebla\u201c, kter\u00fd vymezoval hranice m\u011bsta. Vl\u00e1dnouc\u00ed elita se ob\u00e1vala, \u017ee obyvatel\u00e9 regionu podpo\u0159\u00ed vl\u00e1du Nasrid\u016f, a tak se hrad a jeho okoln\u00ed pozemky rychle p\u0159em\u011bnily na m\u011bsto. Obyvatelstvo Benidormu trp\u011blo neust\u00e1l\u00fdmi \u00fatoky pir\u00e1t\u016f. V roce 1448 Berbe\u0159i zotro\u010dili v\u011bt\u0161inu m\u00edstn\u00edch obyvatel. V dob\u011b vzpoury \u0159emeslnick\u00fdch cech\u016f v roce 1520 u\u017e ve m\u011bst\u011b prakticky nikdo nez\u016fstal. V 16. stolet\u00ed se Benidorm vr\u00e1til pod ochranu \u0161pan\u011blsk\u00e9 koruny. V roce 1666 byl z iniciativy Beatriu Fajardode Mendozy, vl\u00e1dce Polopu a Benidormu, vytvo\u0159en nov\u00fd dekret, kter\u00fd prohl\u00e1sil m\u011bsto za magistr\u00e1t. Vytvo\u0159en\u00ed zavla\u017eovac\u00edho kan\u00e1lu Rec Major del &#39;Alf\u00e0s zajistilo ekonomickou nez\u00e1vislost nov\u00e9 geopolitick\u00e9 entity a po\u010det obyvatel vzrostl z 216 obyvatel v roce 1715 na 2 700 na konci 18. stolet\u00ed. Lid\u00e9 se zab\u00fdvali rybolovem a tu\u0148\u00e1k byl z\u00e1kladem tohoto odv\u011btv\u00ed. B\u011bhem v\u00e1lky za nez\u00e1vislost Napoleonova vojska znesv\u011btila h\u0159bitov a dobyla hrad v Benidormu, kter\u00fd byl pozd\u011bji \u010d\u00e1ste\u010dn\u011b zni\u010den Brity. V 19. stolet\u00ed bylo ve m\u011bst\u011b otev\u0159eno vodn\u00ed st\u0159edisko Balneario dela Virgen del Sufragio. Od t\u00e9 chv\u00edle se Benidorm za\u010dal prom\u011b\u0148ovat v turistick\u00e9 centrum. Postupn\u011b bylo z\u0159\u00edzeno dopravn\u00ed spojen\u00ed s Madridem a Alicante, d\u00edky \u010demu\u017e se do m\u011bsta dostalo v\u00edce lid\u00ed. Z\u00e1rove\u0148 se ztr\u00e1tou posledn\u00edch z\u00e1mo\u0159sk\u00fdch koloni\u00ed v roce 1898 (Kuba, Portoriko a Filip\u00edny) a tak\u00e9 po ni\u010div\u00e9 invazi fylox\u00e9ry na po\u010d\u00e1tku 20. stolet\u00ed za\u010daly upadat odv\u011btv\u00ed jako zem\u011bd\u011blstv\u00ed a obchod. To v\u0161e se stalo p\u0159\u00ed\u010dinou nov\u00e9ho migra\u010dn\u00edho procesu v regionu. Lid\u00e9 jezdili na Kubu, pob\u0159e\u017e\u00ed C\u00e1dizu nebo Barcelony. V t\u00e9to dob\u011b se v Benidormu objevily velk\u00e9 p\u0159\u00edstavy a prvn\u00ed domy na la Playa de Levante. Po skon\u010den\u00ed ob\u010dansk\u00e9 v\u00e1lky se pr\u016fmysl ve m\u011bst\u011b postupn\u011b vzpamatov\u00e1val. Lid\u00e9 se vr\u00e1tili k tradi\u010dn\u00edmu rybolovu a zem\u011bd\u011blstv\u00ed. V roce 1956 schv\u00e1lila m\u011bstsk\u00e1 rada d\u00edky \u00fasil\u00ed starosty Pedra Zaragozy Ortse nov\u00fd pl\u00e1n m\u011bsta, podle kter\u00e9ho m\u011bsto za\u010dalo rozv\u00edjet turistickou infrastrukturu. Stav\u011bly se \u0161irok\u00e9 t\u0159\u00eddy, stav\u011bly se domy a objevovaly se rekrea\u010dn\u00ed oblasti. Od t\u00e9 doby se cestovn\u00ed ruch stal z\u00e1kladem prosperity m\u011bsta. Zahrani\u010dn\u00ed turist\u00e9 za\u010dali do Benidormu p\u0159ij\u00ed\u017ed\u011bt st\u00e1le \u010dast\u011bji a po otev\u0159en\u00ed leti\u0161t\u011b Alicante-Elche v roce 1967 se jejich po\u010det n\u011bkolikan\u00e1sobn\u011b zv\u00fd\u0161il. V reakci na to v roce 1986 starosta Manuel Catal\u00e1n Chana spole\u010dn\u011b s architektem Juanem Jos\u00e9 Chinerem Vivesem v\u00fdrazn\u011b upravili a roz\u0161\u00ed\u0159ili pl\u00e1n rozvoje m\u011bsta. V sou\u010dasn\u00e9 dob\u011b je Benidorm jedn\u00edm z nejobl\u00edben\u011bj\u0161\u00edch turistick\u00fdch m\u011bst na pob\u0159e\u017e\u00ed St\u0159edozemn\u00edho mo\u0159e.<\/p>\n<h3> Nemovitost v Benidormu<\/h3>\n<p> Luxusn\u00ed <a href=\"https:\/\/alegria-realestate.com\/ru\/sale\/benidorm\/villa\">vily v Benidormu<\/a> s v\u00fdhledem na mo\u0159e a kr\u00e1sn\u00e9 m\u011bsto se staly chutn\u00fdm soustem jak pro investory, tak pro milovn\u00edky pohodln\u00e9ho bydlen\u00ed. Nemohli jsme ignorovat po\u017eadavky na\u0161ich klient\u016f a zah\u00e1jili jsme n\u011bkolik projekt\u016f v\u00fdstavby luxusn\u00edch dom\u016f. V nejbli\u017e\u0161\u00ed dob\u011b bude dokon\u010dena v\u00fdstavba v\u00edce ne\u017e stovky dom\u016f od stavebn\u00ed firmy Alegria Construcciones. Prohl\u00e9dn\u011bte si n\u00e1\u0161 katalog <a href=\"\/ru\/sale\">nemovitost\u00ed ve \u0160pan\u011blsku<\/a> , v\u010detn\u011b dom\u016f a <a href=\"https:\/\/alegria-realestate.com\/ru\/sale\/benidorm\/apartments\">apartm\u00e1n\u016f v Benidormu<\/a> , nemovitost\u00ed <a href=\"https:\/\/alegria-realestate.com\/ru\/sale\/alicante\/apartments\">v Alicante<\/a> a <a href=\"\/ru\/sale\/torrevieja\">Torrevieja<\/a> , abyste na\u0161li ten domov, kter\u00fd se stane va\u0161\u00ed pevnost\u00ed, va\u0161\u00edm domovem a va\u0161\u00edm \u00fatuln\u00fdm hn\u00edzdem pod hork\u00fdm \u0161pan\u011blsk\u00fdm sluncem. [toto m\u00edsto] <img decoding=\"async\" style=\"display: block; margin-left: auto; margin-right: auto;\" src=\"https:\/\/vtorrevieje.com\/assets\/images\/files\/benidorm\/benidorm_panorama.jpg\" alt=\"\" width=\"100%\" \/> <span style=\"font-size: 16px;\">Populace Benidormu je 69 010 obyvatel (od roku 2014). Naprost\u00e1 v\u011bt\u0161ina cizinc\u016f \u017eije ve m\u011bst\u011b bez registrace, statistici proto p\u0159edpokl\u00e1daj\u00ed, \u017ee ve skute\u010dnosti toto \u010d\u00edslo dosahuje minim\u00e1ln\u011b 100 000 lid\u00ed. Nicm\u00e9n\u011b 29,3 % populace registrovan\u00e9 v roce 2007 byli cizinci z Evropsk\u00e9 unie, zejm\u00e9na britsk\u00e9ho p\u016fvodu.<\/span> Demografie a urbanizace Benidorm je centrem turistick\u00e9ho \u017eivota na pob\u0159e\u017e\u00ed d\u00edky sv\u00e9mu tepl\u00e9mu klimatu, m\u00edrn\u00fdm teplot\u00e1m po cel\u00fd rok. Od poloviny dvac\u00e1t\u00e9ho stolet\u00ed pro\u0161lo m\u011bsto mimo\u0159\u00e1dn\u00fdmi architektonick\u00fdmi prom\u011bnami. Sta\u010d\u00ed se pod\u00edvat na po\u010det mrakodrap\u016f! V tomto smyslu je Benidorm na druh\u00e9m m\u00edst\u011b za Manhattanem. N\u011bkter\u00e9 hotely jsou uzn\u00e1v\u00e1ny jako nejvy\u0161\u0161\u00ed budovy v Evrop\u011b, nap\u0159\u00edklad Hotel Bali III &#8211; 186 metr\u016f, Hotel In Tempo &#8211; 192 metr\u016f.<\/p>\n<h3> Pam\u00e1tky a zaj\u00edmavosti.<\/h3>\n<ul>\n<li> V\u011b\u017e Puntadel Cavall. V\u011b\u017e byla prohl\u00e1\u0161ena za kulturn\u00ed pam\u00e1tku. Nach\u00e1z\u00ed se v Punta de les Caletes nebo Punta del Cavall, odtud poch\u00e1z\u00ed druh\u00e9 jm\u00e9no v\u011b\u017ee (Torre de les Caletes). Je sou\u010d\u00e1st\u00ed p\u0159\u00edrodn\u00ed rezervace Parque Natural de la Sierra Helada. <img decoding=\"async\" style=\"display: block; margin-left: auto; margin-right: auto;\" src=\"https:\/\/vtorrevieje.com\/assets\/images\/files\/benidorm\/Torre Puntadel Cavall.jpg\" alt=\"\" width=\"100%\" \/><\/li>\n<li> Tossal de la Cala (3.-1. stolet\u00ed p\u0159ed na\u0161\u00edm letopo\u010dtem). Starobyl\u00e9 ibersk\u00e9 os\u00eddlen\u00ed, kter\u00e9 slou\u017eilo jako jedno z obchodn\u00edch m\u00edst. <img decoding=\"async\" style=\"display: block; margin-left: auto; margin-right: auto;\" src=\"https:\/\/vtorrevieje.com\/assets\/images\/files\/benidorm\/Tossal de la Cala.jpg\" alt=\"\" width=\"100%\" \/><\/li>\n<li> Zrcadlo bodu Canfali. Pevnost ve sk\u00e1le odd\u011bluj\u00edc\u00ed dv\u011b pl\u00e1\u017ee, kter\u00e1 slou\u017eila jako obrana proti n\u00e1jezd\u016fm Berber\u016f a al\u017e\u00edrsk\u00fdch pir\u00e1t\u016f ve 14., 15. a 16. stolet\u00ed. Pozd\u011bji byl hrad opu\u0161t\u011bn a dnes z\u016fstaly jen n\u011bkter\u00e9 zbytky zd\u00ed, kter\u00e9 jsou tak\u00e9 zn\u00e1m\u00e9 jako st\u0159edomo\u0159sk\u00fd balkon (balc\u00f3n del Mediterr\u00e1neo). <img decoding=\"async\" style=\"display: block; margin-left: auto; margin-right: auto;\" src=\"https:\/\/vtorrevieje.com\/assets\/images\/files\/benidorm\/El Mirador de la Punta del Canfali.jpg\" alt=\"\" width=\"100%\" \/><\/li>\n<li> Kostel San Jaime a Santa Ana. Kostel se nach\u00e1z\u00ed ve star\u00e9m m\u011bst\u011b, na vrcholu kopce Canfali. Stavba prob\u00edhala v letech 1740 a\u017e 1780. <img decoding=\"async\" style=\"display: block; margin-left: auto; margin-right: auto;\" src=\"https:\/\/vtorrevieje.com\/assets\/images\/files\/benidorm\/Iglesia de San Jaime y Santa Ana.jpg\" alt=\"\" width=\"100%\" \/><\/li>\n<li> Ostrov periodist\u016f. Ostrov L&#39;Illa, kter\u00fd je tak\u00e9 zn\u00e1m\u00fd jako ostrov novin\u00e1\u0159\u016f, l\u00e1k\u00e1 mnoho turist\u016f. O p\u016fvodu a hrdinsk\u00e9 minulosti ostrova koluj\u00ed legendy. Jedna z nich vypr\u00e1v\u00ed p\u0159\u00edb\u011bh o l\u00e1sce obra Rold\u00e1na ke kr\u00e1sn\u00e9 d\u00e1m\u011b. Jednoho dne Rold\u00e1n\u016fv milovan\u00fd onemocn\u011bl a nemoc dok\u00e1zaly vyl\u00e9\u010dit jen slune\u010dn\u00ed paprsky. Obr cht\u011bl zastavit z\u00e1pad slunce a ude\u0159il p\u011bst\u00ed na Mount Puig. Vytvo\u0159ila se \u0161t\u011brbina a kus sk\u00e1ly se ulomil a spadl do mo\u0159e a vytvo\u0159il ostrov L&#39;Illa. Nemoc v\u0161ak neustoupila a \u017eena zem\u0159ela. Zarmoucen\u00fd Rold\u00e1n vzal t\u011blo sv\u00e9 milovan\u00e9 a st\u00e1hl se na ostrov, aby s n\u00ed byl s\u00e1m. Z mo\u0159sk\u00e9 strany m\u00e1 tento ostrov troj\u00faheln\u00edkov\u00fd vzhled, jeho rozloha je 6,57 hektar\u016f. Nen\u00ed zde prakticky \u017e\u00e1dn\u00e1 \u00farodn\u00e1 p\u016fda, co\u017e je limituj\u00edc\u00edm faktorem pro p\u0159\u00edtomnost vegetace. <img decoding=\"async\" style=\"display: block; margin-left: auto; margin-right: auto;\" src=\"https:\/\/vtorrevieje.com\/assets\/images\/files\/benidorm\/Isla de los Periodistas.jpg\" alt=\"\" width=\"100%\" \/><\/li>\n<li> Isla Mijana. Ostrov. La Creu. Evangeliza\u010dn\u00ed mise skon\u010dila v roce 1962 vzty\u010den\u00edm k\u0159\u00ed\u017ee na vrcholu la Serra Gel\u00e0. Dnes sem chod\u00ed nejr\u016fzn\u011bj\u0161\u00ed lid\u00e9: turist\u00e9, poutn\u00edci, rekreanti, \u017e\u00edzn\u00edc\u00ed po jedine\u010dn\u00fdch selfie. Panorama je zde opravdu \u00fa\u017easn\u00e9.<\/li>\n<\/ul>\n<h3> Dovolen\u00e1 v Benidormu<\/h3>\n<p> Vzk\u0159\u00ed\u0161en\u00ed Krista je jedn\u00edm z hlavn\u00edch sv\u00e1tk\u016f v obci. Podle tradice ryb\u00e1\u0159sk\u00e9 vesnice proch\u00e1z\u00ed ulicemi m\u011bsta ve slavnostn\u00edm pr\u016fvodu \u0161est bratrstev sjednocen\u00fdch ve Velk\u00e9m sn\u011bmu (Junta Mayorde Cofrad\u00edas y Hermandades). Takto lid\u00e9 d\u011bkuj\u00ed Je\u017e\u00ed\u0161i a vyz\u00fdvaj\u00ed v\u0161echny ke sjednocen\u00ed. Benidorm je m\u011bsto, kde maj\u00ed sv\u00e1tky velk\u00fd v\u00fdznam a hraj\u00ed d\u016fle\u017eitou roli v \u017eivotech jeho obyvatel. V listopadu lid\u00e9 po dobu p\u011bti dn\u016f slav\u00ed dny sv\u00fdch svat\u00fdch patron\u016f: Panny Marie ze Sufragia a apo\u0161tola Jakuba (San Jaime Ap\u00f3ostl). Hlavn\u00ed oslavy se konaj\u00ed na pl\u00e1\u017ei la Playa de Poniente. Podle legendy v b\u0159eznu 1740 lo\u010f najela na m\u011bl\u010dinu v z\u00e1toce Benidorm b\u011bhem bou\u0159e. Lid\u00e9 se ze strachu z epidemie rozhodli \u201enezvan\u00e9ho hosta\u201c up\u00e1lit. V hromad\u011b popela na\u0161li chlapci obraz Panny Marie, na jej\u00ed\u017e po\u010dest byl kostel a kaple postavena. P\u0159esto\u017ee se akce konaly na ja\u0159e, oslavy se p\u0159esunuly na podzim, kdy se v\u011bt\u0161ina ryb\u00e1\u0159\u016f vrac\u00ed dom\u016f. Slav\u00ed tak\u00e9 V\u00e1noce, \u010dekaj\u00ed na T\u0159i kr\u00e1le, v \u010dervnu zapaluj\u00ed ohn\u011b na San Juan a po\u0159\u00e1daj\u00ed historick\u00e9 rekonstrukce bitev mezi Maury a k\u0159es\u0165any. Festivaly a sv\u00e1tky se zde konaj\u00ed t\u00e9m\u011b\u0159 ka\u017ed\u00fd den, proto\u017ee krom\u011b st\u00e1tn\u00edch sv\u00e1tk\u016f se zde konaj\u00ed i m\u00edstn\u00ed sv\u00e1tky a festivaly. Vzhledem k tomu, \u017ee m\u011bsto m\u00e1 rozmanitou kulturu, slav\u00ed se zde ob\u010das pro \u0160pan\u011blsko netradi\u010dn\u00ed sv\u00e1tky. V l\u00e9t\u011b je m\u011bsto pono\u0159eno do hudby, proto\u017ee host\u00ed mezin\u00e1rodn\u00ed Low Cost Festival. <img decoding=\"async\" style=\"display: block; margin-left: auto; margin-right: auto;\" src=\"https:\/\/vtorrevieje.com\/assets\/images\/files\/images\/dostoprimechtelnosti.jpg\" alt=\"\" width=\"100%\" \/><\/p>\n<h3> Jak se dostat do m\u011bsta<\/h3>\n<p> Do Benidormu se dostanete z d\u00e1lnice N-332 nebo AP-7 p\u0159es Poniente-Terra M\u00edtica (65A) a Levante (65). Mezim\u011bstsk\u00e9 autobusy jezd\u00ed z Alicante, Valencie, Madridu, Kant\u00e1brie, Baskicka, Navarry, La Rioja atd. Autobusov\u00e1 n\u00e1dra\u017e\u00ed se nach\u00e1zej\u00ed u v\u00fdjezdu z Benidormu p\u0159ed hasi\u010dskou zbrojnic\u00ed, pobl\u00ed\u017e budovy soudu (Palacio de Justicia), pobl\u00ed\u017e sportovn\u00edho pal\u00e1ce \u201eIlla de Benidorm\u201c a vzd\u011bl\u00e1vac\u00edho komplexu \u201eSalto del Agua\u201c. Do Benidormu se dostanete vlakem z Alicante a Denia. Po m\u011bst\u011b se m\u016f\u017eete pohybovat autobusem nebo tax\u00edkem. Spole\u010dnost Llorente Bus, lidov\u011b zn\u00e1m\u00e1 jako \u201egua-gua\u201c, jezd\u00ed tak\u00e9 do t\u011bchto destinac\u00ed: Alfaz del Pi, el Albir, Altea, Finestrat, La Nuc\u00eda, la cala de Finestrat, Villajoyosa, el Castillo de Guadalest. M\u011bstsk\u00fd p\u0159\u00edstav se nach\u00e1z\u00ed mezi pl\u00e1\u017eemi Playas de Levante y Peque\u00f1a a la Playa de Poniente.<\/p>\n<h3> Slavn\u00e9 osobnosti<\/h3>\n<ul>\n<li> Jos\u00e9 P\u00e9rez Fuster (1856-1933): l\u00e9ka\u0159, \u0159editel M\u011bstsk\u00e9ho \u00fastavu hygieny ve Valencii. Zavedeno o\u010dkov\u00e1n\u00ed proti z\u00e1\u0161krtu na \u00fazem\u00ed AS Valencie.<\/li>\n<li> Pedro Zaragoza Orts: (1922-2008) pr\u00e1vn\u00edk, starosta m\u011bsta. Bojovn\u00edk za rozvoj Benidormu jako turistick\u00e9ho centra.<\/li>\n<li> Francisco Orts Llorca: doktor medic\u00edny, profesor anatomie,<\/li>\n<li> Guillermo Amor: Fotbalista FC Barcelona, hr\u00e1\u010d n\u00e1rodn\u00edho t\u00fdmu.<\/li>\n<li> Antonio L\u00f3pez Guerrero: Fotbalista za Atl\u00e9ticode Madrid, RCD Mallorca, hr\u00e1\u010d n\u00e1rodn\u00edho t\u00fdmu.<\/li>\n<li> Pere Maria Orts a Bosch: Historik. Nenarodil se v Benidormu, ale je \u010destn\u00fdm ob\u010danem.<\/li>\n<li> Miguel Fuster: Sportovec, z\u00e1vodn\u00edk.<\/li>\n<li> Leire Paj\u00edn: Politik, st\u00e1tn\u00ed tajemn\u00edk pro mezin\u00e1rodn\u00ed spolupr\u00e1ci, ministr zdravotnictv\u00ed, soci\u00e1ln\u00ed politiky a rovnosti \u0161pan\u011blsk\u00e9 vl\u00e1dy.<\/li>\n<li> Gema Amor P\u00e9rez , politik, b\u00fdval\u00fd ministr Valencie.<\/li>\n<\/ul>\n<h3> Politick\u00fd \u017eivot<\/h3>\n<p> Ve volb\u00e1ch v roce 1991 z\u00edskala v\u011bt\u0161inu PSPV-PSOE (Socialistick\u00e1 strana), kter\u00e1 si zajistila 11 radn\u00edch proti 10 z PP (Lidov\u00e1 strana). Ji\u017e v listopadu t\u00e9ho\u017e roku v\u0161ak k\u0159eslo starosty m\u011bsta obdr\u017eel p\u0159edstavitel lidovc\u016f Eduardo Zaplana. V roce 2011, PSPV-PSOE a PP ka\u017ed\u00fd z\u00edskal 11 m\u00edst v obecn\u00ed rad\u011b. Ta vytvo\u0159ila koalici s CDL a socialist\u00e9 se ocitli v men\u0161in\u011b. V roce 2015 voli\u010di op\u011bt zvolili starostou z\u00e1stupce lidov\u00e9 strany Antonia P\u00e9reze P\u00e9reze. Te\u010f u\u017e toho o Benidormu hodn\u011b v\u00edte, zveme v\u00e1s k p\u0159e\u010dten\u00ed \u010dl\u00e1nku o presti\u017en\u00ed oblasti pro \u017eivot a podnik\u00e1n\u00ed v okol\u00ed: <a href=\"about\/news\/finestrat-(benidorm)-prestigious-area-for-living-and-business-in-spain.html\">Finestrat<\/a> . Pokud sn\u00edte o dobr\u00e9m dom\u011b ve \u0160pan\u011blsku za nejlep\u0161\u00ed konkuren\u010dn\u00ed cenu, neodkl\u00e1dejte sv\u016fj sen na z\u00edt\u0159ek, kontaktujte n\u00e1s hned te\u010f a my zodpov\u00edme v\u0161echny va\u0161e dotazy ohledn\u011b n\u00e1kupu nemovitosti v Benidormu, stejn\u011b jako <a href=\"\/ru\/\">nemovitosti na Costa Blanca<\/a> : Telefon: <a href=\"tel: +34672007801\">+34 672 00 78 01<\/a> E-mail: <a href=\"mailto:yan@alegria-realestate.com\">yan@alegria-realestate.com<\/a> <iframe loading=\"lazy\" src=\"https:\/\/www.youtube.com\/embed\/sp6nSk06eIA\" width=\"100%\" height=\"400\" frameborder=\"0\" allowfullscreen=\"allowfullscreen\"><\/iframe> Zdroj: <a href=\"https:\/\/ru.wikipedia.org\" target=\"_blank\" rel=\"noopener noreferrer\">www.wikipedia.org<\/a><\/p>","protected":false},"excerpt":{"rendered":"<p>Benidorm je letovisko ve \u0161pan\u011blsk\u00e9 provincii Alicante (autonomn\u00ed spole\u010denstv\u00ed\u2026<\/p>\n","protected":false},"author":1,"featured_media":11414,"comment_status":"closed","ping_status":"closed","sticky":false,"template":"","format":"standard","meta":{"footnotes":""},"categories":[1,747],"tags":[],"class_list":["post-11413","post","type-post","status-publish","format-standard","has-post-thumbnail","hentry","category-articles","category-city-of-spain"],"yoast_head":"<!-- This site is optimized with the Yoast SEO plugin v27.5 - https:\/\/yoast.com\/product\/yoast-seo-wordpress\/ -->\n<title>Benidorm \u2013 \u201eNew York St\u0159edomo\u0159\u00ed\u201c.<\/title>\n<meta name=\"robots\" content=\"index, follow, max-snippet:-1, max-image-preview:large, max-video-preview:-1\" \/>\n<link rel=\"canonical\" href=\"https:\/\/alegria-realestate.com\/cs\/wp-json\/wp\/v2\/posts\/11413\" \/>\n<meta property=\"og:locale\" content=\"cs_CZ\" \/>\n<meta property=\"og:type\" content=\"article\" \/>\n<meta property=\"og:title\" content=\"Benidorm \u2013 \u201eNew York St\u0159edomo\u0159\u00ed\u201c.\" \/>\n<meta property=\"og:description\" content=\"Benidorm je letovisko ve \u0161pan\u011blsk\u00e9 provincii Alicante (autonomn\u00ed spole\u010denstv\u00ed\u2026\" \/>\n<meta property=\"og:url\" content=\"https:\/\/alegria-realestate.com\/cs\/wp-json\/wp\/v2\/posts\/11413\" \/>\n<meta property=\"og:site_name\" content=\"Nemovitosti ve \u0160pan\u011blsku\" \/>\n<meta property=\"article:publisher\" content=\"https:\/\/www.facebook.com\/realestate.alegria\" \/>\n<meta property=\"article:published_time\" content=\"2016-07-26T22:48:23+00:00\" \/>\n<meta property=\"article:modified_time\" content=\"2025-08-14T16:40:48+00:00\" \/>\n<meta property=\"og:image\" content=\"https:\/\/alegria-realestate.com\/wp-content\/uploads\/2019\/02\/benidorm-2.jpg\" \/>\n\t<meta property=\"og:image:width\" content=\"640\" \/>\n\t<meta property=\"og:image:height\" content=\"400\" \/>\n\t<meta property=\"og:image:type\" content=\"image\/jpeg\" \/>\n<meta name=\"author\" content=\"stass\" \/>\n<meta name=\"twitter:card\" content=\"summary_large_image\" \/>\n<meta name=\"twitter:creator\" content=\"@alegriarealesta\" \/>\n<meta name=\"twitter:site\" content=\"@alegriarealesta\" \/>\n<script type=\"application\/ld+json\" class=\"yoast-schema-graph\">{\"@context\":\"https:\\\/\\\/schema.org\",\"@graph\":[{\"@type\":\"Article\",\"@id\":\"https:\\\/\\\/alegria-realestate.com\\\/articles\\\/city-of-spain\\\/modern-benidorm-in-spain#article\",\"isPartOf\":{\"@id\":\"https:\\\/\\\/alegria-realestate.com\\\/articles\\\/city-of-spain\\\/modern-benidorm-in-spain\"},\"author\":{\"name\":\"stass\",\"@id\":\"https:\\\/\\\/alegria-realestate.com\\\/#\\\/schema\\\/person\\\/8710ba0d07d2af258b1610931398d861\"},\"headline\":\"Benidorm \u2013 \u201eNew York St\u0159edomo\u0159\u00ed\u201c.\",\"datePublished\":\"2016-07-26T22:48:23+00:00\",\"dateModified\":\"2025-08-14T16:40:48+00:00\",\"mainEntityOfPage\":{\"@id\":\"https:\\\/\\\/alegria-realestate.com\\\/articles\\\/city-of-spain\\\/modern-benidorm-in-spain\"},\"wordCount\":15675,\"publisher\":{\"@id\":\"https:\\\/\\\/alegria-realestate.com\\\/#organization\"},\"image\":{\"@id\":\"https:\\\/\\\/alegria-realestate.com\\\/articles\\\/city-of-spain\\\/modern-benidorm-in-spain#primaryimage\"},\"thumbnailUrl\":\"https:\\\/\\\/alegria-realestate.com\\\/wp-content\\\/uploads\\\/2019\\\/02\\\/benidorm-2.jpg\",\"articleSection\":[\"Blog\",\"M\u011bsta ve \u0160pan\u011blsku\"],\"inLanguage\":\"cs\"},{\"@type\":\"WebPage\",\"@id\":\"https:\\\/\\\/alegria-realestate.com\\\/cs\\\/articles\\\/city-of-spain\\\/modern-benidorm-in-spain\",\"url\":\"https:\\\/\\\/alegria-realestate.com\\\/cs\\\/articles\\\/city-of-spain\\\/modern-benidorm-in-spain\",\"name\":\"Benidorm \u2013 \u201eNew York St\u0159edomo\u0159\u00ed\u201c.\",\"isPartOf\":{\"@id\":\"https:\\\/\\\/alegria-realestate.com\\\/cs\\\/#website\"},\"primaryImageOfPage\":{\"@id\":\"https:\\\/\\\/alegria-realestate.com\\\/cs\\\/articles\\\/city-of-spain\\\/modern-benidorm-in-spain#primaryimage\"},\"image\":{\"@id\":\"https:\\\/\\\/alegria-realestate.com\\\/articles\\\/city-of-spain\\\/modern-benidorm-in-spain#primaryimage\"},\"thumbnailUrl\":\"https:\\\/\\\/alegria-realestate.com\\\/wp-content\\\/uploads\\\/2019\\\/02\\\/benidorm-2.jpg\",\"datePublished\":\"2016-07-26T22:48:23+00:00\",\"dateModified\":\"2025-08-14T16:40:48+00:00\",\"breadcrumb\":{\"@id\":\"https:\\\/\\\/alegria-realestate.com\\\/cs\\\/articles\\\/city-of-spain\\\/modern-benidorm-in-spain#breadcrumb\"},\"inLanguage\":\"cs\",\"potentialAction\":[{\"@type\":\"ReadAction\",\"target\":[[\"https:\\\/\\\/alegria-realestate.com\\\/cs\\\/articles\\\/city-of-spain\\\/modern-benidorm-in-spain\"]]}]},{\"@type\":\"ImageObject\",\"inLanguage\":\"cs\",\"@id\":\"https:\\\/\\\/alegria-realestate.com\\\/cs\\\/articles\\\/city-of-spain\\\/modern-benidorm-in-spain#primaryimage\",\"url\":\"https:\\\/\\\/alegria-realestate.com\\\/wp-content\\\/uploads\\\/2019\\\/02\\\/benidorm-2.jpg\",\"contentUrl\":\"https:\\\/\\\/alegria-realestate.com\\\/wp-content\\\/uploads\\\/2019\\\/02\\\/benidorm-2.jpg\",\"width\":640,\"height\":400},{\"@type\":\"BreadcrumbList\",\"@id\":\"https:\\\/\\\/alegria-realestate.com\\\/cs\\\/articles\\\/city-of-spain\\\/modern-benidorm-in-spain#breadcrumb\",\"itemListElement\":[{\"@type\":\"ListItem\",\"position\":1,\"name\":\"\u0413\u043b\u0430\u0432\u043d\u0430\u044f \u0441\u0442\u0440\u0430\u043d\u0438\u0446\u0430\",\"item\":\"https:\\\/\\\/alegria-realestate.com\\\/cs\\\/\"},{\"@type\":\"ListItem\",\"position\":2,\"name\":\"\u0411\u0435\u043d\u0438\u0434\u043e\u0440\u043c \u2013 \u00ab\u041d\u044c\u044e-\u0419\u043e\u0440\u043a \u0421\u0440\u0435\u0434\u0438\u0437\u0435\u043c\u043d\u043e\u043c\u043e\u0440\u044c\u044f\u00bb.\"}]},{\"@type\":\"WebSite\",\"@id\":\"https:\\\/\\\/alegria-realestate.com\\\/cs\\\/#website\",\"url\":\"https:\\\/\\\/alegria-realestate.com\\\/cs\\\/\",\"name\":\"Nemovitosti ve \u0160pan\u011blsku\",\"description\":\"Nemovitosti ve \u0160pan\u011blsku: prodej ve v\u0161ech m\u011bstech \u2013 Torrevieja, Alicante, Benidorm a dal\u0161\u00ed. Pom\u016f\u017eeme v\u00e1m s koup\u00ed nemovitosti na Costa Blanca \u2013 secondhandov\u00e9 bydlen\u00ed i novostavby. Kompletn\u00ed vy\u0159\u00edzen\u00ed na kl\u00ed\u010d. Nemovitosti na Costa Blanca od 80 000 \u20ac.\",\"publisher\":{\"@id\":\"https:\\\/\\\/alegria-realestate.com\\\/cs\\\/#organization\"},\"potentialAction\":[{\"@type\":\"SearchAction\",\"target\":{\"@type\":\"EntryPoint\",\"urlTemplate\":\"https:\\\/\\\/alegria-realestate.com\\\/cs\\\/?s={search_term_string}\"},\"query-input\":{\"@type\":\"PropertyValueSpecification\",\"valueRequired\":true,\"valueName\":\"search_term_string\"}}],\"inLanguage\":\"cs\"},{\"@type\":\"Organization\",\"@id\":\"https:\\\/\\\/alegria-realestate.com\\\/cs\\\/#organization\",\"name\":\"Alegria Realestate\",\"url\":\"https:\\\/\\\/alegria-realestate.com\\\/cs\\\/\",\"logo\":{\"@type\":\"ImageObject\",\"inLanguage\":\"cs\",\"@id\":\"https:\\\/\\\/alegria-realestate.com\\\/cs\\\/#\\\/schema\\\/logo\\\/image\\\/\",\"url\":\"https:\\\/\\\/alegria-realestate.com\\\/wp-content\\\/uploads\\\/2019\\\/08\\\/logo_alegria.png\",\"contentUrl\":\"https:\\\/\\\/alegria-realestate.com\\\/wp-content\\\/uploads\\\/2019\\\/08\\\/logo_alegria.png\",\"width\":1600,\"height\":1403,\"caption\":\"Alegria Realestate\"},\"image\":{\"@id\":\"https:\\\/\\\/alegria-realestate.com\\\/cs\\\/#\\\/schema\\\/logo\\\/image\\\/\"},\"sameAs\":[\"https:\\\/\\\/www.facebook.com\\\/realestate.alegria\",\"https:\\\/\\\/x.com\\\/alegriarealesta\",\"https:\\\/\\\/www.instagram.com\\\/alegriadom\\\/\",\"https:\\\/\\\/www.linkedin.com\\\/profile\\\/view?id=154965227\",\"https:\\\/\\\/www.youtube.com\\\/user\\\/AlegriaRealEstate\"]},{\"@type\":\"Person\",\"@id\":\"https:\\\/\\\/alegria-realestate.com\\\/#\\\/schema\\\/person\\\/8710ba0d07d2af258b1610931398d861\",\"name\":\"stass\"}]}<\/script>\n<!-- \/ Yoast SEO plugin. -->","yoast_head_json":{"title":"Benidorm \u2013 \u201eNew York St\u0159edomo\u0159\u00ed\u201c.","robots":{"index":"index","follow":"follow","max-snippet":"max-snippet:-1","max-image-preview":"max-image-preview:large","max-video-preview":"max-video-preview:-1"},"canonical":"https:\/\/alegria-realestate.com\/cs\/wp-json\/wp\/v2\/posts\/11413","og_locale":"cs_CZ","og_type":"article","og_title":"Benidorm \u2013 \u201eNew York St\u0159edomo\u0159\u00ed\u201c.","og_description":"Benidorm je letovisko ve \u0161pan\u011blsk\u00e9 provincii Alicante (autonomn\u00ed spole\u010denstv\u00ed\u2026","og_url":"https:\/\/alegria-realestate.com\/cs\/wp-json\/wp\/v2\/posts\/11413","og_site_name":"Nemovitosti ve \u0160pan\u011blsku","article_publisher":"https:\/\/www.facebook.com\/realestate.alegria","article_published_time":"2016-07-26T22:48:23+00:00","article_modified_time":"2025-08-14T16:40:48+00:00","og_image":[{"width":640,"height":400,"url":"https:\/\/alegria-realestate.com\/wp-content\/uploads\/2019\/02\/benidorm-2.jpg","type":"image\/jpeg"}],"author":"stass","twitter_card":"summary_large_image","twitter_creator":"@alegriarealesta","twitter_site":"@alegriarealesta","schema":{"@context":"https:\/\/schema.org","@graph":[{"@type":"Article","@id":"https:\/\/alegria-realestate.com\/articles\/city-of-spain\/modern-benidorm-in-spain#article","isPartOf":{"@id":"https:\/\/alegria-realestate.com\/articles\/city-of-spain\/modern-benidorm-in-spain"},"author":{"name":"stass","@id":"https:\/\/alegria-realestate.com\/#\/schema\/person\/8710ba0d07d2af258b1610931398d861"},"headline":"Benidorm \u2013 \u201eNew York St\u0159edomo\u0159\u00ed\u201c.","datePublished":"2016-07-26T22:48:23+00:00","dateModified":"2025-08-14T16:40:48+00:00","mainEntityOfPage":{"@id":"https:\/\/alegria-realestate.com\/articles\/city-of-spain\/modern-benidorm-in-spain"},"wordCount":15675,"publisher":{"@id":"https:\/\/alegria-realestate.com\/#organization"},"image":{"@id":"https:\/\/alegria-realestate.com\/articles\/city-of-spain\/modern-benidorm-in-spain#primaryimage"},"thumbnailUrl":"https:\/\/alegria-realestate.com\/wp-content\/uploads\/2019\/02\/benidorm-2.jpg","articleSection":["Blog","M\u011bsta ve \u0160pan\u011blsku"],"inLanguage":"cs"},{"@type":"WebPage","@id":"https:\/\/alegria-realestate.com\/cs\/articles\/city-of-spain\/modern-benidorm-in-spain","url":"https:\/\/alegria-realestate.com\/cs\/articles\/city-of-spain\/modern-benidorm-in-spain","name":"Benidorm \u2013 \u201eNew York St\u0159edomo\u0159\u00ed\u201c.","isPartOf":{"@id":"https:\/\/alegria-realestate.com\/cs\/#website"},"primaryImageOfPage":{"@id":"https:\/\/alegria-realestate.com\/cs\/articles\/city-of-spain\/modern-benidorm-in-spain#primaryimage"},"image":{"@id":"https:\/\/alegria-realestate.com\/articles\/city-of-spain\/modern-benidorm-in-spain#primaryimage"},"thumbnailUrl":"https:\/\/alegria-realestate.com\/wp-content\/uploads\/2019\/02\/benidorm-2.jpg","datePublished":"2016-07-26T22:48:23+00:00","dateModified":"2025-08-14T16:40:48+00:00","breadcrumb":{"@id":"https:\/\/alegria-realestate.com\/cs\/articles\/city-of-spain\/modern-benidorm-in-spain#breadcrumb"},"inLanguage":"cs","potentialAction":[{"@type":"ReadAction","target":[["https:\/\/alegria-realestate.com\/cs\/articles\/city-of-spain\/modern-benidorm-in-spain"]]}]},{"@type":"ImageObject","inLanguage":"cs","@id":"https:\/\/alegria-realestate.com\/cs\/articles\/city-of-spain\/modern-benidorm-in-spain#primaryimage","url":"https:\/\/alegria-realestate.com\/wp-content\/uploads\/2019\/02\/benidorm-2.jpg","contentUrl":"https:\/\/alegria-realestate.com\/wp-content\/uploads\/2019\/02\/benidorm-2.jpg","width":640,"height":400},{"@type":"BreadcrumbList","@id":"https:\/\/alegria-realestate.com\/cs\/articles\/city-of-spain\/modern-benidorm-in-spain#breadcrumb","itemListElement":[{"@type":"ListItem","position":1,"name":"\u0413\u043b\u0430\u0432\u043d\u0430\u044f \u0441\u0442\u0440\u0430\u043d\u0438\u0446\u0430","item":"https:\/\/alegria-realestate.com\/cs\/"},{"@type":"ListItem","position":2,"name":"\u0411\u0435\u043d\u0438\u0434\u043e\u0440\u043c \u2013 \u00ab\u041d\u044c\u044e-\u0419\u043e\u0440\u043a \u0421\u0440\u0435\u0434\u0438\u0437\u0435\u043c\u043d\u043e\u043c\u043e\u0440\u044c\u044f\u00bb."}]},{"@type":"WebSite","@id":"https:\/\/alegria-realestate.com\/cs\/#website","url":"https:\/\/alegria-realestate.com\/cs\/","name":"Nemovitosti ve \u0160pan\u011blsku","description":"Nemovitosti ve \u0160pan\u011blsku: prodej ve v\u0161ech m\u011bstech \u2013 Torrevieja, Alicante, Benidorm a dal\u0161\u00ed. Pom\u016f\u017eeme v\u00e1m s koup\u00ed nemovitosti na Costa Blanca \u2013 secondhandov\u00e9 bydlen\u00ed i novostavby. Kompletn\u00ed vy\u0159\u00edzen\u00ed na kl\u00ed\u010d. Nemovitosti na Costa Blanca od 80 000 \u20ac.","publisher":{"@id":"https:\/\/alegria-realestate.com\/cs\/#organization"},"potentialAction":[{"@type":"SearchAction","target":{"@type":"EntryPoint","urlTemplate":"https:\/\/alegria-realestate.com\/cs\/?s={search_term_string}"},"query-input":{"@type":"PropertyValueSpecification","valueRequired":true,"valueName":"search_term_string"}}],"inLanguage":"cs"},{"@type":"Organization","@id":"https:\/\/alegria-realestate.com\/cs\/#organization","name":"Alegria Realestate","url":"https:\/\/alegria-realestate.com\/cs\/","logo":{"@type":"ImageObject","inLanguage":"cs","@id":"https:\/\/alegria-realestate.com\/cs\/#\/schema\/logo\/image\/","url":"https:\/\/alegria-realestate.com\/wp-content\/uploads\/2019\/08\/logo_alegria.png","contentUrl":"https:\/\/alegria-realestate.com\/wp-content\/uploads\/2019\/08\/logo_alegria.png","width":1600,"height":1403,"caption":"Alegria Realestate"},"image":{"@id":"https:\/\/alegria-realestate.com\/cs\/#\/schema\/logo\/image\/"},"sameAs":["https:\/\/www.facebook.com\/realestate.alegria","https:\/\/x.com\/alegriarealesta","https:\/\/www.instagram.com\/alegriadom\/","https:\/\/www.linkedin.com\/profile\/view?id=154965227","https:\/\/www.youtube.com\/user\/AlegriaRealEstate"]},{"@type":"Person","@id":"https:\/\/alegria-realestate.com\/#\/schema\/person\/8710ba0d07d2af258b1610931398d861","name":"stass"}]}},"_links":{"self":[{"href":"https:\/\/alegria-realestate.com\/cs\/wp-json\/wp\/v2\/posts\/11413","targetHints":{"allow":["GET"]}}],"collection":[{"href":"https:\/\/alegria-realestate.com\/cs\/wp-json\/wp\/v2\/posts"}],"about":[{"href":"https:\/\/alegria-realestate.com\/cs\/wp-json\/wp\/v2\/types\/post"}],"author":[{"embeddable":true,"href":"https:\/\/alegria-realestate.com\/cs\/wp-json\/wp\/v2\/users\/1"}],"replies":[{"embeddable":true,"href":"https:\/\/alegria-realestate.com\/cs\/wp-json\/wp\/v2\/comments?post=11413"}],"version-history":[{"count":1,"href":"https:\/\/alegria-realestate.com\/cs\/wp-json\/wp\/v2\/posts\/11413\/revisions"}],"predecessor-version":[{"id":836658,"href":"https:\/\/alegria-realestate.com\/cs\/wp-json\/wp\/v2\/posts\/11413\/revisions\/836658"}],"wp:featuredmedia":[{"embeddable":true,"href":"https:\/\/alegria-realestate.com\/cs\/wp-json\/wp\/v2\/media\/11414"}],"wp:attachment":[{"href":"https:\/\/alegria-realestate.com\/cs\/wp-json\/wp\/v2\/media?parent=11413"}],"wp:term":[{"taxonomy":"category","embeddable":true,"href":"https:\/\/alegria-realestate.com\/cs\/wp-json\/wp\/v2\/categories?post=11413"},{"taxonomy":"post_tag","embeddable":true,"href":"https:\/\/alegria-realestate.com\/cs\/wp-json\/wp\/v2\/tags?post=11413"}],"curies":[{"name":"wp","href":"https:\/\/api.w.org\/{rel}","templated":true}]}}