{"id":1289814,"date":"2026-03-26T18:16:33","date_gmt":"2026-03-26T15:16:33","guid":{"rendered":"https:\/\/alegria-realestate.com\/?p=1289814"},"modified":"2026-03-26T18:42:56","modified_gmt":"2026-03-26T15:42:56","slug":"weekend-guide-costa-blanca-for-27-29-march","status":"publish","type":"post","link":"https:\/\/alegria-realestate.com\/cs\/articles\/life-in-spain\/weekend-guide-costa-blanca-for-27-29-march","title":{"rendered":"Pl\u00e1ny na v\u00edkend: p\u0159ehled akc\u00ed na 27.\u201329. b\u0159ezna v Torrevieje a okol\u00ed"},"content":{"rendered":"<p><span style=\"font-weight: 400;\">O tom, co zaj\u00edmav\u00e9ho \u010dek\u00e1 na konci tohoto t\u00fddne obyvatele a n\u00e1v\u0161t\u011bvn\u00edky Torrevieji, stejn\u011b jako bl\u00edzk\u00fdch obc\u00ed v provincii Alicante.<\/span><\/p>\n<h2><span style=\"font-weight: 400;\">26. B\u0158EZNA. Komedi\u00e1ln\u00ed p\u0159edstaven\u00ed \u201eV z\u00e1kulis\u00ed\u201c<\/span><\/h2>\n<p><span style=\"font-weight: 400;\">Experiment\u00e1ln\u00ed divadlo El Faro, kter\u00e9 se nach\u00e1z\u00ed v Torrevieje na adrese Calle Antonio Ruiz Coves 6, zve na komedi\u00e1ln\u00ed p\u0159edstaven\u00ed \u201eV z\u00e1kulis\u00ed\u201c. Je to p\u0159\u00edb\u011bh o tom, co se d\u011bje na druh\u00e9 stran\u011b jevi\u0161t\u011b: hereck\u00e1 ka\u017edodennost, re\u017eis\u00e9rsk\u00e9 starosti a dramata p\u0159i zkou\u0161k\u00e1ch takov\u00e1, jak\u00e1 skute\u010dn\u011b jsou. \u017div\u00e9 dialogy, v\u00fdrazn\u00e9 postavy a nezkreslen\u00fd pohled na \u017eivot v divadle \u010din\u00ed p\u0159edstaven\u00ed poutav\u00fdm a dynamick\u00fdm.<\/span><\/p>\n<ul>\n<li style=\"font-weight: 400;\" aria-level=\"1\"><span style=\"font-weight: 400;\">Za\u010d\u00e1tek v 19:30, vstupenky, kter\u00e9 lze rezervovat na str\u00e1nk\u00e1ch<\/span><a href=\"http:\/\/www.teatroelfaro.es\/\"><span style=\"font-weight: 400;\"> www.teatroelfaro.es<\/span><\/a><span style=\"font-weight: 400;\">, stoj\u00ed 20, 25 a 50 eur.<\/span><\/li>\n<\/ul>\n<h2><span style=\"font-weight: 400;\">27. B\u0158EZNA. P\u00e1te\u010dn\u00ed trh v Torrevieje<\/span><\/h2>\n<p><span style=\"font-weight: 400;\">Ka\u017ed\u00fd p\u00e1tek se v Parque Antonio Soria kon\u00e1 pouli\u010dn\u00ed trh v Torrevieje \u2013 jedno z nejv\u011bt\u0161\u00edch center drobn\u00e9ho podnik\u00e1n\u00ed v regionu Vega Baja. Na plo\u0161e 82 000 m\u00b2 je um\u00edst\u011bno a\u017e 700 st\u00e1nk\u016f a prodejn\u00edch m\u00edst s potravinami, oble\u010den\u00edm, obuv\u00ed, dopl\u0148ky a dal\u0161\u00edm zbo\u017e\u00edm za dostupn\u00e9 ceny ve srovn\u00e1n\u00ed s velk\u00fdmi \u0159et\u011bzci supermarket\u016f. Trh v Torrevieje nab\u00edz\u00ed mnoho slu\u017eeb, nap\u0159\u00edklad bezplatn\u00e9 parkov\u00e1n\u00ed, ve\u0159ejn\u00e9 toalety a stanovi\u0161t\u011b taxi. Ka\u017ed\u00fdch 20 minut od 8:00 do 14:00 odj\u00ed\u017ed\u00ed autobus p\u0159\u00edstupn\u00fd pro osoby s omezenou pohyblivost\u00ed nebo u\u017eivatele invalidn\u00edch voz\u00edk\u016f.<\/span><br \/>\n<span style=\"font-weight: 400;\">Od p\u00e1tku do ned\u011ble je zde nav\u00edc od 19:30 otev\u0159en z\u00e1bavn\u00ed park a hern\u00ed z\u00f3na pro v\u0161echny v\u011bkov\u00e9 kategorie.<\/span><\/p>\n<h2><span style=\"font-weight: 400;\">27. B\u0158EZNA. P\u0159edstaven\u00ed \u201eViejos tiempos\u201c<\/span><\/h2>\n<p><span style=\"font-weight: 400;\">U p\u0159\u00edle\u017eitosti Mezin\u00e1rodn\u00edho dne divadla uv\u00e1d\u00ed Velk\u00e9 divadlo v Elche p\u0159edstaven\u00ed \u201eViejos tiempos\u201c (\u201eStar\u00e9 \u010dasy\u201c) podle stejnojmenn\u00e9 hry nositele Nobelovy ceny za literaturu Harolda Pintera. Anna, kamar\u00e1dka Kate z d\u011btstv\u00ed, p\u0159ich\u00e1z\u00ed do domu, kde Kate \u017eije se sv\u00fdm man\u017eelem Deeleym. Ne\u010dekan\u00e9 objeven\u00ed \u017eeny po 25 letech vyvol\u00e1 \u0159et\u011bzec podez\u0159en\u00ed, \u017e\u00e1rlivosti, touhy a pochybnost\u00ed, v n\u011bm\u017e se st\u00edr\u00e1 hranice mezi realitou a fantazi\u00ed. Minulost se m\u011bn\u00ed poka\u017ed\u00e9, kdy\u017e se o n\u00ed mluv\u00ed, a jej\u00ed d\u016fsledky v p\u0159\u00edtomnosti jsou ni\u010div\u00e9.<\/span><\/p>\n<ul>\n<li style=\"font-weight: 400;\" aria-level=\"1\"><span style=\"font-weight: 400;\">Za\u010d\u00e1tek ve 20:00, cena vstupenky je 24 eur.<\/span><\/li>\n<\/ul>\n<h2><span style=\"font-weight: 400;\">27. B\u0158EZNA. Festival \u201eM\u00fasica sin fronteras\u201c<\/span><\/h2>\n<p><span style=\"font-weight: 400;\">V kulturn\u00edm centru Ciudad Quesada v Rojales vrchol\u00ed XIX. festival \u201eM\u00fasica sin fronteras\u201c (\u201eHudba bez hranic\u201c), kter\u00fd po\u0159\u00e1d\u00e1 odbor kultury m\u00edstn\u00ed radnice. Festival se stal kulturn\u00ed dominantou provincie Alicante d\u00edky sv\u00e9mu d\u016frazu na hudebn\u00ed kvalitu a um\u011bleckou rozmanitost, stejn\u011b jako d\u00edky \u00fa\u010dasti um\u011blc\u016f n\u00e1rodn\u00ed i mezin\u00e1rodn\u00ed \u00farovn\u011b. Jako posledn\u00ed p\u0159ed publikum vystoup\u00ed kub\u00e1nsk\u00e9 jazzov\u00e9 duo Javier Colina &amp; Cucurucho Vald\u00e9s.<\/span><\/p>\n<ul>\n<li style=\"font-weight: 400;\" aria-level=\"1\"><span style=\"font-weight: 400;\">Za\u010d\u00e1tek v 19:00, cena vstupenky je 10 eur.<\/span><\/li>\n<\/ul>\n<h2><span style=\"font-weight: 400;\">27.\u201329. B\u0158EZNA. V\u00fdstava d\u011bl Picassa, Warhola, Murakamiho a dal\u0161\u00edch velk\u00fdch um\u011blc\u016f<\/span><\/h2>\n<p><span style=\"font-weight: 400;\">Do 18. kv\u011btna se v N\u00e1mo\u0159n\u00edm muzeu v Santa Pole kon\u00e1 v\u00fdstava d\u011bl Pabla Picassa, Andyho Warhola, Takashiho Murakamiho, Marca Chagalla a dal\u0161\u00edch v\u00fdznamn\u00fdch \u0161pan\u011blsk\u00fdch i zahrani\u010dn\u00edch um\u011blc\u016f z Muzea sou\u010dasn\u00e9ho um\u011bn\u00ed Vicente Aguilery Cerniho ve Vilafam\u00e9su (MACVAC) a ze sb\u00edrky Mariana Poyatose a Filomeny De Lorenzo (galerie Espai Nivi). Mnoh\u00e1 z vystaven\u00fdch d\u011bl jsou dosud nepublikovan\u00e9 obrazy a ned\u00e1vn\u00e9 p\u0159\u00edr\u016fstky do fond\u016f MACVAC a sb\u00edrky Espai Nivi, co\u017e \u010din\u00ed tento projekt jedine\u010dnou p\u0159\u00edle\u017eitost\u00ed se s nimi sezn\u00e1mit. Dv\u011b sb\u00edrky, vystav\u011bn\u00e9 kolem \u010dty\u0159 t\u00e9mat \u2013 \u201eT\u011blo\u201c, \u201eRitu\u00e1ly\u201c, \u201eKrajiny du\u0161e\u201c a \u201eTranscendence\u201c \u2013 zvou n\u00e1v\u0161t\u011bvn\u00edky na cestu vedouc\u00ed od nejv\u00edce t\u011blesn\u00e9 a biografick\u00e9 zku\u0161enosti ke sf\u00e9r\u00e1m abstrakce a znaku. Jak poznamen\u00e1vaj\u00ed kur\u00e1to\u0159i v\u00fdstavy, \u201enenab\u00edz\u00ed uzav\u0159en\u00fd diskurz, ale p\u0159edstavuje proces hled\u00e1n\u00ed, cestu do vlastn\u00edho nitra, v n\u00ed\u017e se ka\u017ed\u00e9 d\u00edlo st\u00e1v\u00e1 prahem a ka\u017ed\u00fd s\u00e1l obydl\u00edm, v n\u011bm\u017e n\u00e1v\u0161t\u011bvn\u00edk pob\u00fdv\u00e1 vlastn\u00edm tempem\u201c.<\/span><\/p>\n<ul>\n<li style=\"font-weight: 400;\" aria-level=\"1\"><span style=\"font-weight: 400;\">Otev\u00edrac\u00ed doba: od 10:00 do 13:00 a od 16:00 do 19:00 (\u00fater\u00fd\u2013sobota) a od 11:00 do 13:30 (ned\u011ble).<\/span><\/li>\n<\/ul>\n<h2><span style=\"font-weight: 400;\">28. B\u0158EZNA. Kni\u017en\u00ed veletrh v Torrevieje<\/span><\/h2>\n<p><span style=\"font-weight: 400;\">Do 15. dubna prob\u00edh\u00e1 na Paseo Vista Alegre XXXVIII. kni\u017en\u00ed veletrh, kde lze nav\u0161t\u00edvit r\u016fzn\u00e9 pavilony instalovan\u00e9 na jeho \u00fazem\u00ed a vyu\u017e\u00edt slevy, kter\u00e9 na sv\u00e9 produkty nab\u00eddnou m\u00edstn\u00ed knihkupectv\u00ed. N\u00e1v\u0161t\u011bvn\u00edci budou m\u00edt mo\u017enost sezn\u00e1mit se se zn\u00e1m\u00fdmi autory a pohovo\u0159it si s nimi, stejn\u011b jako si u\u017e\u00edt hudebn\u00ed akce, b\u00e1snick\u00e1 \u010dten\u00ed a liter\u00e1rn\u00ed workshopy.<\/span><\/p>\n<ul>\n<li style=\"font-weight: 400;\" aria-level=\"1\"><span style=\"font-weight: 400;\">Zah\u00e1jen\u00ed veletrhu je ve 12:30.<\/span><\/li>\n<\/ul>\n<h2><span style=\"font-weight: 400;\">28. B\u0158EZNA. Koncert \u201eLas Cuatro Estaciones de Vivaldi\u201c<\/span><\/h2>\n<p><span style=\"font-weight: 400;\">V Archeologick\u00e9m muzeu v Alicante (MARQ) vystoup\u00ed smy\u010dcov\u00e9 kvarteto Arde Quartet v r\u00e1mci s\u00e9rie \u201eKoncerty p\u0159i sv\u00ed\u010dk\u00e1ch\u201c (Candlelight), v\u011bnovan\u00e9 italsk\u00e9mu skladateli Antoniu Vivaldimu. Program zahrnuje cyklus koncert\u016f pro housle a orchestr \u201e\u010ctvero ro\u010dn\u00edch dob\u201c.<\/span><\/p>\n<ul>\n<li style=\"font-weight: 400;\" aria-level=\"1\"><span style=\"font-weight: 400;\">Za\u010d\u00e1tek v 18:30, ceny vstupenek od 22,5 eura.<\/span><\/li>\n<\/ul>\n<h2><span style=\"font-weight: 400;\">28. B\u0158EZNA. D\u011btsk\u00e9 p\u0159edstaven\u00ed \u201eNobody wants to play with me\u201c<\/span><\/h2>\n<p><span style=\"font-weight: 400;\">Hlavn\u00ed divadlo v Alicante obnovilo cyklus anglicky hran\u00fdch p\u0159edstaven\u00ed \u201eKids &amp; Stories\u201c pro d\u011bti ve v\u011bku od 3 do 10 let. Tentokr\u00e1t budou moci mal\u00ed div\u00e1ci v divadeln\u00edm foyer zhl\u00e9dnout p\u0159edstaven\u00ed \u201eNobody wants to play with me\u201c (\u201eNikdo si se mnou nechce hr\u00e1t\u201c).<\/span><\/p>\n<ul>\n<li style=\"font-weight: 400;\" aria-level=\"1\"><span style=\"font-weight: 400;\">Za\u010d\u00e1tek ve 12:00, cena vstupenky je 5 eur.<\/span><\/li>\n<\/ul>\n<h2><span style=\"font-weight: 400;\">29. B\u0158EZNA. P\u0159edstaven\u00ed \u201eOdkud se berou d\u011bti?\u201c<\/span><\/h2>\n<p><span style=\"font-weight: 400;\">V experiment\u00e1ln\u00edm divadle El Faro bude uvedeno p\u0159edstaven\u00ed \u201eOdkud se berou d\u011bti?\u201c, kter\u00e9 vypr\u00e1v\u00ed o dvou dnech ze \u017eivota sedmi r\u016fzn\u00fdch \u017een, je\u017e se sou\u010dasn\u011b ocitly v provin\u010dn\u00ed porodnici. Matka mnoha d\u011bt\u00ed, d\u00edvka, kter\u00e1 je\u0161t\u011b nen\u00ed p\u0159ipravena na mate\u0159stv\u00ed, \u017eena, kter\u00e1 se rozhodla st\u00e1t n\u00e1hradn\u00ed matkou\u2026 Ka\u017ed\u00e1 z nich p\u0159in\u00e1\u0161\u00ed sv\u016fj vlastn\u00ed p\u0159\u00edb\u011bh, sny a nad\u011bje a spole\u010dn\u011b prom\u011b\u0148uj\u00ed nemocni\u010dn\u00ed pokoj v m\u00edsto, kde se propl\u00e9taj\u00ed lidsk\u00e9 osudy.<\/span><\/p>\n<ul>\n<li style=\"font-weight: 400;\" aria-level=\"1\"><span style=\"font-weight: 400;\">Za\u010d\u00e1tek v 19:30, vstupenky stoj\u00ed 20, 25 a 50 eur.<\/span><\/li>\n<\/ul>\n<h2><span style=\"font-weight: 400;\">29. B\u0158EZNA. P\u0159edstaven\u00ed \u201ePijama para seis\u201c<\/span><\/h2>\n<p><span style=\"font-weight: 400;\">V Hlavn\u00edm divadle v Alicante se uskute\u010dn\u00ed p\u0159edstaven\u00ed \u201ePijama para seis\u201c (\u201ePy\u017eamo pro \u0161est\u201c). Fernando vyu\u017eije toho, \u017ee jeho \u017eena Mercedes odjela nav\u0161t\u00edvit matku, a pozve svou milenku Susi, aby s n\u00edm str\u00e1vila v\u00edkend, a tak\u00e9 sv\u00e9ho p\u0159\u00edtele Carlose, aby si zajistil alibi. Dokonce najal kucha\u0159ku Susanu, aby nic nechyb\u011blo. V\u011bci v\u0161ak nejdou podle pl\u00e1nu a romantick\u00fd ve\u010der se prom\u011bn\u00ed ve velmi bou\u0159livou noc, b\u011bhem n\u00ed\u017e se v\u0161ichni vyd\u00e1vaj\u00ed za n\u011bkoho, k\u00fdm ve skute\u010dnosti nejsou, aby nebyli odhaleni.<\/span><\/p>\n<ul>\n<li style=\"font-weight: 400;\" aria-level=\"1\"><span style=\"font-weight: 400;\">Za\u010d\u00e1tek v 17:00 a 19:00, ceny vstupenek jsou 12, 18 a 25 eur.<\/span><\/li>\n<\/ul>\n<h2><span style=\"font-weight: 400;\">29. B\u0158EZNA. Festival \u201eSpring Music Fest\u201c<\/span><\/h2>\n<p><span style=\"font-weight: 400;\">Na Plaza Mayor v obchodn\u00edm centru Zenia Boulevard (Orihuela Costa) se uskute\u010dn\u00ed hudebn\u00ed festival \u201eSpring Music Fest\u201c. Z\u00fa\u010dastn\u00ed se ho v\u00edce ne\u017e 30 interpret\u016f r\u016fzn\u00e9ho v\u011bku, kte\u0159\u00ed hraj\u00ed v r\u016fzn\u00fdch hudebn\u00edch stylech.<\/span><\/p>\n<ul>\n<li style=\"font-weight: 400;\" aria-level=\"1\"><span style=\"font-weight: 400;\">Za\u010d\u00e1tek v 18:00, vstup je zdarma.<\/span><\/li>\n<\/ul>\n<p><\/p>","protected":false},"excerpt":{"rendered":"<p>O tom, co zaj\u00edmav\u00e9ho \u010dek\u00e1 na konci tohoto t\u00fddne\u2026<\/p>\n","protected":false},"author":34,"featured_media":1289815,"comment_status":"closed","ping_status":"closed","sticky":false,"template":"","format":"standard","meta":{"footnotes":""},"categories":[74,959],"tags":[],"class_list":["post-1289814","post","type-post","status-publish","format-standard","has-post-thumbnail","hentry","category-life-in-spain","category-lifestyle"],"yoast_head":"<!-- This site is optimized with the Yoast SEO plugin v27.4 - https:\/\/yoast.com\/product\/yoast-seo-wordpress\/ -->\n<title>P\u0159ehled akc\u00ed na 27.\u201329. b\u0159ezna v Torrevieje, Alicante a dal\u0161\u00edch m\u011bstech Costa Blanca<\/title>\n<meta name=\"description\" content=\"P\u0159ehled hlavn\u00edch ud\u00e1lost\u00ed pro voln\u00fd \u010das v Torrevieje, Alicante a dal\u0161\u00edch m\u011bstech Costa Blanca na v\u00edkend 27.\u201329. b\u0159ezna.\" \/>\n<meta name=\"robots\" content=\"index, follow, max-snippet:-1, max-image-preview:large, max-video-preview:-1\" \/>\n<link rel=\"canonical\" href=\"https:\/\/alegria-realestate.com\/cs\/wp-json\/wp\/v2\/posts\/1289814\" \/>\n<meta property=\"og:locale\" content=\"cs_CZ\" \/>\n<meta property=\"og:type\" content=\"article\" \/>\n<meta property=\"og:title\" content=\"P\u0159ehled akc\u00ed na 27.\u201329. b\u0159ezna v Torrevieje, Alicante a dal\u0161\u00edch m\u011bstech Costa Blanca\" \/>\n<meta property=\"og:description\" content=\"P\u0159ehled hlavn\u00edch ud\u00e1lost\u00ed pro voln\u00fd \u010das v Torrevieje, Alicante a dal\u0161\u00edch m\u011bstech Costa Blanca na v\u00edkend 27.\u201329. b\u0159ezna.\" \/>\n<meta property=\"og:url\" content=\"https:\/\/alegria-realestate.com\/cs\/wp-json\/wp\/v2\/posts\/1289814\" \/>\n<meta property=\"og:site_name\" content=\"Nemovitosti ve \u0160pan\u011blsku\" \/>\n<meta property=\"article:publisher\" content=\"https:\/\/www.facebook.com\/realestate.alegria\" \/>\n<meta property=\"article:published_time\" content=\"2026-03-26T15:16:33+00:00\" \/>\n<meta property=\"article:modified_time\" content=\"2026-03-26T15:42:56+00:00\" \/>\n<meta property=\"og:image\" content=\"https:\/\/alegria-realestate.com\/wp-content\/uploads\/2026\/03\/\u0430\u0444\u0438\u0448\u0430_27-29.03.png\" \/>\n\t<meta property=\"og:image:width\" content=\"1536\" \/>\n\t<meta property=\"og:image:height\" content=\"1024\" \/>\n\t<meta property=\"og:image:type\" content=\"image\/png\" \/>\n<meta name=\"author\" content=\"Irina\" \/>\n<meta name=\"twitter:card\" content=\"summary_large_image\" \/>\n<meta name=\"twitter:creator\" content=\"@alegriarealesta\" \/>\n<meta name=\"twitter:site\" content=\"@alegriarealesta\" \/>\n<script type=\"application\/ld+json\" class=\"yoast-schema-graph\">{\"@context\":\"https:\\\/\\\/schema.org\",\"@graph\":[{\"@type\":\"Article\",\"@id\":\"https:\\\/\\\/alegria-realestate.com\\\/articles\\\/life-in-spain\\\/weekend-guide-costa-blanca-for-27-29-march#article\",\"isPartOf\":{\"@id\":\"https:\\\/\\\/alegria-realestate.com\\\/articles\\\/life-in-spain\\\/weekend-guide-costa-blanca-for-27-29-march\"},\"author\":{\"name\":\"Irina\",\"@id\":\"https:\\\/\\\/alegria-realestate.com\\\/#\\\/schema\\\/person\\\/d5f65cbf5d490b626f10bef994e91bde\"},\"headline\":\"Pl\u00e1ny na v\u00edkend: p\u0159ehled akc\u00ed na 27.\u201329. b\u0159ezna v Torrevieje a okol\u00ed\",\"datePublished\":\"2026-03-26T15:16:33+00:00\",\"dateModified\":\"2026-03-26T15:42:56+00:00\",\"mainEntityOfPage\":{\"@id\":\"https:\\\/\\\/alegria-realestate.com\\\/articles\\\/life-in-spain\\\/weekend-guide-costa-blanca-for-27-29-march\"},\"wordCount\":11973,\"publisher\":{\"@id\":\"https:\\\/\\\/alegria-realestate.com\\\/#organization\"},\"image\":{\"@id\":\"https:\\\/\\\/alegria-realestate.com\\\/articles\\\/life-in-spain\\\/weekend-guide-costa-blanca-for-27-29-march#primaryimage\"},\"thumbnailUrl\":\"https:\\\/\\\/alegria-realestate.com\\\/wp-content\\\/uploads\\\/2026\\\/03\\\/\u0430\u0444\u0438\u0448\u0430_27-29.03.png\",\"articleSection\":[\"\u017divot ve \u0160pan\u011blsku\",\"\u017divotn\u00ed styl\"],\"inLanguage\":\"cs\"},{\"@type\":\"WebPage\",\"@id\":\"https:\\\/\\\/alegria-realestate.com\\\/cs\\\/articles\\\/life-in-spain\\\/weekend-guide-costa-blanca-for-27-29-march\",\"url\":\"https:\\\/\\\/alegria-realestate.com\\\/cs\\\/articles\\\/life-in-spain\\\/weekend-guide-costa-blanca-for-27-29-march\",\"name\":\"P\u0159ehled akc\u00ed na 27.\u201329. b\u0159ezna v Torrevieje, Alicante a dal\u0161\u00edch m\u011bstech Costa Blanca\",\"isPartOf\":{\"@id\":\"https:\\\/\\\/alegria-realestate.com\\\/cs\\\/#website\"},\"primaryImageOfPage\":{\"@id\":\"https:\\\/\\\/alegria-realestate.com\\\/cs\\\/articles\\\/life-in-spain\\\/weekend-guide-costa-blanca-for-27-29-march#primaryimage\"},\"image\":{\"@id\":\"https:\\\/\\\/alegria-realestate.com\\\/articles\\\/life-in-spain\\\/weekend-guide-costa-blanca-for-27-29-march#primaryimage\"},\"thumbnailUrl\":\"https:\\\/\\\/alegria-realestate.com\\\/wp-content\\\/uploads\\\/2026\\\/03\\\/\u0430\u0444\u0438\u0448\u0430_27-29.03.png\",\"datePublished\":\"2026-03-26T15:16:33+00:00\",\"dateModified\":\"2026-03-26T15:42:56+00:00\",\"description\":\"P\u0159ehled hlavn\u00edch ud\u00e1lost\u00ed pro voln\u00fd \u010das v Torrevieje, Alicante a dal\u0161\u00edch m\u011bstech Costa Blanca na v\u00edkend 27.\u201329. b\u0159ezna.\",\"breadcrumb\":{\"@id\":\"https:\\\/\\\/alegria-realestate.com\\\/cs\\\/articles\\\/life-in-spain\\\/weekend-guide-costa-blanca-for-27-29-march#breadcrumb\"},\"inLanguage\":\"cs\",\"potentialAction\":[{\"@type\":\"ReadAction\",\"target\":[[\"https:\\\/\\\/alegria-realestate.com\\\/cs\\\/articles\\\/life-in-spain\\\/weekend-guide-costa-blanca-for-27-29-march\"]]}]},{\"@type\":\"ImageObject\",\"inLanguage\":\"cs\",\"@id\":\"https:\\\/\\\/alegria-realestate.com\\\/cs\\\/articles\\\/life-in-spain\\\/weekend-guide-costa-blanca-for-27-29-march#primaryimage\",\"url\":\"https:\\\/\\\/alegria-realestate.com\\\/wp-content\\\/uploads\\\/2026\\\/03\\\/\u0430\u0444\u0438\u0448\u0430_27-29.03.png\",\"contentUrl\":\"https:\\\/\\\/alegria-realestate.com\\\/wp-content\\\/uploads\\\/2026\\\/03\\\/\u0430\u0444\u0438\u0448\u0430_27-29.03.png\",\"width\":1536,\"height\":1024},{\"@type\":\"BreadcrumbList\",\"@id\":\"https:\\\/\\\/alegria-realestate.com\\\/cs\\\/articles\\\/life-in-spain\\\/weekend-guide-costa-blanca-for-27-29-march#breadcrumb\",\"itemListElement\":[{\"@type\":\"ListItem\",\"position\":1,\"name\":\"\u0413\u043b\u0430\u0432\u043d\u0430\u044f \u0441\u0442\u0440\u0430\u043d\u0438\u0446\u0430\",\"item\":\"https:\\\/\\\/alegria-realestate.com\\\/cs\\\/\"},{\"@type\":\"ListItem\",\"position\":2,\"name\":\"\u041f\u043b\u0430\u043d\u044b \u043d\u0430 \u0432\u044b\u0445\u043e\u0434\u043d\u044b\u0435: \u0430\u0444\u0438\u0448\u0430 \u0441\u043e\u0431\u044b\u0442\u0438\u0439 27-29 \u043c\u0430\u0440\u0442\u0430 \u0432 \u0422\u043e\u0440\u0440\u0435\u0432\u044c\u0435\u0445\u0435 \u0438 \u043e\u043a\u0440\u0435\u0441\u0442\u043d\u043e\u0441\u0442\u044f\u0445\"}]},{\"@type\":\"WebSite\",\"@id\":\"https:\\\/\\\/alegria-realestate.com\\\/cs\\\/#website\",\"url\":\"https:\\\/\\\/alegria-realestate.com\\\/cs\\\/\",\"name\":\"Nemovitosti ve \u0160pan\u011blsku\",\"description\":\"Nemovitosti ve \u0160pan\u011blsku: prodej ve v\u0161ech m\u011bstech \u2013 Torrevieja, Alicante, Benidorm a dal\u0161\u00ed. Pom\u016f\u017eeme v\u00e1m s koup\u00ed nemovitosti na Costa Blanca \u2013 secondhandov\u00e9 bydlen\u00ed i novostavby. Kompletn\u00ed vy\u0159\u00edzen\u00ed na kl\u00ed\u010d. Nemovitosti na Costa Blanca od 80 000 \u20ac.\",\"publisher\":{\"@id\":\"https:\\\/\\\/alegria-realestate.com\\\/cs\\\/#organization\"},\"potentialAction\":[{\"@type\":\"SearchAction\",\"target\":{\"@type\":\"EntryPoint\",\"urlTemplate\":\"https:\\\/\\\/alegria-realestate.com\\\/cs\\\/?s={search_term_string}\"},\"query-input\":{\"@type\":\"PropertyValueSpecification\",\"valueRequired\":true,\"valueName\":\"search_term_string\"}}],\"inLanguage\":\"cs\"},{\"@type\":\"Organization\",\"@id\":\"https:\\\/\\\/alegria-realestate.com\\\/cs\\\/#organization\",\"name\":\"Alegria Realestate\",\"url\":\"https:\\\/\\\/alegria-realestate.com\\\/cs\\\/\",\"logo\":{\"@type\":\"ImageObject\",\"inLanguage\":\"cs\",\"@id\":\"https:\\\/\\\/alegria-realestate.com\\\/cs\\\/#\\\/schema\\\/logo\\\/image\\\/\",\"url\":\"https:\\\/\\\/alegria-realestate.com\\\/wp-content\\\/uploads\\\/2019\\\/08\\\/logo_alegria.png\",\"contentUrl\":\"https:\\\/\\\/alegria-realestate.com\\\/wp-content\\\/uploads\\\/2019\\\/08\\\/logo_alegria.png\",\"width\":1600,\"height\":1403,\"caption\":\"Alegria Realestate\"},\"image\":{\"@id\":\"https:\\\/\\\/alegria-realestate.com\\\/cs\\\/#\\\/schema\\\/logo\\\/image\\\/\"},\"sameAs\":[\"https:\\\/\\\/www.facebook.com\\\/realestate.alegria\",\"https:\\\/\\\/x.com\\\/alegriarealesta\",\"https:\\\/\\\/www.instagram.com\\\/alegriadom\\\/\",\"https:\\\/\\\/www.linkedin.com\\\/profile\\\/view?id=154965227\",\"https:\\\/\\\/www.youtube.com\\\/user\\\/AlegriaRealEstate\"]},{\"@type\":\"Person\",\"@id\":\"https:\\\/\\\/alegria-realestate.com\\\/#\\\/schema\\\/person\\\/d5f65cbf5d490b626f10bef994e91bde\",\"name\":\"Irina\"}]}<\/script>\n<!-- \/ Yoast SEO plugin. -->","yoast_head_json":{"title":"P\u0159ehled akc\u00ed na 27.\u201329. b\u0159ezna v Torrevieje, Alicante a dal\u0161\u00edch m\u011bstech Costa Blanca","description":"P\u0159ehled hlavn\u00edch ud\u00e1lost\u00ed pro voln\u00fd \u010das v Torrevieje, Alicante a dal\u0161\u00edch m\u011bstech Costa Blanca na v\u00edkend 27.\u201329. b\u0159ezna.","robots":{"index":"index","follow":"follow","max-snippet":"max-snippet:-1","max-image-preview":"max-image-preview:large","max-video-preview":"max-video-preview:-1"},"canonical":"https:\/\/alegria-realestate.com\/cs\/wp-json\/wp\/v2\/posts\/1289814","og_locale":"cs_CZ","og_type":"article","og_title":"P\u0159ehled akc\u00ed na 27.\u201329. b\u0159ezna v Torrevieje, Alicante a dal\u0161\u00edch m\u011bstech Costa Blanca","og_description":"P\u0159ehled hlavn\u00edch ud\u00e1lost\u00ed pro voln\u00fd \u010das v Torrevieje, Alicante a dal\u0161\u00edch m\u011bstech Costa Blanca na v\u00edkend 27.\u201329. b\u0159ezna.","og_url":"https:\/\/alegria-realestate.com\/cs\/wp-json\/wp\/v2\/posts\/1289814","og_site_name":"Nemovitosti ve \u0160pan\u011blsku","article_publisher":"https:\/\/www.facebook.com\/realestate.alegria","article_published_time":"2026-03-26T15:16:33+00:00","article_modified_time":"2026-03-26T15:42:56+00:00","og_image":[{"width":1536,"height":1024,"url":"https:\/\/alegria-realestate.com\/wp-content\/uploads\/2026\/03\/\u0430\u0444\u0438\u0448\u0430_27-29.03.png","type":"image\/png"}],"author":"Irina","twitter_card":"summary_large_image","twitter_creator":"@alegriarealesta","twitter_site":"@alegriarealesta","schema":{"@context":"https:\/\/schema.org","@graph":[{"@type":"Article","@id":"https:\/\/alegria-realestate.com\/articles\/life-in-spain\/weekend-guide-costa-blanca-for-27-29-march#article","isPartOf":{"@id":"https:\/\/alegria-realestate.com\/articles\/life-in-spain\/weekend-guide-costa-blanca-for-27-29-march"},"author":{"name":"Irina","@id":"https:\/\/alegria-realestate.com\/#\/schema\/person\/d5f65cbf5d490b626f10bef994e91bde"},"headline":"Pl\u00e1ny na v\u00edkend: p\u0159ehled akc\u00ed na 27.\u201329. b\u0159ezna v Torrevieje a okol\u00ed","datePublished":"2026-03-26T15:16:33+00:00","dateModified":"2026-03-26T15:42:56+00:00","mainEntityOfPage":{"@id":"https:\/\/alegria-realestate.com\/articles\/life-in-spain\/weekend-guide-costa-blanca-for-27-29-march"},"wordCount":11973,"publisher":{"@id":"https:\/\/alegria-realestate.com\/#organization"},"image":{"@id":"https:\/\/alegria-realestate.com\/articles\/life-in-spain\/weekend-guide-costa-blanca-for-27-29-march#primaryimage"},"thumbnailUrl":"https:\/\/alegria-realestate.com\/wp-content\/uploads\/2026\/03\/\u0430\u0444\u0438\u0448\u0430_27-29.03.png","articleSection":["\u017divot ve \u0160pan\u011blsku","\u017divotn\u00ed styl"],"inLanguage":"cs"},{"@type":"WebPage","@id":"https:\/\/alegria-realestate.com\/cs\/articles\/life-in-spain\/weekend-guide-costa-blanca-for-27-29-march","url":"https:\/\/alegria-realestate.com\/cs\/articles\/life-in-spain\/weekend-guide-costa-blanca-for-27-29-march","name":"P\u0159ehled akc\u00ed na 27.\u201329. b\u0159ezna v Torrevieje, Alicante a dal\u0161\u00edch m\u011bstech Costa Blanca","isPartOf":{"@id":"https:\/\/alegria-realestate.com\/cs\/#website"},"primaryImageOfPage":{"@id":"https:\/\/alegria-realestate.com\/cs\/articles\/life-in-spain\/weekend-guide-costa-blanca-for-27-29-march#primaryimage"},"image":{"@id":"https:\/\/alegria-realestate.com\/articles\/life-in-spain\/weekend-guide-costa-blanca-for-27-29-march#primaryimage"},"thumbnailUrl":"https:\/\/alegria-realestate.com\/wp-content\/uploads\/2026\/03\/\u0430\u0444\u0438\u0448\u0430_27-29.03.png","datePublished":"2026-03-26T15:16:33+00:00","dateModified":"2026-03-26T15:42:56+00:00","description":"P\u0159ehled hlavn\u00edch ud\u00e1lost\u00ed pro voln\u00fd \u010das v Torrevieje, Alicante a dal\u0161\u00edch m\u011bstech Costa Blanca na v\u00edkend 27.\u201329. b\u0159ezna.","breadcrumb":{"@id":"https:\/\/alegria-realestate.com\/cs\/articles\/life-in-spain\/weekend-guide-costa-blanca-for-27-29-march#breadcrumb"},"inLanguage":"cs","potentialAction":[{"@type":"ReadAction","target":[["https:\/\/alegria-realestate.com\/cs\/articles\/life-in-spain\/weekend-guide-costa-blanca-for-27-29-march"]]}]},{"@type":"ImageObject","inLanguage":"cs","@id":"https:\/\/alegria-realestate.com\/cs\/articles\/life-in-spain\/weekend-guide-costa-blanca-for-27-29-march#primaryimage","url":"https:\/\/alegria-realestate.com\/wp-content\/uploads\/2026\/03\/\u0430\u0444\u0438\u0448\u0430_27-29.03.png","contentUrl":"https:\/\/alegria-realestate.com\/wp-content\/uploads\/2026\/03\/\u0430\u0444\u0438\u0448\u0430_27-29.03.png","width":1536,"height":1024},{"@type":"BreadcrumbList","@id":"https:\/\/alegria-realestate.com\/cs\/articles\/life-in-spain\/weekend-guide-costa-blanca-for-27-29-march#breadcrumb","itemListElement":[{"@type":"ListItem","position":1,"name":"\u0413\u043b\u0430\u0432\u043d\u0430\u044f \u0441\u0442\u0440\u0430\u043d\u0438\u0446\u0430","item":"https:\/\/alegria-realestate.com\/cs\/"},{"@type":"ListItem","position":2,"name":"\u041f\u043b\u0430\u043d\u044b \u043d\u0430 \u0432\u044b\u0445\u043e\u0434\u043d\u044b\u0435: \u0430\u0444\u0438\u0448\u0430 \u0441\u043e\u0431\u044b\u0442\u0438\u0439 27-29 \u043c\u0430\u0440\u0442\u0430 \u0432 \u0422\u043e\u0440\u0440\u0435\u0432\u044c\u0435\u0445\u0435 \u0438 \u043e\u043a\u0440\u0435\u0441\u0442\u043d\u043e\u0441\u0442\u044f\u0445"}]},{"@type":"WebSite","@id":"https:\/\/alegria-realestate.com\/cs\/#website","url":"https:\/\/alegria-realestate.com\/cs\/","name":"Nemovitosti ve \u0160pan\u011blsku","description":"Nemovitosti ve \u0160pan\u011blsku: prodej ve v\u0161ech m\u011bstech \u2013 Torrevieja, Alicante, Benidorm a dal\u0161\u00ed. Pom\u016f\u017eeme v\u00e1m s koup\u00ed nemovitosti na Costa Blanca \u2013 secondhandov\u00e9 bydlen\u00ed i novostavby. Kompletn\u00ed vy\u0159\u00edzen\u00ed na kl\u00ed\u010d. Nemovitosti na Costa Blanca od 80 000 \u20ac.","publisher":{"@id":"https:\/\/alegria-realestate.com\/cs\/#organization"},"potentialAction":[{"@type":"SearchAction","target":{"@type":"EntryPoint","urlTemplate":"https:\/\/alegria-realestate.com\/cs\/?s={search_term_string}"},"query-input":{"@type":"PropertyValueSpecification","valueRequired":true,"valueName":"search_term_string"}}],"inLanguage":"cs"},{"@type":"Organization","@id":"https:\/\/alegria-realestate.com\/cs\/#organization","name":"Alegria Realestate","url":"https:\/\/alegria-realestate.com\/cs\/","logo":{"@type":"ImageObject","inLanguage":"cs","@id":"https:\/\/alegria-realestate.com\/cs\/#\/schema\/logo\/image\/","url":"https:\/\/alegria-realestate.com\/wp-content\/uploads\/2019\/08\/logo_alegria.png","contentUrl":"https:\/\/alegria-realestate.com\/wp-content\/uploads\/2019\/08\/logo_alegria.png","width":1600,"height":1403,"caption":"Alegria Realestate"},"image":{"@id":"https:\/\/alegria-realestate.com\/cs\/#\/schema\/logo\/image\/"},"sameAs":["https:\/\/www.facebook.com\/realestate.alegria","https:\/\/x.com\/alegriarealesta","https:\/\/www.instagram.com\/alegriadom\/","https:\/\/www.linkedin.com\/profile\/view?id=154965227","https:\/\/www.youtube.com\/user\/AlegriaRealEstate"]},{"@type":"Person","@id":"https:\/\/alegria-realestate.com\/#\/schema\/person\/d5f65cbf5d490b626f10bef994e91bde","name":"Irina"}]}},"_links":{"self":[{"href":"https:\/\/alegria-realestate.com\/cs\/wp-json\/wp\/v2\/posts\/1289814","targetHints":{"allow":["GET"]}}],"collection":[{"href":"https:\/\/alegria-realestate.com\/cs\/wp-json\/wp\/v2\/posts"}],"about":[{"href":"https:\/\/alegria-realestate.com\/cs\/wp-json\/wp\/v2\/types\/post"}],"author":[{"embeddable":true,"href":"https:\/\/alegria-realestate.com\/cs\/wp-json\/wp\/v2\/users\/34"}],"replies":[{"embeddable":true,"href":"https:\/\/alegria-realestate.com\/cs\/wp-json\/wp\/v2\/comments?post=1289814"}],"version-history":[{"count":2,"href":"https:\/\/alegria-realestate.com\/cs\/wp-json\/wp\/v2\/posts\/1289814\/revisions"}],"predecessor-version":[{"id":1289829,"href":"https:\/\/alegria-realestate.com\/cs\/wp-json\/wp\/v2\/posts\/1289814\/revisions\/1289829"}],"wp:featuredmedia":[{"embeddable":true,"href":"https:\/\/alegria-realestate.com\/cs\/wp-json\/wp\/v2\/media\/1289815"}],"wp:attachment":[{"href":"https:\/\/alegria-realestate.com\/cs\/wp-json\/wp\/v2\/media?parent=1289814"}],"wp:term":[{"taxonomy":"category","embeddable":true,"href":"https:\/\/alegria-realestate.com\/cs\/wp-json\/wp\/v2\/categories?post=1289814"},{"taxonomy":"post_tag","embeddable":true,"href":"https:\/\/alegria-realestate.com\/cs\/wp-json\/wp\/v2\/tags?post=1289814"}],"curies":[{"name":"wp","href":"https:\/\/api.w.org\/{rel}","templated":true}]}}