{"id":1403553,"date":"2026-04-30T16:38:47","date_gmt":"2026-04-30T13:38:47","guid":{"rendered":"https:\/\/alegria-realestate.com\/?p=1403553"},"modified":"2026-05-01T16:45:35","modified_gmt":"2026-05-01T13:45:35","slug":"events-guide-for-1-3-may-costa-blanca","status":"publish","type":"post","link":"https:\/\/alegria-realestate.com\/cs\/articles\/events-guide-for-1-3-may-costa-blanca","title":{"rendered":"Pl\u00e1ny na v\u00edkend: p\u0159ehled akc\u00ed od 1. do 3. kv\u011btna v Torrevieje a okol\u00ed"},"content":{"rendered":"<p>O tom, co zaj\u00edmav\u00e9ho na konci tohoto t\u00fddne \u010dek\u00e1 obyvatele a n\u00e1v\u0161t\u011bvn\u00edky Torrevieji a tak\u00e9 bl\u00edzk\u00fdch obc\u00ed v provincii Alicante.<\/p>\n<h2>1.\u20133. kv\u011btna. V\u00fdstava d\u011bl Picassa, Warhola, Murakamiho a dal\u0161\u00edch velk\u00fdch um\u011blc\u016f<\/h2>\n<p>Do 18. kv\u011btna je v N\u00e1mo\u0159n\u00edm muzeu v Santa Pole uspo\u0159\u00e1d\u00e1na v\u00fdstava d\u011bl Pabla Picassa, Andyho Warhola, Takashiho Murakamiho, Marca Chagalla a dal\u0161\u00edch v\u00fdznamn\u00fdch \u0161pan\u011blsk\u00fdch i zahrani\u010dn\u00edch um\u011blc\u016f z Muzea sou\u010dasn\u00e9ho um\u011bn\u00ed Vicente Aguilery ve Vilafam\u00e9su (MACVAC) a ze sb\u00edrky Mariana Poyatose a Filomeny De Lorenzo (galerie Espai Nivi). Mnoh\u00e1 z vystaven\u00fdch d\u011bl jsou dosud nepublikovan\u00e9 obrazy a ned\u00e1vn\u00e9 p\u0159\u00edr\u016fstky do fond\u016f MACVAC a sb\u00edrky Espai Nivi, co\u017e z projektu \u010din\u00ed jedine\u010dnou p\u0159\u00edle\u017eitost se s nimi sezn\u00e1mit. Dv\u011b sb\u00edrky, vystav\u011bn\u00e9 kolem \u010dty\u0159 t\u00e9mat \u2013 \u201eT\u011blo\u201c, \u201eRitu\u00e1ly\u201c, \u201eKrajiny du\u0161e\u201c a \u201eTranscendence\u201c \u2013 zvou k cest\u011b vedouc\u00ed od nejv\u00edce t\u011blesn\u00e9 a biografick\u00e9 zku\u0161enosti ke sf\u00e9r\u00e1m abstrakce a znaku. Jak uv\u00e1d\u011bj\u00ed kur\u00e1to\u0159i v\u00fdstavy, \u201enenab\u00edz\u00ed uzav\u0159en\u00fd diskurz, ale p\u0159edstavuje proces hled\u00e1n\u00ed, cestu do vlastn\u00edho nitra, v n\u00ed\u017e se ka\u017ed\u00e9 d\u00edlo st\u00e1v\u00e1 prahem a ka\u017ed\u00fd s\u00e1l \u2013 obydl\u00edm, v n\u011bm\u017e n\u00e1v\u0161t\u011bvn\u00edk pob\u00fdv\u00e1 ve vlastn\u00edm rytmu\u201c.<\/p>\n<ul>\n<li>Otev\u00edrac\u00ed doba \u2013 od 10:00 do 13:00, od 16:00 do 19:00 (\u00fater\u00fd-sobota) a od 11:00 do 13:30 (ned\u011ble).<\/li>\n<\/ul>\n<h2>1.\u20133. kv\u011btna. V\u00fdlet na ostrov Tabarca<\/h2>\n<p>Ka\u017ed\u00fd den se lze z p\u0159\u00edstavu v Torrevieje, Santa Pole nebo Alicante vydat lod\u00ed na ostrov Tabarca \u2013 nejv\u011bt\u0161\u00ed a jedin\u00fd obydlen\u00fd ostrov Valencijsk\u00e9ho spole\u010denstv\u00ed. Cestovatel\u00e9 si budou moci vychutnat podmo\u0159sk\u00e9 v\u00fdhledy, objevit bohatou mo\u0159skou biodiverzitu, ochutnat pokrmy v m\u00edstn\u00edch restaurac\u00edch a nav\u0161t\u00edvit historick\u00e9 pam\u00e1tky. Lo\u010f je ur\u010dena pro 250 cestuj\u00edc\u00edch, v\u010detn\u011b osob se sn\u00ed\u017eenou pohyblivost\u00ed a dom\u00e1c\u00edch mazl\u00ed\u010dk\u016f, a je mo\u017en\u00e9 si s sebou vz\u00edt j\u00eddlo a n\u00e1poje.<\/p>\n<ul>\n<li>Odjezdy \u2013 od 9:30 do 18:45, n\u00e1vraty \u2013 od 10:30 do 19:30, cena j\u00edzdenek z Torrevieji \u2013 27 eur pro dosp\u011bl\u00e9 a 19 eur pro d\u011bti.<\/li>\n<\/ul>\n<h2>1. kv\u011btna. P\u00e1tek na trhu v Torrevieje<\/h2>\n<p>Ka\u017ed\u00fd p\u00e1tek v Parque Antonio Soria funguje pouli\u010dn\u00ed trh v Torrevieje \u2013 jedno z nejv\u011bt\u0161\u00edch center drobn\u00e9ho podnik\u00e1n\u00ed v regionu Vega Baja. Na plo\u0161e 82 000 m\u00b2 se nach\u00e1z\u00ed a\u017e 700 st\u00e1nk\u016f a prodejn\u00edch m\u00edst s potravinami, oble\u010den\u00edm, obuv\u00ed, dopl\u0148ky a dal\u0161\u00edm zbo\u017e\u00edm za dostupn\u00e9 ceny ve srovn\u00e1n\u00ed s velk\u00fdmi \u0159et\u011bzci supermarket\u016f. Trh v Torrevieje nab\u00edz\u00ed mnoho pohodl\u00ed \u2013 nap\u0159\u00edklad bezplatn\u00e9 parkov\u00e1n\u00ed, ve\u0159ejn\u00e9 toalety a stanovi\u0161t\u011b taxi. Ka\u017ed\u00fdch 20 minut od 8:00 do 14:00 odj\u00ed\u017ed\u00ed autobus p\u0159\u00edstupn\u00fd pro osoby se sn\u00ed\u017eenou pohyblivost\u00ed nebo voz\u00ed\u010dk\u00e1\u0159e.<\/p>\n<p>Od p\u00e1tku do ned\u011ble, od 19:30, je zde otev\u0159en z\u00e1bavn\u00ed a hern\u00ed park pro v\u0161echny v\u011bkov\u00e9 kategorie.<\/p>\n<h2>2. kv\u011btna. Hudebn\u00ed p\u0159edstaven\u00ed \u201e\u00a1Idols! La revoluci\u00f3n K-POP\u201c<\/h2>\n<p>Na sc\u00e9n\u011b Velk\u00e9ho divadla v Elche bude uvedeno rodinn\u00e9 hudebn\u00ed p\u0159edstaven\u00ed \u201e\u00a1Idols! La revoluci\u00f3n K-POP\u201c. V dystopick\u00e9 budoucnosti, kde byl zak\u00e1z\u00e1n zvuk a rytmus se prom\u011bnil v d\u00e9monickou zbra\u0148, usiluj\u00ed nebezpe\u010dn\u00fd WI-MA a Season S\u00c1JAS o sv\u011btovl\u00e1du. T\u0159i mlad\u00e9 um\u011blkyn\u011b \u2013 \u201eV\u00e1le\u010dnice rytmu\u201c, spojen\u00e9 p\u0159\u00e1telstv\u00edm a silou K-POP \u2013 zji\u0161\u0165uj\u00ed, \u017ee jejich hudba dok\u00e1\u017ee probudit, osvobodit a zm\u011bnit v\u0161e. Nakonec zachr\u00e1n\u00ed cel\u00fd sv\u011bt\u2026 pomoc\u00ed rytmu jako zbran\u011b.<\/p>\n<ul>\n<li>Za\u010d\u00e1tek \u2013 v 17:00, cena vstupenek \u2013 18, 22 a 24 eur.<\/li>\n<\/ul>\n<h2>2. kv\u011btna. Koncert \u201eLas Cuatro Estaciones de Vivaldi\u201c<\/h2>\n<p>V Archeologick\u00e9m muzeu v Alicante (MARQ) se uskute\u010dn\u00ed vystoupen\u00ed smy\u010dcov\u00e9ho kvarteta Arde Quartet v r\u00e1mci s\u00e9rie \u201eKoncerty p\u0159i sv\u00ed\u010dk\u00e1ch\u201c (Candlelight), v\u011bnovan\u00e9 italsk\u00e9mu skladateli Antoniu Vivaldimu. Program zahrnuje cyklus koncert\u016f pro housle a orchestr \u201e\u010ctvero ro\u010dn\u00edch dob\u201c.<\/p>\n<ul>\n<li>Za\u010d\u00e1tek \u2013 v 18:30, cena vstupenek \u2013 od 31,5 eura.<\/li>\n<\/ul>\n<h2>2. kv\u011btna. Koncert na po\u010dest skupin Queen a ABBA<\/h2>\n<p>Tent\u00fd\u017e den v Archeologick\u00e9m muzeu v Alicante (MARQ) vystoup\u00ed smy\u010dcov\u00e9 kvarteto Noor Quartet. V jeho pod\u00e1n\u00ed zazn\u00ed n\u00e1sleduj\u00edc\u00ed sv\u011btov\u011b proslul\u00e9 hity skupin Queen a ABBA: Dancing Queen, SOS, Money, Money, Money, Bohemian Rhapsody, I Want to Break Free, Waterloo, Super Trouper, Mamma Mia, Don\u2019t Stop Me Now, We Will Rock You, We Are the Champions.<\/p>\n<ul>\n<li>Za\u010d\u00e1tek \u2013 ve 20:30, cena vstupenek \u2013 od 28 eur.<\/li>\n<\/ul>\n<h2>2. kv\u011btna. Koncert skupiny \u201eSidecars\u201c<\/h2>\n<p>V Mezin\u00e1rodn\u00edm koncertn\u00edm s\u00e1le v Torrevieje se uskute\u010dn\u00ed koncert skupiny \u201eSidecars\u201c, kter\u00e1 p\u0159edstav\u00ed sv\u00e9 nov\u00e9 album \u201eEverest\u201c \u2013 d\u00edlo ukazuj\u00edc\u00ed zralost hudebn\u00edk\u016f a jejich p\u0159\u00edstup k \u017eivotu: postupovat krok za krokem, u\u010dit se z ka\u017ed\u00e9 zku\u0161enosti a u\u017e\u00edvat si cestu.<\/p>\n<ul>\n<li>Za\u010d\u00e1tek \u2013 ve 20:00, cena vstupenek \u2013 od 20 eur.<\/li>\n<\/ul>\n<h2>3. kv\u011btna. Koncert Abrahama Cupeira a orchestru Arnova Ensemble<\/h2>\n<p>V Mezin\u00e1rodn\u00edm koncertn\u00edm s\u00e1le v Torrevieje se uskute\u010dn\u00ed koncert Abrahama Cupeira a orchestru Arnova Ensemble, kte\u0159\u00ed p\u0159edstav\u00ed nov\u00fd program \u201ePangea\u201c. Asi p\u0159ed 200 miliony let existoval na na\u0161\u00ed planet\u011b jedin\u00fd obrovsk\u00fd kontinent \u2013 Pangea. Za\u010dal se rozpadat a postupem \u010dasu dal vzniknout r\u016fzn\u00fdm sou\u010dasn\u00fdm kontinent\u016fm. Cesta, kter\u00e1 bude div\u00e1k\u016fm v r\u00e1mci tohoto koncertu nab\u00eddnuta, je propojen\u00edm r\u016fzn\u00fdch \u010d\u00e1st\u00ed planety prost\u0159ednictv\u00edm hudby Abrahama Cupeira a Mar\u00edi Ruiz za doprovodu orchestru Arnova Ensemble, slo\u017een\u00e9ho z 21 talentovan\u00fdch hudebn\u00edk\u016f. B\u011bhem tohoto p\u0159edstaven\u00ed, kter\u00e9 bylo nahr\u00e1no s lond\u00fdnsk\u00fdm Royal Philharmonic Orchestra ve studi\u00edch Abbey Road, zazn\u00ed melodie od ji\u017en\u00ed Oce\u00e1nie s ozv\u011bnami jej\u00edch mu\u0161l\u00ed a\u017e po tajemn\u00e9 \u010d\u00ednsk\u00e9 hory, od rozlehl\u00fdch severoamerick\u00fdch pl\u00e1n\u00ed po jihoamerickou d\u017eungli, a mnoho, mnoho dal\u0161\u00edho.<\/p>\n<ul>\n<li>Za\u010d\u00e1tek \u2013 v 19:00, cena vstupenek \u2013 od 30 eur.<\/li>\n<\/ul>\n<h2>3. kv\u011btna. Koncert na po\u010dest Mezin\u00e1rodn\u00edho dne jazzu<\/h2>\n<p>V Hlavn\u00edm divadle v Alicante se uskute\u010dn\u00ed koncert na po\u010dest Mezin\u00e1rodn\u00edho dne jazzu, kter\u00fd se pod z\u00e1\u0161titou UNESCO slav\u00ed 30. dubna t\u00e9m\u011b\u0159 ve 200 zem\u00edch sv\u011bta. Ji\u017e popatn\u00e1ct\u00e9 se ho z\u00fa\u010dastn\u00ed des\u00edtky m\u00edstn\u00edch, n\u00e1rodn\u00edch i zahrani\u010dn\u00edch jazzov\u00fdch hudebn\u00edk\u016f, aby vybrali prost\u0159edky na charitativn\u00ed \u00fa\u010dely.<\/p>\n<ul>\n<li>Za\u010d\u00e1tek \u2013 v 19:00, cena vstupenek \u2013 12, 16 a 22 eur.<\/li>\n<\/ul>\n<h2>3. kv\u011btna. P\u0159edstaven\u00ed \u201eLavi\u010dka\u201c<\/h2>\n<p>Experiment\u00e1ln\u00ed divadlo El Faro zve na lyrick\u00e9 p\u0159edstaven\u00ed \u201eLavi\u010dka\u201c podle stejnojmenn\u00e9 hry Alexandra Gelmana. Up\u0159\u00edmnost a le\u017e, pohrd\u00e1n\u00ed a n\u011bha, stesk a bl\u00edzkost se minutu po minut\u011b propl\u00e9taj\u00ed v neuv\u011b\u0159iteln\u00e9 mozaice pro\u017eitk\u016f. Celou \u0161k\u00e1lu t\u011bchto pocit\u016f na jevi\u0161ti pro\u017e\u00edvaj\u00ed Alexej Panin a Veorika Kucenko.<\/p>\n<ul>\n<li>Za\u010d\u00e1tek \u2013 ve 20:00, cena vstupenek \u2013 35, 45, 55 a 75 eur.<\/li>\n<\/ul>\n<p><\/p>","protected":false},"excerpt":{"rendered":"<p>O tom, co zaj\u00edmav\u00e9ho na konci tohoto t\u00fddne \u010dek\u00e1\u2026<\/p>\n","protected":false},"author":34,"featured_media":1403557,"comment_status":"closed","ping_status":"closed","sticky":false,"template":"","format":"standard","meta":{"footnotes":""},"categories":[1],"tags":[],"class_list":["post-1403553","post","type-post","status-publish","format-standard","has-post-thumbnail","hentry","category-articles"],"yoast_head":"<!-- This site is optimized with the Yoast SEO plugin v27.5 - https:\/\/yoast.com\/product\/yoast-seo-wordpress\/ -->\n<title>P\u0159ehled akc\u00ed na 1.\u20133. kv\u011btna v Torrevieje, Alicante a dal\u0161\u00edch m\u011bstech Costa Blanca<\/title>\n<meta name=\"description\" content=\"P\u0159ehled hlavn\u00edch ud\u00e1lost\u00ed pro voln\u00fd \u010das v Torrevieje, Alicante a dal\u0161\u00edch m\u011bstech Costa Blanca na v\u00edkend 1.\u20133. kv\u011btna.\" \/>\n<meta name=\"robots\" content=\"index, follow, max-snippet:-1, max-image-preview:large, max-video-preview:-1\" \/>\n<link rel=\"canonical\" href=\"https:\/\/alegria-realestate.com\/cs\/wp-json\/wp\/v2\/posts\/1403553\" \/>\n<meta property=\"og:locale\" content=\"cs_CZ\" \/>\n<meta property=\"og:type\" content=\"article\" \/>\n<meta property=\"og:title\" content=\"P\u0159ehled akc\u00ed na 1.\u20133. kv\u011btna v Torrevieje, Alicante a dal\u0161\u00edch m\u011bstech Costa Blanca\" \/>\n<meta property=\"og:description\" content=\"P\u0159ehled hlavn\u00edch ud\u00e1lost\u00ed pro voln\u00fd \u010das v Torrevieje, Alicante a dal\u0161\u00edch m\u011bstech Costa Blanca na v\u00edkend 1.\u20133. kv\u011btna.\" \/>\n<meta property=\"og:url\" content=\"https:\/\/alegria-realestate.com\/cs\/wp-json\/wp\/v2\/posts\/1403553\" \/>\n<meta property=\"og:site_name\" content=\"Nemovitosti ve \u0160pan\u011blsku\" \/>\n<meta property=\"article:publisher\" content=\"https:\/\/www.facebook.com\/realestate.alegria\" \/>\n<meta property=\"article:published_time\" content=\"2026-04-30T13:38:47+00:00\" \/>\n<meta property=\"article:modified_time\" content=\"2026-05-01T13:45:35+00:00\" \/>\n<meta property=\"og:image\" content=\"https:\/\/alegria-realestate.com\/wp-content\/uploads\/2026\/05\/afisha_1_3_05_26.png\" \/>\n\t<meta property=\"og:image:width\" content=\"1672\" \/>\n\t<meta property=\"og:image:height\" content=\"941\" \/>\n\t<meta property=\"og:image:type\" content=\"image\/png\" \/>\n<meta name=\"author\" content=\"Irina\" \/>\n<meta name=\"twitter:card\" content=\"summary_large_image\" \/>\n<meta name=\"twitter:creator\" content=\"@alegriarealesta\" \/>\n<meta name=\"twitter:site\" content=\"@alegriarealesta\" \/>\n<script type=\"application\/ld+json\" class=\"yoast-schema-graph\">{\"@context\":\"https:\\\/\\\/schema.org\",\"@graph\":[{\"@type\":\"Article\",\"@id\":\"https:\\\/\\\/alegria-realestate.com\\\/articles\\\/events-guide-for-1-3-may-costa-blanca#article\",\"isPartOf\":{\"@id\":\"https:\\\/\\\/alegria-realestate.com\\\/articles\\\/events-guide-for-1-3-may-costa-blanca\"},\"author\":{\"name\":\"Irina\",\"@id\":\"https:\\\/\\\/alegria-realestate.com\\\/#\\\/schema\\\/person\\\/d5f65cbf5d490b626f10bef994e91bde\"},\"headline\":\"Pl\u00e1ny na v\u00edkend: p\u0159ehled akc\u00ed od 1. do 3. kv\u011btna v Torrevieje a okol\u00ed\",\"datePublished\":\"2026-04-30T13:38:47+00:00\",\"dateModified\":\"2026-05-01T13:45:35+00:00\",\"mainEntityOfPage\":{\"@id\":\"https:\\\/\\\/alegria-realestate.com\\\/articles\\\/events-guide-for-1-3-may-costa-blanca\"},\"wordCount\":11394,\"publisher\":{\"@id\":\"https:\\\/\\\/alegria-realestate.com\\\/#organization\"},\"image\":{\"@id\":\"https:\\\/\\\/alegria-realestate.com\\\/articles\\\/events-guide-for-1-3-may-costa-blanca#primaryimage\"},\"thumbnailUrl\":\"https:\\\/\\\/alegria-realestate.com\\\/wp-content\\\/uploads\\\/2026\\\/05\\\/afisha_1_3_05_26.png\",\"articleSection\":[\"Blog\"],\"inLanguage\":\"cs\"},{\"@type\":\"WebPage\",\"@id\":\"https:\\\/\\\/alegria-realestate.com\\\/cs\\\/articles\\\/events-guide-for-1-3-may-costa-blanca\",\"url\":\"https:\\\/\\\/alegria-realestate.com\\\/cs\\\/articles\\\/events-guide-for-1-3-may-costa-blanca\",\"name\":\"P\u0159ehled akc\u00ed na 1.\u20133. kv\u011btna v Torrevieje, Alicante a dal\u0161\u00edch m\u011bstech Costa Blanca\",\"isPartOf\":{\"@id\":\"https:\\\/\\\/alegria-realestate.com\\\/cs\\\/#website\"},\"primaryImageOfPage\":{\"@id\":\"https:\\\/\\\/alegria-realestate.com\\\/cs\\\/articles\\\/events-guide-for-1-3-may-costa-blanca#primaryimage\"},\"image\":{\"@id\":\"https:\\\/\\\/alegria-realestate.com\\\/articles\\\/events-guide-for-1-3-may-costa-blanca#primaryimage\"},\"thumbnailUrl\":\"https:\\\/\\\/alegria-realestate.com\\\/wp-content\\\/uploads\\\/2026\\\/05\\\/afisha_1_3_05_26.png\",\"datePublished\":\"2026-04-30T13:38:47+00:00\",\"dateModified\":\"2026-05-01T13:45:35+00:00\",\"description\":\"P\u0159ehled hlavn\u00edch ud\u00e1lost\u00ed pro voln\u00fd \u010das v Torrevieje, Alicante a dal\u0161\u00edch m\u011bstech Costa Blanca na v\u00edkend 1.\u20133. kv\u011btna.\",\"breadcrumb\":{\"@id\":\"https:\\\/\\\/alegria-realestate.com\\\/cs\\\/articles\\\/events-guide-for-1-3-may-costa-blanca#breadcrumb\"},\"inLanguage\":\"cs\",\"potentialAction\":[{\"@type\":\"ReadAction\",\"target\":[[\"https:\\\/\\\/alegria-realestate.com\\\/cs\\\/articles\\\/events-guide-for-1-3-may-costa-blanca\"]]}]},{\"@type\":\"ImageObject\",\"inLanguage\":\"cs\",\"@id\":\"https:\\\/\\\/alegria-realestate.com\\\/cs\\\/articles\\\/events-guide-for-1-3-may-costa-blanca#primaryimage\",\"url\":\"https:\\\/\\\/alegria-realestate.com\\\/wp-content\\\/uploads\\\/2026\\\/05\\\/afisha_1_3_05_26.png\",\"contentUrl\":\"https:\\\/\\\/alegria-realestate.com\\\/wp-content\\\/uploads\\\/2026\\\/05\\\/afisha_1_3_05_26.png\",\"width\":1672,\"height\":941},{\"@type\":\"BreadcrumbList\",\"@id\":\"https:\\\/\\\/alegria-realestate.com\\\/cs\\\/articles\\\/events-guide-for-1-3-may-costa-blanca#breadcrumb\",\"itemListElement\":[{\"@type\":\"ListItem\",\"position\":1,\"name\":\"\u0413\u043b\u0430\u0432\u043d\u0430\u044f \u0441\u0442\u0440\u0430\u043d\u0438\u0446\u0430\",\"item\":\"https:\\\/\\\/alegria-realestate.com\\\/cs\\\/\"},{\"@type\":\"ListItem\",\"position\":2,\"name\":\"\u041f\u043b\u0430\u043d\u044b \u043d\u0430 \u0432\u044b\u0445\u043e\u0434\u043d\u044b\u0435: \u0430\u0444\u0438\u0448\u0430 \u0441\u043e\u0431\u044b\u0442\u0438\u0439 1-3 \u043c\u0430\u044f \u0432 \u0422\u043e\u0440\u0440\u0435\u0432\u044c\u0435\u0445\u0435 \u0438 \u043e\u043a\u0440\u0435\u0441\u0442\u043d\u043e\u0441\u0442\u044f\u0445\"}]},{\"@type\":\"WebSite\",\"@id\":\"https:\\\/\\\/alegria-realestate.com\\\/cs\\\/#website\",\"url\":\"https:\\\/\\\/alegria-realestate.com\\\/cs\\\/\",\"name\":\"Nemovitosti ve \u0160pan\u011blsku\",\"description\":\"Nemovitosti ve \u0160pan\u011blsku: prodej ve v\u0161ech m\u011bstech \u2013 Torrevieja, Alicante, Benidorm a dal\u0161\u00ed. Pom\u016f\u017eeme v\u00e1m s koup\u00ed nemovitosti na Costa Blanca \u2013 secondhandov\u00e9 bydlen\u00ed i novostavby. Kompletn\u00ed vy\u0159\u00edzen\u00ed na kl\u00ed\u010d. Nemovitosti na Costa Blanca od 80 000 \u20ac.\",\"publisher\":{\"@id\":\"https:\\\/\\\/alegria-realestate.com\\\/cs\\\/#organization\"},\"potentialAction\":[{\"@type\":\"SearchAction\",\"target\":{\"@type\":\"EntryPoint\",\"urlTemplate\":\"https:\\\/\\\/alegria-realestate.com\\\/cs\\\/?s={search_term_string}\"},\"query-input\":{\"@type\":\"PropertyValueSpecification\",\"valueRequired\":true,\"valueName\":\"search_term_string\"}}],\"inLanguage\":\"cs\"},{\"@type\":\"Organization\",\"@id\":\"https:\\\/\\\/alegria-realestate.com\\\/cs\\\/#organization\",\"name\":\"Alegria Realestate\",\"url\":\"https:\\\/\\\/alegria-realestate.com\\\/cs\\\/\",\"logo\":{\"@type\":\"ImageObject\",\"inLanguage\":\"cs\",\"@id\":\"https:\\\/\\\/alegria-realestate.com\\\/cs\\\/#\\\/schema\\\/logo\\\/image\\\/\",\"url\":\"https:\\\/\\\/alegria-realestate.com\\\/wp-content\\\/uploads\\\/2019\\\/08\\\/logo_alegria.png\",\"contentUrl\":\"https:\\\/\\\/alegria-realestate.com\\\/wp-content\\\/uploads\\\/2019\\\/08\\\/logo_alegria.png\",\"width\":1600,\"height\":1403,\"caption\":\"Alegria Realestate\"},\"image\":{\"@id\":\"https:\\\/\\\/alegria-realestate.com\\\/cs\\\/#\\\/schema\\\/logo\\\/image\\\/\"},\"sameAs\":[\"https:\\\/\\\/www.facebook.com\\\/realestate.alegria\",\"https:\\\/\\\/x.com\\\/alegriarealesta\",\"https:\\\/\\\/www.instagram.com\\\/alegriadom\\\/\",\"https:\\\/\\\/www.linkedin.com\\\/profile\\\/view?id=154965227\",\"https:\\\/\\\/www.youtube.com\\\/user\\\/AlegriaRealEstate\"]},{\"@type\":\"Person\",\"@id\":\"https:\\\/\\\/alegria-realestate.com\\\/#\\\/schema\\\/person\\\/d5f65cbf5d490b626f10bef994e91bde\",\"name\":\"Irina\"}]}<\/script>\n<!-- \/ Yoast SEO plugin. -->","yoast_head_json":{"title":"P\u0159ehled akc\u00ed na 1.\u20133. kv\u011btna v Torrevieje, Alicante a dal\u0161\u00edch m\u011bstech Costa Blanca","description":"P\u0159ehled hlavn\u00edch ud\u00e1lost\u00ed pro voln\u00fd \u010das v Torrevieje, Alicante a dal\u0161\u00edch m\u011bstech Costa Blanca na v\u00edkend 1.\u20133. kv\u011btna.","robots":{"index":"index","follow":"follow","max-snippet":"max-snippet:-1","max-image-preview":"max-image-preview:large","max-video-preview":"max-video-preview:-1"},"canonical":"https:\/\/alegria-realestate.com\/cs\/wp-json\/wp\/v2\/posts\/1403553","og_locale":"cs_CZ","og_type":"article","og_title":"P\u0159ehled akc\u00ed na 1.\u20133. kv\u011btna v Torrevieje, Alicante a dal\u0161\u00edch m\u011bstech Costa Blanca","og_description":"P\u0159ehled hlavn\u00edch ud\u00e1lost\u00ed pro voln\u00fd \u010das v Torrevieje, Alicante a dal\u0161\u00edch m\u011bstech Costa Blanca na v\u00edkend 1.\u20133. kv\u011btna.","og_url":"https:\/\/alegria-realestate.com\/cs\/wp-json\/wp\/v2\/posts\/1403553","og_site_name":"Nemovitosti ve \u0160pan\u011blsku","article_publisher":"https:\/\/www.facebook.com\/realestate.alegria","article_published_time":"2026-04-30T13:38:47+00:00","article_modified_time":"2026-05-01T13:45:35+00:00","og_image":[{"width":1672,"height":941,"url":"https:\/\/alegria-realestate.com\/wp-content\/uploads\/2026\/05\/afisha_1_3_05_26.png","type":"image\/png"}],"author":"Irina","twitter_card":"summary_large_image","twitter_creator":"@alegriarealesta","twitter_site":"@alegriarealesta","schema":{"@context":"https:\/\/schema.org","@graph":[{"@type":"Article","@id":"https:\/\/alegria-realestate.com\/articles\/events-guide-for-1-3-may-costa-blanca#article","isPartOf":{"@id":"https:\/\/alegria-realestate.com\/articles\/events-guide-for-1-3-may-costa-blanca"},"author":{"name":"Irina","@id":"https:\/\/alegria-realestate.com\/#\/schema\/person\/d5f65cbf5d490b626f10bef994e91bde"},"headline":"Pl\u00e1ny na v\u00edkend: p\u0159ehled akc\u00ed od 1. do 3. kv\u011btna v Torrevieje a okol\u00ed","datePublished":"2026-04-30T13:38:47+00:00","dateModified":"2026-05-01T13:45:35+00:00","mainEntityOfPage":{"@id":"https:\/\/alegria-realestate.com\/articles\/events-guide-for-1-3-may-costa-blanca"},"wordCount":11394,"publisher":{"@id":"https:\/\/alegria-realestate.com\/#organization"},"image":{"@id":"https:\/\/alegria-realestate.com\/articles\/events-guide-for-1-3-may-costa-blanca#primaryimage"},"thumbnailUrl":"https:\/\/alegria-realestate.com\/wp-content\/uploads\/2026\/05\/afisha_1_3_05_26.png","articleSection":["Blog"],"inLanguage":"cs"},{"@type":"WebPage","@id":"https:\/\/alegria-realestate.com\/cs\/articles\/events-guide-for-1-3-may-costa-blanca","url":"https:\/\/alegria-realestate.com\/cs\/articles\/events-guide-for-1-3-may-costa-blanca","name":"P\u0159ehled akc\u00ed na 1.\u20133. kv\u011btna v Torrevieje, Alicante a dal\u0161\u00edch m\u011bstech Costa Blanca","isPartOf":{"@id":"https:\/\/alegria-realestate.com\/cs\/#website"},"primaryImageOfPage":{"@id":"https:\/\/alegria-realestate.com\/cs\/articles\/events-guide-for-1-3-may-costa-blanca#primaryimage"},"image":{"@id":"https:\/\/alegria-realestate.com\/articles\/events-guide-for-1-3-may-costa-blanca#primaryimage"},"thumbnailUrl":"https:\/\/alegria-realestate.com\/wp-content\/uploads\/2026\/05\/afisha_1_3_05_26.png","datePublished":"2026-04-30T13:38:47+00:00","dateModified":"2026-05-01T13:45:35+00:00","description":"P\u0159ehled hlavn\u00edch ud\u00e1lost\u00ed pro voln\u00fd \u010das v Torrevieje, Alicante a dal\u0161\u00edch m\u011bstech Costa Blanca na v\u00edkend 1.\u20133. kv\u011btna.","breadcrumb":{"@id":"https:\/\/alegria-realestate.com\/cs\/articles\/events-guide-for-1-3-may-costa-blanca#breadcrumb"},"inLanguage":"cs","potentialAction":[{"@type":"ReadAction","target":[["https:\/\/alegria-realestate.com\/cs\/articles\/events-guide-for-1-3-may-costa-blanca"]]}]},{"@type":"ImageObject","inLanguage":"cs","@id":"https:\/\/alegria-realestate.com\/cs\/articles\/events-guide-for-1-3-may-costa-blanca#primaryimage","url":"https:\/\/alegria-realestate.com\/wp-content\/uploads\/2026\/05\/afisha_1_3_05_26.png","contentUrl":"https:\/\/alegria-realestate.com\/wp-content\/uploads\/2026\/05\/afisha_1_3_05_26.png","width":1672,"height":941},{"@type":"BreadcrumbList","@id":"https:\/\/alegria-realestate.com\/cs\/articles\/events-guide-for-1-3-may-costa-blanca#breadcrumb","itemListElement":[{"@type":"ListItem","position":1,"name":"\u0413\u043b\u0430\u0432\u043d\u0430\u044f \u0441\u0442\u0440\u0430\u043d\u0438\u0446\u0430","item":"https:\/\/alegria-realestate.com\/cs\/"},{"@type":"ListItem","position":2,"name":"\u041f\u043b\u0430\u043d\u044b \u043d\u0430 \u0432\u044b\u0445\u043e\u0434\u043d\u044b\u0435: \u0430\u0444\u0438\u0448\u0430 \u0441\u043e\u0431\u044b\u0442\u0438\u0439 1-3 \u043c\u0430\u044f \u0432 \u0422\u043e\u0440\u0440\u0435\u0432\u044c\u0435\u0445\u0435 \u0438 \u043e\u043a\u0440\u0435\u0441\u0442\u043d\u043e\u0441\u0442\u044f\u0445"}]},{"@type":"WebSite","@id":"https:\/\/alegria-realestate.com\/cs\/#website","url":"https:\/\/alegria-realestate.com\/cs\/","name":"Nemovitosti ve \u0160pan\u011blsku","description":"Nemovitosti ve \u0160pan\u011blsku: prodej ve v\u0161ech m\u011bstech \u2013 Torrevieja, Alicante, Benidorm a dal\u0161\u00ed. Pom\u016f\u017eeme v\u00e1m s koup\u00ed nemovitosti na Costa Blanca \u2013 secondhandov\u00e9 bydlen\u00ed i novostavby. Kompletn\u00ed vy\u0159\u00edzen\u00ed na kl\u00ed\u010d. Nemovitosti na Costa Blanca od 80 000 \u20ac.","publisher":{"@id":"https:\/\/alegria-realestate.com\/cs\/#organization"},"potentialAction":[{"@type":"SearchAction","target":{"@type":"EntryPoint","urlTemplate":"https:\/\/alegria-realestate.com\/cs\/?s={search_term_string}"},"query-input":{"@type":"PropertyValueSpecification","valueRequired":true,"valueName":"search_term_string"}}],"inLanguage":"cs"},{"@type":"Organization","@id":"https:\/\/alegria-realestate.com\/cs\/#organization","name":"Alegria Realestate","url":"https:\/\/alegria-realestate.com\/cs\/","logo":{"@type":"ImageObject","inLanguage":"cs","@id":"https:\/\/alegria-realestate.com\/cs\/#\/schema\/logo\/image\/","url":"https:\/\/alegria-realestate.com\/wp-content\/uploads\/2019\/08\/logo_alegria.png","contentUrl":"https:\/\/alegria-realestate.com\/wp-content\/uploads\/2019\/08\/logo_alegria.png","width":1600,"height":1403,"caption":"Alegria Realestate"},"image":{"@id":"https:\/\/alegria-realestate.com\/cs\/#\/schema\/logo\/image\/"},"sameAs":["https:\/\/www.facebook.com\/realestate.alegria","https:\/\/x.com\/alegriarealesta","https:\/\/www.instagram.com\/alegriadom\/","https:\/\/www.linkedin.com\/profile\/view?id=154965227","https:\/\/www.youtube.com\/user\/AlegriaRealEstate"]},{"@type":"Person","@id":"https:\/\/alegria-realestate.com\/#\/schema\/person\/d5f65cbf5d490b626f10bef994e91bde","name":"Irina"}]}},"_links":{"self":[{"href":"https:\/\/alegria-realestate.com\/cs\/wp-json\/wp\/v2\/posts\/1403553","targetHints":{"allow":["GET"]}}],"collection":[{"href":"https:\/\/alegria-realestate.com\/cs\/wp-json\/wp\/v2\/posts"}],"about":[{"href":"https:\/\/alegria-realestate.com\/cs\/wp-json\/wp\/v2\/types\/post"}],"author":[{"embeddable":true,"href":"https:\/\/alegria-realestate.com\/cs\/wp-json\/wp\/v2\/users\/34"}],"replies":[{"embeddable":true,"href":"https:\/\/alegria-realestate.com\/cs\/wp-json\/wp\/v2\/comments?post=1403553"}],"version-history":[{"count":2,"href":"https:\/\/alegria-realestate.com\/cs\/wp-json\/wp\/v2\/posts\/1403553\/revisions"}],"predecessor-version":[{"id":1403560,"href":"https:\/\/alegria-realestate.com\/cs\/wp-json\/wp\/v2\/posts\/1403553\/revisions\/1403560"}],"wp:featuredmedia":[{"embeddable":true,"href":"https:\/\/alegria-realestate.com\/cs\/wp-json\/wp\/v2\/media\/1403557"}],"wp:attachment":[{"href":"https:\/\/alegria-realestate.com\/cs\/wp-json\/wp\/v2\/media?parent=1403553"}],"wp:term":[{"taxonomy":"category","embeddable":true,"href":"https:\/\/alegria-realestate.com\/cs\/wp-json\/wp\/v2\/categories?post=1403553"},{"taxonomy":"post_tag","embeddable":true,"href":"https:\/\/alegria-realestate.com\/cs\/wp-json\/wp\/v2\/tags?post=1403553"}],"curies":[{"name":"wp","href":"https:\/\/api.w.org\/{rel}","templated":true}]}}