{"id":159061,"date":"2020-03-31T16:00:26","date_gmt":"2020-03-31T13:00:26","guid":{"rendered":"https:\/\/alegria-realestate.com\/?p=159061"},"modified":"2025-08-14T20:04:44","modified_gmt":"2025-08-14T17:04:44","slug":"rental-spain-crisis","status":"publish","type":"post","link":"https:\/\/alegria-realestate.com\/cs\/articles\/news\/rental-spain-crisis","title":{"rendered":"\u0160pan\u011blsko schv\u00e1l\u00ed opat\u0159en\u00ed na podporu n\u00e1jemn\u00edk\u016f b\u011bhem koronavirov\u00e9 krize"},"content":{"rendered":"<p>\u0160pan\u011blsk\u00e1 vl\u00e1da dnes schv\u00e1l\u00ed s\u00e9rii opat\u0159en\u00ed na \u201ez\u00e1chranu\u201c n\u00e1jemn\u00edk\u016f, kte\u0159\u00ed se kv\u016fli koronavirov\u00e9 krizi ocitli v obt\u00ed\u017en\u00e9 finan\u010dn\u00ed situaci. P\u0159ipome\u0148me, \u017ee d\u0159\u00edve se diskutovalo o mo\u017enosti osvobodit n\u00e1jemn\u00edky od placen\u00ed n\u00e1jemn\u00e9ho na dva m\u011bs\u00edce s n\u00e1slednou kompenzac\u00ed pronaj\u00edmateli za u\u0161lou \u010d\u00e1stku, ale nakonec se na\u0161lo jin\u00e9 \u0159e\u0161en\u00ed &#8211; poskytnout n\u00e1jemc\u016fm p\u0159\u00edstup k bez\u00faro\u010dn\u00fdm a <a href=\"https:\/\/alegria-realestate.com\/ru\/articles\/life-in-spain\/which-spanish-ban-raise-commissions\">bezprovizn\u00edm<\/a> p\u016fj\u010dk\u00e1m, aby mohli platit n\u00e1jem. Sou\u010d\u00e1st\u00ed v\u00fd\u010dtu opat\u0159en\u00ed je tak\u00e9 povinn\u00e9 \u0161estim\u011bs\u00ed\u010dn\u00ed prodlou\u017een\u00ed n\u00e1jemn\u00edch smluv, kter\u00e9 skon\u010d\u00ed v dob\u011b karant\u00e9ny, a z\u00e1kaz vyst\u011bhov\u00e1n\u00ed, kter\u00fd bude platn\u00fd do konce roku 2020. Posledn\u011b uveden\u00e9 opat\u0159en\u00ed se vztahuje na n\u00e1jemn\u00edky, kte\u0159\u00ed nemaj\u00ed jinou alternativu k pronajat\u00e9mu ubytov\u00e1n\u00ed a nach\u00e1zej\u00ed se ve finan\u010dn\u00ed zranitelnosti. U syst\u00e9mu bez\u00faro\u010dn\u00fdch p\u016fj\u010dek pro n\u00e1jemn\u00edky bude doba spl\u00e1cen\u00ed \u00fav\u011bru 6 let, pokud v\u0161ak dlu\u017en\u00edk b\u011bhem t\u00e9to doby nebude schopen dluh splatit, je zde mo\u017enost prodlou\u017eit dobu splatnosti o dal\u0161\u00ed 4 roky. V p\u0159\u00edpad\u011b, \u017ee bude m\u00edt n\u00e1jemce pot\u00ed\u017ee se spl\u00e1cen\u00edm bez\u00faro\u010dn\u00e9ho \u00fav\u011bru, bude mu poskytnuta finan\u010dn\u00ed pomoc ve v\u00fd\u0161i maxim\u00e1ln\u011b 900 \u20ac m\u011bs\u00ed\u010dn\u011b + maxim\u00e1ln\u011b 200 \u20ac na poplatky za energie a <a href=\"https:\/\/alegria-realestate.com\/ru\/articles\/news\/coronavirus-spain-taxes-utility-payments\">dal\u0161\u00ed z\u00e1kladn\u00ed n\u00e1klady na bydlen\u00ed<\/a> . Syst\u00e9m bez\u00faro\u010dn\u00fdch p\u016fj\u010dek budou moci vyu\u017e\u00edt ti, kte\u0159\u00ed p\u0159i\u0161li o pr\u00e1ci v d\u016fsledku koronavirov\u00e9 krize, a tak\u00e9 ti, kter\u00fdm byly pozastaveny nebo zkr\u00e1ceny pracovn\u00ed smlouvy v r\u00e1mci programu <a href=\"https:\/\/alegria-realestate.com\/ru\/articles\/erte-spain\">ERTE<\/a> . Krom\u011b toho budou m\u00edt n\u00e1rok na tento typ pomoci i \u017eivnostn\u00edci (autonomos) a mal\u00e9 a st\u0159edn\u00ed podniky (pymes), kte\u0159\u00ed byli nuceni ukon\u010dit sv\u00e9 podnik\u00e1n\u00ed nebo p\u0159i\u0161li o zna\u010dnou \u010d\u00e1st sv\u00fdch zisk\u016f v d\u016fsledku koronavirov\u00e9 krize. M\u011bs\u00ed\u010dn\u00ed p\u0159\u00edjem \u017eadatel\u016f o tento druh pomoci ka\u017edop\u00e1dn\u011b nesm\u00ed p\u0159ekro\u010dit 1 613 eur (v p\u0159\u00edpad\u011b nezaopat\u0159en\u00fdch d\u011bt\u00ed, star\u0161\u00edch p\u0159\u00edbuzn\u00fdch nebo rodinn\u00fdch p\u0159\u00edslu\u0161n\u00edk\u016f se zdravotn\u00edm posti\u017een\u00edm se tato hranice zvy\u0161uje). Pokud je pronaj\u00edmatelem velk\u00fd vlastn\u00edk, kter\u00fd vlastn\u00ed v\u00edce ne\u017e 10 reziden\u010dn\u00edch nemovitost\u00ed, nebo spole\u010dnost, nap\u0159. investi\u010dn\u00ed fond, m\u016f\u017ee n\u00e1jemce uplatnit pr\u00e1vo na odklad plateb n\u00e1jemn\u00e9ho po dobu 4 m\u011bs\u00edc\u016f s n\u00e1sledn\u00fdm splacen\u00edm dluhu v\u016f\u010di pronaj\u00edmateli do 10 let. Podle Fernanda Encinara, vedouc\u00edho v\u00fdzkumn\u00e9ho odd\u011blen\u00ed port\u00e1lu idealista, je toto opat\u0159en\u00ed nejkompetentn\u011bj\u0161\u00ed a nejvyv\u00e1\u017een\u011bj\u0161\u00ed. Umo\u017en\u00ed zachovat vz\u00e1jemn\u00e9 z\u00e1vazky vlastn\u00edka nemovitosti a n\u00e1jemce: prvn\u00ed bude m\u00edt nad\u00e1le p\u0159\u00edjmy z pron\u00e1jmu a druh\u00fd z\u00edsk\u00e1 p\u0159\u00edstup k bez\u00faro\u010dn\u00e9mu financov\u00e1n\u00ed placen\u00ed n\u00e1jemn\u00e9ho. Krom\u011b toho se projedn\u00e1v\u00e1 dal\u0161\u00ed iniciativa \u2013 odeps\u00e1n\u00ed 50 % dluhu n\u00e1jemn\u00edk\u016fm, kte\u0159\u00ed si pronaj\u00edmaj\u00ed bydlen\u00ed od velk\u00fdch vlastn\u00edk\u016f a firem, a kte\u0159\u00ed vzhledem ke sv\u00e9 aktu\u00e1ln\u00ed finan\u010dn\u00ed situaci nejsou schopni platit n\u00e1jem. P\u0159ijet\u00ed tohoto opat\u0159en\u00ed je v\u0161ak zna\u010dn\u011b diskutabiln\u00ed. P\u0159ipome\u0148me, \u017ee ji\u017e d\u0159\u00edve bylo ve \u0160pan\u011blsku zavedeno <a href=\"https:\/\/alegria-realestate.com\/ru\/articles\/news\/coronavirus-and-mortgag-in-spain\">moratorium na hypot\u00e9ky<\/a> .<\/p>","protected":false},"excerpt":{"rendered":"<p>\u0160pan\u011blsk\u00e1 vl\u00e1da dnes schv\u00e1l\u00ed s\u00e9rii opat\u0159en\u00ed na \u201ez\u00e1chranu\u201c n\u00e1jemn\u00edk\u016f,\u2026<\/p>\n","protected":false},"author":18,"featured_media":159062,"comment_status":"closed","ping_status":"closed","sticky":false,"template":"","format":"standard","meta":{"footnotes":""},"categories":[15],"tags":[],"class_list":["post-159061","post","type-post","status-publish","format-standard","has-post-thumbnail","hentry","category-news"],"yoast_head":"<!-- This site is optimized with the Yoast SEO plugin v27.5 - https:\/\/yoast.com\/product\/yoast-seo-wordpress\/ -->\n<title>\u041f\u0440\u0430\u0432\u0438\u0442\u0435\u043b\u044c\u0441\u0442\u0432\u043e \u0418\u0441\u043f\u0430\u043d\u0438\u0438 \u0443\u0442\u0432\u0435\u0440\u0434\u0438\u0442 \u043c\u0435\u0440\u044b \u043f\u043e \u043f\u043e\u0434\u0434\u0435\u0440\u0436\u043a\u0435 \u0430\u0440\u0435\u043d\u0434\u0430\u0442\u043e\u0440\u043e\u0432 \u0432\u043e \u0432\u0440\u0435\u043c\u044f \u043a\u0440\u0438\u0437\u0438\u0441\u0430 \u0438\u0437-\u0437\u0430 \u043a\u043e\u0440\u043e\u043d\u0430\u0432\u0438\u0440\u0443\u0441\u0430<\/title>\n<meta name=\"description\" content=\"\u0421\u043e\u0432\u0435\u0442 \u043c\u0438\u043d\u0438\u0441\u0442\u0440\u043e\u0432 \u0418\u0441\u043f\u0430\u043d\u0438\u0438 31 \u043c\u0430\u0440\u0442\u0430 \u0443\u0442\u0432\u0435\u0440\u0434\u0438\u0442 \u0441\u043f\u0438\u0441\u043e\u043a \u043c\u0435\u0440, \u043d\u0430\u043f\u0440\u0430\u0432\u043b\u0435\u043d\u043d\u044b\u0445 \u043d\u0430 \u043f\u043e\u0434\u0434\u0435\u0440\u0436\u043a\u0443 \u0430\u0440\u0435\u043d\u0434\u0430\u0442\u043e\u0440\u043e\u0432, \u043e\u043a\u0430\u0437\u0430\u0432\u0448\u0438\u0445\u0441\u044f \u0432 \u0441\u043b\u043e\u0436\u043d\u043e\u0439 \u0444\u0438\u043d\u0430\u043d\u0441\u043e\u0432\u043e\u0439 \u0441\u0438\u0442\u0443\u0430\u0446\u0438\u0438 \u0438\u0437-\u0437\u0430 \u043a\u0440\u0438\u0437\u0438\u0441\u0430 \u0432 \u0441\u0432\u044f\u0437\u0438 \u0441 \u043a\u043e\u0440\u043e\u043d\u0430\u0432\u0438\u0440\u0443\u0441\u043e\u043c.\" \/>\n<meta name=\"robots\" content=\"index, follow, max-snippet:-1, max-image-preview:large, max-video-preview:-1\" \/>\n<link rel=\"canonical\" href=\"https:\/\/alegria-realestate.com\/cs\/wp-json\/wp\/v2\/posts\/159061\" \/>\n<meta property=\"og:locale\" content=\"cs_CZ\" \/>\n<meta property=\"og:type\" content=\"article\" \/>\n<meta property=\"og:title\" content=\"\u041f\u0440\u0430\u0432\u0438\u0442\u0435\u043b\u044c\u0441\u0442\u0432\u043e \u0418\u0441\u043f\u0430\u043d\u0438\u0438 \u0443\u0442\u0432\u0435\u0440\u0434\u0438\u0442 \u043c\u0435\u0440\u044b \u043f\u043e \u043f\u043e\u0434\u0434\u0435\u0440\u0436\u043a\u0435 \u0430\u0440\u0435\u043d\u0434\u0430\u0442\u043e\u0440\u043e\u0432 \u0432\u043e \u0432\u0440\u0435\u043c\u044f \u043a\u0440\u0438\u0437\u0438\u0441\u0430 \u0438\u0437-\u0437\u0430 \u043a\u043e\u0440\u043e\u043d\u0430\u0432\u0438\u0440\u0443\u0441\u0430\" \/>\n<meta property=\"og:description\" content=\"\u0421\u043e\u0432\u0435\u0442 \u043c\u0438\u043d\u0438\u0441\u0442\u0440\u043e\u0432 \u0418\u0441\u043f\u0430\u043d\u0438\u0438 31 \u043c\u0430\u0440\u0442\u0430 \u0443\u0442\u0432\u0435\u0440\u0434\u0438\u0442 \u0441\u043f\u0438\u0441\u043e\u043a \u043c\u0435\u0440, \u043d\u0430\u043f\u0440\u0430\u0432\u043b\u0435\u043d\u043d\u044b\u0445 \u043d\u0430 \u043f\u043e\u0434\u0434\u0435\u0440\u0436\u043a\u0443 \u0430\u0440\u0435\u043d\u0434\u0430\u0442\u043e\u0440\u043e\u0432, \u043e\u043a\u0430\u0437\u0430\u0432\u0448\u0438\u0445\u0441\u044f \u0432 \u0441\u043b\u043e\u0436\u043d\u043e\u0439 \u0444\u0438\u043d\u0430\u043d\u0441\u043e\u0432\u043e\u0439 \u0441\u0438\u0442\u0443\u0430\u0446\u0438\u0438 \u0438\u0437-\u0437\u0430 \u043a\u0440\u0438\u0437\u0438\u0441\u0430 \u0432 \u0441\u0432\u044f\u0437\u0438 \u0441 \u043a\u043e\u0440\u043e\u043d\u0430\u0432\u0438\u0440\u0443\u0441\u043e\u043c.\" \/>\n<meta property=\"og:url\" content=\"https:\/\/alegria-realestate.com\/cs\/wp-json\/wp\/v2\/posts\/159061\" \/>\n<meta property=\"og:site_name\" content=\"Nemovitosti ve \u0160pan\u011blsku\" \/>\n<meta property=\"article:publisher\" content=\"https:\/\/www.facebook.com\/realestate.alegria\" \/>\n<meta property=\"article:published_time\" content=\"2020-03-31T13:00:26+00:00\" \/>\n<meta property=\"article:modified_time\" content=\"2025-08-14T17:04:44+00:00\" \/>\n<meta property=\"og:image\" content=\"https:\/\/alegria-realestate.com\/wp-content\/uploads\/2020\/03\/rental-spain-crisis.jpg\" \/>\n\t<meta property=\"og:image:width\" content=\"1000\" \/>\n\t<meta property=\"og:image:height\" content=\"667\" \/>\n\t<meta property=\"og:image:type\" content=\"image\/jpeg\" \/>\n<meta name=\"author\" content=\"\u0421\u0435\u0440\u0433\u0435\u0439 \u0411\u0435\u043a\u0438\u0448\u0435\u0432\" \/>\n<meta name=\"twitter:card\" content=\"summary_large_image\" \/>\n<meta name=\"twitter:creator\" content=\"@alegriarealesta\" \/>\n<meta name=\"twitter:site\" content=\"@alegriarealesta\" \/>\n<script type=\"application\/ld+json\" class=\"yoast-schema-graph\">{\"@context\":\"https:\\\/\\\/schema.org\",\"@graph\":[{\"@type\":\"Article\",\"@id\":\"https:\\\/\\\/alegria-realestate.com\\\/articles\\\/news\\\/rental-spain-crisis#article\",\"isPartOf\":{\"@id\":\"https:\\\/\\\/alegria-realestate.com\\\/articles\\\/news\\\/rental-spain-crisis\"},\"author\":{\"name\":\"\u0421\u0435\u0440\u0433\u0435\u0439 \u0411\u0435\u043a\u0438\u0448\u0435\u0432\",\"@id\":\"https:\\\/\\\/alegria-realestate.com\\\/#\\\/schema\\\/person\\\/9d285f0a34620d7fb8e3836f93b5522c\"},\"headline\":\"\u0160pan\u011blsko schv\u00e1l\u00ed opat\u0159en\u00ed na podporu n\u00e1jemn\u00edk\u016f b\u011bhem koronavirov\u00e9 krize\",\"datePublished\":\"2020-03-31T13:00:26+00:00\",\"dateModified\":\"2025-08-14T17:04:44+00:00\",\"mainEntityOfPage\":{\"@id\":\"https:\\\/\\\/alegria-realestate.com\\\/articles\\\/news\\\/rental-spain-crisis\"},\"wordCount\":3602,\"publisher\":{\"@id\":\"https:\\\/\\\/alegria-realestate.com\\\/#organization\"},\"image\":{\"@id\":\"https:\\\/\\\/alegria-realestate.com\\\/articles\\\/news\\\/rental-spain-crisis#primaryimage\"},\"thumbnailUrl\":\"https:\\\/\\\/alegria-realestate.com\\\/wp-content\\\/uploads\\\/2020\\\/03\\\/rental-spain-crisis.jpg\",\"articleSection\":[\"Zpr\u00e1vy\"],\"inLanguage\":\"cs\"},{\"@type\":\"WebPage\",\"@id\":\"https:\\\/\\\/alegria-realestate.com\\\/cs\\\/articles\\\/news\\\/rental-spain-crisis\",\"url\":\"https:\\\/\\\/alegria-realestate.com\\\/cs\\\/articles\\\/news\\\/rental-spain-crisis\",\"name\":\"\u041f\u0440\u0430\u0432\u0438\u0442\u0435\u043b\u044c\u0441\u0442\u0432\u043e \u0418\u0441\u043f\u0430\u043d\u0438\u0438 \u0443\u0442\u0432\u0435\u0440\u0434\u0438\u0442 \u043c\u0435\u0440\u044b \u043f\u043e \u043f\u043e\u0434\u0434\u0435\u0440\u0436\u043a\u0435 \u0430\u0440\u0435\u043d\u0434\u0430\u0442\u043e\u0440\u043e\u0432 \u0432\u043e \u0432\u0440\u0435\u043c\u044f \u043a\u0440\u0438\u0437\u0438\u0441\u0430 \u0438\u0437-\u0437\u0430 \u043a\u043e\u0440\u043e\u043d\u0430\u0432\u0438\u0440\u0443\u0441\u0430\",\"isPartOf\":{\"@id\":\"https:\\\/\\\/alegria-realestate.com\\\/cs\\\/#website\"},\"primaryImageOfPage\":{\"@id\":\"https:\\\/\\\/alegria-realestate.com\\\/cs\\\/articles\\\/news\\\/rental-spain-crisis#primaryimage\"},\"image\":{\"@id\":\"https:\\\/\\\/alegria-realestate.com\\\/articles\\\/news\\\/rental-spain-crisis#primaryimage\"},\"thumbnailUrl\":\"https:\\\/\\\/alegria-realestate.com\\\/wp-content\\\/uploads\\\/2020\\\/03\\\/rental-spain-crisis.jpg\",\"datePublished\":\"2020-03-31T13:00:26+00:00\",\"dateModified\":\"2025-08-14T17:04:44+00:00\",\"description\":\"\u0421\u043e\u0432\u0435\u0442 \u043c\u0438\u043d\u0438\u0441\u0442\u0440\u043e\u0432 \u0418\u0441\u043f\u0430\u043d\u0438\u0438 31 \u043c\u0430\u0440\u0442\u0430 \u0443\u0442\u0432\u0435\u0440\u0434\u0438\u0442 \u0441\u043f\u0438\u0441\u043e\u043a \u043c\u0435\u0440, \u043d\u0430\u043f\u0440\u0430\u0432\u043b\u0435\u043d\u043d\u044b\u0445 \u043d\u0430 \u043f\u043e\u0434\u0434\u0435\u0440\u0436\u043a\u0443 \u0430\u0440\u0435\u043d\u0434\u0430\u0442\u043e\u0440\u043e\u0432, \u043e\u043a\u0430\u0437\u0430\u0432\u0448\u0438\u0445\u0441\u044f \u0432 \u0441\u043b\u043e\u0436\u043d\u043e\u0439 \u0444\u0438\u043d\u0430\u043d\u0441\u043e\u0432\u043e\u0439 \u0441\u0438\u0442\u0443\u0430\u0446\u0438\u0438 \u0438\u0437-\u0437\u0430 \u043a\u0440\u0438\u0437\u0438\u0441\u0430 \u0432 \u0441\u0432\u044f\u0437\u0438 \u0441 \u043a\u043e\u0440\u043e\u043d\u0430\u0432\u0438\u0440\u0443\u0441\u043e\u043c.\",\"breadcrumb\":{\"@id\":\"https:\\\/\\\/alegria-realestate.com\\\/cs\\\/articles\\\/news\\\/rental-spain-crisis#breadcrumb\"},\"inLanguage\":\"cs\",\"potentialAction\":[{\"@type\":\"ReadAction\",\"target\":[[\"https:\\\/\\\/alegria-realestate.com\\\/cs\\\/articles\\\/news\\\/rental-spain-crisis\"]]}]},{\"@type\":\"ImageObject\",\"inLanguage\":\"cs\",\"@id\":\"https:\\\/\\\/alegria-realestate.com\\\/cs\\\/articles\\\/news\\\/rental-spain-crisis#primaryimage\",\"url\":\"https:\\\/\\\/alegria-realestate.com\\\/wp-content\\\/uploads\\\/2020\\\/03\\\/rental-spain-crisis.jpg\",\"contentUrl\":\"https:\\\/\\\/alegria-realestate.com\\\/wp-content\\\/uploads\\\/2020\\\/03\\\/rental-spain-crisis.jpg\",\"width\":1000,\"height\":667,\"caption\":\"\u0412 \u0418\u0441\u043f\u0430\u043d\u0438\u0438 \u0443\u0442\u0432\u0435\u0440\u0434\u044f\u0442 \u043c\u0435\u0440\u044b \u043f\u043e \u043f\u043e\u0434\u0434\u0435\u0440\u0436\u043a\u0435 \u0430\u0440\u0435\u043d\u0434\u0430\u0442\u043e\u0440\u043e\u0432 \u0432\u043e \u0432\u0440\u0435\u043c\u044f \u043a\u0440\u0438\u0437\u0438\u0441\u0430 \u0438\u0437-\u0437\u0430 \u043a\u043e\u0440\u043e\u043d\u0430\u0432\u0438\u0440\u0443\u0441\u0430\"},{\"@type\":\"BreadcrumbList\",\"@id\":\"https:\\\/\\\/alegria-realestate.com\\\/cs\\\/articles\\\/news\\\/rental-spain-crisis#breadcrumb\",\"itemListElement\":[{\"@type\":\"ListItem\",\"position\":1,\"name\":\"\u0413\u043b\u0430\u0432\u043d\u0430\u044f \u0441\u0442\u0440\u0430\u043d\u0438\u0446\u0430\",\"item\":\"https:\\\/\\\/alegria-realestate.com\\\/cs\\\/\"},{\"@type\":\"ListItem\",\"position\":2,\"name\":\"\u0412 \u0418\u0441\u043f\u0430\u043d\u0438\u0438 \u0443\u0442\u0432\u0435\u0440\u0434\u044f\u0442 \u043c\u0435\u0440\u044b \u043f\u043e \u043f\u043e\u0434\u0434\u0435\u0440\u0436\u043a\u0435 \u0430\u0440\u0435\u043d\u0434\u0430\u0442\u043e\u0440\u043e\u0432 \u0432\u043e \u0432\u0440\u0435\u043c\u044f \u043a\u0440\u0438\u0437\u0438\u0441\u0430 \u0438\u0437-\u0437\u0430 \u043a\u043e\u0440\u043e\u043d\u0430\u0432\u0438\u0440\u0443\u0441\u0430\"}]},{\"@type\":\"WebSite\",\"@id\":\"https:\\\/\\\/alegria-realestate.com\\\/cs\\\/#website\",\"url\":\"https:\\\/\\\/alegria-realestate.com\\\/cs\\\/\",\"name\":\"Nemovitosti ve \u0160pan\u011blsku\",\"description\":\"Nemovitosti ve \u0160pan\u011blsku: prodej ve v\u0161ech m\u011bstech \u2013 Torrevieja, Alicante, Benidorm a dal\u0161\u00ed. Pom\u016f\u017eeme v\u00e1m s koup\u00ed nemovitosti na Costa Blanca \u2013 secondhandov\u00e9 bydlen\u00ed i novostavby. Kompletn\u00ed vy\u0159\u00edzen\u00ed na kl\u00ed\u010d. Nemovitosti na Costa Blanca od 80 000 \u20ac.\",\"publisher\":{\"@id\":\"https:\\\/\\\/alegria-realestate.com\\\/cs\\\/#organization\"},\"potentialAction\":[{\"@type\":\"SearchAction\",\"target\":{\"@type\":\"EntryPoint\",\"urlTemplate\":\"https:\\\/\\\/alegria-realestate.com\\\/cs\\\/?s={search_term_string}\"},\"query-input\":{\"@type\":\"PropertyValueSpecification\",\"valueRequired\":true,\"valueName\":\"search_term_string\"}}],\"inLanguage\":\"cs\"},{\"@type\":\"Organization\",\"@id\":\"https:\\\/\\\/alegria-realestate.com\\\/cs\\\/#organization\",\"name\":\"Alegria Realestate\",\"url\":\"https:\\\/\\\/alegria-realestate.com\\\/cs\\\/\",\"logo\":{\"@type\":\"ImageObject\",\"inLanguage\":\"cs\",\"@id\":\"https:\\\/\\\/alegria-realestate.com\\\/cs\\\/#\\\/schema\\\/logo\\\/image\\\/\",\"url\":\"https:\\\/\\\/alegria-realestate.com\\\/wp-content\\\/uploads\\\/2019\\\/08\\\/logo_alegria.png\",\"contentUrl\":\"https:\\\/\\\/alegria-realestate.com\\\/wp-content\\\/uploads\\\/2019\\\/08\\\/logo_alegria.png\",\"width\":1600,\"height\":1403,\"caption\":\"Alegria Realestate\"},\"image\":{\"@id\":\"https:\\\/\\\/alegria-realestate.com\\\/cs\\\/#\\\/schema\\\/logo\\\/image\\\/\"},\"sameAs\":[\"https:\\\/\\\/www.facebook.com\\\/realestate.alegria\",\"https:\\\/\\\/x.com\\\/alegriarealesta\",\"https:\\\/\\\/www.instagram.com\\\/alegriadom\\\/\",\"https:\\\/\\\/www.linkedin.com\\\/profile\\\/view?id=154965227\",\"https:\\\/\\\/www.youtube.com\\\/user\\\/AlegriaRealEstate\"]},{\"@type\":\"Person\",\"@id\":\"https:\\\/\\\/alegria-realestate.com\\\/#\\\/schema\\\/person\\\/9d285f0a34620d7fb8e3836f93b5522c\",\"name\":\"\u0421\u0435\u0440\u0433\u0435\u0439 \u0411\u0435\u043a\u0438\u0448\u0435\u0432\"}]}<\/script>\n<!-- \/ Yoast SEO plugin. -->","yoast_head_json":{"title":"\u041f\u0440\u0430\u0432\u0438\u0442\u0435\u043b\u044c\u0441\u0442\u0432\u043e \u0418\u0441\u043f\u0430\u043d\u0438\u0438 \u0443\u0442\u0432\u0435\u0440\u0434\u0438\u0442 \u043c\u0435\u0440\u044b \u043f\u043e \u043f\u043e\u0434\u0434\u0435\u0440\u0436\u043a\u0435 \u0430\u0440\u0435\u043d\u0434\u0430\u0442\u043e\u0440\u043e\u0432 \u0432\u043e \u0432\u0440\u0435\u043c\u044f \u043a\u0440\u0438\u0437\u0438\u0441\u0430 \u0438\u0437-\u0437\u0430 \u043a\u043e\u0440\u043e\u043d\u0430\u0432\u0438\u0440\u0443\u0441\u0430","description":"\u0421\u043e\u0432\u0435\u0442 \u043c\u0438\u043d\u0438\u0441\u0442\u0440\u043e\u0432 \u0418\u0441\u043f\u0430\u043d\u0438\u0438 31 \u043c\u0430\u0440\u0442\u0430 \u0443\u0442\u0432\u0435\u0440\u0434\u0438\u0442 \u0441\u043f\u0438\u0441\u043e\u043a \u043c\u0435\u0440, \u043d\u0430\u043f\u0440\u0430\u0432\u043b\u0435\u043d\u043d\u044b\u0445 \u043d\u0430 \u043f\u043e\u0434\u0434\u0435\u0440\u0436\u043a\u0443 \u0430\u0440\u0435\u043d\u0434\u0430\u0442\u043e\u0440\u043e\u0432, \u043e\u043a\u0430\u0437\u0430\u0432\u0448\u0438\u0445\u0441\u044f \u0432 \u0441\u043b\u043e\u0436\u043d\u043e\u0439 \u0444\u0438\u043d\u0430\u043d\u0441\u043e\u0432\u043e\u0439 \u0441\u0438\u0442\u0443\u0430\u0446\u0438\u0438 \u0438\u0437-\u0437\u0430 \u043a\u0440\u0438\u0437\u0438\u0441\u0430 \u0432 \u0441\u0432\u044f\u0437\u0438 \u0441 \u043a\u043e\u0440\u043e\u043d\u0430\u0432\u0438\u0440\u0443\u0441\u043e\u043c.","robots":{"index":"index","follow":"follow","max-snippet":"max-snippet:-1","max-image-preview":"max-image-preview:large","max-video-preview":"max-video-preview:-1"},"canonical":"https:\/\/alegria-realestate.com\/cs\/wp-json\/wp\/v2\/posts\/159061","og_locale":"cs_CZ","og_type":"article","og_title":"\u041f\u0440\u0430\u0432\u0438\u0442\u0435\u043b\u044c\u0441\u0442\u0432\u043e \u0418\u0441\u043f\u0430\u043d\u0438\u0438 \u0443\u0442\u0432\u0435\u0440\u0434\u0438\u0442 \u043c\u0435\u0440\u044b \u043f\u043e \u043f\u043e\u0434\u0434\u0435\u0440\u0436\u043a\u0435 \u0430\u0440\u0435\u043d\u0434\u0430\u0442\u043e\u0440\u043e\u0432 \u0432\u043e \u0432\u0440\u0435\u043c\u044f \u043a\u0440\u0438\u0437\u0438\u0441\u0430 \u0438\u0437-\u0437\u0430 \u043a\u043e\u0440\u043e\u043d\u0430\u0432\u0438\u0440\u0443\u0441\u0430","og_description":"\u0421\u043e\u0432\u0435\u0442 \u043c\u0438\u043d\u0438\u0441\u0442\u0440\u043e\u0432 \u0418\u0441\u043f\u0430\u043d\u0438\u0438 31 \u043c\u0430\u0440\u0442\u0430 \u0443\u0442\u0432\u0435\u0440\u0434\u0438\u0442 \u0441\u043f\u0438\u0441\u043e\u043a \u043c\u0435\u0440, \u043d\u0430\u043f\u0440\u0430\u0432\u043b\u0435\u043d\u043d\u044b\u0445 \u043d\u0430 \u043f\u043e\u0434\u0434\u0435\u0440\u0436\u043a\u0443 \u0430\u0440\u0435\u043d\u0434\u0430\u0442\u043e\u0440\u043e\u0432, \u043e\u043a\u0430\u0437\u0430\u0432\u0448\u0438\u0445\u0441\u044f \u0432 \u0441\u043b\u043e\u0436\u043d\u043e\u0439 \u0444\u0438\u043d\u0430\u043d\u0441\u043e\u0432\u043e\u0439 \u0441\u0438\u0442\u0443\u0430\u0446\u0438\u0438 \u0438\u0437-\u0437\u0430 \u043a\u0440\u0438\u0437\u0438\u0441\u0430 \u0432 \u0441\u0432\u044f\u0437\u0438 \u0441 \u043a\u043e\u0440\u043e\u043d\u0430\u0432\u0438\u0440\u0443\u0441\u043e\u043c.","og_url":"https:\/\/alegria-realestate.com\/cs\/wp-json\/wp\/v2\/posts\/159061","og_site_name":"Nemovitosti ve \u0160pan\u011blsku","article_publisher":"https:\/\/www.facebook.com\/realestate.alegria","article_published_time":"2020-03-31T13:00:26+00:00","article_modified_time":"2025-08-14T17:04:44+00:00","og_image":[{"width":1000,"height":667,"url":"https:\/\/alegria-realestate.com\/wp-content\/uploads\/2020\/03\/rental-spain-crisis.jpg","type":"image\/jpeg"}],"author":"\u0421\u0435\u0440\u0433\u0435\u0439 \u0411\u0435\u043a\u0438\u0448\u0435\u0432","twitter_card":"summary_large_image","twitter_creator":"@alegriarealesta","twitter_site":"@alegriarealesta","schema":{"@context":"https:\/\/schema.org","@graph":[{"@type":"Article","@id":"https:\/\/alegria-realestate.com\/articles\/news\/rental-spain-crisis#article","isPartOf":{"@id":"https:\/\/alegria-realestate.com\/articles\/news\/rental-spain-crisis"},"author":{"name":"\u0421\u0435\u0440\u0433\u0435\u0439 \u0411\u0435\u043a\u0438\u0448\u0435\u0432","@id":"https:\/\/alegria-realestate.com\/#\/schema\/person\/9d285f0a34620d7fb8e3836f93b5522c"},"headline":"\u0160pan\u011blsko schv\u00e1l\u00ed opat\u0159en\u00ed na podporu n\u00e1jemn\u00edk\u016f b\u011bhem koronavirov\u00e9 krize","datePublished":"2020-03-31T13:00:26+00:00","dateModified":"2025-08-14T17:04:44+00:00","mainEntityOfPage":{"@id":"https:\/\/alegria-realestate.com\/articles\/news\/rental-spain-crisis"},"wordCount":3602,"publisher":{"@id":"https:\/\/alegria-realestate.com\/#organization"},"image":{"@id":"https:\/\/alegria-realestate.com\/articles\/news\/rental-spain-crisis#primaryimage"},"thumbnailUrl":"https:\/\/alegria-realestate.com\/wp-content\/uploads\/2020\/03\/rental-spain-crisis.jpg","articleSection":["Zpr\u00e1vy"],"inLanguage":"cs"},{"@type":"WebPage","@id":"https:\/\/alegria-realestate.com\/cs\/articles\/news\/rental-spain-crisis","url":"https:\/\/alegria-realestate.com\/cs\/articles\/news\/rental-spain-crisis","name":"\u041f\u0440\u0430\u0432\u0438\u0442\u0435\u043b\u044c\u0441\u0442\u0432\u043e \u0418\u0441\u043f\u0430\u043d\u0438\u0438 \u0443\u0442\u0432\u0435\u0440\u0434\u0438\u0442 \u043c\u0435\u0440\u044b \u043f\u043e \u043f\u043e\u0434\u0434\u0435\u0440\u0436\u043a\u0435 \u0430\u0440\u0435\u043d\u0434\u0430\u0442\u043e\u0440\u043e\u0432 \u0432\u043e \u0432\u0440\u0435\u043c\u044f \u043a\u0440\u0438\u0437\u0438\u0441\u0430 \u0438\u0437-\u0437\u0430 \u043a\u043e\u0440\u043e\u043d\u0430\u0432\u0438\u0440\u0443\u0441\u0430","isPartOf":{"@id":"https:\/\/alegria-realestate.com\/cs\/#website"},"primaryImageOfPage":{"@id":"https:\/\/alegria-realestate.com\/cs\/articles\/news\/rental-spain-crisis#primaryimage"},"image":{"@id":"https:\/\/alegria-realestate.com\/articles\/news\/rental-spain-crisis#primaryimage"},"thumbnailUrl":"https:\/\/alegria-realestate.com\/wp-content\/uploads\/2020\/03\/rental-spain-crisis.jpg","datePublished":"2020-03-31T13:00:26+00:00","dateModified":"2025-08-14T17:04:44+00:00","description":"\u0421\u043e\u0432\u0435\u0442 \u043c\u0438\u043d\u0438\u0441\u0442\u0440\u043e\u0432 \u0418\u0441\u043f\u0430\u043d\u0438\u0438 31 \u043c\u0430\u0440\u0442\u0430 \u0443\u0442\u0432\u0435\u0440\u0434\u0438\u0442 \u0441\u043f\u0438\u0441\u043e\u043a \u043c\u0435\u0440, \u043d\u0430\u043f\u0440\u0430\u0432\u043b\u0435\u043d\u043d\u044b\u0445 \u043d\u0430 \u043f\u043e\u0434\u0434\u0435\u0440\u0436\u043a\u0443 \u0430\u0440\u0435\u043d\u0434\u0430\u0442\u043e\u0440\u043e\u0432, \u043e\u043a\u0430\u0437\u0430\u0432\u0448\u0438\u0445\u0441\u044f \u0432 \u0441\u043b\u043e\u0436\u043d\u043e\u0439 \u0444\u0438\u043d\u0430\u043d\u0441\u043e\u0432\u043e\u0439 \u0441\u0438\u0442\u0443\u0430\u0446\u0438\u0438 \u0438\u0437-\u0437\u0430 \u043a\u0440\u0438\u0437\u0438\u0441\u0430 \u0432 \u0441\u0432\u044f\u0437\u0438 \u0441 \u043a\u043e\u0440\u043e\u043d\u0430\u0432\u0438\u0440\u0443\u0441\u043e\u043c.","breadcrumb":{"@id":"https:\/\/alegria-realestate.com\/cs\/articles\/news\/rental-spain-crisis#breadcrumb"},"inLanguage":"cs","potentialAction":[{"@type":"ReadAction","target":[["https:\/\/alegria-realestate.com\/cs\/articles\/news\/rental-spain-crisis"]]}]},{"@type":"ImageObject","inLanguage":"cs","@id":"https:\/\/alegria-realestate.com\/cs\/articles\/news\/rental-spain-crisis#primaryimage","url":"https:\/\/alegria-realestate.com\/wp-content\/uploads\/2020\/03\/rental-spain-crisis.jpg","contentUrl":"https:\/\/alegria-realestate.com\/wp-content\/uploads\/2020\/03\/rental-spain-crisis.jpg","width":1000,"height":667,"caption":"\u0412 \u0418\u0441\u043f\u0430\u043d\u0438\u0438 \u0443\u0442\u0432\u0435\u0440\u0434\u044f\u0442 \u043c\u0435\u0440\u044b \u043f\u043e \u043f\u043e\u0434\u0434\u0435\u0440\u0436\u043a\u0435 \u0430\u0440\u0435\u043d\u0434\u0430\u0442\u043e\u0440\u043e\u0432 \u0432\u043e \u0432\u0440\u0435\u043c\u044f \u043a\u0440\u0438\u0437\u0438\u0441\u0430 \u0438\u0437-\u0437\u0430 \u043a\u043e\u0440\u043e\u043d\u0430\u0432\u0438\u0440\u0443\u0441\u0430"},{"@type":"BreadcrumbList","@id":"https:\/\/alegria-realestate.com\/cs\/articles\/news\/rental-spain-crisis#breadcrumb","itemListElement":[{"@type":"ListItem","position":1,"name":"\u0413\u043b\u0430\u0432\u043d\u0430\u044f \u0441\u0442\u0440\u0430\u043d\u0438\u0446\u0430","item":"https:\/\/alegria-realestate.com\/cs\/"},{"@type":"ListItem","position":2,"name":"\u0412 \u0418\u0441\u043f\u0430\u043d\u0438\u0438 \u0443\u0442\u0432\u0435\u0440\u0434\u044f\u0442 \u043c\u0435\u0440\u044b \u043f\u043e \u043f\u043e\u0434\u0434\u0435\u0440\u0436\u043a\u0435 \u0430\u0440\u0435\u043d\u0434\u0430\u0442\u043e\u0440\u043e\u0432 \u0432\u043e \u0432\u0440\u0435\u043c\u044f \u043a\u0440\u0438\u0437\u0438\u0441\u0430 \u0438\u0437-\u0437\u0430 \u043a\u043e\u0440\u043e\u043d\u0430\u0432\u0438\u0440\u0443\u0441\u0430"}]},{"@type":"WebSite","@id":"https:\/\/alegria-realestate.com\/cs\/#website","url":"https:\/\/alegria-realestate.com\/cs\/","name":"Nemovitosti ve \u0160pan\u011blsku","description":"Nemovitosti ve \u0160pan\u011blsku: prodej ve v\u0161ech m\u011bstech \u2013 Torrevieja, Alicante, Benidorm a dal\u0161\u00ed. Pom\u016f\u017eeme v\u00e1m s koup\u00ed nemovitosti na Costa Blanca \u2013 secondhandov\u00e9 bydlen\u00ed i novostavby. Kompletn\u00ed vy\u0159\u00edzen\u00ed na kl\u00ed\u010d. Nemovitosti na Costa Blanca od 80 000 \u20ac.","publisher":{"@id":"https:\/\/alegria-realestate.com\/cs\/#organization"},"potentialAction":[{"@type":"SearchAction","target":{"@type":"EntryPoint","urlTemplate":"https:\/\/alegria-realestate.com\/cs\/?s={search_term_string}"},"query-input":{"@type":"PropertyValueSpecification","valueRequired":true,"valueName":"search_term_string"}}],"inLanguage":"cs"},{"@type":"Organization","@id":"https:\/\/alegria-realestate.com\/cs\/#organization","name":"Alegria Realestate","url":"https:\/\/alegria-realestate.com\/cs\/","logo":{"@type":"ImageObject","inLanguage":"cs","@id":"https:\/\/alegria-realestate.com\/cs\/#\/schema\/logo\/image\/","url":"https:\/\/alegria-realestate.com\/wp-content\/uploads\/2019\/08\/logo_alegria.png","contentUrl":"https:\/\/alegria-realestate.com\/wp-content\/uploads\/2019\/08\/logo_alegria.png","width":1600,"height":1403,"caption":"Alegria Realestate"},"image":{"@id":"https:\/\/alegria-realestate.com\/cs\/#\/schema\/logo\/image\/"},"sameAs":["https:\/\/www.facebook.com\/realestate.alegria","https:\/\/x.com\/alegriarealesta","https:\/\/www.instagram.com\/alegriadom\/","https:\/\/www.linkedin.com\/profile\/view?id=154965227","https:\/\/www.youtube.com\/user\/AlegriaRealEstate"]},{"@type":"Person","@id":"https:\/\/alegria-realestate.com\/#\/schema\/person\/9d285f0a34620d7fb8e3836f93b5522c","name":"\u0421\u0435\u0440\u0433\u0435\u0439 \u0411\u0435\u043a\u0438\u0448\u0435\u0432"}]}},"_links":{"self":[{"href":"https:\/\/alegria-realestate.com\/cs\/wp-json\/wp\/v2\/posts\/159061","targetHints":{"allow":["GET"]}}],"collection":[{"href":"https:\/\/alegria-realestate.com\/cs\/wp-json\/wp\/v2\/posts"}],"about":[{"href":"https:\/\/alegria-realestate.com\/cs\/wp-json\/wp\/v2\/types\/post"}],"author":[{"embeddable":true,"href":"https:\/\/alegria-realestate.com\/cs\/wp-json\/wp\/v2\/users\/18"}],"replies":[{"embeddable":true,"href":"https:\/\/alegria-realestate.com\/cs\/wp-json\/wp\/v2\/comments?post=159061"}],"version-history":[{"count":1,"href":"https:\/\/alegria-realestate.com\/cs\/wp-json\/wp\/v2\/posts\/159061\/revisions"}],"predecessor-version":[{"id":837185,"href":"https:\/\/alegria-realestate.com\/cs\/wp-json\/wp\/v2\/posts\/159061\/revisions\/837185"}],"wp:featuredmedia":[{"embeddable":true,"href":"https:\/\/alegria-realestate.com\/cs\/wp-json\/wp\/v2\/media\/159062"}],"wp:attachment":[{"href":"https:\/\/alegria-realestate.com\/cs\/wp-json\/wp\/v2\/media?parent=159061"}],"wp:term":[{"taxonomy":"category","embeddable":true,"href":"https:\/\/alegria-realestate.com\/cs\/wp-json\/wp\/v2\/categories?post=159061"},{"taxonomy":"post_tag","embeddable":true,"href":"https:\/\/alegria-realestate.com\/cs\/wp-json\/wp\/v2\/tags?post=159061"}],"curies":[{"name":"wp","href":"https:\/\/api.w.org\/{rel}","templated":true}]}}