{"id":180419,"date":"2020-05-29T12:15:22","date_gmt":"2020-05-29T09:15:22","guid":{"rendered":"https:\/\/alegria-realestate.com\/?p=180419"},"modified":"2025-08-14T20:07:20","modified_gmt":"2025-08-14T17:07:20","slug":"the-valencian-community-moves-into-phase-2-from-monday-june-1","status":"publish","type":"post","link":"https:\/\/alegria-realestate.com\/cs\/articles\/news\/the-valencian-community-moves-into-phase-2-from-monday-june-1","title":{"rendered":"Valencijsk\u00e9 spole\u010denstv\u00ed vstupuje do f\u00e1ze 2 od pond\u011bl\u00ed 1. \u010dervna"},"content":{"rendered":"<p>Od pond\u011bl\u00ed 1. \u010dervna vstoup\u00ed cel\u00e9 Valencijsk\u00e9 spole\u010denstv\u00ed do f\u00e1ze 2 deeskalace. Tato f\u00e1ze zahrnuje n\u011bkolik velmi d\u016fle\u017eit\u00fdch karant\u00e9nn\u00edch relaxac\u00ed: odstran\u011bn\u00ed rozvrh\u016f a dal\u0161\u00edch omezen\u00ed proch\u00e1zek, otev\u0159en\u00ed pl\u00e1\u017e\u00ed a koupali\u0161\u0165, otev\u0159en\u00ed n\u00e1kupn\u00edch center atd. Pod\u00edvejme se na ty nejd\u016fle\u017eit\u011bj\u0161\u00ed.<\/p>\n<h2> Kam m\u016f\u017eete j\u00edt a chodit?<\/h2>\n<p> Pravidla pohybu z\u016fst\u00e1vaj\u00ed prozat\u00edm nezm\u011bn\u011bna: m\u016f\u017eete se voln\u011b pohybovat pouze v r\u00e1mci sv\u00e9 vlastn\u00ed provincie (nebo ostrova). Ru\u0161\u00ed se v\u0161ak pravidlo, \u017ee ch\u016fze je povolena pouze do 1 km od domova. Nav\u00edc nyn\u00ed m\u016f\u017eete sportovat nejen v r\u00e1mci vlastn\u00ed obce.<\/p>\n<h2> A co rozvrh?<\/h2>\n<p> F\u00e1ze 2 eliminuje pl\u00e1ny ch\u016fze a cvi\u010den\u00ed: nyn\u00ed je lze prov\u00e1d\u011bt kdykoli b\u011bhem dne. V\u00fdjimkou jsou pouze senio\u0159i, pro kter\u00e9 z\u016fst\u00e1v\u00e1 platn\u00fd j\u00edzdn\u00ed \u0159\u00e1d: od 10:00 do 12:00 a od 19:00 do 20:00. P\u0159edpokl\u00e1d\u00e1 se, \u017ee ostatn\u00ed v tuto dobu nemohou j\u00edt na proch\u00e1zku.<\/p>\n<h2> Skupinov\u00e9 sporty jsou povoleny<\/h2>\n<p> Nov\u011b m\u016f\u017eete sportovat (b\u011bh, cyklistika) ve skupin\u00e1ch a\u017e 15 osob.<\/p>\n<h2> Setk\u00e1n\u00ed s p\u0159\u00e1teli a p\u0159\u00edbuzn\u00fdmi<\/h2>\n<p> M\u016f\u017eete se shrom\u00e1\u017edit ve skupin\u00e1ch a\u017e 15 lid\u00ed, doma i venku.<\/p>\n<h2> Bary a restaurace<\/h2>\n<p> Mohou otev\u0159\u00edt sv\u00e9 vnit\u0159n\u00ed prostory, ale obsazenost nesm\u00ed p\u0159ekro\u010dit 40-50% (v z\u00e1vislosti na autonomii). Nen\u00ed dovoleno pou\u017e\u00edvat barov\u00e9 pulty &#8211; pouze stoly. Nen\u00ed dovoleno d\u00e1vat z\u00e1kazn\u00edk\u016fm j\u00eddeln\u00ed l\u00edstky, dr\u017e\u00e1ky na ubrousky, l\u00e1hve oleje a octa.<\/p>\n<h2> Otev\u0159en\u00ed pl\u00e1\u017e\u00ed ke koup\u00e1n\u00ed<\/h2>\n<p> Od f\u00e1ze 2 se pl\u00e1\u017ee ve \u0160pan\u011blsku otev\u0159ou pro koup\u00e1n\u00ed a v\u0161echny druhy voln\u00e9ho \u010dasu. Je nutn\u00e9 dodr\u017eovat bezpe\u010dnou vzd\u00e1lenost. Je povoleno shroma\u017e\u010fovat se ve skupin\u00e1ch do 15 osob, vyu\u017e\u00edvat sprchy a \u0161atny. Pl\u00e1\u017eov\u00e9 kav\u00e1rny \u2013 chiringuitos \u2013 se otev\u00edraj\u00ed za stejn\u00fdch podm\u00ednek jako ostatn\u00ed kav\u00e1rny, bary a restaurace. Regulace obsazenosti pl\u00e1\u017e\u00ed je v kompetenci m\u00edstn\u00edch \u00fa\u0159ad\u016f.<\/p>\n<h2> Otev\u0159en\u00ed baz\u00e9n\u016f<\/h2>\n<p> Od 2. f\u00e1ze se otev\u0159ou baz\u00e9ny v\u010detn\u011b kryt\u00fdch. Lze je nav\u0161t\u00edvit po p\u0159edchoz\u00ed domluv\u011b nebo podle stanoven\u00e9ho harmonogramu, s kapacitou maxim\u00e1ln\u011b 30 % a dodr\u017een\u00edm bezpe\u010dn\u00e9 vzd\u00e1lenosti. Nem\u016f\u017eete pou\u017e\u00edvat sprchy. To v\u0161e plat\u00ed i pro baz\u00e9ny um\u00edst\u011bn\u00e9 v rezidenc\u00edch.<\/p>\n<h2> Otev\u00edraj\u00ed se n\u00e1kupn\u00ed centra<\/h2>\n<p> Ve f\u00e1zi 2 je povoleno otev\u0159en\u00ed absolutn\u011b v\u0161ech komer\u010dn\u00edch provozoven, v\u010detn\u011b n\u00e1kupn\u00edch a z\u00e1bavn\u00edch center. Obsazenost \u2013 ne v\u00edce ne\u017e 40 %. Spole\u010dn\u00e9 prostory v\u010detn\u011b d\u011btsk\u00fdch h\u0159i\u0161\u0165 jsou v sou\u010dasn\u00e9 dob\u011b uzav\u0159eny.<\/p>\n<h2> Hotely otev\u00edraj\u00ed spole\u010dn\u00e9 prostory<\/h2>\n<p> I kdy\u017e jen t\u0159etina celkov\u00e9 kapacity. V\u00fdjimkou jsou hotelov\u00e9 restaurace, kter\u00e9 lze zaplnit a\u017e ze 40 %.<\/p>\n<h2> Turistika a rekreace v p\u0159\u00edrod\u011b<\/h2>\n<p> V\u00fdlety a p\u011b\u0161\u00ed t\u00fary ve skupin\u00e1ch do 20 osob v r\u00e1mci provincie jsou nyn\u00ed povoleny a ji\u017e nen\u00ed nutn\u00e9 b\u00fdt registrov\u00e1n u federace nebo si naj\u00edmat pr\u016fvodce. Od 2. f\u00e1ze to m\u016f\u017eete ud\u011blat sami, ale se soci\u00e1ln\u00edm odstupem a dal\u0161\u00edmi bezpe\u010dnostn\u00edmi opat\u0159en\u00edmi, a to kdykoli b\u011bhem dne, krom\u011b \u010dasov\u00fdch \u00fasek\u016f od 10:00 do 12:00 a od 19:00 do 20:00, ur\u010den\u00fdch pro seniory.<\/p>\n<h2> Kina a divadla<\/h2>\n<p> Otev\u00edraj\u00ed se na t\u0159etinu sv\u00e9 kapacity. Pouze sezen\u00ed. V uzav\u0159en\u00fdch prostor\u00e1ch nesm\u00ed b\u00fdt v\u00edce ne\u017e 50 osob.<\/p>\n<h2> Svatby s hosty<\/h2>\n<p> Pozvat hosty na svatbu je povoleno, ale nemohou poch\u00e1zet z jin\u00e9 provincie. Maxim\u00e1ln\u00ed po\u010det host\u016f v uzav\u0159en\u00fdch prostor\u00e1ch je 50, v otev\u0159en\u00fdch &#8211; 100.<\/p>\n<h2> N\u00e1bo\u017eensk\u00e9 instituce<\/h2>\n<p> Kostely, synagogy a me\u0161ity se mohou otev\u0159\u00edt na 50 % kapacity.<\/p>\n<h2> Fitness centra<\/h2>\n<p> Ve f\u00e1zi 2 se otev\u0159ou kryt\u00e1 sportovn\u00ed centra a baz\u00e9ny s maxim\u00e1ln\u00ed kapacitou 30 %. M\u016f\u017eete je nav\u0161t\u00edvit po domluv\u011b. Tr\u00e9nink je mo\u017en\u00fd pouze jednotliv\u011b nebo ve dvojic\u00edch, ale pouze pokud se jedn\u00e1 o bezkontaktn\u00ed sport.<\/p>\n<h2> Kongresy a konference<\/h2>\n<p> Jsou povoleny sch\u016fzky, shrom\u00e1\u017ed\u011bn\u00ed a konference s maxim\u00e1ln\u00edm po\u010dtem 50 osob.<\/p>\n<h2> Otev\u00edr\u00e1n\u00ed \u0161kol<\/h2>\n<p> Od f\u00e1ze 2 bude v\u00fduka ve \u0161kol\u00e1ch obnovena na dobrovoln\u00e9 b\u00e1zi a s p\u0159\u00edsn\u00fdmi omezen\u00edmi (nap\u0159. ne v\u00edce ne\u017e 10 osob na t\u0159\u00eddu).<\/p>\n<h2> Akademie a auto\u0161koly<\/h2>\n<p> Otev\u00edraj\u00ed se na t\u0159etinu sv\u00e9 kapacity.<\/p>","protected":false},"excerpt":{"rendered":"<p>Od pond\u011bl\u00ed 1. \u010dervna vstoup\u00ed cel\u00e9 Valencijsk\u00e9 spole\u010denstv\u00ed do\u2026<\/p>\n","protected":false},"author":18,"featured_media":180420,"comment_status":"closed","ping_status":"closed","sticky":false,"template":"","format":"standard","meta":{"footnotes":""},"categories":[1,15],"tags":[],"class_list":["post-180419","post","type-post","status-publish","format-standard","has-post-thumbnail","hentry","category-articles","category-news"],"yoast_head":"<!-- This site is optimized with the Yoast SEO plugin v27.5 - https:\/\/yoast.com\/product\/yoast-seo-wordpress\/ -->\n<title>\u0412\u0430\u043b\u0435\u043d\u0441\u0438\u0439\u0441\u043a\u043e\u0435 \u0441\u043e\u043e\u0431\u0449\u0435\u0441\u0442\u0432\u043e \u043f\u0435\u0440\u0435\u0445\u043e\u0434\u0438\u0442 \u0432 \u0444\u0430\u0437\u0443 2: \u0447\u0442\u043e \u043c\u043e\u0436\u043d\u043e \u0434\u0435\u043b\u0430\u0442\u044c, \u0430 \u0447\u0442\u043e \u043d\u0435\u0442?<\/title>\n<meta name=\"description\" content=\"\u0412\u0441\u0435 \u0442\u0440\u0438 \u043f\u0440\u043e\u0432\u0438\u043d\u0446\u0438\u0438 \u0412\u0430\u043b\u0435\u043d\u0441\u0438\u0439\u0441\u043a\u043e\u0433\u043e \u0441\u043e\u043e\u0431\u0449\u0435\u0441\u0442\u0432\u0430 \u043f\u0435\u0440\u0435\u0445\u043e\u0434\u044f\u0442 \u0441 1 \u0438\u044e\u043d\u044f \u0432 \u0444\u0430\u0437\u0443 2, \u043d\u0430 \u043a\u043e\u0442\u043e\u0440\u043e\u0439 \u043c\u043e\u0436\u043d\u043e \u043a\u0443\u043f\u0430\u0442\u044c\u0441\u044f \u0432 \u043c\u043e\u0440\u0435, \u0445\u043e\u0434\u0438\u0442\u044c \u0432 \u0433\u043e\u0440\u044b, \u0441\u0438\u0434\u0435\u0442\u044c \u0432\u043d\u0443\u0442\u0440\u0438 \u0431\u0430\u0440\u043e\u0432 \u0438 \u0433\u0443\u043b\u044f\u0442\u044c \u0431\u0435\u0437 \u0440\u0430\u0441\u043f\u0438\u0441\u0430\u043d\u0438\u044f.\" \/>\n<meta name=\"robots\" content=\"index, follow, max-snippet:-1, max-image-preview:large, max-video-preview:-1\" \/>\n<link rel=\"canonical\" href=\"https:\/\/alegria-realestate.com\/cs\/wp-json\/wp\/v2\/posts\/180419\" \/>\n<meta property=\"og:locale\" content=\"cs_CZ\" \/>\n<meta property=\"og:type\" content=\"article\" \/>\n<meta property=\"og:title\" content=\"\u0412\u0430\u043b\u0435\u043d\u0441\u0438\u0439\u0441\u043a\u043e\u0435 \u0441\u043e\u043e\u0431\u0449\u0435\u0441\u0442\u0432\u043e \u043f\u0435\u0440\u0435\u0445\u043e\u0434\u0438\u0442 \u0432 \u0444\u0430\u0437\u0443 2: \u0447\u0442\u043e \u043c\u043e\u0436\u043d\u043e \u0434\u0435\u043b\u0430\u0442\u044c, \u0430 \u0447\u0442\u043e \u043d\u0435\u0442?\" \/>\n<meta property=\"og:description\" content=\"\u0412\u0441\u0435 \u0442\u0440\u0438 \u043f\u0440\u043e\u0432\u0438\u043d\u0446\u0438\u0438 \u0412\u0430\u043b\u0435\u043d\u0441\u0438\u0439\u0441\u043a\u043e\u0433\u043e \u0441\u043e\u043e\u0431\u0449\u0435\u0441\u0442\u0432\u0430 \u043f\u0435\u0440\u0435\u0445\u043e\u0434\u044f\u0442 \u0441 1 \u0438\u044e\u043d\u044f \u0432 \u0444\u0430\u0437\u0443 2, \u043d\u0430 \u043a\u043e\u0442\u043e\u0440\u043e\u0439 \u043c\u043e\u0436\u043d\u043e \u043a\u0443\u043f\u0430\u0442\u044c\u0441\u044f \u0432 \u043c\u043e\u0440\u0435, \u0445\u043e\u0434\u0438\u0442\u044c \u0432 \u0433\u043e\u0440\u044b, \u0441\u0438\u0434\u0435\u0442\u044c \u0432\u043d\u0443\u0442\u0440\u0438 \u0431\u0430\u0440\u043e\u0432 \u0438 \u0433\u0443\u043b\u044f\u0442\u044c \u0431\u0435\u0437 \u0440\u0430\u0441\u043f\u0438\u0441\u0430\u043d\u0438\u044f.\" \/>\n<meta property=\"og:url\" content=\"https:\/\/alegria-realestate.com\/cs\/wp-json\/wp\/v2\/posts\/180419\" \/>\n<meta property=\"og:site_name\" content=\"Nemovitosti ve \u0160pan\u011blsku\" \/>\n<meta property=\"article:publisher\" content=\"https:\/\/www.facebook.com\/realestate.alegria\" \/>\n<meta property=\"article:published_time\" content=\"2020-05-29T09:15:22+00:00\" \/>\n<meta property=\"article:modified_time\" content=\"2025-08-14T17:07:20+00:00\" \/>\n<meta property=\"og:image\" content=\"https:\/\/alegria-realestate.com\/wp-content\/uploads\/2020\/05\/Dizain-bez-nazvanija-4.png\" \/>\n\t<meta property=\"og:image:width\" content=\"1000\" \/>\n\t<meta property=\"og:image:height\" content=\"460\" \/>\n\t<meta property=\"og:image:type\" content=\"image\/png\" \/>\n<meta name=\"author\" content=\"\u0421\u0435\u0440\u0433\u0435\u0439 \u0411\u0435\u043a\u0438\u0448\u0435\u0432\" \/>\n<meta name=\"twitter:card\" content=\"summary_large_image\" \/>\n<meta name=\"twitter:creator\" content=\"@alegriarealesta\" \/>\n<meta name=\"twitter:site\" content=\"@alegriarealesta\" \/>\n<script type=\"application\/ld+json\" class=\"yoast-schema-graph\">{\"@context\":\"https:\\\/\\\/schema.org\",\"@graph\":[{\"@type\":\"Article\",\"@id\":\"https:\\\/\\\/alegria-realestate.com\\\/cs\\\/articles\\\/news\\\/the-valencian-community-moves-into-phase-2-from-monday-june-1#article\",\"isPartOf\":{\"@id\":\"https:\\\/\\\/alegria-realestate.com\\\/cs\\\/articles\\\/news\\\/the-valencian-community-moves-into-phase-2-from-monday-june-1\"},\"author\":{\"name\":\"\u0421\u0435\u0440\u0433\u0435\u0439 \u0411\u0435\u043a\u0438\u0448\u0435\u0432\",\"@id\":\"https:\\\/\\\/alegria-realestate.com\\\/#\\\/schema\\\/person\\\/9d285f0a34620d7fb8e3836f93b5522c\"},\"headline\":\"Valencijsk\u00e9 spole\u010denstv\u00ed vstupuje do f\u00e1ze 2 od pond\u011bl\u00ed 1. \u010dervna\",\"datePublished\":\"2020-05-29T09:15:22+00:00\",\"dateModified\":\"2025-08-14T17:07:20+00:00\",\"mainEntityOfPage\":{\"@id\":\"https:\\\/\\\/alegria-realestate.com\\\/cs\\\/articles\\\/news\\\/the-valencian-community-moves-into-phase-2-from-monday-june-1\"},\"wordCount\":4792,\"publisher\":{\"@id\":\"https:\\\/\\\/alegria-realestate.com\\\/#organization\"},\"image\":{\"@id\":\"https:\\\/\\\/alegria-realestate.com\\\/cs\\\/articles\\\/news\\\/the-valencian-community-moves-into-phase-2-from-monday-june-1#primaryimage\"},\"thumbnailUrl\":\"https:\\\/\\\/alegria-realestate.com\\\/wp-content\\\/uploads\\\/2020\\\/05\\\/Dizain-bez-nazvanija-4.png\",\"articleSection\":[\"Blog\",\"Zpr\u00e1vy\"],\"inLanguage\":\"cs\"},{\"@type\":\"WebPage\",\"@id\":\"https:\\\/\\\/alegria-realestate.com\\\/cs\\\/articles\\\/news\\\/the-valencian-community-moves-into-phase-2-from-monday-june-1\",\"url\":\"https:\\\/\\\/alegria-realestate.com\\\/cs\\\/articles\\\/news\\\/the-valencian-community-moves-into-phase-2-from-monday-june-1\",\"name\":\"\u0412\u0430\u043b\u0435\u043d\u0441\u0438\u0439\u0441\u043a\u043e\u0435 \u0441\u043e\u043e\u0431\u0449\u0435\u0441\u0442\u0432\u043e \u043f\u0435\u0440\u0435\u0445\u043e\u0434\u0438\u0442 \u0432 \u0444\u0430\u0437\u0443 2: \u0447\u0442\u043e \u043c\u043e\u0436\u043d\u043e \u0434\u0435\u043b\u0430\u0442\u044c, \u0430 \u0447\u0442\u043e \u043d\u0435\u0442?\",\"isPartOf\":{\"@id\":\"https:\\\/\\\/alegria-realestate.com\\\/cs\\\/#website\"},\"primaryImageOfPage\":{\"@id\":\"https:\\\/\\\/alegria-realestate.com\\\/cs\\\/articles\\\/news\\\/the-valencian-community-moves-into-phase-2-from-monday-june-1#primaryimage\"},\"image\":{\"@id\":\"https:\\\/\\\/alegria-realestate.com\\\/cs\\\/articles\\\/news\\\/the-valencian-community-moves-into-phase-2-from-monday-june-1#primaryimage\"},\"thumbnailUrl\":\"https:\\\/\\\/alegria-realestate.com\\\/wp-content\\\/uploads\\\/2020\\\/05\\\/Dizain-bez-nazvanija-4.png\",\"datePublished\":\"2020-05-29T09:15:22+00:00\",\"dateModified\":\"2025-08-14T17:07:20+00:00\",\"description\":\"\u0412\u0441\u0435 \u0442\u0440\u0438 \u043f\u0440\u043e\u0432\u0438\u043d\u0446\u0438\u0438 \u0412\u0430\u043b\u0435\u043d\u0441\u0438\u0439\u0441\u043a\u043e\u0433\u043e \u0441\u043e\u043e\u0431\u0449\u0435\u0441\u0442\u0432\u0430 \u043f\u0435\u0440\u0435\u0445\u043e\u0434\u044f\u0442 \u0441 1 \u0438\u044e\u043d\u044f \u0432 \u0444\u0430\u0437\u0443 2, \u043d\u0430 \u043a\u043e\u0442\u043e\u0440\u043e\u0439 \u043c\u043e\u0436\u043d\u043e \u043a\u0443\u043f\u0430\u0442\u044c\u0441\u044f \u0432 \u043c\u043e\u0440\u0435, \u0445\u043e\u0434\u0438\u0442\u044c \u0432 \u0433\u043e\u0440\u044b, \u0441\u0438\u0434\u0435\u0442\u044c \u0432\u043d\u0443\u0442\u0440\u0438 \u0431\u0430\u0440\u043e\u0432 \u0438 \u0433\u0443\u043b\u044f\u0442\u044c \u0431\u0435\u0437 \u0440\u0430\u0441\u043f\u0438\u0441\u0430\u043d\u0438\u044f.\",\"breadcrumb\":{\"@id\":\"https:\\\/\\\/alegria-realestate.com\\\/cs\\\/articles\\\/news\\\/the-valencian-community-moves-into-phase-2-from-monday-june-1#breadcrumb\"},\"inLanguage\":\"cs\",\"potentialAction\":[{\"@type\":\"ReadAction\",\"target\":[[\"https:\\\/\\\/alegria-realestate.com\\\/cs\\\/articles\\\/news\\\/the-valencian-community-moves-into-phase-2-from-monday-june-1\"]]}]},{\"@type\":\"ImageObject\",\"inLanguage\":\"cs\",\"@id\":\"https:\\\/\\\/alegria-realestate.com\\\/cs\\\/articles\\\/news\\\/the-valencian-community-moves-into-phase-2-from-monday-june-1#primaryimage\",\"url\":\"https:\\\/\\\/alegria-realestate.com\\\/wp-content\\\/uploads\\\/2020\\\/05\\\/Dizain-bez-nazvanija-4.png\",\"contentUrl\":\"https:\\\/\\\/alegria-realestate.com\\\/wp-content\\\/uploads\\\/2020\\\/05\\\/Dizain-bez-nazvanija-4.png\",\"width\":1000,\"height\":460,\"caption\":\"\u0412\u0430\u043b\u0435\u043d\u0441\u0438\u0439\u0441\u043a\u043e\u0435 \u0441\u043e\u043e\u0431\u0449\u0435\u0441\u0442\u0432\u043e \u043f\u0435\u0440\u0435\u0445\u043e\u0434\u0438\u0442 \u0432 \u0444\u0430\u0437\u0443 2 \u0441 \u043f\u043e\u043d\u0435\u0434\u0435\u043b\u044c\u043d\u0438\u043a\u0430, 1 \u0438\u044e\u043d\u044f\"},{\"@type\":\"BreadcrumbList\",\"@id\":\"https:\\\/\\\/alegria-realestate.com\\\/cs\\\/articles\\\/news\\\/the-valencian-community-moves-into-phase-2-from-monday-june-1#breadcrumb\",\"itemListElement\":[{\"@type\":\"ListItem\",\"position\":1,\"name\":\"\u0413\u043b\u0430\u0432\u043d\u0430\u044f \u0441\u0442\u0440\u0430\u043d\u0438\u0446\u0430\",\"item\":\"https:\\\/\\\/alegria-realestate.com\\\/cs\\\/\"},{\"@type\":\"ListItem\",\"position\":2,\"name\":\"Valencijsk\u00e9 spole\u010denstv\u00ed vstupuje do f\u00e1ze 2 od pond\u011bl\u00ed 1. \u010dervna\"}]},{\"@type\":\"WebSite\",\"@id\":\"https:\\\/\\\/alegria-realestate.com\\\/cs\\\/#website\",\"url\":\"https:\\\/\\\/alegria-realestate.com\\\/cs\\\/\",\"name\":\"Nemovitosti ve \u0160pan\u011blsku\",\"description\":\"Nemovitosti ve \u0160pan\u011blsku: prodej ve v\u0161ech m\u011bstech \u2013 Torrevieja, Alicante, Benidorm a dal\u0161\u00ed. Pom\u016f\u017eeme v\u00e1m s koup\u00ed nemovitosti na Costa Blanca \u2013 secondhandov\u00e9 bydlen\u00ed i novostavby. Kompletn\u00ed vy\u0159\u00edzen\u00ed na kl\u00ed\u010d. Nemovitosti na Costa Blanca od 80 000 \u20ac.\",\"publisher\":{\"@id\":\"https:\\\/\\\/alegria-realestate.com\\\/cs\\\/#organization\"},\"potentialAction\":[{\"@type\":\"SearchAction\",\"target\":{\"@type\":\"EntryPoint\",\"urlTemplate\":\"https:\\\/\\\/alegria-realestate.com\\\/cs\\\/?s={search_term_string}\"},\"query-input\":{\"@type\":\"PropertyValueSpecification\",\"valueRequired\":true,\"valueName\":\"search_term_string\"}}],\"inLanguage\":\"cs\"},{\"@type\":\"Organization\",\"@id\":\"https:\\\/\\\/alegria-realestate.com\\\/cs\\\/#organization\",\"name\":\"Alegria Realestate\",\"url\":\"https:\\\/\\\/alegria-realestate.com\\\/cs\\\/\",\"logo\":{\"@type\":\"ImageObject\",\"inLanguage\":\"cs\",\"@id\":\"https:\\\/\\\/alegria-realestate.com\\\/cs\\\/#\\\/schema\\\/logo\\\/image\\\/\",\"url\":\"https:\\\/\\\/alegria-realestate.com\\\/wp-content\\\/uploads\\\/2019\\\/08\\\/logo_alegria.png\",\"contentUrl\":\"https:\\\/\\\/alegria-realestate.com\\\/wp-content\\\/uploads\\\/2019\\\/08\\\/logo_alegria.png\",\"width\":1600,\"height\":1403,\"caption\":\"Alegria Realestate\"},\"image\":{\"@id\":\"https:\\\/\\\/alegria-realestate.com\\\/cs\\\/#\\\/schema\\\/logo\\\/image\\\/\"},\"sameAs\":[\"https:\\\/\\\/www.facebook.com\\\/realestate.alegria\",\"https:\\\/\\\/x.com\\\/alegriarealesta\",\"https:\\\/\\\/www.instagram.com\\\/alegriadom\\\/\",\"https:\\\/\\\/www.linkedin.com\\\/profile\\\/view?id=154965227\",\"https:\\\/\\\/www.youtube.com\\\/user\\\/AlegriaRealEstate\"]},{\"@type\":\"Person\",\"@id\":\"https:\\\/\\\/alegria-realestate.com\\\/#\\\/schema\\\/person\\\/9d285f0a34620d7fb8e3836f93b5522c\",\"name\":\"\u0421\u0435\u0440\u0433\u0435\u0439 \u0411\u0435\u043a\u0438\u0448\u0435\u0432\"}]}<\/script>\n<!-- \/ Yoast SEO plugin. -->","yoast_head_json":{"title":"\u0412\u0430\u043b\u0435\u043d\u0441\u0438\u0439\u0441\u043a\u043e\u0435 \u0441\u043e\u043e\u0431\u0449\u0435\u0441\u0442\u0432\u043e \u043f\u0435\u0440\u0435\u0445\u043e\u0434\u0438\u0442 \u0432 \u0444\u0430\u0437\u0443 2: \u0447\u0442\u043e \u043c\u043e\u0436\u043d\u043e \u0434\u0435\u043b\u0430\u0442\u044c, \u0430 \u0447\u0442\u043e \u043d\u0435\u0442?","description":"\u0412\u0441\u0435 \u0442\u0440\u0438 \u043f\u0440\u043e\u0432\u0438\u043d\u0446\u0438\u0438 \u0412\u0430\u043b\u0435\u043d\u0441\u0438\u0439\u0441\u043a\u043e\u0433\u043e \u0441\u043e\u043e\u0431\u0449\u0435\u0441\u0442\u0432\u0430 \u043f\u0435\u0440\u0435\u0445\u043e\u0434\u044f\u0442 \u0441 1 \u0438\u044e\u043d\u044f \u0432 \u0444\u0430\u0437\u0443 2, \u043d\u0430 \u043a\u043e\u0442\u043e\u0440\u043e\u0439 \u043c\u043e\u0436\u043d\u043e \u043a\u0443\u043f\u0430\u0442\u044c\u0441\u044f \u0432 \u043c\u043e\u0440\u0435, \u0445\u043e\u0434\u0438\u0442\u044c \u0432 \u0433\u043e\u0440\u044b, \u0441\u0438\u0434\u0435\u0442\u044c \u0432\u043d\u0443\u0442\u0440\u0438 \u0431\u0430\u0440\u043e\u0432 \u0438 \u0433\u0443\u043b\u044f\u0442\u044c \u0431\u0435\u0437 \u0440\u0430\u0441\u043f\u0438\u0441\u0430\u043d\u0438\u044f.","robots":{"index":"index","follow":"follow","max-snippet":"max-snippet:-1","max-image-preview":"max-image-preview:large","max-video-preview":"max-video-preview:-1"},"canonical":"https:\/\/alegria-realestate.com\/cs\/wp-json\/wp\/v2\/posts\/180419","og_locale":"cs_CZ","og_type":"article","og_title":"\u0412\u0430\u043b\u0435\u043d\u0441\u0438\u0439\u0441\u043a\u043e\u0435 \u0441\u043e\u043e\u0431\u0449\u0435\u0441\u0442\u0432\u043e \u043f\u0435\u0440\u0435\u0445\u043e\u0434\u0438\u0442 \u0432 \u0444\u0430\u0437\u0443 2: \u0447\u0442\u043e \u043c\u043e\u0436\u043d\u043e \u0434\u0435\u043b\u0430\u0442\u044c, \u0430 \u0447\u0442\u043e \u043d\u0435\u0442?","og_description":"\u0412\u0441\u0435 \u0442\u0440\u0438 \u043f\u0440\u043e\u0432\u0438\u043d\u0446\u0438\u0438 \u0412\u0430\u043b\u0435\u043d\u0441\u0438\u0439\u0441\u043a\u043e\u0433\u043e \u0441\u043e\u043e\u0431\u0449\u0435\u0441\u0442\u0432\u0430 \u043f\u0435\u0440\u0435\u0445\u043e\u0434\u044f\u0442 \u0441 1 \u0438\u044e\u043d\u044f \u0432 \u0444\u0430\u0437\u0443 2, \u043d\u0430 \u043a\u043e\u0442\u043e\u0440\u043e\u0439 \u043c\u043e\u0436\u043d\u043e \u043a\u0443\u043f\u0430\u0442\u044c\u0441\u044f \u0432 \u043c\u043e\u0440\u0435, \u0445\u043e\u0434\u0438\u0442\u044c \u0432 \u0433\u043e\u0440\u044b, \u0441\u0438\u0434\u0435\u0442\u044c \u0432\u043d\u0443\u0442\u0440\u0438 \u0431\u0430\u0440\u043e\u0432 \u0438 \u0433\u0443\u043b\u044f\u0442\u044c \u0431\u0435\u0437 \u0440\u0430\u0441\u043f\u0438\u0441\u0430\u043d\u0438\u044f.","og_url":"https:\/\/alegria-realestate.com\/cs\/wp-json\/wp\/v2\/posts\/180419","og_site_name":"Nemovitosti ve \u0160pan\u011blsku","article_publisher":"https:\/\/www.facebook.com\/realestate.alegria","article_published_time":"2020-05-29T09:15:22+00:00","article_modified_time":"2025-08-14T17:07:20+00:00","og_image":[{"width":1000,"height":460,"url":"https:\/\/alegria-realestate.com\/wp-content\/uploads\/2020\/05\/Dizain-bez-nazvanija-4.png","type":"image\/png"}],"author":"\u0421\u0435\u0440\u0433\u0435\u0439 \u0411\u0435\u043a\u0438\u0448\u0435\u0432","twitter_card":"summary_large_image","twitter_creator":"@alegriarealesta","twitter_site":"@alegriarealesta","schema":{"@context":"https:\/\/schema.org","@graph":[{"@type":"Article","@id":"https:\/\/alegria-realestate.com\/cs\/articles\/news\/the-valencian-community-moves-into-phase-2-from-monday-june-1#article","isPartOf":{"@id":"https:\/\/alegria-realestate.com\/cs\/articles\/news\/the-valencian-community-moves-into-phase-2-from-monday-june-1"},"author":{"name":"\u0421\u0435\u0440\u0433\u0435\u0439 \u0411\u0435\u043a\u0438\u0448\u0435\u0432","@id":"https:\/\/alegria-realestate.com\/#\/schema\/person\/9d285f0a34620d7fb8e3836f93b5522c"},"headline":"Valencijsk\u00e9 spole\u010denstv\u00ed vstupuje do f\u00e1ze 2 od pond\u011bl\u00ed 1. \u010dervna","datePublished":"2020-05-29T09:15:22+00:00","dateModified":"2025-08-14T17:07:20+00:00","mainEntityOfPage":{"@id":"https:\/\/alegria-realestate.com\/cs\/articles\/news\/the-valencian-community-moves-into-phase-2-from-monday-june-1"},"wordCount":4792,"publisher":{"@id":"https:\/\/alegria-realestate.com\/#organization"},"image":{"@id":"https:\/\/alegria-realestate.com\/cs\/articles\/news\/the-valencian-community-moves-into-phase-2-from-monday-june-1#primaryimage"},"thumbnailUrl":"https:\/\/alegria-realestate.com\/wp-content\/uploads\/2020\/05\/Dizain-bez-nazvanija-4.png","articleSection":["Blog","Zpr\u00e1vy"],"inLanguage":"cs"},{"@type":"WebPage","@id":"https:\/\/alegria-realestate.com\/cs\/articles\/news\/the-valencian-community-moves-into-phase-2-from-monday-june-1","url":"https:\/\/alegria-realestate.com\/cs\/articles\/news\/the-valencian-community-moves-into-phase-2-from-monday-june-1","name":"\u0412\u0430\u043b\u0435\u043d\u0441\u0438\u0439\u0441\u043a\u043e\u0435 \u0441\u043e\u043e\u0431\u0449\u0435\u0441\u0442\u0432\u043e \u043f\u0435\u0440\u0435\u0445\u043e\u0434\u0438\u0442 \u0432 \u0444\u0430\u0437\u0443 2: \u0447\u0442\u043e \u043c\u043e\u0436\u043d\u043e \u0434\u0435\u043b\u0430\u0442\u044c, \u0430 \u0447\u0442\u043e \u043d\u0435\u0442?","isPartOf":{"@id":"https:\/\/alegria-realestate.com\/cs\/#website"},"primaryImageOfPage":{"@id":"https:\/\/alegria-realestate.com\/cs\/articles\/news\/the-valencian-community-moves-into-phase-2-from-monday-june-1#primaryimage"},"image":{"@id":"https:\/\/alegria-realestate.com\/cs\/articles\/news\/the-valencian-community-moves-into-phase-2-from-monday-june-1#primaryimage"},"thumbnailUrl":"https:\/\/alegria-realestate.com\/wp-content\/uploads\/2020\/05\/Dizain-bez-nazvanija-4.png","datePublished":"2020-05-29T09:15:22+00:00","dateModified":"2025-08-14T17:07:20+00:00","description":"\u0412\u0441\u0435 \u0442\u0440\u0438 \u043f\u0440\u043e\u0432\u0438\u043d\u0446\u0438\u0438 \u0412\u0430\u043b\u0435\u043d\u0441\u0438\u0439\u0441\u043a\u043e\u0433\u043e \u0441\u043e\u043e\u0431\u0449\u0435\u0441\u0442\u0432\u0430 \u043f\u0435\u0440\u0435\u0445\u043e\u0434\u044f\u0442 \u0441 1 \u0438\u044e\u043d\u044f \u0432 \u0444\u0430\u0437\u0443 2, \u043d\u0430 \u043a\u043e\u0442\u043e\u0440\u043e\u0439 \u043c\u043e\u0436\u043d\u043e \u043a\u0443\u043f\u0430\u0442\u044c\u0441\u044f \u0432 \u043c\u043e\u0440\u0435, \u0445\u043e\u0434\u0438\u0442\u044c \u0432 \u0433\u043e\u0440\u044b, \u0441\u0438\u0434\u0435\u0442\u044c \u0432\u043d\u0443\u0442\u0440\u0438 \u0431\u0430\u0440\u043e\u0432 \u0438 \u0433\u0443\u043b\u044f\u0442\u044c \u0431\u0435\u0437 \u0440\u0430\u0441\u043f\u0438\u0441\u0430\u043d\u0438\u044f.","breadcrumb":{"@id":"https:\/\/alegria-realestate.com\/cs\/articles\/news\/the-valencian-community-moves-into-phase-2-from-monday-june-1#breadcrumb"},"inLanguage":"cs","potentialAction":[{"@type":"ReadAction","target":[["https:\/\/alegria-realestate.com\/cs\/articles\/news\/the-valencian-community-moves-into-phase-2-from-monday-june-1"]]}]},{"@type":"ImageObject","inLanguage":"cs","@id":"https:\/\/alegria-realestate.com\/cs\/articles\/news\/the-valencian-community-moves-into-phase-2-from-monday-june-1#primaryimage","url":"https:\/\/alegria-realestate.com\/wp-content\/uploads\/2020\/05\/Dizain-bez-nazvanija-4.png","contentUrl":"https:\/\/alegria-realestate.com\/wp-content\/uploads\/2020\/05\/Dizain-bez-nazvanija-4.png","width":1000,"height":460,"caption":"\u0412\u0430\u043b\u0435\u043d\u0441\u0438\u0439\u0441\u043a\u043e\u0435 \u0441\u043e\u043e\u0431\u0449\u0435\u0441\u0442\u0432\u043e \u043f\u0435\u0440\u0435\u0445\u043e\u0434\u0438\u0442 \u0432 \u0444\u0430\u0437\u0443 2 \u0441 \u043f\u043e\u043d\u0435\u0434\u0435\u043b\u044c\u043d\u0438\u043a\u0430, 1 \u0438\u044e\u043d\u044f"},{"@type":"BreadcrumbList","@id":"https:\/\/alegria-realestate.com\/cs\/articles\/news\/the-valencian-community-moves-into-phase-2-from-monday-june-1#breadcrumb","itemListElement":[{"@type":"ListItem","position":1,"name":"\u0413\u043b\u0430\u0432\u043d\u0430\u044f \u0441\u0442\u0440\u0430\u043d\u0438\u0446\u0430","item":"https:\/\/alegria-realestate.com\/cs\/"},{"@type":"ListItem","position":2,"name":"Valencijsk\u00e9 spole\u010denstv\u00ed vstupuje do f\u00e1ze 2 od pond\u011bl\u00ed 1. \u010dervna"}]},{"@type":"WebSite","@id":"https:\/\/alegria-realestate.com\/cs\/#website","url":"https:\/\/alegria-realestate.com\/cs\/","name":"Nemovitosti ve \u0160pan\u011blsku","description":"Nemovitosti ve \u0160pan\u011blsku: prodej ve v\u0161ech m\u011bstech \u2013 Torrevieja, Alicante, Benidorm a dal\u0161\u00ed. Pom\u016f\u017eeme v\u00e1m s koup\u00ed nemovitosti na Costa Blanca \u2013 secondhandov\u00e9 bydlen\u00ed i novostavby. Kompletn\u00ed vy\u0159\u00edzen\u00ed na kl\u00ed\u010d. Nemovitosti na Costa Blanca od 80 000 \u20ac.","publisher":{"@id":"https:\/\/alegria-realestate.com\/cs\/#organization"},"potentialAction":[{"@type":"SearchAction","target":{"@type":"EntryPoint","urlTemplate":"https:\/\/alegria-realestate.com\/cs\/?s={search_term_string}"},"query-input":{"@type":"PropertyValueSpecification","valueRequired":true,"valueName":"search_term_string"}}],"inLanguage":"cs"},{"@type":"Organization","@id":"https:\/\/alegria-realestate.com\/cs\/#organization","name":"Alegria Realestate","url":"https:\/\/alegria-realestate.com\/cs\/","logo":{"@type":"ImageObject","inLanguage":"cs","@id":"https:\/\/alegria-realestate.com\/cs\/#\/schema\/logo\/image\/","url":"https:\/\/alegria-realestate.com\/wp-content\/uploads\/2019\/08\/logo_alegria.png","contentUrl":"https:\/\/alegria-realestate.com\/wp-content\/uploads\/2019\/08\/logo_alegria.png","width":1600,"height":1403,"caption":"Alegria Realestate"},"image":{"@id":"https:\/\/alegria-realestate.com\/cs\/#\/schema\/logo\/image\/"},"sameAs":["https:\/\/www.facebook.com\/realestate.alegria","https:\/\/x.com\/alegriarealesta","https:\/\/www.instagram.com\/alegriadom\/","https:\/\/www.linkedin.com\/profile\/view?id=154965227","https:\/\/www.youtube.com\/user\/AlegriaRealEstate"]},{"@type":"Person","@id":"https:\/\/alegria-realestate.com\/#\/schema\/person\/9d285f0a34620d7fb8e3836f93b5522c","name":"\u0421\u0435\u0440\u0433\u0435\u0439 \u0411\u0435\u043a\u0438\u0448\u0435\u0432"}]}},"_links":{"self":[{"href":"https:\/\/alegria-realestate.com\/cs\/wp-json\/wp\/v2\/posts\/180419","targetHints":{"allow":["GET"]}}],"collection":[{"href":"https:\/\/alegria-realestate.com\/cs\/wp-json\/wp\/v2\/posts"}],"about":[{"href":"https:\/\/alegria-realestate.com\/cs\/wp-json\/wp\/v2\/types\/post"}],"author":[{"embeddable":true,"href":"https:\/\/alegria-realestate.com\/cs\/wp-json\/wp\/v2\/users\/18"}],"replies":[{"embeddable":true,"href":"https:\/\/alegria-realestate.com\/cs\/wp-json\/wp\/v2\/comments?post=180419"}],"version-history":[{"count":1,"href":"https:\/\/alegria-realestate.com\/cs\/wp-json\/wp\/v2\/posts\/180419\/revisions"}],"predecessor-version":[{"id":837278,"href":"https:\/\/alegria-realestate.com\/cs\/wp-json\/wp\/v2\/posts\/180419\/revisions\/837278"}],"wp:featuredmedia":[{"embeddable":true,"href":"https:\/\/alegria-realestate.com\/cs\/wp-json\/wp\/v2\/media\/180420"}],"wp:attachment":[{"href":"https:\/\/alegria-realestate.com\/cs\/wp-json\/wp\/v2\/media?parent=180419"}],"wp:term":[{"taxonomy":"category","embeddable":true,"href":"https:\/\/alegria-realestate.com\/cs\/wp-json\/wp\/v2\/categories?post=180419"},{"taxonomy":"post_tag","embeddable":true,"href":"https:\/\/alegria-realestate.com\/cs\/wp-json\/wp\/v2\/tags?post=180419"}],"curies":[{"name":"wp","href":"https:\/\/api.w.org\/{rel}","templated":true}]}}