{"id":200537,"date":"2020-07-13T10:19:30","date_gmt":"2020-07-13T07:19:30","guid":{"rendered":"https:\/\/alegria-realestate.com\/?p=200537"},"modified":"2025-08-14T20:08:06","modified_gmt":"2025-08-14T17:08:06","slug":"alegria-spoke-with-torrevieja-mayor-eduardo-dolon","status":"publish","type":"post","link":"https:\/\/alegria-realestate.com\/cs\/articles\/news\/alegria-spoke-with-torrevieja-mayor-eduardo-dolon","title":{"rendered":"Alegria hovo\u0159ila se starostou Torrevieje Eduardem Dolonem"},"content":{"rendered":"<p>N\u00e1\u0161 rozhovor s Eduardem Dolonem se \u010dasov\u011b shodoval s v\u00fdro\u010d\u00edm jeho inaugurace, tak\u017ee ot\u00e1zka, co letos dok\u00e1zal a jak\u00e9 ud\u00e1losti byly obzvl\u00e1\u0161t\u011b nezapomenuteln\u00e9, byla jednou z nejd\u016fle\u017eit\u011bj\u0161\u00edch. Hovo\u0159ili jsme tak\u00e9 se starostou o tom, jak Torrevieja p\u0159e\u017eila karant\u00e9nu, a zjistili jsme jeho n\u00e1zor na budoucnost m\u011bsta, zejm\u00e9na turistick\u00e9ho sektoru, kter\u00fd je pandemi\u00ed zasa\u017een nejh\u016f\u0159e. N\u00e1\u0161 rozhovor se v\u0161ak neomezoval pouze na pov\u00edd\u00e1n\u00ed o probl\u00e9mech, kter\u00fdm m\u011bsto \u010delilo kv\u016fli hygienick\u00e9 krizi. Zeptali jsme se tak\u00e9 Eduarda Dolona na p\u00e1r ot\u00e1zek t\u00fdkaj\u00edc\u00edch se vyhl\u00eddek rozvoje Torrevieje, aktu\u00e1ln\u00edch investi\u010dn\u00edch projekt\u016f, vylep\u0161en\u00ed pl\u00e1\u017e\u00ed a m\u011bstsk\u00e9 infrastruktury, program\u016f integrace p\u0159ist\u011bhovalc\u016f atd. Vyu\u017eili jsme tak\u00e9 p\u0159\u00edle\u017eitosti dozv\u011bd\u011bt se z prvn\u00ed ruky o nov\u00e9 reklamn\u00ed kampani GANAS DE TI, GANAS DE TORREVIEJA, jej\u00edm\u017e c\u00edlem je propagovat Torrevieja jako spolehlivou a bezpe\u010dnou turistickou destinaci.<\/p>","protected":false},"excerpt":{"rendered":"<p>N\u00e1\u0161 rozhovor s Eduardem Dolonem se \u010dasov\u011b shodoval s\u2026<\/p>\n","protected":false},"author":18,"featured_media":200538,"comment_status":"closed","ping_status":"closed","sticky":false,"template":"","format":"standard","meta":{"footnotes":""},"categories":[959,15],"tags":[],"class_list":["post-200537","post","type-post","status-publish","format-standard","has-post-thumbnail","hentry","category-lifestyle","category-news"],"yoast_head":"<!-- This site is optimized with the Yoast SEO plugin v27.5 - https:\/\/yoast.com\/product\/yoast-seo-wordpress\/ -->\n<title>Alegria \u0432\u0437\u044f\u043b\u0430 \u0438\u043d\u0442\u0435\u0440\u0432\u044c\u044e \u0443 \u043c\u044d\u0440\u0430 \u0422\u043e\u0440\u0440\u0435\u0432\u044c\u0435\u0445\u0438 \u042d\u0434\u0443\u0430\u0440\u0434\u043e \u0414\u043e\u043b\u043e\u043d\u0430<\/title>\n<meta name=\"description\" content=\"\u041c\u044d\u0440 \u043d\u0430\u0448\u0435\u0433\u043e \u0433\u043e\u0440\u043e\u0434\u0430 \u2013 \u0447\u0435\u043b\u043e\u0432\u0435\u043a \u043e\u0447\u0435\u043d\u044c \u0430\u043a\u0442\u0438\u0432\u043d\u044b\u0439 \u0438 \u043e\u0442\u043a\u0440\u044b\u0442\u044b\u0439, \u043e\u043d \u0432\u0441\u0435\u0433\u0434\u0430 \u043e\u0445\u043e\u0442\u043d\u043e \u0434\u0430\u0435\u0442 \u0438\u043d\u0442\u0435\u0440\u0432\u044c\u044e \u0438 \u0434\u0435\u043b\u0438\u0442\u0441\u044f \u0441\u0432\u043e\u0438\u043c\u0438 \u043c\u044b\u0441\u043b\u044f\u043c\u0438 \u043f\u043e \u043f\u043e\u0432\u043e\u0434\u0443 \u0440\u0430\u0437\u0432\u0438\u0442\u0438\u044f \u0422\u043e\u0440\u0440\u0435\u0432\u044c\u0435\u0445\u0438.\" \/>\n<meta name=\"robots\" content=\"index, follow, max-snippet:-1, max-image-preview:large, max-video-preview:-1\" \/>\n<link rel=\"canonical\" href=\"https:\/\/alegria-realestate.com\/cs\/wp-json\/wp\/v2\/posts\/200537\" \/>\n<meta property=\"og:locale\" content=\"cs_CZ\" \/>\n<meta property=\"og:type\" content=\"article\" \/>\n<meta property=\"og:title\" content=\"Alegria \u0432\u0437\u044f\u043b\u0430 \u0438\u043d\u0442\u0435\u0440\u0432\u044c\u044e \u0443 \u043c\u044d\u0440\u0430 \u0422\u043e\u0440\u0440\u0435\u0432\u044c\u0435\u0445\u0438 \u042d\u0434\u0443\u0430\u0440\u0434\u043e \u0414\u043e\u043b\u043e\u043d\u0430\" \/>\n<meta property=\"og:description\" content=\"\u041c\u044d\u0440 \u043d\u0430\u0448\u0435\u0433\u043e \u0433\u043e\u0440\u043e\u0434\u0430 \u2013 \u0447\u0435\u043b\u043e\u0432\u0435\u043a \u043e\u0447\u0435\u043d\u044c \u0430\u043a\u0442\u0438\u0432\u043d\u044b\u0439 \u0438 \u043e\u0442\u043a\u0440\u044b\u0442\u044b\u0439, \u043e\u043d \u0432\u0441\u0435\u0433\u0434\u0430 \u043e\u0445\u043e\u0442\u043d\u043e \u0434\u0430\u0435\u0442 \u0438\u043d\u0442\u0435\u0440\u0432\u044c\u044e \u0438 \u0434\u0435\u043b\u0438\u0442\u0441\u044f \u0441\u0432\u043e\u0438\u043c\u0438 \u043c\u044b\u0441\u043b\u044f\u043c\u0438 \u043f\u043e \u043f\u043e\u0432\u043e\u0434\u0443 \u0440\u0430\u0437\u0432\u0438\u0442\u0438\u044f \u0422\u043e\u0440\u0440\u0435\u0432\u044c\u0435\u0445\u0438.\" \/>\n<meta property=\"og:url\" content=\"https:\/\/alegria-realestate.com\/cs\/wp-json\/wp\/v2\/posts\/200537\" \/>\n<meta property=\"og:site_name\" content=\"Nemovitosti ve \u0160pan\u011blsku\" \/>\n<meta property=\"article:publisher\" content=\"https:\/\/www.facebook.com\/realestate.alegria\" \/>\n<meta property=\"article:published_time\" content=\"2020-07-13T07:19:30+00:00\" \/>\n<meta property=\"article:modified_time\" content=\"2025-08-14T17:08:06+00:00\" \/>\n<meta property=\"og:image\" content=\"https:\/\/alegria-realestate.com\/wp-content\/uploads\/2020\/07\/alegria-spoke-with-torrevieja-mayor-eduardo-dolon.jpg\" \/>\n\t<meta property=\"og:image:width\" content=\"960\" \/>\n\t<meta property=\"og:image:height\" content=\"640\" \/>\n\t<meta property=\"og:image:type\" content=\"image\/jpeg\" \/>\n<meta name=\"author\" content=\"\u0421\u0435\u0440\u0433\u0435\u0439 \u0411\u0435\u043a\u0438\u0448\u0435\u0432\" \/>\n<meta name=\"twitter:card\" content=\"summary_large_image\" \/>\n<meta name=\"twitter:creator\" content=\"@alegriarealesta\" \/>\n<meta name=\"twitter:site\" content=\"@alegriarealesta\" \/>\n<script type=\"application\/ld+json\" class=\"yoast-schema-graph\">{\"@context\":\"https:\\\/\\\/schema.org\",\"@graph\":[{\"@type\":\"Article\",\"@id\":\"https:\\\/\\\/alegria-realestate.com\\\/cs\\\/articles\\\/news\\\/alegria-spoke-with-torrevieja-mayor-eduardo-dolon#article\",\"isPartOf\":{\"@id\":\"https:\\\/\\\/alegria-realestate.com\\\/cs\\\/articles\\\/news\\\/alegria-spoke-with-torrevieja-mayor-eduardo-dolon\"},\"author\":{\"name\":\"\u0421\u0435\u0440\u0433\u0435\u0439 \u0411\u0435\u043a\u0438\u0448\u0435\u0432\",\"@id\":\"https:\\\/\\\/alegria-realestate.com\\\/#\\\/schema\\\/person\\\/9d285f0a34620d7fb8e3836f93b5522c\"},\"headline\":\"Alegria hovo\u0159ila se starostou Torrevieje Eduardem Dolonem\",\"datePublished\":\"2020-07-13T07:19:30+00:00\",\"dateModified\":\"2025-08-14T17:08:06+00:00\",\"mainEntityOfPage\":{\"@id\":\"https:\\\/\\\/alegria-realestate.com\\\/cs\\\/articles\\\/news\\\/alegria-spoke-with-torrevieja-mayor-eduardo-dolon\"},\"wordCount\":1150,\"publisher\":{\"@id\":\"https:\\\/\\\/alegria-realestate.com\\\/#organization\"},\"image\":{\"@id\":\"https:\\\/\\\/alegria-realestate.com\\\/cs\\\/articles\\\/news\\\/alegria-spoke-with-torrevieja-mayor-eduardo-dolon#primaryimage\"},\"thumbnailUrl\":\"https:\\\/\\\/alegria-realestate.com\\\/wp-content\\\/uploads\\\/2020\\\/07\\\/alegria-spoke-with-torrevieja-mayor-eduardo-dolon.jpg\",\"articleSection\":[\"\u017divotn\u00ed styl\",\"Zpr\u00e1vy\"],\"inLanguage\":\"cs\"},{\"@type\":\"WebPage\",\"@id\":\"https:\\\/\\\/alegria-realestate.com\\\/cs\\\/articles\\\/news\\\/alegria-spoke-with-torrevieja-mayor-eduardo-dolon\",\"url\":\"https:\\\/\\\/alegria-realestate.com\\\/cs\\\/articles\\\/news\\\/alegria-spoke-with-torrevieja-mayor-eduardo-dolon\",\"name\":\"Alegria \u0432\u0437\u044f\u043b\u0430 \u0438\u043d\u0442\u0435\u0440\u0432\u044c\u044e \u0443 \u043c\u044d\u0440\u0430 \u0422\u043e\u0440\u0440\u0435\u0432\u044c\u0435\u0445\u0438 \u042d\u0434\u0443\u0430\u0440\u0434\u043e \u0414\u043e\u043b\u043e\u043d\u0430\",\"isPartOf\":{\"@id\":\"https:\\\/\\\/alegria-realestate.com\\\/cs\\\/#website\"},\"primaryImageOfPage\":{\"@id\":\"https:\\\/\\\/alegria-realestate.com\\\/cs\\\/articles\\\/news\\\/alegria-spoke-with-torrevieja-mayor-eduardo-dolon#primaryimage\"},\"image\":{\"@id\":\"https:\\\/\\\/alegria-realestate.com\\\/cs\\\/articles\\\/news\\\/alegria-spoke-with-torrevieja-mayor-eduardo-dolon#primaryimage\"},\"thumbnailUrl\":\"https:\\\/\\\/alegria-realestate.com\\\/wp-content\\\/uploads\\\/2020\\\/07\\\/alegria-spoke-with-torrevieja-mayor-eduardo-dolon.jpg\",\"datePublished\":\"2020-07-13T07:19:30+00:00\",\"dateModified\":\"2025-08-14T17:08:06+00:00\",\"description\":\"\u041c\u044d\u0440 \u043d\u0430\u0448\u0435\u0433\u043e \u0433\u043e\u0440\u043e\u0434\u0430 \u2013 \u0447\u0435\u043b\u043e\u0432\u0435\u043a \u043e\u0447\u0435\u043d\u044c \u0430\u043a\u0442\u0438\u0432\u043d\u044b\u0439 \u0438 \u043e\u0442\u043a\u0440\u044b\u0442\u044b\u0439, \u043e\u043d \u0432\u0441\u0435\u0433\u0434\u0430 \u043e\u0445\u043e\u0442\u043d\u043e \u0434\u0430\u0435\u0442 \u0438\u043d\u0442\u0435\u0440\u0432\u044c\u044e \u0438 \u0434\u0435\u043b\u0438\u0442\u0441\u044f \u0441\u0432\u043e\u0438\u043c\u0438 \u043c\u044b\u0441\u043b\u044f\u043c\u0438 \u043f\u043e \u043f\u043e\u0432\u043e\u0434\u0443 \u0440\u0430\u0437\u0432\u0438\u0442\u0438\u044f \u0422\u043e\u0440\u0440\u0435\u0432\u044c\u0435\u0445\u0438.\",\"breadcrumb\":{\"@id\":\"https:\\\/\\\/alegria-realestate.com\\\/cs\\\/articles\\\/news\\\/alegria-spoke-with-torrevieja-mayor-eduardo-dolon#breadcrumb\"},\"inLanguage\":\"cs\",\"potentialAction\":[{\"@type\":\"ReadAction\",\"target\":[[\"https:\\\/\\\/alegria-realestate.com\\\/cs\\\/articles\\\/news\\\/alegria-spoke-with-torrevieja-mayor-eduardo-dolon\"]]}]},{\"@type\":\"ImageObject\",\"inLanguage\":\"cs\",\"@id\":\"https:\\\/\\\/alegria-realestate.com\\\/cs\\\/articles\\\/news\\\/alegria-spoke-with-torrevieja-mayor-eduardo-dolon#primaryimage\",\"url\":\"https:\\\/\\\/alegria-realestate.com\\\/wp-content\\\/uploads\\\/2020\\\/07\\\/alegria-spoke-with-torrevieja-mayor-eduardo-dolon.jpg\",\"contentUrl\":\"https:\\\/\\\/alegria-realestate.com\\\/wp-content\\\/uploads\\\/2020\\\/07\\\/alegria-spoke-with-torrevieja-mayor-eduardo-dolon.jpg\",\"width\":960,\"height\":640,\"caption\":\"Alegria \u043f\u043e\u0433\u043e\u0432\u043e\u0440\u0438\u043b\u0430 \u0441 \u043c\u044d\u0440\u043e\u043c \u0422\u043e\u0440\u0440\u0435\u0432\u044c\u0435\u0445\u0438 \u042d\u0434\u0443\u0430\u0440\u0434\u043e \u0414\u043e\u043b\u043e\u043d\u043e\u043c\"},{\"@type\":\"BreadcrumbList\",\"@id\":\"https:\\\/\\\/alegria-realestate.com\\\/cs\\\/articles\\\/news\\\/alegria-spoke-with-torrevieja-mayor-eduardo-dolon#breadcrumb\",\"itemListElement\":[{\"@type\":\"ListItem\",\"position\":1,\"name\":\"\u0413\u043b\u0430\u0432\u043d\u0430\u044f \u0441\u0442\u0440\u0430\u043d\u0438\u0446\u0430\",\"item\":\"https:\\\/\\\/alegria-realestate.com\\\/cs\\\/\"},{\"@type\":\"ListItem\",\"position\":2,\"name\":\"Alegria hovo\u0159ila se starostou Torrevieje Eduardem Dolonem\"}]},{\"@type\":\"WebSite\",\"@id\":\"https:\\\/\\\/alegria-realestate.com\\\/cs\\\/#website\",\"url\":\"https:\\\/\\\/alegria-realestate.com\\\/cs\\\/\",\"name\":\"Nemovitosti ve \u0160pan\u011blsku\",\"description\":\"Nemovitosti ve \u0160pan\u011blsku: prodej ve v\u0161ech m\u011bstech \u2013 Torrevieja, Alicante, Benidorm a dal\u0161\u00ed. Pom\u016f\u017eeme v\u00e1m s koup\u00ed nemovitosti na Costa Blanca \u2013 secondhandov\u00e9 bydlen\u00ed i novostavby. Kompletn\u00ed vy\u0159\u00edzen\u00ed na kl\u00ed\u010d. Nemovitosti na Costa Blanca od 80 000 \u20ac.\",\"publisher\":{\"@id\":\"https:\\\/\\\/alegria-realestate.com\\\/cs\\\/#organization\"},\"potentialAction\":[{\"@type\":\"SearchAction\",\"target\":{\"@type\":\"EntryPoint\",\"urlTemplate\":\"https:\\\/\\\/alegria-realestate.com\\\/cs\\\/?s={search_term_string}\"},\"query-input\":{\"@type\":\"PropertyValueSpecification\",\"valueRequired\":true,\"valueName\":\"search_term_string\"}}],\"inLanguage\":\"cs\"},{\"@type\":\"Organization\",\"@id\":\"https:\\\/\\\/alegria-realestate.com\\\/cs\\\/#organization\",\"name\":\"Alegria Realestate\",\"url\":\"https:\\\/\\\/alegria-realestate.com\\\/cs\\\/\",\"logo\":{\"@type\":\"ImageObject\",\"inLanguage\":\"cs\",\"@id\":\"https:\\\/\\\/alegria-realestate.com\\\/cs\\\/#\\\/schema\\\/logo\\\/image\\\/\",\"url\":\"https:\\\/\\\/alegria-realestate.com\\\/wp-content\\\/uploads\\\/2019\\\/08\\\/logo_alegria.png\",\"contentUrl\":\"https:\\\/\\\/alegria-realestate.com\\\/wp-content\\\/uploads\\\/2019\\\/08\\\/logo_alegria.png\",\"width\":1600,\"height\":1403,\"caption\":\"Alegria Realestate\"},\"image\":{\"@id\":\"https:\\\/\\\/alegria-realestate.com\\\/cs\\\/#\\\/schema\\\/logo\\\/image\\\/\"},\"sameAs\":[\"https:\\\/\\\/www.facebook.com\\\/realestate.alegria\",\"https:\\\/\\\/x.com\\\/alegriarealesta\",\"https:\\\/\\\/www.instagram.com\\\/alegriadom\\\/\",\"https:\\\/\\\/www.linkedin.com\\\/profile\\\/view?id=154965227\",\"https:\\\/\\\/www.youtube.com\\\/user\\\/AlegriaRealEstate\"]},{\"@type\":\"Person\",\"@id\":\"https:\\\/\\\/alegria-realestate.com\\\/#\\\/schema\\\/person\\\/9d285f0a34620d7fb8e3836f93b5522c\",\"name\":\"\u0421\u0435\u0440\u0433\u0435\u0439 \u0411\u0435\u043a\u0438\u0448\u0435\u0432\"}]}<\/script>\n<!-- \/ Yoast SEO plugin. -->","yoast_head_json":{"title":"Alegria \u0432\u0437\u044f\u043b\u0430 \u0438\u043d\u0442\u0435\u0440\u0432\u044c\u044e \u0443 \u043c\u044d\u0440\u0430 \u0422\u043e\u0440\u0440\u0435\u0432\u044c\u0435\u0445\u0438 \u042d\u0434\u0443\u0430\u0440\u0434\u043e \u0414\u043e\u043b\u043e\u043d\u0430","description":"\u041c\u044d\u0440 \u043d\u0430\u0448\u0435\u0433\u043e \u0433\u043e\u0440\u043e\u0434\u0430 \u2013 \u0447\u0435\u043b\u043e\u0432\u0435\u043a \u043e\u0447\u0435\u043d\u044c \u0430\u043a\u0442\u0438\u0432\u043d\u044b\u0439 \u0438 \u043e\u0442\u043a\u0440\u044b\u0442\u044b\u0439, \u043e\u043d \u0432\u0441\u0435\u0433\u0434\u0430 \u043e\u0445\u043e\u0442\u043d\u043e \u0434\u0430\u0435\u0442 \u0438\u043d\u0442\u0435\u0440\u0432\u044c\u044e \u0438 \u0434\u0435\u043b\u0438\u0442\u0441\u044f \u0441\u0432\u043e\u0438\u043c\u0438 \u043c\u044b\u0441\u043b\u044f\u043c\u0438 \u043f\u043e \u043f\u043e\u0432\u043e\u0434\u0443 \u0440\u0430\u0437\u0432\u0438\u0442\u0438\u044f \u0422\u043e\u0440\u0440\u0435\u0432\u044c\u0435\u0445\u0438.","robots":{"index":"index","follow":"follow","max-snippet":"max-snippet:-1","max-image-preview":"max-image-preview:large","max-video-preview":"max-video-preview:-1"},"canonical":"https:\/\/alegria-realestate.com\/cs\/wp-json\/wp\/v2\/posts\/200537","og_locale":"cs_CZ","og_type":"article","og_title":"Alegria \u0432\u0437\u044f\u043b\u0430 \u0438\u043d\u0442\u0435\u0440\u0432\u044c\u044e \u0443 \u043c\u044d\u0440\u0430 \u0422\u043e\u0440\u0440\u0435\u0432\u044c\u0435\u0445\u0438 \u042d\u0434\u0443\u0430\u0440\u0434\u043e \u0414\u043e\u043b\u043e\u043d\u0430","og_description":"\u041c\u044d\u0440 \u043d\u0430\u0448\u0435\u0433\u043e \u0433\u043e\u0440\u043e\u0434\u0430 \u2013 \u0447\u0435\u043b\u043e\u0432\u0435\u043a \u043e\u0447\u0435\u043d\u044c \u0430\u043a\u0442\u0438\u0432\u043d\u044b\u0439 \u0438 \u043e\u0442\u043a\u0440\u044b\u0442\u044b\u0439, \u043e\u043d \u0432\u0441\u0435\u0433\u0434\u0430 \u043e\u0445\u043e\u0442\u043d\u043e \u0434\u0430\u0435\u0442 \u0438\u043d\u0442\u0435\u0440\u0432\u044c\u044e \u0438 \u0434\u0435\u043b\u0438\u0442\u0441\u044f \u0441\u0432\u043e\u0438\u043c\u0438 \u043c\u044b\u0441\u043b\u044f\u043c\u0438 \u043f\u043e \u043f\u043e\u0432\u043e\u0434\u0443 \u0440\u0430\u0437\u0432\u0438\u0442\u0438\u044f \u0422\u043e\u0440\u0440\u0435\u0432\u044c\u0435\u0445\u0438.","og_url":"https:\/\/alegria-realestate.com\/cs\/wp-json\/wp\/v2\/posts\/200537","og_site_name":"Nemovitosti ve \u0160pan\u011blsku","article_publisher":"https:\/\/www.facebook.com\/realestate.alegria","article_published_time":"2020-07-13T07:19:30+00:00","article_modified_time":"2025-08-14T17:08:06+00:00","og_image":[{"width":960,"height":640,"url":"https:\/\/alegria-realestate.com\/wp-content\/uploads\/2020\/07\/alegria-spoke-with-torrevieja-mayor-eduardo-dolon.jpg","type":"image\/jpeg"}],"author":"\u0421\u0435\u0440\u0433\u0435\u0439 \u0411\u0435\u043a\u0438\u0448\u0435\u0432","twitter_card":"summary_large_image","twitter_creator":"@alegriarealesta","twitter_site":"@alegriarealesta","schema":{"@context":"https:\/\/schema.org","@graph":[{"@type":"Article","@id":"https:\/\/alegria-realestate.com\/cs\/articles\/news\/alegria-spoke-with-torrevieja-mayor-eduardo-dolon#article","isPartOf":{"@id":"https:\/\/alegria-realestate.com\/cs\/articles\/news\/alegria-spoke-with-torrevieja-mayor-eduardo-dolon"},"author":{"name":"\u0421\u0435\u0440\u0433\u0435\u0439 \u0411\u0435\u043a\u0438\u0448\u0435\u0432","@id":"https:\/\/alegria-realestate.com\/#\/schema\/person\/9d285f0a34620d7fb8e3836f93b5522c"},"headline":"Alegria hovo\u0159ila se starostou Torrevieje Eduardem Dolonem","datePublished":"2020-07-13T07:19:30+00:00","dateModified":"2025-08-14T17:08:06+00:00","mainEntityOfPage":{"@id":"https:\/\/alegria-realestate.com\/cs\/articles\/news\/alegria-spoke-with-torrevieja-mayor-eduardo-dolon"},"wordCount":1150,"publisher":{"@id":"https:\/\/alegria-realestate.com\/#organization"},"image":{"@id":"https:\/\/alegria-realestate.com\/cs\/articles\/news\/alegria-spoke-with-torrevieja-mayor-eduardo-dolon#primaryimage"},"thumbnailUrl":"https:\/\/alegria-realestate.com\/wp-content\/uploads\/2020\/07\/alegria-spoke-with-torrevieja-mayor-eduardo-dolon.jpg","articleSection":["\u017divotn\u00ed styl","Zpr\u00e1vy"],"inLanguage":"cs"},{"@type":"WebPage","@id":"https:\/\/alegria-realestate.com\/cs\/articles\/news\/alegria-spoke-with-torrevieja-mayor-eduardo-dolon","url":"https:\/\/alegria-realestate.com\/cs\/articles\/news\/alegria-spoke-with-torrevieja-mayor-eduardo-dolon","name":"Alegria \u0432\u0437\u044f\u043b\u0430 \u0438\u043d\u0442\u0435\u0440\u0432\u044c\u044e \u0443 \u043c\u044d\u0440\u0430 \u0422\u043e\u0440\u0440\u0435\u0432\u044c\u0435\u0445\u0438 \u042d\u0434\u0443\u0430\u0440\u0434\u043e \u0414\u043e\u043b\u043e\u043d\u0430","isPartOf":{"@id":"https:\/\/alegria-realestate.com\/cs\/#website"},"primaryImageOfPage":{"@id":"https:\/\/alegria-realestate.com\/cs\/articles\/news\/alegria-spoke-with-torrevieja-mayor-eduardo-dolon#primaryimage"},"image":{"@id":"https:\/\/alegria-realestate.com\/cs\/articles\/news\/alegria-spoke-with-torrevieja-mayor-eduardo-dolon#primaryimage"},"thumbnailUrl":"https:\/\/alegria-realestate.com\/wp-content\/uploads\/2020\/07\/alegria-spoke-with-torrevieja-mayor-eduardo-dolon.jpg","datePublished":"2020-07-13T07:19:30+00:00","dateModified":"2025-08-14T17:08:06+00:00","description":"\u041c\u044d\u0440 \u043d\u0430\u0448\u0435\u0433\u043e \u0433\u043e\u0440\u043e\u0434\u0430 \u2013 \u0447\u0435\u043b\u043e\u0432\u0435\u043a \u043e\u0447\u0435\u043d\u044c \u0430\u043a\u0442\u0438\u0432\u043d\u044b\u0439 \u0438 \u043e\u0442\u043a\u0440\u044b\u0442\u044b\u0439, \u043e\u043d \u0432\u0441\u0435\u0433\u0434\u0430 \u043e\u0445\u043e\u0442\u043d\u043e \u0434\u0430\u0435\u0442 \u0438\u043d\u0442\u0435\u0440\u0432\u044c\u044e \u0438 \u0434\u0435\u043b\u0438\u0442\u0441\u044f \u0441\u0432\u043e\u0438\u043c\u0438 \u043c\u044b\u0441\u043b\u044f\u043c\u0438 \u043f\u043e \u043f\u043e\u0432\u043e\u0434\u0443 \u0440\u0430\u0437\u0432\u0438\u0442\u0438\u044f \u0422\u043e\u0440\u0440\u0435\u0432\u044c\u0435\u0445\u0438.","breadcrumb":{"@id":"https:\/\/alegria-realestate.com\/cs\/articles\/news\/alegria-spoke-with-torrevieja-mayor-eduardo-dolon#breadcrumb"},"inLanguage":"cs","potentialAction":[{"@type":"ReadAction","target":[["https:\/\/alegria-realestate.com\/cs\/articles\/news\/alegria-spoke-with-torrevieja-mayor-eduardo-dolon"]]}]},{"@type":"ImageObject","inLanguage":"cs","@id":"https:\/\/alegria-realestate.com\/cs\/articles\/news\/alegria-spoke-with-torrevieja-mayor-eduardo-dolon#primaryimage","url":"https:\/\/alegria-realestate.com\/wp-content\/uploads\/2020\/07\/alegria-spoke-with-torrevieja-mayor-eduardo-dolon.jpg","contentUrl":"https:\/\/alegria-realestate.com\/wp-content\/uploads\/2020\/07\/alegria-spoke-with-torrevieja-mayor-eduardo-dolon.jpg","width":960,"height":640,"caption":"Alegria \u043f\u043e\u0433\u043e\u0432\u043e\u0440\u0438\u043b\u0430 \u0441 \u043c\u044d\u0440\u043e\u043c \u0422\u043e\u0440\u0440\u0435\u0432\u044c\u0435\u0445\u0438 \u042d\u0434\u0443\u0430\u0440\u0434\u043e \u0414\u043e\u043b\u043e\u043d\u043e\u043c"},{"@type":"BreadcrumbList","@id":"https:\/\/alegria-realestate.com\/cs\/articles\/news\/alegria-spoke-with-torrevieja-mayor-eduardo-dolon#breadcrumb","itemListElement":[{"@type":"ListItem","position":1,"name":"\u0413\u043b\u0430\u0432\u043d\u0430\u044f \u0441\u0442\u0440\u0430\u043d\u0438\u0446\u0430","item":"https:\/\/alegria-realestate.com\/cs\/"},{"@type":"ListItem","position":2,"name":"Alegria hovo\u0159ila se starostou Torrevieje Eduardem Dolonem"}]},{"@type":"WebSite","@id":"https:\/\/alegria-realestate.com\/cs\/#website","url":"https:\/\/alegria-realestate.com\/cs\/","name":"Nemovitosti ve \u0160pan\u011blsku","description":"Nemovitosti ve \u0160pan\u011blsku: prodej ve v\u0161ech m\u011bstech \u2013 Torrevieja, Alicante, Benidorm a dal\u0161\u00ed. Pom\u016f\u017eeme v\u00e1m s koup\u00ed nemovitosti na Costa Blanca \u2013 secondhandov\u00e9 bydlen\u00ed i novostavby. Kompletn\u00ed vy\u0159\u00edzen\u00ed na kl\u00ed\u010d. Nemovitosti na Costa Blanca od 80 000 \u20ac.","publisher":{"@id":"https:\/\/alegria-realestate.com\/cs\/#organization"},"potentialAction":[{"@type":"SearchAction","target":{"@type":"EntryPoint","urlTemplate":"https:\/\/alegria-realestate.com\/cs\/?s={search_term_string}"},"query-input":{"@type":"PropertyValueSpecification","valueRequired":true,"valueName":"search_term_string"}}],"inLanguage":"cs"},{"@type":"Organization","@id":"https:\/\/alegria-realestate.com\/cs\/#organization","name":"Alegria Realestate","url":"https:\/\/alegria-realestate.com\/cs\/","logo":{"@type":"ImageObject","inLanguage":"cs","@id":"https:\/\/alegria-realestate.com\/cs\/#\/schema\/logo\/image\/","url":"https:\/\/alegria-realestate.com\/wp-content\/uploads\/2019\/08\/logo_alegria.png","contentUrl":"https:\/\/alegria-realestate.com\/wp-content\/uploads\/2019\/08\/logo_alegria.png","width":1600,"height":1403,"caption":"Alegria Realestate"},"image":{"@id":"https:\/\/alegria-realestate.com\/cs\/#\/schema\/logo\/image\/"},"sameAs":["https:\/\/www.facebook.com\/realestate.alegria","https:\/\/x.com\/alegriarealesta","https:\/\/www.instagram.com\/alegriadom\/","https:\/\/www.linkedin.com\/profile\/view?id=154965227","https:\/\/www.youtube.com\/user\/AlegriaRealEstate"]},{"@type":"Person","@id":"https:\/\/alegria-realestate.com\/#\/schema\/person\/9d285f0a34620d7fb8e3836f93b5522c","name":"\u0421\u0435\u0440\u0433\u0435\u0439 \u0411\u0435\u043a\u0438\u0448\u0435\u0432"}]}},"_links":{"self":[{"href":"https:\/\/alegria-realestate.com\/cs\/wp-json\/wp\/v2\/posts\/200537","targetHints":{"allow":["GET"]}}],"collection":[{"href":"https:\/\/alegria-realestate.com\/cs\/wp-json\/wp\/v2\/posts"}],"about":[{"href":"https:\/\/alegria-realestate.com\/cs\/wp-json\/wp\/v2\/types\/post"}],"author":[{"embeddable":true,"href":"https:\/\/alegria-realestate.com\/cs\/wp-json\/wp\/v2\/users\/18"}],"replies":[{"embeddable":true,"href":"https:\/\/alegria-realestate.com\/cs\/wp-json\/wp\/v2\/comments?post=200537"}],"version-history":[{"count":1,"href":"https:\/\/alegria-realestate.com\/cs\/wp-json\/wp\/v2\/posts\/200537\/revisions"}],"predecessor-version":[{"id":837304,"href":"https:\/\/alegria-realestate.com\/cs\/wp-json\/wp\/v2\/posts\/200537\/revisions\/837304"}],"wp:featuredmedia":[{"embeddable":true,"href":"https:\/\/alegria-realestate.com\/cs\/wp-json\/wp\/v2\/media\/200538"}],"wp:attachment":[{"href":"https:\/\/alegria-realestate.com\/cs\/wp-json\/wp\/v2\/media?parent=200537"}],"wp:term":[{"taxonomy":"category","embeddable":true,"href":"https:\/\/alegria-realestate.com\/cs\/wp-json\/wp\/v2\/categories?post=200537"},{"taxonomy":"post_tag","embeddable":true,"href":"https:\/\/alegria-realestate.com\/cs\/wp-json\/wp\/v2\/tags?post=200537"}],"curies":[{"name":"wp","href":"https:\/\/api.w.org\/{rel}","templated":true}]}}