{"id":219856,"date":"2020-08-24T12:38:16","date_gmt":"2020-08-24T09:38:16","guid":{"rendered":"https:\/\/alegria-realestate.com\/?p=219856"},"modified":"2025-08-14T20:08:38","modified_gmt":"2025-08-14T17:08:38","slug":"luis-de-guindos-calls-for-optimism-on-eu-economic-recovery","status":"publish","type":"post","link":"https:\/\/alegria-realestate.com\/cs\/articles\/news\/luis-de-guindos-calls-for-optimism-on-eu-economic-recovery","title":{"rendered":"Luis de Guindos vyz\u00fdv\u00e1 k optimismu ohledn\u011b hospod\u00e1\u0159sk\u00e9ho o\u017eiven\u00ed EU"},"content":{"rendered":"<p>Ve druh\u00e9m \u010dtvrtlet\u00ed 2020 se ekonomika euroz\u00f3ny ve srovn\u00e1n\u00ed s p\u0159edchoz\u00edm \u010dtvrtlet\u00edm propadla o 12,1 %, co\u017e je nejv\u011bt\u0161\u00ed historick\u00fd \u010dtvrtletn\u00ed pokles. Viceprezident Evropsk\u00e9 centr\u00e1ln\u00ed banky (ECB) Luis de Guindos v\u0161ak \u0159\u00edk\u00e1, \u017ee aktu\u00e1ln\u00ed \u00fadaje umo\u017e\u0148uj\u00ed \u201ep\u0159im\u011b\u0159en\u00fd optimismus\u201c ohledn\u011b vyhl\u00eddek na evropsk\u00e9 hospod\u00e1\u0159sk\u00e9 o\u017eiven\u00ed. Podle makroekonomick\u00fdch progn\u00f3z ECB se v obdob\u00ed od \u010dervence do z\u00e1\u0159\u00ed leto\u0161n\u00edho roku o\u010dek\u00e1v\u00e1 r\u016fst kolem 8 %, i kdy\u017e, jak zd\u016fraz\u0148uje viceprezident ECB, jde o velmi hrub\u00e9 progn\u00f3zy, proto\u017ee je\u0161t\u011b nejsou k dispozici v\u0161echna data za toto \u010dtvrtlet\u00ed. Pot\u00e9, co se kv\u016fli zdravotn\u00ed krizi zhroutil HDP cel\u00e9 EU a zejm\u00e9na jednotliv\u00fdch \u010dlensk\u00fdch zem\u00ed, se podle De Guindose stalo hlavn\u00edm \u00fakolem pochopit, jak a jak\u00fdm tempem se ekonomika zotav\u00ed. Luis De Guindos varuje, \u017ee pokud bude hospod\u00e1\u0159sk\u00e9 o\u017eiven\u00ed pomalej\u0161\u00ed, ne\u017e se o\u010dek\u00e1valo a nebude tak intenzivn\u00ed, mohlo by to m\u00edt negativn\u00ed dopad na st\u00e1tn\u00ed pokladny a platebn\u00ed schopnost bank, co\u017e by mohlo v\u00e9st k neshod\u00e1m mezi sektory a zem\u011bmi. Viceprezident ECB v\u0161ak poznamen\u00e1v\u00e1, \u017ee banky jsou nyn\u00ed mnohem v\u00edce kapitalizov\u00e1ny ne\u017e v minulosti, a\u010dkoli ziskovost je st\u00e1le probl\u00e9mem kv\u016fli p\u0159\u00edtomnosti zna\u010dn\u00e9ho po\u010dtu pochybn\u00fdch \u00fav\u011br\u016f a poklesu p\u0159\u00edjm\u016f sektoru v d\u016fsledku zdravotn\u00ed krize.<\/p>","protected":false},"excerpt":{"rendered":"<p>Ve druh\u00e9m \u010dtvrtlet\u00ed 2020 se ekonomika euroz\u00f3ny ve srovn\u00e1n\u00ed\u2026<\/p>\n","protected":false},"author":1,"featured_media":219858,"comment_status":"closed","ping_status":"closed","sticky":false,"template":"","format":"standard","meta":{"footnotes":""},"categories":[15],"tags":[],"class_list":["post-219856","post","type-post","status-publish","format-standard","has-post-thumbnail","hentry","category-news"],"yoast_head":"<!-- This site is optimized with the Yoast SEO plugin v27.5 - https:\/\/yoast.com\/product\/yoast-seo-wordpress\/ -->\n<title>\u041b\u0443\u0438\u0441 \u0434\u0435 \u0413\u0438\u043d\u0434\u043e\u0441: \u0441\u0442\u0430\u0442\u0438\u0441\u0442\u0438\u043a\u0430 \u043f\u043e\u0437\u0432\u043e\u043b\u044f\u0435\u0442 \u043f\u0440\u043e\u044f\u0432\u0438\u0442\u044c \u043e\u043f\u0442\u0438\u043c\u0438\u0437\u043c \u043e\u0442\u043d\u043e\u0441\u0438\u0442\u0435\u043b\u044c\u043d\u043e \u043f\u0435\u0440\u0441\u043f\u0435\u043a\u0442\u0438\u0432 \u0432\u043e\u0441\u0441\u0442\u0430\u043d\u043e\u0432\u043b\u0435\u043d\u0438\u044f \u044d\u043a\u043e\u043d\u043e\u043c\u0438\u043a\u0438 \u0415\u0421<\/title>\n<meta name=\"description\" content=\"\u0412\u0438\u0446\u0435-\u043f\u0440\u0435\u0437\u0438\u0434\u0435\u043d\u0442 \u0415\u0426\u0411 \u041b\u0443\u0438\u0441 \u0434\u0435 \u0413\u0438\u043d\u0434\u043e\u0441 \u0437\u0430\u044f\u0432\u0438\u043b, \u0447\u0442\u043e \u0442\u0435\u043a\u0443\u0449\u0438\u0435 \u0434\u0430\u043d\u043d\u044b\u0435 \u0441\u0442\u0430\u0442\u0438\u0441\u0442\u0438\u043a\u0438 \u043f\u043e\u0437\u0432\u043e\u043b\u044f\u044e\u0442 \u043f\u0440\u043e\u044f\u0432\u0438\u0442\u044c \u00ab\u0440\u0430\u0437\u0443\u043c\u043d\u044b\u0439 \u043e\u043f\u0442\u0438\u043c\u0438\u0437\u043c\u00bb \u043e\u0442\u043d\u043e\u0441\u0438\u0442\u0435\u043b\u044c\u043d\u043e \u043f\u0435\u0440\u0441\u043f\u0435\u043a\u0442\u0438\u0432 \u0432\u043e\u0441\u0441\u0442\u0430\u043d\u043e\u0432\u043b\u0435\u043d\u0438\u044f \u0435\u0432\u0440\u043e\u043f\u0435\u0439\u0441\u043a\u043e\u0439 \u044d\u043a\u043e\u043d\u043e\u043c\u0438\u043a\u0438.\" \/>\n<meta name=\"robots\" content=\"index, follow, max-snippet:-1, max-image-preview:large, max-video-preview:-1\" \/>\n<link rel=\"canonical\" href=\"https:\/\/alegria-realestate.com\/cs\/wp-json\/wp\/v2\/posts\/219856\" \/>\n<meta property=\"og:locale\" content=\"cs_CZ\" \/>\n<meta property=\"og:type\" content=\"article\" \/>\n<meta property=\"og:title\" content=\"\u041b\u0443\u0438\u0441 \u0434\u0435 \u0413\u0438\u043d\u0434\u043e\u0441: \u0441\u0442\u0430\u0442\u0438\u0441\u0442\u0438\u043a\u0430 \u043f\u043e\u0437\u0432\u043e\u043b\u044f\u0435\u0442 \u043f\u0440\u043e\u044f\u0432\u0438\u0442\u044c \u043e\u043f\u0442\u0438\u043c\u0438\u0437\u043c \u043e\u0442\u043d\u043e\u0441\u0438\u0442\u0435\u043b\u044c\u043d\u043e \u043f\u0435\u0440\u0441\u043f\u0435\u043a\u0442\u0438\u0432 \u0432\u043e\u0441\u0441\u0442\u0430\u043d\u043e\u0432\u043b\u0435\u043d\u0438\u044f \u044d\u043a\u043e\u043d\u043e\u043c\u0438\u043a\u0438 \u0415\u0421\" \/>\n<meta property=\"og:description\" content=\"\u0412\u0438\u0446\u0435-\u043f\u0440\u0435\u0437\u0438\u0434\u0435\u043d\u0442 \u0415\u0426\u0411 \u041b\u0443\u0438\u0441 \u0434\u0435 \u0413\u0438\u043d\u0434\u043e\u0441 \u0437\u0430\u044f\u0432\u0438\u043b, \u0447\u0442\u043e \u0442\u0435\u043a\u0443\u0449\u0438\u0435 \u0434\u0430\u043d\u043d\u044b\u0435 \u0441\u0442\u0430\u0442\u0438\u0441\u0442\u0438\u043a\u0438 \u043f\u043e\u0437\u0432\u043e\u043b\u044f\u044e\u0442 \u043f\u0440\u043e\u044f\u0432\u0438\u0442\u044c \u00ab\u0440\u0430\u0437\u0443\u043c\u043d\u044b\u0439 \u043e\u043f\u0442\u0438\u043c\u0438\u0437\u043c\u00bb \u043e\u0442\u043d\u043e\u0441\u0438\u0442\u0435\u043b\u044c\u043d\u043e \u043f\u0435\u0440\u0441\u043f\u0435\u043a\u0442\u0438\u0432 \u0432\u043e\u0441\u0441\u0442\u0430\u043d\u043e\u0432\u043b\u0435\u043d\u0438\u044f \u0435\u0432\u0440\u043e\u043f\u0435\u0439\u0441\u043a\u043e\u0439 \u044d\u043a\u043e\u043d\u043e\u043c\u0438\u043a\u0438.\" \/>\n<meta property=\"og:url\" content=\"https:\/\/alegria-realestate.com\/cs\/wp-json\/wp\/v2\/posts\/219856\" \/>\n<meta property=\"og:site_name\" content=\"Nemovitosti ve \u0160pan\u011blsku\" \/>\n<meta property=\"article:publisher\" content=\"https:\/\/www.facebook.com\/realestate.alegria\" \/>\n<meta property=\"article:published_time\" content=\"2020-08-24T09:38:16+00:00\" \/>\n<meta property=\"article:modified_time\" content=\"2025-08-14T17:08:38+00:00\" \/>\n<meta property=\"og:image\" content=\"https:\/\/alegria-realestate.com\/wp-content\/uploads\/2020\/08\/Luis-de-Guindos-calls-for-optimism-on-EU-economic-recovery.jpg\" \/>\n\t<meta property=\"og:image:width\" content=\"744\" \/>\n\t<meta property=\"og:image:height\" content=\"496\" \/>\n\t<meta property=\"og:image:type\" content=\"image\/jpeg\" \/>\n<meta name=\"author\" content=\"stass\" \/>\n<meta name=\"twitter:card\" content=\"summary_large_image\" \/>\n<meta name=\"twitter:creator\" content=\"@alegriarealesta\" \/>\n<meta name=\"twitter:site\" content=\"@alegriarealesta\" \/>\n<script type=\"application\/ld+json\" class=\"yoast-schema-graph\">{\"@context\":\"https:\\\/\\\/schema.org\",\"@graph\":[{\"@type\":\"Article\",\"@id\":\"https:\\\/\\\/alegria-realestate.com\\\/cs\\\/articles\\\/news\\\/luis-de-guindos-calls-for-optimism-on-eu-economic-recovery#article\",\"isPartOf\":{\"@id\":\"https:\\\/\\\/alegria-realestate.com\\\/cs\\\/articles\\\/news\\\/luis-de-guindos-calls-for-optimism-on-eu-economic-recovery\"},\"author\":{\"name\":\"stass\",\"@id\":\"https:\\\/\\\/alegria-realestate.com\\\/#\\\/schema\\\/person\\\/8710ba0d07d2af258b1610931398d861\"},\"headline\":\"Luis de Guindos vyz\u00fdv\u00e1 k optimismu ohledn\u011b hospod\u00e1\u0159sk\u00e9ho o\u017eiven\u00ed EU\",\"datePublished\":\"2020-08-24T09:38:16+00:00\",\"dateModified\":\"2025-08-14T17:08:38+00:00\",\"mainEntityOfPage\":{\"@id\":\"https:\\\/\\\/alegria-realestate.com\\\/cs\\\/articles\\\/news\\\/luis-de-guindos-calls-for-optimism-on-eu-economic-recovery\"},\"wordCount\":1717,\"publisher\":{\"@id\":\"https:\\\/\\\/alegria-realestate.com\\\/#organization\"},\"image\":{\"@id\":\"https:\\\/\\\/alegria-realestate.com\\\/cs\\\/articles\\\/news\\\/luis-de-guindos-calls-for-optimism-on-eu-economic-recovery#primaryimage\"},\"thumbnailUrl\":\"https:\\\/\\\/alegria-realestate.com\\\/wp-content\\\/uploads\\\/2020\\\/08\\\/Luis-de-Guindos-calls-for-optimism-on-EU-economic-recovery.jpg\",\"articleSection\":[\"Zpr\u00e1vy\"],\"inLanguage\":\"cs\"},{\"@type\":\"WebPage\",\"@id\":\"https:\\\/\\\/alegria-realestate.com\\\/cs\\\/articles\\\/news\\\/luis-de-guindos-calls-for-optimism-on-eu-economic-recovery\",\"url\":\"https:\\\/\\\/alegria-realestate.com\\\/cs\\\/articles\\\/news\\\/luis-de-guindos-calls-for-optimism-on-eu-economic-recovery\",\"name\":\"\u041b\u0443\u0438\u0441 \u0434\u0435 \u0413\u0438\u043d\u0434\u043e\u0441: \u0441\u0442\u0430\u0442\u0438\u0441\u0442\u0438\u043a\u0430 \u043f\u043e\u0437\u0432\u043e\u043b\u044f\u0435\u0442 \u043f\u0440\u043e\u044f\u0432\u0438\u0442\u044c \u043e\u043f\u0442\u0438\u043c\u0438\u0437\u043c \u043e\u0442\u043d\u043e\u0441\u0438\u0442\u0435\u043b\u044c\u043d\u043e \u043f\u0435\u0440\u0441\u043f\u0435\u043a\u0442\u0438\u0432 \u0432\u043e\u0441\u0441\u0442\u0430\u043d\u043e\u0432\u043b\u0435\u043d\u0438\u044f \u044d\u043a\u043e\u043d\u043e\u043c\u0438\u043a\u0438 \u0415\u0421\",\"isPartOf\":{\"@id\":\"https:\\\/\\\/alegria-realestate.com\\\/cs\\\/#website\"},\"primaryImageOfPage\":{\"@id\":\"https:\\\/\\\/alegria-realestate.com\\\/cs\\\/articles\\\/news\\\/luis-de-guindos-calls-for-optimism-on-eu-economic-recovery#primaryimage\"},\"image\":{\"@id\":\"https:\\\/\\\/alegria-realestate.com\\\/cs\\\/articles\\\/news\\\/luis-de-guindos-calls-for-optimism-on-eu-economic-recovery#primaryimage\"},\"thumbnailUrl\":\"https:\\\/\\\/alegria-realestate.com\\\/wp-content\\\/uploads\\\/2020\\\/08\\\/Luis-de-Guindos-calls-for-optimism-on-EU-economic-recovery.jpg\",\"datePublished\":\"2020-08-24T09:38:16+00:00\",\"dateModified\":\"2025-08-14T17:08:38+00:00\",\"description\":\"\u0412\u0438\u0446\u0435-\u043f\u0440\u0435\u0437\u0438\u0434\u0435\u043d\u0442 \u0415\u0426\u0411 \u041b\u0443\u0438\u0441 \u0434\u0435 \u0413\u0438\u043d\u0434\u043e\u0441 \u0437\u0430\u044f\u0432\u0438\u043b, \u0447\u0442\u043e \u0442\u0435\u043a\u0443\u0449\u0438\u0435 \u0434\u0430\u043d\u043d\u044b\u0435 \u0441\u0442\u0430\u0442\u0438\u0441\u0442\u0438\u043a\u0438 \u043f\u043e\u0437\u0432\u043e\u043b\u044f\u044e\u0442 \u043f\u0440\u043e\u044f\u0432\u0438\u0442\u044c \u00ab\u0440\u0430\u0437\u0443\u043c\u043d\u044b\u0439 \u043e\u043f\u0442\u0438\u043c\u0438\u0437\u043c\u00bb \u043e\u0442\u043d\u043e\u0441\u0438\u0442\u0435\u043b\u044c\u043d\u043e \u043f\u0435\u0440\u0441\u043f\u0435\u043a\u0442\u0438\u0432 \u0432\u043e\u0441\u0441\u0442\u0430\u043d\u043e\u0432\u043b\u0435\u043d\u0438\u044f \u0435\u0432\u0440\u043e\u043f\u0435\u0439\u0441\u043a\u043e\u0439 \u044d\u043a\u043e\u043d\u043e\u043c\u0438\u043a\u0438.\",\"breadcrumb\":{\"@id\":\"https:\\\/\\\/alegria-realestate.com\\\/cs\\\/articles\\\/news\\\/luis-de-guindos-calls-for-optimism-on-eu-economic-recovery#breadcrumb\"},\"inLanguage\":\"cs\",\"potentialAction\":[{\"@type\":\"ReadAction\",\"target\":[[\"https:\\\/\\\/alegria-realestate.com\\\/cs\\\/articles\\\/news\\\/luis-de-guindos-calls-for-optimism-on-eu-economic-recovery\"]]}]},{\"@type\":\"ImageObject\",\"inLanguage\":\"cs\",\"@id\":\"https:\\\/\\\/alegria-realestate.com\\\/cs\\\/articles\\\/news\\\/luis-de-guindos-calls-for-optimism-on-eu-economic-recovery#primaryimage\",\"url\":\"https:\\\/\\\/alegria-realestate.com\\\/wp-content\\\/uploads\\\/2020\\\/08\\\/Luis-de-Guindos-calls-for-optimism-on-EU-economic-recovery.jpg\",\"contentUrl\":\"https:\\\/\\\/alegria-realestate.com\\\/wp-content\\\/uploads\\\/2020\\\/08\\\/Luis-de-Guindos-calls-for-optimism-on-EU-economic-recovery.jpg\",\"width\":744,\"height\":496,\"caption\":\"\u041b\u0443\u0438\u0441 \u0434\u0435 \u0413\u0438\u043d\u0434\u043e\u0441: \u0441\u0442\u0430\u0442\u0438\u0441\u0442\u0438\u043a\u0430 \u043f\u043e\u0437\u0432\u043e\u043b\u044f\u0435\u0442 \u043f\u0440\u043e\u044f\u0432\u0438\u0442\u044c \u043e\u043f\u0442\u0438\u043c\u0438\u0437\u043c \u043e\u0442\u043d\u043e\u0441\u0438\u0442\u0435\u043b\u044c\u043d\u043e \u043f\u0435\u0440\u0441\u043f\u0435\u043a\u0442\u0438\u0432 \u0432\u043e\u0441\u0441\u0442\u0430\u043d\u043e\u0432\u043b\u0435\u043d\u0438\u044f \u044d\u043a\u043e\u043d\u043e\u043c\u0438\u043a\u0438 \u0415\u0421\"},{\"@type\":\"BreadcrumbList\",\"@id\":\"https:\\\/\\\/alegria-realestate.com\\\/cs\\\/articles\\\/news\\\/luis-de-guindos-calls-for-optimism-on-eu-economic-recovery#breadcrumb\",\"itemListElement\":[{\"@type\":\"ListItem\",\"position\":1,\"name\":\"\u0413\u043b\u0430\u0432\u043d\u0430\u044f \u0441\u0442\u0440\u0430\u043d\u0438\u0446\u0430\",\"item\":\"https:\\\/\\\/alegria-realestate.com\\\/cs\\\/\"},{\"@type\":\"ListItem\",\"position\":2,\"name\":\"Luis de Guindos vyz\u00fdv\u00e1 k optimismu ohledn\u011b hospod\u00e1\u0159sk\u00e9ho o\u017eiven\u00ed EU\"}]},{\"@type\":\"WebSite\",\"@id\":\"https:\\\/\\\/alegria-realestate.com\\\/cs\\\/#website\",\"url\":\"https:\\\/\\\/alegria-realestate.com\\\/cs\\\/\",\"name\":\"Nemovitosti ve \u0160pan\u011blsku\",\"description\":\"Nemovitosti ve \u0160pan\u011blsku: prodej ve v\u0161ech m\u011bstech \u2013 Torrevieja, Alicante, Benidorm a dal\u0161\u00ed. Pom\u016f\u017eeme v\u00e1m s koup\u00ed nemovitosti na Costa Blanca \u2013 secondhandov\u00e9 bydlen\u00ed i novostavby. Kompletn\u00ed vy\u0159\u00edzen\u00ed na kl\u00ed\u010d. Nemovitosti na Costa Blanca od 80 000 \u20ac.\",\"publisher\":{\"@id\":\"https:\\\/\\\/alegria-realestate.com\\\/cs\\\/#organization\"},\"potentialAction\":[{\"@type\":\"SearchAction\",\"target\":{\"@type\":\"EntryPoint\",\"urlTemplate\":\"https:\\\/\\\/alegria-realestate.com\\\/cs\\\/?s={search_term_string}\"},\"query-input\":{\"@type\":\"PropertyValueSpecification\",\"valueRequired\":true,\"valueName\":\"search_term_string\"}}],\"inLanguage\":\"cs\"},{\"@type\":\"Organization\",\"@id\":\"https:\\\/\\\/alegria-realestate.com\\\/cs\\\/#organization\",\"name\":\"Alegria Realestate\",\"url\":\"https:\\\/\\\/alegria-realestate.com\\\/cs\\\/\",\"logo\":{\"@type\":\"ImageObject\",\"inLanguage\":\"cs\",\"@id\":\"https:\\\/\\\/alegria-realestate.com\\\/cs\\\/#\\\/schema\\\/logo\\\/image\\\/\",\"url\":\"https:\\\/\\\/alegria-realestate.com\\\/wp-content\\\/uploads\\\/2019\\\/08\\\/logo_alegria.png\",\"contentUrl\":\"https:\\\/\\\/alegria-realestate.com\\\/wp-content\\\/uploads\\\/2019\\\/08\\\/logo_alegria.png\",\"width\":1600,\"height\":1403,\"caption\":\"Alegria Realestate\"},\"image\":{\"@id\":\"https:\\\/\\\/alegria-realestate.com\\\/cs\\\/#\\\/schema\\\/logo\\\/image\\\/\"},\"sameAs\":[\"https:\\\/\\\/www.facebook.com\\\/realestate.alegria\",\"https:\\\/\\\/x.com\\\/alegriarealesta\",\"https:\\\/\\\/www.instagram.com\\\/alegriadom\\\/\",\"https:\\\/\\\/www.linkedin.com\\\/profile\\\/view?id=154965227\",\"https:\\\/\\\/www.youtube.com\\\/user\\\/AlegriaRealEstate\"]},{\"@type\":\"Person\",\"@id\":\"https:\\\/\\\/alegria-realestate.com\\\/#\\\/schema\\\/person\\\/8710ba0d07d2af258b1610931398d861\",\"name\":\"stass\"}]}<\/script>\n<!-- \/ Yoast SEO plugin. -->","yoast_head_json":{"title":"\u041b\u0443\u0438\u0441 \u0434\u0435 \u0413\u0438\u043d\u0434\u043e\u0441: \u0441\u0442\u0430\u0442\u0438\u0441\u0442\u0438\u043a\u0430 \u043f\u043e\u0437\u0432\u043e\u043b\u044f\u0435\u0442 \u043f\u0440\u043e\u044f\u0432\u0438\u0442\u044c \u043e\u043f\u0442\u0438\u043c\u0438\u0437\u043c \u043e\u0442\u043d\u043e\u0441\u0438\u0442\u0435\u043b\u044c\u043d\u043e \u043f\u0435\u0440\u0441\u043f\u0435\u043a\u0442\u0438\u0432 \u0432\u043e\u0441\u0441\u0442\u0430\u043d\u043e\u0432\u043b\u0435\u043d\u0438\u044f \u044d\u043a\u043e\u043d\u043e\u043c\u0438\u043a\u0438 \u0415\u0421","description":"\u0412\u0438\u0446\u0435-\u043f\u0440\u0435\u0437\u0438\u0434\u0435\u043d\u0442 \u0415\u0426\u0411 \u041b\u0443\u0438\u0441 \u0434\u0435 \u0413\u0438\u043d\u0434\u043e\u0441 \u0437\u0430\u044f\u0432\u0438\u043b, \u0447\u0442\u043e \u0442\u0435\u043a\u0443\u0449\u0438\u0435 \u0434\u0430\u043d\u043d\u044b\u0435 \u0441\u0442\u0430\u0442\u0438\u0441\u0442\u0438\u043a\u0438 \u043f\u043e\u0437\u0432\u043e\u043b\u044f\u044e\u0442 \u043f\u0440\u043e\u044f\u0432\u0438\u0442\u044c \u00ab\u0440\u0430\u0437\u0443\u043c\u043d\u044b\u0439 \u043e\u043f\u0442\u0438\u043c\u0438\u0437\u043c\u00bb \u043e\u0442\u043d\u043e\u0441\u0438\u0442\u0435\u043b\u044c\u043d\u043e \u043f\u0435\u0440\u0441\u043f\u0435\u043a\u0442\u0438\u0432 \u0432\u043e\u0441\u0441\u0442\u0430\u043d\u043e\u0432\u043b\u0435\u043d\u0438\u044f \u0435\u0432\u0440\u043e\u043f\u0435\u0439\u0441\u043a\u043e\u0439 \u044d\u043a\u043e\u043d\u043e\u043c\u0438\u043a\u0438.","robots":{"index":"index","follow":"follow","max-snippet":"max-snippet:-1","max-image-preview":"max-image-preview:large","max-video-preview":"max-video-preview:-1"},"canonical":"https:\/\/alegria-realestate.com\/cs\/wp-json\/wp\/v2\/posts\/219856","og_locale":"cs_CZ","og_type":"article","og_title":"\u041b\u0443\u0438\u0441 \u0434\u0435 \u0413\u0438\u043d\u0434\u043e\u0441: \u0441\u0442\u0430\u0442\u0438\u0441\u0442\u0438\u043a\u0430 \u043f\u043e\u0437\u0432\u043e\u043b\u044f\u0435\u0442 \u043f\u0440\u043e\u044f\u0432\u0438\u0442\u044c \u043e\u043f\u0442\u0438\u043c\u0438\u0437\u043c \u043e\u0442\u043d\u043e\u0441\u0438\u0442\u0435\u043b\u044c\u043d\u043e \u043f\u0435\u0440\u0441\u043f\u0435\u043a\u0442\u0438\u0432 \u0432\u043e\u0441\u0441\u0442\u0430\u043d\u043e\u0432\u043b\u0435\u043d\u0438\u044f \u044d\u043a\u043e\u043d\u043e\u043c\u0438\u043a\u0438 \u0415\u0421","og_description":"\u0412\u0438\u0446\u0435-\u043f\u0440\u0435\u0437\u0438\u0434\u0435\u043d\u0442 \u0415\u0426\u0411 \u041b\u0443\u0438\u0441 \u0434\u0435 \u0413\u0438\u043d\u0434\u043e\u0441 \u0437\u0430\u044f\u0432\u0438\u043b, \u0447\u0442\u043e \u0442\u0435\u043a\u0443\u0449\u0438\u0435 \u0434\u0430\u043d\u043d\u044b\u0435 \u0441\u0442\u0430\u0442\u0438\u0441\u0442\u0438\u043a\u0438 \u043f\u043e\u0437\u0432\u043e\u043b\u044f\u044e\u0442 \u043f\u0440\u043e\u044f\u0432\u0438\u0442\u044c \u00ab\u0440\u0430\u0437\u0443\u043c\u043d\u044b\u0439 \u043e\u043f\u0442\u0438\u043c\u0438\u0437\u043c\u00bb \u043e\u0442\u043d\u043e\u0441\u0438\u0442\u0435\u043b\u044c\u043d\u043e \u043f\u0435\u0440\u0441\u043f\u0435\u043a\u0442\u0438\u0432 \u0432\u043e\u0441\u0441\u0442\u0430\u043d\u043e\u0432\u043b\u0435\u043d\u0438\u044f \u0435\u0432\u0440\u043e\u043f\u0435\u0439\u0441\u043a\u043e\u0439 \u044d\u043a\u043e\u043d\u043e\u043c\u0438\u043a\u0438.","og_url":"https:\/\/alegria-realestate.com\/cs\/wp-json\/wp\/v2\/posts\/219856","og_site_name":"Nemovitosti ve \u0160pan\u011blsku","article_publisher":"https:\/\/www.facebook.com\/realestate.alegria","article_published_time":"2020-08-24T09:38:16+00:00","article_modified_time":"2025-08-14T17:08:38+00:00","og_image":[{"width":744,"height":496,"url":"https:\/\/alegria-realestate.com\/wp-content\/uploads\/2020\/08\/Luis-de-Guindos-calls-for-optimism-on-EU-economic-recovery.jpg","type":"image\/jpeg"}],"author":"stass","twitter_card":"summary_large_image","twitter_creator":"@alegriarealesta","twitter_site":"@alegriarealesta","schema":{"@context":"https:\/\/schema.org","@graph":[{"@type":"Article","@id":"https:\/\/alegria-realestate.com\/cs\/articles\/news\/luis-de-guindos-calls-for-optimism-on-eu-economic-recovery#article","isPartOf":{"@id":"https:\/\/alegria-realestate.com\/cs\/articles\/news\/luis-de-guindos-calls-for-optimism-on-eu-economic-recovery"},"author":{"name":"stass","@id":"https:\/\/alegria-realestate.com\/#\/schema\/person\/8710ba0d07d2af258b1610931398d861"},"headline":"Luis de Guindos vyz\u00fdv\u00e1 k optimismu ohledn\u011b hospod\u00e1\u0159sk\u00e9ho o\u017eiven\u00ed EU","datePublished":"2020-08-24T09:38:16+00:00","dateModified":"2025-08-14T17:08:38+00:00","mainEntityOfPage":{"@id":"https:\/\/alegria-realestate.com\/cs\/articles\/news\/luis-de-guindos-calls-for-optimism-on-eu-economic-recovery"},"wordCount":1717,"publisher":{"@id":"https:\/\/alegria-realestate.com\/#organization"},"image":{"@id":"https:\/\/alegria-realestate.com\/cs\/articles\/news\/luis-de-guindos-calls-for-optimism-on-eu-economic-recovery#primaryimage"},"thumbnailUrl":"https:\/\/alegria-realestate.com\/wp-content\/uploads\/2020\/08\/Luis-de-Guindos-calls-for-optimism-on-EU-economic-recovery.jpg","articleSection":["Zpr\u00e1vy"],"inLanguage":"cs"},{"@type":"WebPage","@id":"https:\/\/alegria-realestate.com\/cs\/articles\/news\/luis-de-guindos-calls-for-optimism-on-eu-economic-recovery","url":"https:\/\/alegria-realestate.com\/cs\/articles\/news\/luis-de-guindos-calls-for-optimism-on-eu-economic-recovery","name":"\u041b\u0443\u0438\u0441 \u0434\u0435 \u0413\u0438\u043d\u0434\u043e\u0441: \u0441\u0442\u0430\u0442\u0438\u0441\u0442\u0438\u043a\u0430 \u043f\u043e\u0437\u0432\u043e\u043b\u044f\u0435\u0442 \u043f\u0440\u043e\u044f\u0432\u0438\u0442\u044c \u043e\u043f\u0442\u0438\u043c\u0438\u0437\u043c \u043e\u0442\u043d\u043e\u0441\u0438\u0442\u0435\u043b\u044c\u043d\u043e \u043f\u0435\u0440\u0441\u043f\u0435\u043a\u0442\u0438\u0432 \u0432\u043e\u0441\u0441\u0442\u0430\u043d\u043e\u0432\u043b\u0435\u043d\u0438\u044f \u044d\u043a\u043e\u043d\u043e\u043c\u0438\u043a\u0438 \u0415\u0421","isPartOf":{"@id":"https:\/\/alegria-realestate.com\/cs\/#website"},"primaryImageOfPage":{"@id":"https:\/\/alegria-realestate.com\/cs\/articles\/news\/luis-de-guindos-calls-for-optimism-on-eu-economic-recovery#primaryimage"},"image":{"@id":"https:\/\/alegria-realestate.com\/cs\/articles\/news\/luis-de-guindos-calls-for-optimism-on-eu-economic-recovery#primaryimage"},"thumbnailUrl":"https:\/\/alegria-realestate.com\/wp-content\/uploads\/2020\/08\/Luis-de-Guindos-calls-for-optimism-on-EU-economic-recovery.jpg","datePublished":"2020-08-24T09:38:16+00:00","dateModified":"2025-08-14T17:08:38+00:00","description":"\u0412\u0438\u0446\u0435-\u043f\u0440\u0435\u0437\u0438\u0434\u0435\u043d\u0442 \u0415\u0426\u0411 \u041b\u0443\u0438\u0441 \u0434\u0435 \u0413\u0438\u043d\u0434\u043e\u0441 \u0437\u0430\u044f\u0432\u0438\u043b, \u0447\u0442\u043e \u0442\u0435\u043a\u0443\u0449\u0438\u0435 \u0434\u0430\u043d\u043d\u044b\u0435 \u0441\u0442\u0430\u0442\u0438\u0441\u0442\u0438\u043a\u0438 \u043f\u043e\u0437\u0432\u043e\u043b\u044f\u044e\u0442 \u043f\u0440\u043e\u044f\u0432\u0438\u0442\u044c \u00ab\u0440\u0430\u0437\u0443\u043c\u043d\u044b\u0439 \u043e\u043f\u0442\u0438\u043c\u0438\u0437\u043c\u00bb \u043e\u0442\u043d\u043e\u0441\u0438\u0442\u0435\u043b\u044c\u043d\u043e \u043f\u0435\u0440\u0441\u043f\u0435\u043a\u0442\u0438\u0432 \u0432\u043e\u0441\u0441\u0442\u0430\u043d\u043e\u0432\u043b\u0435\u043d\u0438\u044f \u0435\u0432\u0440\u043e\u043f\u0435\u0439\u0441\u043a\u043e\u0439 \u044d\u043a\u043e\u043d\u043e\u043c\u0438\u043a\u0438.","breadcrumb":{"@id":"https:\/\/alegria-realestate.com\/cs\/articles\/news\/luis-de-guindos-calls-for-optimism-on-eu-economic-recovery#breadcrumb"},"inLanguage":"cs","potentialAction":[{"@type":"ReadAction","target":[["https:\/\/alegria-realestate.com\/cs\/articles\/news\/luis-de-guindos-calls-for-optimism-on-eu-economic-recovery"]]}]},{"@type":"ImageObject","inLanguage":"cs","@id":"https:\/\/alegria-realestate.com\/cs\/articles\/news\/luis-de-guindos-calls-for-optimism-on-eu-economic-recovery#primaryimage","url":"https:\/\/alegria-realestate.com\/wp-content\/uploads\/2020\/08\/Luis-de-Guindos-calls-for-optimism-on-EU-economic-recovery.jpg","contentUrl":"https:\/\/alegria-realestate.com\/wp-content\/uploads\/2020\/08\/Luis-de-Guindos-calls-for-optimism-on-EU-economic-recovery.jpg","width":744,"height":496,"caption":"\u041b\u0443\u0438\u0441 \u0434\u0435 \u0413\u0438\u043d\u0434\u043e\u0441: \u0441\u0442\u0430\u0442\u0438\u0441\u0442\u0438\u043a\u0430 \u043f\u043e\u0437\u0432\u043e\u043b\u044f\u0435\u0442 \u043f\u0440\u043e\u044f\u0432\u0438\u0442\u044c \u043e\u043f\u0442\u0438\u043c\u0438\u0437\u043c \u043e\u0442\u043d\u043e\u0441\u0438\u0442\u0435\u043b\u044c\u043d\u043e \u043f\u0435\u0440\u0441\u043f\u0435\u043a\u0442\u0438\u0432 \u0432\u043e\u0441\u0441\u0442\u0430\u043d\u043e\u0432\u043b\u0435\u043d\u0438\u044f \u044d\u043a\u043e\u043d\u043e\u043c\u0438\u043a\u0438 \u0415\u0421"},{"@type":"BreadcrumbList","@id":"https:\/\/alegria-realestate.com\/cs\/articles\/news\/luis-de-guindos-calls-for-optimism-on-eu-economic-recovery#breadcrumb","itemListElement":[{"@type":"ListItem","position":1,"name":"\u0413\u043b\u0430\u0432\u043d\u0430\u044f \u0441\u0442\u0440\u0430\u043d\u0438\u0446\u0430","item":"https:\/\/alegria-realestate.com\/cs\/"},{"@type":"ListItem","position":2,"name":"Luis de Guindos vyz\u00fdv\u00e1 k optimismu ohledn\u011b hospod\u00e1\u0159sk\u00e9ho o\u017eiven\u00ed EU"}]},{"@type":"WebSite","@id":"https:\/\/alegria-realestate.com\/cs\/#website","url":"https:\/\/alegria-realestate.com\/cs\/","name":"Nemovitosti ve \u0160pan\u011blsku","description":"Nemovitosti ve \u0160pan\u011blsku: prodej ve v\u0161ech m\u011bstech \u2013 Torrevieja, Alicante, Benidorm a dal\u0161\u00ed. Pom\u016f\u017eeme v\u00e1m s koup\u00ed nemovitosti na Costa Blanca \u2013 secondhandov\u00e9 bydlen\u00ed i novostavby. Kompletn\u00ed vy\u0159\u00edzen\u00ed na kl\u00ed\u010d. Nemovitosti na Costa Blanca od 80 000 \u20ac.","publisher":{"@id":"https:\/\/alegria-realestate.com\/cs\/#organization"},"potentialAction":[{"@type":"SearchAction","target":{"@type":"EntryPoint","urlTemplate":"https:\/\/alegria-realestate.com\/cs\/?s={search_term_string}"},"query-input":{"@type":"PropertyValueSpecification","valueRequired":true,"valueName":"search_term_string"}}],"inLanguage":"cs"},{"@type":"Organization","@id":"https:\/\/alegria-realestate.com\/cs\/#organization","name":"Alegria Realestate","url":"https:\/\/alegria-realestate.com\/cs\/","logo":{"@type":"ImageObject","inLanguage":"cs","@id":"https:\/\/alegria-realestate.com\/cs\/#\/schema\/logo\/image\/","url":"https:\/\/alegria-realestate.com\/wp-content\/uploads\/2019\/08\/logo_alegria.png","contentUrl":"https:\/\/alegria-realestate.com\/wp-content\/uploads\/2019\/08\/logo_alegria.png","width":1600,"height":1403,"caption":"Alegria Realestate"},"image":{"@id":"https:\/\/alegria-realestate.com\/cs\/#\/schema\/logo\/image\/"},"sameAs":["https:\/\/www.facebook.com\/realestate.alegria","https:\/\/x.com\/alegriarealesta","https:\/\/www.instagram.com\/alegriadom\/","https:\/\/www.linkedin.com\/profile\/view?id=154965227","https:\/\/www.youtube.com\/user\/AlegriaRealEstate"]},{"@type":"Person","@id":"https:\/\/alegria-realestate.com\/#\/schema\/person\/8710ba0d07d2af258b1610931398d861","name":"stass"}]}},"_links":{"self":[{"href":"https:\/\/alegria-realestate.com\/cs\/wp-json\/wp\/v2\/posts\/219856","targetHints":{"allow":["GET"]}}],"collection":[{"href":"https:\/\/alegria-realestate.com\/cs\/wp-json\/wp\/v2\/posts"}],"about":[{"href":"https:\/\/alegria-realestate.com\/cs\/wp-json\/wp\/v2\/types\/post"}],"author":[{"embeddable":true,"href":"https:\/\/alegria-realestate.com\/cs\/wp-json\/wp\/v2\/users\/1"}],"replies":[{"embeddable":true,"href":"https:\/\/alegria-realestate.com\/cs\/wp-json\/wp\/v2\/comments?post=219856"}],"version-history":[{"count":1,"href":"https:\/\/alegria-realestate.com\/cs\/wp-json\/wp\/v2\/posts\/219856\/revisions"}],"predecessor-version":[{"id":837325,"href":"https:\/\/alegria-realestate.com\/cs\/wp-json\/wp\/v2\/posts\/219856\/revisions\/837325"}],"wp:featuredmedia":[{"embeddable":true,"href":"https:\/\/alegria-realestate.com\/cs\/wp-json\/wp\/v2\/media\/219858"}],"wp:attachment":[{"href":"https:\/\/alegria-realestate.com\/cs\/wp-json\/wp\/v2\/media?parent=219856"}],"wp:term":[{"taxonomy":"category","embeddable":true,"href":"https:\/\/alegria-realestate.com\/cs\/wp-json\/wp\/v2\/categories?post=219856"},{"taxonomy":"post_tag","embeddable":true,"href":"https:\/\/alegria-realestate.com\/cs\/wp-json\/wp\/v2\/tags?post=219856"}],"curies":[{"name":"wp","href":"https:\/\/api.w.org\/{rel}","templated":true}]}}