{"id":227498,"date":"2026-03-13T11:00:03","date_gmt":"2026-03-13T08:00:03","guid":{"rendered":"https:\/\/alegria-realestate.com\/?p=227498"},"modified":"2026-03-13T16:08:22","modified_gmt":"2026-03-13T13:08:22","slug":"protecting-lgbt-rights-in-spain","status":"publish","type":"post","link":"https:\/\/alegria-realestate.com\/cs\/articles\/life-in-spain\/protecting-lgbt-rights-in-spain","title":{"rendered":"Ochrana pr\u00e1v LGBT ve \u0160pan\u011blsku"},"content":{"rendered":"<p><\/p>\n<ul>\n<li><strong>Komu je tento \u010dl\u00e1nek ur\u010den:<\/strong> t\u011bm, kdo cht\u011bj\u00ed pochopit, jak jsou ve \u0160pan\u011blsku chr\u00e1n\u011bna pr\u00e1va osob LGBTI+, kter\u00e9 st\u00e1tn\u00ed org\u00e1ny odpov\u00eddaj\u00ed za rovnost a jak funguje mezin\u00e1rodn\u00ed ochrana pro LGBT imigranty.<\/li>\n<li><strong>Co \u010dl\u00e1nek obsahuje:<\/strong> \u00farove\u0148 spole\u010densk\u00e9 podpory, p\u0159\u00edslu\u0161n\u00fd st\u00e1tn\u00ed org\u00e1n, historii v\u00fdvoje legislativy, kl\u00ed\u010dov\u00e1 ustanoven\u00ed z\u00e1kona o trans osob\u00e1ch a postup p\u0159i \u017e\u00e1dosti o azyl.<\/li>\n<li><strong>Co je d\u016fle\u017eit\u00e9:<\/strong> \u010dl\u00e1nek vysv\u011btluje pr\u00e1vn\u00ed z\u00e1ruky, antidiskrimina\u010dn\u00ed opat\u0159en\u00ed a z\u00e1kladn\u00ed logiku postupu mezin\u00e1rodn\u00ed ochrany ve \u0160pan\u011blsku.<\/li>\n<li><strong>U\u017eite\u010dn\u00e9 odkazy:<\/strong> n\u00ed\u017ee najdete souvisej\u00edc\u00ed materi\u00e1ly a slu\u017ebu t\u00fdkaj\u00edc\u00ed se imigra\u010dn\u00ed podpory.<\/li>\n<\/ul>\n<p><a href=\"https:\/\/alegria-realestate.com\/cs\/services\/immigration\">Rezervovat konzultaci<\/a><\/p>\n<nav class=\"article-toc\"><strong>Obsah:<\/strong><\/p>\n<ol>\n<li><a href=\"#who-protects-lgbt-rights-in-spain\">Kdo chr\u00e1n\u00ed pr\u00e1va LGBT ve \u0160pan\u011blsku<\/a><\/li>\n<li><a href=\"#history-of-lgbt-rights-in-spain\">Historie v\u00fdvoje pr\u00e1v LGBT ve \u0160pan\u011blsku<\/a><\/li>\n<li><a href=\"#key-points-of-the-trans-law-in-spain\">Kl\u00ed\u010dov\u00e9 body z\u00e1kona o trans osob\u00e1ch ve \u0160pan\u011blsku<\/a><\/li>\n<li><a href=\"#international-protection-for-lgbt-immigrants-in-spain\">Mezin\u00e1rodn\u00ed ochrana pro LGBT imigranty ve \u0160pan\u011blsku<\/a><\/li>\n<li><a href=\"#faq\">FAQ<\/a><\/li>\n<\/ol>\n<\/nav>\n<p>\u0160pan\u011blsko je zem\u00ed, kde je nej\u0161ir\u0161\u00ed podpora my\u0161lenky, \u017ee lid\u00e9 LGBTI+ mohou otev\u0159en\u011b vyjad\u0159ovat svou sexu\u00e1ln\u00ed orientaci a projevovat city na ve\u0159ejnosti. \u0160pan\u011blsko zauj\u00edm\u00e1 t\u0159et\u00ed m\u00edsto podle pod\u00edlu ob\u010dan\u016f podporuj\u00edc\u00edch stejnopohlavn\u00ed man\u017eelstv\u00ed (76 %), za \u0160v\u00e9dskem (79 %) a Nizozemskem (84 %), a tak\u00e9 podle \u00farovn\u011b podpory pr\u00e1va t\u011bchto p\u00e1r\u016f na adopci d\u011bt\u00ed (77 %).<\/p>\n<p>Podle sociologick\u00fdch pr\u016fzkum\u016f 50 % obyvatel zem\u011b podporuje, aby sportovci mohli otev\u0159en\u011b p\u0159iznat svou homosexualitu ve sportu. \u0160pan\u011blsko je rovn\u011b\u017e jedinou zem\u00ed, kde v\u011bt\u0161ina obyvatel podporuje \u00fa\u010dast transgender sportovc\u016f v sout\u011b\u017e\u00edch v kategorii toho genderu, s n\u00edm\u017e se identifikuj\u00ed. Pokud porovn\u00e1me \u0160pan\u011blsko s dal\u0161\u00edmi evropsk\u00fdmi zem\u011bmi, n\u00e1sleduj\u00ed s v\u00fdrazn\u00fdm odstupem Belgie a Nizozemsko (po 37 % podpory) a pot\u00e9 Francie (34 %).<\/p>\n<h2 id=\"who-protects-lgbt-rights-in-spain\">Kdo chr\u00e1n\u00ed pr\u00e1va LGBT ve \u0160pan\u011blsku<\/h2>\n<p>Gener\u00e1ln\u00ed \u0159editelstv\u00ed pro skute\u010dnou a \u00fa\u010dinnou rovnost LGBT osob p\u0159i Ministerstvu rovnosti se zab\u00fdv\u00e1 p\u0159\u00edpravou n\u00e1vrh\u016f, prosazov\u00e1n\u00edm a realizac\u00ed opat\u0159en\u00ed zam\u011b\u0159en\u00fdch na zaji\u0161t\u011bn\u00ed pr\u00e1va na rovn\u00e9 zach\u00e1zen\u00ed a nediskriminaci na \u00fazem\u00ed \u0160pan\u011blska pro osoby s r\u016fzn\u00fdmi identitami a orientacemi a z\u00e1rove\u0148 zaji\u0161\u0165uje pln\u00e9 respektov\u00e1n\u00ed jejich pr\u00e1v a svobod.<\/p>\n<p>Mezi jeho konkr\u00e9tn\u00ed funkce pat\u0159\u00ed p\u0159\u00edprava pr\u00e1vn\u00edch p\u0159edpis\u016f, kter\u00e9 maj\u00ed p\u0159isp\u011bt k odstran\u011bn\u00ed p\u0159etrv\u00e1vaj\u00edc\u00edch forem diskriminace, vypracov\u00e1v\u00e1n\u00ed zpr\u00e1v a studi\u00ed o ot\u00e1zk\u00e1ch souvisej\u00edc\u00edch s pr\u00e1vem na rovn\u00e9 zach\u00e1zen\u00ed a nediskriminaci, jako\u017e i p\u0159edkl\u00e1d\u00e1n\u00ed iniciativ zam\u011b\u0159en\u00fdch na podporu skute\u010dn\u00e9 a \u00fa\u010dinn\u00e9 rovnosti a nediskriminace LGBT osob ve v\u0161ech oblastech. Zvl\u00e1\u0161tn\u00ed pozornost je v\u011bnov\u00e1na spr\u00e1vn\u00ed, vzd\u011bl\u00e1vac\u00ed, pracovn\u00ed, zdravotn\u00ed, sportovn\u00ed a kulturn\u00ed oblasti, stejn\u011b jako oblasti rodiny, d\u011btstv\u00ed a ml\u00e1de\u017ee.<\/p>\n<p>Tento org\u00e1n nav\u00edc odpov\u00edd\u00e1 za za\u010dlen\u011bn\u00ed principu ochrany pr\u00e1v LGBT do v\u0161ech sm\u011br\u016f ve\u0159ejn\u00e9 politiky a za koordinaci p\u0159\u00edslu\u0161n\u00fdch opat\u0159en\u00ed mezi r\u016fzn\u00fdmi ministerstvy.<\/p>\n<p><img loading=\"lazy\" decoding=\"async\" class=\"alignnone size-full wp-image-227501\" src=\"https:\/\/alegria-realestate.com\/wp-content\/uploads\/2020\/10\/protecting-lgbt-rights-in-spain-2.jpg\" alt=\"Ochrana pr\u00e1v LGBT ve \u0160pan\u011blsku\" width=\"1000\" height=\"667\" srcset=\"https:\/\/alegria-realestate.com\/wp-content\/uploads\/2020\/10\/protecting-lgbt-rights-in-spain-2.jpg 1000w, https:\/\/alegria-realestate.com\/wp-content\/uploads\/2020\/10\/protecting-lgbt-rights-in-spain-2-300x200.jpg 300w, https:\/\/alegria-realestate.com\/wp-content\/uploads\/2020\/10\/protecting-lgbt-rights-in-spain-2-768x512.jpg 768w\" sizes=\"auto, (max-width: 1000px) 100vw, 1000px\" \/><\/p>\n<h2 id=\"history-of-lgbt-rights-in-spain\">Historie v\u00fdvoje pr\u00e1v LGBT ve \u0160pan\u011blsku<\/h2>\n<p>\u0160pan\u011blsko je jednou z evropsk\u00fdch zem\u00ed, kter\u00e9 vytrvale a d\u016fsledn\u011b postupuj\u00ed vp\u0159ed v uzn\u00e1v\u00e1n\u00ed lidsk\u00fdch pr\u00e1v \u010dlen\u016f LGBT komunity. Podle \u00fadaj\u016f ILGA-Europe zauj\u00edm\u00e1 \u0160pan\u011blsko \u010dtvrt\u00e9 m\u00edsto mezi 49 evropsk\u00fdmi zem\u011bmi z hlediska \u00farovn\u011b pr\u00e1v LGBT.<\/p>\n<p>K tomu p\u0159isp\u011blo zejm\u00e9na p\u0159ijet\u00ed z\u00e1kona Ley 4\/2023 ze dne 28. \u00fanora (Ley 4\/2023, de 28 de febrero) \u2013 z\u00e1kona o skute\u010dn\u00e9 a \u00fa\u010dinn\u00e9 rovnosti trans osob a o z\u00e1ruk\u00e1ch pr\u00e1v LGBT osob \u2013 a tak\u00e9 region\u00e1ln\u00edch z\u00e1kon\u016f o pr\u00e1vech LGBT. Krom\u011b toho \u0161pan\u011blsk\u00e1 \u00fastava z roku 1978 zakotvuje rovnost a nediskriminaci jako z\u00e1kladn\u00ed principy. \u010cl\u00e1nek 14 zaru\u010duje rovnost p\u0159ed z\u00e1konem bez diskriminace z d\u016fvodu narozen\u00ed, rasy, pohlav\u00ed, n\u00e1bo\u017eenstv\u00ed, p\u0159esv\u011bd\u010den\u00ed nebo jak\u00fdchkoli jin\u00fdch osobn\u00edch \u010di spole\u010densk\u00fdch okolnost\u00ed.<\/p>\n<p>Historie vzniku a v\u00fdvoje pr\u00e1v LGBT ve \u0160pan\u011blsku se obvykle po\u010d\u00edt\u00e1 od roku 1979. Chronologie zm\u011bn pr\u00e1vn\u00edho syst\u00e9mu v obr\u00e1cen\u00e9m po\u0159ad\u00ed vypad\u00e1 takto:<\/p>\n<h3>Rok 2023:<\/h3>\n<ul>\n<li>\u00dastavn\u00ed ochrana p\u0159ed diskriminac\u00ed na z\u00e1klad\u011b pohlav\u00ed<\/li>\n<li>Ochrana p\u0159ed diskriminac\u00ed na z\u00e1klad\u011b pohlav\u00ed p\u0159i poskytov\u00e1n\u00ed zbo\u017e\u00ed a slu\u017eeb<\/li>\n<li>Ochrana p\u0159ed diskriminac\u00ed na z\u00e1klad\u011b pohlav\u00ed ve zdravotnictv\u00ed, vzd\u011bl\u00e1v\u00e1n\u00ed, zam\u011bstn\u00e1n\u00ed a bydlen\u00ed<\/li>\n<li>N\u00e1rodn\u00ed regulace takzvan\u00fdch konverzn\u00edch terapi\u00ed<\/li>\n<li>Omezen\u00ed l\u00e9ka\u0159sk\u00fdch z\u00e1sah\u016f v\u016f\u010di intersex d\u011btem<\/li>\n<li>Uzn\u00e1n\u00ed genderov\u00e9 identity na z\u00e1klad\u011b sebeur\u010den\u00ed<\/li>\n<\/ul>\n<h3>Rok 2022:<\/h3>\n<ul>\n<li>Ochrana p\u0159ed diskriminac\u00ed na z\u00e1klad\u011b genderov\u00e9ho projevu p\u0159i poskytov\u00e1n\u00ed zbo\u017e\u00ed a slu\u017eeb<\/li>\n<li>Ochrana p\u0159ed diskriminac\u00ed na z\u00e1klad\u011b genderov\u00e9ho projevu ve zdravotnictv\u00ed, vzd\u011bl\u00e1v\u00e1n\u00ed, zam\u011bstn\u00e1n\u00ed a bydlen\u00ed<\/li>\n<\/ul>\n<h3>Rok 2021:<\/h3>\n<ul>\n<li>\u00dastavn\u00ed ochrana p\u0159ed diskriminac\u00ed na z\u00e1klad\u011b genderov\u00e9ho projevu<\/li>\n<li>Ochrana p\u0159ed diskriminac\u00ed na z\u00e1klad\u011b genderov\u00e9 identity p\u0159i poskytov\u00e1n\u00ed zbo\u017e\u00ed a slu\u017eeb<\/li>\n<li>Z\u00e1kon o trestn\u00fdch \u010dinech z nen\u00e1visti na z\u00e1klad\u011b genderov\u00e9 identity<\/li>\n<\/ul>\n<h3>Rok 2015:<\/h3>\n<ul>\n<li>Pr\u00e1vn\u00ed d\u016fsledky podn\u011bcov\u00e1n\u00ed k nen\u00e1visti na z\u00e1klad\u011b genderov\u00e9 identity<\/li>\n<\/ul>\n<h3>Rok 2013:<\/h3>\n<ul>\n<li>\u00dastavn\u00ed ochrana p\u0159ed diskriminac\u00ed na z\u00e1klad\u011b sexu\u00e1ln\u00ed orientace a genderov\u00e9 identity<\/li>\n<li>Ochrana p\u0159ed diskriminac\u00ed na z\u00e1klad\u011b sexu\u00e1ln\u00ed orientace a genderov\u00e9 identity ve vzd\u011bl\u00e1v\u00e1n\u00ed<\/li>\n<\/ul>\n<h3>Rok 2011<\/h3>\n<ul>\n<li>Ochrana p\u0159ed diskriminac\u00ed na z\u00e1klad\u011b sexu\u00e1ln\u00ed orientace a genderov\u00e9 identity ve zdravotnictv\u00ed<\/li>\n<\/ul>\n<h3>Rok 2010<\/h3>\n<ul>\n<li>Z\u00e1kon o trestn\u00fdch \u010dinech z nen\u00e1visti na z\u00e1klad\u011b sexu\u00e1ln\u00ed orientace<\/li>\n<\/ul>\n<h3>Rok 2005:<\/h3>\n<ul>\n<li>Legalizace stejnopohlavn\u00edch man\u017eelstv\u00ed<\/li>\n<li>Legalizace spole\u010dn\u00e9 adopce a adopce d\u00edt\u011bte partnera pro stejnopohlavn\u00ed p\u00e1ry<\/li>\n<\/ul>\n<h3>Rok 1999:<\/h3>\n<ul>\n<li>Legalizace ob\u010dansk\u00fdch svazk\u016f pro stejnopohlavn\u00ed p\u00e1ry<\/li>\n<\/ul>\n<h3>Rok 1996:<\/h3>\n<ul>\n<li>Ochrana p\u0159ed diskriminac\u00ed na z\u00e1klad\u011b sexu\u00e1ln\u00ed orientace v zam\u011bstn\u00e1n\u00ed<\/li>\n<li>Pr\u00e1vn\u00ed d\u016fsledky podn\u011bcov\u00e1n\u00ed k nen\u00e1visti na z\u00e1klad\u011b sexu\u00e1ln\u00ed orientace<\/li>\n<\/ul>\n<h3>Rok 1995:<\/h3>\n<ul>\n<li>Ochrana p\u0159ed diskriminac\u00ed na z\u00e1klad\u011b sexu\u00e1ln\u00ed orientace p\u0159i poskytov\u00e1n\u00ed zbo\u017e\u00ed a slu\u017eeb<\/li>\n<\/ul>\n<h3>Rok 1979:<\/h3>\n<ul>\n<li>Dekriminalizace dobrovoln\u00fdch sexu\u00e1ln\u00edch vztah\u016f mezi osobami stejn\u00e9ho pohlav\u00ed<\/li>\n<\/ul>\n<aside class=\"related-links\"><strong>P\u0159e\u010dt\u011bte si tak\u00e9:<\/strong><\/p>\n<ul>\n<li><a href=\"https:\/\/alegria-realestate.com\/cs\/articles\/a-pareja-de-hecho\">\u201eLa pareja de hecho\u201c nebo civiln\u00ed s\u0148atek ve \u0161pan\u011bl\u0161tin\u011b<\/a><\/li>\n<li><a href=\"https:\/\/alegria-realestate.com\/cs\/articles\/life-in-spain\/marriage-in-spain\">Man\u017eelstv\u00ed ve \u0160pan\u011blsku: dokumenty, postup, rysy<\/a><\/li>\n<\/ul>\n<p><img loading=\"lazy\" decoding=\"async\" class=\"size-full wp-image-227500 aligncenter\" src=\"https:\/\/alegria-realestate.com\/wp-content\/uploads\/2020\/10\/protecting-lgbt-rights-in-spain-1.jpg\" alt=\"Ochrana pr\u00e1v LGBT ve \u0160pan\u011blsku\" width=\"1000\" height=\"667\" srcset=\"https:\/\/alegria-realestate.com\/wp-content\/uploads\/2020\/10\/protecting-lgbt-rights-in-spain-1.jpg 1000w, https:\/\/alegria-realestate.com\/wp-content\/uploads\/2020\/10\/protecting-lgbt-rights-in-spain-1-300x200.jpg 300w, https:\/\/alegria-realestate.com\/wp-content\/uploads\/2020\/10\/protecting-lgbt-rights-in-spain-1-768x512.jpg 768w\" sizes=\"auto, (max-width: 1000px) 100vw, 1000px\" \/><\/p>\n<\/aside>\n<h2 id=\"key-points-of-the-trans-law-in-spain\">Kl\u00ed\u010dov\u00e9 body z\u00e1kona o trans osob\u00e1ch ve \u0160pan\u011blsku<\/h2>\n<p>Z\u00e1kon o trans osob\u00e1ch ve \u0160pan\u011blsku p\u0159inesl \u0159adu pozitivn\u00edch zm\u011bn, nap\u0159\u00edklad garantovan\u00fd p\u0159\u00edstup ke zdravotn\u00ed p\u00e9\u010di, z\u00e1kaz zra\u0148uj\u00edc\u00edch a neod\u016fvodn\u011bn\u00fdch genit\u00e1ln\u00edch operac\u00ed u intersex osob a takzvan\u00fdch konverzn\u00edch terapi\u00ed, stejn\u011b jako pr\u00e1vn\u00ed uzn\u00e1n\u00ed genderu trans osob na z\u00e1klad\u011b sebeur\u010den\u00ed. P\u0159ijet\u00edm tohoto z\u00e1kona \u0160pan\u011blsko uvedlo svou legislativu do souladu s mezin\u00e1rodn\u00edmi standardy. Byly vytvo\u0159eny mechanismy pr\u00e1vn\u00edho uzn\u00e1n\u00ed genderu bez po\u017eadavku na l\u00e9ka\u0159skou l\u00e9\u010dbu nebo l\u00e9ka\u0159sk\u00e9 posudky. V sou\u010dasn\u00e9m sv\u011bt\u011b m\u00e1 pro trans osoby z\u00e1sadn\u00ed v\u00fdznam m\u00edt doklady toto\u017enosti, kter\u00e9 odr\u00e1\u017eej\u00ed jejich genderovou identitu, proto\u017ee to zaji\u0161\u0165uje jejich z\u00e1kladn\u00ed pr\u00e1va \u2013 pr\u00e1vo na soukrom\u00ed a pr\u00e1vo na zdrav\u00ed.<\/p>\n<p>K dal\u0161\u00edm kl\u00ed\u010dov\u00fdm ustanoven\u00edm z\u00e1kona pat\u0159\u00ed za\u010dlen\u011bn\u00ed t\u00e9mat souvisej\u00edc\u00edch s genderovou a sexu\u00e1ln\u00ed rozmanitost\u00ed do vzd\u011bl\u00e1vac\u00edch program\u016f a tak\u00e9 p\u0159\u00edprava u\u010ditel\u016f a st\u00e1tn\u00edch zam\u011bstnanc\u016f. P\u0159edpokl\u00e1daj\u00ed se rovn\u011b\u017e opat\u0159en\u00ed proti \u0161koln\u00ed \u0161ikan\u011b a diskriminaci na pracovi\u0161ti, stejn\u011b jako z\u00e1ruky mezin\u00e1rodn\u00ed ochrany pro uprchl\u00edky pron\u00e1sledovan\u00e9 z d\u016fvodu sv\u00e9 genderov\u00e9 identity.<\/p>\n<h2 id=\"international-protection-for-lgbt-immigrants-in-spain\">Mezin\u00e1rodn\u00ed ochrana pro LGBT imigranty ve \u0160pan\u011blsku<\/h2>\n<p>Mezin\u00e1rodn\u00ed ochrana a azyl maj\u00ed kl\u00ed\u010dov\u00fd v\u00fdznam pro zaji\u0161t\u011bn\u00ed pr\u00e1v a bezpe\u010dnosti \u010dlen\u016f LGBT komunity, kte\u0159\u00ed jsou ve sv\u00fdch zem\u00edch pron\u00e1sledov\u00e1ni nebo vystaveni n\u00e1sil\u00ed kv\u016fli sv\u00e9 sexu\u00e1ln\u00ed orientaci, genderov\u00e9 identit\u011b nebo genderov\u00e9mu projevu. P\u0159edev\u0161\u00edm jsou ur\u010deny k ochran\u011b osob, kter\u00e9 se nach\u00e1zej\u00ed mimo svou zemi a nemohou nebo necht\u011bj\u00ed se do n\u00ed vr\u00e1tit kv\u016fli od\u016fvodn\u011bn\u00e9mu strachu z pron\u00e1sledov\u00e1n\u00ed.<\/p>\n<p>V p\u0159\u00edpad\u011b LGBT osob m\u016f\u017ee m\u00edt pron\u00e1sledov\u00e1n\u00ed r\u016fzn\u00e9 podoby: kriminalizaci homosexuality, n\u00e1sil\u00ed motivovan\u00e9 sexu\u00e1ln\u00ed orientac\u00ed nebo genderovou identitou, diskriminaci p\u0159i p\u0159\u00edstupu k z\u00e1kladn\u00edm slu\u017eb\u00e1m, absenci pr\u00e1vn\u00ed ochrany a zbaven\u00ed z\u00e1kladn\u00edch pr\u00e1v. V takov\u00e9 situaci maj\u00ed pron\u00e1sledovan\u00e9 osoby pr\u00e1vo po\u017e\u00e1dat o azyl v jin\u00e9 zemi, v\u010detn\u011b \u0160pan\u011blska, kde jim bude poskytnuta ochrana a respektov\u00e1n\u00ed jejich lidsk\u00fdch pr\u00e1v. Proces z\u00edsk\u00e1n\u00ed postaven\u00ed uprchl\u00edka pro LGBT imigranty ve \u0160pan\u011blsku je pom\u011brn\u011b slo\u017eit\u00fd a \u010dasov\u011b n\u00e1ro\u010dn\u00fd. P\u0159esto m\u00e1 smysl se k n\u011bmu uch\u00fdlit, pokud \u017eadatel o azyl dok\u00e1\u017ee prok\u00e1zat, \u017ee jsou spln\u011bny v\u0161echy n\u00e1sleduj\u00edc\u00ed kl\u00ed\u010dov\u00e9 podm\u00ednky:<\/p>\n<ol>\n<li>Pokud se vr\u00e1t\u00edm do sv\u00e9 zem\u011b, existuje vysok\u00e1 pravd\u011bpodobnost, \u017ee budu pron\u00e1sledov\u00e1n nebo pron\u00e1sledov\u00e1na.<\/li>\n<li>Toto pron\u00e1sledov\u00e1n\u00ed souvis\u00ed s mou sexu\u00e1ln\u00ed orientac\u00ed, genderovou identitou nebo jin\u00fdmi charakteristikami, kter\u00e9 m\u011b umo\u017e\u0148uj\u00ed za\u0159adit do ur\u010dit\u00e9 soci\u00e1ln\u00ed skupiny.<\/li>\n<li>M\u00e1m od\u016fvodn\u011bn\u00fd strach z n\u00e1vratu do sv\u00e9 zem\u011b.<\/li>\n<li>M\u00e1m d\u016fvody spojovat tento strach se situac\u00ed, kter\u00e1 v m\u00e9 zemi panuje.<\/li>\n<li>M\u016fj st\u00e1t mi nem\u016f\u017ee zajistit ochranu (policie, soudy a podobn\u011b).<\/li>\n<li>Nemohu bezpe\u010dn\u011b \u017e\u00edt v jin\u00e9 \u010d\u00e1sti sv\u00e9 zem\u011b nebo by pro m\u011b s ohledem na mou identitu bylo nerozumn\u00e9 p\u0159est\u011bhovat se do jin\u00e9ho regionu zem\u011b.<\/li>\n<\/ol>\n<p>Postup p\u0159i pod\u00e1n\u00ed \u017e\u00e1dosti o azyl ve \u0160pan\u011blsku se d\u011bl\u00ed do t\u0159\u00ed f\u00e1z\u00ed:<\/p>\n<ol>\n<li><strong>Registrace \u017e\u00e1dosti.<\/strong> \u017dadatel si mus\u00ed nejprve sjednat term\u00edn, aby mohl podat \u017e\u00e1dost o mezin\u00e1rodn\u00ed ochranu na policejn\u00ed stanici nebo v za\u0159\u00edzen\u00ed pro zaji\u0161t\u011bn\u00ed cizinc\u016f (CIE).<\/li>\n<li><strong>Osobn\u00ed pohovor.<\/strong> \u017dadatel m\u00e1 pr\u00e1vo na osobn\u00ed pohovor, b\u011bhem n\u011bho\u017e m\u016f\u017ee podrobn\u011b vysv\u011btlit d\u016fvody sv\u00e9 \u017e\u00e1dosti. B\u011bhem tohoto pohovoru je d\u016fle\u017eit\u00e9 zm\u00ednit pron\u00e1sledov\u00e1n\u00ed z d\u016fvodu sexu\u00e1ln\u00ed orientace nebo genderov\u00e9 identity.<\/li>\n<li><strong>Posouzen\u00ed a rozhodnut\u00ed.<\/strong> \u00da\u0159ad pro azyl a uprchl\u00edky (OAR) posuzuje ka\u017ed\u00fd p\u0159\u00edpad individu\u00e1ln\u011b a rozhoduje o p\u0159izn\u00e1n\u00ed postaven\u00ed uprchl\u00edka nebo dopl\u0148kov\u00e9 ochrany. V p\u0159\u00edpad\u011b zam\u00edtnut\u00ed m\u00e1 \u017eadatel pr\u00e1vo se proti tomuto rozhodnut\u00ed odvolat.<\/li>\n<\/ol>\n<aside class=\"related-links\"><strong>Souvisej\u00edc\u00ed slu\u017eba:<\/strong><\/p>\n<ul>\n<li><a href=\"https:\/\/alegria-realestate.com\/cs\/services\/immigration\">Imigrace a v\u00edza<\/a><\/li>\n<\/ul>\n<\/aside>\n<section id=\"faq\">\n<h2>FAQ<\/h2>\n<details>\n<summary>Kdo odpov\u00edd\u00e1 za ochranu pr\u00e1v LGBT ve \u0160pan\u011blsku?<\/summary>\n<p>Za p\u0159\u00edpravu n\u00e1vrh\u016f, prosazov\u00e1n\u00ed a realizaci opat\u0159en\u00ed v t\u00e9to oblasti odpov\u00edd\u00e1 Gener\u00e1ln\u00ed \u0159editelstv\u00ed pro skute\u010dnou a \u00fa\u010dinnou rovnost LGBT osob p\u0159i Ministerstvu rovnosti.<\/p>\n<\/details>\n<details>\n<summary>Jak\u00e9 m\u00edsto zauj\u00edm\u00e1 \u0160pan\u011blsko v Evrop\u011b z hlediska pr\u00e1v LGBT?<\/summary>\n<p>Podle \u00fadaj\u016f ILGA-Europe zauj\u00edm\u00e1 \u0160pan\u011blsko \u010dtvrt\u00e9 m\u00edsto mezi 49 evropsk\u00fdmi zem\u011bmi z hlediska \u00farovn\u011b pr\u00e1v LGBT.<\/p>\n<\/details>\n<details>\n<summary>Kdy byla ve \u0160pan\u011blsku legalizov\u00e1na stejnopohlavn\u00ed man\u017eelstv\u00ed?<\/summary>\n<p>Stejnopohlavn\u00ed man\u017eelstv\u00ed byla legalizov\u00e1na v roce 2005. V t\u00e9m\u017ee roce byla legalizov\u00e1na tak\u00e9 spole\u010dn\u00e1 adopce a adopce d\u00edt\u011bte partnera pro stejnopohlavn\u00ed p\u00e1ry.<\/p>\n<\/details>\n<details>\n<summary>Co zm\u011bnil z\u00e1kon o trans osob\u00e1ch ve \u0160pan\u011blsku?<\/summary>\n<p>Z\u00e1kon zakotvil garantovan\u00fd p\u0159\u00edstup ke zdravotn\u00ed p\u00e9\u010di, z\u00e1kaz konverzn\u00edch terapi\u00ed, omezen\u00ed neod\u016fvodn\u011bn\u00fdch z\u00e1sah\u016f v\u016f\u010di intersex d\u011btem a tak\u00e9 pr\u00e1vn\u00ed uzn\u00e1n\u00ed genderu na z\u00e1klad\u011b sebeur\u010den\u00ed.<\/p>\n<\/details>\n<details>\n<summary>Jak\u00e9 f\u00e1ze zahrnuje postup p\u0159i \u017e\u00e1dosti o azyl ve \u0160pan\u011blsku?<\/summary>\n<p>Postup se skl\u00e1d\u00e1 ze t\u0159\u00ed f\u00e1z\u00ed: registrace \u017e\u00e1dosti, osobn\u00edho pohovoru a posouzen\u00ed p\u0159\u00edpadu s vyd\u00e1n\u00edm rozhodnut\u00ed \u00da\u0159adem pro azyl a uprchl\u00edky (OAR).<\/p>\n<\/details>\n<\/section>\n<p><\/p>","protected":false},"excerpt":{"rendered":"<p>Komu je tento \u010dl\u00e1nek ur\u010den: t\u011bm, kdo cht\u011bj\u00ed pochopit,\u2026<\/p>\n","protected":false},"author":18,"featured_media":227502,"comment_status":"closed","ping_status":"closed","sticky":false,"template":"","format":"standard","meta":{"footnotes":""},"categories":[74,961],"tags":[],"class_list":["post-227498","post","type-post","status-publish","format-standard","has-post-thumbnail","hentry","category-life-in-spain","category-taxes-and-laws"],"yoast_head":"<!-- This site is optimized with the Yoast SEO plugin v27.5 - https:\/\/yoast.com\/product\/yoast-seo-wordpress\/ -->\n<title>Ochrana pr\u00e1v LGBT ve \u0160pan\u011blsku \u2013 z\u00e1kony, z\u00e1ruky a mezin\u00e1rodn\u00ed ochrana v roce 2026<\/title>\n<meta name=\"description\" content=\"Pr\u00e1va LGBT ve \u0160pan\u011blsku v roce 2026: kl\u00ed\u010dov\u00e9 z\u00e1kony, st\u00e1tn\u00ed z\u00e1ruky, trans z\u00e1kon a mezin\u00e1rodn\u00ed ochrana. Objednejte konzultaci.\" \/>\n<meta name=\"robots\" content=\"index, follow, max-snippet:-1, max-image-preview:large, max-video-preview:-1\" \/>\n<link rel=\"canonical\" href=\"https:\/\/alegria-realestate.com\/cs\/wp-json\/wp\/v2\/posts\/227498\" \/>\n<meta property=\"og:locale\" content=\"cs_CZ\" \/>\n<meta property=\"og:type\" content=\"article\" \/>\n<meta property=\"og:title\" content=\"Ochrana pr\u00e1v LGBT ve \u0160pan\u011blsku \u2013 z\u00e1kony, z\u00e1ruky a mezin\u00e1rodn\u00ed ochrana v roce 2026\" \/>\n<meta property=\"og:description\" content=\"Pr\u00e1va LGBT ve \u0160pan\u011blsku v roce 2026: kl\u00ed\u010dov\u00e9 z\u00e1kony, st\u00e1tn\u00ed z\u00e1ruky, trans z\u00e1kon a mezin\u00e1rodn\u00ed ochrana. Objednejte konzultaci.\" \/>\n<meta property=\"og:url\" content=\"https:\/\/alegria-realestate.com\/cs\/wp-json\/wp\/v2\/posts\/227498\" \/>\n<meta property=\"og:site_name\" content=\"Nemovitosti ve \u0160pan\u011blsku\" \/>\n<meta property=\"article:publisher\" content=\"https:\/\/www.facebook.com\/realestate.alegria\" \/>\n<meta property=\"article:published_time\" content=\"2026-03-13T08:00:03+00:00\" \/>\n<meta property=\"article:modified_time\" content=\"2026-03-13T13:08:22+00:00\" \/>\n<meta property=\"og:image\" content=\"https:\/\/alegria-realestate.com\/wp-content\/uploads\/2020\/10\/protecting-lgbt-rights-in-spain-3.jpg\" \/>\n\t<meta property=\"og:image:width\" content=\"1000\" \/>\n\t<meta property=\"og:image:height\" content=\"667\" \/>\n\t<meta property=\"og:image:type\" content=\"image\/jpeg\" \/>\n<meta name=\"author\" content=\"\u0421\u0435\u0440\u0433\u0435\u0439 \u0411\u0435\u043a\u0438\u0448\u0435\u0432\" \/>\n<meta name=\"twitter:card\" content=\"summary_large_image\" \/>\n<meta name=\"twitter:creator\" content=\"@alegriarealesta\" \/>\n<meta name=\"twitter:site\" content=\"@alegriarealesta\" \/>\n<script type=\"application\/ld+json\" class=\"yoast-schema-graph\">{\"@context\":\"https:\\\/\\\/schema.org\",\"@graph\":[{\"@type\":\"Article\",\"@id\":\"https:\\\/\\\/alegria-realestate.com\\\/articles\\\/life-in-spain\\\/protecting-lgbt-rights-in-spain#article\",\"isPartOf\":{\"@id\":\"https:\\\/\\\/alegria-realestate.com\\\/articles\\\/life-in-spain\\\/protecting-lgbt-rights-in-spain\"},\"author\":{\"name\":\"\u0421\u0435\u0440\u0433\u0435\u0439 \u0411\u0435\u043a\u0438\u0448\u0435\u0432\",\"@id\":\"https:\\\/\\\/alegria-realestate.com\\\/#\\\/schema\\\/person\\\/9d285f0a34620d7fb8e3836f93b5522c\"},\"headline\":\"Ochrana pr\u00e1v LGBT ve \u0160pan\u011blsku\",\"datePublished\":\"2026-03-13T08:00:03+00:00\",\"dateModified\":\"2026-03-13T13:08:22+00:00\",\"mainEntityOfPage\":{\"@id\":\"https:\\\/\\\/alegria-realestate.com\\\/articles\\\/life-in-spain\\\/protecting-lgbt-rights-in-spain\"},\"wordCount\":19041,\"publisher\":{\"@id\":\"https:\\\/\\\/alegria-realestate.com\\\/#organization\"},\"image\":{\"@id\":\"https:\\\/\\\/alegria-realestate.com\\\/articles\\\/life-in-spain\\\/protecting-lgbt-rights-in-spain#primaryimage\"},\"thumbnailUrl\":\"https:\\\/\\\/alegria-realestate.com\\\/wp-content\\\/uploads\\\/2020\\\/10\\\/protecting-lgbt-rights-in-spain-3.jpg\",\"articleSection\":[\"\u017divot ve \u0160pan\u011blsku\",\"Dan\u011b a z\u00e1kony\"],\"inLanguage\":\"cs\"},{\"@type\":\"WebPage\",\"@id\":\"https:\\\/\\\/alegria-realestate.com\\\/cs\\\/articles\\\/life-in-spain\\\/protecting-lgbt-rights-in-spain\",\"url\":\"https:\\\/\\\/alegria-realestate.com\\\/cs\\\/articles\\\/life-in-spain\\\/protecting-lgbt-rights-in-spain\",\"name\":\"Ochrana pr\u00e1v LGBT ve \u0160pan\u011blsku \u2013 z\u00e1kony, z\u00e1ruky a mezin\u00e1rodn\u00ed ochrana v roce 2026\",\"isPartOf\":{\"@id\":\"https:\\\/\\\/alegria-realestate.com\\\/cs\\\/#website\"},\"primaryImageOfPage\":{\"@id\":\"https:\\\/\\\/alegria-realestate.com\\\/cs\\\/articles\\\/life-in-spain\\\/protecting-lgbt-rights-in-spain#primaryimage\"},\"image\":{\"@id\":\"https:\\\/\\\/alegria-realestate.com\\\/articles\\\/life-in-spain\\\/protecting-lgbt-rights-in-spain#primaryimage\"},\"thumbnailUrl\":\"https:\\\/\\\/alegria-realestate.com\\\/wp-content\\\/uploads\\\/2020\\\/10\\\/protecting-lgbt-rights-in-spain-3.jpg\",\"datePublished\":\"2026-03-13T08:00:03+00:00\",\"dateModified\":\"2026-03-13T13:08:22+00:00\",\"description\":\"Pr\u00e1va LGBT ve \u0160pan\u011blsku v roce 2026: kl\u00ed\u010dov\u00e9 z\u00e1kony, st\u00e1tn\u00ed z\u00e1ruky, trans z\u00e1kon a mezin\u00e1rodn\u00ed ochrana. Objednejte konzultaci.\",\"breadcrumb\":{\"@id\":\"https:\\\/\\\/alegria-realestate.com\\\/cs\\\/articles\\\/life-in-spain\\\/protecting-lgbt-rights-in-spain#breadcrumb\"},\"inLanguage\":\"cs\",\"potentialAction\":[{\"@type\":\"ReadAction\",\"target\":[[\"https:\\\/\\\/alegria-realestate.com\\\/cs\\\/articles\\\/life-in-spain\\\/protecting-lgbt-rights-in-spain\"]]}]},{\"@type\":\"ImageObject\",\"inLanguage\":\"cs\",\"@id\":\"https:\\\/\\\/alegria-realestate.com\\\/cs\\\/articles\\\/life-in-spain\\\/protecting-lgbt-rights-in-spain#primaryimage\",\"url\":\"https:\\\/\\\/alegria-realestate.com\\\/wp-content\\\/uploads\\\/2020\\\/10\\\/protecting-lgbt-rights-in-spain-3.jpg\",\"contentUrl\":\"https:\\\/\\\/alegria-realestate.com\\\/wp-content\\\/uploads\\\/2020\\\/10\\\/protecting-lgbt-rights-in-spain-3.jpg\",\"width\":1000,\"height\":667,\"caption\":\"\u0417\u0430\u0449\u0438\u0442\u0430 \u043f\u0440\u0430\u0432 \u041b\u0413\u0411\u0422 \u0432 \u0418\u0441\u043f\u0430\u043d\u0438\u0438\"},{\"@type\":\"BreadcrumbList\",\"@id\":\"https:\\\/\\\/alegria-realestate.com\\\/cs\\\/articles\\\/life-in-spain\\\/protecting-lgbt-rights-in-spain#breadcrumb\",\"itemListElement\":[{\"@type\":\"ListItem\",\"position\":1,\"name\":\"\u0413\u043b\u0430\u0432\u043d\u0430\u044f \u0441\u0442\u0440\u0430\u043d\u0438\u0446\u0430\",\"item\":\"https:\\\/\\\/alegria-realestate.com\\\/cs\\\/\"},{\"@type\":\"ListItem\",\"position\":2,\"name\":\"\u0417\u0430\u0449\u0438\u0442\u0430 \u043f\u0440\u0430\u0432 \u041b\u0413\u0411\u0422 \u0432 \u0418\u0441\u043f\u0430\u043d\u0438\u0438\"}]},{\"@type\":\"WebSite\",\"@id\":\"https:\\\/\\\/alegria-realestate.com\\\/cs\\\/#website\",\"url\":\"https:\\\/\\\/alegria-realestate.com\\\/cs\\\/\",\"name\":\"Nemovitosti ve \u0160pan\u011blsku\",\"description\":\"Nemovitosti ve \u0160pan\u011blsku: prodej ve v\u0161ech m\u011bstech \u2013 Torrevieja, Alicante, Benidorm a dal\u0161\u00ed. Pom\u016f\u017eeme v\u00e1m s koup\u00ed nemovitosti na Costa Blanca \u2013 secondhandov\u00e9 bydlen\u00ed i novostavby. Kompletn\u00ed vy\u0159\u00edzen\u00ed na kl\u00ed\u010d. Nemovitosti na Costa Blanca od 80 000 \u20ac.\",\"publisher\":{\"@id\":\"https:\\\/\\\/alegria-realestate.com\\\/cs\\\/#organization\"},\"potentialAction\":[{\"@type\":\"SearchAction\",\"target\":{\"@type\":\"EntryPoint\",\"urlTemplate\":\"https:\\\/\\\/alegria-realestate.com\\\/cs\\\/?s={search_term_string}\"},\"query-input\":{\"@type\":\"PropertyValueSpecification\",\"valueRequired\":true,\"valueName\":\"search_term_string\"}}],\"inLanguage\":\"cs\"},{\"@type\":\"Organization\",\"@id\":\"https:\\\/\\\/alegria-realestate.com\\\/cs\\\/#organization\",\"name\":\"Alegria Realestate\",\"url\":\"https:\\\/\\\/alegria-realestate.com\\\/cs\\\/\",\"logo\":{\"@type\":\"ImageObject\",\"inLanguage\":\"cs\",\"@id\":\"https:\\\/\\\/alegria-realestate.com\\\/cs\\\/#\\\/schema\\\/logo\\\/image\\\/\",\"url\":\"https:\\\/\\\/alegria-realestate.com\\\/wp-content\\\/uploads\\\/2019\\\/08\\\/logo_alegria.png\",\"contentUrl\":\"https:\\\/\\\/alegria-realestate.com\\\/wp-content\\\/uploads\\\/2019\\\/08\\\/logo_alegria.png\",\"width\":1600,\"height\":1403,\"caption\":\"Alegria Realestate\"},\"image\":{\"@id\":\"https:\\\/\\\/alegria-realestate.com\\\/cs\\\/#\\\/schema\\\/logo\\\/image\\\/\"},\"sameAs\":[\"https:\\\/\\\/www.facebook.com\\\/realestate.alegria\",\"https:\\\/\\\/x.com\\\/alegriarealesta\",\"https:\\\/\\\/www.instagram.com\\\/alegriadom\\\/\",\"https:\\\/\\\/www.linkedin.com\\\/profile\\\/view?id=154965227\",\"https:\\\/\\\/www.youtube.com\\\/user\\\/AlegriaRealEstate\"]},{\"@type\":\"Person\",\"@id\":\"https:\\\/\\\/alegria-realestate.com\\\/#\\\/schema\\\/person\\\/9d285f0a34620d7fb8e3836f93b5522c\",\"name\":\"\u0421\u0435\u0440\u0433\u0435\u0439 \u0411\u0435\u043a\u0438\u0448\u0435\u0432\"}]}<\/script>\n<!-- \/ Yoast SEO plugin. -->","yoast_head_json":{"title":"Ochrana pr\u00e1v LGBT ve \u0160pan\u011blsku \u2013 z\u00e1kony, z\u00e1ruky a mezin\u00e1rodn\u00ed ochrana v roce 2026","description":"Pr\u00e1va LGBT ve \u0160pan\u011blsku v roce 2026: kl\u00ed\u010dov\u00e9 z\u00e1kony, st\u00e1tn\u00ed z\u00e1ruky, trans z\u00e1kon a mezin\u00e1rodn\u00ed ochrana. Objednejte konzultaci.","robots":{"index":"index","follow":"follow","max-snippet":"max-snippet:-1","max-image-preview":"max-image-preview:large","max-video-preview":"max-video-preview:-1"},"canonical":"https:\/\/alegria-realestate.com\/cs\/wp-json\/wp\/v2\/posts\/227498","og_locale":"cs_CZ","og_type":"article","og_title":"Ochrana pr\u00e1v LGBT ve \u0160pan\u011blsku \u2013 z\u00e1kony, z\u00e1ruky a mezin\u00e1rodn\u00ed ochrana v roce 2026","og_description":"Pr\u00e1va LGBT ve \u0160pan\u011blsku v roce 2026: kl\u00ed\u010dov\u00e9 z\u00e1kony, st\u00e1tn\u00ed z\u00e1ruky, trans z\u00e1kon a mezin\u00e1rodn\u00ed ochrana. Objednejte konzultaci.","og_url":"https:\/\/alegria-realestate.com\/cs\/wp-json\/wp\/v2\/posts\/227498","og_site_name":"Nemovitosti ve \u0160pan\u011blsku","article_publisher":"https:\/\/www.facebook.com\/realestate.alegria","article_published_time":"2026-03-13T08:00:03+00:00","article_modified_time":"2026-03-13T13:08:22+00:00","og_image":[{"width":1000,"height":667,"url":"https:\/\/alegria-realestate.com\/wp-content\/uploads\/2020\/10\/protecting-lgbt-rights-in-spain-3.jpg","type":"image\/jpeg"}],"author":"\u0421\u0435\u0440\u0433\u0435\u0439 \u0411\u0435\u043a\u0438\u0448\u0435\u0432","twitter_card":"summary_large_image","twitter_creator":"@alegriarealesta","twitter_site":"@alegriarealesta","schema":{"@context":"https:\/\/schema.org","@graph":[{"@type":"Article","@id":"https:\/\/alegria-realestate.com\/articles\/life-in-spain\/protecting-lgbt-rights-in-spain#article","isPartOf":{"@id":"https:\/\/alegria-realestate.com\/articles\/life-in-spain\/protecting-lgbt-rights-in-spain"},"author":{"name":"\u0421\u0435\u0440\u0433\u0435\u0439 \u0411\u0435\u043a\u0438\u0448\u0435\u0432","@id":"https:\/\/alegria-realestate.com\/#\/schema\/person\/9d285f0a34620d7fb8e3836f93b5522c"},"headline":"Ochrana pr\u00e1v LGBT ve \u0160pan\u011blsku","datePublished":"2026-03-13T08:00:03+00:00","dateModified":"2026-03-13T13:08:22+00:00","mainEntityOfPage":{"@id":"https:\/\/alegria-realestate.com\/articles\/life-in-spain\/protecting-lgbt-rights-in-spain"},"wordCount":19041,"publisher":{"@id":"https:\/\/alegria-realestate.com\/#organization"},"image":{"@id":"https:\/\/alegria-realestate.com\/articles\/life-in-spain\/protecting-lgbt-rights-in-spain#primaryimage"},"thumbnailUrl":"https:\/\/alegria-realestate.com\/wp-content\/uploads\/2020\/10\/protecting-lgbt-rights-in-spain-3.jpg","articleSection":["\u017divot ve \u0160pan\u011blsku","Dan\u011b a z\u00e1kony"],"inLanguage":"cs"},{"@type":"WebPage","@id":"https:\/\/alegria-realestate.com\/cs\/articles\/life-in-spain\/protecting-lgbt-rights-in-spain","url":"https:\/\/alegria-realestate.com\/cs\/articles\/life-in-spain\/protecting-lgbt-rights-in-spain","name":"Ochrana pr\u00e1v LGBT ve \u0160pan\u011blsku \u2013 z\u00e1kony, z\u00e1ruky a mezin\u00e1rodn\u00ed ochrana v roce 2026","isPartOf":{"@id":"https:\/\/alegria-realestate.com\/cs\/#website"},"primaryImageOfPage":{"@id":"https:\/\/alegria-realestate.com\/cs\/articles\/life-in-spain\/protecting-lgbt-rights-in-spain#primaryimage"},"image":{"@id":"https:\/\/alegria-realestate.com\/articles\/life-in-spain\/protecting-lgbt-rights-in-spain#primaryimage"},"thumbnailUrl":"https:\/\/alegria-realestate.com\/wp-content\/uploads\/2020\/10\/protecting-lgbt-rights-in-spain-3.jpg","datePublished":"2026-03-13T08:00:03+00:00","dateModified":"2026-03-13T13:08:22+00:00","description":"Pr\u00e1va LGBT ve \u0160pan\u011blsku v roce 2026: kl\u00ed\u010dov\u00e9 z\u00e1kony, st\u00e1tn\u00ed z\u00e1ruky, trans z\u00e1kon a mezin\u00e1rodn\u00ed ochrana. Objednejte konzultaci.","breadcrumb":{"@id":"https:\/\/alegria-realestate.com\/cs\/articles\/life-in-spain\/protecting-lgbt-rights-in-spain#breadcrumb"},"inLanguage":"cs","potentialAction":[{"@type":"ReadAction","target":[["https:\/\/alegria-realestate.com\/cs\/articles\/life-in-spain\/protecting-lgbt-rights-in-spain"]]}]},{"@type":"ImageObject","inLanguage":"cs","@id":"https:\/\/alegria-realestate.com\/cs\/articles\/life-in-spain\/protecting-lgbt-rights-in-spain#primaryimage","url":"https:\/\/alegria-realestate.com\/wp-content\/uploads\/2020\/10\/protecting-lgbt-rights-in-spain-3.jpg","contentUrl":"https:\/\/alegria-realestate.com\/wp-content\/uploads\/2020\/10\/protecting-lgbt-rights-in-spain-3.jpg","width":1000,"height":667,"caption":"\u0417\u0430\u0449\u0438\u0442\u0430 \u043f\u0440\u0430\u0432 \u041b\u0413\u0411\u0422 \u0432 \u0418\u0441\u043f\u0430\u043d\u0438\u0438"},{"@type":"BreadcrumbList","@id":"https:\/\/alegria-realestate.com\/cs\/articles\/life-in-spain\/protecting-lgbt-rights-in-spain#breadcrumb","itemListElement":[{"@type":"ListItem","position":1,"name":"\u0413\u043b\u0430\u0432\u043d\u0430\u044f \u0441\u0442\u0440\u0430\u043d\u0438\u0446\u0430","item":"https:\/\/alegria-realestate.com\/cs\/"},{"@type":"ListItem","position":2,"name":"\u0417\u0430\u0449\u0438\u0442\u0430 \u043f\u0440\u0430\u0432 \u041b\u0413\u0411\u0422 \u0432 \u0418\u0441\u043f\u0430\u043d\u0438\u0438"}]},{"@type":"WebSite","@id":"https:\/\/alegria-realestate.com\/cs\/#website","url":"https:\/\/alegria-realestate.com\/cs\/","name":"Nemovitosti ve \u0160pan\u011blsku","description":"Nemovitosti ve \u0160pan\u011blsku: prodej ve v\u0161ech m\u011bstech \u2013 Torrevieja, Alicante, Benidorm a dal\u0161\u00ed. Pom\u016f\u017eeme v\u00e1m s koup\u00ed nemovitosti na Costa Blanca \u2013 secondhandov\u00e9 bydlen\u00ed i novostavby. Kompletn\u00ed vy\u0159\u00edzen\u00ed na kl\u00ed\u010d. Nemovitosti na Costa Blanca od 80 000 \u20ac.","publisher":{"@id":"https:\/\/alegria-realestate.com\/cs\/#organization"},"potentialAction":[{"@type":"SearchAction","target":{"@type":"EntryPoint","urlTemplate":"https:\/\/alegria-realestate.com\/cs\/?s={search_term_string}"},"query-input":{"@type":"PropertyValueSpecification","valueRequired":true,"valueName":"search_term_string"}}],"inLanguage":"cs"},{"@type":"Organization","@id":"https:\/\/alegria-realestate.com\/cs\/#organization","name":"Alegria Realestate","url":"https:\/\/alegria-realestate.com\/cs\/","logo":{"@type":"ImageObject","inLanguage":"cs","@id":"https:\/\/alegria-realestate.com\/cs\/#\/schema\/logo\/image\/","url":"https:\/\/alegria-realestate.com\/wp-content\/uploads\/2019\/08\/logo_alegria.png","contentUrl":"https:\/\/alegria-realestate.com\/wp-content\/uploads\/2019\/08\/logo_alegria.png","width":1600,"height":1403,"caption":"Alegria Realestate"},"image":{"@id":"https:\/\/alegria-realestate.com\/cs\/#\/schema\/logo\/image\/"},"sameAs":["https:\/\/www.facebook.com\/realestate.alegria","https:\/\/x.com\/alegriarealesta","https:\/\/www.instagram.com\/alegriadom\/","https:\/\/www.linkedin.com\/profile\/view?id=154965227","https:\/\/www.youtube.com\/user\/AlegriaRealEstate"]},{"@type":"Person","@id":"https:\/\/alegria-realestate.com\/#\/schema\/person\/9d285f0a34620d7fb8e3836f93b5522c","name":"\u0421\u0435\u0440\u0433\u0435\u0439 \u0411\u0435\u043a\u0438\u0448\u0435\u0432"}]}},"_links":{"self":[{"href":"https:\/\/alegria-realestate.com\/cs\/wp-json\/wp\/v2\/posts\/227498","targetHints":{"allow":["GET"]}}],"collection":[{"href":"https:\/\/alegria-realestate.com\/cs\/wp-json\/wp\/v2\/posts"}],"about":[{"href":"https:\/\/alegria-realestate.com\/cs\/wp-json\/wp\/v2\/types\/post"}],"author":[{"embeddable":true,"href":"https:\/\/alegria-realestate.com\/cs\/wp-json\/wp\/v2\/users\/18"}],"replies":[{"embeddable":true,"href":"https:\/\/alegria-realestate.com\/cs\/wp-json\/wp\/v2\/comments?post=227498"}],"version-history":[{"count":5,"href":"https:\/\/alegria-realestate.com\/cs\/wp-json\/wp\/v2\/posts\/227498\/revisions"}],"predecessor-version":[{"id":1256492,"href":"https:\/\/alegria-realestate.com\/cs\/wp-json\/wp\/v2\/posts\/227498\/revisions\/1256492"}],"wp:featuredmedia":[{"embeddable":true,"href":"https:\/\/alegria-realestate.com\/cs\/wp-json\/wp\/v2\/media\/227502"}],"wp:attachment":[{"href":"https:\/\/alegria-realestate.com\/cs\/wp-json\/wp\/v2\/media?parent=227498"}],"wp:term":[{"taxonomy":"category","embeddable":true,"href":"https:\/\/alegria-realestate.com\/cs\/wp-json\/wp\/v2\/categories?post=227498"},{"taxonomy":"post_tag","embeddable":true,"href":"https:\/\/alegria-realestate.com\/cs\/wp-json\/wp\/v2\/tags?post=227498"}],"curies":[{"name":"wp","href":"https:\/\/api.w.org\/{rel}","templated":true}]}}