{"id":227725,"date":"2020-10-21T13:39:08","date_gmt":"2020-10-21T10:39:08","guid":{"rendered":"https:\/\/alegria-realestate.com\/?p=227725"},"modified":"2025-08-14T21:25:55","modified_gmt":"2025-08-14T18:25:55","slug":"grupo-lar-creates-a-new-rental-platform","status":"publish","type":"post","link":"https:\/\/alegria-realestate.com\/cs\/articles\/news\/grupo-lar-creates-a-new-rental-platform","title":{"rendered":"Grupo Lar vytv\u00e1\u0159\u00ed novou platformu pro pron\u00e1jem s v\u00edce ne\u017e 5 000 nemovitostmi"},"content":{"rendered":"<p>Grupo Lar reorganizovalo sv\u016fj t\u00fdm profesion\u00e1l\u016f v oblasti reziden\u010dn\u00edch nemovitost\u00ed uzav\u0159en\u00edm dohody s francouzskou spole\u010dnost\u00ed Primonial o vytvo\u0159en\u00ed spole\u010dn\u00e9 platformy <a href=\"https:\/\/alegria-realestate.com\/ru\/service\/long-term-rentals-in-valencia\">pro pron\u00e1jem nemovitost\u00ed<\/a> . Nov\u00e1 platforma m\u00e1 v\u00edce ne\u017e 5 000 nemovitost\u00ed um\u00edst\u011bn\u00fdch v hlavn\u00edch m\u011bstech \u0160pan\u011blska. Celkov\u00e1 investice do projektu \u010dinila 400 milion\u016f eur. Concepci\u00f3n L\u00f3pez Rodr\u00edguez, d\u0159\u00edve \u0159editel v\u00fdstavby Grupo Perteo, byl jmenov\u00e1n nov\u00fdm technick\u00fdm \u0159editelem Residencial Iberia. \u0158editelkou pozemkov\u00e9ho odd\u011blen\u00ed je Patricia Sanchez, kter\u00e1 pracuje v realitn\u00edm sektoru v\u00edce ne\u017e 15 let a ud\u011blala kari\u00e9ru ve spole\u010dnostech Grupo Tengelmann, Virgin Active a Supeco. Hlavn\u00edm analytikem, kter\u00fd vedl odd\u011blen\u00ed pro anal\u00fdzu dat a v\u00fdvoj finan\u010dn\u00edch model\u016f, byl Pablo Hernandez-Mora Saenz, kter\u00fd v\u00edce ne\u017e 4 roky pracoval v sektoru priv\u00e1tn\u00edho bankovnictv\u00ed. Projektov\u00fdm mana\u017eerem pro prodej a pron\u00e1jem byl zase architekt V\u00edtor G\u00f3mez de le Torre, kter\u00fd pracoval pro spole\u010dnosti jako V\u00eda C\u00e9lere a Anida (Grupo BBVA). Ignacio Valenzuela Martin, kter\u00fd pro spole\u010dnost pracuje v\u00edce ne\u017e 6 let, byl jmenov\u00e1n vedouc\u00edm technikem nov\u00e9ho t\u00fdmu Grupo Lar.<\/p>","protected":false},"excerpt":{"rendered":"<p>Grupo Lar reorganizovalo sv\u016fj t\u00fdm profesion\u00e1l\u016f v oblasti reziden\u010dn\u00edch\u2026<\/p>\n","protected":false},"author":18,"featured_media":227726,"comment_status":"closed","ping_status":"closed","sticky":false,"template":"","format":"standard","meta":{"footnotes":""},"categories":[15],"tags":[],"class_list":["post-227725","post","type-post","status-publish","format-standard","has-post-thumbnail","hentry","category-news"],"yoast_head":"<!-- This site is optimized with the Yoast SEO plugin v27.5 - https:\/\/yoast.com\/product\/yoast-seo-wordpress\/ -->\n<title>Grupo Lar \u0440\u0435\u043e\u0440\u0433\u0430\u043d\u0438\u0437\u043e\u0432\u0430\u043b\u0430 \u0441\u0432\u043e\u044e \u043a\u043e\u043c\u0430\u043d\u0434\u0443 \u043f\u0440\u043e\u0444\u0435\u0441\u0441\u0438\u043e\u043d\u0430\u043b\u043e\u0432 \u043f\u043e \u0436\u0438\u043b\u043e\u0439 \u043d\u0435\u0434\u0432\u0438\u0436\u0438\u043c\u043e\u0441\u0442\u0438 \u0438 \u0441\u043e\u0437\u0434\u0430\u043b\u0430 \u043d\u043e\u0432\u0443\u044e \u043f\u043b\u0430\u0442\u0444\u043e\u0440\u043c\u0443 \u0430\u0440\u0435\u043d\u0434\u044b<\/title>\n<meta name=\"description\" content=\"Grupo Lar \u0437\u0430\u043a\u043b\u044e\u0447\u0438\u043b\u0430 \u0441\u043e\u0433\u043b\u0430\u0448\u0435\u043d\u0438\u0435 \u0441 \u0444\u0440\u0430\u043d\u0446\u0443\u0437\u0441\u043a\u043e\u0439 \u043a\u043e\u043c\u043f\u0430\u043d\u0438\u0435\u0439 Primonial, \u0432 \u0440\u0435\u0437\u0443\u043b\u044c\u0442\u0430\u0442\u0435 \u0447\u0435\u0433\u043e \u0431\u044b\u043b\u0430 \u0441\u043e\u0437\u0434\u0430\u043d\u0430 \u043d\u043e\u0432\u0430\u044f \u043f\u043b\u0430\u0442\u0444\u043e\u0440\u043c\u0430 \u043f\u043e \u0430\u0440\u0435\u043d\u0434\u0435 \u043d\u0435\u0434\u0432\u0438\u0436\u0438\u043c\u043e\u0441\u0442\u0438, \u0432 \u0430\u043a\u0442\u0438\u0432\u0435 \u043a\u043e\u0442\u043e\u0440\u043e\u0439 \u0431\u043e\u043b\u0435\u0435 5000 \u043e\u0431\u044a\u0435\u043a\u0442\u043e\u0432. \u0412 \u0441\u0432\u044f\u0437\u0438 \u0441 \u044d\u0442\u0438\u043c \u0431\u044b\u043b\u0430 \u043f\u0440\u043e\u0432\u0435\u0434\u0435\u043d\u0430 \u0440\u0435\u043e\u0440\u0433\u0430\u043d\u0438\u0437\u0430\u0446\u0438\u044f \u043a\u043e\u043c\u0430\u043d\u0434\u044b \u043f\u0440\u043e\u0444\u0435\u0441\u0441\u0438\u043e\u043d\u0430\u043b\u043e\u0432 \u0432 \u043e\u0431\u043b\u0430\u0441\u0442\u0438 \u043d\u0435\u0434\u0432\u0438\u0436\u0438\u043c\u043e\u0441\u0442\u0438 Grupo Lar.\" \/>\n<meta name=\"robots\" content=\"index, follow, max-snippet:-1, max-image-preview:large, max-video-preview:-1\" \/>\n<link rel=\"canonical\" href=\"https:\/\/alegria-realestate.com\/cs\/wp-json\/wp\/v2\/posts\/227725\" \/>\n<meta property=\"og:locale\" content=\"cs_CZ\" \/>\n<meta property=\"og:type\" content=\"article\" \/>\n<meta property=\"og:title\" content=\"Grupo Lar \u0440\u0435\u043e\u0440\u0433\u0430\u043d\u0438\u0437\u043e\u0432\u0430\u043b\u0430 \u0441\u0432\u043e\u044e \u043a\u043e\u043c\u0430\u043d\u0434\u0443 \u043f\u0440\u043e\u0444\u0435\u0441\u0441\u0438\u043e\u043d\u0430\u043b\u043e\u0432 \u043f\u043e \u0436\u0438\u043b\u043e\u0439 \u043d\u0435\u0434\u0432\u0438\u0436\u0438\u043c\u043e\u0441\u0442\u0438 \u0438 \u0441\u043e\u0437\u0434\u0430\u043b\u0430 \u043d\u043e\u0432\u0443\u044e \u043f\u043b\u0430\u0442\u0444\u043e\u0440\u043c\u0443 \u0430\u0440\u0435\u043d\u0434\u044b\" \/>\n<meta property=\"og:description\" content=\"Grupo Lar \u0437\u0430\u043a\u043b\u044e\u0447\u0438\u043b\u0430 \u0441\u043e\u0433\u043b\u0430\u0448\u0435\u043d\u0438\u0435 \u0441 \u0444\u0440\u0430\u043d\u0446\u0443\u0437\u0441\u043a\u043e\u0439 \u043a\u043e\u043c\u043f\u0430\u043d\u0438\u0435\u0439 Primonial, \u0432 \u0440\u0435\u0437\u0443\u043b\u044c\u0442\u0430\u0442\u0435 \u0447\u0435\u0433\u043e \u0431\u044b\u043b\u0430 \u0441\u043e\u0437\u0434\u0430\u043d\u0430 \u043d\u043e\u0432\u0430\u044f \u043f\u043b\u0430\u0442\u0444\u043e\u0440\u043c\u0430 \u043f\u043e \u0430\u0440\u0435\u043d\u0434\u0435 \u043d\u0435\u0434\u0432\u0438\u0436\u0438\u043c\u043e\u0441\u0442\u0438, \u0432 \u0430\u043a\u0442\u0438\u0432\u0435 \u043a\u043e\u0442\u043e\u0440\u043e\u0439 \u0431\u043e\u043b\u0435\u0435 5000 \u043e\u0431\u044a\u0435\u043a\u0442\u043e\u0432. \u0412 \u0441\u0432\u044f\u0437\u0438 \u0441 \u044d\u0442\u0438\u043c \u0431\u044b\u043b\u0430 \u043f\u0440\u043e\u0432\u0435\u0434\u0435\u043d\u0430 \u0440\u0435\u043e\u0440\u0433\u0430\u043d\u0438\u0437\u0430\u0446\u0438\u044f \u043a\u043e\u043c\u0430\u043d\u0434\u044b \u043f\u0440\u043e\u0444\u0435\u0441\u0441\u0438\u043e\u043d\u0430\u043b\u043e\u0432 \u0432 \u043e\u0431\u043b\u0430\u0441\u0442\u0438 \u043d\u0435\u0434\u0432\u0438\u0436\u0438\u043c\u043e\u0441\u0442\u0438 Grupo Lar.\" \/>\n<meta property=\"og:url\" content=\"https:\/\/alegria-realestate.com\/cs\/wp-json\/wp\/v2\/posts\/227725\" \/>\n<meta property=\"og:site_name\" content=\"Nemovitosti ve \u0160pan\u011blsku\" \/>\n<meta property=\"article:publisher\" content=\"https:\/\/www.facebook.com\/realestate.alegria\" \/>\n<meta property=\"article:published_time\" content=\"2020-10-21T10:39:08+00:00\" \/>\n<meta property=\"article:modified_time\" content=\"2025-08-14T18:25:55+00:00\" \/>\n<meta property=\"og:image\" content=\"https:\/\/alegria-realestate.com\/wp-content\/uploads\/2020\/10\/Grupo-Lar-creates-a-new-rental-platform.jpg\" \/>\n\t<meta property=\"og:image:width\" content=\"860\" \/>\n\t<meta property=\"og:image:height\" content=\"382\" \/>\n\t<meta property=\"og:image:type\" content=\"image\/jpeg\" \/>\n<meta name=\"author\" content=\"\u0421\u0435\u0440\u0433\u0435\u0439 \u0411\u0435\u043a\u0438\u0448\u0435\u0432\" \/>\n<meta name=\"twitter:card\" content=\"summary_large_image\" \/>\n<meta name=\"twitter:creator\" content=\"@alegriarealesta\" \/>\n<meta name=\"twitter:site\" content=\"@alegriarealesta\" \/>\n<script type=\"application\/ld+json\" class=\"yoast-schema-graph\">{\"@context\":\"https:\\\/\\\/schema.org\",\"@graph\":[{\"@type\":\"Article\",\"@id\":\"https:\\\/\\\/alegria-realestate.com\\\/cs\\\/articles\\\/news\\\/grupo-lar-creates-a-new-rental-platform#article\",\"isPartOf\":{\"@id\":\"https:\\\/\\\/alegria-realestate.com\\\/cs\\\/articles\\\/news\\\/grupo-lar-creates-a-new-rental-platform\"},\"author\":{\"name\":\"\u0421\u0435\u0440\u0433\u0435\u0439 \u0411\u0435\u043a\u0438\u0448\u0435\u0432\",\"@id\":\"https:\\\/\\\/alegria-realestate.com\\\/#\\\/schema\\\/person\\\/9d285f0a34620d7fb8e3836f93b5522c\"},\"headline\":\"Grupo Lar vytv\u00e1\u0159\u00ed novou platformu pro pron\u00e1jem s v\u00edce ne\u017e 5 000 nemovitostmi\",\"datePublished\":\"2020-10-21T10:39:08+00:00\",\"dateModified\":\"2025-08-14T18:25:55+00:00\",\"mainEntityOfPage\":{\"@id\":\"https:\\\/\\\/alegria-realestate.com\\\/cs\\\/articles\\\/news\\\/grupo-lar-creates-a-new-rental-platform\"},\"wordCount\":1416,\"publisher\":{\"@id\":\"https:\\\/\\\/alegria-realestate.com\\\/#organization\"},\"image\":{\"@id\":\"https:\\\/\\\/alegria-realestate.com\\\/cs\\\/articles\\\/news\\\/grupo-lar-creates-a-new-rental-platform#primaryimage\"},\"thumbnailUrl\":\"https:\\\/\\\/alegria-realestate.com\\\/wp-content\\\/uploads\\\/2020\\\/10\\\/Grupo-Lar-creates-a-new-rental-platform.jpg\",\"articleSection\":[\"Zpr\u00e1vy\"],\"inLanguage\":\"cs\"},{\"@type\":\"WebPage\",\"@id\":\"https:\\\/\\\/alegria-realestate.com\\\/cs\\\/articles\\\/news\\\/grupo-lar-creates-a-new-rental-platform\",\"url\":\"https:\\\/\\\/alegria-realestate.com\\\/cs\\\/articles\\\/news\\\/grupo-lar-creates-a-new-rental-platform\",\"name\":\"Grupo Lar \u0440\u0435\u043e\u0440\u0433\u0430\u043d\u0438\u0437\u043e\u0432\u0430\u043b\u0430 \u0441\u0432\u043e\u044e \u043a\u043e\u043c\u0430\u043d\u0434\u0443 \u043f\u0440\u043e\u0444\u0435\u0441\u0441\u0438\u043e\u043d\u0430\u043b\u043e\u0432 \u043f\u043e \u0436\u0438\u043b\u043e\u0439 \u043d\u0435\u0434\u0432\u0438\u0436\u0438\u043c\u043e\u0441\u0442\u0438 \u0438 \u0441\u043e\u0437\u0434\u0430\u043b\u0430 \u043d\u043e\u0432\u0443\u044e \u043f\u043b\u0430\u0442\u0444\u043e\u0440\u043c\u0443 \u0430\u0440\u0435\u043d\u0434\u044b\",\"isPartOf\":{\"@id\":\"https:\\\/\\\/alegria-realestate.com\\\/cs\\\/#website\"},\"primaryImageOfPage\":{\"@id\":\"https:\\\/\\\/alegria-realestate.com\\\/cs\\\/articles\\\/news\\\/grupo-lar-creates-a-new-rental-platform#primaryimage\"},\"image\":{\"@id\":\"https:\\\/\\\/alegria-realestate.com\\\/cs\\\/articles\\\/news\\\/grupo-lar-creates-a-new-rental-platform#primaryimage\"},\"thumbnailUrl\":\"https:\\\/\\\/alegria-realestate.com\\\/wp-content\\\/uploads\\\/2020\\\/10\\\/Grupo-Lar-creates-a-new-rental-platform.jpg\",\"datePublished\":\"2020-10-21T10:39:08+00:00\",\"dateModified\":\"2025-08-14T18:25:55+00:00\",\"description\":\"Grupo Lar \u0437\u0430\u043a\u043b\u044e\u0447\u0438\u043b\u0430 \u0441\u043e\u0433\u043b\u0430\u0448\u0435\u043d\u0438\u0435 \u0441 \u0444\u0440\u0430\u043d\u0446\u0443\u0437\u0441\u043a\u043e\u0439 \u043a\u043e\u043c\u043f\u0430\u043d\u0438\u0435\u0439 Primonial, \u0432 \u0440\u0435\u0437\u0443\u043b\u044c\u0442\u0430\u0442\u0435 \u0447\u0435\u0433\u043e \u0431\u044b\u043b\u0430 \u0441\u043e\u0437\u0434\u0430\u043d\u0430 \u043d\u043e\u0432\u0430\u044f \u043f\u043b\u0430\u0442\u0444\u043e\u0440\u043c\u0430 \u043f\u043e \u0430\u0440\u0435\u043d\u0434\u0435 \u043d\u0435\u0434\u0432\u0438\u0436\u0438\u043c\u043e\u0441\u0442\u0438, \u0432 \u0430\u043a\u0442\u0438\u0432\u0435 \u043a\u043e\u0442\u043e\u0440\u043e\u0439 \u0431\u043e\u043b\u0435\u0435 5000 \u043e\u0431\u044a\u0435\u043a\u0442\u043e\u0432. \u0412 \u0441\u0432\u044f\u0437\u0438 \u0441 \u044d\u0442\u0438\u043c \u0431\u044b\u043b\u0430 \u043f\u0440\u043e\u0432\u0435\u0434\u0435\u043d\u0430 \u0440\u0435\u043e\u0440\u0433\u0430\u043d\u0438\u0437\u0430\u0446\u0438\u044f \u043a\u043e\u043c\u0430\u043d\u0434\u044b \u043f\u0440\u043e\u0444\u0435\u0441\u0441\u0438\u043e\u043d\u0430\u043b\u043e\u0432 \u0432 \u043e\u0431\u043b\u0430\u0441\u0442\u0438 \u043d\u0435\u0434\u0432\u0438\u0436\u0438\u043c\u043e\u0441\u0442\u0438 Grupo Lar.\",\"breadcrumb\":{\"@id\":\"https:\\\/\\\/alegria-realestate.com\\\/cs\\\/articles\\\/news\\\/grupo-lar-creates-a-new-rental-platform#breadcrumb\"},\"inLanguage\":\"cs\",\"potentialAction\":[{\"@type\":\"ReadAction\",\"target\":[[\"https:\\\/\\\/alegria-realestate.com\\\/cs\\\/articles\\\/news\\\/grupo-lar-creates-a-new-rental-platform\"]]}]},{\"@type\":\"ImageObject\",\"inLanguage\":\"cs\",\"@id\":\"https:\\\/\\\/alegria-realestate.com\\\/cs\\\/articles\\\/news\\\/grupo-lar-creates-a-new-rental-platform#primaryimage\",\"url\":\"https:\\\/\\\/alegria-realestate.com\\\/wp-content\\\/uploads\\\/2020\\\/10\\\/Grupo-Lar-creates-a-new-rental-platform.jpg\",\"contentUrl\":\"https:\\\/\\\/alegria-realestate.com\\\/wp-content\\\/uploads\\\/2020\\\/10\\\/Grupo-Lar-creates-a-new-rental-platform.jpg\",\"width\":860,\"height\":382},{\"@type\":\"BreadcrumbList\",\"@id\":\"https:\\\/\\\/alegria-realestate.com\\\/cs\\\/articles\\\/news\\\/grupo-lar-creates-a-new-rental-platform#breadcrumb\",\"itemListElement\":[{\"@type\":\"ListItem\",\"position\":1,\"name\":\"\u0413\u043b\u0430\u0432\u043d\u0430\u044f \u0441\u0442\u0440\u0430\u043d\u0438\u0446\u0430\",\"item\":\"https:\\\/\\\/alegria-realestate.com\\\/cs\\\/\"},{\"@type\":\"ListItem\",\"position\":2,\"name\":\"Grupo Lar vytv\u00e1\u0159\u00ed novou platformu pro pron\u00e1jem s v\u00edce ne\u017e 5 000 nemovitostmi\"}]},{\"@type\":\"WebSite\",\"@id\":\"https:\\\/\\\/alegria-realestate.com\\\/cs\\\/#website\",\"url\":\"https:\\\/\\\/alegria-realestate.com\\\/cs\\\/\",\"name\":\"Nemovitosti ve \u0160pan\u011blsku\",\"description\":\"Nemovitosti ve \u0160pan\u011blsku: prodej ve v\u0161ech m\u011bstech \u2013 Torrevieja, Alicante, Benidorm a dal\u0161\u00ed. Pom\u016f\u017eeme v\u00e1m s koup\u00ed nemovitosti na Costa Blanca \u2013 secondhandov\u00e9 bydlen\u00ed i novostavby. Kompletn\u00ed vy\u0159\u00edzen\u00ed na kl\u00ed\u010d. Nemovitosti na Costa Blanca od 80 000 \u20ac.\",\"publisher\":{\"@id\":\"https:\\\/\\\/alegria-realestate.com\\\/cs\\\/#organization\"},\"potentialAction\":[{\"@type\":\"SearchAction\",\"target\":{\"@type\":\"EntryPoint\",\"urlTemplate\":\"https:\\\/\\\/alegria-realestate.com\\\/cs\\\/?s={search_term_string}\"},\"query-input\":{\"@type\":\"PropertyValueSpecification\",\"valueRequired\":true,\"valueName\":\"search_term_string\"}}],\"inLanguage\":\"cs\"},{\"@type\":\"Organization\",\"@id\":\"https:\\\/\\\/alegria-realestate.com\\\/cs\\\/#organization\",\"name\":\"Alegria Realestate\",\"url\":\"https:\\\/\\\/alegria-realestate.com\\\/cs\\\/\",\"logo\":{\"@type\":\"ImageObject\",\"inLanguage\":\"cs\",\"@id\":\"https:\\\/\\\/alegria-realestate.com\\\/cs\\\/#\\\/schema\\\/logo\\\/image\\\/\",\"url\":\"https:\\\/\\\/alegria-realestate.com\\\/wp-content\\\/uploads\\\/2019\\\/08\\\/logo_alegria.png\",\"contentUrl\":\"https:\\\/\\\/alegria-realestate.com\\\/wp-content\\\/uploads\\\/2019\\\/08\\\/logo_alegria.png\",\"width\":1600,\"height\":1403,\"caption\":\"Alegria Realestate\"},\"image\":{\"@id\":\"https:\\\/\\\/alegria-realestate.com\\\/cs\\\/#\\\/schema\\\/logo\\\/image\\\/\"},\"sameAs\":[\"https:\\\/\\\/www.facebook.com\\\/realestate.alegria\",\"https:\\\/\\\/x.com\\\/alegriarealesta\",\"https:\\\/\\\/www.instagram.com\\\/alegriadom\\\/\",\"https:\\\/\\\/www.linkedin.com\\\/profile\\\/view?id=154965227\",\"https:\\\/\\\/www.youtube.com\\\/user\\\/AlegriaRealEstate\"]},{\"@type\":\"Person\",\"@id\":\"https:\\\/\\\/alegria-realestate.com\\\/#\\\/schema\\\/person\\\/9d285f0a34620d7fb8e3836f93b5522c\",\"name\":\"\u0421\u0435\u0440\u0433\u0435\u0439 \u0411\u0435\u043a\u0438\u0448\u0435\u0432\"}]}<\/script>\n<!-- \/ Yoast SEO plugin. -->","yoast_head_json":{"title":"Grupo Lar \u0440\u0435\u043e\u0440\u0433\u0430\u043d\u0438\u0437\u043e\u0432\u0430\u043b\u0430 \u0441\u0432\u043e\u044e \u043a\u043e\u043c\u0430\u043d\u0434\u0443 \u043f\u0440\u043e\u0444\u0435\u0441\u0441\u0438\u043e\u043d\u0430\u043b\u043e\u0432 \u043f\u043e \u0436\u0438\u043b\u043e\u0439 \u043d\u0435\u0434\u0432\u0438\u0436\u0438\u043c\u043e\u0441\u0442\u0438 \u0438 \u0441\u043e\u0437\u0434\u0430\u043b\u0430 \u043d\u043e\u0432\u0443\u044e \u043f\u043b\u0430\u0442\u0444\u043e\u0440\u043c\u0443 \u0430\u0440\u0435\u043d\u0434\u044b","description":"Grupo Lar \u0437\u0430\u043a\u043b\u044e\u0447\u0438\u043b\u0430 \u0441\u043e\u0433\u043b\u0430\u0448\u0435\u043d\u0438\u0435 \u0441 \u0444\u0440\u0430\u043d\u0446\u0443\u0437\u0441\u043a\u043e\u0439 \u043a\u043e\u043c\u043f\u0430\u043d\u0438\u0435\u0439 Primonial, \u0432 \u0440\u0435\u0437\u0443\u043b\u044c\u0442\u0430\u0442\u0435 \u0447\u0435\u0433\u043e \u0431\u044b\u043b\u0430 \u0441\u043e\u0437\u0434\u0430\u043d\u0430 \u043d\u043e\u0432\u0430\u044f \u043f\u043b\u0430\u0442\u0444\u043e\u0440\u043c\u0430 \u043f\u043e \u0430\u0440\u0435\u043d\u0434\u0435 \u043d\u0435\u0434\u0432\u0438\u0436\u0438\u043c\u043e\u0441\u0442\u0438, \u0432 \u0430\u043a\u0442\u0438\u0432\u0435 \u043a\u043e\u0442\u043e\u0440\u043e\u0439 \u0431\u043e\u043b\u0435\u0435 5000 \u043e\u0431\u044a\u0435\u043a\u0442\u043e\u0432. \u0412 \u0441\u0432\u044f\u0437\u0438 \u0441 \u044d\u0442\u0438\u043c \u0431\u044b\u043b\u0430 \u043f\u0440\u043e\u0432\u0435\u0434\u0435\u043d\u0430 \u0440\u0435\u043e\u0440\u0433\u0430\u043d\u0438\u0437\u0430\u0446\u0438\u044f \u043a\u043e\u043c\u0430\u043d\u0434\u044b \u043f\u0440\u043e\u0444\u0435\u0441\u0441\u0438\u043e\u043d\u0430\u043b\u043e\u0432 \u0432 \u043e\u0431\u043b\u0430\u0441\u0442\u0438 \u043d\u0435\u0434\u0432\u0438\u0436\u0438\u043c\u043e\u0441\u0442\u0438 Grupo Lar.","robots":{"index":"index","follow":"follow","max-snippet":"max-snippet:-1","max-image-preview":"max-image-preview:large","max-video-preview":"max-video-preview:-1"},"canonical":"https:\/\/alegria-realestate.com\/cs\/wp-json\/wp\/v2\/posts\/227725","og_locale":"cs_CZ","og_type":"article","og_title":"Grupo Lar \u0440\u0435\u043e\u0440\u0433\u0430\u043d\u0438\u0437\u043e\u0432\u0430\u043b\u0430 \u0441\u0432\u043e\u044e \u043a\u043e\u043c\u0430\u043d\u0434\u0443 \u043f\u0440\u043e\u0444\u0435\u0441\u0441\u0438\u043e\u043d\u0430\u043b\u043e\u0432 \u043f\u043e \u0436\u0438\u043b\u043e\u0439 \u043d\u0435\u0434\u0432\u0438\u0436\u0438\u043c\u043e\u0441\u0442\u0438 \u0438 \u0441\u043e\u0437\u0434\u0430\u043b\u0430 \u043d\u043e\u0432\u0443\u044e \u043f\u043b\u0430\u0442\u0444\u043e\u0440\u043c\u0443 \u0430\u0440\u0435\u043d\u0434\u044b","og_description":"Grupo Lar \u0437\u0430\u043a\u043b\u044e\u0447\u0438\u043b\u0430 \u0441\u043e\u0433\u043b\u0430\u0448\u0435\u043d\u0438\u0435 \u0441 \u0444\u0440\u0430\u043d\u0446\u0443\u0437\u0441\u043a\u043e\u0439 \u043a\u043e\u043c\u043f\u0430\u043d\u0438\u0435\u0439 Primonial, \u0432 \u0440\u0435\u0437\u0443\u043b\u044c\u0442\u0430\u0442\u0435 \u0447\u0435\u0433\u043e \u0431\u044b\u043b\u0430 \u0441\u043e\u0437\u0434\u0430\u043d\u0430 \u043d\u043e\u0432\u0430\u044f \u043f\u043b\u0430\u0442\u0444\u043e\u0440\u043c\u0430 \u043f\u043e \u0430\u0440\u0435\u043d\u0434\u0435 \u043d\u0435\u0434\u0432\u0438\u0436\u0438\u043c\u043e\u0441\u0442\u0438, \u0432 \u0430\u043a\u0442\u0438\u0432\u0435 \u043a\u043e\u0442\u043e\u0440\u043e\u0439 \u0431\u043e\u043b\u0435\u0435 5000 \u043e\u0431\u044a\u0435\u043a\u0442\u043e\u0432. \u0412 \u0441\u0432\u044f\u0437\u0438 \u0441 \u044d\u0442\u0438\u043c \u0431\u044b\u043b\u0430 \u043f\u0440\u043e\u0432\u0435\u0434\u0435\u043d\u0430 \u0440\u0435\u043e\u0440\u0433\u0430\u043d\u0438\u0437\u0430\u0446\u0438\u044f \u043a\u043e\u043c\u0430\u043d\u0434\u044b \u043f\u0440\u043e\u0444\u0435\u0441\u0441\u0438\u043e\u043d\u0430\u043b\u043e\u0432 \u0432 \u043e\u0431\u043b\u0430\u0441\u0442\u0438 \u043d\u0435\u0434\u0432\u0438\u0436\u0438\u043c\u043e\u0441\u0442\u0438 Grupo Lar.","og_url":"https:\/\/alegria-realestate.com\/cs\/wp-json\/wp\/v2\/posts\/227725","og_site_name":"Nemovitosti ve \u0160pan\u011blsku","article_publisher":"https:\/\/www.facebook.com\/realestate.alegria","article_published_time":"2020-10-21T10:39:08+00:00","article_modified_time":"2025-08-14T18:25:55+00:00","og_image":[{"width":860,"height":382,"url":"https:\/\/alegria-realestate.com\/wp-content\/uploads\/2020\/10\/Grupo-Lar-creates-a-new-rental-platform.jpg","type":"image\/jpeg"}],"author":"\u0421\u0435\u0440\u0433\u0435\u0439 \u0411\u0435\u043a\u0438\u0448\u0435\u0432","twitter_card":"summary_large_image","twitter_creator":"@alegriarealesta","twitter_site":"@alegriarealesta","schema":{"@context":"https:\/\/schema.org","@graph":[{"@type":"Article","@id":"https:\/\/alegria-realestate.com\/cs\/articles\/news\/grupo-lar-creates-a-new-rental-platform#article","isPartOf":{"@id":"https:\/\/alegria-realestate.com\/cs\/articles\/news\/grupo-lar-creates-a-new-rental-platform"},"author":{"name":"\u0421\u0435\u0440\u0433\u0435\u0439 \u0411\u0435\u043a\u0438\u0448\u0435\u0432","@id":"https:\/\/alegria-realestate.com\/#\/schema\/person\/9d285f0a34620d7fb8e3836f93b5522c"},"headline":"Grupo Lar vytv\u00e1\u0159\u00ed novou platformu pro pron\u00e1jem s v\u00edce ne\u017e 5 000 nemovitostmi","datePublished":"2020-10-21T10:39:08+00:00","dateModified":"2025-08-14T18:25:55+00:00","mainEntityOfPage":{"@id":"https:\/\/alegria-realestate.com\/cs\/articles\/news\/grupo-lar-creates-a-new-rental-platform"},"wordCount":1416,"publisher":{"@id":"https:\/\/alegria-realestate.com\/#organization"},"image":{"@id":"https:\/\/alegria-realestate.com\/cs\/articles\/news\/grupo-lar-creates-a-new-rental-platform#primaryimage"},"thumbnailUrl":"https:\/\/alegria-realestate.com\/wp-content\/uploads\/2020\/10\/Grupo-Lar-creates-a-new-rental-platform.jpg","articleSection":["Zpr\u00e1vy"],"inLanguage":"cs"},{"@type":"WebPage","@id":"https:\/\/alegria-realestate.com\/cs\/articles\/news\/grupo-lar-creates-a-new-rental-platform","url":"https:\/\/alegria-realestate.com\/cs\/articles\/news\/grupo-lar-creates-a-new-rental-platform","name":"Grupo Lar \u0440\u0435\u043e\u0440\u0433\u0430\u043d\u0438\u0437\u043e\u0432\u0430\u043b\u0430 \u0441\u0432\u043e\u044e \u043a\u043e\u043c\u0430\u043d\u0434\u0443 \u043f\u0440\u043e\u0444\u0435\u0441\u0441\u0438\u043e\u043d\u0430\u043b\u043e\u0432 \u043f\u043e \u0436\u0438\u043b\u043e\u0439 \u043d\u0435\u0434\u0432\u0438\u0436\u0438\u043c\u043e\u0441\u0442\u0438 \u0438 \u0441\u043e\u0437\u0434\u0430\u043b\u0430 \u043d\u043e\u0432\u0443\u044e \u043f\u043b\u0430\u0442\u0444\u043e\u0440\u043c\u0443 \u0430\u0440\u0435\u043d\u0434\u044b","isPartOf":{"@id":"https:\/\/alegria-realestate.com\/cs\/#website"},"primaryImageOfPage":{"@id":"https:\/\/alegria-realestate.com\/cs\/articles\/news\/grupo-lar-creates-a-new-rental-platform#primaryimage"},"image":{"@id":"https:\/\/alegria-realestate.com\/cs\/articles\/news\/grupo-lar-creates-a-new-rental-platform#primaryimage"},"thumbnailUrl":"https:\/\/alegria-realestate.com\/wp-content\/uploads\/2020\/10\/Grupo-Lar-creates-a-new-rental-platform.jpg","datePublished":"2020-10-21T10:39:08+00:00","dateModified":"2025-08-14T18:25:55+00:00","description":"Grupo Lar \u0437\u0430\u043a\u043b\u044e\u0447\u0438\u043b\u0430 \u0441\u043e\u0433\u043b\u0430\u0448\u0435\u043d\u0438\u0435 \u0441 \u0444\u0440\u0430\u043d\u0446\u0443\u0437\u0441\u043a\u043e\u0439 \u043a\u043e\u043c\u043f\u0430\u043d\u0438\u0435\u0439 Primonial, \u0432 \u0440\u0435\u0437\u0443\u043b\u044c\u0442\u0430\u0442\u0435 \u0447\u0435\u0433\u043e \u0431\u044b\u043b\u0430 \u0441\u043e\u0437\u0434\u0430\u043d\u0430 \u043d\u043e\u0432\u0430\u044f \u043f\u043b\u0430\u0442\u0444\u043e\u0440\u043c\u0430 \u043f\u043e \u0430\u0440\u0435\u043d\u0434\u0435 \u043d\u0435\u0434\u0432\u0438\u0436\u0438\u043c\u043e\u0441\u0442\u0438, \u0432 \u0430\u043a\u0442\u0438\u0432\u0435 \u043a\u043e\u0442\u043e\u0440\u043e\u0439 \u0431\u043e\u043b\u0435\u0435 5000 \u043e\u0431\u044a\u0435\u043a\u0442\u043e\u0432. \u0412 \u0441\u0432\u044f\u0437\u0438 \u0441 \u044d\u0442\u0438\u043c \u0431\u044b\u043b\u0430 \u043f\u0440\u043e\u0432\u0435\u0434\u0435\u043d\u0430 \u0440\u0435\u043e\u0440\u0433\u0430\u043d\u0438\u0437\u0430\u0446\u0438\u044f \u043a\u043e\u043c\u0430\u043d\u0434\u044b \u043f\u0440\u043e\u0444\u0435\u0441\u0441\u0438\u043e\u043d\u0430\u043b\u043e\u0432 \u0432 \u043e\u0431\u043b\u0430\u0441\u0442\u0438 \u043d\u0435\u0434\u0432\u0438\u0436\u0438\u043c\u043e\u0441\u0442\u0438 Grupo Lar.","breadcrumb":{"@id":"https:\/\/alegria-realestate.com\/cs\/articles\/news\/grupo-lar-creates-a-new-rental-platform#breadcrumb"},"inLanguage":"cs","potentialAction":[{"@type":"ReadAction","target":[["https:\/\/alegria-realestate.com\/cs\/articles\/news\/grupo-lar-creates-a-new-rental-platform"]]}]},{"@type":"ImageObject","inLanguage":"cs","@id":"https:\/\/alegria-realestate.com\/cs\/articles\/news\/grupo-lar-creates-a-new-rental-platform#primaryimage","url":"https:\/\/alegria-realestate.com\/wp-content\/uploads\/2020\/10\/Grupo-Lar-creates-a-new-rental-platform.jpg","contentUrl":"https:\/\/alegria-realestate.com\/wp-content\/uploads\/2020\/10\/Grupo-Lar-creates-a-new-rental-platform.jpg","width":860,"height":382},{"@type":"BreadcrumbList","@id":"https:\/\/alegria-realestate.com\/cs\/articles\/news\/grupo-lar-creates-a-new-rental-platform#breadcrumb","itemListElement":[{"@type":"ListItem","position":1,"name":"\u0413\u043b\u0430\u0432\u043d\u0430\u044f \u0441\u0442\u0440\u0430\u043d\u0438\u0446\u0430","item":"https:\/\/alegria-realestate.com\/cs\/"},{"@type":"ListItem","position":2,"name":"Grupo Lar vytv\u00e1\u0159\u00ed novou platformu pro pron\u00e1jem s v\u00edce ne\u017e 5 000 nemovitostmi"}]},{"@type":"WebSite","@id":"https:\/\/alegria-realestate.com\/cs\/#website","url":"https:\/\/alegria-realestate.com\/cs\/","name":"Nemovitosti ve \u0160pan\u011blsku","description":"Nemovitosti ve \u0160pan\u011blsku: prodej ve v\u0161ech m\u011bstech \u2013 Torrevieja, Alicante, Benidorm a dal\u0161\u00ed. Pom\u016f\u017eeme v\u00e1m s koup\u00ed nemovitosti na Costa Blanca \u2013 secondhandov\u00e9 bydlen\u00ed i novostavby. Kompletn\u00ed vy\u0159\u00edzen\u00ed na kl\u00ed\u010d. Nemovitosti na Costa Blanca od 80 000 \u20ac.","publisher":{"@id":"https:\/\/alegria-realestate.com\/cs\/#organization"},"potentialAction":[{"@type":"SearchAction","target":{"@type":"EntryPoint","urlTemplate":"https:\/\/alegria-realestate.com\/cs\/?s={search_term_string}"},"query-input":{"@type":"PropertyValueSpecification","valueRequired":true,"valueName":"search_term_string"}}],"inLanguage":"cs"},{"@type":"Organization","@id":"https:\/\/alegria-realestate.com\/cs\/#organization","name":"Alegria Realestate","url":"https:\/\/alegria-realestate.com\/cs\/","logo":{"@type":"ImageObject","inLanguage":"cs","@id":"https:\/\/alegria-realestate.com\/cs\/#\/schema\/logo\/image\/","url":"https:\/\/alegria-realestate.com\/wp-content\/uploads\/2019\/08\/logo_alegria.png","contentUrl":"https:\/\/alegria-realestate.com\/wp-content\/uploads\/2019\/08\/logo_alegria.png","width":1600,"height":1403,"caption":"Alegria Realestate"},"image":{"@id":"https:\/\/alegria-realestate.com\/cs\/#\/schema\/logo\/image\/"},"sameAs":["https:\/\/www.facebook.com\/realestate.alegria","https:\/\/x.com\/alegriarealesta","https:\/\/www.instagram.com\/alegriadom\/","https:\/\/www.linkedin.com\/profile\/view?id=154965227","https:\/\/www.youtube.com\/user\/AlegriaRealEstate"]},{"@type":"Person","@id":"https:\/\/alegria-realestate.com\/#\/schema\/person\/9d285f0a34620d7fb8e3836f93b5522c","name":"\u0421\u0435\u0440\u0433\u0435\u0439 \u0411\u0435\u043a\u0438\u0448\u0435\u0432"}]}},"_links":{"self":[{"href":"https:\/\/alegria-realestate.com\/cs\/wp-json\/wp\/v2\/posts\/227725","targetHints":{"allow":["GET"]}}],"collection":[{"href":"https:\/\/alegria-realestate.com\/cs\/wp-json\/wp\/v2\/posts"}],"about":[{"href":"https:\/\/alegria-realestate.com\/cs\/wp-json\/wp\/v2\/types\/post"}],"author":[{"embeddable":true,"href":"https:\/\/alegria-realestate.com\/cs\/wp-json\/wp\/v2\/users\/18"}],"replies":[{"embeddable":true,"href":"https:\/\/alegria-realestate.com\/cs\/wp-json\/wp\/v2\/comments?post=227725"}],"version-history":[{"count":1,"href":"https:\/\/alegria-realestate.com\/cs\/wp-json\/wp\/v2\/posts\/227725\/revisions"}],"predecessor-version":[{"id":837361,"href":"https:\/\/alegria-realestate.com\/cs\/wp-json\/wp\/v2\/posts\/227725\/revisions\/837361"}],"wp:featuredmedia":[{"embeddable":true,"href":"https:\/\/alegria-realestate.com\/cs\/wp-json\/wp\/v2\/media\/227726"}],"wp:attachment":[{"href":"https:\/\/alegria-realestate.com\/cs\/wp-json\/wp\/v2\/media?parent=227725"}],"wp:term":[{"taxonomy":"category","embeddable":true,"href":"https:\/\/alegria-realestate.com\/cs\/wp-json\/wp\/v2\/categories?post=227725"},{"taxonomy":"post_tag","embeddable":true,"href":"https:\/\/alegria-realestate.com\/cs\/wp-json\/wp\/v2\/tags?post=227725"}],"curies":[{"name":"wp","href":"https:\/\/api.w.org\/{rel}","templated":true}]}}