{"id":495264,"date":"2023-03-06T16:13:32","date_gmt":"2023-03-06T13:13:32","guid":{"rendered":"https:\/\/alegria-realestate.com\/?p=495264"},"modified":"2025-08-14T21:35:15","modified_gmt":"2025-08-14T18:35:15","slug":"fallas-in-valencia-2023","status":"publish","type":"post","link":"https:\/\/alegria-realestate.com\/cs\/articles\/fallas-in-valencia-2023","title":{"rendered":"Rozpis Valencie Fallas 2023"},"content":{"rendered":"<p>Fallas je hlavn\u00ed festival ve m\u011bst\u011b Valencie, kter\u00fd se slav\u00ed v b\u0159eznu. Sv\u00e1tek poch\u00e1z\u00ed ze star\u00e9 pohansk\u00e9 tradice spojen\u00e9 se zimn\u00edm slunovratem a za\u010d\u00e1tkem jara. Historie Fallas sah\u00e1 a\u017e do st\u0159edov\u011bku, kdy valencij\u0161t\u00ed \u0159emesln\u00edci za\u010dali vyr\u00e1b\u011bt panenky z hl\u00edny a pap\u00edru ve tvaru \u017een a mu\u017e\u016f, kter\u00e9 byly po oslav\u011b sp\u00e1leny. Tyto panenky, zvan\u00e9 \u201eninot\u201c, a kompozice z nich vyroben\u00e9 \u2013 \u201efallas\u201c symbolizovaly zlo a katastrofy, kter\u00e9 bylo nutn\u00e9 sp\u00e1lit, aby p\u0159il\u00e1kaly \u0161t\u011bst\u00ed a prosperitu. Kompozice jsou skute\u010dn\u00fdmi um\u011bleck\u00fdmi d\u00edly. Fallas jsou um\u00edst\u011bny na ulic\u00edch a hlavn\u00edm n\u00e1m\u011bst\u00ed m\u011bsta a posledn\u00ed den festivalu jsou slavnostn\u011b sp\u00e1leny. Pouze ty skladby, kter\u00e9 jsou uzn\u00e1ny jako nejlep\u0161\u00ed, uniknou na konci festivalu tomuto smutn\u00e9mu osudu a jsou odesl\u00e1ny do Fallas Festival Museum. Fallas jsou d\u016fle\u017eitou kulturn\u00ed a turistickou ud\u00e1lost\u00ed ve Valencii, p\u0159itahuj\u00ed mnoho n\u00e1v\u0161t\u011bvn\u00edk\u016f a v\u00fdznamn\u011b p\u0159isp\u00edvaj\u00ed k ekonomice regionu. N\u00ed\u017ee naleznete \u00fapln\u00fd program festivalu Fallas ve Valencii v roce 2023.<\/p>\n<h2> Program Valencia Fallas 2023<\/h2>\n<p> Podle zaveden\u00e9 tradice slav\u00ed obyvatel\u00e9 a n\u00e1v\u0161t\u011bvn\u00edci Valencie a\u017e do 19. b\u0159ezna Fallas, festival ohn\u011b, kter\u00fd je sou\u010d\u00e1st\u00ed sv\u011btov\u00e9ho nehmotn\u00e9ho d\u011bdictv\u00ed UNESCO. Fallas se slav\u00ed i v dal\u0161\u00edch m\u011bstech Valencijsk\u00e9ho spole\u010denstv\u00ed, ale pr\u00e1v\u011b v jeho hlavn\u00edm m\u011bst\u011b je to nejpest\u0159ej\u0161\u00ed a nejrozs\u00e1hlej\u0161\u00ed. Hlavn\u00ed slavnostn\u00ed akce jsou jako obvykle napl\u00e1nov\u00e1ny na 15. \u2013 19. b\u0159ezna a p\u0159edt\u00edm prob\u011bhne \u0159ada p\u0159\u00edpravn\u00fdch akc\u00ed. 6. b\u0159ezna: <strong>Za\u010d\u00e1tek Od 6. b\u0159ezna se ka\u017ed\u00fd den ve 14:00<\/strong> odpaluj\u00ed na hlavn\u00edm n\u00e1m\u011bst\u00ed, Plaza del Ayuntamiento, petardy \u2013 \u201emasclet\u00e0\u201c. Krom\u011b toho se \u201emasclet\u00e0\u201c uskute\u010dn\u00ed tak\u00e9 o p\u016flnoci ze soboty 11. b\u0159ezna na ned\u011bli a v ned\u011bli 12. b\u0159ezna v 15:00 ve \u010dtvrti Benicalap.<\/p>\n<h3> Od 6. do 15. b\u0159ezna: v\u00fdstava d\u011btsk\u00fdch figurek &quot;ninot&quot;<\/h3>\n<p> Do 15. b\u0159ezna v\u010detn\u011b bude v Muzeu v\u011bd (Museo de las Ciencias), kter\u00e9 se nach\u00e1z\u00ed na \u00fazem\u00ed m\u011bsta um\u011bn\u00ed a v\u011bd, k vid\u011bn\u00ed v\u00fdstava d\u011btsk\u00fdch figur\u00e1ln\u00edch kompozic \u201eninot\u201c. Nav\u0161t\u00edvit ji m\u016f\u017eete <strong>denn\u011b od 10:00 do 20:00 (pond\u011bl\u00ed-\u010dtvrtek) a od 10:00 do 21:00 (p\u00e1tek-ned\u011ble).<\/strong> Jedna \u010d\u00e1st v\u00fdstavy se uzav\u0159e <strong>14. b\u0159ezna v 17:00<\/strong> (v 17:30 bude ur\u010den &quot;ninot indultat infantil&quot;, kter\u00fd unikne p\u00e1len\u00ed), <strong>druh\u00e1 &#8211; 15. b\u0159ezna v 17:00<\/strong> (za p\u016fl hodiny bude zn\u00e1m &quot;ninot indultat&quot;).<\/p>\n<h3> 15.-16. b\u0159ezna: instalace d\u011btsk\u00fdch a jin\u00fdch fallas skladeb v ulic\u00edch m\u011bsta<\/h3>\n<p> <strong>15. b\u0159ezna v 8:00<\/strong> budou v ulic\u00edch m\u011bsta instalov\u00e1ny skladby \u201eninot infantil\u201c a <strong>16. b\u0159ezna ve stejn\u00fd \u010das<\/strong> na sv\u00e1 m\u00edsta nastoup\u00ed v\u0161ichni ostatn\u00ed \u201efallas\u201c.<\/p>\n<h3> P\u016flnoc z 15. na 16. b\u0159ezna, od 16. do 17. a od 18. do 19. b\u0159ezna: pyrotechnick\u00e9 show<\/h3>\n<p> <strong>O p\u016flnoci z 15. na 16. b\u0159ezna<\/strong> se v Plaza del Ayuntamiento uskute\u010dn\u00ed pyrotechnick\u00e1 show a <strong>od 16. do 17. b\u0159ezna<\/strong> organiz\u00e1to\u0159i festivalu uspo\u0159\u00e1daj\u00ed oh\u0148ostroj v Jard\u00edn\u011b del Turia, kter\u00fd se bude opakovat <strong>v 1:00 od 17. do 18. b\u0159ezna a v 1:00 od b\u0159ezna (\u201cnit 9. b\u0159ezna\u201d \u2013 18.\u201317.3<\/strong> .).<\/p>\n<h3> 17. a 18. b\u0159ezna: proces\u00ed a kv\u011btinov\u00e9 ob\u011btiny<\/h3>\n<p> <strong>17. b\u0159ezna od 15:30 do 23:55 a 18. b\u0159ezna od 15:30 do 1:00<\/strong> se po m\u011bst\u011b budou konat proces\u00ed s polo\u017een\u00edm kv\u011btin k obrazu patronky Valencie Mare de D\u00e9u els Desemparats \u2013 Panny Marie Vyd\u011bd\u011bn\u00e9. <strong>18. b\u0159ezna v 10:30<\/strong> bude poct\u011bn novin\u00e1\u0159, spisovatel, re\u017eis\u00e9r a dramatik Maximilian Tus i Orts a <strong>ve 12:00<\/strong> b\u00e1sn\u00edk Maestro Serrano; U jejich pomn\u00edk\u016f prob\u011bhnou slavnostn\u00ed ceremonie.<\/p>\n<h3> 19. b\u0159ezna: Vyvrcholen\u00ed festivalu Fallas ve Valencii<\/h3>\n<p> Vyvrcholen\u00edm pr\u00e1zdnin bude <strong>19. b\u0159ezna.<\/strong> <strong>V 11:00<\/strong> prob\u011bhne slavnostn\u00ed polo\u017een\u00ed v\u011bnc\u016f na most\u011b Sant Josep a <strong>ve 12:00<\/strong> bude slou\u017eena m\u0161e na jeho po\u010dest v katedr\u00e1le ve Valencii. <strong>V 18:00<\/strong> za\u010dne \u201eohniv\u00fd pr\u016fvod\u201c z Calle Ruzafa po Calle Col\u00f3n na Plaza de la Porta la Mar, od 20:00 budou p\u00e1leny kompozice d\u011btsk\u00fdch figurek a <strong>od 22:00<\/strong> v\u0161echny ostatn\u00ed. Dv\u011b hlavn\u00ed postavy budou zap\u00e1leny na Plaza del Ayuntamiento <strong>ve 21:00 a 23:00.<\/strong><\/p>","protected":false},"excerpt":{"rendered":"<p>Fallas je hlavn\u00ed festival ve m\u011bst\u011b Valencie, kter\u00fd se\u2026<\/p>\n","protected":false},"author":19,"featured_media":495266,"comment_status":"closed","ping_status":"closed","sticky":false,"template":"","format":"standard","meta":{"footnotes":""},"categories":[1,76],"tags":[],"class_list":["post-495264","post","type-post","status-publish","format-standard","has-post-thumbnail","hentry","category-articles","category-tourism-in-spain"],"yoast_head":"<!-- This site is optimized with the Yoast SEO plugin v27.5 - https:\/\/yoast.com\/product\/yoast-seo-wordpress\/ -->\n<title>(RU) \u0424\u0430\u043b\u044c\u044f\u0441-2023 \u0432 \u0412\u0430\u043b\u0435\u043d\u0441\u0438\u0438: \u043f\u0440\u043e\u0433\u0440\u0430\u043c\u043c\u0430 \u043f\u0440\u0430\u0437\u0434\u043d\u0438\u043a\u0430<\/title>\n<meta name=\"description\" content=\"(RU) \u0412 \u044d\u0442\u043e\u0439 \u0441\u0442\u0430\u0442\u044c\u0435 \u043c\u044b \u043f\u0440\u0435\u0434\u0441\u0442\u0430\u0432\u043b\u044f\u0435\u043c \u0432\u0430\u0448\u0435\u043c\u0443 \u0432\u043d\u0438\u043c\u0430\u043d\u0438\u044e \u043f\u0440\u043e\u0433\u0440\u0430\u043c\u043c\u0443 \u0444\u0435\u0441\u0442\u0438\u0432\u0430\u043b\u044f \u0424\u0430\u043b\u044c\u044f\u0441 \u0432 \u0412\u0430\u043b\u0435\u043d\u0441\u0438\u0438 \u2013 \u0433\u043b\u0430\u0432\u043d\u043e\u0433\u043e \u043f\u0440\u0430\u0437\u0434\u043d\u0438\u043a\u0430 \u0433\u043e\u0440\u043e\u0434\u0430 \u0438 \u0432\u0441\u0435\u0433\u043e \u0412\u0430\u043b\u0435\u043d\u0441\u0438\u0439\u0441\u043a\u043e\u0433\u043e \u0441\u043e\u043e\u0431\u0449\u0435\u0441\u0442\u0432\u0430\" \/>\n<meta name=\"robots\" content=\"index, follow, max-snippet:-1, max-image-preview:large, max-video-preview:-1\" \/>\n<link rel=\"canonical\" href=\"https:\/\/alegria-realestate.com\/cs\/wp-json\/wp\/v2\/posts\/495264\" \/>\n<meta property=\"og:locale\" content=\"cs_CZ\" \/>\n<meta property=\"og:type\" content=\"article\" \/>\n<meta property=\"og:title\" content=\"(RU) \u0424\u0430\u043b\u044c\u044f\u0441-2023 \u0432 \u0412\u0430\u043b\u0435\u043d\u0441\u0438\u0438: \u043f\u0440\u043e\u0433\u0440\u0430\u043c\u043c\u0430 \u043f\u0440\u0430\u0437\u0434\u043d\u0438\u043a\u0430\" \/>\n<meta property=\"og:description\" content=\"(RU) \u0412 \u044d\u0442\u043e\u0439 \u0441\u0442\u0430\u0442\u044c\u0435 \u043c\u044b \u043f\u0440\u0435\u0434\u0441\u0442\u0430\u0432\u043b\u044f\u0435\u043c \u0432\u0430\u0448\u0435\u043c\u0443 \u0432\u043d\u0438\u043c\u0430\u043d\u0438\u044e \u043f\u0440\u043e\u0433\u0440\u0430\u043c\u043c\u0443 \u0444\u0435\u0441\u0442\u0438\u0432\u0430\u043b\u044f \u0424\u0430\u043b\u044c\u044f\u0441 \u0432 \u0412\u0430\u043b\u0435\u043d\u0441\u0438\u0438 \u2013 \u0433\u043b\u0430\u0432\u043d\u043e\u0433\u043e \u043f\u0440\u0430\u0437\u0434\u043d\u0438\u043a\u0430 \u0433\u043e\u0440\u043e\u0434\u0430 \u0438 \u0432\u0441\u0435\u0433\u043e \u0412\u0430\u043b\u0435\u043d\u0441\u0438\u0439\u0441\u043a\u043e\u0433\u043e \u0441\u043e\u043e\u0431\u0449\u0435\u0441\u0442\u0432\u0430\" \/>\n<meta property=\"og:url\" content=\"https:\/\/alegria-realestate.com\/cs\/wp-json\/wp\/v2\/posts\/495264\" \/>\n<meta property=\"og:site_name\" content=\"Nemovitosti ve \u0160pan\u011blsku\" \/>\n<meta property=\"article:publisher\" content=\"https:\/\/www.facebook.com\/realestate.alegria\" \/>\n<meta property=\"article:published_time\" content=\"2023-03-06T13:13:32+00:00\" \/>\n<meta property=\"article:modified_time\" content=\"2025-08-14T18:35:15+00:00\" \/>\n<meta property=\"og:image\" content=\"https:\/\/alegria-realestate.com\/wp-content\/uploads\/2023\/03\/Depositphotos_5561640_L-scaled.jpg\" \/>\n\t<meta property=\"og:image:width\" content=\"1920\" \/>\n\t<meta property=\"og:image:height\" content=\"1280\" \/>\n\t<meta property=\"og:image:type\" content=\"image\/jpeg\" \/>\n<meta name=\"author\" content=\"\u041b\u0435\u0440\u0430\" \/>\n<meta name=\"twitter:card\" content=\"summary_large_image\" \/>\n<meta name=\"twitter:creator\" content=\"@alegriarealesta\" \/>\n<meta name=\"twitter:site\" content=\"@alegriarealesta\" \/>\n<script type=\"application\/ld+json\" class=\"yoast-schema-graph\">{\"@context\":\"https:\\\/\\\/schema.org\",\"@graph\":[{\"@type\":\"Article\",\"@id\":\"https:\\\/\\\/alegria-realestate.com\\\/articles\\\/fallas-in-valencia-2023#article\",\"isPartOf\":{\"@id\":\"https:\\\/\\\/alegria-realestate.com\\\/articles\\\/fallas-in-valencia-2023\"},\"author\":{\"name\":\"\u041b\u0435\u0440\u0430\",\"@id\":\"https:\\\/\\\/alegria-realestate.com\\\/#\\\/schema\\\/person\\\/6c26f3bac4c1e476e858c219ece11984\"},\"headline\":\"Rozpis Valencie Fallas 2023\",\"datePublished\":\"2023-03-06T13:13:32+00:00\",\"dateModified\":\"2025-08-14T18:35:15+00:00\",\"mainEntityOfPage\":{\"@id\":\"https:\\\/\\\/alegria-realestate.com\\\/articles\\\/fallas-in-valencia-2023\"},\"wordCount\":3534,\"publisher\":{\"@id\":\"https:\\\/\\\/alegria-realestate.com\\\/#organization\"},\"image\":{\"@id\":\"https:\\\/\\\/alegria-realestate.com\\\/articles\\\/fallas-in-valencia-2023#primaryimage\"},\"thumbnailUrl\":\"https:\\\/\\\/alegria-realestate.com\\\/wp-content\\\/uploads\\\/2023\\\/03\\\/Depositphotos_5561640_L-scaled.jpg\",\"articleSection\":[\"Blog\",\"Cestovn\u00ed ruch ve \u0160pan\u011blsku\"],\"inLanguage\":\"cs\"},{\"@type\":\"WebPage\",\"@id\":\"https:\\\/\\\/alegria-realestate.com\\\/cs\\\/articles\\\/fallas-in-valencia-2023\",\"url\":\"https:\\\/\\\/alegria-realestate.com\\\/cs\\\/articles\\\/fallas-in-valencia-2023\",\"name\":\"(RU) \u0424\u0430\u043b\u044c\u044f\u0441-2023 \u0432 \u0412\u0430\u043b\u0435\u043d\u0441\u0438\u0438: \u043f\u0440\u043e\u0433\u0440\u0430\u043c\u043c\u0430 \u043f\u0440\u0430\u0437\u0434\u043d\u0438\u043a\u0430\",\"isPartOf\":{\"@id\":\"https:\\\/\\\/alegria-realestate.com\\\/cs\\\/#website\"},\"primaryImageOfPage\":{\"@id\":\"https:\\\/\\\/alegria-realestate.com\\\/cs\\\/articles\\\/fallas-in-valencia-2023#primaryimage\"},\"image\":{\"@id\":\"https:\\\/\\\/alegria-realestate.com\\\/articles\\\/fallas-in-valencia-2023#primaryimage\"},\"thumbnailUrl\":\"https:\\\/\\\/alegria-realestate.com\\\/wp-content\\\/uploads\\\/2023\\\/03\\\/Depositphotos_5561640_L-scaled.jpg\",\"datePublished\":\"2023-03-06T13:13:32+00:00\",\"dateModified\":\"2025-08-14T18:35:15+00:00\",\"description\":\"(RU) \u0412 \u044d\u0442\u043e\u0439 \u0441\u0442\u0430\u0442\u044c\u0435 \u043c\u044b \u043f\u0440\u0435\u0434\u0441\u0442\u0430\u0432\u043b\u044f\u0435\u043c \u0432\u0430\u0448\u0435\u043c\u0443 \u0432\u043d\u0438\u043c\u0430\u043d\u0438\u044e \u043f\u0440\u043e\u0433\u0440\u0430\u043c\u043c\u0443 \u0444\u0435\u0441\u0442\u0438\u0432\u0430\u043b\u044f \u0424\u0430\u043b\u044c\u044f\u0441 \u0432 \u0412\u0430\u043b\u0435\u043d\u0441\u0438\u0438 \u2013 \u0433\u043b\u0430\u0432\u043d\u043e\u0433\u043e \u043f\u0440\u0430\u0437\u0434\u043d\u0438\u043a\u0430 \u0433\u043e\u0440\u043e\u0434\u0430 \u0438 \u0432\u0441\u0435\u0433\u043e \u0412\u0430\u043b\u0435\u043d\u0441\u0438\u0439\u0441\u043a\u043e\u0433\u043e \u0441\u043e\u043e\u0431\u0449\u0435\u0441\u0442\u0432\u0430\",\"breadcrumb\":{\"@id\":\"https:\\\/\\\/alegria-realestate.com\\\/cs\\\/articles\\\/fallas-in-valencia-2023#breadcrumb\"},\"inLanguage\":\"cs\",\"potentialAction\":[{\"@type\":\"ReadAction\",\"target\":[[\"https:\\\/\\\/alegria-realestate.com\\\/cs\\\/articles\\\/fallas-in-valencia-2023\"]]}]},{\"@type\":\"ImageObject\",\"inLanguage\":\"cs\",\"@id\":\"https:\\\/\\\/alegria-realestate.com\\\/cs\\\/articles\\\/fallas-in-valencia-2023#primaryimage\",\"url\":\"https:\\\/\\\/alegria-realestate.com\\\/wp-content\\\/uploads\\\/2023\\\/03\\\/Depositphotos_5561640_L-scaled.jpg\",\"contentUrl\":\"https:\\\/\\\/alegria-realestate.com\\\/wp-content\\\/uploads\\\/2023\\\/03\\\/Depositphotos_5561640_L-scaled.jpg\",\"width\":1920,\"height\":1280,\"caption\":\"\u0420\u0430\u0441\u043f\u0438\u0441\u0430\u043d\u0438\u0435 \u043f\u0440\u0430\u0437\u0434\u043d\u043e\u0432\u0430\u043d\u0438\u044f \u0424\u0430\u043b\u044c\u044f\u0441-2023 \u0432 \u0412\u0430\u043b\u0435\u043d\u0441\u0438\u0438\"},{\"@type\":\"BreadcrumbList\",\"@id\":\"https:\\\/\\\/alegria-realestate.com\\\/cs\\\/articles\\\/fallas-in-valencia-2023#breadcrumb\",\"itemListElement\":[{\"@type\":\"ListItem\",\"position\":1,\"name\":\"\u0413\u043b\u0430\u0432\u043d\u0430\u044f \u0441\u0442\u0440\u0430\u043d\u0438\u0446\u0430\",\"item\":\"https:\\\/\\\/alegria-realestate.com\\\/cs\\\/\"},{\"@type\":\"ListItem\",\"position\":2,\"name\":\"\u0420\u0430\u0441\u043f\u0438\u0441\u0430\u043d\u0438\u0435 \u043f\u0440\u0430\u0437\u0434\u043d\u043e\u0432\u0430\u043d\u0438\u044f \u0424\u0430\u043b\u044c\u044f\u0441-2023 \u0432 \u0412\u0430\u043b\u0435\u043d\u0441\u0438\u0438\"}]},{\"@type\":\"WebSite\",\"@id\":\"https:\\\/\\\/alegria-realestate.com\\\/cs\\\/#website\",\"url\":\"https:\\\/\\\/alegria-realestate.com\\\/cs\\\/\",\"name\":\"Nemovitosti ve \u0160pan\u011blsku\",\"description\":\"Nemovitosti ve \u0160pan\u011blsku: prodej ve v\u0161ech m\u011bstech \u2013 Torrevieja, Alicante, Benidorm a dal\u0161\u00ed. Pom\u016f\u017eeme v\u00e1m s koup\u00ed nemovitosti na Costa Blanca \u2013 secondhandov\u00e9 bydlen\u00ed i novostavby. Kompletn\u00ed vy\u0159\u00edzen\u00ed na kl\u00ed\u010d. Nemovitosti na Costa Blanca od 80 000 \u20ac.\",\"publisher\":{\"@id\":\"https:\\\/\\\/alegria-realestate.com\\\/cs\\\/#organization\"},\"potentialAction\":[{\"@type\":\"SearchAction\",\"target\":{\"@type\":\"EntryPoint\",\"urlTemplate\":\"https:\\\/\\\/alegria-realestate.com\\\/cs\\\/?s={search_term_string}\"},\"query-input\":{\"@type\":\"PropertyValueSpecification\",\"valueRequired\":true,\"valueName\":\"search_term_string\"}}],\"inLanguage\":\"cs\"},{\"@type\":\"Organization\",\"@id\":\"https:\\\/\\\/alegria-realestate.com\\\/cs\\\/#organization\",\"name\":\"Alegria Realestate\",\"url\":\"https:\\\/\\\/alegria-realestate.com\\\/cs\\\/\",\"logo\":{\"@type\":\"ImageObject\",\"inLanguage\":\"cs\",\"@id\":\"https:\\\/\\\/alegria-realestate.com\\\/cs\\\/#\\\/schema\\\/logo\\\/image\\\/\",\"url\":\"https:\\\/\\\/alegria-realestate.com\\\/wp-content\\\/uploads\\\/2019\\\/08\\\/logo_alegria.png\",\"contentUrl\":\"https:\\\/\\\/alegria-realestate.com\\\/wp-content\\\/uploads\\\/2019\\\/08\\\/logo_alegria.png\",\"width\":1600,\"height\":1403,\"caption\":\"Alegria Realestate\"},\"image\":{\"@id\":\"https:\\\/\\\/alegria-realestate.com\\\/cs\\\/#\\\/schema\\\/logo\\\/image\\\/\"},\"sameAs\":[\"https:\\\/\\\/www.facebook.com\\\/realestate.alegria\",\"https:\\\/\\\/x.com\\\/alegriarealesta\",\"https:\\\/\\\/www.instagram.com\\\/alegriadom\\\/\",\"https:\\\/\\\/www.linkedin.com\\\/profile\\\/view?id=154965227\",\"https:\\\/\\\/www.youtube.com\\\/user\\\/AlegriaRealEstate\"]},{\"@type\":\"Person\",\"@id\":\"https:\\\/\\\/alegria-realestate.com\\\/#\\\/schema\\\/person\\\/6c26f3bac4c1e476e858c219ece11984\",\"name\":\"\u041b\u0435\u0440\u0430\"}]}<\/script>\n<!-- \/ Yoast SEO plugin. -->","yoast_head_json":{"title":"(RU) \u0424\u0430\u043b\u044c\u044f\u0441-2023 \u0432 \u0412\u0430\u043b\u0435\u043d\u0441\u0438\u0438: \u043f\u0440\u043e\u0433\u0440\u0430\u043c\u043c\u0430 \u043f\u0440\u0430\u0437\u0434\u043d\u0438\u043a\u0430","description":"(RU) \u0412 \u044d\u0442\u043e\u0439 \u0441\u0442\u0430\u0442\u044c\u0435 \u043c\u044b \u043f\u0440\u0435\u0434\u0441\u0442\u0430\u0432\u043b\u044f\u0435\u043c \u0432\u0430\u0448\u0435\u043c\u0443 \u0432\u043d\u0438\u043c\u0430\u043d\u0438\u044e \u043f\u0440\u043e\u0433\u0440\u0430\u043c\u043c\u0443 \u0444\u0435\u0441\u0442\u0438\u0432\u0430\u043b\u044f \u0424\u0430\u043b\u044c\u044f\u0441 \u0432 \u0412\u0430\u043b\u0435\u043d\u0441\u0438\u0438 \u2013 \u0433\u043b\u0430\u0432\u043d\u043e\u0433\u043e \u043f\u0440\u0430\u0437\u0434\u043d\u0438\u043a\u0430 \u0433\u043e\u0440\u043e\u0434\u0430 \u0438 \u0432\u0441\u0435\u0433\u043e \u0412\u0430\u043b\u0435\u043d\u0441\u0438\u0439\u0441\u043a\u043e\u0433\u043e \u0441\u043e\u043e\u0431\u0449\u0435\u0441\u0442\u0432\u0430","robots":{"index":"index","follow":"follow","max-snippet":"max-snippet:-1","max-image-preview":"max-image-preview:large","max-video-preview":"max-video-preview:-1"},"canonical":"https:\/\/alegria-realestate.com\/cs\/wp-json\/wp\/v2\/posts\/495264","og_locale":"cs_CZ","og_type":"article","og_title":"(RU) \u0424\u0430\u043b\u044c\u044f\u0441-2023 \u0432 \u0412\u0430\u043b\u0435\u043d\u0441\u0438\u0438: \u043f\u0440\u043e\u0433\u0440\u0430\u043c\u043c\u0430 \u043f\u0440\u0430\u0437\u0434\u043d\u0438\u043a\u0430","og_description":"(RU) \u0412 \u044d\u0442\u043e\u0439 \u0441\u0442\u0430\u0442\u044c\u0435 \u043c\u044b \u043f\u0440\u0435\u0434\u0441\u0442\u0430\u0432\u043b\u044f\u0435\u043c \u0432\u0430\u0448\u0435\u043c\u0443 \u0432\u043d\u0438\u043c\u0430\u043d\u0438\u044e \u043f\u0440\u043e\u0433\u0440\u0430\u043c\u043c\u0443 \u0444\u0435\u0441\u0442\u0438\u0432\u0430\u043b\u044f \u0424\u0430\u043b\u044c\u044f\u0441 \u0432 \u0412\u0430\u043b\u0435\u043d\u0441\u0438\u0438 \u2013 \u0433\u043b\u0430\u0432\u043d\u043e\u0433\u043e \u043f\u0440\u0430\u0437\u0434\u043d\u0438\u043a\u0430 \u0433\u043e\u0440\u043e\u0434\u0430 \u0438 \u0432\u0441\u0435\u0433\u043e \u0412\u0430\u043b\u0435\u043d\u0441\u0438\u0439\u0441\u043a\u043e\u0433\u043e \u0441\u043e\u043e\u0431\u0449\u0435\u0441\u0442\u0432\u0430","og_url":"https:\/\/alegria-realestate.com\/cs\/wp-json\/wp\/v2\/posts\/495264","og_site_name":"Nemovitosti ve \u0160pan\u011blsku","article_publisher":"https:\/\/www.facebook.com\/realestate.alegria","article_published_time":"2023-03-06T13:13:32+00:00","article_modified_time":"2025-08-14T18:35:15+00:00","og_image":[{"width":1920,"height":1280,"url":"https:\/\/alegria-realestate.com\/wp-content\/uploads\/2023\/03\/Depositphotos_5561640_L-scaled.jpg","type":"image\/jpeg"}],"author":"\u041b\u0435\u0440\u0430","twitter_card":"summary_large_image","twitter_creator":"@alegriarealesta","twitter_site":"@alegriarealesta","schema":{"@context":"https:\/\/schema.org","@graph":[{"@type":"Article","@id":"https:\/\/alegria-realestate.com\/articles\/fallas-in-valencia-2023#article","isPartOf":{"@id":"https:\/\/alegria-realestate.com\/articles\/fallas-in-valencia-2023"},"author":{"name":"\u041b\u0435\u0440\u0430","@id":"https:\/\/alegria-realestate.com\/#\/schema\/person\/6c26f3bac4c1e476e858c219ece11984"},"headline":"Rozpis Valencie Fallas 2023","datePublished":"2023-03-06T13:13:32+00:00","dateModified":"2025-08-14T18:35:15+00:00","mainEntityOfPage":{"@id":"https:\/\/alegria-realestate.com\/articles\/fallas-in-valencia-2023"},"wordCount":3534,"publisher":{"@id":"https:\/\/alegria-realestate.com\/#organization"},"image":{"@id":"https:\/\/alegria-realestate.com\/articles\/fallas-in-valencia-2023#primaryimage"},"thumbnailUrl":"https:\/\/alegria-realestate.com\/wp-content\/uploads\/2023\/03\/Depositphotos_5561640_L-scaled.jpg","articleSection":["Blog","Cestovn\u00ed ruch ve \u0160pan\u011blsku"],"inLanguage":"cs"},{"@type":"WebPage","@id":"https:\/\/alegria-realestate.com\/cs\/articles\/fallas-in-valencia-2023","url":"https:\/\/alegria-realestate.com\/cs\/articles\/fallas-in-valencia-2023","name":"(RU) \u0424\u0430\u043b\u044c\u044f\u0441-2023 \u0432 \u0412\u0430\u043b\u0435\u043d\u0441\u0438\u0438: \u043f\u0440\u043e\u0433\u0440\u0430\u043c\u043c\u0430 \u043f\u0440\u0430\u0437\u0434\u043d\u0438\u043a\u0430","isPartOf":{"@id":"https:\/\/alegria-realestate.com\/cs\/#website"},"primaryImageOfPage":{"@id":"https:\/\/alegria-realestate.com\/cs\/articles\/fallas-in-valencia-2023#primaryimage"},"image":{"@id":"https:\/\/alegria-realestate.com\/articles\/fallas-in-valencia-2023#primaryimage"},"thumbnailUrl":"https:\/\/alegria-realestate.com\/wp-content\/uploads\/2023\/03\/Depositphotos_5561640_L-scaled.jpg","datePublished":"2023-03-06T13:13:32+00:00","dateModified":"2025-08-14T18:35:15+00:00","description":"(RU) \u0412 \u044d\u0442\u043e\u0439 \u0441\u0442\u0430\u0442\u044c\u0435 \u043c\u044b \u043f\u0440\u0435\u0434\u0441\u0442\u0430\u0432\u043b\u044f\u0435\u043c \u0432\u0430\u0448\u0435\u043c\u0443 \u0432\u043d\u0438\u043c\u0430\u043d\u0438\u044e \u043f\u0440\u043e\u0433\u0440\u0430\u043c\u043c\u0443 \u0444\u0435\u0441\u0442\u0438\u0432\u0430\u043b\u044f \u0424\u0430\u043b\u044c\u044f\u0441 \u0432 \u0412\u0430\u043b\u0435\u043d\u0441\u0438\u0438 \u2013 \u0433\u043b\u0430\u0432\u043d\u043e\u0433\u043e \u043f\u0440\u0430\u0437\u0434\u043d\u0438\u043a\u0430 \u0433\u043e\u0440\u043e\u0434\u0430 \u0438 \u0432\u0441\u0435\u0433\u043e \u0412\u0430\u043b\u0435\u043d\u0441\u0438\u0439\u0441\u043a\u043e\u0433\u043e \u0441\u043e\u043e\u0431\u0449\u0435\u0441\u0442\u0432\u0430","breadcrumb":{"@id":"https:\/\/alegria-realestate.com\/cs\/articles\/fallas-in-valencia-2023#breadcrumb"},"inLanguage":"cs","potentialAction":[{"@type":"ReadAction","target":[["https:\/\/alegria-realestate.com\/cs\/articles\/fallas-in-valencia-2023"]]}]},{"@type":"ImageObject","inLanguage":"cs","@id":"https:\/\/alegria-realestate.com\/cs\/articles\/fallas-in-valencia-2023#primaryimage","url":"https:\/\/alegria-realestate.com\/wp-content\/uploads\/2023\/03\/Depositphotos_5561640_L-scaled.jpg","contentUrl":"https:\/\/alegria-realestate.com\/wp-content\/uploads\/2023\/03\/Depositphotos_5561640_L-scaled.jpg","width":1920,"height":1280,"caption":"\u0420\u0430\u0441\u043f\u0438\u0441\u0430\u043d\u0438\u0435 \u043f\u0440\u0430\u0437\u0434\u043d\u043e\u0432\u0430\u043d\u0438\u044f \u0424\u0430\u043b\u044c\u044f\u0441-2023 \u0432 \u0412\u0430\u043b\u0435\u043d\u0441\u0438\u0438"},{"@type":"BreadcrumbList","@id":"https:\/\/alegria-realestate.com\/cs\/articles\/fallas-in-valencia-2023#breadcrumb","itemListElement":[{"@type":"ListItem","position":1,"name":"\u0413\u043b\u0430\u0432\u043d\u0430\u044f \u0441\u0442\u0440\u0430\u043d\u0438\u0446\u0430","item":"https:\/\/alegria-realestate.com\/cs\/"},{"@type":"ListItem","position":2,"name":"\u0420\u0430\u0441\u043f\u0438\u0441\u0430\u043d\u0438\u0435 \u043f\u0440\u0430\u0437\u0434\u043d\u043e\u0432\u0430\u043d\u0438\u044f \u0424\u0430\u043b\u044c\u044f\u0441-2023 \u0432 \u0412\u0430\u043b\u0435\u043d\u0441\u0438\u0438"}]},{"@type":"WebSite","@id":"https:\/\/alegria-realestate.com\/cs\/#website","url":"https:\/\/alegria-realestate.com\/cs\/","name":"Nemovitosti ve \u0160pan\u011blsku","description":"Nemovitosti ve \u0160pan\u011blsku: prodej ve v\u0161ech m\u011bstech \u2013 Torrevieja, Alicante, Benidorm a dal\u0161\u00ed. Pom\u016f\u017eeme v\u00e1m s koup\u00ed nemovitosti na Costa Blanca \u2013 secondhandov\u00e9 bydlen\u00ed i novostavby. Kompletn\u00ed vy\u0159\u00edzen\u00ed na kl\u00ed\u010d. Nemovitosti na Costa Blanca od 80 000 \u20ac.","publisher":{"@id":"https:\/\/alegria-realestate.com\/cs\/#organization"},"potentialAction":[{"@type":"SearchAction","target":{"@type":"EntryPoint","urlTemplate":"https:\/\/alegria-realestate.com\/cs\/?s={search_term_string}"},"query-input":{"@type":"PropertyValueSpecification","valueRequired":true,"valueName":"search_term_string"}}],"inLanguage":"cs"},{"@type":"Organization","@id":"https:\/\/alegria-realestate.com\/cs\/#organization","name":"Alegria Realestate","url":"https:\/\/alegria-realestate.com\/cs\/","logo":{"@type":"ImageObject","inLanguage":"cs","@id":"https:\/\/alegria-realestate.com\/cs\/#\/schema\/logo\/image\/","url":"https:\/\/alegria-realestate.com\/wp-content\/uploads\/2019\/08\/logo_alegria.png","contentUrl":"https:\/\/alegria-realestate.com\/wp-content\/uploads\/2019\/08\/logo_alegria.png","width":1600,"height":1403,"caption":"Alegria Realestate"},"image":{"@id":"https:\/\/alegria-realestate.com\/cs\/#\/schema\/logo\/image\/"},"sameAs":["https:\/\/www.facebook.com\/realestate.alegria","https:\/\/x.com\/alegriarealesta","https:\/\/www.instagram.com\/alegriadom\/","https:\/\/www.linkedin.com\/profile\/view?id=154965227","https:\/\/www.youtube.com\/user\/AlegriaRealEstate"]},{"@type":"Person","@id":"https:\/\/alegria-realestate.com\/#\/schema\/person\/6c26f3bac4c1e476e858c219ece11984","name":"\u041b\u0435\u0440\u0430"}]}},"_links":{"self":[{"href":"https:\/\/alegria-realestate.com\/cs\/wp-json\/wp\/v2\/posts\/495264","targetHints":{"allow":["GET"]}}],"collection":[{"href":"https:\/\/alegria-realestate.com\/cs\/wp-json\/wp\/v2\/posts"}],"about":[{"href":"https:\/\/alegria-realestate.com\/cs\/wp-json\/wp\/v2\/types\/post"}],"author":[{"embeddable":true,"href":"https:\/\/alegria-realestate.com\/cs\/wp-json\/wp\/v2\/users\/19"}],"replies":[{"embeddable":true,"href":"https:\/\/alegria-realestate.com\/cs\/wp-json\/wp\/v2\/comments?post=495264"}],"version-history":[{"count":1,"href":"https:\/\/alegria-realestate.com\/cs\/wp-json\/wp\/v2\/posts\/495264\/revisions"}],"predecessor-version":[{"id":837679,"href":"https:\/\/alegria-realestate.com\/cs\/wp-json\/wp\/v2\/posts\/495264\/revisions\/837679"}],"wp:featuredmedia":[{"embeddable":true,"href":"https:\/\/alegria-realestate.com\/cs\/wp-json\/wp\/v2\/media\/495266"}],"wp:attachment":[{"href":"https:\/\/alegria-realestate.com\/cs\/wp-json\/wp\/v2\/media?parent=495264"}],"wp:term":[{"taxonomy":"category","embeddable":true,"href":"https:\/\/alegria-realestate.com\/cs\/wp-json\/wp\/v2\/categories?post=495264"},{"taxonomy":"post_tag","embeddable":true,"href":"https:\/\/alegria-realestate.com\/cs\/wp-json\/wp\/v2\/tags?post=495264"}],"curies":[{"name":"wp","href":"https:\/\/api.w.org\/{rel}","templated":true}]}}