{"id":614030,"date":"2024-08-12T13:42:52","date_gmt":"2024-08-12T10:42:52","guid":{"rendered":"https:\/\/alegria-realestate.com\/?p=614030"},"modified":"2025-08-14T22:34:44","modified_gmt":"2025-08-14T19:34:44","slug":"spanish-property-prices-hit-record-highs-in-seven-provincial-capitals","status":"publish","type":"post","link":"https:\/\/alegria-realestate.com\/cs\/articles\/news\/spanish-property-prices-hit-record-highs-in-seven-provincial-capitals","title":{"rendered":"Ceny za n\u00e1kup a pron\u00e1jem dom\u016f ve \u0160pan\u011blsku dos\u00e1hly rekordn\u00edch v\u00fd\u0161in v sedmi hlavn\u00edch m\u011bstech provinci\u00ed"},"content":{"rendered":"<p>Podle nejnov\u011bj\u0161\u00ed studie, kterou provedl port\u00e1l Idealista, vzrostla ve druh\u00e9m \u010dtvrtlet\u00ed roku 2024 pr\u016fm\u011brn\u00e1 cena dom\u016f z druh\u00e9 ruky ve \u0160pan\u011blsku meziro\u010dn\u011b o 7,5 %. V pr\u016fm\u011bru m2 reziden\u010dn\u00ed nemovitosti na sekund\u00e1rn\u00edm trhu stoj\u00ed 2138 eur, co\u017e je nov\u00e9 historick\u00e9 maximum. V \u010dervnu dos\u00e1hly prodejn\u00ed ceny dom\u016f a n\u00e1jemn\u00e9 nejvy\u0161\u0161\u00ed \u00farovn\u011b v sedmi hlavn\u00edch m\u011bstech provinci\u00ed. Jedn\u00e1 se o <a href=\"https:\/\/alegria-realestate.com\/ru\/articles\/madrid-authorities-will-ban-the-conversion-of-commercial-premises-into-tourist-housing\">Madrid,<\/a> Barcelonu, Palmu, <a href=\"https:\/\/alegria-realestate.com\/ru\/articles\/city-of-spain\/malaga-spain\">Malagu,<\/a> C\u00e1diz, <a href=\"https:\/\/alegria-realestate.com\/ru\/articles\/news\/valencia-is-the-only-city-in-spain-in-the-list-of-best-places-to-visit-in-2024\">Valencii<\/a> a Las Palmas. N\u00e1jmy p\u0159itom s pr\u016fm\u011brem 13,4 eur\/m2 m\u011bs\u00ed\u010dn\u011b (o 13,2 % v\u00edce ne\u017e loni) l\u00e1maly rekordy ve 34 hlavn\u00edch m\u011bstech. Nejdra\u017e\u0161\u00edm kapit\u00e1lem na pron\u00e1jem nemovitost\u00ed byla Barcelona \u2013 22,1 eur\/m2 m\u011bs\u00ed\u010dn\u011b a z hlediska ceny nemovitosti na prodej (4430 eur\/m2) je na druh\u00e9m m\u00edst\u011b. V katal\u00e1nsk\u00e9m hlavn\u00edm m\u011bst\u011b vzrostly ceny n\u00e1jm\u016f o 17,8 % oproti p\u0159edchoz\u00edmu roku, co\u017e je jedna z nejvy\u0161\u0161\u00edch cen mezi sedmi m\u011bsty, zat\u00edmco n\u00e1jmy vzrostly jen o 7,2 %, co\u017e je nejm\u00e9n\u011b. Nejdra\u017e\u0161\u00ed plochy pro prodej bydlen\u00ed (EUR\/m2):<\/p>\n<ul>\n<li> Madrid \u2013 4514<\/li>\n<li> Salamanca \u2013 7846<\/li>\n<li> Chamberi \u2013 6665<\/li>\n<li> Chamartin \u2013 6285<\/li>\n<li> Centro &#8211; 6170<\/li>\n<li> Barcelona \u2013 4430<\/li>\n<li> Sarria-Sant Gervasi \u2013 5847<\/li>\n<li> Eixample \u2013 5478<\/li>\n<li> Les Corts \u2013 5390<\/li>\n<li> Gracia &#8211; 4859<\/li>\n<li> San Marti &#8211; 4174<\/li>\n<li> Palma &#8211; 4144<\/li>\n<li> Syn Vida &#8211; 7447<\/li>\n<li> Portixol-Molinar \u2013 6693<\/li>\n<li> Suite Antigua &#8211; 5797<\/li>\n<li> Genova-Bonanova-Sant&#39;Agusti &#8211; 5528<\/li>\n<li> Santa Catalina Son Armadans Maritim &#8211; 5032<\/li>\n<li> Malaga \u2013 3016<\/li>\n<li> Este &#8211; 4029<\/li>\n<li> Centro &#8211; 3771<\/li>\n<li> Teatinos \u2013 3181<\/li>\n<li> Carretera de C\u00e1diz \u2013 3153<\/li>\n<li> C\u00e1diz \u2013 2885<\/li>\n<li> Playa Santa Maria del Mar Playa Victoria &#8211; 3724<\/li>\n<li> Cortadura-Sona Franca \u2013 3704<\/li>\n<li> Ayuntamiento-Catedral \u2013 3049<\/li>\n<li> Valencie \u2013 2554<\/li>\n<li> L&#39;Eixample &#8211; 3764<\/li>\n<li> Ciutat Vella \u2013 3536<\/li>\n<li> El Pla del Real \u2013 3439<\/li>\n<li> Campanar &#8211; 3009<\/li>\n<li> Las Palmas \u2013 2302<\/li>\n<li> Puerto Las Canteras \u2013 3441<\/li>\n<li> Centro &#8211; 2585<\/li>\n<li> Vegeta-Triana &#8211; 2356<\/li>\n<\/ul>\n<p> Nejdra\u017e\u0161\u00ed oblasti k pron\u00e1jmu bydlen\u00ed (EUR\/m2 za m\u011bs\u00edc):<\/p>\n<ul>\n<li> Barcelona \u2013 22.1 Ciutat Vella \u2013 24.5 Eixample \u2013 23.7<\/li>\n<li> Sant Marti \u2013 22.3<\/li>\n<li> Gracia \u2013 21.7<\/li>\n<li> Sants-Montjuic \u2013 19.9<\/li>\n<li> Madrid \u2013 19.8<\/li>\n<li> Salamanca &#8211; 24<\/li>\n<li> Centro &#8211; 23.5<\/li>\n<li> Chamberi \u2013 22.6<\/li>\n<li> Chamartin \u2013 20.2<\/li>\n<li> Retiro &#8211; 20<\/li>\n<li> Palma &#8211; 17<\/li>\n<li> Portixol-Molinar \u2013 19<\/li>\n<li> Genova-Bonanova-Sant&#39;Agusti &#8211; 18.5<\/li>\n<li> Santa Catalina Son Armadans Maritim \u2013 17.1<\/li>\n<li> Malaga \u2013 14.5<\/li>\n<li> Centro &#8211; 15.7<\/li>\n<li> Este &#8211; 14.9<\/li>\n<li> Carretera de C\u00e1diz \u2013 14.2<\/li>\n<li> Bailen-Miraflores \u2013 14<\/li>\n<li> Valencie \u2013 14.1 Ciutat Vella \u2013 17.9<\/li>\n<li> L&#39;Eixample &#8211; 16.7<\/li>\n<li> Kamins al Grau \u2013 14.7<\/li>\n<li> Poblats Maritims \u2013 14.4 Las Palmas \u2013 13.1<\/li>\n<li> Puerto Las Canteras \u2013 15.5<\/li>\n<li> Centro &#8211; 12.4<\/li>\n<li> Vegeta-Triana &#8211; 12<\/li>\n<li> C\u00e1diz \u2013 11.4 Playa Santa Maria del Mar Playa Victoria \u2013 12.1<\/li>\n<li> La Caleta La Vi\u00f1a \u2013 10.9<\/li>\n<li> Centro Historico-Plaza Espa\u00f1a \u2013 10.7<\/li>\n<\/ul>\n<p><\/p>","protected":false},"excerpt":{"rendered":"<p>Podle nejnov\u011bj\u0161\u00ed studie, kterou provedl port\u00e1l Idealista, vzrostla ve\u2026<\/p>\n","protected":false},"author":19,"featured_media":614032,"comment_status":"closed","ping_status":"closed","sticky":false,"template":"","format":"standard","meta":{"footnotes":""},"categories":[15,73],"tags":[],"class_list":["post-614030","post","type-post","status-publish","format-standard","has-post-thumbnail","hentry","category-news","category-property-in-spain"],"yoast_head":"<!-- This site is optimized with the Yoast SEO plugin v27.5 - https:\/\/yoast.com\/product\/yoast-seo-wordpress\/ -->\n<title>\u0421\u0442\u043e\u0438\u043c\u043e\u0441\u0442\u044c \u043f\u043e\u043a\u0443\u043f\u043a\u0438 \u0438 \u0430\u0440\u0435\u043d\u0434\u044b \u043d\u0435\u0434\u0432\u0438\u0436\u0438\u043c\u043e\u0441\u0442\u0438 \u0432 \u0418\u0441\u043f\u0430\u043d\u0438\u0438 \u0434\u043e\u0441\u0442\u0438\u0433\u043b\u0430 \u043c\u0430\u043a\u0441\u0438\u043c\u0443\u043c\u0430 \u0432 \u0441\u0435\u043c\u0438 \u0441\u0442\u043e\u043b\u0438\u0446\u0430\u0445 \u043f\u0440\u043e\u0432\u0438\u043d\u0446\u0438\u0439<\/title>\n<meta name=\"description\" content=\"\u041f\u043e \u0434\u0430\u043d\u043d\u044b\u043c \u043f\u043e\u0440\u0442\u0430\u043b\u0430 idealista, \u0432\u043e \u0432\u0442\u043e\u0440\u043e\u043c \u043a\u0432\u0430\u0440\u0442\u0430\u043b\u0435 2024 \u0433\u043e\u0434\u0430 \u0441\u0440\u0435\u0434\u043d\u044f\u044f \u0446\u0435\u043d\u0430 \u043d\u0430 \u0432\u0442\u043e\u0440\u0438\u0447\u043d\u043e\u0435 \u0436\u0438\u043b\u044c\u0435 \u0432 \u0418\u0441\u043f\u0430\u043d\u0438\u0438 \u0432\u044b\u0440\u043e\u0441\u043b\u0430 \u043d\u0430 7,5%, \u0430 \u043d\u0430 \u0430\u0440\u0435\u043d\u0434\u0443 \u2013 \u043d\u0430 \u043d\u0430 13,2%\" \/>\n<meta name=\"robots\" content=\"index, follow, max-snippet:-1, max-image-preview:large, max-video-preview:-1\" \/>\n<link rel=\"canonical\" href=\"https:\/\/alegria-realestate.com\/cs\/wp-json\/wp\/v2\/posts\/614030\" \/>\n<meta property=\"og:locale\" content=\"cs_CZ\" \/>\n<meta property=\"og:type\" content=\"article\" \/>\n<meta property=\"og:title\" content=\"\u0421\u0442\u043e\u0438\u043c\u043e\u0441\u0442\u044c \u043f\u043e\u043a\u0443\u043f\u043a\u0438 \u0438 \u0430\u0440\u0435\u043d\u0434\u044b \u043d\u0435\u0434\u0432\u0438\u0436\u0438\u043c\u043e\u0441\u0442\u0438 \u0432 \u0418\u0441\u043f\u0430\u043d\u0438\u0438 \u0434\u043e\u0441\u0442\u0438\u0433\u043b\u0430 \u043c\u0430\u043a\u0441\u0438\u043c\u0443\u043c\u0430 \u0432 \u0441\u0435\u043c\u0438 \u0441\u0442\u043e\u043b\u0438\u0446\u0430\u0445 \u043f\u0440\u043e\u0432\u0438\u043d\u0446\u0438\u0439\" \/>\n<meta property=\"og:description\" content=\"\u041f\u043e \u0434\u0430\u043d\u043d\u044b\u043c \u043f\u043e\u0440\u0442\u0430\u043b\u0430 idealista, \u0432\u043e \u0432\u0442\u043e\u0440\u043e\u043c \u043a\u0432\u0430\u0440\u0442\u0430\u043b\u0435 2024 \u0433\u043e\u0434\u0430 \u0441\u0440\u0435\u0434\u043d\u044f\u044f \u0446\u0435\u043d\u0430 \u043d\u0430 \u0432\u0442\u043e\u0440\u0438\u0447\u043d\u043e\u0435 \u0436\u0438\u043b\u044c\u0435 \u0432 \u0418\u0441\u043f\u0430\u043d\u0438\u0438 \u0432\u044b\u0440\u043e\u0441\u043b\u0430 \u043d\u0430 7,5%, \u0430 \u043d\u0430 \u0430\u0440\u0435\u043d\u0434\u0443 \u2013 \u043d\u0430 \u043d\u0430 13,2%\" \/>\n<meta property=\"og:url\" content=\"https:\/\/alegria-realestate.com\/cs\/wp-json\/wp\/v2\/posts\/614030\" \/>\n<meta property=\"og:site_name\" content=\"Nemovitosti ve \u0160pan\u011blsku\" \/>\n<meta property=\"article:publisher\" content=\"https:\/\/www.facebook.com\/realestate.alegria\" \/>\n<meta property=\"article:published_time\" content=\"2024-08-12T10:42:52+00:00\" \/>\n<meta property=\"article:modified_time\" content=\"2025-08-14T19:34:44+00:00\" \/>\n<meta property=\"og:image\" content=\"https:\/\/alegria-realestate.com\/wp-content\/uploads\/2024\/08\/Depositphotos_137329112_L.jpg\" \/>\n\t<meta property=\"og:image:width\" content=\"2000\" \/>\n\t<meta property=\"og:image:height\" content=\"1335\" \/>\n\t<meta property=\"og:image:type\" content=\"image\/jpeg\" \/>\n<meta name=\"author\" content=\"\u041b\u0435\u0440\u0430\" \/>\n<meta name=\"twitter:card\" content=\"summary_large_image\" \/>\n<meta name=\"twitter:creator\" content=\"@alegriarealesta\" \/>\n<meta name=\"twitter:site\" content=\"@alegriarealesta\" \/>\n<script type=\"application\/ld+json\" class=\"yoast-schema-graph\">{\"@context\":\"https:\\\/\\\/schema.org\",\"@graph\":[{\"@type\":\"Article\",\"@id\":\"https:\\\/\\\/alegria-realestate.com\\\/articles\\\/news\\\/spanish-property-prices-hit-record-highs-in-seven-provincial-capitals#article\",\"isPartOf\":{\"@id\":\"https:\\\/\\\/alegria-realestate.com\\\/articles\\\/news\\\/spanish-property-prices-hit-record-highs-in-seven-provincial-capitals\"},\"author\":{\"name\":\"\u041b\u0435\u0440\u0430\",\"@id\":\"https:\\\/\\\/alegria-realestate.com\\\/#\\\/schema\\\/person\\\/6c26f3bac4c1e476e858c219ece11984\"},\"headline\":\"Ceny za n\u00e1kup a pron\u00e1jem dom\u016f ve \u0160pan\u011blsku dos\u00e1hly rekordn\u00edch v\u00fd\u0161in v sedmi hlavn\u00edch m\u011bstech provinci\u00ed\",\"datePublished\":\"2024-08-12T10:42:52+00:00\",\"dateModified\":\"2025-08-14T19:34:44+00:00\",\"mainEntityOfPage\":{\"@id\":\"https:\\\/\\\/alegria-realestate.com\\\/articles\\\/news\\\/spanish-property-prices-hit-record-highs-in-seven-provincial-capitals\"},\"wordCount\":989,\"publisher\":{\"@id\":\"https:\\\/\\\/alegria-realestate.com\\\/#organization\"},\"image\":{\"@id\":\"https:\\\/\\\/alegria-realestate.com\\\/articles\\\/news\\\/spanish-property-prices-hit-record-highs-in-seven-provincial-capitals#primaryimage\"},\"thumbnailUrl\":\"https:\\\/\\\/alegria-realestate.com\\\/wp-content\\\/uploads\\\/2024\\\/08\\\/Depositphotos_137329112_L.jpg\",\"articleSection\":[\"Zpr\u00e1vy\",\"Nemovitosti\"],\"inLanguage\":\"cs\"},{\"@type\":\"WebPage\",\"@id\":\"https:\\\/\\\/alegria-realestate.com\\\/cs\\\/articles\\\/news\\\/spanish-property-prices-hit-record-highs-in-seven-provincial-capitals\",\"url\":\"https:\\\/\\\/alegria-realestate.com\\\/cs\\\/articles\\\/news\\\/spanish-property-prices-hit-record-highs-in-seven-provincial-capitals\",\"name\":\"\u0421\u0442\u043e\u0438\u043c\u043e\u0441\u0442\u044c \u043f\u043e\u043a\u0443\u043f\u043a\u0438 \u0438 \u0430\u0440\u0435\u043d\u0434\u044b \u043d\u0435\u0434\u0432\u0438\u0436\u0438\u043c\u043e\u0441\u0442\u0438 \u0432 \u0418\u0441\u043f\u0430\u043d\u0438\u0438 \u0434\u043e\u0441\u0442\u0438\u0433\u043b\u0430 \u043c\u0430\u043a\u0441\u0438\u043c\u0443\u043c\u0430 \u0432 \u0441\u0435\u043c\u0438 \u0441\u0442\u043e\u043b\u0438\u0446\u0430\u0445 \u043f\u0440\u043e\u0432\u0438\u043d\u0446\u0438\u0439\",\"isPartOf\":{\"@id\":\"https:\\\/\\\/alegria-realestate.com\\\/cs\\\/#website\"},\"primaryImageOfPage\":{\"@id\":\"https:\\\/\\\/alegria-realestate.com\\\/cs\\\/articles\\\/news\\\/spanish-property-prices-hit-record-highs-in-seven-provincial-capitals#primaryimage\"},\"image\":{\"@id\":\"https:\\\/\\\/alegria-realestate.com\\\/articles\\\/news\\\/spanish-property-prices-hit-record-highs-in-seven-provincial-capitals#primaryimage\"},\"thumbnailUrl\":\"https:\\\/\\\/alegria-realestate.com\\\/wp-content\\\/uploads\\\/2024\\\/08\\\/Depositphotos_137329112_L.jpg\",\"datePublished\":\"2024-08-12T10:42:52+00:00\",\"dateModified\":\"2025-08-14T19:34:44+00:00\",\"description\":\"\u041f\u043e \u0434\u0430\u043d\u043d\u044b\u043c \u043f\u043e\u0440\u0442\u0430\u043b\u0430 idealista, \u0432\u043e \u0432\u0442\u043e\u0440\u043e\u043c \u043a\u0432\u0430\u0440\u0442\u0430\u043b\u0435 2024 \u0433\u043e\u0434\u0430 \u0441\u0440\u0435\u0434\u043d\u044f\u044f \u0446\u0435\u043d\u0430 \u043d\u0430 \u0432\u0442\u043e\u0440\u0438\u0447\u043d\u043e\u0435 \u0436\u0438\u043b\u044c\u0435 \u0432 \u0418\u0441\u043f\u0430\u043d\u0438\u0438 \u0432\u044b\u0440\u043e\u0441\u043b\u0430 \u043d\u0430 7,5%, \u0430 \u043d\u0430 \u0430\u0440\u0435\u043d\u0434\u0443 \u2013 \u043d\u0430 \u043d\u0430 13,2%\",\"breadcrumb\":{\"@id\":\"https:\\\/\\\/alegria-realestate.com\\\/cs\\\/articles\\\/news\\\/spanish-property-prices-hit-record-highs-in-seven-provincial-capitals#breadcrumb\"},\"inLanguage\":\"cs\",\"potentialAction\":[{\"@type\":\"ReadAction\",\"target\":[[\"https:\\\/\\\/alegria-realestate.com\\\/cs\\\/articles\\\/news\\\/spanish-property-prices-hit-record-highs-in-seven-provincial-capitals\"]]}]},{\"@type\":\"ImageObject\",\"inLanguage\":\"cs\",\"@id\":\"https:\\\/\\\/alegria-realestate.com\\\/cs\\\/articles\\\/news\\\/spanish-property-prices-hit-record-highs-in-seven-provincial-capitals#primaryimage\",\"url\":\"https:\\\/\\\/alegria-realestate.com\\\/wp-content\\\/uploads\\\/2024\\\/08\\\/Depositphotos_137329112_L.jpg\",\"contentUrl\":\"https:\\\/\\\/alegria-realestate.com\\\/wp-content\\\/uploads\\\/2024\\\/08\\\/Depositphotos_137329112_L.jpg\",\"width\":2000,\"height\":1335,\"caption\":\"\u0426\u0435\u043d\u044b \u043d\u0430 \u043f\u043e\u043a\u0443\u043f\u043a\u0443 \u0438 \u0430\u0440\u0435\u043d\u0434\u0443 \u0436\u0438\u043b\u044c\u044f \u0432 \u0418\u0441\u043f\u0430\u043d\u0438\u0438 \u0434\u043e\u0441\u0442\u0438\u0433\u043b\u0438 \u043c\u0430\u043a\u0441\u0438\u043c\u0443\u043c\u0430 \u0432 \u0441\u0435\u043c\u0438 \u043f\u0440\u043e\u0432\u0438\u043d\u0446\u0438\u0430\u043b\u044c\u043d\u044b\u0445 \u0441\u0442\u043e\u043b\u0438\u0446\u0430\u0445\"},{\"@type\":\"BreadcrumbList\",\"@id\":\"https:\\\/\\\/alegria-realestate.com\\\/cs\\\/articles\\\/news\\\/spanish-property-prices-hit-record-highs-in-seven-provincial-capitals#breadcrumb\",\"itemListElement\":[{\"@type\":\"ListItem\",\"position\":1,\"name\":\"\u0413\u043b\u0430\u0432\u043d\u0430\u044f \u0441\u0442\u0440\u0430\u043d\u0438\u0446\u0430\",\"item\":\"https:\\\/\\\/alegria-realestate.com\\\/cs\\\/\"},{\"@type\":\"ListItem\",\"position\":2,\"name\":\"\u0426\u0435\u043d\u044b \u043d\u0430 \u043f\u043e\u043a\u0443\u043f\u043a\u0443 \u0438 \u0430\u0440\u0435\u043d\u0434\u0443 \u0436\u0438\u043b\u044c\u044f \u0432 \u0418\u0441\u043f\u0430\u043d\u0438\u0438 \u0434\u043e\u0441\u0442\u0438\u0433\u043b\u0438 \u043c\u0430\u043a\u0441\u0438\u043c\u0443\u043c\u0430 \u0432 \u0441\u0435\u043c\u0438 \u043f\u0440\u043e\u0432\u0438\u043d\u0446\u0438\u0430\u043b\u044c\u043d\u044b\u0445 \u0441\u0442\u043e\u043b\u0438\u0446\u0430\u0445\"}]},{\"@type\":\"WebSite\",\"@id\":\"https:\\\/\\\/alegria-realestate.com\\\/cs\\\/#website\",\"url\":\"https:\\\/\\\/alegria-realestate.com\\\/cs\\\/\",\"name\":\"Nemovitosti ve \u0160pan\u011blsku\",\"description\":\"Nemovitosti ve \u0160pan\u011blsku: prodej ve v\u0161ech m\u011bstech \u2013 Torrevieja, Alicante, Benidorm a dal\u0161\u00ed. Pom\u016f\u017eeme v\u00e1m s koup\u00ed nemovitosti na Costa Blanca \u2013 secondhandov\u00e9 bydlen\u00ed i novostavby. Kompletn\u00ed vy\u0159\u00edzen\u00ed na kl\u00ed\u010d. Nemovitosti na Costa Blanca od 80 000 \u20ac.\",\"publisher\":{\"@id\":\"https:\\\/\\\/alegria-realestate.com\\\/cs\\\/#organization\"},\"potentialAction\":[{\"@type\":\"SearchAction\",\"target\":{\"@type\":\"EntryPoint\",\"urlTemplate\":\"https:\\\/\\\/alegria-realestate.com\\\/cs\\\/?s={search_term_string}\"},\"query-input\":{\"@type\":\"PropertyValueSpecification\",\"valueRequired\":true,\"valueName\":\"search_term_string\"}}],\"inLanguage\":\"cs\"},{\"@type\":\"Organization\",\"@id\":\"https:\\\/\\\/alegria-realestate.com\\\/cs\\\/#organization\",\"name\":\"Alegria Realestate\",\"url\":\"https:\\\/\\\/alegria-realestate.com\\\/cs\\\/\",\"logo\":{\"@type\":\"ImageObject\",\"inLanguage\":\"cs\",\"@id\":\"https:\\\/\\\/alegria-realestate.com\\\/cs\\\/#\\\/schema\\\/logo\\\/image\\\/\",\"url\":\"https:\\\/\\\/alegria-realestate.com\\\/wp-content\\\/uploads\\\/2019\\\/08\\\/logo_alegria.png\",\"contentUrl\":\"https:\\\/\\\/alegria-realestate.com\\\/wp-content\\\/uploads\\\/2019\\\/08\\\/logo_alegria.png\",\"width\":1600,\"height\":1403,\"caption\":\"Alegria Realestate\"},\"image\":{\"@id\":\"https:\\\/\\\/alegria-realestate.com\\\/cs\\\/#\\\/schema\\\/logo\\\/image\\\/\"},\"sameAs\":[\"https:\\\/\\\/www.facebook.com\\\/realestate.alegria\",\"https:\\\/\\\/x.com\\\/alegriarealesta\",\"https:\\\/\\\/www.instagram.com\\\/alegriadom\\\/\",\"https:\\\/\\\/www.linkedin.com\\\/profile\\\/view?id=154965227\",\"https:\\\/\\\/www.youtube.com\\\/user\\\/AlegriaRealEstate\"]},{\"@type\":\"Person\",\"@id\":\"https:\\\/\\\/alegria-realestate.com\\\/#\\\/schema\\\/person\\\/6c26f3bac4c1e476e858c219ece11984\",\"name\":\"\u041b\u0435\u0440\u0430\"}]}<\/script>\n<!-- \/ Yoast SEO plugin. -->","yoast_head_json":{"title":"\u0421\u0442\u043e\u0438\u043c\u043e\u0441\u0442\u044c \u043f\u043e\u043a\u0443\u043f\u043a\u0438 \u0438 \u0430\u0440\u0435\u043d\u0434\u044b \u043d\u0435\u0434\u0432\u0438\u0436\u0438\u043c\u043e\u0441\u0442\u0438 \u0432 \u0418\u0441\u043f\u0430\u043d\u0438\u0438 \u0434\u043e\u0441\u0442\u0438\u0433\u043b\u0430 \u043c\u0430\u043a\u0441\u0438\u043c\u0443\u043c\u0430 \u0432 \u0441\u0435\u043c\u0438 \u0441\u0442\u043e\u043b\u0438\u0446\u0430\u0445 \u043f\u0440\u043e\u0432\u0438\u043d\u0446\u0438\u0439","description":"\u041f\u043e \u0434\u0430\u043d\u043d\u044b\u043c \u043f\u043e\u0440\u0442\u0430\u043b\u0430 idealista, \u0432\u043e \u0432\u0442\u043e\u0440\u043e\u043c \u043a\u0432\u0430\u0440\u0442\u0430\u043b\u0435 2024 \u0433\u043e\u0434\u0430 \u0441\u0440\u0435\u0434\u043d\u044f\u044f \u0446\u0435\u043d\u0430 \u043d\u0430 \u0432\u0442\u043e\u0440\u0438\u0447\u043d\u043e\u0435 \u0436\u0438\u043b\u044c\u0435 \u0432 \u0418\u0441\u043f\u0430\u043d\u0438\u0438 \u0432\u044b\u0440\u043e\u0441\u043b\u0430 \u043d\u0430 7,5%, \u0430 \u043d\u0430 \u0430\u0440\u0435\u043d\u0434\u0443 \u2013 \u043d\u0430 \u043d\u0430 13,2%","robots":{"index":"index","follow":"follow","max-snippet":"max-snippet:-1","max-image-preview":"max-image-preview:large","max-video-preview":"max-video-preview:-1"},"canonical":"https:\/\/alegria-realestate.com\/cs\/wp-json\/wp\/v2\/posts\/614030","og_locale":"cs_CZ","og_type":"article","og_title":"\u0421\u0442\u043e\u0438\u043c\u043e\u0441\u0442\u044c \u043f\u043e\u043a\u0443\u043f\u043a\u0438 \u0438 \u0430\u0440\u0435\u043d\u0434\u044b \u043d\u0435\u0434\u0432\u0438\u0436\u0438\u043c\u043e\u0441\u0442\u0438 \u0432 \u0418\u0441\u043f\u0430\u043d\u0438\u0438 \u0434\u043e\u0441\u0442\u0438\u0433\u043b\u0430 \u043c\u0430\u043a\u0441\u0438\u043c\u0443\u043c\u0430 \u0432 \u0441\u0435\u043c\u0438 \u0441\u0442\u043e\u043b\u0438\u0446\u0430\u0445 \u043f\u0440\u043e\u0432\u0438\u043d\u0446\u0438\u0439","og_description":"\u041f\u043e \u0434\u0430\u043d\u043d\u044b\u043c \u043f\u043e\u0440\u0442\u0430\u043b\u0430 idealista, \u0432\u043e \u0432\u0442\u043e\u0440\u043e\u043c \u043a\u0432\u0430\u0440\u0442\u0430\u043b\u0435 2024 \u0433\u043e\u0434\u0430 \u0441\u0440\u0435\u0434\u043d\u044f\u044f \u0446\u0435\u043d\u0430 \u043d\u0430 \u0432\u0442\u043e\u0440\u0438\u0447\u043d\u043e\u0435 \u0436\u0438\u043b\u044c\u0435 \u0432 \u0418\u0441\u043f\u0430\u043d\u0438\u0438 \u0432\u044b\u0440\u043e\u0441\u043b\u0430 \u043d\u0430 7,5%, \u0430 \u043d\u0430 \u0430\u0440\u0435\u043d\u0434\u0443 \u2013 \u043d\u0430 \u043d\u0430 13,2%","og_url":"https:\/\/alegria-realestate.com\/cs\/wp-json\/wp\/v2\/posts\/614030","og_site_name":"Nemovitosti ve \u0160pan\u011blsku","article_publisher":"https:\/\/www.facebook.com\/realestate.alegria","article_published_time":"2024-08-12T10:42:52+00:00","article_modified_time":"2025-08-14T19:34:44+00:00","og_image":[{"width":2000,"height":1335,"url":"https:\/\/alegria-realestate.com\/wp-content\/uploads\/2024\/08\/Depositphotos_137329112_L.jpg","type":"image\/jpeg"}],"author":"\u041b\u0435\u0440\u0430","twitter_card":"summary_large_image","twitter_creator":"@alegriarealesta","twitter_site":"@alegriarealesta","schema":{"@context":"https:\/\/schema.org","@graph":[{"@type":"Article","@id":"https:\/\/alegria-realestate.com\/articles\/news\/spanish-property-prices-hit-record-highs-in-seven-provincial-capitals#article","isPartOf":{"@id":"https:\/\/alegria-realestate.com\/articles\/news\/spanish-property-prices-hit-record-highs-in-seven-provincial-capitals"},"author":{"name":"\u041b\u0435\u0440\u0430","@id":"https:\/\/alegria-realestate.com\/#\/schema\/person\/6c26f3bac4c1e476e858c219ece11984"},"headline":"Ceny za n\u00e1kup a pron\u00e1jem dom\u016f ve \u0160pan\u011blsku dos\u00e1hly rekordn\u00edch v\u00fd\u0161in v sedmi hlavn\u00edch m\u011bstech provinci\u00ed","datePublished":"2024-08-12T10:42:52+00:00","dateModified":"2025-08-14T19:34:44+00:00","mainEntityOfPage":{"@id":"https:\/\/alegria-realestate.com\/articles\/news\/spanish-property-prices-hit-record-highs-in-seven-provincial-capitals"},"wordCount":989,"publisher":{"@id":"https:\/\/alegria-realestate.com\/#organization"},"image":{"@id":"https:\/\/alegria-realestate.com\/articles\/news\/spanish-property-prices-hit-record-highs-in-seven-provincial-capitals#primaryimage"},"thumbnailUrl":"https:\/\/alegria-realestate.com\/wp-content\/uploads\/2024\/08\/Depositphotos_137329112_L.jpg","articleSection":["Zpr\u00e1vy","Nemovitosti"],"inLanguage":"cs"},{"@type":"WebPage","@id":"https:\/\/alegria-realestate.com\/cs\/articles\/news\/spanish-property-prices-hit-record-highs-in-seven-provincial-capitals","url":"https:\/\/alegria-realestate.com\/cs\/articles\/news\/spanish-property-prices-hit-record-highs-in-seven-provincial-capitals","name":"\u0421\u0442\u043e\u0438\u043c\u043e\u0441\u0442\u044c \u043f\u043e\u043a\u0443\u043f\u043a\u0438 \u0438 \u0430\u0440\u0435\u043d\u0434\u044b \u043d\u0435\u0434\u0432\u0438\u0436\u0438\u043c\u043e\u0441\u0442\u0438 \u0432 \u0418\u0441\u043f\u0430\u043d\u0438\u0438 \u0434\u043e\u0441\u0442\u0438\u0433\u043b\u0430 \u043c\u0430\u043a\u0441\u0438\u043c\u0443\u043c\u0430 \u0432 \u0441\u0435\u043c\u0438 \u0441\u0442\u043e\u043b\u0438\u0446\u0430\u0445 \u043f\u0440\u043e\u0432\u0438\u043d\u0446\u0438\u0439","isPartOf":{"@id":"https:\/\/alegria-realestate.com\/cs\/#website"},"primaryImageOfPage":{"@id":"https:\/\/alegria-realestate.com\/cs\/articles\/news\/spanish-property-prices-hit-record-highs-in-seven-provincial-capitals#primaryimage"},"image":{"@id":"https:\/\/alegria-realestate.com\/articles\/news\/spanish-property-prices-hit-record-highs-in-seven-provincial-capitals#primaryimage"},"thumbnailUrl":"https:\/\/alegria-realestate.com\/wp-content\/uploads\/2024\/08\/Depositphotos_137329112_L.jpg","datePublished":"2024-08-12T10:42:52+00:00","dateModified":"2025-08-14T19:34:44+00:00","description":"\u041f\u043e \u0434\u0430\u043d\u043d\u044b\u043c \u043f\u043e\u0440\u0442\u0430\u043b\u0430 idealista, \u0432\u043e \u0432\u0442\u043e\u0440\u043e\u043c \u043a\u0432\u0430\u0440\u0442\u0430\u043b\u0435 2024 \u0433\u043e\u0434\u0430 \u0441\u0440\u0435\u0434\u043d\u044f\u044f \u0446\u0435\u043d\u0430 \u043d\u0430 \u0432\u0442\u043e\u0440\u0438\u0447\u043d\u043e\u0435 \u0436\u0438\u043b\u044c\u0435 \u0432 \u0418\u0441\u043f\u0430\u043d\u0438\u0438 \u0432\u044b\u0440\u043e\u0441\u043b\u0430 \u043d\u0430 7,5%, \u0430 \u043d\u0430 \u0430\u0440\u0435\u043d\u0434\u0443 \u2013 \u043d\u0430 \u043d\u0430 13,2%","breadcrumb":{"@id":"https:\/\/alegria-realestate.com\/cs\/articles\/news\/spanish-property-prices-hit-record-highs-in-seven-provincial-capitals#breadcrumb"},"inLanguage":"cs","potentialAction":[{"@type":"ReadAction","target":[["https:\/\/alegria-realestate.com\/cs\/articles\/news\/spanish-property-prices-hit-record-highs-in-seven-provincial-capitals"]]}]},{"@type":"ImageObject","inLanguage":"cs","@id":"https:\/\/alegria-realestate.com\/cs\/articles\/news\/spanish-property-prices-hit-record-highs-in-seven-provincial-capitals#primaryimage","url":"https:\/\/alegria-realestate.com\/wp-content\/uploads\/2024\/08\/Depositphotos_137329112_L.jpg","contentUrl":"https:\/\/alegria-realestate.com\/wp-content\/uploads\/2024\/08\/Depositphotos_137329112_L.jpg","width":2000,"height":1335,"caption":"\u0426\u0435\u043d\u044b \u043d\u0430 \u043f\u043e\u043a\u0443\u043f\u043a\u0443 \u0438 \u0430\u0440\u0435\u043d\u0434\u0443 \u0436\u0438\u043b\u044c\u044f \u0432 \u0418\u0441\u043f\u0430\u043d\u0438\u0438 \u0434\u043e\u0441\u0442\u0438\u0433\u043b\u0438 \u043c\u0430\u043a\u0441\u0438\u043c\u0443\u043c\u0430 \u0432 \u0441\u0435\u043c\u0438 \u043f\u0440\u043e\u0432\u0438\u043d\u0446\u0438\u0430\u043b\u044c\u043d\u044b\u0445 \u0441\u0442\u043e\u043b\u0438\u0446\u0430\u0445"},{"@type":"BreadcrumbList","@id":"https:\/\/alegria-realestate.com\/cs\/articles\/news\/spanish-property-prices-hit-record-highs-in-seven-provincial-capitals#breadcrumb","itemListElement":[{"@type":"ListItem","position":1,"name":"\u0413\u043b\u0430\u0432\u043d\u0430\u044f \u0441\u0442\u0440\u0430\u043d\u0438\u0446\u0430","item":"https:\/\/alegria-realestate.com\/cs\/"},{"@type":"ListItem","position":2,"name":"\u0426\u0435\u043d\u044b \u043d\u0430 \u043f\u043e\u043a\u0443\u043f\u043a\u0443 \u0438 \u0430\u0440\u0435\u043d\u0434\u0443 \u0436\u0438\u043b\u044c\u044f \u0432 \u0418\u0441\u043f\u0430\u043d\u0438\u0438 \u0434\u043e\u0441\u0442\u0438\u0433\u043b\u0438 \u043c\u0430\u043a\u0441\u0438\u043c\u0443\u043c\u0430 \u0432 \u0441\u0435\u043c\u0438 \u043f\u0440\u043e\u0432\u0438\u043d\u0446\u0438\u0430\u043b\u044c\u043d\u044b\u0445 \u0441\u0442\u043e\u043b\u0438\u0446\u0430\u0445"}]},{"@type":"WebSite","@id":"https:\/\/alegria-realestate.com\/cs\/#website","url":"https:\/\/alegria-realestate.com\/cs\/","name":"Nemovitosti ve \u0160pan\u011blsku","description":"Nemovitosti ve \u0160pan\u011blsku: prodej ve v\u0161ech m\u011bstech \u2013 Torrevieja, Alicante, Benidorm a dal\u0161\u00ed. Pom\u016f\u017eeme v\u00e1m s koup\u00ed nemovitosti na Costa Blanca \u2013 secondhandov\u00e9 bydlen\u00ed i novostavby. Kompletn\u00ed vy\u0159\u00edzen\u00ed na kl\u00ed\u010d. Nemovitosti na Costa Blanca od 80 000 \u20ac.","publisher":{"@id":"https:\/\/alegria-realestate.com\/cs\/#organization"},"potentialAction":[{"@type":"SearchAction","target":{"@type":"EntryPoint","urlTemplate":"https:\/\/alegria-realestate.com\/cs\/?s={search_term_string}"},"query-input":{"@type":"PropertyValueSpecification","valueRequired":true,"valueName":"search_term_string"}}],"inLanguage":"cs"},{"@type":"Organization","@id":"https:\/\/alegria-realestate.com\/cs\/#organization","name":"Alegria Realestate","url":"https:\/\/alegria-realestate.com\/cs\/","logo":{"@type":"ImageObject","inLanguage":"cs","@id":"https:\/\/alegria-realestate.com\/cs\/#\/schema\/logo\/image\/","url":"https:\/\/alegria-realestate.com\/wp-content\/uploads\/2019\/08\/logo_alegria.png","contentUrl":"https:\/\/alegria-realestate.com\/wp-content\/uploads\/2019\/08\/logo_alegria.png","width":1600,"height":1403,"caption":"Alegria Realestate"},"image":{"@id":"https:\/\/alegria-realestate.com\/cs\/#\/schema\/logo\/image\/"},"sameAs":["https:\/\/www.facebook.com\/realestate.alegria","https:\/\/x.com\/alegriarealesta","https:\/\/www.instagram.com\/alegriadom\/","https:\/\/www.linkedin.com\/profile\/view?id=154965227","https:\/\/www.youtube.com\/user\/AlegriaRealEstate"]},{"@type":"Person","@id":"https:\/\/alegria-realestate.com\/#\/schema\/person\/6c26f3bac4c1e476e858c219ece11984","name":"\u041b\u0435\u0440\u0430"}]}},"_links":{"self":[{"href":"https:\/\/alegria-realestate.com\/cs\/wp-json\/wp\/v2\/posts\/614030","targetHints":{"allow":["GET"]}}],"collection":[{"href":"https:\/\/alegria-realestate.com\/cs\/wp-json\/wp\/v2\/posts"}],"about":[{"href":"https:\/\/alegria-realestate.com\/cs\/wp-json\/wp\/v2\/types\/post"}],"author":[{"embeddable":true,"href":"https:\/\/alegria-realestate.com\/cs\/wp-json\/wp\/v2\/users\/19"}],"replies":[{"embeddable":true,"href":"https:\/\/alegria-realestate.com\/cs\/wp-json\/wp\/v2\/comments?post=614030"}],"version-history":[{"count":1,"href":"https:\/\/alegria-realestate.com\/cs\/wp-json\/wp\/v2\/posts\/614030\/revisions"}],"predecessor-version":[{"id":837833,"href":"https:\/\/alegria-realestate.com\/cs\/wp-json\/wp\/v2\/posts\/614030\/revisions\/837833"}],"wp:featuredmedia":[{"embeddable":true,"href":"https:\/\/alegria-realestate.com\/cs\/wp-json\/wp\/v2\/media\/614032"}],"wp:attachment":[{"href":"https:\/\/alegria-realestate.com\/cs\/wp-json\/wp\/v2\/media?parent=614030"}],"wp:term":[{"taxonomy":"category","embeddable":true,"href":"https:\/\/alegria-realestate.com\/cs\/wp-json\/wp\/v2\/categories?post=614030"},{"taxonomy":"post_tag","embeddable":true,"href":"https:\/\/alegria-realestate.com\/cs\/wp-json\/wp\/v2\/tags?post=614030"}],"curies":[{"name":"wp","href":"https:\/\/api.w.org\/{rel}","templated":true}]}}