{"id":73186,"date":"2019-06-18T09:04:40","date_gmt":"2019-06-18T06:04:40","guid":{"rendered":"https:\/\/alegria-realestate.com\/?p=73186"},"modified":"2025-08-14T19:48:21","modified_gmt":"2025-08-14T16:48:21","slug":"festival-of-san-juan-in-alicante","status":"publish","type":"post","link":"https:\/\/alegria-realestate.com\/cs\/articles\/news\/festival-of-san-juan-in-alicante","title":{"rendered":"Festival San Juan v Alicante a Torrevieja 2019"},"content":{"rendered":"<p>Sv\u00e1tek San Juan v Alicante je jedn\u00edm z nej\u017eiv\u011bj\u0161\u00edch festival\u016f ve \u0160pan\u011blsku, kter\u00fdm obyvatel\u00e9 zem\u011b tradi\u010dn\u011b v\u00edtaj\u00ed p\u0159\u00edchod l\u00e9ta. A toto setk\u00e1n\u00ed prob\u00edh\u00e1 velmi hlu\u010dn\u011b a vesele: oh\u0148ostroje, barevn\u00e9 pr\u016fvody, koncerty, jarmarky, hody a samoz\u0159ejm\u011b zapalov\u00e1n\u00ed oh\u0148\u016f na pl\u00e1\u017ei. Na Costa Blanca, zejm\u00e9na v Torrevieja a Alicante, je to jedna z nejobl\u00edben\u011bj\u0161\u00edch dovolen\u00fdch. San Juan je v mnoha ohledech podobn\u00fd slavn\u00e9mu valencijsk\u00e9mu festivalu Fallas. Oslavy trvaj\u00ed n\u011bkolik dn\u00ed a kon\u010d\u00ed v noci z 23. na 24. \u010dervna (nejkrat\u0161\u00ed noc v roce) p\u00e1len\u00edm ob\u0159\u00edch kompozic slo\u017een\u00fdch z figur (ninot) ru\u010dn\u011b vyroben\u00fdch speci\u00e1ln\u011b pro sv\u00e1tek. Kompozice mohou b\u00fdt \u201ed\u011btsk\u00e9\u201c nebo \u201edosp\u011bl\u00e9\u201c. <img loading=\"lazy\" decoding=\"async\" class=\"alignnone size-full wp-image-73908\" src=\"https:\/\/alegria-realestate.com\/wp-content\/uploads\/2019\/06\/festival-of-san-juan-in-alicante2.jpeg\" alt=\"Festival San Juan, Alicante 2019\" width=\"1000\" height=\"667\" srcset=\"https:\/\/alegria-realestate.com\/wp-content\/uploads\/2019\/06\/festival-of-san-juan-in-alicante2.jpeg 1000w, https:\/\/alegria-realestate.com\/wp-content\/uploads\/2019\/06\/festival-of-san-juan-in-alicante2-300x200.jpeg 300w, https:\/\/alegria-realestate.com\/wp-content\/uploads\/2019\/06\/festival-of-san-juan-in-alicante2-768x512.jpeg 768w\" sizes=\"auto, (max-width: 1000px) 100vw, 1000px\" \/> Historie sv\u00e1tku sah\u00e1 a\u017e do hlubok\u00e9ho pohansk\u00e9ho starov\u011bku. San Juan je festival ohn\u011b, a proto jsou jeho hlavn\u00edmi hrdiny oh\u0148ostroje a obrovsk\u00e9 ohn\u011b. Podle legendy ohn\u011b zap\u00e1len\u00e9 o tomto sv\u00e1tku pom\u00e1haj\u00ed slunci z\u00edskat v\u00edce s\u00edly, aby \u0161t\u011bd\u0159e dod\u00e1valo teplo zemi. Sta\u0159\u00ed lid\u00e9 tak\u00e9 v\u011b\u0159ili, \u017ee plamen m\u00e1 o\u010distnou moc a pom\u00e1h\u00e1 vyhnat zl\u00e9 duchy a obecn\u011b ve\u0161kerou negativn\u00ed energii ze \u017eivota. A pokud k o\u010distn\u00e9 s\u00edle ohn\u011b p\u0159id\u00e1te v\u00edce hluku, z\u00e1bavy a zvoniv\u00e9ho sm\u00edchu, pak zl\u00ed duchov\u00e9 nep\u0159\u00e1tel\u0161t\u00ed \u010dlov\u011bku nebudou m\u00edt v\u016fbec \u017e\u00e1dnou \u0161anci. Mnoho lid\u00ed pou\u017e\u00edv\u00e1 San Juan k p\u00e1len\u00ed star\u00fdch v\u011bc\u00ed \u2013 jako symbol o\u010disty od v\u0161eho zbyte\u010dn\u00e9ho a nep\u0159\u00edjemn\u00e9ho. Koup\u00e1n\u00ed je dal\u0161\u00edm z\u00e1kladn\u00edm atributem festivalu v San Juan, stejn\u011b jako sk\u00e1k\u00e1n\u00ed p\u0159es ohe\u0148. Hlavn\u00edm po\u017eitkem dovolen\u00e9 je kol\u00e1\u010d \u201ekoka\u201c, kter\u00fd symbolizuje slunce. Sta\u010d\u00ed kousek vyzkou\u0161et a budete m\u00edt zaru\u010denou radost po cel\u00fd rok! Chcete na vlastn\u00ed o\u010di vid\u011bt, jak se slav\u00ed hlavn\u00ed letn\u00ed pr\u00e1zdniny na Costa Blanca? P\u0159ipravili jsme pro v\u00e1s rozpis slavnost\u00ed v Torrevieji a Alicante od 18. do 24. \u010dervna. Pod\u00edvejte se na video ze sv\u00e1tku San Juan na Costa Blanca: <iframe loading=\"lazy\" src=\"https:\/\/www.youtube.com\/embed\/iDot6yRYkPU\" width=\"100%\" height=\"400\" frameborder=\"0\" allowfullscreen=\"allowfullscreen\"><\/iframe><\/p>\n<h2> San Juan v Alicante 2019: kompletn\u00ed program<\/h2>\n<p> Jednou z hlavn\u00edch akc\u00ed festivalu San Juan v Alicante je masclet\u00e1 \u2013 pyrotechnick\u00e1 show s v\u00fdbuchem oh\u0148ostroj\u016f a petard. Na ofici\u00e1ln\u00edch str\u00e1nk\u00e1ch Alicante se uv\u00e1d\u00ed, \u017ee letos se b\u011bhem sv\u00e1te\u010dn\u00edho obdob\u00ed uskute\u010dn\u00ed 13 masclet\u00e1s, p\u0159i\u010dem\u017e 10 z nich se uskute\u010dn\u00ed v r\u00e1mci ofici\u00e1ln\u00ed sout\u011b\u017ee od 15. do 24. \u010dervna. A dal\u0161\u00edch p\u011bt masclet\u00e1 prob\u011bhne v r\u00e1mci mezin\u00e1rodn\u00ed sout\u011b\u017ee oh\u0148ostroj\u016f od 25. do 29. \u010dervna v\u010detn\u011b. O p\u016flnoci se na pl\u00e1\u017ei Playa del Coc\u00f3 odehraj\u00ed pyrotechnick\u00e9 show. <strong>\u00fater\u00fd 18. \u010dervna<\/strong><\/p>\n<ul>\n<li> 14.00 \u2013 Masclet\u00e1 v r\u00e1mci sout\u011b\u017ee z pyrotechnick\u00e9 d\u00edlny Piromart (Gran Canaria) na Plaza de Los Luceros.<\/li>\n<\/ul>\n<p> <strong>St\u0159eda 19. \u010dervna<\/strong><\/p>\n<ul>\n<li> 14.00 \u2013 Masclet\u00e1 v r\u00e1mci sout\u011b\u017ee z pyrotechnick\u00e9 d\u00edlny Fuegos Artificiales del Mediterr\u00e1neo (Valencie) na Plaza de Los Luceros.<\/li>\n<li> 00:00 \u2013 Instalace (plant\u00e0) d\u011btsk\u00fdch skladeb a \u201eNinots de Carrer\u201c \u2013 drobn\u00e9 kompozice v ulic\u00edch m\u011bsta.<\/li>\n<\/ul>\n<p> <strong>\u010dtvrtek 20. \u010dervna<\/strong><\/p>\n<ul>\n<li> 14.00 \u2013 Masclet\u00e1 v r\u00e1mci sout\u011b\u017ee z pyrotechnick\u00e9 d\u00edlny Coeters Drag\u00f3n (Villena) na Plaza de Los Luceros.<\/li>\n<li> 17.00 \u2013 vyhl\u00e1\u0161en\u00ed v\u00edt\u011bze v nominac\u00edch \u201eD\u011btsk\u00e1 skladba\u201c a \u201eNinots de Carrer\u201c.<\/li>\n<li> 22.00 \u2013 ve\u0159ejn\u00e9 slavnosti.<\/li>\n<li> 23.45 No\u010dn\u00ed p\u0159edstaven\u00ed \u201eLa lengua del drag\u00f3n\u201c (\u201eDra\u010d\u00ed jazyk\u201c) v dra\u010d\u00edm kruhu na Bulevar del Pla.<\/li>\n<li> 00:00 Instalace (plant\u00e0) \u201edosp\u011bl\u00fdch\u201c kompozic a poho\u0161t\u011bn\u00ed \u201ekokov\u00e9ho\u201c kol\u00e1\u010de.<\/li>\n<\/ul>\n<p> <strong>P\u00e1tek 21. \u010dervna<\/strong><\/p>\n<ul>\n<li> 08:00 \u2013 Despert\u00e1 \u2013 pr\u016fvod ulicemi m\u011bsta s hudbou a v\u00fdbuchem petard.<\/li>\n<li> 12:00 Uct\u011bn\u00ed pam\u00e1tky Gabriela Mir\u00f3 na Plaza Gabriel Mir\u00f3.<\/li>\n<li> 13.00 Uct\u011bn\u00ed pam\u00e1tky Jos\u00e9 Mar\u00eda Py na Calle Jos\u00e9 Mar\u00eda Py.<\/li>\n<li> 14.00 \u2013 Masclet\u00e1 v r\u00e1mci sout\u011b\u017ee z pyrotechnick\u00e9 d\u00edlny Ferr\u00e1ndez (Alicante) na Plaza de Los Luceros.<\/li>\n<li> 17.00 Vyhl\u00e1\u0161en\u00ed v\u00edt\u011bze v nominaci \u201eDosp\u011bl\u00e1 skladba\u201c.<\/li>\n<li> 19.00 Kv\u011btinov\u00e1 ob\u011b\u0165 patronovi Alicante. Program pr\u016fvodu: Plaza de los Luceros, Alfonso El Sabio, Rambla de M\u00e9ndez N\u00fa\u00f1ez, Calle San Jos\u00e9 a Plaza de Abad Penalva do Concatedral de San Nicol\u00e1s.<\/li>\n<li> 22.00 Ve\u0159ejn\u00e9 slavnosti. <\/li>\n<\/ul>\n<p><img loading=\"lazy\" decoding=\"async\" class=\"alignnone size-full wp-image-73912\" src=\"https:\/\/alegria-realestate.com\/wp-content\/uploads\/2019\/06\/festival-of-san-juan-in-alicante3.jpeg\" alt=\"\" width=\"1000\" height=\"667\" srcset=\"https:\/\/alegria-realestate.com\/wp-content\/uploads\/2019\/06\/festival-of-san-juan-in-alicante3.jpeg 1000w, https:\/\/alegria-realestate.com\/wp-content\/uploads\/2019\/06\/festival-of-san-juan-in-alicante3-300x200.jpeg 300w, https:\/\/alegria-realestate.com\/wp-content\/uploads\/2019\/06\/festival-of-san-juan-in-alicante3-768x512.jpeg 768w\" sizes=\"auto, (max-width: 1000px) 100vw, 1000px\" \/> <strong>Sobota 22. \u010dervna<\/strong><\/p>\n<ul>\n<li> 08:00 \u2013 Despert\u00e1.<\/li>\n<li> 11.00 \u2013 Pr\u016fvod ulicemi m\u011bsta (Plaza del Ayuntamiento, Rafael Altamira a Rambla de M\u00e9ndez N\u00fa\u00f1ez k Portal de Elche).<\/li>\n<li> 14.00 \u2013 Masclet\u00e1 v r\u00e1mci sout\u011b\u017ee z pyrotechnick\u00e9 d\u00edlny Mart\u00ed (Castell\u00f3n) na Plaza de Los Luceros.<\/li>\n<li> 19.00 \u2013 Kv\u011btinov\u00e1 ob\u011btina patronovi m\u011bsta sv. Program pr\u016fvodu: viz v\u00fd\u0161e.<\/li>\n<li> 22.00 \u2013 Ve\u0159ejn\u00e9 slavnosti.<\/li>\n<\/ul>\n<p> <strong>Ned\u011ble 23. \u010dervna<\/strong><\/p>\n<ul>\n<li> 08:00 \u2013 Despert\u00e1.<\/li>\n<li> 12.00 \u2013 Slavnostn\u00ed p\u0159ed\u00e1n\u00ed cen a p\u0159ed\u00e1n\u00ed kv\u011btin na Mercadito de Fogueres.<\/li>\n<li> 14.00 \u2013 Masclet\u00e1 v r\u00e1mci sout\u011b\u017ee z pyrotechnick\u00e9 d\u00edlny Fuegos Artificiales Hermanos Ferr\u00e1ndez (Murcia) na Plaza de Los Luceros.20.00 \u2013 Mezin\u00e1rodn\u00ed folklor<\/li>\n<li> pr\u016fvod (Plaza de los Luceros, Alfonso El Sabio, Rambla de M\u00e9ndez N\u00fa\u00f1ez, Calle Altamira a Plaza del Ayuntamiento).<\/li>\n<li> 22.00 \u2013 Ve\u0159ejn\u00e9 slavnosti.<\/li>\n<\/ul>\n<p> <strong>pond\u011bl\u00ed 24. \u010dervna<\/strong><\/p>\n<ul>\n<li> 08:00 \u2013 Despert\u00e1.<\/li>\n<li> 14.00 \u2013 Masclet\u00e1 v r\u00e1mci sout\u011b\u017ee z pyrotechnick\u00e9 d\u00edlny Hermanos Sirvent (Alicante) na Plaza de Los Luceros.<\/li>\n<li> 20.00 \u2013 Ofici\u00e1ln\u00ed m\u0161e v katedr\u00e1le San Nicol\u00e1s de Bari.<\/li>\n<li> 00:00 Oh\u0148ostroj na ho\u0159e Benacantil a p\u00e1len\u00ed hlavn\u00ed skladby na n\u00e1m\u011bst\u00ed u radnice. Pot\u00e9 \u2013 sp\u00e1len\u00ed zb\u00fdvaj\u00edc\u00edch skladeb v r\u016fzn\u00fdch \u010d\u00e1stech m\u011bsta.<\/li>\n<\/ul>\n<h2> San Juan v Torrevieja 2019: kompletn\u00ed program<\/h2>\n<p> Pod\u00edvejte se na video \u2013 Festival San Juan v Torrevieja: <iframe loading=\"lazy\" src=\"https:\/\/www.youtube.com\/embed\/AwETdkfHcVc\" width=\"100%\" height=\"400\" frameborder=\"0\" allowfullscreen=\"allowfullscreen\"> <span data-mce-type=\"bookmark\" style=\"display: inline-block; width: 0px; overflow: hidden; line-height: 0;\" class=\"mce_SELRES_start\">\ufeff<\/span><\/iframe>V\u0161echny hlavn\u00ed ud\u00e1losti se odehr\u00e1vaj\u00ed na Calle San Jos\u00e9. <strong>\u00dater\u00fd 18. \u010dervna<\/strong> Instalace ob\u0159\u00edch kompozic postav \u201eninot\u201c v ulic\u00edch m\u011bsta. Tento akt se naz\u00fdv\u00e1 \u201ela plant\u00e1\u201c.<\/p>\n<ul>\n<li> 22.00 \u2013 rozsv\u00edcen\u00ed slavnostn\u00edch iluminac\u00ed 22.30 \u2013 slavnostn\u00ed ve\u010de\u0159e na po\u010dest la plant\u00e1.<\/li>\n<\/ul>\n<p> <strong>St\u0159eda 19. \u010dervna<\/strong><\/p>\n<ul>\n<li> 17.30 \u2013 hry a atrakce pro d\u011bti.<\/li>\n<li> 19.30 \u2013 vystoupen\u00ed tane\u010dn\u00ed \u0161koly \u201eSoul Dance\u201c<\/li>\n<li> 21.30 \u2013 losov\u00e1n\u00ed o ceny. &quot;Mona&quot; (muffin) s horkou \u010dokol\u00e1dou.<\/li>\n<\/ul>\n<p> <strong>\u010dtvrtek 20. \u010dervna<\/strong><\/p>\n<ul>\n<li> 17.30 \u2013 hry a atrakce pro d\u011bti.<\/li>\n<li> 18.30 \u2013 losov\u00e1n\u00ed o ceny.<\/li>\n<\/ul>\n<p> <strong>P\u00e1tek 21. \u010dervna<\/strong><\/p>\n<ul>\n<li> 17.30 \u2013 hry, atrakce a odpoledn\u00ed sva\u010dina pro d\u011bti.<\/li>\n<li> 18.30 \u2013 losov\u00e1n\u00ed o ceny pro d\u011bti.<\/li>\n<li> 19.30 \u2013 vystoupen\u00ed tane\u010dn\u00ed \u0161koly \u201eLola Morales y Arantxa Blanco\u201c.<\/li>\n<li> 21.30 \u2013 losov\u00e1n\u00ed o ceny.<\/li>\n<li> 23.00 \u2013 koncert DRAG IMPERIO \u2013 Disco M\u00f3vil RAFAEL.<\/li>\n<\/ul>\n<p> <strong>Sobota 22. \u010dervna<\/strong> Kv\u011btinov\u00e1 ob\u011b\u0165 patronovi Alicante.<\/p>\n<ul>\n<li> 14.00 \u2013 Gran traca \u2013 jsou odp\u00e1leny petardy, po kter\u00fdch si ka\u017ed\u00fd m\u016f\u017ee vyzkou\u0161et paellu jen za 2 \u20ac za porci.<\/li>\n<li> 17.30 \u2013 hry a atrakce pro d\u011bti.<\/li>\n<li> 18.00 \u2013 charitativn\u00ed sb\u00edrka potravin\u00e1\u0159sk\u00fdch v\u00fdrobk\u016f.<\/li>\n<li> 21.30 \u2013 losov\u00e1n\u00ed o ceny.<\/li>\n<li> 23.00 Vystoupen\u00ed orchestru SCREAM.<\/li>\n<\/ul>\n<p> <strong>Ned\u011ble 23. \u010dervna<\/strong><\/p>\n<ul>\n<li> 10.00 \u2013 Despert\u00e1 \u2013 pr\u016fvod ulicemi m\u011bsta s hudbou a bouchaj\u00edc\u00edmi petardami. Pak \u2013 sn\u00eddan\u011b.<\/li>\n<li> 17.30 \u2013 hry a atrakce pro d\u011bti.<\/li>\n<li> 22:00 \u2013 losov\u00e1n\u00ed cen, n\u00e1sleduje hudba z Disco M\u00f3vil RAFAEL.<\/li>\n<\/ul>\n<p> <strong>pond\u011bl\u00ed 24. \u010dervna<\/strong><\/p>\n<ul>\n<li> 17.30 \u2013 hry a atrakce pro d\u011bti.<\/li>\n<li> 19.30 \u2013 vystoupen\u00ed tane\u010dn\u00ed \u0161koly \u201ePay\u00e1s\u201c.<\/li>\n<li> 22:00 \u2013 losov\u00e1n\u00ed cen, n\u00e1sleduje hudba z Disco M\u00f3vil RAFAEL.<\/li>\n<li> 01:00 \u2013 Slavnostn\u00ed p\u00e1len\u00ed \u201ed\u011btsk\u00e9\u201c skladby a pot\u00e9 \u201edosp\u011bl\u00e1ck\u00e9\u201c.<\/li>\n<\/ul>\n<blockquote><p> 24. \u010dervna je st\u00e1tn\u00ed sv\u00e1tek v cel\u00e9m Valencijsk\u00e9m spole\u010denstv\u00ed a 24. a 25. \u010dervna jsou st\u00e1tn\u00ed sv\u00e1tky ve m\u011bst\u011b Alicante. Nenechte si uj\u00edt jeden z nej\u017eiv\u011bj\u0161\u00edch a nejunik\u00e1tn\u011bj\u0161\u00edch festival\u016f Costa Blanca a cel\u00e9ho \u0160pan\u011blska!<\/p><\/blockquote>\n<p><\/p>","protected":false},"excerpt":{"rendered":"<p>Sv\u00e1tek San Juan v Alicante je jedn\u00edm z nej\u017eiv\u011bj\u0161\u00edch\u2026<\/p>\n","protected":false},"author":2,"featured_media":73187,"comment_status":"closed","ping_status":"closed","sticky":false,"template":"","format":"standard","meta":{"footnotes":""},"categories":[955,15],"tags":[],"class_list":["post-73186","post","type-post","status-publish","format-standard","has-post-thumbnail","hentry","category-holidays-in-spain","category-news"],"yoast_head":"<!-- This site is optimized with the Yoast SEO plugin v27.5 - https:\/\/yoast.com\/product\/yoast-seo-wordpress\/ -->\n<title>(RU) \u00a0\u041f\u0440\u0430\u0437\u0434\u043d\u0438\u043a \u0421\u0430\u043d-\u0425\u0443\u0430\u043d \u0432 \u0410\u043b\u0438\u043a\u0430\u043d\u0442\u0435 2019: \u043f\u0440\u043e\u0433\u0440\u0430\u043c\u043c\u0430 \u043f\u0440\u0430\u0437\u0434\u043d\u0438\u043a\u0430<\/title>\n<meta name=\"description\" content=\"(RU) \u0418\u0441\u0442\u043e\u0440\u0438\u044f \u043f\u0440\u0430\u0437\u0434\u043d\u0438\u043a\u0430 \u0421\u0430\u043d-\u0425\u0443\u0430\u043d \u0432 \u0410\u043b\u0438\u043a\u0430\u043d\u0442\u0435. \u041f\u0440\u043e\u0433\u0440\u0430\u043c\u043c\u0430 \u043f\u0440\u0430\u0437\u0434\u043d\u0438\u043a \u0421\u0430\u043d-\u0425\u0443\u0430\u043d \u0432 \u0410\u043b\u0438\u043a\u0430\u043d\u0442\u0435 2019. \u041f\u0440\u043e\u0433\u0440\u0430\u043c\u043c\u0430 \u043f\u0440\u0430\u0437\u0434\u043d\u0438\u043a\u0430 \u0421\u0430\u043d-\u0425\u0443\u0430\u043d \u0432 \u0422\u043e\u0440\u0440\u0435\u0432\u044c\u0435\u0445\u0435 2019\" \/>\n<meta name=\"robots\" content=\"index, follow, max-snippet:-1, max-image-preview:large, max-video-preview:-1\" \/>\n<link rel=\"canonical\" href=\"https:\/\/alegria-realestate.com\/cs\/wp-json\/wp\/v2\/posts\/73186\" \/>\n<meta property=\"og:locale\" content=\"cs_CZ\" \/>\n<meta property=\"og:type\" content=\"article\" \/>\n<meta property=\"og:title\" content=\"(RU) \u00a0\u041f\u0440\u0430\u0437\u0434\u043d\u0438\u043a \u0421\u0430\u043d-\u0425\u0443\u0430\u043d \u0432 \u0410\u043b\u0438\u043a\u0430\u043d\u0442\u0435 2019: \u043f\u0440\u043e\u0433\u0440\u0430\u043c\u043c\u0430 \u043f\u0440\u0430\u0437\u0434\u043d\u0438\u043a\u0430\" \/>\n<meta property=\"og:description\" content=\"(RU) \u0418\u0441\u0442\u043e\u0440\u0438\u044f \u043f\u0440\u0430\u0437\u0434\u043d\u0438\u043a\u0430 \u0421\u0430\u043d-\u0425\u0443\u0430\u043d \u0432 \u0410\u043b\u0438\u043a\u0430\u043d\u0442\u0435. \u041f\u0440\u043e\u0433\u0440\u0430\u043c\u043c\u0430 \u043f\u0440\u0430\u0437\u0434\u043d\u0438\u043a \u0421\u0430\u043d-\u0425\u0443\u0430\u043d \u0432 \u0410\u043b\u0438\u043a\u0430\u043d\u0442\u0435 2019. \u041f\u0440\u043e\u0433\u0440\u0430\u043c\u043c\u0430 \u043f\u0440\u0430\u0437\u0434\u043d\u0438\u043a\u0430 \u0421\u0430\u043d-\u0425\u0443\u0430\u043d \u0432 \u0422\u043e\u0440\u0440\u0435\u0432\u044c\u0435\u0445\u0435 2019\" \/>\n<meta property=\"og:url\" content=\"https:\/\/alegria-realestate.com\/cs\/wp-json\/wp\/v2\/posts\/73186\" \/>\n<meta property=\"og:site_name\" content=\"Nemovitosti ve \u0160pan\u011blsku\" \/>\n<meta property=\"article:publisher\" content=\"https:\/\/www.facebook.com\/realestate.alegria\" \/>\n<meta property=\"article:published_time\" content=\"2019-06-18T06:04:40+00:00\" \/>\n<meta property=\"article:modified_time\" content=\"2025-08-14T16:48:21+00:00\" \/>\n<meta property=\"og:image\" content=\"https:\/\/alegria-realestate.com\/wp-content\/uploads\/2019\/06\/festival-of-san-juan-in-alicante11.jpg\" \/>\n\t<meta property=\"og:image:width\" content=\"1200\" \/>\n\t<meta property=\"og:image:height\" content=\"800\" \/>\n\t<meta property=\"og:image:type\" content=\"image\/jpeg\" \/>\n<meta name=\"author\" content=\"\u0415\u043b\u0435\u043d\u0430\" \/>\n<meta name=\"twitter:card\" content=\"summary_large_image\" \/>\n<meta name=\"twitter:creator\" content=\"@alegriarealesta\" \/>\n<meta name=\"twitter:site\" content=\"@alegriarealesta\" \/>\n<script type=\"application\/ld+json\" class=\"yoast-schema-graph\">{\"@context\":\"https:\\\/\\\/schema.org\",\"@graph\":[{\"@type\":\"Article\",\"@id\":\"https:\\\/\\\/alegria-realestate.com\\\/articles\\\/news\\\/festival-of-san-juan-in-alicante#article\",\"isPartOf\":{\"@id\":\"https:\\\/\\\/alegria-realestate.com\\\/articles\\\/news\\\/festival-of-san-juan-in-alicante\"},\"author\":{\"name\":\"\u0415\u043b\u0435\u043d\u0430\",\"@id\":\"https:\\\/\\\/alegria-realestate.com\\\/#\\\/schema\\\/person\\\/ff0a48e00da67c4fa2b62f941e991c33\"},\"headline\":\"Festival San Juan v Alicante a Torrevieja 2019\",\"datePublished\":\"2019-06-18T06:04:40+00:00\",\"dateModified\":\"2025-08-14T16:48:21+00:00\",\"mainEntityOfPage\":{\"@id\":\"https:\\\/\\\/alegria-realestate.com\\\/articles\\\/news\\\/festival-of-san-juan-in-alicante\"},\"wordCount\":7886,\"publisher\":{\"@id\":\"https:\\\/\\\/alegria-realestate.com\\\/#organization\"},\"image\":{\"@id\":\"https:\\\/\\\/alegria-realestate.com\\\/articles\\\/news\\\/festival-of-san-juan-in-alicante#primaryimage\"},\"thumbnailUrl\":\"https:\\\/\\\/alegria-realestate.com\\\/wp-content\\\/uploads\\\/2019\\\/06\\\/festival-of-san-juan-in-alicante11.jpg\",\"articleSection\":[\"Voln\u00fd \u010das, turistika, z\u00e1bava, sv\u00e1tky\",\"Zpr\u00e1vy\"],\"inLanguage\":\"cs\"},{\"@type\":\"WebPage\",\"@id\":\"https:\\\/\\\/alegria-realestate.com\\\/cs\\\/articles\\\/news\\\/festival-of-san-juan-in-alicante\",\"url\":\"https:\\\/\\\/alegria-realestate.com\\\/cs\\\/articles\\\/news\\\/festival-of-san-juan-in-alicante\",\"name\":\"(RU) \u00a0\u041f\u0440\u0430\u0437\u0434\u043d\u0438\u043a \u0421\u0430\u043d-\u0425\u0443\u0430\u043d \u0432 \u0410\u043b\u0438\u043a\u0430\u043d\u0442\u0435 2019: \u043f\u0440\u043e\u0433\u0440\u0430\u043c\u043c\u0430 \u043f\u0440\u0430\u0437\u0434\u043d\u0438\u043a\u0430\",\"isPartOf\":{\"@id\":\"https:\\\/\\\/alegria-realestate.com\\\/cs\\\/#website\"},\"primaryImageOfPage\":{\"@id\":\"https:\\\/\\\/alegria-realestate.com\\\/cs\\\/articles\\\/news\\\/festival-of-san-juan-in-alicante#primaryimage\"},\"image\":{\"@id\":\"https:\\\/\\\/alegria-realestate.com\\\/articles\\\/news\\\/festival-of-san-juan-in-alicante#primaryimage\"},\"thumbnailUrl\":\"https:\\\/\\\/alegria-realestate.com\\\/wp-content\\\/uploads\\\/2019\\\/06\\\/festival-of-san-juan-in-alicante11.jpg\",\"datePublished\":\"2019-06-18T06:04:40+00:00\",\"dateModified\":\"2025-08-14T16:48:21+00:00\",\"description\":\"(RU) \u0418\u0441\u0442\u043e\u0440\u0438\u044f \u043f\u0440\u0430\u0437\u0434\u043d\u0438\u043a\u0430 \u0421\u0430\u043d-\u0425\u0443\u0430\u043d \u0432 \u0410\u043b\u0438\u043a\u0430\u043d\u0442\u0435. \u041f\u0440\u043e\u0433\u0440\u0430\u043c\u043c\u0430 \u043f\u0440\u0430\u0437\u0434\u043d\u0438\u043a \u0421\u0430\u043d-\u0425\u0443\u0430\u043d \u0432 \u0410\u043b\u0438\u043a\u0430\u043d\u0442\u0435 2019. \u041f\u0440\u043e\u0433\u0440\u0430\u043c\u043c\u0430 \u043f\u0440\u0430\u0437\u0434\u043d\u0438\u043a\u0430 \u0421\u0430\u043d-\u0425\u0443\u0430\u043d \u0432 \u0422\u043e\u0440\u0440\u0435\u0432\u044c\u0435\u0445\u0435 2019\",\"breadcrumb\":{\"@id\":\"https:\\\/\\\/alegria-realestate.com\\\/cs\\\/articles\\\/news\\\/festival-of-san-juan-in-alicante#breadcrumb\"},\"inLanguage\":\"cs\",\"potentialAction\":[{\"@type\":\"ReadAction\",\"target\":[[\"https:\\\/\\\/alegria-realestate.com\\\/cs\\\/articles\\\/news\\\/festival-of-san-juan-in-alicante\"]]}]},{\"@type\":\"ImageObject\",\"inLanguage\":\"cs\",\"@id\":\"https:\\\/\\\/alegria-realestate.com\\\/cs\\\/articles\\\/news\\\/festival-of-san-juan-in-alicante#primaryimage\",\"url\":\"https:\\\/\\\/alegria-realestate.com\\\/wp-content\\\/uploads\\\/2019\\\/06\\\/festival-of-san-juan-in-alicante11.jpg\",\"contentUrl\":\"https:\\\/\\\/alegria-realestate.com\\\/wp-content\\\/uploads\\\/2019\\\/06\\\/festival-of-san-juan-in-alicante11.jpg\",\"width\":1200,\"height\":800,\"caption\":\"\u041f\u0440\u0430\u0437\u0434\u043d\u0438\u043a \u0421\u0430\u043d-\u0425\u0443\u0430\u043d \u0432 \u0410\u043b\u0438\u043a\u0430\u043d\u0442\u0435 2019\"},{\"@type\":\"BreadcrumbList\",\"@id\":\"https:\\\/\\\/alegria-realestate.com\\\/cs\\\/articles\\\/news\\\/festival-of-san-juan-in-alicante#breadcrumb\",\"itemListElement\":[{\"@type\":\"ListItem\",\"position\":1,\"name\":\"\u0413\u043b\u0430\u0432\u043d\u0430\u044f \u0441\u0442\u0440\u0430\u043d\u0438\u0446\u0430\",\"item\":\"https:\\\/\\\/alegria-realestate.com\\\/cs\\\/\"},{\"@type\":\"ListItem\",\"position\":2,\"name\":\"\u041f\u0440\u0430\u0437\u0434\u043d\u0438\u043a \u0421\u0430\u043d-\u0425\u0443\u0430\u043d \u0432 \u0410\u043b\u0438\u043a\u0430\u043d\u0442\u0435 \u0438 \u0422\u043e\u0440\u0440\u0435\u0432\u044c\u0435\u0445\u0435 2019\"}]},{\"@type\":\"WebSite\",\"@id\":\"https:\\\/\\\/alegria-realestate.com\\\/cs\\\/#website\",\"url\":\"https:\\\/\\\/alegria-realestate.com\\\/cs\\\/\",\"name\":\"Nemovitosti ve \u0160pan\u011blsku\",\"description\":\"Nemovitosti ve \u0160pan\u011blsku: prodej ve v\u0161ech m\u011bstech \u2013 Torrevieja, Alicante, Benidorm a dal\u0161\u00ed. Pom\u016f\u017eeme v\u00e1m s koup\u00ed nemovitosti na Costa Blanca \u2013 secondhandov\u00e9 bydlen\u00ed i novostavby. Kompletn\u00ed vy\u0159\u00edzen\u00ed na kl\u00ed\u010d. Nemovitosti na Costa Blanca od 80 000 \u20ac.\",\"publisher\":{\"@id\":\"https:\\\/\\\/alegria-realestate.com\\\/cs\\\/#organization\"},\"potentialAction\":[{\"@type\":\"SearchAction\",\"target\":{\"@type\":\"EntryPoint\",\"urlTemplate\":\"https:\\\/\\\/alegria-realestate.com\\\/cs\\\/?s={search_term_string}\"},\"query-input\":{\"@type\":\"PropertyValueSpecification\",\"valueRequired\":true,\"valueName\":\"search_term_string\"}}],\"inLanguage\":\"cs\"},{\"@type\":\"Organization\",\"@id\":\"https:\\\/\\\/alegria-realestate.com\\\/cs\\\/#organization\",\"name\":\"Alegria Realestate\",\"url\":\"https:\\\/\\\/alegria-realestate.com\\\/cs\\\/\",\"logo\":{\"@type\":\"ImageObject\",\"inLanguage\":\"cs\",\"@id\":\"https:\\\/\\\/alegria-realestate.com\\\/cs\\\/#\\\/schema\\\/logo\\\/image\\\/\",\"url\":\"https:\\\/\\\/alegria-realestate.com\\\/wp-content\\\/uploads\\\/2019\\\/08\\\/logo_alegria.png\",\"contentUrl\":\"https:\\\/\\\/alegria-realestate.com\\\/wp-content\\\/uploads\\\/2019\\\/08\\\/logo_alegria.png\",\"width\":1600,\"height\":1403,\"caption\":\"Alegria Realestate\"},\"image\":{\"@id\":\"https:\\\/\\\/alegria-realestate.com\\\/cs\\\/#\\\/schema\\\/logo\\\/image\\\/\"},\"sameAs\":[\"https:\\\/\\\/www.facebook.com\\\/realestate.alegria\",\"https:\\\/\\\/x.com\\\/alegriarealesta\",\"https:\\\/\\\/www.instagram.com\\\/alegriadom\\\/\",\"https:\\\/\\\/www.linkedin.com\\\/profile\\\/view?id=154965227\",\"https:\\\/\\\/www.youtube.com\\\/user\\\/AlegriaRealEstate\"]},{\"@type\":\"Person\",\"@id\":\"https:\\\/\\\/alegria-realestate.com\\\/#\\\/schema\\\/person\\\/ff0a48e00da67c4fa2b62f941e991c33\",\"name\":\"\u0415\u043b\u0435\u043d\u0430\"}]}<\/script>\n<!-- \/ Yoast SEO plugin. -->","yoast_head_json":{"title":"(RU) \u00a0\u041f\u0440\u0430\u0437\u0434\u043d\u0438\u043a \u0421\u0430\u043d-\u0425\u0443\u0430\u043d \u0432 \u0410\u043b\u0438\u043a\u0430\u043d\u0442\u0435 2019: \u043f\u0440\u043e\u0433\u0440\u0430\u043c\u043c\u0430 \u043f\u0440\u0430\u0437\u0434\u043d\u0438\u043a\u0430","description":"(RU) \u0418\u0441\u0442\u043e\u0440\u0438\u044f \u043f\u0440\u0430\u0437\u0434\u043d\u0438\u043a\u0430 \u0421\u0430\u043d-\u0425\u0443\u0430\u043d \u0432 \u0410\u043b\u0438\u043a\u0430\u043d\u0442\u0435. \u041f\u0440\u043e\u0433\u0440\u0430\u043c\u043c\u0430 \u043f\u0440\u0430\u0437\u0434\u043d\u0438\u043a \u0421\u0430\u043d-\u0425\u0443\u0430\u043d \u0432 \u0410\u043b\u0438\u043a\u0430\u043d\u0442\u0435 2019. \u041f\u0440\u043e\u0433\u0440\u0430\u043c\u043c\u0430 \u043f\u0440\u0430\u0437\u0434\u043d\u0438\u043a\u0430 \u0421\u0430\u043d-\u0425\u0443\u0430\u043d \u0432 \u0422\u043e\u0440\u0440\u0435\u0432\u044c\u0435\u0445\u0435 2019","robots":{"index":"index","follow":"follow","max-snippet":"max-snippet:-1","max-image-preview":"max-image-preview:large","max-video-preview":"max-video-preview:-1"},"canonical":"https:\/\/alegria-realestate.com\/cs\/wp-json\/wp\/v2\/posts\/73186","og_locale":"cs_CZ","og_type":"article","og_title":"(RU) \u00a0\u041f\u0440\u0430\u0437\u0434\u043d\u0438\u043a \u0421\u0430\u043d-\u0425\u0443\u0430\u043d \u0432 \u0410\u043b\u0438\u043a\u0430\u043d\u0442\u0435 2019: \u043f\u0440\u043e\u0433\u0440\u0430\u043c\u043c\u0430 \u043f\u0440\u0430\u0437\u0434\u043d\u0438\u043a\u0430","og_description":"(RU) \u0418\u0441\u0442\u043e\u0440\u0438\u044f \u043f\u0440\u0430\u0437\u0434\u043d\u0438\u043a\u0430 \u0421\u0430\u043d-\u0425\u0443\u0430\u043d \u0432 \u0410\u043b\u0438\u043a\u0430\u043d\u0442\u0435. \u041f\u0440\u043e\u0433\u0440\u0430\u043c\u043c\u0430 \u043f\u0440\u0430\u0437\u0434\u043d\u0438\u043a \u0421\u0430\u043d-\u0425\u0443\u0430\u043d \u0432 \u0410\u043b\u0438\u043a\u0430\u043d\u0442\u0435 2019. \u041f\u0440\u043e\u0433\u0440\u0430\u043c\u043c\u0430 \u043f\u0440\u0430\u0437\u0434\u043d\u0438\u043a\u0430 \u0421\u0430\u043d-\u0425\u0443\u0430\u043d \u0432 \u0422\u043e\u0440\u0440\u0435\u0432\u044c\u0435\u0445\u0435 2019","og_url":"https:\/\/alegria-realestate.com\/cs\/wp-json\/wp\/v2\/posts\/73186","og_site_name":"Nemovitosti ve \u0160pan\u011blsku","article_publisher":"https:\/\/www.facebook.com\/realestate.alegria","article_published_time":"2019-06-18T06:04:40+00:00","article_modified_time":"2025-08-14T16:48:21+00:00","og_image":[{"width":1200,"height":800,"url":"https:\/\/alegria-realestate.com\/wp-content\/uploads\/2019\/06\/festival-of-san-juan-in-alicante11.jpg","type":"image\/jpeg"}],"author":"\u0415\u043b\u0435\u043d\u0430","twitter_card":"summary_large_image","twitter_creator":"@alegriarealesta","twitter_site":"@alegriarealesta","schema":{"@context":"https:\/\/schema.org","@graph":[{"@type":"Article","@id":"https:\/\/alegria-realestate.com\/articles\/news\/festival-of-san-juan-in-alicante#article","isPartOf":{"@id":"https:\/\/alegria-realestate.com\/articles\/news\/festival-of-san-juan-in-alicante"},"author":{"name":"\u0415\u043b\u0435\u043d\u0430","@id":"https:\/\/alegria-realestate.com\/#\/schema\/person\/ff0a48e00da67c4fa2b62f941e991c33"},"headline":"Festival San Juan v Alicante a Torrevieja 2019","datePublished":"2019-06-18T06:04:40+00:00","dateModified":"2025-08-14T16:48:21+00:00","mainEntityOfPage":{"@id":"https:\/\/alegria-realestate.com\/articles\/news\/festival-of-san-juan-in-alicante"},"wordCount":7886,"publisher":{"@id":"https:\/\/alegria-realestate.com\/#organization"},"image":{"@id":"https:\/\/alegria-realestate.com\/articles\/news\/festival-of-san-juan-in-alicante#primaryimage"},"thumbnailUrl":"https:\/\/alegria-realestate.com\/wp-content\/uploads\/2019\/06\/festival-of-san-juan-in-alicante11.jpg","articleSection":["Voln\u00fd \u010das, turistika, z\u00e1bava, sv\u00e1tky","Zpr\u00e1vy"],"inLanguage":"cs"},{"@type":"WebPage","@id":"https:\/\/alegria-realestate.com\/cs\/articles\/news\/festival-of-san-juan-in-alicante","url":"https:\/\/alegria-realestate.com\/cs\/articles\/news\/festival-of-san-juan-in-alicante","name":"(RU) \u00a0\u041f\u0440\u0430\u0437\u0434\u043d\u0438\u043a \u0421\u0430\u043d-\u0425\u0443\u0430\u043d \u0432 \u0410\u043b\u0438\u043a\u0430\u043d\u0442\u0435 2019: \u043f\u0440\u043e\u0433\u0440\u0430\u043c\u043c\u0430 \u043f\u0440\u0430\u0437\u0434\u043d\u0438\u043a\u0430","isPartOf":{"@id":"https:\/\/alegria-realestate.com\/cs\/#website"},"primaryImageOfPage":{"@id":"https:\/\/alegria-realestate.com\/cs\/articles\/news\/festival-of-san-juan-in-alicante#primaryimage"},"image":{"@id":"https:\/\/alegria-realestate.com\/articles\/news\/festival-of-san-juan-in-alicante#primaryimage"},"thumbnailUrl":"https:\/\/alegria-realestate.com\/wp-content\/uploads\/2019\/06\/festival-of-san-juan-in-alicante11.jpg","datePublished":"2019-06-18T06:04:40+00:00","dateModified":"2025-08-14T16:48:21+00:00","description":"(RU) \u0418\u0441\u0442\u043e\u0440\u0438\u044f \u043f\u0440\u0430\u0437\u0434\u043d\u0438\u043a\u0430 \u0421\u0430\u043d-\u0425\u0443\u0430\u043d \u0432 \u0410\u043b\u0438\u043a\u0430\u043d\u0442\u0435. \u041f\u0440\u043e\u0433\u0440\u0430\u043c\u043c\u0430 \u043f\u0440\u0430\u0437\u0434\u043d\u0438\u043a \u0421\u0430\u043d-\u0425\u0443\u0430\u043d \u0432 \u0410\u043b\u0438\u043a\u0430\u043d\u0442\u0435 2019. \u041f\u0440\u043e\u0433\u0440\u0430\u043c\u043c\u0430 \u043f\u0440\u0430\u0437\u0434\u043d\u0438\u043a\u0430 \u0421\u0430\u043d-\u0425\u0443\u0430\u043d \u0432 \u0422\u043e\u0440\u0440\u0435\u0432\u044c\u0435\u0445\u0435 2019","breadcrumb":{"@id":"https:\/\/alegria-realestate.com\/cs\/articles\/news\/festival-of-san-juan-in-alicante#breadcrumb"},"inLanguage":"cs","potentialAction":[{"@type":"ReadAction","target":[["https:\/\/alegria-realestate.com\/cs\/articles\/news\/festival-of-san-juan-in-alicante"]]}]},{"@type":"ImageObject","inLanguage":"cs","@id":"https:\/\/alegria-realestate.com\/cs\/articles\/news\/festival-of-san-juan-in-alicante#primaryimage","url":"https:\/\/alegria-realestate.com\/wp-content\/uploads\/2019\/06\/festival-of-san-juan-in-alicante11.jpg","contentUrl":"https:\/\/alegria-realestate.com\/wp-content\/uploads\/2019\/06\/festival-of-san-juan-in-alicante11.jpg","width":1200,"height":800,"caption":"\u041f\u0440\u0430\u0437\u0434\u043d\u0438\u043a \u0421\u0430\u043d-\u0425\u0443\u0430\u043d \u0432 \u0410\u043b\u0438\u043a\u0430\u043d\u0442\u0435 2019"},{"@type":"BreadcrumbList","@id":"https:\/\/alegria-realestate.com\/cs\/articles\/news\/festival-of-san-juan-in-alicante#breadcrumb","itemListElement":[{"@type":"ListItem","position":1,"name":"\u0413\u043b\u0430\u0432\u043d\u0430\u044f \u0441\u0442\u0440\u0430\u043d\u0438\u0446\u0430","item":"https:\/\/alegria-realestate.com\/cs\/"},{"@type":"ListItem","position":2,"name":"\u041f\u0440\u0430\u0437\u0434\u043d\u0438\u043a \u0421\u0430\u043d-\u0425\u0443\u0430\u043d \u0432 \u0410\u043b\u0438\u043a\u0430\u043d\u0442\u0435 \u0438 \u0422\u043e\u0440\u0440\u0435\u0432\u044c\u0435\u0445\u0435 2019"}]},{"@type":"WebSite","@id":"https:\/\/alegria-realestate.com\/cs\/#website","url":"https:\/\/alegria-realestate.com\/cs\/","name":"Nemovitosti ve \u0160pan\u011blsku","description":"Nemovitosti ve \u0160pan\u011blsku: prodej ve v\u0161ech m\u011bstech \u2013 Torrevieja, Alicante, Benidorm a dal\u0161\u00ed. Pom\u016f\u017eeme v\u00e1m s koup\u00ed nemovitosti na Costa Blanca \u2013 secondhandov\u00e9 bydlen\u00ed i novostavby. Kompletn\u00ed vy\u0159\u00edzen\u00ed na kl\u00ed\u010d. Nemovitosti na Costa Blanca od 80 000 \u20ac.","publisher":{"@id":"https:\/\/alegria-realestate.com\/cs\/#organization"},"potentialAction":[{"@type":"SearchAction","target":{"@type":"EntryPoint","urlTemplate":"https:\/\/alegria-realestate.com\/cs\/?s={search_term_string}"},"query-input":{"@type":"PropertyValueSpecification","valueRequired":true,"valueName":"search_term_string"}}],"inLanguage":"cs"},{"@type":"Organization","@id":"https:\/\/alegria-realestate.com\/cs\/#organization","name":"Alegria Realestate","url":"https:\/\/alegria-realestate.com\/cs\/","logo":{"@type":"ImageObject","inLanguage":"cs","@id":"https:\/\/alegria-realestate.com\/cs\/#\/schema\/logo\/image\/","url":"https:\/\/alegria-realestate.com\/wp-content\/uploads\/2019\/08\/logo_alegria.png","contentUrl":"https:\/\/alegria-realestate.com\/wp-content\/uploads\/2019\/08\/logo_alegria.png","width":1600,"height":1403,"caption":"Alegria Realestate"},"image":{"@id":"https:\/\/alegria-realestate.com\/cs\/#\/schema\/logo\/image\/"},"sameAs":["https:\/\/www.facebook.com\/realestate.alegria","https:\/\/x.com\/alegriarealesta","https:\/\/www.instagram.com\/alegriadom\/","https:\/\/www.linkedin.com\/profile\/view?id=154965227","https:\/\/www.youtube.com\/user\/AlegriaRealEstate"]},{"@type":"Person","@id":"https:\/\/alegria-realestate.com\/#\/schema\/person\/ff0a48e00da67c4fa2b62f941e991c33","name":"\u0415\u043b\u0435\u043d\u0430"}]}},"_links":{"self":[{"href":"https:\/\/alegria-realestate.com\/cs\/wp-json\/wp\/v2\/posts\/73186","targetHints":{"allow":["GET"]}}],"collection":[{"href":"https:\/\/alegria-realestate.com\/cs\/wp-json\/wp\/v2\/posts"}],"about":[{"href":"https:\/\/alegria-realestate.com\/cs\/wp-json\/wp\/v2\/types\/post"}],"author":[{"embeddable":true,"href":"https:\/\/alegria-realestate.com\/cs\/wp-json\/wp\/v2\/users\/2"}],"replies":[{"embeddable":true,"href":"https:\/\/alegria-realestate.com\/cs\/wp-json\/wp\/v2\/comments?post=73186"}],"version-history":[{"count":1,"href":"https:\/\/alegria-realestate.com\/cs\/wp-json\/wp\/v2\/posts\/73186\/revisions"}],"predecessor-version":[{"id":836840,"href":"https:\/\/alegria-realestate.com\/cs\/wp-json\/wp\/v2\/posts\/73186\/revisions\/836840"}],"wp:featuredmedia":[{"embeddable":true,"href":"https:\/\/alegria-realestate.com\/cs\/wp-json\/wp\/v2\/media\/73187"}],"wp:attachment":[{"href":"https:\/\/alegria-realestate.com\/cs\/wp-json\/wp\/v2\/media?parent=73186"}],"wp:term":[{"taxonomy":"category","embeddable":true,"href":"https:\/\/alegria-realestate.com\/cs\/wp-json\/wp\/v2\/categories?post=73186"},{"taxonomy":"post_tag","embeddable":true,"href":"https:\/\/alegria-realestate.com\/cs\/wp-json\/wp\/v2\/tags?post=73186"}],"curies":[{"name":"wp","href":"https:\/\/api.w.org\/{rel}","templated":true}]}}