{"id":734391,"date":"2025-02-20T16:31:10","date_gmt":"2025-02-20T13:31:10","guid":{"rendered":"https:\/\/alegria-realestate.com\/?p=734391"},"modified":"2025-08-14T22:36:35","modified_gmt":"2025-08-14T19:36:35","slug":"spanish-parliament-demands-eviction-of-ocupas-within-24-48-hours","status":"publish","type":"post","link":"https:\/\/alegria-realestate.com\/cs\/articles\/news\/spanish-parliament-demands-eviction-of-ocupas-within-24-48-hours","title":{"rendered":"\u0160pan\u011blsk\u00fd parlament po\u017eaduje vyst\u011bhov\u00e1n\u00ed \u201eokupas\u201c do 24-48 hodin"},"content":{"rendered":"<p>\u0160pan\u011blsk\u00fd parlament po\u017eaduje vyklizen\u00ed st\u00e1tn\u00ed p\u016fdy pro bydlen\u00ed a vyst\u011bhov\u00e1n\u00ed \u201eokupas\u201c do 48 hodin, p\u0159esto\u017ee vl\u00e1da n\u00e1vrh odm\u00edtla. Vyplynulo to z nal\u00e9hav\u00e9ho parlamentn\u00edho \u0161et\u0159en\u00ed iniciovan\u00e9ho lidovci (PP) \u201eK selh\u00e1n\u00ed bytov\u00e9 politiky vl\u00e1dy\u201c, kter\u00e9 vedlo ke schv\u00e1len\u00ed p\u011bti ze \u0161esti konkr\u00e9tn\u00edch bod\u016f. Iniciativa byla p\u0159ijata i p\u0159esto, \u017ee PSOE a Sumar, kter\u00e9 tvo\u0159\u00ed vl\u00e1dnouc\u00ed koalici, hlasovaly proti. Prvn\u00ed z t\u011bchto bod\u016f, schv\u00e1len\u00fd na plen\u00e1rn\u00edm zased\u00e1n\u00ed Poslaneck\u00e9 sn\u011bmovny, vyz\u00fdv\u00e1 exekutivu k uv\u00e1d\u011bn\u00ed st\u00e1tn\u00edch pozemk\u016f na realitn\u00ed trh a to transparentn\u011b prost\u0159ednictv\u00edm port\u00e1lu jako otev\u0159en\u00e9ho informa\u010dn\u00edho n\u00e1stroje, kter\u00fd umo\u017en\u00ed sezn\u00e1mit se s pozemky, kter\u00e9 vlastn\u00ed. Je\u0161t\u011b v\u00edce poslanc\u016f hlasovalo pro druh\u00fd, kter\u00fd umo\u017e\u0148uje \u201eexpresn\u00ed vyst\u011bhov\u00e1n\u00ed\u201c t\u011bch, kdo ob\u00fdvaj\u00ed ciz\u00ed domy: krom\u011b z\u00e1stupc\u016f z PP, PNV, Vox a UPN odevzdaly sv\u00e9 hlasy Coalici\u00f3n Canaria a Junts, co\u017e umo\u017enilo dos\u00e1hnout v\u00fdrazn\u00e9 v\u011bt\u0161iny \u2013 180 hlas\u016f \u201epro\u201c a 162 \u201eproti\u201c. Baskick\u00e1 levicov\u00e1 separatistick\u00e1 strana EH Bildu zase po\u017eaduje v\u011bt\u0161\u00ed pr\u00e1vn\u00ed jistotu v oblasti \u00fazemn\u00edho pl\u00e1nov\u00e1n\u00ed, omezen\u00ed neplatnosti \u00fazemn\u00edch pl\u00e1n\u016f m\u011bsta kv\u016fli form\u00e1ln\u00edm vad\u00e1m a p\u0159ijet\u00ed konkr\u00e9tn\u00edch opat\u0159en\u00ed pro usnadn\u011bn\u00ed p\u0159\u00edstupu k bydlen\u00ed \u2013 jako je prodlou\u017een\u00ed z\u00e1ruk na 40 let, zachov\u00e1n\u00ed \u00faspor a usnadn\u011bn\u00ed emancipace mlad\u00fdch lid\u00ed. Podle premi\u00e9ra Pedra S\u00e1ncheze v sou\u010dasnosti pob\u00edr\u00e1 dotace na pron\u00e1jem v\u00edce ne\u017e 66 000 mlad\u00fdch lid\u00ed. Z\u00e1rove\u0148 se poprv\u00e9 po mnoha letech zv\u00fd\u0161ila m\u00edra bytov\u00e9 v\u00fdstavby ve \u0160pan\u011blsku a uplatn\u011bn\u00ed z\u00e1kona o bydlen\u00ed v Katal\u00e1nsku sn\u00ed\u017eilo n\u00e1jemn\u00e9 o 3\u20135 %.<\/p>","protected":false},"excerpt":{"rendered":"<p>\u0160pan\u011blsk\u00fd parlament po\u017eaduje vyklizen\u00ed st\u00e1tn\u00ed p\u016fdy pro bydlen\u00ed a\u2026<\/p>\n","protected":false},"author":19,"featured_media":734392,"comment_status":"closed","ping_status":"closed","sticky":false,"template":"","format":"standard","meta":{"footnotes":""},"categories":[74,15],"tags":[],"class_list":["post-734391","post","type-post","status-publish","format-standard","has-post-thumbnail","hentry","category-life-in-spain","category-news"],"yoast_head":"<!-- This site is optimized with the Yoast SEO plugin v27.5 - https:\/\/yoast.com\/product\/yoast-seo-wordpress\/ -->\n<title>\u0418\u0441\u043f\u0430\u043d\u0441\u043a\u0438\u0439 \u043f\u0430\u0440\u043b\u0430\u043c\u0435\u043d\u0442 \u0442\u0440\u0435\u0431\u0443\u0435\u0442 \u0432\u044b\u0441\u0435\u043b\u044f\u0442\u044c \u00ab\u043e\u043a\u0443\u043f\u0430\u0441\u00bb \u0437\u0430 24\u201348 \u0447\u0430\u0441\u043e\u0432<\/title>\n<meta name=\"description\" content=\"\u0418\u0441\u043f\u0430\u043d\u0441\u043a\u0438\u0439 \u043f\u0430\u0440\u043b\u0430\u043c\u0435\u043d\u0442 \u0442\u0440\u0435\u0431\u0443\u0435\u0442 \u043e\u0441\u0432\u043e\u0431\u043e\u0434\u0438\u0442\u044c \u0433\u043e\u0441\u0443\u0434\u0430\u0440\u0441\u0442\u0432\u0435\u043d\u043d\u044b\u0435 \u0437\u0435\u043c\u043b\u0438 \u043f\u043e\u0434 \u0436\u0438\u043b\u044c\u0435 \u0438 \u0432\u044b\u0441\u0435\u043b\u044f\u0442\u044c \u00ab\u043e\u043a\u0443\u043f\u0430\u0441\u00bb \u0432 \u0442\u0435\u0447\u0435\u043d\u0438\u0435 48 \u0447\u0430\u0441\u043e\u0432\" \/>\n<meta name=\"robots\" content=\"index, follow, max-snippet:-1, max-image-preview:large, max-video-preview:-1\" \/>\n<link rel=\"canonical\" href=\"https:\/\/alegria-realestate.com\/cs\/wp-json\/wp\/v2\/posts\/734391\" \/>\n<meta property=\"og:locale\" content=\"cs_CZ\" \/>\n<meta property=\"og:type\" content=\"article\" \/>\n<meta property=\"og:title\" content=\"\u0418\u0441\u043f\u0430\u043d\u0441\u043a\u0438\u0439 \u043f\u0430\u0440\u043b\u0430\u043c\u0435\u043d\u0442 \u0442\u0440\u0435\u0431\u0443\u0435\u0442 \u0432\u044b\u0441\u0435\u043b\u044f\u0442\u044c \u00ab\u043e\u043a\u0443\u043f\u0430\u0441\u00bb \u0437\u0430 24\u201348 \u0447\u0430\u0441\u043e\u0432\" \/>\n<meta property=\"og:description\" content=\"\u0418\u0441\u043f\u0430\u043d\u0441\u043a\u0438\u0439 \u043f\u0430\u0440\u043b\u0430\u043c\u0435\u043d\u0442 \u0442\u0440\u0435\u0431\u0443\u0435\u0442 \u043e\u0441\u0432\u043e\u0431\u043e\u0434\u0438\u0442\u044c \u0433\u043e\u0441\u0443\u0434\u0430\u0440\u0441\u0442\u0432\u0435\u043d\u043d\u044b\u0435 \u0437\u0435\u043c\u043b\u0438 \u043f\u043e\u0434 \u0436\u0438\u043b\u044c\u0435 \u0438 \u0432\u044b\u0441\u0435\u043b\u044f\u0442\u044c \u00ab\u043e\u043a\u0443\u043f\u0430\u0441\u00bb \u0432 \u0442\u0435\u0447\u0435\u043d\u0438\u0435 48 \u0447\u0430\u0441\u043e\u0432\" \/>\n<meta property=\"og:url\" content=\"https:\/\/alegria-realestate.com\/cs\/wp-json\/wp\/v2\/posts\/734391\" \/>\n<meta property=\"og:site_name\" content=\"Nemovitosti ve \u0160pan\u011blsku\" \/>\n<meta property=\"article:publisher\" content=\"https:\/\/www.facebook.com\/realestate.alegria\" \/>\n<meta property=\"article:published_time\" content=\"2025-02-20T13:31:10+00:00\" \/>\n<meta property=\"article:modified_time\" content=\"2025-08-14T19:36:35+00:00\" \/>\n<meta property=\"og:image\" content=\"https:\/\/alegria-realestate.com\/wp-content\/uploads\/2025\/02\/Depositphotos_219933456_L.jpg\" \/>\n\t<meta property=\"og:image:width\" content=\"2000\" \/>\n\t<meta property=\"og:image:height\" content=\"1335\" \/>\n\t<meta property=\"og:image:type\" content=\"image\/jpeg\" \/>\n<meta name=\"author\" content=\"\u041b\u0435\u0440\u0430\" \/>\n<meta name=\"twitter:card\" content=\"summary_large_image\" \/>\n<meta name=\"twitter:creator\" content=\"@alegriarealesta\" \/>\n<meta name=\"twitter:site\" content=\"@alegriarealesta\" \/>\n<script type=\"application\/ld+json\" class=\"yoast-schema-graph\">{\"@context\":\"https:\\\/\\\/schema.org\",\"@graph\":[{\"@type\":\"Article\",\"@id\":\"https:\\\/\\\/alegria-realestate.com\\\/articles\\\/news\\\/spanish-parliament-demands-eviction-of-ocupas-within-24-48-hours#article\",\"isPartOf\":{\"@id\":\"https:\\\/\\\/alegria-realestate.com\\\/articles\\\/news\\\/spanish-parliament-demands-eviction-of-ocupas-within-24-48-hours\"},\"author\":{\"name\":\"\u041b\u0435\u0440\u0430\",\"@id\":\"https:\\\/\\\/alegria-realestate.com\\\/#\\\/schema\\\/person\\\/6c26f3bac4c1e476e858c219ece11984\"},\"headline\":\"\u0160pan\u011blsk\u00fd parlament po\u017eaduje vyst\u011bhov\u00e1n\u00ed \u201eokupas\u201c do 24-48 hodin\",\"datePublished\":\"2025-02-20T13:31:10+00:00\",\"dateModified\":\"2025-08-14T19:36:35+00:00\",\"mainEntityOfPage\":{\"@id\":\"https:\\\/\\\/alegria-realestate.com\\\/articles\\\/news\\\/spanish-parliament-demands-eviction-of-ocupas-within-24-48-hours\"},\"wordCount\":870,\"publisher\":{\"@id\":\"https:\\\/\\\/alegria-realestate.com\\\/#organization\"},\"image\":{\"@id\":\"https:\\\/\\\/alegria-realestate.com\\\/articles\\\/news\\\/spanish-parliament-demands-eviction-of-ocupas-within-24-48-hours#primaryimage\"},\"thumbnailUrl\":\"https:\\\/\\\/alegria-realestate.com\\\/wp-content\\\/uploads\\\/2025\\\/02\\\/Depositphotos_219933456_L.jpg\",\"articleSection\":[\"\u017divot ve \u0160pan\u011blsku\",\"Zpr\u00e1vy\"],\"inLanguage\":\"cs\"},{\"@type\":\"WebPage\",\"@id\":\"https:\\\/\\\/alegria-realestate.com\\\/cs\\\/articles\\\/news\\\/spanish-parliament-demands-eviction-of-ocupas-within-24-48-hours\",\"url\":\"https:\\\/\\\/alegria-realestate.com\\\/cs\\\/articles\\\/news\\\/spanish-parliament-demands-eviction-of-ocupas-within-24-48-hours\",\"name\":\"\u0418\u0441\u043f\u0430\u043d\u0441\u043a\u0438\u0439 \u043f\u0430\u0440\u043b\u0430\u043c\u0435\u043d\u0442 \u0442\u0440\u0435\u0431\u0443\u0435\u0442 \u0432\u044b\u0441\u0435\u043b\u044f\u0442\u044c \u00ab\u043e\u043a\u0443\u043f\u0430\u0441\u00bb \u0437\u0430 24\u201348 \u0447\u0430\u0441\u043e\u0432\",\"isPartOf\":{\"@id\":\"https:\\\/\\\/alegria-realestate.com\\\/cs\\\/#website\"},\"primaryImageOfPage\":{\"@id\":\"https:\\\/\\\/alegria-realestate.com\\\/cs\\\/articles\\\/news\\\/spanish-parliament-demands-eviction-of-ocupas-within-24-48-hours#primaryimage\"},\"image\":{\"@id\":\"https:\\\/\\\/alegria-realestate.com\\\/articles\\\/news\\\/spanish-parliament-demands-eviction-of-ocupas-within-24-48-hours#primaryimage\"},\"thumbnailUrl\":\"https:\\\/\\\/alegria-realestate.com\\\/wp-content\\\/uploads\\\/2025\\\/02\\\/Depositphotos_219933456_L.jpg\",\"datePublished\":\"2025-02-20T13:31:10+00:00\",\"dateModified\":\"2025-08-14T19:36:35+00:00\",\"description\":\"\u0418\u0441\u043f\u0430\u043d\u0441\u043a\u0438\u0439 \u043f\u0430\u0440\u043b\u0430\u043c\u0435\u043d\u0442 \u0442\u0440\u0435\u0431\u0443\u0435\u0442 \u043e\u0441\u0432\u043e\u0431\u043e\u0434\u0438\u0442\u044c \u0433\u043e\u0441\u0443\u0434\u0430\u0440\u0441\u0442\u0432\u0435\u043d\u043d\u044b\u0435 \u0437\u0435\u043c\u043b\u0438 \u043f\u043e\u0434 \u0436\u0438\u043b\u044c\u0435 \u0438 \u0432\u044b\u0441\u0435\u043b\u044f\u0442\u044c \u00ab\u043e\u043a\u0443\u043f\u0430\u0441\u00bb \u0432 \u0442\u0435\u0447\u0435\u043d\u0438\u0435 48 \u0447\u0430\u0441\u043e\u0432\",\"breadcrumb\":{\"@id\":\"https:\\\/\\\/alegria-realestate.com\\\/cs\\\/articles\\\/news\\\/spanish-parliament-demands-eviction-of-ocupas-within-24-48-hours#breadcrumb\"},\"inLanguage\":\"cs\",\"potentialAction\":[{\"@type\":\"ReadAction\",\"target\":[[\"https:\\\/\\\/alegria-realestate.com\\\/cs\\\/articles\\\/news\\\/spanish-parliament-demands-eviction-of-ocupas-within-24-48-hours\"]]}]},{\"@type\":\"ImageObject\",\"inLanguage\":\"cs\",\"@id\":\"https:\\\/\\\/alegria-realestate.com\\\/cs\\\/articles\\\/news\\\/spanish-parliament-demands-eviction-of-ocupas-within-24-48-hours#primaryimage\",\"url\":\"https:\\\/\\\/alegria-realestate.com\\\/wp-content\\\/uploads\\\/2025\\\/02\\\/Depositphotos_219933456_L.jpg\",\"contentUrl\":\"https:\\\/\\\/alegria-realestate.com\\\/wp-content\\\/uploads\\\/2025\\\/02\\\/Depositphotos_219933456_L.jpg\",\"width\":2000,\"height\":1335,\"caption\":\"\u0418\u0441\u043f\u0430\u043d\u0441\u043a\u0438\u0439 \u043f\u0430\u0440\u043b\u0430\u043c\u0435\u043d\u0442 \u0442\u0440\u0435\u0431\u0443\u0435\u0442 \u0432\u044b\u0441\u0435\u043b\u044f\u0442\u044c \u00ab\u043e\u043a\u0443\u043f\u0430\u0441\u00bb \u0437\u0430 24\u201348 \u0447\u0430\u0441\u043e\u0432\"},{\"@type\":\"BreadcrumbList\",\"@id\":\"https:\\\/\\\/alegria-realestate.com\\\/cs\\\/articles\\\/news\\\/spanish-parliament-demands-eviction-of-ocupas-within-24-48-hours#breadcrumb\",\"itemListElement\":[{\"@type\":\"ListItem\",\"position\":1,\"name\":\"\u0413\u043b\u0430\u0432\u043d\u0430\u044f \u0441\u0442\u0440\u0430\u043d\u0438\u0446\u0430\",\"item\":\"https:\\\/\\\/alegria-realestate.com\\\/cs\\\/\"},{\"@type\":\"ListItem\",\"position\":2,\"name\":\"\u0418\u0441\u043f\u0430\u043d\u0441\u043a\u0438\u0439 \u043f\u0430\u0440\u043b\u0430\u043c\u0435\u043d\u0442 \u0442\u0440\u0435\u0431\u0443\u0435\u0442 \u0432\u044b\u0441\u0435\u043b\u044f\u0442\u044c \u00ab\u043e\u043a\u0443\u043f\u0430\u0441\u00bb \u0437\u0430 24\u201348 \u0447\u0430\u0441\u043e\u0432\"}]},{\"@type\":\"WebSite\",\"@id\":\"https:\\\/\\\/alegria-realestate.com\\\/cs\\\/#website\",\"url\":\"https:\\\/\\\/alegria-realestate.com\\\/cs\\\/\",\"name\":\"Nemovitosti ve \u0160pan\u011blsku\",\"description\":\"Nemovitosti ve \u0160pan\u011blsku: prodej ve v\u0161ech m\u011bstech \u2013 Torrevieja, Alicante, Benidorm a dal\u0161\u00ed. Pom\u016f\u017eeme v\u00e1m s koup\u00ed nemovitosti na Costa Blanca \u2013 secondhandov\u00e9 bydlen\u00ed i novostavby. Kompletn\u00ed vy\u0159\u00edzen\u00ed na kl\u00ed\u010d. Nemovitosti na Costa Blanca od 80 000 \u20ac.\",\"publisher\":{\"@id\":\"https:\\\/\\\/alegria-realestate.com\\\/cs\\\/#organization\"},\"potentialAction\":[{\"@type\":\"SearchAction\",\"target\":{\"@type\":\"EntryPoint\",\"urlTemplate\":\"https:\\\/\\\/alegria-realestate.com\\\/cs\\\/?s={search_term_string}\"},\"query-input\":{\"@type\":\"PropertyValueSpecification\",\"valueRequired\":true,\"valueName\":\"search_term_string\"}}],\"inLanguage\":\"cs\"},{\"@type\":\"Organization\",\"@id\":\"https:\\\/\\\/alegria-realestate.com\\\/cs\\\/#organization\",\"name\":\"Alegria Realestate\",\"url\":\"https:\\\/\\\/alegria-realestate.com\\\/cs\\\/\",\"logo\":{\"@type\":\"ImageObject\",\"inLanguage\":\"cs\",\"@id\":\"https:\\\/\\\/alegria-realestate.com\\\/cs\\\/#\\\/schema\\\/logo\\\/image\\\/\",\"url\":\"https:\\\/\\\/alegria-realestate.com\\\/wp-content\\\/uploads\\\/2019\\\/08\\\/logo_alegria.png\",\"contentUrl\":\"https:\\\/\\\/alegria-realestate.com\\\/wp-content\\\/uploads\\\/2019\\\/08\\\/logo_alegria.png\",\"width\":1600,\"height\":1403,\"caption\":\"Alegria Realestate\"},\"image\":{\"@id\":\"https:\\\/\\\/alegria-realestate.com\\\/cs\\\/#\\\/schema\\\/logo\\\/image\\\/\"},\"sameAs\":[\"https:\\\/\\\/www.facebook.com\\\/realestate.alegria\",\"https:\\\/\\\/x.com\\\/alegriarealesta\",\"https:\\\/\\\/www.instagram.com\\\/alegriadom\\\/\",\"https:\\\/\\\/www.linkedin.com\\\/profile\\\/view?id=154965227\",\"https:\\\/\\\/www.youtube.com\\\/user\\\/AlegriaRealEstate\"]},{\"@type\":\"Person\",\"@id\":\"https:\\\/\\\/alegria-realestate.com\\\/#\\\/schema\\\/person\\\/6c26f3bac4c1e476e858c219ece11984\",\"name\":\"\u041b\u0435\u0440\u0430\"}]}<\/script>\n<!-- \/ Yoast SEO plugin. -->","yoast_head_json":{"title":"\u0418\u0441\u043f\u0430\u043d\u0441\u043a\u0438\u0439 \u043f\u0430\u0440\u043b\u0430\u043c\u0435\u043d\u0442 \u0442\u0440\u0435\u0431\u0443\u0435\u0442 \u0432\u044b\u0441\u0435\u043b\u044f\u0442\u044c \u00ab\u043e\u043a\u0443\u043f\u0430\u0441\u00bb \u0437\u0430 24\u201348 \u0447\u0430\u0441\u043e\u0432","description":"\u0418\u0441\u043f\u0430\u043d\u0441\u043a\u0438\u0439 \u043f\u0430\u0440\u043b\u0430\u043c\u0435\u043d\u0442 \u0442\u0440\u0435\u0431\u0443\u0435\u0442 \u043e\u0441\u0432\u043e\u0431\u043e\u0434\u0438\u0442\u044c \u0433\u043e\u0441\u0443\u0434\u0430\u0440\u0441\u0442\u0432\u0435\u043d\u043d\u044b\u0435 \u0437\u0435\u043c\u043b\u0438 \u043f\u043e\u0434 \u0436\u0438\u043b\u044c\u0435 \u0438 \u0432\u044b\u0441\u0435\u043b\u044f\u0442\u044c \u00ab\u043e\u043a\u0443\u043f\u0430\u0441\u00bb \u0432 \u0442\u0435\u0447\u0435\u043d\u0438\u0435 48 \u0447\u0430\u0441\u043e\u0432","robots":{"index":"index","follow":"follow","max-snippet":"max-snippet:-1","max-image-preview":"max-image-preview:large","max-video-preview":"max-video-preview:-1"},"canonical":"https:\/\/alegria-realestate.com\/cs\/wp-json\/wp\/v2\/posts\/734391","og_locale":"cs_CZ","og_type":"article","og_title":"\u0418\u0441\u043f\u0430\u043d\u0441\u043a\u0438\u0439 \u043f\u0430\u0440\u043b\u0430\u043c\u0435\u043d\u0442 \u0442\u0440\u0435\u0431\u0443\u0435\u0442 \u0432\u044b\u0441\u0435\u043b\u044f\u0442\u044c \u00ab\u043e\u043a\u0443\u043f\u0430\u0441\u00bb \u0437\u0430 24\u201348 \u0447\u0430\u0441\u043e\u0432","og_description":"\u0418\u0441\u043f\u0430\u043d\u0441\u043a\u0438\u0439 \u043f\u0430\u0440\u043b\u0430\u043c\u0435\u043d\u0442 \u0442\u0440\u0435\u0431\u0443\u0435\u0442 \u043e\u0441\u0432\u043e\u0431\u043e\u0434\u0438\u0442\u044c \u0433\u043e\u0441\u0443\u0434\u0430\u0440\u0441\u0442\u0432\u0435\u043d\u043d\u044b\u0435 \u0437\u0435\u043c\u043b\u0438 \u043f\u043e\u0434 \u0436\u0438\u043b\u044c\u0435 \u0438 \u0432\u044b\u0441\u0435\u043b\u044f\u0442\u044c \u00ab\u043e\u043a\u0443\u043f\u0430\u0441\u00bb \u0432 \u0442\u0435\u0447\u0435\u043d\u0438\u0435 48 \u0447\u0430\u0441\u043e\u0432","og_url":"https:\/\/alegria-realestate.com\/cs\/wp-json\/wp\/v2\/posts\/734391","og_site_name":"Nemovitosti ve \u0160pan\u011blsku","article_publisher":"https:\/\/www.facebook.com\/realestate.alegria","article_published_time":"2025-02-20T13:31:10+00:00","article_modified_time":"2025-08-14T19:36:35+00:00","og_image":[{"width":2000,"height":1335,"url":"https:\/\/alegria-realestate.com\/wp-content\/uploads\/2025\/02\/Depositphotos_219933456_L.jpg","type":"image\/jpeg"}],"author":"\u041b\u0435\u0440\u0430","twitter_card":"summary_large_image","twitter_creator":"@alegriarealesta","twitter_site":"@alegriarealesta","schema":{"@context":"https:\/\/schema.org","@graph":[{"@type":"Article","@id":"https:\/\/alegria-realestate.com\/articles\/news\/spanish-parliament-demands-eviction-of-ocupas-within-24-48-hours#article","isPartOf":{"@id":"https:\/\/alegria-realestate.com\/articles\/news\/spanish-parliament-demands-eviction-of-ocupas-within-24-48-hours"},"author":{"name":"\u041b\u0435\u0440\u0430","@id":"https:\/\/alegria-realestate.com\/#\/schema\/person\/6c26f3bac4c1e476e858c219ece11984"},"headline":"\u0160pan\u011blsk\u00fd parlament po\u017eaduje vyst\u011bhov\u00e1n\u00ed \u201eokupas\u201c do 24-48 hodin","datePublished":"2025-02-20T13:31:10+00:00","dateModified":"2025-08-14T19:36:35+00:00","mainEntityOfPage":{"@id":"https:\/\/alegria-realestate.com\/articles\/news\/spanish-parliament-demands-eviction-of-ocupas-within-24-48-hours"},"wordCount":870,"publisher":{"@id":"https:\/\/alegria-realestate.com\/#organization"},"image":{"@id":"https:\/\/alegria-realestate.com\/articles\/news\/spanish-parliament-demands-eviction-of-ocupas-within-24-48-hours#primaryimage"},"thumbnailUrl":"https:\/\/alegria-realestate.com\/wp-content\/uploads\/2025\/02\/Depositphotos_219933456_L.jpg","articleSection":["\u017divot ve \u0160pan\u011blsku","Zpr\u00e1vy"],"inLanguage":"cs"},{"@type":"WebPage","@id":"https:\/\/alegria-realestate.com\/cs\/articles\/news\/spanish-parliament-demands-eviction-of-ocupas-within-24-48-hours","url":"https:\/\/alegria-realestate.com\/cs\/articles\/news\/spanish-parliament-demands-eviction-of-ocupas-within-24-48-hours","name":"\u0418\u0441\u043f\u0430\u043d\u0441\u043a\u0438\u0439 \u043f\u0430\u0440\u043b\u0430\u043c\u0435\u043d\u0442 \u0442\u0440\u0435\u0431\u0443\u0435\u0442 \u0432\u044b\u0441\u0435\u043b\u044f\u0442\u044c \u00ab\u043e\u043a\u0443\u043f\u0430\u0441\u00bb \u0437\u0430 24\u201348 \u0447\u0430\u0441\u043e\u0432","isPartOf":{"@id":"https:\/\/alegria-realestate.com\/cs\/#website"},"primaryImageOfPage":{"@id":"https:\/\/alegria-realestate.com\/cs\/articles\/news\/spanish-parliament-demands-eviction-of-ocupas-within-24-48-hours#primaryimage"},"image":{"@id":"https:\/\/alegria-realestate.com\/articles\/news\/spanish-parliament-demands-eviction-of-ocupas-within-24-48-hours#primaryimage"},"thumbnailUrl":"https:\/\/alegria-realestate.com\/wp-content\/uploads\/2025\/02\/Depositphotos_219933456_L.jpg","datePublished":"2025-02-20T13:31:10+00:00","dateModified":"2025-08-14T19:36:35+00:00","description":"\u0418\u0441\u043f\u0430\u043d\u0441\u043a\u0438\u0439 \u043f\u0430\u0440\u043b\u0430\u043c\u0435\u043d\u0442 \u0442\u0440\u0435\u0431\u0443\u0435\u0442 \u043e\u0441\u0432\u043e\u0431\u043e\u0434\u0438\u0442\u044c \u0433\u043e\u0441\u0443\u0434\u0430\u0440\u0441\u0442\u0432\u0435\u043d\u043d\u044b\u0435 \u0437\u0435\u043c\u043b\u0438 \u043f\u043e\u0434 \u0436\u0438\u043b\u044c\u0435 \u0438 \u0432\u044b\u0441\u0435\u043b\u044f\u0442\u044c \u00ab\u043e\u043a\u0443\u043f\u0430\u0441\u00bb \u0432 \u0442\u0435\u0447\u0435\u043d\u0438\u0435 48 \u0447\u0430\u0441\u043e\u0432","breadcrumb":{"@id":"https:\/\/alegria-realestate.com\/cs\/articles\/news\/spanish-parliament-demands-eviction-of-ocupas-within-24-48-hours#breadcrumb"},"inLanguage":"cs","potentialAction":[{"@type":"ReadAction","target":[["https:\/\/alegria-realestate.com\/cs\/articles\/news\/spanish-parliament-demands-eviction-of-ocupas-within-24-48-hours"]]}]},{"@type":"ImageObject","inLanguage":"cs","@id":"https:\/\/alegria-realestate.com\/cs\/articles\/news\/spanish-parliament-demands-eviction-of-ocupas-within-24-48-hours#primaryimage","url":"https:\/\/alegria-realestate.com\/wp-content\/uploads\/2025\/02\/Depositphotos_219933456_L.jpg","contentUrl":"https:\/\/alegria-realestate.com\/wp-content\/uploads\/2025\/02\/Depositphotos_219933456_L.jpg","width":2000,"height":1335,"caption":"\u0418\u0441\u043f\u0430\u043d\u0441\u043a\u0438\u0439 \u043f\u0430\u0440\u043b\u0430\u043c\u0435\u043d\u0442 \u0442\u0440\u0435\u0431\u0443\u0435\u0442 \u0432\u044b\u0441\u0435\u043b\u044f\u0442\u044c \u00ab\u043e\u043a\u0443\u043f\u0430\u0441\u00bb \u0437\u0430 24\u201348 \u0447\u0430\u0441\u043e\u0432"},{"@type":"BreadcrumbList","@id":"https:\/\/alegria-realestate.com\/cs\/articles\/news\/spanish-parliament-demands-eviction-of-ocupas-within-24-48-hours#breadcrumb","itemListElement":[{"@type":"ListItem","position":1,"name":"\u0413\u043b\u0430\u0432\u043d\u0430\u044f \u0441\u0442\u0440\u0430\u043d\u0438\u0446\u0430","item":"https:\/\/alegria-realestate.com\/cs\/"},{"@type":"ListItem","position":2,"name":"\u0418\u0441\u043f\u0430\u043d\u0441\u043a\u0438\u0439 \u043f\u0430\u0440\u043b\u0430\u043c\u0435\u043d\u0442 \u0442\u0440\u0435\u0431\u0443\u0435\u0442 \u0432\u044b\u0441\u0435\u043b\u044f\u0442\u044c \u00ab\u043e\u043a\u0443\u043f\u0430\u0441\u00bb \u0437\u0430 24\u201348 \u0447\u0430\u0441\u043e\u0432"}]},{"@type":"WebSite","@id":"https:\/\/alegria-realestate.com\/cs\/#website","url":"https:\/\/alegria-realestate.com\/cs\/","name":"Nemovitosti ve \u0160pan\u011blsku","description":"Nemovitosti ve \u0160pan\u011blsku: prodej ve v\u0161ech m\u011bstech \u2013 Torrevieja, Alicante, Benidorm a dal\u0161\u00ed. Pom\u016f\u017eeme v\u00e1m s koup\u00ed nemovitosti na Costa Blanca \u2013 secondhandov\u00e9 bydlen\u00ed i novostavby. Kompletn\u00ed vy\u0159\u00edzen\u00ed na kl\u00ed\u010d. Nemovitosti na Costa Blanca od 80 000 \u20ac.","publisher":{"@id":"https:\/\/alegria-realestate.com\/cs\/#organization"},"potentialAction":[{"@type":"SearchAction","target":{"@type":"EntryPoint","urlTemplate":"https:\/\/alegria-realestate.com\/cs\/?s={search_term_string}"},"query-input":{"@type":"PropertyValueSpecification","valueRequired":true,"valueName":"search_term_string"}}],"inLanguage":"cs"},{"@type":"Organization","@id":"https:\/\/alegria-realestate.com\/cs\/#organization","name":"Alegria Realestate","url":"https:\/\/alegria-realestate.com\/cs\/","logo":{"@type":"ImageObject","inLanguage":"cs","@id":"https:\/\/alegria-realestate.com\/cs\/#\/schema\/logo\/image\/","url":"https:\/\/alegria-realestate.com\/wp-content\/uploads\/2019\/08\/logo_alegria.png","contentUrl":"https:\/\/alegria-realestate.com\/wp-content\/uploads\/2019\/08\/logo_alegria.png","width":1600,"height":1403,"caption":"Alegria Realestate"},"image":{"@id":"https:\/\/alegria-realestate.com\/cs\/#\/schema\/logo\/image\/"},"sameAs":["https:\/\/www.facebook.com\/realestate.alegria","https:\/\/x.com\/alegriarealesta","https:\/\/www.instagram.com\/alegriadom\/","https:\/\/www.linkedin.com\/profile\/view?id=154965227","https:\/\/www.youtube.com\/user\/AlegriaRealEstate"]},{"@type":"Person","@id":"https:\/\/alegria-realestate.com\/#\/schema\/person\/6c26f3bac4c1e476e858c219ece11984","name":"\u041b\u0435\u0440\u0430"}]}},"_links":{"self":[{"href":"https:\/\/alegria-realestate.com\/cs\/wp-json\/wp\/v2\/posts\/734391","targetHints":{"allow":["GET"]}}],"collection":[{"href":"https:\/\/alegria-realestate.com\/cs\/wp-json\/wp\/v2\/posts"}],"about":[{"href":"https:\/\/alegria-realestate.com\/cs\/wp-json\/wp\/v2\/types\/post"}],"author":[{"embeddable":true,"href":"https:\/\/alegria-realestate.com\/cs\/wp-json\/wp\/v2\/users\/19"}],"replies":[{"embeddable":true,"href":"https:\/\/alegria-realestate.com\/cs\/wp-json\/wp\/v2\/comments?post=734391"}],"version-history":[{"count":1,"href":"https:\/\/alegria-realestate.com\/cs\/wp-json\/wp\/v2\/posts\/734391\/revisions"}],"predecessor-version":[{"id":837894,"href":"https:\/\/alegria-realestate.com\/cs\/wp-json\/wp\/v2\/posts\/734391\/revisions\/837894"}],"wp:featuredmedia":[{"embeddable":true,"href":"https:\/\/alegria-realestate.com\/cs\/wp-json\/wp\/v2\/media\/734392"}],"wp:attachment":[{"href":"https:\/\/alegria-realestate.com\/cs\/wp-json\/wp\/v2\/media?parent=734391"}],"wp:term":[{"taxonomy":"category","embeddable":true,"href":"https:\/\/alegria-realestate.com\/cs\/wp-json\/wp\/v2\/categories?post=734391"},{"taxonomy":"post_tag","embeddable":true,"href":"https:\/\/alegria-realestate.com\/cs\/wp-json\/wp\/v2\/tags?post=734391"}],"curies":[{"name":"wp","href":"https:\/\/api.w.org\/{rel}","templated":true}]}}