{"id":80471,"date":"2019-06-27T16:14:16","date_gmt":"2019-06-27T13:14:16","guid":{"rendered":"https:\/\/alegria-realestate.com\/?p=80471"},"modified":"2025-08-14T19:48:29","modified_gmt":"2025-08-14T16:48:29","slug":"personal-income-tax-in-spain","status":"publish","type":"post","link":"https:\/\/alegria-realestate.com\/cs\/articles\/news\/personal-income-tax-in-spain","title":{"rendered":"Da\u0148 z p\u0159\u00edjmu fyzick\u00fdch osob 2018\u20132019 ve \u0160pan\u011blsku: Co je d\u016fle\u017eit\u00e9 v\u011bd\u011bt o zdan\u011bn\u00ed p\u0159\u00edjm\u016f z turistick\u00fdch pron\u00e1jm\u016f"},"content":{"rendered":"<p>Kampa\u0148 na da\u0148ov\u00e9 p\u0159izn\u00e1n\u00ed za rok 2018 se ch\u00fdl\u00ed ke konci (uz\u00e1v\u011brka je 1. \u010dervence 2019) a poplatn\u00edci, jejich\u017e p\u0159\u00edjmy podl\u00e9haj\u00ed dani z p\u0159\u00edjm\u016f fyzick\u00fdch osob, se p\u0159ipravuj\u00ed na placen\u00ed dan\u00ed. Pat\u0159\u00ed mezi n\u011b ti, kte\u0159\u00ed pronaj\u00edmaj\u00ed bydlen\u00ed pro \u00fa\u010dely cestovn\u00edho ruchu. Arturo Jimenez Contento, \u0159editel v\u00fdzkumu \u0160pan\u011blsk\u00e9 asociace da\u0148ov\u00fdch poradc\u016f (AEDAF), nast\u00ednil dev\u011bt kl\u00ed\u010dov\u00fdch prvk\u016f, kter\u00e9 mus\u00ed pronaj\u00edmatel turistick\u00e9ho ubytov\u00e1n\u00ed ve \u0160pan\u011blsku vz\u00edt v \u00favahu p\u0159i placen\u00ed dan\u011b z p\u0159\u00edjmu.<\/p>\n<ul>\n<li> Ve\u0161ker\u00e9 p\u0159\u00edjmy z turistick\u00e9ho pron\u00e1jmu podl\u00e9haj\u00ed p\u0159izn\u00e1n\u00ed. V\u00fdjimkou jsou p\u0159\u00edpady, kdy v\u00fd\u0161e p\u0159\u00edjmu z pron\u00e1jmu bydlen\u00ed nep\u0159es\u00e1hne 1000 \u20ac ro\u010dn\u011b.<\/li>\n<li> K dani z p\u0159\u00edjm\u016f fyzick\u00fdch osob je povinen p\u0159iznat p\u0159\u00edjem z pron\u00e1jmu turistick\u00e9ho ubytov\u00e1n\u00ed vlastn\u00edk dan\u00e9ho ubytov\u00e1n\u00ed, dr\u017eitel vlastnick\u00e9ho pr\u00e1va k u\u017e\u00edv\u00e1n\u00ed dan\u00e9 nemovitosti a pr\u00e1va si p\u0159\u00edjem z n\u00ed p\u0159ivlast\u0148ovat (u\u017e\u00edvac\u00ed pr\u00e1vo), p\u0159\u00edpadn\u011b n\u00e1jemce \u010di podn\u00e1jemce, kter\u00fd obdr\u017eel p\u0159\u00edslu\u0161n\u00e9 povolen\u00ed od vlastn\u00edka.<\/li>\n<li> B\u011bhem kampan\u011b k p\u0159izn\u00e1n\u00ed p\u0159\u00edjm\u016f v roce 2018 se n\u011bkte\u0159\u00ed poplatn\u00edci mohou setkat se situac\u00ed, kdy v n\u00e1vrhu p\u0159izn\u00e1n\u00ed nebudou uvedeny informace o p\u0159\u00edjmech z pron\u00e1jmu turist\u016f. To neznamen\u00e1, \u017ee je nen\u00ed t\u0159eba deklarovat. Pokud pronaj\u00edmatel, kter\u00fd v roce 2018 pob\u00edral p\u0159\u00edjmy z turistick\u00fdch pron\u00e1jm\u016f, o nich v n\u00e1vrhu prohl\u00e1\u0161en\u00ed nenajde, mus\u00ed tyto \u00fadaje p\u0159edlo\u017eit s\u00e1m.<\/li>\n<li> P\u0159\u00edjmy z\u00edskan\u00e9 z pron\u00e1jmu turistick\u00e9ho ubytov\u00e1n\u00ed se p\u0159izn\u00e1vaj\u00ed odli\u0161n\u011b v z\u00e1vislosti na okolnostech pron\u00e1jmu. Pokud tedy slu\u017eba pron\u00e1jmu nezahrnuje souvisej\u00edc\u00ed \u00fadr\u017eb\u00e1\u0159sk\u00e9 slu\u017eby (periodick\u00fd \u00faklid, v\u00fdm\u011bna lo\u017en\u00edho pr\u00e1dla, ru\u010dn\u00edk\u016f atd.), zisk je p\u0159izn\u00e1n jako p\u0159\u00edjem z nemovitosti, pokud jej vlastn\u00edk nebo po\u017e\u00edvac\u00ed pr\u00e1vo (dr\u017eitel u\u017e\u00edvac\u00edho pr\u00e1va) p\u0159izn\u00e1. Pokud p\u0159izn\u00e1n\u00ed pod\u00e1v\u00e1 n\u00e1jemce nebo podn\u00e1jemce, zisk se p\u0159izn\u00e1v\u00e1 jako p\u0159\u00edjem z movit\u00fdch v\u011bc\u00ed. V p\u0159\u00edpad\u011b, \u017ee n\u00e1jemn\u00ed slu\u017eby zahrnuj\u00ed \u00fadr\u017eb\u00e1\u0159sk\u00e9 slu\u017eby, je zisk vlastn\u00edkem nemovitosti nebo po\u017eivatelem deklarov\u00e1n jako p\u0159\u00edjem z ekonomick\u00e9 \u010dinnosti.<\/li>\n<li> P\u0159i p\u0159izn\u00e1n\u00ed p\u0159\u00edjm\u016f z pron\u00e1jmu turistick\u00e9ho ubytov\u00e1n\u00ed by si poplatn\u00edk m\u011bl uv\u011bdomit, \u017ee m\u00e1 n\u00e1rok na odpo\u010det n\u00e1sleduj\u00edc\u00edch v\u00fddaj\u016f: zaplacen\u00e9 \u00faroky z vyp\u016fj\u010den\u00e9ho kapit\u00e1lu investovan\u00e9ho do po\u0159\u00edzen\u00ed nebo rozvoje pronaj\u00edman\u00e9 nemovitosti; v\u00fddaje na opravu a \u00fadr\u017ebu tohoto bydlen\u00ed; dan\u011b a poplatky spojen\u00e9 s nemovitost\u00ed a hrazen\u00e9 pronaj\u00edmatelem (nap\u0159. IBI, poplatek za svoz odpadu atd.); v\u00fd\u0161e dluhu, je-li dlu\u017en\u00edk (n\u00e1jemce) v \u00fapadku, nebo pokud od p\u0159edpokl\u00e1dan\u00e9ho splacen\u00ed dluhu uplynulo v\u00edce ne\u017e \u0161est m\u011bs\u00edc\u016f a dluh nebyl splacen; \u010d\u00e1stky hrazen\u00e9 jako odm\u011bna t\u0159et\u00edm osob\u00e1m za poskytov\u00e1n\u00ed odborn\u00fdch slu\u017eeb souvisej\u00edc\u00edch s pronaj\u00edman\u00fdm majetkem (spr\u00e1va, ostraha, \u00fadr\u017eba apod.). Pat\u0159\u00ed sem tak\u00e9 v\u00fddaje souvisej\u00edc\u00ed s pou\u017e\u00edv\u00e1n\u00edm online platforem pron\u00e1jm\u016f, poplatky za poji\u0161t\u011bn\u00ed, v\u00fddaje na placen\u00ed \u00fa\u010dt\u016f za elekt\u0159inu, vodu a plyn a n\u00e1klady na odpisy.<\/li>\n<li> Pokud majitel ubytov\u00e1n\u00ed pronajat\u00e9ho pro turistick\u00e9 \u00fa\u010dely nebo dr\u017eitel po\u017e\u00edvac\u00edho pr\u00e1va p\u0159\u00edjem z tohoto zdroje nep\u0159iznal, je t\u0159eba situaci \u0159e\u0161it. Ministerstvo financ\u00ed vyb\u00edr\u00e1 da\u0148 z p\u0159\u00edjm\u016f fyzick\u00fdch osob i z p\u0159\u00edjm\u016f nep\u0159iznan\u00fdch. V tomto p\u0159\u00edpad\u011b bude do \u010d\u00e1stky zahrnuta pokuta. Krom\u011b toho mohou b\u00fdt uplatn\u011bny sankce. V ka\u017ed\u00e9m p\u0159\u00edpad\u011b p\u0159ed opat\u0159en\u00edm Ministerstva financ\u00ed m\u016f\u017ee poplatn\u00edk podat dodate\u010dn\u00e9 p\u0159izn\u00e1n\u00ed za p\u0159edchoz\u00ed zda\u0148ovac\u00ed obdob\u00ed (letos je posledn\u00edm \u00fa\u010detn\u00edm obdob\u00edm, za kter\u00e9 lze dodate\u010dn\u00e9 p\u0159izn\u00e1n\u00ed podat, rok 2014). V p\u0159\u00edpad\u011b pod\u00e1n\u00ed dodate\u010dn\u00e9ho p\u0159izn\u00e1n\u00ed je poplatn\u00edk na\u00fa\u010dtov\u00e1n pen\u00e1le, ale vyhne se sankc\u00edm.<\/li>\n<li> N\u00e1klady na opravy byt\u016f pronaj\u00edman\u00fdch pro \u00fa\u010dely cestovn\u00edho ruchu a tak\u00e9 na jeho vybaven\u00ed jsou ode\u010ditateln\u00e9, ale podle zvl\u00e1\u0161tn\u00edho re\u017eimu. V\u00fd\u0161e n\u00e1klad\u016f je rozlo\u017eena do v\u00edce \u00fa\u010detn\u00edch obdob\u00ed, tzn. Odpo\u010det nelze uplatnit na jednoro\u010dn\u00ed p\u0159izn\u00e1n\u00ed. Tyto n\u00e1klady jsou zahrnuty do odpis\u016f. Aby bylo mo\u017en\u00e9 ode\u010d\u00edst n\u00e1klady na vybaven\u00ed turistick\u00e9 nemovitosti, mus\u00ed n\u00e1jemn\u00ed smlouva uv\u00e1d\u011bt, \u017ee nemovitost se pronaj\u00edm\u00e1 kompletn\u011b za\u0159\u00edzen\u00e1.<\/li>\n<li> Pokud je vlastn\u00edkem nemovitosti pronaj\u00edman\u00e9 za \u00fa\u010delem cestovn\u00edho ruchu fyzick\u00e1 osoba, kter\u00e1 nem\u00e1 bydli\u0161t\u011b ve \u0160pan\u011blsku, tedy \u017eije mimo \u0160pan\u011blsko d\u00e9le ne\u017e 183 dn\u00ed v roce, existuj\u00ed dv\u011b mo\u017enosti. Pokud je pronaj\u00edmatel rezidentem jin\u00e9ho st\u00e1tu EU nebo Evropsk\u00e9ho hospod\u00e1\u0159sk\u00e9ho prostoru (EHP), je zdan\u011bn\u00ed p\u0159\u00edjm\u016f z nemovitosti n\u00e1sleduj\u00edc\u00ed: od celkov\u00e9 \u010d\u00e1stky p\u0159ijat\u00e9 za pron\u00e1jem turistick\u00e9ho ubytov\u00e1n\u00ed se ode\u010d\u00edtaj\u00ed v\u00fddaje a zb\u00fdvaj\u00edc\u00ed \u010d\u00e1stka (\u010dist\u00fd p\u0159\u00edjem) se zda\u0148uje pau\u0161\u00e1ln\u00ed sazbou 19 %. \u010c\u00e1stka p\u0159\u00edjmu, kterou obdr\u017e\u00ed nerezident \u0160pan\u011blska z pron\u00e1jmu turistick\u00e9ho ubytov\u00e1n\u00ed ve \u0160pan\u011blsku, mus\u00ed b\u00fdt zahrnuta do celkov\u00e9 \u010d\u00e1stky j\u00edm deklarovan\u00fdch p\u0159\u00edjm\u016f v zemi bydli\u0161t\u011b a n\u00e1sledn\u011b ode\u010dtena od \u010d\u00e1stky dan\u00ed splatn\u00fdch ve \u0160pan\u011blsku. Pokud m\u00e1 pronaj\u00edmatel bydli\u0161t\u011b v zemi mimo EU nebo EHP, celkov\u00fd p\u0159\u00edjem z pron\u00e1jmu nemovitosti ve \u0160pan\u011blsku pro turistick\u00e9 \u00fa\u010dely se ode\u010dte od v\u00fddaj\u016f a zb\u00fdvaj\u00edc\u00ed \u010d\u00e1stka (\u010dist\u00fd p\u0159\u00edjem) podl\u00e9h\u00e1 sazb\u011b 24 %.<\/li>\n<li> Pokud vlastn\u00edkem nemovitosti pronaj\u00edman\u00e9 k turistick\u00e9mu pron\u00e1jmu nen\u00ed fyzick\u00e1, ale pr\u00e1vnick\u00e1 osoba, p\u0159\u00edjem z pron\u00e1jmu podl\u00e9h\u00e1 dani pr\u00e1vnick\u00fdch osob a je uveden v p\u0159\u00edslu\u0161n\u00e9m p\u0159izn\u00e1n\u00ed.<\/li>\n<\/ul>\n<p><\/p>","protected":false},"excerpt":{"rendered":"<p>Kampa\u0148 na da\u0148ov\u00e9 p\u0159izn\u00e1n\u00ed za rok 2018 se ch\u00fdl\u00ed\u2026<\/p>\n","protected":false},"author":2,"featured_media":80478,"comment_status":"closed","ping_status":"closed","sticky":false,"template":"","format":"standard","meta":{"footnotes":""},"categories":[15,961],"tags":[],"class_list":["post-80471","post","type-post","status-publish","format-standard","has-post-thumbnail","hentry","category-news","category-taxes-and-laws"],"yoast_head":"<!-- This site is optimized with the Yoast SEO plugin v27.5 - https:\/\/yoast.com\/product\/yoast-seo-wordpress\/ -->\n<title>\u041d\u0414\u0424\u041b 2018\u20132019 \u0432 \u0418\u0441\u043f\u0430\u043d\u0438\u0438: \u043d\u0430\u043b\u043e\u0433\u043e\u043e\u0431\u043b\u043e\u0436\u0435\u043d\u0438\u0435 \u0434\u043e\u0445\u043e\u0434\u043e\u0432 \u043e\u0442 \u0441\u0434\u0430\u0447\u0438 \u0432 \u0430\u0440\u0435\u043d\u0434\u0443 \u0442\u0443\u0440\u0438\u0441\u0442\u0438\u0447\u0435\u0441\u043a\u043e\u0433\u043e \u0436\u0438\u043b\u044c\u044f<\/title>\n<meta name=\"description\" content=\"\u041d\u0414\u0424\u041b \u0432 \u0418\u0441\u043f\u0430\u043d\u0438\u0438: \u043a\u0430\u043c\u043f\u0430\u043d\u0438\u044f \u043f\u043e \u043f\u043e\u0434\u0430\u0447\u0435 \u043d\u0430\u043b\u043e\u0433\u043e\u0432\u043e\u0439 \u0434\u0435\u043a\u043b\u0430\u0440\u0430\u0446\u0438\u0438 \u0432 \u0418\u0441\u043f\u0430\u043d\u0438\u0438 2018 \u2013 2019. \u041d\u0430\u043b\u043e\u0433\u0438 \u0441 \u0434\u043e\u0445\u043e\u0434\u0430 \u043e\u0442 \u0430\u0440\u0435\u043d\u0434\u044b \u0432 \u0418\u0441\u043f\u0430\u043d\u0438\u0438: \u0447\u0442\u043e \u043d\u0443\u0436\u043d\u043e \u0437\u043d\u0430\u0442\u044c, 10 \u043a\u043b\u044e\u0447\u0435\u0432\u044b\u0445 \u044d\u043b\u0435\u043c\u0435\u043d\u0442\u043e\u0432. \u0414\u0435\u043a\u043b\u0430\u0440\u0430\u0446\u0438\u044f \u043e \u0434\u043e\u0445\u043e\u0434\u0430\u0445 \u0432 \u0418\u0441\u043f\u0430\u043d\u0438\u0438.\" \/>\n<meta name=\"robots\" content=\"index, follow, max-snippet:-1, max-image-preview:large, max-video-preview:-1\" \/>\n<link rel=\"canonical\" href=\"https:\/\/alegria-realestate.com\/cs\/wp-json\/wp\/v2\/posts\/80471\" \/>\n<meta property=\"og:locale\" content=\"cs_CZ\" \/>\n<meta property=\"og:type\" content=\"article\" \/>\n<meta property=\"og:title\" content=\"\u041d\u0414\u0424\u041b 2018\u20132019 \u0432 \u0418\u0441\u043f\u0430\u043d\u0438\u0438: \u043d\u0430\u043b\u043e\u0433\u043e\u043e\u0431\u043b\u043e\u0436\u0435\u043d\u0438\u0435 \u0434\u043e\u0445\u043e\u0434\u043e\u0432 \u043e\u0442 \u0441\u0434\u0430\u0447\u0438 \u0432 \u0430\u0440\u0435\u043d\u0434\u0443 \u0442\u0443\u0440\u0438\u0441\u0442\u0438\u0447\u0435\u0441\u043a\u043e\u0433\u043e \u0436\u0438\u043b\u044c\u044f\" \/>\n<meta property=\"og:description\" content=\"\u041d\u0414\u0424\u041b \u0432 \u0418\u0441\u043f\u0430\u043d\u0438\u0438: \u043a\u0430\u043c\u043f\u0430\u043d\u0438\u044f \u043f\u043e \u043f\u043e\u0434\u0430\u0447\u0435 \u043d\u0430\u043b\u043e\u0433\u043e\u0432\u043e\u0439 \u0434\u0435\u043a\u043b\u0430\u0440\u0430\u0446\u0438\u0438 \u0432 \u0418\u0441\u043f\u0430\u043d\u0438\u0438 2018 \u2013 2019. \u041d\u0430\u043b\u043e\u0433\u0438 \u0441 \u0434\u043e\u0445\u043e\u0434\u0430 \u043e\u0442 \u0430\u0440\u0435\u043d\u0434\u044b \u0432 \u0418\u0441\u043f\u0430\u043d\u0438\u0438: \u0447\u0442\u043e \u043d\u0443\u0436\u043d\u043e \u0437\u043d\u0430\u0442\u044c, 10 \u043a\u043b\u044e\u0447\u0435\u0432\u044b\u0445 \u044d\u043b\u0435\u043c\u0435\u043d\u0442\u043e\u0432. \u0414\u0435\u043a\u043b\u0430\u0440\u0430\u0446\u0438\u044f \u043e \u0434\u043e\u0445\u043e\u0434\u0430\u0445 \u0432 \u0418\u0441\u043f\u0430\u043d\u0438\u0438.\" \/>\n<meta property=\"og:url\" content=\"https:\/\/alegria-realestate.com\/cs\/wp-json\/wp\/v2\/posts\/80471\" \/>\n<meta property=\"og:site_name\" content=\"Nemovitosti ve \u0160pan\u011blsku\" \/>\n<meta property=\"article:publisher\" content=\"https:\/\/www.facebook.com\/realestate.alegria\" \/>\n<meta property=\"article:published_time\" content=\"2019-06-27T13:14:16+00:00\" \/>\n<meta property=\"article:modified_time\" content=\"2025-08-14T16:48:29+00:00\" \/>\n<meta property=\"og:image\" content=\"https:\/\/alegria-realestate.com\/wp-content\/uploads\/2019\/06\/personal-income-tax-in-spain4.jpg\" \/>\n\t<meta property=\"og:image:width\" content=\"1000\" \/>\n\t<meta property=\"og:image:height\" content=\"667\" \/>\n\t<meta property=\"og:image:type\" content=\"image\/jpeg\" \/>\n<meta name=\"author\" content=\"\u0415\u043b\u0435\u043d\u0430\" \/>\n<meta name=\"twitter:card\" content=\"summary_large_image\" \/>\n<meta name=\"twitter:creator\" content=\"@alegriarealesta\" \/>\n<meta name=\"twitter:site\" content=\"@alegriarealesta\" \/>\n<script type=\"application\/ld+json\" class=\"yoast-schema-graph\">{\"@context\":\"https:\\\/\\\/schema.org\",\"@graph\":[{\"@type\":\"Article\",\"@id\":\"https:\\\/\\\/alegria-realestate.com\\\/articles\\\/news\\\/personal-income-tax-in-spain#article\",\"isPartOf\":{\"@id\":\"https:\\\/\\\/alegria-realestate.com\\\/articles\\\/news\\\/personal-income-tax-in-spain\"},\"author\":{\"name\":\"\u0415\u043b\u0435\u043d\u0430\",\"@id\":\"https:\\\/\\\/alegria-realestate.com\\\/#\\\/schema\\\/person\\\/ff0a48e00da67c4fa2b62f941e991c33\"},\"headline\":\"Da\u0148 z p\u0159\u00edjmu fyzick\u00fdch osob 2018\u20132019 ve \u0160pan\u011blsku: Co je d\u016fle\u017eit\u00e9 v\u011bd\u011bt o zdan\u011bn\u00ed p\u0159\u00edjm\u016f z turistick\u00fdch pron\u00e1jm\u016f\",\"datePublished\":\"2019-06-27T13:14:16+00:00\",\"dateModified\":\"2025-08-14T16:48:29+00:00\",\"mainEntityOfPage\":{\"@id\":\"https:\\\/\\\/alegria-realestate.com\\\/articles\\\/news\\\/personal-income-tax-in-spain\"},\"wordCount\":6588,\"publisher\":{\"@id\":\"https:\\\/\\\/alegria-realestate.com\\\/#organization\"},\"image\":{\"@id\":\"https:\\\/\\\/alegria-realestate.com\\\/articles\\\/news\\\/personal-income-tax-in-spain#primaryimage\"},\"thumbnailUrl\":\"https:\\\/\\\/alegria-realestate.com\\\/wp-content\\\/uploads\\\/2019\\\/06\\\/personal-income-tax-in-spain4.jpg\",\"articleSection\":[\"Zpr\u00e1vy\",\"Dan\u011b a z\u00e1kony\"],\"inLanguage\":\"cs\"},{\"@type\":\"WebPage\",\"@id\":\"https:\\\/\\\/alegria-realestate.com\\\/cs\\\/articles\\\/news\\\/personal-income-tax-in-spain\",\"url\":\"https:\\\/\\\/alegria-realestate.com\\\/cs\\\/articles\\\/news\\\/personal-income-tax-in-spain\",\"name\":\"\u041d\u0414\u0424\u041b 2018\u20132019 \u0432 \u0418\u0441\u043f\u0430\u043d\u0438\u0438: \u043d\u0430\u043b\u043e\u0433\u043e\u043e\u0431\u043b\u043e\u0436\u0435\u043d\u0438\u0435 \u0434\u043e\u0445\u043e\u0434\u043e\u0432 \u043e\u0442 \u0441\u0434\u0430\u0447\u0438 \u0432 \u0430\u0440\u0435\u043d\u0434\u0443 \u0442\u0443\u0440\u0438\u0441\u0442\u0438\u0447\u0435\u0441\u043a\u043e\u0433\u043e \u0436\u0438\u043b\u044c\u044f\",\"isPartOf\":{\"@id\":\"https:\\\/\\\/alegria-realestate.com\\\/cs\\\/#website\"},\"primaryImageOfPage\":{\"@id\":\"https:\\\/\\\/alegria-realestate.com\\\/cs\\\/articles\\\/news\\\/personal-income-tax-in-spain#primaryimage\"},\"image\":{\"@id\":\"https:\\\/\\\/alegria-realestate.com\\\/articles\\\/news\\\/personal-income-tax-in-spain#primaryimage\"},\"thumbnailUrl\":\"https:\\\/\\\/alegria-realestate.com\\\/wp-content\\\/uploads\\\/2019\\\/06\\\/personal-income-tax-in-spain4.jpg\",\"datePublished\":\"2019-06-27T13:14:16+00:00\",\"dateModified\":\"2025-08-14T16:48:29+00:00\",\"description\":\"\u041d\u0414\u0424\u041b \u0432 \u0418\u0441\u043f\u0430\u043d\u0438\u0438: \u043a\u0430\u043c\u043f\u0430\u043d\u0438\u044f \u043f\u043e \u043f\u043e\u0434\u0430\u0447\u0435 \u043d\u0430\u043b\u043e\u0433\u043e\u0432\u043e\u0439 \u0434\u0435\u043a\u043b\u0430\u0440\u0430\u0446\u0438\u0438 \u0432 \u0418\u0441\u043f\u0430\u043d\u0438\u0438 2018 \u2013 2019. \u041d\u0430\u043b\u043e\u0433\u0438 \u0441 \u0434\u043e\u0445\u043e\u0434\u0430 \u043e\u0442 \u0430\u0440\u0435\u043d\u0434\u044b \u0432 \u0418\u0441\u043f\u0430\u043d\u0438\u0438: \u0447\u0442\u043e \u043d\u0443\u0436\u043d\u043e \u0437\u043d\u0430\u0442\u044c, 10 \u043a\u043b\u044e\u0447\u0435\u0432\u044b\u0445 \u044d\u043b\u0435\u043c\u0435\u043d\u0442\u043e\u0432. \u0414\u0435\u043a\u043b\u0430\u0440\u0430\u0446\u0438\u044f \u043e \u0434\u043e\u0445\u043e\u0434\u0430\u0445 \u0432 \u0418\u0441\u043f\u0430\u043d\u0438\u0438.\",\"breadcrumb\":{\"@id\":\"https:\\\/\\\/alegria-realestate.com\\\/cs\\\/articles\\\/news\\\/personal-income-tax-in-spain#breadcrumb\"},\"inLanguage\":\"cs\",\"potentialAction\":[{\"@type\":\"ReadAction\",\"target\":[[\"https:\\\/\\\/alegria-realestate.com\\\/cs\\\/articles\\\/news\\\/personal-income-tax-in-spain\"]]}]},{\"@type\":\"ImageObject\",\"inLanguage\":\"cs\",\"@id\":\"https:\\\/\\\/alegria-realestate.com\\\/cs\\\/articles\\\/news\\\/personal-income-tax-in-spain#primaryimage\",\"url\":\"https:\\\/\\\/alegria-realestate.com\\\/wp-content\\\/uploads\\\/2019\\\/06\\\/personal-income-tax-in-spain4.jpg\",\"contentUrl\":\"https:\\\/\\\/alegria-realestate.com\\\/wp-content\\\/uploads\\\/2019\\\/06\\\/personal-income-tax-in-spain4.jpg\",\"width\":1000,\"height\":667,\"caption\":\"\u041d\u0414\u0424\u041b 2018\u20132019 \u0432 \u0418\u0441\u043f\u0430\u043d\u0438\u0438: \u0447\u0442\u043e \u0432\u0430\u0436\u043d\u043e \u0437\u043d\u0430\u0442\u044c \u043e \u043d\u0430\u043b\u043e\u0433\u043e\u043e\u0431\u043b\u043e\u0436\u0435\u043d\u0438\u0438 \u0434\u043e\u0445\u043e\u0434\u043e\u0432 \u043e\u0442 \u0442\u0443\u0440\u0438\u0441\u0442\u0438\u0447\u0435\u0441\u043a\u043e\u0439 \u0430\u0440\u0435\u043d\u0434\u044b\"},{\"@type\":\"BreadcrumbList\",\"@id\":\"https:\\\/\\\/alegria-realestate.com\\\/cs\\\/articles\\\/news\\\/personal-income-tax-in-spain#breadcrumb\",\"itemListElement\":[{\"@type\":\"ListItem\",\"position\":1,\"name\":\"\u0413\u043b\u0430\u0432\u043d\u0430\u044f \u0441\u0442\u0440\u0430\u043d\u0438\u0446\u0430\",\"item\":\"https:\\\/\\\/alegria-realestate.com\\\/cs\\\/\"},{\"@type\":\"ListItem\",\"position\":2,\"name\":\"\u041d\u0414\u0424\u041b 2018\u20132019 \u0432 \u0418\u0441\u043f\u0430\u043d\u0438\u0438: \u0447\u0442\u043e \u0432\u0430\u0436\u043d\u043e \u0437\u043d\u0430\u0442\u044c \u043e \u043d\u0430\u043b\u043e\u0433\u043e\u043e\u0431\u043b\u043e\u0436\u0435\u043d\u0438\u0438 \u0434\u043e\u0445\u043e\u0434\u043e\u0432 \u043e\u0442 \u0442\u0443\u0440\u0438\u0441\u0442\u0438\u0447\u0435\u0441\u043a\u043e\u0439 \u0430\u0440\u0435\u043d\u0434\u044b\"}]},{\"@type\":\"WebSite\",\"@id\":\"https:\\\/\\\/alegria-realestate.com\\\/cs\\\/#website\",\"url\":\"https:\\\/\\\/alegria-realestate.com\\\/cs\\\/\",\"name\":\"Nemovitosti ve \u0160pan\u011blsku\",\"description\":\"Nemovitosti ve \u0160pan\u011blsku: prodej ve v\u0161ech m\u011bstech \u2013 Torrevieja, Alicante, Benidorm a dal\u0161\u00ed. Pom\u016f\u017eeme v\u00e1m s koup\u00ed nemovitosti na Costa Blanca \u2013 secondhandov\u00e9 bydlen\u00ed i novostavby. Kompletn\u00ed vy\u0159\u00edzen\u00ed na kl\u00ed\u010d. Nemovitosti na Costa Blanca od 80 000 \u20ac.\",\"publisher\":{\"@id\":\"https:\\\/\\\/alegria-realestate.com\\\/cs\\\/#organization\"},\"potentialAction\":[{\"@type\":\"SearchAction\",\"target\":{\"@type\":\"EntryPoint\",\"urlTemplate\":\"https:\\\/\\\/alegria-realestate.com\\\/cs\\\/?s={search_term_string}\"},\"query-input\":{\"@type\":\"PropertyValueSpecification\",\"valueRequired\":true,\"valueName\":\"search_term_string\"}}],\"inLanguage\":\"cs\"},{\"@type\":\"Organization\",\"@id\":\"https:\\\/\\\/alegria-realestate.com\\\/cs\\\/#organization\",\"name\":\"Alegria Realestate\",\"url\":\"https:\\\/\\\/alegria-realestate.com\\\/cs\\\/\",\"logo\":{\"@type\":\"ImageObject\",\"inLanguage\":\"cs\",\"@id\":\"https:\\\/\\\/alegria-realestate.com\\\/cs\\\/#\\\/schema\\\/logo\\\/image\\\/\",\"url\":\"https:\\\/\\\/alegria-realestate.com\\\/wp-content\\\/uploads\\\/2019\\\/08\\\/logo_alegria.png\",\"contentUrl\":\"https:\\\/\\\/alegria-realestate.com\\\/wp-content\\\/uploads\\\/2019\\\/08\\\/logo_alegria.png\",\"width\":1600,\"height\":1403,\"caption\":\"Alegria Realestate\"},\"image\":{\"@id\":\"https:\\\/\\\/alegria-realestate.com\\\/cs\\\/#\\\/schema\\\/logo\\\/image\\\/\"},\"sameAs\":[\"https:\\\/\\\/www.facebook.com\\\/realestate.alegria\",\"https:\\\/\\\/x.com\\\/alegriarealesta\",\"https:\\\/\\\/www.instagram.com\\\/alegriadom\\\/\",\"https:\\\/\\\/www.linkedin.com\\\/profile\\\/view?id=154965227\",\"https:\\\/\\\/www.youtube.com\\\/user\\\/AlegriaRealEstate\"]},{\"@type\":\"Person\",\"@id\":\"https:\\\/\\\/alegria-realestate.com\\\/#\\\/schema\\\/person\\\/ff0a48e00da67c4fa2b62f941e991c33\",\"name\":\"\u0415\u043b\u0435\u043d\u0430\"}]}<\/script>\n<!-- \/ Yoast SEO plugin. -->","yoast_head_json":{"title":"\u041d\u0414\u0424\u041b 2018\u20132019 \u0432 \u0418\u0441\u043f\u0430\u043d\u0438\u0438: \u043d\u0430\u043b\u043e\u0433\u043e\u043e\u0431\u043b\u043e\u0436\u0435\u043d\u0438\u0435 \u0434\u043e\u0445\u043e\u0434\u043e\u0432 \u043e\u0442 \u0441\u0434\u0430\u0447\u0438 \u0432 \u0430\u0440\u0435\u043d\u0434\u0443 \u0442\u0443\u0440\u0438\u0441\u0442\u0438\u0447\u0435\u0441\u043a\u043e\u0433\u043e \u0436\u0438\u043b\u044c\u044f","description":"\u041d\u0414\u0424\u041b \u0432 \u0418\u0441\u043f\u0430\u043d\u0438\u0438: \u043a\u0430\u043c\u043f\u0430\u043d\u0438\u044f \u043f\u043e \u043f\u043e\u0434\u0430\u0447\u0435 \u043d\u0430\u043b\u043e\u0433\u043e\u0432\u043e\u0439 \u0434\u0435\u043a\u043b\u0430\u0440\u0430\u0446\u0438\u0438 \u0432 \u0418\u0441\u043f\u0430\u043d\u0438\u0438 2018 \u2013 2019. \u041d\u0430\u043b\u043e\u0433\u0438 \u0441 \u0434\u043e\u0445\u043e\u0434\u0430 \u043e\u0442 \u0430\u0440\u0435\u043d\u0434\u044b \u0432 \u0418\u0441\u043f\u0430\u043d\u0438\u0438: \u0447\u0442\u043e \u043d\u0443\u0436\u043d\u043e \u0437\u043d\u0430\u0442\u044c, 10 \u043a\u043b\u044e\u0447\u0435\u0432\u044b\u0445 \u044d\u043b\u0435\u043c\u0435\u043d\u0442\u043e\u0432. \u0414\u0435\u043a\u043b\u0430\u0440\u0430\u0446\u0438\u044f \u043e \u0434\u043e\u0445\u043e\u0434\u0430\u0445 \u0432 \u0418\u0441\u043f\u0430\u043d\u0438\u0438.","robots":{"index":"index","follow":"follow","max-snippet":"max-snippet:-1","max-image-preview":"max-image-preview:large","max-video-preview":"max-video-preview:-1"},"canonical":"https:\/\/alegria-realestate.com\/cs\/wp-json\/wp\/v2\/posts\/80471","og_locale":"cs_CZ","og_type":"article","og_title":"\u041d\u0414\u0424\u041b 2018\u20132019 \u0432 \u0418\u0441\u043f\u0430\u043d\u0438\u0438: \u043d\u0430\u043b\u043e\u0433\u043e\u043e\u0431\u043b\u043e\u0436\u0435\u043d\u0438\u0435 \u0434\u043e\u0445\u043e\u0434\u043e\u0432 \u043e\u0442 \u0441\u0434\u0430\u0447\u0438 \u0432 \u0430\u0440\u0435\u043d\u0434\u0443 \u0442\u0443\u0440\u0438\u0441\u0442\u0438\u0447\u0435\u0441\u043a\u043e\u0433\u043e \u0436\u0438\u043b\u044c\u044f","og_description":"\u041d\u0414\u0424\u041b \u0432 \u0418\u0441\u043f\u0430\u043d\u0438\u0438: \u043a\u0430\u043c\u043f\u0430\u043d\u0438\u044f \u043f\u043e \u043f\u043e\u0434\u0430\u0447\u0435 \u043d\u0430\u043b\u043e\u0433\u043e\u0432\u043e\u0439 \u0434\u0435\u043a\u043b\u0430\u0440\u0430\u0446\u0438\u0438 \u0432 \u0418\u0441\u043f\u0430\u043d\u0438\u0438 2018 \u2013 2019. \u041d\u0430\u043b\u043e\u0433\u0438 \u0441 \u0434\u043e\u0445\u043e\u0434\u0430 \u043e\u0442 \u0430\u0440\u0435\u043d\u0434\u044b \u0432 \u0418\u0441\u043f\u0430\u043d\u0438\u0438: \u0447\u0442\u043e \u043d\u0443\u0436\u043d\u043e \u0437\u043d\u0430\u0442\u044c, 10 \u043a\u043b\u044e\u0447\u0435\u0432\u044b\u0445 \u044d\u043b\u0435\u043c\u0435\u043d\u0442\u043e\u0432. \u0414\u0435\u043a\u043b\u0430\u0440\u0430\u0446\u0438\u044f \u043e \u0434\u043e\u0445\u043e\u0434\u0430\u0445 \u0432 \u0418\u0441\u043f\u0430\u043d\u0438\u0438.","og_url":"https:\/\/alegria-realestate.com\/cs\/wp-json\/wp\/v2\/posts\/80471","og_site_name":"Nemovitosti ve \u0160pan\u011blsku","article_publisher":"https:\/\/www.facebook.com\/realestate.alegria","article_published_time":"2019-06-27T13:14:16+00:00","article_modified_time":"2025-08-14T16:48:29+00:00","og_image":[{"width":1000,"height":667,"url":"https:\/\/alegria-realestate.com\/wp-content\/uploads\/2019\/06\/personal-income-tax-in-spain4.jpg","type":"image\/jpeg"}],"author":"\u0415\u043b\u0435\u043d\u0430","twitter_card":"summary_large_image","twitter_creator":"@alegriarealesta","twitter_site":"@alegriarealesta","schema":{"@context":"https:\/\/schema.org","@graph":[{"@type":"Article","@id":"https:\/\/alegria-realestate.com\/articles\/news\/personal-income-tax-in-spain#article","isPartOf":{"@id":"https:\/\/alegria-realestate.com\/articles\/news\/personal-income-tax-in-spain"},"author":{"name":"\u0415\u043b\u0435\u043d\u0430","@id":"https:\/\/alegria-realestate.com\/#\/schema\/person\/ff0a48e00da67c4fa2b62f941e991c33"},"headline":"Da\u0148 z p\u0159\u00edjmu fyzick\u00fdch osob 2018\u20132019 ve \u0160pan\u011blsku: Co je d\u016fle\u017eit\u00e9 v\u011bd\u011bt o zdan\u011bn\u00ed p\u0159\u00edjm\u016f z turistick\u00fdch pron\u00e1jm\u016f","datePublished":"2019-06-27T13:14:16+00:00","dateModified":"2025-08-14T16:48:29+00:00","mainEntityOfPage":{"@id":"https:\/\/alegria-realestate.com\/articles\/news\/personal-income-tax-in-spain"},"wordCount":6588,"publisher":{"@id":"https:\/\/alegria-realestate.com\/#organization"},"image":{"@id":"https:\/\/alegria-realestate.com\/articles\/news\/personal-income-tax-in-spain#primaryimage"},"thumbnailUrl":"https:\/\/alegria-realestate.com\/wp-content\/uploads\/2019\/06\/personal-income-tax-in-spain4.jpg","articleSection":["Zpr\u00e1vy","Dan\u011b a z\u00e1kony"],"inLanguage":"cs"},{"@type":"WebPage","@id":"https:\/\/alegria-realestate.com\/cs\/articles\/news\/personal-income-tax-in-spain","url":"https:\/\/alegria-realestate.com\/cs\/articles\/news\/personal-income-tax-in-spain","name":"\u041d\u0414\u0424\u041b 2018\u20132019 \u0432 \u0418\u0441\u043f\u0430\u043d\u0438\u0438: \u043d\u0430\u043b\u043e\u0433\u043e\u043e\u0431\u043b\u043e\u0436\u0435\u043d\u0438\u0435 \u0434\u043e\u0445\u043e\u0434\u043e\u0432 \u043e\u0442 \u0441\u0434\u0430\u0447\u0438 \u0432 \u0430\u0440\u0435\u043d\u0434\u0443 \u0442\u0443\u0440\u0438\u0441\u0442\u0438\u0447\u0435\u0441\u043a\u043e\u0433\u043e \u0436\u0438\u043b\u044c\u044f","isPartOf":{"@id":"https:\/\/alegria-realestate.com\/cs\/#website"},"primaryImageOfPage":{"@id":"https:\/\/alegria-realestate.com\/cs\/articles\/news\/personal-income-tax-in-spain#primaryimage"},"image":{"@id":"https:\/\/alegria-realestate.com\/articles\/news\/personal-income-tax-in-spain#primaryimage"},"thumbnailUrl":"https:\/\/alegria-realestate.com\/wp-content\/uploads\/2019\/06\/personal-income-tax-in-spain4.jpg","datePublished":"2019-06-27T13:14:16+00:00","dateModified":"2025-08-14T16:48:29+00:00","description":"\u041d\u0414\u0424\u041b \u0432 \u0418\u0441\u043f\u0430\u043d\u0438\u0438: \u043a\u0430\u043c\u043f\u0430\u043d\u0438\u044f \u043f\u043e \u043f\u043e\u0434\u0430\u0447\u0435 \u043d\u0430\u043b\u043e\u0433\u043e\u0432\u043e\u0439 \u0434\u0435\u043a\u043b\u0430\u0440\u0430\u0446\u0438\u0438 \u0432 \u0418\u0441\u043f\u0430\u043d\u0438\u0438 2018 \u2013 2019. \u041d\u0430\u043b\u043e\u0433\u0438 \u0441 \u0434\u043e\u0445\u043e\u0434\u0430 \u043e\u0442 \u0430\u0440\u0435\u043d\u0434\u044b \u0432 \u0418\u0441\u043f\u0430\u043d\u0438\u0438: \u0447\u0442\u043e \u043d\u0443\u0436\u043d\u043e \u0437\u043d\u0430\u0442\u044c, 10 \u043a\u043b\u044e\u0447\u0435\u0432\u044b\u0445 \u044d\u043b\u0435\u043c\u0435\u043d\u0442\u043e\u0432. \u0414\u0435\u043a\u043b\u0430\u0440\u0430\u0446\u0438\u044f \u043e \u0434\u043e\u0445\u043e\u0434\u0430\u0445 \u0432 \u0418\u0441\u043f\u0430\u043d\u0438\u0438.","breadcrumb":{"@id":"https:\/\/alegria-realestate.com\/cs\/articles\/news\/personal-income-tax-in-spain#breadcrumb"},"inLanguage":"cs","potentialAction":[{"@type":"ReadAction","target":[["https:\/\/alegria-realestate.com\/cs\/articles\/news\/personal-income-tax-in-spain"]]}]},{"@type":"ImageObject","inLanguage":"cs","@id":"https:\/\/alegria-realestate.com\/cs\/articles\/news\/personal-income-tax-in-spain#primaryimage","url":"https:\/\/alegria-realestate.com\/wp-content\/uploads\/2019\/06\/personal-income-tax-in-spain4.jpg","contentUrl":"https:\/\/alegria-realestate.com\/wp-content\/uploads\/2019\/06\/personal-income-tax-in-spain4.jpg","width":1000,"height":667,"caption":"\u041d\u0414\u0424\u041b 2018\u20132019 \u0432 \u0418\u0441\u043f\u0430\u043d\u0438\u0438: \u0447\u0442\u043e \u0432\u0430\u0436\u043d\u043e \u0437\u043d\u0430\u0442\u044c \u043e \u043d\u0430\u043b\u043e\u0433\u043e\u043e\u0431\u043b\u043e\u0436\u0435\u043d\u0438\u0438 \u0434\u043e\u0445\u043e\u0434\u043e\u0432 \u043e\u0442 \u0442\u0443\u0440\u0438\u0441\u0442\u0438\u0447\u0435\u0441\u043a\u043e\u0439 \u0430\u0440\u0435\u043d\u0434\u044b"},{"@type":"BreadcrumbList","@id":"https:\/\/alegria-realestate.com\/cs\/articles\/news\/personal-income-tax-in-spain#breadcrumb","itemListElement":[{"@type":"ListItem","position":1,"name":"\u0413\u043b\u0430\u0432\u043d\u0430\u044f \u0441\u0442\u0440\u0430\u043d\u0438\u0446\u0430","item":"https:\/\/alegria-realestate.com\/cs\/"},{"@type":"ListItem","position":2,"name":"\u041d\u0414\u0424\u041b 2018\u20132019 \u0432 \u0418\u0441\u043f\u0430\u043d\u0438\u0438: \u0447\u0442\u043e \u0432\u0430\u0436\u043d\u043e \u0437\u043d\u0430\u0442\u044c \u043e \u043d\u0430\u043b\u043e\u0433\u043e\u043e\u0431\u043b\u043e\u0436\u0435\u043d\u0438\u0438 \u0434\u043e\u0445\u043e\u0434\u043e\u0432 \u043e\u0442 \u0442\u0443\u0440\u0438\u0441\u0442\u0438\u0447\u0435\u0441\u043a\u043e\u0439 \u0430\u0440\u0435\u043d\u0434\u044b"}]},{"@type":"WebSite","@id":"https:\/\/alegria-realestate.com\/cs\/#website","url":"https:\/\/alegria-realestate.com\/cs\/","name":"Nemovitosti ve \u0160pan\u011blsku","description":"Nemovitosti ve \u0160pan\u011blsku: prodej ve v\u0161ech m\u011bstech \u2013 Torrevieja, Alicante, Benidorm a dal\u0161\u00ed. Pom\u016f\u017eeme v\u00e1m s koup\u00ed nemovitosti na Costa Blanca \u2013 secondhandov\u00e9 bydlen\u00ed i novostavby. Kompletn\u00ed vy\u0159\u00edzen\u00ed na kl\u00ed\u010d. Nemovitosti na Costa Blanca od 80 000 \u20ac.","publisher":{"@id":"https:\/\/alegria-realestate.com\/cs\/#organization"},"potentialAction":[{"@type":"SearchAction","target":{"@type":"EntryPoint","urlTemplate":"https:\/\/alegria-realestate.com\/cs\/?s={search_term_string}"},"query-input":{"@type":"PropertyValueSpecification","valueRequired":true,"valueName":"search_term_string"}}],"inLanguage":"cs"},{"@type":"Organization","@id":"https:\/\/alegria-realestate.com\/cs\/#organization","name":"Alegria Realestate","url":"https:\/\/alegria-realestate.com\/cs\/","logo":{"@type":"ImageObject","inLanguage":"cs","@id":"https:\/\/alegria-realestate.com\/cs\/#\/schema\/logo\/image\/","url":"https:\/\/alegria-realestate.com\/wp-content\/uploads\/2019\/08\/logo_alegria.png","contentUrl":"https:\/\/alegria-realestate.com\/wp-content\/uploads\/2019\/08\/logo_alegria.png","width":1600,"height":1403,"caption":"Alegria Realestate"},"image":{"@id":"https:\/\/alegria-realestate.com\/cs\/#\/schema\/logo\/image\/"},"sameAs":["https:\/\/www.facebook.com\/realestate.alegria","https:\/\/x.com\/alegriarealesta","https:\/\/www.instagram.com\/alegriadom\/","https:\/\/www.linkedin.com\/profile\/view?id=154965227","https:\/\/www.youtube.com\/user\/AlegriaRealEstate"]},{"@type":"Person","@id":"https:\/\/alegria-realestate.com\/#\/schema\/person\/ff0a48e00da67c4fa2b62f941e991c33","name":"\u0415\u043b\u0435\u043d\u0430"}]}},"_links":{"self":[{"href":"https:\/\/alegria-realestate.com\/cs\/wp-json\/wp\/v2\/posts\/80471","targetHints":{"allow":["GET"]}}],"collection":[{"href":"https:\/\/alegria-realestate.com\/cs\/wp-json\/wp\/v2\/posts"}],"about":[{"href":"https:\/\/alegria-realestate.com\/cs\/wp-json\/wp\/v2\/types\/post"}],"author":[{"embeddable":true,"href":"https:\/\/alegria-realestate.com\/cs\/wp-json\/wp\/v2\/users\/2"}],"replies":[{"embeddable":true,"href":"https:\/\/alegria-realestate.com\/cs\/wp-json\/wp\/v2\/comments?post=80471"}],"version-history":[{"count":1,"href":"https:\/\/alegria-realestate.com\/cs\/wp-json\/wp\/v2\/posts\/80471\/revisions"}],"predecessor-version":[{"id":836845,"href":"https:\/\/alegria-realestate.com\/cs\/wp-json\/wp\/v2\/posts\/80471\/revisions\/836845"}],"wp:featuredmedia":[{"embeddable":true,"href":"https:\/\/alegria-realestate.com\/cs\/wp-json\/wp\/v2\/media\/80478"}],"wp:attachment":[{"href":"https:\/\/alegria-realestate.com\/cs\/wp-json\/wp\/v2\/media?parent=80471"}],"wp:term":[{"taxonomy":"category","embeddable":true,"href":"https:\/\/alegria-realestate.com\/cs\/wp-json\/wp\/v2\/categories?post=80471"},{"taxonomy":"post_tag","embeddable":true,"href":"https:\/\/alegria-realestate.com\/cs\/wp-json\/wp\/v2\/tags?post=80471"}],"curies":[{"name":"wp","href":"https:\/\/api.w.org\/{rel}","templated":true}]}}