{"id":869130,"date":"2025-09-25T11:55:20","date_gmt":"2025-09-25T08:55:20","guid":{"rendered":"https:\/\/alegria-realestate.com\/?p=869130"},"modified":"2025-10-09T19:23:58","modified_gmt":"2025-10-09T16:23:58","slug":"torrevieja-new-green-park-alto-de-la-casilla","status":"publish","type":"post","link":"https:\/\/alegria-realestate.com\/cs\/articles\/life-in-spain\/torrevieja-new-green-park-alto-de-la-casilla","title":{"rendered":"Torrevieja vybuduje nov\u00fd zelen\u00fd park na Alto de la Casilla \u2013 27 000 m\u00b2 pro rodiny"},"content":{"rendered":"<p><\/p>\n<article>Radnice Torrevieji p\u0159edstavila prvn\u00ed skici rozs\u00e1hl\u00e9ho ve\u0159ejn\u00e9ho prostoru na <strong>Alto de la Casilla<\/strong> \u2013 budouc\u00edch \u201ezelen\u00fdch plic\u201c m\u011bsta. Pozemek o rozloze <strong>27 000 m\u00b2<\/strong> se prom\u011bn\u00ed v modern\u00ed rekrea\u010dn\u00ed z\u00f3nu s <em>miradorem<\/em> (vyhl\u00eddkovou plo\u0161inou), velk\u00fdm d\u011btsk\u00fdm parkem, odpo\u010dinkov\u00fdmi prostory a novou atrakc\u00ed v bl\u00edzkosti centra.Koncepce po\u010d\u00edt\u00e1 s <strong>osmi tematick\u00fdmi z\u00f3nami<\/strong> s lanov\u00fdmi dr\u00e1hami, skluzavkami a d\u011btsk\u00fdmi h\u0159i\u0161ti \u2013 s d\u016frazem na rodinn\u00fd \u010das a ka\u017edodenn\u00ed proch\u00e1zky obyvatel. \u00da\u0159ady zd\u016fraz\u0148uj\u00ed, \u017ee nep\u016fjde jen o vyhl\u00eddku, ale o <strong>nejv\u011bt\u0161\u00ed d\u011btsk\u00fd park<\/strong>, kter\u00fd m\u011bstu v sou\u010dasnosti chyb\u00ed.<\/p>\n<p>Odhadovan\u00e1 doba realizace je p\u0159ibli\u017en\u011b <strong>dva roky<\/strong>. Pr\u00e1ce maj\u00ed pokr\u00fdt z\u00e1v\u011br sou\u010dasn\u00e9ho volebn\u00edho obdob\u00ed a pokra\u010dovat na za\u010d\u00e1tku n\u00e1sleduj\u00edc\u00edho. Ji\u017e v \u00fanoru 2023 m\u011bsto avizovalo z\u00e1m\u011br zadat p\u0159\u00edpravu studie.<\/p>\n<p>Financov\u00e1n\u00ed po\u010d\u00edt\u00e1 s \u00fa\u010dast\u00ed developera sektoru <strong>La Olla<\/strong>, kter\u00fd p\u0159evezme \u010d\u00e1st prac\u00ed, zat\u00edmco Ayuntamiento dopln\u00ed infrastrukturu samotn\u00fdm parkem a souvisej\u00edc\u00edmi prvky. Iniciativa o\u017eivuje m\u00edsto, kde projekt vyhl\u00eddky zah\u00e1jen\u00fd v roce <strong>2004<\/strong> z\u016fstal v\u00edce ne\u017e dv\u011b desetilet\u00ed nedokon\u010den a vyvolal pr\u00e1vn\u00ed i finan\u010dn\u00ed spory.<\/p>\n<h2>Kl\u00ed\u010dov\u00e1 fakta<\/h2>\n<ul>\n<li><strong>Lokalita:<\/strong> Alto de la Casilla (Torrevieja).<\/li>\n<li><strong>Rozloha:<\/strong> 27 000 m\u00b2 \u2013 funkce: vyhl\u00eddka, velk\u00fd d\u011btsk\u00fd park, volno\u010dasov\u00e9 a rekrea\u010dn\u00ed z\u00f3ny.<\/li>\n<li><strong>Tematick\u00e9 z\u00f3ny:<\/strong> 8 (lanov\u00e9 dr\u00e1hy, skluzavky, h\u0159i\u0161t\u011b).<\/li>\n<li><strong>Harmonogram:<\/strong> ~2 roky.<\/li>\n<li><strong>Historie m\u00edsta:<\/strong> projekt vyhl\u00eddky zah\u00e1jen v roce 2004; pr\u00e1ce zastaveny, pozemek nevyu\u017e\u00edvan\u00fd.<\/li>\n<\/ul>\n<p><em>Tipy:<\/em> Pro proch\u00e1zky u mo\u0159e a v p\u0159\u00edrod\u011b v Torrevieji doporu\u010dujeme pr\u016fvodce <a href=\"https:\/\/alegria-realestate.com\/cs\/articles\/tourism-in-spain\/sea-in-torrevieja\" target=\"_blank\" rel=\"noopener\">mo\u0159em a pl\u00e1\u017eemi Torrevieji<\/a> a tak\u00e9 \u010dl\u00e1nek o <a href=\"https:\/\/alegria-realestate.com\/cs\/articles\/costa-blanca\/la-mata-spain\" target=\"_blank\" rel=\"noopener\">La Mat\u011b<\/a>. Chcete bydlet pobl\u00ed\u017e? Projd\u011bte si <a href=\"https:\/\/alegria-realestate.com\/cs\/sale\/torrevieja\" target=\"_blank\" rel=\"noopener\">nab\u00eddky nemovitost\u00ed v Torrevieji<\/a>.<\/p>\n<p style=\"margin-top: 16px; color: #666; font-size: 12px;\">\n<\/article>\n<p><\/p>","protected":false},"excerpt":{"rendered":"<p>Radnice Torrevieji p\u0159edstavila prvn\u00ed skici rozs\u00e1hl\u00e9ho ve\u0159ejn\u00e9ho prostoru na\u2026<\/p>\n","protected":false},"author":34,"featured_media":869133,"comment_status":"closed","ping_status":"closed","sticky":false,"template":"","format":"standard","meta":{"footnotes":""},"categories":[74],"tags":[],"class_list":["post-869130","post","type-post","status-publish","format-standard","has-post-thumbnail","hentry","category-life-in-spain"],"yoast_head":"<!-- This site is optimized with the Yoast SEO plugin v27.5 - https:\/\/yoast.com\/product\/yoast-seo-wordpress\/ -->\n<title>Torrevieja pl\u00e1nuje nov\u00fd park na Alto de la Casilla<\/title>\n<meta name=\"description\" content=\"M\u011bsto p\u0159edstavilo prvn\u00ed skici \u201ezelen\u00fdch plic\u201c o 27\u202f000 m\u00b2 s vyhl\u00eddkou a velk\u00fdm d\u011btsk\u00fdm parkem. Realizace ~2 roky. Lokalita: Alto de la Casilla.\" \/>\n<meta name=\"robots\" content=\"index, follow, max-snippet:-1, max-image-preview:large, max-video-preview:-1\" \/>\n<link rel=\"canonical\" href=\"https:\/\/alegria-realestate.com\/cs\/wp-json\/wp\/v2\/posts\/869130\" \/>\n<meta property=\"og:locale\" content=\"cs_CZ\" \/>\n<meta property=\"og:type\" content=\"article\" \/>\n<meta property=\"og:title\" content=\"Torrevieja pl\u00e1nuje nov\u00fd park na Alto de la Casilla\" \/>\n<meta property=\"og:description\" content=\"M\u011bsto p\u0159edstavilo prvn\u00ed skici \u201ezelen\u00fdch plic\u201c o 27\u202f000 m\u00b2 s vyhl\u00eddkou a velk\u00fdm d\u011btsk\u00fdm parkem. Realizace ~2 roky. Lokalita: Alto de la Casilla.\" \/>\n<meta property=\"og:url\" content=\"https:\/\/alegria-realestate.com\/cs\/wp-json\/wp\/v2\/posts\/869130\" \/>\n<meta property=\"og:site_name\" content=\"Nemovitosti ve \u0160pan\u011blsku\" \/>\n<meta property=\"article:publisher\" content=\"https:\/\/www.facebook.com\/realestate.alegria\" \/>\n<meta property=\"article:published_time\" content=\"2025-09-25T08:55:20+00:00\" \/>\n<meta property=\"article:modified_time\" content=\"2025-10-09T16:23:58+00:00\" \/>\n<meta property=\"og:image\" content=\"https:\/\/alegria-realestate.com\/wp-content\/uploads\/2025\/09\/alto-de-casilla-1024x683.png\" \/>\n\t<meta property=\"og:image:width\" content=\"1024\" \/>\n\t<meta property=\"og:image:height\" content=\"683\" \/>\n\t<meta property=\"og:image:type\" content=\"image\/png\" \/>\n<meta name=\"author\" content=\"Irina\" \/>\n<meta name=\"twitter:card\" content=\"summary_large_image\" \/>\n<meta name=\"twitter:creator\" content=\"@alegriarealesta\" \/>\n<meta name=\"twitter:site\" content=\"@alegriarealesta\" \/>\n<script type=\"application\/ld+json\" class=\"yoast-schema-graph\">{\"@context\":\"https:\\\/\\\/schema.org\",\"@graph\":[{\"@type\":\"Article\",\"@id\":\"https:\\\/\\\/alegria-realestate.com\\\/articles\\\/life-in-spain\\\/torrevieja-new-green-park-alto-de-la-casilla#article\",\"isPartOf\":{\"@id\":\"https:\\\/\\\/alegria-realestate.com\\\/articles\\\/life-in-spain\\\/torrevieja-new-green-park-alto-de-la-casilla\"},\"author\":{\"name\":\"Irina\",\"@id\":\"https:\\\/\\\/alegria-realestate.com\\\/#\\\/schema\\\/person\\\/d5f65cbf5d490b626f10bef994e91bde\"},\"headline\":\"Torrevieja vybuduje nov\u00fd zelen\u00fd park na Alto de la Casilla \u2013 27 000 m\u00b2 pro rodiny\",\"datePublished\":\"2025-09-25T08:55:20+00:00\",\"dateModified\":\"2025-10-09T16:23:58+00:00\",\"mainEntityOfPage\":{\"@id\":\"https:\\\/\\\/alegria-realestate.com\\\/articles\\\/life-in-spain\\\/torrevieja-new-green-park-alto-de-la-casilla\"},\"wordCount\":3129,\"publisher\":{\"@id\":\"https:\\\/\\\/alegria-realestate.com\\\/#organization\"},\"image\":{\"@id\":\"https:\\\/\\\/alegria-realestate.com\\\/articles\\\/life-in-spain\\\/torrevieja-new-green-park-alto-de-la-casilla#primaryimage\"},\"thumbnailUrl\":\"https:\\\/\\\/alegria-realestate.com\\\/wp-content\\\/uploads\\\/2025\\\/09\\\/alto-de-casilla.png\",\"articleSection\":[\"\u017divot ve \u0160pan\u011blsku\"],\"inLanguage\":\"cs\"},{\"@type\":\"WebPage\",\"@id\":\"https:\\\/\\\/alegria-realestate.com\\\/cs\\\/articles\\\/life-in-spain\\\/torrevieja-new-green-park-alto-de-la-casilla\",\"url\":\"https:\\\/\\\/alegria-realestate.com\\\/cs\\\/articles\\\/life-in-spain\\\/torrevieja-new-green-park-alto-de-la-casilla\",\"name\":\"Torrevieja pl\u00e1nuje nov\u00fd park na Alto de la Casilla\",\"isPartOf\":{\"@id\":\"https:\\\/\\\/alegria-realestate.com\\\/cs\\\/#website\"},\"primaryImageOfPage\":{\"@id\":\"https:\\\/\\\/alegria-realestate.com\\\/cs\\\/articles\\\/life-in-spain\\\/torrevieja-new-green-park-alto-de-la-casilla#primaryimage\"},\"image\":{\"@id\":\"https:\\\/\\\/alegria-realestate.com\\\/articles\\\/life-in-spain\\\/torrevieja-new-green-park-alto-de-la-casilla#primaryimage\"},\"thumbnailUrl\":\"https:\\\/\\\/alegria-realestate.com\\\/wp-content\\\/uploads\\\/2025\\\/09\\\/alto-de-casilla.png\",\"datePublished\":\"2025-09-25T08:55:20+00:00\",\"dateModified\":\"2025-10-09T16:23:58+00:00\",\"description\":\"M\u011bsto p\u0159edstavilo prvn\u00ed skici \u201ezelen\u00fdch plic\u201c o 27\u202f000 m\u00b2 s vyhl\u00eddkou a velk\u00fdm d\u011btsk\u00fdm parkem. Realizace ~2 roky. Lokalita: Alto de la Casilla.\",\"breadcrumb\":{\"@id\":\"https:\\\/\\\/alegria-realestate.com\\\/cs\\\/articles\\\/life-in-spain\\\/torrevieja-new-green-park-alto-de-la-casilla#breadcrumb\"},\"inLanguage\":\"cs\",\"potentialAction\":[{\"@type\":\"ReadAction\",\"target\":[[\"https:\\\/\\\/alegria-realestate.com\\\/cs\\\/articles\\\/life-in-spain\\\/torrevieja-new-green-park-alto-de-la-casilla\"]]}]},{\"@type\":\"ImageObject\",\"inLanguage\":\"cs\",\"@id\":\"https:\\\/\\\/alegria-realestate.com\\\/cs\\\/articles\\\/life-in-spain\\\/torrevieja-new-green-park-alto-de-la-casilla#primaryimage\",\"url\":\"https:\\\/\\\/alegria-realestate.com\\\/wp-content\\\/uploads\\\/2025\\\/09\\\/alto-de-casilla.png\",\"contentUrl\":\"https:\\\/\\\/alegria-realestate.com\\\/wp-content\\\/uploads\\\/2025\\\/09\\\/alto-de-casilla.png\",\"width\":1536,\"height\":1024},{\"@type\":\"BreadcrumbList\",\"@id\":\"https:\\\/\\\/alegria-realestate.com\\\/cs\\\/articles\\\/life-in-spain\\\/torrevieja-new-green-park-alto-de-la-casilla#breadcrumb\",\"itemListElement\":[{\"@type\":\"ListItem\",\"position\":1,\"name\":\"\u0413\u043b\u0430\u0432\u043d\u0430\u044f \u0441\u0442\u0440\u0430\u043d\u0438\u0446\u0430\",\"item\":\"https:\\\/\\\/alegria-realestate.com\\\/cs\\\/\"},{\"@type\":\"ListItem\",\"position\":2,\"name\":\"\u0412 \u0422\u043e\u0440\u0440\u0435\u0432\u044c\u0435\u0445\u0435 \u043f\u043e\u044f\u0432\u0438\u0442\u0441\u044f \u043d\u043e\u0432\u044b\u0439 \u0431\u043e\u043b\u044c\u0448\u043e\u0439 \u043f\u0430\u0440\u043a\"}]},{\"@type\":\"WebSite\",\"@id\":\"https:\\\/\\\/alegria-realestate.com\\\/cs\\\/#website\",\"url\":\"https:\\\/\\\/alegria-realestate.com\\\/cs\\\/\",\"name\":\"Nemovitosti ve \u0160pan\u011blsku\",\"description\":\"Nemovitosti ve \u0160pan\u011blsku: prodej ve v\u0161ech m\u011bstech \u2013 Torrevieja, Alicante, Benidorm a dal\u0161\u00ed. Pom\u016f\u017eeme v\u00e1m s koup\u00ed nemovitosti na Costa Blanca \u2013 secondhandov\u00e9 bydlen\u00ed i novostavby. Kompletn\u00ed vy\u0159\u00edzen\u00ed na kl\u00ed\u010d. Nemovitosti na Costa Blanca od 80 000 \u20ac.\",\"publisher\":{\"@id\":\"https:\\\/\\\/alegria-realestate.com\\\/cs\\\/#organization\"},\"potentialAction\":[{\"@type\":\"SearchAction\",\"target\":{\"@type\":\"EntryPoint\",\"urlTemplate\":\"https:\\\/\\\/alegria-realestate.com\\\/cs\\\/?s={search_term_string}\"},\"query-input\":{\"@type\":\"PropertyValueSpecification\",\"valueRequired\":true,\"valueName\":\"search_term_string\"}}],\"inLanguage\":\"cs\"},{\"@type\":\"Organization\",\"@id\":\"https:\\\/\\\/alegria-realestate.com\\\/cs\\\/#organization\",\"name\":\"Alegria Realestate\",\"url\":\"https:\\\/\\\/alegria-realestate.com\\\/cs\\\/\",\"logo\":{\"@type\":\"ImageObject\",\"inLanguage\":\"cs\",\"@id\":\"https:\\\/\\\/alegria-realestate.com\\\/cs\\\/#\\\/schema\\\/logo\\\/image\\\/\",\"url\":\"https:\\\/\\\/alegria-realestate.com\\\/wp-content\\\/uploads\\\/2019\\\/08\\\/logo_alegria.png\",\"contentUrl\":\"https:\\\/\\\/alegria-realestate.com\\\/wp-content\\\/uploads\\\/2019\\\/08\\\/logo_alegria.png\",\"width\":1600,\"height\":1403,\"caption\":\"Alegria Realestate\"},\"image\":{\"@id\":\"https:\\\/\\\/alegria-realestate.com\\\/cs\\\/#\\\/schema\\\/logo\\\/image\\\/\"},\"sameAs\":[\"https:\\\/\\\/www.facebook.com\\\/realestate.alegria\",\"https:\\\/\\\/x.com\\\/alegriarealesta\",\"https:\\\/\\\/www.instagram.com\\\/alegriadom\\\/\",\"https:\\\/\\\/www.linkedin.com\\\/profile\\\/view?id=154965227\",\"https:\\\/\\\/www.youtube.com\\\/user\\\/AlegriaRealEstate\"]},{\"@type\":\"Person\",\"@id\":\"https:\\\/\\\/alegria-realestate.com\\\/#\\\/schema\\\/person\\\/d5f65cbf5d490b626f10bef994e91bde\",\"name\":\"Irina\"}]}<\/script>\n<!-- \/ Yoast SEO plugin. -->","yoast_head_json":{"title":"Torrevieja pl\u00e1nuje nov\u00fd park na Alto de la Casilla","description":"M\u011bsto p\u0159edstavilo prvn\u00ed skici \u201ezelen\u00fdch plic\u201c o 27\u202f000 m\u00b2 s vyhl\u00eddkou a velk\u00fdm d\u011btsk\u00fdm parkem. Realizace ~2 roky. Lokalita: Alto de la Casilla.","robots":{"index":"index","follow":"follow","max-snippet":"max-snippet:-1","max-image-preview":"max-image-preview:large","max-video-preview":"max-video-preview:-1"},"canonical":"https:\/\/alegria-realestate.com\/cs\/wp-json\/wp\/v2\/posts\/869130","og_locale":"cs_CZ","og_type":"article","og_title":"Torrevieja pl\u00e1nuje nov\u00fd park na Alto de la Casilla","og_description":"M\u011bsto p\u0159edstavilo prvn\u00ed skici \u201ezelen\u00fdch plic\u201c o 27\u202f000 m\u00b2 s vyhl\u00eddkou a velk\u00fdm d\u011btsk\u00fdm parkem. Realizace ~2 roky. Lokalita: Alto de la Casilla.","og_url":"https:\/\/alegria-realestate.com\/cs\/wp-json\/wp\/v2\/posts\/869130","og_site_name":"Nemovitosti ve \u0160pan\u011blsku","article_publisher":"https:\/\/www.facebook.com\/realestate.alegria","article_published_time":"2025-09-25T08:55:20+00:00","article_modified_time":"2025-10-09T16:23:58+00:00","og_image":[{"width":1024,"height":683,"url":"https:\/\/alegria-realestate.com\/wp-content\/uploads\/2025\/09\/alto-de-casilla-1024x683.png","type":"image\/png"}],"author":"Irina","twitter_card":"summary_large_image","twitter_creator":"@alegriarealesta","twitter_site":"@alegriarealesta","schema":{"@context":"https:\/\/schema.org","@graph":[{"@type":"Article","@id":"https:\/\/alegria-realestate.com\/articles\/life-in-spain\/torrevieja-new-green-park-alto-de-la-casilla#article","isPartOf":{"@id":"https:\/\/alegria-realestate.com\/articles\/life-in-spain\/torrevieja-new-green-park-alto-de-la-casilla"},"author":{"name":"Irina","@id":"https:\/\/alegria-realestate.com\/#\/schema\/person\/d5f65cbf5d490b626f10bef994e91bde"},"headline":"Torrevieja vybuduje nov\u00fd zelen\u00fd park na Alto de la Casilla \u2013 27 000 m\u00b2 pro rodiny","datePublished":"2025-09-25T08:55:20+00:00","dateModified":"2025-10-09T16:23:58+00:00","mainEntityOfPage":{"@id":"https:\/\/alegria-realestate.com\/articles\/life-in-spain\/torrevieja-new-green-park-alto-de-la-casilla"},"wordCount":3129,"publisher":{"@id":"https:\/\/alegria-realestate.com\/#organization"},"image":{"@id":"https:\/\/alegria-realestate.com\/articles\/life-in-spain\/torrevieja-new-green-park-alto-de-la-casilla#primaryimage"},"thumbnailUrl":"https:\/\/alegria-realestate.com\/wp-content\/uploads\/2025\/09\/alto-de-casilla.png","articleSection":["\u017divot ve \u0160pan\u011blsku"],"inLanguage":"cs"},{"@type":"WebPage","@id":"https:\/\/alegria-realestate.com\/cs\/articles\/life-in-spain\/torrevieja-new-green-park-alto-de-la-casilla","url":"https:\/\/alegria-realestate.com\/cs\/articles\/life-in-spain\/torrevieja-new-green-park-alto-de-la-casilla","name":"Torrevieja pl\u00e1nuje nov\u00fd park na Alto de la Casilla","isPartOf":{"@id":"https:\/\/alegria-realestate.com\/cs\/#website"},"primaryImageOfPage":{"@id":"https:\/\/alegria-realestate.com\/cs\/articles\/life-in-spain\/torrevieja-new-green-park-alto-de-la-casilla#primaryimage"},"image":{"@id":"https:\/\/alegria-realestate.com\/articles\/life-in-spain\/torrevieja-new-green-park-alto-de-la-casilla#primaryimage"},"thumbnailUrl":"https:\/\/alegria-realestate.com\/wp-content\/uploads\/2025\/09\/alto-de-casilla.png","datePublished":"2025-09-25T08:55:20+00:00","dateModified":"2025-10-09T16:23:58+00:00","description":"M\u011bsto p\u0159edstavilo prvn\u00ed skici \u201ezelen\u00fdch plic\u201c o 27\u202f000 m\u00b2 s vyhl\u00eddkou a velk\u00fdm d\u011btsk\u00fdm parkem. Realizace ~2 roky. Lokalita: Alto de la Casilla.","breadcrumb":{"@id":"https:\/\/alegria-realestate.com\/cs\/articles\/life-in-spain\/torrevieja-new-green-park-alto-de-la-casilla#breadcrumb"},"inLanguage":"cs","potentialAction":[{"@type":"ReadAction","target":[["https:\/\/alegria-realestate.com\/cs\/articles\/life-in-spain\/torrevieja-new-green-park-alto-de-la-casilla"]]}]},{"@type":"ImageObject","inLanguage":"cs","@id":"https:\/\/alegria-realestate.com\/cs\/articles\/life-in-spain\/torrevieja-new-green-park-alto-de-la-casilla#primaryimage","url":"https:\/\/alegria-realestate.com\/wp-content\/uploads\/2025\/09\/alto-de-casilla.png","contentUrl":"https:\/\/alegria-realestate.com\/wp-content\/uploads\/2025\/09\/alto-de-casilla.png","width":1536,"height":1024},{"@type":"BreadcrumbList","@id":"https:\/\/alegria-realestate.com\/cs\/articles\/life-in-spain\/torrevieja-new-green-park-alto-de-la-casilla#breadcrumb","itemListElement":[{"@type":"ListItem","position":1,"name":"\u0413\u043b\u0430\u0432\u043d\u0430\u044f \u0441\u0442\u0440\u0430\u043d\u0438\u0446\u0430","item":"https:\/\/alegria-realestate.com\/cs\/"},{"@type":"ListItem","position":2,"name":"\u0412 \u0422\u043e\u0440\u0440\u0435\u0432\u044c\u0435\u0445\u0435 \u043f\u043e\u044f\u0432\u0438\u0442\u0441\u044f \u043d\u043e\u0432\u044b\u0439 \u0431\u043e\u043b\u044c\u0448\u043e\u0439 \u043f\u0430\u0440\u043a"}]},{"@type":"WebSite","@id":"https:\/\/alegria-realestate.com\/cs\/#website","url":"https:\/\/alegria-realestate.com\/cs\/","name":"Nemovitosti ve \u0160pan\u011blsku","description":"Nemovitosti ve \u0160pan\u011blsku: prodej ve v\u0161ech m\u011bstech \u2013 Torrevieja, Alicante, Benidorm a dal\u0161\u00ed. Pom\u016f\u017eeme v\u00e1m s koup\u00ed nemovitosti na Costa Blanca \u2013 secondhandov\u00e9 bydlen\u00ed i novostavby. Kompletn\u00ed vy\u0159\u00edzen\u00ed na kl\u00ed\u010d. Nemovitosti na Costa Blanca od 80 000 \u20ac.","publisher":{"@id":"https:\/\/alegria-realestate.com\/cs\/#organization"},"potentialAction":[{"@type":"SearchAction","target":{"@type":"EntryPoint","urlTemplate":"https:\/\/alegria-realestate.com\/cs\/?s={search_term_string}"},"query-input":{"@type":"PropertyValueSpecification","valueRequired":true,"valueName":"search_term_string"}}],"inLanguage":"cs"},{"@type":"Organization","@id":"https:\/\/alegria-realestate.com\/cs\/#organization","name":"Alegria Realestate","url":"https:\/\/alegria-realestate.com\/cs\/","logo":{"@type":"ImageObject","inLanguage":"cs","@id":"https:\/\/alegria-realestate.com\/cs\/#\/schema\/logo\/image\/","url":"https:\/\/alegria-realestate.com\/wp-content\/uploads\/2019\/08\/logo_alegria.png","contentUrl":"https:\/\/alegria-realestate.com\/wp-content\/uploads\/2019\/08\/logo_alegria.png","width":1600,"height":1403,"caption":"Alegria Realestate"},"image":{"@id":"https:\/\/alegria-realestate.com\/cs\/#\/schema\/logo\/image\/"},"sameAs":["https:\/\/www.facebook.com\/realestate.alegria","https:\/\/x.com\/alegriarealesta","https:\/\/www.instagram.com\/alegriadom\/","https:\/\/www.linkedin.com\/profile\/view?id=154965227","https:\/\/www.youtube.com\/user\/AlegriaRealEstate"]},{"@type":"Person","@id":"https:\/\/alegria-realestate.com\/#\/schema\/person\/d5f65cbf5d490b626f10bef994e91bde","name":"Irina"}]}},"_links":{"self":[{"href":"https:\/\/alegria-realestate.com\/cs\/wp-json\/wp\/v2\/posts\/869130","targetHints":{"allow":["GET"]}}],"collection":[{"href":"https:\/\/alegria-realestate.com\/cs\/wp-json\/wp\/v2\/posts"}],"about":[{"href":"https:\/\/alegria-realestate.com\/cs\/wp-json\/wp\/v2\/types\/post"}],"author":[{"embeddable":true,"href":"https:\/\/alegria-realestate.com\/cs\/wp-json\/wp\/v2\/users\/34"}],"replies":[{"embeddable":true,"href":"https:\/\/alegria-realestate.com\/cs\/wp-json\/wp\/v2\/comments?post=869130"}],"version-history":[{"count":5,"href":"https:\/\/alegria-realestate.com\/cs\/wp-json\/wp\/v2\/posts\/869130\/revisions"}],"predecessor-version":[{"id":915987,"href":"https:\/\/alegria-realestate.com\/cs\/wp-json\/wp\/v2\/posts\/869130\/revisions\/915987"}],"wp:featuredmedia":[{"embeddable":true,"href":"https:\/\/alegria-realestate.com\/cs\/wp-json\/wp\/v2\/media\/869133"}],"wp:attachment":[{"href":"https:\/\/alegria-realestate.com\/cs\/wp-json\/wp\/v2\/media?parent=869130"}],"wp:term":[{"taxonomy":"category","embeddable":true,"href":"https:\/\/alegria-realestate.com\/cs\/wp-json\/wp\/v2\/categories?post=869130"},{"taxonomy":"post_tag","embeddable":true,"href":"https:\/\/alegria-realestate.com\/cs\/wp-json\/wp\/v2\/tags?post=869130"}],"curies":[{"name":"wp","href":"https:\/\/api.w.org\/{rel}","templated":true}]}}