{"id":93255,"date":"2026-02-18T13:52:09","date_gmt":"2026-02-18T10:52:09","guid":{"rendered":"https:\/\/alegria-realestate.com\/?p=93255"},"modified":"2026-03-26T20:03:12","modified_gmt":"2026-03-26T17:03:12","slug":"the-city-of-valencia","status":"publish","type":"post","link":"https:\/\/alegria-realestate.com\/cs\/articles\/city-of-spain\/the-city-of-valencia","title":{"rendered":"\u010ctvrti a obvody Valencie: kompletn\u00ed pr\u016fvodce nejlep\u0161\u00edmi oblastmi k bydlen\u00ed"},"content":{"rendered":"<p>Valencie je jedno z nejkr\u00e1sn\u011bj\u0161\u00edch m\u011bst \u0160pan\u011blska, le\u017e\u00edc\u00ed na pob\u0159e\u017e\u00ed St\u0159edozemn\u00edho mo\u0159e. Dnes za\u010dneme pozn\u00e1vat toto n\u00e1dhern\u00e9 m\u011bsto a na\u0161\u00edm prvn\u00edm t\u00e9matem budou \u010dtvrti Valencie. V tomto \u010dl\u00e1nku se kr\u00e1tce zastav\u00edme u ka\u017ed\u00e9 \u010dtvrti Valencie, uvedeme jej\u00ed v\u00fdhody a nev\u00fdhody, stru\u010dn\u011b pop\u00ed\u0161eme trh s nemovitostmi, pov\u00edme si o \u010dtvrt\u00edch Valencie, kde je nejlep\u0161\u00ed bydlet, a tak\u00e9 o \u010dtvrt\u00edch vhodn\u00fdch pro koupi bytu za investi\u010dn\u00edm \u00fa\u010delem.<\/p>\n<h2>\u010ctvr\u0165 Valencie pro koupi bytu \u2013 Ciutat Vella<\/h2>\n<p><img loading=\"lazy\" decoding=\"async\" class=\"alignnone size-large wp-image-95304\" src=\"https:\/\/alegria-realestate.com\/wp-content\/uploads\/2019\/09\/the-city-of-valencia1-1-1024x678.jpg\" alt=\"\u010ctvrti Valencie: p\u0159ehled. Nejlep\u0161\u00ed \u010dtvrti Valencie pro bydlen\u00ed\" width=\"1024\" height=\"678\" srcset=\"https:\/\/alegria-realestate.com\/wp-content\/uploads\/2019\/09\/the-city-of-valencia1-1-1024x678.jpg 1024w, https:\/\/alegria-realestate.com\/wp-content\/uploads\/2019\/09\/the-city-of-valencia1-1-300x199.jpg 300w, https:\/\/alegria-realestate.com\/wp-content\/uploads\/2019\/09\/the-city-of-valencia1-1-768x509.jpg 768w, https:\/\/alegria-realestate.com\/wp-content\/uploads\/2019\/09\/the-city-of-valencia1-1.jpg 1200w\" sizes=\"auto, (max-width: 1024px) 100vw, 1024px\" \/><\/p>\n<p><strong>\u010ctvrti:<\/strong> La Seu, La Xerea, El Carme, El Pilar (Velluters), El Mercat a Sant Francesc.<\/p>\n<ul>\n<li>Je to star\u00e9 m\u011bsto Valencie \u2013 nejv\u00edce turistick\u00e1 oblast. Nach\u00e1z\u00ed se zde valencijsk\u00e1 katedr\u00e1la, bazilika, Centr\u00e1ln\u00ed tr\u017enice a budova burzy.<\/li>\n<li>Dv\u011b nejzn\u00e1m\u011bj\u0161\u00ed \u010dtvrti t\u00e9to z\u00f3ny jsou El Pilar a El Carme. Ta druh\u00e1 je jedn\u00edm z hlavn\u00edch m\u00edst setk\u00e1v\u00e1n\u00ed m\u00edstn\u00ed ml\u00e1de\u017ee.<\/li>\n<li>Nach\u00e1z\u00ed se zde mnoho turistick\u00fdch apartm\u00e1n\u016f, ale bytov\u00fd fond tvo\u0159\u00ed p\u0159ev\u00e1\u017en\u011b star\u0161\u00ed z\u00e1stavba. Vstupy do mnoha budov jsou velmi mal\u00e9 a v mnoha z nich nejsou v\u00fdtahy. Krom\u011b toho stoj\u00ed budovy velmi bl\u00edzko u sebe, a to nen\u00ed n\u00e1hoda \u2013 bylo to navr\u017eeno tak, aby na ulic\u00edch byl v\u017edy st\u00edn, ale na druhou stranu jsou okna soused\u016f velmi bl\u00edzko.<\/li>\n<\/ul>\n<p>Ciutat Vella na map\u011b:<br \/>\n<iframe loading=\"lazy\" style=\"border: 0;\" src=\"https:\/\/www.google.com\/maps\/embed?pb=!1m18!1m12!1m3!1d12318.986811860292!2d-0.3842806634407076!3d39.475050671769395!2m3!1f0!2f0!3f0!3m2!1i1024!2i768!4f13.1!3m3!1m2!1s0xd604f4d5a450111%3A0x1ac3f05bf7b888d3!2zQ2l1dGF0IFZlbGxhLCDQktCw0LvQtdC90YHQuNGP!5e0!3m2!1scs!2ses!4v1574794058745!5m2!1scs!2ses\" width=\"100%\" height=\"450\" frameborder=\"0\" allowfullscreen=\"allowfullscreen\"><\/iframe><\/p>\n<p>\u010ctvrti Ciutat Vella na map\u011b: <a href=\"https:\/\/www.google.com\/maps\/place\/La+Seu,+Valencia\/@39.476311,-0.3798333,16z\/data=!3m1!4b1!4m5!3m4!1s0xd604f52ba7c956d:0x5b71c572aa61c5f7!8m2!3d39.4761338!4d-0.3754239\" target=\"_blank\" rel=\"noopener noreferrer\">La Seu<\/a>, <a href=\"https:\/\/www.google.com\/maps\/place\/La+Xerea,+Valencia\/@39.4742329,-0.3756338,16z\/data=!3m1!4b1!4m5!3m4!1s0xd6048b2155bb0bb:0xe76a3e55e527ffaf!8m2!3d39.4748512!4d-0.371893\" target=\"_blank\" rel=\"noopener noreferrer\">La Xerea<\/a>, <a href=\"https:\/\/www.google.com\/maps\/place\/El+Carmen,+Valencia\/@39.4791549,-0.3839392,16z\/data=!3m1!4b1!4m5!3m4!1s0xd604f5161d752e5:0x3898f5b32af5094!8m2!3d39.4793514!4d-0.380721\" target=\"_blank\" rel=\"noopener noreferrer\">El Carme<\/a>, <a href=\"https:\/\/www.google.com\/maps\/place\/El+Pilar,+46001+Valencia\/@39.4733619,-0.3862953,16z\/data=!3m1!4b1!4m5!3m4!1s0xd604f4facd603fb:0x948068799ae584f6!8m2!3d39.473523!4d-0.3824868\" target=\"_blank\" rel=\"noopener noreferrer\">El Pilar (Velluters)<\/a>, <a href=\"https:\/\/www.google.com\/maps\/place\/El+Mercat,+Valencia\/@39.4736724,-0.3828374,16z\/data=!3m1!4b1!4m5!3m4!1s0xd604f4dc7a47349:0xda0b4219e1d8eb34!8m2!3d39.4735345!4d-0.3789552\" target=\"_blank\" rel=\"noopener noreferrer\">El Mercat<\/a> a <a href=\"https:\/\/www.google.com\/maps\/place\/Sant+Francesc,+Valencia\/@39.4704734,-0.3804823,16z\/data=!3m1!4b1!4m5!3m4!1s0xd604f4c9f09f7af:0x8f5e9c1364e30463!8m2!3d39.4690149!4d-0.3760125\" target=\"_blank\" rel=\"noopener noreferrer\">Sant Francesc<\/a>.<\/p>\n<h2>\u010ctvr\u0165 Valencie pro \u017eivot \u2013 Eixample<\/h2>\n<p><img loading=\"lazy\" decoding=\"async\" class=\"alignnone size-large wp-image-96292\" src=\"https:\/\/alegria-realestate.com\/wp-content\/uploads\/2019\/09\/the-city-of-valencia2-2-1024x654.jpg\" alt=\"\u010ctvrti Valencie: p\u0159ehled. Nejlep\u0161\u00ed \u010dtvrti Valencie pro bydlen\u00ed\" width=\"1024\" height=\"654\" srcset=\"https:\/\/alegria-realestate.com\/wp-content\/uploads\/2019\/09\/the-city-of-valencia2-2.jpg 1024w, https:\/\/alegria-realestate.com\/wp-content\/uploads\/2019\/09\/the-city-of-valencia2-2-300x192.jpg 300w, https:\/\/alegria-realestate.com\/wp-content\/uploads\/2019\/09\/the-city-of-valencia2-2-768x491.jpg 768w\" sizes=\"auto, (max-width: 1024px) 100vw, 1024px\" \/><\/p>\n<p><strong>\u010ctvrti:<\/strong> Ruzafa, El Pla del Remei a Gran V\u00eda.<\/p>\n<ul>\n<li>V sou\u010dasnosti nejm\u00f3dn\u011bj\u0161\u00ed \u010dtvr\u0165 ve Valencii. Obzvl\u00e1\u0161\u0165 obl\u00edben\u00e1 je Ruzafa, kter\u00e1 se v\u00fdrazn\u011b rozvinula. Prakticky v\u0161echny komer\u010dn\u00ed prostory v p\u0159\u00edzem\u00ed budov jsou zde obsazen\u00e9, mnoho dom\u016f bylo zrekonstruov\u00e1no a ulice jsou velmi \u017eiv\u00e9. Je zde m\u00e1lo p\u0159ist\u011bhovalc\u016f z Latinsk\u00e9 Ameriky, proto\u017ee nemovitosti na prodej i k pron\u00e1jmu jsou u\u017e dra\u017e\u0161\u00ed. Cena bydlen\u00ed zde za\u010d\u00edn\u00e1 minim\u00e1ln\u011b na \u20ac160 000 \u2013 \u20ac170 000. Obvykle v\u0161ak ceny za\u010d\u00ednaj\u00ed od \u20ac200 000. \u010ctvr\u0165 se nach\u00e1z\u00ed velmi bl\u00edzko centra, v p\u011b\u0161\u00ed vzd\u00e1lenosti.<\/li>\n<li>\u010ctvr\u0165 Gran V\u00eda znamen\u00e1 kr\u00e1sn\u00e9 budovy s tradi\u010dn\u00edmi kovan\u00fdmi balkony. Je to reprezentativn\u00ed \u010dtvr\u0165 s dlouh\u00fdmi rovn\u00fdmi ulicemi. Hlavn\u00ed ulice Gran V\u00eda a Reino de Valencia jsou bulv\u00e1ry s parkovou z\u00f3nou uprost\u0159ed. Domy jsou zde vysok\u00e9, ale nestoj\u00ed tak bl\u00edzko u sebe, tak\u017ee na ulic\u00edch je hodn\u011b slunce. Ruzafa je demokrati\u010dt\u011bj\u0161\u00ed \u010dtvr\u0165 a ulice jsou zde o n\u011bco neuspo\u0159\u00e1dan\u011bj\u0161\u00ed.<\/li>\n<li>V t\u011bchto \u010dtvrt\u00edch je snaz\u0161\u00ed nemovitost koupit ne\u017e pronajmout. Nemovitosti jsou zde kvalitn\u00ed, byty prostorn\u00e9, ale probl\u00e9m m\u016f\u017ee b\u00fdt s parkov\u00e1n\u00edm: budovy nejsou modern\u00ed, a proto ne v\u0161echny maj\u00ed parkov\u00e1n\u00ed.<\/li>\n<li>V\u00fdhody: poloha, dopravn\u00ed spojen\u00ed, obchody, bary, restaurace, dobr\u00e9 \u0161koly, kr\u00e1sn\u00e9 budovy, absence p\u0159ist\u011bhovalc\u016f z probl\u00e9mov\u00fdch zem\u00ed, velmi pozitivn\u00ed atmosf\u00e9ra.<\/li>\n<li>Nev\u00fdhody: k mo\u0159i se dostanete pouze metrem nebo autem, vysok\u00e9 ceny nemovitost\u00ed, jde o pom\u011brn\u011b ru\u0161nou turistickou oblast, i kdy\u017e samoz\u0159ejm\u011b ne tak jako star\u00e9 centrum.<\/li>\n<\/ul>\n<p>Eixample na map\u011b:<br \/>\n<iframe loading=\"lazy\" style=\"border: 0;\" src=\"https:\/\/www.google.com\/maps\/embed?pb=!1m18!1m12!1m3!1d12320.947486076584!2d-0.37970691344601387!3d39.46397717179418!2m3!1f0!2f0!3f0!3m2!1i1024!2i768!4f13.1!3m3!1m2!1s0xd6048ca16661b95%3A0x341e4a043dbfe769!2zRWl4YW1wbGUsINCS0LDQu9C10L3RgdC40Y8!5e0!3m2!1scs!2ses!4v1574797527869!5m2!1scs!2ses\" width=\"100%\" height=\"450\" frameborder=\"0\" allowfullscreen=\"allowfullscreen\"><\/iframe><\/p>\n<p>\u010ctvrti Eixample na map\u011b: <a href=\"https:\/\/www.google.com\/maps\/place\/Ruzafa,+Valencia\/@39.4613987,-0.3804503,15z\/data=!3m1!4b1!4m5!3m4!1s0xd6048cbbdb11605:0xd217284c2eedc415!8m2!3d39.4612576!4d-0.3736584\" target=\"_blank\" rel=\"noopener noreferrer\">Ruzafa<\/a>, <a href=\"https:\/\/www.google.com\/maps\/place\/Pla+del+Remei,+Valencia\/@39.4687974,-0.3739549,16z\/data=!3m1!4b1!4m5!3m4!1s0xd6048b699c2b64f:0x4f99ba1c8aac9020!8m2!3d39.4690375!4d-0.3689508\" target=\"_blank\" rel=\"noopener noreferrer\">El Pla del Remei<\/a> a <a href=\"https:\/\/www.google.com\/maps\/place\/Gran+Via,+46005+Valencia\/@39.4657589,-0.371725,16z\/data=!3m1!4b1!4m5!3m4!1s0xd6048b7d1cdc8cb:0xc7aeff8fafce0956!8m2!3d39.4658115!4d-0.3660088\" target=\"_blank\" rel=\"noopener noreferrer\">Gran V\u00eda<\/a>.<\/p>\n<h2>Dobr\u00e9 \u010dtvrti Valencie: Extramurs<\/h2>\n<p><strong>\u010ctvrti:<\/strong> El Bot\u00e0nic, La Roqueta, La Petxina a Arrancapins.<\/p>\n<ul>\n<li>Nach\u00e1z\u00ed se zde zn\u00e1m\u00fd sportovn\u00ed komplex Petxina.<\/li>\n<li>Nejzn\u00e1m\u011bj\u0161\u00ed ulic\u00ed je Gran V\u00eda Fernando el Cat\u00f3lico. Jde o \u0161irok\u00fd bulv\u00e1r s parkovou z\u00f3nou uprost\u0159ed. Trh s nemovitostmi je zde rozmanit\u00fd: jsou zde jak objekty vy\u0161\u0161\u00ed cenov\u00e9 kategorie, tak i cenov\u011b dostupn\u011bj\u0161\u00ed. P\u0159esto\u017ee zde nejsou velmi levn\u00e9 varianty, daj\u00ed se naj\u00edt pom\u011brn\u011b dostupn\u00e9. Celkov\u011b je tato \u010dtvr\u0165 levn\u011bj\u0161\u00ed ne\u017e Eixample.<\/li>\n<li>V\u00fdhody: nemovitosti pro ka\u017ed\u00fd vkus.<\/li>\n<li>Nev\u00fdhody: je d\u016fle\u017eit\u00e9 spr\u00e1vn\u011b zvolit z\u00f3nu, aby \u010dlov\u011bk v honb\u011b za ni\u017e\u0161\u00ed cenou nekoupil byt s nevhodn\u00fdmi sousedy, kter\u00fd pak nep\u016fjde prodat ani pronajmout.<\/li>\n<\/ul>\n<p>Extramurs na map\u011b:<br \/>\n<iframe loading=\"lazy\" style=\"border: 0;\" src=\"https:\/\/www.google.com\/maps\/embed?pb=!1m18!1m12!1m3!1d24640.261894568906!2d-0.40440859329809875!3d39.468589137125406!2m3!1f0!2f0!3f0!3m2!1i1024!2i768!4f13.1!3m3!1m2!1s0xd604f46f6b4b85d%3A0x26f41af9803fff3!2zRXh0cmFtdXJzLCDQktCw0LvQtdC10L3RgdC40Y8!5e0!3m2!1scs!2ses!4v1574797786321!5m2!1scs!2ses\" width=\"100%\" height=\"450\" frameborder=\"0\" allowfullscreen=\"allowfullscreen\"><\/iframe><\/p>\n<p>\u010ctvrti Extramurs na map\u011b: <a href=\"https:\/\/www.google.com\/maps\/place\/El+Bot%C3%A0nic,+Valencia\/@39.4760901,-0.3958247,15z\/data=!3m1!4b1!4m5!3m4!1s0xd604f5b2f87386d:0xc1711f7237e7dd80!8m2!3d39.4767481!4d-0.38543\" target=\"_blank\" rel=\"noopener noreferrer\">El Bot\u00e0nic<\/a>, <a href=\"https:\/\/www.google.com\/maps\/place\/La+Roqueta,+Valencia\/@39.4668129,-0.3853289,16z\/data=!3m1!4b1!4m5!3m4!1s0xd604f49bc14d7a1:0x551e2f01d17198b2!8m2!3d39.4670605!4d-0.3801324\" target=\"_blank\" rel=\"noopener noreferrer\">La Roqueta<\/a>, <a href=\"https:\/\/www.google.com\/maps\/place\/La+Petxina,+Valencia\/@39.4739596,-0.4002451,15z\/data=!3m1!4b1!4m5!3m4!1s0xd604f42e103845b:0xdd455dcdea39bf00!8m2!3d39.4741367!4d-0.3924947\" target=\"_blank\" rel=\"noopener noreferrer\">La Petxina<\/a> a <a href=\"https:\/\/www.google.com\/maps\/place\/Arrancapins,+Valencia\/@39.4636212,-0.3937612,15z\/data=!3m1!4b1!4m5!3m4!1s0xd604f383c56cafd:0x355628e04a1df93a!8m2!3d39.4638077!4d-0.38543\" target=\"_blank\" rel=\"noopener noreferrer\">Arrancapins<\/a>.<\/p>\n<h2>Dobr\u00e1 \u010dtvr\u0165 Valencie, kde je nejlep\u0161\u00ed \u017e\u00edt s d\u011btmi \u2013 Campanar \u2013 oblast Bioparku<\/h2>\n<p><strong>\u010ctvrti:<\/strong> Campanar, Les Tendetes, El Calvari a Sant Pau<\/p>\n<p>V\u00fdhody:<\/p>\n<ul>\n<li>Nedaleko se nach\u00e1z\u00ed velk\u00fd supermarket Carrefour.<\/li>\n<li>Nedaleko se nach\u00e1z\u00ed park Cabecera a Bioparc, co\u017e je velmi dobr\u00e9 pro d\u011bti: lze si koupit permanentku, kter\u00e1 stoj\u00ed p\u0159ibli\u017en\u011b 50 eur na osobu ro\u010dn\u011b, a chodit tam neomezen\u011b.<\/li>\n<li>Nedaleko se nach\u00e1z\u00ed such\u00e9 koryto \u0159eky Turia \u2013 skv\u011bl\u00e9 m\u00edsto na proch\u00e1zky a sport.<\/li>\n<li>Metro je pom\u011brn\u011b bl\u00edzko \u2013 asi 15 minut p\u011b\u0161ky.<\/li>\n<li>Nedaleko se nach\u00e1z\u00ed velk\u00e1 soukrom\u00e1 nemocnice Hospital Nisa 9 de octubre.<\/li>\n<\/ul>\n<p>Nev\u00fdhody:<\/p>\n<ul>\n<li>Daleko od mo\u0159e \u2013 asi 25 minut autem, s ohledem na semafory.<\/li>\n<li>Daleko od centra m\u011bsta \u2013 asi 40 minut p\u011b\u0161ky.<\/li>\n<\/ul>\n<p>Campanar na map\u011b:<br \/>\n<iframe loading=\"lazy\" style=\"border: 0;\" src=\"https:\/\/www.google.com\/maps\/embed?pb=!1m18!1m12!1m3!1d12317.301618767038!2d-0.4142016123437163!3d39.48456623275229!2m3!1f0!2f0!3f0!3m2!1i1024!2i768!4f13.1!3m3!1m2!1s0xd604f7d75626cff%3A0xb34faabf3cd76cd2!2zQ2FtcGFuYXIsINCS0LDQu9C10L3RgdC40Y8!5e0!3m2!1scs!2ses!4v1574797977864!5m2!1scs!2ses\" width=\"100%\" height=\"450\" frameborder=\"0\" allowfullscreen=\"allowfullscreen\"><\/iframe><\/p>\n<p>\u010ctvrti Campanar na map\u011b: <a href=\"https:\/\/www.google.com\/maps\/place\/Campanar,+Valencia\/@39.4811006,-0.4029882,15z\/data=!3m1!4b1!4m5!3m4!1s0xd604f60afd2354b:0xa4aa468ba84a54f9!8m2!3d39.4818921!4d-0.3948498\" target=\"_blank\" rel=\"noopener noreferrer\">Campanar<\/a>, <a href=\"https:\/\/www.google.com\/maps\/place\/Les+Tendetes,+46009+Valencia\/@39.4836358,-0.3903429,16z\/data=!3m1!4b1!4m5!3m4!1s0xd604f584e3c19bf:0x6d67c4bac980c9bc!8m2!3d39.4838623!4d-0.3860187\" target=\"_blank\" rel=\"noopener noreferrer\">Les Tendetes<\/a>, <a href=\"https:\/\/www.google.com\/maps\/place\/El+Calvari,+Valencia\/@39.487061,-0.3924556,17z\/data=!3m1!4b1!4m5!3m4!1s0xd6045f5957bf961:0x3fdc0f7219fd5cfa!8m2!3d39.4867585!4d-0.390434\" target=\"_blank\" rel=\"noopener noreferrer\">El Calvari<\/a> a <a href=\"https:\/\/www.google.com\/maps\/place\/Sant+Pau,+Valencia\/@39.4845487,-0.4300689,14z\/data=!3m1!4b1!4m5!3m4!1s0xd604f801fce355b:0x10d28d6d6454acc9!8m2!3d39.4883079!4d-0.4101619\" target=\"_blank\" rel=\"noopener noreferrer\">Sant Pau<\/a>.<\/p>\n<h2>Dobr\u00e1 \u010dtvr\u0165 Valencie s levn\u011bj\u0161\u00edm bydlen\u00edm \u2013 La Zaidia<\/h2>\n<p><strong>\u010ctvrti:<\/strong> Marxalenes, Morvedre, Trinitat, Tormos a Sant Antoni.<\/p>\n<p>Tato \u010dtvr\u0165 se nach\u00e1z\u00ed mezi Campanar a El Pla del Real, ale nemovitosti jsou zde levn\u011bj\u0161\u00ed ne\u017e v uveden\u00fdch \u010dtvrt\u00edch. Lze zde naj\u00edt objekty r\u016fzn\u00fdch cenov\u00fdch kategori\u00ed: nemovitosti bl\u00ed\u017ee k such\u00e9mu korytu \u0159eky jsou zpravidla dra\u017e\u0161\u00ed. V t\u00e9to \u010dtvrti se nach\u00e1z\u00ed ofici\u00e1ln\u00ed jazykov\u00e1 \u0161kola.<\/p>\n<p>V\u00fdhody: Lze koupit bydlen\u00ed p\u0159\u00edmo u such\u00e9ho koryta \u0159eky levn\u011bji ne\u017e v jin\u00fdch \u010dtvrt\u00edch, kter\u00e9 s n\u00edm soused\u00ed. Tato \u010dtvr\u0165 je n\u011b\u010d\u00edm podobn\u00e1 Extramurs.<\/p>\n<p>La Zaidia na map\u011b:<br \/>\n<iframe loading=\"lazy\" style=\"border: 0;\" src=\"https:\/\/www.google.com\/maps\/embed?pb=!1m18!1m12!1m3!1d24634.857785946442!2d-0.39401359326872626!3d39.48384763698887!2m3!1f0!2f0!3f0!3m2!1i1024!2i768!4f13.1!3m3!1m2!1s0xd604f551a9095d1%3A0x879218cc40bf203!2zTGEgU2HDr2RpYSwg0JLQsNC70LXQvdGB0LjRjw!5e0!3m2!1scs!2ses!4v1574798136069!5m2!1scs!2ses\" width=\"100%\" height=\"450\" frameborder=\"0\" allowfullscreen=\"allowfullscreen\"><\/iframe><\/p>\n<p>\u010ctvrti La Zaidia na map\u011b: <a href=\"https:\/\/www.google.com\/maps\/place\/Marchalenes,+46009+Valencia\/@39.4860349,-0.3881573,16z\/data=!3m1!4b1!4m5!3m4!1s0xd6045f8065c99e7:0xa45b43a6bff11c4b!8m2!3d39.4845265!4d-0.380721\" target=\"_blank\" rel=\"noopener noreferrer\">Marxalenes<\/a>, <a href=\"https:\/\/www.google.com\/maps\/place\/Morvedre,+Valencia\/@39.483492,-0.3792358,16z\/data=!3m1!4b1!4m5!3m4!1s0xd604f552b361809:0xe94fdddfc05653ca!8m2!3d39.4845418!4d-0.3760125\" target=\"_blank\" rel=\"noopener noreferrer\">Morvedre<\/a>, <a href=\"https:\/\/www.google.com\/maps\/place\/Trinitat,+Valencia\/@39.4812431,-0.3780256,15z\/data=!3m1!4b1!4m5!3m4!1s0xd6048a94f3637ad:0xd4210263d68c0cbd!8m2!3d39.4819768!4d-0.3689508\" target=\"_blank\" rel=\"noopener noreferrer\">Trinitat<\/a>, <a href=\"https:\/\/www.google.com\/maps\/place\/Tormos,+46009+Valencia\/@39.4891744,-0.3844593,16z\/data=!3m1!4b1!4m5!3m4!1s0xd6045f9306f69c3:0xc15c2ab627e563d6!8m2!3d39.4890602!4d-0.3789552\" target=\"_blank\" rel=\"noopener noreferrer\">Tormos<\/a> a <a href=\"https:\/\/www.google.com\/maps\/place\/Sant+Antoni,+46009+Valencia\/@39.4892063,-0.3772162,16z\/data=!3m1!4b1!4m5!3m4!1s0xd604600e48da21b:0x6b90d9965d39078!8m2!3d39.4890792!4d-0.3730699\" target=\"_blank\" rel=\"noopener noreferrer\">Sant Antoni<\/a>.<\/p>\n<h2>Nejzelen\u011bj\u0161\u00ed \u010dtvr\u0165 Valencie \u2013 El Pla del Real<\/h2>\n<p><img loading=\"lazy\" decoding=\"async\" class=\"alignnone size-large wp-image-96294\" src=\"https:\/\/alegria-realestate.com\/wp-content\/uploads\/2019\/09\/the-city-of-valencia4-2-1024x799.jpg\" alt=\"\u010ctvrti Valencie: p\u0159ehled. Nejlep\u0161\u00ed \u010dtvrti Valencie pro bydlen\u00ed\" width=\"1024\" height=\"799\" srcset=\"https:\/\/alegria-realestate.com\/wp-content\/uploads\/2019\/09\/the-city-of-valencia4-2.jpg 1024w, https:\/\/alegria-realestate.com\/wp-content\/uploads\/2019\/09\/the-city-of-valencia4-2-300x234.jpg 300w, https:\/\/alegria-realestate.com\/wp-content\/uploads\/2019\/09\/the-city-of-valencia4-2-768x599.jpg 768w\" sizes=\"auto, (max-width: 1024px) 100vw, 1024px\" \/><\/p>\n<p><strong>\u010ctvrti:<\/strong> Exposici\u00f3, Mestalla, Jaume Roig a Ciutat Universit\u00e0ria.<\/p>\n<ul>\n<li>\u010ctvr\u0165 vedle velk\u00e9ho kr\u00e1sn\u00e9ho parku Viveros. V z\u00f3n\u011b mezi t\u0159\u00eddou Primado Reig a t\u0159\u00eddou Blasco Ib\u00e1\u00f1ez, kolem N\u011bmeck\u00e9 \u0161koly ve Valencii, se nach\u00e1zej\u00ed velmi kvalitn\u00ed budovy s velmi velk\u00fdmi byty. Historicky v nich \u017eily bohat\u00e9 valencijsk\u00e9 rodiny. Tyto byty se pronaj\u00edmaj\u00ed jen z\u0159\u00eddka a prod\u00e1vaj\u00ed se za vysok\u00e9 ceny.<\/li>\n<\/ul>\n<p>V\u00fdhody:<\/p>\n<ul>\n<li>Je to velmi dobr\u00e1 \u010dtvr\u0165 pro \u017eivot s v\u00fdborn\u011b rozvinutou infrastrukturou. Jde o presti\u017en\u00ed oblast, kter\u00e1 se nach\u00e1z\u00ed prakticky v centru m\u011bsta.<\/li>\n<li>Jsou zde dv\u011b nemocnice: st\u00e1tn\u00ed Hospital Cl\u00ednico Universitario de Valencia a soukrom\u00e1 Hospital Quir\u00f3nsalud Valencia. Ve stejn\u00e9 z\u00f3n\u011b se nach\u00e1z\u00ed n\u011bkolik fakult Universitat de Val\u00e8ncia, mnoho jazykov\u00fdch \u0161kol a obchodn\u00edch \u0161kol. Nach\u00e1z\u00ed se zde tak\u00e9 stadion fotbalov\u00e9ho klubu Valencia.<\/li>\n<li>Jsou zde 2 stanice metra v doch\u00e1zkov\u00e9 vzd\u00e1lenosti asi 8 minut, dob\u0159e jezd\u00ed i autobusy. Na pl\u00e1\u017e se d\u00e1 dojet p\u0159\u00edmo.<br \/>\nDo centra m\u011bsta \u2013 7 minut autem, 25 minut p\u011b\u0161ky, k mo\u0159i \u2013 15 minut autem.<\/li>\n<\/ul>\n<p>Velmi zelen\u00e1 \u010dtvr\u0165: nach\u00e1z\u00ed se zde Jardines del Real, such\u00e9 koryto \u0159eky Turia a Jardines de Monforte.<\/p>\n<p>Nev\u00fdhody:<\/p>\n<ul>\n<li>Vysok\u00e9 ceny n\u00e1jmu a koup\u011b nemovitost\u00ed.<\/li>\n<li>Budovy nejsou nov\u00e9, ale jde o presti\u017en\u00ed bytov\u00fd fond s velk\u00fdmi byty a domy s concierge.<\/li>\n<\/ul>\n<p>El Pla del Real na map\u011b:<br \/>\n<iframe loading=\"lazy\" style=\"border: 0;\" src=\"https:\/\/www.google.com\/maps\/embed?pb=!1m18!1m12!1m3!1d12319.146014842196!2d-0.3697507634411358!3d39.4741516217714!2m3!1f0!2f0!3f0!3m2!1i1024!2i768!4f13.1!3m3!1m2!1s0xd6048bb60ca42f9%3A0x66f0e00f51974294!2zRWwgUGxhIGRlbCBSZWFsLCDQktCw0LvQtdC90YHQuNGP!5e0!3m2!1scs!2ses!4v1574798302911!5m2!1scs!2ses\" width=\"100%\" height=\"450\" frameborder=\"0\" allowfullscreen=\"allowfullscreen\"><\/iframe><\/p>\n<p>\u010ctvrti El Pla del Real na map\u011b: <a href=\"https:\/\/www.google.com\/maps\/place\/Exposici%C3%B3n,+Valencia\/@39.4760449,-0.3682044,16z\/data=!3m1!4b1!4m5!3m4!1s0xd6048a530fa6911:0x1c8bea95944895f8!8m2!3d39.4768162!4d-0.3642437\" target=\"_blank\" rel=\"noopener noreferrer\">Exposici\u00f3<\/a>, <a href=\"https:\/\/www.google.com\/maps\/place\/Mestalla,+Valencia\/@39.4700731,-0.3684517,15z\/data=!3m1!4b1!4m5!3m4!1s0xd6048bea179c6ad:0x1bbcb133efc3cb!8m2!3d39.4716549!4d-0.3595372\" target=\"_blank\" rel=\"noopener noreferrer\">Mestalla<\/a>, <a href=\"https:\/\/www.google.com\/maps\/place\/Jaume+Roig,+Valencia\/@39.4821109,-0.3673499,16z\/data=!3m1!4b1!4m5!3m4!1s0xd6048a6f511925d:0x5121bfaa35f1eb1d!8m2!3d39.4813465!4d-0.3636553\" target=\"_blank\" rel=\"noopener noreferrer\">Jaume Roig<\/a> a <a href=\"https:\/\/www.google.com\/maps\/place\/Ciutat+Universit%C3%A0ria,+Valencia\/@39.4785571,-0.3677201,15z\/data=!3m1!4b1!4m5!3m4!1s0xd6048a3a58930c9:0x3150b7cfbc0f32d!8m2!3d39.4787734!4d-0.3589489\" target=\"_blank\" rel=\"noopener noreferrer\">Ciutat Universit\u00e0ria<\/a>.<\/p>\n<h2>\u010ctvr\u0165 Valencie s levn\u00fdm bydlen\u00edm \u2013 L&#8217;Olivereta<\/h2>\n<p><img loading=\"lazy\" decoding=\"async\" class=\"alignnone size-large wp-image-96296\" src=\"https:\/\/alegria-realestate.com\/wp-content\/uploads\/2019\/09\/the-city-of-valencia5-2-1024x684.jpg\" alt=\"\u010ctvrti Valencie: p\u0159ehled. Nejlep\u0161\u00ed \u010dtvrti Valencie pro bydlen\u00ed\" width=\"1024\" height=\"684\" srcset=\"https:\/\/alegria-realestate.com\/wp-content\/uploads\/2019\/09\/the-city-of-valencia5-2.jpg 1024w, https:\/\/alegria-realestate.com\/wp-content\/uploads\/2019\/09\/the-city-of-valencia5-2-300x200.jpg 300w, https:\/\/alegria-realestate.com\/wp-content\/uploads\/2019\/09\/the-city-of-valencia5-2-768x513.jpg 768w\" sizes=\"auto, (max-width: 1024px) 100vw, 1024px\" \/><\/p>\n<p><strong>\u010ctvrti:<\/strong> Nou Moles, Soternes, Tres Forques, La Fuensanta a La Llum.<\/p>\n<ul>\n<li>\u010ctvr\u0165 pon\u011bkud vzd\u00e1len\u011bj\u0161\u00ed od centra.<\/li>\n<li>V oblastech Tres Forques a La Fuensanta \u017eije mnoho p\u0159ist\u011bhovalc\u016f z Latinsk\u00e9 Ameriky a nemovitosti jsou levn\u00e9. Oblast u Hospital General sm\u011brem k Patraix p\u0159ipom\u00edn\u00e1 star\u0161\u00ed typovou bytovou z\u00e1stavbu.<\/li>\n<li>Do centra se lze dostat autobusem nebo metrem.<\/li>\n<\/ul>\n<p>Tato \u010dtvr\u0165 se nach\u00e1z\u00ed na druh\u00e9 stran\u011b such\u00e9ho koryta \u0159eky Turia ne\u017e Campanar, ale obyvatelstvo i nemovitosti se zde v\u00fdrazn\u011b m\u011bn\u00ed. Lze zde naj\u00edt levn\u00fd n\u00e1jem.<\/p>\n<p>L&#8217;Olivereta na map\u011b:<br \/>\n<iframe loading=\"lazy\" style=\"border: 0;\" src=\"https:\/\/www.google.com\/maps\/embed?pb=!1m18!1m12!1m3!1d24639.827197362803!2d-0.4215071432957357!3d39.4698166871144!2m3!1f0!2f0!3f0!3m2!1i1024!2i768!4f13.1!3m3!1m2!1s0xd604f7225eaf64f%3A0x3d54aa276ac257fc!2zTCdPbGl2ZXJldGEsINCS0LDQu9C10L3RgdC40Y8!5e0!3m2!1scs!2ses!4v1574798467911!5m2!1scs!2ses\" width=\"100%\" height=\"450\" frameborder=\"0\" allowfullscreen=\"allowfullscreen\"><\/iframe><\/p>\n<p>\u010ctvrti L&#8217;Olivereta na map\u011b: <a href=\"https:\/\/www.google.com\/maps\/place\/Nou+Moles,+Valencia\/@39.4717382,-0.4077157,15z\/data=!3m1!4b1!4m5!3m4!1s0xd604f6ec89cf91d:0x8e36c81b67a7c920!8m2!3d39.4715248!4d-0.3995606\" target=\"_blank\" rel=\"noopener noreferrer\">Nou Moles<\/a>, <a href=\"https:\/\/www.google.com\/maps\/place\/Soternes,+Valencia\/@39.4713152,-0.4211218,15z\/data=!3m1!4b1!4m5!3m4!1s0xd604f761effe8e5:0xbb1701c917a075b7!8m2!3d39.4714922!4d-0.4089838\" target=\"_blank\" rel=\"noopener noreferrer\">Soternes<\/a>, <a href=\"https:\/\/www.google.com\/maps\/place\/Tres+Forques,+46018+Valencia\/@39.4666939,-0.4046853,16z\/data=!3m1!4b1!4m5!3m4!1s0xd604f6ce42c6649:0x78f73148fd9dc058!8m2!3d39.4663404!4d-0.4019162\" target=\"_blank\" rel=\"noopener noreferrer\">Tres Forques<\/a>, <a href=\"https:\/\/www.google.com\/maps\/place\/La+Fuensanta,+Valencia\/\" target=\"_blank\" rel=\"noopener noreferrer\">La Fuensanta<\/a> a <a href=\"https:\/\/www.google.com\/maps\/place\/La+Llum,+Valencia\/@39.467761,-0.4162135,17z\/data=!3m1!4b1!4m5!3m4!1s0xd604f9e4c7d3aff:0x75c873c5ee8cdf5a!8m2!3d39.4682425!4d-0.4131072\" target=\"_blank\" rel=\"noopener noreferrer\">La Llum<\/a>.<\/p>\n<h2>\u010ctvr\u0165 Valencie \u2013 Patraix<\/h2>\n<p><img loading=\"lazy\" decoding=\"async\" class=\"alignnone size-large wp-image-96297\" src=\"https:\/\/alegria-realestate.com\/wp-content\/uploads\/2019\/09\/the-city-of-valencia6-1024x707-2-1024x707.jpeg\" alt=\"\u010ctvrti Valencie: p\u0159ehled. Nejlep\u0161\u00ed \u010dtvrti Valencie pro bydlen\u00ed\" width=\"1024\" height=\"707\" srcset=\"https:\/\/alegria-realestate.com\/wp-content\/uploads\/2019\/09\/the-city-of-valencia6-1024x707-2.jpeg 1024w, https:\/\/alegria-realestate.com\/wp-content\/uploads\/2019\/09\/the-city-of-valencia6-1024x707-2-300x207.jpeg 300w, https:\/\/alegria-realestate.com\/wp-content\/uploads\/2019\/09\/the-city-of-valencia6-1024x707-2-768x530.jpeg 768w\" sizes=\"auto, (max-width: 1024px) 100vw, 1024px\" \/><\/p>\n<p><strong>\u010ctvrti:<\/strong> Patraix, Sant Isidre, Vara de Quart, Safranar a Favara.<\/p>\n<p>\u010ctvr\u0165 vzd\u00e1len\u00e1 od centra. Nach\u00e1zej\u00ed se zde nemovitosti velmi star\u00e9ho bytov\u00e9ho fondu, nicm\u00e9n\u011b \u010d\u00e1st trhu tvo\u0159\u00ed i pom\u011brn\u011b nov\u011bj\u0161\u00ed bydlen\u00ed. Hlavn\u00ed nev\u00fdhodou je, \u017ee v\u00edcem\u00e9n\u011b nov\u00e9 budovy se nach\u00e1zej\u00ed v nejvzd\u00e1len\u011bj\u0161\u00ed \u010d\u00e1sti od centra, prakticky na v\u00fdjezdu z Valencie.<\/p>\n<p>Patraix na map\u011b:<br \/>\n<iframe loading=\"lazy\" style=\"border: 0;\" src=\"https:\/\/www.google.com\/maps\/embed?pb=!1m14!1m8!1m3!1d24644.728270383548!2d-0.4196044!3d39.4559746!3m2!1i1024!2i768!4f13.1!3m3!1m2!1s0xd604f3dd22a26bb:0x52fabc89e4a303ea!2zUGF0cmFpeCwg0JLQsNC70LXQvdGB0LjRjw!5e0!3m2!1scs!2ses!4v1574798641772!5m2!1scs!2ses\" width=\"100%\" height=\"450\" frameborder=\"0\" allowfullscreen=\"allowfullscreen\"><\/iframe><\/p>\n<p>\u010ctvrti Patraix na map\u011b: <a href=\"https:\/\/www.google.com\/maps\/place\/Patraix,+Valencia\/@39.4622511,-0.3965743,16z\/data=!3m1!4b1!4m13!1m7!3m6!1s0xd604f3dd22a26bb:0x52fabc89e4a303ea!2zUGF0cmFpeCwg0JLQsNC70LXQvdGB0LjRjw!3b1!8m2!3d39.457285!4d-0.4007384!3m4!1s0xd604f3e4c0a9675:0x70ce4962f896a560!8m2!3d39.4624927!4d-0.3913182\" target=\"_blank\" rel=\"noopener noreferrer\">Patraix<\/a>, <a href=\"https:\/\/www.google.com\/maps\/place\/Sant+Isidre,+46014+Valencia\/@39.4525216,-0.4135216,15z\/data=!3m1!4b1!4m5!3m4!1s0xd604f051b114f39:0x7bc732d73c1f5169!8m2!3d39.4533898!4d-0.4042719\" target=\"_blank\" rel=\"noopener noreferrer\">Sant Isidre<\/a>, <a href=\"https:\/\/www.google.com\/maps\/place\/Vara+de+Quart,+Valencia\/@39.4580431,-0.4159443,15z\/data=!3m1!4b1!4m5!3m4!1s0xd604f0ec57bad3f:0x8fa9274ab1ba6337!8m2!3d39.4585589!4d-0.4066278\" target=\"_blank\" rel=\"noopener noreferrer\">Vara de Quart<\/a>, <a href=\"https:\/\/www.google.com\/maps\/place\/Safranar,+Valencia\/@39.4581172,-0.4052283,15z\/data=!3m1!4b1!4m5!3m4!1s0xd604f16f1aa8b45:0x275da4087229cccf!8m2!3d39.4585914!4d-0.3972052\" target=\"_blank\" rel=\"noopener noreferrer\">Safranar<\/a> a <a href=\"https:\/\/www.google.com\/maps\/place\/Favara,+46017+Valencia\/@39.4531252,-0.3994433,16z\/data=!3m1!4b1!4m13!1m7!3m6!1s0xd604f16f1aa8b45:0x275da4087229cccf!2zU2FmcmFuYXIsINCS0LDQu9C10L3RgdC40Y8!3b1!8m2!3d39.4585914!4d-0.3972052!3m4!1s0xd604f184160ca13:0xce955061bfd4aee8!8m2!3d39.4534221!4d-0.3948507\" target=\"_blank\" rel=\"noopener noreferrer\">Favara<\/a>.<\/p>\n<h2>\u010ctvr\u0165 Valencie s levn\u00fdm bydlen\u00edm \u2013 Jes\u00fas<\/h2>\n<p><img loading=\"lazy\" decoding=\"async\" class=\"alignnone size-large wp-image-96298\" src=\"https:\/\/alegria-realestate.com\/wp-content\/uploads\/2019\/09\/the-city-of-valencia7-2-1024x576.jpg\" alt=\"\u010ctvrti Valencie: p\u0159ehled. Nejlep\u0161\u00ed \u010dtvrti Valencie pro bydlen\u00ed\" width=\"1024\" height=\"576\" srcset=\"https:\/\/alegria-realestate.com\/wp-content\/uploads\/2019\/09\/the-city-of-valencia7-2.jpg 1024w, https:\/\/alegria-realestate.com\/wp-content\/uploads\/2019\/09\/the-city-of-valencia7-2-300x169.jpg 300w, https:\/\/alegria-realestate.com\/wp-content\/uploads\/2019\/09\/the-city-of-valencia7-2-768x432.jpg 768w\" sizes=\"auto, (max-width: 1024px) 100vw, 1024px\" \/><\/p>\n<p><strong>\u010ctvrti:<\/strong> La Raiosa, L&#8217;Hort de Senabre, La Creu Coberta, San Marcelino a Cam\u00ed Real.<\/p>\n<p>D\u011blnick\u00e1 \u010dtvr\u0165 s dostupn\u00fdmi nemovitostmi. \u017dije zde mnoho p\u0159ist\u011bhovalc\u016f, ale celkov\u011b je zde klid. Jedinou nev\u00fdhodou je vzd\u00e1lenost od centra a od pl\u00e1\u017ee, tak\u017ee pokud hled\u00e1te levnou nemovitost u pl\u00e1\u017ee, tato oblast pro v\u00e1s nebude vhodn\u00e1. V takov\u00e9m p\u0159\u00edpad\u011b je lep\u0161\u00ed zv\u00e1\u017eit Algir\u00f3s nebo Poblats Mar\u00edtims.<\/p>\n<p>Jes\u00fas na map\u011b:<br \/>\n<iframe loading=\"lazy\" style=\"border: 0;\" src=\"https:\/\/www.google.com\/maps\/embed?pb=!1m18!1m12!1m3!1d24646.8833822211!2d-0.4110401933340753!3d39.44988663729325!2m3!1f0!2f0!3f0!3m2!1i1024!2i768!4f13.1!3m3!1m2!1s0xd604f2207298beb%3A0xe0fe883193a076a5!2zSmVzw7pzLCDQktCw0LvQtdC90YHQuNGP!5e0!3m2!1scs!2ses!4v1574799159723!5m2!1scs!2ses\" width=\"100%\" height=\"450\" frameborder=\"0\" allowfullscreen=\"allowfullscreen\"><\/iframe><\/p>\n<p>\u010ctvrti Jes\u00fas na map\u011b: <a href=\"https:\/\/www.google.com\/maps\/place\/La+Raiosa,+46007+Valencia\/@39.4580657,-0.3944208,15z\/data=!3m1!4b1!4m5!3m4!1s0xd604f3a436a0e6b:0x10562d3eb050fb7c!8m2!3d39.4560422!4d-0.38543\" target=\"_blank\" rel=\"noopener noreferrer\">La Raiosa<\/a>, <a href=\"https:\/\/www.google.com\/maps\/place\/L'Hort+de+Senabre,+Valencia\/@39.4518565,-0.3989975,15z\/data=!3m1!4b1!4m5!3m4!1s0xd604f23a18fcfa3:0x32c6739b003a2b6c!8m2!3d39.4534378!4d-0.3901397\" target=\"_blank\" rel=\"noopener noreferrer\">L&#8217;Hort de Senabre<\/a>, <a href=\"https:\/\/www.google.com\/maps\/place\/La+Creu+Coberta,+Valencia\/@39.4505071,-0.3941712,15z\/data=!3m1!4b1!4m5!3m4!1s0xd604f25e9fcecdb:0x64c73c4f50cbf88f!8m2!3d39.4508646!4d-0.38543\" target=\"_blank\" rel=\"noopener noreferrer\">La Creu Coberta<\/a>, <a href=\"https:\/\/www.google.com\/maps\/place\/Sant+Marcel%C2%B7l%C3%AD,+46017+Valencia\/@39.4448719,-0.3944308,16z\/data=!3m1!4b1!4m5!3m4!1s0xd604f20a2f5b361:0x8eefb26590a4b608!8m2!3d39.445671!4d-0.3901397\" target=\"_blank\" rel=\"noopener noreferrer\">San Marcelino<\/a> a <a href=\"https:\/\/www.google.com\/maps\/place\/Cam%C3%AD+Real,+46017+Valencia\/@39.4452997,-0.4038732,15z\/data=!3m1!4b1!4m5!3m4!1s0xd604f1fc3fa52dd:0xb88af0fe19a93e4f!8m2!3d39.4469296!4d-0.4007384\" target=\"_blank\" rel=\"noopener noreferrer\">Cam\u00ed Real<\/a>.<\/p>\n<h2>Jedna z nejlep\u0161\u00edch \u010dtvrt\u00ed Valencie pro bydlen\u00ed \u2013 Quatre Carreres<\/h2>\n<p><strong>\u010ctvrti:<\/strong> Monteolivete, En Corts, Malilla, Fuente de San Luis, Na Rovella, La Punta a Ciudad de las Artes y las Ciencias.<\/p>\n<ul>\n<li>Nejlep\u0161\u00ed nemovitosti se nach\u00e1zej\u00ed ve \u010dtvrti Ciudad de las Artes y las Ciencias. Najdete tam mnoho uzav\u0159en\u00fdch reziden\u010dn\u00edch komplex\u016f s baz\u00e9ny a \u0161irokou nab\u00eddku novostaveb. Oblast le\u017e\u00ed p\u0159\u00edmo naproti slavn\u00e9ho M\u011bsta um\u011bn\u00ed a v\u011bd ve Valencii.<\/li>\n<li>\u010ctvr\u0165 je velmi vhodn\u00e1 pro \u017eivot: kvalitn\u00ed nemovitosti, \u017e\u00e1dn\u00ed p\u0159ist\u011bhovalci.<\/li>\n<li>Nedaleko se nach\u00e1z\u00ed park Gulliver a M\u011bsto um\u011bn\u00ed a v\u011bd.<\/li>\n<li>Tak\u00e9 je pobl\u00ed\u017e velk\u00e9 obchodn\u00ed centrum El Saler a p\u0159es \u0159eku \u2013 El Corte Ingl\u00e9s a Aqua.<\/li>\n<li>\u010ctvr\u0165 Monteolivete soused\u00ed s Eixample, p\u0159\u00edmo p\u0159es t\u0159\u00eddu Peris y Valero, p\u0159i\u010dem\u017e nemovitosti jsou zde levn\u011bj\u0161\u00ed. Je to dobr\u00e1 volba pro ty, kte\u0159\u00ed cht\u011bj\u00ed bydlet v Eixample, ale zat\u00edm si to nemohou dovolit.<\/li>\n<li>V t\u00e9to \u010dtvrti byl letos otev\u0159en tak\u00e9 Parque Central \u2013 velk\u00fd park na proch\u00e1zky s botanickou z\u00f3nou. Je zcela nov\u00fd, v\u0161e je zat\u00edm \u010derstv\u011b vysazeno, ale za p\u00e1r let to zde bude velmi kr\u00e1sn\u00e9.<\/li>\n<\/ul>\n<p>Nev\u00fdhody:<\/p>\n<ul>\n<li>Trochu d\u00e1l do centra p\u011b\u0161ky, a na pl\u00e1\u017e se lze dostat pouze autem nebo ve\u0159ejnou dopravou s p\u0159estupy.<\/li>\n<\/ul>\n<p>Quatre Carreres na map\u011b:<br \/>\n<iframe loading=\"lazy\" style=\"border: 0;\" src=\"https:\/\/www.google.com\/maps\/embed?pb=!1m18!1m12!1m3!1d49297.52145193738!2d-0.39572170225674164!3d39.44458269928387!2m3!1f0!2f0!3f0!3m2!1i1024!2i768!4f13.1!3m3!1m2!1s0xd6048df553267d5%3A0x1316b500d28f7aff!2zUXVhdHJlIENhcnJlcmVzLCDQktCw0LvQtdC90YHQuNGP!5e0!3m2!1scs!2ses!4v1574799303561!5m2!1scs!2ses\" width=\"100%\" height=\"450\" frameborder=\"0\" allowfullscreen=\"allowfullscreen\"><\/iframe><\/p>\n<p>\u010ctvrti Quatre Carreres na map\u011b: <a href=\"https:\/\/www.google.com\/maps\/place\/Monteolivete,+46006+Valencia\/@39.4591814,-0.3682298,16z\/data=!3m1!4b1!4m5!3m4!1s0xd6048c5c45895d3:0xfd40af79a910791!8m2!3d39.4586988!4d-0.3642437\" target=\"_blank\" rel=\"noopener noreferrer\">Monteolivete<\/a>, <a href=\"https:\/\/www.google.com\/maps\/place\/En+Corts,+Valencia\/@39.4553618,-0.3756077,16z\/data=!3m1!4b1!4m5!3m4!1s0xd6048cdf29556f9:0x7192152a61e92151!8m2!3d39.456088!4d-0.3713045\" target=\"_blank\" rel=\"noopener noreferrer\">En Corts<\/a>, <a href=\"https:\/\/www.google.com\/maps\/place\/Malilla,+Valencia\/@39.4462522,-0.3954064,14z\/data=!3m1!4b1!4m5!3m4!1s0xd604f2a450e6167:0x86714ca615abc9af!8m2!3d39.4470081!4d-0.3771895\" target=\"_blank\" rel=\"noopener noreferrer\">Malilla<\/a>, <a href=\"https:\/\/www.google.com\/maps\/place\/Fuente+San+Luis,+Valencia\/@39.4445124,-0.3718164,16z\/data=!3m1!4b1!4m5!3m4!1s0xd6048d7d612191d:0x478ad1f1999add15!8m2!3d39.4438036!4d-0.3671856\" target=\"_blank\" rel=\"noopener noreferrer\">Fuente de San Luis<\/a>, <a href=\"https:\/\/www.google.com\/maps\/place\/Na+Rovella,+Valencia\/@39.4534635,-0.3735323,15z\/data=!3m1!4b1!4m5!3m4!1s0xd6048da97eeb59f:0x382fec5b0e98dd2e!8m2!3d39.4509179!4d-0.3689508\" target=\"_blank\" rel=\"noopener noreferrer\">Na Rovella<\/a>, <a href=\"https:\/\/www.google.com\/maps\/place\/La+Punta,+Valencia\/@39.4405011,-0.369919,14z\/data=!3m1!4b1!4m5!3m4!1s0xd60491ebf9635e3:0xa7b36d725476282d!8m2!3d39.4393212!4d-0.3513021\" target=\"_blank\" rel=\"noopener noreferrer\">La Punta<\/a> a <a href=\"https:\/\/www.google.com\/maps\/place\/Ciudad+de+las+Artes+y+las+Ciencias\/@39.4538976,-0.3560909,16z\/data=!4m5!3m4!1s0xd6048e9d19b4381:0x62eb4407a5ebf894!8m2!3d39.4548751!4d-0.3504904\" target=\"_blank\" rel=\"noopener noreferrer\">Ciudad de las Artes y las Ciencias<\/a>.<\/p>\n<h2>\u010ctvr\u0165 Valencie pro bydlen\u00ed u mo\u0159e s dostupn\u011bj\u0161\u00edm bydlen\u00edm \u2013 Poblats Mar\u00edtims<\/h2>\n<p><img loading=\"lazy\" decoding=\"async\" class=\"alignnone size-large wp-image-96301\" src=\"https:\/\/alegria-realestate.com\/wp-content\/uploads\/2019\/09\/the-city-of-valencia9-2-1024x650.jpg\" alt=\"\u010ctvrti Valencie: p\u0159ehled. Nejlep\u0161\u00ed \u010dtvrti Valencie pro bydlen\u00ed\" width=\"1024\" height=\"650\" srcset=\"https:\/\/alegria-realestate.com\/wp-content\/uploads\/2019\/09\/the-city-of-valencia9-2.jpg 1024w, https:\/\/alegria-realestate.com\/wp-content\/uploads\/2019\/09\/the-city-of-valencia9-2-300x190.jpg 300w, https:\/\/alegria-realestate.com\/wp-content\/uploads\/2019\/09\/the-city-of-valencia9-2-768x488.jpg 768w\" sizes=\"auto, (max-width: 1024px) 100vw, 1024px\" \/><\/p>\n<p><strong>\u010ctvrti:<\/strong> El Grao, Caba\u00f1al-Ca\u00f1amelar, Malvarrosa, Beter\u00f3 a Nazaret.<\/p>\n<ul>\n<li>Nejlep\u0161\u00ed oblast\u00ed pro koupi nemovitosti v t\u00e9to \u010dtvrti je El Grao, Avenida del Puerto. Nemovitosti jsou zde r\u016fzn\u00e9: dra\u017e\u0161\u00ed i levn\u011bj\u0161\u00ed. Velkou v\u00fdhodou je, \u017ee v\u0161echny nemovitosti bez ohledu na cenu le\u017e\u00ed v doch\u00e1zkov\u00e9 vzd\u00e1lenosti od pl\u00e1\u017ee. Dal\u0161\u00ed v\u00fdhodou je dobr\u00e9 dopravn\u00ed spojen\u00ed: je zde metro i autobusy.<\/li>\n<li>Je lep\u0161\u00ed se vyhnout \u010dtvrti Nazaret, proto\u017ee le\u017e\u00ed stranou a \u017eije zde mnoho p\u0159ist\u011bhovalc\u016f ze zem\u00ed t\u0159et\u00edho sv\u011bta, jsou zde i probl\u00e9mov\u00e9 ulice.<\/li>\n<li>Pokud se rozhodnete koupit nemovitost v Malvarrose, vyb\u00edrejte m\u00edsto velmi pe\u010dliv\u011b: i zde je mnoho probl\u00e9mov\u00fdch ulic.<\/li>\n<\/ul>\n<p>Poblats Mar\u00edtims na map\u011b:<br \/>\n<iframe loading=\"lazy\" style=\"border: 0;\" src=\"https:\/\/www.google.com\/maps\/embed?pb=!1m18!1m12!1m3!1d49290.6225870453!2d-0.35692830218122523!3d39.45432769893341!2m3!1f0!2f0!3f0!3m2!1i1024!2i768!4f13.1!3m3!1m2!1s0xd604848a2a80a31%3A0x15a62dfff185e01b!2z0J_QvtCx0LvQsNC00L7RgSDQnNCw0YDQuNGC0LjQvNC-0YEsINCS0LDQu9C10L3RgdC40Y8!5e0!3m2!1scs!2ses!4v1574799766373!5m2!1scs!2ses\" width=\"100%\" height=\"450\" frameborder=\"0\" allowfullscreen=\"allowfullscreen\"><\/iframe><\/p>\n<p>\u010ctvrti Poblats Mar\u00edtims na map\u011b: <a href=\"https:\/\/www.google.com\/maps\/place\/Grao,+Valencia\/@39.4432196,-0.3569285,13z\/data=!3m1!4b1!4m5!3m4!1s0xd6049b4954b413b:0x9835c1437e75e6ac!8m2!3d39.4264737!4d-0.3160286\" target=\"_blank\" rel=\"noopener noreferrer\">El Grao<\/a>, <a href=\"https:\/\/www.google.com\/maps\/place\/Caba%C3%B1al-Ca%C3%B1amelar,+Valencia\/@39.4696826,-0.3370797,15z\/data=!3m1!4b1!4m5!3m4!1s0xd6048661a8fd345:0x4b516154a7cb7c69!8m2!3d39.4678596!4d-0.3301342\" target=\"_blank\" rel=\"noopener noreferrer\">Caba\u00f1al-Ca\u00f1amelar<\/a>, <a href=\"https:\/\/www.google.com\/maps\/place\/Malvarrosa,+46011+Valencia\/@39.4802392,-0.3367367,15z\/data=!3m1!4b1!4m5!3m4!1s0xd60487a06475893:0x143e1fdf2b059794!8m2!3d39.4782247!4d-0.3254317\" target=\"_blank\" rel=\"noopener noreferrer\">Malvarrosa<\/a>, <a href=\"https:\/\/www.google.com\/maps\/place\/Beter%C3%B3,+Valencia\/@39.4727513,-0.3409708,16z\/data=!3m1!4b1!4m5!3m4!1s0xd604862634c8f07:0xc32a3743d968fee6!8m2!3d39.471725!4d-0.336013\" target=\"_blank\" rel=\"noopener noreferrer\">Beter\u00f3<\/a> a <a href=\"https:\/\/www.google.com\/maps\/place\/Nazaret,+Valencia\/@39.4420571,-0.3488227,14z\/data=!3m1!4b1!4m5!3m4!1s0xd6049ac8acadbc1:0x48b81bedfbd8ebf2!8m2!3d39.4458527!4d-0.3313099\" target=\"_blank\" rel=\"noopener noreferrer\">Nazaret<\/a>.<\/p>\n<h2>Dobr\u00e1 \u010dtvr\u0165 Valencie pro bydlen\u00ed i investice \u2013 Camins al Grau<\/h2>\n<p><img loading=\"lazy\" decoding=\"async\" class=\"alignnone size-full wp-image-96302\" src=\"https:\/\/alegria-realestate.com\/wp-content\/uploads\/2019\/09\/camins-al-grau-2.jpg\" alt=\"\u010ctvrti Valencie: p\u0159ehled. Nejlep\u0161\u00ed \u010dtvrti Valencie pro bydlen\u00ed\" width=\"960\" height=\"450\" srcset=\"https:\/\/alegria-realestate.com\/wp-content\/uploads\/2019\/09\/camins-al-grau-2.jpg 960w, https:\/\/alegria-realestate.com\/wp-content\/uploads\/2019\/09\/camins-al-grau-2-300x141.jpg 300w, https:\/\/alegria-realestate.com\/wp-content\/uploads\/2019\/09\/camins-al-grau-2-768x360.jpg 768w\" sizes=\"auto, (max-width: 960px) 100vw, 960px\" \/><\/p>\n<p><strong>\u010ctvrti:<\/strong> Ayora, Albors, La Creu del Grau, Cam\u00ed Fondo a Penya-Roja.<\/p>\n<ul>\n<li>Velmi kvalitn\u00ed nemovitosti ve \u010dtvrti Camins al Grau lze naj\u00edt v bl\u00edzkosti such\u00e9ho koryta \u0159eky Turia ve \u010dtvrti Penya Roja. Nejdra\u017e\u0161\u00ed z\u00f3nou je Paseo de la Alameda, le\u017e\u00edc\u00ed p\u0159\u00edmo u such\u00e9ho koryta \u0159eky. Okna mnoha byt\u016f zde sm\u011b\u0159uj\u00ed do park\u016f v koryt\u011b. O n\u011bco d\u00e1l se nach\u00e1zej\u00ed jednodu\u0161\u0161\u00ed, ale st\u00e1le velmi dobr\u00e9 varianty za ni\u017e\u0161\u00ed ceny.<\/li>\n<li>V oblasti Ayora za\u010d\u00ednaj\u00ed nejlevn\u011bj\u0161\u00ed nemovitosti od \u20ac100 000. Nach\u00e1z\u00ed se nedaleko studentsk\u00e9 z\u00f3ny a mnoho lid\u00ed zde kupuje byty za \u00fa\u010delem pron\u00e1jmu student\u016fm.<\/li>\n<li>Je zde metro i autobusy.<\/li>\n<li>Nejzn\u00e1m\u011bj\u0161\u00ed ulice, kter\u00e9 vedou t\u00e9m\u011b\u0159 rovnob\u011b\u017en\u011b, jsou Avenida del Puerto s dostupn\u011bj\u0161\u00edmi nemovitostmi a Avenida de Francia s dra\u017e\u0161\u00edmi.<\/li>\n<\/ul>\n<p>Camins al Grau na map\u011b:<br \/>\n<iframe loading=\"lazy\" style=\"border: 0;\" src=\"https:\/\/www.google.com\/maps\/embed?pb=!1m18!1m12!1m3!1d24642.374187373207!2d-0.36567069330956575!3d39.46262373717887!2m3!1f0!2f0!3f0!3m2!1i1024!2i768!4f13.1!3m3!1m2!1s0xd6048eda76222ff%3A0x81f5bcd46c6d63cb!2zQ2FtaW5zIGFsIEdyYXUsINCS0LDQu9C10L3RgdC40Y8!5e0!3m2!1scs!2ses!4v1574800123443!5m2!1scs!2ses\" width=\"100%\" height=\"450\" frameborder=\"0\" allowfullscreen=\"allowfullscreen\"><\/iframe><\/p>\n<p>\u010ctvrti Camins al Grau na map\u011b: <a href=\"https:\/\/www.google.com\/maps\/place\/Ayora,+Valencia\/@39.4657435,-0.3477184,16z\/data=!3m1!4b1!4m13!1m7!3m6!1s0xd6048eda76222ff:0x81f5bcd46c6d63cb!2sCamins+al+Grau,+Valencia!3b1!8m2!3d39.4626283!4d-0.3489496!3m4!1s0xd60488cc8d1418b:0xa21ccfacecda416e!8m2!3d39.4665285!4d-0.3430679\" target=\"_blank\" rel=\"noopener noreferrer\">Ayora<\/a>, <a href=\"https:\/\/www.google.com\/maps\/place\/Albors,+Valencia\/@39.4684956,-0.3546396,17z\/data=!3m1!4b1!4m13!1m7!3m6!1s0xd6048eda76222ff:0x81f5bcd46c6d63cb!2zQ2FtaW5zIGFsIEdyYXUsINCS0LDQu9C10L3RgdC40Y8!3b1!8m2!3d39.4626283!4d-0.3489496!3m4!1s0xd604894681b0029:0x9d14b9e76fb26c7e!8m2!3d39.4690898!4d-0.3524798\" target=\"_blank\" rel=\"noopener noreferrer\">Albors<\/a>, <a href=\"https:\/\/www.google.com\/maps\/place\/La+Creu+del+Grau,+46023+Valencia\/@39.4613419,-0.3494848,16z\/data=!3m1!4b1!4m5!3m4!1s0xd6048f238a9f6b5:0xe93fe6e28b397929!8m2!3d39.4613515!4d-0.3430688\" target=\"_blank\" rel=\"noopener noreferrer\">La Creu del Grau<\/a>, <a href=\"https:\/\/www.google.com\/maps\/place\/Cam%C3%AD+Fondo,+46023+Valencia\/@39.4645274,-0.3571742,16z\/data=!3m1!4b1!4m5!3m4!1s0xd6048eb3a04f611:0x4a5388916557f950!8m2!3d39.4645572!4d-0.3530666\" target=\"_blank\" rel=\"noopener noreferrer\">Cam\u00ed Fondo<\/a> a <a href=\"https:\/\/www.google.com\/maps\/place\/Penya-Roja,+Valencia\/@39.4598322,-0.3596439,15z\/data=!3m1!4b1!4m5!3m4!1s0xd6048eea9052a57:0x6736dc359eb11098!8m2!3d39.458742!4d-0.3501258\" target=\"_blank\" rel=\"noopener noreferrer\">Penya-Roja<\/a>.<\/p>\n<h2>Dobr\u00e1 \u010dtvr\u0165 Valencie pro investice \u2013 Algir\u00f3s<\/h2>\n<p><img loading=\"lazy\" decoding=\"async\" class=\"alignnone size-large wp-image-96303\" src=\"https:\/\/alegria-realestate.com\/wp-content\/uploads\/2019\/09\/the-city-of-valencia10-2-1024x768.jpg\" alt=\"\u010ctvrti Valencie: p\u0159ehled. Nejlep\u0161\u00ed \u010dtvrti Valencie pro bydlen\u00ed\" width=\"1024\" height=\"768\" srcset=\"https:\/\/alegria-realestate.com\/wp-content\/uploads\/2019\/09\/the-city-of-valencia10-2.jpg 1024w, https:\/\/alegria-realestate.com\/wp-content\/uploads\/2019\/09\/the-city-of-valencia10-2-300x225.jpg 300w, https:\/\/alegria-realestate.com\/wp-content\/uploads\/2019\/09\/the-city-of-valencia10-2-768x576.jpg 768w\" sizes=\"auto, (max-width: 1024px) 100vw, 1024px\" \/><\/p>\n<p><strong>\u010ctvrti:<\/strong> L&#8217;Illa Perduda, Ciutat Jard\u00ed, L&#8217;Amistat, La Bega Baixa a La Carrasca.<\/p>\n<ul>\n<li>Nejv\u00edce studentsk\u00e1 oblast, zejm\u00e9na pokud jde o \u010dtvrti L&#8217;Amistat, Ciutat Jard\u00ed a L&#8217;Illa Perduda. Nejlevn\u011bj\u0161\u00ed nemovitosti se nach\u00e1zej\u00ed pr\u00e1v\u011b v L&#8217;Illa Perduda. Zde lze naj\u00edt varianty kolem \u20ac100 000 nebo dokonce o n\u011bco levn\u011bji. Bydlen\u00ed je v\u011bt\u0161inou ve star\u0161\u00ed z\u00e1stavb\u011b, nicm\u00e9n\u011b mezi nab\u00eddkami lze vybrat i nov\u011bj\u0161\u00ed varianty.<\/li>\n<li>Co se t\u00fd\u010de obyvatel, \u017eij\u00ed zde jak rodil\u00ed Valencijci, tak cizinci. Ti druz\u00ed zde \u010dasto kupuj\u00ed byty, pokud maj\u00ed omezen\u00fd rozpo\u010det. Byty se zde velmi dob\u0159e pronaj\u00edmaj\u00ed, i kdy\u017e ne za p\u0159\u00edli\u0161 vysok\u00e9 ceny.<\/li>\n<li>V t\u00e9to \u010dtvrti se nach\u00e1z\u00ed zn\u00e1m\u00e1 soukrom\u00e1 nemocnice Casa La Salud, kterou si mnoho cizinc\u016f vyb\u00edr\u00e1 pro porod.<\/li>\n<li>Na hranici t\u00e9to \u010dtvrti se nach\u00e1z\u00ed Universitat Polit\u00e8cnica de Val\u00e8ncia a n\u011bkolik fakult Universitat de Val\u00e8ncia.<\/li>\n<\/ul>\n<p>Algir\u00f3s na map\u011b:<br \/>\n<iframe loading=\"lazy\" style=\"border: 0;\" src=\"https:\/\/www.google.com\/maps\/embed?pb=!1m18!1m12!1m3!1d13553.737687011006!2d-0.3518082623467127!3d39.47687718460038!2m3!1f0!2f0!3f0!3m2!1i1024!2i768!4f13.1!3m3!1m2!1s0xd604885eaabf6eb%3A0x1040446ce4e9efe4!2zQWxnaXLDs3MsINCS0LDQu9C10L3RgdC40Y8!5e1!3m2!1scs!2ses!4v1574800264646!5m2!1scs!2ses\" width=\"100%\" height=\"450\" frameborder=\"0\" allowfullscreen=\"allowfullscreen\"><\/iframe><\/p>\n<p>\u010ctvrti Algir\u00f3s na map\u011b: <a href=\"https:\/\/www.google.com\/maps\/place\/L'Illa+Perduda,+46022+Valencia\/@39.4691223,-0.3437513,16z\/data=!3m1!4b1!4m5!3m4!1s0xd60488a4a78b66b:0xefd1e3cc1b9ab3ad!8m2!3d39.4697686!4d-0.3413047\" target=\"_blank\" rel=\"noopener noreferrer\">L&#8217;Illa Perduda<\/a>, <a href=\"https:\/\/www.google.com\/maps\/place\/Ciutat+Jard%C3%AD,+Valencia\/@39.4721124,-0.3489417,16z\/data=!3m1!4b1!4m5!3m4!1s0xd60488e5bddafc9:0x4dcd5db82b1ee054!8m2!3d39.4716975!4d-0.345421\" target=\"_blank\" rel=\"noopener noreferrer\">Ciutat Jard\u00ed<\/a>, <a href=\"https:\/\/www.google.com\/maps\/place\/L'Amistat,+46021+Valencia\/@39.4726774,-0.3554814,16z\/data=!3m1!4b1!4m5!3m4!1s0xd6048912b8e9489:0xd3908c90860ee84!8m2!3d39.4723287!4d-0.350714\" target=\"_blank\" rel=\"noopener noreferrer\">L&#8217;Amistat<\/a>, <a href=\"https:\/\/www.google.com\/maps\/place\/La+Bega+Baixa,+46021+Valencia\/@39.476096,-0.3522897,17z\/data=!3m1!4b1!4m5!3m4!1s0xd60489a72ce3865:0x923b8e2feb3b86c8!8m2!3d39.4765127!4d-0.3501157\" target=\"_blank\" rel=\"noopener noreferrer\">La Bega Baixa<\/a> a <a href=\"https:\/\/www.google.com\/maps\/place\/La+Carrasca,+Valencia\/@39.4794276,-0.3518083,15z\/data=!3m1!4b1!4m5!3m4!1s0xd6048843ff9e26b:0xda090f8ef3dd67e0!8m2!3d39.4781845!4d-0.3395407\" target=\"_blank\" rel=\"noopener noreferrer\">La Carrasca<\/a>.<\/p>\n<h2>\u010ctvrti Valencie, kde je nejlep\u0161\u00ed bydlet \u2013 klidn\u00fd Benimaclet<\/h2>\n<p><img loading=\"lazy\" decoding=\"async\" class=\"alignnone size-large wp-image-96304\" src=\"https:\/\/alegria-realestate.com\/wp-content\/uploads\/2019\/09\/the-city-of-valencia11-2-1024x683.jpg\" alt=\"\u010ctvrti Valencie: p\u0159ehled. Nejlep\u0161\u00ed \u010dtvrti Valencie pro bydlen\u00ed\" width=\"1024\" height=\"683\" srcset=\"https:\/\/alegria-realestate.com\/wp-content\/uploads\/2019\/09\/the-city-of-valencia11-2.jpg 1024w, https:\/\/alegria-realestate.com\/wp-content\/uploads\/2019\/09\/the-city-of-valencia11-2-300x200.jpg 300w, https:\/\/alegria-realestate.com\/wp-content\/uploads\/2019\/09\/the-city-of-valencia11-2-768x512.jpg 768w\" sizes=\"auto, (max-width: 1024px) 100vw, 1024px\" \/><\/p>\n<p><strong>\u010ctvrti:<\/strong> Benimaclet a Cam\u00ed de Vera.<\/p>\n<ul>\n<li>Dobr\u00e1 d\u011blnick\u00e1 \u010dtvr\u0165 s v\u00fdbornou infrastrukturou.<\/li>\n<li>Nemovitosti jsou zde pom\u011brn\u011b dostupn\u00e9, ale dra\u017e\u0161\u00ed ne\u017e nap\u0159\u00edklad v L&#8217;Illa Perduda. Cena z\u00e1vis\u00ed na stavu bydlen\u00ed a roku v\u00fdstavby. \u017dije zde mnoho \u0160pan\u011bl\u016f i zahrani\u010dn\u00edch student\u016f. Je zde mnoho levn\u00fdch bar\u016f a restaurac\u00ed a tak\u00e9 obchod\u016f \u201ede toda la vida\u201c, tedy takov\u00fdch, kter\u00e9 tam funguj\u00ed u\u017e velmi dlouho.<\/li>\n<li>\u017dij\u00ed zde i p\u0159ist\u011bhovalci, ale \u010dtvr\u0165 je klidn\u00e1.<\/li>\n<\/ul>\n<p>Benimaclet na map\u011b:<br \/>\n<iframe loading=\"lazy\" style=\"border: 0;\" src=\"https:\/\/www.google.com\/maps\/embed?pb=!1m18!1m12!1m3!1d12316.992367692908!2d-0.3651361623430282!3d39.48631223233257!2m3!1f0!2f0!3f0!3m2!1i1024!2i768!4f13.1!3m3!1m2!1s0xd6048a769bd2a51%3A0x868cb4bea88b8f9f!2zQmVuaW1hY2xldCwg0JLQsNC70LXQvdGB0LjRjw!5e0!3m2!1scs!2ses!4v1574800419814!5m2!1scs!2ses\" width=\"100%\" height=\"450\" frameborder=\"0\" allowfullscreen=\"allowfullscreen\"><\/iframe><\/p>\n<p>\u010ctvrti Benimaclet na map\u011b: <a href=\"https:\/\/www.google.com\/maps\/place\/Benimaclet,+Valencia\/@39.4838416,-0.3649753,16z\/data=!3m1!4b1!4m13!1m7!3m6!1s0xd604620dca03d23:0xa79a2f669c409814!2zQ2Ftw60gZGUgVmVyYSwgNDYwMjAg0JLQsNC70LXQvdGB0LjRjw!3b1!8m2!3d39.4872027!4d-0.3524784!3m4!1s0xd6048a0d2f1b411:0xbac51c9f027bdbb1!8m2!3d39.4845926!4d-0.3595367\" target=\"_blank\" rel=\"noopener noreferrer\">Benimaclet<\/a> a <a href=\"https:\/\/www.google.com\/maps\/place\/Cam%C3%AD+de+Vera,+46020+Valencia\/@39.4838331,-0.3693527,15z\/data=!4m5!3m4!1s0xd604620dca03d23:0xa79a2f669c409814!8m2!3d39.4872027!4d-0.3524784\" target=\"_blank\" rel=\"noopener noreferrer\">Cam\u00ed de Vera<\/a>.<\/p>\n<h2>\u010ctvr\u0165 Valencie pro koupi bytu v novostavb\u011b \u2013 Rascanya<\/h2>\n<p><img loading=\"lazy\" decoding=\"async\" class=\"alignnone size-large wp-image-96305\" src=\"https:\/\/alegria-realestate.com\/wp-content\/uploads\/2019\/09\/the-city-of-valencia12-1024x768-1-1-1024x768.jpeg\" alt=\"\u010ctvrti Valencie: p\u0159ehled. Nejlep\u0161\u00ed \u010dtvrti Valencie pro bydlen\u00ed\" width=\"1024\" height=\"768\" srcset=\"https:\/\/alegria-realestate.com\/wp-content\/uploads\/2019\/09\/the-city-of-valencia12-1024x768-1-1.jpeg 1024w, https:\/\/alegria-realestate.com\/wp-content\/uploads\/2019\/09\/the-city-of-valencia12-1024x768-1-1-300x225.jpeg 300w, https:\/\/alegria-realestate.com\/wp-content\/uploads\/2019\/09\/the-city-of-valencia12-1024x768-1-1-768x576.jpeg 768w\" sizes=\"auto, (max-width: 1024px) 100vw, 1024px\" \/><\/p>\n<p><strong>\u010ctvrti:<\/strong> Els Orriols, Torrefiel a Sant Lloren\u00e7.<\/p>\n<p>Tato \u010dtvr\u0165 se vyzna\u010duje rozmanitost\u00ed. Pr\u00e1v\u011b zde, v Sant Lloren\u00e7, se nach\u00e1z\u00ed velmi dobr\u00e1 z\u00f3na pro koupi bydlen\u00ed \u2013 Avenida Alfahuir.<\/p>\n<p>V\u00fdhody t\u00e9to z\u00f3ny:<\/p>\n<p>Bytov\u00fd fond zde tvo\u0159\u00ed kvalitn\u00ed nov\u00e9 uzav\u0159en\u00e9 reziden\u010dn\u00ed komplexy s baz\u00e9ny, tenisov\u00fdmi kurty a nep\u0159etr\u017eitou ostrahou, spolu s m\u00e9n\u011b nov\u00fdmi, ale tak\u00e9 velmi kvalitn\u00edmi nemovitostmi.<\/p>\n<ul>\n<li>Nedaleko se nach\u00e1z\u00ed velk\u00fd park, m\u011bstsk\u00e9 sportovn\u00ed centrum s dobr\u00fdm baz\u00e9nem a stadion.<\/li>\n<li>Jsou zde bary, restaurace a obchodn\u00ed centrum Arena se supermarketem Carrefour.<\/li>\n<li>Metro je vzd\u00e1len\u00e9 5 minut p\u011b\u0161ky, centrum m\u011bsta \u2013 10 minut autem nebo 40 minut p\u011b\u0161ky.<\/li>\n<li>K mo\u0159i lze dojet autem za 20 minut. Do soukrom\u00e9 nemocnice Quir\u00f3n je to odsud 5\u201310 minut autem.<\/li>\n<\/ul>\n<p>Nev\u00fdhody:<\/p>\n<ul>\n<li>\u010ctvr\u0165 soused\u00ed s p\u0159edm\u011bst\u00edm, co\u017e v\u0161ak m\u016f\u017ee b\u00fdt i v\u00fdhodou, proto\u017ee je bl\u00edzko v\u00fdjezdu z m\u011bsta.<br \/>\nV oblasti Rascanya jsou \u010dtvrti s velmi levn\u00fdmi nemovitostmi \u2013 Orriols a Torrefiel \u2013 ale \u017eije tam mnoho p\u0159ist\u011bhovalc\u016f z Latinsk\u00e9 Ameriky. Pr\u00e1v\u011b proto jsou tyto z\u00f3ny tak levn\u00e9. Spolu s Nazaret jsou to nejm\u00e9n\u011b doporu\u010dovan\u00e9 \u010dtvrti pro koupi bydlen\u00ed. Jedinou mo\u017enost\u00ed je koup\u011b za investi\u010dn\u00edm \u00fa\u010delem, ale n\u00e1jemn\u00e9 bude n\u00edzk\u00e9.<\/li>\n<\/ul>\n<p>Rascanya na map\u011b:<br \/>\n<iframe loading=\"lazy\" style=\"border: 0;\" src=\"https:\/\/www.google.com\/maps\/embed?pb=!1m18!1m12!1m3!1d12315.331320188801!2d-0.3771042123393846!3d39.495689230078305!2m3!1f0!2f0!3f0!3m2!1i1024!2i768!4f13.1!3m3!1m2!1s0xd6046058563a0bf%3A0xcdfff9646e9fb822!2zUmFzY2FueWEsINCS0LDQu9C10L3RgdC40Y8!5e0!3m2!1scs!2ses!4v1574800516737!5m2!1scs!2ses\" width=\"100%\" height=\"450\" frameborder=\"0\" allowfullscreen=\"allowfullscreen\"><\/iframe><\/p>\n<p>\u010ctvrti Rascanya na map\u011b: <a href=\"https:\/\/www.google.com\/maps\/place\/Els+Orriols,+46019+Valencia\/@39.4941221,-0.3743457,16z\/data=!3m1!4b1!4m13!1m7!3m6!1s0xd60461a0dbe60e1:0x62bb299876ecafd6!2zU2FudCBMbG9yZW7Dpywg0JLQsNC70LXQvdGB0LjRjw!3b1!8m2!3d39.4988123!4d-0.363067!3m4!1s0xd604605d7010e49:0x8edc9189c0b2a0d!8m2!3d39.4923179!4d-0.3713036\" target=\"_blank\" rel=\"noopener noreferrer\">Els Orriols<\/a>, <a href=\"https:\/\/www.google.com\/maps\/place\/Torrefiel,+Valencia\/@39.4948286,-0.3854976,15z\/data=!3m1!4b1!4m13!1m7!3m6!1s0xd60461a0dbe60e1:0x62bb299876ecafd6!2sSant+Lloren%C3%A7,+Valencia!3b1!8m2!3d39.4988123!4d-0.363067!3m4!1s0xd6045fd18622171:0xd0e05a8b67b3252a!8m2!3d39.4948907!4d-0.3760135\" target=\"_blank\" rel=\"noopener noreferrer\">Torrefiel<\/a> a <a href=\"https:\/\/www.google.com\/maps\/place\/Sant+Lloren%C3%A7,+Valencia\/@39.4956727,-0.3704388,15z\/data=!3m1!4b1!4m5!3m4!1s0xd60461a0dbe60e1:0x62bb299876ecafd6!8m2!3d39.4988123!4d-0.363067\" target=\"_blank\" rel=\"noopener noreferrer\">Sant Lloren\u00e7<\/a>.<\/p>\n<h2>Perspektivn\u00ed \u010dtvr\u0165 Valencie \u2013 Benicalap<\/h2>\n<p><img loading=\"lazy\" decoding=\"async\" class=\"alignnone size-full wp-image-96306\" src=\"https:\/\/alegria-realestate.com\/wp-content\/uploads\/2019\/09\/benicalap-2.jpg\" alt=\"\u010ctvrti Valencie: p\u0159ehled. Nejlep\u0161\u00ed \u010dtvrti Valencie pro bydlen\u00ed\" width=\"960\" height=\"440\" srcset=\"https:\/\/alegria-realestate.com\/wp-content\/uploads\/2019\/09\/benicalap-2.jpg 960w, https:\/\/alegria-realestate.com\/wp-content\/uploads\/2019\/09\/benicalap-2-300x138.jpg 300w, https:\/\/alegria-realestate.com\/wp-content\/uploads\/2019\/09\/benicalap-2-768x352.jpg 768w\" sizes=\"auto, (max-width: 960px) 100vw, 960px\" \/><\/p>\n<p><strong>\u010ctvrti:<\/strong> Benicalap a Ciutat Fallera.<\/p>\n<ul>\n<li>Tato \u010dtvr\u0165 je velmi vzd\u00e1len\u00e1 od centra i od pl\u00e1\u017ee. Nen\u00ed zde metro, pouze autobusy.<\/li>\n<li>Jsou zde kvalitn\u00ed novostavby, ale mnoho z\u00f3n se st\u00e1le teprve buduje. V \u010dtvrti je m\u00e1lo bar\u016f, restaurac\u00ed a obchod\u016f. Z investi\u010dn\u00edho hlediska pro pron\u00e1jem nen\u00ed tato oblast p\u0159\u00edli\u0161 vhodn\u00e1 kv\u016fli slab\u011b rozvinut\u00e9 infrastruktu\u0159e a dopravn\u00ed dostupnosti.<\/li>\n<\/ul>\n<p>Benicalap na map\u011b:<br \/>\n<iframe loading=\"lazy\" style=\"border: 0;\" src=\"https:\/\/www.google.com\/maps\/embed?pb=!1m18!1m12!1m3!1d24631.334089658423!2d-0.40880169324959165!3d39.49379413690006!2m3!1f0!2f0!3f0!3m2!1i1024!2i768!4f13.1!3m3!1m2!1s0xd6045f3bfd8b6db%3A0x7abd9a7a738d24fa!2zQmVuaWNhbGFwLCDQktCw0LvQtdC90YHQuNGP!5e0!3m2!1scs!2ses!4v1575400265356!5m2!1scs!2ses\" width=\"100%\" height=\"450\" frameborder=\"0\" allowfullscreen=\"allowfullscreen\"><\/iframe><\/p>\n<p>\u010ctvrti Benicalap na map\u011b: <a href=\"https:\/\/www.google.com\/maps\/place\/Benicalap,+Valencia\/@39.4923621,-0.4000469,15z\/data=!3m1!4b1!4m13!1m7!3m6!1s0xd6045f3bfd8b6db:0x7abd9a7a738d24fa!2sBenicalap,+Valencia!3b1!8m2!3d39.4935471!4d-0.3913172!3m4!1s0xd6045f3a0711abb:0x683478ea7d747082!8m2!3d39.4935474!4d-0.3913182\" target=\"_blank\" rel=\"noopener noreferrer\">Benicalap<\/a> a <a href=\"https:\/\/www.google.com\/maps\/place\/Ciutat+Fallera,+Valencia\/@39.4992024,-0.3999507,16z\/data=!3m1!4b1!4m13!1m7!3m6!1s0xd6045f3bfd8b6db:0x7abd9a7a738d24fa!2sBenicalap,+Valencia!3b1!8m2!3d39.4935471!4d-0.3913172!3m4!1s0xd60459305010979:0xf51db64ecaa3c4d5!8m2!3d39.5000029!4d-0.3948507\" target=\"_blank\" rel=\"noopener noreferrer\">Ciutat Fallera<\/a>.<\/p>\n<h2>\u010ctvr\u0165 Valencie pro \u017eivot s celou rodinou \u2013 Pobles de l&#8217;Oest<\/h2>\n<p><img loading=\"lazy\" decoding=\"async\" class=\"alignnone size-large wp-image-96308\" src=\"https:\/\/alegria-realestate.com\/wp-content\/uploads\/2019\/09\/the-city-of-valencia8.1-1024x683.jpg\" alt=\"\u010ctvrti Valencie: p\u0159ehled. Nejlep\u0161\u00ed \u010dtvrti Valencie pro bydlen\u00ed\" width=\"1024\" height=\"683\" srcset=\"https:\/\/alegria-realestate.com\/wp-content\/uploads\/2019\/09\/the-city-of-valencia8.1.jpg 1024w, https:\/\/alegria-realestate.com\/wp-content\/uploads\/2019\/09\/the-city-of-valencia8.1-300x200.jpg 300w, https:\/\/alegria-realestate.com\/wp-content\/uploads\/2019\/09\/the-city-of-valencia8.1-768x512.jpg 768w\" sizes=\"auto, (max-width: 1024px) 100vw, 1024px\" \/><\/p>\n<p><strong>\u010ctvrti:<\/strong> Benim\u00e0met a Beniferri<\/p>\n<ul>\n<li>Zaj\u00edmav\u00e1 je zde \u010dtvr\u0165 Beniferri. Je vzd\u00e1len\u00e1 od centra, ale proch\u00e1z\u00ed j\u00ed t\u0159\u00edda Cortes Valencianas, kde se na jedn\u00e9 stran\u011b nach\u00e1zej\u00ed nov\u00e9 reziden\u010dn\u00ed komplexy a na druh\u00e9 komplexy rodinn\u00fdch domk\u016f.<\/li>\n<li>Je to zaj\u00edmav\u00e1 oblast pro ty, kte\u0159\u00ed necht\u011bj\u00ed bydlet u mo\u0159e ani v centru, ale z\u00e1rove\u0148 se cht\u011bj\u00ed usadit ve velk\u00e9m reziden\u010dn\u00edm komplexu a d\u00e1t d\u011bti do kvalitn\u00edch soukrom\u00fdch \u0161kol v m\u00edstech jako B\u00e9tera nebo La Ca\u00f1ada, nap\u0159\u00edklad Mas Camarena, British School La Ca\u00f1ada nebo Colegio International El Plant\u00edo.<\/li>\n<\/ul>\n<p>Pobles de l&#8217;Oest na map\u011b:<br \/>\n<iframe loading=\"lazy\" style=\"border: 0;\" src=\"https:\/\/www.google.com\/maps\/embed?pb=!1m18!1m12!1m3!1d24628.622571904238!2d-0.4341026432348515!3d39.501446636831865!2m3!1f0!2f0!3f0!3m2!1i1024!2i768!4f13.1!3m3!1m2!1s0xd6045741cc6ed25%3A0xa6535f7fd228219f!2zUG9ibGVzIGRlIGwnT2VzdCwg0JLQsNC70LXQvdGB0LjRjw!5e0!3m2!1scs!2ses!4v1574800765236!5m2!1scs!2ses\" width=\"100%\" height=\"450\" frameborder=\"0\" allowfullscreen=\"allowfullscreen\"><\/iframe><\/p>\n<p>\u010ctvrti Pobles de l&#8217;Oest na map\u011b: <a href=\"https:\/\/www.google.com\/maps\/place\/Benim%C3%A1met,+Valencia\/@39.5024161,-0.4277582,15z\/data=!3m1!4b1!4m13!1m7!3m6!1s0xd6045741cc6ed25:0xa6535f7fd228219f!2sPoblados+del+Oeste,+Valencia!3b1!8m2!3d39.4986397!4d-0.4148744!3m4!1s0xd604573c8750d13:0x785823418306251c!8m2!3d39.5027783!4d-0.4198194\" target=\"_blank\" rel=\"noopener noreferrer\">Benim\u00e0met<\/a> a <a href=\"https:\/\/www.google.com\/maps\/place\/Beniferri,+Valencia\/@39.4954298,-0.4097609,16z\/data=!3m1!4b1!4m13!1m7!3m6!1s0xd6045741cc6ed25:0xa6535f7fd228219f!2sPoblados+del+Oeste,+Valencia!3b1!8m2!3d39.4986397!4d-0.4148744!3m4!1s0xd60458527e05709:0xfa59a412a8969d64!8m2!3d39.4947893!4d-0.4066283\" target=\"_blank\" rel=\"noopener noreferrer\">Beniferri<\/a>.<\/p>\n<h2>\u010ctvr\u0165 Valencie \u2013 Poblados del Norte<\/h2>\n<p><img loading=\"lazy\" decoding=\"async\" class=\"alignnone size-large wp-image-96307\" src=\"https:\/\/alegria-realestate.com\/wp-content\/uploads\/2019\/09\/the-city-of-valencia9.1-1024x683.jpg\" alt=\"\u010ctvrti Valencie: p\u0159ehled. Nejlep\u0161\u00ed \u010dtvrti Valencie pro bydlen\u00ed\" width=\"1024\" height=\"683\" srcset=\"https:\/\/alegria-realestate.com\/wp-content\/uploads\/2019\/09\/the-city-of-valencia9.1-1024x683.jpg 1024w, https:\/\/alegria-realestate.com\/wp-content\/uploads\/2019\/09\/the-city-of-valencia9.1-300x200.jpg 300w, https:\/\/alegria-realestate.com\/wp-content\/uploads\/2019\/09\/the-city-of-valencia9.1-768x512.jpg 768w, https:\/\/alegria-realestate.com\/wp-content\/uploads\/2019\/09\/the-city-of-valencia9.1.jpg 1200w\" sizes=\"auto, (max-width: 1024px) 100vw, 1024px\" \/><\/p>\n<p><strong>\u010ctvrti:<\/strong> Benifaraig, Pueblo Nuevo, Carpesa, Casas de B\u00e1rcena, Mahuella, Masarrochos a Borbot\u00f3.<\/p>\n<p>Jde o \u010dtvr\u0165 slo\u017eenou z n\u011bkolika osad, kter\u00e9 jsou dnes pova\u017eov\u00e1ny za \u010dtvrti a byly p\u0159ipojeny k Valencii v letech 1888 \u2013 1900. P\u0159esto\u017ee tato z\u00f3na ofici\u00e1ln\u011b pat\u0159\u00ed k Valencii, le\u017e\u00ed velmi daleko od centra a nemovitosti zde nejsou p\u0159\u00edli\u0161 zaj\u00edmav\u00e9: jde p\u0159ev\u00e1\u017en\u011b o venkovsk\u00e9 domy, mnoho voln\u00e9ho prostoru a slabou infrastrukturu.<\/p>\n<p>Poblados del Norte na map\u011b:<br \/>\n<iframe loading=\"lazy\" style=\"border: 0;\" src=\"https:\/\/www.google.com\/maps\/embed?pb=!1m18!1m12!1m3!1d98466.73358383085!2d-0.44865941260488196!3d39.53512688356377!2m3!1f0!2f0!3f0!3m2!1i1024!2i768!4f13.1!3m3!1m2!1s0xd604428ded992b5%3A0x256a66ccaf075cf5!2zUG9ibGVzIGRlbCBOb3JkLCDQktCw0LvQtdC90YHQuNGP!5e0!3m2!1scs!2ses!4v1574800841189!5m2!1scs!2ses\" width=\"100%\" height=\"450\" frameborder=\"0\" allowfullscreen=\"allowfullscreen\"><\/iframe><\/p>\n<h2>\u010ctvrti Valencie \u2013 Poblados del Sur<\/h2>\n<p><strong>\u010ctvrti:<\/strong> Horno de Alcedo, Castellar-Oliveral, Pinedo, El Saler, El Palmar, El Perellonet, La Torre a Faitanar.<\/p>\n<p>V\u0161e, co bylo \u0159e\u010deno o Poblados del Norte, lze vzt\u00e1hnout i na oblast Poblados del Sur. Osady spadaj\u00edc\u00ed do t\u00e9to z\u00f3ny byly za\u010dlen\u011bny do Valencie v roce 1877. Oblast je t\u00e9m\u011b\u0159 cel\u00e1 venkovsk\u00e1 s odpov\u00eddaj\u00edc\u00ed z\u00e1stavbou.<\/p>\n<p>Poblados del Sur na map\u011b:<br \/>\n<iframe loading=\"lazy\" style=\"border: 0;\" src=\"https:\/\/www.google.com\/maps\/embed?pb=!1m18!1m12!1m3!1d98702.62995770974!2d-0.42408246784433173!3d39.36852735751739!2m3!1f0!2f0!3f0!3m2!1i1024!2i768!4f13.1!3m3!1m2!1s0xd604ba24ef605a7%3A0xec801208163386f1!2zUG9ibGVzIGRlbCBTdWQsINCS0LDQu9C10L3RgdC40Y8!5e0!3m2!1scs!2ses!4v1574800885288!5m2!1scs!2ses\" width=\"100%\" height=\"450\" frameborder=\"0\" allowfullscreen=\"allowfullscreen\"><\/iframe><\/p>\n<h2>Dobr\u00e1 \u010dtvr\u0165 Valencie pro bydlen\u00ed v prvn\u00ed linii u pl\u00e1\u017ee \u2013 La Patacona (Alboraya)<\/h2>\n<p>Do p\u0159ehledu \u010dtvrt\u00ed Valencie jsme se rozhodli za\u0159adit i jedno z p\u0159edm\u011bst\u00ed, proto\u017ee zde existuje velmi dobr\u00e1 nab\u00eddka nemovitost\u00ed a oblast je velmi obl\u00edben\u00e1 mezi kupuj\u00edc\u00edmi.<\/p>\n<p>La Patacona na p\u0159edm\u011bst\u00ed Alboraya si \u010dasto vyb\u00edraj\u00ed cizinci, kte\u0159\u00ed cht\u011bj\u00ed bydlet v prvn\u00ed linii u pl\u00e1\u017ee.<\/p>\n<p>V\u00fdhody:<\/p>\n<ul>\n<li>Oblast se nach\u00e1z\u00ed p\u0159\u00edmo na pob\u0159e\u017en\u00ed linii.<\/li>\n<li>Nov\u00e9 budovy s uzav\u0159en\u00fdm are\u00e1lem, ostrahou a baz\u00e9nem.<\/li>\n<li>Jsou zde kvalitn\u00ed \u0159adov\u00e9 domy.<\/li>\n<li>Velk\u00e9 mno\u017estv\u00ed restaurac\u00ed na pl\u00e1\u017ei.<\/li>\n<li>Sama pl\u00e1\u017e navazuje na pl\u00e1\u017e Malvarrosa, kde jezd\u00ed tramvaj.<\/li>\n<\/ul>\n<p>Nev\u00fdhody:<\/p>\n<ul>\n<li>Nen\u00ed zde metro, pouze autobusov\u00e9 spojen\u00ed.<\/li>\n<li>Daleko od centra \u2013 20 minut autem.<\/li>\n<li>Nejsou zde velk\u00e9 parky.<\/li>\n<li>Daleko od obchodn\u00edch center a velk\u00fdch supermarket\u016f, je pot\u0159eba jet autem.<\/li>\n<li>Vysok\u00e9 ceny bydlen\u00ed.<\/li>\n<\/ul>\n<p>\u010ctvr\u0165 La Patacona na map\u011b:<br \/>\n<iframe loading=\"lazy\" style=\"border: 0;\" src=\"https:\/\/www.google.com\/maps\/embed?pb=!1m18!1m12!1m3!1d3079.064870138633!2d-0.32742398463202116!3d39.49044977948347!2m3!1f0!2f0!3f0!3m2!1i1024!2i768!4f13.1!3m3!1m2!1s0xd6047db66374a6b%3A0xb53ba773e816e690!2sPlatja%20de%20la%20Patacona!5e0!3m2!1scs!2ses!4v1574800929919!5m2!1scs!2ses\" width=\"100%\" height=\"450\" frameborder=\"0\" allowfullscreen=\"allowfullscreen\"><\/iframe><\/p>\n<p>Pr\u016fm\u011brn\u00e1 cena za metr \u010dtvere\u010dn\u00ed nemovitost\u00ed v m\u011bstsk\u00fdch \u010dtvrt\u00edch a \u010d\u00e1stech Valencie<\/p>\n<table class=\"zebra-table \">\n<tbody>\n<tr>\n<td width=\"121\"><strong>\u010ctvr\u0165<\/strong><\/td>\n<td width=\"165\"><strong>Kvart\u00e1l<\/strong><\/td>\n<td width=\"120\"><strong>Cena v \u20ac\/m<sup>2<\/sup><\/strong><\/td>\n<\/tr>\n<tr>\n<td colspan=\"2\" width=\"286\">Ciutat Vella<\/td>\n<td width=\"120\">4736<\/td>\n<\/tr>\n<tr>\n<td width=\"121\"><\/td>\n<td width=\"165\">El Carme<\/td>\n<td width=\"120\">4187<\/td>\n<\/tr>\n<tr>\n<td width=\"121\"><\/td>\n<td width=\"165\">El Mercat<\/td>\n<td width=\"120\">4891<\/td>\n<\/tr>\n<tr>\n<td width=\"121\"><\/td>\n<td width=\"165\">El Pilar<\/td>\n<td width=\"120\">4326<\/td>\n<\/tr>\n<tr>\n<td width=\"121\"><\/td>\n<td width=\"165\">La Seu<\/td>\n<td width=\"120\">4705<\/td>\n<\/tr>\n<tr>\n<td width=\"121\"><\/td>\n<td width=\"165\">La Xerea<\/td>\n<td width=\"120\">\u2013<\/td>\n<\/tr>\n<tr>\n<td width=\"121\"><\/td>\n<td width=\"165\">Sant Francesc<\/td>\n<td width=\"120\">5192<\/td>\n<\/tr>\n<tr>\n<td colspan=\"2\" width=\"286\">L&#8217;Eixample<\/td>\n<td width=\"120\">4978<\/td>\n<\/tr>\n<tr>\n<td width=\"121\"><\/td>\n<td width=\"165\">El Pla del Remei<\/td>\n<td width=\"120\">5462<\/td>\n<\/tr>\n<tr>\n<td width=\"121\"><\/td>\n<td width=\"165\">Gran V\u00eda<\/td>\n<td width=\"120\">5351<\/td>\n<\/tr>\n<tr>\n<td width=\"121\"><\/td>\n<td width=\"165\">Russafa<\/td>\n<td width=\"120\">4565<\/td>\n<\/tr>\n<tr>\n<td colspan=\"2\" width=\"286\">Extramurs<\/td>\n<td width=\"120\">3622<\/td>\n<\/tr>\n<tr>\n<td width=\"121\"><\/td>\n<td width=\"165\">Arrancapins<\/td>\n<td width=\"120\">3435<\/td>\n<\/tr>\n<tr>\n<td width=\"121\"><\/td>\n<td width=\"165\">El Bot\u00e0nic<\/td>\n<td width=\"120\">4194<\/td>\n<\/tr>\n<tr>\n<td width=\"121\"><\/td>\n<td width=\"165\">La Petxina<\/td>\n<td width=\"120\">3346<\/td>\n<\/tr>\n<tr>\n<td width=\"121\"><\/td>\n<td width=\"165\">La Roqueta<\/td>\n<td width=\"120\">4433<\/td>\n<\/tr>\n<tr>\n<td colspan=\"2\" width=\"286\">Campanar<\/td>\n<td width=\"120\">3408<\/td>\n<\/tr>\n<tr>\n<td width=\"121\"><\/td>\n<td width=\"165\">Campanar<\/td>\n<td width=\"120\">3119<\/td>\n<\/tr>\n<tr>\n<td width=\"121\"><\/td>\n<td width=\"165\">El Calvari<\/td>\n<td width=\"120\">2988<\/td>\n<\/tr>\n<tr>\n<td width=\"121\"><\/td>\n<td width=\"165\">Les Tendetes<\/td>\n<td width=\"120\">3284<\/td>\n<\/tr>\n<tr>\n<td width=\"121\"><\/td>\n<td width=\"165\">Nou Campanar<\/td>\n<td width=\"120\">\u2013<\/td>\n<\/tr>\n<tr>\n<td width=\"121\"><\/td>\n<td width=\"165\">Sant Pau<\/td>\n<td width=\"120\">4778<\/td>\n<\/tr>\n<tr>\n<td colspan=\"2\" width=\"286\">La Sa\u00efdia<\/td>\n<td width=\"120\">3004<\/td>\n<\/tr>\n<tr>\n<td width=\"121\"><\/td>\n<td width=\"165\">Marxalenes<\/td>\n<td width=\"120\">2827<\/td>\n<\/tr>\n<tr>\n<td width=\"121\"><\/td>\n<td width=\"165\">Morvedre<\/td>\n<td width=\"120\">3269<\/td>\n<\/tr>\n<tr>\n<td width=\"121\"><\/td>\n<td width=\"165\">Sant Antoni<\/td>\n<td width=\"120\">3059<\/td>\n<\/tr>\n<tr>\n<td width=\"121\"><\/td>\n<td width=\"165\">Tormos<\/td>\n<td width=\"120\">\u2013<\/td>\n<\/tr>\n<tr>\n<td width=\"121\"><\/td>\n<td width=\"165\">Trinitat<\/td>\n<td width=\"120\">\u2013<\/td>\n<\/tr>\n<tr>\n<td colspan=\"2\" width=\"286\">El Pla del Real<\/td>\n<td width=\"120\">4536<\/td>\n<\/tr>\n<tr>\n<td width=\"121\"><\/td>\n<td width=\"165\">Ciutat Universit\u00e0ria<\/td>\n<td width=\"120\">\u2013<\/td>\n<\/tr>\n<tr>\n<td width=\"121\"><\/td>\n<td width=\"165\">Exposici\u00f3<\/td>\n<td width=\"120\">5000<\/td>\n<\/tr>\n<tr>\n<td width=\"121\"><\/td>\n<td width=\"165\">Jaume Roig<\/td>\n<td width=\"120\">\u2013<\/td>\n<\/tr>\n<tr>\n<td width=\"121\"><\/td>\n<td width=\"165\">Mestalla<\/td>\n<td width=\"120\">\u2013<\/td>\n<\/tr>\n<tr>\n<td colspan=\"2\" width=\"286\">L&#8217;Olivereta<\/td>\n<td width=\"120\">2540<\/td>\n<\/tr>\n<tr>\n<td width=\"121\"><\/td>\n<td width=\"165\">La Fontsanta<\/td>\n<td width=\"120\">\u2013<\/td>\n<\/tr>\n<tr>\n<td width=\"121\"><\/td>\n<td width=\"165\">La Llum<\/td>\n<td width=\"120\">\u2013<\/td>\n<\/tr>\n<tr>\n<td width=\"121\"><\/td>\n<td width=\"165\">Nou Moles<\/td>\n<td width=\"120\">2924<\/td>\n<\/tr>\n<tr>\n<td width=\"121\"><\/td>\n<td width=\"165\">Soternes<\/td>\n<td width=\"120\">2753<\/td>\n<\/tr>\n<tr>\n<td width=\"121\"><\/td>\n<td width=\"165\">Tres Forques<\/td>\n<td width=\"120\">2312<\/td>\n<\/tr>\n<tr>\n<td colspan=\"2\" width=\"286\">Patraix<\/td>\n<td width=\"120\">2889<\/td>\n<\/tr>\n<tr>\n<td width=\"121\"><\/td>\n<td width=\"165\">Barrio de Favara<\/td>\n<td width=\"120\">\u2013<\/td>\n<\/tr>\n<tr>\n<td width=\"121\"><\/td>\n<td width=\"165\">Patraix<\/td>\n<td width=\"120\">2993<\/td>\n<\/tr>\n<tr>\n<td width=\"121\"><\/td>\n<td width=\"165\">Safranar<\/td>\n<td width=\"120\">\u2013<\/td>\n<\/tr>\n<tr>\n<td width=\"121\"><\/td>\n<td width=\"165\">Sant Isidre<\/td>\n<td width=\"120\">\u2013<\/td>\n<\/tr>\n<tr>\n<td width=\"121\"><\/td>\n<td width=\"165\">Vara de Quart<\/td>\n<td width=\"120\">2551<\/td>\n<\/tr>\n<tr>\n<td colspan=\"2\" width=\"286\">Jes\u00fas<\/td>\n<td width=\"120\">2754<\/td>\n<\/tr>\n<tr>\n<td width=\"121\"><\/td>\n<td width=\"165\">Cam\u00ed Reial<\/td>\n<td width=\"120\">\u2013<\/td>\n<\/tr>\n<tr>\n<td width=\"121\"><\/td>\n<td width=\"165\">L&#8217;Hort de Senabre<\/td>\n<td width=\"120\">2703<\/td>\n<\/tr>\n<tr>\n<td width=\"121\"><\/td>\n<td width=\"165\">La Creu Coberta<\/td>\n<td width=\"120\">\u2013<\/td>\n<\/tr>\n<tr>\n<td width=\"121\"><\/td>\n<td width=\"165\">La Raiosa<\/td>\n<td width=\"120\">3187<\/td>\n<\/tr>\n<tr>\n<td width=\"121\"><\/td>\n<td width=\"165\">Sant Marcell\u00ed<\/td>\n<td width=\"120\">\u2013<\/td>\n<\/tr>\n<tr>\n<td colspan=\"2\" width=\"286\">Quatre Carreres<\/td>\n<td width=\"120\">3390<\/td>\n<\/tr>\n<tr>\n<td width=\"121\"><\/td>\n<td width=\"165\">Ciutat de les Arts i de les Ci\u00e8ncies<\/td>\n<td width=\"120\">5105<\/td>\n<\/tr>\n<tr>\n<td width=\"121\"><\/td>\n<td width=\"165\">En Corts<\/td>\n<td width=\"120\">3156<\/td>\n<\/tr>\n<tr>\n<td width=\"121\"><\/td>\n<td width=\"165\">Fonteta de Sant Llu\u00eds<\/td>\n<td width=\"120\">\u2013<\/td>\n<\/tr>\n<tr>\n<td width=\"121\"><\/td>\n<td width=\"165\">La Punta<\/td>\n<td width=\"120\">3578<\/td>\n<\/tr>\n<tr>\n<td width=\"121\"><\/td>\n<td width=\"165\">Malilla<\/td>\n<td width=\"120\">3311<\/td>\n<\/tr>\n<tr>\n<td width=\"121\"><\/td>\n<td width=\"165\">Mont-Olivet<\/td>\n<td width=\"120\">\u2013<\/td>\n<\/tr>\n<tr>\n<td width=\"121\"><\/td>\n<td width=\"165\">Na Rovella<\/td>\n<td width=\"120\">\u2013<\/td>\n<\/tr>\n<tr>\n<td colspan=\"2\" width=\"286\">Poblats Mar\u00edtims<\/td>\n<td width=\"120\">3234<\/td>\n<\/tr>\n<tr>\n<td width=\"121\"><\/td>\n<td width=\"165\">Beter\u00f3<\/td>\n<td width=\"120\">\u2013<\/td>\n<\/tr>\n<tr>\n<td width=\"121\"><\/td>\n<td width=\"165\">El Cabanyal-El Canyamelar<\/td>\n<td width=\"120\">3448<\/td>\n<\/tr>\n<tr>\n<td width=\"121\"><\/td>\n<td width=\"165\">El Grau<\/td>\n<td width=\"120\">\u2013<\/td>\n<\/tr>\n<tr>\n<td width=\"121\"><\/td>\n<td width=\"165\">Natzaret<\/td>\n<td width=\"120\">2151<\/td>\n<\/tr>\n<tr>\n<td width=\"121\"><\/td>\n<td width=\"165\">Playa de la Malvarrosa<\/td>\n<td width=\"120\">3015<\/td>\n<\/tr>\n<tr>\n<td colspan=\"2\" width=\"286\">Camins al Grau<\/td>\n<td width=\"120\">3419<\/td>\n<\/tr>\n<tr>\n<td width=\"121\"><\/td>\n<td width=\"165\">Ayora<\/td>\n<td width=\"120\">3214<\/td>\n<\/tr>\n<tr>\n<td width=\"121\"><\/td>\n<td width=\"165\">Albors<\/td>\n<td width=\"120\">\u2013<\/td>\n<\/tr>\n<tr>\n<td width=\"121\"><\/td>\n<td width=\"165\">Cam\u00ed Fondo<\/td>\n<td width=\"120\">\u2013<\/td>\n<\/tr>\n<tr>\n<td width=\"121\"><\/td>\n<td width=\"165\">La Creu del Grau<\/td>\n<td width=\"120\">3153<\/td>\n<\/tr>\n<tr>\n<td width=\"121\"><\/td>\n<td width=\"165\">Penya-Roja<\/td>\n<td width=\"120\">4826<\/td>\n<\/tr>\n<tr>\n<td colspan=\"2\" width=\"286\">Algir\u00f3s<\/td>\n<td width=\"120\">3281<\/td>\n<\/tr>\n<tr>\n<td width=\"121\"><\/td>\n<td width=\"165\">Ciutat Jard\u00ed<\/td>\n<td width=\"120\">3273<\/td>\n<\/tr>\n<tr>\n<td width=\"121\"><\/td>\n<td width=\"165\">L&#8217;Amistat<\/td>\n<td width=\"120\">3295<\/td>\n<\/tr>\n<tr>\n<td width=\"121\"><\/td>\n<td width=\"165\">L&#8217;Illa Perduda<\/td>\n<td width=\"120\">3000<\/td>\n<\/tr>\n<tr>\n<td width=\"121\"><\/td>\n<td width=\"165\">La Vega Baixa<\/td>\n<td width=\"120\">\u2013<\/td>\n<\/tr>\n<tr>\n<td colspan=\"2\" width=\"286\">Benimaclet<\/td>\n<td width=\"120\">\u2013<\/td>\n<\/tr>\n<tr>\n<td width=\"121\"><\/td>\n<td width=\"165\">Benimaclet<\/td>\n<td width=\"120\">\u2013<\/td>\n<\/tr>\n<tr>\n<td width=\"121\"><\/td>\n<td width=\"165\">Cam\u00ed de Vera<\/td>\n<td width=\"120\">\u2013<\/td>\n<\/tr>\n<tr>\n<td colspan=\"2\" width=\"286\">Rascanya<\/td>\n<td width=\"120\">2312<\/td>\n<\/tr>\n<tr>\n<td width=\"121\"><\/td>\n<td width=\"165\">Els Orriols<\/td>\n<td width=\"120\">2132<\/td>\n<\/tr>\n<tr>\n<td width=\"121\"><\/td>\n<td width=\"165\">Sant Lloren\u00e7<\/td>\n<td width=\"120\">\u2013<\/td>\n<\/tr>\n<tr>\n<td width=\"121\"><\/td>\n<td width=\"165\">Torrefiel<\/td>\n<td width=\"120\">2377<\/td>\n<\/tr>\n<tr>\n<td colspan=\"2\" width=\"286\">Benicalap<\/td>\n<td width=\"120\">2614<\/td>\n<\/tr>\n<tr>\n<td width=\"121\"><\/td>\n<td width=\"165\">Benicalap<\/td>\n<td width=\"120\">2550<\/td>\n<\/tr>\n<tr>\n<td width=\"121\"><\/td>\n<td width=\"165\">Ciutat Fallera<\/td>\n<td width=\"120\">2353<\/td>\n<\/tr>\n<tr>\n<td width=\"121\"><\/td>\n<td width=\"165\">Nou Benicalap<\/td>\n<td width=\"120\">\u2013<\/td>\n<\/tr>\n<tr>\n<td colspan=\"2\" width=\"286\">Poblados del Norte<\/td>\n<td width=\"120\">\u2013<\/td>\n<\/tr>\n<tr>\n<td colspan=\"2\" width=\"286\">Poblados del Sur<\/td>\n<td width=\"120\">\u2013<\/td>\n<\/tr>\n<tr>\n<td colspan=\"2\" width=\"286\">Poblados del Oeste<\/td>\n<td width=\"120\">\u2013<\/td>\n<\/tr>\n<tr>\n<td colspan=\"2\" width=\"286\">Alboraya<\/td>\n<td width=\"120\">4164<\/td>\n<\/tr>\n<\/tbody>\n<\/table>\n<p>&nbsp;<\/p>","protected":false},"excerpt":{"rendered":"<p>Valencie je jedno z nejkr\u00e1sn\u011bj\u0161\u00edch m\u011bst \u0160pan\u011blska, le\u017e\u00edc\u00ed na\u2026<\/p>\n","protected":false},"author":2,"featured_media":93256,"comment_status":"closed","ping_status":"closed","sticky":false,"template":"","format":"standard","meta":{"footnotes":""},"categories":[1,747],"tags":[],"class_list":["post-93255","post","type-post","status-publish","format-standard","has-post-thumbnail","hentry","category-articles","category-city-of-spain"],"yoast_head":"<!-- This site is optimized with the Yoast SEO plugin v27.4 - https:\/\/yoast.com\/product\/yoast-seo-wordpress\/ -->\n<title>\u010ctvrti a obvody Valencie: kompletn\u00ed pr\u016fvodce nejlep\u0161\u00edmi oblastmi k bydlen\u00ed<\/title>\n<meta name=\"description\" content=\"Kompletn\u00ed pr\u016fvodce \u010dtvrt\u011bmi Valencie: atmosf\u00e9ra a infrastruktura, doprava, plusy a minusy, ceny bydlen\u00ed a nejlep\u0161\u00ed oblasti pro \u017eivot, rodinu, studium nebo investici.\" \/>\n<meta name=\"robots\" content=\"index, follow, max-snippet:-1, max-image-preview:large, max-video-preview:-1\" \/>\n<link rel=\"canonical\" href=\"https:\/\/alegria-realestate.com\/cs\/wp-json\/wp\/v2\/posts\/93255\" \/>\n<meta property=\"og:locale\" content=\"cs_CZ\" \/>\n<meta property=\"og:type\" content=\"article\" \/>\n<meta property=\"og:title\" content=\"\u010ctvrti a obvody Valencie: kompletn\u00ed pr\u016fvodce nejlep\u0161\u00edmi oblastmi k bydlen\u00ed\" \/>\n<meta property=\"og:description\" content=\"Kompletn\u00ed pr\u016fvodce \u010dtvrt\u011bmi Valencie: atmosf\u00e9ra a infrastruktura, doprava, plusy a minusy, ceny bydlen\u00ed a nejlep\u0161\u00ed oblasti pro \u017eivot, rodinu, studium nebo investici.\" \/>\n<meta property=\"og:url\" content=\"https:\/\/alegria-realestate.com\/cs\/wp-json\/wp\/v2\/posts\/93255\" \/>\n<meta property=\"og:site_name\" content=\"Nemovitosti ve \u0160pan\u011blsku\" \/>\n<meta property=\"article:publisher\" content=\"https:\/\/www.facebook.com\/realestate.alegria\" \/>\n<meta property=\"article:published_time\" content=\"2026-02-18T10:52:09+00:00\" \/>\n<meta property=\"article:modified_time\" content=\"2026-03-26T17:03:12+00:00\" \/>\n<meta property=\"og:image\" content=\"https:\/\/alegria-realestate.com\/wp-content\/uploads\/2019\/09\/the-city-of-valencia.jpg\" \/>\n\t<meta property=\"og:image:width\" content=\"1200\" \/>\n\t<meta property=\"og:image:height\" content=\"801\" \/>\n\t<meta property=\"og:image:type\" content=\"image\/jpeg\" \/>\n<meta name=\"author\" content=\"\u0415\u043b\u0435\u043d\u0430\" \/>\n<meta name=\"twitter:card\" content=\"summary_large_image\" \/>\n<meta name=\"twitter:creator\" content=\"@alegriarealesta\" \/>\n<meta name=\"twitter:site\" content=\"@alegriarealesta\" \/>\n<script type=\"application\/ld+json\" class=\"yoast-schema-graph\">{\"@context\":\"https:\\\/\\\/schema.org\",\"@graph\":[{\"@type\":\"Article\",\"@id\":\"https:\\\/\\\/alegria-realestate.com\\\/articles\\\/city-of-spain\\\/the-city-of-valencia#article\",\"isPartOf\":{\"@id\":\"https:\\\/\\\/alegria-realestate.com\\\/articles\\\/city-of-spain\\\/the-city-of-valencia\"},\"author\":{\"name\":\"\u0415\u043b\u0435\u043d\u0430\",\"@id\":\"https:\\\/\\\/alegria-realestate.com\\\/#\\\/schema\\\/person\\\/ff0a48e00da67c4fa2b62f941e991c33\"},\"headline\":\"\u010ctvrti a obvody Valencie: kompletn\u00ed pr\u016fvodce nejlep\u0161\u00edmi oblastmi k bydlen\u00ed\",\"datePublished\":\"2026-02-18T10:52:09+00:00\",\"dateModified\":\"2026-03-26T17:03:12+00:00\",\"mainEntityOfPage\":{\"@id\":\"https:\\\/\\\/alegria-realestate.com\\\/articles\\\/city-of-spain\\\/the-city-of-valencia\"},\"wordCount\":36604,\"publisher\":{\"@id\":\"https:\\\/\\\/alegria-realestate.com\\\/#organization\"},\"image\":{\"@id\":\"https:\\\/\\\/alegria-realestate.com\\\/articles\\\/city-of-spain\\\/the-city-of-valencia#primaryimage\"},\"thumbnailUrl\":\"https:\\\/\\\/alegria-realestate.com\\\/wp-content\\\/uploads\\\/2019\\\/09\\\/the-city-of-valencia.jpg\",\"articleSection\":[\"Blog\",\"M\u011bsta ve \u0160pan\u011blsku\"],\"inLanguage\":\"cs\"},{\"@type\":\"WebPage\",\"@id\":\"https:\\\/\\\/alegria-realestate.com\\\/cs\\\/articles\\\/city-of-spain\\\/the-city-of-valencia\",\"url\":\"https:\\\/\\\/alegria-realestate.com\\\/cs\\\/articles\\\/city-of-spain\\\/the-city-of-valencia\",\"name\":\"\u010ctvrti a obvody Valencie: kompletn\u00ed pr\u016fvodce nejlep\u0161\u00edmi oblastmi k bydlen\u00ed\",\"isPartOf\":{\"@id\":\"https:\\\/\\\/alegria-realestate.com\\\/cs\\\/#website\"},\"primaryImageOfPage\":{\"@id\":\"https:\\\/\\\/alegria-realestate.com\\\/cs\\\/articles\\\/city-of-spain\\\/the-city-of-valencia#primaryimage\"},\"image\":{\"@id\":\"https:\\\/\\\/alegria-realestate.com\\\/articles\\\/city-of-spain\\\/the-city-of-valencia#primaryimage\"},\"thumbnailUrl\":\"https:\\\/\\\/alegria-realestate.com\\\/wp-content\\\/uploads\\\/2019\\\/09\\\/the-city-of-valencia.jpg\",\"datePublished\":\"2026-02-18T10:52:09+00:00\",\"dateModified\":\"2026-03-26T17:03:12+00:00\",\"description\":\"Kompletn\u00ed pr\u016fvodce \u010dtvrt\u011bmi Valencie: atmosf\u00e9ra a infrastruktura, doprava, plusy a minusy, ceny bydlen\u00ed a nejlep\u0161\u00ed oblasti pro \u017eivot, rodinu, studium nebo investici.\",\"breadcrumb\":{\"@id\":\"https:\\\/\\\/alegria-realestate.com\\\/cs\\\/articles\\\/city-of-spain\\\/the-city-of-valencia#breadcrumb\"},\"inLanguage\":\"cs\",\"potentialAction\":[{\"@type\":\"ReadAction\",\"target\":[[\"https:\\\/\\\/alegria-realestate.com\\\/cs\\\/articles\\\/city-of-spain\\\/the-city-of-valencia\"]]}]},{\"@type\":\"ImageObject\",\"inLanguage\":\"cs\",\"@id\":\"https:\\\/\\\/alegria-realestate.com\\\/cs\\\/articles\\\/city-of-spain\\\/the-city-of-valencia#primaryimage\",\"url\":\"https:\\\/\\\/alegria-realestate.com\\\/wp-content\\\/uploads\\\/2019\\\/09\\\/the-city-of-valencia.jpg\",\"contentUrl\":\"https:\\\/\\\/alegria-realestate.com\\\/wp-content\\\/uploads\\\/2019\\\/09\\\/the-city-of-valencia.jpg\",\"width\":1200,\"height\":801,\"caption\":\"\u0420\u0430\u0439\u043e\u043d\u044b \u0412\u0430\u043b\u0435\u043d\u0441\u0438\u0438: \u043e\u0431\u0437\u043e\u0440. \u041b\u0443\u0447\u0448\u0438\u0435 \u0440\u0430\u0439\u043e\u043d\u044b \u0412\u0430\u043b\u0435\u043d\u0441\u0438\u0438 \u0434\u043b\u044f \u043f\u0440\u043e\u0436\u0438\u0432\u0430\u043d\u0438\u044f\"},{\"@type\":\"BreadcrumbList\",\"@id\":\"https:\\\/\\\/alegria-realestate.com\\\/cs\\\/articles\\\/city-of-spain\\\/the-city-of-valencia#breadcrumb\",\"itemListElement\":[{\"@type\":\"ListItem\",\"position\":1,\"name\":\"\u0413\u043b\u0430\u0432\u043d\u0430\u044f \u0441\u0442\u0440\u0430\u043d\u0438\u0446\u0430\",\"item\":\"https:\\\/\\\/alegria-realestate.com\\\/cs\\\/\"},{\"@type\":\"ListItem\",\"position\":2,\"name\":\"\u0420\u0430\u0439\u043e\u043d\u044b \u0412\u0430\u043b\u0435\u043d\u0441\u0438\u0438: \u043e\u0431\u0437\u043e\u0440. \u041b\u0443\u0447\u0448\u0438\u0435 \u0440\u0430\u0439\u043e\u043d\u044b \u0412\u0430\u043b\u0435\u043d\u0441\u0438\u0438 \u0434\u043b\u044f \u043f\u0440\u043e\u0436\u0438\u0432\u0430\u043d\u0438\u044f\"}]},{\"@type\":\"WebSite\",\"@id\":\"https:\\\/\\\/alegria-realestate.com\\\/cs\\\/#website\",\"url\":\"https:\\\/\\\/alegria-realestate.com\\\/cs\\\/\",\"name\":\"Nemovitosti ve \u0160pan\u011blsku\",\"description\":\"Nemovitosti ve \u0160pan\u011blsku: prodej ve v\u0161ech m\u011bstech \u2013 Torrevieja, Alicante, Benidorm a dal\u0161\u00ed. Pom\u016f\u017eeme v\u00e1m s koup\u00ed nemovitosti na Costa Blanca \u2013 secondhandov\u00e9 bydlen\u00ed i novostavby. Kompletn\u00ed vy\u0159\u00edzen\u00ed na kl\u00ed\u010d. Nemovitosti na Costa Blanca od 80 000 \u20ac.\",\"publisher\":{\"@id\":\"https:\\\/\\\/alegria-realestate.com\\\/cs\\\/#organization\"},\"potentialAction\":[{\"@type\":\"SearchAction\",\"target\":{\"@type\":\"EntryPoint\",\"urlTemplate\":\"https:\\\/\\\/alegria-realestate.com\\\/cs\\\/?s={search_term_string}\"},\"query-input\":{\"@type\":\"PropertyValueSpecification\",\"valueRequired\":true,\"valueName\":\"search_term_string\"}}],\"inLanguage\":\"cs\"},{\"@type\":\"Organization\",\"@id\":\"https:\\\/\\\/alegria-realestate.com\\\/cs\\\/#organization\",\"name\":\"Alegria Realestate\",\"url\":\"https:\\\/\\\/alegria-realestate.com\\\/cs\\\/\",\"logo\":{\"@type\":\"ImageObject\",\"inLanguage\":\"cs\",\"@id\":\"https:\\\/\\\/alegria-realestate.com\\\/cs\\\/#\\\/schema\\\/logo\\\/image\\\/\",\"url\":\"https:\\\/\\\/alegria-realestate.com\\\/wp-content\\\/uploads\\\/2019\\\/08\\\/logo_alegria.png\",\"contentUrl\":\"https:\\\/\\\/alegria-realestate.com\\\/wp-content\\\/uploads\\\/2019\\\/08\\\/logo_alegria.png\",\"width\":1600,\"height\":1403,\"caption\":\"Alegria Realestate\"},\"image\":{\"@id\":\"https:\\\/\\\/alegria-realestate.com\\\/cs\\\/#\\\/schema\\\/logo\\\/image\\\/\"},\"sameAs\":[\"https:\\\/\\\/www.facebook.com\\\/realestate.alegria\",\"https:\\\/\\\/x.com\\\/alegriarealesta\",\"https:\\\/\\\/www.instagram.com\\\/alegriadom\\\/\",\"https:\\\/\\\/www.linkedin.com\\\/profile\\\/view?id=154965227\",\"https:\\\/\\\/www.youtube.com\\\/user\\\/AlegriaRealEstate\"]},{\"@type\":\"Person\",\"@id\":\"https:\\\/\\\/alegria-realestate.com\\\/#\\\/schema\\\/person\\\/ff0a48e00da67c4fa2b62f941e991c33\",\"name\":\"\u0415\u043b\u0435\u043d\u0430\"}]}<\/script>\n<!-- \/ Yoast SEO plugin. -->","yoast_head_json":{"title":"\u010ctvrti a obvody Valencie: kompletn\u00ed pr\u016fvodce nejlep\u0161\u00edmi oblastmi k bydlen\u00ed","description":"Kompletn\u00ed pr\u016fvodce \u010dtvrt\u011bmi Valencie: atmosf\u00e9ra a infrastruktura, doprava, plusy a minusy, ceny bydlen\u00ed a nejlep\u0161\u00ed oblasti pro \u017eivot, rodinu, studium nebo investici.","robots":{"index":"index","follow":"follow","max-snippet":"max-snippet:-1","max-image-preview":"max-image-preview:large","max-video-preview":"max-video-preview:-1"},"canonical":"https:\/\/alegria-realestate.com\/cs\/wp-json\/wp\/v2\/posts\/93255","og_locale":"cs_CZ","og_type":"article","og_title":"\u010ctvrti a obvody Valencie: kompletn\u00ed pr\u016fvodce nejlep\u0161\u00edmi oblastmi k bydlen\u00ed","og_description":"Kompletn\u00ed pr\u016fvodce \u010dtvrt\u011bmi Valencie: atmosf\u00e9ra a infrastruktura, doprava, plusy a minusy, ceny bydlen\u00ed a nejlep\u0161\u00ed oblasti pro \u017eivot, rodinu, studium nebo investici.","og_url":"https:\/\/alegria-realestate.com\/cs\/wp-json\/wp\/v2\/posts\/93255","og_site_name":"Nemovitosti ve \u0160pan\u011blsku","article_publisher":"https:\/\/www.facebook.com\/realestate.alegria","article_published_time":"2026-02-18T10:52:09+00:00","article_modified_time":"2026-03-26T17:03:12+00:00","og_image":[{"width":1200,"height":801,"url":"https:\/\/alegria-realestate.com\/wp-content\/uploads\/2019\/09\/the-city-of-valencia.jpg","type":"image\/jpeg"}],"author":"\u0415\u043b\u0435\u043d\u0430","twitter_card":"summary_large_image","twitter_creator":"@alegriarealesta","twitter_site":"@alegriarealesta","schema":{"@context":"https:\/\/schema.org","@graph":[{"@type":"Article","@id":"https:\/\/alegria-realestate.com\/articles\/city-of-spain\/the-city-of-valencia#article","isPartOf":{"@id":"https:\/\/alegria-realestate.com\/articles\/city-of-spain\/the-city-of-valencia"},"author":{"name":"\u0415\u043b\u0435\u043d\u0430","@id":"https:\/\/alegria-realestate.com\/#\/schema\/person\/ff0a48e00da67c4fa2b62f941e991c33"},"headline":"\u010ctvrti a obvody Valencie: kompletn\u00ed pr\u016fvodce nejlep\u0161\u00edmi oblastmi k bydlen\u00ed","datePublished":"2026-02-18T10:52:09+00:00","dateModified":"2026-03-26T17:03:12+00:00","mainEntityOfPage":{"@id":"https:\/\/alegria-realestate.com\/articles\/city-of-spain\/the-city-of-valencia"},"wordCount":36604,"publisher":{"@id":"https:\/\/alegria-realestate.com\/#organization"},"image":{"@id":"https:\/\/alegria-realestate.com\/articles\/city-of-spain\/the-city-of-valencia#primaryimage"},"thumbnailUrl":"https:\/\/alegria-realestate.com\/wp-content\/uploads\/2019\/09\/the-city-of-valencia.jpg","articleSection":["Blog","M\u011bsta ve \u0160pan\u011blsku"],"inLanguage":"cs"},{"@type":"WebPage","@id":"https:\/\/alegria-realestate.com\/cs\/articles\/city-of-spain\/the-city-of-valencia","url":"https:\/\/alegria-realestate.com\/cs\/articles\/city-of-spain\/the-city-of-valencia","name":"\u010ctvrti a obvody Valencie: kompletn\u00ed pr\u016fvodce nejlep\u0161\u00edmi oblastmi k bydlen\u00ed","isPartOf":{"@id":"https:\/\/alegria-realestate.com\/cs\/#website"},"primaryImageOfPage":{"@id":"https:\/\/alegria-realestate.com\/cs\/articles\/city-of-spain\/the-city-of-valencia#primaryimage"},"image":{"@id":"https:\/\/alegria-realestate.com\/articles\/city-of-spain\/the-city-of-valencia#primaryimage"},"thumbnailUrl":"https:\/\/alegria-realestate.com\/wp-content\/uploads\/2019\/09\/the-city-of-valencia.jpg","datePublished":"2026-02-18T10:52:09+00:00","dateModified":"2026-03-26T17:03:12+00:00","description":"Kompletn\u00ed pr\u016fvodce \u010dtvrt\u011bmi Valencie: atmosf\u00e9ra a infrastruktura, doprava, plusy a minusy, ceny bydlen\u00ed a nejlep\u0161\u00ed oblasti pro \u017eivot, rodinu, studium nebo investici.","breadcrumb":{"@id":"https:\/\/alegria-realestate.com\/cs\/articles\/city-of-spain\/the-city-of-valencia#breadcrumb"},"inLanguage":"cs","potentialAction":[{"@type":"ReadAction","target":[["https:\/\/alegria-realestate.com\/cs\/articles\/city-of-spain\/the-city-of-valencia"]]}]},{"@type":"ImageObject","inLanguage":"cs","@id":"https:\/\/alegria-realestate.com\/cs\/articles\/city-of-spain\/the-city-of-valencia#primaryimage","url":"https:\/\/alegria-realestate.com\/wp-content\/uploads\/2019\/09\/the-city-of-valencia.jpg","contentUrl":"https:\/\/alegria-realestate.com\/wp-content\/uploads\/2019\/09\/the-city-of-valencia.jpg","width":1200,"height":801,"caption":"\u0420\u0430\u0439\u043e\u043d\u044b \u0412\u0430\u043b\u0435\u043d\u0441\u0438\u0438: \u043e\u0431\u0437\u043e\u0440. \u041b\u0443\u0447\u0448\u0438\u0435 \u0440\u0430\u0439\u043e\u043d\u044b \u0412\u0430\u043b\u0435\u043d\u0441\u0438\u0438 \u0434\u043b\u044f \u043f\u0440\u043e\u0436\u0438\u0432\u0430\u043d\u0438\u044f"},{"@type":"BreadcrumbList","@id":"https:\/\/alegria-realestate.com\/cs\/articles\/city-of-spain\/the-city-of-valencia#breadcrumb","itemListElement":[{"@type":"ListItem","position":1,"name":"\u0413\u043b\u0430\u0432\u043d\u0430\u044f \u0441\u0442\u0440\u0430\u043d\u0438\u0446\u0430","item":"https:\/\/alegria-realestate.com\/cs\/"},{"@type":"ListItem","position":2,"name":"\u0420\u0430\u0439\u043e\u043d\u044b \u0412\u0430\u043b\u0435\u043d\u0441\u0438\u0438: \u043e\u0431\u0437\u043e\u0440. \u041b\u0443\u0447\u0448\u0438\u0435 \u0440\u0430\u0439\u043e\u043d\u044b \u0412\u0430\u043b\u0435\u043d\u0441\u0438\u0438 \u0434\u043b\u044f \u043f\u0440\u043e\u0436\u0438\u0432\u0430\u043d\u0438\u044f"}]},{"@type":"WebSite","@id":"https:\/\/alegria-realestate.com\/cs\/#website","url":"https:\/\/alegria-realestate.com\/cs\/","name":"Nemovitosti ve \u0160pan\u011blsku","description":"Nemovitosti ve \u0160pan\u011blsku: prodej ve v\u0161ech m\u011bstech \u2013 Torrevieja, Alicante, Benidorm a dal\u0161\u00ed. Pom\u016f\u017eeme v\u00e1m s koup\u00ed nemovitosti na Costa Blanca \u2013 secondhandov\u00e9 bydlen\u00ed i novostavby. Kompletn\u00ed vy\u0159\u00edzen\u00ed na kl\u00ed\u010d. Nemovitosti na Costa Blanca od 80 000 \u20ac.","publisher":{"@id":"https:\/\/alegria-realestate.com\/cs\/#organization"},"potentialAction":[{"@type":"SearchAction","target":{"@type":"EntryPoint","urlTemplate":"https:\/\/alegria-realestate.com\/cs\/?s={search_term_string}"},"query-input":{"@type":"PropertyValueSpecification","valueRequired":true,"valueName":"search_term_string"}}],"inLanguage":"cs"},{"@type":"Organization","@id":"https:\/\/alegria-realestate.com\/cs\/#organization","name":"Alegria Realestate","url":"https:\/\/alegria-realestate.com\/cs\/","logo":{"@type":"ImageObject","inLanguage":"cs","@id":"https:\/\/alegria-realestate.com\/cs\/#\/schema\/logo\/image\/","url":"https:\/\/alegria-realestate.com\/wp-content\/uploads\/2019\/08\/logo_alegria.png","contentUrl":"https:\/\/alegria-realestate.com\/wp-content\/uploads\/2019\/08\/logo_alegria.png","width":1600,"height":1403,"caption":"Alegria Realestate"},"image":{"@id":"https:\/\/alegria-realestate.com\/cs\/#\/schema\/logo\/image\/"},"sameAs":["https:\/\/www.facebook.com\/realestate.alegria","https:\/\/x.com\/alegriarealesta","https:\/\/www.instagram.com\/alegriadom\/","https:\/\/www.linkedin.com\/profile\/view?id=154965227","https:\/\/www.youtube.com\/user\/AlegriaRealEstate"]},{"@type":"Person","@id":"https:\/\/alegria-realestate.com\/#\/schema\/person\/ff0a48e00da67c4fa2b62f941e991c33","name":"\u0415\u043b\u0435\u043d\u0430"}]}},"_links":{"self":[{"href":"https:\/\/alegria-realestate.com\/cs\/wp-json\/wp\/v2\/posts\/93255","targetHints":{"allow":["GET"]}}],"collection":[{"href":"https:\/\/alegria-realestate.com\/cs\/wp-json\/wp\/v2\/posts"}],"about":[{"href":"https:\/\/alegria-realestate.com\/cs\/wp-json\/wp\/v2\/types\/post"}],"author":[{"embeddable":true,"href":"https:\/\/alegria-realestate.com\/cs\/wp-json\/wp\/v2\/users\/2"}],"replies":[{"embeddable":true,"href":"https:\/\/alegria-realestate.com\/cs\/wp-json\/wp\/v2\/comments?post=93255"}],"version-history":[{"count":2,"href":"https:\/\/alegria-realestate.com\/cs\/wp-json\/wp\/v2\/posts\/93255\/revisions"}],"predecessor-version":[{"id":1289860,"href":"https:\/\/alegria-realestate.com\/cs\/wp-json\/wp\/v2\/posts\/93255\/revisions\/1289860"}],"wp:featuredmedia":[{"embeddable":true,"href":"https:\/\/alegria-realestate.com\/cs\/wp-json\/wp\/v2\/media\/93256"}],"wp:attachment":[{"href":"https:\/\/alegria-realestate.com\/cs\/wp-json\/wp\/v2\/media?parent=93255"}],"wp:term":[{"taxonomy":"category","embeddable":true,"href":"https:\/\/alegria-realestate.com\/cs\/wp-json\/wp\/v2\/categories?post=93255"},{"taxonomy":"post_tag","embeddable":true,"href":"https:\/\/alegria-realestate.com\/cs\/wp-json\/wp\/v2\/tags?post=93255"}],"curies":[{"name":"wp","href":"https:\/\/api.w.org\/{rel}","templated":true}]}}