{"id":988169,"date":"2025-11-21T21:45:35","date_gmt":"2025-11-21T18:45:35","guid":{"rendered":"https:\/\/alegria-realestate.com\/?p=988169"},"modified":"2025-11-24T21:46:29","modified_gmt":"2025-11-24T18:46:29","slug":"city-of-llanes-asturias","status":"publish","type":"post","link":"https:\/\/alegria-realestate.com\/cs\/articles\/city-of-llanes-asturias","title":{"rendered":"M\u011bsto Llanes v Asturii"},"content":{"rendered":"<p><strong>Obsah:<\/strong><\/p>\n<ul>\n<li><a href=\"#where-is-llanes\">Kde se nach\u00e1z\u00ed Llanes?<\/a><\/li>\n<li><a href=\"#climate-weather-llanes\">Klima a po\u010das\u00ed v Llanes<\/a><\/li>\n<li><a href=\"#history-llanes\">Stru\u010dn\u00e1 historie m\u011bsta Llanes<\/a><\/li>\n<li><a href=\"#sights-entertainment-llanes\">Pam\u011btihodnosti a z\u00e1bava ve m\u011bst\u011b Llanes<\/a><\/li>\n<li><a href=\"#real-estate-llanes\">Nemovitosti v Llanes<\/a><\/li>\n<li><a href=\"#conclusion-llanes\">Z\u00e1v\u011brem o m\u011bst\u011b Llanes<\/a><\/li>\n<\/ul>\n<p><span style=\"font-weight: 400;\">Na severn\u00edm pob\u0159e\u017e\u00ed \u0160pan\u011blska, v zelen\u00e9m autonomn\u00edm spole\u010denstv\u00ed <\/span><span style=\"font-weight: 400;\">Asturie<\/span><span style=\"font-weight: 400;\">, le\u017e\u00ed malebn\u00e9 m\u011bsto Llanes \u2013 m\u00edsto, kter\u00e9 spojuje bohatou historii, \u00fachvatn\u00e9 scen\u00e9rie a klid tradi\u010dn\u00edho \u017eivota na pob\u0159e\u017e\u00ed. Llanes je \u010dasto p\u0159ehl\u00ed\u017eeno ve prosp\u011bch zn\u00e1m\u011bj\u0161\u00edch \u0161pan\u011blsk\u00fdch m\u011bst, p\u0159esto jde o skute\u010dn\u00fd skryt\u00fd klenot, kter\u00fd cestovatel\u016fm i potenci\u00e1ln\u00edm obyvatel\u016fm nab\u00edz\u00ed jedine\u010dnou kombinaci p\u0159\u00edrodn\u00edch kr\u00e1s, hlubok\u00e9 kultury a ekonomick\u00e9ho potenci\u00e1lu.<\/span><\/p>\n<p><a style=\"display: inline-block; padding: 10px 14px; background: #f59e0b; color: #111; border-radius: 10px; text-decoration: none;\" href=\"https:\/\/alegria-realestate.com\/cs\/sale\/asturias\" target=\"_blank\" rel=\"noopener nofollow\">Vybrat nemovitost v Llanes<\/a><\/p>\n<h2 id=\"where-is-llanes\"><span style=\"font-weight: 400;\">Kde se nach\u00e1z\u00ed Llanes?<\/span><\/h2>\n<p><span style=\"font-weight: 400;\">M\u011bsto Llanes se nach\u00e1z\u00ed v provincii Asturie, p\u0159\u00edmo na b\u0159ehu Kantabersk\u00e9ho mo\u0159e (<\/span><i><span style=\"font-weight: 400;\">Mar Cant\u00e1brico<\/span><\/i><span style=\"font-weight: 400;\">) a na jihu soused\u00ed s poho\u0159\u00edm Picos de Europa (<\/span><i><span style=\"font-weight: 400;\">Picos de Europa<\/span><\/i><span style=\"font-weight: 400;\">). Le\u017e\u00ed p\u0159ibli\u017en\u011b 100 kilometr\u016f v\u00fdchodn\u011b od hlavn\u00edho m\u011bsta Asturie, <\/span><a href=\"https:\/\/alegria-realestate.com\/cs\/articles\/the-city-of-oviedo-in-northern-spain\"><span style=\"font-weight: 400;\">Ovieda<\/span><\/a><span style=\"font-weight: 400;\">, a asi 120 kilometr\u016f od Santanderu, s pohodln\u00fdm dopravn\u00edm napojen\u00edm po pob\u0159e\u017en\u00ed d\u00e1lnici A-8. Takov\u00e9 strategick\u00e9 um\u00edst\u011bn\u00ed mezi horami a mo\u0159em dod\u00e1v\u00e1 Llanes jedine\u010dnou geografickou charakteristiku: jednou nohou jako byste st\u00e1li v divok\u00e9m zelen\u00e9m severu \u0160pan\u011blska a druhou v tyrkysov\u00fdch vln\u00e1ch Atlantiku.<\/span><\/p>\n<p>M\u011bsto Llanes na map\u011b:<\/p>\n<p><iframe loading=\"lazy\" style=\"border: 0;\" src=\"https:\/\/www.google.com\/maps\/embed?pb=!1m18!1m12!1m3!1d11591.748266762075!2d-4.767489936302656!3d43.42014158782243!2m3!1f0!2f0!3f0!3m2!1i1024!2i768!4f13.1!3m3!1m2!1s0xd49eae3140a6429%3A0x50b0567bd4b9b8ef!2sLlanes%2C%20Asturias!5e0!3m2!1ses!2ses!4v1764003455710!5m2!1ses!2ses\" width=\"600\" height=\"450\" allowfullscreen=\"allowfullscreen\"><\/iframe><\/p>\n<h2 id=\"climate-weather-llanes\"><span style=\"font-weight: 400;\">Klima a po\u010das\u00ed v Llanes<\/span><\/h2>\n<p><span style=\"font-weight: 400;\">V Llanes p\u0159evl\u00e1d\u00e1 m\u00edrn\u00e9 oce\u00e1nsk\u00e9 klima \u2013 jeden z charakteristick\u00fdch znak\u016f tzv. \u201eZelen\u00e9ho \u0160pan\u011blska\u201c. L\u00e9to je zde tepl\u00e9 a slune\u010dn\u00e9, ale bez spaluj\u00edc\u00edch veder, teplota jen z\u0159\u00eddka p\u0159esahuje 28 \u00b0C. Zima je chladn\u00e1 a vlhk\u00e1, pr\u016fm\u011brn\u011b kolem 10 \u00b0C. Sr\u00e1\u017eek je v\u00edce ne\u017e na jihu \u0160pan\u011blska, co\u017e podporuje bujnou vegetaci mezi majest\u00e1tn\u00edmi skalami tohoto regionu.<\/span><\/p>\n<p><span style=\"font-weight: 400;\">Takov\u00e9 klima d\u011bl\u00e1 z Llanes celoro\u010dn\u00ed c\u00edl. V l\u00e9t\u011b sem p\u0159ij\u00ed\u017ed\u011bj\u00ed milovn\u00edci pl\u00e1\u017eov\u00e9 dovolen\u00e9 a p\u011b\u0161\u00ed turistiky, v zim\u011b pak ti, kte\u0159\u00ed hledaj\u00ed klid, zamra\u010den\u00e9 mo\u0159sk\u00e9 scen\u00e9rie a \u00fatuln\u00fd venkovsk\u00fd \u017eivot pod mlhavou oblohou.<\/span><\/p>\n<p><img loading=\"lazy\" decoding=\"async\" class=\"alignnone wp-image-988172 size-full\" src=\"https:\/\/alegria-realestate.com\/wp-content\/uploads\/2025\/11\/puerto_llanes_asturias-min-scaled.jpg\" alt=\"P\u0159\u00edstav m\u011bsta Llanes, Asturie\" width=\"2560\" height=\"1707\" srcset=\"https:\/\/alegria-realestate.com\/wp-content\/uploads\/2025\/11\/puerto_llanes_asturias-min-scaled.jpg 2560w, https:\/\/alegria-realestate.com\/wp-content\/uploads\/2025\/11\/puerto_llanes_asturias-min-300x200.jpg 300w, https:\/\/alegria-realestate.com\/wp-content\/uploads\/2025\/11\/puerto_llanes_asturias-min-1024x683.jpg 1024w, https:\/\/alegria-realestate.com\/wp-content\/uploads\/2025\/11\/puerto_llanes_asturias-min-768x512.jpg 768w, https:\/\/alegria-realestate.com\/wp-content\/uploads\/2025\/11\/puerto_llanes_asturias-min-1536x1024.jpg 1536w, https:\/\/alegria-realestate.com\/wp-content\/uploads\/2025\/11\/puerto_llanes_asturias-min-2048x1366.jpg 2048w\" sizes=\"auto, (max-width: 2560px) 100vw, 2560px\" \/><\/p>\n<h2 id=\"history-llanes\"><span style=\"font-weight: 400;\">Stru\u010dn\u00e1 historie m\u011bsta Llanes<\/span><\/h2>\n<p><span style=\"font-weight: 400;\">Llanes se m\u016f\u017ee pochlubit bohatou a mnohovrstevnatou histori\u00ed, jej\u00ed\u017e po\u010d\u00e1tky sahaj\u00ed a\u017e do p\u0159ed\u0159\u00edmsk\u00fdch dob. Kdysi zde \u017eili Keltov\u00e9 a pozd\u011bji se \u00fazem\u00ed stalo sou\u010d\u00e1st\u00ed \u0158\u00edmsk\u00e9 \u0159\u00ed\u0161e. Samotn\u00e9 m\u011bste\u010dko z\u00edskalo na v\u00fdznamu ve st\u0159edov\u011bku, zejm\u00e9na ve 13. stolet\u00ed, kdy obdr\u017eelo status m\u011bstsk\u00e9 vily (villa) a za\u010dalo rozv\u00edjet sv\u00e9 n\u00e1mo\u0159n\u00ed hospod\u00e1\u0159stv\u00ed.<\/span><\/p>\n<p><span style=\"font-weight: 400;\">V obdob\u00ed \u0161pan\u011blsk\u00e9ho Zlat\u00e9ho v\u011bku za\u017e\u00edvalo Llanes rozkv\u011bt jako ryb\u00e1\u0159sk\u00fd a velryb\u00e1\u0159sk\u00fd p\u0159\u00edstav. D\u016fkazy tohoto rozkv\u011btu jsou dodnes patrn\u00e9 v jeho architektu\u0159e \u2013 kamenn\u00e9 domy, pal\u00e1ce a obrann\u00e9 hradby odr\u00e1\u017eej\u00ed staletou n\u00e1mo\u0159n\u00ed sl\u00e1vu m\u011bsta.<\/span><\/p>\n<p><span style=\"font-weight: 400;\">\u201eIndianos\u201c, tedy emigranti, kte\u0159\u00ed se v 19. a na po\u010d\u00e1tku 20. stolet\u00ed vr\u00e1tili z Ameriky zbohatl\u00ed, tak\u00e9 zanechali v\u00fdraznou stopu. Stav\u011bli honosn\u00e9 vily a ve\u0159ejn\u00e9 budovy, v nich\u017e se koloni\u00e1ln\u00ed \u0161arm snoub\u00ed s astursk\u00fdmi tradicemi.<\/span><\/p>\n<h2 id=\"sights-entertainment-llanes\"><span style=\"font-weight: 400;\">Pam\u011btihodnosti a z\u00e1bava ve m\u011bst\u011b Llanes<\/span><\/h2>\n<p><span style=\"font-weight: 400;\">Llanes je mal\u00e9 m\u011bsto, ale s v\u00fdrazn\u00fdm charakterem a mnoha mo\u017enostmi tr\u00e1ven\u00ed voln\u00e9ho \u010dasu:<\/span><\/p>\n<h3><span style=\"font-weight: 400;\">Star\u00e9 m\u011bsto (<\/span><i><span style=\"font-weight: 400;\">Casco Antiguo<\/span><\/i><span style=\"font-weight: 400;\">)<\/span><\/h3>\n<p><span style=\"font-weight: 400;\">P\u0159i proch\u00e1zce st\u0159edov\u011bk\u00fdm centrem Llanes m\u00e1te pocit, jako byste se ocitli v minulosti. Dl\u00e1zd\u011bn\u00e9 uli\u010dky se vinou mezi starobyl\u00fdmi kostely, kamenn\u00fdmi ark\u00e1dami a gotick\u00fdmi pal\u00e1ci, nap\u0159\u00edklad Palacio de Gasta\u00f1aga (<\/span><i><span style=\"font-weight: 400;\">Palacio de Gasta\u00f1aga<\/span><\/i><span style=\"font-weight: 400;\">). Nezapome\u0148te nav\u0161t\u00edvit tak\u00e9 kostel Santa Mar\u00eda del Concejo (<\/span><i><span style=\"font-weight: 400;\">Bas\u00edlica de Santa Mar\u00eda del Concejo<\/span><\/i><span style=\"font-weight: 400;\">), postaven\u00fd <\/span><b>ve 13.\u201315. stolet\u00ed<\/b><span style=\"font-weight: 400;\">. Tato dv\u011b m\u00edsta jsou kl\u00ed\u010dov\u00e1 pro pln\u00e9 vn\u00edm\u00e1n\u00ed st\u0159edov\u011bk\u00e9ho kouzla a kulturn\u00edho d\u011bdictv\u00ed Llanes.<\/span><b> <\/b><\/p>\n<h4><span style=\"font-weight: 400;\">Palacio de Gasta\u00f1aga<\/span><span style=\"font-weight: 400;\">: <\/span><span style=\"font-weight: 400;\">u\u0161lechtil\u00e1 kamenn\u00e1 tvrz v samotn\u00e9m srdci Llanes<\/span><\/h4>\n<p><a href=\"https:\/\/maps.app.goo.gl\/5LQ5ytRqMDzPzYYj7\"><span style=\"font-weight: 400;\">na map\u011b<\/span><\/a><\/p>\n<p><span style=\"font-weight: 400;\">Pal\u00e1c Gasta\u00f1aga, kter\u00fd se nach\u00e1z\u00ed p\u0159\u00edmo v centru star\u00e9ho m\u011bsta Llanes (<\/span><i><span style=\"font-weight: 400;\">casco antiguo<\/span><\/i><span style=\"font-weight: 400;\">), pat\u0159\u00ed k nejv\u00fdrazn\u011bj\u0161\u00edm p\u0159\u00edklad\u016fm civiln\u00ed st\u0159edov\u011bk\u00e9 architektury v Asturii. Tento kamenn\u00fd m\u011bstsk\u00fd d\u016fm poch\u00e1z\u00ed z <\/span><b>15. stolet\u00ed<\/b><span style=\"font-weight: 400;\"> a kdysi pat\u0159il rodin\u011b Gasta\u00f1aga, jednomu z nejvlivn\u011bj\u0161\u00edch \u0161lechtick\u00fdch rod\u016f ve m\u011bst\u011b.<\/span><\/p>\n<p><b>Architektonick\u00e9 zvl\u00e1\u0161tnosti:<\/b><\/p>\n<ul>\n<li style=\"font-weight: 400;\" aria-level=\"1\"><b>Pal\u00e1c p\u0159ipom\u00edn\u00e1 pevnost<\/b><span style=\"font-weight: 400%;\">: siln\u00e9 kamenn\u00e9 zdi, \u00fazk\u00e1 okna a mohutn\u00e1 obd\u00e9ln\u00edkov\u00e1 v\u011b\u017e sv\u011bd\u010d\u00ed o jeho obrann\u00e9 funkci v dob\u00e1ch feudalismu.<\/span><\/li>\n<li style=\"font-weight: 400;\" aria-level=\"1\"><span style=\"font-weight: 400;\">Jeho fas\u00e1da je skromn\u00e1, ale elegantn\u00ed, a dodnes na n\u00ed lze vid\u011bt p\u016fvodn\u00ed <\/span><b>heraldick\u00e9 symboly<\/b><span style=\"font-weight: 400;\"> vytesan\u00e9 do kamene \u2013 erby, kter\u00e9 s hrdost\u00ed ukazuj\u00ed d\u011bdictv\u00ed rodu.<\/span><\/li>\n<li style=\"font-weight: 400;\" aria-level=\"1\"><span style=\"font-weight: 400;\">Budova je kr\u00e1sn\u00fdm p\u0159\u00edkladem vlivu <\/span><b>gotiky a ran\u00e9 renesance<\/b><span style=\"font-weight: 400;\"> s n\u011bkter\u00fdmi pozd\u011bj\u0161\u00edmi z\u00e1sahy v <\/span><b>barokn\u00edm<\/b><span style=\"font-weight: 400;\"> stylu.<\/span><\/li>\n<\/ul>\n<p><b>Pro\u010d toto m\u00edsto nav\u0161t\u00edvit?<\/b><\/p>\n<ul>\n<li style=\"font-weight: 400;\" aria-level=\"1\"><b>Atmosf\u00e9ra:<\/b><span style=\"font-weight: 400;\"> P\u0159i p\u0159\u00edchodu k pal\u00e1ci Gasta\u00f1aga m\u00e1te pocit, jako byste vstoupili do st\u0159edov\u011bk\u00e9 poh\u00e1dky. \u010casto se zde po\u0159\u00e1daj\u00ed r\u016fzn\u00e9 kulturn\u00ed akce a je to obl\u00edben\u00e1 zast\u00e1vka na historick\u00fdch p\u011b\u0161\u00edch tras\u00e1ch.<\/span><\/li>\n<li style=\"font-weight: 400;\" aria-level=\"1\"><b>Fotogeni\u010dnost<\/b><span style=\"font-weight: 400;\">: zv\u011btral\u00fd k\u00e1men a impozantn\u00ed silueta pal\u00e1ce z n\u011bj d\u011blaj\u00ed obl\u00edben\u00e9 m\u00edsto fotograf\u016f a milovn\u00edk\u016f star\u00e9 architektury.<\/span><\/li>\n<\/ul>\n<p><span style=\"font-weight: 400;\">A\u010dkoli pal\u00e1c nen\u00ed v\u017edy otev\u0159en pro vnit\u0159n\u00ed prohl\u00eddky, st\u00e1le p\u0159edstavuje siln\u00fd vizu\u00e1ln\u00ed symbol urozen\u00e9 minulosti Llanes a nach\u00e1z\u00ed se jen n\u011bkolik krok\u016f od st\u0159edov\u011bk\u00fdch m\u011bstsk\u00fdch hradeb.<\/span><b> <\/b><\/p>\n<h4><span style=\"font-weight: 400;\">Bas\u00edlica de Santa Mar\u00eda del Concejo: duchovn\u00ed centrum Llanes<\/span><\/h4>\n<p><a href=\"https:\/\/maps.app.goo.gl\/ARKtqaKssJhGn9LbA\"><span style=\"font-weight: 400;\">na map\u011b<\/span><\/a><\/p>\n<p><span style=\"font-weight: 400;\">Bazilika Santa Mar\u00eda del Concejo, kter\u00e1 se elegantn\u011b ty\u010d\u00ed nad historick\u00fdm centrem Llanes, je nejd\u016fle\u017eit\u011bj\u0161\u00ed sakr\u00e1ln\u00ed stavbou m\u011bsta a n\u00e1rodn\u00ed historicko-um\u011bleckou pam\u00e1tkou. Byla budov\u00e1na <\/span><b>od 13. do 15. stolet\u00ed<\/b><span style=\"font-weight: 400;\"> a ilustruje p\u0159echod od rom\u00e1nsk\u00e9ho ke gotick\u00e9mu slohu.<\/span><\/p>\n<p><b>Architektonick\u00e9 zvl\u00e1\u0161tnosti:<\/b><\/p>\n<ul>\n<li style=\"font-weight: 400;\" aria-level=\"1\"><span style=\"font-weight: 400;\">Zven\u010d\u00ed bazilika p\u0159ipom\u00edn\u00e1 <\/span><b>pevnost<\/b><span style=\"font-weight: 400;\"> s masivn\u00edmi op\u011brn\u00fdmi pil\u00ed\u0159i a p\u016fsobivou kamennou v\u011b\u017e\u00ed.<\/span><\/li>\n<li style=\"font-weight: 400;\" aria-level=\"1\"><span style=\"font-weight: 400;\">Uvnit\u0159 najdete <\/span><b>lo\u010f v gotick\u00e9m stylu<\/b><span style=\"font-weight: 400;\"> s k\u0159\u00ed\u017eovou klenbou, lomen\u00fdmi oblouky a elegantn\u00edmi sloupy. Interi\u00e9r je zalit\u00fd m\u011bkk\u00fdm, rozpt\u00fdlen\u00fdm sv\u011btlem, kter\u00e9 vytv\u00e1\u0159\u00ed klidnou a posv\u00e1tnou atmosf\u00e9ru.<\/span><\/li>\n<li style=\"font-weight: 400;\" aria-level=\"1\"><span style=\"font-weight: 400;\">Hlavn\u00ed olt\u00e1\u0159 z <\/span><b>17. stolet\u00ed<\/b><span style=\"font-weight: 400;\"> je bohat\u011b zdoben\u00e9, zlacen\u00e9 d\u00edlo <\/span><b>barokn\u00edho<\/b><span style=\"font-weight: 400;\"> um\u011bn\u00ed, kter\u00e9 zobrazuje r\u016fzn\u00e9 biblick\u00e9 sc\u00e9ny.<\/span><\/li>\n<li style=\"font-weight: 400;\" aria-level=\"1\"><span style=\"font-weight: 400;\">V kostele lze obdivovat i jemnou kamenickou v\u00fdzdobu, <\/span><b>st\u0159edov\u011bk\u00e9 hrobky a kaple<\/b><span style=\"font-weight: 400;\"> zasv\u011bcen\u00e9 m\u00edstn\u00edm svat\u00fdm.<\/span><\/li>\n<\/ul>\n<p><b>Kulturn\u011b-historick\u00fd v\u00fdznam:<\/b><\/p>\n<p><span style=\"font-weight: 400;\">Bazilika slou\u017eila nejen jako m\u00edsto bohoslu\u017eeb, ale tak\u00e9 jako m\u00edsto zased\u00e1n\u00ed \u201econcejo\u201c (m\u00edstn\u00ed rady), odtud jej\u00ed n\u00e1zev. Byla duchovn\u00edm i sv\u011btsk\u00fdm srdcem st\u0159edov\u011bk\u00e9ho Llanes.<\/span><\/p>\n<p><span style=\"font-weight: 400;\">I dnes se zde konaj\u00ed n\u00e1bo\u017eensk\u00e9 ob\u0159ady a v\u00fdznamn\u00e9 m\u00edstn\u00ed slavnosti, jako nap\u0159\u00edklad <\/span><b>Fiesta de la Virgen de la Gu\u00eda (na po\u010dest Panny Marie \u2013 ochr\u00e1nkyn\u011b m\u011bsta)<\/b><span style=\"font-weight: 400;\"> a proces\u00ed <\/span><b>Semana Santa (Svat\u00fd t\u00fdden)<\/b><span style=\"font-weight: 400;\">.<\/span><\/p>\n<p><b>Pro\u010d toto m\u00edsto nav\u0161t\u00edvit?<\/b><\/p>\n<ul>\n<li style=\"font-weight: 400;\" aria-level=\"1\"><b>Pro milovn\u00edky architektury<\/b><span style=\"font-weight: 400;\"> jde o skv\u011bl\u00fd p\u0159\u00edklad ran\u011b gotick\u00e9 stavby na severu \u0160pan\u011blska.<\/span><\/li>\n<li style=\"font-weight: 400;\" aria-level=\"1\"><b>Pro z\u00e1jemce o historii<\/b><span style=\"font-weight: 400;\"> je to okno do spole\u010densk\u00e9ho a n\u00e1bo\u017eensk\u00e9ho \u017eivota st\u0159edov\u011bk\u00e9ho Llanes.<\/span><\/li>\n<li style=\"font-weight: 400;\" aria-level=\"1\"><b>Pro duchovn\u011b zalo\u017een\u00e9 n\u00e1v\u0161t\u011bvn\u00edky <\/b><span style=\"font-weight: 400;\">\u2013 tich\u00e9, posv\u00e1tn\u00e9 m\u00edsto, kter\u00e9 dodnes uchov\u00e1v\u00e1 ozv\u011bny mnohasetlet\u00fdch n\u00e1bo\u017eensk\u00fdch tradic.<\/span><b> <\/b><\/li>\n<\/ul>\n<h4><span style=\"font-weight: 400;\">Cesta \u010dasem<\/span><\/h4>\n<p><span style=\"font-weight: 400;\">Pal\u00e1c Gasta\u00f1aga a kostel Santa Mar\u00eda del Concejo tak tvo\u0159\u00ed z\u00e1klad historick\u00e9 identity Llanes. Spole\u010dn\u011b umo\u017e\u0148uj\u00ed n\u00e1v\u0161t\u011bvn\u00edk\u016fm pono\u0159it se do feud\u00e1ln\u00ed, \u0161lechtick\u00e9 i c\u00edrkevn\u00ed minulosti m\u011bsta a z\u00e1rove\u0148 si vychutnat sou\u010dasn\u00fd rytmus \u017eivota jednoho z nejp\u016fvabn\u011bj\u0161\u00edch p\u0159\u00edmo\u0159sk\u00fdch m\u011bst \u0160pan\u011blska. <\/span><\/p>\n<h3><span style=\"font-weight: 400;\">Los Cubos de la Memoria: p\u0159\u00edstav a \u201ekostky pam\u011bti\u201c<\/span><\/h3>\n<p><a href=\"https:\/\/maps.app.goo.gl\/MSb8aKSmXeZ54XtG6\"><span style=\"font-weight: 400;\">na map\u011b<\/span><\/a><\/p>\n<p><span style=\"font-weight: 400;\">Jednou z nejikoni\u010dt\u011bj\u0161\u00edch atrakc\u00ed Llanes je p\u0159\u00edstav, kde baskick\u00fd um\u011blec Agust\u00edn Ibarrola prom\u011bnil obrovsk\u00e9 betonov\u00e9 bloky v barevn\u00e1 um\u011bleck\u00e1 d\u00edla. Tyto \u201ekostky pam\u011bti\u201c vytv\u00e1\u0159ej\u00ed jedine\u010dn\u00e9 muzeum pod \u0161ir\u00fdm nebem, kter\u00e9 odr\u00e1\u017e\u00ed sv\u00e9bytn\u00e9 d\u011bjiny Llanes.<\/span><\/p>\n<p><img loading=\"lazy\" decoding=\"async\" class=\"alignnone wp-image-988173 size-full\" src=\"https:\/\/alegria-realestate.com\/wp-content\/uploads\/2025\/11\/cubos_memory_playa_asturias-min.jpg\" alt=\"Kostky pam\u011bti na pob\u0159e\u017e\u00ed v Llanes, Asturie\" width=\"2000\" height=\"1333\" srcset=\"https:\/\/alegria-realestate.com\/wp-content\/uploads\/2025\/11\/cubos_memory_playa_asturias-min.jpg 2000w, https:\/\/alegria-realestate.com\/wp-content\/uploads\/2025\/11\/cubos_memory_playa_asturias-min-300x200.jpg 300w, https:\/\/alegria-realestate.com\/wp-content\/uploads\/2025\/11\/cubos_memory_playa_asturias-min-1024x682.jpg 1024w, https:\/\/alegria-realestate.com\/wp-content\/uploads\/2025\/11\/cubos_memory_playa_asturias-min-768x512.jpg 768w, https:\/\/alegria-realestate.com\/wp-content\/uploads\/2025\/11\/cubos_memory_playa_asturias-min-1536x1024.jpg 1536w\" sizes=\"auto, (max-width: 2000px) 100vw, 2000px\" \/><\/p>\n<h3><span style=\"font-weight: 400;\">Pl\u00e1\u017ee a proch\u00e1zky pod\u00e9l pob\u0159e\u017e\u00ed<\/span><\/h3>\n<p><span style=\"font-weight: 400;\">Kr\u00e1sa pob\u0159e\u017e\u00ed je dal\u0161\u00ed velkou p\u0159ednost\u00ed m\u011bsta a naplno se odhaluje ve v\u00fdb\u011bru pl\u00e1\u017e\u00ed, z nich\u017e ka\u017ed\u00e1 m\u00e1 sv\u016fj osobit\u00fd charakter:<\/span><\/p>\n<h4><span style=\"font-weight: 400;\">Playa de Tor\u00f3<\/span><\/h4>\n<p><a href=\"https:\/\/maps.app.goo.gl\/QGZMjT3AVwySz2zL7\"><span style=\"font-weight: 400%;\">na map\u011b<\/span><\/a><\/p>\n<p><span style=\"font-weight: 400;\">Playa de Tor\u00f3 se nach\u00e1z\u00ed jen p\u00e1r minut ch\u016fze od centra Llanes a nab\u00edz\u00ed p\u016fsobivou kombinaci zlatav\u00e9ho p\u00edsku a dramatick\u00fdch skaln\u00edch \u00fatvar\u016f, kter\u00e9 se ty\u010d\u00ed nad pl\u00e1\u017e\u00ed jako sochy. Obklopen\u00e1 zelen\u00fdmi kopci a \u00fatesy je ide\u00e1ln\u00edm m\u00edstem k odpo\u010dinku, p\u0159i\u010dem\u017e klidn\u00e9 vody jsou skv\u011bl\u00e9 ke koup\u00e1n\u00ed. Pl\u00e1\u017e je ocen\u011bna modrou vlajkou, co\u017e zaru\u010duje \u010distou vodu a dobrou infrastrukturu v\u010detn\u011b parkovi\u0161t\u011b, sprch a pl\u00e1\u017eov\u00e9 kav\u00e1rny. D\u00edky sv\u00e9 poloze je obl\u00edben\u00e1 jak u m\u00edstn\u00edch obyvatel, tak u turist\u016f a d\u00edky \u0161irok\u00e9, otev\u0159en\u00e9 plo\u0161e tu nikdy nen\u00ed p\u0159epln\u011bno.<\/span><\/p>\n<p><img loading=\"lazy\" decoding=\"async\" class=\"alignnone wp-image-988174 size-full\" src=\"https:\/\/alegria-realestate.com\/wp-content\/uploads\/2025\/11\/playa_toro_llanes-min.jpg\" alt=\"Pl\u00e1\u017e Tor\u00f3, Llanes, Asturie\" width=\"2000\" height=\"1334\" srcset=\"https:\/\/alegria-realestate.com\/wp-content\/uploads\/2025\/11\/playa_toro_llanes-min.jpg 2000w, https:\/\/alegria-realestate.com\/wp-content\/uploads\/2025\/11\/playa_toro_llanes-min-300x200.jpg 300w, https:\/\/alegria-realestate.com\/wp-content\/uploads\/2025\/11\/playa_toro_llanes-min-1024x683.jpg 1024w, https:\/\/alegria-realestate.com\/wp-content\/uploads\/2025\/11\/playa_toro_llanes-min-768x512.jpg 768w, https:\/\/alegria-realestate.com\/wp-content\/uploads\/2025\/11\/playa_toro_llanes-min-1536x1025.jpg 1536w\" sizes=\"auto, (max-width: 2000px) 100vw, 2000px\" \/><\/p>\n<h4><span style=\"font-weight: 400;\">Playa de Ballota<\/span><\/h4>\n<p><a href=\"https:\/\/maps.app.goo.gl\/m6NwQLa57VJjt3HV6\"><span style=\"font-weight: 400;\">na map\u011b<\/span><\/a><\/p>\n<p><span style=\"font-weight: 400;\">Playa de Ballota, kter\u00e1 le\u017e\u00ed asi 2 km od Llanes, je skryt\u00fdm pokladem pro ty, kdo hledaj\u00ed klid a malebn\u00e9 v\u00fdhledy. Tato polodivok\u00e1 pl\u00e1\u017e, m\u00e9n\u011b urbanizovan\u00e1 ne\u017e Tor\u00f3, m\u00e1 dlouh\u00fd \u00fasek jemn\u00e9ho p\u00edsku lemovan\u00fd \u00fatesy a bujnou vegetac\u00ed. V d\u00e1lce od pob\u0159e\u017e\u00ed je vid\u011bt legend\u00e1rn\u00ed skalnat\u00fd ostr\u016fvek Castro Ballota (<\/span><i><span style=\"font-weight: 400;\">Islote de Castro Ballota<\/span><\/i><span style=\"font-weight: 400;\">), kter\u00fd dod\u00e1v\u00e1 horizontu dramatick\u00fd r\u00e1z. Ballota je ide\u00e1ln\u00ed pro opalov\u00e1n\u00ed, odpo\u010dinek a fotografov\u00e1n\u00ed a p\u0159i vhodn\u00fdch podm\u00ednk\u00e1ch je obl\u00edben\u00e1 i mezi surfa\u0159i. K pl\u00e1\u017ei vede kr\u00e1tk\u00e1 p\u011b\u0161ina odbo\u010duj\u00edc\u00ed z venkovsk\u00e9 cesty, co\u017e m\u00edstu prop\u016fj\u010duje pocit soukrom\u00ed a p\u0159\u00edrodn\u00edho kouzla.<\/span><\/p>\n<p><img loading=\"lazy\" decoding=\"async\" class=\"alignnone wp-image-988175 size-full\" src=\"https:\/\/alegria-realestate.com\/wp-content\/uploads\/2025\/11\/playa_ballota_llanes-min.jpg\" alt=\"Pl\u00e1\u017e Ballota, Asturie\" width=\"2000\" height=\"1334\" srcset=\"https:\/\/alegria-realestate.com\/wp-content\/uploads\/2025\/11\/playa_ballota_llanes-min.jpg 2000w, https:\/\/alegria-realestate.com\/wp-content\/uploads\/2025\/11\/playa_ballota_llanes-min-300x200.jpg 300w, https:\/\/alegria-realestate.com\/wp-content\/uploads\/2025\/11\/playa_ballota_llanes-min-1024x683.jpg 1024w, https:\/\/alegria-realestate.com\/wp-content\/uploads\/2025\/11\/playa_ballota_llanes-min-768x512.jpg 768w, https:\/\/alegria-realestate.com\/wp-content\/uploads\/2025\/11\/playa_ballota_llanes-min-1536x1025.jpg 1536w\" sizes=\"auto, (max-width: 2000px) 100vw, 2000px\" \/><\/p>\n<h4><span style=\"font-weight: 400;\">Playa de Gulpiyuri<\/span><\/h4>\n<p><a href=\"https:\/\/maps.app.goo.gl\/5bWqXzvcxKHspMtk9\"><span style=\"font-weight: 400;\">na map\u011b<\/span><\/a><\/p>\n<p><span style=\"font-weight: 400;\">Skute\u010dn\u00fd p\u0159\u00edrodn\u00ed z\u00e1zrak \u2013 Playa de Gulpiyuri se nepodob\u00e1 \u017e\u00e1dn\u00e9 jin\u00e9 pl\u00e1\u017ei na sv\u011bt\u011b. Le\u017e\u00ed ve vnitrozem\u00ed, p\u0159ibli\u017en\u011b 100 metr\u016f od pob\u0159e\u017e\u00ed. Tato drobn\u00e1 pl\u00e1\u017e je z\u00e1sobov\u00e1na mo\u0159skou vodou podzemn\u00edmi kan\u00e1ly, kter\u00e9 ji spojuj\u00ed s Kantabersk\u00fdm mo\u0159em. B\u011bhem p\u0159\u00edlivu sem voda proud\u00ed a vytv\u00e1\u0159\u00ed p\u0159irozen\u00fd vnit\u0159n\u00ed baz\u00e9n obklopen\u00fd zelen\u00ed a skalami. Gulpiyuri je vyhl\u00e1\u0161ena p\u0159\u00edrodn\u00ed pam\u00e1tkou a je obl\u00edben\u00fdm c\u00edlem milovn\u00edk\u016f p\u0159\u00edrody i fotograf\u016f. A\u010dkoliv je p\u0159\u00edli\u0161 mal\u00e1 na to, aby se zde str\u00e1vil cel\u00fd den, je to m\u00edsto, kter\u00e9 by m\u011bl nav\u0161t\u00edvit ka\u017ed\u00fd, kdo p\u0159ijede do Llanes, ide\u00e1ln\u011b jako nezapomenutelnou zast\u00e1vku na pob\u0159e\u017en\u00ed stezce Senda Costera (<\/span><i><span style=\"font-weight: 400;\">Senda Costera<\/span><\/i><span style=\"font-weight: 400;\">).<\/span><\/p>\n<p><span style=\"font-weight: 400;\">V\u0161echny tyto pl\u00e1\u017ee odr\u00e1\u017eej\u00ed rozmanitost pob\u0159e\u017e\u00ed Llanes \u2013 od p\u016fsobiv\u00fdch skalnat\u00fdch scen\u00e9ri\u00ed a\u017e po t\u00e9m\u011b\u0159 surrealistick\u00e9 vnit\u0159n\u00ed z\u00e1toky. A\u0165 u\u017e plavete, chod\u00edte po stezk\u00e1ch, surfujete nebo se jen d\u00edv\u00e1te na z\u00e1pad slunce, pl\u00e1\u017ee Llanes v\u00e1m daruj\u00ed chv\u00edle skute\u010dn\u00e9ho kouzla a klidu. <\/span><\/p>\n<h3><span style=\"font-weight: 400;\">P\u0159\u00edrodn\u00ed zaj\u00edmavosti v okol\u00ed<\/span><\/h3>\n<p><span style=\"font-weight: 400%;\">Krom\u011b kr\u00e1sn\u00e9ho pob\u0159e\u017e\u00ed a st\u0159edov\u011bk\u00e9ho kouzla se Llanes nach\u00e1z\u00ed na ide\u00e1ln\u00edm m\u00edst\u011b pro objevov\u00e1n\u00ed dal\u0161\u00edch p\u016fsobiv\u00fdch p\u0159\u00edrodn\u00edch pam\u00e1tek severn\u00edho \u0160pan\u011blska. Dv\u011b m\u00edsta, kter\u00e1 byste si v dosahu od Llanes nem\u011bli nechat uj\u00edt, jsou parky Picos de Europa a Bufones de Pr\u00eda \u2013 ob\u011b nezapomenuteln\u00e1 pro milovn\u00edky p\u0159\u00edrody a dobrodru\u017estv\u00ed.<\/span><\/p>\n<h3><span style=\"font-weight: 400;\">Picos de Europa National Park: n\u00e1rodn\u00ed park Picos de Europa<\/span><\/h3>\n<p><span style=\"font-weight: 400;\">Picos de Europa <\/span><a href=\"https:\/\/maps.app.goo.gl\/HbwsiR2XJrwX2YBW8\"><span style=\"font-weight: 400;\">na map\u011b<\/span><\/a><\/p>\n<p><span style=\"font-weight: 400;\">Jen 30\u201340 minut j\u00edzdy od Llanes se nad zelen\u00fdmi \u00fadol\u00edmi Asturie, Kantabrie a Kastilie a Le\u00f3nu ty\u010d\u00ed jako zubat\u00e1 koruna poho\u0159\u00ed Picos de Europa. Zalo\u017een byl v <\/span><b>roce 1918<\/b><span style=\"font-weight: 400;\"> a stal se prvn\u00edm n\u00e1rodn\u00edm parkem \u0160pan\u011blska. Dodnes pat\u0159\u00ed k t\u011bm nejp\u016fsobiv\u011bj\u0161\u00edm a zab\u00edr\u00e1 t\u00e9m\u011b\u0159 <\/span><b>65 000 hektar\u016f<\/b><span style=\"font-weight: 400;\"> malebn\u00fdch v\u00e1pencov\u00fdch vrchol\u016f, bujn\u00fdch les\u016f, alpinsk\u00fdch luk a hlubok\u00fdch sout\u011bsek.<\/span><\/p>\n<p><img loading=\"lazy\" decoding=\"async\" class=\"alignnone wp-image-988176 size-full\" src=\"https:\/\/alegria-realestate.com\/wp-content\/uploads\/2025\/11\/picos_de_europa_2-min.jpg\" alt=\"P\u0159\u00edrodn\u00ed park Picos de Europa\" width=\"2000\" height=\"1334\" srcset=\"https:\/\/alegria-realestate.com\/wp-content\/uploads\/2025\/11\/picos_de_europa_2-min.jpg 2000w, https:\/\/alegria-realestate.com\/wp-content\/uploads\/2025\/11\/picos_de_europa_2-min-300x200.jpg 300w, https:\/\/alegria-realestate.com\/wp-content\/uploads\/2025\/11\/picos_de_europa_2-min-1024x683.jpg 1024w, https:\/\/alegria-realestate.com\/wp-content\/uploads\/2025\/11\/picos_de_europa_2-min-768x512.jpg 768w, https:\/\/alegria-realestate.com\/wp-content\/uploads\/2025\/11\/picos_de_europa_2-min-1536x1025.jpg 1536w\" sizes=\"auto, (max-width: 2000px) 100vw, 2000px\" \/><\/p>\n<p><b>Pro\u010d toto m\u00edsto nav\u0161t\u00edvit?<\/b><\/p>\n<ul>\n<li style=\"font-weight: 400;\" aria-level=\"1\"><b>Ohromuj\u00edc\u00ed scen\u00e9rie:<\/b><span style=\"font-weight: 400;\"> Krajina je zde neuv\u011b\u0159iteln\u011b pestr\u00e1 \u2013 od z\u00e1vratn\u00fdch v\u00fd\u0161ek vrcholu <\/span><b>Naranjo de Bulnes (Picu Urriellu)<\/b><span style=\"font-weight: 400;\">, legend\u00e1rn\u00edho c\u00edle horolezc\u016f, a\u017e po klidn\u00e9 p\u011b\u0161\u00ed stezky vedouc\u00ed bukov\u00fdmi a dubov\u00fdmi lesy.<\/span><\/li>\n<li style=\"font-weight: 400;\" aria-level=\"1\"><b>P\u011b\u0161\u00ed turistika a aktivn\u00ed odpo\u010dinek: <\/b><span style=\"font-weight: 400%;\">Park nab\u00edz\u00ed trasy pro v\u0161echny \u00farovn\u011b. Jednou z nejzn\u00e1m\u011bj\u0161\u00edch je <\/span><b>Ruta del Cares<\/b> <b>(<\/b><b><i>Ruta del Cares<\/i><\/b><b>)<\/b><span style=\"font-weight: 400;\">, 12kilometrov\u00e1 stezka, kter\u00e1 se vine po st\u011bn\u00e1ch hlubok\u00e9 sout\u011bsky mezi vesnicemi <\/span><b>Ca\u00edn (<\/b><b><i>Ca\u00edn<\/i><\/b><b>)<\/b><span style=\"font-weight: 400;\"> a <\/span><b>Poncebos (<\/b><b><i>Poncebos<\/i><\/b><b>)<\/b><span style=\"font-weight: 400;\">. Toto m\u00edsto se \u010dasto naz\u00fdv\u00e1 <\/span><b>\u201eBo\u017esk\u00e1 sout\u011bska\u201c<\/b><span style=\"font-weight: 400;\"> kv\u016fli t\u00e9m\u011b\u0159 neskute\u010dn\u00fdm v\u00fdhled\u016fm.<\/span><\/li>\n<li style=\"font-weight: 400;\" aria-level=\"1\"><b>Tradi\u010dn\u00ed vesnice:<\/b><span style=\"font-weight: 400;\"> Ur\u010dit\u011b si ud\u011blejte \u010das na n\u00e1v\u0161t\u011bvu p\u016fvabn\u00fdch horsk\u00fdch vesni\u010dek, jako jsou <\/span><b>Sotres (<\/b><b><i>Sotres<\/i><\/b><b>)<\/b><span style=\"font-weight: 400;\">, <\/span><b>Bulnes (<\/b><b><i>Bulnes<\/i><\/b><b>)<\/b><span style=\"font-weight: 400;\"> (dostupn\u00fd pouze p\u011b\u0161ky nebo lanovkou) \u010di <\/span><b>Arenas de Cabrales<\/b> <b>(<\/b><b><i>Arenas de Cabrales<\/i><\/b><b>)<\/b><span style=\"font-weight: 400;\">, zn\u00e1m\u00e1 sv\u00fdm proslul\u00fdm modr\u00fdm s\u00fdrem.<\/span><\/li>\n<li style=\"font-weight: 400;\" aria-level=\"1\"><b>Divok\u00e1 p\u0159\u00edroda:<\/b><span style=\"font-weight: 400;\"> V odlehlej\u0161\u00edch koutech parku m\u016f\u017eete spat\u0159it kantabersk\u00e9 kamz\u00edky, orly skaln\u00ed, supy b\u011blohlav\u00e9 nebo dokonce plach\u00e9ho kantabersk\u00e9ho medv\u011bda hn\u011bd\u00e9ho.<\/span><\/li>\n<\/ul>\n<p><span style=\"font-weight: 400;\">Picos de Europa je ide\u00e1ln\u00ed pro jednodenn\u00ed v\u00fdlety z Llanes, ale i pro del\u0161\u00ed pobyt, pokud si chcete u\u017e\u00edt \u010dist\u00fd horsk\u00fd vzduch, drsnou kr\u00e1su p\u0159\u00edrody a autentick\u00fd venkovsk\u00fd \u017eivot.<\/span><\/p>\n<p><img loading=\"lazy\" decoding=\"async\" class=\"alignnone wp-image-988177 size-full\" src=\"https:\/\/alegria-realestate.com\/wp-content\/uploads\/2025\/11\/picos_de_europa-min.jpg\" alt=\"Jezera Covadonga a Picos de Europa\" width=\"2000\" height=\"1125\" srcset=\"https:\/\/alegria-realestate.com\/wp-content\/uploads\/2025\/11\/picos_de_europa-min.jpg 2000w, https:\/\/alegria-realestate.com\/wp-content\/uploads\/2025\/11\/picos_de_europa-min-300x169.jpg 300w, https:\/\/alegria-realestate.com\/wp-content\/uploads\/2025\/11\/picos_de_europa-min-1024x576.jpg 1024w, https:\/\/alegria-realestate.com\/wp-content\/uploads\/2025\/11\/picos_de_europa-min-768x432.jpg 768w, https:\/\/alegria-realestate.com\/wp-content\/uploads\/2025\/11\/picos_de_europa-min-1536x864.jpg 1536w\" sizes=\"auto, (max-width: 2000px) 100vw, 2000px\" \/><\/p>\n<h3><span style=\"font-weight: 400;\">Parque Bufones de Pr\u00eda: p\u0159\u00edrodn\u00ed park Bufones de Pr\u00eda<\/span><\/h3>\n<p><span style=\"font-weight: 400;\">Bufones de Pr\u00eda <\/span><a href=\"https:\/\/maps.app.goo.gl\/7NC753VVdPsxfhzD9\"><span style=\"font-weight: 400;\">na map\u011b<\/span><\/a><\/p>\n<p><span style=\"font-weight: 400;\">Asi 20 km z\u00e1padn\u011b od Llanes, pobl\u00ed\u017e pob\u0159e\u017en\u00edch vesnic Llames de Pr\u00eda <\/span><b>(<\/b><b><i>Llames de Pr\u00eda<\/i><\/b><b>)<\/b><span style=\"font-weight: 400;\"> a <\/span><b>Pr\u00eda<\/b> <b>(<\/b><b><i>Pr\u00eda<\/i><\/b><b>)<\/b><span style=\"font-weight: 400;\">, se nach\u00e1z\u00ed jeden z nejp\u016fsobiv\u011bj\u0161\u00edch p\u0159\u00edrodn\u00edch \u00fakaz\u016f Asturie \u2013 Bufones de Pr\u00eda. Park tvo\u0159\u00ed p\u0159\u00edrodn\u00ed \u201ev\u00fdfukov\u00e9 otvory\u201c, vznikl\u00e9 tam, kde mo\u0159sk\u00e9 jeskyn\u011b komunikuj\u00ed s povrchem pob\u0159e\u017en\u00edch \u00fates\u016f. Kdy\u017e vlny s dostate\u010dnou silou nar\u00e1\u017eej\u00ed do skal, voda a vzduch jsou pod tlakem vytla\u010dov\u00e1ny t\u011bmito otvory a tryskaj\u00ed a\u017e do v\u00fd\u0161ky 20 metr\u016f, \u010d\u00edm\u017e vytv\u00e1\u0159ej\u00ed hromov\u011b zn\u011bj\u00edc\u00ed mo\u0159sk\u00e9 gejz\u00edry.<\/span><\/p>\n<p><b>Pro\u010d toto m\u00edsto nav\u0161t\u00edvit?<\/b><\/p>\n<ul>\n<li style=\"font-weight: 400;\" aria-level=\"1\"><b>P\u0159\u00edrodn\u00ed pod\u00edvan\u00e1:<\/b><span style=\"font-weight: 400;\"> Za v\u011btrn\u00fdch \u010di bou\u0159liv\u00fdch dn\u016f jsou bufones obzvl\u00e1\u0161\u0165 aktivn\u00ed a zvuky, kter\u00e9 vyd\u00e1vaj\u00ed, p\u0159ipom\u00ednaj\u00ed podzemn\u00ed hrom \u2013 jsou stejn\u011b p\u016fsobiv\u00e9 jako samotn\u00e9 vodn\u00ed sloupy.<\/span><\/li>\n<li style=\"font-weight: 400;\" aria-level=\"1\"><b>Proch\u00e1zky po \u00fatesech:<\/b><span style=\"font-weight: 400;\"> Z okol\u00ed bufones se otev\u00edraj\u00ed \u00fa\u017easn\u00e9 v\u00fdhledy na Kantabersk\u00e9 pob\u0159e\u017e\u00ed. Vedou tudy nen\u00e1ro\u010dn\u00e9 p\u011b\u0161\u00ed trasy po zelen\u00fdch \u00fatesech s v\u00fdhledem na dramaticky zvln\u011bn\u00fd horizont.<\/span><\/li>\n<li style=\"font-weight: 400;\" aria-level=\"1\"><b>Dostupn\u00e9 dobrodru\u017estv\u00ed:<\/b><span style=\"font-weight: 400;\"> Od Llames de Pr\u00eda k \u00fates\u016fm vede kr\u00e1tk\u00e1, malebn\u00e1 stezka, kter\u00e1 je vhodn\u00e1 jak pro rodiny, tak pro samostatn\u00e9 turisty. Je-li mo\u0159e klidn\u00e9, m\u016f\u017eete si naplno vychutnat ticho \u00fates\u016f a luk pokryt\u00fdch lu\u010dn\u00edmi kv\u011btinami. Nejzaj\u00edmav\u011bj\u0161\u00ed je sledovat bufones v akci b\u011bhem p\u0159\u00edlivu a siln\u00e9ho p\u0159\u00edboje, zejm\u00e9na na podzim a v zim\u011b, ale i v l\u00e9t\u011b p\u016fsob\u00ed tato krajina opravdu kouzeln\u011b.<\/span><\/li>\n<\/ul>\n<p><span style=\"font-weight: 400;\">Celkov\u011b vzato \u2013 Picos de Europa p\u0159edstavuje vysok\u00e9 vrcholy, hlubok\u00e9 sout\u011bsky, divokou p\u0159\u00edrodu a poutav\u00e9 t\u00fary. Bufones de Pr\u00eda zase vytv\u00e1\u0159\u00ed jedine\u010dn\u011b dramatickou atmosf\u00e9ru d\u00edky zvuk\u016fm divok\u00e9ho astursk\u00e9ho pob\u0159e\u017e\u00ed a jeho mo\u0159sk\u00fdm gejz\u00edr\u016fm, utv\u00e1\u0159en\u00fdm samotnou p\u0159\u00edrodou.<\/span><\/p>\n<p><span style=\"font-weight: 400;\">Ob\u011b tato m\u00edsta jsou nepostradateln\u00fdmi body ka\u017ed\u00e9 cesty do Llanes a d\u011blaj\u00ed z tohoto regionu opravdov\u00fd r\u00e1j pro ty, kdo tou\u017e\u00ed po dobrodru\u017estv\u00ed uprost\u0159ed mo\u0159sk\u00e9 a horsk\u00e9 krajiny. <\/span><\/p>\n<h2 id=\"real-estate-llanes\"><span style=\"font-weight: 400;\">Nemovitosti v Llanes<\/span><\/h2>\n<p><span style=\"font-weight: 400;\">Llanes p\u0159itahuje st\u00e1le v\u00edce z\u00e1jemc\u016f, kte\u0159\u00ed hledaj\u00ed pr\u00e1zdninov\u00fd d\u016fm nebo klidn\u00e9 m\u00edsto k trval\u00e9mu bydlen\u00ed \u2013 a k tomu je hned n\u011bkolik dobr\u00fdch d\u016fvod\u016f:<\/span><\/p>\n<h3><span style=\"font-weight: 400;\">Dostupnost a rozmanitost<\/span><\/h3>\n<p><span style=\"font-weight: 400;\">Ve srovn\u00e1n\u00ed s pob\u0159e\u017en\u00edmi oblastmi na jihu \u0160pan\u011blska nebo na Bale\u00e1rsk\u00fdch ostrovech z\u016fst\u00e1vaj\u00ed nemovitosti v Llanes relativn\u011b dostupn\u00e9, zat\u00edmco jejich tr\u017en\u00ed hodnota stabiln\u011b roste. Pr\u016fm\u011brn\u00e1 cena nemovitost\u00ed v sou\u010dasnosti \u010din\u00ed p\u0159ibli\u017en\u011b <\/span><b>2 099 \u20ac\/m\u00b2<\/b><span style=\"font-weight: 400;\"> a popt\u00e1vka nad\u00e1le roste d\u00edky turismu, \u201eomlazen\u00ed\u201c v\u011bkov\u00e9ho slo\u017een\u00ed venkova a migraci obyvatel z jin\u00fdch zem\u00ed a region\u016f.<\/span><\/p>\n<p><span style=\"font-weight: 400;\">Ceny se li\u0161\u00ed podle oblasti a nab\u00edzej\u00ed mo\u017enosti pro r\u016fzn\u00e9 rozpo\u010dty a preference:<\/span><\/p>\n<ul>\n<li style=\"font-weight: 400;\" aria-level=\"1\"><span style=\"font-weight: 400;\">Celorio &#8211; Po\u00f3 &#8211; Parres: <\/span><b>2 242 \u20ac\/m\u00b2<\/b><span style=\"font-weight: 400;\"> (+9,5 % ro\u010dn\u011b);<\/span><\/li>\n<li style=\"font-weight: 400;\" aria-level=\"1\"><span style=\"font-weight: 400;\">Central Llanes (centr\u00e1ln\u00ed oblast): <\/span><b>2 930 \u20ac\/m\u00b2<\/b><span style=\"font-weight: 400;\"> (+11,1 %);<\/span><\/li>\n<li style=\"font-weight: 400;\" aria-level=\"1\"><span style=\"font-weight: 400%;\">Posada &#8211; Barro: <\/span><b>2 042 \u20ac\/m\u00b2<\/b><span style=\"font-weight: 400;\"> (+21,5 %);<\/span><\/li>\n<li style=\"font-weight: 400;\" aria-level=\"1\"><span style=\"font-weight: 400%;\">Pr\u00eda &#8211; Nueva &#8211; Hontoria &#8211; Naves: <\/span><b>1 778 \u20ac\/m\u00b2<\/b><span style=\"font-weight: 400;\"> (+7,1 %);<\/span><\/li>\n<li style=\"font-weight: 400;\" aria-level=\"1\"><span style=\"font-weight: 400;\">Viba\u00f1u &#8211; Ardisana &#8211; Caldue\u00f1o: <\/span><b>1 049 \u20ac\/m\u00b2<\/b><span style=\"font-weight: 400;\"> (+21,5 %).<\/span><\/li>\n<\/ul>\n<p><span style=\"font-weight: 400;\">Takto \u0161irok\u00e9 cenov\u00e9 rozp\u011bt\u00ed d\u011bl\u00e1 z Llanes ide\u00e1ln\u00ed m\u00edsto bez ohledu na to, zda hled\u00e1te byt u pl\u00e1\u017ee, starobyl\u00fd kamenn\u00fd d\u016fm, nebo venkovsk\u00e9 s\u00eddlo s investi\u010dn\u00edm potenci\u00e1lem.<\/span><\/p>\n<h3><span style=\"font-weight: 400;\">Vysok\u00e1 kvalita \u017eivota<\/span><\/h3>\n<p><span style=\"font-weight: 400;\">\u010cist\u00fd vzduch, mno\u017estv\u00ed zelen\u011b, n\u00edzk\u00e1 kriminalita a siln\u00e1 soudr\u017enost komunity d\u011blaj\u00ed z Llanes ide\u00e1ln\u00ed m\u00edsto pro rodiny, d\u016fchodce i vzd\u00e1len\u011b pracuj\u00edc\u00ed, kte\u0159\u00ed usiluj\u00ed o zdrav\u00fd \u017eivotn\u00ed styl a p\u0159\u00edjemn\u00e9 prost\u0159ed\u00ed.<\/span><\/p>\n<h3><span style=\"font-weight: 400;\">Investi\u010dn\u00ed potenci\u00e1l<\/span><\/h3>\n<p><span style=\"font-weight: 400;\">R\u016fst cen v meziro\u010dn\u00edm srovn\u00e1n\u00ed, zejm\u00e9na v oblastech jako <\/span><b>Posada &#8211; Barro (+21,5 %)<\/b><span style=\"font-weight: 400;\"> a <\/span><b>Viba\u00f1u &#8211; Ardisana &#8211; Caldue\u00f1o (+21,5 %)<\/b><span style=\"font-weight: 400;\">, sv\u011bd\u010d\u00ed o dynamick\u00e9m trhu s velk\u00fdm potenci\u00e1lem dal\u0161\u00edho r\u016fstu. To je obzvl\u00e1\u0161\u0165 zaj\u00edmav\u00e9 pro investory, kte\u0159\u00ed zva\u017euj\u00ed kr\u00e1tkodob\u00fd pron\u00e1jem rekrea\u010dn\u00edch nemovitost\u00ed, rozvoj venkovsk\u00e9ho turismu nebo koupi butikov\u00fdch objekt\u016f.<\/span><\/p>\n<h3><span style=\"font-weight: 400;\">Kulturn\u00ed a p\u0159\u00edrodn\u00ed rozmanitost<\/span><\/h3>\n<p><span style=\"font-weight: 400;\">Od turistick\u00fdch tras mezin\u00e1rodn\u00ed \u00farovn\u011b a surfov\u00e1n\u00ed a\u017e po m\u00edstn\u00ed slavnosti, jako jsou <\/span><b><i>La Magdalena<\/i><\/b><span style=\"font-weight: 400;\"> nebo <\/span><b><i>Fiesta de Santa Ana<\/i><\/b><span style=\"font-weight: 400;\">, nab\u00edz\u00ed Llanes bohat\u00fd, ale nen\u00e1ro\u010dn\u00fd \u017eivotn\u00ed styl zalo\u017een\u00fd na star\u00fdch tradic\u00edch, p\u0159itom v\u0161ak otev\u0159en\u00fd nov\u00fdm vliv\u016fm z cel\u00e9ho sv\u011bta. <\/span><\/p>\n<h2 id=\"conclusion-llanes\"><span style=\"font-weight: 400;\">Z\u00e1v\u011brem o m\u011bst\u011b Llanes:<\/span><\/h2>\n<p><span style=\"font-weight: 400;\">A\u0165 u\u017e chcete m\u011bsto nav\u0161t\u00edvit jako turista, nebo se v n\u011bm usadit, Llanes pat\u0159\u00ed k t\u011bm vz\u00e1cn\u00fdm m\u00edst\u016fm, kter\u00e1 p\u016fsob\u00ed jako zahalen\u00e1 tajemstv\u00edm, je\u017e s radost\u00ed postupn\u011b objevujete. D\u00edky divok\u00e9mu pob\u0159e\u017e\u00ed, m\u00edrn\u00e9mu klimatu, stalet\u00e9 historii a p\u0159\u00edv\u011btiv\u00e9mu kouzlu nab\u00edz\u00ed toto astursk\u00e9 m\u011bste\u010dko kvalitu \u017eivota, kterou je t\u011b\u017ek\u00e9 p\u0159ekonat. Nen\u00ed to jen m\u00edsto, kam se vyprav\u00edte \u2013 je to m\u00edsto, kde chcete z\u016fstat!<\/span><\/p>\n<p><span style=\"font-weight: 400;\">Chcete si vybrat nemovitost v Llanes pro \u017eivot nebo rekreaci? Seznamte se s <\/span><a href=\"https:\/\/alegria-realestate.com\/cs\/sale\/asturias\"><span style=\"font-weight: 400;\">na\u0161\u00edm katalogem<\/span><\/a><span style=\"font-weight: 400%;\"> a domluvte si konzultaci, abyste na\u0161li sv\u016fj ide\u00e1ln\u00ed d\u016fm v Asturii. <\/span><\/p>","protected":false},"excerpt":{"rendered":"<p>Obsah: Kde se nach\u00e1z\u00ed Llanes? Klima a po\u010das\u00ed v\u2026<\/p>\n","protected":false},"author":34,"featured_media":988171,"comment_status":"closed","ping_status":"closed","sticky":false,"template":"","format":"standard","meta":{"footnotes":""},"categories":[1,747],"tags":[],"class_list":["post-988169","post","type-post","status-publish","format-standard","has-post-thumbnail","hentry","category-articles","category-city-of-spain"],"yoast_head":"<!-- This site is optimized with the Yoast SEO plugin v27.5 - https:\/\/yoast.com\/product\/yoast-seo-wordpress\/ -->\n<title>Llanes v Asturii<\/title>\n<meta name=\"description\" content=\"Llanes na Zelen\u00e9m pob\u0159e\u017e\u00ed \u0160pan\u011blska: historick\u00e9 centrum s n\u00e1mo\u0159n\u00edmi hradbami, z\u00e1toky a pl\u00e1\u017ee, \u201eKostky pam\u011bti\u201c, bufones de Pr\u00eda (mo\u0159sk\u00e9 v\u00fdv\u011bry), ciderov\u00e1 gastronomie a bl\u00edzkost Picos de Europa i tras Camino.\" \/>\n<meta name=\"robots\" content=\"index, follow, max-snippet:-1, max-image-preview:large, max-video-preview:-1\" \/>\n<link rel=\"canonical\" href=\"https:\/\/alegria-realestate.com\/cs\/wp-json\/wp\/v2\/posts\/988169\" \/>\n<meta property=\"og:locale\" content=\"cs_CZ\" \/>\n<meta property=\"og:type\" content=\"article\" \/>\n<meta property=\"og:title\" content=\"Llanes v Asturii\" \/>\n<meta property=\"og:description\" content=\"Llanes na Zelen\u00e9m pob\u0159e\u017e\u00ed \u0160pan\u011blska: historick\u00e9 centrum s n\u00e1mo\u0159n\u00edmi hradbami, z\u00e1toky a pl\u00e1\u017ee, \u201eKostky pam\u011bti\u201c, bufones de Pr\u00eda (mo\u0159sk\u00e9 v\u00fdv\u011bry), ciderov\u00e1 gastronomie a bl\u00edzkost Picos de Europa i tras Camino.\" \/>\n<meta property=\"og:url\" content=\"https:\/\/alegria-realestate.com\/cs\/wp-json\/wp\/v2\/posts\/988169\" \/>\n<meta property=\"og:site_name\" content=\"Nemovitosti ve \u0160pan\u011blsku\" \/>\n<meta property=\"article:publisher\" content=\"https:\/\/www.facebook.com\/realestate.alegria\" \/>\n<meta property=\"article:published_time\" content=\"2025-11-21T18:45:35+00:00\" \/>\n<meta property=\"article:modified_time\" content=\"2025-11-24T18:46:29+00:00\" \/>\n<meta property=\"og:image\" content=\"https:\/\/alegria-realestate.com\/wp-content\/uploads\/2025\/11\/llanes_asturias_1-min.jpg\" \/>\n\t<meta property=\"og:image:width\" content=\"2000\" \/>\n\t<meta property=\"og:image:height\" content=\"1333\" \/>\n\t<meta property=\"og:image:type\" content=\"image\/jpeg\" \/>\n<meta name=\"author\" content=\"Irina\" \/>\n<meta name=\"twitter:card\" content=\"summary_large_image\" \/>\n<meta name=\"twitter:creator\" content=\"@alegriarealesta\" \/>\n<meta name=\"twitter:site\" content=\"@alegriarealesta\" \/>\n<script type=\"application\/ld+json\" class=\"yoast-schema-graph\">{\"@context\":\"https:\\\/\\\/schema.org\",\"@graph\":[{\"@type\":\"Article\",\"@id\":\"https:\\\/\\\/alegria-realestate.com\\\/articles\\\/city-of-llanes-asturias#article\",\"isPartOf\":{\"@id\":\"https:\\\/\\\/alegria-realestate.com\\\/articles\\\/city-of-llanes-asturias\"},\"author\":{\"name\":\"Irina\",\"@id\":\"https:\\\/\\\/alegria-realestate.com\\\/#\\\/schema\\\/person\\\/d5f65cbf5d490b626f10bef994e91bde\"},\"headline\":\"M\u011bsto Llanes v Asturii\",\"datePublished\":\"2025-11-21T18:45:35+00:00\",\"dateModified\":\"2025-11-24T18:46:29+00:00\",\"mainEntityOfPage\":{\"@id\":\"https:\\\/\\\/alegria-realestate.com\\\/articles\\\/city-of-llanes-asturias\"},\"wordCount\":30706,\"publisher\":{\"@id\":\"https:\\\/\\\/alegria-realestate.com\\\/#organization\"},\"image\":{\"@id\":\"https:\\\/\\\/alegria-realestate.com\\\/articles\\\/city-of-llanes-asturias#primaryimage\"},\"thumbnailUrl\":\"https:\\\/\\\/alegria-realestate.com\\\/wp-content\\\/uploads\\\/2025\\\/11\\\/llanes_asturias_1-min.jpg\",\"articleSection\":[\"Blog\",\"M\u011bsta ve \u0160pan\u011blsku\"],\"inLanguage\":\"cs\"},{\"@type\":\"WebPage\",\"@id\":\"https:\\\/\\\/alegria-realestate.com\\\/cs\\\/articles\\\/city-of-llanes-asturias\",\"url\":\"https:\\\/\\\/alegria-realestate.com\\\/cs\\\/articles\\\/city-of-llanes-asturias\",\"name\":\"Llanes v Asturii\",\"isPartOf\":{\"@id\":\"https:\\\/\\\/alegria-realestate.com\\\/cs\\\/#website\"},\"primaryImageOfPage\":{\"@id\":\"https:\\\/\\\/alegria-realestate.com\\\/cs\\\/articles\\\/city-of-llanes-asturias#primaryimage\"},\"image\":{\"@id\":\"https:\\\/\\\/alegria-realestate.com\\\/articles\\\/city-of-llanes-asturias#primaryimage\"},\"thumbnailUrl\":\"https:\\\/\\\/alegria-realestate.com\\\/wp-content\\\/uploads\\\/2025\\\/11\\\/llanes_asturias_1-min.jpg\",\"datePublished\":\"2025-11-21T18:45:35+00:00\",\"dateModified\":\"2025-11-24T18:46:29+00:00\",\"description\":\"Llanes na Zelen\u00e9m pob\u0159e\u017e\u00ed \u0160pan\u011blska: historick\u00e9 centrum s n\u00e1mo\u0159n\u00edmi hradbami, z\u00e1toky a pl\u00e1\u017ee, \u201eKostky pam\u011bti\u201c, bufones de Pr\u00eda (mo\u0159sk\u00e9 v\u00fdv\u011bry), ciderov\u00e1 gastronomie a bl\u00edzkost Picos de Europa i tras Camino.\",\"breadcrumb\":{\"@id\":\"https:\\\/\\\/alegria-realestate.com\\\/cs\\\/articles\\\/city-of-llanes-asturias#breadcrumb\"},\"inLanguage\":\"cs\",\"potentialAction\":[{\"@type\":\"ReadAction\",\"target\":[[\"https:\\\/\\\/alegria-realestate.com\\\/cs\\\/articles\\\/city-of-llanes-asturias\"]]}]},{\"@type\":\"ImageObject\",\"inLanguage\":\"cs\",\"@id\":\"https:\\\/\\\/alegria-realestate.com\\\/cs\\\/articles\\\/city-of-llanes-asturias#primaryimage\",\"url\":\"https:\\\/\\\/alegria-realestate.com\\\/wp-content\\\/uploads\\\/2025\\\/11\\\/llanes_asturias_1-min.jpg\",\"contentUrl\":\"https:\\\/\\\/alegria-realestate.com\\\/wp-content\\\/uploads\\\/2025\\\/11\\\/llanes_asturias_1-min.jpg\",\"width\":2000,\"height\":1333,\"caption\":\"\u0412\u0438\u0434 \u043d\u0430 \u043f\u043e\u0440\u0442 \u0438 \u0433\u043e\u0440\u043e\u0434 \u041b\u044c\u044f\u043d\u0435\u0441 \u0432 \u0410\u0441\u0442\u0443\u0440\u0438\u0438\"},{\"@type\":\"BreadcrumbList\",\"@id\":\"https:\\\/\\\/alegria-realestate.com\\\/cs\\\/articles\\\/city-of-llanes-asturias#breadcrumb\",\"itemListElement\":[{\"@type\":\"ListItem\",\"position\":1,\"name\":\"\u0413\u043b\u0430\u0432\u043d\u0430\u044f \u0441\u0442\u0440\u0430\u043d\u0438\u0446\u0430\",\"item\":\"https:\\\/\\\/alegria-realestate.com\\\/cs\\\/\"},{\"@type\":\"ListItem\",\"position\":2,\"name\":\"\u0413\u043e\u0440\u043e\u0434 \u041b\u044c\u044f\u043d\u0435\u0441 \u0432 \u0410\u0441\u0442\u0443\u0440\u0438\u0438\"}]},{\"@type\":\"WebSite\",\"@id\":\"https:\\\/\\\/alegria-realestate.com\\\/cs\\\/#website\",\"url\":\"https:\\\/\\\/alegria-realestate.com\\\/cs\\\/\",\"name\":\"Nemovitosti ve \u0160pan\u011blsku\",\"description\":\"Nemovitosti ve \u0160pan\u011blsku: prodej ve v\u0161ech m\u011bstech \u2013 Torrevieja, Alicante, Benidorm a dal\u0161\u00ed. Pom\u016f\u017eeme v\u00e1m s koup\u00ed nemovitosti na Costa Blanca \u2013 secondhandov\u00e9 bydlen\u00ed i novostavby. Kompletn\u00ed vy\u0159\u00edzen\u00ed na kl\u00ed\u010d. Nemovitosti na Costa Blanca od 80 000 \u20ac.\",\"publisher\":{\"@id\":\"https:\\\/\\\/alegria-realestate.com\\\/cs\\\/#organization\"},\"potentialAction\":[{\"@type\":\"SearchAction\",\"target\":{\"@type\":\"EntryPoint\",\"urlTemplate\":\"https:\\\/\\\/alegria-realestate.com\\\/cs\\\/?s={search_term_string}\"},\"query-input\":{\"@type\":\"PropertyValueSpecification\",\"valueRequired\":true,\"valueName\":\"search_term_string\"}}],\"inLanguage\":\"cs\"},{\"@type\":\"Organization\",\"@id\":\"https:\\\/\\\/alegria-realestate.com\\\/cs\\\/#organization\",\"name\":\"Alegria Realestate\",\"url\":\"https:\\\/\\\/alegria-realestate.com\\\/cs\\\/\",\"logo\":{\"@type\":\"ImageObject\",\"inLanguage\":\"cs\",\"@id\":\"https:\\\/\\\/alegria-realestate.com\\\/cs\\\/#\\\/schema\\\/logo\\\/image\\\/\",\"url\":\"https:\\\/\\\/alegria-realestate.com\\\/wp-content\\\/uploads\\\/2019\\\/08\\\/logo_alegria.png\",\"contentUrl\":\"https:\\\/\\\/alegria-realestate.com\\\/wp-content\\\/uploads\\\/2019\\\/08\\\/logo_alegria.png\",\"width\":1600,\"height\":1403,\"caption\":\"Alegria Realestate\"},\"image\":{\"@id\":\"https:\\\/\\\/alegria-realestate.com\\\/cs\\\/#\\\/schema\\\/logo\\\/image\\\/\"},\"sameAs\":[\"https:\\\/\\\/www.facebook.com\\\/realestate.alegria\",\"https:\\\/\\\/x.com\\\/alegriarealesta\",\"https:\\\/\\\/www.instagram.com\\\/alegriadom\\\/\",\"https:\\\/\\\/www.linkedin.com\\\/profile\\\/view?id=154965227\",\"https:\\\/\\\/www.youtube.com\\\/user\\\/AlegriaRealEstate\"]},{\"@type\":\"Person\",\"@id\":\"https:\\\/\\\/alegria-realestate.com\\\/#\\\/schema\\\/person\\\/d5f65cbf5d490b626f10bef994e91bde\",\"name\":\"Irina\"}]}<\/script>\n<!-- \/ Yoast SEO plugin. -->","yoast_head_json":{"title":"Llanes v Asturii","description":"Llanes na Zelen\u00e9m pob\u0159e\u017e\u00ed \u0160pan\u011blska: historick\u00e9 centrum s n\u00e1mo\u0159n\u00edmi hradbami, z\u00e1toky a pl\u00e1\u017ee, \u201eKostky pam\u011bti\u201c, bufones de Pr\u00eda (mo\u0159sk\u00e9 v\u00fdv\u011bry), ciderov\u00e1 gastronomie a bl\u00edzkost Picos de Europa i tras Camino.","robots":{"index":"index","follow":"follow","max-snippet":"max-snippet:-1","max-image-preview":"max-image-preview:large","max-video-preview":"max-video-preview:-1"},"canonical":"https:\/\/alegria-realestate.com\/cs\/wp-json\/wp\/v2\/posts\/988169","og_locale":"cs_CZ","og_type":"article","og_title":"Llanes v Asturii","og_description":"Llanes na Zelen\u00e9m pob\u0159e\u017e\u00ed \u0160pan\u011blska: historick\u00e9 centrum s n\u00e1mo\u0159n\u00edmi hradbami, z\u00e1toky a pl\u00e1\u017ee, \u201eKostky pam\u011bti\u201c, bufones de Pr\u00eda (mo\u0159sk\u00e9 v\u00fdv\u011bry), ciderov\u00e1 gastronomie a bl\u00edzkost Picos de Europa i tras Camino.","og_url":"https:\/\/alegria-realestate.com\/cs\/wp-json\/wp\/v2\/posts\/988169","og_site_name":"Nemovitosti ve \u0160pan\u011blsku","article_publisher":"https:\/\/www.facebook.com\/realestate.alegria","article_published_time":"2025-11-21T18:45:35+00:00","article_modified_time":"2025-11-24T18:46:29+00:00","og_image":[{"width":2000,"height":1333,"url":"https:\/\/alegria-realestate.com\/wp-content\/uploads\/2025\/11\/llanes_asturias_1-min.jpg","type":"image\/jpeg"}],"author":"Irina","twitter_card":"summary_large_image","twitter_creator":"@alegriarealesta","twitter_site":"@alegriarealesta","schema":{"@context":"https:\/\/schema.org","@graph":[{"@type":"Article","@id":"https:\/\/alegria-realestate.com\/articles\/city-of-llanes-asturias#article","isPartOf":{"@id":"https:\/\/alegria-realestate.com\/articles\/city-of-llanes-asturias"},"author":{"name":"Irina","@id":"https:\/\/alegria-realestate.com\/#\/schema\/person\/d5f65cbf5d490b626f10bef994e91bde"},"headline":"M\u011bsto Llanes v Asturii","datePublished":"2025-11-21T18:45:35+00:00","dateModified":"2025-11-24T18:46:29+00:00","mainEntityOfPage":{"@id":"https:\/\/alegria-realestate.com\/articles\/city-of-llanes-asturias"},"wordCount":30706,"publisher":{"@id":"https:\/\/alegria-realestate.com\/#organization"},"image":{"@id":"https:\/\/alegria-realestate.com\/articles\/city-of-llanes-asturias#primaryimage"},"thumbnailUrl":"https:\/\/alegria-realestate.com\/wp-content\/uploads\/2025\/11\/llanes_asturias_1-min.jpg","articleSection":["Blog","M\u011bsta ve \u0160pan\u011blsku"],"inLanguage":"cs"},{"@type":"WebPage","@id":"https:\/\/alegria-realestate.com\/cs\/articles\/city-of-llanes-asturias","url":"https:\/\/alegria-realestate.com\/cs\/articles\/city-of-llanes-asturias","name":"Llanes v Asturii","isPartOf":{"@id":"https:\/\/alegria-realestate.com\/cs\/#website"},"primaryImageOfPage":{"@id":"https:\/\/alegria-realestate.com\/cs\/articles\/city-of-llanes-asturias#primaryimage"},"image":{"@id":"https:\/\/alegria-realestate.com\/articles\/city-of-llanes-asturias#primaryimage"},"thumbnailUrl":"https:\/\/alegria-realestate.com\/wp-content\/uploads\/2025\/11\/llanes_asturias_1-min.jpg","datePublished":"2025-11-21T18:45:35+00:00","dateModified":"2025-11-24T18:46:29+00:00","description":"Llanes na Zelen\u00e9m pob\u0159e\u017e\u00ed \u0160pan\u011blska: historick\u00e9 centrum s n\u00e1mo\u0159n\u00edmi hradbami, z\u00e1toky a pl\u00e1\u017ee, \u201eKostky pam\u011bti\u201c, bufones de Pr\u00eda (mo\u0159sk\u00e9 v\u00fdv\u011bry), ciderov\u00e1 gastronomie a bl\u00edzkost Picos de Europa i tras Camino.","breadcrumb":{"@id":"https:\/\/alegria-realestate.com\/cs\/articles\/city-of-llanes-asturias#breadcrumb"},"inLanguage":"cs","potentialAction":[{"@type":"ReadAction","target":[["https:\/\/alegria-realestate.com\/cs\/articles\/city-of-llanes-asturias"]]}]},{"@type":"ImageObject","inLanguage":"cs","@id":"https:\/\/alegria-realestate.com\/cs\/articles\/city-of-llanes-asturias#primaryimage","url":"https:\/\/alegria-realestate.com\/wp-content\/uploads\/2025\/11\/llanes_asturias_1-min.jpg","contentUrl":"https:\/\/alegria-realestate.com\/wp-content\/uploads\/2025\/11\/llanes_asturias_1-min.jpg","width":2000,"height":1333,"caption":"\u0412\u0438\u0434 \u043d\u0430 \u043f\u043e\u0440\u0442 \u0438 \u0433\u043e\u0440\u043e\u0434 \u041b\u044c\u044f\u043d\u0435\u0441 \u0432 \u0410\u0441\u0442\u0443\u0440\u0438\u0438"},{"@type":"BreadcrumbList","@id":"https:\/\/alegria-realestate.com\/cs\/articles\/city-of-llanes-asturias#breadcrumb","itemListElement":[{"@type":"ListItem","position":1,"name":"\u0413\u043b\u0430\u0432\u043d\u0430\u044f \u0441\u0442\u0440\u0430\u043d\u0438\u0446\u0430","item":"https:\/\/alegria-realestate.com\/cs\/"},{"@type":"ListItem","position":2,"name":"\u0413\u043e\u0440\u043e\u0434 \u041b\u044c\u044f\u043d\u0435\u0441 \u0432 \u0410\u0441\u0442\u0443\u0440\u0438\u0438"}]},{"@type":"WebSite","@id":"https:\/\/alegria-realestate.com\/cs\/#website","url":"https:\/\/alegria-realestate.com\/cs\/","name":"Nemovitosti ve \u0160pan\u011blsku","description":"Nemovitosti ve \u0160pan\u011blsku: prodej ve v\u0161ech m\u011bstech \u2013 Torrevieja, Alicante, Benidorm a dal\u0161\u00ed. Pom\u016f\u017eeme v\u00e1m s koup\u00ed nemovitosti na Costa Blanca \u2013 secondhandov\u00e9 bydlen\u00ed i novostavby. Kompletn\u00ed vy\u0159\u00edzen\u00ed na kl\u00ed\u010d. Nemovitosti na Costa Blanca od 80 000 \u20ac.","publisher":{"@id":"https:\/\/alegria-realestate.com\/cs\/#organization"},"potentialAction":[{"@type":"SearchAction","target":{"@type":"EntryPoint","urlTemplate":"https:\/\/alegria-realestate.com\/cs\/?s={search_term_string}"},"query-input":{"@type":"PropertyValueSpecification","valueRequired":true,"valueName":"search_term_string"}}],"inLanguage":"cs"},{"@type":"Organization","@id":"https:\/\/alegria-realestate.com\/cs\/#organization","name":"Alegria Realestate","url":"https:\/\/alegria-realestate.com\/cs\/","logo":{"@type":"ImageObject","inLanguage":"cs","@id":"https:\/\/alegria-realestate.com\/cs\/#\/schema\/logo\/image\/","url":"https:\/\/alegria-realestate.com\/wp-content\/uploads\/2019\/08\/logo_alegria.png","contentUrl":"https:\/\/alegria-realestate.com\/wp-content\/uploads\/2019\/08\/logo_alegria.png","width":1600,"height":1403,"caption":"Alegria Realestate"},"image":{"@id":"https:\/\/alegria-realestate.com\/cs\/#\/schema\/logo\/image\/"},"sameAs":["https:\/\/www.facebook.com\/realestate.alegria","https:\/\/x.com\/alegriarealesta","https:\/\/www.instagram.com\/alegriadom\/","https:\/\/www.linkedin.com\/profile\/view?id=154965227","https:\/\/www.youtube.com\/user\/AlegriaRealEstate"]},{"@type":"Person","@id":"https:\/\/alegria-realestate.com\/#\/schema\/person\/d5f65cbf5d490b626f10bef994e91bde","name":"Irina"}]}},"_links":{"self":[{"href":"https:\/\/alegria-realestate.com\/cs\/wp-json\/wp\/v2\/posts\/988169","targetHints":{"allow":["GET"]}}],"collection":[{"href":"https:\/\/alegria-realestate.com\/cs\/wp-json\/wp\/v2\/posts"}],"about":[{"href":"https:\/\/alegria-realestate.com\/cs\/wp-json\/wp\/v2\/types\/post"}],"author":[{"embeddable":true,"href":"https:\/\/alegria-realestate.com\/cs\/wp-json\/wp\/v2\/users\/34"}],"replies":[{"embeddable":true,"href":"https:\/\/alegria-realestate.com\/cs\/wp-json\/wp\/v2\/comments?post=988169"}],"version-history":[{"count":4,"href":"https:\/\/alegria-realestate.com\/cs\/wp-json\/wp\/v2\/posts\/988169\/revisions"}],"predecessor-version":[{"id":990058,"href":"https:\/\/alegria-realestate.com\/cs\/wp-json\/wp\/v2\/posts\/988169\/revisions\/990058"}],"wp:featuredmedia":[{"embeddable":true,"href":"https:\/\/alegria-realestate.com\/cs\/wp-json\/wp\/v2\/media\/988171"}],"wp:attachment":[{"href":"https:\/\/alegria-realestate.com\/cs\/wp-json\/wp\/v2\/media?parent=988169"}],"wp:term":[{"taxonomy":"category","embeddable":true,"href":"https:\/\/alegria-realestate.com\/cs\/wp-json\/wp\/v2\/categories?post=988169"},{"taxonomy":"post_tag","embeddable":true,"href":"https:\/\/alegria-realestate.com\/cs\/wp-json\/wp\/v2\/tags?post=988169"}],"curies":[{"name":"wp","href":"https:\/\/api.w.org\/{rel}","templated":true}]}}