{"id":1289814,"date":"2026-03-26T18:16:33","date_gmt":"2026-03-26T15:16:33","guid":{"rendered":"https:\/\/alegria-realestate.com\/?p=1289814"},"modified":"2026-03-26T18:42:56","modified_gmt":"2026-03-26T15:42:56","slug":"weekend-guide-costa-blanca-for-27-29-march","status":"publish","type":"post","link":"https:\/\/alegria-realestate.com\/de\/articles\/life-in-spain\/weekend-guide-costa-blanca-for-27-29-march","title":{"rendered":"Wochenendpl\u00e4ne: Veranstaltungskalender f\u00fcr den 27.\u201329. M\u00e4rz in Torrevieja und Umgebung"},"content":{"rendered":"<p><span style=\"font-weight: 400;\">Ein \u00dcberblick dar\u00fcber, was Bewohner und G\u00e4ste von Torrevieja sowie der nahegelegenen Ortschaften der Provinz Alicante am Ende dieser Woche Interessantes erwartet.<\/span><\/p>\n<h2><span style=\"font-weight: 400;\">26. M\u00c4RZ. Kom\u00f6die \u201eHinter den Kulissen\u201c<\/span><\/h2>\n<p><span style=\"font-weight: 400;\">Das experimentelle Theater El Faro, gelegen in Torrevieja in der Calle Antonio Ruiz Coves 6, l\u00e4dt zur Kom\u00f6die \u201eHinter den Kulissen\u201c ein. Erz\u00e4hlt wird, was auf der anderen Seite der B\u00fchne geschieht: der Alltag der Schauspieler, die Sorgen der Regisseure und die Dramen der Proben \u2013 so, wie sie wirklich sind. Lebensnahe Dialoge, starke Figuren und ein ungesch\u00f6nter Blick auf das Theaterleben machen die Auff\u00fchrung spannend und dynamisch.<\/span><\/p>\n<ul>\n<li style=\"font-weight: 400;\" aria-level=\"1\"><span style=\"font-weight: 400;\">Beginn um 19:30 Uhr; die Eintrittskarten, die auf der Website<\/span><a href=\"http:\/\/www.teatroelfaro.es\/\"><span style=\"font-weight: 400;\"> www.teatroelfaro.es<\/span><\/a><span style=\"font-weight: 400;\"> reserviert werden k\u00f6nnen, kosten 20, 25 und 50 Euro.<\/span><\/li>\n<\/ul>\n<h2><span style=\"font-weight: 400;\">27. M\u00c4RZ. Freitagsmarkt in Torrevieja<\/span><\/h2>\n<p><span style=\"font-weight: 400;\">Jeden Freitag findet im Parque Antonio Soria der Stra\u00dfenmarkt von Torrevieja statt \u2013 eines der gr\u00f6\u00dften Zentren f\u00fcr Kleinunternehmertum in der Region Vega Baja. Auf einer Fl\u00e4che von 82.000 Quadratmetern befinden sich bis zu 700 St\u00e4nde und Verkaufspl\u00e4tze mit Lebensmitteln, Kleidung, Schuhen, Accessoires und anderen Waren zu g\u00fcnstigen Preisen im Vergleich zu gro\u00dfen Supermarktketten. Der Markt in Torrevieja bietet zahlreiche Annehmlichkeiten wie kostenlose Parkpl\u00e4tze, \u00f6ffentliche Toiletten und einen Taxistand. Alle 20 Minuten f\u00e4hrt von 8:00 bis 14:00 Uhr ein Bus, der f\u00fcr Menschen mit eingeschr\u00e4nkter Mobilit\u00e4t oder Rollstuhlfahrer zug\u00e4nglich ist.<\/span><br \/>\n<span style=\"font-weight: 400;\">Von Freitag bis Sonntag ist hier ab 19:30 Uhr au\u00dferdem ein Vergn\u00fcgungs- und Spielepark f\u00fcr alle Altersgruppen ge\u00f6ffnet.<\/span><\/p>\n<h2><span style=\"font-weight: 400;\">27. M\u00c4RZ. Auff\u00fchrung \u201eViejos tiempos\u201c<\/span><\/h2>\n<p><span style=\"font-weight: 400;\">Anl\u00e4sslich des Welttheatertags pr\u00e4sentiert das Gran Teatro von Elche die Auff\u00fchrung \u201eViejos tiempos\u201c (\u201eAlte Zeiten\u201c) nach dem gleichnamigen St\u00fcck des Literaturnobelpreistr\u00e4gers Harold Pinter. Anna, eine Kindheitsfreundin von Kate, kommt in das Haus, in dem Kate mit ihrem Mann Deeley lebt. Das unerwartete Auftauchen der Frau nach 25 Jahren l\u00f6st eine Kette von Misstrauen, Eifersucht, Verlangen und Zweifeln aus, in der die Grenze zwischen Realit\u00e4t und Fantasie verschwimmt. Die Vergangenheit ver\u00e4ndert sich jedes Mal, wenn \u00fcber sie gesprochen wird, und ihre Folgen in der Gegenwart erweisen sich als zerst\u00f6rerisch.<\/span><\/p>\n<ul>\n<li style=\"font-weight: 400;\" aria-level=\"1\"><span style=\"font-weight: 400;\">Beginn um 20:00 Uhr, der Ticketpreis betr\u00e4gt 24 Euro.<\/span><\/li>\n<\/ul>\n<h2><span style=\"font-weight: 400;\">27. M\u00c4RZ. Festival \u201eM\u00fasica sin fronteras\u201c<\/span><\/h2>\n<p><span style=\"font-weight: 400;\">Im Kulturzentrum Ciudad Quesada in Rojales geht das XIX. Festival \u201eM\u00fasica sin fronteras\u201c (\u201eMusik ohne Grenzen\u201c) zu Ende, das vom Kulturdezernat der Stadtverwaltung organisiert wird. Das Festival hat sich dank seines Strebens nach musikalischer Qualit\u00e4t und k\u00fcnstlerischer Vielfalt sowie durch die Teilnahme von K\u00fcnstlern auf nationalem und internationalem Niveau als kulturelles Wahrzeichen der Provinz Alicante etabliert. Den Abschluss vor dem Publikum bildet das kubanische Jazzduo Javier Colina &amp; Cucurucho Vald\u00e9s.<\/span><\/p>\n<ul>\n<li style=\"font-weight: 400;\" aria-level=\"1\"><span style=\"font-weight: 400;\">Beginn um 19:00 Uhr, der Ticketpreis betr\u00e4gt 10 Euro.<\/span><\/li>\n<\/ul>\n<h2><span style=\"font-weight: 400;\">27.\u201329. M\u00c4RZ. Ausstellung von Werken Picassos, Warhols, Murakamis und anderer gro\u00dfer K\u00fcnstler<\/span><\/h2>\n<p><span style=\"font-weight: 400;\">Bis zum 18. Mai findet im Meeresmuseum von Santa Pola eine Ausstellung mit Werken von Pablo Picasso, Andy Warhol, Takashi Murakami, Marc Chagall und anderen bedeutenden spanischen und internationalen K\u00fcnstlern aus dem Museum f\u00fcr zeitgen\u00f6ssische Kunst Vicente Aguilera Cerni in Vilafam\u00e9s (MACVAC) sowie aus der Sammlung von Mariano Poyatos und Filomena De Lorenzo (Galerie Espai Nivi) statt. Viele der gezeigten Werke sind bislang unver\u00f6ffentlichte Gem\u00e4lde und j\u00fcngste Zug\u00e4nge zu den Best\u00e4nden des MACVAC und der Sammlung Espai Nivi, was dieses Projekt zu einer einzigartigen Gelegenheit macht, sie kennenzulernen. Die beiden Sammlungen, aufgebaut rund um vier Themen \u2013 \u201eDer K\u00f6rper\u201c, \u201eRituale\u201c, \u201eLandschaften der Seele\u201c und \u201eTranszendenz\u201c \u2013 laden dazu ein, einen Weg zu beschreiten, der von der k\u00f6rperlichsten und biografischsten Erfahrung bis in die Sph\u00e4ren der Abstraktion und des Zeichens f\u00fchrt. Wie die Kuratoren der Ausstellung betonen, \u201ebietet sie keinen geschlossenen Diskurs, sondern stellt einen Suchprozess dar, eine Reise nach innen, in der jedes Werk zu einer Schwelle und jeder Saal zu einem Raum wird, in dem der Besucher in seinem eigenen Rhythmus verweilt\u201c.<\/span><\/p>\n<ul>\n<li style=\"font-weight: 400;\" aria-level=\"1\"><span style=\"font-weight: 400;\">\u00d6ffnungszeiten: von 10:00 bis 13:00 Uhr und von 16:00 bis 19:00 Uhr (Dienstag\u2013Samstag) sowie von 11:00 bis 13:30 Uhr (Sonntag).<\/span><\/li>\n<\/ul>\n<h2><span style=\"font-weight: 400;\">28. M\u00c4RZ. Buchmesse in Torrevieja<\/span><\/h2>\n<p><span style=\"font-weight: 400;\">Bis zum 15. April findet auf dem Paseo Vista Alegre die XXXVIII. Buchmesse statt, auf der man verschiedene Pavillons auf dem Gel\u00e4nde besuchen und die Rabatte nutzen kann, die \u00f6rtliche Buchhandlungen auf ihre Produkte anbieten. Die Besucher haben die M\u00f6glichkeit, bekannte Autoren kennenzulernen und mit ihnen ins Gespr\u00e4ch zu kommen sowie Musikveranstaltungen, poetische Lesungen und literarische Workshops zu genie\u00dfen.<\/span><\/p>\n<ul>\n<li style=\"font-weight: 400;\" aria-level=\"1\"><span style=\"font-weight: 400;\">Er\u00f6ffnung der Messe um 12:30 Uhr.<\/span><\/li>\n<\/ul>\n<h2><span style=\"font-weight: 400;\">28. M\u00c4RZ. Konzert \u201eLas Cuatro Estaciones de Vivaldi\u201c<\/span><\/h2>\n<p><span style=\"font-weight: 400;\">Im Arch\u00e4ologischen Museum von Alicante (MARQ) tritt das Streichquartett Arde Quartet im Rahmen der Reihe \u201eKonzerte bei Kerzenschein\u201c (Candlelight) auf, die dem italienischen Komponisten Antonio Vivaldi gewidmet ist. Auf dem Programm steht der Zyklus der Violinkonzerte mit Orchester \u201eDie vier Jahreszeiten\u201c.<\/span><\/p>\n<ul>\n<li style=\"font-weight: 400;\" aria-level=\"1\"><span style=\"font-weight: 400;\">Beginn um 18:30 Uhr, Ticketpreise ab 22,5 Euro.<\/span><\/li>\n<\/ul>\n<h2><span style=\"font-weight: 400;\">28. M\u00c4RZ. Kindervorstellung \u201eNobody wants to play with me\u201c<\/span><\/h2>\n<p><span style=\"font-weight: 400;\">Das Haupttheater von Alicante hat die englischsprachige Vorstellungsreihe \u201eKids &amp; Stories\u201c f\u00fcr Kinder im Alter von 3 bis 10 Jahren wieder aufgenommen. Diesmal k\u00f6nnen die kleinen Zuschauer im Foyer des Theaters die Auff\u00fchrung \u201eNobody wants to play with me\u201c (\u201eNiemand will mit mir spielen\u201c) sehen.<\/span><\/p>\n<ul>\n<li style=\"font-weight: 400;\" aria-level=\"1\"><span style=\"font-weight: 400;\">Beginn um 12:00 Uhr, der Ticketpreis betr\u00e4gt 5 Euro.<\/span><\/li>\n<\/ul>\n<h2><span style=\"font-weight: 400;\">29. M\u00c4RZ. Auff\u00fchrung \u201eWoher kommen die Kinder?\u201c<\/span><\/h2>\n<p><span style=\"font-weight: 400;\">Im experimentellen Theater El Faro wird die Auff\u00fchrung \u201eWoher kommen die Kinder?\u201c gezeigt, die von zwei Tagen im Leben von sieben sehr unterschiedlichen Frauen erz\u00e4hlt, die gleichzeitig in einer Entbindungsklinik in der Provinz gelandet sind. Eine Mutter mit vielen Kindern, ein junges M\u00e4dchen, das noch nicht bereit f\u00fcr die Mutterschaft ist, eine Frau, die beschlossen hat, Leihmutter zu werden \u2026 Jede von ihnen bringt ihre eigene Geschichte, ihre Tr\u00e4ume und Hoffnungen mit, und gemeinsam verwandeln sie das Krankenzimmer in einen Ort, an dem sich Schicksale verweben.<\/span><\/p>\n<ul>\n<li style=\"font-weight: 400;\" aria-level=\"1\"><span style=\"font-weight: 400;\">Beginn um 19:30 Uhr, die Tickets kosten 20, 25 und 50 Euro.<\/span><\/li>\n<\/ul>\n<h2><span style=\"font-weight: 400;\">29. M\u00c4RZ. Auff\u00fchrung \u201ePijama para seis\u201c<\/span><\/h2>\n<p><span style=\"font-weight: 400;\">Im Haupttheater von Alicante wird die Auff\u00fchrung \u201ePijama para seis\u201c (\u201ePyjama f\u00fcr sechs\u201c) gezeigt. Fernando nutzt aus, dass seine Frau Mercedes ihre Mutter besuchen gefahren ist, und l\u00e4dt seine Geliebte Susi ein, das Wochenende mit ihm zu verbringen, ebenso seinen Freund Carlos, um sich ein Alibi zu verschaffen. Er hat sogar die K\u00f6chin Susana engagiert, damit es an nichts fehlt. Doch die Dinge laufen nicht wie erwartet, und der romantische Abend verwandelt sich in eine sehr turbulente Nacht, in der alle vorgeben, jemand anderes zu sein, als sie wirklich sind, um nicht entlarvt zu werden.<\/span><\/p>\n<ul>\n<li style=\"font-weight: 400;\" aria-level=\"1\"><span style=\"font-weight: 400;\">Beginn um 17:00 Uhr und 19:00 Uhr, die Ticketpreise betragen 12, 18 und 25 Euro.<\/span><\/li>\n<\/ul>\n<h2><span style=\"font-weight: 400;\">29. M\u00c4RZ. Festival \u201eSpring Music Fest\u201c<\/span><\/h2>\n<p><span style=\"font-weight: 400;\">Auf der Plaza Mayor im Einkaufszentrum Zenia Boulevard (Orihuela Costa) findet das Musikfestival \u201eSpring Music Fest\u201c statt. Daran nehmen mehr als 30 K\u00fcnstler unterschiedlichen Alters teil, die in verschiedenen Musikstilen auftreten.<\/span><\/p>\n<ul>\n<li style=\"font-weight: 400;\" aria-level=\"1\"><span style=\"font-weight: 400;\">Beginn um 18:00 Uhr, der Eintritt ist frei.<\/span><\/li>\n<\/ul>\n<p><\/p>","protected":false},"excerpt":{"rendered":"<p>Ein \u00dcberblick dar\u00fcber, was Bewohner und G\u00e4ste von Torrevieja\u2026<\/p>\n","protected":false},"author":34,"featured_media":1289815,"comment_status":"closed","ping_status":"closed","sticky":false,"template":"","format":"standard","meta":{"footnotes":""},"categories":[74,959],"tags":[],"class_list":["post-1289814","post","type-post","status-publish","format-standard","has-post-thumbnail","hentry","category-life-in-spain","category-lifestyle"],"yoast_head":"<!-- This site is optimized with the Yoast SEO plugin v27.4 - https:\/\/yoast.com\/product\/yoast-seo-wordpress\/ -->\n<title>Veranstaltungskalender 27.\u201329. M\u00e4rz in Torrevieja, Alicante und weiteren Orten an der Costa Blanca<\/title>\n<meta name=\"description\" content=\"Eine Auswahl der wichtigsten Freizeitveranstaltungen in Torrevieja, Alicante und weiteren Orten an der Costa Blanca f\u00fcr das Wochenende 27.\u201329. M\u00e4rz.\" \/>\n<meta name=\"robots\" content=\"index, follow, max-snippet:-1, max-image-preview:large, max-video-preview:-1\" \/>\n<link rel=\"canonical\" href=\"https:\/\/alegria-realestate.com\/de\/wp-json\/wp\/v2\/posts\/1289814\" \/>\n<meta property=\"og:locale\" content=\"de_DE\" \/>\n<meta property=\"og:type\" content=\"article\" \/>\n<meta property=\"og:title\" content=\"Veranstaltungskalender 27.\u201329. M\u00e4rz in Torrevieja, Alicante und weiteren Orten an der Costa Blanca\" \/>\n<meta property=\"og:description\" content=\"Eine Auswahl der wichtigsten Freizeitveranstaltungen in Torrevieja, Alicante und weiteren Orten an der Costa Blanca f\u00fcr das Wochenende 27.\u201329. M\u00e4rz.\" \/>\n<meta property=\"og:url\" content=\"https:\/\/alegria-realestate.com\/de\/wp-json\/wp\/v2\/posts\/1289814\" \/>\n<meta property=\"og:site_name\" content=\"Immobilien in Spanien\" \/>\n<meta property=\"article:publisher\" content=\"https:\/\/www.facebook.com\/realestate.alegria\" \/>\n<meta property=\"article:published_time\" content=\"2026-03-26T15:16:33+00:00\" \/>\n<meta property=\"article:modified_time\" content=\"2026-03-26T15:42:56+00:00\" \/>\n<meta property=\"og:image\" content=\"https:\/\/alegria-realestate.com\/wp-content\/uploads\/2026\/03\/\u0430\u0444\u0438\u0448\u0430_27-29.03.png\" \/>\n\t<meta property=\"og:image:width\" content=\"1536\" \/>\n\t<meta property=\"og:image:height\" content=\"1024\" \/>\n\t<meta property=\"og:image:type\" content=\"image\/png\" \/>\n<meta name=\"author\" content=\"Irina\" \/>\n<meta name=\"twitter:card\" content=\"summary_large_image\" \/>\n<meta name=\"twitter:creator\" content=\"@alegriarealesta\" \/>\n<meta name=\"twitter:site\" content=\"@alegriarealesta\" \/>\n<script type=\"application\/ld+json\" class=\"yoast-schema-graph\">{\"@context\":\"https:\\\/\\\/schema.org\",\"@graph\":[{\"@type\":\"Article\",\"@id\":\"https:\\\/\\\/alegria-realestate.com\\\/articles\\\/life-in-spain\\\/weekend-guide-costa-blanca-for-27-29-march#article\",\"isPartOf\":{\"@id\":\"https:\\\/\\\/alegria-realestate.com\\\/articles\\\/life-in-spain\\\/weekend-guide-costa-blanca-for-27-29-march\"},\"author\":{\"name\":\"Irina\",\"@id\":\"https:\\\/\\\/alegria-realestate.com\\\/#\\\/schema\\\/person\\\/d5f65cbf5d490b626f10bef994e91bde\"},\"headline\":\"Wochenendpl\u00e4ne: Veranstaltungskalender f\u00fcr den 27.\u201329. M\u00e4rz in Torrevieja und Umgebung\",\"datePublished\":\"2026-03-26T15:16:33+00:00\",\"dateModified\":\"2026-03-26T15:42:56+00:00\",\"mainEntityOfPage\":{\"@id\":\"https:\\\/\\\/alegria-realestate.com\\\/articles\\\/life-in-spain\\\/weekend-guide-costa-blanca-for-27-29-march\"},\"wordCount\":11973,\"publisher\":{\"@id\":\"https:\\\/\\\/alegria-realestate.com\\\/#organization\"},\"image\":{\"@id\":\"https:\\\/\\\/alegria-realestate.com\\\/articles\\\/life-in-spain\\\/weekend-guide-costa-blanca-for-27-29-march#primaryimage\"},\"thumbnailUrl\":\"https:\\\/\\\/alegria-realestate.com\\\/wp-content\\\/uploads\\\/2026\\\/03\\\/\u0430\u0444\u0438\u0448\u0430_27-29.03.png\",\"articleSection\":[\"Leben in Spanien\",\"Lebensstil\"],\"inLanguage\":\"de\"},{\"@type\":\"WebPage\",\"@id\":\"https:\\\/\\\/alegria-realestate.com\\\/de\\\/articles\\\/life-in-spain\\\/weekend-guide-costa-blanca-for-27-29-march\",\"url\":\"https:\\\/\\\/alegria-realestate.com\\\/de\\\/articles\\\/life-in-spain\\\/weekend-guide-costa-blanca-for-27-29-march\",\"name\":\"Veranstaltungskalender 27.\u201329. M\u00e4rz in Torrevieja, Alicante und weiteren Orten an der Costa Blanca\",\"isPartOf\":{\"@id\":\"https:\\\/\\\/alegria-realestate.com\\\/de\\\/#website\"},\"primaryImageOfPage\":{\"@id\":\"https:\\\/\\\/alegria-realestate.com\\\/de\\\/articles\\\/life-in-spain\\\/weekend-guide-costa-blanca-for-27-29-march#primaryimage\"},\"image\":{\"@id\":\"https:\\\/\\\/alegria-realestate.com\\\/articles\\\/life-in-spain\\\/weekend-guide-costa-blanca-for-27-29-march#primaryimage\"},\"thumbnailUrl\":\"https:\\\/\\\/alegria-realestate.com\\\/wp-content\\\/uploads\\\/2026\\\/03\\\/\u0430\u0444\u0438\u0448\u0430_27-29.03.png\",\"datePublished\":\"2026-03-26T15:16:33+00:00\",\"dateModified\":\"2026-03-26T15:42:56+00:00\",\"description\":\"Eine Auswahl der wichtigsten Freizeitveranstaltungen in Torrevieja, Alicante und weiteren Orten an der Costa Blanca f\u00fcr das Wochenende 27.\u201329. M\u00e4rz.\",\"breadcrumb\":{\"@id\":\"https:\\\/\\\/alegria-realestate.com\\\/de\\\/articles\\\/life-in-spain\\\/weekend-guide-costa-blanca-for-27-29-march#breadcrumb\"},\"inLanguage\":\"de\",\"potentialAction\":[{\"@type\":\"ReadAction\",\"target\":[[\"https:\\\/\\\/alegria-realestate.com\\\/de\\\/articles\\\/life-in-spain\\\/weekend-guide-costa-blanca-for-27-29-march\"]]}]},{\"@type\":\"ImageObject\",\"inLanguage\":\"de\",\"@id\":\"https:\\\/\\\/alegria-realestate.com\\\/de\\\/articles\\\/life-in-spain\\\/weekend-guide-costa-blanca-for-27-29-march#primaryimage\",\"url\":\"https:\\\/\\\/alegria-realestate.com\\\/wp-content\\\/uploads\\\/2026\\\/03\\\/\u0430\u0444\u0438\u0448\u0430_27-29.03.png\",\"contentUrl\":\"https:\\\/\\\/alegria-realestate.com\\\/wp-content\\\/uploads\\\/2026\\\/03\\\/\u0430\u0444\u0438\u0448\u0430_27-29.03.png\",\"width\":1536,\"height\":1024},{\"@type\":\"BreadcrumbList\",\"@id\":\"https:\\\/\\\/alegria-realestate.com\\\/de\\\/articles\\\/life-in-spain\\\/weekend-guide-costa-blanca-for-27-29-march#breadcrumb\",\"itemListElement\":[{\"@type\":\"ListItem\",\"position\":1,\"name\":\"\u0413\u043b\u0430\u0432\u043d\u0430\u044f \u0441\u0442\u0440\u0430\u043d\u0438\u0446\u0430\",\"item\":\"https:\\\/\\\/alegria-realestate.com\\\/de\\\/\"},{\"@type\":\"ListItem\",\"position\":2,\"name\":\"\u041f\u043b\u0430\u043d\u044b \u043d\u0430 \u0432\u044b\u0445\u043e\u0434\u043d\u044b\u0435: \u0430\u0444\u0438\u0448\u0430 \u0441\u043e\u0431\u044b\u0442\u0438\u0439 27-29 \u043c\u0430\u0440\u0442\u0430 \u0432 \u0422\u043e\u0440\u0440\u0435\u0432\u044c\u0435\u0445\u0435 \u0438 \u043e\u043a\u0440\u0435\u0441\u0442\u043d\u043e\u0441\u0442\u044f\u0445\"}]},{\"@type\":\"WebSite\",\"@id\":\"https:\\\/\\\/alegria-realestate.com\\\/de\\\/#website\",\"url\":\"https:\\\/\\\/alegria-realestate.com\\\/de\\\/\",\"name\":\"Immobilien in Spanien\",\"description\":\"Immobilien in Spanien: Verkauf in allen St\u00e4dten \u2013 Torrevieja, Alicante, Benidorm u. a. Wir helfen Ihnen beim Kauf von Immobilien an der Costa Blanca \u2013 Bestandsimmobilien und Neubauten. Rundum-sorglos-Abwicklung. Immobilien an der Costa Blanca ab \u20ac80.000.\",\"publisher\":{\"@id\":\"https:\\\/\\\/alegria-realestate.com\\\/de\\\/#organization\"},\"potentialAction\":[{\"@type\":\"SearchAction\",\"target\":{\"@type\":\"EntryPoint\",\"urlTemplate\":\"https:\\\/\\\/alegria-realestate.com\\\/de\\\/?s={search_term_string}\"},\"query-input\":{\"@type\":\"PropertyValueSpecification\",\"valueRequired\":true,\"valueName\":\"search_term_string\"}}],\"inLanguage\":\"de\"},{\"@type\":\"Organization\",\"@id\":\"https:\\\/\\\/alegria-realestate.com\\\/de\\\/#organization\",\"name\":\"Alegria Realestate\",\"url\":\"https:\\\/\\\/alegria-realestate.com\\\/de\\\/\",\"logo\":{\"@type\":\"ImageObject\",\"inLanguage\":\"de\",\"@id\":\"https:\\\/\\\/alegria-realestate.com\\\/de\\\/#\\\/schema\\\/logo\\\/image\\\/\",\"url\":\"https:\\\/\\\/alegria-realestate.com\\\/wp-content\\\/uploads\\\/2019\\\/08\\\/logo_alegria.png\",\"contentUrl\":\"https:\\\/\\\/alegria-realestate.com\\\/wp-content\\\/uploads\\\/2019\\\/08\\\/logo_alegria.png\",\"width\":1600,\"height\":1403,\"caption\":\"Alegria Realestate\"},\"image\":{\"@id\":\"https:\\\/\\\/alegria-realestate.com\\\/de\\\/#\\\/schema\\\/logo\\\/image\\\/\"},\"sameAs\":[\"https:\\\/\\\/www.facebook.com\\\/realestate.alegria\",\"https:\\\/\\\/x.com\\\/alegriarealesta\",\"https:\\\/\\\/www.instagram.com\\\/alegriadom\\\/\",\"https:\\\/\\\/www.linkedin.com\\\/profile\\\/view?id=154965227\",\"https:\\\/\\\/www.youtube.com\\\/user\\\/AlegriaRealEstate\"]},{\"@type\":\"Person\",\"@id\":\"https:\\\/\\\/alegria-realestate.com\\\/#\\\/schema\\\/person\\\/d5f65cbf5d490b626f10bef994e91bde\",\"name\":\"Irina\"}]}<\/script>\n<!-- \/ Yoast SEO plugin. -->","yoast_head_json":{"title":"Veranstaltungskalender 27.\u201329. M\u00e4rz in Torrevieja, Alicante und weiteren Orten an der Costa Blanca","description":"Eine Auswahl der wichtigsten Freizeitveranstaltungen in Torrevieja, Alicante und weiteren Orten an der Costa Blanca f\u00fcr das Wochenende 27.\u201329. M\u00e4rz.","robots":{"index":"index","follow":"follow","max-snippet":"max-snippet:-1","max-image-preview":"max-image-preview:large","max-video-preview":"max-video-preview:-1"},"canonical":"https:\/\/alegria-realestate.com\/de\/wp-json\/wp\/v2\/posts\/1289814","og_locale":"de_DE","og_type":"article","og_title":"Veranstaltungskalender 27.\u201329. M\u00e4rz in Torrevieja, Alicante und weiteren Orten an der Costa Blanca","og_description":"Eine Auswahl der wichtigsten Freizeitveranstaltungen in Torrevieja, Alicante und weiteren Orten an der Costa Blanca f\u00fcr das Wochenende 27.\u201329. M\u00e4rz.","og_url":"https:\/\/alegria-realestate.com\/de\/wp-json\/wp\/v2\/posts\/1289814","og_site_name":"Immobilien in Spanien","article_publisher":"https:\/\/www.facebook.com\/realestate.alegria","article_published_time":"2026-03-26T15:16:33+00:00","article_modified_time":"2026-03-26T15:42:56+00:00","og_image":[{"width":1536,"height":1024,"url":"https:\/\/alegria-realestate.com\/wp-content\/uploads\/2026\/03\/\u0430\u0444\u0438\u0448\u0430_27-29.03.png","type":"image\/png"}],"author":"Irina","twitter_card":"summary_large_image","twitter_creator":"@alegriarealesta","twitter_site":"@alegriarealesta","schema":{"@context":"https:\/\/schema.org","@graph":[{"@type":"Article","@id":"https:\/\/alegria-realestate.com\/articles\/life-in-spain\/weekend-guide-costa-blanca-for-27-29-march#article","isPartOf":{"@id":"https:\/\/alegria-realestate.com\/articles\/life-in-spain\/weekend-guide-costa-blanca-for-27-29-march"},"author":{"name":"Irina","@id":"https:\/\/alegria-realestate.com\/#\/schema\/person\/d5f65cbf5d490b626f10bef994e91bde"},"headline":"Wochenendpl\u00e4ne: Veranstaltungskalender f\u00fcr den 27.\u201329. M\u00e4rz in Torrevieja und Umgebung","datePublished":"2026-03-26T15:16:33+00:00","dateModified":"2026-03-26T15:42:56+00:00","mainEntityOfPage":{"@id":"https:\/\/alegria-realestate.com\/articles\/life-in-spain\/weekend-guide-costa-blanca-for-27-29-march"},"wordCount":11973,"publisher":{"@id":"https:\/\/alegria-realestate.com\/#organization"},"image":{"@id":"https:\/\/alegria-realestate.com\/articles\/life-in-spain\/weekend-guide-costa-blanca-for-27-29-march#primaryimage"},"thumbnailUrl":"https:\/\/alegria-realestate.com\/wp-content\/uploads\/2026\/03\/\u0430\u0444\u0438\u0448\u0430_27-29.03.png","articleSection":["Leben in Spanien","Lebensstil"],"inLanguage":"de"},{"@type":"WebPage","@id":"https:\/\/alegria-realestate.com\/de\/articles\/life-in-spain\/weekend-guide-costa-blanca-for-27-29-march","url":"https:\/\/alegria-realestate.com\/de\/articles\/life-in-spain\/weekend-guide-costa-blanca-for-27-29-march","name":"Veranstaltungskalender 27.\u201329. M\u00e4rz in Torrevieja, Alicante und weiteren Orten an der Costa Blanca","isPartOf":{"@id":"https:\/\/alegria-realestate.com\/de\/#website"},"primaryImageOfPage":{"@id":"https:\/\/alegria-realestate.com\/de\/articles\/life-in-spain\/weekend-guide-costa-blanca-for-27-29-march#primaryimage"},"image":{"@id":"https:\/\/alegria-realestate.com\/articles\/life-in-spain\/weekend-guide-costa-blanca-for-27-29-march#primaryimage"},"thumbnailUrl":"https:\/\/alegria-realestate.com\/wp-content\/uploads\/2026\/03\/\u0430\u0444\u0438\u0448\u0430_27-29.03.png","datePublished":"2026-03-26T15:16:33+00:00","dateModified":"2026-03-26T15:42:56+00:00","description":"Eine Auswahl der wichtigsten Freizeitveranstaltungen in Torrevieja, Alicante und weiteren Orten an der Costa Blanca f\u00fcr das Wochenende 27.\u201329. M\u00e4rz.","breadcrumb":{"@id":"https:\/\/alegria-realestate.com\/de\/articles\/life-in-spain\/weekend-guide-costa-blanca-for-27-29-march#breadcrumb"},"inLanguage":"de","potentialAction":[{"@type":"ReadAction","target":[["https:\/\/alegria-realestate.com\/de\/articles\/life-in-spain\/weekend-guide-costa-blanca-for-27-29-march"]]}]},{"@type":"ImageObject","inLanguage":"de","@id":"https:\/\/alegria-realestate.com\/de\/articles\/life-in-spain\/weekend-guide-costa-blanca-for-27-29-march#primaryimage","url":"https:\/\/alegria-realestate.com\/wp-content\/uploads\/2026\/03\/\u0430\u0444\u0438\u0448\u0430_27-29.03.png","contentUrl":"https:\/\/alegria-realestate.com\/wp-content\/uploads\/2026\/03\/\u0430\u0444\u0438\u0448\u0430_27-29.03.png","width":1536,"height":1024},{"@type":"BreadcrumbList","@id":"https:\/\/alegria-realestate.com\/de\/articles\/life-in-spain\/weekend-guide-costa-blanca-for-27-29-march#breadcrumb","itemListElement":[{"@type":"ListItem","position":1,"name":"\u0413\u043b\u0430\u0432\u043d\u0430\u044f \u0441\u0442\u0440\u0430\u043d\u0438\u0446\u0430","item":"https:\/\/alegria-realestate.com\/de\/"},{"@type":"ListItem","position":2,"name":"\u041f\u043b\u0430\u043d\u044b \u043d\u0430 \u0432\u044b\u0445\u043e\u0434\u043d\u044b\u0435: \u0430\u0444\u0438\u0448\u0430 \u0441\u043e\u0431\u044b\u0442\u0438\u0439 27-29 \u043c\u0430\u0440\u0442\u0430 \u0432 \u0422\u043e\u0440\u0440\u0435\u0432\u044c\u0435\u0445\u0435 \u0438 \u043e\u043a\u0440\u0435\u0441\u0442\u043d\u043e\u0441\u0442\u044f\u0445"}]},{"@type":"WebSite","@id":"https:\/\/alegria-realestate.com\/de\/#website","url":"https:\/\/alegria-realestate.com\/de\/","name":"Immobilien in Spanien","description":"Immobilien in Spanien: Verkauf in allen St\u00e4dten \u2013 Torrevieja, Alicante, Benidorm u. a. Wir helfen Ihnen beim Kauf von Immobilien an der Costa Blanca \u2013 Bestandsimmobilien und Neubauten. Rundum-sorglos-Abwicklung. Immobilien an der Costa Blanca ab \u20ac80.000.","publisher":{"@id":"https:\/\/alegria-realestate.com\/de\/#organization"},"potentialAction":[{"@type":"SearchAction","target":{"@type":"EntryPoint","urlTemplate":"https:\/\/alegria-realestate.com\/de\/?s={search_term_string}"},"query-input":{"@type":"PropertyValueSpecification","valueRequired":true,"valueName":"search_term_string"}}],"inLanguage":"de"},{"@type":"Organization","@id":"https:\/\/alegria-realestate.com\/de\/#organization","name":"Alegria Realestate","url":"https:\/\/alegria-realestate.com\/de\/","logo":{"@type":"ImageObject","inLanguage":"de","@id":"https:\/\/alegria-realestate.com\/de\/#\/schema\/logo\/image\/","url":"https:\/\/alegria-realestate.com\/wp-content\/uploads\/2019\/08\/logo_alegria.png","contentUrl":"https:\/\/alegria-realestate.com\/wp-content\/uploads\/2019\/08\/logo_alegria.png","width":1600,"height":1403,"caption":"Alegria Realestate"},"image":{"@id":"https:\/\/alegria-realestate.com\/de\/#\/schema\/logo\/image\/"},"sameAs":["https:\/\/www.facebook.com\/realestate.alegria","https:\/\/x.com\/alegriarealesta","https:\/\/www.instagram.com\/alegriadom\/","https:\/\/www.linkedin.com\/profile\/view?id=154965227","https:\/\/www.youtube.com\/user\/AlegriaRealEstate"]},{"@type":"Person","@id":"https:\/\/alegria-realestate.com\/#\/schema\/person\/d5f65cbf5d490b626f10bef994e91bde","name":"Irina"}]}},"_links":{"self":[{"href":"https:\/\/alegria-realestate.com\/de\/wp-json\/wp\/v2\/posts\/1289814","targetHints":{"allow":["GET"]}}],"collection":[{"href":"https:\/\/alegria-realestate.com\/de\/wp-json\/wp\/v2\/posts"}],"about":[{"href":"https:\/\/alegria-realestate.com\/de\/wp-json\/wp\/v2\/types\/post"}],"author":[{"embeddable":true,"href":"https:\/\/alegria-realestate.com\/de\/wp-json\/wp\/v2\/users\/34"}],"replies":[{"embeddable":true,"href":"https:\/\/alegria-realestate.com\/de\/wp-json\/wp\/v2\/comments?post=1289814"}],"version-history":[{"count":3,"href":"https:\/\/alegria-realestate.com\/de\/wp-json\/wp\/v2\/posts\/1289814\/revisions"}],"predecessor-version":[{"id":1289829,"href":"https:\/\/alegria-realestate.com\/de\/wp-json\/wp\/v2\/posts\/1289814\/revisions\/1289829"}],"wp:featuredmedia":[{"embeddable":true,"href":"https:\/\/alegria-realestate.com\/de\/wp-json\/wp\/v2\/media\/1289815"}],"wp:attachment":[{"href":"https:\/\/alegria-realestate.com\/de\/wp-json\/wp\/v2\/media?parent=1289814"}],"wp:term":[{"taxonomy":"category","embeddable":true,"href":"https:\/\/alegria-realestate.com\/de\/wp-json\/wp\/v2\/categories?post=1289814"},{"taxonomy":"post_tag","embeddable":true,"href":"https:\/\/alegria-realestate.com\/de\/wp-json\/wp\/v2\/tags?post=1289814"}],"curies":[{"name":"wp","href":"https:\/\/api.w.org\/{rel}","templated":true}]}}