{"id":227725,"date":"2020-10-21T13:39:08","date_gmt":"2020-10-21T10:39:08","guid":{"rendered":"https:\/\/alegria-realestate.com\/?p=227725"},"modified":"2025-08-14T21:25:55","modified_gmt":"2025-08-14T18:25:55","slug":"grupo-lar-creates-a-new-rental-platform","status":"publish","type":"post","link":"https:\/\/alegria-realestate.com\/de\/articles\/news\/grupo-lar-creates-a-new-rental-platform","title":{"rendered":"Grupo Lar schafft eine neue Wohnungsvermietungsplattform mit mehr als 5.000 Immobilien"},"content":{"rendered":"<p>Grupo Lar hat sein Team von Wohnimmobilienexperten umstrukturiert und eine Vereinbarung mit dem franz\u00f6sischen Unternehmen Primonial zur Schaffung einer gemeinsamen <a href=\"https:\/\/alegria-realestate.com\/ru\/service\/long-term-rentals-in-valencia\">Immobilienvermietungsplattform<\/a> geschlossen. Die neue Plattform umfasst mehr als 5.000 Immobilien in den wichtigsten St\u00e4dten Spaniens. Die Gesamtinvestition in das Projekt belief sich auf 400 Millionen Euro. Concepci\u00f3n L\u00f3pez Rodriguez, der zuvor als Baudirektor bei Grupo Perteo t\u00e4tig war, wurde zum neuen technischen Direktor von Residencial Iberia ernannt. Leiterin der Grundst\u00fccksabteilung ist Patricia Sanchez, die seit mehr als 15 Jahren in der Immobilienbranche t\u00e4tig ist und bei Grupo Tengelmann, Virgin Active und Supeco Karriere gemacht hat. Der f\u00fchrende Analyst, der die Abteilung f\u00fcr Datenanalyse und Entwicklung von Finanzmodellen leitete, war Pablo Hernandez-Mora Saenz, der mehr als vier Jahre im Privatbankensektor t\u00e4tig war. Im Gegenzug wurde der Architekt Victor G\u00f3mez de le Torre, der in Unternehmen wie V\u00eda C\u00e9lere und Anida (Grupo BBVA) arbeitete, zum Leiter der Verkaufs- und Vermietungsprojekte ernannt. Ignacio Valenzuela Martin, der seit mehr als 6 Jahren im Unternehmen arbeitet, wurde zum leitenden Techniker des neuen Grupo Lar-Teams ernannt.<\/p>","protected":false},"excerpt":{"rendered":"<p>Grupo Lar hat sein Team von Wohnimmobilienexperten umstrukturiert und\u2026<\/p>\n","protected":false},"author":18,"featured_media":227726,"comment_status":"closed","ping_status":"closed","sticky":false,"template":"","format":"standard","meta":{"footnotes":""},"categories":[15],"tags":[],"class_list":["post-227725","post","type-post","status-publish","format-standard","has-post-thumbnail","hentry","category-news"],"yoast_head":"<!-- This site is optimized with the Yoast SEO plugin v27.5 - https:\/\/yoast.com\/product\/yoast-seo-wordpress\/ -->\n<title>Grupo Lar \u0440\u0435\u043e\u0440\u0433\u0430\u043d\u0438\u0437\u043e\u0432\u0430\u043b\u0430 \u0441\u0432\u043e\u044e \u043a\u043e\u043c\u0430\u043d\u0434\u0443 \u043f\u0440\u043e\u0444\u0435\u0441\u0441\u0438\u043e\u043d\u0430\u043b\u043e\u0432 \u043f\u043e \u0436\u0438\u043b\u043e\u0439 \u043d\u0435\u0434\u0432\u0438\u0436\u0438\u043c\u043e\u0441\u0442\u0438 \u0438 \u0441\u043e\u0437\u0434\u0430\u043b\u0430 \u043d\u043e\u0432\u0443\u044e \u043f\u043b\u0430\u0442\u0444\u043e\u0440\u043c\u0443 \u0430\u0440\u0435\u043d\u0434\u044b<\/title>\n<meta name=\"description\" content=\"Grupo Lar \u0437\u0430\u043a\u043b\u044e\u0447\u0438\u043b\u0430 \u0441\u043e\u0433\u043b\u0430\u0448\u0435\u043d\u0438\u0435 \u0441 \u0444\u0440\u0430\u043d\u0446\u0443\u0437\u0441\u043a\u043e\u0439 \u043a\u043e\u043c\u043f\u0430\u043d\u0438\u0435\u0439 Primonial, \u0432 \u0440\u0435\u0437\u0443\u043b\u044c\u0442\u0430\u0442\u0435 \u0447\u0435\u0433\u043e \u0431\u044b\u043b\u0430 \u0441\u043e\u0437\u0434\u0430\u043d\u0430 \u043d\u043e\u0432\u0430\u044f \u043f\u043b\u0430\u0442\u0444\u043e\u0440\u043c\u0430 \u043f\u043e \u0430\u0440\u0435\u043d\u0434\u0435 \u043d\u0435\u0434\u0432\u0438\u0436\u0438\u043c\u043e\u0441\u0442\u0438, \u0432 \u0430\u043a\u0442\u0438\u0432\u0435 \u043a\u043e\u0442\u043e\u0440\u043e\u0439 \u0431\u043e\u043b\u0435\u0435 5000 \u043e\u0431\u044a\u0435\u043a\u0442\u043e\u0432. \u0412 \u0441\u0432\u044f\u0437\u0438 \u0441 \u044d\u0442\u0438\u043c \u0431\u044b\u043b\u0430 \u043f\u0440\u043e\u0432\u0435\u0434\u0435\u043d\u0430 \u0440\u0435\u043e\u0440\u0433\u0430\u043d\u0438\u0437\u0430\u0446\u0438\u044f \u043a\u043e\u043c\u0430\u043d\u0434\u044b \u043f\u0440\u043e\u0444\u0435\u0441\u0441\u0438\u043e\u043d\u0430\u043b\u043e\u0432 \u0432 \u043e\u0431\u043b\u0430\u0441\u0442\u0438 \u043d\u0435\u0434\u0432\u0438\u0436\u0438\u043c\u043e\u0441\u0442\u0438 Grupo Lar.\" \/>\n<meta name=\"robots\" content=\"index, follow, max-snippet:-1, max-image-preview:large, max-video-preview:-1\" \/>\n<link rel=\"canonical\" href=\"https:\/\/alegria-realestate.com\/de\/wp-json\/wp\/v2\/posts\/227725\" \/>\n<meta property=\"og:locale\" content=\"de_DE\" \/>\n<meta property=\"og:type\" content=\"article\" \/>\n<meta property=\"og:title\" content=\"Grupo Lar \u0440\u0435\u043e\u0440\u0433\u0430\u043d\u0438\u0437\u043e\u0432\u0430\u043b\u0430 \u0441\u0432\u043e\u044e \u043a\u043e\u043c\u0430\u043d\u0434\u0443 \u043f\u0440\u043e\u0444\u0435\u0441\u0441\u0438\u043e\u043d\u0430\u043b\u043e\u0432 \u043f\u043e \u0436\u0438\u043b\u043e\u0439 \u043d\u0435\u0434\u0432\u0438\u0436\u0438\u043c\u043e\u0441\u0442\u0438 \u0438 \u0441\u043e\u0437\u0434\u0430\u043b\u0430 \u043d\u043e\u0432\u0443\u044e \u043f\u043b\u0430\u0442\u0444\u043e\u0440\u043c\u0443 \u0430\u0440\u0435\u043d\u0434\u044b\" \/>\n<meta property=\"og:description\" content=\"Grupo Lar \u0437\u0430\u043a\u043b\u044e\u0447\u0438\u043b\u0430 \u0441\u043e\u0433\u043b\u0430\u0448\u0435\u043d\u0438\u0435 \u0441 \u0444\u0440\u0430\u043d\u0446\u0443\u0437\u0441\u043a\u043e\u0439 \u043a\u043e\u043c\u043f\u0430\u043d\u0438\u0435\u0439 Primonial, \u0432 \u0440\u0435\u0437\u0443\u043b\u044c\u0442\u0430\u0442\u0435 \u0447\u0435\u0433\u043e \u0431\u044b\u043b\u0430 \u0441\u043e\u0437\u0434\u0430\u043d\u0430 \u043d\u043e\u0432\u0430\u044f \u043f\u043b\u0430\u0442\u0444\u043e\u0440\u043c\u0430 \u043f\u043e \u0430\u0440\u0435\u043d\u0434\u0435 \u043d\u0435\u0434\u0432\u0438\u0436\u0438\u043c\u043e\u0441\u0442\u0438, \u0432 \u0430\u043a\u0442\u0438\u0432\u0435 \u043a\u043e\u0442\u043e\u0440\u043e\u0439 \u0431\u043e\u043b\u0435\u0435 5000 \u043e\u0431\u044a\u0435\u043a\u0442\u043e\u0432. \u0412 \u0441\u0432\u044f\u0437\u0438 \u0441 \u044d\u0442\u0438\u043c \u0431\u044b\u043b\u0430 \u043f\u0440\u043e\u0432\u0435\u0434\u0435\u043d\u0430 \u0440\u0435\u043e\u0440\u0433\u0430\u043d\u0438\u0437\u0430\u0446\u0438\u044f \u043a\u043e\u043c\u0430\u043d\u0434\u044b \u043f\u0440\u043e\u0444\u0435\u0441\u0441\u0438\u043e\u043d\u0430\u043b\u043e\u0432 \u0432 \u043e\u0431\u043b\u0430\u0441\u0442\u0438 \u043d\u0435\u0434\u0432\u0438\u0436\u0438\u043c\u043e\u0441\u0442\u0438 Grupo Lar.\" \/>\n<meta property=\"og:url\" content=\"https:\/\/alegria-realestate.com\/de\/wp-json\/wp\/v2\/posts\/227725\" \/>\n<meta property=\"og:site_name\" content=\"Immobilien in Spanien\" \/>\n<meta property=\"article:publisher\" content=\"https:\/\/www.facebook.com\/realestate.alegria\" \/>\n<meta property=\"article:published_time\" content=\"2020-10-21T10:39:08+00:00\" \/>\n<meta property=\"article:modified_time\" content=\"2025-08-14T18:25:55+00:00\" \/>\n<meta property=\"og:image\" content=\"https:\/\/alegria-realestate.com\/wp-content\/uploads\/2020\/10\/Grupo-Lar-creates-a-new-rental-platform.jpg\" \/>\n\t<meta property=\"og:image:width\" content=\"860\" \/>\n\t<meta property=\"og:image:height\" content=\"382\" \/>\n\t<meta property=\"og:image:type\" content=\"image\/jpeg\" \/>\n<meta name=\"author\" content=\"\u0421\u0435\u0440\u0433\u0435\u0439 \u0411\u0435\u043a\u0438\u0448\u0435\u0432\" \/>\n<meta name=\"twitter:card\" content=\"summary_large_image\" \/>\n<meta name=\"twitter:creator\" content=\"@alegriarealesta\" \/>\n<meta name=\"twitter:site\" content=\"@alegriarealesta\" \/>\n<script type=\"application\/ld+json\" class=\"yoast-schema-graph\">{\"@context\":\"https:\\\/\\\/schema.org\",\"@graph\":[{\"@type\":\"Article\",\"@id\":\"https:\\\/\\\/alegria-realestate.com\\\/de\\\/articles\\\/news\\\/grupo-lar-creates-a-new-rental-platform#article\",\"isPartOf\":{\"@id\":\"https:\\\/\\\/alegria-realestate.com\\\/de\\\/articles\\\/news\\\/grupo-lar-creates-a-new-rental-platform\"},\"author\":{\"name\":\"\u0421\u0435\u0440\u0433\u0435\u0439 \u0411\u0435\u043a\u0438\u0448\u0435\u0432\",\"@id\":\"https:\\\/\\\/alegria-realestate.com\\\/#\\\/schema\\\/person\\\/9d285f0a34620d7fb8e3836f93b5522c\"},\"headline\":\"Grupo Lar schafft eine neue Wohnungsvermietungsplattform mit mehr als 5.000 Immobilien\",\"datePublished\":\"2020-10-21T10:39:08+00:00\",\"dateModified\":\"2025-08-14T18:25:55+00:00\",\"mainEntityOfPage\":{\"@id\":\"https:\\\/\\\/alegria-realestate.com\\\/de\\\/articles\\\/news\\\/grupo-lar-creates-a-new-rental-platform\"},\"wordCount\":1416,\"publisher\":{\"@id\":\"https:\\\/\\\/alegria-realestate.com\\\/#organization\"},\"image\":{\"@id\":\"https:\\\/\\\/alegria-realestate.com\\\/de\\\/articles\\\/news\\\/grupo-lar-creates-a-new-rental-platform#primaryimage\"},\"thumbnailUrl\":\"https:\\\/\\\/alegria-realestate.com\\\/wp-content\\\/uploads\\\/2020\\\/10\\\/Grupo-Lar-creates-a-new-rental-platform.jpg\",\"articleSection\":[\"Nachrichten\"],\"inLanguage\":\"de\"},{\"@type\":\"WebPage\",\"@id\":\"https:\\\/\\\/alegria-realestate.com\\\/de\\\/articles\\\/news\\\/grupo-lar-creates-a-new-rental-platform\",\"url\":\"https:\\\/\\\/alegria-realestate.com\\\/de\\\/articles\\\/news\\\/grupo-lar-creates-a-new-rental-platform\",\"name\":\"Grupo Lar \u0440\u0435\u043e\u0440\u0433\u0430\u043d\u0438\u0437\u043e\u0432\u0430\u043b\u0430 \u0441\u0432\u043e\u044e \u043a\u043e\u043c\u0430\u043d\u0434\u0443 \u043f\u0440\u043e\u0444\u0435\u0441\u0441\u0438\u043e\u043d\u0430\u043b\u043e\u0432 \u043f\u043e \u0436\u0438\u043b\u043e\u0439 \u043d\u0435\u0434\u0432\u0438\u0436\u0438\u043c\u043e\u0441\u0442\u0438 \u0438 \u0441\u043e\u0437\u0434\u0430\u043b\u0430 \u043d\u043e\u0432\u0443\u044e \u043f\u043b\u0430\u0442\u0444\u043e\u0440\u043c\u0443 \u0430\u0440\u0435\u043d\u0434\u044b\",\"isPartOf\":{\"@id\":\"https:\\\/\\\/alegria-realestate.com\\\/de\\\/#website\"},\"primaryImageOfPage\":{\"@id\":\"https:\\\/\\\/alegria-realestate.com\\\/de\\\/articles\\\/news\\\/grupo-lar-creates-a-new-rental-platform#primaryimage\"},\"image\":{\"@id\":\"https:\\\/\\\/alegria-realestate.com\\\/de\\\/articles\\\/news\\\/grupo-lar-creates-a-new-rental-platform#primaryimage\"},\"thumbnailUrl\":\"https:\\\/\\\/alegria-realestate.com\\\/wp-content\\\/uploads\\\/2020\\\/10\\\/Grupo-Lar-creates-a-new-rental-platform.jpg\",\"datePublished\":\"2020-10-21T10:39:08+00:00\",\"dateModified\":\"2025-08-14T18:25:55+00:00\",\"description\":\"Grupo Lar \u0437\u0430\u043a\u043b\u044e\u0447\u0438\u043b\u0430 \u0441\u043e\u0433\u043b\u0430\u0448\u0435\u043d\u0438\u0435 \u0441 \u0444\u0440\u0430\u043d\u0446\u0443\u0437\u0441\u043a\u043e\u0439 \u043a\u043e\u043c\u043f\u0430\u043d\u0438\u0435\u0439 Primonial, \u0432 \u0440\u0435\u0437\u0443\u043b\u044c\u0442\u0430\u0442\u0435 \u0447\u0435\u0433\u043e \u0431\u044b\u043b\u0430 \u0441\u043e\u0437\u0434\u0430\u043d\u0430 \u043d\u043e\u0432\u0430\u044f \u043f\u043b\u0430\u0442\u0444\u043e\u0440\u043c\u0430 \u043f\u043e \u0430\u0440\u0435\u043d\u0434\u0435 \u043d\u0435\u0434\u0432\u0438\u0436\u0438\u043c\u043e\u0441\u0442\u0438, \u0432 \u0430\u043a\u0442\u0438\u0432\u0435 \u043a\u043e\u0442\u043e\u0440\u043e\u0439 \u0431\u043e\u043b\u0435\u0435 5000 \u043e\u0431\u044a\u0435\u043a\u0442\u043e\u0432. \u0412 \u0441\u0432\u044f\u0437\u0438 \u0441 \u044d\u0442\u0438\u043c \u0431\u044b\u043b\u0430 \u043f\u0440\u043e\u0432\u0435\u0434\u0435\u043d\u0430 \u0440\u0435\u043e\u0440\u0433\u0430\u043d\u0438\u0437\u0430\u0446\u0438\u044f \u043a\u043e\u043c\u0430\u043d\u0434\u044b \u043f\u0440\u043e\u0444\u0435\u0441\u0441\u0438\u043e\u043d\u0430\u043b\u043e\u0432 \u0432 \u043e\u0431\u043b\u0430\u0441\u0442\u0438 \u043d\u0435\u0434\u0432\u0438\u0436\u0438\u043c\u043e\u0441\u0442\u0438 Grupo Lar.\",\"breadcrumb\":{\"@id\":\"https:\\\/\\\/alegria-realestate.com\\\/de\\\/articles\\\/news\\\/grupo-lar-creates-a-new-rental-platform#breadcrumb\"},\"inLanguage\":\"de\",\"potentialAction\":[{\"@type\":\"ReadAction\",\"target\":[[\"https:\\\/\\\/alegria-realestate.com\\\/de\\\/articles\\\/news\\\/grupo-lar-creates-a-new-rental-platform\"]]}]},{\"@type\":\"ImageObject\",\"inLanguage\":\"de\",\"@id\":\"https:\\\/\\\/alegria-realestate.com\\\/de\\\/articles\\\/news\\\/grupo-lar-creates-a-new-rental-platform#primaryimage\",\"url\":\"https:\\\/\\\/alegria-realestate.com\\\/wp-content\\\/uploads\\\/2020\\\/10\\\/Grupo-Lar-creates-a-new-rental-platform.jpg\",\"contentUrl\":\"https:\\\/\\\/alegria-realestate.com\\\/wp-content\\\/uploads\\\/2020\\\/10\\\/Grupo-Lar-creates-a-new-rental-platform.jpg\",\"width\":860,\"height\":382},{\"@type\":\"BreadcrumbList\",\"@id\":\"https:\\\/\\\/alegria-realestate.com\\\/de\\\/articles\\\/news\\\/grupo-lar-creates-a-new-rental-platform#breadcrumb\",\"itemListElement\":[{\"@type\":\"ListItem\",\"position\":1,\"name\":\"\u0413\u043b\u0430\u0432\u043d\u0430\u044f \u0441\u0442\u0440\u0430\u043d\u0438\u0446\u0430\",\"item\":\"https:\\\/\\\/alegria-realestate.com\\\/de\\\/\"},{\"@type\":\"ListItem\",\"position\":2,\"name\":\"Grupo Lar schafft eine neue Wohnungsvermietungsplattform mit mehr als 5.000 Immobilien\"}]},{\"@type\":\"WebSite\",\"@id\":\"https:\\\/\\\/alegria-realestate.com\\\/de\\\/#website\",\"url\":\"https:\\\/\\\/alegria-realestate.com\\\/de\\\/\",\"name\":\"Immobilien in Spanien\",\"description\":\"Immobilien in Spanien: Verkauf in allen St\u00e4dten \u2013 Torrevieja, Alicante, Benidorm u. a. Wir helfen Ihnen beim Kauf von Immobilien an der Costa Blanca \u2013 Bestandsimmobilien und Neubauten. Rundum-sorglos-Abwicklung. Immobilien an der Costa Blanca ab \u20ac80.000.\",\"publisher\":{\"@id\":\"https:\\\/\\\/alegria-realestate.com\\\/de\\\/#organization\"},\"potentialAction\":[{\"@type\":\"SearchAction\",\"target\":{\"@type\":\"EntryPoint\",\"urlTemplate\":\"https:\\\/\\\/alegria-realestate.com\\\/de\\\/?s={search_term_string}\"},\"query-input\":{\"@type\":\"PropertyValueSpecification\",\"valueRequired\":true,\"valueName\":\"search_term_string\"}}],\"inLanguage\":\"de\"},{\"@type\":\"Organization\",\"@id\":\"https:\\\/\\\/alegria-realestate.com\\\/de\\\/#organization\",\"name\":\"Alegria Realestate\",\"url\":\"https:\\\/\\\/alegria-realestate.com\\\/de\\\/\",\"logo\":{\"@type\":\"ImageObject\",\"inLanguage\":\"de\",\"@id\":\"https:\\\/\\\/alegria-realestate.com\\\/de\\\/#\\\/schema\\\/logo\\\/image\\\/\",\"url\":\"https:\\\/\\\/alegria-realestate.com\\\/wp-content\\\/uploads\\\/2019\\\/08\\\/logo_alegria.png\",\"contentUrl\":\"https:\\\/\\\/alegria-realestate.com\\\/wp-content\\\/uploads\\\/2019\\\/08\\\/logo_alegria.png\",\"width\":1600,\"height\":1403,\"caption\":\"Alegria Realestate\"},\"image\":{\"@id\":\"https:\\\/\\\/alegria-realestate.com\\\/de\\\/#\\\/schema\\\/logo\\\/image\\\/\"},\"sameAs\":[\"https:\\\/\\\/www.facebook.com\\\/realestate.alegria\",\"https:\\\/\\\/x.com\\\/alegriarealesta\",\"https:\\\/\\\/www.instagram.com\\\/alegriadom\\\/\",\"https:\\\/\\\/www.linkedin.com\\\/profile\\\/view?id=154965227\",\"https:\\\/\\\/www.youtube.com\\\/user\\\/AlegriaRealEstate\"]},{\"@type\":\"Person\",\"@id\":\"https:\\\/\\\/alegria-realestate.com\\\/#\\\/schema\\\/person\\\/9d285f0a34620d7fb8e3836f93b5522c\",\"name\":\"\u0421\u0435\u0440\u0433\u0435\u0439 \u0411\u0435\u043a\u0438\u0448\u0435\u0432\"}]}<\/script>\n<!-- \/ Yoast SEO plugin. -->","yoast_head_json":{"title":"Grupo Lar \u0440\u0435\u043e\u0440\u0433\u0430\u043d\u0438\u0437\u043e\u0432\u0430\u043b\u0430 \u0441\u0432\u043e\u044e \u043a\u043e\u043c\u0430\u043d\u0434\u0443 \u043f\u0440\u043e\u0444\u0435\u0441\u0441\u0438\u043e\u043d\u0430\u043b\u043e\u0432 \u043f\u043e \u0436\u0438\u043b\u043e\u0439 \u043d\u0435\u0434\u0432\u0438\u0436\u0438\u043c\u043e\u0441\u0442\u0438 \u0438 \u0441\u043e\u0437\u0434\u0430\u043b\u0430 \u043d\u043e\u0432\u0443\u044e \u043f\u043b\u0430\u0442\u0444\u043e\u0440\u043c\u0443 \u0430\u0440\u0435\u043d\u0434\u044b","description":"Grupo Lar \u0437\u0430\u043a\u043b\u044e\u0447\u0438\u043b\u0430 \u0441\u043e\u0433\u043b\u0430\u0448\u0435\u043d\u0438\u0435 \u0441 \u0444\u0440\u0430\u043d\u0446\u0443\u0437\u0441\u043a\u043e\u0439 \u043a\u043e\u043c\u043f\u0430\u043d\u0438\u0435\u0439 Primonial, \u0432 \u0440\u0435\u0437\u0443\u043b\u044c\u0442\u0430\u0442\u0435 \u0447\u0435\u0433\u043e \u0431\u044b\u043b\u0430 \u0441\u043e\u0437\u0434\u0430\u043d\u0430 \u043d\u043e\u0432\u0430\u044f \u043f\u043b\u0430\u0442\u0444\u043e\u0440\u043c\u0430 \u043f\u043e \u0430\u0440\u0435\u043d\u0434\u0435 \u043d\u0435\u0434\u0432\u0438\u0436\u0438\u043c\u043e\u0441\u0442\u0438, \u0432 \u0430\u043a\u0442\u0438\u0432\u0435 \u043a\u043e\u0442\u043e\u0440\u043e\u0439 \u0431\u043e\u043b\u0435\u0435 5000 \u043e\u0431\u044a\u0435\u043a\u0442\u043e\u0432. \u0412 \u0441\u0432\u044f\u0437\u0438 \u0441 \u044d\u0442\u0438\u043c \u0431\u044b\u043b\u0430 \u043f\u0440\u043e\u0432\u0435\u0434\u0435\u043d\u0430 \u0440\u0435\u043e\u0440\u0433\u0430\u043d\u0438\u0437\u0430\u0446\u0438\u044f \u043a\u043e\u043c\u0430\u043d\u0434\u044b \u043f\u0440\u043e\u0444\u0435\u0441\u0441\u0438\u043e\u043d\u0430\u043b\u043e\u0432 \u0432 \u043e\u0431\u043b\u0430\u0441\u0442\u0438 \u043d\u0435\u0434\u0432\u0438\u0436\u0438\u043c\u043e\u0441\u0442\u0438 Grupo Lar.","robots":{"index":"index","follow":"follow","max-snippet":"max-snippet:-1","max-image-preview":"max-image-preview:large","max-video-preview":"max-video-preview:-1"},"canonical":"https:\/\/alegria-realestate.com\/de\/wp-json\/wp\/v2\/posts\/227725","og_locale":"de_DE","og_type":"article","og_title":"Grupo Lar \u0440\u0435\u043e\u0440\u0433\u0430\u043d\u0438\u0437\u043e\u0432\u0430\u043b\u0430 \u0441\u0432\u043e\u044e \u043a\u043e\u043c\u0430\u043d\u0434\u0443 \u043f\u0440\u043e\u0444\u0435\u0441\u0441\u0438\u043e\u043d\u0430\u043b\u043e\u0432 \u043f\u043e \u0436\u0438\u043b\u043e\u0439 \u043d\u0435\u0434\u0432\u0438\u0436\u0438\u043c\u043e\u0441\u0442\u0438 \u0438 \u0441\u043e\u0437\u0434\u0430\u043b\u0430 \u043d\u043e\u0432\u0443\u044e \u043f\u043b\u0430\u0442\u0444\u043e\u0440\u043c\u0443 \u0430\u0440\u0435\u043d\u0434\u044b","og_description":"Grupo Lar \u0437\u0430\u043a\u043b\u044e\u0447\u0438\u043b\u0430 \u0441\u043e\u0433\u043b\u0430\u0448\u0435\u043d\u0438\u0435 \u0441 \u0444\u0440\u0430\u043d\u0446\u0443\u0437\u0441\u043a\u043e\u0439 \u043a\u043e\u043c\u043f\u0430\u043d\u0438\u0435\u0439 Primonial, \u0432 \u0440\u0435\u0437\u0443\u043b\u044c\u0442\u0430\u0442\u0435 \u0447\u0435\u0433\u043e \u0431\u044b\u043b\u0430 \u0441\u043e\u0437\u0434\u0430\u043d\u0430 \u043d\u043e\u0432\u0430\u044f \u043f\u043b\u0430\u0442\u0444\u043e\u0440\u043c\u0430 \u043f\u043e \u0430\u0440\u0435\u043d\u0434\u0435 \u043d\u0435\u0434\u0432\u0438\u0436\u0438\u043c\u043e\u0441\u0442\u0438, \u0432 \u0430\u043a\u0442\u0438\u0432\u0435 \u043a\u043e\u0442\u043e\u0440\u043e\u0439 \u0431\u043e\u043b\u0435\u0435 5000 \u043e\u0431\u044a\u0435\u043a\u0442\u043e\u0432. \u0412 \u0441\u0432\u044f\u0437\u0438 \u0441 \u044d\u0442\u0438\u043c \u0431\u044b\u043b\u0430 \u043f\u0440\u043e\u0432\u0435\u0434\u0435\u043d\u0430 \u0440\u0435\u043e\u0440\u0433\u0430\u043d\u0438\u0437\u0430\u0446\u0438\u044f \u043a\u043e\u043c\u0430\u043d\u0434\u044b \u043f\u0440\u043e\u0444\u0435\u0441\u0441\u0438\u043e\u043d\u0430\u043b\u043e\u0432 \u0432 \u043e\u0431\u043b\u0430\u0441\u0442\u0438 \u043d\u0435\u0434\u0432\u0438\u0436\u0438\u043c\u043e\u0441\u0442\u0438 Grupo Lar.","og_url":"https:\/\/alegria-realestate.com\/de\/wp-json\/wp\/v2\/posts\/227725","og_site_name":"Immobilien in Spanien","article_publisher":"https:\/\/www.facebook.com\/realestate.alegria","article_published_time":"2020-10-21T10:39:08+00:00","article_modified_time":"2025-08-14T18:25:55+00:00","og_image":[{"width":860,"height":382,"url":"https:\/\/alegria-realestate.com\/wp-content\/uploads\/2020\/10\/Grupo-Lar-creates-a-new-rental-platform.jpg","type":"image\/jpeg"}],"author":"\u0421\u0435\u0440\u0433\u0435\u0439 \u0411\u0435\u043a\u0438\u0448\u0435\u0432","twitter_card":"summary_large_image","twitter_creator":"@alegriarealesta","twitter_site":"@alegriarealesta","schema":{"@context":"https:\/\/schema.org","@graph":[{"@type":"Article","@id":"https:\/\/alegria-realestate.com\/de\/articles\/news\/grupo-lar-creates-a-new-rental-platform#article","isPartOf":{"@id":"https:\/\/alegria-realestate.com\/de\/articles\/news\/grupo-lar-creates-a-new-rental-platform"},"author":{"name":"\u0421\u0435\u0440\u0433\u0435\u0439 \u0411\u0435\u043a\u0438\u0448\u0435\u0432","@id":"https:\/\/alegria-realestate.com\/#\/schema\/person\/9d285f0a34620d7fb8e3836f93b5522c"},"headline":"Grupo Lar schafft eine neue Wohnungsvermietungsplattform mit mehr als 5.000 Immobilien","datePublished":"2020-10-21T10:39:08+00:00","dateModified":"2025-08-14T18:25:55+00:00","mainEntityOfPage":{"@id":"https:\/\/alegria-realestate.com\/de\/articles\/news\/grupo-lar-creates-a-new-rental-platform"},"wordCount":1416,"publisher":{"@id":"https:\/\/alegria-realestate.com\/#organization"},"image":{"@id":"https:\/\/alegria-realestate.com\/de\/articles\/news\/grupo-lar-creates-a-new-rental-platform#primaryimage"},"thumbnailUrl":"https:\/\/alegria-realestate.com\/wp-content\/uploads\/2020\/10\/Grupo-Lar-creates-a-new-rental-platform.jpg","articleSection":["Nachrichten"],"inLanguage":"de"},{"@type":"WebPage","@id":"https:\/\/alegria-realestate.com\/de\/articles\/news\/grupo-lar-creates-a-new-rental-platform","url":"https:\/\/alegria-realestate.com\/de\/articles\/news\/grupo-lar-creates-a-new-rental-platform","name":"Grupo Lar \u0440\u0435\u043e\u0440\u0433\u0430\u043d\u0438\u0437\u043e\u0432\u0430\u043b\u0430 \u0441\u0432\u043e\u044e \u043a\u043e\u043c\u0430\u043d\u0434\u0443 \u043f\u0440\u043e\u0444\u0435\u0441\u0441\u0438\u043e\u043d\u0430\u043b\u043e\u0432 \u043f\u043e \u0436\u0438\u043b\u043e\u0439 \u043d\u0435\u0434\u0432\u0438\u0436\u0438\u043c\u043e\u0441\u0442\u0438 \u0438 \u0441\u043e\u0437\u0434\u0430\u043b\u0430 \u043d\u043e\u0432\u0443\u044e \u043f\u043b\u0430\u0442\u0444\u043e\u0440\u043c\u0443 \u0430\u0440\u0435\u043d\u0434\u044b","isPartOf":{"@id":"https:\/\/alegria-realestate.com\/de\/#website"},"primaryImageOfPage":{"@id":"https:\/\/alegria-realestate.com\/de\/articles\/news\/grupo-lar-creates-a-new-rental-platform#primaryimage"},"image":{"@id":"https:\/\/alegria-realestate.com\/de\/articles\/news\/grupo-lar-creates-a-new-rental-platform#primaryimage"},"thumbnailUrl":"https:\/\/alegria-realestate.com\/wp-content\/uploads\/2020\/10\/Grupo-Lar-creates-a-new-rental-platform.jpg","datePublished":"2020-10-21T10:39:08+00:00","dateModified":"2025-08-14T18:25:55+00:00","description":"Grupo Lar \u0437\u0430\u043a\u043b\u044e\u0447\u0438\u043b\u0430 \u0441\u043e\u0433\u043b\u0430\u0448\u0435\u043d\u0438\u0435 \u0441 \u0444\u0440\u0430\u043d\u0446\u0443\u0437\u0441\u043a\u043e\u0439 \u043a\u043e\u043c\u043f\u0430\u043d\u0438\u0435\u0439 Primonial, \u0432 \u0440\u0435\u0437\u0443\u043b\u044c\u0442\u0430\u0442\u0435 \u0447\u0435\u0433\u043e \u0431\u044b\u043b\u0430 \u0441\u043e\u0437\u0434\u0430\u043d\u0430 \u043d\u043e\u0432\u0430\u044f \u043f\u043b\u0430\u0442\u0444\u043e\u0440\u043c\u0430 \u043f\u043e \u0430\u0440\u0435\u043d\u0434\u0435 \u043d\u0435\u0434\u0432\u0438\u0436\u0438\u043c\u043e\u0441\u0442\u0438, \u0432 \u0430\u043a\u0442\u0438\u0432\u0435 \u043a\u043e\u0442\u043e\u0440\u043e\u0439 \u0431\u043e\u043b\u0435\u0435 5000 \u043e\u0431\u044a\u0435\u043a\u0442\u043e\u0432. \u0412 \u0441\u0432\u044f\u0437\u0438 \u0441 \u044d\u0442\u0438\u043c \u0431\u044b\u043b\u0430 \u043f\u0440\u043e\u0432\u0435\u0434\u0435\u043d\u0430 \u0440\u0435\u043e\u0440\u0433\u0430\u043d\u0438\u0437\u0430\u0446\u0438\u044f \u043a\u043e\u043c\u0430\u043d\u0434\u044b \u043f\u0440\u043e\u0444\u0435\u0441\u0441\u0438\u043e\u043d\u0430\u043b\u043e\u0432 \u0432 \u043e\u0431\u043b\u0430\u0441\u0442\u0438 \u043d\u0435\u0434\u0432\u0438\u0436\u0438\u043c\u043e\u0441\u0442\u0438 Grupo Lar.","breadcrumb":{"@id":"https:\/\/alegria-realestate.com\/de\/articles\/news\/grupo-lar-creates-a-new-rental-platform#breadcrumb"},"inLanguage":"de","potentialAction":[{"@type":"ReadAction","target":[["https:\/\/alegria-realestate.com\/de\/articles\/news\/grupo-lar-creates-a-new-rental-platform"]]}]},{"@type":"ImageObject","inLanguage":"de","@id":"https:\/\/alegria-realestate.com\/de\/articles\/news\/grupo-lar-creates-a-new-rental-platform#primaryimage","url":"https:\/\/alegria-realestate.com\/wp-content\/uploads\/2020\/10\/Grupo-Lar-creates-a-new-rental-platform.jpg","contentUrl":"https:\/\/alegria-realestate.com\/wp-content\/uploads\/2020\/10\/Grupo-Lar-creates-a-new-rental-platform.jpg","width":860,"height":382},{"@type":"BreadcrumbList","@id":"https:\/\/alegria-realestate.com\/de\/articles\/news\/grupo-lar-creates-a-new-rental-platform#breadcrumb","itemListElement":[{"@type":"ListItem","position":1,"name":"\u0413\u043b\u0430\u0432\u043d\u0430\u044f \u0441\u0442\u0440\u0430\u043d\u0438\u0446\u0430","item":"https:\/\/alegria-realestate.com\/de\/"},{"@type":"ListItem","position":2,"name":"Grupo Lar schafft eine neue Wohnungsvermietungsplattform mit mehr als 5.000 Immobilien"}]},{"@type":"WebSite","@id":"https:\/\/alegria-realestate.com\/de\/#website","url":"https:\/\/alegria-realestate.com\/de\/","name":"Immobilien in Spanien","description":"Immobilien in Spanien: Verkauf in allen St\u00e4dten \u2013 Torrevieja, Alicante, Benidorm u. a. Wir helfen Ihnen beim Kauf von Immobilien an der Costa Blanca \u2013 Bestandsimmobilien und Neubauten. Rundum-sorglos-Abwicklung. Immobilien an der Costa Blanca ab \u20ac80.000.","publisher":{"@id":"https:\/\/alegria-realestate.com\/de\/#organization"},"potentialAction":[{"@type":"SearchAction","target":{"@type":"EntryPoint","urlTemplate":"https:\/\/alegria-realestate.com\/de\/?s={search_term_string}"},"query-input":{"@type":"PropertyValueSpecification","valueRequired":true,"valueName":"search_term_string"}}],"inLanguage":"de"},{"@type":"Organization","@id":"https:\/\/alegria-realestate.com\/de\/#organization","name":"Alegria Realestate","url":"https:\/\/alegria-realestate.com\/de\/","logo":{"@type":"ImageObject","inLanguage":"de","@id":"https:\/\/alegria-realestate.com\/de\/#\/schema\/logo\/image\/","url":"https:\/\/alegria-realestate.com\/wp-content\/uploads\/2019\/08\/logo_alegria.png","contentUrl":"https:\/\/alegria-realestate.com\/wp-content\/uploads\/2019\/08\/logo_alegria.png","width":1600,"height":1403,"caption":"Alegria Realestate"},"image":{"@id":"https:\/\/alegria-realestate.com\/de\/#\/schema\/logo\/image\/"},"sameAs":["https:\/\/www.facebook.com\/realestate.alegria","https:\/\/x.com\/alegriarealesta","https:\/\/www.instagram.com\/alegriadom\/","https:\/\/www.linkedin.com\/profile\/view?id=154965227","https:\/\/www.youtube.com\/user\/AlegriaRealEstate"]},{"@type":"Person","@id":"https:\/\/alegria-realestate.com\/#\/schema\/person\/9d285f0a34620d7fb8e3836f93b5522c","name":"\u0421\u0435\u0440\u0433\u0435\u0439 \u0411\u0435\u043a\u0438\u0448\u0435\u0432"}]}},"_links":{"self":[{"href":"https:\/\/alegria-realestate.com\/de\/wp-json\/wp\/v2\/posts\/227725","targetHints":{"allow":["GET"]}}],"collection":[{"href":"https:\/\/alegria-realestate.com\/de\/wp-json\/wp\/v2\/posts"}],"about":[{"href":"https:\/\/alegria-realestate.com\/de\/wp-json\/wp\/v2\/types\/post"}],"author":[{"embeddable":true,"href":"https:\/\/alegria-realestate.com\/de\/wp-json\/wp\/v2\/users\/18"}],"replies":[{"embeddable":true,"href":"https:\/\/alegria-realestate.com\/de\/wp-json\/wp\/v2\/comments?post=227725"}],"version-history":[{"count":1,"href":"https:\/\/alegria-realestate.com\/de\/wp-json\/wp\/v2\/posts\/227725\/revisions"}],"predecessor-version":[{"id":837361,"href":"https:\/\/alegria-realestate.com\/de\/wp-json\/wp\/v2\/posts\/227725\/revisions\/837361"}],"wp:featuredmedia":[{"embeddable":true,"href":"https:\/\/alegria-realestate.com\/de\/wp-json\/wp\/v2\/media\/227726"}],"wp:attachment":[{"href":"https:\/\/alegria-realestate.com\/de\/wp-json\/wp\/v2\/media?parent=227725"}],"wp:term":[{"taxonomy":"category","embeddable":true,"href":"https:\/\/alegria-realestate.com\/de\/wp-json\/wp\/v2\/categories?post=227725"},{"taxonomy":"post_tag","embeddable":true,"href":"https:\/\/alegria-realestate.com\/de\/wp-json\/wp\/v2\/tags?post=227725"}],"curies":[{"name":"wp","href":"https:\/\/api.w.org\/{rel}","templated":true}]}}