{"id":452496,"date":"2022-05-20T14:15:45","date_gmt":"2022-05-20T11:15:45","guid":{"rendered":"https:\/\/alegria-realestate.com\/?p=452496"},"modified":"2025-08-14T21:32:35","modified_gmt":"2025-08-14T18:32:35","slug":"over-the-year-housing-in-the-valencian-community-has-risen-in-price-by-8-5","status":"publish","type":"post","link":"https:\/\/alegria-realestate.com\/de\/articles\/news\/over-the-year-housing-in-the-valencian-community-has-risen-in-price-by-8-5","title":{"rendered":"Im Laufe des Jahres ist der Preis f\u00fcr Zweitwohnungen in der Valencianischen Gemeinschaft um fast 8,5 % gestiegen"},"content":{"rendered":"<p>Nach Angaben des Portals Pisos.com von Ende April stiegen <a href=\"https:\/\/alegria-realestate.com\/ru\/sale\">die Preise f\u00fcr Zweitwohnimmobilien<\/a> in der valencianischen Gemeinschaft im Laufe des Jahres um 8,49 % und im Monatsverlauf um 1,71 %. Die Kosten f\u00fcr einen Quadratmeter Wohnraum in dieser Autonomie erreichten 1.421 Euro, w\u00e4hrend der Durchschnittswert in ganz Spanien bei 1.906 Euro liegt (4,82 % mehr als ein Jahr zuvor, 0,72 % im Vergleich zum Vormonat). Die teuersten Immobilien werden auf den Balearen verkauft (3363 \u20ac\/m2), die g\u00fcnstigsten in Extremadura (791 \u20ac\/m2). Der Preisanstieg beim \u201eWiederverkauf\u201c (sowohl monatlich als auch j\u00e4hrlich) erfolgte in allen Provinzen der valencianischen Gemeinschaft und ihren Hauptst\u00e4dten. Am deutlichsten war es in der Provinz Alicante \u2013 2,16 % bzw. 10,41 %. Ein \u201eQuadrat\u201c hat hier einen Wert von 1.556 Euro, in Valencia sind es 1.411 Euro und in Castell\u00f3n 1.040 Euro. In der Stadt Alicante stiegen die Preise f\u00fcr genutzte H\u00e4user und Wohnungen im Vergleich zum April 2021 st\u00e4rker als in den Hauptst\u00e4dten aller anderen spanischen Provinzen \u2013 um 14,24 %. Jetzt 1 qm. Sie kosten 1851 Euro, in Valencia 2132 Euro und in Castellon 1271 Euro. Gleichzeitig ist der Preisanstieg f\u00fcr Zweitwohnimmobilien in Spanien vor dem Hintergrund von Energie, Rohstoffen, Lebensmitteln und vielem mehr mehr als moderat sonstige G\u00fcter und Gegenst\u00e4nde des ersten Bedarfs. Potenzielle Investoren, die den Erwerb von Immobilien in Spanien \u00fcber Hypothekendarlehen planen, sollten jedoch den starken Anstieg des europ\u00e4ischen Interbanken-Angebotszinssatzes Euribor im Auge behalten, der zu h\u00f6heren <a href=\"https:\/\/alegria-realestate.com\/ru\/service\/mortgage-in-spain\">Hypothekenpreisen<\/a> und damit zu einem Anstieg der Endkosten der Immobilie f\u00fchren wird .<\/p>","protected":false},"excerpt":{"rendered":"<p>Nach Angaben des Portals Pisos.com von Ende April stiegen\u2026<\/p>\n","protected":false},"author":18,"featured_media":452497,"comment_status":"closed","ping_status":"closed","sticky":false,"template":"","format":"standard","meta":{"footnotes":""},"categories":[15],"tags":[],"class_list":["post-452496","post","type-post","status-publish","format-standard","has-post-thumbnail","hentry","category-news"],"yoast_head":"<!-- This site is optimized with the Yoast SEO plugin v27.5 - https:\/\/yoast.com\/product\/yoast-seo-wordpress\/ -->\n<title>\u0412\u0442\u043e\u0440\u0438\u0447\u043d\u0430\u044f \u0436\u0438\u043b\u0430\u044f \u043d\u0435\u0434\u0432\u0438\u0436\u0438\u043c\u043e\u0441\u0442\u044c \u0432 \u0412\u0430\u043b\u0435\u043d\u0441\u0438\u0439\u0441\u043a\u043e\u043c \u0441\u043e\u043e\u0431\u0449\u0435\u0441\u0442\u0432\u0435 \u0432\u044b\u0440\u043e\u0441\u043b\u0430 \u0432 \u0446\u0435\u043d\u0435 \u043d\u0430 8,5% \u0437\u0430 \u0433\u043e\u0434<\/title>\n<meta name=\"description\" content=\"\u041f\u043e \u0434\u0430\u043d\u043d\u044b\u043c \u043f\u043e\u0440\u0442\u0430\u043b\u0430 Pisos.com \u0437\u0430 \u0430\u043f\u0440\u0435\u043b\u044c, \u0437\u0430 \u0433\u043e\u0434 \u0432\u0442\u043e\u0440\u0438\u0447\u043d\u0430\u044f \u0436\u0438\u043b\u0430\u044f \u043d\u0435\u0434\u0432\u0438\u0436\u0438\u043c\u043e\u0441\u0442\u044c \u0432 \u0412\u0430\u043b\u0435\u043d\u0441\u0438\u0439\u0441\u043a\u043e\u043c \u0441\u043e\u043e\u0431\u0449\u0435\u0441\u0442\u0432\u0435 \u043f\u043e\u0434\u043e\u0440\u043e\u0436\u0430\u043b\u0430 \u043d\u0430 8,49%, \u0434\u043e 1421 \u0435\u0432\u0440\u043e \u0437\u0430 \u043a\u0432.\u043c.\" \/>\n<meta name=\"robots\" content=\"index, follow, max-snippet:-1, max-image-preview:large, max-video-preview:-1\" \/>\n<link rel=\"canonical\" href=\"https:\/\/alegria-realestate.com\/de\/wp-json\/wp\/v2\/posts\/452496\" \/>\n<meta property=\"og:locale\" content=\"de_DE\" \/>\n<meta property=\"og:type\" content=\"article\" \/>\n<meta property=\"og:title\" content=\"\u0412\u0442\u043e\u0440\u0438\u0447\u043d\u0430\u044f \u0436\u0438\u043b\u0430\u044f \u043d\u0435\u0434\u0432\u0438\u0436\u0438\u043c\u043e\u0441\u0442\u044c \u0432 \u0412\u0430\u043b\u0435\u043d\u0441\u0438\u0439\u0441\u043a\u043e\u043c \u0441\u043e\u043e\u0431\u0449\u0435\u0441\u0442\u0432\u0435 \u0432\u044b\u0440\u043e\u0441\u043b\u0430 \u0432 \u0446\u0435\u043d\u0435 \u043d\u0430 8,5% \u0437\u0430 \u0433\u043e\u0434\" \/>\n<meta property=\"og:description\" content=\"\u041f\u043e \u0434\u0430\u043d\u043d\u044b\u043c \u043f\u043e\u0440\u0442\u0430\u043b\u0430 Pisos.com \u0437\u0430 \u0430\u043f\u0440\u0435\u043b\u044c, \u0437\u0430 \u0433\u043e\u0434 \u0432\u0442\u043e\u0440\u0438\u0447\u043d\u0430\u044f \u0436\u0438\u043b\u0430\u044f \u043d\u0435\u0434\u0432\u0438\u0436\u0438\u043c\u043e\u0441\u0442\u044c \u0432 \u0412\u0430\u043b\u0435\u043d\u0441\u0438\u0439\u0441\u043a\u043e\u043c \u0441\u043e\u043e\u0431\u0449\u0435\u0441\u0442\u0432\u0435 \u043f\u043e\u0434\u043e\u0440\u043e\u0436\u0430\u043b\u0430 \u043d\u0430 8,49%, \u0434\u043e 1421 \u0435\u0432\u0440\u043e \u0437\u0430 \u043a\u0432.\u043c.\" \/>\n<meta property=\"og:url\" content=\"https:\/\/alegria-realestate.com\/de\/wp-json\/wp\/v2\/posts\/452496\" \/>\n<meta property=\"og:site_name\" content=\"Immobilien in Spanien\" \/>\n<meta property=\"article:publisher\" content=\"https:\/\/www.facebook.com\/realestate.alegria\" \/>\n<meta property=\"article:published_time\" content=\"2022-05-20T11:15:45+00:00\" \/>\n<meta property=\"article:modified_time\" content=\"2025-08-14T18:32:35+00:00\" \/>\n<meta property=\"og:image\" content=\"https:\/\/alegria-realestate.com\/wp-content\/uploads\/2022\/05\/Over-the-year-housing-in-the-Valencian-Community-has-risen-in-price-by-8.5.png\" \/>\n\t<meta property=\"og:image:width\" content=\"780\" \/>\n\t<meta property=\"og:image:height\" content=\"348\" \/>\n\t<meta property=\"og:image:type\" content=\"image\/png\" \/>\n<meta name=\"author\" content=\"\u0421\u0435\u0440\u0433\u0435\u0439 \u0411\u0435\u043a\u0438\u0448\u0435\u0432\" \/>\n<meta name=\"twitter:card\" content=\"summary_large_image\" \/>\n<meta name=\"twitter:creator\" content=\"@alegriarealesta\" \/>\n<meta name=\"twitter:site\" content=\"@alegriarealesta\" \/>\n<script type=\"application\/ld+json\" class=\"yoast-schema-graph\">{\"@context\":\"https:\\\/\\\/schema.org\",\"@graph\":[{\"@type\":\"Article\",\"@id\":\"https:\\\/\\\/alegria-realestate.com\\\/de\\\/articles\\\/news\\\/over-the-year-housing-in-the-valencian-community-has-risen-in-price-by-8-5#article\",\"isPartOf\":{\"@id\":\"https:\\\/\\\/alegria-realestate.com\\\/de\\\/articles\\\/news\\\/over-the-year-housing-in-the-valencian-community-has-risen-in-price-by-8-5\"},\"author\":{\"name\":\"\u0421\u0435\u0440\u0433\u0435\u0439 \u0411\u0435\u043a\u0438\u0448\u0435\u0432\",\"@id\":\"https:\\\/\\\/alegria-realestate.com\\\/#\\\/schema\\\/person\\\/9d285f0a34620d7fb8e3836f93b5522c\"},\"headline\":\"Im Laufe des Jahres ist der Preis f\u00fcr Zweitwohnungen in der Valencianischen Gemeinschaft um fast 8,5 % gestiegen\",\"datePublished\":\"2022-05-20T11:15:45+00:00\",\"dateModified\":\"2025-08-14T18:32:35+00:00\",\"mainEntityOfPage\":{\"@id\":\"https:\\\/\\\/alegria-realestate.com\\\/de\\\/articles\\\/news\\\/over-the-year-housing-in-the-valencian-community-has-risen-in-price-by-8-5\"},\"wordCount\":1972,\"publisher\":{\"@id\":\"https:\\\/\\\/alegria-realestate.com\\\/#organization\"},\"image\":{\"@id\":\"https:\\\/\\\/alegria-realestate.com\\\/de\\\/articles\\\/news\\\/over-the-year-housing-in-the-valencian-community-has-risen-in-price-by-8-5#primaryimage\"},\"thumbnailUrl\":\"https:\\\/\\\/alegria-realestate.com\\\/wp-content\\\/uploads\\\/2022\\\/05\\\/Over-the-year-housing-in-the-Valencian-Community-has-risen-in-price-by-8.5.png\",\"articleSection\":[\"Nachrichten\"],\"inLanguage\":\"de\"},{\"@type\":\"WebPage\",\"@id\":\"https:\\\/\\\/alegria-realestate.com\\\/de\\\/articles\\\/news\\\/over-the-year-housing-in-the-valencian-community-has-risen-in-price-by-8-5\",\"url\":\"https:\\\/\\\/alegria-realestate.com\\\/de\\\/articles\\\/news\\\/over-the-year-housing-in-the-valencian-community-has-risen-in-price-by-8-5\",\"name\":\"\u0412\u0442\u043e\u0440\u0438\u0447\u043d\u0430\u044f \u0436\u0438\u043b\u0430\u044f \u043d\u0435\u0434\u0432\u0438\u0436\u0438\u043c\u043e\u0441\u0442\u044c \u0432 \u0412\u0430\u043b\u0435\u043d\u0441\u0438\u0439\u0441\u043a\u043e\u043c \u0441\u043e\u043e\u0431\u0449\u0435\u0441\u0442\u0432\u0435 \u0432\u044b\u0440\u043e\u0441\u043b\u0430 \u0432 \u0446\u0435\u043d\u0435 \u043d\u0430 8,5% \u0437\u0430 \u0433\u043e\u0434\",\"isPartOf\":{\"@id\":\"https:\\\/\\\/alegria-realestate.com\\\/de\\\/#website\"},\"primaryImageOfPage\":{\"@id\":\"https:\\\/\\\/alegria-realestate.com\\\/de\\\/articles\\\/news\\\/over-the-year-housing-in-the-valencian-community-has-risen-in-price-by-8-5#primaryimage\"},\"image\":{\"@id\":\"https:\\\/\\\/alegria-realestate.com\\\/de\\\/articles\\\/news\\\/over-the-year-housing-in-the-valencian-community-has-risen-in-price-by-8-5#primaryimage\"},\"thumbnailUrl\":\"https:\\\/\\\/alegria-realestate.com\\\/wp-content\\\/uploads\\\/2022\\\/05\\\/Over-the-year-housing-in-the-Valencian-Community-has-risen-in-price-by-8.5.png\",\"datePublished\":\"2022-05-20T11:15:45+00:00\",\"dateModified\":\"2025-08-14T18:32:35+00:00\",\"description\":\"\u041f\u043e \u0434\u0430\u043d\u043d\u044b\u043c \u043f\u043e\u0440\u0442\u0430\u043b\u0430 Pisos.com \u0437\u0430 \u0430\u043f\u0440\u0435\u043b\u044c, \u0437\u0430 \u0433\u043e\u0434 \u0432\u0442\u043e\u0440\u0438\u0447\u043d\u0430\u044f \u0436\u0438\u043b\u0430\u044f \u043d\u0435\u0434\u0432\u0438\u0436\u0438\u043c\u043e\u0441\u0442\u044c \u0432 \u0412\u0430\u043b\u0435\u043d\u0441\u0438\u0439\u0441\u043a\u043e\u043c \u0441\u043e\u043e\u0431\u0449\u0435\u0441\u0442\u0432\u0435 \u043f\u043e\u0434\u043e\u0440\u043e\u0436\u0430\u043b\u0430 \u043d\u0430 8,49%, \u0434\u043e 1421 \u0435\u0432\u0440\u043e \u0437\u0430 \u043a\u0432.\u043c.\",\"breadcrumb\":{\"@id\":\"https:\\\/\\\/alegria-realestate.com\\\/de\\\/articles\\\/news\\\/over-the-year-housing-in-the-valencian-community-has-risen-in-price-by-8-5#breadcrumb\"},\"inLanguage\":\"de\",\"potentialAction\":[{\"@type\":\"ReadAction\",\"target\":[[\"https:\\\/\\\/alegria-realestate.com\\\/de\\\/articles\\\/news\\\/over-the-year-housing-in-the-valencian-community-has-risen-in-price-by-8-5\"]]}]},{\"@type\":\"ImageObject\",\"inLanguage\":\"de\",\"@id\":\"https:\\\/\\\/alegria-realestate.com\\\/de\\\/articles\\\/news\\\/over-the-year-housing-in-the-valencian-community-has-risen-in-price-by-8-5#primaryimage\",\"url\":\"https:\\\/\\\/alegria-realestate.com\\\/wp-content\\\/uploads\\\/2022\\\/05\\\/Over-the-year-housing-in-the-Valencian-Community-has-risen-in-price-by-8.5.png\",\"contentUrl\":\"https:\\\/\\\/alegria-realestate.com\\\/wp-content\\\/uploads\\\/2022\\\/05\\\/Over-the-year-housing-in-the-Valencian-Community-has-risen-in-price-by-8.5.png\",\"width\":780,\"height\":348,\"caption\":\"\u0437\u0430 \u0433\u043e\u0434 \u0432\u0442\u043e\u0440\u0438\u0447\u043d\u043e\u0435 \u0436\u0438\u043b\u044c\u0435 \u0432 \u0432\u0430\u043b\u0435\u043d\u0441\u0438\u0439\u0441\u043a\u043e\u043c \u0441\u043e\u043e\u0431\u0449\u0435\u0441\u0442\u0432\u0435 \u043f\u043e\u0434\u043e\u0440\u043e\u0436\u0430\u043b\u043e \u043f\u043e\u0447\u0442\u0438 \u043d\u0430 8,5%\"},{\"@type\":\"BreadcrumbList\",\"@id\":\"https:\\\/\\\/alegria-realestate.com\\\/de\\\/articles\\\/news\\\/over-the-year-housing-in-the-valencian-community-has-risen-in-price-by-8-5#breadcrumb\",\"itemListElement\":[{\"@type\":\"ListItem\",\"position\":1,\"name\":\"\u0413\u043b\u0430\u0432\u043d\u0430\u044f \u0441\u0442\u0440\u0430\u043d\u0438\u0446\u0430\",\"item\":\"https:\\\/\\\/alegria-realestate.com\\\/de\\\/\"},{\"@type\":\"ListItem\",\"position\":2,\"name\":\"Im Laufe des Jahres ist der Preis f\u00fcr Zweitwohnungen in der Valencianischen Gemeinschaft um fast 8,5 % gestiegen\"}]},{\"@type\":\"WebSite\",\"@id\":\"https:\\\/\\\/alegria-realestate.com\\\/de\\\/#website\",\"url\":\"https:\\\/\\\/alegria-realestate.com\\\/de\\\/\",\"name\":\"Immobilien in Spanien\",\"description\":\"Immobilien in Spanien: Verkauf in allen St\u00e4dten \u2013 Torrevieja, Alicante, Benidorm u. a. Wir helfen Ihnen beim Kauf von Immobilien an der Costa Blanca \u2013 Bestandsimmobilien und Neubauten. Rundum-sorglos-Abwicklung. Immobilien an der Costa Blanca ab \u20ac80.000.\",\"publisher\":{\"@id\":\"https:\\\/\\\/alegria-realestate.com\\\/de\\\/#organization\"},\"potentialAction\":[{\"@type\":\"SearchAction\",\"target\":{\"@type\":\"EntryPoint\",\"urlTemplate\":\"https:\\\/\\\/alegria-realestate.com\\\/de\\\/?s={search_term_string}\"},\"query-input\":{\"@type\":\"PropertyValueSpecification\",\"valueRequired\":true,\"valueName\":\"search_term_string\"}}],\"inLanguage\":\"de\"},{\"@type\":\"Organization\",\"@id\":\"https:\\\/\\\/alegria-realestate.com\\\/de\\\/#organization\",\"name\":\"Alegria Realestate\",\"url\":\"https:\\\/\\\/alegria-realestate.com\\\/de\\\/\",\"logo\":{\"@type\":\"ImageObject\",\"inLanguage\":\"de\",\"@id\":\"https:\\\/\\\/alegria-realestate.com\\\/de\\\/#\\\/schema\\\/logo\\\/image\\\/\",\"url\":\"https:\\\/\\\/alegria-realestate.com\\\/wp-content\\\/uploads\\\/2019\\\/08\\\/logo_alegria.png\",\"contentUrl\":\"https:\\\/\\\/alegria-realestate.com\\\/wp-content\\\/uploads\\\/2019\\\/08\\\/logo_alegria.png\",\"width\":1600,\"height\":1403,\"caption\":\"Alegria Realestate\"},\"image\":{\"@id\":\"https:\\\/\\\/alegria-realestate.com\\\/de\\\/#\\\/schema\\\/logo\\\/image\\\/\"},\"sameAs\":[\"https:\\\/\\\/www.facebook.com\\\/realestate.alegria\",\"https:\\\/\\\/x.com\\\/alegriarealesta\",\"https:\\\/\\\/www.instagram.com\\\/alegriadom\\\/\",\"https:\\\/\\\/www.linkedin.com\\\/profile\\\/view?id=154965227\",\"https:\\\/\\\/www.youtube.com\\\/user\\\/AlegriaRealEstate\"]},{\"@type\":\"Person\",\"@id\":\"https:\\\/\\\/alegria-realestate.com\\\/#\\\/schema\\\/person\\\/9d285f0a34620d7fb8e3836f93b5522c\",\"name\":\"\u0421\u0435\u0440\u0433\u0435\u0439 \u0411\u0435\u043a\u0438\u0448\u0435\u0432\"}]}<\/script>\n<!-- \/ Yoast SEO plugin. -->","yoast_head_json":{"title":"\u0412\u0442\u043e\u0440\u0438\u0447\u043d\u0430\u044f \u0436\u0438\u043b\u0430\u044f \u043d\u0435\u0434\u0432\u0438\u0436\u0438\u043c\u043e\u0441\u0442\u044c \u0432 \u0412\u0430\u043b\u0435\u043d\u0441\u0438\u0439\u0441\u043a\u043e\u043c \u0441\u043e\u043e\u0431\u0449\u0435\u0441\u0442\u0432\u0435 \u0432\u044b\u0440\u043e\u0441\u043b\u0430 \u0432 \u0446\u0435\u043d\u0435 \u043d\u0430 8,5% \u0437\u0430 \u0433\u043e\u0434","description":"\u041f\u043e \u0434\u0430\u043d\u043d\u044b\u043c \u043f\u043e\u0440\u0442\u0430\u043b\u0430 Pisos.com \u0437\u0430 \u0430\u043f\u0440\u0435\u043b\u044c, \u0437\u0430 \u0433\u043e\u0434 \u0432\u0442\u043e\u0440\u0438\u0447\u043d\u0430\u044f \u0436\u0438\u043b\u0430\u044f \u043d\u0435\u0434\u0432\u0438\u0436\u0438\u043c\u043e\u0441\u0442\u044c \u0432 \u0412\u0430\u043b\u0435\u043d\u0441\u0438\u0439\u0441\u043a\u043e\u043c \u0441\u043e\u043e\u0431\u0449\u0435\u0441\u0442\u0432\u0435 \u043f\u043e\u0434\u043e\u0440\u043e\u0436\u0430\u043b\u0430 \u043d\u0430 8,49%, \u0434\u043e 1421 \u0435\u0432\u0440\u043e \u0437\u0430 \u043a\u0432.\u043c.","robots":{"index":"index","follow":"follow","max-snippet":"max-snippet:-1","max-image-preview":"max-image-preview:large","max-video-preview":"max-video-preview:-1"},"canonical":"https:\/\/alegria-realestate.com\/de\/wp-json\/wp\/v2\/posts\/452496","og_locale":"de_DE","og_type":"article","og_title":"\u0412\u0442\u043e\u0440\u0438\u0447\u043d\u0430\u044f \u0436\u0438\u043b\u0430\u044f \u043d\u0435\u0434\u0432\u0438\u0436\u0438\u043c\u043e\u0441\u0442\u044c \u0432 \u0412\u0430\u043b\u0435\u043d\u0441\u0438\u0439\u0441\u043a\u043e\u043c \u0441\u043e\u043e\u0431\u0449\u0435\u0441\u0442\u0432\u0435 \u0432\u044b\u0440\u043e\u0441\u043b\u0430 \u0432 \u0446\u0435\u043d\u0435 \u043d\u0430 8,5% \u0437\u0430 \u0433\u043e\u0434","og_description":"\u041f\u043e \u0434\u0430\u043d\u043d\u044b\u043c \u043f\u043e\u0440\u0442\u0430\u043b\u0430 Pisos.com \u0437\u0430 \u0430\u043f\u0440\u0435\u043b\u044c, \u0437\u0430 \u0433\u043e\u0434 \u0432\u0442\u043e\u0440\u0438\u0447\u043d\u0430\u044f \u0436\u0438\u043b\u0430\u044f \u043d\u0435\u0434\u0432\u0438\u0436\u0438\u043c\u043e\u0441\u0442\u044c \u0432 \u0412\u0430\u043b\u0435\u043d\u0441\u0438\u0439\u0441\u043a\u043e\u043c \u0441\u043e\u043e\u0431\u0449\u0435\u0441\u0442\u0432\u0435 \u043f\u043e\u0434\u043e\u0440\u043e\u0436\u0430\u043b\u0430 \u043d\u0430 8,49%, \u0434\u043e 1421 \u0435\u0432\u0440\u043e \u0437\u0430 \u043a\u0432.\u043c.","og_url":"https:\/\/alegria-realestate.com\/de\/wp-json\/wp\/v2\/posts\/452496","og_site_name":"Immobilien in Spanien","article_publisher":"https:\/\/www.facebook.com\/realestate.alegria","article_published_time":"2022-05-20T11:15:45+00:00","article_modified_time":"2025-08-14T18:32:35+00:00","og_image":[{"width":780,"height":348,"url":"https:\/\/alegria-realestate.com\/wp-content\/uploads\/2022\/05\/Over-the-year-housing-in-the-Valencian-Community-has-risen-in-price-by-8.5.png","type":"image\/png"}],"author":"\u0421\u0435\u0440\u0433\u0435\u0439 \u0411\u0435\u043a\u0438\u0448\u0435\u0432","twitter_card":"summary_large_image","twitter_creator":"@alegriarealesta","twitter_site":"@alegriarealesta","schema":{"@context":"https:\/\/schema.org","@graph":[{"@type":"Article","@id":"https:\/\/alegria-realestate.com\/de\/articles\/news\/over-the-year-housing-in-the-valencian-community-has-risen-in-price-by-8-5#article","isPartOf":{"@id":"https:\/\/alegria-realestate.com\/de\/articles\/news\/over-the-year-housing-in-the-valencian-community-has-risen-in-price-by-8-5"},"author":{"name":"\u0421\u0435\u0440\u0433\u0435\u0439 \u0411\u0435\u043a\u0438\u0448\u0435\u0432","@id":"https:\/\/alegria-realestate.com\/#\/schema\/person\/9d285f0a34620d7fb8e3836f93b5522c"},"headline":"Im Laufe des Jahres ist der Preis f\u00fcr Zweitwohnungen in der Valencianischen Gemeinschaft um fast 8,5 % gestiegen","datePublished":"2022-05-20T11:15:45+00:00","dateModified":"2025-08-14T18:32:35+00:00","mainEntityOfPage":{"@id":"https:\/\/alegria-realestate.com\/de\/articles\/news\/over-the-year-housing-in-the-valencian-community-has-risen-in-price-by-8-5"},"wordCount":1972,"publisher":{"@id":"https:\/\/alegria-realestate.com\/#organization"},"image":{"@id":"https:\/\/alegria-realestate.com\/de\/articles\/news\/over-the-year-housing-in-the-valencian-community-has-risen-in-price-by-8-5#primaryimage"},"thumbnailUrl":"https:\/\/alegria-realestate.com\/wp-content\/uploads\/2022\/05\/Over-the-year-housing-in-the-Valencian-Community-has-risen-in-price-by-8.5.png","articleSection":["Nachrichten"],"inLanguage":"de"},{"@type":"WebPage","@id":"https:\/\/alegria-realestate.com\/de\/articles\/news\/over-the-year-housing-in-the-valencian-community-has-risen-in-price-by-8-5","url":"https:\/\/alegria-realestate.com\/de\/articles\/news\/over-the-year-housing-in-the-valencian-community-has-risen-in-price-by-8-5","name":"\u0412\u0442\u043e\u0440\u0438\u0447\u043d\u0430\u044f \u0436\u0438\u043b\u0430\u044f \u043d\u0435\u0434\u0432\u0438\u0436\u0438\u043c\u043e\u0441\u0442\u044c \u0432 \u0412\u0430\u043b\u0435\u043d\u0441\u0438\u0439\u0441\u043a\u043e\u043c \u0441\u043e\u043e\u0431\u0449\u0435\u0441\u0442\u0432\u0435 \u0432\u044b\u0440\u043e\u0441\u043b\u0430 \u0432 \u0446\u0435\u043d\u0435 \u043d\u0430 8,5% \u0437\u0430 \u0433\u043e\u0434","isPartOf":{"@id":"https:\/\/alegria-realestate.com\/de\/#website"},"primaryImageOfPage":{"@id":"https:\/\/alegria-realestate.com\/de\/articles\/news\/over-the-year-housing-in-the-valencian-community-has-risen-in-price-by-8-5#primaryimage"},"image":{"@id":"https:\/\/alegria-realestate.com\/de\/articles\/news\/over-the-year-housing-in-the-valencian-community-has-risen-in-price-by-8-5#primaryimage"},"thumbnailUrl":"https:\/\/alegria-realestate.com\/wp-content\/uploads\/2022\/05\/Over-the-year-housing-in-the-Valencian-Community-has-risen-in-price-by-8.5.png","datePublished":"2022-05-20T11:15:45+00:00","dateModified":"2025-08-14T18:32:35+00:00","description":"\u041f\u043e \u0434\u0430\u043d\u043d\u044b\u043c \u043f\u043e\u0440\u0442\u0430\u043b\u0430 Pisos.com \u0437\u0430 \u0430\u043f\u0440\u0435\u043b\u044c, \u0437\u0430 \u0433\u043e\u0434 \u0432\u0442\u043e\u0440\u0438\u0447\u043d\u0430\u044f \u0436\u0438\u043b\u0430\u044f \u043d\u0435\u0434\u0432\u0438\u0436\u0438\u043c\u043e\u0441\u0442\u044c \u0432 \u0412\u0430\u043b\u0435\u043d\u0441\u0438\u0439\u0441\u043a\u043e\u043c \u0441\u043e\u043e\u0431\u0449\u0435\u0441\u0442\u0432\u0435 \u043f\u043e\u0434\u043e\u0440\u043e\u0436\u0430\u043b\u0430 \u043d\u0430 8,49%, \u0434\u043e 1421 \u0435\u0432\u0440\u043e \u0437\u0430 \u043a\u0432.\u043c.","breadcrumb":{"@id":"https:\/\/alegria-realestate.com\/de\/articles\/news\/over-the-year-housing-in-the-valencian-community-has-risen-in-price-by-8-5#breadcrumb"},"inLanguage":"de","potentialAction":[{"@type":"ReadAction","target":[["https:\/\/alegria-realestate.com\/de\/articles\/news\/over-the-year-housing-in-the-valencian-community-has-risen-in-price-by-8-5"]]}]},{"@type":"ImageObject","inLanguage":"de","@id":"https:\/\/alegria-realestate.com\/de\/articles\/news\/over-the-year-housing-in-the-valencian-community-has-risen-in-price-by-8-5#primaryimage","url":"https:\/\/alegria-realestate.com\/wp-content\/uploads\/2022\/05\/Over-the-year-housing-in-the-Valencian-Community-has-risen-in-price-by-8.5.png","contentUrl":"https:\/\/alegria-realestate.com\/wp-content\/uploads\/2022\/05\/Over-the-year-housing-in-the-Valencian-Community-has-risen-in-price-by-8.5.png","width":780,"height":348,"caption":"\u0437\u0430 \u0433\u043e\u0434 \u0432\u0442\u043e\u0440\u0438\u0447\u043d\u043e\u0435 \u0436\u0438\u043b\u044c\u0435 \u0432 \u0432\u0430\u043b\u0435\u043d\u0441\u0438\u0439\u0441\u043a\u043e\u043c \u0441\u043e\u043e\u0431\u0449\u0435\u0441\u0442\u0432\u0435 \u043f\u043e\u0434\u043e\u0440\u043e\u0436\u0430\u043b\u043e \u043f\u043e\u0447\u0442\u0438 \u043d\u0430 8,5%"},{"@type":"BreadcrumbList","@id":"https:\/\/alegria-realestate.com\/de\/articles\/news\/over-the-year-housing-in-the-valencian-community-has-risen-in-price-by-8-5#breadcrumb","itemListElement":[{"@type":"ListItem","position":1,"name":"\u0413\u043b\u0430\u0432\u043d\u0430\u044f \u0441\u0442\u0440\u0430\u043d\u0438\u0446\u0430","item":"https:\/\/alegria-realestate.com\/de\/"},{"@type":"ListItem","position":2,"name":"Im Laufe des Jahres ist der Preis f\u00fcr Zweitwohnungen in der Valencianischen Gemeinschaft um fast 8,5 % gestiegen"}]},{"@type":"WebSite","@id":"https:\/\/alegria-realestate.com\/de\/#website","url":"https:\/\/alegria-realestate.com\/de\/","name":"Immobilien in Spanien","description":"Immobilien in Spanien: Verkauf in allen St\u00e4dten \u2013 Torrevieja, Alicante, Benidorm u. a. Wir helfen Ihnen beim Kauf von Immobilien an der Costa Blanca \u2013 Bestandsimmobilien und Neubauten. Rundum-sorglos-Abwicklung. Immobilien an der Costa Blanca ab \u20ac80.000.","publisher":{"@id":"https:\/\/alegria-realestate.com\/de\/#organization"},"potentialAction":[{"@type":"SearchAction","target":{"@type":"EntryPoint","urlTemplate":"https:\/\/alegria-realestate.com\/de\/?s={search_term_string}"},"query-input":{"@type":"PropertyValueSpecification","valueRequired":true,"valueName":"search_term_string"}}],"inLanguage":"de"},{"@type":"Organization","@id":"https:\/\/alegria-realestate.com\/de\/#organization","name":"Alegria Realestate","url":"https:\/\/alegria-realestate.com\/de\/","logo":{"@type":"ImageObject","inLanguage":"de","@id":"https:\/\/alegria-realestate.com\/de\/#\/schema\/logo\/image\/","url":"https:\/\/alegria-realestate.com\/wp-content\/uploads\/2019\/08\/logo_alegria.png","contentUrl":"https:\/\/alegria-realestate.com\/wp-content\/uploads\/2019\/08\/logo_alegria.png","width":1600,"height":1403,"caption":"Alegria Realestate"},"image":{"@id":"https:\/\/alegria-realestate.com\/de\/#\/schema\/logo\/image\/"},"sameAs":["https:\/\/www.facebook.com\/realestate.alegria","https:\/\/x.com\/alegriarealesta","https:\/\/www.instagram.com\/alegriadom\/","https:\/\/www.linkedin.com\/profile\/view?id=154965227","https:\/\/www.youtube.com\/user\/AlegriaRealEstate"]},{"@type":"Person","@id":"https:\/\/alegria-realestate.com\/#\/schema\/person\/9d285f0a34620d7fb8e3836f93b5522c","name":"\u0421\u0435\u0440\u0433\u0435\u0439 \u0411\u0435\u043a\u0438\u0448\u0435\u0432"}]}},"_links":{"self":[{"href":"https:\/\/alegria-realestate.com\/de\/wp-json\/wp\/v2\/posts\/452496","targetHints":{"allow":["GET"]}}],"collection":[{"href":"https:\/\/alegria-realestate.com\/de\/wp-json\/wp\/v2\/posts"}],"about":[{"href":"https:\/\/alegria-realestate.com\/de\/wp-json\/wp\/v2\/types\/post"}],"author":[{"embeddable":true,"href":"https:\/\/alegria-realestate.com\/de\/wp-json\/wp\/v2\/users\/18"}],"replies":[{"embeddable":true,"href":"https:\/\/alegria-realestate.com\/de\/wp-json\/wp\/v2\/comments?post=452496"}],"version-history":[{"count":1,"href":"https:\/\/alegria-realestate.com\/de\/wp-json\/wp\/v2\/posts\/452496\/revisions"}],"predecessor-version":[{"id":837589,"href":"https:\/\/alegria-realestate.com\/de\/wp-json\/wp\/v2\/posts\/452496\/revisions\/837589"}],"wp:featuredmedia":[{"embeddable":true,"href":"https:\/\/alegria-realestate.com\/de\/wp-json\/wp\/v2\/media\/452497"}],"wp:attachment":[{"href":"https:\/\/alegria-realestate.com\/de\/wp-json\/wp\/v2\/media?parent=452496"}],"wp:term":[{"taxonomy":"category","embeddable":true,"href":"https:\/\/alegria-realestate.com\/de\/wp-json\/wp\/v2\/categories?post=452496"},{"taxonomy":"post_tag","embeddable":true,"href":"https:\/\/alegria-realestate.com\/de\/wp-json\/wp\/v2\/tags?post=452496"}],"curies":[{"name":"wp","href":"https:\/\/api.w.org\/{rel}","templated":true}]}}