{"id":495264,"date":"2023-03-06T16:13:32","date_gmt":"2023-03-06T13:13:32","guid":{"rendered":"https:\/\/alegria-realestate.com\/?p=495264"},"modified":"2025-08-14T21:35:15","modified_gmt":"2025-08-14T18:35:15","slug":"fallas-in-valencia-2023","status":"publish","type":"post","link":"https:\/\/alegria-realestate.com\/de\/articles\/fallas-in-valencia-2023","title":{"rendered":"Zeitplan f\u00fcr die Fallas-Feierlichkeiten 2023 in Valencia"},"content":{"rendered":"<p>Fallas ist der wichtigste Feiertag in der Stadt Valencia, der im M\u00e4rz gefeiert wird. Das Fest geht auf eine alte heidnische Tradition zur\u00fcck, die mit der Wintersonnenwende und dem Beginn des Fr\u00fchlings verbunden ist. Die Geschichte der Fallas reicht bis ins Mittelalter zur\u00fcck, als valencianische Handwerker damit begannen, Puppen aus Ton und Papier in Form von Frauen und M\u00e4nnern herzustellen, die nach der Feier verbrannt wurden. Diese Puppen, \u201eNinots\u201c genannt, sowie daraus hergestellte Kompositionen, \u201eFallas\u201c, symbolisierten B\u00f6ses und Katastrophen, die verbrannt werden mussten, um Gl\u00fcck und Wohlstand anzuziehen. Die Kompositionen sind wahre Kunstwerke. Fallas werden auf den Stra\u00dfen und auf dem Hauptplatz der Stadt aufgestellt und am letzten Tag des Festivals feierlich verbrannt. Nur diejenigen Kompositionen, die als die besten gelten, entgehen diesem traurigen Schicksal; am Ende des Urlaubs werden sie in das Fallas-Festivalmuseum geschickt. Die Fallas sind ein wichtiges kulturelles und touristisches Ereignis in Valencia, das viele Besucher anzieht und einen erheblichen Beitrag zur Wirtschaft der Region leistet. Nachfolgend finden Sie das vollst\u00e4ndige Programm des Fallas-Festivals in Valencia im Jahr 2023.<\/p>\n<h2> Fallas-Programm 2023 in Valencia<\/h2>\n<p> Nach alter Tradition feiern Einwohner und G\u00e4ste Valencias bis zum 19. M\u00e4rz die Fallas \u2013 das Fest des Feuers, das zum immateriellen Weltkulturerbe der UNESCO geh\u00f6rt. Die Fallas werden auch in anderen St\u00e4dten der valencianischen Gemeinschaft gefeiert, aber in der Hauptstadt ist sie am farbenfrohsten und umfangreichsten. Wie \u00fcblich sind die wichtigsten Festveranstaltungen f\u00fcr den 15. bis 19. M\u00e4rz geplant, davor finden einige vorbereitende Veranstaltungen statt. 6. M\u00e4rz: Beginn So <strong>werden ab dem 6. M\u00e4rz jeden Tag um 14:00 Uhr<\/strong> auf dem Hauptplatz der Stadt, der Plaza del Ayuntamiento, Explosionen von Feuerwerksk\u00f6rpern \u2013 \u201eMasclet\u00e0\u201c \u2013 organisiert. Dar\u00fcber hinaus findet die \u201eMasclet\u00e0\u201c von Samstag, 11. M\u00e4rz bis Sonntag, um Mitternacht und am Sonntag, 12. M\u00e4rz, um 15.00 Uhr statt \u2013 im Viertel Benicalap.<\/p>\n<h3> Vom 6. bis 15. M\u00e4rz: Ausstellung der Kinderfiguren \u201eNinot\u201c<\/h3>\n<p> Bis einschlie\u00dflich 15. M\u00e4rz wird im Museum der Wissenschaften (Museo de las Ciencias), das sich auf dem Territorium der Stadt der K\u00fcnste und Wissenschaften befindet, eine Ausstellung mit Kinderfigurenkompositionen \u201eNinot\u201c gezeigt. Sie k\u00f6nnen es <strong>t\u00e4glich von 10:00 bis 20:00 Uhr (Montag bis Donnerstag) und von 10:00 bis 21:00 Uhr (Freitag bis Sonntag) besichtigen.<\/strong> Ein Teil der Ausstellung endet <strong>am 14. M\u00e4rz um 17:00 Uhr<\/strong> (um 17:30 Uhr wird der \u201eninot indultat infantil\u201c ermittelt, der Verbrennungen vermeidet), <strong>der zweite &#8211; am 15. M\u00e4rz um 17:00 Uhr<\/strong> (in einer halben Stunde). das \u201eninot indultat\u201c wird bekannt sein).<\/p>\n<h3> 15.-16. M\u00e4rz: Installation von Kinder- und anderen Fallas-Kompositionen auf den Stra\u00dfen der Stadt<\/h3>\n<p> <strong>Am 15. M\u00e4rz um 8:00 Uhr<\/strong> werden die \u201eNinot Infantil\u201c-Kompositionen auf den Stra\u00dfen der Stadt aufgestellt, und <strong>am 16. M\u00e4rz werden zur gleichen Zeit<\/strong> alle anderen \u201eFallas\u201c ihre Pl\u00e4tze einnehmen.<\/p>\n<h3> Mitternacht vom 15. bis 16. M\u00e4rz, vom 16. bis 17. und vom 18. bis 19. M\u00e4rz: Pyrotechnische Shows<\/h3>\n<p> <strong>Vom 15. bis 16. M\u00e4rz findet um Mitternacht<\/strong> eine pyrotechnische Show auf der Plaza del Ayuntamiento statt, und <strong>vom 16. bis 17. M\u00e4rz<\/strong> veranstalten die Organisatoren des Festivals im Jard\u00edn del Turia ein Feuerwerk, das <strong>um 1:00 Uhr<\/strong> wiederholt wird <strong>vom 17. bis 18. M\u00e4rz und um 1:00 Uhr vom 18. bis 19. M\u00e4rz<\/strong> (\u201enit del foc\u201c \u2013 \u201eNacht des Feuers\u201c).<\/p>\n<h3> 17. und 18. M\u00e4rz: Prozessionen und Blumenspenden<\/h3>\n<p> <strong>Am 17. M\u00e4rz von 15:30 bis 23:55 Uhr und am 18. M\u00e4rz von 15:30 bis 13:00 Uhr<\/strong> finden Prozessionen in der ganzen Stadt statt, bei denen Blumen am Bildnis der Schutzpatronin von Valencia, Mare de D\u00e9u els Desemparats, niedergelegt werden &#8211; Unsere Liebe Frau von den Besitzlosen. <strong>Am 18. M\u00e4rz um 10:30 Uhr<\/strong> wird der Journalist, Schriftsteller, Regisseur und Dramatiker Maximilian Tus i Orts Aufmerksamkeit erregen, und <strong>um 12:00 Uhr<\/strong> der Dichter Maestro Serrano; An ihren Denkm\u00e4lern finden Zeremonien statt.<\/p>\n<h3> 19. M\u00e4rz: H\u00f6hepunkt des Fallas-Festivals in Valencia<\/h3>\n<p> Der H\u00f6hepunkt des Feiertags findet am <strong>19. M\u00e4rz statt.<\/strong> <strong>Um 11:00 Uhr<\/strong> findet eine Blumenniederlegung auf der St. Joseph-Br\u00fccke (Sant Josep) statt und <strong>um 12:00 Uhr<\/strong> findet zu seinen Ehren eine Messe in der Kathedrale von Valencia statt. <strong>Um 18:00 Uhr<\/strong> beginnt eine \u201eFeuerprozession\u201c von der Calle Ruzafa entlang der Calle Col\u00f3n bis zur Plaza de la Porta la Mar, ab 20:00 Uhr werden figurative Kompositionen f\u00fcr Kinder verbrannt und <strong>ab 22:00 Uhr<\/strong> alle anderen. Die beiden Hauptfiguren werden <strong>um 21:00 und 23:00 Uhr die Plaza del Ayuntamiento in Brand stecken.<\/strong><\/p>","protected":false},"excerpt":{"rendered":"<p>Fallas ist der wichtigste Feiertag in der Stadt Valencia,\u2026<\/p>\n","protected":false},"author":19,"featured_media":495266,"comment_status":"closed","ping_status":"closed","sticky":false,"template":"","format":"standard","meta":{"footnotes":""},"categories":[1,76],"tags":[],"class_list":["post-495264","post","type-post","status-publish","format-standard","has-post-thumbnail","hentry","category-articles","category-tourism-in-spain"],"yoast_head":"<!-- This site is optimized with the Yoast SEO plugin v27.5 - https:\/\/yoast.com\/product\/yoast-seo-wordpress\/ -->\n<title>(RU) \u0424\u0430\u043b\u044c\u044f\u0441-2023 \u0432 \u0412\u0430\u043b\u0435\u043d\u0441\u0438\u0438: \u043f\u0440\u043e\u0433\u0440\u0430\u043c\u043c\u0430 \u043f\u0440\u0430\u0437\u0434\u043d\u0438\u043a\u0430<\/title>\n<meta name=\"description\" content=\"(RU) \u0412 \u044d\u0442\u043e\u0439 \u0441\u0442\u0430\u0442\u044c\u0435 \u043c\u044b \u043f\u0440\u0435\u0434\u0441\u0442\u0430\u0432\u043b\u044f\u0435\u043c \u0432\u0430\u0448\u0435\u043c\u0443 \u0432\u043d\u0438\u043c\u0430\u043d\u0438\u044e \u043f\u0440\u043e\u0433\u0440\u0430\u043c\u043c\u0443 \u0444\u0435\u0441\u0442\u0438\u0432\u0430\u043b\u044f \u0424\u0430\u043b\u044c\u044f\u0441 \u0432 \u0412\u0430\u043b\u0435\u043d\u0441\u0438\u0438 \u2013 \u0433\u043b\u0430\u0432\u043d\u043e\u0433\u043e \u043f\u0440\u0430\u0437\u0434\u043d\u0438\u043a\u0430 \u0433\u043e\u0440\u043e\u0434\u0430 \u0438 \u0432\u0441\u0435\u0433\u043e \u0412\u0430\u043b\u0435\u043d\u0441\u0438\u0439\u0441\u043a\u043e\u0433\u043e \u0441\u043e\u043e\u0431\u0449\u0435\u0441\u0442\u0432\u0430\" \/>\n<meta name=\"robots\" content=\"index, follow, max-snippet:-1, max-image-preview:large, max-video-preview:-1\" \/>\n<link rel=\"canonical\" href=\"https:\/\/alegria-realestate.com\/de\/wp-json\/wp\/v2\/posts\/495264\" \/>\n<meta property=\"og:locale\" content=\"de_DE\" \/>\n<meta property=\"og:type\" content=\"article\" \/>\n<meta property=\"og:title\" content=\"(RU) \u0424\u0430\u043b\u044c\u044f\u0441-2023 \u0432 \u0412\u0430\u043b\u0435\u043d\u0441\u0438\u0438: \u043f\u0440\u043e\u0433\u0440\u0430\u043c\u043c\u0430 \u043f\u0440\u0430\u0437\u0434\u043d\u0438\u043a\u0430\" \/>\n<meta property=\"og:description\" content=\"(RU) \u0412 \u044d\u0442\u043e\u0439 \u0441\u0442\u0430\u0442\u044c\u0435 \u043c\u044b \u043f\u0440\u0435\u0434\u0441\u0442\u0430\u0432\u043b\u044f\u0435\u043c \u0432\u0430\u0448\u0435\u043c\u0443 \u0432\u043d\u0438\u043c\u0430\u043d\u0438\u044e \u043f\u0440\u043e\u0433\u0440\u0430\u043c\u043c\u0443 \u0444\u0435\u0441\u0442\u0438\u0432\u0430\u043b\u044f \u0424\u0430\u043b\u044c\u044f\u0441 \u0432 \u0412\u0430\u043b\u0435\u043d\u0441\u0438\u0438 \u2013 \u0433\u043b\u0430\u0432\u043d\u043e\u0433\u043e \u043f\u0440\u0430\u0437\u0434\u043d\u0438\u043a\u0430 \u0433\u043e\u0440\u043e\u0434\u0430 \u0438 \u0432\u0441\u0435\u0433\u043e \u0412\u0430\u043b\u0435\u043d\u0441\u0438\u0439\u0441\u043a\u043e\u0433\u043e \u0441\u043e\u043e\u0431\u0449\u0435\u0441\u0442\u0432\u0430\" \/>\n<meta property=\"og:url\" content=\"https:\/\/alegria-realestate.com\/de\/wp-json\/wp\/v2\/posts\/495264\" \/>\n<meta property=\"og:site_name\" content=\"Immobilien in Spanien\" \/>\n<meta property=\"article:publisher\" content=\"https:\/\/www.facebook.com\/realestate.alegria\" \/>\n<meta property=\"article:published_time\" content=\"2023-03-06T13:13:32+00:00\" \/>\n<meta property=\"article:modified_time\" content=\"2025-08-14T18:35:15+00:00\" \/>\n<meta property=\"og:image\" content=\"https:\/\/alegria-realestate.com\/wp-content\/uploads\/2023\/03\/Depositphotos_5561640_L-scaled.jpg\" \/>\n\t<meta property=\"og:image:width\" content=\"1920\" \/>\n\t<meta property=\"og:image:height\" content=\"1280\" \/>\n\t<meta property=\"og:image:type\" content=\"image\/jpeg\" \/>\n<meta name=\"author\" content=\"\u041b\u0435\u0440\u0430\" \/>\n<meta name=\"twitter:card\" content=\"summary_large_image\" \/>\n<meta name=\"twitter:creator\" content=\"@alegriarealesta\" \/>\n<meta name=\"twitter:site\" content=\"@alegriarealesta\" \/>\n<script type=\"application\/ld+json\" class=\"yoast-schema-graph\">{\"@context\":\"https:\\\/\\\/schema.org\",\"@graph\":[{\"@type\":\"Article\",\"@id\":\"https:\\\/\\\/alegria-realestate.com\\\/articles\\\/fallas-in-valencia-2023#article\",\"isPartOf\":{\"@id\":\"https:\\\/\\\/alegria-realestate.com\\\/articles\\\/fallas-in-valencia-2023\"},\"author\":{\"name\":\"\u041b\u0435\u0440\u0430\",\"@id\":\"https:\\\/\\\/alegria-realestate.com\\\/#\\\/schema\\\/person\\\/6c26f3bac4c1e476e858c219ece11984\"},\"headline\":\"Zeitplan f\u00fcr die Fallas-Feierlichkeiten 2023 in Valencia\",\"datePublished\":\"2023-03-06T13:13:32+00:00\",\"dateModified\":\"2025-08-14T18:35:15+00:00\",\"mainEntityOfPage\":{\"@id\":\"https:\\\/\\\/alegria-realestate.com\\\/articles\\\/fallas-in-valencia-2023\"},\"wordCount\":3534,\"publisher\":{\"@id\":\"https:\\\/\\\/alegria-realestate.com\\\/#organization\"},\"image\":{\"@id\":\"https:\\\/\\\/alegria-realestate.com\\\/articles\\\/fallas-in-valencia-2023#primaryimage\"},\"thumbnailUrl\":\"https:\\\/\\\/alegria-realestate.com\\\/wp-content\\\/uploads\\\/2023\\\/03\\\/Depositphotos_5561640_L-scaled.jpg\",\"articleSection\":[\"Blog\",\"Tourismus in Spanien\"],\"inLanguage\":\"de\"},{\"@type\":\"WebPage\",\"@id\":\"https:\\\/\\\/alegria-realestate.com\\\/de\\\/articles\\\/fallas-in-valencia-2023\",\"url\":\"https:\\\/\\\/alegria-realestate.com\\\/de\\\/articles\\\/fallas-in-valencia-2023\",\"name\":\"(RU) \u0424\u0430\u043b\u044c\u044f\u0441-2023 \u0432 \u0412\u0430\u043b\u0435\u043d\u0441\u0438\u0438: \u043f\u0440\u043e\u0433\u0440\u0430\u043c\u043c\u0430 \u043f\u0440\u0430\u0437\u0434\u043d\u0438\u043a\u0430\",\"isPartOf\":{\"@id\":\"https:\\\/\\\/alegria-realestate.com\\\/de\\\/#website\"},\"primaryImageOfPage\":{\"@id\":\"https:\\\/\\\/alegria-realestate.com\\\/de\\\/articles\\\/fallas-in-valencia-2023#primaryimage\"},\"image\":{\"@id\":\"https:\\\/\\\/alegria-realestate.com\\\/articles\\\/fallas-in-valencia-2023#primaryimage\"},\"thumbnailUrl\":\"https:\\\/\\\/alegria-realestate.com\\\/wp-content\\\/uploads\\\/2023\\\/03\\\/Depositphotos_5561640_L-scaled.jpg\",\"datePublished\":\"2023-03-06T13:13:32+00:00\",\"dateModified\":\"2025-08-14T18:35:15+00:00\",\"description\":\"(RU) \u0412 \u044d\u0442\u043e\u0439 \u0441\u0442\u0430\u0442\u044c\u0435 \u043c\u044b \u043f\u0440\u0435\u0434\u0441\u0442\u0430\u0432\u043b\u044f\u0435\u043c \u0432\u0430\u0448\u0435\u043c\u0443 \u0432\u043d\u0438\u043c\u0430\u043d\u0438\u044e \u043f\u0440\u043e\u0433\u0440\u0430\u043c\u043c\u0443 \u0444\u0435\u0441\u0442\u0438\u0432\u0430\u043b\u044f \u0424\u0430\u043b\u044c\u044f\u0441 \u0432 \u0412\u0430\u043b\u0435\u043d\u0441\u0438\u0438 \u2013 \u0433\u043b\u0430\u0432\u043d\u043e\u0433\u043e \u043f\u0440\u0430\u0437\u0434\u043d\u0438\u043a\u0430 \u0433\u043e\u0440\u043e\u0434\u0430 \u0438 \u0432\u0441\u0435\u0433\u043e \u0412\u0430\u043b\u0435\u043d\u0441\u0438\u0439\u0441\u043a\u043e\u0433\u043e \u0441\u043e\u043e\u0431\u0449\u0435\u0441\u0442\u0432\u0430\",\"breadcrumb\":{\"@id\":\"https:\\\/\\\/alegria-realestate.com\\\/de\\\/articles\\\/fallas-in-valencia-2023#breadcrumb\"},\"inLanguage\":\"de\",\"potentialAction\":[{\"@type\":\"ReadAction\",\"target\":[[\"https:\\\/\\\/alegria-realestate.com\\\/de\\\/articles\\\/fallas-in-valencia-2023\"]]}]},{\"@type\":\"ImageObject\",\"inLanguage\":\"de\",\"@id\":\"https:\\\/\\\/alegria-realestate.com\\\/de\\\/articles\\\/fallas-in-valencia-2023#primaryimage\",\"url\":\"https:\\\/\\\/alegria-realestate.com\\\/wp-content\\\/uploads\\\/2023\\\/03\\\/Depositphotos_5561640_L-scaled.jpg\",\"contentUrl\":\"https:\\\/\\\/alegria-realestate.com\\\/wp-content\\\/uploads\\\/2023\\\/03\\\/Depositphotos_5561640_L-scaled.jpg\",\"width\":1920,\"height\":1280,\"caption\":\"\u0420\u0430\u0441\u043f\u0438\u0441\u0430\u043d\u0438\u0435 \u043f\u0440\u0430\u0437\u0434\u043d\u043e\u0432\u0430\u043d\u0438\u044f \u0424\u0430\u043b\u044c\u044f\u0441-2023 \u0432 \u0412\u0430\u043b\u0435\u043d\u0441\u0438\u0438\"},{\"@type\":\"BreadcrumbList\",\"@id\":\"https:\\\/\\\/alegria-realestate.com\\\/de\\\/articles\\\/fallas-in-valencia-2023#breadcrumb\",\"itemListElement\":[{\"@type\":\"ListItem\",\"position\":1,\"name\":\"\u0413\u043b\u0430\u0432\u043d\u0430\u044f \u0441\u0442\u0440\u0430\u043d\u0438\u0446\u0430\",\"item\":\"https:\\\/\\\/alegria-realestate.com\\\/de\\\/\"},{\"@type\":\"ListItem\",\"position\":2,\"name\":\"\u0420\u0430\u0441\u043f\u0438\u0441\u0430\u043d\u0438\u0435 \u043f\u0440\u0430\u0437\u0434\u043d\u043e\u0432\u0430\u043d\u0438\u044f \u0424\u0430\u043b\u044c\u044f\u0441-2023 \u0432 \u0412\u0430\u043b\u0435\u043d\u0441\u0438\u0438\"}]},{\"@type\":\"WebSite\",\"@id\":\"https:\\\/\\\/alegria-realestate.com\\\/de\\\/#website\",\"url\":\"https:\\\/\\\/alegria-realestate.com\\\/de\\\/\",\"name\":\"Immobilien in Spanien\",\"description\":\"Immobilien in Spanien: Verkauf in allen St\u00e4dten \u2013 Torrevieja, Alicante, Benidorm u. a. Wir helfen Ihnen beim Kauf von Immobilien an der Costa Blanca \u2013 Bestandsimmobilien und Neubauten. Rundum-sorglos-Abwicklung. Immobilien an der Costa Blanca ab \u20ac80.000.\",\"publisher\":{\"@id\":\"https:\\\/\\\/alegria-realestate.com\\\/de\\\/#organization\"},\"potentialAction\":[{\"@type\":\"SearchAction\",\"target\":{\"@type\":\"EntryPoint\",\"urlTemplate\":\"https:\\\/\\\/alegria-realestate.com\\\/de\\\/?s={search_term_string}\"},\"query-input\":{\"@type\":\"PropertyValueSpecification\",\"valueRequired\":true,\"valueName\":\"search_term_string\"}}],\"inLanguage\":\"de\"},{\"@type\":\"Organization\",\"@id\":\"https:\\\/\\\/alegria-realestate.com\\\/de\\\/#organization\",\"name\":\"Alegria Realestate\",\"url\":\"https:\\\/\\\/alegria-realestate.com\\\/de\\\/\",\"logo\":{\"@type\":\"ImageObject\",\"inLanguage\":\"de\",\"@id\":\"https:\\\/\\\/alegria-realestate.com\\\/de\\\/#\\\/schema\\\/logo\\\/image\\\/\",\"url\":\"https:\\\/\\\/alegria-realestate.com\\\/wp-content\\\/uploads\\\/2019\\\/08\\\/logo_alegria.png\",\"contentUrl\":\"https:\\\/\\\/alegria-realestate.com\\\/wp-content\\\/uploads\\\/2019\\\/08\\\/logo_alegria.png\",\"width\":1600,\"height\":1403,\"caption\":\"Alegria Realestate\"},\"image\":{\"@id\":\"https:\\\/\\\/alegria-realestate.com\\\/de\\\/#\\\/schema\\\/logo\\\/image\\\/\"},\"sameAs\":[\"https:\\\/\\\/www.facebook.com\\\/realestate.alegria\",\"https:\\\/\\\/x.com\\\/alegriarealesta\",\"https:\\\/\\\/www.instagram.com\\\/alegriadom\\\/\",\"https:\\\/\\\/www.linkedin.com\\\/profile\\\/view?id=154965227\",\"https:\\\/\\\/www.youtube.com\\\/user\\\/AlegriaRealEstate\"]},{\"@type\":\"Person\",\"@id\":\"https:\\\/\\\/alegria-realestate.com\\\/#\\\/schema\\\/person\\\/6c26f3bac4c1e476e858c219ece11984\",\"name\":\"\u041b\u0435\u0440\u0430\"}]}<\/script>\n<!-- \/ Yoast SEO plugin. -->","yoast_head_json":{"title":"(RU) \u0424\u0430\u043b\u044c\u044f\u0441-2023 \u0432 \u0412\u0430\u043b\u0435\u043d\u0441\u0438\u0438: \u043f\u0440\u043e\u0433\u0440\u0430\u043c\u043c\u0430 \u043f\u0440\u0430\u0437\u0434\u043d\u0438\u043a\u0430","description":"(RU) \u0412 \u044d\u0442\u043e\u0439 \u0441\u0442\u0430\u0442\u044c\u0435 \u043c\u044b \u043f\u0440\u0435\u0434\u0441\u0442\u0430\u0432\u043b\u044f\u0435\u043c \u0432\u0430\u0448\u0435\u043c\u0443 \u0432\u043d\u0438\u043c\u0430\u043d\u0438\u044e \u043f\u0440\u043e\u0433\u0440\u0430\u043c\u043c\u0443 \u0444\u0435\u0441\u0442\u0438\u0432\u0430\u043b\u044f \u0424\u0430\u043b\u044c\u044f\u0441 \u0432 \u0412\u0430\u043b\u0435\u043d\u0441\u0438\u0438 \u2013 \u0433\u043b\u0430\u0432\u043d\u043e\u0433\u043e \u043f\u0440\u0430\u0437\u0434\u043d\u0438\u043a\u0430 \u0433\u043e\u0440\u043e\u0434\u0430 \u0438 \u0432\u0441\u0435\u0433\u043e \u0412\u0430\u043b\u0435\u043d\u0441\u0438\u0439\u0441\u043a\u043e\u0433\u043e \u0441\u043e\u043e\u0431\u0449\u0435\u0441\u0442\u0432\u0430","robots":{"index":"index","follow":"follow","max-snippet":"max-snippet:-1","max-image-preview":"max-image-preview:large","max-video-preview":"max-video-preview:-1"},"canonical":"https:\/\/alegria-realestate.com\/de\/wp-json\/wp\/v2\/posts\/495264","og_locale":"de_DE","og_type":"article","og_title":"(RU) \u0424\u0430\u043b\u044c\u044f\u0441-2023 \u0432 \u0412\u0430\u043b\u0435\u043d\u0441\u0438\u0438: \u043f\u0440\u043e\u0433\u0440\u0430\u043c\u043c\u0430 \u043f\u0440\u0430\u0437\u0434\u043d\u0438\u043a\u0430","og_description":"(RU) \u0412 \u044d\u0442\u043e\u0439 \u0441\u0442\u0430\u0442\u044c\u0435 \u043c\u044b \u043f\u0440\u0435\u0434\u0441\u0442\u0430\u0432\u043b\u044f\u0435\u043c \u0432\u0430\u0448\u0435\u043c\u0443 \u0432\u043d\u0438\u043c\u0430\u043d\u0438\u044e \u043f\u0440\u043e\u0433\u0440\u0430\u043c\u043c\u0443 \u0444\u0435\u0441\u0442\u0438\u0432\u0430\u043b\u044f \u0424\u0430\u043b\u044c\u044f\u0441 \u0432 \u0412\u0430\u043b\u0435\u043d\u0441\u0438\u0438 \u2013 \u0433\u043b\u0430\u0432\u043d\u043e\u0433\u043e \u043f\u0440\u0430\u0437\u0434\u043d\u0438\u043a\u0430 \u0433\u043e\u0440\u043e\u0434\u0430 \u0438 \u0432\u0441\u0435\u0433\u043e \u0412\u0430\u043b\u0435\u043d\u0441\u0438\u0439\u0441\u043a\u043e\u0433\u043e \u0441\u043e\u043e\u0431\u0449\u0435\u0441\u0442\u0432\u0430","og_url":"https:\/\/alegria-realestate.com\/de\/wp-json\/wp\/v2\/posts\/495264","og_site_name":"Immobilien in Spanien","article_publisher":"https:\/\/www.facebook.com\/realestate.alegria","article_published_time":"2023-03-06T13:13:32+00:00","article_modified_time":"2025-08-14T18:35:15+00:00","og_image":[{"width":1920,"height":1280,"url":"https:\/\/alegria-realestate.com\/wp-content\/uploads\/2023\/03\/Depositphotos_5561640_L-scaled.jpg","type":"image\/jpeg"}],"author":"\u041b\u0435\u0440\u0430","twitter_card":"summary_large_image","twitter_creator":"@alegriarealesta","twitter_site":"@alegriarealesta","schema":{"@context":"https:\/\/schema.org","@graph":[{"@type":"Article","@id":"https:\/\/alegria-realestate.com\/articles\/fallas-in-valencia-2023#article","isPartOf":{"@id":"https:\/\/alegria-realestate.com\/articles\/fallas-in-valencia-2023"},"author":{"name":"\u041b\u0435\u0440\u0430","@id":"https:\/\/alegria-realestate.com\/#\/schema\/person\/6c26f3bac4c1e476e858c219ece11984"},"headline":"Zeitplan f\u00fcr die Fallas-Feierlichkeiten 2023 in Valencia","datePublished":"2023-03-06T13:13:32+00:00","dateModified":"2025-08-14T18:35:15+00:00","mainEntityOfPage":{"@id":"https:\/\/alegria-realestate.com\/articles\/fallas-in-valencia-2023"},"wordCount":3534,"publisher":{"@id":"https:\/\/alegria-realestate.com\/#organization"},"image":{"@id":"https:\/\/alegria-realestate.com\/articles\/fallas-in-valencia-2023#primaryimage"},"thumbnailUrl":"https:\/\/alegria-realestate.com\/wp-content\/uploads\/2023\/03\/Depositphotos_5561640_L-scaled.jpg","articleSection":["Blog","Tourismus in Spanien"],"inLanguage":"de"},{"@type":"WebPage","@id":"https:\/\/alegria-realestate.com\/de\/articles\/fallas-in-valencia-2023","url":"https:\/\/alegria-realestate.com\/de\/articles\/fallas-in-valencia-2023","name":"(RU) \u0424\u0430\u043b\u044c\u044f\u0441-2023 \u0432 \u0412\u0430\u043b\u0435\u043d\u0441\u0438\u0438: \u043f\u0440\u043e\u0433\u0440\u0430\u043c\u043c\u0430 \u043f\u0440\u0430\u0437\u0434\u043d\u0438\u043a\u0430","isPartOf":{"@id":"https:\/\/alegria-realestate.com\/de\/#website"},"primaryImageOfPage":{"@id":"https:\/\/alegria-realestate.com\/de\/articles\/fallas-in-valencia-2023#primaryimage"},"image":{"@id":"https:\/\/alegria-realestate.com\/articles\/fallas-in-valencia-2023#primaryimage"},"thumbnailUrl":"https:\/\/alegria-realestate.com\/wp-content\/uploads\/2023\/03\/Depositphotos_5561640_L-scaled.jpg","datePublished":"2023-03-06T13:13:32+00:00","dateModified":"2025-08-14T18:35:15+00:00","description":"(RU) \u0412 \u044d\u0442\u043e\u0439 \u0441\u0442\u0430\u0442\u044c\u0435 \u043c\u044b \u043f\u0440\u0435\u0434\u0441\u0442\u0430\u0432\u043b\u044f\u0435\u043c \u0432\u0430\u0448\u0435\u043c\u0443 \u0432\u043d\u0438\u043c\u0430\u043d\u0438\u044e \u043f\u0440\u043e\u0433\u0440\u0430\u043c\u043c\u0443 \u0444\u0435\u0441\u0442\u0438\u0432\u0430\u043b\u044f \u0424\u0430\u043b\u044c\u044f\u0441 \u0432 \u0412\u0430\u043b\u0435\u043d\u0441\u0438\u0438 \u2013 \u0433\u043b\u0430\u0432\u043d\u043e\u0433\u043e \u043f\u0440\u0430\u0437\u0434\u043d\u0438\u043a\u0430 \u0433\u043e\u0440\u043e\u0434\u0430 \u0438 \u0432\u0441\u0435\u0433\u043e \u0412\u0430\u043b\u0435\u043d\u0441\u0438\u0439\u0441\u043a\u043e\u0433\u043e \u0441\u043e\u043e\u0431\u0449\u0435\u0441\u0442\u0432\u0430","breadcrumb":{"@id":"https:\/\/alegria-realestate.com\/de\/articles\/fallas-in-valencia-2023#breadcrumb"},"inLanguage":"de","potentialAction":[{"@type":"ReadAction","target":[["https:\/\/alegria-realestate.com\/de\/articles\/fallas-in-valencia-2023"]]}]},{"@type":"ImageObject","inLanguage":"de","@id":"https:\/\/alegria-realestate.com\/de\/articles\/fallas-in-valencia-2023#primaryimage","url":"https:\/\/alegria-realestate.com\/wp-content\/uploads\/2023\/03\/Depositphotos_5561640_L-scaled.jpg","contentUrl":"https:\/\/alegria-realestate.com\/wp-content\/uploads\/2023\/03\/Depositphotos_5561640_L-scaled.jpg","width":1920,"height":1280,"caption":"\u0420\u0430\u0441\u043f\u0438\u0441\u0430\u043d\u0438\u0435 \u043f\u0440\u0430\u0437\u0434\u043d\u043e\u0432\u0430\u043d\u0438\u044f \u0424\u0430\u043b\u044c\u044f\u0441-2023 \u0432 \u0412\u0430\u043b\u0435\u043d\u0441\u0438\u0438"},{"@type":"BreadcrumbList","@id":"https:\/\/alegria-realestate.com\/de\/articles\/fallas-in-valencia-2023#breadcrumb","itemListElement":[{"@type":"ListItem","position":1,"name":"\u0413\u043b\u0430\u0432\u043d\u0430\u044f \u0441\u0442\u0440\u0430\u043d\u0438\u0446\u0430","item":"https:\/\/alegria-realestate.com\/de\/"},{"@type":"ListItem","position":2,"name":"\u0420\u0430\u0441\u043f\u0438\u0441\u0430\u043d\u0438\u0435 \u043f\u0440\u0430\u0437\u0434\u043d\u043e\u0432\u0430\u043d\u0438\u044f \u0424\u0430\u043b\u044c\u044f\u0441-2023 \u0432 \u0412\u0430\u043b\u0435\u043d\u0441\u0438\u0438"}]},{"@type":"WebSite","@id":"https:\/\/alegria-realestate.com\/de\/#website","url":"https:\/\/alegria-realestate.com\/de\/","name":"Immobilien in Spanien","description":"Immobilien in Spanien: Verkauf in allen St\u00e4dten \u2013 Torrevieja, Alicante, Benidorm u. a. Wir helfen Ihnen beim Kauf von Immobilien an der Costa Blanca \u2013 Bestandsimmobilien und Neubauten. Rundum-sorglos-Abwicklung. Immobilien an der Costa Blanca ab \u20ac80.000.","publisher":{"@id":"https:\/\/alegria-realestate.com\/de\/#organization"},"potentialAction":[{"@type":"SearchAction","target":{"@type":"EntryPoint","urlTemplate":"https:\/\/alegria-realestate.com\/de\/?s={search_term_string}"},"query-input":{"@type":"PropertyValueSpecification","valueRequired":true,"valueName":"search_term_string"}}],"inLanguage":"de"},{"@type":"Organization","@id":"https:\/\/alegria-realestate.com\/de\/#organization","name":"Alegria Realestate","url":"https:\/\/alegria-realestate.com\/de\/","logo":{"@type":"ImageObject","inLanguage":"de","@id":"https:\/\/alegria-realestate.com\/de\/#\/schema\/logo\/image\/","url":"https:\/\/alegria-realestate.com\/wp-content\/uploads\/2019\/08\/logo_alegria.png","contentUrl":"https:\/\/alegria-realestate.com\/wp-content\/uploads\/2019\/08\/logo_alegria.png","width":1600,"height":1403,"caption":"Alegria Realestate"},"image":{"@id":"https:\/\/alegria-realestate.com\/de\/#\/schema\/logo\/image\/"},"sameAs":["https:\/\/www.facebook.com\/realestate.alegria","https:\/\/x.com\/alegriarealesta","https:\/\/www.instagram.com\/alegriadom\/","https:\/\/www.linkedin.com\/profile\/view?id=154965227","https:\/\/www.youtube.com\/user\/AlegriaRealEstate"]},{"@type":"Person","@id":"https:\/\/alegria-realestate.com\/#\/schema\/person\/6c26f3bac4c1e476e858c219ece11984","name":"\u041b\u0435\u0440\u0430"}]}},"_links":{"self":[{"href":"https:\/\/alegria-realestate.com\/de\/wp-json\/wp\/v2\/posts\/495264","targetHints":{"allow":["GET"]}}],"collection":[{"href":"https:\/\/alegria-realestate.com\/de\/wp-json\/wp\/v2\/posts"}],"about":[{"href":"https:\/\/alegria-realestate.com\/de\/wp-json\/wp\/v2\/types\/post"}],"author":[{"embeddable":true,"href":"https:\/\/alegria-realestate.com\/de\/wp-json\/wp\/v2\/users\/19"}],"replies":[{"embeddable":true,"href":"https:\/\/alegria-realestate.com\/de\/wp-json\/wp\/v2\/comments?post=495264"}],"version-history":[{"count":1,"href":"https:\/\/alegria-realestate.com\/de\/wp-json\/wp\/v2\/posts\/495264\/revisions"}],"predecessor-version":[{"id":837679,"href":"https:\/\/alegria-realestate.com\/de\/wp-json\/wp\/v2\/posts\/495264\/revisions\/837679"}],"wp:featuredmedia":[{"embeddable":true,"href":"https:\/\/alegria-realestate.com\/de\/wp-json\/wp\/v2\/media\/495266"}],"wp:attachment":[{"href":"https:\/\/alegria-realestate.com\/de\/wp-json\/wp\/v2\/media?parent=495264"}],"wp:term":[{"taxonomy":"category","embeddable":true,"href":"https:\/\/alegria-realestate.com\/de\/wp-json\/wp\/v2\/categories?post=495264"},{"taxonomy":"post_tag","embeddable":true,"href":"https:\/\/alegria-realestate.com\/de\/wp-json\/wp\/v2\/tags?post=495264"}],"curies":[{"name":"wp","href":"https:\/\/api.w.org\/{rel}","templated":true}]}}