{"id":499189,"date":"2023-05-15T11:20:32","date_gmt":"2023-05-15T08:20:32","guid":{"rendered":"https:\/\/alegria-realestate.com\/?p=499189"},"modified":"2025-08-14T21:35:59","modified_gmt":"2025-08-14T18:35:59","slug":"the-cost-of-rent-in-benidorm-increased-by-21-percent-in-a-year","status":"publish","type":"post","link":"https:\/\/alegria-realestate.com\/de\/articles\/news\/the-cost-of-rent-in-benidorm-increased-by-21-percent-in-a-year","title":{"rendered":"Die Mietpreise in Benidorm sind im Laufe des Jahres um 21 % gestiegen"},"content":{"rendered":"<p>Nach Angaben des Idealista-Portals stiegen die durchschnittlichen Kosten f\u00fcr Langzeitmieten in Benidorm im Laufe des Jahres um 21 % und erreichten im April 11,8 Euro pro Monat und Quadratmeter. Allerdings ist es nahezu unm\u00f6glich, eine Einzimmerwohnung f\u00fcr weniger als 600 Euro im Monat zu finden, und Experten warnen, dass sich die Angebotsknappheit nur verschlimmern wird. Das Problem, Wohnungen zu einem guten Preis zu finden, ist einer der Gr\u00fcnde, die Dienstleistungskr\u00e4fte davon abhalten, in die Touristenhauptstadt der Costa Blanca zu ziehen. Im Durchschnitt schwanken die Geh\u00e4lter hier zwischen 1200 und 1500 Euro und wenn die H\u00e4lfte des verdienten Geldes f\u00fcr die Miete verwendet wird, macht ein Wohnortwechsel keinen Sinn. Ein Ausweg aus dieser Situation k\u00f6nnte die Anmietung eines Zimmers sein, aber diese Option ist nicht f\u00fcr jeden geeignet \u2013 vor allem f\u00fcr alleinstehende junge Arbeitnehmer. Die meisten potenziellen Mieter suchen eine Wohnung mit zwei Schlafzimmern mit einer Fl\u00e4che von 60 qm oder mehr. und eine Garage. Letzteres ist typisch f\u00fcr die Innenstadt, wo es an Parkpl\u00e4tzen mangelt. F\u00fcr eine solche Wohnung werden je nach Gegend 750-850 Euro pro Monat verlangt, wobei auch Optionen mit Kosten \u00fcber 1000 Euro immer h\u00e4ufiger anzutreffen sind. Auch in anderen an der K\u00fcste gelegenen Ferienorten der Provinz Alicante ist ein stetiger Anstieg der Mietpreise zu beobachten, aber in Bezug auf die hohen Mietkosten sind sie alle <a href=\"https:\/\/alegria-realestate.com\/ru\/articles\/benidorm-points-of-interest\">Benidorm<\/a> unterlegen. Insbesondere die Kosten f\u00fcr qm. Mietwohnungen in <a href=\"https:\/\/alegria-realestate.com\/ru\/articles\/life-in-spain\/alfaz-del-pi-spain\">Alfaz del Pi<\/a> betragen 10,4 Euro pro Monat, in <a href=\"https:\/\/alegria-realestate.com\/ru\/articles\/city-of-spain\/attractions-calpe\">Calpe<\/a> \u2013 10,3, in <a href=\"https:\/\/alegria-realestate.com\/ru\/articles\/city-of-spain\/el-campello-spain-things-to-do\">El Campello<\/a> \u2013 9,9, in <a href=\"https:\/\/alegria-realestate.com\/ru\/articles\/altea-popular-tourist-destinations-on-the-costa-blanca\">Altea<\/a> \u2013 9,8, in <a href=\"https:\/\/alegria-realestate.com\/ru\/articles\/news\/alicante-is-the-leader-in-terms-of-demand-among-foreign-tenants\">Alicante<\/a> \u2013 9,5, in <a href=\"https:\/\/alegria-realestate.com\/ru\/articles\/city-of-spain\/santa-pola-spain\">Santa Pola<\/a> \u2013 9,2 und in <a href=\"https:\/\/alegria-realestate.com\/ru\/articles\/city-of-spain\/denia-spain\">Denia<\/a> und <a href=\"https:\/\/alegria-realestate.com\/ru\/articles\/security-in-torrevieja-everything-you-need-to-know\">Torrevieja<\/a> \u2013 jeweils 9,1.<\/p>","protected":false},"excerpt":{"rendered":"<p>Nach Angaben des Idealista-Portals stiegen die durchschnittlichen Kosten f\u00fcr\u2026<\/p>\n","protected":false},"author":19,"featured_media":499191,"comment_status":"closed","ping_status":"closed","sticky":false,"template":"","format":"standard","meta":{"footnotes":""},"categories":[15,73],"tags":[],"class_list":["post-499189","post","type-post","status-publish","format-standard","has-post-thumbnail","hentry","category-news","category-property-in-spain"],"yoast_head":"<!-- This site is optimized with the Yoast SEO plugin v27.5 - https:\/\/yoast.com\/product\/yoast-seo-wordpress\/ -->\n<title>\u0410\u0440\u0435\u043d\u0434\u0430 \u043d\u0435\u0434\u0432\u0438\u0436\u0438\u043c\u043e\u0441\u0442\u0438 \u0432 \u0411\u0435\u043d\u0438\u0434\u043e\u0440\u043c\u0435 \u043f\u043e\u0434\u043e\u0440\u043e\u0436\u0430\u043b\u0430 \u043d\u0430 21% \u0432\u0441\u0435\u0433\u043e \u0437\u0430 \u0433\u043e\u0434<\/title>\n<meta name=\"description\" content=\"\u0421\u0440\u0435\u0434\u043d\u044f\u044f \u0441\u0442\u043e\u0438\u043c\u043e\u0441\u0442\u044c \u0434\u043e\u043b\u0433\u043e\u0441\u0440\u043e\u0447\u043d\u043e\u0439 \u0430\u0440\u0435\u043d\u0434\u044b \u0432 \u0411\u0435\u043d\u0438\u0434\u043e\u0440\u043c\u0435 \u0432\u044b\u0440\u043e\u0441\u043b\u0430 \u0437\u0430 \u0433\u043e\u0434 \u043d\u0430 21% \u0438 \u0432 \u0430\u043f\u0440\u0435\u043b\u0435 \u0434\u043e\u0441\u0442\u0438\u0433\u043b\u0430 11,8 \u0435\u0432\u0440\u043e \u0432 \u043c\u0435\u0441\u044f\u0446 \u0437\u0430 \u043a\u0432.\u043c, \u0447\u0442\u043e \u043d\u0430 21% \u0431\u043e\u043b\u044c\u0448\u0435, \u0447\u0435\u043c \u0433\u043e\u0434 \u043d\u0430\u0437\u0430\u0434\" \/>\n<meta name=\"robots\" content=\"index, follow, max-snippet:-1, max-image-preview:large, max-video-preview:-1\" \/>\n<link rel=\"canonical\" href=\"https:\/\/alegria-realestate.com\/de\/wp-json\/wp\/v2\/posts\/499189\" \/>\n<meta property=\"og:locale\" content=\"de_DE\" \/>\n<meta property=\"og:type\" content=\"article\" \/>\n<meta property=\"og:title\" content=\"\u0410\u0440\u0435\u043d\u0434\u0430 \u043d\u0435\u0434\u0432\u0438\u0436\u0438\u043c\u043e\u0441\u0442\u0438 \u0432 \u0411\u0435\u043d\u0438\u0434\u043e\u0440\u043c\u0435 \u043f\u043e\u0434\u043e\u0440\u043e\u0436\u0430\u043b\u0430 \u043d\u0430 21% \u0432\u0441\u0435\u0433\u043e \u0437\u0430 \u0433\u043e\u0434\" \/>\n<meta property=\"og:description\" content=\"\u0421\u0440\u0435\u0434\u043d\u044f\u044f \u0441\u0442\u043e\u0438\u043c\u043e\u0441\u0442\u044c \u0434\u043e\u043b\u0433\u043e\u0441\u0440\u043e\u0447\u043d\u043e\u0439 \u0430\u0440\u0435\u043d\u0434\u044b \u0432 \u0411\u0435\u043d\u0438\u0434\u043e\u0440\u043c\u0435 \u0432\u044b\u0440\u043e\u0441\u043b\u0430 \u0437\u0430 \u0433\u043e\u0434 \u043d\u0430 21% \u0438 \u0432 \u0430\u043f\u0440\u0435\u043b\u0435 \u0434\u043e\u0441\u0442\u0438\u0433\u043b\u0430 11,8 \u0435\u0432\u0440\u043e \u0432 \u043c\u0435\u0441\u044f\u0446 \u0437\u0430 \u043a\u0432.\u043c, \u0447\u0442\u043e \u043d\u0430 21% \u0431\u043e\u043b\u044c\u0448\u0435, \u0447\u0435\u043c \u0433\u043e\u0434 \u043d\u0430\u0437\u0430\u0434\" \/>\n<meta property=\"og:url\" content=\"https:\/\/alegria-realestate.com\/de\/wp-json\/wp\/v2\/posts\/499189\" \/>\n<meta property=\"og:site_name\" content=\"Immobilien in Spanien\" \/>\n<meta property=\"article:publisher\" content=\"https:\/\/www.facebook.com\/realestate.alegria\" \/>\n<meta property=\"article:published_time\" content=\"2023-05-15T08:20:32+00:00\" \/>\n<meta property=\"article:modified_time\" content=\"2025-08-14T18:35:59+00:00\" \/>\n<meta property=\"og:image\" content=\"https:\/\/alegria-realestate.com\/wp-content\/uploads\/2023\/05\/Depositphotos_42196209_L-1024x683.jpg\" \/>\n\t<meta property=\"og:image:width\" content=\"1024\" \/>\n\t<meta property=\"og:image:height\" content=\"683\" \/>\n\t<meta property=\"og:image:type\" content=\"image\/jpeg\" \/>\n<meta name=\"author\" content=\"\u041b\u0435\u0440\u0430\" \/>\n<meta name=\"twitter:card\" content=\"summary_large_image\" \/>\n<meta name=\"twitter:creator\" content=\"@alegriarealesta\" \/>\n<meta name=\"twitter:site\" content=\"@alegriarealesta\" \/>\n<script type=\"application\/ld+json\" class=\"yoast-schema-graph\">{\"@context\":\"https:\\\/\\\/schema.org\",\"@graph\":[{\"@type\":\"Article\",\"@id\":\"https:\\\/\\\/alegria-realestate.com\\\/de\\\/articles\\\/news\\\/the-cost-of-rent-in-benidorm-increased-by-21-percent-in-a-year#article\",\"isPartOf\":{\"@id\":\"https:\\\/\\\/alegria-realestate.com\\\/de\\\/articles\\\/news\\\/the-cost-of-rent-in-benidorm-increased-by-21-percent-in-a-year\"},\"author\":{\"name\":\"\u041b\u0435\u0440\u0430\",\"@id\":\"https:\\\/\\\/alegria-realestate.com\\\/#\\\/schema\\\/person\\\/6c26f3bac4c1e476e858c219ece11984\"},\"headline\":\"Die Mietpreise in Benidorm sind im Laufe des Jahres um 21 % gestiegen\",\"datePublished\":\"2023-05-15T08:20:32+00:00\",\"dateModified\":\"2025-08-14T18:35:59+00:00\",\"mainEntityOfPage\":{\"@id\":\"https:\\\/\\\/alegria-realestate.com\\\/de\\\/articles\\\/news\\\/the-cost-of-rent-in-benidorm-increased-by-21-percent-in-a-year\"},\"wordCount\":1083,\"publisher\":{\"@id\":\"https:\\\/\\\/alegria-realestate.com\\\/#organization\"},\"image\":{\"@id\":\"https:\\\/\\\/alegria-realestate.com\\\/de\\\/articles\\\/news\\\/the-cost-of-rent-in-benidorm-increased-by-21-percent-in-a-year#primaryimage\"},\"thumbnailUrl\":\"https:\\\/\\\/alegria-realestate.com\\\/wp-content\\\/uploads\\\/2023\\\/05\\\/Depositphotos_42196209_L.jpg\",\"articleSection\":[\"Nachrichten\",\"Immobilien\"],\"inLanguage\":\"de\"},{\"@type\":\"WebPage\",\"@id\":\"https:\\\/\\\/alegria-realestate.com\\\/de\\\/articles\\\/news\\\/the-cost-of-rent-in-benidorm-increased-by-21-percent-in-a-year\",\"url\":\"https:\\\/\\\/alegria-realestate.com\\\/de\\\/articles\\\/news\\\/the-cost-of-rent-in-benidorm-increased-by-21-percent-in-a-year\",\"name\":\"\u0410\u0440\u0435\u043d\u0434\u0430 \u043d\u0435\u0434\u0432\u0438\u0436\u0438\u043c\u043e\u0441\u0442\u0438 \u0432 \u0411\u0435\u043d\u0438\u0434\u043e\u0440\u043c\u0435 \u043f\u043e\u0434\u043e\u0440\u043e\u0436\u0430\u043b\u0430 \u043d\u0430 21% \u0432\u0441\u0435\u0433\u043e \u0437\u0430 \u0433\u043e\u0434\",\"isPartOf\":{\"@id\":\"https:\\\/\\\/alegria-realestate.com\\\/de\\\/#website\"},\"primaryImageOfPage\":{\"@id\":\"https:\\\/\\\/alegria-realestate.com\\\/de\\\/articles\\\/news\\\/the-cost-of-rent-in-benidorm-increased-by-21-percent-in-a-year#primaryimage\"},\"image\":{\"@id\":\"https:\\\/\\\/alegria-realestate.com\\\/de\\\/articles\\\/news\\\/the-cost-of-rent-in-benidorm-increased-by-21-percent-in-a-year#primaryimage\"},\"thumbnailUrl\":\"https:\\\/\\\/alegria-realestate.com\\\/wp-content\\\/uploads\\\/2023\\\/05\\\/Depositphotos_42196209_L.jpg\",\"datePublished\":\"2023-05-15T08:20:32+00:00\",\"dateModified\":\"2025-08-14T18:35:59+00:00\",\"description\":\"\u0421\u0440\u0435\u0434\u043d\u044f\u044f \u0441\u0442\u043e\u0438\u043c\u043e\u0441\u0442\u044c \u0434\u043e\u043b\u0433\u043e\u0441\u0440\u043e\u0447\u043d\u043e\u0439 \u0430\u0440\u0435\u043d\u0434\u044b \u0432 \u0411\u0435\u043d\u0438\u0434\u043e\u0440\u043c\u0435 \u0432\u044b\u0440\u043e\u0441\u043b\u0430 \u0437\u0430 \u0433\u043e\u0434 \u043d\u0430 21% \u0438 \u0432 \u0430\u043f\u0440\u0435\u043b\u0435 \u0434\u043e\u0441\u0442\u0438\u0433\u043b\u0430 11,8 \u0435\u0432\u0440\u043e \u0432 \u043c\u0435\u0441\u044f\u0446 \u0437\u0430 \u043a\u0432.\u043c, \u0447\u0442\u043e \u043d\u0430 21% \u0431\u043e\u043b\u044c\u0448\u0435, \u0447\u0435\u043c \u0433\u043e\u0434 \u043d\u0430\u0437\u0430\u0434\",\"breadcrumb\":{\"@id\":\"https:\\\/\\\/alegria-realestate.com\\\/de\\\/articles\\\/news\\\/the-cost-of-rent-in-benidorm-increased-by-21-percent-in-a-year#breadcrumb\"},\"inLanguage\":\"de\",\"potentialAction\":[{\"@type\":\"ReadAction\",\"target\":[[\"https:\\\/\\\/alegria-realestate.com\\\/de\\\/articles\\\/news\\\/the-cost-of-rent-in-benidorm-increased-by-21-percent-in-a-year\"]]}]},{\"@type\":\"ImageObject\",\"inLanguage\":\"de\",\"@id\":\"https:\\\/\\\/alegria-realestate.com\\\/de\\\/articles\\\/news\\\/the-cost-of-rent-in-benidorm-increased-by-21-percent-in-a-year#primaryimage\",\"url\":\"https:\\\/\\\/alegria-realestate.com\\\/wp-content\\\/uploads\\\/2023\\\/05\\\/Depositphotos_42196209_L.jpg\",\"contentUrl\":\"https:\\\/\\\/alegria-realestate.com\\\/wp-content\\\/uploads\\\/2023\\\/05\\\/Depositphotos_42196209_L.jpg\",\"width\":1999,\"height\":1333,\"caption\":\"\u0421\u0442\u043e\u0438\u043c\u043e\u0441\u0442\u044c \u0430\u0440\u0435\u043d\u0434\u044b \u0436\u0438\u043b\u044c\u044f \u0432 \u0411\u0435\u043d\u0438\u0434\u043e\u0440\u043c\u0435 \u0432\u044b\u0440\u043e\u0441\u043b\u0430 \u0437\u0430 \u0433\u043e\u0434 \u043d\u0430 21%\"},{\"@type\":\"BreadcrumbList\",\"@id\":\"https:\\\/\\\/alegria-realestate.com\\\/de\\\/articles\\\/news\\\/the-cost-of-rent-in-benidorm-increased-by-21-percent-in-a-year#breadcrumb\",\"itemListElement\":[{\"@type\":\"ListItem\",\"position\":1,\"name\":\"\u0413\u043b\u0430\u0432\u043d\u0430\u044f \u0441\u0442\u0440\u0430\u043d\u0438\u0446\u0430\",\"item\":\"https:\\\/\\\/alegria-realestate.com\\\/de\\\/\"},{\"@type\":\"ListItem\",\"position\":2,\"name\":\"Die Mietpreise in Benidorm sind im Laufe des Jahres um 21 % gestiegen\"}]},{\"@type\":\"WebSite\",\"@id\":\"https:\\\/\\\/alegria-realestate.com\\\/de\\\/#website\",\"url\":\"https:\\\/\\\/alegria-realestate.com\\\/de\\\/\",\"name\":\"Immobilien in Spanien\",\"description\":\"Immobilien in Spanien: Verkauf in allen St\u00e4dten \u2013 Torrevieja, Alicante, Benidorm u. a. Wir helfen Ihnen beim Kauf von Immobilien an der Costa Blanca \u2013 Bestandsimmobilien und Neubauten. Rundum-sorglos-Abwicklung. Immobilien an der Costa Blanca ab \u20ac80.000.\",\"publisher\":{\"@id\":\"https:\\\/\\\/alegria-realestate.com\\\/de\\\/#organization\"},\"potentialAction\":[{\"@type\":\"SearchAction\",\"target\":{\"@type\":\"EntryPoint\",\"urlTemplate\":\"https:\\\/\\\/alegria-realestate.com\\\/de\\\/?s={search_term_string}\"},\"query-input\":{\"@type\":\"PropertyValueSpecification\",\"valueRequired\":true,\"valueName\":\"search_term_string\"}}],\"inLanguage\":\"de\"},{\"@type\":\"Organization\",\"@id\":\"https:\\\/\\\/alegria-realestate.com\\\/de\\\/#organization\",\"name\":\"Alegria Realestate\",\"url\":\"https:\\\/\\\/alegria-realestate.com\\\/de\\\/\",\"logo\":{\"@type\":\"ImageObject\",\"inLanguage\":\"de\",\"@id\":\"https:\\\/\\\/alegria-realestate.com\\\/de\\\/#\\\/schema\\\/logo\\\/image\\\/\",\"url\":\"https:\\\/\\\/alegria-realestate.com\\\/wp-content\\\/uploads\\\/2019\\\/08\\\/logo_alegria.png\",\"contentUrl\":\"https:\\\/\\\/alegria-realestate.com\\\/wp-content\\\/uploads\\\/2019\\\/08\\\/logo_alegria.png\",\"width\":1600,\"height\":1403,\"caption\":\"Alegria Realestate\"},\"image\":{\"@id\":\"https:\\\/\\\/alegria-realestate.com\\\/de\\\/#\\\/schema\\\/logo\\\/image\\\/\"},\"sameAs\":[\"https:\\\/\\\/www.facebook.com\\\/realestate.alegria\",\"https:\\\/\\\/x.com\\\/alegriarealesta\",\"https:\\\/\\\/www.instagram.com\\\/alegriadom\\\/\",\"https:\\\/\\\/www.linkedin.com\\\/profile\\\/view?id=154965227\",\"https:\\\/\\\/www.youtube.com\\\/user\\\/AlegriaRealEstate\"]},{\"@type\":\"Person\",\"@id\":\"https:\\\/\\\/alegria-realestate.com\\\/#\\\/schema\\\/person\\\/6c26f3bac4c1e476e858c219ece11984\",\"name\":\"\u041b\u0435\u0440\u0430\"}]}<\/script>\n<!-- \/ Yoast SEO plugin. -->","yoast_head_json":{"title":"\u0410\u0440\u0435\u043d\u0434\u0430 \u043d\u0435\u0434\u0432\u0438\u0436\u0438\u043c\u043e\u0441\u0442\u0438 \u0432 \u0411\u0435\u043d\u0438\u0434\u043e\u0440\u043c\u0435 \u043f\u043e\u0434\u043e\u0440\u043e\u0436\u0430\u043b\u0430 \u043d\u0430 21% \u0432\u0441\u0435\u0433\u043e \u0437\u0430 \u0433\u043e\u0434","description":"\u0421\u0440\u0435\u0434\u043d\u044f\u044f \u0441\u0442\u043e\u0438\u043c\u043e\u0441\u0442\u044c \u0434\u043e\u043b\u0433\u043e\u0441\u0440\u043e\u0447\u043d\u043e\u0439 \u0430\u0440\u0435\u043d\u0434\u044b \u0432 \u0411\u0435\u043d\u0438\u0434\u043e\u0440\u043c\u0435 \u0432\u044b\u0440\u043e\u0441\u043b\u0430 \u0437\u0430 \u0433\u043e\u0434 \u043d\u0430 21% \u0438 \u0432 \u0430\u043f\u0440\u0435\u043b\u0435 \u0434\u043e\u0441\u0442\u0438\u0433\u043b\u0430 11,8 \u0435\u0432\u0440\u043e \u0432 \u043c\u0435\u0441\u044f\u0446 \u0437\u0430 \u043a\u0432.\u043c, \u0447\u0442\u043e \u043d\u0430 21% \u0431\u043e\u043b\u044c\u0448\u0435, \u0447\u0435\u043c \u0433\u043e\u0434 \u043d\u0430\u0437\u0430\u0434","robots":{"index":"index","follow":"follow","max-snippet":"max-snippet:-1","max-image-preview":"max-image-preview:large","max-video-preview":"max-video-preview:-1"},"canonical":"https:\/\/alegria-realestate.com\/de\/wp-json\/wp\/v2\/posts\/499189","og_locale":"de_DE","og_type":"article","og_title":"\u0410\u0440\u0435\u043d\u0434\u0430 \u043d\u0435\u0434\u0432\u0438\u0436\u0438\u043c\u043e\u0441\u0442\u0438 \u0432 \u0411\u0435\u043d\u0438\u0434\u043e\u0440\u043c\u0435 \u043f\u043e\u0434\u043e\u0440\u043e\u0436\u0430\u043b\u0430 \u043d\u0430 21% \u0432\u0441\u0435\u0433\u043e \u0437\u0430 \u0433\u043e\u0434","og_description":"\u0421\u0440\u0435\u0434\u043d\u044f\u044f \u0441\u0442\u043e\u0438\u043c\u043e\u0441\u0442\u044c \u0434\u043e\u043b\u0433\u043e\u0441\u0440\u043e\u0447\u043d\u043e\u0439 \u0430\u0440\u0435\u043d\u0434\u044b \u0432 \u0411\u0435\u043d\u0438\u0434\u043e\u0440\u043c\u0435 \u0432\u044b\u0440\u043e\u0441\u043b\u0430 \u0437\u0430 \u0433\u043e\u0434 \u043d\u0430 21% \u0438 \u0432 \u0430\u043f\u0440\u0435\u043b\u0435 \u0434\u043e\u0441\u0442\u0438\u0433\u043b\u0430 11,8 \u0435\u0432\u0440\u043e \u0432 \u043c\u0435\u0441\u044f\u0446 \u0437\u0430 \u043a\u0432.\u043c, \u0447\u0442\u043e \u043d\u0430 21% \u0431\u043e\u043b\u044c\u0448\u0435, \u0447\u0435\u043c \u0433\u043e\u0434 \u043d\u0430\u0437\u0430\u0434","og_url":"https:\/\/alegria-realestate.com\/de\/wp-json\/wp\/v2\/posts\/499189","og_site_name":"Immobilien in Spanien","article_publisher":"https:\/\/www.facebook.com\/realestate.alegria","article_published_time":"2023-05-15T08:20:32+00:00","article_modified_time":"2025-08-14T18:35:59+00:00","og_image":[{"width":1024,"height":683,"url":"https:\/\/alegria-realestate.com\/wp-content\/uploads\/2023\/05\/Depositphotos_42196209_L-1024x683.jpg","type":"image\/jpeg"}],"author":"\u041b\u0435\u0440\u0430","twitter_card":"summary_large_image","twitter_creator":"@alegriarealesta","twitter_site":"@alegriarealesta","schema":{"@context":"https:\/\/schema.org","@graph":[{"@type":"Article","@id":"https:\/\/alegria-realestate.com\/de\/articles\/news\/the-cost-of-rent-in-benidorm-increased-by-21-percent-in-a-year#article","isPartOf":{"@id":"https:\/\/alegria-realestate.com\/de\/articles\/news\/the-cost-of-rent-in-benidorm-increased-by-21-percent-in-a-year"},"author":{"name":"\u041b\u0435\u0440\u0430","@id":"https:\/\/alegria-realestate.com\/#\/schema\/person\/6c26f3bac4c1e476e858c219ece11984"},"headline":"Die Mietpreise in Benidorm sind im Laufe des Jahres um 21 % gestiegen","datePublished":"2023-05-15T08:20:32+00:00","dateModified":"2025-08-14T18:35:59+00:00","mainEntityOfPage":{"@id":"https:\/\/alegria-realestate.com\/de\/articles\/news\/the-cost-of-rent-in-benidorm-increased-by-21-percent-in-a-year"},"wordCount":1083,"publisher":{"@id":"https:\/\/alegria-realestate.com\/#organization"},"image":{"@id":"https:\/\/alegria-realestate.com\/de\/articles\/news\/the-cost-of-rent-in-benidorm-increased-by-21-percent-in-a-year#primaryimage"},"thumbnailUrl":"https:\/\/alegria-realestate.com\/wp-content\/uploads\/2023\/05\/Depositphotos_42196209_L.jpg","articleSection":["Nachrichten","Immobilien"],"inLanguage":"de"},{"@type":"WebPage","@id":"https:\/\/alegria-realestate.com\/de\/articles\/news\/the-cost-of-rent-in-benidorm-increased-by-21-percent-in-a-year","url":"https:\/\/alegria-realestate.com\/de\/articles\/news\/the-cost-of-rent-in-benidorm-increased-by-21-percent-in-a-year","name":"\u0410\u0440\u0435\u043d\u0434\u0430 \u043d\u0435\u0434\u0432\u0438\u0436\u0438\u043c\u043e\u0441\u0442\u0438 \u0432 \u0411\u0435\u043d\u0438\u0434\u043e\u0440\u043c\u0435 \u043f\u043e\u0434\u043e\u0440\u043e\u0436\u0430\u043b\u0430 \u043d\u0430 21% \u0432\u0441\u0435\u0433\u043e \u0437\u0430 \u0433\u043e\u0434","isPartOf":{"@id":"https:\/\/alegria-realestate.com\/de\/#website"},"primaryImageOfPage":{"@id":"https:\/\/alegria-realestate.com\/de\/articles\/news\/the-cost-of-rent-in-benidorm-increased-by-21-percent-in-a-year#primaryimage"},"image":{"@id":"https:\/\/alegria-realestate.com\/de\/articles\/news\/the-cost-of-rent-in-benidorm-increased-by-21-percent-in-a-year#primaryimage"},"thumbnailUrl":"https:\/\/alegria-realestate.com\/wp-content\/uploads\/2023\/05\/Depositphotos_42196209_L.jpg","datePublished":"2023-05-15T08:20:32+00:00","dateModified":"2025-08-14T18:35:59+00:00","description":"\u0421\u0440\u0435\u0434\u043d\u044f\u044f \u0441\u0442\u043e\u0438\u043c\u043e\u0441\u0442\u044c \u0434\u043e\u043b\u0433\u043e\u0441\u0440\u043e\u0447\u043d\u043e\u0439 \u0430\u0440\u0435\u043d\u0434\u044b \u0432 \u0411\u0435\u043d\u0438\u0434\u043e\u0440\u043c\u0435 \u0432\u044b\u0440\u043e\u0441\u043b\u0430 \u0437\u0430 \u0433\u043e\u0434 \u043d\u0430 21% \u0438 \u0432 \u0430\u043f\u0440\u0435\u043b\u0435 \u0434\u043e\u0441\u0442\u0438\u0433\u043b\u0430 11,8 \u0435\u0432\u0440\u043e \u0432 \u043c\u0435\u0441\u044f\u0446 \u0437\u0430 \u043a\u0432.\u043c, \u0447\u0442\u043e \u043d\u0430 21% \u0431\u043e\u043b\u044c\u0448\u0435, \u0447\u0435\u043c \u0433\u043e\u0434 \u043d\u0430\u0437\u0430\u0434","breadcrumb":{"@id":"https:\/\/alegria-realestate.com\/de\/articles\/news\/the-cost-of-rent-in-benidorm-increased-by-21-percent-in-a-year#breadcrumb"},"inLanguage":"de","potentialAction":[{"@type":"ReadAction","target":[["https:\/\/alegria-realestate.com\/de\/articles\/news\/the-cost-of-rent-in-benidorm-increased-by-21-percent-in-a-year"]]}]},{"@type":"ImageObject","inLanguage":"de","@id":"https:\/\/alegria-realestate.com\/de\/articles\/news\/the-cost-of-rent-in-benidorm-increased-by-21-percent-in-a-year#primaryimage","url":"https:\/\/alegria-realestate.com\/wp-content\/uploads\/2023\/05\/Depositphotos_42196209_L.jpg","contentUrl":"https:\/\/alegria-realestate.com\/wp-content\/uploads\/2023\/05\/Depositphotos_42196209_L.jpg","width":1999,"height":1333,"caption":"\u0421\u0442\u043e\u0438\u043c\u043e\u0441\u0442\u044c \u0430\u0440\u0435\u043d\u0434\u044b \u0436\u0438\u043b\u044c\u044f \u0432 \u0411\u0435\u043d\u0438\u0434\u043e\u0440\u043c\u0435 \u0432\u044b\u0440\u043e\u0441\u043b\u0430 \u0437\u0430 \u0433\u043e\u0434 \u043d\u0430 21%"},{"@type":"BreadcrumbList","@id":"https:\/\/alegria-realestate.com\/de\/articles\/news\/the-cost-of-rent-in-benidorm-increased-by-21-percent-in-a-year#breadcrumb","itemListElement":[{"@type":"ListItem","position":1,"name":"\u0413\u043b\u0430\u0432\u043d\u0430\u044f \u0441\u0442\u0440\u0430\u043d\u0438\u0446\u0430","item":"https:\/\/alegria-realestate.com\/de\/"},{"@type":"ListItem","position":2,"name":"Die Mietpreise in Benidorm sind im Laufe des Jahres um 21 % gestiegen"}]},{"@type":"WebSite","@id":"https:\/\/alegria-realestate.com\/de\/#website","url":"https:\/\/alegria-realestate.com\/de\/","name":"Immobilien in Spanien","description":"Immobilien in Spanien: Verkauf in allen St\u00e4dten \u2013 Torrevieja, Alicante, Benidorm u. a. Wir helfen Ihnen beim Kauf von Immobilien an der Costa Blanca \u2013 Bestandsimmobilien und Neubauten. Rundum-sorglos-Abwicklung. Immobilien an der Costa Blanca ab \u20ac80.000.","publisher":{"@id":"https:\/\/alegria-realestate.com\/de\/#organization"},"potentialAction":[{"@type":"SearchAction","target":{"@type":"EntryPoint","urlTemplate":"https:\/\/alegria-realestate.com\/de\/?s={search_term_string}"},"query-input":{"@type":"PropertyValueSpecification","valueRequired":true,"valueName":"search_term_string"}}],"inLanguage":"de"},{"@type":"Organization","@id":"https:\/\/alegria-realestate.com\/de\/#organization","name":"Alegria Realestate","url":"https:\/\/alegria-realestate.com\/de\/","logo":{"@type":"ImageObject","inLanguage":"de","@id":"https:\/\/alegria-realestate.com\/de\/#\/schema\/logo\/image\/","url":"https:\/\/alegria-realestate.com\/wp-content\/uploads\/2019\/08\/logo_alegria.png","contentUrl":"https:\/\/alegria-realestate.com\/wp-content\/uploads\/2019\/08\/logo_alegria.png","width":1600,"height":1403,"caption":"Alegria Realestate"},"image":{"@id":"https:\/\/alegria-realestate.com\/de\/#\/schema\/logo\/image\/"},"sameAs":["https:\/\/www.facebook.com\/realestate.alegria","https:\/\/x.com\/alegriarealesta","https:\/\/www.instagram.com\/alegriadom\/","https:\/\/www.linkedin.com\/profile\/view?id=154965227","https:\/\/www.youtube.com\/user\/AlegriaRealEstate"]},{"@type":"Person","@id":"https:\/\/alegria-realestate.com\/#\/schema\/person\/6c26f3bac4c1e476e858c219ece11984","name":"\u041b\u0435\u0440\u0430"}]}},"_links":{"self":[{"href":"https:\/\/alegria-realestate.com\/de\/wp-json\/wp\/v2\/posts\/499189","targetHints":{"allow":["GET"]}}],"collection":[{"href":"https:\/\/alegria-realestate.com\/de\/wp-json\/wp\/v2\/posts"}],"about":[{"href":"https:\/\/alegria-realestate.com\/de\/wp-json\/wp\/v2\/types\/post"}],"author":[{"embeddable":true,"href":"https:\/\/alegria-realestate.com\/de\/wp-json\/wp\/v2\/users\/19"}],"replies":[{"embeddable":true,"href":"https:\/\/alegria-realestate.com\/de\/wp-json\/wp\/v2\/comments?post=499189"}],"version-history":[{"count":1,"href":"https:\/\/alegria-realestate.com\/de\/wp-json\/wp\/v2\/posts\/499189\/revisions"}],"predecessor-version":[{"id":837699,"href":"https:\/\/alegria-realestate.com\/de\/wp-json\/wp\/v2\/posts\/499189\/revisions\/837699"}],"wp:featuredmedia":[{"embeddable":true,"href":"https:\/\/alegria-realestate.com\/de\/wp-json\/wp\/v2\/media\/499191"}],"wp:attachment":[{"href":"https:\/\/alegria-realestate.com\/de\/wp-json\/wp\/v2\/media?parent=499189"}],"wp:term":[{"taxonomy":"category","embeddable":true,"href":"https:\/\/alegria-realestate.com\/de\/wp-json\/wp\/v2\/categories?post=499189"},{"taxonomy":"post_tag","embeddable":true,"href":"https:\/\/alegria-realestate.com\/de\/wp-json\/wp\/v2\/tags?post=499189"}],"curies":[{"name":"wp","href":"https:\/\/api.w.org\/{rel}","templated":true}]}}