{"id":501251,"date":"2023-07-05T11:42:27","date_gmt":"2023-07-05T08:42:27","guid":{"rendered":"https:\/\/alegria-realestate.com\/?p=501251"},"modified":"2025-08-14T21:37:22","modified_gmt":"2025-08-14T18:37:22","slug":"deprivation-of-residence-permit-because-of-the-absence-in-spain-was-declared-illegal","status":"publish","type":"post","link":"https:\/\/alegria-realestate.com\/de\/articles\/news\/deprivation-of-residence-permit-because-of-the-absence-in-spain-was-declared-illegal","title":{"rendered":"Die Auflage, dass sich Inhaber einer Aufenthaltserlaubnis l\u00e4nger als sechs Monate in Spanien aufhalten, wurde f\u00fcr illegal erkl\u00e4rt"},"content":{"rendered":"<p>Der Oberste Gerichtshof Spaniens hat den Artikel des Ausl\u00e4ndergesetzes f\u00fcr ung\u00fcltig erkl\u00e4rt, der als Grund f\u00fcr die Beendigung einer Aufenthaltserlaubnis einen Aufenthalt au\u00dferhalb des Landes von mehr als sechs Monaten innerhalb eines Jahres vorsieht. Dieser Artikel schr\u00e4nkt das Grundrecht der Freiz\u00fcgigkeit ausl\u00e4ndischer Staatsangeh\u00f6riger mit Wohnsitz in Spanien ein, was nur durch eine Verordnung mit Gesetzescharakter und nicht wie in diesem Fall durch eine gesetzliche Regelung erfolgen kann. So gab der Oberste Gerichtshof der Berufung einer iranischen Staatsb\u00fcrgerin statt, deren vor\u00fcbergehende Aufenthalts- und Vertragsarbeitserlaubnis in Spanien im Jahr 2019 aufgrund ihres mehr als sechsmonatigen Aufenthalts au\u00dferhalb des spanischen Hoheitsgebiets f\u00fcr abgelaufen erkl\u00e4rt wurde. Die in Girona lebende Frau verlie\u00df Spanien im Juli 2018 und war nicht im Land, weil sie sich einer Operation in der T\u00fcrkei unterzogen hatte und dann dort blieb und auf eine weitere Operation wartete. Eine fr\u00fchere Berufung beim Obersten Gerichtshof Kataloniens wurde abgelehnt (allerdings mit einer \u201eabweichenden Meinung\u201c), doch nun wurde ihr auf einer h\u00f6heren Ebene stattgegeben, was einen Pr\u00e4zedenzfall f\u00fcr \u00e4hnliche Verfahren in der Zukunft darstellt. Nun kann die Verl\u00e4ngerung einer Aufenthaltserlaubnis in Spanien nur mit der Begr\u00fcndung verweigert werden, dass sich der sogenannte Mittelpunkt der Lebensinteressen des Bewohners ge\u00e4ndert hat (famili\u00e4re Bindungen, st\u00e4ndiger Arbeitsplatz, Gesch\u00e4fte, die eine pers\u00f6nliche Mitwirkung vor Ort erfordern usw.), aber nicht, weil er aus anderen Gr\u00fcnden l\u00e4ngere Zeit abwesend war.<\/p>","protected":false},"excerpt":{"rendered":"<p>Der Oberste Gerichtshof Spaniens hat den Artikel des Ausl\u00e4ndergesetzes\u2026<\/p>\n","protected":false},"author":19,"featured_media":501252,"comment_status":"closed","ping_status":"closed","sticky":false,"template":"","format":"standard","meta":{"footnotes":""},"categories":[950,15],"tags":[],"class_list":["post-501251","post","type-post","status-publish","format-standard","has-post-thumbnail","hentry","category-immigration","category-news"],"yoast_head":"<!-- This site is optimized with the Yoast SEO plugin v27.4 - https:\/\/yoast.com\/product\/yoast-seo-wordpress\/ -->\n<title>\u0412\u0435\u0440\u0445\u043e\u0432\u043d\u044b\u0439 \u0441\u0443\u0434 \u043f\u0440\u0438\u0437\u043d\u0430\u043b \u043d\u0435\u0437\u0430\u043a\u043e\u043d\u043d\u044b\u043c \u043b\u0438\u0448\u0435\u043d\u0438\u0435 \u0412\u041d\u0416 \u0418\u0441\u043f\u0430\u043d\u0438\u0438 \u043f\u0440\u0438 \u043e\u0442\u0441\u0443\u0442\u0441\u0442\u0432\u0438\u0438 \u0432 \u0441\u0442\u0440\u0430\u043d\u0435 \u0431\u043e\u043b\u0435\u0435 6 \u043c\u0435\u0441\u044f\u0446\u0435\u0432<\/title>\n<meta name=\"description\" content=\"\u0412\u0435\u0440\u0445\u043e\u0432\u043d\u044b\u0439 \u0441\u0443\u0434 \u0418\u0441\u043f\u0430\u043d\u0438\u0438 \u043f\u0440\u0438\u0437\u043d\u0430\u043b \u043d\u0435\u0434\u0435\u0439\u0441\u0442\u0432\u0438\u0442\u0435\u043b\u044c\u043d\u043e\u0439 \u0441\u0442\u0430\u0442\u044c\u044e &quot;\u0417\u0430\u043a\u043e\u043d\u0430 \u043e\u0431 \u0438\u043d\u043e\u0441\u0442\u0440\u0430\u043d\u0446\u0430\u0445&quot;, \u0443\u0441\u0442\u0430\u043d\u0430\u0432\u043b\u0438\u0432\u0430\u044e\u0449\u0443\u044e \u0432 \u043a\u0430\u0447\u0435\u0441\u0442\u0432\u0435 \u043f\u0440\u0438\u0447\u0438\u043d\u044b \u043b\u0438\u0448\u0435\u043d\u0438\u044f \u0412\u041d\u0416 \u043d\u0430\u0445\u043e\u0436\u0434\u0435\u043d\u0438\u0435 \u0437\u0430 \u043f\u0440\u0435\u0434\u0435\u043b\u0430\u043c\u0438 \u0441\u0442\u0440\u0430\u043d\u044b \u0431\u043e\u043b\u0435\u0435 6 \u043c\u0435\u0441\u044f\u0446\u0435\u0432 \u0432 \u0442\u0435\u0447\u0435\u043d\u0438\u0435 \u0433\u043e\u0434\u0430.\" \/>\n<meta name=\"robots\" content=\"index, follow, max-snippet:-1, max-image-preview:large, max-video-preview:-1\" \/>\n<link rel=\"canonical\" href=\"https:\/\/alegria-realestate.com\/de\/wp-json\/wp\/v2\/posts\/501251\" \/>\n<meta property=\"og:locale\" content=\"de_DE\" \/>\n<meta property=\"og:type\" content=\"article\" \/>\n<meta property=\"og:title\" content=\"\u0412\u0435\u0440\u0445\u043e\u0432\u043d\u044b\u0439 \u0441\u0443\u0434 \u043f\u0440\u0438\u0437\u043d\u0430\u043b \u043d\u0435\u0437\u0430\u043a\u043e\u043d\u043d\u044b\u043c \u043b\u0438\u0448\u0435\u043d\u0438\u0435 \u0412\u041d\u0416 \u0418\u0441\u043f\u0430\u043d\u0438\u0438 \u043f\u0440\u0438 \u043e\u0442\u0441\u0443\u0442\u0441\u0442\u0432\u0438\u0438 \u0432 \u0441\u0442\u0440\u0430\u043d\u0435 \u0431\u043e\u043b\u0435\u0435 6 \u043c\u0435\u0441\u044f\u0446\u0435\u0432\" \/>\n<meta property=\"og:description\" content=\"\u0412\u0435\u0440\u0445\u043e\u0432\u043d\u044b\u0439 \u0441\u0443\u0434 \u0418\u0441\u043f\u0430\u043d\u0438\u0438 \u043f\u0440\u0438\u0437\u043d\u0430\u043b \u043d\u0435\u0434\u0435\u0439\u0441\u0442\u0432\u0438\u0442\u0435\u043b\u044c\u043d\u043e\u0439 \u0441\u0442\u0430\u0442\u044c\u044e &quot;\u0417\u0430\u043a\u043e\u043d\u0430 \u043e\u0431 \u0438\u043d\u043e\u0441\u0442\u0440\u0430\u043d\u0446\u0430\u0445&quot;, \u0443\u0441\u0442\u0430\u043d\u0430\u0432\u043b\u0438\u0432\u0430\u044e\u0449\u0443\u044e \u0432 \u043a\u0430\u0447\u0435\u0441\u0442\u0432\u0435 \u043f\u0440\u0438\u0447\u0438\u043d\u044b \u043b\u0438\u0448\u0435\u043d\u0438\u044f \u0412\u041d\u0416 \u043d\u0430\u0445\u043e\u0436\u0434\u0435\u043d\u0438\u0435 \u0437\u0430 \u043f\u0440\u0435\u0434\u0435\u043b\u0430\u043c\u0438 \u0441\u0442\u0440\u0430\u043d\u044b \u0431\u043e\u043b\u0435\u0435 6 \u043c\u0435\u0441\u044f\u0446\u0435\u0432 \u0432 \u0442\u0435\u0447\u0435\u043d\u0438\u0435 \u0433\u043e\u0434\u0430.\" \/>\n<meta property=\"og:url\" content=\"https:\/\/alegria-realestate.com\/de\/wp-json\/wp\/v2\/posts\/501251\" \/>\n<meta property=\"og:site_name\" content=\"Immobilien in Spanien\" \/>\n<meta property=\"article:publisher\" content=\"https:\/\/www.facebook.com\/realestate.alegria\" \/>\n<meta property=\"article:published_time\" content=\"2023-07-05T08:42:27+00:00\" \/>\n<meta property=\"article:modified_time\" content=\"2025-08-14T18:37:22+00:00\" \/>\n<meta property=\"og:image\" content=\"https:\/\/alegria-realestate.com\/wp-content\/uploads\/2023\/07\/Depositphotos_8657636_L-1024x682.jpg\" \/>\n\t<meta property=\"og:image:width\" content=\"1024\" \/>\n\t<meta property=\"og:image:height\" content=\"682\" \/>\n\t<meta property=\"og:image:type\" content=\"image\/jpeg\" \/>\n<meta name=\"author\" content=\"\u041b\u0435\u0440\u0430\" \/>\n<meta name=\"twitter:card\" content=\"summary_large_image\" \/>\n<meta name=\"twitter:creator\" content=\"@alegriarealesta\" \/>\n<meta name=\"twitter:site\" content=\"@alegriarealesta\" \/>\n<script type=\"application\/ld+json\" class=\"yoast-schema-graph\">{\"@context\":\"https:\\\/\\\/schema.org\",\"@graph\":[{\"@type\":\"Article\",\"@id\":\"https:\\\/\\\/alegria-realestate.com\\\/articles\\\/news\\\/deprivation-of-residence-permit-because-of-the-absence-in-spain-was-declared-illegal#article\",\"isPartOf\":{\"@id\":\"https:\\\/\\\/alegria-realestate.com\\\/articles\\\/news\\\/deprivation-of-residence-permit-because-of-the-absence-in-spain-was-declared-illegal\"},\"author\":{\"name\":\"\u041b\u0435\u0440\u0430\",\"@id\":\"https:\\\/\\\/alegria-realestate.com\\\/#\\\/schema\\\/person\\\/6c26f3bac4c1e476e858c219ece11984\"},\"headline\":\"Die Auflage, dass sich Inhaber einer Aufenthaltserlaubnis l\u00e4nger als sechs Monate in Spanien aufhalten, wurde f\u00fcr illegal erkl\u00e4rt\",\"datePublished\":\"2023-07-05T08:42:27+00:00\",\"dateModified\":\"2025-08-14T18:37:22+00:00\",\"mainEntityOfPage\":{\"@id\":\"https:\\\/\\\/alegria-realestate.com\\\/articles\\\/news\\\/deprivation-of-residence-permit-because-of-the-absence-in-spain-was-declared-illegal\"},\"wordCount\":1054,\"publisher\":{\"@id\":\"https:\\\/\\\/alegria-realestate.com\\\/#organization\"},\"image\":{\"@id\":\"https:\\\/\\\/alegria-realestate.com\\\/articles\\\/news\\\/deprivation-of-residence-permit-because-of-the-absence-in-spain-was-declared-illegal#primaryimage\"},\"thumbnailUrl\":\"https:\\\/\\\/alegria-realestate.com\\\/wp-content\\\/uploads\\\/2023\\\/07\\\/Depositphotos_8657636_L.jpg\",\"articleSection\":[\"Einwanderung\",\"Nachrichten\"],\"inLanguage\":\"de\"},{\"@type\":\"WebPage\",\"@id\":\"https:\\\/\\\/alegria-realestate.com\\\/de\\\/articles\\\/news\\\/deprivation-of-residence-permit-because-of-the-absence-in-spain-was-declared-illegal\",\"url\":\"https:\\\/\\\/alegria-realestate.com\\\/de\\\/articles\\\/news\\\/deprivation-of-residence-permit-because-of-the-absence-in-spain-was-declared-illegal\",\"name\":\"\u0412\u0435\u0440\u0445\u043e\u0432\u043d\u044b\u0439 \u0441\u0443\u0434 \u043f\u0440\u0438\u0437\u043d\u0430\u043b \u043d\u0435\u0437\u0430\u043a\u043e\u043d\u043d\u044b\u043c \u043b\u0438\u0448\u0435\u043d\u0438\u0435 \u0412\u041d\u0416 \u0418\u0441\u043f\u0430\u043d\u0438\u0438 \u043f\u0440\u0438 \u043e\u0442\u0441\u0443\u0442\u0441\u0442\u0432\u0438\u0438 \u0432 \u0441\u0442\u0440\u0430\u043d\u0435 \u0431\u043e\u043b\u0435\u0435 6 \u043c\u0435\u0441\u044f\u0446\u0435\u0432\",\"isPartOf\":{\"@id\":\"https:\\\/\\\/alegria-realestate.com\\\/de\\\/#website\"},\"primaryImageOfPage\":{\"@id\":\"https:\\\/\\\/alegria-realestate.com\\\/de\\\/articles\\\/news\\\/deprivation-of-residence-permit-because-of-the-absence-in-spain-was-declared-illegal#primaryimage\"},\"image\":{\"@id\":\"https:\\\/\\\/alegria-realestate.com\\\/articles\\\/news\\\/deprivation-of-residence-permit-because-of-the-absence-in-spain-was-declared-illegal#primaryimage\"},\"thumbnailUrl\":\"https:\\\/\\\/alegria-realestate.com\\\/wp-content\\\/uploads\\\/2023\\\/07\\\/Depositphotos_8657636_L.jpg\",\"datePublished\":\"2023-07-05T08:42:27+00:00\",\"dateModified\":\"2025-08-14T18:37:22+00:00\",\"description\":\"\u0412\u0435\u0440\u0445\u043e\u0432\u043d\u044b\u0439 \u0441\u0443\u0434 \u0418\u0441\u043f\u0430\u043d\u0438\u0438 \u043f\u0440\u0438\u0437\u043d\u0430\u043b \u043d\u0435\u0434\u0435\u0439\u0441\u0442\u0432\u0438\u0442\u0435\u043b\u044c\u043d\u043e\u0439 \u0441\u0442\u0430\u0442\u044c\u044e \\\"\u0417\u0430\u043a\u043e\u043d\u0430 \u043e\u0431 \u0438\u043d\u043e\u0441\u0442\u0440\u0430\u043d\u0446\u0430\u0445\\\", \u0443\u0441\u0442\u0430\u043d\u0430\u0432\u043b\u0438\u0432\u0430\u044e\u0449\u0443\u044e \u0432 \u043a\u0430\u0447\u0435\u0441\u0442\u0432\u0435 \u043f\u0440\u0438\u0447\u0438\u043d\u044b \u043b\u0438\u0448\u0435\u043d\u0438\u044f \u0412\u041d\u0416 \u043d\u0430\u0445\u043e\u0436\u0434\u0435\u043d\u0438\u0435 \u0437\u0430 \u043f\u0440\u0435\u0434\u0435\u043b\u0430\u043c\u0438 \u0441\u0442\u0440\u0430\u043d\u044b \u0431\u043e\u043b\u0435\u0435 6 \u043c\u0435\u0441\u044f\u0446\u0435\u0432 \u0432 \u0442\u0435\u0447\u0435\u043d\u0438\u0435 \u0433\u043e\u0434\u0430.\",\"breadcrumb\":{\"@id\":\"https:\\\/\\\/alegria-realestate.com\\\/de\\\/articles\\\/news\\\/deprivation-of-residence-permit-because-of-the-absence-in-spain-was-declared-illegal#breadcrumb\"},\"inLanguage\":\"de\",\"potentialAction\":[{\"@type\":\"ReadAction\",\"target\":[[\"https:\\\/\\\/alegria-realestate.com\\\/de\\\/articles\\\/news\\\/deprivation-of-residence-permit-because-of-the-absence-in-spain-was-declared-illegal\"]]}]},{\"@type\":\"ImageObject\",\"inLanguage\":\"de\",\"@id\":\"https:\\\/\\\/alegria-realestate.com\\\/de\\\/articles\\\/news\\\/deprivation-of-residence-permit-because-of-the-absence-in-spain-was-declared-illegal#primaryimage\",\"url\":\"https:\\\/\\\/alegria-realestate.com\\\/wp-content\\\/uploads\\\/2023\\\/07\\\/Depositphotos_8657636_L.jpg\",\"contentUrl\":\"https:\\\/\\\/alegria-realestate.com\\\/wp-content\\\/uploads\\\/2023\\\/07\\\/Depositphotos_8657636_L.jpg\",\"width\":2000,\"height\":1333,\"caption\":\"\u0422\u0440\u0435\u0431\u043e\u0432\u0430\u043d\u0438\u044f \u043a \u043d\u0430\u0445\u043e\u0436\u0434\u0435\u043d\u0438\u044e \u043e\u0431\u043b\u0430\u0434\u0430\u0442\u0435\u043b\u0435\u0439 \u0412\u041d\u0416 \u0432 \u0418\u0441\u043f\u0430\u043d\u0438\u0438 \u043d\u0430 \u043f\u0440\u043e\u0442\u044f\u0436\u0435\u043d\u0438\u0438 \u0431\u043e\u043b\u0435\u0435 \u0448\u0435\u0441\u0442\u0438 \u043c\u0435\u0441\u044f\u0446\u0435\u0432 \u043f\u0440\u0438\u0437\u043d\u0430\u043d\u043e \u043d\u0435\u0437\u0430\u043a\u043e\u043d\u043d\u044b\u043c\"},{\"@type\":\"BreadcrumbList\",\"@id\":\"https:\\\/\\\/alegria-realestate.com\\\/de\\\/articles\\\/news\\\/deprivation-of-residence-permit-because-of-the-absence-in-spain-was-declared-illegal#breadcrumb\",\"itemListElement\":[{\"@type\":\"ListItem\",\"position\":1,\"name\":\"\u0413\u043b\u0430\u0432\u043d\u0430\u044f \u0441\u0442\u0440\u0430\u043d\u0438\u0446\u0430\",\"item\":\"https:\\\/\\\/alegria-realestate.com\\\/de\\\/\"},{\"@type\":\"ListItem\",\"position\":2,\"name\":\"\u0422\u0440\u0435\u0431\u043e\u0432\u0430\u043d\u0438\u044f \u043a \u043d\u0430\u0445\u043e\u0436\u0434\u0435\u043d\u0438\u044e \u043e\u0431\u043b\u0430\u0434\u0430\u0442\u0435\u043b\u0435\u0439 \u0412\u041d\u0416 \u0432 \u0418\u0441\u043f\u0430\u043d\u0438\u0438 \u043d\u0430 \u043f\u0440\u043e\u0442\u044f\u0436\u0435\u043d\u0438\u0438 \u0431\u043e\u043b\u0435\u0435 \u0448\u0435\u0441\u0442\u0438 \u043c\u0435\u0441\u044f\u0446\u0435\u0432 \u043f\u0440\u0438\u0437\u043d\u0430\u043d\u043e \u043d\u0435\u0437\u0430\u043a\u043e\u043d\u043d\u044b\u043c\"}]},{\"@type\":\"WebSite\",\"@id\":\"https:\\\/\\\/alegria-realestate.com\\\/de\\\/#website\",\"url\":\"https:\\\/\\\/alegria-realestate.com\\\/de\\\/\",\"name\":\"Immobilien in Spanien\",\"description\":\"Immobilien in Spanien: Verkauf in allen St\u00e4dten \u2013 Torrevieja, Alicante, Benidorm u. a. Wir helfen Ihnen beim Kauf von Immobilien an der Costa Blanca \u2013 Bestandsimmobilien und Neubauten. Rundum-sorglos-Abwicklung. Immobilien an der Costa Blanca ab \u20ac80.000.\",\"publisher\":{\"@id\":\"https:\\\/\\\/alegria-realestate.com\\\/de\\\/#organization\"},\"potentialAction\":[{\"@type\":\"SearchAction\",\"target\":{\"@type\":\"EntryPoint\",\"urlTemplate\":\"https:\\\/\\\/alegria-realestate.com\\\/de\\\/?s={search_term_string}\"},\"query-input\":{\"@type\":\"PropertyValueSpecification\",\"valueRequired\":true,\"valueName\":\"search_term_string\"}}],\"inLanguage\":\"de\"},{\"@type\":\"Organization\",\"@id\":\"https:\\\/\\\/alegria-realestate.com\\\/de\\\/#organization\",\"name\":\"Alegria Realestate\",\"url\":\"https:\\\/\\\/alegria-realestate.com\\\/de\\\/\",\"logo\":{\"@type\":\"ImageObject\",\"inLanguage\":\"de\",\"@id\":\"https:\\\/\\\/alegria-realestate.com\\\/de\\\/#\\\/schema\\\/logo\\\/image\\\/\",\"url\":\"https:\\\/\\\/alegria-realestate.com\\\/wp-content\\\/uploads\\\/2019\\\/08\\\/logo_alegria.png\",\"contentUrl\":\"https:\\\/\\\/alegria-realestate.com\\\/wp-content\\\/uploads\\\/2019\\\/08\\\/logo_alegria.png\",\"width\":1600,\"height\":1403,\"caption\":\"Alegria Realestate\"},\"image\":{\"@id\":\"https:\\\/\\\/alegria-realestate.com\\\/de\\\/#\\\/schema\\\/logo\\\/image\\\/\"},\"sameAs\":[\"https:\\\/\\\/www.facebook.com\\\/realestate.alegria\",\"https:\\\/\\\/x.com\\\/alegriarealesta\",\"https:\\\/\\\/www.instagram.com\\\/alegriadom\\\/\",\"https:\\\/\\\/www.linkedin.com\\\/profile\\\/view?id=154965227\",\"https:\\\/\\\/www.youtube.com\\\/user\\\/AlegriaRealEstate\"]},{\"@type\":\"Person\",\"@id\":\"https:\\\/\\\/alegria-realestate.com\\\/#\\\/schema\\\/person\\\/6c26f3bac4c1e476e858c219ece11984\",\"name\":\"\u041b\u0435\u0440\u0430\"}]}<\/script>\n<!-- \/ Yoast SEO plugin. -->","yoast_head_json":{"title":"\u0412\u0435\u0440\u0445\u043e\u0432\u043d\u044b\u0439 \u0441\u0443\u0434 \u043f\u0440\u0438\u0437\u043d\u0430\u043b \u043d\u0435\u0437\u0430\u043a\u043e\u043d\u043d\u044b\u043c \u043b\u0438\u0448\u0435\u043d\u0438\u0435 \u0412\u041d\u0416 \u0418\u0441\u043f\u0430\u043d\u0438\u0438 \u043f\u0440\u0438 \u043e\u0442\u0441\u0443\u0442\u0441\u0442\u0432\u0438\u0438 \u0432 \u0441\u0442\u0440\u0430\u043d\u0435 \u0431\u043e\u043b\u0435\u0435 6 \u043c\u0435\u0441\u044f\u0446\u0435\u0432","description":"\u0412\u0435\u0440\u0445\u043e\u0432\u043d\u044b\u0439 \u0441\u0443\u0434 \u0418\u0441\u043f\u0430\u043d\u0438\u0438 \u043f\u0440\u0438\u0437\u043d\u0430\u043b \u043d\u0435\u0434\u0435\u0439\u0441\u0442\u0432\u0438\u0442\u0435\u043b\u044c\u043d\u043e\u0439 \u0441\u0442\u0430\u0442\u044c\u044e \"\u0417\u0430\u043a\u043e\u043d\u0430 \u043e\u0431 \u0438\u043d\u043e\u0441\u0442\u0440\u0430\u043d\u0446\u0430\u0445\", \u0443\u0441\u0442\u0430\u043d\u0430\u0432\u043b\u0438\u0432\u0430\u044e\u0449\u0443\u044e \u0432 \u043a\u0430\u0447\u0435\u0441\u0442\u0432\u0435 \u043f\u0440\u0438\u0447\u0438\u043d\u044b \u043b\u0438\u0448\u0435\u043d\u0438\u044f \u0412\u041d\u0416 \u043d\u0430\u0445\u043e\u0436\u0434\u0435\u043d\u0438\u0435 \u0437\u0430 \u043f\u0440\u0435\u0434\u0435\u043b\u0430\u043c\u0438 \u0441\u0442\u0440\u0430\u043d\u044b \u0431\u043e\u043b\u0435\u0435 6 \u043c\u0435\u0441\u044f\u0446\u0435\u0432 \u0432 \u0442\u0435\u0447\u0435\u043d\u0438\u0435 \u0433\u043e\u0434\u0430.","robots":{"index":"index","follow":"follow","max-snippet":"max-snippet:-1","max-image-preview":"max-image-preview:large","max-video-preview":"max-video-preview:-1"},"canonical":"https:\/\/alegria-realestate.com\/de\/wp-json\/wp\/v2\/posts\/501251","og_locale":"de_DE","og_type":"article","og_title":"\u0412\u0435\u0440\u0445\u043e\u0432\u043d\u044b\u0439 \u0441\u0443\u0434 \u043f\u0440\u0438\u0437\u043d\u0430\u043b \u043d\u0435\u0437\u0430\u043a\u043e\u043d\u043d\u044b\u043c \u043b\u0438\u0448\u0435\u043d\u0438\u0435 \u0412\u041d\u0416 \u0418\u0441\u043f\u0430\u043d\u0438\u0438 \u043f\u0440\u0438 \u043e\u0442\u0441\u0443\u0442\u0441\u0442\u0432\u0438\u0438 \u0432 \u0441\u0442\u0440\u0430\u043d\u0435 \u0431\u043e\u043b\u0435\u0435 6 \u043c\u0435\u0441\u044f\u0446\u0435\u0432","og_description":"\u0412\u0435\u0440\u0445\u043e\u0432\u043d\u044b\u0439 \u0441\u0443\u0434 \u0418\u0441\u043f\u0430\u043d\u0438\u0438 \u043f\u0440\u0438\u0437\u043d\u0430\u043b \u043d\u0435\u0434\u0435\u0439\u0441\u0442\u0432\u0438\u0442\u0435\u043b\u044c\u043d\u043e\u0439 \u0441\u0442\u0430\u0442\u044c\u044e \"\u0417\u0430\u043a\u043e\u043d\u0430 \u043e\u0431 \u0438\u043d\u043e\u0441\u0442\u0440\u0430\u043d\u0446\u0430\u0445\", \u0443\u0441\u0442\u0430\u043d\u0430\u0432\u043b\u0438\u0432\u0430\u044e\u0449\u0443\u044e \u0432 \u043a\u0430\u0447\u0435\u0441\u0442\u0432\u0435 \u043f\u0440\u0438\u0447\u0438\u043d\u044b \u043b\u0438\u0448\u0435\u043d\u0438\u044f \u0412\u041d\u0416 \u043d\u0430\u0445\u043e\u0436\u0434\u0435\u043d\u0438\u0435 \u0437\u0430 \u043f\u0440\u0435\u0434\u0435\u043b\u0430\u043c\u0438 \u0441\u0442\u0440\u0430\u043d\u044b \u0431\u043e\u043b\u0435\u0435 6 \u043c\u0435\u0441\u044f\u0446\u0435\u0432 \u0432 \u0442\u0435\u0447\u0435\u043d\u0438\u0435 \u0433\u043e\u0434\u0430.","og_url":"https:\/\/alegria-realestate.com\/de\/wp-json\/wp\/v2\/posts\/501251","og_site_name":"Immobilien in Spanien","article_publisher":"https:\/\/www.facebook.com\/realestate.alegria","article_published_time":"2023-07-05T08:42:27+00:00","article_modified_time":"2025-08-14T18:37:22+00:00","og_image":[{"width":1024,"height":682,"url":"https:\/\/alegria-realestate.com\/wp-content\/uploads\/2023\/07\/Depositphotos_8657636_L-1024x682.jpg","type":"image\/jpeg"}],"author":"\u041b\u0435\u0440\u0430","twitter_card":"summary_large_image","twitter_creator":"@alegriarealesta","twitter_site":"@alegriarealesta","schema":{"@context":"https:\/\/schema.org","@graph":[{"@type":"Article","@id":"https:\/\/alegria-realestate.com\/articles\/news\/deprivation-of-residence-permit-because-of-the-absence-in-spain-was-declared-illegal#article","isPartOf":{"@id":"https:\/\/alegria-realestate.com\/articles\/news\/deprivation-of-residence-permit-because-of-the-absence-in-spain-was-declared-illegal"},"author":{"name":"\u041b\u0435\u0440\u0430","@id":"https:\/\/alegria-realestate.com\/#\/schema\/person\/6c26f3bac4c1e476e858c219ece11984"},"headline":"Die Auflage, dass sich Inhaber einer Aufenthaltserlaubnis l\u00e4nger als sechs Monate in Spanien aufhalten, wurde f\u00fcr illegal erkl\u00e4rt","datePublished":"2023-07-05T08:42:27+00:00","dateModified":"2025-08-14T18:37:22+00:00","mainEntityOfPage":{"@id":"https:\/\/alegria-realestate.com\/articles\/news\/deprivation-of-residence-permit-because-of-the-absence-in-spain-was-declared-illegal"},"wordCount":1054,"publisher":{"@id":"https:\/\/alegria-realestate.com\/#organization"},"image":{"@id":"https:\/\/alegria-realestate.com\/articles\/news\/deprivation-of-residence-permit-because-of-the-absence-in-spain-was-declared-illegal#primaryimage"},"thumbnailUrl":"https:\/\/alegria-realestate.com\/wp-content\/uploads\/2023\/07\/Depositphotos_8657636_L.jpg","articleSection":["Einwanderung","Nachrichten"],"inLanguage":"de"},{"@type":"WebPage","@id":"https:\/\/alegria-realestate.com\/de\/articles\/news\/deprivation-of-residence-permit-because-of-the-absence-in-spain-was-declared-illegal","url":"https:\/\/alegria-realestate.com\/de\/articles\/news\/deprivation-of-residence-permit-because-of-the-absence-in-spain-was-declared-illegal","name":"\u0412\u0435\u0440\u0445\u043e\u0432\u043d\u044b\u0439 \u0441\u0443\u0434 \u043f\u0440\u0438\u0437\u043d\u0430\u043b \u043d\u0435\u0437\u0430\u043a\u043e\u043d\u043d\u044b\u043c \u043b\u0438\u0448\u0435\u043d\u0438\u0435 \u0412\u041d\u0416 \u0418\u0441\u043f\u0430\u043d\u0438\u0438 \u043f\u0440\u0438 \u043e\u0442\u0441\u0443\u0442\u0441\u0442\u0432\u0438\u0438 \u0432 \u0441\u0442\u0440\u0430\u043d\u0435 \u0431\u043e\u043b\u0435\u0435 6 \u043c\u0435\u0441\u044f\u0446\u0435\u0432","isPartOf":{"@id":"https:\/\/alegria-realestate.com\/de\/#website"},"primaryImageOfPage":{"@id":"https:\/\/alegria-realestate.com\/de\/articles\/news\/deprivation-of-residence-permit-because-of-the-absence-in-spain-was-declared-illegal#primaryimage"},"image":{"@id":"https:\/\/alegria-realestate.com\/articles\/news\/deprivation-of-residence-permit-because-of-the-absence-in-spain-was-declared-illegal#primaryimage"},"thumbnailUrl":"https:\/\/alegria-realestate.com\/wp-content\/uploads\/2023\/07\/Depositphotos_8657636_L.jpg","datePublished":"2023-07-05T08:42:27+00:00","dateModified":"2025-08-14T18:37:22+00:00","description":"\u0412\u0435\u0440\u0445\u043e\u0432\u043d\u044b\u0439 \u0441\u0443\u0434 \u0418\u0441\u043f\u0430\u043d\u0438\u0438 \u043f\u0440\u0438\u0437\u043d\u0430\u043b \u043d\u0435\u0434\u0435\u0439\u0441\u0442\u0432\u0438\u0442\u0435\u043b\u044c\u043d\u043e\u0439 \u0441\u0442\u0430\u0442\u044c\u044e \"\u0417\u0430\u043a\u043e\u043d\u0430 \u043e\u0431 \u0438\u043d\u043e\u0441\u0442\u0440\u0430\u043d\u0446\u0430\u0445\", \u0443\u0441\u0442\u0430\u043d\u0430\u0432\u043b\u0438\u0432\u0430\u044e\u0449\u0443\u044e \u0432 \u043a\u0430\u0447\u0435\u0441\u0442\u0432\u0435 \u043f\u0440\u0438\u0447\u0438\u043d\u044b \u043b\u0438\u0448\u0435\u043d\u0438\u044f \u0412\u041d\u0416 \u043d\u0430\u0445\u043e\u0436\u0434\u0435\u043d\u0438\u0435 \u0437\u0430 \u043f\u0440\u0435\u0434\u0435\u043b\u0430\u043c\u0438 \u0441\u0442\u0440\u0430\u043d\u044b \u0431\u043e\u043b\u0435\u0435 6 \u043c\u0435\u0441\u044f\u0446\u0435\u0432 \u0432 \u0442\u0435\u0447\u0435\u043d\u0438\u0435 \u0433\u043e\u0434\u0430.","breadcrumb":{"@id":"https:\/\/alegria-realestate.com\/de\/articles\/news\/deprivation-of-residence-permit-because-of-the-absence-in-spain-was-declared-illegal#breadcrumb"},"inLanguage":"de","potentialAction":[{"@type":"ReadAction","target":[["https:\/\/alegria-realestate.com\/de\/articles\/news\/deprivation-of-residence-permit-because-of-the-absence-in-spain-was-declared-illegal"]]}]},{"@type":"ImageObject","inLanguage":"de","@id":"https:\/\/alegria-realestate.com\/de\/articles\/news\/deprivation-of-residence-permit-because-of-the-absence-in-spain-was-declared-illegal#primaryimage","url":"https:\/\/alegria-realestate.com\/wp-content\/uploads\/2023\/07\/Depositphotos_8657636_L.jpg","contentUrl":"https:\/\/alegria-realestate.com\/wp-content\/uploads\/2023\/07\/Depositphotos_8657636_L.jpg","width":2000,"height":1333,"caption":"\u0422\u0440\u0435\u0431\u043e\u0432\u0430\u043d\u0438\u044f \u043a \u043d\u0430\u0445\u043e\u0436\u0434\u0435\u043d\u0438\u044e \u043e\u0431\u043b\u0430\u0434\u0430\u0442\u0435\u043b\u0435\u0439 \u0412\u041d\u0416 \u0432 \u0418\u0441\u043f\u0430\u043d\u0438\u0438 \u043d\u0430 \u043f\u0440\u043e\u0442\u044f\u0436\u0435\u043d\u0438\u0438 \u0431\u043e\u043b\u0435\u0435 \u0448\u0435\u0441\u0442\u0438 \u043c\u0435\u0441\u044f\u0446\u0435\u0432 \u043f\u0440\u0438\u0437\u043d\u0430\u043d\u043e \u043d\u0435\u0437\u0430\u043a\u043e\u043d\u043d\u044b\u043c"},{"@type":"BreadcrumbList","@id":"https:\/\/alegria-realestate.com\/de\/articles\/news\/deprivation-of-residence-permit-because-of-the-absence-in-spain-was-declared-illegal#breadcrumb","itemListElement":[{"@type":"ListItem","position":1,"name":"\u0413\u043b\u0430\u0432\u043d\u0430\u044f \u0441\u0442\u0440\u0430\u043d\u0438\u0446\u0430","item":"https:\/\/alegria-realestate.com\/de\/"},{"@type":"ListItem","position":2,"name":"\u0422\u0440\u0435\u0431\u043e\u0432\u0430\u043d\u0438\u044f \u043a \u043d\u0430\u0445\u043e\u0436\u0434\u0435\u043d\u0438\u044e \u043e\u0431\u043b\u0430\u0434\u0430\u0442\u0435\u043b\u0435\u0439 \u0412\u041d\u0416 \u0432 \u0418\u0441\u043f\u0430\u043d\u0438\u0438 \u043d\u0430 \u043f\u0440\u043e\u0442\u044f\u0436\u0435\u043d\u0438\u0438 \u0431\u043e\u043b\u0435\u0435 \u0448\u0435\u0441\u0442\u0438 \u043c\u0435\u0441\u044f\u0446\u0435\u0432 \u043f\u0440\u0438\u0437\u043d\u0430\u043d\u043e \u043d\u0435\u0437\u0430\u043a\u043e\u043d\u043d\u044b\u043c"}]},{"@type":"WebSite","@id":"https:\/\/alegria-realestate.com\/de\/#website","url":"https:\/\/alegria-realestate.com\/de\/","name":"Immobilien in Spanien","description":"Immobilien in Spanien: Verkauf in allen St\u00e4dten \u2013 Torrevieja, Alicante, Benidorm u. a. Wir helfen Ihnen beim Kauf von Immobilien an der Costa Blanca \u2013 Bestandsimmobilien und Neubauten. Rundum-sorglos-Abwicklung. Immobilien an der Costa Blanca ab \u20ac80.000.","publisher":{"@id":"https:\/\/alegria-realestate.com\/de\/#organization"},"potentialAction":[{"@type":"SearchAction","target":{"@type":"EntryPoint","urlTemplate":"https:\/\/alegria-realestate.com\/de\/?s={search_term_string}"},"query-input":{"@type":"PropertyValueSpecification","valueRequired":true,"valueName":"search_term_string"}}],"inLanguage":"de"},{"@type":"Organization","@id":"https:\/\/alegria-realestate.com\/de\/#organization","name":"Alegria Realestate","url":"https:\/\/alegria-realestate.com\/de\/","logo":{"@type":"ImageObject","inLanguage":"de","@id":"https:\/\/alegria-realestate.com\/de\/#\/schema\/logo\/image\/","url":"https:\/\/alegria-realestate.com\/wp-content\/uploads\/2019\/08\/logo_alegria.png","contentUrl":"https:\/\/alegria-realestate.com\/wp-content\/uploads\/2019\/08\/logo_alegria.png","width":1600,"height":1403,"caption":"Alegria Realestate"},"image":{"@id":"https:\/\/alegria-realestate.com\/de\/#\/schema\/logo\/image\/"},"sameAs":["https:\/\/www.facebook.com\/realestate.alegria","https:\/\/x.com\/alegriarealesta","https:\/\/www.instagram.com\/alegriadom\/","https:\/\/www.linkedin.com\/profile\/view?id=154965227","https:\/\/www.youtube.com\/user\/AlegriaRealEstate"]},{"@type":"Person","@id":"https:\/\/alegria-realestate.com\/#\/schema\/person\/6c26f3bac4c1e476e858c219ece11984","name":"\u041b\u0435\u0440\u0430"}]}},"_links":{"self":[{"href":"https:\/\/alegria-realestate.com\/de\/wp-json\/wp\/v2\/posts\/501251","targetHints":{"allow":["GET"]}}],"collection":[{"href":"https:\/\/alegria-realestate.com\/de\/wp-json\/wp\/v2\/posts"}],"about":[{"href":"https:\/\/alegria-realestate.com\/de\/wp-json\/wp\/v2\/types\/post"}],"author":[{"embeddable":true,"href":"https:\/\/alegria-realestate.com\/de\/wp-json\/wp\/v2\/users\/19"}],"replies":[{"embeddable":true,"href":"https:\/\/alegria-realestate.com\/de\/wp-json\/wp\/v2\/comments?post=501251"}],"version-history":[{"count":1,"href":"https:\/\/alegria-realestate.com\/de\/wp-json\/wp\/v2\/posts\/501251\/revisions"}],"predecessor-version":[{"id":837713,"href":"https:\/\/alegria-realestate.com\/de\/wp-json\/wp\/v2\/posts\/501251\/revisions\/837713"}],"wp:featuredmedia":[{"embeddable":true,"href":"https:\/\/alegria-realestate.com\/de\/wp-json\/wp\/v2\/media\/501252"}],"wp:attachment":[{"href":"https:\/\/alegria-realestate.com\/de\/wp-json\/wp\/v2\/media?parent=501251"}],"wp:term":[{"taxonomy":"category","embeddable":true,"href":"https:\/\/alegria-realestate.com\/de\/wp-json\/wp\/v2\/categories?post=501251"},{"taxonomy":"post_tag","embeddable":true,"href":"https:\/\/alegria-realestate.com\/de\/wp-json\/wp\/v2\/tags?post=501251"}],"curies":[{"name":"wp","href":"https:\/\/api.w.org\/{rel}","templated":true}]}}