{"id":560907,"date":"2024-04-08T14:56:28","date_gmt":"2024-04-08T11:56:28","guid":{"rendered":"https:\/\/alegria-realestate.com\/?p=560907"},"modified":"2025-08-14T21:39:18","modified_gmt":"2025-08-14T18:39:18","slug":"valencian-community-is-the-second-region-in-terms-of-property-value-growth","status":"publish","type":"post","link":"https:\/\/alegria-realestate.com\/de\/articles\/news\/valencian-community-is-the-second-region-in-terms-of-property-value-growth","title":{"rendered":"Die valencianische Gemeinschaft ist die zweite Autonomie, in der die Immobilienpreise Ende 2023 am st\u00e4rksten gestiegen sind"},"content":{"rendered":"<p>Die Valencianische Gemeinschaft wurde nach den Balearen zur zweiten Autonomie mit dem deutlichsten Anstieg der Immobilienpreise im vierten Quartal 2023. Auf Jahresbasis sind die Preise f\u00fcr Wohnungen und H\u00e4user hier um 8,8 % gestiegen, was \u00fcber dem Landesdurchschnitt von 5,3 % liegt. Auf den Balearen stiegen die Preise um 9,9 %, auf den Kanaren um 7,5 %, in Murcia um 6,8 %, in Andalusien um 6,7 % und in der Autonomen Gemeinschaft Madrid um 6,6 %. Nach den neuesten vom Wohnungsbauministerium ver\u00f6ffentlichten Daten erreichten die durchschnittlichen Immobilienpreise in Spanien Ende letzten Jahres 1842,3 Euro\/m2. Dies ist der H\u00f6chstwert seit Mitte 2010, als sie 1848 Euro\/m\u00b2 betrugen. Zu beachten ist auch, dass sie bereits zwei Quartale in Folge die Marke von 1.800 Euro \u00fcberschritten haben, was seit dem vierten Quartal 2010 nicht mehr zu beobachten war. Der Preis f\u00fcr Wohnungen unter f\u00fcnf Jahren stieg im vierten Quartal 2023 um 4 % und der Preis stieg auf 2.167 Euro pro 1 m\u00b2. Bei Objekten, die \u00e4lter als f\u00fcnf Jahre sind, lagen diese bei 5,4 % bzw. 1.833 Euro. Die teuersten Wohnimmobilien gibt es in der Autonomen Gemeinschaft Madrid \u2013 3080 Euro\/m2, gefolgt von den Balearen (2958 Euro\/m2), dem Baskenland (2565 Euro\/m2) und Katalonien (2233 Euro\/m2). Die niedrigsten Preise wurden in Extremadura (883 Euro\/m2) und Kastilien-La Mancha (943 Euro\/m2) beobachtet, den einzigen autonomen Regionen, in denen sie 1000 Euro\/m2 nicht \u00fcberstiegen.<\/p>","protected":false},"excerpt":{"rendered":"<p>Die Valencianische Gemeinschaft wurde nach den Balearen zur zweiten\u2026<\/p>\n","protected":false},"author":19,"featured_media":560908,"comment_status":"closed","ping_status":"closed","sticky":false,"template":"","format":"standard","meta":{"footnotes":""},"categories":[15,73],"tags":[],"class_list":["post-560907","post","type-post","status-publish","format-standard","has-post-thumbnail","hentry","category-news","category-property-in-spain"],"yoast_head":"<!-- This site is optimized with the Yoast SEO plugin v27.5 - https:\/\/yoast.com\/product\/yoast-seo-wordpress\/ -->\n<title>\u0412\u0430\u043b\u0435\u043d\u0441\u0438\u0439\u0441\u043a\u043e\u0435 \u0441\u043e\u043e\u0431\u0449\u0435\u0441\u0442\u0432\u043e \u2013 \u0432\u0442\u043e\u0440\u043e\u0439 \u0440\u0435\u0433\u0438\u043e\u043d \u0418\u0441\u043f\u0430\u043d\u0438\u0438 \u043f\u043e \u0440\u043e\u0441\u0442\u0443 \u0441\u0442\u043e\u0438\u043c\u043e\u0441\u0442\u0438 \u043d\u0435\u0434\u0432\u0438\u0436\u0438\u043c\u043e\u0441\u0442\u0438 \u0432 \u043a\u043e\u043d\u0446\u0435 2023 \u0433\u043e\u0434\u0430<\/title>\n<meta name=\"description\" content=\"\u0412\u0430\u043b\u0435\u043d\u0441\u0438\u0439\u0441\u043a\u043e\u0435 \u0441\u043e\u043e\u0431\u0449\u0435\u0441\u0442\u0432\u043e \u0441\u0442\u0430\u043b\u043e \u0432\u0442\u043e\u0440\u043e\u0439 \u043f\u043e\u0441\u043b\u0435 \u0411\u0430\u043b\u0435\u0430\u0440\u0441\u043a\u0438\u0445 \u043e\u0441\u0442\u0440\u043e\u0432\u043e\u0432 \u0430\u0432\u0442\u043e\u043d\u043e\u043c\u0438\u0435\u0439 \u0441 \u0441\u0430\u043c\u044b\u043c \u0441\u0443\u0449\u0435\u0441\u0442\u0432\u0435\u043d\u043d\u044b\u043c \u0440\u043e\u0441\u0442\u043e\u043c \u0446\u0435\u043d \u043d\u0430 \u0436\u0438\u043b\u044c\u0435 \u0432 \u0447\u0435\u0442\u0432\u0435\u0440\u0442\u043e\u043c \u043a\u0432\u0430\u0440\u0442\u0430\u043b\u0435 2023 \u0433\u043e\u0434\u0430.\" \/>\n<meta name=\"robots\" content=\"index, follow, max-snippet:-1, max-image-preview:large, max-video-preview:-1\" \/>\n<link rel=\"canonical\" href=\"https:\/\/alegria-realestate.com\/de\/wp-json\/wp\/v2\/posts\/560907\" \/>\n<meta property=\"og:locale\" content=\"de_DE\" \/>\n<meta property=\"og:type\" content=\"article\" \/>\n<meta property=\"og:title\" content=\"\u0412\u0430\u043b\u0435\u043d\u0441\u0438\u0439\u0441\u043a\u043e\u0435 \u0441\u043e\u043e\u0431\u0449\u0435\u0441\u0442\u0432\u043e \u2013 \u0432\u0442\u043e\u0440\u043e\u0439 \u0440\u0435\u0433\u0438\u043e\u043d \u0418\u0441\u043f\u0430\u043d\u0438\u0438 \u043f\u043e \u0440\u043e\u0441\u0442\u0443 \u0441\u0442\u043e\u0438\u043c\u043e\u0441\u0442\u0438 \u043d\u0435\u0434\u0432\u0438\u0436\u0438\u043c\u043e\u0441\u0442\u0438 \u0432 \u043a\u043e\u043d\u0446\u0435 2023 \u0433\u043e\u0434\u0430\" \/>\n<meta property=\"og:description\" content=\"\u0412\u0430\u043b\u0435\u043d\u0441\u0438\u0439\u0441\u043a\u043e\u0435 \u0441\u043e\u043e\u0431\u0449\u0435\u0441\u0442\u0432\u043e \u0441\u0442\u0430\u043b\u043e \u0432\u0442\u043e\u0440\u043e\u0439 \u043f\u043e\u0441\u043b\u0435 \u0411\u0430\u043b\u0435\u0430\u0440\u0441\u043a\u0438\u0445 \u043e\u0441\u0442\u0440\u043e\u0432\u043e\u0432 \u0430\u0432\u0442\u043e\u043d\u043e\u043c\u0438\u0435\u0439 \u0441 \u0441\u0430\u043c\u044b\u043c \u0441\u0443\u0449\u0435\u0441\u0442\u0432\u0435\u043d\u043d\u044b\u043c \u0440\u043e\u0441\u0442\u043e\u043c \u0446\u0435\u043d \u043d\u0430 \u0436\u0438\u043b\u044c\u0435 \u0432 \u0447\u0435\u0442\u0432\u0435\u0440\u0442\u043e\u043c \u043a\u0432\u0430\u0440\u0442\u0430\u043b\u0435 2023 \u0433\u043e\u0434\u0430.\" \/>\n<meta property=\"og:url\" content=\"https:\/\/alegria-realestate.com\/de\/wp-json\/wp\/v2\/posts\/560907\" \/>\n<meta property=\"og:site_name\" content=\"Immobilien in Spanien\" \/>\n<meta property=\"article:publisher\" content=\"https:\/\/www.facebook.com\/realestate.alegria\" \/>\n<meta property=\"article:published_time\" content=\"2024-04-08T11:56:28+00:00\" \/>\n<meta property=\"article:modified_time\" content=\"2025-08-14T18:39:18+00:00\" \/>\n<meta property=\"og:image\" content=\"https:\/\/alegria-realestate.com\/wp-content\/uploads\/2024\/04\/Depositphotos_170025980_L-1024x670.jpg\" \/>\n\t<meta property=\"og:image:width\" content=\"1024\" \/>\n\t<meta property=\"og:image:height\" content=\"670\" \/>\n\t<meta property=\"og:image:type\" content=\"image\/jpeg\" \/>\n<meta name=\"author\" content=\"\u041b\u0435\u0440\u0430\" \/>\n<meta name=\"twitter:card\" content=\"summary_large_image\" \/>\n<meta name=\"twitter:creator\" content=\"@alegriarealesta\" \/>\n<meta name=\"twitter:site\" content=\"@alegriarealesta\" \/>\n<script type=\"application\/ld+json\" class=\"yoast-schema-graph\">{\"@context\":\"https:\\\/\\\/schema.org\",\"@graph\":[{\"@type\":\"Article\",\"@id\":\"https:\\\/\\\/alegria-realestate.com\\\/articles\\\/news\\\/valencian-community-is-the-second-region-in-terms-of-property-value-growth#article\",\"isPartOf\":{\"@id\":\"https:\\\/\\\/alegria-realestate.com\\\/articles\\\/news\\\/valencian-community-is-the-second-region-in-terms-of-property-value-growth\"},\"author\":{\"name\":\"\u041b\u0435\u0440\u0430\",\"@id\":\"https:\\\/\\\/alegria-realestate.com\\\/#\\\/schema\\\/person\\\/6c26f3bac4c1e476e858c219ece11984\"},\"headline\":\"Die valencianische Gemeinschaft ist die zweite Autonomie, in der die Immobilienpreise Ende 2023 am st\u00e4rksten gestiegen sind\",\"datePublished\":\"2024-04-08T11:56:28+00:00\",\"dateModified\":\"2025-08-14T18:39:18+00:00\",\"mainEntityOfPage\":{\"@id\":\"https:\\\/\\\/alegria-realestate.com\\\/articles\\\/news\\\/valencian-community-is-the-second-region-in-terms-of-property-value-growth\"},\"wordCount\":905,\"publisher\":{\"@id\":\"https:\\\/\\\/alegria-realestate.com\\\/#organization\"},\"image\":{\"@id\":\"https:\\\/\\\/alegria-realestate.com\\\/articles\\\/news\\\/valencian-community-is-the-second-region-in-terms-of-property-value-growth#primaryimage\"},\"thumbnailUrl\":\"https:\\\/\\\/alegria-realestate.com\\\/wp-content\\\/uploads\\\/2024\\\/04\\\/Depositphotos_170025980_L.jpg\",\"articleSection\":[\"Nachrichten\",\"Immobilien\"],\"inLanguage\":\"de\"},{\"@type\":\"WebPage\",\"@id\":\"https:\\\/\\\/alegria-realestate.com\\\/de\\\/articles\\\/news\\\/valencian-community-is-the-second-region-in-terms-of-property-value-growth\",\"url\":\"https:\\\/\\\/alegria-realestate.com\\\/de\\\/articles\\\/news\\\/valencian-community-is-the-second-region-in-terms-of-property-value-growth\",\"name\":\"\u0412\u0430\u043b\u0435\u043d\u0441\u0438\u0439\u0441\u043a\u043e\u0435 \u0441\u043e\u043e\u0431\u0449\u0435\u0441\u0442\u0432\u043e \u2013 \u0432\u0442\u043e\u0440\u043e\u0439 \u0440\u0435\u0433\u0438\u043e\u043d \u0418\u0441\u043f\u0430\u043d\u0438\u0438 \u043f\u043e \u0440\u043e\u0441\u0442\u0443 \u0441\u0442\u043e\u0438\u043c\u043e\u0441\u0442\u0438 \u043d\u0435\u0434\u0432\u0438\u0436\u0438\u043c\u043e\u0441\u0442\u0438 \u0432 \u043a\u043e\u043d\u0446\u0435 2023 \u0433\u043e\u0434\u0430\",\"isPartOf\":{\"@id\":\"https:\\\/\\\/alegria-realestate.com\\\/de\\\/#website\"},\"primaryImageOfPage\":{\"@id\":\"https:\\\/\\\/alegria-realestate.com\\\/de\\\/articles\\\/news\\\/valencian-community-is-the-second-region-in-terms-of-property-value-growth#primaryimage\"},\"image\":{\"@id\":\"https:\\\/\\\/alegria-realestate.com\\\/articles\\\/news\\\/valencian-community-is-the-second-region-in-terms-of-property-value-growth#primaryimage\"},\"thumbnailUrl\":\"https:\\\/\\\/alegria-realestate.com\\\/wp-content\\\/uploads\\\/2024\\\/04\\\/Depositphotos_170025980_L.jpg\",\"datePublished\":\"2024-04-08T11:56:28+00:00\",\"dateModified\":\"2025-08-14T18:39:18+00:00\",\"description\":\"\u0412\u0430\u043b\u0435\u043d\u0441\u0438\u0439\u0441\u043a\u043e\u0435 \u0441\u043e\u043e\u0431\u0449\u0435\u0441\u0442\u0432\u043e \u0441\u0442\u0430\u043b\u043e \u0432\u0442\u043e\u0440\u043e\u0439 \u043f\u043e\u0441\u043b\u0435 \u0411\u0430\u043b\u0435\u0430\u0440\u0441\u043a\u0438\u0445 \u043e\u0441\u0442\u0440\u043e\u0432\u043e\u0432 \u0430\u0432\u0442\u043e\u043d\u043e\u043c\u0438\u0435\u0439 \u0441 \u0441\u0430\u043c\u044b\u043c \u0441\u0443\u0449\u0435\u0441\u0442\u0432\u0435\u043d\u043d\u044b\u043c \u0440\u043e\u0441\u0442\u043e\u043c \u0446\u0435\u043d \u043d\u0430 \u0436\u0438\u043b\u044c\u0435 \u0432 \u0447\u0435\u0442\u0432\u0435\u0440\u0442\u043e\u043c \u043a\u0432\u0430\u0440\u0442\u0430\u043b\u0435 2023 \u0433\u043e\u0434\u0430.\",\"breadcrumb\":{\"@id\":\"https:\\\/\\\/alegria-realestate.com\\\/de\\\/articles\\\/news\\\/valencian-community-is-the-second-region-in-terms-of-property-value-growth#breadcrumb\"},\"inLanguage\":\"de\",\"potentialAction\":[{\"@type\":\"ReadAction\",\"target\":[[\"https:\\\/\\\/alegria-realestate.com\\\/de\\\/articles\\\/news\\\/valencian-community-is-the-second-region-in-terms-of-property-value-growth\"]]}]},{\"@type\":\"ImageObject\",\"inLanguage\":\"de\",\"@id\":\"https:\\\/\\\/alegria-realestate.com\\\/de\\\/articles\\\/news\\\/valencian-community-is-the-second-region-in-terms-of-property-value-growth#primaryimage\",\"url\":\"https:\\\/\\\/alegria-realestate.com\\\/wp-content\\\/uploads\\\/2024\\\/04\\\/Depositphotos_170025980_L.jpg\",\"contentUrl\":\"https:\\\/\\\/alegria-realestate.com\\\/wp-content\\\/uploads\\\/2024\\\/04\\\/Depositphotos_170025980_L.jpg\",\"width\":1999,\"height\":1307,\"caption\":\"\u0412\u0430\u043b\u0435\u043d\u0441\u0438\u0439\u0441\u043a\u043e\u0435 \u0441\u043e\u043e\u0431\u0449\u0435\u0441\u0442\u0432\u043e \u2013 \u0432\u0442\u043e\u0440\u0430\u044f \u0430\u0432\u0442\u043e\u043d\u043e\u043c\u0438\u044f, \u0433\u0434\u0435 \u0436\u0438\u043b\u044c\u0435 \u0432 \u043a\u043e\u043d\u0446\u0435 2023 \u0433\u043e\u0434\u0430 \u043f\u043e\u0434\u043e\u0440\u043e\u0436\u0430\u043b\u043e \u0441\u0438\u043b\u044c\u043d\u0435\u0435 \u0432\u0441\u0435\u0433\u043e\"},{\"@type\":\"BreadcrumbList\",\"@id\":\"https:\\\/\\\/alegria-realestate.com\\\/de\\\/articles\\\/news\\\/valencian-community-is-the-second-region-in-terms-of-property-value-growth#breadcrumb\",\"itemListElement\":[{\"@type\":\"ListItem\",\"position\":1,\"name\":\"\u0413\u043b\u0430\u0432\u043d\u0430\u044f \u0441\u0442\u0440\u0430\u043d\u0438\u0446\u0430\",\"item\":\"https:\\\/\\\/alegria-realestate.com\\\/de\\\/\"},{\"@type\":\"ListItem\",\"position\":2,\"name\":\"\u0412\u0430\u043b\u0435\u043d\u0441\u0438\u0439\u0441\u043a\u043e\u0435 \u0441\u043e\u043e\u0431\u0449\u0435\u0441\u0442\u0432\u043e \u2013 \u0432\u0442\u043e\u0440\u0430\u044f \u0430\u0432\u0442\u043e\u043d\u043e\u043c\u0438\u044f, \u0433\u0434\u0435 \u0436\u0438\u043b\u044c\u0435 \u0432 \u043a\u043e\u043d\u0446\u0435 2023 \u0433\u043e\u0434\u0430 \u043f\u043e\u0434\u043e\u0440\u043e\u0436\u0430\u043b\u043e \u0441\u0438\u043b\u044c\u043d\u0435\u0435 \u0432\u0441\u0435\u0433\u043e\"}]},{\"@type\":\"WebSite\",\"@id\":\"https:\\\/\\\/alegria-realestate.com\\\/de\\\/#website\",\"url\":\"https:\\\/\\\/alegria-realestate.com\\\/de\\\/\",\"name\":\"Immobilien in Spanien\",\"description\":\"Immobilien in Spanien: Verkauf in allen St\u00e4dten \u2013 Torrevieja, Alicante, Benidorm u. a. Wir helfen Ihnen beim Kauf von Immobilien an der Costa Blanca \u2013 Bestandsimmobilien und Neubauten. Rundum-sorglos-Abwicklung. Immobilien an der Costa Blanca ab \u20ac80.000.\",\"publisher\":{\"@id\":\"https:\\\/\\\/alegria-realestate.com\\\/de\\\/#organization\"},\"potentialAction\":[{\"@type\":\"SearchAction\",\"target\":{\"@type\":\"EntryPoint\",\"urlTemplate\":\"https:\\\/\\\/alegria-realestate.com\\\/de\\\/?s={search_term_string}\"},\"query-input\":{\"@type\":\"PropertyValueSpecification\",\"valueRequired\":true,\"valueName\":\"search_term_string\"}}],\"inLanguage\":\"de\"},{\"@type\":\"Organization\",\"@id\":\"https:\\\/\\\/alegria-realestate.com\\\/de\\\/#organization\",\"name\":\"Alegria Realestate\",\"url\":\"https:\\\/\\\/alegria-realestate.com\\\/de\\\/\",\"logo\":{\"@type\":\"ImageObject\",\"inLanguage\":\"de\",\"@id\":\"https:\\\/\\\/alegria-realestate.com\\\/de\\\/#\\\/schema\\\/logo\\\/image\\\/\",\"url\":\"https:\\\/\\\/alegria-realestate.com\\\/wp-content\\\/uploads\\\/2019\\\/08\\\/logo_alegria.png\",\"contentUrl\":\"https:\\\/\\\/alegria-realestate.com\\\/wp-content\\\/uploads\\\/2019\\\/08\\\/logo_alegria.png\",\"width\":1600,\"height\":1403,\"caption\":\"Alegria Realestate\"},\"image\":{\"@id\":\"https:\\\/\\\/alegria-realestate.com\\\/de\\\/#\\\/schema\\\/logo\\\/image\\\/\"},\"sameAs\":[\"https:\\\/\\\/www.facebook.com\\\/realestate.alegria\",\"https:\\\/\\\/x.com\\\/alegriarealesta\",\"https:\\\/\\\/www.instagram.com\\\/alegriadom\\\/\",\"https:\\\/\\\/www.linkedin.com\\\/profile\\\/view?id=154965227\",\"https:\\\/\\\/www.youtube.com\\\/user\\\/AlegriaRealEstate\"]},{\"@type\":\"Person\",\"@id\":\"https:\\\/\\\/alegria-realestate.com\\\/#\\\/schema\\\/person\\\/6c26f3bac4c1e476e858c219ece11984\",\"name\":\"\u041b\u0435\u0440\u0430\"}]}<\/script>\n<!-- \/ Yoast SEO plugin. -->","yoast_head_json":{"title":"\u0412\u0430\u043b\u0435\u043d\u0441\u0438\u0439\u0441\u043a\u043e\u0435 \u0441\u043e\u043e\u0431\u0449\u0435\u0441\u0442\u0432\u043e \u2013 \u0432\u0442\u043e\u0440\u043e\u0439 \u0440\u0435\u0433\u0438\u043e\u043d \u0418\u0441\u043f\u0430\u043d\u0438\u0438 \u043f\u043e \u0440\u043e\u0441\u0442\u0443 \u0441\u0442\u043e\u0438\u043c\u043e\u0441\u0442\u0438 \u043d\u0435\u0434\u0432\u0438\u0436\u0438\u043c\u043e\u0441\u0442\u0438 \u0432 \u043a\u043e\u043d\u0446\u0435 2023 \u0433\u043e\u0434\u0430","description":"\u0412\u0430\u043b\u0435\u043d\u0441\u0438\u0439\u0441\u043a\u043e\u0435 \u0441\u043e\u043e\u0431\u0449\u0435\u0441\u0442\u0432\u043e \u0441\u0442\u0430\u043b\u043e \u0432\u0442\u043e\u0440\u043e\u0439 \u043f\u043e\u0441\u043b\u0435 \u0411\u0430\u043b\u0435\u0430\u0440\u0441\u043a\u0438\u0445 \u043e\u0441\u0442\u0440\u043e\u0432\u043e\u0432 \u0430\u0432\u0442\u043e\u043d\u043e\u043c\u0438\u0435\u0439 \u0441 \u0441\u0430\u043c\u044b\u043c \u0441\u0443\u0449\u0435\u0441\u0442\u0432\u0435\u043d\u043d\u044b\u043c \u0440\u043e\u0441\u0442\u043e\u043c \u0446\u0435\u043d \u043d\u0430 \u0436\u0438\u043b\u044c\u0435 \u0432 \u0447\u0435\u0442\u0432\u0435\u0440\u0442\u043e\u043c \u043a\u0432\u0430\u0440\u0442\u0430\u043b\u0435 2023 \u0433\u043e\u0434\u0430.","robots":{"index":"index","follow":"follow","max-snippet":"max-snippet:-1","max-image-preview":"max-image-preview:large","max-video-preview":"max-video-preview:-1"},"canonical":"https:\/\/alegria-realestate.com\/de\/wp-json\/wp\/v2\/posts\/560907","og_locale":"de_DE","og_type":"article","og_title":"\u0412\u0430\u043b\u0435\u043d\u0441\u0438\u0439\u0441\u043a\u043e\u0435 \u0441\u043e\u043e\u0431\u0449\u0435\u0441\u0442\u0432\u043e \u2013 \u0432\u0442\u043e\u0440\u043e\u0439 \u0440\u0435\u0433\u0438\u043e\u043d \u0418\u0441\u043f\u0430\u043d\u0438\u0438 \u043f\u043e \u0440\u043e\u0441\u0442\u0443 \u0441\u0442\u043e\u0438\u043c\u043e\u0441\u0442\u0438 \u043d\u0435\u0434\u0432\u0438\u0436\u0438\u043c\u043e\u0441\u0442\u0438 \u0432 \u043a\u043e\u043d\u0446\u0435 2023 \u0433\u043e\u0434\u0430","og_description":"\u0412\u0430\u043b\u0435\u043d\u0441\u0438\u0439\u0441\u043a\u043e\u0435 \u0441\u043e\u043e\u0431\u0449\u0435\u0441\u0442\u0432\u043e \u0441\u0442\u0430\u043b\u043e \u0432\u0442\u043e\u0440\u043e\u0439 \u043f\u043e\u0441\u043b\u0435 \u0411\u0430\u043b\u0435\u0430\u0440\u0441\u043a\u0438\u0445 \u043e\u0441\u0442\u0440\u043e\u0432\u043e\u0432 \u0430\u0432\u0442\u043e\u043d\u043e\u043c\u0438\u0435\u0439 \u0441 \u0441\u0430\u043c\u044b\u043c \u0441\u0443\u0449\u0435\u0441\u0442\u0432\u0435\u043d\u043d\u044b\u043c \u0440\u043e\u0441\u0442\u043e\u043c \u0446\u0435\u043d \u043d\u0430 \u0436\u0438\u043b\u044c\u0435 \u0432 \u0447\u0435\u0442\u0432\u0435\u0440\u0442\u043e\u043c \u043a\u0432\u0430\u0440\u0442\u0430\u043b\u0435 2023 \u0433\u043e\u0434\u0430.","og_url":"https:\/\/alegria-realestate.com\/de\/wp-json\/wp\/v2\/posts\/560907","og_site_name":"Immobilien in Spanien","article_publisher":"https:\/\/www.facebook.com\/realestate.alegria","article_published_time":"2024-04-08T11:56:28+00:00","article_modified_time":"2025-08-14T18:39:18+00:00","og_image":[{"width":1024,"height":670,"url":"https:\/\/alegria-realestate.com\/wp-content\/uploads\/2024\/04\/Depositphotos_170025980_L-1024x670.jpg","type":"image\/jpeg"}],"author":"\u041b\u0435\u0440\u0430","twitter_card":"summary_large_image","twitter_creator":"@alegriarealesta","twitter_site":"@alegriarealesta","schema":{"@context":"https:\/\/schema.org","@graph":[{"@type":"Article","@id":"https:\/\/alegria-realestate.com\/articles\/news\/valencian-community-is-the-second-region-in-terms-of-property-value-growth#article","isPartOf":{"@id":"https:\/\/alegria-realestate.com\/articles\/news\/valencian-community-is-the-second-region-in-terms-of-property-value-growth"},"author":{"name":"\u041b\u0435\u0440\u0430","@id":"https:\/\/alegria-realestate.com\/#\/schema\/person\/6c26f3bac4c1e476e858c219ece11984"},"headline":"Die valencianische Gemeinschaft ist die zweite Autonomie, in der die Immobilienpreise Ende 2023 am st\u00e4rksten gestiegen sind","datePublished":"2024-04-08T11:56:28+00:00","dateModified":"2025-08-14T18:39:18+00:00","mainEntityOfPage":{"@id":"https:\/\/alegria-realestate.com\/articles\/news\/valencian-community-is-the-second-region-in-terms-of-property-value-growth"},"wordCount":905,"publisher":{"@id":"https:\/\/alegria-realestate.com\/#organization"},"image":{"@id":"https:\/\/alegria-realestate.com\/articles\/news\/valencian-community-is-the-second-region-in-terms-of-property-value-growth#primaryimage"},"thumbnailUrl":"https:\/\/alegria-realestate.com\/wp-content\/uploads\/2024\/04\/Depositphotos_170025980_L.jpg","articleSection":["Nachrichten","Immobilien"],"inLanguage":"de"},{"@type":"WebPage","@id":"https:\/\/alegria-realestate.com\/de\/articles\/news\/valencian-community-is-the-second-region-in-terms-of-property-value-growth","url":"https:\/\/alegria-realestate.com\/de\/articles\/news\/valencian-community-is-the-second-region-in-terms-of-property-value-growth","name":"\u0412\u0430\u043b\u0435\u043d\u0441\u0438\u0439\u0441\u043a\u043e\u0435 \u0441\u043e\u043e\u0431\u0449\u0435\u0441\u0442\u0432\u043e \u2013 \u0432\u0442\u043e\u0440\u043e\u0439 \u0440\u0435\u0433\u0438\u043e\u043d \u0418\u0441\u043f\u0430\u043d\u0438\u0438 \u043f\u043e \u0440\u043e\u0441\u0442\u0443 \u0441\u0442\u043e\u0438\u043c\u043e\u0441\u0442\u0438 \u043d\u0435\u0434\u0432\u0438\u0436\u0438\u043c\u043e\u0441\u0442\u0438 \u0432 \u043a\u043e\u043d\u0446\u0435 2023 \u0433\u043e\u0434\u0430","isPartOf":{"@id":"https:\/\/alegria-realestate.com\/de\/#website"},"primaryImageOfPage":{"@id":"https:\/\/alegria-realestate.com\/de\/articles\/news\/valencian-community-is-the-second-region-in-terms-of-property-value-growth#primaryimage"},"image":{"@id":"https:\/\/alegria-realestate.com\/articles\/news\/valencian-community-is-the-second-region-in-terms-of-property-value-growth#primaryimage"},"thumbnailUrl":"https:\/\/alegria-realestate.com\/wp-content\/uploads\/2024\/04\/Depositphotos_170025980_L.jpg","datePublished":"2024-04-08T11:56:28+00:00","dateModified":"2025-08-14T18:39:18+00:00","description":"\u0412\u0430\u043b\u0435\u043d\u0441\u0438\u0439\u0441\u043a\u043e\u0435 \u0441\u043e\u043e\u0431\u0449\u0435\u0441\u0442\u0432\u043e \u0441\u0442\u0430\u043b\u043e \u0432\u0442\u043e\u0440\u043e\u0439 \u043f\u043e\u0441\u043b\u0435 \u0411\u0430\u043b\u0435\u0430\u0440\u0441\u043a\u0438\u0445 \u043e\u0441\u0442\u0440\u043e\u0432\u043e\u0432 \u0430\u0432\u0442\u043e\u043d\u043e\u043c\u0438\u0435\u0439 \u0441 \u0441\u0430\u043c\u044b\u043c \u0441\u0443\u0449\u0435\u0441\u0442\u0432\u0435\u043d\u043d\u044b\u043c \u0440\u043e\u0441\u0442\u043e\u043c \u0446\u0435\u043d \u043d\u0430 \u0436\u0438\u043b\u044c\u0435 \u0432 \u0447\u0435\u0442\u0432\u0435\u0440\u0442\u043e\u043c \u043a\u0432\u0430\u0440\u0442\u0430\u043b\u0435 2023 \u0433\u043e\u0434\u0430.","breadcrumb":{"@id":"https:\/\/alegria-realestate.com\/de\/articles\/news\/valencian-community-is-the-second-region-in-terms-of-property-value-growth#breadcrumb"},"inLanguage":"de","potentialAction":[{"@type":"ReadAction","target":[["https:\/\/alegria-realestate.com\/de\/articles\/news\/valencian-community-is-the-second-region-in-terms-of-property-value-growth"]]}]},{"@type":"ImageObject","inLanguage":"de","@id":"https:\/\/alegria-realestate.com\/de\/articles\/news\/valencian-community-is-the-second-region-in-terms-of-property-value-growth#primaryimage","url":"https:\/\/alegria-realestate.com\/wp-content\/uploads\/2024\/04\/Depositphotos_170025980_L.jpg","contentUrl":"https:\/\/alegria-realestate.com\/wp-content\/uploads\/2024\/04\/Depositphotos_170025980_L.jpg","width":1999,"height":1307,"caption":"\u0412\u0430\u043b\u0435\u043d\u0441\u0438\u0439\u0441\u043a\u043e\u0435 \u0441\u043e\u043e\u0431\u0449\u0435\u0441\u0442\u0432\u043e \u2013 \u0432\u0442\u043e\u0440\u0430\u044f \u0430\u0432\u0442\u043e\u043d\u043e\u043c\u0438\u044f, \u0433\u0434\u0435 \u0436\u0438\u043b\u044c\u0435 \u0432 \u043a\u043e\u043d\u0446\u0435 2023 \u0433\u043e\u0434\u0430 \u043f\u043e\u0434\u043e\u0440\u043e\u0436\u0430\u043b\u043e \u0441\u0438\u043b\u044c\u043d\u0435\u0435 \u0432\u0441\u0435\u0433\u043e"},{"@type":"BreadcrumbList","@id":"https:\/\/alegria-realestate.com\/de\/articles\/news\/valencian-community-is-the-second-region-in-terms-of-property-value-growth#breadcrumb","itemListElement":[{"@type":"ListItem","position":1,"name":"\u0413\u043b\u0430\u0432\u043d\u0430\u044f \u0441\u0442\u0440\u0430\u043d\u0438\u0446\u0430","item":"https:\/\/alegria-realestate.com\/de\/"},{"@type":"ListItem","position":2,"name":"\u0412\u0430\u043b\u0435\u043d\u0441\u0438\u0439\u0441\u043a\u043e\u0435 \u0441\u043e\u043e\u0431\u0449\u0435\u0441\u0442\u0432\u043e \u2013 \u0432\u0442\u043e\u0440\u0430\u044f \u0430\u0432\u0442\u043e\u043d\u043e\u043c\u0438\u044f, \u0433\u0434\u0435 \u0436\u0438\u043b\u044c\u0435 \u0432 \u043a\u043e\u043d\u0446\u0435 2023 \u0433\u043e\u0434\u0430 \u043f\u043e\u0434\u043e\u0440\u043e\u0436\u0430\u043b\u043e \u0441\u0438\u043b\u044c\u043d\u0435\u0435 \u0432\u0441\u0435\u0433\u043e"}]},{"@type":"WebSite","@id":"https:\/\/alegria-realestate.com\/de\/#website","url":"https:\/\/alegria-realestate.com\/de\/","name":"Immobilien in Spanien","description":"Immobilien in Spanien: Verkauf in allen St\u00e4dten \u2013 Torrevieja, Alicante, Benidorm u. a. Wir helfen Ihnen beim Kauf von Immobilien an der Costa Blanca \u2013 Bestandsimmobilien und Neubauten. Rundum-sorglos-Abwicklung. Immobilien an der Costa Blanca ab \u20ac80.000.","publisher":{"@id":"https:\/\/alegria-realestate.com\/de\/#organization"},"potentialAction":[{"@type":"SearchAction","target":{"@type":"EntryPoint","urlTemplate":"https:\/\/alegria-realestate.com\/de\/?s={search_term_string}"},"query-input":{"@type":"PropertyValueSpecification","valueRequired":true,"valueName":"search_term_string"}}],"inLanguage":"de"},{"@type":"Organization","@id":"https:\/\/alegria-realestate.com\/de\/#organization","name":"Alegria Realestate","url":"https:\/\/alegria-realestate.com\/de\/","logo":{"@type":"ImageObject","inLanguage":"de","@id":"https:\/\/alegria-realestate.com\/de\/#\/schema\/logo\/image\/","url":"https:\/\/alegria-realestate.com\/wp-content\/uploads\/2019\/08\/logo_alegria.png","contentUrl":"https:\/\/alegria-realestate.com\/wp-content\/uploads\/2019\/08\/logo_alegria.png","width":1600,"height":1403,"caption":"Alegria Realestate"},"image":{"@id":"https:\/\/alegria-realestate.com\/de\/#\/schema\/logo\/image\/"},"sameAs":["https:\/\/www.facebook.com\/realestate.alegria","https:\/\/x.com\/alegriarealesta","https:\/\/www.instagram.com\/alegriadom\/","https:\/\/www.linkedin.com\/profile\/view?id=154965227","https:\/\/www.youtube.com\/user\/AlegriaRealEstate"]},{"@type":"Person","@id":"https:\/\/alegria-realestate.com\/#\/schema\/person\/6c26f3bac4c1e476e858c219ece11984","name":"\u041b\u0435\u0440\u0430"}]}},"_links":{"self":[{"href":"https:\/\/alegria-realestate.com\/de\/wp-json\/wp\/v2\/posts\/560907","targetHints":{"allow":["GET"]}}],"collection":[{"href":"https:\/\/alegria-realestate.com\/de\/wp-json\/wp\/v2\/posts"}],"about":[{"href":"https:\/\/alegria-realestate.com\/de\/wp-json\/wp\/v2\/types\/post"}],"author":[{"embeddable":true,"href":"https:\/\/alegria-realestate.com\/de\/wp-json\/wp\/v2\/users\/19"}],"replies":[{"embeddable":true,"href":"https:\/\/alegria-realestate.com\/de\/wp-json\/wp\/v2\/comments?post=560907"}],"version-history":[{"count":1,"href":"https:\/\/alegria-realestate.com\/de\/wp-json\/wp\/v2\/posts\/560907\/revisions"}],"predecessor-version":[{"id":837796,"href":"https:\/\/alegria-realestate.com\/de\/wp-json\/wp\/v2\/posts\/560907\/revisions\/837796"}],"wp:featuredmedia":[{"embeddable":true,"href":"https:\/\/alegria-realestate.com\/de\/wp-json\/wp\/v2\/media\/560908"}],"wp:attachment":[{"href":"https:\/\/alegria-realestate.com\/de\/wp-json\/wp\/v2\/media?parent=560907"}],"wp:term":[{"taxonomy":"category","embeddable":true,"href":"https:\/\/alegria-realestate.com\/de\/wp-json\/wp\/v2\/categories?post=560907"},{"taxonomy":"post_tag","embeddable":true,"href":"https:\/\/alegria-realestate.com\/de\/wp-json\/wp\/v2\/tags?post=560907"}],"curies":[{"name":"wp","href":"https:\/\/api.w.org\/{rel}","templated":true}]}}