{"id":73186,"date":"2019-06-18T09:04:40","date_gmt":"2019-06-18T06:04:40","guid":{"rendered":"https:\/\/alegria-realestate.com\/?p=73186"},"modified":"2025-08-14T19:48:21","modified_gmt":"2025-08-14T16:48:21","slug":"festival-of-san-juan-in-alicante","status":"publish","type":"post","link":"https:\/\/alegria-realestate.com\/de\/articles\/news\/festival-of-san-juan-in-alicante","title":{"rendered":"Festival von San Juan in Alicante und Torrevieja 2019"},"content":{"rendered":"<p>Das San-Juan-Festival in Alicante ist eines der lebhaftesten Feste Spaniens, mit dem die Einwohner des Landes traditionell den Beginn des Sommers begr\u00fc\u00dfen. Und dieses Treffen ist sehr laut und lustig: Feuerwerk, bunte Prozessionen, Konzerte, Jahrm\u00e4rkte, Feste und nat\u00fcrlich das Anz\u00fcnden von Lagerfeuern am Strand. An der Costa Blanca, insbesondere in Torrevieja und Alicante, ist dies einer der beliebtesten Feiertage. San Juan \u00e4hnelt in vielerlei Hinsicht dem ber\u00fchmten valencianischen Fallas-Festival. Die Feierlichkeiten dauern mehrere Tage und enden in der Nacht vom 23. auf den 24. Juni (der k\u00fcrzesten Nacht des Jahres) mit der Verbrennung riesiger Kompositionen aus handgefertigten Figuren (Ninot). Es gibt Kompositionen f\u00fcr Kinder und Erwachsene. <img loading=\"lazy\" decoding=\"async\" class=\"alignnone size-full wp-image-73908\" src=\"https:\/\/alegria-realestate.com\/wp-content\/uploads\/2019\/06\/festival-of-san-juan-in-alicante2.jpeg\" alt=\"Festival von San Juan, Alicante 2019\" width=\"1000\" height=\"667\" srcset=\"https:\/\/alegria-realestate.com\/wp-content\/uploads\/2019\/06\/festival-of-san-juan-in-alicante2.jpeg 1000w, https:\/\/alegria-realestate.com\/wp-content\/uploads\/2019\/06\/festival-of-san-juan-in-alicante2-300x200.jpeg 300w, https:\/\/alegria-realestate.com\/wp-content\/uploads\/2019\/06\/festival-of-san-juan-in-alicante2-768x512.jpeg 768w\" sizes=\"auto, (max-width: 1000px) 100vw, 1000px\" \/> Die Geschichte des Feiertags reicht bis in die tiefe heidnische Antike zur\u00fcck. San Juan ist ein Feuerfest, weshalb Feuerwerk und riesige Freudenfeuer die Hauptdarsteller sind. Der Legende nach helfen an diesem Feiertag angez\u00fcndete Lagerfeuer der Sonne, mehr Kraft zu gewinnen, um die Erde gro\u00dfz\u00fcgig zu w\u00e4rmen. Und die Alten glaubten, dass die Flamme reinigende und reinigende Kraft hat und dabei hilft, b\u00f6se Geister und tats\u00e4chlich alle negative Energie aus dem Leben zu vertreiben. Und wenn man zur reinigenden Kraft des Feuers noch mehr L\u00e4rm, Spa\u00df und ausgelassenes Lachen hinzuf\u00fcgt, dann haben die b\u00f6sen Geister, die den Menschen feindlich gesinnt sind, \u00fcberhaupt keine Chance. Viele Menschen nutzen San Juan, um alte Dinge zu verbrennen \u2013 als Symbol der Reinigung von allem Unn\u00f6tigen und Unangenehmen. Schwimmen ist ein weiteres unverzichtbares Merkmal des San Juan-Urlaubs, ebenso wie das Springen \u00fcber ein Feuer. Der Hauptgenuss des Feiertags ist Coca Pie, der die Sonne symbolisiert. Nehmen Sie einen Bissen und Sie werden das ganze Jahr \u00fcber gl\u00fccklich sein! M\u00f6chten Sie mit eigenen Augen sehen, wie der wichtigste Sommerurlaub an der Costa Blanca gefeiert wird? Wir haben f\u00fcr Sie einen Zeitplan f\u00fcr die Feierlichkeiten in Torrevieja und Alicante vom 18. bis 24. Juni vorbereitet. Sehen Sie sich das Video des Festivals von San Juan an der Costa Blanca an: <iframe loading=\"lazy\" src=\"https:\/\/www.youtube.com\/embed\/iDot6yRYkPU\" width=\"100%\" height=\"400\" frameborder=\"0\" allowfullscreen=\"allowfullscreen\"><\/iframe><\/p>\n<h2> San Juan in Alicante 2019: volles Programm<\/h2>\n<p> Eine der Hauptdarbietungen des San-Juan-Festivals in Alicante ist die Masclet\u00e1 \u2013 eine pyrotechnische Show mit einer Explosion von Feuerwerksk\u00f6rpern und B\u00f6llern. Auf der offiziellen Website von Alicante hei\u00dft es, dass es dieses Jahr w\u00e4hrend der Feiertage 13 Masclet\u00e1s geben wird, von denen zehn im Rahmen des offiziellen Wettbewerbs vom 15. bis 24. Juni stattfinden. Und f\u00fcnf weitere Masclet\u00e1 finden im Rahmen des internationalen Feuerwerkswettbewerbs vom 25. bis einschlie\u00dflich 29. Juni statt. Am Strand Playa del Coc\u00f3 finden um Mitternacht pyrotechnische Shows statt. <strong>Dienstag, 18. Juni<\/strong><\/p>\n<ul>\n<li> 14.00 \u2013 Masclet\u00e1 im Rahmen eines Wettbewerbs der pyrotechnischen Werkstatt Piromart (Gran Canaria) auf der Plaza de Los Luceros.<\/li>\n<\/ul>\n<p> <strong>Mittwoch, 19. Juni<\/strong><\/p>\n<ul>\n<li> 14.00 \u2013 Masclet\u00e1 im Rahmen eines Wettbewerbs der pyrotechnischen Werkstatt Fuegos Artificiales del Mediterr\u00e1neo (Valencia) auf der Plaza de Los Luceros.<\/li>\n<li> 00:00 \u2013 Installation (\u0440lant\u00e0) von Kinderkompositionen und \u201eNinots de Carrer\u201c \u2013 kleine Kompositionen auf den Stra\u00dfen der Stadt.<\/li>\n<\/ul>\n<p> <strong>Donnerstag, 20. Juni<\/strong><\/p>\n<ul>\n<li> 14.00 Uhr \u2013 Masclet\u00e1 im Rahmen eines Wettbewerbs der pyrotechnischen Werkstatt Coeters Drag\u00f3n (Villena) auf der Plaza de Los Luceros.<\/li>\n<li> 17.00 Uhr \u2013 Bekanntgabe des Gewinners der Nominierungen \u201eKinderkomposition\u201c und \u201eNinots de Carrer\u201c.<\/li>\n<li> 22.00 \u2013 Volksfeste.<\/li>\n<li> 23.45 Uhr Nacht-Masclet\u00e1 \u201eLa lengua del Drag\u00f3n\u201c (Die Zunge des Drachen) auf dem Drachenring am Bulevar del Pla.<\/li>\n<li> 00:00 Installation (\u0440lant\u00e0) \u201eerwachsener\u201c Kompositionen und Servieren von Coca-Pie.<\/li>\n<\/ul>\n<p> <strong>Freitag, 21. Juni<\/strong><\/p>\n<ul>\n<li> 08:00 \u2013 Despert\u00e1 \u2013 Prozession durch die Stra\u00dfen der Stadt mit Musik und Explosion von Feuerwerksk\u00f6rpern.<\/li>\n<li> 12:00 Ehrung des Andenkens an Gabriel Mir\u00f3 auf der Plaza Gabriel Mir\u00f3.<\/li>\n<li> 13.00 Uhr Gedenken an Jos\u00e9 Mar\u00eda Py in der Calle Jos\u00e9 Mar\u00eda Py.<\/li>\n<li> 14.00 \u2013 Masclet\u00e1 im Rahmen eines Wettbewerbs der Pyrotechnikwerkstatt Ferr\u00e1ndez (Alicante) auf der Plaza de Los Luceros.<\/li>\n<li> 17.00 Uhr Bekanntgabe des Gewinners in der Kategorie \u201eKomposition f\u00fcr Erwachsene\u201c.<\/li>\n<li> 19.00 Uhr Blumenopfer f\u00fcr den Schutzpatron von Alicante. Prozessionsprogramm: Plaza de los Luceros, Alfonso El Sabio, Rambla de M\u00e9ndez N\u00fa\u00f1ez, Calle San Jos\u00e9 und Plaza de Abad Penalva zur Concatedral de San Nicol\u00e1s.<\/li>\n<li> 22.00 Volksfeste. <\/li>\n<\/ul>\n<p><img loading=\"lazy\" decoding=\"async\" class=\"alignnone size-full wp-image-73912\" src=\"https:\/\/alegria-realestate.com\/wp-content\/uploads\/2019\/06\/festival-of-san-juan-in-alicante3.jpeg\" alt=\"\" width=\"1000\" height=\"667\" srcset=\"https:\/\/alegria-realestate.com\/wp-content\/uploads\/2019\/06\/festival-of-san-juan-in-alicante3.jpeg 1000w, https:\/\/alegria-realestate.com\/wp-content\/uploads\/2019\/06\/festival-of-san-juan-in-alicante3-300x200.jpeg 300w, https:\/\/alegria-realestate.com\/wp-content\/uploads\/2019\/06\/festival-of-san-juan-in-alicante3-768x512.jpeg 768w\" sizes=\"auto, (max-width: 1000px) 100vw, 1000px\" \/> <strong>Samstag, 22. Juni<\/strong><\/p>\n<ul>\n<li> 08:00 \u2013 Desperta.<\/li>\n<li> 11.00 Uhr \u2013 Prozession durch die Stra\u00dfen der Stadt (Plaza del Ayuntamiento, Rafael Altamira und Rambla de M\u00e9ndez N\u00fa\u00f1ez bis Portal de Elche).<\/li>\n<li> 14.00 \u2013 Masclet\u00e1 im Rahmen eines Wettbewerbs der pyrotechnischen Werkstatt Mart\u00ed (Castell\u00f3n) auf der Plaza de Los Luceros.<\/li>\n<li> 19.00 Uhr \u2013 Blumenspende f\u00fcr den Schutzpatron der Stadt. Prozessionsprogramm: siehe oben.<\/li>\n<li> 22.00 \u2013 Volksfeste.<\/li>\n<\/ul>\n<p> <strong>Sonntag, 23. Juni<\/strong><\/p>\n<ul>\n<li> 08:00 \u2013 Desperta.<\/li>\n<li> 12.00 \u2013 Preisverleihung und Blumen-Ehrung im Mercadito de Fogueres.<\/li>\n<li> 14.00 Uhr \u2013 Masclet\u00e1 im Rahmen eines Wettbewerbs der pyrotechnischen Werkstatt Fuegos Artificiales Hermanos Ferr\u00e1ndez (Murcia) auf der Plaza de Los Luceros. 20.00 Uhr \u2013 Internationale Folklore<\/li>\n<li> Prozession (Plaza de los Luceros, Alfonso El Sabio, Rambla de M\u00e9ndez N\u00fa\u00f1ez, Calle Altamira und Plaza del Ayuntamiento).<\/li>\n<li> 22.00 \u2013 Volksfeste.<\/li>\n<\/ul>\n<p> <strong>Montag, 24. Juni<\/strong><\/p>\n<ul>\n<li> 08:00 \u2013 Desperta.<\/li>\n<li> 14.00 \u2013 Masclet\u00e1 im Rahmen eines Wettbewerbs der pyrotechnischen Werkstatt Hermanos Sirvent (Alicante) auf der Plaza de Los Luceros.<\/li>\n<li> 20.00 \u2013 Offizielle Messe in der Kathedrale San Nicol\u00e1s de Bari.<\/li>\n<li> 00:00 Feuerwerk auf dem Berg Benacantil und Verbrennung der Hauptkomposition auf dem Platz neben dem Rathaus. Dann &#8211; Verbrennung der restlichen Kompositionen in verschiedenen Teilen der Stadt.<\/li>\n<\/ul>\n<h2> San Juan in Torrevieja 2019: volles Programm<\/h2>\n<p> Sehen Sie sich das Video an \u2013 Festival von San Juan in Torrevieja: <iframe loading=\"lazy\" src=\"https:\/\/www.youtube.com\/embed\/AwETdkfHcVc\" width=\"100%\" height=\"400\" frameborder=\"0\" allowfullscreen=\"allowfullscreen\"> <span data-mce-type=\"bookmark\" style=\"display: inline-block; width: 0px; overflow: hidden; line-height: 0;\" class=\"mce_SELRES_start\">\ufeff<\/span><\/iframe>Alle Hauptveranstaltungen finden in der Calle San Jos\u00e9 statt. <strong>Dienstag, 18. Juni<\/strong> Installation riesiger Kompositionen von \u201eNinot\u201c-Figuren auf den Stra\u00dfen der Stadt. Dieser Akt wird \u201ela plant\u00e1\u201c genannt.<\/p>\n<ul>\n<li> 22.00 Uhr \u2013 Anz\u00fcnden der festlichen Beleuchtung. 22.30 Uhr \u2013 Galadinner zu Ehren von La Plant\u00e1.<\/li>\n<\/ul>\n<p> <strong>Mittwoch, 19. Juni<\/strong><\/p>\n<ul>\n<li> 17.30 Uhr \u2013 Spiele und Attraktionen f\u00fcr Kinder.<\/li>\n<li> 19.30 Uhr \u2013 Auftritt der Tanzschule \u201eSoul Dance\u201c<\/li>\n<li> 21.30 Uhr \u2013 Verlosung. \u201eMona\u201c (Cupcake) mit hei\u00dfer Schokolade.<\/li>\n<\/ul>\n<p> <strong>Donnerstag, 20. Juni<\/strong><\/p>\n<ul>\n<li> 17.30 Uhr \u2013 Spiele und Attraktionen f\u00fcr Kinder.<\/li>\n<li> 18.30 Uhr \u2013 Verlosung.<\/li>\n<\/ul>\n<p> <strong>Freitag, 21. Juni<\/strong><\/p>\n<ul>\n<li> 17.30 Uhr \u2013 Spiele, Attraktionen und Nachmittagssnack f\u00fcr Kinder.<\/li>\n<li> 18.30 Uhr \u2013 Gewinnspiel f\u00fcr Kinder.<\/li>\n<li> 19.30 Uhr \u2013 Auftritt der Tanzschule \u201eLola Morales y Arantxa Blanco\u201c.<\/li>\n<li> 21.30 Uhr \u2013 Verlosung.<\/li>\n<li> 23.00 \u2013 Konzert DRAG IMPERIO \u2013 Disco M\u00f3vil RAFAEL.<\/li>\n<\/ul>\n<p> <strong>Samstag, 22. Juni<\/strong> Blumenopfer f\u00fcr den Schutzpatron von Alicante.<\/p>\n<ul>\n<li> 14.00 Uhr \u2013 Gran Traca \u2013 Knallen von Feuerwerksk\u00f6rpern, danach kann jeder Paella probieren, die nur 2 \u20ac pro Portion kostet.<\/li>\n<li> 17.30 Uhr \u2013 Spiele und Attraktionen f\u00fcr Kinder.<\/li>\n<li> 18.00 Uhr \u2013 Lebensmittelsammlung f\u00fcr wohlt\u00e4tige Zwecke.<\/li>\n<li> 21.30 Uhr \u2013 Verlosung.<\/li>\n<li> 23.00 Uhr Auftritt des SCREAM-Orchesters.<\/li>\n<\/ul>\n<p> <strong>Sonntag, 23. Juni<\/strong><\/p>\n<ul>\n<li> 10.00 \u2013 Despert\u00e1 \u2013 Prozession durch die Stra\u00dfen der Stadt mit Musik und Explosion von Feuerwerksk\u00f6rpern. Dann &#8211; Fr\u00fchst\u00fcck.<\/li>\n<li> 17.30 Uhr \u2013 Spiele und Attraktionen f\u00fcr Kinder.<\/li>\n<li> 22.00 Uhr \u2013 Verlosung, anschlie\u00dfend Musik von Disco M\u00f3vil RAFAEL.<\/li>\n<\/ul>\n<p> <strong>Montag, 24. Juni<\/strong><\/p>\n<ul>\n<li> 17.30 Uhr \u2013 Spiele und Attraktionen f\u00fcr Kinder.<\/li>\n<li> 19.30 \u2013 Auftritt der Tanzschule \u201ePay\u00e1s\u201c.<\/li>\n<li> 22.00 Uhr \u2013 Verlosung, anschlie\u00dfend Musik von Disco M\u00f3vil RAFAEL.<\/li>\n<li> 01:00 \u2013 Feierliche Verbrennung der \u201eKinder\u201c-Komposition und anschlie\u00dfend der \u201eErwachsenen\u201c-Komposition.<\/li>\n<\/ul>\n<blockquote><p> Der 24. Juni ist in der gesamten valencianischen Gemeinschaft ein Ruhetag, in der Stadt Alicante der 24. und 25. Juni. Verpassen Sie nicht einen der sch\u00f6nsten und originellsten Feiertage an der Costa Blanca und in ganz Spanien!<\/p><\/blockquote>\n<p><\/p>","protected":false},"excerpt":{"rendered":"<p>Das San-Juan-Festival in Alicante ist eines der lebhaftesten Feste\u2026<\/p>\n","protected":false},"author":2,"featured_media":73187,"comment_status":"closed","ping_status":"closed","sticky":false,"template":"","format":"standard","meta":{"footnotes":""},"categories":[955,15],"tags":[],"class_list":["post-73186","post","type-post","status-publish","format-standard","has-post-thumbnail","hentry","category-holidays-in-spain","category-news"],"yoast_head":"<!-- This site is optimized with the Yoast SEO plugin v27.5 - https:\/\/yoast.com\/product\/yoast-seo-wordpress\/ -->\n<title>(RU) \u00a0\u041f\u0440\u0430\u0437\u0434\u043d\u0438\u043a \u0421\u0430\u043d-\u0425\u0443\u0430\u043d \u0432 \u0410\u043b\u0438\u043a\u0430\u043d\u0442\u0435 2019: \u043f\u0440\u043e\u0433\u0440\u0430\u043c\u043c\u0430 \u043f\u0440\u0430\u0437\u0434\u043d\u0438\u043a\u0430<\/title>\n<meta name=\"description\" content=\"(RU) \u0418\u0441\u0442\u043e\u0440\u0438\u044f \u043f\u0440\u0430\u0437\u0434\u043d\u0438\u043a\u0430 \u0421\u0430\u043d-\u0425\u0443\u0430\u043d \u0432 \u0410\u043b\u0438\u043a\u0430\u043d\u0442\u0435. \u041f\u0440\u043e\u0433\u0440\u0430\u043c\u043c\u0430 \u043f\u0440\u0430\u0437\u0434\u043d\u0438\u043a \u0421\u0430\u043d-\u0425\u0443\u0430\u043d \u0432 \u0410\u043b\u0438\u043a\u0430\u043d\u0442\u0435 2019. \u041f\u0440\u043e\u0433\u0440\u0430\u043c\u043c\u0430 \u043f\u0440\u0430\u0437\u0434\u043d\u0438\u043a\u0430 \u0421\u0430\u043d-\u0425\u0443\u0430\u043d \u0432 \u0422\u043e\u0440\u0440\u0435\u0432\u044c\u0435\u0445\u0435 2019\" \/>\n<meta name=\"robots\" content=\"index, follow, max-snippet:-1, max-image-preview:large, max-video-preview:-1\" \/>\n<link rel=\"canonical\" href=\"https:\/\/alegria-realestate.com\/de\/wp-json\/wp\/v2\/posts\/73186\" \/>\n<meta property=\"og:locale\" content=\"de_DE\" \/>\n<meta property=\"og:type\" content=\"article\" \/>\n<meta property=\"og:title\" content=\"(RU) \u00a0\u041f\u0440\u0430\u0437\u0434\u043d\u0438\u043a \u0421\u0430\u043d-\u0425\u0443\u0430\u043d \u0432 \u0410\u043b\u0438\u043a\u0430\u043d\u0442\u0435 2019: \u043f\u0440\u043e\u0433\u0440\u0430\u043c\u043c\u0430 \u043f\u0440\u0430\u0437\u0434\u043d\u0438\u043a\u0430\" \/>\n<meta property=\"og:description\" content=\"(RU) \u0418\u0441\u0442\u043e\u0440\u0438\u044f \u043f\u0440\u0430\u0437\u0434\u043d\u0438\u043a\u0430 \u0421\u0430\u043d-\u0425\u0443\u0430\u043d \u0432 \u0410\u043b\u0438\u043a\u0430\u043d\u0442\u0435. \u041f\u0440\u043e\u0433\u0440\u0430\u043c\u043c\u0430 \u043f\u0440\u0430\u0437\u0434\u043d\u0438\u043a \u0421\u0430\u043d-\u0425\u0443\u0430\u043d \u0432 \u0410\u043b\u0438\u043a\u0430\u043d\u0442\u0435 2019. \u041f\u0440\u043e\u0433\u0440\u0430\u043c\u043c\u0430 \u043f\u0440\u0430\u0437\u0434\u043d\u0438\u043a\u0430 \u0421\u0430\u043d-\u0425\u0443\u0430\u043d \u0432 \u0422\u043e\u0440\u0440\u0435\u0432\u044c\u0435\u0445\u0435 2019\" \/>\n<meta property=\"og:url\" content=\"https:\/\/alegria-realestate.com\/de\/wp-json\/wp\/v2\/posts\/73186\" \/>\n<meta property=\"og:site_name\" content=\"Immobilien in Spanien\" \/>\n<meta property=\"article:publisher\" content=\"https:\/\/www.facebook.com\/realestate.alegria\" \/>\n<meta property=\"article:published_time\" content=\"2019-06-18T06:04:40+00:00\" \/>\n<meta property=\"article:modified_time\" content=\"2025-08-14T16:48:21+00:00\" \/>\n<meta property=\"og:image\" content=\"https:\/\/alegria-realestate.com\/wp-content\/uploads\/2019\/06\/festival-of-san-juan-in-alicante11.jpg\" \/>\n\t<meta property=\"og:image:width\" content=\"1200\" \/>\n\t<meta property=\"og:image:height\" content=\"800\" \/>\n\t<meta property=\"og:image:type\" content=\"image\/jpeg\" \/>\n<meta name=\"author\" content=\"\u0415\u043b\u0435\u043d\u0430\" \/>\n<meta name=\"twitter:card\" content=\"summary_large_image\" \/>\n<meta name=\"twitter:creator\" content=\"@alegriarealesta\" \/>\n<meta name=\"twitter:site\" content=\"@alegriarealesta\" \/>\n<script type=\"application\/ld+json\" class=\"yoast-schema-graph\">{\"@context\":\"https:\\\/\\\/schema.org\",\"@graph\":[{\"@type\":\"Article\",\"@id\":\"https:\\\/\\\/alegria-realestate.com\\\/articles\\\/news\\\/festival-of-san-juan-in-alicante#article\",\"isPartOf\":{\"@id\":\"https:\\\/\\\/alegria-realestate.com\\\/articles\\\/news\\\/festival-of-san-juan-in-alicante\"},\"author\":{\"name\":\"\u0415\u043b\u0435\u043d\u0430\",\"@id\":\"https:\\\/\\\/alegria-realestate.com\\\/#\\\/schema\\\/person\\\/ff0a48e00da67c4fa2b62f941e991c33\"},\"headline\":\"Festival von San Juan in Alicante und Torrevieja 2019\",\"datePublished\":\"2019-06-18T06:04:40+00:00\",\"dateModified\":\"2025-08-14T16:48:21+00:00\",\"mainEntityOfPage\":{\"@id\":\"https:\\\/\\\/alegria-realestate.com\\\/articles\\\/news\\\/festival-of-san-juan-in-alicante\"},\"wordCount\":7886,\"publisher\":{\"@id\":\"https:\\\/\\\/alegria-realestate.com\\\/#organization\"},\"image\":{\"@id\":\"https:\\\/\\\/alegria-realestate.com\\\/articles\\\/news\\\/festival-of-san-juan-in-alicante#primaryimage\"},\"thumbnailUrl\":\"https:\\\/\\\/alegria-realestate.com\\\/wp-content\\\/uploads\\\/2019\\\/06\\\/festival-of-san-juan-in-alicante11.jpg\",\"articleSection\":[\"Freizeit, Tourismus, Unterhaltung, Feiertage\",\"Nachrichten\"],\"inLanguage\":\"de\"},{\"@type\":\"WebPage\",\"@id\":\"https:\\\/\\\/alegria-realestate.com\\\/de\\\/articles\\\/news\\\/festival-of-san-juan-in-alicante\",\"url\":\"https:\\\/\\\/alegria-realestate.com\\\/de\\\/articles\\\/news\\\/festival-of-san-juan-in-alicante\",\"name\":\"(RU) \u00a0\u041f\u0440\u0430\u0437\u0434\u043d\u0438\u043a \u0421\u0430\u043d-\u0425\u0443\u0430\u043d \u0432 \u0410\u043b\u0438\u043a\u0430\u043d\u0442\u0435 2019: \u043f\u0440\u043e\u0433\u0440\u0430\u043c\u043c\u0430 \u043f\u0440\u0430\u0437\u0434\u043d\u0438\u043a\u0430\",\"isPartOf\":{\"@id\":\"https:\\\/\\\/alegria-realestate.com\\\/de\\\/#website\"},\"primaryImageOfPage\":{\"@id\":\"https:\\\/\\\/alegria-realestate.com\\\/de\\\/articles\\\/news\\\/festival-of-san-juan-in-alicante#primaryimage\"},\"image\":{\"@id\":\"https:\\\/\\\/alegria-realestate.com\\\/articles\\\/news\\\/festival-of-san-juan-in-alicante#primaryimage\"},\"thumbnailUrl\":\"https:\\\/\\\/alegria-realestate.com\\\/wp-content\\\/uploads\\\/2019\\\/06\\\/festival-of-san-juan-in-alicante11.jpg\",\"datePublished\":\"2019-06-18T06:04:40+00:00\",\"dateModified\":\"2025-08-14T16:48:21+00:00\",\"description\":\"(RU) \u0418\u0441\u0442\u043e\u0440\u0438\u044f \u043f\u0440\u0430\u0437\u0434\u043d\u0438\u043a\u0430 \u0421\u0430\u043d-\u0425\u0443\u0430\u043d \u0432 \u0410\u043b\u0438\u043a\u0430\u043d\u0442\u0435. \u041f\u0440\u043e\u0433\u0440\u0430\u043c\u043c\u0430 \u043f\u0440\u0430\u0437\u0434\u043d\u0438\u043a \u0421\u0430\u043d-\u0425\u0443\u0430\u043d \u0432 \u0410\u043b\u0438\u043a\u0430\u043d\u0442\u0435 2019. \u041f\u0440\u043e\u0433\u0440\u0430\u043c\u043c\u0430 \u043f\u0440\u0430\u0437\u0434\u043d\u0438\u043a\u0430 \u0421\u0430\u043d-\u0425\u0443\u0430\u043d \u0432 \u0422\u043e\u0440\u0440\u0435\u0432\u044c\u0435\u0445\u0435 2019\",\"breadcrumb\":{\"@id\":\"https:\\\/\\\/alegria-realestate.com\\\/de\\\/articles\\\/news\\\/festival-of-san-juan-in-alicante#breadcrumb\"},\"inLanguage\":\"de\",\"potentialAction\":[{\"@type\":\"ReadAction\",\"target\":[[\"https:\\\/\\\/alegria-realestate.com\\\/de\\\/articles\\\/news\\\/festival-of-san-juan-in-alicante\"]]}]},{\"@type\":\"ImageObject\",\"inLanguage\":\"de\",\"@id\":\"https:\\\/\\\/alegria-realestate.com\\\/de\\\/articles\\\/news\\\/festival-of-san-juan-in-alicante#primaryimage\",\"url\":\"https:\\\/\\\/alegria-realestate.com\\\/wp-content\\\/uploads\\\/2019\\\/06\\\/festival-of-san-juan-in-alicante11.jpg\",\"contentUrl\":\"https:\\\/\\\/alegria-realestate.com\\\/wp-content\\\/uploads\\\/2019\\\/06\\\/festival-of-san-juan-in-alicante11.jpg\",\"width\":1200,\"height\":800,\"caption\":\"\u041f\u0440\u0430\u0437\u0434\u043d\u0438\u043a \u0421\u0430\u043d-\u0425\u0443\u0430\u043d \u0432 \u0410\u043b\u0438\u043a\u0430\u043d\u0442\u0435 2019\"},{\"@type\":\"BreadcrumbList\",\"@id\":\"https:\\\/\\\/alegria-realestate.com\\\/de\\\/articles\\\/news\\\/festival-of-san-juan-in-alicante#breadcrumb\",\"itemListElement\":[{\"@type\":\"ListItem\",\"position\":1,\"name\":\"\u0413\u043b\u0430\u0432\u043d\u0430\u044f \u0441\u0442\u0440\u0430\u043d\u0438\u0446\u0430\",\"item\":\"https:\\\/\\\/alegria-realestate.com\\\/de\\\/\"},{\"@type\":\"ListItem\",\"position\":2,\"name\":\"\u041f\u0440\u0430\u0437\u0434\u043d\u0438\u043a \u0421\u0430\u043d-\u0425\u0443\u0430\u043d \u0432 \u0410\u043b\u0438\u043a\u0430\u043d\u0442\u0435 \u0438 \u0422\u043e\u0440\u0440\u0435\u0432\u044c\u0435\u0445\u0435 2019\"}]},{\"@type\":\"WebSite\",\"@id\":\"https:\\\/\\\/alegria-realestate.com\\\/de\\\/#website\",\"url\":\"https:\\\/\\\/alegria-realestate.com\\\/de\\\/\",\"name\":\"Immobilien in Spanien\",\"description\":\"Immobilien in Spanien: Verkauf in allen St\u00e4dten \u2013 Torrevieja, Alicante, Benidorm u. a. Wir helfen Ihnen beim Kauf von Immobilien an der Costa Blanca \u2013 Bestandsimmobilien und Neubauten. Rundum-sorglos-Abwicklung. Immobilien an der Costa Blanca ab \u20ac80.000.\",\"publisher\":{\"@id\":\"https:\\\/\\\/alegria-realestate.com\\\/de\\\/#organization\"},\"potentialAction\":[{\"@type\":\"SearchAction\",\"target\":{\"@type\":\"EntryPoint\",\"urlTemplate\":\"https:\\\/\\\/alegria-realestate.com\\\/de\\\/?s={search_term_string}\"},\"query-input\":{\"@type\":\"PropertyValueSpecification\",\"valueRequired\":true,\"valueName\":\"search_term_string\"}}],\"inLanguage\":\"de\"},{\"@type\":\"Organization\",\"@id\":\"https:\\\/\\\/alegria-realestate.com\\\/de\\\/#organization\",\"name\":\"Alegria Realestate\",\"url\":\"https:\\\/\\\/alegria-realestate.com\\\/de\\\/\",\"logo\":{\"@type\":\"ImageObject\",\"inLanguage\":\"de\",\"@id\":\"https:\\\/\\\/alegria-realestate.com\\\/de\\\/#\\\/schema\\\/logo\\\/image\\\/\",\"url\":\"https:\\\/\\\/alegria-realestate.com\\\/wp-content\\\/uploads\\\/2019\\\/08\\\/logo_alegria.png\",\"contentUrl\":\"https:\\\/\\\/alegria-realestate.com\\\/wp-content\\\/uploads\\\/2019\\\/08\\\/logo_alegria.png\",\"width\":1600,\"height\":1403,\"caption\":\"Alegria Realestate\"},\"image\":{\"@id\":\"https:\\\/\\\/alegria-realestate.com\\\/de\\\/#\\\/schema\\\/logo\\\/image\\\/\"},\"sameAs\":[\"https:\\\/\\\/www.facebook.com\\\/realestate.alegria\",\"https:\\\/\\\/x.com\\\/alegriarealesta\",\"https:\\\/\\\/www.instagram.com\\\/alegriadom\\\/\",\"https:\\\/\\\/www.linkedin.com\\\/profile\\\/view?id=154965227\",\"https:\\\/\\\/www.youtube.com\\\/user\\\/AlegriaRealEstate\"]},{\"@type\":\"Person\",\"@id\":\"https:\\\/\\\/alegria-realestate.com\\\/#\\\/schema\\\/person\\\/ff0a48e00da67c4fa2b62f941e991c33\",\"name\":\"\u0415\u043b\u0435\u043d\u0430\"}]}<\/script>\n<!-- \/ Yoast SEO plugin. -->","yoast_head_json":{"title":"(RU) \u00a0\u041f\u0440\u0430\u0437\u0434\u043d\u0438\u043a \u0421\u0430\u043d-\u0425\u0443\u0430\u043d \u0432 \u0410\u043b\u0438\u043a\u0430\u043d\u0442\u0435 2019: \u043f\u0440\u043e\u0433\u0440\u0430\u043c\u043c\u0430 \u043f\u0440\u0430\u0437\u0434\u043d\u0438\u043a\u0430","description":"(RU) \u0418\u0441\u0442\u043e\u0440\u0438\u044f \u043f\u0440\u0430\u0437\u0434\u043d\u0438\u043a\u0430 \u0421\u0430\u043d-\u0425\u0443\u0430\u043d \u0432 \u0410\u043b\u0438\u043a\u0430\u043d\u0442\u0435. \u041f\u0440\u043e\u0433\u0440\u0430\u043c\u043c\u0430 \u043f\u0440\u0430\u0437\u0434\u043d\u0438\u043a \u0421\u0430\u043d-\u0425\u0443\u0430\u043d \u0432 \u0410\u043b\u0438\u043a\u0430\u043d\u0442\u0435 2019. \u041f\u0440\u043e\u0433\u0440\u0430\u043c\u043c\u0430 \u043f\u0440\u0430\u0437\u0434\u043d\u0438\u043a\u0430 \u0421\u0430\u043d-\u0425\u0443\u0430\u043d \u0432 \u0422\u043e\u0440\u0440\u0435\u0432\u044c\u0435\u0445\u0435 2019","robots":{"index":"index","follow":"follow","max-snippet":"max-snippet:-1","max-image-preview":"max-image-preview:large","max-video-preview":"max-video-preview:-1"},"canonical":"https:\/\/alegria-realestate.com\/de\/wp-json\/wp\/v2\/posts\/73186","og_locale":"de_DE","og_type":"article","og_title":"(RU) \u00a0\u041f\u0440\u0430\u0437\u0434\u043d\u0438\u043a \u0421\u0430\u043d-\u0425\u0443\u0430\u043d \u0432 \u0410\u043b\u0438\u043a\u0430\u043d\u0442\u0435 2019: \u043f\u0440\u043e\u0433\u0440\u0430\u043c\u043c\u0430 \u043f\u0440\u0430\u0437\u0434\u043d\u0438\u043a\u0430","og_description":"(RU) \u0418\u0441\u0442\u043e\u0440\u0438\u044f \u043f\u0440\u0430\u0437\u0434\u043d\u0438\u043a\u0430 \u0421\u0430\u043d-\u0425\u0443\u0430\u043d \u0432 \u0410\u043b\u0438\u043a\u0430\u043d\u0442\u0435. \u041f\u0440\u043e\u0433\u0440\u0430\u043c\u043c\u0430 \u043f\u0440\u0430\u0437\u0434\u043d\u0438\u043a \u0421\u0430\u043d-\u0425\u0443\u0430\u043d \u0432 \u0410\u043b\u0438\u043a\u0430\u043d\u0442\u0435 2019. \u041f\u0440\u043e\u0433\u0440\u0430\u043c\u043c\u0430 \u043f\u0440\u0430\u0437\u0434\u043d\u0438\u043a\u0430 \u0421\u0430\u043d-\u0425\u0443\u0430\u043d \u0432 \u0422\u043e\u0440\u0440\u0435\u0432\u044c\u0435\u0445\u0435 2019","og_url":"https:\/\/alegria-realestate.com\/de\/wp-json\/wp\/v2\/posts\/73186","og_site_name":"Immobilien in Spanien","article_publisher":"https:\/\/www.facebook.com\/realestate.alegria","article_published_time":"2019-06-18T06:04:40+00:00","article_modified_time":"2025-08-14T16:48:21+00:00","og_image":[{"width":1200,"height":800,"url":"https:\/\/alegria-realestate.com\/wp-content\/uploads\/2019\/06\/festival-of-san-juan-in-alicante11.jpg","type":"image\/jpeg"}],"author":"\u0415\u043b\u0435\u043d\u0430","twitter_card":"summary_large_image","twitter_creator":"@alegriarealesta","twitter_site":"@alegriarealesta","schema":{"@context":"https:\/\/schema.org","@graph":[{"@type":"Article","@id":"https:\/\/alegria-realestate.com\/articles\/news\/festival-of-san-juan-in-alicante#article","isPartOf":{"@id":"https:\/\/alegria-realestate.com\/articles\/news\/festival-of-san-juan-in-alicante"},"author":{"name":"\u0415\u043b\u0435\u043d\u0430","@id":"https:\/\/alegria-realestate.com\/#\/schema\/person\/ff0a48e00da67c4fa2b62f941e991c33"},"headline":"Festival von San Juan in Alicante und Torrevieja 2019","datePublished":"2019-06-18T06:04:40+00:00","dateModified":"2025-08-14T16:48:21+00:00","mainEntityOfPage":{"@id":"https:\/\/alegria-realestate.com\/articles\/news\/festival-of-san-juan-in-alicante"},"wordCount":7886,"publisher":{"@id":"https:\/\/alegria-realestate.com\/#organization"},"image":{"@id":"https:\/\/alegria-realestate.com\/articles\/news\/festival-of-san-juan-in-alicante#primaryimage"},"thumbnailUrl":"https:\/\/alegria-realestate.com\/wp-content\/uploads\/2019\/06\/festival-of-san-juan-in-alicante11.jpg","articleSection":["Freizeit, Tourismus, Unterhaltung, Feiertage","Nachrichten"],"inLanguage":"de"},{"@type":"WebPage","@id":"https:\/\/alegria-realestate.com\/de\/articles\/news\/festival-of-san-juan-in-alicante","url":"https:\/\/alegria-realestate.com\/de\/articles\/news\/festival-of-san-juan-in-alicante","name":"(RU) \u00a0\u041f\u0440\u0430\u0437\u0434\u043d\u0438\u043a \u0421\u0430\u043d-\u0425\u0443\u0430\u043d \u0432 \u0410\u043b\u0438\u043a\u0430\u043d\u0442\u0435 2019: \u043f\u0440\u043e\u0433\u0440\u0430\u043c\u043c\u0430 \u043f\u0440\u0430\u0437\u0434\u043d\u0438\u043a\u0430","isPartOf":{"@id":"https:\/\/alegria-realestate.com\/de\/#website"},"primaryImageOfPage":{"@id":"https:\/\/alegria-realestate.com\/de\/articles\/news\/festival-of-san-juan-in-alicante#primaryimage"},"image":{"@id":"https:\/\/alegria-realestate.com\/articles\/news\/festival-of-san-juan-in-alicante#primaryimage"},"thumbnailUrl":"https:\/\/alegria-realestate.com\/wp-content\/uploads\/2019\/06\/festival-of-san-juan-in-alicante11.jpg","datePublished":"2019-06-18T06:04:40+00:00","dateModified":"2025-08-14T16:48:21+00:00","description":"(RU) \u0418\u0441\u0442\u043e\u0440\u0438\u044f \u043f\u0440\u0430\u0437\u0434\u043d\u0438\u043a\u0430 \u0421\u0430\u043d-\u0425\u0443\u0430\u043d \u0432 \u0410\u043b\u0438\u043a\u0430\u043d\u0442\u0435. \u041f\u0440\u043e\u0433\u0440\u0430\u043c\u043c\u0430 \u043f\u0440\u0430\u0437\u0434\u043d\u0438\u043a \u0421\u0430\u043d-\u0425\u0443\u0430\u043d \u0432 \u0410\u043b\u0438\u043a\u0430\u043d\u0442\u0435 2019. \u041f\u0440\u043e\u0433\u0440\u0430\u043c\u043c\u0430 \u043f\u0440\u0430\u0437\u0434\u043d\u0438\u043a\u0430 \u0421\u0430\u043d-\u0425\u0443\u0430\u043d \u0432 \u0422\u043e\u0440\u0440\u0435\u0432\u044c\u0435\u0445\u0435 2019","breadcrumb":{"@id":"https:\/\/alegria-realestate.com\/de\/articles\/news\/festival-of-san-juan-in-alicante#breadcrumb"},"inLanguage":"de","potentialAction":[{"@type":"ReadAction","target":[["https:\/\/alegria-realestate.com\/de\/articles\/news\/festival-of-san-juan-in-alicante"]]}]},{"@type":"ImageObject","inLanguage":"de","@id":"https:\/\/alegria-realestate.com\/de\/articles\/news\/festival-of-san-juan-in-alicante#primaryimage","url":"https:\/\/alegria-realestate.com\/wp-content\/uploads\/2019\/06\/festival-of-san-juan-in-alicante11.jpg","contentUrl":"https:\/\/alegria-realestate.com\/wp-content\/uploads\/2019\/06\/festival-of-san-juan-in-alicante11.jpg","width":1200,"height":800,"caption":"\u041f\u0440\u0430\u0437\u0434\u043d\u0438\u043a \u0421\u0430\u043d-\u0425\u0443\u0430\u043d \u0432 \u0410\u043b\u0438\u043a\u0430\u043d\u0442\u0435 2019"},{"@type":"BreadcrumbList","@id":"https:\/\/alegria-realestate.com\/de\/articles\/news\/festival-of-san-juan-in-alicante#breadcrumb","itemListElement":[{"@type":"ListItem","position":1,"name":"\u0413\u043b\u0430\u0432\u043d\u0430\u044f \u0441\u0442\u0440\u0430\u043d\u0438\u0446\u0430","item":"https:\/\/alegria-realestate.com\/de\/"},{"@type":"ListItem","position":2,"name":"\u041f\u0440\u0430\u0437\u0434\u043d\u0438\u043a \u0421\u0430\u043d-\u0425\u0443\u0430\u043d \u0432 \u0410\u043b\u0438\u043a\u0430\u043d\u0442\u0435 \u0438 \u0422\u043e\u0440\u0440\u0435\u0432\u044c\u0435\u0445\u0435 2019"}]},{"@type":"WebSite","@id":"https:\/\/alegria-realestate.com\/de\/#website","url":"https:\/\/alegria-realestate.com\/de\/","name":"Immobilien in Spanien","description":"Immobilien in Spanien: Verkauf in allen St\u00e4dten \u2013 Torrevieja, Alicante, Benidorm u. a. Wir helfen Ihnen beim Kauf von Immobilien an der Costa Blanca \u2013 Bestandsimmobilien und Neubauten. Rundum-sorglos-Abwicklung. Immobilien an der Costa Blanca ab \u20ac80.000.","publisher":{"@id":"https:\/\/alegria-realestate.com\/de\/#organization"},"potentialAction":[{"@type":"SearchAction","target":{"@type":"EntryPoint","urlTemplate":"https:\/\/alegria-realestate.com\/de\/?s={search_term_string}"},"query-input":{"@type":"PropertyValueSpecification","valueRequired":true,"valueName":"search_term_string"}}],"inLanguage":"de"},{"@type":"Organization","@id":"https:\/\/alegria-realestate.com\/de\/#organization","name":"Alegria Realestate","url":"https:\/\/alegria-realestate.com\/de\/","logo":{"@type":"ImageObject","inLanguage":"de","@id":"https:\/\/alegria-realestate.com\/de\/#\/schema\/logo\/image\/","url":"https:\/\/alegria-realestate.com\/wp-content\/uploads\/2019\/08\/logo_alegria.png","contentUrl":"https:\/\/alegria-realestate.com\/wp-content\/uploads\/2019\/08\/logo_alegria.png","width":1600,"height":1403,"caption":"Alegria Realestate"},"image":{"@id":"https:\/\/alegria-realestate.com\/de\/#\/schema\/logo\/image\/"},"sameAs":["https:\/\/www.facebook.com\/realestate.alegria","https:\/\/x.com\/alegriarealesta","https:\/\/www.instagram.com\/alegriadom\/","https:\/\/www.linkedin.com\/profile\/view?id=154965227","https:\/\/www.youtube.com\/user\/AlegriaRealEstate"]},{"@type":"Person","@id":"https:\/\/alegria-realestate.com\/#\/schema\/person\/ff0a48e00da67c4fa2b62f941e991c33","name":"\u0415\u043b\u0435\u043d\u0430"}]}},"_links":{"self":[{"href":"https:\/\/alegria-realestate.com\/de\/wp-json\/wp\/v2\/posts\/73186","targetHints":{"allow":["GET"]}}],"collection":[{"href":"https:\/\/alegria-realestate.com\/de\/wp-json\/wp\/v2\/posts"}],"about":[{"href":"https:\/\/alegria-realestate.com\/de\/wp-json\/wp\/v2\/types\/post"}],"author":[{"embeddable":true,"href":"https:\/\/alegria-realestate.com\/de\/wp-json\/wp\/v2\/users\/2"}],"replies":[{"embeddable":true,"href":"https:\/\/alegria-realestate.com\/de\/wp-json\/wp\/v2\/comments?post=73186"}],"version-history":[{"count":1,"href":"https:\/\/alegria-realestate.com\/de\/wp-json\/wp\/v2\/posts\/73186\/revisions"}],"predecessor-version":[{"id":836840,"href":"https:\/\/alegria-realestate.com\/de\/wp-json\/wp\/v2\/posts\/73186\/revisions\/836840"}],"wp:featuredmedia":[{"embeddable":true,"href":"https:\/\/alegria-realestate.com\/de\/wp-json\/wp\/v2\/media\/73187"}],"wp:attachment":[{"href":"https:\/\/alegria-realestate.com\/de\/wp-json\/wp\/v2\/media?parent=73186"}],"wp:term":[{"taxonomy":"category","embeddable":true,"href":"https:\/\/alegria-realestate.com\/de\/wp-json\/wp\/v2\/categories?post=73186"},{"taxonomy":"post_tag","embeddable":true,"href":"https:\/\/alegria-realestate.com\/de\/wp-json\/wp\/v2\/tags?post=73186"}],"curies":[{"name":"wp","href":"https:\/\/api.w.org\/{rel}","templated":true}]}}