{"id":495264,"date":"2023-03-06T16:13:32","date_gmt":"2023-03-06T13:13:32","guid":{"rendered":"https:\/\/alegria-realestate.com\/?p=495264"},"modified":"2025-08-14T21:35:15","modified_gmt":"2025-08-14T18:35:15","slug":"fallas-in-valencia-2023","status":"publish","type":"post","link":"https:\/\/alegria-realestate.com\/es\/articles\/fallas-in-valencia-2023","title":{"rendered":"Programa de Fallas-2023 en Valencia"},"content":{"rendered":"<p>Las Fallas son la fiesta mayor de la ciudad de Valencia que se celebra en el mes de marzo. Esta fiesta proviene de una antigua tradici\u00f3n pagana relacionada con el solsticio del invierno y el comienzo de la primavera.<\/p>\n<p>La historia de las fallas se origina de la Edad Media, cuando los artesanos valencianos empezaron a fabricar mu\u00f1ecos de barro y papel con forma de mujeres y hombres, que se quemaban despu\u00e9s de la fiesta. Estos mu\u00f1ecos, llamados \u00abninot\u00bb, as\u00ed como sus composiciones, \u00abfallas\u00bb, simbolizaban el mal y la desgracia, que deb\u00edan ser quemados para atraer la buena suerte y la prosperidad. Las composiciones son verdaderas obras de arte. Las fallas se instalan en las calles y la plaza principal de la ciudad y se queman solemnemente el \u00faltimo d\u00eda de la fiesta. Solo las mejores fallas se salvan de este triste destino y despu\u00e9s de la fiesta ocupan su lugar en el Museo Fallero de Valencia.<\/p>\n<p>La fiesta de las Fallas de Valencia es un importante evento cultural y tur\u00edstico que atrae a numerosos visitantes y aporta una contribuci\u00f3n importante a la econom\u00eda de la regi\u00f3n. A continuaci\u00f3n se puede encontrar el programa completo de las Fallas de Valencia 2023.<\/p>\n<h2>Programa Fallas de Valencia 2023<\/h2>\n<p>Tradicionalmente, los residentes y visitantes de Valencia celebran hasta el 19 de marzo las Fallas, \u00abfiesta del fuego\u00bb que forma parte de la Lista Representativa del Patrimonio Cultural Inmaterial de la Humanidad de la UNESCO. En otras ciudades de la Comunidad Valenciana tambi\u00e9n se celebran las Fallas, pero justamente en la capital esta fiesta tiene se celebra a lo grande. Como siempre, las actividades principales est\u00e1n previstas del 15 al 19 de marzo, precedidas de una serie de actos preparatorios.<\/p>\n<h3>Preparaci\u00f3n<\/h3>\n<p>Todos los d\u00edas a las 14.00 horas en la Plaza del Ayuntamiento se realizan disparos pirot\u00e9cnicos, llamados \u00abmasclet\u00e0\u00bb. Adem\u00e1s, la \u00abmasclet\u00e0\u00bb tambi\u00e9n tendr\u00e1 lugar en la Plaza del Ayuntamiento a medianoche del s\u00e1bado 11 de marzo al domingo y el domingo 12 de marzo a las 15.00 horas en el barrio de Benicalap.<\/p>\n<h3>Del 6 al 15 de marzo: Exposici\u00f3n de \u00abninot\u00bb<\/h3>\n<p>El Museo de las Ciencias, ubicado en la Ciudad de las Artes y las Ciencias, acoge hasta el 15 de marzo una exposici\u00f3n de cientos de figuras \u00abninot\u00bb. Horarios: de 10:00 a 20:00 horas (de lunes a jueves) y de 10:00 a 21:00 horas (de viernes a domingo).<\/p>\n<p>Una parte de la exposici\u00f3n cerrar\u00e1 a las 17:00 horas del 14 de marzo (a las 17:30 horas se proclamar\u00e1 un \u00abninot indultat infantil\u00bb que evitar\u00e1 ser quemado), la otra parte cerrar\u00e1 a las 17:00 horas del 15 de marzo (dentro de media hora se conocer\u00e1 un \u00abninot indultat\u00bb).<\/p>\n<h3>15-16 de marzo: Instalaci\u00f3n (plant\u00e0) de figuras \u00abninot\u00bb y otras fallas en las calles de la ciudad<\/h3>\n<p>La instalaci\u00f3n de las composiciones de figuras \u00abninot\u00bb en las calles de la ciudad se realizar\u00e1 a las 8:00 horas del 15 de marzo y todas las dem\u00e1s \u00abfallas\u00bb ocupar\u00e1n sus lugares a la misma hora el 16 de marzo.<\/p>\n<h3>Medianoche del 15 al 16 de marzo, del 16 al 17 y del 18 al 19 de marzo: Espect\u00e1culos pirot\u00e9cnicos<\/h3>\n<p>A medianoche del 15 al 16 de marzo se celebrar\u00e1 un espect\u00e1culo pirot\u00e9cnico (L\u2019Alb\u00e0 de les Falles) en la Plaza del Ayuntamiento y a medianoche del 16 al 17 de marzo en el Jard\u00edn del Turia los organizadores presentar\u00e1n un Castillo de fuegos artificiales. A la 1:00 del 18 de marzo y a la 1:00 del 19 de marzo en el Jard\u00edn del Turia tendr\u00e1 lugar \u00abNit del foc\u00bb &#8211; \u00abnoche del fuego\u00bb.<\/p>\n<h3>17 y 18 de marzo: Procesiones y ofrendas de flores<\/h3>\n<p>El 17 de marzo, de 15:30 a 23:55 horas, y el 18 de marzo, de 15:30 a 1:00 horas, casi por toda la ciudad habr\u00e1 procesiones con ofrenda de flores a la Mare de D\u00e9u dels Desemparats, la patrona de Valencia.<\/p>\n<p>El 18 de marzo a las 10:30 horas se rendir\u00e1 homenaje al periodista, escritor, director y dramaturgo Maximiliano Thous i Orts, y a las 12.00 horas &#8211; al poeta Maestro Serrano; las ceremonias tendr\u00e1n lugar en sus monumentos.<\/p>\n<h3>19 de marzo: Colof\u00f3n de las Fallas de Valencia<\/h3>\n<p>Las fiestas culminan el 19 de marzo. A las 11:00 horas habr\u00e1 una ofrenda de flores de les Falleres Mayores de Valencia y sus Cortes de Honor frente a la imagen del Patriarca en el Puente de Sant Josep y, a las 12:00 horas, una misa en honor de Sant Josep en la Catedral de Valencia.<\/p>\n<p>A las 18:00 empezar\u00e1 la Cabalgata del Fuego que pasar\u00e1 por la calle Col\u00f3n, desde la Calle Ruzafa hasta la Plaza de la Porta la Mar.<br \/>\nA partir de las 20:00 se quemar\u00e1n las fallas infantiles y a partir de las 22:00 todas las dem\u00e1s. A las 20:30 se realizar\u00e1 la \u00abcrem\u00e0\u00bb de la falla infantil que haya obtenido el primer premio de la Secci\u00f3n Especial y a las 22:30 tendr\u00e1 lugar la \u00abcrem\u00e0\u00bb de la falla que haya obtenido el primer premio de la Secci\u00f3n Especial. Las dos figuras principales se quemar\u00e1n en la Plaza del Ayuntamiento a las 21:00 y a las 23:00 horas.<\/p>","protected":false},"excerpt":{"rendered":"<p>Las Fallas son la fiesta mayor de la ciudad\u2026<\/p>\n","protected":false},"author":19,"featured_media":495266,"comment_status":"closed","ping_status":"closed","sticky":false,"template":"","format":"standard","meta":{"footnotes":""},"categories":[1,76],"tags":[],"class_list":["post-495264","post","type-post","status-publish","format-standard","has-post-thumbnail","hentry","category-articles","category-tourism-in-spain"],"yoast_head":"<!-- This site is optimized with the Yoast SEO plugin v27.5 - https:\/\/yoast.com\/product\/yoast-seo-wordpress\/ -->\n<title>Fallas 2023 en Valencia: programa de la fiesta<\/title>\n<meta name=\"description\" content=\"En este art\u00edculo, presentamos el programa de las Fallas de Valencia, la fiesta mayor de la ciudad y de toda la Comunidad Valenciana.\" \/>\n<meta name=\"robots\" content=\"index, follow, max-snippet:-1, max-image-preview:large, max-video-preview:-1\" \/>\n<link rel=\"canonical\" href=\"https:\/\/alegria-realestate.com\/es\/wp-json\/wp\/v2\/posts\/495264\" \/>\n<meta property=\"og:locale\" content=\"es_ES\" \/>\n<meta property=\"og:type\" content=\"article\" \/>\n<meta property=\"og:title\" content=\"Fallas 2023 en Valencia: programa de la fiesta\" \/>\n<meta property=\"og:description\" content=\"En este art\u00edculo, presentamos el programa de las Fallas de Valencia, la fiesta mayor de la ciudad y de toda la Comunidad Valenciana.\" \/>\n<meta property=\"og:url\" content=\"https:\/\/alegria-realestate.com\/es\/wp-json\/wp\/v2\/posts\/495264\" \/>\n<meta property=\"og:site_name\" content=\"VENTA DE INMUEBLES EN COSTA BLANCA\" \/>\n<meta property=\"article:publisher\" content=\"https:\/\/www.facebook.com\/realestate.alegria\" \/>\n<meta property=\"article:published_time\" content=\"2023-03-06T13:13:32+00:00\" \/>\n<meta property=\"article:modified_time\" content=\"2025-08-14T18:35:15+00:00\" \/>\n<meta property=\"og:image\" content=\"https:\/\/alegria-realestate.com\/wp-content\/uploads\/2023\/03\/Depositphotos_5561640_L-scaled.jpg\" \/>\n\t<meta property=\"og:image:width\" content=\"1920\" \/>\n\t<meta property=\"og:image:height\" content=\"1280\" \/>\n\t<meta property=\"og:image:type\" content=\"image\/jpeg\" \/>\n<meta name=\"author\" content=\"\u041b\u0435\u0440\u0430\" \/>\n<meta name=\"twitter:card\" content=\"summary_large_image\" \/>\n<meta name=\"twitter:creator\" content=\"@alegriarealesta\" \/>\n<meta name=\"twitter:site\" content=\"@alegriarealesta\" \/>\n<script type=\"application\/ld+json\" class=\"yoast-schema-graph\">{\"@context\":\"https:\\\/\\\/schema.org\",\"@graph\":[{\"@type\":\"Article\",\"@id\":\"https:\\\/\\\/alegria-realestate.com\\\/articles\\\/fallas-in-valencia-2023#article\",\"isPartOf\":{\"@id\":\"https:\\\/\\\/alegria-realestate.com\\\/articles\\\/fallas-in-valencia-2023\"},\"author\":{\"name\":\"\u041b\u0435\u0440\u0430\",\"@id\":\"https:\\\/\\\/alegria-realestate.com\\\/#\\\/schema\\\/person\\\/6c26f3bac4c1e476e858c219ece11984\"},\"headline\":\"Programa de Fallas-2023 en Valencia\",\"datePublished\":\"2023-03-06T13:13:32+00:00\",\"dateModified\":\"2025-08-14T18:35:15+00:00\",\"mainEntityOfPage\":{\"@id\":\"https:\\\/\\\/alegria-realestate.com\\\/articles\\\/fallas-in-valencia-2023\"},\"wordCount\":3534,\"publisher\":{\"@id\":\"https:\\\/\\\/alegria-realestate.com\\\/#organization\"},\"image\":{\"@id\":\"https:\\\/\\\/alegria-realestate.com\\\/articles\\\/fallas-in-valencia-2023#primaryimage\"},\"thumbnailUrl\":\"https:\\\/\\\/alegria-realestate.com\\\/wp-content\\\/uploads\\\/2023\\\/03\\\/Depositphotos_5561640_L-scaled.jpg\",\"articleSection\":[\"Blog\",\"Turismo en Espa\u00f1a\"],\"inLanguage\":\"es\"},{\"@type\":\"WebPage\",\"@id\":\"https:\\\/\\\/alegria-realestate.com\\\/es\\\/articles\\\/fallas-in-valencia-2023\",\"url\":\"https:\\\/\\\/alegria-realestate.com\\\/es\\\/articles\\\/fallas-in-valencia-2023\",\"name\":\"Fallas 2023 en Valencia: programa de la fiesta\",\"isPartOf\":{\"@id\":\"https:\\\/\\\/alegria-realestate.com\\\/es\\\/#website\"},\"primaryImageOfPage\":{\"@id\":\"https:\\\/\\\/alegria-realestate.com\\\/es\\\/articles\\\/fallas-in-valencia-2023#primaryimage\"},\"image\":{\"@id\":\"https:\\\/\\\/alegria-realestate.com\\\/articles\\\/fallas-in-valencia-2023#primaryimage\"},\"thumbnailUrl\":\"https:\\\/\\\/alegria-realestate.com\\\/wp-content\\\/uploads\\\/2023\\\/03\\\/Depositphotos_5561640_L-scaled.jpg\",\"datePublished\":\"2023-03-06T13:13:32+00:00\",\"dateModified\":\"2025-08-14T18:35:15+00:00\",\"description\":\"En este art\u00edculo, presentamos el programa de las Fallas de Valencia, la fiesta mayor de la ciudad y de toda la Comunidad Valenciana.\",\"breadcrumb\":{\"@id\":\"https:\\\/\\\/alegria-realestate.com\\\/es\\\/articles\\\/fallas-in-valencia-2023#breadcrumb\"},\"inLanguage\":\"es\",\"potentialAction\":[{\"@type\":\"ReadAction\",\"target\":[[\"https:\\\/\\\/alegria-realestate.com\\\/es\\\/articles\\\/fallas-in-valencia-2023\"]]}]},{\"@type\":\"ImageObject\",\"inLanguage\":\"es\",\"@id\":\"https:\\\/\\\/alegria-realestate.com\\\/es\\\/articles\\\/fallas-in-valencia-2023#primaryimage\",\"url\":\"https:\\\/\\\/alegria-realestate.com\\\/wp-content\\\/uploads\\\/2023\\\/03\\\/Depositphotos_5561640_L-scaled.jpg\",\"contentUrl\":\"https:\\\/\\\/alegria-realestate.com\\\/wp-content\\\/uploads\\\/2023\\\/03\\\/Depositphotos_5561640_L-scaled.jpg\",\"width\":1920,\"height\":1280,\"caption\":\"\u0420\u0430\u0441\u043f\u0438\u0441\u0430\u043d\u0438\u0435 \u043f\u0440\u0430\u0437\u0434\u043d\u043e\u0432\u0430\u043d\u0438\u044f \u0424\u0430\u043b\u044c\u044f\u0441-2023 \u0432 \u0412\u0430\u043b\u0435\u043d\u0441\u0438\u0438\"},{\"@type\":\"BreadcrumbList\",\"@id\":\"https:\\\/\\\/alegria-realestate.com\\\/es\\\/articles\\\/fallas-in-valencia-2023#breadcrumb\",\"itemListElement\":[{\"@type\":\"ListItem\",\"position\":1,\"name\":\"\u0413\u043b\u0430\u0432\u043d\u0430\u044f \u0441\u0442\u0440\u0430\u043d\u0438\u0446\u0430\",\"item\":\"https:\\\/\\\/alegria-realestate.com\\\/es\\\/\"},{\"@type\":\"ListItem\",\"position\":2,\"name\":\"\u0420\u0430\u0441\u043f\u0438\u0441\u0430\u043d\u0438\u0435 \u043f\u0440\u0430\u0437\u0434\u043d\u043e\u0432\u0430\u043d\u0438\u044f \u0424\u0430\u043b\u044c\u044f\u0441-2023 \u0432 \u0412\u0430\u043b\u0435\u043d\u0441\u0438\u0438\"}]},{\"@type\":\"WebSite\",\"@id\":\"https:\\\/\\\/alegria-realestate.com\\\/es\\\/#website\",\"url\":\"https:\\\/\\\/alegria-realestate.com\\\/es\\\/\",\"name\":\"VENTA DE INMUEBLES EN COSTA BLANCA\",\"description\":\"Alegr\u00eda te ofrece las mejores ofertas inmobiliarias en Costa Blanca con una gran cantidad de pisos o casas en venta y alquiler que se adaptan a tus necesidades.\",\"publisher\":{\"@id\":\"https:\\\/\\\/alegria-realestate.com\\\/es\\\/#organization\"},\"potentialAction\":[{\"@type\":\"SearchAction\",\"target\":{\"@type\":\"EntryPoint\",\"urlTemplate\":\"https:\\\/\\\/alegria-realestate.com\\\/es\\\/?s={search_term_string}\"},\"query-input\":{\"@type\":\"PropertyValueSpecification\",\"valueRequired\":true,\"valueName\":\"search_term_string\"}}],\"inLanguage\":\"es\"},{\"@type\":\"Organization\",\"@id\":\"https:\\\/\\\/alegria-realestate.com\\\/es\\\/#organization\",\"name\":\"Alegria Realestate\",\"url\":\"https:\\\/\\\/alegria-realestate.com\\\/es\\\/\",\"logo\":{\"@type\":\"ImageObject\",\"inLanguage\":\"es\",\"@id\":\"https:\\\/\\\/alegria-realestate.com\\\/es\\\/#\\\/schema\\\/logo\\\/image\\\/\",\"url\":\"https:\\\/\\\/alegria-realestate.com\\\/wp-content\\\/uploads\\\/2019\\\/08\\\/logo_alegria.png\",\"contentUrl\":\"https:\\\/\\\/alegria-realestate.com\\\/wp-content\\\/uploads\\\/2019\\\/08\\\/logo_alegria.png\",\"width\":1600,\"height\":1403,\"caption\":\"Alegria Realestate\"},\"image\":{\"@id\":\"https:\\\/\\\/alegria-realestate.com\\\/es\\\/#\\\/schema\\\/logo\\\/image\\\/\"},\"sameAs\":[\"https:\\\/\\\/www.facebook.com\\\/realestate.alegria\",\"https:\\\/\\\/x.com\\\/alegriarealesta\",\"https:\\\/\\\/www.instagram.com\\\/alegriadom\\\/\",\"https:\\\/\\\/www.linkedin.com\\\/profile\\\/view?id=154965227\",\"https:\\\/\\\/www.youtube.com\\\/user\\\/AlegriaRealEstate\"]},{\"@type\":\"Person\",\"@id\":\"https:\\\/\\\/alegria-realestate.com\\\/#\\\/schema\\\/person\\\/6c26f3bac4c1e476e858c219ece11984\",\"name\":\"\u041b\u0435\u0440\u0430\"}]}<\/script>\n<!-- \/ Yoast SEO plugin. -->","yoast_head_json":{"title":"Fallas 2023 en Valencia: programa de la fiesta","description":"En este art\u00edculo, presentamos el programa de las Fallas de Valencia, la fiesta mayor de la ciudad y de toda la Comunidad Valenciana.","robots":{"index":"index","follow":"follow","max-snippet":"max-snippet:-1","max-image-preview":"max-image-preview:large","max-video-preview":"max-video-preview:-1"},"canonical":"https:\/\/alegria-realestate.com\/es\/wp-json\/wp\/v2\/posts\/495264","og_locale":"es_ES","og_type":"article","og_title":"Fallas 2023 en Valencia: programa de la fiesta","og_description":"En este art\u00edculo, presentamos el programa de las Fallas de Valencia, la fiesta mayor de la ciudad y de toda la Comunidad Valenciana.","og_url":"https:\/\/alegria-realestate.com\/es\/wp-json\/wp\/v2\/posts\/495264","og_site_name":"VENTA DE INMUEBLES EN COSTA BLANCA","article_publisher":"https:\/\/www.facebook.com\/realestate.alegria","article_published_time":"2023-03-06T13:13:32+00:00","article_modified_time":"2025-08-14T18:35:15+00:00","og_image":[{"width":1920,"height":1280,"url":"https:\/\/alegria-realestate.com\/wp-content\/uploads\/2023\/03\/Depositphotos_5561640_L-scaled.jpg","type":"image\/jpeg"}],"author":"\u041b\u0435\u0440\u0430","twitter_card":"summary_large_image","twitter_creator":"@alegriarealesta","twitter_site":"@alegriarealesta","schema":{"@context":"https:\/\/schema.org","@graph":[{"@type":"Article","@id":"https:\/\/alegria-realestate.com\/articles\/fallas-in-valencia-2023#article","isPartOf":{"@id":"https:\/\/alegria-realestate.com\/articles\/fallas-in-valencia-2023"},"author":{"name":"\u041b\u0435\u0440\u0430","@id":"https:\/\/alegria-realestate.com\/#\/schema\/person\/6c26f3bac4c1e476e858c219ece11984"},"headline":"Programa de Fallas-2023 en Valencia","datePublished":"2023-03-06T13:13:32+00:00","dateModified":"2025-08-14T18:35:15+00:00","mainEntityOfPage":{"@id":"https:\/\/alegria-realestate.com\/articles\/fallas-in-valencia-2023"},"wordCount":3534,"publisher":{"@id":"https:\/\/alegria-realestate.com\/#organization"},"image":{"@id":"https:\/\/alegria-realestate.com\/articles\/fallas-in-valencia-2023#primaryimage"},"thumbnailUrl":"https:\/\/alegria-realestate.com\/wp-content\/uploads\/2023\/03\/Depositphotos_5561640_L-scaled.jpg","articleSection":["Blog","Turismo en Espa\u00f1a"],"inLanguage":"es"},{"@type":"WebPage","@id":"https:\/\/alegria-realestate.com\/es\/articles\/fallas-in-valencia-2023","url":"https:\/\/alegria-realestate.com\/es\/articles\/fallas-in-valencia-2023","name":"Fallas 2023 en Valencia: programa de la fiesta","isPartOf":{"@id":"https:\/\/alegria-realestate.com\/es\/#website"},"primaryImageOfPage":{"@id":"https:\/\/alegria-realestate.com\/es\/articles\/fallas-in-valencia-2023#primaryimage"},"image":{"@id":"https:\/\/alegria-realestate.com\/articles\/fallas-in-valencia-2023#primaryimage"},"thumbnailUrl":"https:\/\/alegria-realestate.com\/wp-content\/uploads\/2023\/03\/Depositphotos_5561640_L-scaled.jpg","datePublished":"2023-03-06T13:13:32+00:00","dateModified":"2025-08-14T18:35:15+00:00","description":"En este art\u00edculo, presentamos el programa de las Fallas de Valencia, la fiesta mayor de la ciudad y de toda la Comunidad Valenciana.","breadcrumb":{"@id":"https:\/\/alegria-realestate.com\/es\/articles\/fallas-in-valencia-2023#breadcrumb"},"inLanguage":"es","potentialAction":[{"@type":"ReadAction","target":[["https:\/\/alegria-realestate.com\/es\/articles\/fallas-in-valencia-2023"]]}]},{"@type":"ImageObject","inLanguage":"es","@id":"https:\/\/alegria-realestate.com\/es\/articles\/fallas-in-valencia-2023#primaryimage","url":"https:\/\/alegria-realestate.com\/wp-content\/uploads\/2023\/03\/Depositphotos_5561640_L-scaled.jpg","contentUrl":"https:\/\/alegria-realestate.com\/wp-content\/uploads\/2023\/03\/Depositphotos_5561640_L-scaled.jpg","width":1920,"height":1280,"caption":"\u0420\u0430\u0441\u043f\u0438\u0441\u0430\u043d\u0438\u0435 \u043f\u0440\u0430\u0437\u0434\u043d\u043e\u0432\u0430\u043d\u0438\u044f \u0424\u0430\u043b\u044c\u044f\u0441-2023 \u0432 \u0412\u0430\u043b\u0435\u043d\u0441\u0438\u0438"},{"@type":"BreadcrumbList","@id":"https:\/\/alegria-realestate.com\/es\/articles\/fallas-in-valencia-2023#breadcrumb","itemListElement":[{"@type":"ListItem","position":1,"name":"\u0413\u043b\u0430\u0432\u043d\u0430\u044f \u0441\u0442\u0440\u0430\u043d\u0438\u0446\u0430","item":"https:\/\/alegria-realestate.com\/es\/"},{"@type":"ListItem","position":2,"name":"\u0420\u0430\u0441\u043f\u0438\u0441\u0430\u043d\u0438\u0435 \u043f\u0440\u0430\u0437\u0434\u043d\u043e\u0432\u0430\u043d\u0438\u044f \u0424\u0430\u043b\u044c\u044f\u0441-2023 \u0432 \u0412\u0430\u043b\u0435\u043d\u0441\u0438\u0438"}]},{"@type":"WebSite","@id":"https:\/\/alegria-realestate.com\/es\/#website","url":"https:\/\/alegria-realestate.com\/es\/","name":"VENTA DE INMUEBLES EN COSTA BLANCA","description":"Alegr\u00eda te ofrece las mejores ofertas inmobiliarias en Costa Blanca con una gran cantidad de pisos o casas en venta y alquiler que se adaptan a tus necesidades.","publisher":{"@id":"https:\/\/alegria-realestate.com\/es\/#organization"},"potentialAction":[{"@type":"SearchAction","target":{"@type":"EntryPoint","urlTemplate":"https:\/\/alegria-realestate.com\/es\/?s={search_term_string}"},"query-input":{"@type":"PropertyValueSpecification","valueRequired":true,"valueName":"search_term_string"}}],"inLanguage":"es"},{"@type":"Organization","@id":"https:\/\/alegria-realestate.com\/es\/#organization","name":"Alegria Realestate","url":"https:\/\/alegria-realestate.com\/es\/","logo":{"@type":"ImageObject","inLanguage":"es","@id":"https:\/\/alegria-realestate.com\/es\/#\/schema\/logo\/image\/","url":"https:\/\/alegria-realestate.com\/wp-content\/uploads\/2019\/08\/logo_alegria.png","contentUrl":"https:\/\/alegria-realestate.com\/wp-content\/uploads\/2019\/08\/logo_alegria.png","width":1600,"height":1403,"caption":"Alegria Realestate"},"image":{"@id":"https:\/\/alegria-realestate.com\/es\/#\/schema\/logo\/image\/"},"sameAs":["https:\/\/www.facebook.com\/realestate.alegria","https:\/\/x.com\/alegriarealesta","https:\/\/www.instagram.com\/alegriadom\/","https:\/\/www.linkedin.com\/profile\/view?id=154965227","https:\/\/www.youtube.com\/user\/AlegriaRealEstate"]},{"@type":"Person","@id":"https:\/\/alegria-realestate.com\/#\/schema\/person\/6c26f3bac4c1e476e858c219ece11984","name":"\u041b\u0435\u0440\u0430"}]}},"_links":{"self":[{"href":"https:\/\/alegria-realestate.com\/es\/wp-json\/wp\/v2\/posts\/495264","targetHints":{"allow":["GET"]}}],"collection":[{"href":"https:\/\/alegria-realestate.com\/es\/wp-json\/wp\/v2\/posts"}],"about":[{"href":"https:\/\/alegria-realestate.com\/es\/wp-json\/wp\/v2\/types\/post"}],"author":[{"embeddable":true,"href":"https:\/\/alegria-realestate.com\/es\/wp-json\/wp\/v2\/users\/19"}],"replies":[{"embeddable":true,"href":"https:\/\/alegria-realestate.com\/es\/wp-json\/wp\/v2\/comments?post=495264"}],"version-history":[{"count":1,"href":"https:\/\/alegria-realestate.com\/es\/wp-json\/wp\/v2\/posts\/495264\/revisions"}],"predecessor-version":[{"id":837679,"href":"https:\/\/alegria-realestate.com\/es\/wp-json\/wp\/v2\/posts\/495264\/revisions\/837679"}],"wp:featuredmedia":[{"embeddable":true,"href":"https:\/\/alegria-realestate.com\/es\/wp-json\/wp\/v2\/media\/495266"}],"wp:attachment":[{"href":"https:\/\/alegria-realestate.com\/es\/wp-json\/wp\/v2\/media?parent=495264"}],"wp:term":[{"taxonomy":"category","embeddable":true,"href":"https:\/\/alegria-realestate.com\/es\/wp-json\/wp\/v2\/categories?post=495264"},{"taxonomy":"post_tag","embeddable":true,"href":"https:\/\/alegria-realestate.com\/es\/wp-json\/wp\/v2\/tags?post=495264"}],"curies":[{"name":"wp","href":"https:\/\/api.w.org\/{rel}","templated":true}]}}