{"id":551624,"date":"2026-03-13T17:55:41","date_gmt":"2026-03-13T14:55:41","guid":{"rendered":"https:\/\/alegria-realestate.com\/?p=551624"},"modified":"2026-03-18T23:40:07","modified_gmt":"2026-03-18T20:40:07","slug":"fallas-in-valencia","status":"publish","type":"post","link":"https:\/\/alegria-realestate.com\/es\/articles\/fallas-in-valencia","title":{"rendered":"Las Fallas \u2013 el festival principal de Val\u00e8ncia: programa 2026"},"content":{"rendered":"<p><span style=\"font-weight: 400;\">Las Fallas son la fiesta m\u00e1s famosa de <a href=\"https:\/\/alegria-realestate.com\/es\/articles\/the-city-of-valencia\">Valencia<\/a>, reconocida por la UNESCO como Patrimonio Cultural Inmaterial de la Humanidad. Su s\u00edmbolo principal son los enormes monumentos escult\u00f3ricos temporales de madera y cart\u00f3n piedra (Fallas), que se instalan en calles y plazas para admirarlos\u2026 hasta la quema ritual final. Junto a los monumentos \u201cgrandes\u201d, tambi\u00e9n existen las Fallas infantiles: son m\u00e1s peque\u00f1as y est\u00e1n orientadas al p\u00fablico infantil.<\/span><\/p>\n<h2><span style=\"font-weight: 400;\">Cu\u00e1ndo se celebran las Fallas<\/span><\/h2>\n<p><span style=\"font-weight: 400;\">La fiesta se celebra tradicionalmente en marzo. Sus or\u00edgenes se relacionan con rituales primaverales de quema de objetos viejos y con el d\u00eda de San Jos\u00e9 (San Jos\u00e9) \u2013 patr\u00f3n de los carpinteros.<\/span><\/p>\n<p><span style=\"font-weight: 400;\">En la Valencia actual, el \u201ccalentamiento\u201d festivo empieza antes: desde finales de febrero se oyen los primeros llamamientos a la fiesta, y desde el 1 de marzo la ciudad entra en la din\u00e1mica diaria de la pirotecnia \u2013 masclet\u00e0 (Masclet\u00e0) en el centro y disparos en los barrios.<\/span><\/p>\n<h2><span style=\"font-weight: 400;\">Elementos principales de la fiesta<\/span><\/h2>\n<h3><span style=\"font-weight: 400;\">Fallas y ninots<\/span><\/h3>\n<p><span style=\"font-weight: 400;\">Cientos de composiciones falleras se instalan por toda la ciudad. El proceso se llama plant\u00e0. Cada una suele tener una tem\u00e1tica y consta de muchas escenas escult\u00f3ricas individuales \u2013 ninots. No son solo decoraci\u00f3n, sino relatos visuales: s\u00e1tira, humor, comentarios sobre la actualidad y personajes reconocibles.<\/span><\/p>\n<h3><span style=\"font-weight: 400;\">El \u201clatido\u201d de la p\u00f3lvora \u2013 Masclet\u00e0<\/span><\/h3>\n<p><span style=\"font-weight: 400;\">La masclet\u00e0 es un espect\u00e1culo pirot\u00e9cnico diurno dif\u00edcil de describir con palabras: no es un \u201ccastillo de fuegos en el cielo\u201d, sino ritmo, estruendo y vibraci\u00f3n que crecen por oleadas. El punto cl\u00e1sico de atracci\u00f3n es la Plaza del Ayuntamiento.<\/span><\/p>\n<h3><span style=\"font-weight: 400;\">Ofrenda de Flores<\/span><\/h3>\n<p><span style=\"font-weight: 400;\">La Ofrenda (ofrenda floral a la Virgen de los Desamparados) se celebra los d\u00edas 17\u201318 de marzo: miles de participantes con indumentaria tradicional desfilan en procesi\u00f3n y crean un enorme \u201cmanto\u201d de flores sobre la figura de la patrona de la ciudad.<\/span><\/p>\n<h3><span style=\"font-weight: 400;\">Final \u2013 Crem\u00e0<\/span><\/h3>\n<p><span style=\"font-weight: 400;\">La culminaci\u00f3n de las Fallas es la crem\u00e0: en la noche del 19 de marzo, los monumentos se queman uno tras otro. Primero arden los infantiles, luego los \u201cadultos\u201d, y el momento m\u00e1s multitudinario est\u00e1 ligado a las fallas de las plazas centrales.<\/span><\/p>\n<h3><span style=\"font-weight: 400;\">Cu\u00e1ntas fallas se plantan en Valencia<\/span><\/h3>\n<p><span style=\"font-weight: 400;\">Durante la fiesta aparecen en la ciudad alrededor de 800 monumentos: aproximadamente la mitad son infantiles y la otra mitad adultos.<\/span><\/p>\n<h3><span style=\"font-weight: 400;\">D\u00f3nde se hacen las fallas y por qu\u00e9 \u201cno todo se quema\u201d<\/span><\/h3>\n<p><span style=\"font-weight: 400;\">Los monumentos se crean en grandes talleres; una parte importante de esta industria creativa se concentra en la \u201cciudad de los artistas falleros\u201d. Y aunque la fiesta est\u00e1 pensada para terminar en fuego, cada a\u00f1o un ninot de una falla adulta y uno de una infantil pueden salvarse por votaci\u00f3n popular \u2013 ese es el ninot indultat. Despu\u00e9s pasan a formar parte de la colecci\u00f3n del museo.<\/span><\/p>\n<h3><span style=\"font-weight: 400;\">Museo Fallero: d\u00f3nde ir para ver los ninots salvados<\/span><\/h3>\n<p><span style=\"font-weight: 400;\">En el Museo Fallero se conserva una colecci\u00f3n de ninots indultats salvados del fuego desde 1934, as\u00ed como carteles y materiales fotogr\u00e1ficos y audiovisuales que ayudan a comprender la evoluci\u00f3n de la fiesta y su simbolog\u00eda. All\u00ed tambi\u00e9n se explica la relaci\u00f3n con la votaci\u00f3n popular y la Exposici\u00f3n del Ninot.<\/span><\/p>\n<h3><span style=\"font-weight: 400;\">Exposici\u00f3n del Ninot 2026: la muestra donde se elige al \u201cindultado\u201d<\/span><\/h3>\n<p><span style=\"font-weight: 400;\">La Exposici\u00f3n del Ninot es el \u201cteaser\u201d de las Fallas: las comisiones seleccionan un ninot adulto y uno infantil, los visitantes votan, y los dos ganadores no se queman el 19 de marzo, sino que pasan al museo.<\/span><\/p>\n<p><span style=\"font-weight: 400;\">En 2026, la exposici\u00f3n se celebr\u00f3 del 7 de febrero al 15 de marzo en la <a href=\"https:\/\/alegria-realestate.com\/es\/articles\/city-of-arts-and-sciences-in-valencia\">Ciudad de las Artes y las Ciencias<\/a>.<\/span><\/p>\n<h2><span style=\"font-weight: 400;\">Programa de Fallas 2026 (actos oficiales del 16 al 19 de marzo)<\/span><\/h2>\n<p><span style=\"font-weight: 400;\">A continuaci\u00f3n \u2013 los puntos clave del programa de Visit Valencia (hora local). <a href=\"https:\/\/www.visitvalencia.com\/agenda-valencia\/programa-fallas-2026\">P\u00e1gina completa del programa<\/a><\/span><\/p>\n<h3><span style=\"font-weight: 400;\">Lunes, 16 de marzo de 2026<\/span><\/h3>\n<ul>\n<li style=\"font-weight: 400;\" aria-level=\"1\"><span style=\"font-weight: 400;\">08:00 \u2013 <\/span><i><span style=\"font-weight: 400;\">Plant\u00e0<\/span><\/i><span style=\"font-weight: 400;\"> de todas las fallas (instalaci\u00f3n de los monumentos).<\/span><\/li>\n<li style=\"font-weight: 400;\" aria-level=\"1\"><span style=\"font-weight: 400;\">14:00 \u2013 <\/span><i><span style=\"font-weight: 400;\">Masclet\u00e0<\/span><\/i><span style=\"font-weight: 400;\"> en la Plaza del Ayuntamiento (Pirotecnia Tamarit).<\/span><\/li>\n<li style=\"font-weight: 400;\" aria-level=\"1\"><span style=\"font-weight: 400;\">16:30 \u2013 Entrega de Premios Infantiles en el Ayuntamiento.<\/span><\/li>\n<li style=\"font-weight: 400;\" aria-level=\"1\"><span style=\"font-weight: 400;\">23:59 \u2013 Castillo nocturno en el Puente de Monteolivete (Pirotecnia del Mediterr\u00e1neo).<\/span><\/li>\n<\/ul>\n<h3><span style=\"font-weight: 400;\">Martes, 17 de marzo de 2026<\/span><\/h3>\n<ul>\n<li style=\"font-weight: 400;\" aria-level=\"1\"><span style=\"font-weight: 400;\">09:00 \u2013 Entrega de Premios en el Ayuntamiento.<\/span><\/li>\n<li style=\"font-weight: 400;\" aria-level=\"1\"><span style=\"font-weight: 400;\">14:00 \u2013 <\/span><i><span style=\"font-weight: 400;\">Masclet\u00e0<\/span><\/i><span style=\"font-weight: 400;\"> en la Plaza del Ayuntamiento (Pirotecnia del Mediterr\u00e1neo).<\/span><\/li>\n<li style=\"font-weight: 400;\" aria-level=\"1\"><span style=\"font-weight: 400;\">15:30 \u2013 Ofrenda de flores (inicio de los desfiles).<\/span><\/li>\n<li style=\"font-weight: 400;\" aria-level=\"1\"><span style=\"font-weight: 400;\">23:59 \u2013 Castillo nocturno en el Puente de Monteolivete (Pirotecnia Zaragozana).<\/span><\/li>\n<\/ul>\n<p><strong>Ofrenda del 17 de marzo \u2013 horario por recorridos<\/strong><\/p>\n<ul>\n<li><strong>Recorrido \u201cCalle La Paz\u201d (inicio 15:30):<\/strong><span style=\"font-weight: 400;\"> Rascanya (15:30) \u2192 Camins al Grau (17:10) \u2192 Ruzafa A (18:55) \u2192 Ruzafa B (19:55) \u2192 Pla del Reial-Benimaclet (20:40) \u2192 Canyamelar-Grau-Nazaret (22:40) \u2192 La Xerea (00:10).<\/span><\/li>\n<li><strong>Recorrido \u201cCalle San Vicente\u201d (inicio 15:30):<\/strong><span style=\"font-weight: 400;\"> Patraix (15:30) \u2192 Bot\u00e0nic-La Petxina (16:45) \u2192 El Carmen (17:45) \u2192 Jes\u00fas (18:30) \u2192 Quart de Poblet-Xirivella (19:45) \u2192 La Creu Coberta (21:25) \u2192 El Pilar-Sant Francesc (22:40) \u2192 La Seu-El Mercat (23:55) \u2192 Casas Regionales (00:25) \u2192 Juntas Locales (00:35) \u2192 Comitiva y Falleras Mayores Infantiles (00:50\u201301:00, incluida la Fallera Mayor Infantil).<\/span><\/li>\n<\/ul>\n<h3><span style=\"font-weight: 400;\">Mi\u00e9rcoles, 18 de marzo de 2026<\/span><\/h3>\n<ul>\n<li style=\"font-weight: 400;\" aria-level=\"1\"><span style=\"font-weight: 400;\">10:00 \u2013 Acto conmemorativo al poeta Maximiliano Thous.<\/span><\/li>\n<li style=\"font-weight: 400;\" aria-level=\"1\"><span style=\"font-weight: 400;\">12:00 \u2013 Acto conmemorativo a Maestro Serrano.<\/span><\/li>\n<li style=\"font-weight: 400;\" aria-level=\"1\"><span style=\"font-weight: 400;\">14:00 \u2013 <\/span><i><span style=\"font-weight: 400;\">Masclet\u00e0<\/span><\/i><span style=\"font-weight: 400;\"> en la Plaza del Ayuntamiento (Pirotecnia Caballer FX).<\/span><\/li>\n<li style=\"font-weight: 400;\" aria-level=\"1\"><span style=\"font-weight: 400;\">15:30 \u2013 Ofrenda de flores (segundo d\u00eda).<\/span><\/li>\n<li style=\"font-weight: 400;\" aria-level=\"1\"><span style=\"font-weight: 400;\">23:59 \u2013 NIT DEL FOC (Puente de Monteolivete, Pirotecnia Valenciana).<\/span><\/li>\n<\/ul>\n<p><strong>Ofrenda del 18 de marzo \u2013 horario por recorridos<\/strong><\/p>\n<ul>\n<li><span style=\"font-weight: 400;\"><strong>Recorrido \u201cCalle La Paz\u201d (inicio 15:30)<\/strong>:<\/span><span style=\"font-weight: 400;\"> Quatre Carreres (15:30) \u2192 Benimamet-Burjassot-Beniferri (17:10) \u2192 Pla del Remei-Gran V\u00eda (19:10) \u2192 Malvarrosa-Caba\u00f1al-Beter\u00f3 (20:40) \u2192 Algir\u00f3s (21:55) \u2192 Poblats al Sud (22:55).<\/span><\/li>\n<li><span style=\"font-weight: 400;\"><strong>Recorrido \u201cCalle San Vicente\u201d (inicio 15:30)<\/strong>:<\/span><span style=\"font-weight: 400;\"> Benicalap (15:30) \u2192 Campanar (16:45) \u2192 La Roqueta-Arrancapins (18:00) \u2192 Olivereta (19:30) \u2192 Zaidia (21:15) \u2192 Mislata (22:50) \u2192 Casas Regionales (00:05) \u2192 Entidades invitadas (00:15) \u2192 Falla de la Fallera Mayor + Comitiva + Falleras Mayores (00:25\u201300:40).<\/span><\/li>\n<\/ul>\n<h3><span style=\"font-weight: 400;\">Jueves, 19 de marzo de 2026<\/span><\/h3>\n<ul>\n<li style=\"font-weight: 400;\" aria-level=\"1\"><span style=\"font-weight: 400;\">12:00 \u2013 Solemne misa en honor a San Jos\u00e9 (Catedral).<\/span><\/li>\n<li style=\"font-weight: 400;\" aria-level=\"1\"><span style=\"font-weight: 400;\">14:00 \u2013 <\/span><i><span style=\"font-weight: 400;\">Masclet\u00e0<\/span><\/i><span style=\"font-weight: 400;\"> en la Plaza del Ayuntamiento (Pirotecnia Hnos Caballer).<\/span><\/li>\n<li style=\"font-weight: 400;\" aria-level=\"1\"><span style=\"font-weight: 400;\">19:00 \u2013 Cabalgata del Fuego (por la Calle de la Paz hasta la Porta de la Mar).<\/span><\/li>\n<li style=\"font-weight: 400;\" aria-level=\"1\"><span style=\"font-weight: 400;\">20:00 \u2013 Crem\u00e0 de las fallas infantiles.<\/span><\/li>\n<li style=\"font-weight: 400;\" aria-level=\"1\"><span style=\"font-weight: 400;\">20:30 \u2013 Crem\u00e0 de la falla infantil ganadora de la Secci\u00f3n Especial.<\/span><\/li>\n<li style=\"font-weight: 400;\" aria-level=\"1\"><span style=\"font-weight: 400;\">21:00 \u2013 Crem\u00e0 de la falla infantil de la Plaza del Ayuntamiento.<\/span><\/li>\n<li style=\"font-weight: 400;\" aria-level=\"1\"><span style=\"font-weight: 400;\">22:00 \u2013 Crem\u00e0 de todas las fallas de Valencia.<\/span><\/li>\n<li style=\"font-weight: 400;\" aria-level=\"1\"><span style=\"font-weight: 400;\">22:30 \u2013 Crem\u00e0 de la ganadora de la Secci\u00f3n Especial.<\/span><\/li>\n<li style=\"font-weight: 400;\" aria-level=\"1\"><span style=\"font-weight: 400;\">23:00 \u2013 Crem\u00e0 de la falla de la Plaza del Ayuntamiento (Pirotecnia Hnos Caballer).<\/span><\/li>\n<\/ul>\n<p><\/p>","protected":false},"excerpt":{"rendered":"<p>Las Fallas son la fiesta m\u00e1s famosa de Valencia,\u2026<\/p>\n","protected":false},"author":19,"featured_media":551628,"comment_status":"closed","ping_status":"closed","sticky":false,"template":"","format":"standard","meta":{"footnotes":""},"categories":[1,74],"tags":[],"class_list":["post-551624","post","type-post","status-publish","format-standard","has-post-thumbnail","hentry","category-articles","category-life-in-spain"],"yoast_head":"<!-- This site is optimized with the Yoast SEO plugin v27.5 - https:\/\/yoast.com\/product\/yoast-seo-wordpress\/ -->\n<title>Las Fallas \u2013 el festival principal de Val\u00e8ncia: programa 2026<\/title>\n<meta name=\"description\" content=\"Gu\u00eda de Las Fallas 2026: eventos clave y programa, d\u00f3nde ver los espect\u00e1culos principales, rutas por la ciudad y consejos pr\u00e1cticos para visitantes.\" \/>\n<meta name=\"robots\" content=\"index, follow, max-snippet:-1, max-image-preview:large, max-video-preview:-1\" \/>\n<link rel=\"canonical\" href=\"https:\/\/alegria-realestate.com\/es\/wp-json\/wp\/v2\/posts\/551624\" \/>\n<meta property=\"og:locale\" content=\"es_ES\" \/>\n<meta property=\"og:type\" content=\"article\" \/>\n<meta property=\"og:title\" content=\"Las Fallas \u2013 el festival principal de Val\u00e8ncia: programa 2026\" \/>\n<meta property=\"og:description\" content=\"Gu\u00eda de Las Fallas 2026: eventos clave y programa, d\u00f3nde ver los espect\u00e1culos principales, rutas por la ciudad y consejos pr\u00e1cticos para visitantes.\" \/>\n<meta property=\"og:url\" content=\"https:\/\/alegria-realestate.com\/es\/wp-json\/wp\/v2\/posts\/551624\" \/>\n<meta property=\"og:site_name\" content=\"VENTA DE INMUEBLES EN COSTA BLANCA\" \/>\n<meta property=\"article:publisher\" content=\"https:\/\/www.facebook.com\/realestate.alegria\" \/>\n<meta property=\"article:published_time\" content=\"2026-03-13T14:55:41+00:00\" \/>\n<meta property=\"article:modified_time\" content=\"2026-03-18T20:40:07+00:00\" \/>\n<meta property=\"og:image\" content=\"https:\/\/alegria-realestate.com\/wp-content\/uploads\/2024\/03\/Depositphotos_189450638_XL-scaled.jpg\" \/>\n\t<meta property=\"og:image:width\" content=\"2560\" \/>\n\t<meta property=\"og:image:height\" content=\"1707\" \/>\n\t<meta property=\"og:image:type\" content=\"image\/jpeg\" \/>\n<meta name=\"author\" content=\"\u041b\u0435\u0440\u0430\" \/>\n<meta name=\"twitter:card\" content=\"summary_large_image\" \/>\n<meta name=\"twitter:creator\" content=\"@alegriarealesta\" \/>\n<meta name=\"twitter:site\" content=\"@alegriarealesta\" \/>\n<script type=\"application\/ld+json\" class=\"yoast-schema-graph\">{\"@context\":\"https:\\\/\\\/schema.org\",\"@graph\":[{\"@type\":\"Article\",\"@id\":\"https:\\\/\\\/alegria-realestate.com\\\/articles\\\/fallas-in-valencia#article\",\"isPartOf\":{\"@id\":\"https:\\\/\\\/alegria-realestate.com\\\/articles\\\/fallas-in-valencia\"},\"author\":{\"name\":\"\u041b\u0435\u0440\u0430\",\"@id\":\"https:\\\/\\\/alegria-realestate.com\\\/#\\\/schema\\\/person\\\/6c26f3bac4c1e476e858c219ece11984\"},\"headline\":\"Las Fallas \u2013 el festival principal de Val\u00e8ncia: programa 2026\",\"datePublished\":\"2026-03-13T14:55:41+00:00\",\"dateModified\":\"2026-03-18T20:40:07+00:00\",\"mainEntityOfPage\":{\"@id\":\"https:\\\/\\\/alegria-realestate.com\\\/articles\\\/fallas-in-valencia\"},\"wordCount\":9687,\"publisher\":{\"@id\":\"https:\\\/\\\/alegria-realestate.com\\\/#organization\"},\"image\":{\"@id\":\"https:\\\/\\\/alegria-realestate.com\\\/articles\\\/fallas-in-valencia#primaryimage\"},\"thumbnailUrl\":\"https:\\\/\\\/alegria-realestate.com\\\/wp-content\\\/uploads\\\/2024\\\/03\\\/Depositphotos_189450638_XL-scaled.jpg\",\"articleSection\":[\"Blog\",\"la vida en Espa\u00f1a\"],\"inLanguage\":\"es\"},{\"@type\":\"WebPage\",\"@id\":\"https:\\\/\\\/alegria-realestate.com\\\/es\\\/articles\\\/fallas-in-valencia\",\"url\":\"https:\\\/\\\/alegria-realestate.com\\\/es\\\/articles\\\/fallas-in-valencia\",\"name\":\"Las Fallas \u2013 el festival principal de Val\u00e8ncia: programa 2026\",\"isPartOf\":{\"@id\":\"https:\\\/\\\/alegria-realestate.com\\\/es\\\/#website\"},\"primaryImageOfPage\":{\"@id\":\"https:\\\/\\\/alegria-realestate.com\\\/es\\\/articles\\\/fallas-in-valencia#primaryimage\"},\"image\":{\"@id\":\"https:\\\/\\\/alegria-realestate.com\\\/articles\\\/fallas-in-valencia#primaryimage\"},\"thumbnailUrl\":\"https:\\\/\\\/alegria-realestate.com\\\/wp-content\\\/uploads\\\/2024\\\/03\\\/Depositphotos_189450638_XL-scaled.jpg\",\"datePublished\":\"2026-03-13T14:55:41+00:00\",\"dateModified\":\"2026-03-18T20:40:07+00:00\",\"description\":\"Gu\u00eda de Las Fallas 2026: eventos clave y programa, d\u00f3nde ver los espect\u00e1culos principales, rutas por la ciudad y consejos pr\u00e1cticos para visitantes.\",\"breadcrumb\":{\"@id\":\"https:\\\/\\\/alegria-realestate.com\\\/es\\\/articles\\\/fallas-in-valencia#breadcrumb\"},\"inLanguage\":\"es\",\"potentialAction\":[{\"@type\":\"ReadAction\",\"target\":[[\"https:\\\/\\\/alegria-realestate.com\\\/es\\\/articles\\\/fallas-in-valencia\"]]}]},{\"@type\":\"ImageObject\",\"inLanguage\":\"es\",\"@id\":\"https:\\\/\\\/alegria-realestate.com\\\/es\\\/articles\\\/fallas-in-valencia#primaryimage\",\"url\":\"https:\\\/\\\/alegria-realestate.com\\\/wp-content\\\/uploads\\\/2024\\\/03\\\/Depositphotos_189450638_XL-scaled.jpg\",\"contentUrl\":\"https:\\\/\\\/alegria-realestate.com\\\/wp-content\\\/uploads\\\/2024\\\/03\\\/Depositphotos_189450638_XL-scaled.jpg\",\"width\":2560,\"height\":1707,\"caption\":\"\u041f\u0440\u043e\u0433\u0440\u0430\u043c\u043c\u0430 \u0444\u0435\u0441\u0442\u0438\u0432\u0430\u043b\u044f \u0424\u0430\u043b\u044c\u044f\u0441-2024 \u0432 \u0412\u0430\u043b\u0435\u043d\u0441\u0438\u0438\"},{\"@type\":\"BreadcrumbList\",\"@id\":\"https:\\\/\\\/alegria-realestate.com\\\/es\\\/articles\\\/fallas-in-valencia#breadcrumb\",\"itemListElement\":[{\"@type\":\"ListItem\",\"position\":1,\"name\":\"\u0413\u043b\u0430\u0432\u043d\u0430\u044f \u0441\u0442\u0440\u0430\u043d\u0438\u0446\u0430\",\"item\":\"https:\\\/\\\/alegria-realestate.com\\\/es\\\/\"},{\"@type\":\"ListItem\",\"position\":2,\"name\":\"\u0424\u0430\u043b\u044c\u044f\u0441 \u2013 \u0433\u043b\u0430\u0432\u043d\u044b\u0439 \u0444\u0435\u0441\u0442\u0438\u0432\u0430\u043b\u044c \u0412\u0430\u043b\u0435\u043d\u0441\u0438\u0438: \u041f\u0440\u043e\u0433\u0440\u0430\u043c\u043c\u0430 2026\"}]},{\"@type\":\"WebSite\",\"@id\":\"https:\\\/\\\/alegria-realestate.com\\\/es\\\/#website\",\"url\":\"https:\\\/\\\/alegria-realestate.com\\\/es\\\/\",\"name\":\"VENTA DE INMUEBLES EN COSTA BLANCA\",\"description\":\"Alegr\u00eda te ofrece las mejores ofertas inmobiliarias en Costa Blanca con una gran cantidad de pisos o casas en venta y alquiler que se adaptan a tus necesidades.\",\"publisher\":{\"@id\":\"https:\\\/\\\/alegria-realestate.com\\\/es\\\/#organization\"},\"potentialAction\":[{\"@type\":\"SearchAction\",\"target\":{\"@type\":\"EntryPoint\",\"urlTemplate\":\"https:\\\/\\\/alegria-realestate.com\\\/es\\\/?s={search_term_string}\"},\"query-input\":{\"@type\":\"PropertyValueSpecification\",\"valueRequired\":true,\"valueName\":\"search_term_string\"}}],\"inLanguage\":\"es\"},{\"@type\":\"Organization\",\"@id\":\"https:\\\/\\\/alegria-realestate.com\\\/es\\\/#organization\",\"name\":\"Alegria Realestate\",\"url\":\"https:\\\/\\\/alegria-realestate.com\\\/es\\\/\",\"logo\":{\"@type\":\"ImageObject\",\"inLanguage\":\"es\",\"@id\":\"https:\\\/\\\/alegria-realestate.com\\\/es\\\/#\\\/schema\\\/logo\\\/image\\\/\",\"url\":\"https:\\\/\\\/alegria-realestate.com\\\/wp-content\\\/uploads\\\/2019\\\/08\\\/logo_alegria.png\",\"contentUrl\":\"https:\\\/\\\/alegria-realestate.com\\\/wp-content\\\/uploads\\\/2019\\\/08\\\/logo_alegria.png\",\"width\":1600,\"height\":1403,\"caption\":\"Alegria Realestate\"},\"image\":{\"@id\":\"https:\\\/\\\/alegria-realestate.com\\\/es\\\/#\\\/schema\\\/logo\\\/image\\\/\"},\"sameAs\":[\"https:\\\/\\\/www.facebook.com\\\/realestate.alegria\",\"https:\\\/\\\/x.com\\\/alegriarealesta\",\"https:\\\/\\\/www.instagram.com\\\/alegriadom\\\/\",\"https:\\\/\\\/www.linkedin.com\\\/profile\\\/view?id=154965227\",\"https:\\\/\\\/www.youtube.com\\\/user\\\/AlegriaRealEstate\"]},{\"@type\":\"Person\",\"@id\":\"https:\\\/\\\/alegria-realestate.com\\\/#\\\/schema\\\/person\\\/6c26f3bac4c1e476e858c219ece11984\",\"name\":\"\u041b\u0435\u0440\u0430\"}]}<\/script>\n<!-- \/ Yoast SEO plugin. -->","yoast_head_json":{"title":"Las Fallas \u2013 el festival principal de Val\u00e8ncia: programa 2026","description":"Gu\u00eda de Las Fallas 2026: eventos clave y programa, d\u00f3nde ver los espect\u00e1culos principales, rutas por la ciudad y consejos pr\u00e1cticos para visitantes.","robots":{"index":"index","follow":"follow","max-snippet":"max-snippet:-1","max-image-preview":"max-image-preview:large","max-video-preview":"max-video-preview:-1"},"canonical":"https:\/\/alegria-realestate.com\/es\/wp-json\/wp\/v2\/posts\/551624","og_locale":"es_ES","og_type":"article","og_title":"Las Fallas \u2013 el festival principal de Val\u00e8ncia: programa 2026","og_description":"Gu\u00eda de Las Fallas 2026: eventos clave y programa, d\u00f3nde ver los espect\u00e1culos principales, rutas por la ciudad y consejos pr\u00e1cticos para visitantes.","og_url":"https:\/\/alegria-realestate.com\/es\/wp-json\/wp\/v2\/posts\/551624","og_site_name":"VENTA DE INMUEBLES EN COSTA BLANCA","article_publisher":"https:\/\/www.facebook.com\/realestate.alegria","article_published_time":"2026-03-13T14:55:41+00:00","article_modified_time":"2026-03-18T20:40:07+00:00","og_image":[{"width":2560,"height":1707,"url":"https:\/\/alegria-realestate.com\/wp-content\/uploads\/2024\/03\/Depositphotos_189450638_XL-scaled.jpg","type":"image\/jpeg"}],"author":"\u041b\u0435\u0440\u0430","twitter_card":"summary_large_image","twitter_creator":"@alegriarealesta","twitter_site":"@alegriarealesta","schema":{"@context":"https:\/\/schema.org","@graph":[{"@type":"Article","@id":"https:\/\/alegria-realestate.com\/articles\/fallas-in-valencia#article","isPartOf":{"@id":"https:\/\/alegria-realestate.com\/articles\/fallas-in-valencia"},"author":{"name":"\u041b\u0435\u0440\u0430","@id":"https:\/\/alegria-realestate.com\/#\/schema\/person\/6c26f3bac4c1e476e858c219ece11984"},"headline":"Las Fallas \u2013 el festival principal de Val\u00e8ncia: programa 2026","datePublished":"2026-03-13T14:55:41+00:00","dateModified":"2026-03-18T20:40:07+00:00","mainEntityOfPage":{"@id":"https:\/\/alegria-realestate.com\/articles\/fallas-in-valencia"},"wordCount":9687,"publisher":{"@id":"https:\/\/alegria-realestate.com\/#organization"},"image":{"@id":"https:\/\/alegria-realestate.com\/articles\/fallas-in-valencia#primaryimage"},"thumbnailUrl":"https:\/\/alegria-realestate.com\/wp-content\/uploads\/2024\/03\/Depositphotos_189450638_XL-scaled.jpg","articleSection":["Blog","la vida en Espa\u00f1a"],"inLanguage":"es"},{"@type":"WebPage","@id":"https:\/\/alegria-realestate.com\/es\/articles\/fallas-in-valencia","url":"https:\/\/alegria-realestate.com\/es\/articles\/fallas-in-valencia","name":"Las Fallas \u2013 el festival principal de Val\u00e8ncia: programa 2026","isPartOf":{"@id":"https:\/\/alegria-realestate.com\/es\/#website"},"primaryImageOfPage":{"@id":"https:\/\/alegria-realestate.com\/es\/articles\/fallas-in-valencia#primaryimage"},"image":{"@id":"https:\/\/alegria-realestate.com\/articles\/fallas-in-valencia#primaryimage"},"thumbnailUrl":"https:\/\/alegria-realestate.com\/wp-content\/uploads\/2024\/03\/Depositphotos_189450638_XL-scaled.jpg","datePublished":"2026-03-13T14:55:41+00:00","dateModified":"2026-03-18T20:40:07+00:00","description":"Gu\u00eda de Las Fallas 2026: eventos clave y programa, d\u00f3nde ver los espect\u00e1culos principales, rutas por la ciudad y consejos pr\u00e1cticos para visitantes.","breadcrumb":{"@id":"https:\/\/alegria-realestate.com\/es\/articles\/fallas-in-valencia#breadcrumb"},"inLanguage":"es","potentialAction":[{"@type":"ReadAction","target":[["https:\/\/alegria-realestate.com\/es\/articles\/fallas-in-valencia"]]}]},{"@type":"ImageObject","inLanguage":"es","@id":"https:\/\/alegria-realestate.com\/es\/articles\/fallas-in-valencia#primaryimage","url":"https:\/\/alegria-realestate.com\/wp-content\/uploads\/2024\/03\/Depositphotos_189450638_XL-scaled.jpg","contentUrl":"https:\/\/alegria-realestate.com\/wp-content\/uploads\/2024\/03\/Depositphotos_189450638_XL-scaled.jpg","width":2560,"height":1707,"caption":"\u041f\u0440\u043e\u0433\u0440\u0430\u043c\u043c\u0430 \u0444\u0435\u0441\u0442\u0438\u0432\u0430\u043b\u044f \u0424\u0430\u043b\u044c\u044f\u0441-2024 \u0432 \u0412\u0430\u043b\u0435\u043d\u0441\u0438\u0438"},{"@type":"BreadcrumbList","@id":"https:\/\/alegria-realestate.com\/es\/articles\/fallas-in-valencia#breadcrumb","itemListElement":[{"@type":"ListItem","position":1,"name":"\u0413\u043b\u0430\u0432\u043d\u0430\u044f \u0441\u0442\u0440\u0430\u043d\u0438\u0446\u0430","item":"https:\/\/alegria-realestate.com\/es\/"},{"@type":"ListItem","position":2,"name":"\u0424\u0430\u043b\u044c\u044f\u0441 \u2013 \u0433\u043b\u0430\u0432\u043d\u044b\u0439 \u0444\u0435\u0441\u0442\u0438\u0432\u0430\u043b\u044c \u0412\u0430\u043b\u0435\u043d\u0441\u0438\u0438: \u041f\u0440\u043e\u0433\u0440\u0430\u043c\u043c\u0430 2026"}]},{"@type":"WebSite","@id":"https:\/\/alegria-realestate.com\/es\/#website","url":"https:\/\/alegria-realestate.com\/es\/","name":"VENTA DE INMUEBLES EN COSTA BLANCA","description":"Alegr\u00eda te ofrece las mejores ofertas inmobiliarias en Costa Blanca con una gran cantidad de pisos o casas en venta y alquiler que se adaptan a tus necesidades.","publisher":{"@id":"https:\/\/alegria-realestate.com\/es\/#organization"},"potentialAction":[{"@type":"SearchAction","target":{"@type":"EntryPoint","urlTemplate":"https:\/\/alegria-realestate.com\/es\/?s={search_term_string}"},"query-input":{"@type":"PropertyValueSpecification","valueRequired":true,"valueName":"search_term_string"}}],"inLanguage":"es"},{"@type":"Organization","@id":"https:\/\/alegria-realestate.com\/es\/#organization","name":"Alegria Realestate","url":"https:\/\/alegria-realestate.com\/es\/","logo":{"@type":"ImageObject","inLanguage":"es","@id":"https:\/\/alegria-realestate.com\/es\/#\/schema\/logo\/image\/","url":"https:\/\/alegria-realestate.com\/wp-content\/uploads\/2019\/08\/logo_alegria.png","contentUrl":"https:\/\/alegria-realestate.com\/wp-content\/uploads\/2019\/08\/logo_alegria.png","width":1600,"height":1403,"caption":"Alegria Realestate"},"image":{"@id":"https:\/\/alegria-realestate.com\/es\/#\/schema\/logo\/image\/"},"sameAs":["https:\/\/www.facebook.com\/realestate.alegria","https:\/\/x.com\/alegriarealesta","https:\/\/www.instagram.com\/alegriadom\/","https:\/\/www.linkedin.com\/profile\/view?id=154965227","https:\/\/www.youtube.com\/user\/AlegriaRealEstate"]},{"@type":"Person","@id":"https:\/\/alegria-realestate.com\/#\/schema\/person\/6c26f3bac4c1e476e858c219ece11984","name":"\u041b\u0435\u0440\u0430"}]}},"_links":{"self":[{"href":"https:\/\/alegria-realestate.com\/es\/wp-json\/wp\/v2\/posts\/551624","targetHints":{"allow":["GET"]}}],"collection":[{"href":"https:\/\/alegria-realestate.com\/es\/wp-json\/wp\/v2\/posts"}],"about":[{"href":"https:\/\/alegria-realestate.com\/es\/wp-json\/wp\/v2\/types\/post"}],"author":[{"embeddable":true,"href":"https:\/\/alegria-realestate.com\/es\/wp-json\/wp\/v2\/users\/19"}],"replies":[{"embeddable":true,"href":"https:\/\/alegria-realestate.com\/es\/wp-json\/wp\/v2\/comments?post=551624"}],"version-history":[{"count":4,"href":"https:\/\/alegria-realestate.com\/es\/wp-json\/wp\/v2\/posts\/551624\/revisions"}],"predecessor-version":[{"id":1262909,"href":"https:\/\/alegria-realestate.com\/es\/wp-json\/wp\/v2\/posts\/551624\/revisions\/1262909"}],"wp:featuredmedia":[{"embeddable":true,"href":"https:\/\/alegria-realestate.com\/es\/wp-json\/wp\/v2\/media\/551628"}],"wp:attachment":[{"href":"https:\/\/alegria-realestate.com\/es\/wp-json\/wp\/v2\/media?parent=551624"}],"wp:term":[{"taxonomy":"category","embeddable":true,"href":"https:\/\/alegria-realestate.com\/es\/wp-json\/wp\/v2\/categories?post=551624"},{"taxonomy":"post_tag","embeddable":true,"href":"https:\/\/alegria-realestate.com\/es\/wp-json\/wp\/v2\/tags?post=551624"}],"curies":[{"name":"wp","href":"https:\/\/api.w.org\/{rel}","templated":true}]}}