{"id":93255,"date":"2026-02-18T13:52:09","date_gmt":"2026-02-18T10:52:09","guid":{"rendered":"https:\/\/alegria-realestate.com\/?p=93255"},"modified":"2026-03-26T20:03:12","modified_gmt":"2026-03-26T17:03:12","slug":"the-city-of-valencia","status":"publish","type":"post","link":"https:\/\/alegria-realestate.com\/es\/articles\/city-of-spain\/the-city-of-valencia","title":{"rendered":"Distritos y barrios de Valencia: mejores zonas para vivir"},"content":{"rendered":"<p>Valencia es una de las ciudades m\u00e1s hermosas de Espa\u00f1a, situada en la costa del mar Mediterr\u00e1neo. Hoy comenzaremos a descubrir esta maravillosa ciudad, y nuestro primer tema son los distritos de Valencia. En este art\u00edculo repasaremos brevemente cada distrito de Valencia, enumeraremos sus pros y sus contras, daremos una breve caracter\u00edstica del mercado inmobiliario, hablaremos de las zonas de Valencia donde es mejor vivir, as\u00ed como de los distritos de Valencia para comprar un piso con fines de inversi\u00f3n.<\/p>\n<h2>Distrito de Valencia para comprar un piso \u2013 Ciutat Vella<\/h2>\n<p><img loading=\"lazy\" decoding=\"async\" class=\"alignnone size-large wp-image-95304\" src=\"https:\/\/alegria-realestate.com\/wp-content\/uploads\/2019\/09\/the-city-of-valencia1-1-1024x678.jpg\" alt=\"Distritos de Valencia: resumen. Las mejores zonas de Valencia para vivir\" width=\"1024\" height=\"678\" srcset=\"https:\/\/alegria-realestate.com\/wp-content\/uploads\/2019\/09\/the-city-of-valencia1-1-1024x678.jpg 1024w, https:\/\/alegria-realestate.com\/wp-content\/uploads\/2019\/09\/the-city-of-valencia1-1-300x199.jpg 300w, https:\/\/alegria-realestate.com\/wp-content\/uploads\/2019\/09\/the-city-of-valencia1-1-768x509.jpg 768w, https:\/\/alegria-realestate.com\/wp-content\/uploads\/2019\/09\/the-city-of-valencia1-1.jpg 1200w\" sizes=\"auto, (max-width: 1024px) 100vw, 1024px\" \/><\/p>\n<p><strong>Barrios:<\/strong> La Seu, La Xerea, El Carme, El Pilar (Velluters), El Mercat y Sant Francesc.<\/p>\n<ul>\n<li>Este es el casco antiguo de Valencia \u2013 la zona m\u00e1s tur\u00edstica. Aqu\u00ed se encuentran la Catedral de Valencia, la Bas\u00edlica, el Mercado Central y la Lonja de la Seda.<\/li>\n<li>Los dos barrios m\u00e1s conocidos de esta zona son El Pilar y El Carme. Este \u00faltimo es uno de los lugares preferidos por la juventud local para salir.<\/li>\n<li>Aqu\u00ed hay muchos apartamentos tur\u00edsticos, pero el parque inmobiliario est\u00e1 representado por edificios antiguos. Los portales de muchos edificios son muy peque\u00f1os, y en muchos de ellos no hay ascensor. Adem\u00e1s, los edificios est\u00e1n situados muy cerca unos de otros, y no es casualidad: as\u00ed se concibi\u00f3 para que siempre hubiera sombra en la calle, aunque, por otro lado, las ventanas de los vecinos quedan muy cerca.<\/li>\n<\/ul>\n<p>Ciutat Vella en el mapa:<br \/>\n<iframe loading=\"lazy\" style=\"border: 0;\" src=\"https:\/\/www.google.com\/maps\/embed?pb=!1m18!1m12!1m3!1d12318.986811860292!2d-0.3842806634407076!3d39.475050671769395!2m3!1f0!2f0!3f0!3m2!1i1024!2i768!4f13.1!3m3!1m2!1s0xd604f4d5a450111%3A0x1ac3f05bf7b888d3!2zQ2l1dGF0IFZlbGxhLCDQktCw0LvQtdC90YHQuNGP!5e0!3m2!1ses!2ses!4v1574794058745!5m2!1ses!2ses\" width=\"100%\" height=\"450\" frameborder=\"0\" allowfullscreen=\"allowfullscreen\"><\/iframe><\/p>\n<p>Barrios de Ciutat Vella en el mapa: <a href=\"https:\/\/www.google.com\/maps\/place\/La+Seu,+Valencia\/@39.476311,-0.3798333,16z\/data=!3m1!4b1!4m5!3m4!1s0xd604f52ba7c956d:0x5b71c572aa61c5f7!8m2!3d39.4761338!4d-0.3754239\" target=\"_blank\" rel=\"noopener noreferrer\">La Seu<\/a>, <a href=\"https:\/\/www.google.com\/maps\/place\/La+Xerea,+Valencia\/@39.4742329,-0.3756338,16z\/data=!3m1!4b1!4m5!3m4!1s0xd6048b2155bb0bb:0xe76a3e55e527ffaf!8m2!3d39.4748512!4d-0.371893\" target=\"_blank\" rel=\"noopener noreferrer\">La Xerea<\/a>, <a href=\"https:\/\/www.google.com\/maps\/place\/El+Carmen,+Valencia\/@39.4791549,-0.3839392,16z\/data=!3m1!4b1!4m5!3m4!1s0xd604f5161d752e5:0x3898f5b32af5094!8m2!3d39.4793514!4d-0.380721\" target=\"_blank\" rel=\"noopener noreferrer\">El Carme<\/a>, <a href=\"https:\/\/www.google.com\/maps\/place\/El+Pilar,+46001+Valencia\/@39.4733619,-0.3862953,16z\/data=!3m1!4b1!4m5!3m4!1s0xd604f4facd603fb:0x948068799ae584f6!8m2!3d39.473523!4d-0.3824868\" target=\"_blank\" rel=\"noopener noreferrer\">El Pilar (Velluters)<\/a>, <a href=\"https:\/\/www.google.com\/maps\/place\/El+Mercat,+Valencia\/@39.4736724,-0.3828374,16z\/data=!3m1!4b1!4m5!3m4!1s0xd604f4dc7a47349:0xda0b4219e1d8eb34!8m2!3d39.4735345!4d-0.3789552\" target=\"_blank\" rel=\"noopener noreferrer\">El Mercat<\/a> y <a href=\"https:\/\/www.google.com\/maps\/place\/Sant+Francesc,+Valencia\/@39.4704734,-0.3804823,16z\/data=!3m1!4b1!4m5!3m4!1s0xd604f4c9f09f7af:0x8f5e9c1364e30463!8m2!3d39.4690149!4d-0.3760125\" target=\"_blank\" rel=\"noopener noreferrer\">Sant Francesc<\/a>.<\/p>\n<h2>Distrito de Valencia para vivir \u2013 Eixample<\/h2>\n<p><img loading=\"lazy\" decoding=\"async\" class=\"alignnone size-large wp-image-96292\" src=\"https:\/\/alegria-realestate.com\/wp-content\/uploads\/2019\/09\/the-city-of-valencia2-2-1024x654.jpg\" alt=\"Distritos de Valencia: resumen. Las mejores zonas de Valencia para vivir\" width=\"1024\" height=\"654\" srcset=\"https:\/\/alegria-realestate.com\/wp-content\/uploads\/2019\/09\/the-city-of-valencia2-2.jpg 1024w, https:\/\/alegria-realestate.com\/wp-content\/uploads\/2019\/09\/the-city-of-valencia2-2-300x192.jpg 300w, https:\/\/alegria-realestate.com\/wp-content\/uploads\/2019\/09\/the-city-of-valencia2-2-768x491.jpg 768w\" sizes=\"auto, (max-width: 1024px) 100vw, 1024px\" \/><\/p>\n<p><strong>Barrios:<\/strong> Ruzafa, El Pla del Remei y Gran V\u00eda.<\/p>\n<ul>\n<li>Es el distrito m\u00e1s de moda de Valencia en este momento. El barrio de Ruzafa goza de una popularidad especial y se ha desarrollado mucho. Pr\u00e1cticamente todos los locales comerciales de las plantas bajas est\u00e1n ocupados, muchos edificios han sido restaurados y las calles est\u00e1n muy concurridas. Aqu\u00ed hay pocos inmigrantes de Am\u00e9rica Latina porque la vivienda en venta y en alquiler ya es m\u00e1s cara. El precio de la vivienda aqu\u00ed parte, como m\u00ednimo, de \u20ac160 000 \u2013 \u20ac170 000. Sin embargo, por lo general, los precios empiezan a partir de \u20ac200 000. El distrito est\u00e1 muy cerca del centro y se puede ir andando.<\/li>\n<li>El barrio de Gran V\u00eda se caracteriza por sus bonitos edificios con balcones tradicionales de forja. Es un barrio respetable, con calles rectas y largas. Las principales v\u00edas, Gran V\u00eda y Reino de Valencia, son avenidas con una zona ajardinada en el centro. Los edificios aqu\u00ed son altos, pero no est\u00e1n tan cerca unos de otros, por lo que hay mucho sol en las calles. Ruzafa es un barrio m\u00e1s democr\u00e1tico, y sus calles son un poco m\u00e1s ca\u00f3ticas.<\/li>\n<li>En estos barrios es m\u00e1s f\u00e1cil comprar que alquilar una vivienda. La oferta inmobiliaria aqu\u00ed es buena, los pisos son grandes, pero puede surgir un problema con el aparcamiento: los edificios no son modernos, por lo que no todos disponen de garaje.<\/li>\n<li>Pros: ubicaci\u00f3n; comunicaciones; presencia de tiendas, bares, restaurantes, buenos colegios; edificios bonitos; ausencia de inmigrantes de pa\u00edses desfavorecidos; ambiente muy positivo.<\/li>\n<li>Contras: al mar solo se puede llegar en metro o en coche; alto coste de la vivienda; es una zona tur\u00edstica bastante animada, aunque, por supuesto, no tanto como el casco antiguo.<\/li>\n<\/ul>\n<p>Eixample en el mapa:<br \/>\n<iframe loading=\"lazy\" style=\"border: 0;\" src=\"https:\/\/www.google.com\/maps\/embed?pb=!1m18!1m12!1m3!1d12320.947486076584!2d-0.37970691344601387!3d39.46397717179418!2m3!1f0!2f0!3f0!3m2!1i1024!2i768!4f13.1!3m3!1m2!1s0xd6048ca16661b95%3A0x341e4a043dbfe769!2zRWl4YW1wbGUsINCS0LDQu9C10L3RgdC40Y8!5e0!3m2!1ses!2ses!4v1574797527869!5m2!1ses!2ses\" width=\"100%\" height=\"450\" frameborder=\"0\" allowfullscreen=\"allowfullscreen\"><\/iframe><\/p>\n<p>Barrios de Eixample en el mapa: <a href=\"https:\/\/www.google.com\/maps\/place\/Ruzafa,+Valencia\/@39.4613987,-0.3804503,15z\/data=!3m1!4b1!4m5!3m4!1s0xd6048cbbdb11605:0xd217284c2eedc415!8m2!3d39.4612576!4d-0.3736584\" target=\"_blank\" rel=\"noopener noreferrer\">Ruzafa<\/a>, <a href=\"https:\/\/www.google.com\/maps\/place\/Pla+del+Remei,+Valencia\/@39.4687974,-0.3739549,16z\/data=!3m1!4b1!4m5!3m4!1s0xd6048b699c2b64f:0x4f99ba1c8aac9020!8m2!3d39.4690375!4d-0.3689508\" target=\"_blank\" rel=\"noopener noreferrer\">El Pla del Remei<\/a> y <a href=\"https:\/\/www.google.com\/maps\/place\/Gran+Via,+46005+Valencia\/@39.4657589,-0.371725,16z\/data=!3m1!4b1!4m5!3m4!1s0xd6048b7d1cdc8cb:0xc7aeff8fafce0956!8m2!3d39.4658115!4d-0.3660088\" target=\"_blank\" rel=\"noopener noreferrer\">Gran V\u00eda<\/a>.<\/p>\n<h2>Buenos distritos de Valencia \u2013 Extramurs<\/h2>\n<p><strong>Barrios:<\/strong> El Bot\u00e0nic, La Roqueta, La Petxina y Arrancapins.<\/p>\n<ul>\n<li>Aqu\u00ed se encuentra el conocido complejo deportivo Petxina.<\/li>\n<li>La calle m\u00e1s famosa es Gran V\u00eda Fernando el Cat\u00f3lico. Se trata de una gran avenida con una zona ajardinada en el centro. El mercado inmobiliario aqu\u00ed es variado: hay inmuebles tanto de gama alta como de presupuesto medio. Aunque no hay opciones muy baratas, s\u00ed se pueden encontrar viviendas bastante asequibles. En general, este distrito es m\u00e1s barato que Eixample.<\/li>\n<li>Pros: vivienda para todos los gustos.<\/li>\n<li>Contras: es importante elegir bien la zona para no comprar, por buscar algo barato, un piso con vecinos indeseables que luego no se pueda vender ni alquilar.<\/li>\n<\/ul>\n<p>Extramurs en el mapa:<br \/>\n<iframe loading=\"lazy\" style=\"border: 0;\" src=\"https:\/\/www.google.com\/maps\/embed?pb=!1m18!1m12!1m3!1d24640.261894568906!2d-0.40440859329809875!3d39.468589137125406!2m3!1f0!2f0!3f0!3m2!1i1024!2i768!4f13.1!3m3!1m2!1s0xd604f46f6b4b85d%3A0x26f41af9803fff3!2zRXh0cmFtdXJzLCDQktCw0LvQtdC10L3RgdC40Y8!5e0!3m2!1ses!2ses!4v1574797786321!5m2!1ses!2ses\" width=\"100%\" height=\"450\" frameborder=\"0\" allowfullscreen=\"allowfullscreen\"><\/iframe><\/p>\n<p>Barrios de Extramurs en el mapa: <a href=\"https:\/\/www.google.com\/maps\/place\/El+Bot%C3%A0nic,+Valencia\/@39.4760901,-0.3958247,15z\/data=!3m1!4b1!4m5!3m4!1s0xd604f5b2f87386d:0xc1711f7237e7dd80!8m2!3d39.4767481!4d-0.38543\" target=\"_blank\" rel=\"noopener noreferrer\">El Bot\u00e0nic<\/a>, <a href=\"https:\/\/www.google.com\/maps\/place\/La+Roqueta,+Valencia\/@39.4668129,-0.3853289,16z\/data=!3m1!4b1!4m5!3m4!1s0xd604f49bc14d7a1:0x551e2f01d17198b2!8m2!3d39.4670605!4d-0.3801324\" target=\"_blank\" rel=\"noopener noreferrer\">La Roqueta<\/a>, <a href=\"https:\/\/www.google.com\/maps\/place\/La+Petxina,+Valencia\/@39.4739596,-0.4002451,15z\/data=!3m1!4b1!4m5!3m4!1s0xd604f42e103845b:0xdd455dcdea39bf00!8m2!3d39.4741367!4d-0.3924947\" target=\"_blank\" rel=\"noopener noreferrer\">La Petxina<\/a> y <a href=\"https:\/\/www.google.com\/maps\/place\/Arrancapins,+Valencia\/@39.4636212,-0.3937612,15z\/data=!3m1!4b1!4m5!3m4!1s0xd604f383c56cafd:0x355628e04a1df93a!8m2!3d39.4638077!4d-0.38543\" target=\"_blank\" rel=\"noopener noreferrer\">Arrancapins<\/a>.<\/p>\n<h2>Buen distrito de Valencia, donde mejor vivir con ni\u00f1os \u2013 Campanar \u2013 zona del Bioparc<\/h2>\n<p><strong>Barrios:<\/strong> Campanar, Les Tendetes, El Calvari y Sant Pau<\/p>\n<p>Pros:<\/p>\n<ul>\n<li>Cerca hay un gran supermercado Carrefour.<\/li>\n<li>Cerca est\u00e1n el parque de Cabecera y Bioparc, muy buenos para los ni\u00f1os: se puede comprar un abono que cuesta unos 50 euros por persona al a\u00f1o y entrar un n\u00famero ilimitado de veces.<\/li>\n<li>Muy cerca est\u00e1 el antiguo cauce del r\u00edo Turia, un lugar excelente para pasear y practicar deporte.<\/li>\n<li>El metro est\u00e1 bastante cerca \u2013 unos 15 minutos a pie.<\/li>\n<li>Muy cerca se encuentra el gran hospital privado Hospital Nisa 9 de Octubre.<\/li>\n<\/ul>\n<p>Contras<\/p>\n<ul>\n<li>Lejos del mar \u2013 unos 25 minutos en coche, teniendo en cuenta los sem\u00e1foros.<\/li>\n<li>Lejos del centro de la ciudad \u2013 unos 40 minutos a pie.<\/li>\n<\/ul>\n<p>Campanar en el mapa:<br \/>\n<iframe loading=\"lazy\" style=\"border: 0;\" src=\"https:\/\/www.google.com\/maps\/embed?pb=!1m18!1m12!1m3!1d12317.301618767038!2d-0.4142016123437163!3d39.48456623275229!2m3!1f0!2f0!3f0!3m2!1i1024!2i768!4f13.1!3m3!1m2!1s0xd604f7d75626cff%3A0xb34faabf3cd76cd2!2zQ2FtcGFuYXIsINCS0LDQu9C10L3RgdC40Y8!5e0!3m2!1ses!2ses!4v1574797977864!5m2!1ses!2ses\" width=\"100%\" height=\"450\" frameborder=\"0\" allowfullscreen=\"allowfullscreen\"><\/iframe><\/p>\n<p>Barrios de Campanar en el mapa: <a href=\"https:\/\/www.google.com\/maps\/place\/Campanar,+Valencia\/@39.4811006,-0.4029882,15z\/data=!3m1!4b1!4m5!3m4!1s0xd604f60afd2354b:0xa4aa468ba84a54f9!8m2!3d39.4818921!4d-0.3948498\" target=\"_blank\" rel=\"noopener noreferrer\">Campanar<\/a>, <a href=\"https:\/\/www.google.com\/maps\/place\/Les+Tendetes,+46009+Valencia\/@39.4836358,-0.3903429,16z\/data=!3m1!4b1!4m5!3m4!1s0xd604f584e3c19bf:0x6d67c4bac980c9bc!8m2!3d39.4838623!4d-0.3860187\" target=\"_blank\" rel=\"noopener noreferrer\">Les Tendetes<\/a>, <a href=\"https:\/\/www.google.com\/maps\/place\/El+Calvari,+Valencia\/@39.487061,-0.3924556,17z\/data=!3m1!4b1!4m5!3m4!1s0xd6045f5957bf961:0x3fdc0f7219fd5cfa!8m2!3d39.4867585!4d-0.390434\" target=\"_blank\" rel=\"noopener noreferrer\">El Calvari<\/a> y <a href=\"https:\/\/www.google.com\/maps\/place\/Sant+Pau,+Valencia\/@39.4845487,-0.4300689,14z\/data=!3m1!4b1!4m5!3m4!1s0xd604f801fce355b:0x10d28d6d6454acc9!8m2!3d39.4883079!4d-0.4101619\" target=\"_blank\" rel=\"noopener noreferrer\">Sant Pau<\/a>.<\/p>\n<h2>Buen distrito de Valencia con vivienda asequible \u2013 La Zaidia<\/h2>\n<p><strong>Barrios:<\/strong> Marxalenes, Morvedre, Trinitat, Tormos y Sant Antoni.<\/p>\n<p>Este distrito est\u00e1 situado entre Campanar y El Pla del Real, pero aqu\u00ed la vivienda es m\u00e1s barata que en los distritos mencionados. Aqu\u00ed se pueden encontrar inmuebles de distintos niveles de precio: la vivienda situada m\u00e1s cerca del antiguo cauce del r\u00edo suele ser m\u00e1s cara. En este distrito se encuentra la Escuela Oficial de Idiomas.<\/p>\n<p>Pros: Se puede comprar vivienda justo al lado del antiguo cauce del r\u00edo m\u00e1s barata que en otros distritos que lindan con el cauce. Este distrito se parece en cierto modo a Extramurs.<\/p>\n<p>La Zaidia en el mapa:<br \/>\n<iframe loading=\"lazy\" style=\"border: 0;\" src=\"https:\/\/www.google.com\/maps\/embed?pb=!1m18!1m12!1m3!1d24634.857785946442!2d-0.39401359326872626!3d39.48384763698887!2m3!1f0!2f0!3f0!3m2!1i1024!2i768!4f13.1!3m3!1m2!1s0xd604f551a9095d1%3A0x879218cc40bf203!2zTGEgU2HDr2RpYSwg0JLQsNC70LXQvdGB0LjRjw!5e0!3m2!1ses!2ses!4v1574798136069!5m2!1ses!2ses\" width=\"100%\" height=\"450\" frameborder=\"0\" allowfullscreen=\"allowfullscreen\"><\/iframe><\/p>\n<p>Barrios de La Zaidia en el mapa: <a href=\"https:\/\/www.google.com\/maps\/place\/Marchalenes,+46009+Valencia\/@39.4860349,-0.3881573,16z\/data=!3m1!4b1!4m5!3m4!1s0xd6045f8065c99e7:0xa45b43a6bff11c4b!8m2!3d39.4845265!4d-0.380721\" target=\"_blank\" rel=\"noopener noreferrer\">Marxalenes<\/a>, <a href=\"https:\/\/www.google.com\/maps\/place\/Morvedre,+Valencia\/@39.483492,-0.3792358,16z\/data=!3m1!4b1!4m5!3m4!1s0xd604f552b361809:0xe94fdddfc05653ca!8m2!3d39.4845418!4d-0.3760125\" target=\"_blank\" rel=\"noopener noreferrer\">Morvedre<\/a>, <a href=\"https:\/\/www.google.com\/maps\/place\/Trinitat,+Valencia\/@39.4812431,-0.3780256,15z\/data=!3m1!4b1!4m5!3m4!1s0xd6048a94f3637ad:0xd4210263d68c0cbd!8m2!3d39.4819768!4d-0.3689508\" target=\"_blank\" rel=\"noopener noreferrer\">Trinitat<\/a>, <a href=\"https:\/\/www.google.com\/maps\/place\/Tormos,+46009+Valencia\/@39.4891744,-0.3844593,16z\/data=!3m1!4b1!4m5!3m4!1s0xd6045f9306f69c3:0xc15c2ab627e563d6!8m2!3d39.4890602!4d-0.3789552\" target=\"_blank\" rel=\"noopener noreferrer\">Tormos<\/a> y <a href=\"https:\/\/www.google.com\/maps\/place\/Sant+Antoni,+46009+Valencia\/@39.4892063,-0.3772162,16z\/data=!3m1!4b1!4m5!3m4!1s0xd604600e48da21b:0x6b90d9965d39078!8m2!3d39.4890792!4d-0.3730699\" target=\"_blank\" rel=\"noopener noreferrer\">Sant Antoni<\/a>.<\/p>\n<h2>El distrito m\u00e1s verde de Valencia \u2013 El Pla del Real<\/h2>\n<p><img loading=\"lazy\" decoding=\"async\" class=\"alignnone size-large wp-image-96294\" src=\"https:\/\/alegria-realestate.com\/wp-content\/uploads\/2019\/09\/the-city-of-valencia4-2-1024x799.jpg\" alt=\"Distritos de Valencia: resumen. Las mejores zonas de Valencia para vivir\" width=\"1024\" height=\"799\" srcset=\"https:\/\/alegria-realestate.com\/wp-content\/uploads\/2019\/09\/the-city-of-valencia4-2.jpg 1024w, https:\/\/alegria-realestate.com\/wp-content\/uploads\/2019\/09\/the-city-of-valencia4-2-300x234.jpg 300w, https:\/\/alegria-realestate.com\/wp-content\/uploads\/2019\/09\/the-city-of-valencia4-2-768x599.jpg 768w\" sizes=\"auto, (max-width: 1024px) 100vw, 1024px\" \/><\/p>\n<p><strong>Barrios:<\/strong> Exposici\u00f3, Mestalla, Jaume Roig y Ciutat Universit\u00e0ria.<\/p>\n<ul>\n<li>Distrito situado junto al gran y bonito parque de Viveros. En la zona comprendida entre la avenida Primado Reig y la avenida Blasco Ib\u00e1\u00f1ez, alrededor del Colegio Alem\u00e1n de Valencia, hay muy buenos edificios con pisos muy grandes. Hist\u00f3ricamente, all\u00ed viv\u00edan las familias ricas de Valencia. Estos pisos rara vez se alquilan y se venden caros.<\/li>\n<\/ul>\n<p>Pros:<\/p>\n<ul>\n<li>Es un distrito muy bueno para vivir, con una infraestructura muy desarrollada. Se trata de una zona prestigiosa situada pr\u00e1cticamente en el centro de la ciudad.<\/li>\n<li>Aqu\u00ed hay dos hospitales: el p\u00fablico Hospital Cl\u00ednico Universitario de Valencia y el privado Hospital Quir\u00f3nsalud Valencia. En esta misma zona se encuentran varias facultades de la Universitat de Val\u00e8ncia, muchas escuelas de idiomas y escuelas de negocios. Aqu\u00ed tambi\u00e9n est\u00e1 el estadio del club de f\u00fatbol Valencia.<\/li>\n<li>Hay 2 estaciones de metro a unos 8 minutos a pie, y los autobuses funcionan bien. A la playa se puede llegar en l\u00ednea recta.<br \/>\nAl centro de la ciudad \u2013 7 minutos en coche, 25 minutos a pie; al mar \u2013 15 minutos en coche.<\/li>\n<\/ul>\n<p>Es un distrito muy verde: aqu\u00ed se encuentran los Jardines del Real, el antiguo cauce del r\u00edo Turia y los Jardines de Monforte.<\/p>\n<p>Contras:<\/p>\n<ul>\n<li>Precios altos de alquiler y compra de vivienda.<\/li>\n<li>Los edificios no son nuevos, pero se trata de un parque residencial prestigioso, con pisos grandes y fincas con conserje.<\/li>\n<\/ul>\n<p>El Pla del Real en el mapa:<br \/>\n<iframe loading=\"lazy\" style=\"border: 0;\" src=\"https:\/\/www.google.com\/maps\/embed?pb=!1m18!1m12!1m3!1d12319.146014842196!2d-0.3697507634411358!3d39.4741516217714!2m3!1f0!2f0!3f0!3m2!1i1024!2i768!4f13.1!3m3!1m2!1s0xd6048bb60ca42f9%3A0x66f0e00f51974294!2zRWwgUGxhIGRlbCBSZWFsLCDQktCw0LvQtdC90YHQuNGP!5e0!3m2!1ses!2ses!4v1574798302911!5m2!1ses!2ses\" width=\"100%\" height=\"450\" frameborder=\"0\" allowfullscreen=\"allowfullscreen\"><\/iframe><\/p>\n<p>Barrios de El Pla del Real en el mapa: <a href=\"https:\/\/www.google.com\/maps\/place\/Exposici%C3%B3n,+Valencia\/@39.4760449,-0.3682044,16z\/data=!3m1!4b1!4m5!3m4!1s0xd6048a530fa6911:0x1c8bea95944895f8!8m2!3d39.4768162!4d-0.3642437\" target=\"_blank\" rel=\"noopener noreferrer\">Exposici\u00f3<\/a>, <a href=\"https:\/\/www.google.com\/maps\/place\/Mestalla,+Valencia\/@39.4700731,-0.3684517,15z\/data=!3m1!4b1!4m5!3m4!1s0xd6048bea179c6ad:0x1bbcb133efc3cb!8m2!3d39.4716549!4d-0.3595372\" target=\"_blank\" rel=\"noopener noreferrer\">Mestalla<\/a>, <a href=\"https:\/\/www.google.com\/maps\/place\/Jaume+Roig,+Valencia\/@39.4821109,-0.3673499,16z\/data=!3m1!4b1!4m5!3m4!1s0xd6048a6f511925d:0x5121bfaa35f1eb1d!8m2!3d39.4813465!4d-0.3636553\" target=\"_blank\" rel=\"noopener noreferrer\">Jaume Roig<\/a> y <a href=\"https:\/\/www.google.com\/maps\/place\/Ciutat+Universit%C3%A0ria,+Valencia\/@39.4785571,-0.3677201,15z\/data=!3m1!4b1!4m5!3m4!1s0xd6048a3a58930c9:0x3150b7cfbc0f32d!8m2!3d39.4787734!4d-0.3589489\" target=\"_blank\" rel=\"noopener noreferrer\">Ciutat Universit\u00e0ria<\/a>.<\/p>\n<h2>Distrito de Valencia con vivienda barata \u2013 L&#8217;Olivereta<\/h2>\n<p><img loading=\"lazy\" decoding=\"async\" class=\"alignnone size-large wp-image-96296\" src=\"https:\/\/alegria-realestate.com\/wp-content\/uploads\/2019\/09\/the-city-of-valencia5-2-1024x684.jpg\" alt=\"Distritos de Valencia: resumen. Las mejores zonas de Valencia para vivir\" width=\"1024\" height=\"684\" srcset=\"https:\/\/alegria-realestate.com\/wp-content\/uploads\/2019\/09\/the-city-of-valencia5-2.jpg 1024w, https:\/\/alegria-realestate.com\/wp-content\/uploads\/2019\/09\/the-city-of-valencia5-2-300x200.jpg 300w, https:\/\/alegria-realestate.com\/wp-content\/uploads\/2019\/09\/the-city-of-valencia5-2-768x513.jpg 768w\" sizes=\"auto, (max-width: 1024px) 100vw, 1024px\" \/><\/p>\n<p><strong>Barrios:<\/strong> Nou Moles, Soternes, Tres Forques, La Fuensanta y La Llum.<\/p>\n<ul>\n<li>Distrito un poco alejado del centro.<\/li>\n<li>En los barrios de Tres Forques y La Fuensanta hay muchos inmigrantes de pa\u00edses latinoamericanos y la vivienda es barata. La zona cerca del Hospital General, en direcci\u00f3n a Patraix, recuerda a bloques de viviendas tipo jrushchovka.<\/li>\n<li>Al centro se puede llegar en autob\u00fas o en metro.<\/li>\n<\/ul>\n<p>Este distrito est\u00e1 al otro lado del antiguo cauce del r\u00edo Turia respecto a Campanar, pero tanto el p\u00fablico como la vivienda cambian radicalmente. Aqu\u00ed se puede encontrar alquiler barato.<\/p>\n<p>L&#8217;Olivereta en el mapa:<br \/>\n<iframe loading=\"lazy\" style=\"border: 0;\" src=\"https:\/\/www.google.com\/maps\/embed?pb=!1m18!1m12!1m3!1d24639.827197362803!2d-0.4215071432957357!3d39.4698166871144!2m3!1f0!2f0!3f0!3m2!1i1024!2i768!4f13.1!3m3!1m2!1s0xd604f7225eaf64f%3A0x3d54aa276ac257fc!2zTCdPbGl2ZXJldGEsINCS0LDQu9C10L3RgdC40Y8!5e0!3m2!1ses!2ses!4v1574798467911!5m2!1ses!2ses\" width=\"100%\" height=\"450\" frameborder=\"0\" allowfullscreen=\"allowfullscreen\"><\/iframe><\/p>\n<p>Barrios de L&#8217;Olivereta en el mapa: <a href=\"https:\/\/www.google.com\/maps\/place\/Nou+Moles,+Valencia\/@39.4717382,-0.4077157,15z\/data=!3m1!4b1!4m5!3m4!1s0xd604f6ec89cf91d:0x8e36c81b67a7c920!8m2!3d39.4715248!4d-0.3995606\" target=\"_blank\" rel=\"noopener noreferrer\">Nou Moles<\/a>, <a href=\"https:\/\/www.google.com\/maps\/place\/Soternes,+Valencia\/@39.4713152,-0.4211218,15z\/data=!3m1!4b1!4m5!3m4!1s0xd604f761effe8e5:0xbb1701c917a075b7!8m2!3d39.4714922!4d-0.4089838\" target=\"_blank\" rel=\"noopener noreferrer\">Soternes<\/a>, <a href=\"https:\/\/www.google.com\/maps\/place\/Tres+Forques,+46018+Valencia\/@39.4666939,-0.4046853,16z\/data=!3m1!4b1!4m5!3m4!1s0xd604f6ce42c6649:0x78f73148fd9dc058!8m2!3d39.4663404!4d-0.4019162\" target=\"_blank\" rel=\"noopener noreferrer\">Tres Forques<\/a>, <a href=\"https:\/\/www.google.com\/maps\/place\/La+Fuensanta,+Valencia\/\" target=\"_blank\" rel=\"noopener noreferrer\">La Fuensanta<\/a> y <a href=\"https:\/\/www.google.com\/maps\/place\/La+Llum,+Valencia\/@39.467761,-0.4162135,17z\/data=!3m1!4b1!4m5!3m4!1s0xd604f9e4c7d3aff:0x75c873c5ee8cdf5a!8m2!3d39.4682425!4d-0.4131072\" target=\"_blank\" rel=\"noopener noreferrer\">La Llum<\/a>.<\/p>\n<h2>Distrito de Valencia \u2013 Patraix<\/h2>\n<p><img loading=\"lazy\" decoding=\"async\" class=\"alignnone size-large wp-image-96297\" src=\"https:\/\/alegria-realestate.com\/wp-content\/uploads\/2019\/09\/the-city-of-valencia6-1024x707-2-1024x707.jpeg\" alt=\"Distritos de Valencia: resumen. Las mejores zonas de Valencia para vivir\" width=\"1024\" height=\"707\" srcset=\"https:\/\/alegria-realestate.com\/wp-content\/uploads\/2019\/09\/the-city-of-valencia6-1024x707-2.jpeg 1024w, https:\/\/alegria-realestate.com\/wp-content\/uploads\/2019\/09\/the-city-of-valencia6-1024x707-2-300x207.jpeg 300w, https:\/\/alegria-realestate.com\/wp-content\/uploads\/2019\/09\/the-city-of-valencia6-1024x707-2-768x530.jpeg 768w\" sizes=\"auto, (max-width: 1024px) 100vw, 1024px\" \/><\/p>\n<p><strong>Barrios:<\/strong> Patraix, Sant Isidre, Vara de Quart, Safranar y Favara.<\/p>\n<p>Es un distrito alejado del centro. Aqu\u00ed hay vivienda de un parque residencial muy antiguo, aunque una parte del mercado est\u00e1 representada por viviendas relativamente nuevas. El principal inconveniente es que los edificios m\u00e1s o menos nuevos se encuentran en la zona m\u00e1s alejada del centro, pr\u00e1cticamente a la salida de Valencia.<\/p>\n<p>Patraix en el mapa:<br \/>\n<iframe loading=\"lazy\" style=\"border: 0;\" src=\"https:\/\/www.google.com\/maps\/embed?pb=!1m14!1m8!1m3!1d24644.728270383548!2d-0.4196044!3d39.4559746!3m2!1i1024!2i768!4f13.1!3m3!1m2!1s0xd604f3dd22a26bb%3A0x52fabc89e4a303ea!2zUGF0cmFpeCwg0JLQsNC70LXQvdGB0LjRjw!5e0!3m2!1ses!2ses!4v1574798641772!5m2!1ses!2ses\" width=\"100%\" height=\"450\" frameborder=\"0\" allowfullscreen=\"allowfullscreen\"><\/iframe><\/p>\n<p>Barrios de Patraix en el mapa: <a href=\"https:\/\/www.google.com\/maps\/place\/Patraix,+Valencia\/@39.4622511,-0.3965743,16z\/data=!3m1!4b1!4m13!1m7!3m6!1s0xd604f3dd22a26bb:0x52fabc89e4a303ea!2zUGF0cmFpeCwg0JLQsNC70LXQvdGB0LjRjw!3b1!8m2!3d39.457285!4d-0.4007384!3m4!1s0xd604f3e4c0a9675:0x70ce4962f896a560!8m2!3d39.4624927!4d-0.3913182\" target=\"_blank\" rel=\"noopener noreferrer\">Patraix<\/a>, <a href=\"https:\/\/www.google.com\/maps\/place\/Sant+Isidre,+46014+Valencia\/@39.4525216,-0.4135216,15z\/data=!3m1!4b1!4m5!3m4!1s0xd604f051b114f39:0x7bc732d73c1f5169!8m2!3d39.4533898!4d-0.4042719\" target=\"_blank\" rel=\"noopener noreferrer\">Sant Isidre<\/a>, <a href=\"https:\/\/www.google.com\/maps\/place\/Vara+de+Quart,+Valencia\/@39.4580431,-0.4159443,15z\/data=!3m1!4b1!4m5!3m4!1s0xd604f0ec57bad3f:0x8fa9274ab1ba6337!8m2!3d39.4585589!4d-0.4066278\" target=\"_blank\" rel=\"noopener noreferrer\">Vara de Quart<\/a>, <a href=\"https:\/\/www.google.com\/maps\/place\/Safranar,+Valencia\/@39.4581172,-0.4052283,15z\/data=!3m1!4b1!4m5!3m4!1s0xd604f16f1aa8b45:0x275da4087229cccf!8m2!3d39.4585914!4d-0.3972052\" target=\"_blank\" rel=\"noopener noreferrer\">Safranar<\/a> y <a href=\"https:\/\/www.google.com\/maps\/place\/Favara,+46017+Valencia\/@39.4531252,-0.3994433,16z\/data=!3m1!4b1!4m13!1m7!3m6!1s0xd604f16f1aa8b45:0x275da4087229cccf!2zU2FmcmFuYXIsINCS0LDQu9C10L3RgdC40Y8!3b1!8m2!3d39.4585914!4d-0.3972052!3m4!1s0xd604f184160ca13:0xce955061bfd4aee8!8m2!3d39.4534221!4d-0.3948507\" target=\"_blank\" rel=\"noopener noreferrer\">Favara<\/a>.<\/p>\n<h2>Distrito de Valencia con vivienda barata \u2013 Jes\u00fas<\/h2>\n<p><img loading=\"lazy\" decoding=\"async\" class=\"alignnone size-large wp-image-96298\" src=\"https:\/\/alegria-realestate.com\/wp-content\/uploads\/2019\/09\/the-city-of-valencia7-2-1024x576.jpg\" alt=\"Distritos de Valencia: resumen. Las mejores zonas de Valencia para vivir\" width=\"1024\" height=\"576\" srcset=\"https:\/\/alegria-realestate.com\/wp-content\/uploads\/2019\/09\/the-city-of-valencia7-2.jpg 1024w, https:\/\/alegria-realestate.com\/wp-content\/uploads\/2019\/09\/the-city-of-valencia7-2-300x169.jpg 300w, https:\/\/alegria-realestate.com\/wp-content\/uploads\/2019\/09\/the-city-of-valencia7-2-768x432.jpg 768w\" sizes=\"auto, (max-width: 1024px) 100vw, 1024px\" \/><\/p>\n<p><strong>Barrios:<\/strong> La Raiosa, L&#8217;Hort de Senabre, La Creu Coberta, San Marcelino y Cam\u00ed Real.<\/p>\n<p>Es un distrito obrero con vivienda asequible. Aqu\u00ed vive mucha poblaci\u00f3n inmigrante, pero en general es tranquilo. El \u00fanico inconveniente es la distancia al centro y a la playa, por lo que si busca vivienda barata cerca del mar, esta zona no es la adecuada. En ese caso, es mejor considerar Algir\u00f3s o Poblats Mar\u00edtims.<\/p>\n<p>Jes\u00fas en el mapa:<br \/>\n<iframe loading=\"lazy\" style=\"border: 0;\" src=\"https:\/\/www.google.com\/maps\/embed?pb=!1m18!1m12!1m3!1d24646.8833822211!2d-0.4110401933340753!3d39.44988663729325!2m3!1f0!2f0!3f0!3m2!1i1024!2i768!4f13.1!3m3!1m2!1s0xd604f2207298beb%3A0xe0fe883193a076a5!2zSmVzw7pzLCDQktCw0LvQtdC90YHQuNGP!5e0!3m2!1ses!2ses!4v1574799159723!5m2!1ses!2ses\" width=\"100%\" height=\"450\" frameborder=\"0\" allowfullscreen=\"allowfullscreen\"><\/iframe><\/p>\n<p>Barrios de Jes\u00fas en el mapa: <a href=\"https:\/\/www.google.com\/maps\/place\/La+Raiosa,+46007+Valencia\/@39.4580657,-0.3944208,15z\/data=!3m1!4b1!4m5!3m4!1s0xd604f3a436a0e6b:0x10562d3eb050fb7c!8m2!3d39.4560422!4d-0.38543\" target=\"_blank\" rel=\"noopener noreferrer\">La Raiosa<\/a>, <a href=\"https:\/\/www.google.com\/maps\/place\/L'Hort+de+Senabre,+Valencia\/@39.4518565,-0.3989975,15z\/data=!3m1!4b1!4m5!3m4!1s0xd604f23a18fcfa3:0x32c6739b003a2b6c!8m2!3d39.4534378!4d-0.3901397\" target=\"_blank\" rel=\"noopener noreferrer\">L&#8217;Hort de Senabre<\/a>, <a href=\"https:\/\/www.google.com\/maps\/place\/La+Creu+Coberta,+Valencia\/@39.4505071,-0.3941712,15z\/data=!3m1!4b1!4m5!3m4!1s0xd604f25e9fcecdb:0x64c73c4f50cbf88f!8m2!3d39.4508646!4d-0.38543\" target=\"_blank\" rel=\"noopener noreferrer\">La Creu Coberta<\/a>, <a href=\"https:\/\/www.google.com\/maps\/place\/Sant+Marcel%C2%B7l%C3%AD,+46017+Valencia\/@39.4448719,-0.3944308,16z\/data=!3m1!4b1!4m5!3m4!1s0xd604f20a2f5b361:0x8eefb26590a4b608!8m2!3d39.445671!4d-0.3901397\" target=\"_blank\" rel=\"noopener noreferrer\">San Marcelino<\/a> y <a href=\"https:\/\/www.google.com\/maps\/place\/Cam%C3%AD+Real,+46017+Valencia\/@39.4452997,-0.4038732,15z\/data=!3m1!4b1!4m5!3m4!1s0xd604f1fc3fa52dd:0xb88af0fe19a93e4f!8m2!3d39.4469296!4d-0.4007384\" target=\"_blank\" rel=\"noopener noreferrer\">Cam\u00ed Real<\/a>.<\/p>\n<h2>Uno de los mejores distritos de Valencia para vivir \u2013 Quatre Carreres<\/h2>\n<p><strong>Barrios:<\/strong> Monteolivete, En Corts, Malilla, Fuente de San Luis, Na Rovella, La Punta y Ciudad de las Artes y las Ciencias.<\/p>\n<ul>\n<li>La mejor vivienda se encuentra en la zona de Ciudad de las Artes y las Ciencias. All\u00ed encontrar\u00e1 muchos complejos residenciales cerrados con piscina y una amplia oferta de obra nueva. La zona est\u00e1 situada justo enfrente de la famosa Ciudad de las Artes y las Ciencias de Valencia.<\/li>\n<li>Es un distrito muy bueno para vivir: vivienda de calidad, no hay inmigrantes.<\/li>\n<li>Cerca est\u00e1n el parque Gulliver y la Ciudad de las Artes y las Ciencias.<\/li>\n<li>Tambi\u00e9n est\u00e1 cerca el gran centro comercial El Saler, y al otro lado del r\u00edo est\u00e1n El Corte Ingl\u00e9s y Aqua.<\/li>\n<li>El barrio de Monteolivete linda con Eixample, justo al otro lado de la avenida Peris y Valero, mientras que la vivienda aqu\u00ed es m\u00e1s barata. Es una buena opci\u00f3n para quienes quieren vivir en Eixample pero todav\u00eda no pueden permit\u00edrselo.<\/li>\n<li>En este distrito tambi\u00e9n se abri\u00f3 este a\u00f1o el Parque Central, un gran parque para pasear con zona bot\u00e1nica. Es completamente nuevo, a\u00fan todo acaba de plantarse, pero dentro de un par de a\u00f1os ser\u00e1 un lugar muy bonito.<\/li>\n<\/ul>\n<p>Contras:<\/p>\n<ul>\n<li>Queda un poco lejos del centro a pie; a la playa solo se puede llegar en coche o en transporte p\u00fablico con transbordo.<\/li>\n<\/ul>\n<p>Quatre Carreres en el mapa:<br \/>\n<iframe loading=\"lazy\" style=\"border: 0;\" src=\"https:\/\/www.google.com\/maps\/embed?pb=!1m18!1m12!1m3!1d49297.52145193738!2d-0.39572170225674164!3d39.44458269928387!2m3!1f0!2f0!3f0!3m2!1i1024!2i768!4f13.1!3m3!1m2!1s0xd6048df553267d5%3A0x1316b500d28f7aff!2zUXVhdHJlIENhcnJlcmVzLCDQktCw0LvQtdC90YHQuNGP!5e0!3m2!1ses!2ses!4v1574799303561!5m2!1ses!2ses\" width=\"100%\" height=\"450\" frameborder=\"0\" allowfullscreen=\"allowfullscreen\"><\/iframe><\/p>\n<p>Barrios de Quatre Carreres en el mapa: <a href=\"https:\/\/www.google.com\/maps\/place\/Monteolivete,+46006+Valencia\/@39.4591814,-0.3682298,16z\/data=!3m1!4b1!4m5!3m4!1s0xd6048c5c45895d3:0xfd40af79a910791!8m2!3d39.4586988!4d-0.3642437\" target=\"_blank\" rel=\"noopener noreferrer\">Monteolivete<\/a>, <a href=\"https:\/\/www.google.com\/maps\/place\/En+Corts,+Valencia\/@39.4553618,-0.3756077,16z\/data=!3m1!4b1!4m5!3m4!1s0xd6048cdf29556f9:0x7192152a61e92151!8m2!3d39.456088!4d-0.3713045\" target=\"_blank\" rel=\"noopener noreferrer\">En Corts<\/a>, <a href=\"https:\/\/www.google.com\/maps\/place\/Malilla,+Valencia\/@39.4462522,-0.3954064,14z\/data=!3m1!4b1!4m5!3m4!1s0xd604f2a450e6167:0x86714ca615abc9af!8m2!3d39.4470081!4d-0.3771895\" target=\"_blank\" rel=\"noopener noreferrer\">Malilla<\/a>, <a href=\"https:\/\/www.google.com\/maps\/place\/Fuente+San+Luis,+Valencia\/@39.4445124,-0.3718164,16z\/data=!3m1!4b1!4m5!3m4!1s0xd6048d7d612191d:0x478ad1f1999add15!8m2!3d39.4438036!4d-0.3671856\" target=\"_blank\" rel=\"noopener noreferrer\">Fuente de San Luis<\/a>, <a href=\"https:\/\/www.google.com\/maps\/place\/Na+Rovella,+Valencia\/@39.4534635,-0.3735323,15z\/data=!3m1!4b1!4m5!3m4!1s0xd6048da97eeb59f:0x382fec5b0e98dd2e!8m2!3d39.4509179!4d-0.3689508\" target=\"_blank\" rel=\"noopener noreferrer\">Na Rovella<\/a>, <a href=\"https:\/\/www.google.com\/maps\/place\/La+Punta,+Valencia\/@39.4405011,-0.369919,14z\/data=!3m1!4b1!4m5!3m4!1s0xd60491ebf9635e3:0xa7b36d725476282d!8m2!3d39.4393212!4d-0.3513021\" target=\"_blank\" rel=\"noopener noreferrer\">La Punta<\/a> y <a href=\"https:\/\/www.google.com\/maps\/place\/Ciudad+de+las+Artes+y+las+Ciencias\/@39.4538976,-0.3560909,16z\/data=!4m5!3m4!1s0xd6048e9d19b4381:0x62eb4407a5ebf894!8m2!3d39.4548751!4d-0.3504904\" target=\"_blank\" rel=\"noopener noreferrer\">Ciudad de las Artes y las Ciencias<\/a>.<\/p>\n<h2>Distrito de Valencia para vivir cerca del mar con vivienda asequible \u2013 Poblats Mar\u00edtims<\/h2>\n<p><img loading=\"lazy\" decoding=\"async\" class=\"alignnone size-large wp-image-96301\" src=\"https:\/\/alegria-realestate.com\/wp-content\/uploads\/2019\/09\/the-city-of-valencia9-2-1024x650.jpg\" alt=\"Distritos de Valencia: resumen. Las mejores zonas de Valencia para vivir\" width=\"1024\" height=\"650\" srcset=\"https:\/\/alegria-realestate.com\/wp-content\/uploads\/2019\/09\/the-city-of-valencia9-2.jpg 1024w, https:\/\/alegria-realestate.com\/wp-content\/uploads\/2019\/09\/the-city-of-valencia9-2-300x190.jpg 300w, https:\/\/alegria-realestate.com\/wp-content\/uploads\/2019\/09\/the-city-of-valencia9-2-768x488.jpg 768w\" sizes=\"auto, (max-width: 1024px) 100vw, 1024px\" \/><\/p>\n<p><strong>Barrios:<\/strong> El Grao, Caba\u00f1al-Ca\u00f1amelar, Malvarrosa, Beter\u00f3 y Nazaret.<\/p>\n<ul>\n<li>La mejor zona para comprar vivienda en este distrito es el barrio de El Grao, en la avenida del Puerto. La vivienda aqu\u00ed es variada: hay inmuebles caros y tambi\u00e9n opciones econ\u00f3micas. Una enorme ventaja es que toda la vivienda, independientemente de su precio, est\u00e1 a poca distancia a pie de la playa. Otro plus es la buena comunicaci\u00f3n: hay metro y autobuses.<\/li>\n<li>Es mejor evitar el barrio de Nazaret, porque est\u00e1 m\u00e1s alejado y aqu\u00ed viven muchos inmigrantes de pa\u00edses del tercer mundo; tambi\u00e9n hay calles gitanas.<\/li>\n<li>Si decide comprar vivienda en el barrio de Malvarrosa, elija el lugar con mucho cuidado: aqu\u00ed tambi\u00e9n hay muchas calles gitanas.<\/li>\n<\/ul>\n<p>Poblats Mar\u00edtims en el mapa:<br \/>\n<iframe loading=\"lazy\" style=\"border: 0;\" src=\"https:\/\/www.google.com\/maps\/embed?pb=!1m18!1m12!1m3!1d49290.6225870453!2d-0.35692830218122523!3d39.45432769893341!2m3!1f0!2f0!3f0!3m2!1i1024!2i768!4f13.1!3m3!1m2!1s0xd604848a2a80a31%3A0x15a62dfff185e01b!2z0J_QvtCx0LvQsNC00L7RgSDQnNCw0YDQuNGC0LjQvNC-0YEsINCS0LDQu9C10L3RgdC40Y8!5e0!3m2!1ses!2ses!4v1574799766373!5m2!1ses!2ses\" width=\"100%\" height=\"450\" frameborder=\"0\" allowfullscreen=\"allowfullscreen\"><\/iframe><\/p>\n<p>Barrios de Poblats Mar\u00edtims en el mapa: <a href=\"https:\/\/www.google.com\/maps\/place\/Grao,+Valencia\/@39.4432196,-0.3569285,13z\/data=!3m1!4b1!4m5!3m4!1s0xd6049b4954b413b:0x9835c1437e75e6ac!8m2!3d39.4264737!4d-0.3160286\" target=\"_blank\" rel=\"noopener noreferrer\">El Grao<\/a>, <a href=\"https:\/\/www.google.com\/maps\/place\/Caba%C3%B1al-Ca%C3%B1amelar,+Valencia\/@39.4696826,-0.3370797,15z\/data=!3m1!4b1!4m5!3m4!1s0xd6048661a8fd345:0x4b516154a7cb7c69!8m2!3d39.4678596!4d-0.3301342\" target=\"_blank\" rel=\"noopener noreferrer\">Caba\u00f1al-Ca\u00f1amelar<\/a>, <a href=\"https:\/\/www.google.com\/maps\/place\/Malvarrosa,+46011+Valencia\/@39.4802392,-0.3367367,15z\/data=!3m1!4b1!4m5!3m4!1s0xd60487a06475893:0x143e1fdf2b059794!8m2!3d39.4782247!4d-0.3254317\" target=\"_blank\" rel=\"noopener noreferrer\">Malvarrosa<\/a>, <a href=\"https:\/\/www.google.com\/maps\/place\/Beter%C3%B3,+Valencia\/@39.4727513,-0.3409708,16z\/data=!3m1!4b1!4m5!3m4!1s0xd604862634c8f07:0xc32a3743d968fee6!8m2!3d39.471725!4d-0.336013\" target=\"_blank\" rel=\"noopener noreferrer\">Beter\u00f3<\/a> y <a href=\"https:\/\/www.google.com\/maps\/place\/Nazaret,+Valencia\/@39.4420571,-0.3488227,14z\/data=!3m1!4b1!4m5!3m4!1s0xd6049ac8acadbc1:0x48b81bedfbd8ebf2!8m2!3d39.4458527!4d-0.3313099\" target=\"_blank\" rel=\"noopener noreferrer\">Nazaret<\/a>.<\/p>\n<h2>Buen distrito de Valencia para vivir e invertir \u2013 Camins al Grau<\/h2>\n<p><img loading=\"lazy\" decoding=\"async\" class=\"alignnone size-full wp-image-96302\" src=\"https:\/\/alegria-realestate.com\/wp-content\/uploads\/2019\/09\/camins-al-grau-2.jpg\" alt=\"Distritos de Valencia: resumen. Las mejores zonas de Valencia para vivir\" width=\"960\" height=\"450\" srcset=\"https:\/\/alegria-realestate.com\/wp-content\/uploads\/2019\/09\/camins-al-grau-2.jpg 960w, https:\/\/alegria-realestate.com\/wp-content\/uploads\/2019\/09\/camins-al-grau-2-300x141.jpg 300w, https:\/\/alegria-realestate.com\/wp-content\/uploads\/2019\/09\/camins-al-grau-2-768x360.jpg 768w\" sizes=\"auto, (max-width: 960px) 100vw, 960px\" \/><\/p>\n<p><strong>Barrios:<\/strong> Ayora, Albors, La Creu del Grau, Cam\u00ed Fondo y Penya-Roja.<\/p>\n<ul>\n<li>Muy buena vivienda en Camins al Grau se puede encontrar junto al antiguo cauce del r\u00edo Turia, en el barrio de Penya Roja. La zona m\u00e1s cara es el Paseo de la Alameda, situado justo al lado del antiguo cauce del r\u00edo. Las ventanas de muchos pisos aqu\u00ed dan a los parques situados en el cauce. Un poco m\u00e1s lejos hay opciones m\u00e1s sencillas, aunque tambi\u00e9n muy buenas, a precios m\u00e1s bajos.<\/li>\n<li>En la zona de Ayora se encuentra la vivienda m\u00e1s barata \u2013 a partir de \u20ac100 000. Est\u00e1 cerca de la zona estudiantil, y muchas personas compran aqu\u00ed pisos para alquilarlos a estudiantes.<\/li>\n<li>Hay metro y autobuses.<\/li>\n<li>Las calles m\u00e1s famosas, que van casi paralelas entre s\u00ed, son la avenida del Puerto, con vivienda m\u00e1s asequible, y la avenida de Francia, con vivienda m\u00e1s cara.<\/li>\n<\/ul>\n<p>Camins al Grau en el mapa:<br \/>\n<iframe loading=\"lazy\" style=\"border: 0;\" src=\"https:\/\/www.google.com\/maps\/embed?pb=!1m18!1m12!1m3!1d24642.374187373207!2d-0.36567069330956575!3d39.46262373717887!2m3!1f0!2f0!3f0!3m2!1i1024!2i768!4f13.1!3m3!1m2!1s0xd6048eda76222ff%3A0x81f5bcd46c6d63cb!2zQ2FtaW5zIGFsIEdyYXUsINCS0LDQu9C10L3RgdC40Y8!5e0!3m2!1ses!2ses!4v1574800123443!5m2!1ses!2ses\" width=\"100%\" height=\"450\" frameborder=\"0\" allowfullscreen=\"allowfullscreen\"><\/iframe><\/p>\n<p>Barrios de Camins al Grau en el mapa: <a href=\"https:\/\/www.google.com\/maps\/place\/Ayora,+Valencia\/@39.4657435,-0.3477184,16z\/data=!3m1!4b1!4m13!1m7!3m6!1s0xd6048eda76222ff:0x81f5bcd46c6d63cb!2sCamins+al+Grau,+Valencia!3b1!8m2!3d39.4626283!4d-0.3489496!3m4!1s0xd60488cc8d1418b:0xa21ccfacecda416e!8m2!3d39.4665285!4d-0.3430679\" target=\"_blank\" rel=\"noopener noreferrer\">Ayora<\/a>, <a href=\"https:\/\/www.google.com\/maps\/place\/Albors,+Valencia\/@39.4684956,-0.3546396,17z\/data=!3m1!4b1!4m13!1m7!3m6!1s0xd6048eda76222ff:0x81f5bcd46c6d63cb!2zQ2FtaW5zIGFsIEdyYXUsINCS0LDQu9C10L3RgdC40Y8!3b1!8m2!3d39.4626283!4d-0.3489496!3m4!1s0xd604894681b0029:0x9d14b9e76fb26c7e!8m2!3d39.4690898!4d-0.3524798\" target=\"_blank\" rel=\"noopener noreferrer\">Albors<\/a>, <a href=\"https:\/\/www.google.com\/maps\/place\/La+Creu+del+Grau,+46023+Valencia\/@39.4613419,-0.3494848,16z\/data=!3m1!4b1!4m5!3m4!1s0xd6048f238a9f6b5:0xe93fe6e28b397929!8m2!3d39.4613515!4d-0.3430688\" target=\"_blank\" rel=\"noopener noreferrer\">La Creu del Grau<\/a>, <a href=\"https:\/\/www.google.com\/maps\/place\/Cam%C3%AD+Fondo,+46023+Valencia\/@39.4645274,-0.3571742,16z\/data=!3m1!4b1!4m5!3m4!1s0xd6048eb3a04f611:0x4a5388916557f950!8m2!3d39.4645572!4d-0.3530666\" target=\"_blank\" rel=\"noopener noreferrer\">Cam\u00ed Fondo<\/a> y <a href=\"https:\/\/www.google.com\/maps\/place\/Penya-Roja,+Valencia\/@39.4598322,-0.3596439,15z\/data=!3m1!4b1!4m5!3m4!1s0xd6048eea9052a57:0x6736dc359eb11098!8m2!3d39.458742!4d-0.3501258\" target=\"_blank\" rel=\"noopener noreferrer\">Penya-Roja<\/a>.<\/p>\n<h2>Buen distrito de Valencia para invertir \u2013 Algir\u00f3s<\/h2>\n<p><img loading=\"lazy\" decoding=\"async\" class=\"alignnone size-large wp-image-96303\" src=\"https:\/\/alegria-realestate.com\/wp-content\/uploads\/2019\/09\/the-city-of-valencia10-2-1024x768.jpg\" alt=\"Distritos de Valencia: resumen. Las mejores zonas de Valencia para vivir\" width=\"1024\" height=\"768\" srcset=\"https:\/\/alegria-realestate.com\/wp-content\/uploads\/2019\/09\/the-city-of-valencia10-2.jpg 1024w, https:\/\/alegria-realestate.com\/wp-content\/uploads\/2019\/09\/the-city-of-valencia10-2-300x225.jpg 300w, https:\/\/alegria-realestate.com\/wp-content\/uploads\/2019\/09\/the-city-of-valencia10-2-768x576.jpg 768w\" sizes=\"auto, (max-width: 1024px) 100vw, 1024px\" \/><\/p>\n<p><strong>Barrios:<\/strong> L&#8217;Illa Perduda, Ciutat Jard\u00ed, L&#8217;Amistat, La Bega Baixa y La Carrasca.<\/p>\n<ul>\n<li>Es la zona m\u00e1s estudiantil, especialmente si hablamos de los barrios de L&#8217;Amistat, Ciutat Jard\u00ed y L&#8217;Illa Perduda. La vivienda m\u00e1s asequible se encuentra en L&#8217;Illa Perduda. Aqu\u00ed se pueden encontrar opciones en torno a \u20ac100 000 o incluso un poco m\u00e1s baratas. La mayor parte de la vivienda es de construcci\u00f3n antigua, aunque entre la oferta tambi\u00e9n es posible elegir opciones m\u00e1s nuevas.<\/li>\n<li>En cuanto a la poblaci\u00f3n, aqu\u00ed viven tanto valencianos de origen como extranjeros. Estos \u00faltimos suelen comprar pisos en este distrito cuando su presupuesto es limitado. Los pisos aqu\u00ed se alquilan muy bien, aunque no a precios demasiado altos.<\/li>\n<li>En este distrito se encuentra el conocido hospital privado Casa La Salud, elegido por muchos extranjeros para dar a luz.<\/li>\n<li>En el l\u00edmite de este distrito se encuentran la Universitat Polit\u00e8cnica de Val\u00e8ncia y varias facultades de la Universitat de Val\u00e8ncia.<\/li>\n<\/ul>\n<p>Algir\u00f3s en el mapa:<br \/>\n<iframe loading=\"lazy\" style=\"border: 0;\" src=\"https:\/\/www.google.com\/maps\/embed?pb=!1m18!1m12!1m3!1d13553.737687011006!2d-0.3518082623467127!3d39.47687718460038!2m3!1f0!2f0!3f0!3m2!1i1024!2i768!4f13.1!3m3!1m2!1s0xd604885eaabf6eb%3A0x1040446ce4e9efe4!2zQWxnaXLDs3MsINCS0LDQu9C10L3RgdC40Y8!5e1!3m2!1ses!2ses!4v1574800264646!5m2!1ses!2ses\" width=\"100%\" height=\"450\" frameborder=\"0\" allowfullscreen=\"allowfullscreen\"><\/iframe><\/p>\n<p>Barrios de Algir\u00f3s en el mapa: <a href=\"https:\/\/www.google.com\/maps\/place\/L'Illa+Perduda,+46022+Valencia\/@39.4691223,-0.3437513,16z\/data=!3m1!4b1!4m5!3m4!1s0xd60488a4a78b66b:0xefd1e3cc1b9ab3ad!8m2!3d39.4697686!4d-0.3413047\" target=\"_blank\" rel=\"noopener noreferrer\">L&#8217;Illa Perduda<\/a>, <a href=\"https:\/\/www.google.com\/maps\/place\/Ciutat+Jard%C3%AD,+Valencia\/@39.4721124,-0.3489417,16z\/data=!3m1!4b1!4m5!3m4!1s0xd60488e5bddafc9:0x4dcd5db82b1ee054!8m2!3d39.4716975!4d-0.345421\" target=\"_blank\" rel=\"noopener noreferrer\">Ciutat Jard\u00ed<\/a>, <a href=\"https:\/\/www.google.com\/maps\/place\/L'Amistat,+46021+Valencia\/@39.4726774,-0.3554814,16z\/data=!3m1!4b1!4m5!3m4!1s0xd6048912b8e9489:0xd3908c90860ee84!8m2!3d39.4723287!4d-0.350714\" target=\"_blank\" rel=\"noopener noreferrer\">L&#8217;Amistat<\/a>, <a href=\"https:\/\/www.google.com\/maps\/place\/La+Bega+Baixa,+46021+Valencia\/@39.476096,-0.3522897,17z\/data=!3m1!4b1!4m5!3m4!1s0xd60489a72ce3865:0x923b8e2feb3b86c8!8m2!3d39.4765127!4d-0.3501157\" target=\"_blank\" rel=\"noopener noreferrer\">La Bega Baixa<\/a> y <a href=\"https:\/\/www.google.com\/maps\/place\/La+Carrasca,+Valencia\/@39.4794276,-0.3518083,15z\/data=!3m1!4b1!4m5!3m4!1s0xd6048843ff9e26b:0xda090f8ef3dd67e0!8m2!3d39.4781845!4d-0.3395407\" target=\"_blank\" rel=\"noopener noreferrer\">La Carrasca<\/a>.<\/p>\n<h2>Distritos de Valencia donde mejor vivir \u2013 el tranquilo distrito de Benimaclet<\/h2>\n<p><img loading=\"lazy\" decoding=\"async\" class=\"alignnone size-large wp-image-96304\" src=\"https:\/\/alegria-realestate.com\/wp-content\/uploads\/2019\/09\/the-city-of-valencia11-2-1024x683.jpg\" alt=\"Distritos de Valencia: resumen. Las mejores zonas de Valencia para vivir\" width=\"1024\" height=\"683\" srcset=\"https:\/\/alegria-realestate.com\/wp-content\/uploads\/2019\/09\/the-city-of-valencia11-2.jpg 1024w, https:\/\/alegria-realestate.com\/wp-content\/uploads\/2019\/09\/the-city-of-valencia11-2-300x200.jpg 300w, https:\/\/alegria-realestate.com\/wp-content\/uploads\/2019\/09\/the-city-of-valencia11-2-768x512.jpg 768w\" sizes=\"auto, (max-width: 1024px) 100vw, 1024px\" \/><\/p>\n<p><strong>Barrios:<\/strong> Benimaclet y Cam\u00ed de Vera.<\/p>\n<ul>\n<li>Buen distrito obrero con una excelente infraestructura.<\/li>\n<li>La vivienda aqu\u00ed es relativamente asequible, pero m\u00e1s cara que, por ejemplo, en L&#8217;Illa Perduda. El precio depende del estado de la vivienda y del a\u00f1o de construcci\u00f3n. Aqu\u00ed viven muchos espa\u00f1oles, as\u00ed como estudiantes extranjeros. Hay muchos bares y restaurantes baratos, y tiendas \u201cde toda la vida\u201d, es decir, que existen all\u00ed desde hace much\u00edsimos a\u00f1os.<\/li>\n<li>Tambi\u00e9n hay inmigrantes aqu\u00ed, pero el distrito es tranquilo.<\/li>\n<\/ul>\n<p>Benimaclet en el mapa:<br \/>\n<iframe loading=\"lazy\" style=\"border: 0;\" src=\"https:\/\/www.google.com\/maps\/embed?pb=!1m18!1m12!1m3!1d12316.992367692908!2d-0.3651361623430282!3d39.48631223233257!2m3!1f0!2f0!3f0!3m2!1i1024!2i768!4f13.1!3m3!1m2!1s0xd6048a769bd2a51%3A0x868cb4bea88b8f9f!2zQmVuaW1hY2xldCwg0JLQsNC70LXQvdGB0LjRjw!5e0!3m2!1ses!2ses!4v1574800419814!5m2!1ses!2ses\" width=\"100%\" height=\"450\" frameborder=\"0\" allowfullscreen=\"allowfullscreen\"><\/iframe><\/p>\n<p>Barrios de Benimaclet en el mapa: <a href=\"https:\/\/www.google.com\/maps\/place\/Benimaclet,+Valencia\/@39.4838416,-0.3649753,16z\/data=!3m1!4b1!4m13!1m7!3m6!1s0xd604620dca03d23:0xa79a2f669c409814!2zQ2Ftw60gZGUgVmVyYSwgNDYwMjAg0JLQsNC70LXQvdGB0LjRjw!3b1!8m2!3d39.4872027!4d-0.3524784!3m4!1s0xd6048a0d2f1b411:0xbac51c9f027bdbb1!8m2!3d39.4845926!4d-0.3595367\" target=\"_blank\" rel=\"noopener noreferrer\">Benimaclet<\/a> y <a href=\"https:\/\/www.google.com\/maps\/place\/Cam%C3%AD+de+Vera,+46020+Valencia\/@39.4838331,-0.3693527,15z\/data=!4m5!3m4!1s0xd604620dca03d23:0xa79a2f669c409814!8m2!3d39.4872027!4d-0.3524784\" target=\"_blank\" rel=\"noopener noreferrer\">Cam\u00ed de Vera<\/a>.<\/p>\n<h2>Distrito de Valencia para comprar un piso en obra nueva \u2013 Rascanya<\/h2>\n<p><img loading=\"lazy\" decoding=\"async\" class=\"alignnone size-large wp-image-96305\" src=\"https:\/\/alegria-realestate.com\/wp-content\/uploads\/2019\/09\/the-city-of-valencia12-1024x768-1-1-1024x768.jpeg\" alt=\"Distritos de Valencia: resumen. Las mejores zonas de Valencia para vivir\" width=\"1024\" height=\"768\" srcset=\"https:\/\/alegria-realestate.com\/wp-content\/uploads\/2019\/09\/the-city-of-valencia12-1024x768-1-1.jpeg 1024w, https:\/\/alegria-realestate.com\/wp-content\/uploads\/2019\/09\/the-city-of-valencia12-1024x768-1-1-300x225.jpeg 300w, https:\/\/alegria-realestate.com\/wp-content\/uploads\/2019\/09\/the-city-of-valencia12-1024x768-1-1-768x576.jpeg 768w\" sizes=\"auto, (max-width: 1024px) 100vw, 1024px\" \/><\/p>\n<p><strong>Barrios:<\/strong> Els Orriols, Torrefiel y Sant Lloren\u00e7.<\/p>\n<p>Este distrito se caracteriza por su diversidad. Aqu\u00ed, en Sant Lloren\u00e7, hay una muy buena zona para comprar vivienda \u2013 la avenida Alfahuir.<\/p>\n<p>Pros de esta zona:<\/p>\n<p>El parque residencial est\u00e1 representado por buenos complejos residenciales nuevos cerrados con piscina, pistas de tenis y vigilancia las 24 horas, junto con vivienda no tan nueva, pero tambi\u00e9n muy buena.<\/p>\n<ul>\n<li>Cerca hay un gran parque, un polideportivo municipal con una buena piscina y un estadio.<\/li>\n<li>Hay bares, restaurantes y el centro comercial Arena con supermercado Carrefour.<\/li>\n<li>El metro est\u00e1 a 5 minutos a pie, el centro de la ciudad \u2013 a 10 minutos en coche o 40 minutos andando.<\/li>\n<li>Al mar se puede llegar en coche en 20 minutos. Al hospital privado Quir\u00f3n desde aqu\u00ed \u2013 entre 5 y 10 minutos en coche.<\/li>\n<\/ul>\n<p>Contras:<\/p>\n<ul>\n<li>El distrito linda con las afueras, aunque esto tambi\u00e9n puede ser una ventaja, ya que est\u00e1 cerca de la salida de la ciudad.<br \/>\nEn el distrito de Rascanya hay barrios con vivienda muy econ\u00f3mica \u2013 Orriols y Torrefiel \u2013 pero all\u00ed viven muchos inmigrantes de Am\u00e9rica Latina. Precisamente por eso estas zonas son tan baratas. Junto con Nazaret, son los barrios menos recomendables para comprar vivienda. La \u00fanica opci\u00f3n es comprar aqu\u00ed para invertir, aunque la renta del alquiler ser\u00e1 baja.<\/li>\n<\/ul>\n<p>Rascanya en el mapa:<br \/>\n<iframe loading=\"lazy\" style=\"border: 0;\" src=\"https:\/\/www.google.com\/maps\/embed?pb=!1m18!1m12!1m3!1d12315.331320188801!2d-0.3771042123393846!3d39.495689230078305!2m3!1f0!2f0!3f0!3m2!1i1024!2i768!4f13.1!3m3!1m2!1s0xd6046058563a0bf%3A0xcdfff9646e9fb822!2zUmFzY2FueWEsINCS0LDQu9C10L3RgdC40Y8!5e0!3m2!1ses!2ses!4v1574800516737!5m2!1ses!2ses\" width=\"100%\" height=\"450\" frameborder=\"0\" allowfullscreen=\"allowfullscreen\"><\/iframe><\/p>\n<p>Barrios de Rascanya en el mapa: <a href=\"https:\/\/www.google.com\/maps\/place\/Els+Orriols,+46019+Valencia\/@39.4941221,-0.3743457,16z\/data=!3m1!4b1!4m13!1m7!3m6!1s0xd60461a0dbe60e1:0x62bb299876ecafd6!2zU2FudCBMbG9yZW7Dpywg0JLQsNC70LXQvdGB0LjRjw!3b1!8m2!3d39.4988123!4d-0.363067!3m4!1s0xd604605d7010e49:0x8edc9189c0b2a0d!8m2!3d39.4923179!4d-0.3713036\" target=\"_blank\" rel=\"noopener noreferrer\">Els Orriols<\/a>, <a href=\"https:\/\/www.google.com\/maps\/place\/Torrefiel,+Valencia\/@39.4948286,-0.3854976,15z\/data=!3m1!4b1!4m13!1m7!3m6!1s0xd60461a0dbe60e1:0x62bb299876ecafd6!2sSant+Lloren%C3%A7,+Valencia!3b1!8m2!3d39.4988123!4d-0.363067!3m4!1s0xd6045fd18622171:0xd0e05a8b67b3252a!8m2!3d39.4948907!4d-0.3760135\" target=\"_blank\" rel=\"noopener noreferrer\">Torrefiel<\/a> y <a href=\"https:\/\/www.google.com\/maps\/place\/Sant+Lloren%C3%A7,+Valencia\/@39.4956727,-0.3704388,15z\/data=!3m1!4b1!4m5!3m4!1s0xd60461a0dbe60e1:0x62bb299876ecafd6!8m2!3d39.4988123!4d-0.363067\" target=\"_blank\" rel=\"noopener noreferrer\">Sant Lloren\u00e7<\/a>.<\/p>\n<h2>Distrito de Valencia con potencial \u2013 Benicalap<\/h2>\n<p><img loading=\"lazy\" decoding=\"async\" class=\"alignnone size-full wp-image-96306\" src=\"https:\/\/alegria-realestate.com\/wp-content\/uploads\/2019\/09\/benicalap-2.jpg\" alt=\"Distritos de Valencia: resumen. Las mejores zonas de Valencia para vivir\" width=\"960\" height=\"440\" srcset=\"https:\/\/alegria-realestate.com\/wp-content\/uploads\/2019\/09\/benicalap-2.jpg 960w, https:\/\/alegria-realestate.com\/wp-content\/uploads\/2019\/09\/benicalap-2-300x138.jpg 300w, https:\/\/alegria-realestate.com\/wp-content\/uploads\/2019\/09\/benicalap-2-768x352.jpg 768w\" sizes=\"auto, (max-width: 960px) 100vw, 960px\" \/><\/p>\n<p><strong>Barrios:<\/strong> Benicalap y Ciutat Fallera.<\/p>\n<ul>\n<li>Es un distrito muy alejado del centro y de la playa. Aqu\u00ed no hay metro, solo autobuses.<\/li>\n<li>Hay buena vivienda nueva, pero muchas zonas a\u00fan est\u00e1n en construcci\u00f3n. En el distrito hay pocos bares, restaurantes y tiendas. Desde el punto de vista de la inversi\u00f3n para alquilar, el distrito no es acertado por la infraestructura y las comunicaciones poco desarrolladas.<\/li>\n<\/ul>\n<p>Benicalap en el mapa:<br \/>\n<iframe loading=\"lazy\" style=\"border: 0;\" src=\"https:\/\/www.google.com\/maps\/embed?pb=!1m18!1m12!1m3!1d24631.334089658423!2d-0.40880169324959165!3d39.49379413690006!2m3!1f0!2f0!3f0!3m2!1i1024!2i768!4f13.1!3m3!1m2!1s0xd6045f3bfd8b6db%3A0x7abd9a7a738d24fa!2zQmVuaWNhbGFwLCDQktCw0LvQtdC90YHQuNGP!5e0!3m2!1ses!2ses!4v1575400265356!5m2!1ses!2ses\" width=\"100%\" height=\"450\" frameborder=\"0\" allowfullscreen=\"allowfullscreen\"><\/iframe><\/p>\n<p>Barrios de Benicalap en el mapa: <a href=\"https:\/\/www.google.com\/maps\/place\/Benicalap,+Valencia\/@39.4923621,-0.4000469,15z\/data=!3m1!4b1!4m13!1m7!3m6!1s0xd6045f3bfd8b6db:0x7abd9a7a738d24fa!2sBenicalap,+Valencia!3b1!8m2!3d39.4935471!4d-0.3913172!3m4!1s0xd6045f3a0711abb:0x683478ea7d747082!8m2!3d39.4935474!4d-0.3913182\" target=\"_blank\" rel=\"noopener noreferrer\">Benicalap<\/a> y <a href=\"https:\/\/www.google.com\/maps\/place\/Ciutat+Fallera,+Valencia\/@39.4992024,-0.3999507,16z\/data=!3m1!4b1!4m13!1m7!3m6!1s0xd6045f3bfd8b6db:0x7abd9a7a738d24fa!2sBenicalap,+Valencia!3b1!8m2!3d39.4935471!4d-0.3913172!3m4!1s0xd60459305010979:0xf51db64ecaa3c4d5!8m2!3d39.5000029!4d-0.3948507\" target=\"_blank\" rel=\"noopener noreferrer\">Ciutat Fallera<\/a>.<\/p>\n<h2>Distrito de Valencia para vivir con toda la familia \u2013 Pobles de l&#8217;Oest<\/h2>\n<p><img loading=\"lazy\" decoding=\"async\" class=\"alignnone size-large wp-image-96308\" src=\"https:\/\/alegria-realestate.com\/wp-content\/uploads\/2019\/09\/the-city-of-valencia8.1-1024x683.jpg\" alt=\"Distritos de Valencia: resumen. Las mejores zonas de Valencia para vivir\" width=\"1024\" height=\"683\" srcset=\"https:\/\/alegria-realestate.com\/wp-content\/uploads\/2019\/09\/the-city-of-valencia8.1.jpg 1024w, https:\/\/alegria-realestate.com\/wp-content\/uploads\/2019\/09\/the-city-of-valencia8.1-300x200.jpg 300w, https:\/\/alegria-realestate.com\/wp-content\/uploads\/2019\/09\/the-city-of-valencia8.1-768x512.jpg 768w\" sizes=\"auto, (max-width: 1024px) 100vw, 1024px\" \/><\/p>\n<p><strong>Barrios:<\/strong> Benim\u00e0met y Beniferri<\/p>\n<ul>\n<li>Aqu\u00ed resulta interesante el barrio de Beniferri. Est\u00e1 alejado del centro, pero por \u00e9l pasa la avenida de las Cortes Valencianas, donde hay complejos residenciales nuevos por un lado y conjuntos de casas adosadas por otro.<\/li>\n<li>Es una zona interesante para quienes no desean vivir cerca del mar ni del centro, pero aun as\u00ed quieren instalarse en un gran complejo residencial y llevar a sus hijos a buenos colegios privados en municipios como B\u00e9tera o La Ca\u00f1ada, por ejemplo Mas Camarena, British School La Ca\u00f1ada o Colegio International El Plant\u00edo.<\/li>\n<\/ul>\n<p>Pobles de l&#8217;Oest en el mapa:<br \/>\n<iframe loading=\"lazy\" style=\"border: 0;\" src=\"https:\/\/www.google.com\/maps\/embed?pb=!1m18!1m12!1m3!1d24628.622571904238!2d-0.4341026432348515!3d39.501446636831865!2m3!1f0!2f0!3f0!3m2!1i1024!2i768!4f13.1!3m3!1m2!1s0xd6045741cc6ed25%3A0xa6535f7fd228219f!2zUG9ibGVzIGRlIGwnT2VzdCwg0JLQsNC70LXQvdGB0LjRjw!5e0!3m2!1ses!2ses!4v1574800765236!5m2!1ses!2ses\" width=\"100%\" height=\"450\" frameborder=\"0\" allowfullscreen=\"allowfullscreen\"><\/iframe><\/p>\n<p>Barrios de Pobles de l&#8217;Oest en el mapa: <a href=\"https:\/\/www.google.com\/maps\/place\/Benim%C3%A1met,+Valencia\/@39.5024161,-0.4277582,15z\/data=!3m1!4b1!4m13!1m7!3m6!1s0xd6045741cc6ed25:0xa6535f7fd228219f!2sPoblados+del+Oeste,+Valencia!3b1!8m2!3d39.4986397!4d-0.4148744!3m4!1s0xd604573c8750d13:0x785823418306251c!8m2!3d39.5027783!4d-0.4198194\" target=\"_blank\" rel=\"noopener noreferrer\">Benim\u00e0met<\/a> y <a href=\"https:\/\/www.google.com\/maps\/place\/Beniferri,+Valencia\/@39.4954298,-0.4097609,16z\/data=!3m1!4b1!4m13!1m7!3m6!1s0xd6045741cc6ed25:0xa6535f7fd228219f!2sPoblados+del+Oeste,+Valencia!3b1!8m2!3d39.4986397!4d-0.4148744!3m4!1s0xd60458527e05709:0xfa59a412a8969d64!8m2!3d39.4947893!4d-0.4066283\" target=\"_blank\" rel=\"noopener noreferrer\">Beniferri<\/a>.<\/p>\n<h2>Distrito de Valencia \u2013 Poblados del Norte<\/h2>\n<p><img loading=\"lazy\" decoding=\"async\" class=\"alignnone size-large wp-image-96307\" src=\"https:\/\/alegria-realestate.com\/wp-content\/uploads\/2019\/09\/the-city-of-valencia9.1-1024x683.jpg\" alt=\"Distritos de Valencia: resumen. Las mejores zonas de Valencia para vivir\" width=\"1024\" height=\"683\" srcset=\"https:\/\/alegria-realestate.com\/wp-content\/uploads\/2019\/09\/the-city-of-valencia9.1-1024x683.jpg 1024w, https:\/\/alegria-realestate.com\/wp-content\/uploads\/2019\/09\/the-city-of-valencia9.1-300x200.jpg 300w, https:\/\/alegria-realestate.com\/wp-content\/uploads\/2019\/09\/the-city-of-valencia9.1-768x512.jpg 768w, https:\/\/alegria-realestate.com\/wp-content\/uploads\/2019\/09\/the-city-of-valencia9.1.jpg 1200w\" sizes=\"auto, (max-width: 1024px) 100vw, 1024px\" \/><\/p>\n<p><strong>Barrios:<\/strong> Benifaraig, Pueblo Nuevo, Carpesa, Casas de B\u00e1rcena, Mahuella, Masarrochos y Borbot\u00f3.<\/p>\n<p>Se trata de un distrito formado por varios poblados, hoy considerados barrios, incorporados a Valencia entre 1888 y 1900. Aunque oficialmente esta zona forma parte de Valencia, est\u00e1 muy lejos del centro y la vivienda aqu\u00ed no resulta de especial inter\u00e9s: principalmente son casas de pueblo, mucho espacio vac\u00edo e infraestructura deficiente.<\/p>\n<p>Poblados del Norte en el mapa:<br \/>\n<iframe loading=\"lazy\" style=\"border: 0;\" src=\"https:\/\/www.google.com\/maps\/embed?pb=!1m18!1m12!1m3!1d98466.73358383085!2d-0.44865941260488196!3d39.53512688356377!2m3!1f0!2f0!3f0!3m2!1i1024!2i768!4f13.1!3m3!1m2!1s0xd604428ded992b5%3A0x256a66ccaf075cf5!2zUG9ibGVzIGRlbCBOb3JkLCDQktCw0LvQtdC90YHQuNGP!5e0!3m2!1ses!2ses!4v1574800841189!5m2!1ses!2ses\" width=\"100%\" height=\"450\" frameborder=\"0\" allowfullscreen=\"allowfullscreen\"><\/iframe><\/p>\n<h2>Distritos de Valencia \u2013 Poblados del Sur<\/h2>\n<p><strong>Barrios:<\/strong> Horno de Alcedo, Castellar-Oliveral, Pinedo, El Saler, El Palmar, El Perellonet, La Torre y Faitanar.<\/p>\n<p>Todo lo dicho sobre Poblados del Norte tambi\u00e9n puede aplicarse a la zona de Poblados del Sur. Los poblados pertenecientes a esta zona se incorporaron a Valencia en 1877. Se trata casi por completo de una zona rural con el tipo de edificaci\u00f3n correspondiente.<\/p>\n<p>Poblados del Sur en el mapa:<br \/>\n<iframe loading=\"lazy\" style=\"border: 0;\" src=\"https:\/\/www.google.com\/maps\/embed?pb=!1m18!1m12!1m3!1d98702.62995770974!2d-0.42408246784433173!3d39.36852735751739!2m3!1f0!2f0!3f0!3m2!1i1024!2i768!4f13.1!3m3!1m2!1s0xd604ba24ef605a7%3A0xec801208163386f1!2zUG9ibGVzIGRlbCBTdWQsINCS0LDQu9C10L3RgdC40Y8!5e0!3m2!1ses!2ses!4v1574800885288!5m2!1ses!2ses\" width=\"100%\" height=\"450\" frameborder=\"0\" allowfullscreen=\"allowfullscreen\"><\/iframe><\/p>\n<h2>Buen distrito de Valencia para vivir en primera l\u00ednea de playa \u2013 La Patacona (Alboraya)<\/h2>\n<p>Decidimos incluir uno de los suburbios en esta selecci\u00f3n de distritos de Valencia porque aqu\u00ed hay una muy buena oferta inmobiliaria y es una zona muy popular entre los compradores de vivienda.<\/p>\n<p>La Patacona, en el municipio de Alboraya, suele ser elegida por extranjeros que quieren vivir en primera l\u00ednea de playa.<\/p>\n<p>Pros:<\/p>\n<ul>\n<li>La zona est\u00e1 situada directamente en la l\u00ednea de playa.<\/li>\n<li>Edificios nuevos con recinto cerrado, seguridad y piscina.<\/li>\n<li>Hay buenos adosados.<\/li>\n<li>Gran cantidad de restaurantes en la playa.<\/li>\n<li>La propia playa linda con la playa de la Malvarrosa, donde hay tranv\u00eda.<\/li>\n<\/ul>\n<p>Contras:<\/p>\n<ul>\n<li>No hay metro, solo comunicaci\u00f3n por autob\u00fas.<\/li>\n<li>Lejos del centro \u2013 20 minutos en coche.<\/li>\n<li>No hay grandes parques.<\/li>\n<li>Lejos de centros comerciales y grandes supermercados, hay que ir en coche.<\/li>\n<li>Precios altos de la vivienda.<\/li>\n<\/ul>\n<p>Distrito de La Patacona en el mapa:<br \/>\n<iframe loading=\"lazy\" style=\"border: 0;\" src=\"https:\/\/www.google.com\/maps\/embed?pb=!1m18!1m12!1m3!1d3079.064870138633!2d-0.32742398463202116!3d39.49044977948347!2m3!1f0!2f0!3f0!3m2!1i1024!2i768!4f13.1!3m3!1m2!1s0xd6047db66374a6b%3A0xb53ba773e816e690!2sPlatja%20de%20la%20Patacona!5e0!3m2!1ses!2ses!4v1574800929919!5m2!1ses!2ses\" width=\"100%\" height=\"450\" frameborder=\"0\" allowfullscreen=\"allowfullscreen\"><\/iframe><\/p>\n<p>Precio medio por metro cuadrado de la vivienda en los distritos y barrios de Valencia<\/p>\n<table class=\"zebra-table \">\n<tbody>\n<tr>\n<td width=\"121\"><strong>Distrito<\/strong><\/td>\n<td width=\"165\"><strong>Barrio<\/strong><\/td>\n<td width=\"120\"><strong>Precio en \u20ac\/m<sup>2<\/sup><\/strong><\/td>\n<\/tr>\n<tr>\n<td colspan=\"2\" width=\"286\">Ciutat Vella<\/td>\n<td width=\"120\">4736<\/td>\n<\/tr>\n<tr>\n<td width=\"121\"><\/td>\n<td width=\"165\">El Carme<\/td>\n<td width=\"120\">4187<\/td>\n<\/tr>\n<tr>\n<td width=\"121\"><\/td>\n<td width=\"165\">El Mercat<\/td>\n<td width=\"120\">4891<\/td>\n<\/tr>\n<tr>\n<td width=\"121\"><\/td>\n<td width=\"165\">El Pilar<\/td>\n<td width=\"120\">4326<\/td>\n<\/tr>\n<tr>\n<td width=\"121\"><\/td>\n<td width=\"165\">La Seu<\/td>\n<td width=\"120\">4705<\/td>\n<\/tr>\n<tr>\n<td width=\"121\"><\/td>\n<td width=\"165\">La Xerea<\/td>\n<td width=\"120\">\u2013<\/td>\n<\/tr>\n<tr>\n<td width=\"121\"><\/td>\n<td width=\"165\">Sant Francesc<\/td>\n<td width=\"120\">5192<\/td>\n<\/tr>\n<tr>\n<td colspan=\"2\" width=\"286\">L&#8217;Eixample<\/td>\n<td width=\"120\">4978<\/td>\n<\/tr>\n<tr>\n<td width=\"121\"><\/td>\n<td width=\"165\">El Pla del Remei<\/td>\n<td width=\"120\">5462<\/td>\n<\/tr>\n<tr>\n<td width=\"121\"><\/td>\n<td width=\"165\">Gran V\u00eda<\/td>\n<td width=\"120\">5351<\/td>\n<\/tr>\n<tr>\n<td width=\"121\"><\/td>\n<td width=\"165\">Russafa<\/td>\n<td width=\"120\">4565<\/td>\n<\/tr>\n<tr>\n<td colspan=\"2\" width=\"286\">Extramurs<\/td>\n<td width=\"120\">3622<\/td>\n<\/tr>\n<tr>\n<td width=\"121\"><\/td>\n<td width=\"165\">Arrancapins<\/td>\n<td width=\"120\">3435<\/td>\n<\/tr>\n<tr>\n<td width=\"121\"><\/td>\n<td width=\"165\">El Bot\u00e0nic<\/td>\n<td width=\"120\">4194<\/td>\n<\/tr>\n<tr>\n<td width=\"121\"><\/td>\n<td width=\"165\">La Petxina<\/td>\n<td width=\"120\">3346<\/td>\n<\/tr>\n<tr>\n<td width=\"121\"><\/td>\n<td width=\"165\">La Roqueta<\/td>\n<td width=\"120\">4433<\/td>\n<\/tr>\n<tr>\n<td colspan=\"2\" width=\"286\">Campanar<\/td>\n<td width=\"120\">3408<\/td>\n<\/tr>\n<tr>\n<td width=\"121\"><\/td>\n<td width=\"165\">Campanar<\/td>\n<td width=\"120\">3119<\/td>\n<\/tr>\n<tr>\n<td width=\"121\"><\/td>\n<td width=\"165\">El Calvari<\/td>\n<td width=\"120\">2988<\/td>\n<\/tr>\n<tr>\n<td width=\"121\"><\/td>\n<td width=\"165\">Les Tendetes<\/td>\n<td width=\"120\">3284<\/td>\n<\/tr>\n<tr>\n<td width=\"121\"><\/td>\n<td width=\"165\">Nou Campanar<\/td>\n<td width=\"120\">\u2013<\/td>\n<\/tr>\n<tr>\n<td width=\"121\"><\/td>\n<td width=\"165\">Sant Pau<\/td>\n<td width=\"120\">4778<\/td>\n<\/tr>\n<tr>\n<td colspan=\"2\" width=\"286\">La Sa\u00efdia<\/td>\n<td width=\"120\">3004<\/td>\n<\/tr>\n<tr>\n<td width=\"121\"><\/td>\n<td width=\"165\">Marxalenes<\/td>\n<td width=\"120\">2827<\/td>\n<\/tr>\n<tr>\n<td width=\"121\"><\/td>\n<td width=\"165\">Morvedre<\/td>\n<td width=\"120\">3269<\/td>\n<\/tr>\n<tr>\n<td width=\"121\"><\/td>\n<td width=\"165\">Sant Antoni<\/td>\n<td width=\"120\">3059<\/td>\n<\/tr>\n<tr>\n<td width=\"121\"><\/td>\n<td width=\"165\">Tormos<\/td>\n<td width=\"120\">\u2013<\/td>\n<\/tr>\n<tr>\n<td width=\"121\"><\/td>\n<td width=\"165\">Trinitat<\/td>\n<td width=\"120\">\u2013<\/td>\n<\/tr>\n<tr>\n<td colspan=\"2\" width=\"286\">El Pla del Real<\/td>\n<td width=\"120\">4536<\/td>\n<\/tr>\n<tr>\n<td width=\"121\"><\/td>\n<td width=\"165\">Ciutat Universit\u00e0ria<\/td>\n<td width=\"120\">\u2013<\/td>\n<\/tr>\n<tr>\n<td width=\"121\"><\/td>\n<td width=\"165\">Exposici\u00f3<\/td>\n<td width=\"120\">5000<\/td>\n<\/tr>\n<tr>\n<td width=\"121\"><\/td>\n<td width=\"165\">Jaume Roig<\/td>\n<td width=\"120\">\u2013<\/td>\n<\/tr>\n<tr>\n<td width=\"121\"><\/td>\n<td width=\"165\">Mestalla<\/td>\n<td width=\"120\">\u2013<\/td>\n<\/tr>\n<tr>\n<td colspan=\"2\" width=\"286\">L&#8217;Olivereta<\/td>\n<td width=\"120\">2540<\/td>\n<\/tr>\n<tr>\n<td width=\"121\"><\/td>\n<td width=\"165\">La Fontsanta<\/td>\n<td width=\"120\">\u2013<\/td>\n<\/tr>\n<tr>\n<td width=\"121\"><\/td>\n<td width=\"165\">La Llum<\/td>\n<td width=\"120\">\u2013<\/td>\n<\/tr>\n<tr>\n<td width=\"121\"><\/td>\n<td width=\"165\">Nou Moles<\/td>\n<td width=\"120\">2924<\/td>\n<\/tr>\n<tr>\n<td width=\"121\"><\/td>\n<td width=\"165\">Soternes<\/td>\n<td width=\"120\">2753<\/td>\n<\/tr>\n<tr>\n<td width=\"121\"><\/td>\n<td width=\"165\">Tres Forques<\/td>\n<td width=\"120\">2312<\/td>\n<\/tr>\n<tr>\n<td colspan=\"2\" width=\"286\">Patraix<\/td>\n<td width=\"120\">2889<\/td>\n<\/tr>\n<tr>\n<td width=\"121\"><\/td>\n<td width=\"165\">Barrio de Favara<\/td>\n<td width=\"120\">\u2013<\/td>\n<\/tr>\n<tr>\n<td width=\"121\"><\/td>\n<td width=\"165\">Patraix<\/td>\n<td width=\"120\">2993<\/td>\n<\/tr>\n<tr>\n<td width=\"121\"><\/td>\n<td width=\"165\">Safranar<\/td>\n<td width=\"120\">\u2013<\/td>\n<\/tr>\n<tr>\n<td width=\"121\"><\/td>\n<td width=\"165\">Sant Isidre<\/td>\n<td width=\"120\">\u2013<\/td>\n<\/tr>\n<tr>\n<td width=\"121\"><\/td>\n<td width=\"165\">Vara de Quart<\/td>\n<td width=\"120\">2551<\/td>\n<\/tr>\n<tr>\n<td colspan=\"2\" width=\"286\">Jes\u00fas<\/td>\n<td width=\"120\">2754<\/td>\n<\/tr>\n<tr>\n<td width=\"121\"><\/td>\n<td width=\"165\">Cam\u00ed Reial<\/td>\n<td width=\"120\">\u2013<\/td>\n<\/tr>\n<tr>\n<td width=\"121\"><\/td>\n<td width=\"165\">L&#8217;Hort de Senabre<\/td>\n<td width=\"120\">2703<\/td>\n<\/tr>\n<tr>\n<td width=\"121\"><\/td>\n<td width=\"165\">La Creu Coberta<\/td>\n<td width=\"120\">\u2013<\/td>\n<\/tr>\n<tr>\n<td width=\"121\"><\/td>\n<td width=\"165\">La Raiosa<\/td>\n<td width=\"120\">3187<\/td>\n<\/tr>\n<tr>\n<td width=\"121\"><\/td>\n<td width=\"165\">Sant Marcell\u00ed<\/td>\n<td width=\"120\">\u2013<\/td>\n<\/tr>\n<tr>\n<td colspan=\"2\" width=\"286\">Quatre Carreres<\/td>\n<td width=\"120\">3390<\/td>\n<\/tr>\n<tr>\n<td width=\"121\"><\/td>\n<td width=\"165\">Ciutat de les Arts i de les Ci\u00e8ncies<\/td>\n<td width=\"120\">5105<\/td>\n<\/tr>\n<tr>\n<td width=\"121\"><\/td>\n<td width=\"165\">En Corts<\/td>\n<td width=\"120\">3156<\/td>\n<\/tr>\n<tr>\n<td width=\"121\"><\/td>\n<td width=\"165\">Fonteta de Sant Llu\u00eds<\/td>\n<td width=\"120\">\u2013<\/td>\n<\/tr>\n<tr>\n<td width=\"121\"><\/td>\n<td width=\"165\">La Punta<\/td>\n<td width=\"120\">3578<\/td>\n<\/tr>\n<tr>\n<td width=\"121\"><\/td>\n<td width=\"165\">Malilla<\/td>\n<td width=\"120\">3311<\/td>\n<\/tr>\n<tr>\n<td width=\"121\"><\/td>\n<td width=\"165\">Mont-Olivet<\/td>\n<td width=\"120\">\u2013<\/td>\n<\/tr>\n<tr>\n<td width=\"121\"><\/td>\n<td width=\"165\">Na Rovella<\/td>\n<td width=\"120\">\u2013<\/td>\n<\/tr>\n<tr>\n<td colspan=\"2\" width=\"286\">Poblats Mar\u00edtims<\/td>\n<td width=\"120\">3234<\/td>\n<\/tr>\n<tr>\n<td width=\"121\"><\/td>\n<td width=\"165\">Beter\u00f3<\/td>\n<td width=\"120\">\u2013<\/td>\n<\/tr>\n<tr>\n<td width=\"121\"><\/td>\n<td width=\"165\">El Cabanyal-El Canyamelar<\/td>\n<td width=\"120\">3448<\/td>\n<\/tr>\n<tr>\n<td width=\"121\"><\/td>\n<td width=\"165\">El Grau<\/td>\n<td width=\"120\">\u2013<\/td>\n<\/tr>\n<tr>\n<td width=\"121\"><\/td>\n<td width=\"165\">Natzaret<\/td>\n<td width=\"120\">2151<\/td>\n<\/tr>\n<tr>\n<td width=\"121\"><\/td>\n<td width=\"165\">Playa de la Malvarrosa<\/td>\n<td width=\"120\">3015<\/td>\n<\/tr>\n<tr>\n<td colspan=\"2\" width=\"286\">Camins al Grau<\/td>\n<td width=\"120\">3419<\/td>\n<\/tr>\n<tr>\n<td width=\"121\"><\/td>\n<td width=\"165\">Ayora<\/td>\n<td width=\"120\">3214<\/td>\n<\/tr>\n<tr>\n<td width=\"121\"><\/td>\n<td width=\"165\">Albors<\/td>\n<td width=\"120\">\u2013<\/td>\n<\/tr>\n<tr>\n<td width=\"121\"><\/td>\n<td width=\"165\">Cam\u00ed Fondo<\/td>\n<td width=\"120\">\u2013<\/td>\n<\/tr>\n<tr>\n<td width=\"121\"><\/td>\n<td width=\"165\">La Creu del Grau<\/td>\n<td width=\"120\">3153<\/td>\n<\/tr>\n<tr>\n<td width=\"121\"><\/td>\n<td width=\"165\">Penya-Roja<\/td>\n<td width=\"120\">4826<\/td>\n<\/tr>\n<tr>\n<td colspan=\"2\" width=\"286\">Algir\u00f3s<\/td>\n<td width=\"120\">3281<\/td>\n<\/tr>\n<tr>\n<td width=\"121\"><\/td>\n<td width=\"165\">Ciutat Jard\u00ed<\/td>\n<td width=\"120\">3273<\/td>\n<\/tr>\n<tr>\n<td width=\"121\"><\/td>\n<td width=\"165\">L&#8217;Amistat<\/td>\n<td width=\"120\">3295<\/td>\n<\/tr>\n<tr>\n<td width=\"121\"><\/td>\n<td width=\"165\">L&#8217;Illa Perduda<\/td>\n<td width=\"120\">3000<\/td>\n<\/tr>\n<tr>\n<td width=\"121\"><\/td>\n<td width=\"165\">La Vega Baixa<\/td>\n<td width=\"120\">\u2013<\/td>\n<\/tr>\n<tr>\n<td colspan=\"2\" width=\"286\">Benimaclet<\/td>\n<td width=\"120\">\u2013<\/td>\n<\/tr>\n<tr>\n<td width=\"121\"><\/td>\n<td width=\"165\">Benimaclet<\/td>\n<td width=\"120\">\u2013<\/td>\n<\/tr>\n<tr>\n<td width=\"121\"><\/td>\n<td width=\"165\">Cam\u00ed de Vera<\/td>\n<td width=\"120\">\u2013<\/td>\n<\/tr>\n<tr>\n<td colspan=\"2\" width=\"286\">Rascanya<\/td>\n<td width=\"120\">2312<\/td>\n<\/tr>\n<tr>\n<td width=\"121\"><\/td>\n<td width=\"165\">Els Orriols<\/td>\n<td width=\"120\">2132<\/td>\n<\/tr>\n<tr>\n<td width=\"121\"><\/td>\n<td width=\"165\">Sant Lloren\u00e7<\/td>\n<td width=\"120\">\u2013<\/td>\n<\/tr>\n<tr>\n<td width=\"121\"><\/td>\n<td width=\"165\">Torrefiel<\/td>\n<td width=\"120\">2377<\/td>\n<\/tr>\n<tr>\n<td colspan=\"2\" width=\"286\">Benicalap<\/td>\n<td width=\"120\">2614<\/td>\n<\/tr>\n<tr>\n<td width=\"121\"><\/td>\n<td width=\"165\">Benicalap<\/td>\n<td width=\"120\">2550<\/td>\n<\/tr>\n<tr>\n<td width=\"121\"><\/td>\n<td width=\"165\">Ciutat Fallera<\/td>\n<td width=\"120\">2353<\/td>\n<\/tr>\n<tr>\n<td width=\"121\"><\/td>\n<td width=\"165\">Nou Benicalap<\/td>\n<td width=\"120\">\u2013<\/td>\n<\/tr>\n<tr>\n<td colspan=\"2\" width=\"286\">Poblados del Norte<\/td>\n<td width=\"120\">\u2013<\/td>\n<\/tr>\n<tr>\n<td colspan=\"2\" width=\"286\">Poblados del Sur<\/td>\n<td width=\"120\">\u2013<\/td>\n<\/tr>\n<tr>\n<td colspan=\"2\" width=\"286\">Poblados del Oeste<\/td>\n<td width=\"120\">\u2013<\/td>\n<\/tr>\n<tr>\n<td colspan=\"2\" width=\"286\">Alboraya<\/td>\n<td width=\"120\">4164<\/td>\n<\/tr>\n<\/tbody>\n<\/table>\n<p><\/p>","protected":false},"excerpt":{"rendered":"<p>Valencia es una de las ciudades m\u00e1s hermosas de\u2026<\/p>\n","protected":false},"author":2,"featured_media":93256,"comment_status":"closed","ping_status":"closed","sticky":false,"template":"","format":"standard","meta":{"footnotes":""},"categories":[1,747],"tags":[],"class_list":["post-93255","post","type-post","status-publish","format-standard","has-post-thumbnail","hentry","category-articles","category-city-of-spain"],"yoast_head":"<!-- This site is optimized with the Yoast SEO plugin v27.5 - https:\/\/yoast.com\/product\/yoast-seo-wordpress\/ -->\n<title>Distritos y barrios de Val\u00e8ncia: mejores zonas para vivir \u2013 gu\u00eda completa<\/title>\n<meta name=\"description\" content=\"Gu\u00eda completa de distritos y barrios de Val\u00e8ncia: ambiente e infraestructuras, transporte, pros y contras, precios de vivienda y las mejores zonas para vivir, familias, estudios o inversi\u00f3n.\" \/>\n<meta name=\"robots\" content=\"index, follow, max-snippet:-1, max-image-preview:large, max-video-preview:-1\" \/>\n<link rel=\"canonical\" href=\"https:\/\/alegria-realestate.com\/es\/wp-json\/wp\/v2\/posts\/93255\" \/>\n<meta property=\"og:locale\" content=\"es_ES\" \/>\n<meta property=\"og:type\" content=\"article\" \/>\n<meta property=\"og:title\" content=\"Distritos y barrios de Val\u00e8ncia: mejores zonas para vivir \u2013 gu\u00eda completa\" \/>\n<meta property=\"og:description\" content=\"Gu\u00eda completa de distritos y barrios de Val\u00e8ncia: ambiente e infraestructuras, transporte, pros y contras, precios de vivienda y las mejores zonas para vivir, familias, estudios o inversi\u00f3n.\" \/>\n<meta property=\"og:url\" content=\"https:\/\/alegria-realestate.com\/es\/wp-json\/wp\/v2\/posts\/93255\" \/>\n<meta property=\"og:site_name\" content=\"VENTA DE INMUEBLES EN COSTA BLANCA\" \/>\n<meta property=\"article:publisher\" content=\"https:\/\/www.facebook.com\/realestate.alegria\" \/>\n<meta property=\"article:published_time\" content=\"2026-02-18T10:52:09+00:00\" \/>\n<meta property=\"article:modified_time\" content=\"2026-03-26T17:03:12+00:00\" \/>\n<meta property=\"og:image\" content=\"https:\/\/alegria-realestate.com\/wp-content\/uploads\/2019\/09\/the-city-of-valencia.jpg\" \/>\n\t<meta property=\"og:image:width\" content=\"1200\" \/>\n\t<meta property=\"og:image:height\" content=\"801\" \/>\n\t<meta property=\"og:image:type\" content=\"image\/jpeg\" \/>\n<meta name=\"author\" content=\"\u0415\u043b\u0435\u043d\u0430\" \/>\n<meta name=\"twitter:card\" content=\"summary_large_image\" \/>\n<meta name=\"twitter:creator\" content=\"@alegriarealesta\" \/>\n<meta name=\"twitter:site\" content=\"@alegriarealesta\" \/>\n<script type=\"application\/ld+json\" class=\"yoast-schema-graph\">{\"@context\":\"https:\\\/\\\/schema.org\",\"@graph\":[{\"@type\":\"Article\",\"@id\":\"https:\\\/\\\/alegria-realestate.com\\\/articles\\\/city-of-spain\\\/the-city-of-valencia#article\",\"isPartOf\":{\"@id\":\"https:\\\/\\\/alegria-realestate.com\\\/articles\\\/city-of-spain\\\/the-city-of-valencia\"},\"author\":{\"name\":\"\u0415\u043b\u0435\u043d\u0430\",\"@id\":\"https:\\\/\\\/alegria-realestate.com\\\/#\\\/schema\\\/person\\\/ff0a48e00da67c4fa2b62f941e991c33\"},\"headline\":\"Distritos y barrios de Valencia: mejores zonas para vivir\",\"datePublished\":\"2026-02-18T10:52:09+00:00\",\"dateModified\":\"2026-03-26T17:03:12+00:00\",\"mainEntityOfPage\":{\"@id\":\"https:\\\/\\\/alegria-realestate.com\\\/articles\\\/city-of-spain\\\/the-city-of-valencia\"},\"wordCount\":36604,\"publisher\":{\"@id\":\"https:\\\/\\\/alegria-realestate.com\\\/#organization\"},\"image\":{\"@id\":\"https:\\\/\\\/alegria-realestate.com\\\/articles\\\/city-of-spain\\\/the-city-of-valencia#primaryimage\"},\"thumbnailUrl\":\"https:\\\/\\\/alegria-realestate.com\\\/wp-content\\\/uploads\\\/2019\\\/09\\\/the-city-of-valencia.jpg\",\"articleSection\":[\"Blog\",\"Ciudades\"],\"inLanguage\":\"es\"},{\"@type\":\"WebPage\",\"@id\":\"https:\\\/\\\/alegria-realestate.com\\\/es\\\/articles\\\/city-of-spain\\\/the-city-of-valencia\",\"url\":\"https:\\\/\\\/alegria-realestate.com\\\/es\\\/articles\\\/city-of-spain\\\/the-city-of-valencia\",\"name\":\"Distritos y barrios de Val\u00e8ncia: mejores zonas para vivir \u2013 gu\u00eda completa\",\"isPartOf\":{\"@id\":\"https:\\\/\\\/alegria-realestate.com\\\/es\\\/#website\"},\"primaryImageOfPage\":{\"@id\":\"https:\\\/\\\/alegria-realestate.com\\\/es\\\/articles\\\/city-of-spain\\\/the-city-of-valencia#primaryimage\"},\"image\":{\"@id\":\"https:\\\/\\\/alegria-realestate.com\\\/articles\\\/city-of-spain\\\/the-city-of-valencia#primaryimage\"},\"thumbnailUrl\":\"https:\\\/\\\/alegria-realestate.com\\\/wp-content\\\/uploads\\\/2019\\\/09\\\/the-city-of-valencia.jpg\",\"datePublished\":\"2026-02-18T10:52:09+00:00\",\"dateModified\":\"2026-03-26T17:03:12+00:00\",\"description\":\"Gu\u00eda completa de distritos y barrios de Val\u00e8ncia: ambiente e infraestructuras, transporte, pros y contras, precios de vivienda y las mejores zonas para vivir, familias, estudios o inversi\u00f3n.\",\"breadcrumb\":{\"@id\":\"https:\\\/\\\/alegria-realestate.com\\\/es\\\/articles\\\/city-of-spain\\\/the-city-of-valencia#breadcrumb\"},\"inLanguage\":\"es\",\"potentialAction\":[{\"@type\":\"ReadAction\",\"target\":[[\"https:\\\/\\\/alegria-realestate.com\\\/es\\\/articles\\\/city-of-spain\\\/the-city-of-valencia\"]]}]},{\"@type\":\"ImageObject\",\"inLanguage\":\"es\",\"@id\":\"https:\\\/\\\/alegria-realestate.com\\\/es\\\/articles\\\/city-of-spain\\\/the-city-of-valencia#primaryimage\",\"url\":\"https:\\\/\\\/alegria-realestate.com\\\/wp-content\\\/uploads\\\/2019\\\/09\\\/the-city-of-valencia.jpg\",\"contentUrl\":\"https:\\\/\\\/alegria-realestate.com\\\/wp-content\\\/uploads\\\/2019\\\/09\\\/the-city-of-valencia.jpg\",\"width\":1200,\"height\":801,\"caption\":\"\u0420\u0430\u0439\u043e\u043d\u044b \u0412\u0430\u043b\u0435\u043d\u0441\u0438\u0438: \u043e\u0431\u0437\u043e\u0440. \u041b\u0443\u0447\u0448\u0438\u0435 \u0440\u0430\u0439\u043e\u043d\u044b \u0412\u0430\u043b\u0435\u043d\u0441\u0438\u0438 \u0434\u043b\u044f \u043f\u0440\u043e\u0436\u0438\u0432\u0430\u043d\u0438\u044f\"},{\"@type\":\"BreadcrumbList\",\"@id\":\"https:\\\/\\\/alegria-realestate.com\\\/es\\\/articles\\\/city-of-spain\\\/the-city-of-valencia#breadcrumb\",\"itemListElement\":[{\"@type\":\"ListItem\",\"position\":1,\"name\":\"\u0413\u043b\u0430\u0432\u043d\u0430\u044f \u0441\u0442\u0440\u0430\u043d\u0438\u0446\u0430\",\"item\":\"https:\\\/\\\/alegria-realestate.com\\\/es\\\/\"},{\"@type\":\"ListItem\",\"position\":2,\"name\":\"\u0420\u0430\u0439\u043e\u043d\u044b \u0412\u0430\u043b\u0435\u043d\u0441\u0438\u0438: \u043e\u0431\u0437\u043e\u0440. \u041b\u0443\u0447\u0448\u0438\u0435 \u0440\u0430\u0439\u043e\u043d\u044b \u0412\u0430\u043b\u0435\u043d\u0441\u0438\u0438 \u0434\u043b\u044f \u043f\u0440\u043e\u0436\u0438\u0432\u0430\u043d\u0438\u044f\"}]},{\"@type\":\"WebSite\",\"@id\":\"https:\\\/\\\/alegria-realestate.com\\\/es\\\/#website\",\"url\":\"https:\\\/\\\/alegria-realestate.com\\\/es\\\/\",\"name\":\"VENTA DE INMUEBLES EN COSTA BLANCA\",\"description\":\"Alegr\u00eda te ofrece las mejores ofertas inmobiliarias en Costa Blanca con una gran cantidad de pisos o casas en venta y alquiler que se adaptan a tus necesidades.\",\"publisher\":{\"@id\":\"https:\\\/\\\/alegria-realestate.com\\\/es\\\/#organization\"},\"potentialAction\":[{\"@type\":\"SearchAction\",\"target\":{\"@type\":\"EntryPoint\",\"urlTemplate\":\"https:\\\/\\\/alegria-realestate.com\\\/es\\\/?s={search_term_string}\"},\"query-input\":{\"@type\":\"PropertyValueSpecification\",\"valueRequired\":true,\"valueName\":\"search_term_string\"}}],\"inLanguage\":\"es\"},{\"@type\":\"Organization\",\"@id\":\"https:\\\/\\\/alegria-realestate.com\\\/es\\\/#organization\",\"name\":\"Alegria Realestate\",\"url\":\"https:\\\/\\\/alegria-realestate.com\\\/es\\\/\",\"logo\":{\"@type\":\"ImageObject\",\"inLanguage\":\"es\",\"@id\":\"https:\\\/\\\/alegria-realestate.com\\\/es\\\/#\\\/schema\\\/logo\\\/image\\\/\",\"url\":\"https:\\\/\\\/alegria-realestate.com\\\/wp-content\\\/uploads\\\/2019\\\/08\\\/logo_alegria.png\",\"contentUrl\":\"https:\\\/\\\/alegria-realestate.com\\\/wp-content\\\/uploads\\\/2019\\\/08\\\/logo_alegria.png\",\"width\":1600,\"height\":1403,\"caption\":\"Alegria Realestate\"},\"image\":{\"@id\":\"https:\\\/\\\/alegria-realestate.com\\\/es\\\/#\\\/schema\\\/logo\\\/image\\\/\"},\"sameAs\":[\"https:\\\/\\\/www.facebook.com\\\/realestate.alegria\",\"https:\\\/\\\/x.com\\\/alegriarealesta\",\"https:\\\/\\\/www.instagram.com\\\/alegriadom\\\/\",\"https:\\\/\\\/www.linkedin.com\\\/profile\\\/view?id=154965227\",\"https:\\\/\\\/www.youtube.com\\\/user\\\/AlegriaRealEstate\"]},{\"@type\":\"Person\",\"@id\":\"https:\\\/\\\/alegria-realestate.com\\\/#\\\/schema\\\/person\\\/ff0a48e00da67c4fa2b62f941e991c33\",\"name\":\"\u0415\u043b\u0435\u043d\u0430\"}]}<\/script>\n<!-- \/ Yoast SEO plugin. -->","yoast_head_json":{"title":"Distritos y barrios de Val\u00e8ncia: mejores zonas para vivir \u2013 gu\u00eda completa","description":"Gu\u00eda completa de distritos y barrios de Val\u00e8ncia: ambiente e infraestructuras, transporte, pros y contras, precios de vivienda y las mejores zonas para vivir, familias, estudios o inversi\u00f3n.","robots":{"index":"index","follow":"follow","max-snippet":"max-snippet:-1","max-image-preview":"max-image-preview:large","max-video-preview":"max-video-preview:-1"},"canonical":"https:\/\/alegria-realestate.com\/es\/wp-json\/wp\/v2\/posts\/93255","og_locale":"es_ES","og_type":"article","og_title":"Distritos y barrios de Val\u00e8ncia: mejores zonas para vivir \u2013 gu\u00eda completa","og_description":"Gu\u00eda completa de distritos y barrios de Val\u00e8ncia: ambiente e infraestructuras, transporte, pros y contras, precios de vivienda y las mejores zonas para vivir, familias, estudios o inversi\u00f3n.","og_url":"https:\/\/alegria-realestate.com\/es\/wp-json\/wp\/v2\/posts\/93255","og_site_name":"VENTA DE INMUEBLES EN COSTA BLANCA","article_publisher":"https:\/\/www.facebook.com\/realestate.alegria","article_published_time":"2026-02-18T10:52:09+00:00","article_modified_time":"2026-03-26T17:03:12+00:00","og_image":[{"width":1200,"height":801,"url":"https:\/\/alegria-realestate.com\/wp-content\/uploads\/2019\/09\/the-city-of-valencia.jpg","type":"image\/jpeg"}],"author":"\u0415\u043b\u0435\u043d\u0430","twitter_card":"summary_large_image","twitter_creator":"@alegriarealesta","twitter_site":"@alegriarealesta","schema":{"@context":"https:\/\/schema.org","@graph":[{"@type":"Article","@id":"https:\/\/alegria-realestate.com\/articles\/city-of-spain\/the-city-of-valencia#article","isPartOf":{"@id":"https:\/\/alegria-realestate.com\/articles\/city-of-spain\/the-city-of-valencia"},"author":{"name":"\u0415\u043b\u0435\u043d\u0430","@id":"https:\/\/alegria-realestate.com\/#\/schema\/person\/ff0a48e00da67c4fa2b62f941e991c33"},"headline":"Distritos y barrios de Valencia: mejores zonas para vivir","datePublished":"2026-02-18T10:52:09+00:00","dateModified":"2026-03-26T17:03:12+00:00","mainEntityOfPage":{"@id":"https:\/\/alegria-realestate.com\/articles\/city-of-spain\/the-city-of-valencia"},"wordCount":36604,"publisher":{"@id":"https:\/\/alegria-realestate.com\/#organization"},"image":{"@id":"https:\/\/alegria-realestate.com\/articles\/city-of-spain\/the-city-of-valencia#primaryimage"},"thumbnailUrl":"https:\/\/alegria-realestate.com\/wp-content\/uploads\/2019\/09\/the-city-of-valencia.jpg","articleSection":["Blog","Ciudades"],"inLanguage":"es"},{"@type":"WebPage","@id":"https:\/\/alegria-realestate.com\/es\/articles\/city-of-spain\/the-city-of-valencia","url":"https:\/\/alegria-realestate.com\/es\/articles\/city-of-spain\/the-city-of-valencia","name":"Distritos y barrios de Val\u00e8ncia: mejores zonas para vivir \u2013 gu\u00eda completa","isPartOf":{"@id":"https:\/\/alegria-realestate.com\/es\/#website"},"primaryImageOfPage":{"@id":"https:\/\/alegria-realestate.com\/es\/articles\/city-of-spain\/the-city-of-valencia#primaryimage"},"image":{"@id":"https:\/\/alegria-realestate.com\/articles\/city-of-spain\/the-city-of-valencia#primaryimage"},"thumbnailUrl":"https:\/\/alegria-realestate.com\/wp-content\/uploads\/2019\/09\/the-city-of-valencia.jpg","datePublished":"2026-02-18T10:52:09+00:00","dateModified":"2026-03-26T17:03:12+00:00","description":"Gu\u00eda completa de distritos y barrios de Val\u00e8ncia: ambiente e infraestructuras, transporte, pros y contras, precios de vivienda y las mejores zonas para vivir, familias, estudios o inversi\u00f3n.","breadcrumb":{"@id":"https:\/\/alegria-realestate.com\/es\/articles\/city-of-spain\/the-city-of-valencia#breadcrumb"},"inLanguage":"es","potentialAction":[{"@type":"ReadAction","target":[["https:\/\/alegria-realestate.com\/es\/articles\/city-of-spain\/the-city-of-valencia"]]}]},{"@type":"ImageObject","inLanguage":"es","@id":"https:\/\/alegria-realestate.com\/es\/articles\/city-of-spain\/the-city-of-valencia#primaryimage","url":"https:\/\/alegria-realestate.com\/wp-content\/uploads\/2019\/09\/the-city-of-valencia.jpg","contentUrl":"https:\/\/alegria-realestate.com\/wp-content\/uploads\/2019\/09\/the-city-of-valencia.jpg","width":1200,"height":801,"caption":"\u0420\u0430\u0439\u043e\u043d\u044b \u0412\u0430\u043b\u0435\u043d\u0441\u0438\u0438: \u043e\u0431\u0437\u043e\u0440. \u041b\u0443\u0447\u0448\u0438\u0435 \u0440\u0430\u0439\u043e\u043d\u044b \u0412\u0430\u043b\u0435\u043d\u0441\u0438\u0438 \u0434\u043b\u044f \u043f\u0440\u043e\u0436\u0438\u0432\u0430\u043d\u0438\u044f"},{"@type":"BreadcrumbList","@id":"https:\/\/alegria-realestate.com\/es\/articles\/city-of-spain\/the-city-of-valencia#breadcrumb","itemListElement":[{"@type":"ListItem","position":1,"name":"\u0413\u043b\u0430\u0432\u043d\u0430\u044f \u0441\u0442\u0440\u0430\u043d\u0438\u0446\u0430","item":"https:\/\/alegria-realestate.com\/es\/"},{"@type":"ListItem","position":2,"name":"\u0420\u0430\u0439\u043e\u043d\u044b \u0412\u0430\u043b\u0435\u043d\u0441\u0438\u0438: \u043e\u0431\u0437\u043e\u0440. \u041b\u0443\u0447\u0448\u0438\u0435 \u0440\u0430\u0439\u043e\u043d\u044b \u0412\u0430\u043b\u0435\u043d\u0441\u0438\u0438 \u0434\u043b\u044f \u043f\u0440\u043e\u0436\u0438\u0432\u0430\u043d\u0438\u044f"}]},{"@type":"WebSite","@id":"https:\/\/alegria-realestate.com\/es\/#website","url":"https:\/\/alegria-realestate.com\/es\/","name":"VENTA DE INMUEBLES EN COSTA BLANCA","description":"Alegr\u00eda te ofrece las mejores ofertas inmobiliarias en Costa Blanca con una gran cantidad de pisos o casas en venta y alquiler que se adaptan a tus necesidades.","publisher":{"@id":"https:\/\/alegria-realestate.com\/es\/#organization"},"potentialAction":[{"@type":"SearchAction","target":{"@type":"EntryPoint","urlTemplate":"https:\/\/alegria-realestate.com\/es\/?s={search_term_string}"},"query-input":{"@type":"PropertyValueSpecification","valueRequired":true,"valueName":"search_term_string"}}],"inLanguage":"es"},{"@type":"Organization","@id":"https:\/\/alegria-realestate.com\/es\/#organization","name":"Alegria Realestate","url":"https:\/\/alegria-realestate.com\/es\/","logo":{"@type":"ImageObject","inLanguage":"es","@id":"https:\/\/alegria-realestate.com\/es\/#\/schema\/logo\/image\/","url":"https:\/\/alegria-realestate.com\/wp-content\/uploads\/2019\/08\/logo_alegria.png","contentUrl":"https:\/\/alegria-realestate.com\/wp-content\/uploads\/2019\/08\/logo_alegria.png","width":1600,"height":1403,"caption":"Alegria Realestate"},"image":{"@id":"https:\/\/alegria-realestate.com\/es\/#\/schema\/logo\/image\/"},"sameAs":["https:\/\/www.facebook.com\/realestate.alegria","https:\/\/x.com\/alegriarealesta","https:\/\/www.instagram.com\/alegriadom\/","https:\/\/www.linkedin.com\/profile\/view?id=154965227","https:\/\/www.youtube.com\/user\/AlegriaRealEstate"]},{"@type":"Person","@id":"https:\/\/alegria-realestate.com\/#\/schema\/person\/ff0a48e00da67c4fa2b62f941e991c33","name":"\u0415\u043b\u0435\u043d\u0430"}]}},"_links":{"self":[{"href":"https:\/\/alegria-realestate.com\/es\/wp-json\/wp\/v2\/posts\/93255","targetHints":{"allow":["GET"]}}],"collection":[{"href":"https:\/\/alegria-realestate.com\/es\/wp-json\/wp\/v2\/posts"}],"about":[{"href":"https:\/\/alegria-realestate.com\/es\/wp-json\/wp\/v2\/types\/post"}],"author":[{"embeddable":true,"href":"https:\/\/alegria-realestate.com\/es\/wp-json\/wp\/v2\/users\/2"}],"replies":[{"embeddable":true,"href":"https:\/\/alegria-realestate.com\/es\/wp-json\/wp\/v2\/comments?post=93255"}],"version-history":[{"count":5,"href":"https:\/\/alegria-realestate.com\/es\/wp-json\/wp\/v2\/posts\/93255\/revisions"}],"predecessor-version":[{"id":1289860,"href":"https:\/\/alegria-realestate.com\/es\/wp-json\/wp\/v2\/posts\/93255\/revisions\/1289860"}],"wp:featuredmedia":[{"embeddable":true,"href":"https:\/\/alegria-realestate.com\/es\/wp-json\/wp\/v2\/media\/93256"}],"wp:attachment":[{"href":"https:\/\/alegria-realestate.com\/es\/wp-json\/wp\/v2\/media?parent=93255"}],"wp:term":[{"taxonomy":"category","embeddable":true,"href":"https:\/\/alegria-realestate.com\/es\/wp-json\/wp\/v2\/categories?post=93255"},{"taxonomy":"post_tag","embeddable":true,"href":"https:\/\/alegria-realestate.com\/es\/wp-json\/wp\/v2\/tags?post=93255"}],"curies":[{"name":"wp","href":"https:\/\/api.w.org\/{rel}","templated":true}]}}