{"id":451629,"date":"2022-04-28T14:27:55","date_gmt":"2022-04-28T11:27:55","guid":{"rendered":"https:\/\/alegria-realestate.com\/?p=451629"},"modified":"2023-03-10T13:49:59","modified_gmt":"2023-03-10T10:49:59","slug":"all-about-vat-in-spain-2","status":"publish","type":"post","link":"https:\/\/alegria-realestate.com\/fi\/articles\/taxes-and-laws\/all-about-vat-in-spain-2","title":{"rendered":"Kaikki ALV:sta Espanjassa"},"content":{"rendered":"<p>Espanjan arvonlis\u00e4verosta puhuttaessa on mahdotonta olla mainitsematta erityiskorvausta, joka joko helpottaa tai p\u00e4invastoin vaikeuttaa v\u00e4hitt\u00e4iskaupan alalla toimivien yritt\u00e4jien el\u00e4m\u00e4\u00e4 &#8211; Recargo de Equivalencia. T\u00e4m\u00e4 alennus ei koske yrityksi\u00e4, vaan ne ottavat arvonlis\u00e4veron huomioon perinteisell\u00e4 tavalla, mutta koska veroja koskeva artikkelimme koskee liiketoimintaa Espanjassa yleisesti, meid\u00e4n on mainittava yritt\u00e4jien ty\u00f6skentely\u00e4 koskevat yksityiskohdat. K\u00e4sittelemme my\u00f6s Euroopan unionin alueella tapahtuvien kansainv\u00e4listen liiketoimien arvonlis\u00e4verokirjanpitoa.<\/p>\n<h2>ALV oikeushenkil\u00f6ille Espanjassa<\/h2>\n<p><img loading=\"lazy\" decoding=\"async\" class=\"alignnone wp-image-451631 size-full\" src=\"https:\/\/alegria-realestate.com\/wp-content\/uploads\/2022\/04\/VAT-in-Spain-for-Legal-Entities1.jpg\" alt=\"\" width=\"1024\" height=\"684\" srcset=\"https:\/\/alegria-realestate.com\/wp-content\/uploads\/2022\/04\/VAT-in-Spain-for-Legal-Entities1.jpg 1024w, https:\/\/alegria-realestate.com\/wp-content\/uploads\/2022\/04\/VAT-in-Spain-for-Legal-Entities1-300x200.jpg 300w, https:\/\/alegria-realestate.com\/wp-content\/uploads\/2022\/04\/VAT-in-Spain-for-Legal-Entities1-768x513.jpg 768w\" sizes=\"auto, (max-width: 1024px) 100vw, 1024px\" \/><br \/>\nArvonlis\u00e4vero (Impuesto sobre el Valor A\u00f1adido \u2013 IVA) on Espanjassa t\u00e4n\u00e4 p\u00e4iv\u00e4n\u00e4 0%, 4%, 10%, 21%.<br \/>\nUseimmissa tapauksissa Espanjan oikeushenkil\u00f6t ottavat arvonlis\u00e4veron huomioon tavanomaisen j\u00e4rjestelm\u00e4n mukaisesti ja kuittaavat kertyneet m\u00e4\u00e4r\u00e4t talousarvioon maksettaviksi ja palautettaviksi:<\/p>\n<ul>\n<li>ALV maksu m\u00e4\u00e4r\u00e4ytyy asiakkaille laskutettujen saatavien perusteella<\/li>\n<li>Palautettava arvonlis\u00e4vero lasketaan yrityksen itsens\u00e4 maksamien laskujen perusteella.<\/li>\n<\/ul>\n<p>Maksettavan arvonlis\u00e4veron ja palautettavan arvonlis\u00e4veron v\u00e4linen erotus otetaan huomioon asianomaisessa ilmoituksessa, ja se joko siirret\u00e4\u00e4n talousarvioon tai pyydet\u00e4\u00e4n talousarviosta.<\/p>\n<p>Pienet ja keskisuuret yritykset tekev\u00e4t ilmoituksen lomakkeella 303 kerran vuosinelj\u00e4nneksess\u00e4, seuraavan kuukauden 20. p\u00e4iv\u00e4\u00e4n menness\u00e4: Huhtikuu, hein\u00e4kuu ja lokakuu sek\u00e4 tammikuun 1. p\u00e4iv\u00e4st\u00e4 tammikuun 30. p\u00e4iv\u00e4\u00e4n. Laskelma kirjataan suoriteperusteisesti, ja jos nelj\u00e4nnen ilmoituksen tulos on negatiivinen, verovelvollisella on oikeus hakea palautusta.<\/p>\n<p>Pienet ja keskikokoiset yritykset t\u00e4ytt\u00e4v\u00e4t veroilmoituksen kaavakkeeseen 303 ensimm\u00e4isen\u00e4 nelj\u00e4nneksen\u00e4, viimeist\u00e4\u00e4n 20. p\u00e4iv\u00e4n\u00e4 seuraavina kuina: huhtikuu, hein\u00e4kuu<br \/>\nArvonlis\u00e4veron palautukset tehd\u00e4\u00e4n yleens\u00e4 raportointivuotta seuraavan vuoden maaliskuun ja kes\u00e4kuun v\u00e4lisen\u00e4 aikana. Lomakkeella 390 annettava vuosi-ilmoitus tehd\u00e4\u00e4n samaan aikaan kuin ilmoitus raportointikauden nelj\u00e4nnelt\u00e4 nelj\u00e4nnekselt\u00e4.<\/p>\n<p>Tietyiss\u00e4 tapauksissa arvonlis\u00e4veroilmoitukset voidaan antaa kuukausittain, ja t\u00e4ss\u00e4 ilmoitustavassa ilmoitus tehd\u00e4\u00e4n kuukausittain. Kuukausittaisen ilmoittamistavan valitsevat tyypillisesti vastaperustetut yritykset, joille aiheutuu suuria tulli- ja veromenoja yrityksen perustamisen ja kehitt\u00e4misen ensimm\u00e4isess\u00e4 vaiheessa.<\/p>\n<p>Lomakkeen 303 lis\u00e4ksi veroviranomainen vaatii n\u00e4it\u00e4 yrityksi\u00e4 t\u00e4ytt\u00e4m\u00e4\u00e4n ylim\u00e4\u00e4r\u00e4isen taustalomakkeen 340, joka koskee yrityksen kirjanpitoon kirjattuja liiketoimia. Lis\u00e4ksi alv-kirjanpidon on oltava saatavilla s\u00e4hk\u00f6isess\u00e4 muodossa yrityksen henkil\u00f6kohtaisen tilin kautta verohallinnon verkkosivustolla.<\/p>\n<p>Kaavakkeen 303 lis\u00e4ksi, verohallinto vaatii yrityksi\u00e4 t\u00e4ytt\u00e4m\u00e4\u00e4n lis\u00e4selvityksen taustoista Kaavakkeeseen 340, jolla ilmoitetaan yrityksen maksuliikenne kirjanpitoon. Lis\u00e4ksi, ALV<\/p>\n<p>Tilanne mutkistuu, jos yritys harjoittaa samanaikaisesti useita eri toimintoja, joista osa on arvonlis\u00e4veron alaisia ja osa ei. Esimerkiksi koulutuspalvelut ja hammasl\u00e4\u00e4k\u00e4ripalvelut ovat verottomia. T\u00e4m\u00e4 vaikeuttaa kirjanpitoa huomattavasti, koska se edellytt\u00e4\u00e4 suhteellista arvonlis\u00e4verokirjanpitoa tietyntyyppisten kulujen osalta.<\/p>\n<h2>Arvonlis\u00e4vero Espanjassa yksityisyritt\u00e4jille<\/h2>\n<p><img loading=\"lazy\" decoding=\"async\" class=\"alignnone wp-image-451632 size-full\" src=\"https:\/\/alegria-realestate.com\/wp-content\/uploads\/2022\/04\/scott-graham-OQMZwNd3ThU-unsplash.jpg\" alt=\"VAT in Spain for Legal Entities'1\" width=\"1024\" height=\"683\" srcset=\"https:\/\/alegria-realestate.com\/wp-content\/uploads\/2022\/04\/scott-graham-OQMZwNd3ThU-unsplash.jpg 1024w, https:\/\/alegria-realestate.com\/wp-content\/uploads\/2022\/04\/scott-graham-OQMZwNd3ThU-unsplash-300x200.jpg 300w, https:\/\/alegria-realestate.com\/wp-content\/uploads\/2022\/04\/scott-graham-OQMZwNd3ThU-unsplash-768x512.jpg 768w\" sizes=\"auto, (max-width: 1024px) 100vw, 1024px\" \/><br \/>\nJos espanjalainen yksityisyritt\u00e4j\u00e4 ty\u00f6skentelee v\u00e4hitt\u00e4iskaupan alalla ja myy tuotteen loppukuluttajalle siin\u00e4 muodossa, jossa se on, tekem\u00e4tt\u00e4 siihen mit\u00e4\u00e4n muutoksia, h\u00e4nen on sovellettava erityist\u00e4 arvonlis\u00e4verokirjanpitoj\u00e4rjestelm\u00e4\u00e4, joka edellytt\u00e4\u00e4 erityiskorvauksen &#8211; Recargo de Equivalencia &#8211; k\u00e4ytt\u00e4mist\u00e4.<br \/>\nT\u00e4t\u00e4 korvausta ei sovelleta yritt\u00e4jiin, jotka ty\u00f6skentelev\u00e4t tuotanto-, tukku- tai palvelualalla.<\/p>\n<p>Seuraavia lis\u00e4maksuja sovelletaan nykyisten arvonlis\u00e4verokantojen mukaisesti:<\/p>\n<ul>\n<li>5,2 prosenttia 21 prosentin arvonlis\u00e4verokannan alaisille tavaroille;<\/li>\n<li>1,4 prosenttia 10 prosentin arvonlis\u00e4verokannan alaisille tavaroille;<\/li>\n<li>0,5 prosenttia 4 prosentin arvonlis\u00e4verokannan alaisille tavaroille;<\/li>\n<li>0,75 prosenttia tupakan osalta.<\/li>\n<\/ul>\n<p>Toisaalta t\u00e4llainen verov\u00e4hennys merkitsee sit\u00e4, ett\u00e4 talousarvioon on maksettava suurempi m\u00e4\u00e4r\u00e4 arvonlis\u00e4veroa. Toisaalta yritt\u00e4j\u00e4 vapautuu velvollisuudesta ilmoittaa arvonlis\u00e4vero verolle.<\/p>\n<p>Arvonlis\u00e4vero on merkitt\u00e4v\u00e4 erillisen\u00e4 rivin\u00e4 p\u00e4\u00e4arvonlis\u00e4veron lis\u00e4ksi kaikkiin niiden tavarantoimittajien laskuihin, joiden kanssa yritt\u00e4j\u00e4 ty\u00f6skentelee. Ja juuri toimittajat osallistuvat arvonlis\u00e4veron ilmoittamiseen ja siirt\u00e4miseen talousarvioon. Yritt\u00e4j\u00e4ll\u00e4 itsell\u00e4\u00e4n, joka on vapautettu arvonlis\u00e4verosta, ei ole oikeutta vaatia palautusta, jos kustannukset ovat korkeat tai toiminnan tulokset ovat negatiiviset.<\/p>\n<p>N\u00e4m\u00e4 vivahteet on syyt\u00e4 pit\u00e4\u00e4 mieless\u00e4, jos omaan yritykseen suunniteltiin merkitt\u00e4vi\u00e4 investointeja, ja yritystoimintaan itsess\u00e4\u00e4n liittyy arvonlis\u00e4verokirjanpito lisineen.<\/p>\n<h2>Arvonlis\u00e4vero Espanjassa kansainv\u00e4lisiss\u00e4 liiketoimissa<\/h2>\n<p>Euroopan markkinoilla toimivat ja tavaroiden maahantuontia ja vienti\u00e4 harjoittavat yritykset rekister\u00f6id\u00e4\u00e4n veroviranomaisille toimittamalla lomakkeella 036 tehty ilmoitus, jonka j\u00e4lkeen ne saavat erityisen alv-numeron (NIF-IVA). Jotta laskut voidaan laatia ilman arvonlis\u00e4veroa, ostajan ja tavarantoimittajan on t\u00e4ytett\u00e4v\u00e4 tietyt edellytykset.<\/p>\n<ol>\n<li>Tavaroiden kuljetuksen on tapahduttava EU-maasta toiseen EU-maahan (lukuun ottamatta Kanariansaaria, Ceutaa ja Melillaa, joihin sovelletaan muuta arvonlis\u00e4veroa vastaavaa veroa).<\/li>\n<li>Sek\u00e4 ostajan ett\u00e4 toimittajan on oltava yritt\u00e4ji\u00e4 tai oikeushenkil\u00f6it\u00e4.<\/li>\n<li>Sek\u00e4 ostajan ett\u00e4 toimittajan on oltava rekister\u00f6itynyt arvonlis\u00e4verotietojen vaihtoj\u00e4rjestelm\u00e4\u00e4n (Censo VIES) ja yhteis\u00f6n sis\u00e4isten toimijoiden rekisteriin (ROI).<\/li>\n<\/ol>\n<p>T\u00e4ss\u00e4 tapauksessa viej\u00e4 ei sis\u00e4llyt\u00e4 arvonlis\u00e4veroa laskuun, ja maahantuoja maksaa arvonlis\u00e4veron sen verokannan mukaan, jota sovelletaan h\u00e4nen kotimaassaan silloin, kun tavarat kulkevat tullin kautta. Sama p\u00e4tee EU:n alueella tarjottaviin palveluihin.<\/p>\n<p>Kaikki liiketoimet on ilmoitettava lomakkeilla 303 ja 349. J\u00e4lkimm\u00e4inen j\u00e4tet\u00e4\u00e4n kerran kuukaudessa, kahden kuukauden v\u00e4lein, nelj\u00e4nnesvuosittain ja kerran vuodessa kansainv\u00e4listen liiketoimien m\u00e4\u00e4r\u00e4st\u00e4 riippuen.<\/p>\n<h2>Arvonlis\u00e4vero Espanjassa kiinteist\u00f6\u00e4 ostettaessa<\/h2>\n<p><img loading=\"lazy\" decoding=\"async\" class=\"alignnone wp-image-451634 size-full\" src=\"https:\/\/alegria-realestate.com\/wp-content\/uploads\/2022\/04\/2-1.jpeg\" alt=\"VAT in Spain When Buying Property\" width=\"1024\" height=\"683\" srcset=\"https:\/\/alegria-realestate.com\/wp-content\/uploads\/2022\/04\/2-1.jpeg 1024w, https:\/\/alegria-realestate.com\/wp-content\/uploads\/2022\/04\/2-1-300x200.jpeg 300w, https:\/\/alegria-realestate.com\/wp-content\/uploads\/2022\/04\/2-1-768x512.jpeg 768w\" sizes=\"auto, (max-width: 1024px) 100vw, 1024px\" \/><br \/>\nEspanjan kiinteist\u00f6ihin sovelletaan kahta verokantaa &#8211; 10 % ja 21 %.<\/p>\n<p>Seuraavassa luetellaan kiinteist\u00f6kauppatyypit, joista on maksettava arvonlis\u00e4vero Espanjassa. Kaikissa muissa tapauksissa kaupoista perit\u00e4\u00e4n kiinteist\u00f6nsiirtovero (Impuesto Sobre Transmisiones Patrimoniales &#8211; ITP) kunkin autonomian m\u00e4\u00e4rittelemien verokantojen mukaisesti. T\u00e4llaisia ovat esimerkiksi monet j\u00e4lkimarkkinoilla tehdyt kiinteist\u00f6kaupat.<\/p>\n<p>Maksettavan veron m\u00e4\u00e4r\u00e4 lasketaan notaarin laatimassa kauppakirjassa ilmoitetusta kiinteist\u00f6n hinnasta.<\/p>\n<h3>ALV 21%<\/h3>\n<ul>\n<li>Keskener\u00e4iset rakennusty\u00f6t (asuin- ja liikekiinteist\u00f6t);<\/li>\n<li>Rakentaminen on saatu p\u00e4\u00e4t\u00f6kseen, mutta rakennusta ei ole otettu k\u00e4ytt\u00f6\u00f6n;<\/li>\n<li>Rakennus, joka on tarkoitus kunnostaa ja myyd\u00e4 my\u00f6hemmin (myyj\u00e4 on oikeushenkil\u00f6);<\/li>\n<li>Rakentaminen on saatu p\u00e4\u00e4t\u00f6kseen, liikekiinteist\u00f6 on otettu k\u00e4ytt\u00f6\u00f6n (ensimyynti ja kaikki my\u00f6hemm\u00e4t j\u00e4lleenmyynnit j\u00e4lkimarkkinoilla);<\/li>\n<li>Rakentaminen on saatu p\u00e4\u00e4t\u00f6kseen, rakennus on otettu k\u00e4ytt\u00f6\u00f6n, autotallipaikka ja\/tai kodinhoitohuoneet on ostettu ***.<\/li>\n<\/ul>\n<h3>ALV 10%<\/h3>\n<ul>\n<li>Rakentaminen on saatu p\u00e4\u00e4t\u00f6kseen, asuinrakennus on otettu k\u00e4ytt\u00f6\u00f6n (huoneistot, yksi\u00f6t, rivitalot), lupa ensisijaiseen asuttamiseen on my\u00f6nnetty;<\/li>\n<li>Rakentaminen on valmis, rakennus on otettu k\u00e4ytt\u00f6\u00f6n, autotallipaikka ja\/tai kodinhoitohuoneet on ostettu*;<\/li>\n<li>Rakentaminen on valmis, asuinrakennus on otettu k\u00e4ytt\u00f6\u00f6n (omakotitalot omalla tontilla)**.<\/li>\n<\/ul>\n<p>Espanjassa 10 prosentin arvonlis\u00e4vero kannetaan autotallipaikan (enint\u00e4\u00e4n 2 paikkaa asuntoa kohti) ja kodinhoitohuoneiden (kellari, ullakko, varastotilat jne.) ostosta ja myynnist\u00e4 edellytt\u00e4en, ett\u00e4 osto tehd\u00e4\u00e4n samanaikaisesti asunnon oston kanssa ja ett\u00e4 t\u00e4m\u00e4 seikka kirjataan samaan kauppakirjaan. Autotallipaikan ja kodinhoitohuoneiden on pakko sijaita samassa rakennuksessa kuin asunto.<\/p>\n<p><strong>**<\/strong> Niin kauan kuin tontin pinta-ala ei ylit\u00e4 5 000 m2. Neli\u00f6metreist\u00e4 alkaen 5.001 ja sit\u00e4 suuremmista maa-alueista verotetaan 21 prosentin arvonlis\u00e4verokannalla.<\/p>\n<p><strong>***<\/strong> Espanjassa 21 prosentin arvonlis\u00e4vero kannetaan autotalli- ja kodinhoitohuoneiden ostosta ja myynnist\u00e4, jos osto ei tapahdu samanaikaisesti asunnon oston kanssa ja\/tai n\u00e4m\u00e4 kiinteist\u00f6t sijaitsevat toisessa rakennuksessa.<\/p>","protected":false},"excerpt":{"rendered":"<p>Espanjan arvonlis\u00e4verosta puhuttaessa on mahdotonta olla mainitsematta erityiskorvausta, joka\u2026<\/p>\n","protected":false},"author":18,"featured_media":451630,"comment_status":"closed","ping_status":"closed","sticky":false,"template":"","format":"standard","meta":{"footnotes":""},"categories":[961],"tags":[],"class_list":["post-451629","post","type-post","status-publish","format-standard","has-post-thumbnail","hentry","category-taxes-and-laws"],"yoast_head":"<!-- This site is optimized with the Yoast SEO plugin v27.4 - https:\/\/yoast.com\/product\/yoast-seo-wordpress\/ -->\n<title>Kaikki ALV:sta Espanjassa<\/title>\n<meta name=\"description\" content=\"ALV on Espanjassa t\u00e4rkein ep\u00e4suora vero. ALV laskutetaan Espanjassa sek\u00e4 tuotteista ett\u00e4 palveluista, ja sen perusarvo on t\u00e4ll\u00e4 hetkell\u00e4 21%. Artikkelimme ei keskity Kanariansaarien, Ceutan tai Melillan vero j\u00e4rjestelyihin, sill\u00e4 n\u00e4m\u00e4 alueet noudattavat tiettyj\u00e4 alueellisia veroja, jotka ovat samankaltaisia ALV:n kanssa.\" \/>\n<meta name=\"robots\" content=\"index, follow, max-snippet:-1, max-image-preview:large, max-video-preview:-1\" \/>\n<link rel=\"canonical\" href=\"https:\/\/alegria-realestate.com\/fi\/wp-json\/wp\/v2\/posts\/451629\" \/>\n<meta property=\"og:locale\" content=\"fi_FI\" \/>\n<meta property=\"og:type\" content=\"article\" \/>\n<meta property=\"og:title\" content=\"Kaikki ALV:sta Espanjassa\" \/>\n<meta property=\"og:description\" content=\"ALV on Espanjassa t\u00e4rkein ep\u00e4suora vero. ALV laskutetaan Espanjassa sek\u00e4 tuotteista ett\u00e4 palveluista, ja sen perusarvo on t\u00e4ll\u00e4 hetkell\u00e4 21%. Artikkelimme ei keskity Kanariansaarien, Ceutan tai Melillan vero j\u00e4rjestelyihin, sill\u00e4 n\u00e4m\u00e4 alueet noudattavat tiettyj\u00e4 alueellisia veroja, jotka ovat samankaltaisia ALV:n kanssa.\" \/>\n<meta property=\"og:url\" content=\"https:\/\/alegria-realestate.com\/fi\/wp-json\/wp\/v2\/posts\/451629\" \/>\n<meta property=\"og:site_name\" content=\"Kiinteist\u00f6 Espanjassa\" \/>\n<meta property=\"article:publisher\" content=\"https:\/\/www.facebook.com\/realestate.alegria\" \/>\n<meta property=\"article:published_time\" content=\"2022-04-28T11:27:55+00:00\" \/>\n<meta property=\"article:modified_time\" content=\"2023-03-10T10:49:59+00:00\" \/>\n<meta property=\"og:image\" content=\"https:\/\/alegria-realestate.com\/wp-content\/uploads\/2022\/04\/All-About-VAT-in-Spain.png\" \/>\n\t<meta property=\"og:image:width\" content=\"780\" \/>\n\t<meta property=\"og:image:height\" content=\"348\" \/>\n\t<meta property=\"og:image:type\" content=\"image\/png\" \/>\n<meta name=\"author\" content=\"\u0421\u0435\u0440\u0433\u0435\u0439 \u0411\u0435\u043a\u0438\u0448\u0435\u0432\" \/>\n<meta name=\"twitter:card\" content=\"summary_large_image\" \/>\n<meta name=\"twitter:creator\" content=\"@alegriarealesta\" \/>\n<meta name=\"twitter:site\" content=\"@alegriarealesta\" \/>\n<script type=\"application\/ld+json\" class=\"yoast-schema-graph\">{\"@context\":\"https:\\\/\\\/schema.org\",\"@graph\":[{\"@type\":\"Article\",\"@id\":\"https:\\\/\\\/alegria-realestate.com\\\/articles\\\/taxes-and-laws\\\/all-about-vat-in-spain-2#article\",\"isPartOf\":{\"@id\":\"https:\\\/\\\/alegria-realestate.com\\\/articles\\\/taxes-and-laws\\\/all-about-vat-in-spain-2\"},\"author\":{\"name\":\"\u0421\u0435\u0440\u0433\u0435\u0439 \u0411\u0435\u043a\u0438\u0448\u0435\u0432\",\"@id\":\"https:\\\/\\\/alegria-realestate.com\\\/#\\\/schema\\\/person\\\/9d285f0a34620d7fb8e3836f93b5522c\"},\"headline\":\"Kaikki ALV:sta Espanjassa\",\"datePublished\":\"2022-04-28T11:27:55+00:00\",\"dateModified\":\"2023-03-10T10:49:59+00:00\",\"mainEntityOfPage\":{\"@id\":\"https:\\\/\\\/alegria-realestate.com\\\/articles\\\/taxes-and-laws\\\/all-about-vat-in-spain-2\"},\"wordCount\":2345,\"publisher\":{\"@id\":\"https:\\\/\\\/alegria-realestate.com\\\/#organization\"},\"image\":{\"@id\":\"https:\\\/\\\/alegria-realestate.com\\\/articles\\\/taxes-and-laws\\\/all-about-vat-in-spain-2#primaryimage\"},\"thumbnailUrl\":\"https:\\\/\\\/alegria-realestate.com\\\/wp-content\\\/uploads\\\/2022\\\/04\\\/All-About-VAT-in-Spain.png\",\"articleSection\":[\"Verot ja lait\"],\"inLanguage\":\"fi\"},{\"@type\":\"WebPage\",\"@id\":\"https:\\\/\\\/alegria-realestate.com\\\/fi\\\/articles\\\/taxes-and-laws\\\/all-about-vat-in-spain-2\",\"url\":\"https:\\\/\\\/alegria-realestate.com\\\/fi\\\/articles\\\/taxes-and-laws\\\/all-about-vat-in-spain-2\",\"name\":\"Kaikki ALV:sta Espanjassa\",\"isPartOf\":{\"@id\":\"https:\\\/\\\/alegria-realestate.com\\\/fi\\\/#website\"},\"primaryImageOfPage\":{\"@id\":\"https:\\\/\\\/alegria-realestate.com\\\/fi\\\/articles\\\/taxes-and-laws\\\/all-about-vat-in-spain-2#primaryimage\"},\"image\":{\"@id\":\"https:\\\/\\\/alegria-realestate.com\\\/articles\\\/taxes-and-laws\\\/all-about-vat-in-spain-2#primaryimage\"},\"thumbnailUrl\":\"https:\\\/\\\/alegria-realestate.com\\\/wp-content\\\/uploads\\\/2022\\\/04\\\/All-About-VAT-in-Spain.png\",\"datePublished\":\"2022-04-28T11:27:55+00:00\",\"dateModified\":\"2023-03-10T10:49:59+00:00\",\"description\":\"ALV on Espanjassa t\u00e4rkein ep\u00e4suora vero. ALV laskutetaan Espanjassa sek\u00e4 tuotteista ett\u00e4 palveluista, ja sen perusarvo on t\u00e4ll\u00e4 hetkell\u00e4 21%. Artikkelimme ei keskity Kanariansaarien, Ceutan tai Melillan vero j\u00e4rjestelyihin, sill\u00e4 n\u00e4m\u00e4 alueet noudattavat tiettyj\u00e4 alueellisia veroja, jotka ovat samankaltaisia ALV:n kanssa.\",\"breadcrumb\":{\"@id\":\"https:\\\/\\\/alegria-realestate.com\\\/fi\\\/articles\\\/taxes-and-laws\\\/all-about-vat-in-spain-2#breadcrumb\"},\"inLanguage\":\"fi\",\"potentialAction\":[{\"@type\":\"ReadAction\",\"target\":[[\"https:\\\/\\\/alegria-realestate.com\\\/fi\\\/articles\\\/taxes-and-laws\\\/all-about-vat-in-spain-2\"]]}]},{\"@type\":\"ImageObject\",\"inLanguage\":\"fi\",\"@id\":\"https:\\\/\\\/alegria-realestate.com\\\/fi\\\/articles\\\/taxes-and-laws\\\/all-about-vat-in-spain-2#primaryimage\",\"url\":\"https:\\\/\\\/alegria-realestate.com\\\/wp-content\\\/uploads\\\/2022\\\/04\\\/All-About-VAT-in-Spain.png\",\"contentUrl\":\"https:\\\/\\\/alegria-realestate.com\\\/wp-content\\\/uploads\\\/2022\\\/04\\\/All-About-VAT-in-Spain.png\",\"width\":780,\"height\":348,\"caption\":\"All About VAT in Spain\"},{\"@type\":\"BreadcrumbList\",\"@id\":\"https:\\\/\\\/alegria-realestate.com\\\/fi\\\/articles\\\/taxes-and-laws\\\/all-about-vat-in-spain-2#breadcrumb\",\"itemListElement\":[{\"@type\":\"ListItem\",\"position\":1,\"name\":\"\u0413\u043b\u0430\u0432\u043d\u0430\u044f \u0441\u0442\u0440\u0430\u043d\u0438\u0446\u0430\",\"item\":\"https:\\\/\\\/alegria-realestate.com\\\/fi\\\/\"},{\"@type\":\"ListItem\",\"position\":2,\"name\":\"All About VAT in Spain\"}]},{\"@type\":\"WebSite\",\"@id\":\"https:\\\/\\\/alegria-realestate.com\\\/fi\\\/#website\",\"url\":\"https:\\\/\\\/alegria-realestate.com\\\/fi\\\/\",\"name\":\"Kiinteist\u00f6 Espanjassa\",\"description\":\"Kiinteist\u00f6t Espanjassa: myynti kaikissa kaupungeissa - Torrevieja, Alicante, Benidorm jne. Autamme sinua ostamaan kiinteist\u00f6j\u00e4 Costa Blancalta - toissijaisia \u200b\u200basuntoja, uusia rakennuksia. Avaimet k\u00e4teen -muotoilu. Kiinteist\u00f6 Costa Blancalla alkaen 80 000 \u20ac.\",\"publisher\":{\"@id\":\"https:\\\/\\\/alegria-realestate.com\\\/fi\\\/#organization\"},\"potentialAction\":[{\"@type\":\"SearchAction\",\"target\":{\"@type\":\"EntryPoint\",\"urlTemplate\":\"https:\\\/\\\/alegria-realestate.com\\\/fi\\\/?s={search_term_string}\"},\"query-input\":{\"@type\":\"PropertyValueSpecification\",\"valueRequired\":true,\"valueName\":\"search_term_string\"}}],\"inLanguage\":\"fi\"},{\"@type\":\"Organization\",\"@id\":\"https:\\\/\\\/alegria-realestate.com\\\/fi\\\/#organization\",\"name\":\"Alegria Realestate\",\"url\":\"https:\\\/\\\/alegria-realestate.com\\\/fi\\\/\",\"logo\":{\"@type\":\"ImageObject\",\"inLanguage\":\"fi\",\"@id\":\"https:\\\/\\\/alegria-realestate.com\\\/fi\\\/#\\\/schema\\\/logo\\\/image\\\/\",\"url\":\"https:\\\/\\\/alegria-realestate.com\\\/wp-content\\\/uploads\\\/2019\\\/08\\\/logo_alegria.png\",\"contentUrl\":\"https:\\\/\\\/alegria-realestate.com\\\/wp-content\\\/uploads\\\/2019\\\/08\\\/logo_alegria.png\",\"width\":1600,\"height\":1403,\"caption\":\"Alegria Realestate\"},\"image\":{\"@id\":\"https:\\\/\\\/alegria-realestate.com\\\/fi\\\/#\\\/schema\\\/logo\\\/image\\\/\"},\"sameAs\":[\"https:\\\/\\\/www.facebook.com\\\/realestate.alegria\",\"https:\\\/\\\/x.com\\\/alegriarealesta\",\"https:\\\/\\\/www.instagram.com\\\/alegriadom\\\/\",\"https:\\\/\\\/www.linkedin.com\\\/profile\\\/view?id=154965227\",\"https:\\\/\\\/www.youtube.com\\\/user\\\/AlegriaRealEstate\"]},{\"@type\":\"Person\",\"@id\":\"https:\\\/\\\/alegria-realestate.com\\\/#\\\/schema\\\/person\\\/9d285f0a34620d7fb8e3836f93b5522c\",\"name\":\"\u0421\u0435\u0440\u0433\u0435\u0439 \u0411\u0435\u043a\u0438\u0448\u0435\u0432\"}]}<\/script>\n<!-- \/ Yoast SEO plugin. -->","yoast_head_json":{"title":"Kaikki ALV:sta Espanjassa","description":"ALV on Espanjassa t\u00e4rkein ep\u00e4suora vero. ALV laskutetaan Espanjassa sek\u00e4 tuotteista ett\u00e4 palveluista, ja sen perusarvo on t\u00e4ll\u00e4 hetkell\u00e4 21%. Artikkelimme ei keskity Kanariansaarien, Ceutan tai Melillan vero j\u00e4rjestelyihin, sill\u00e4 n\u00e4m\u00e4 alueet noudattavat tiettyj\u00e4 alueellisia veroja, jotka ovat samankaltaisia ALV:n kanssa.","robots":{"index":"index","follow":"follow","max-snippet":"max-snippet:-1","max-image-preview":"max-image-preview:large","max-video-preview":"max-video-preview:-1"},"canonical":"https:\/\/alegria-realestate.com\/fi\/wp-json\/wp\/v2\/posts\/451629","og_locale":"fi_FI","og_type":"article","og_title":"Kaikki ALV:sta Espanjassa","og_description":"ALV on Espanjassa t\u00e4rkein ep\u00e4suora vero. ALV laskutetaan Espanjassa sek\u00e4 tuotteista ett\u00e4 palveluista, ja sen perusarvo on t\u00e4ll\u00e4 hetkell\u00e4 21%. Artikkelimme ei keskity Kanariansaarien, Ceutan tai Melillan vero j\u00e4rjestelyihin, sill\u00e4 n\u00e4m\u00e4 alueet noudattavat tiettyj\u00e4 alueellisia veroja, jotka ovat samankaltaisia ALV:n kanssa.","og_url":"https:\/\/alegria-realestate.com\/fi\/wp-json\/wp\/v2\/posts\/451629","og_site_name":"Kiinteist\u00f6 Espanjassa","article_publisher":"https:\/\/www.facebook.com\/realestate.alegria","article_published_time":"2022-04-28T11:27:55+00:00","article_modified_time":"2023-03-10T10:49:59+00:00","og_image":[{"width":780,"height":348,"url":"https:\/\/alegria-realestate.com\/wp-content\/uploads\/2022\/04\/All-About-VAT-in-Spain.png","type":"image\/png"}],"author":"\u0421\u0435\u0440\u0433\u0435\u0439 \u0411\u0435\u043a\u0438\u0448\u0435\u0432","twitter_card":"summary_large_image","twitter_creator":"@alegriarealesta","twitter_site":"@alegriarealesta","schema":{"@context":"https:\/\/schema.org","@graph":[{"@type":"Article","@id":"https:\/\/alegria-realestate.com\/articles\/taxes-and-laws\/all-about-vat-in-spain-2#article","isPartOf":{"@id":"https:\/\/alegria-realestate.com\/articles\/taxes-and-laws\/all-about-vat-in-spain-2"},"author":{"name":"\u0421\u0435\u0440\u0433\u0435\u0439 \u0411\u0435\u043a\u0438\u0448\u0435\u0432","@id":"https:\/\/alegria-realestate.com\/#\/schema\/person\/9d285f0a34620d7fb8e3836f93b5522c"},"headline":"Kaikki ALV:sta Espanjassa","datePublished":"2022-04-28T11:27:55+00:00","dateModified":"2023-03-10T10:49:59+00:00","mainEntityOfPage":{"@id":"https:\/\/alegria-realestate.com\/articles\/taxes-and-laws\/all-about-vat-in-spain-2"},"wordCount":2345,"publisher":{"@id":"https:\/\/alegria-realestate.com\/#organization"},"image":{"@id":"https:\/\/alegria-realestate.com\/articles\/taxes-and-laws\/all-about-vat-in-spain-2#primaryimage"},"thumbnailUrl":"https:\/\/alegria-realestate.com\/wp-content\/uploads\/2022\/04\/All-About-VAT-in-Spain.png","articleSection":["Verot ja lait"],"inLanguage":"fi"},{"@type":"WebPage","@id":"https:\/\/alegria-realestate.com\/fi\/articles\/taxes-and-laws\/all-about-vat-in-spain-2","url":"https:\/\/alegria-realestate.com\/fi\/articles\/taxes-and-laws\/all-about-vat-in-spain-2","name":"Kaikki ALV:sta Espanjassa","isPartOf":{"@id":"https:\/\/alegria-realestate.com\/fi\/#website"},"primaryImageOfPage":{"@id":"https:\/\/alegria-realestate.com\/fi\/articles\/taxes-and-laws\/all-about-vat-in-spain-2#primaryimage"},"image":{"@id":"https:\/\/alegria-realestate.com\/articles\/taxes-and-laws\/all-about-vat-in-spain-2#primaryimage"},"thumbnailUrl":"https:\/\/alegria-realestate.com\/wp-content\/uploads\/2022\/04\/All-About-VAT-in-Spain.png","datePublished":"2022-04-28T11:27:55+00:00","dateModified":"2023-03-10T10:49:59+00:00","description":"ALV on Espanjassa t\u00e4rkein ep\u00e4suora vero. ALV laskutetaan Espanjassa sek\u00e4 tuotteista ett\u00e4 palveluista, ja sen perusarvo on t\u00e4ll\u00e4 hetkell\u00e4 21%. Artikkelimme ei keskity Kanariansaarien, Ceutan tai Melillan vero j\u00e4rjestelyihin, sill\u00e4 n\u00e4m\u00e4 alueet noudattavat tiettyj\u00e4 alueellisia veroja, jotka ovat samankaltaisia ALV:n kanssa.","breadcrumb":{"@id":"https:\/\/alegria-realestate.com\/fi\/articles\/taxes-and-laws\/all-about-vat-in-spain-2#breadcrumb"},"inLanguage":"fi","potentialAction":[{"@type":"ReadAction","target":[["https:\/\/alegria-realestate.com\/fi\/articles\/taxes-and-laws\/all-about-vat-in-spain-2"]]}]},{"@type":"ImageObject","inLanguage":"fi","@id":"https:\/\/alegria-realestate.com\/fi\/articles\/taxes-and-laws\/all-about-vat-in-spain-2#primaryimage","url":"https:\/\/alegria-realestate.com\/wp-content\/uploads\/2022\/04\/All-About-VAT-in-Spain.png","contentUrl":"https:\/\/alegria-realestate.com\/wp-content\/uploads\/2022\/04\/All-About-VAT-in-Spain.png","width":780,"height":348,"caption":"All About VAT in Spain"},{"@type":"BreadcrumbList","@id":"https:\/\/alegria-realestate.com\/fi\/articles\/taxes-and-laws\/all-about-vat-in-spain-2#breadcrumb","itemListElement":[{"@type":"ListItem","position":1,"name":"\u0413\u043b\u0430\u0432\u043d\u0430\u044f \u0441\u0442\u0440\u0430\u043d\u0438\u0446\u0430","item":"https:\/\/alegria-realestate.com\/fi\/"},{"@type":"ListItem","position":2,"name":"All About VAT in Spain"}]},{"@type":"WebSite","@id":"https:\/\/alegria-realestate.com\/fi\/#website","url":"https:\/\/alegria-realestate.com\/fi\/","name":"Kiinteist\u00f6 Espanjassa","description":"Kiinteist\u00f6t Espanjassa: myynti kaikissa kaupungeissa - Torrevieja, Alicante, Benidorm jne. Autamme sinua ostamaan kiinteist\u00f6j\u00e4 Costa Blancalta - toissijaisia \u200b\u200basuntoja, uusia rakennuksia. Avaimet k\u00e4teen -muotoilu. Kiinteist\u00f6 Costa Blancalla alkaen 80 000 \u20ac.","publisher":{"@id":"https:\/\/alegria-realestate.com\/fi\/#organization"},"potentialAction":[{"@type":"SearchAction","target":{"@type":"EntryPoint","urlTemplate":"https:\/\/alegria-realestate.com\/fi\/?s={search_term_string}"},"query-input":{"@type":"PropertyValueSpecification","valueRequired":true,"valueName":"search_term_string"}}],"inLanguage":"fi"},{"@type":"Organization","@id":"https:\/\/alegria-realestate.com\/fi\/#organization","name":"Alegria Realestate","url":"https:\/\/alegria-realestate.com\/fi\/","logo":{"@type":"ImageObject","inLanguage":"fi","@id":"https:\/\/alegria-realestate.com\/fi\/#\/schema\/logo\/image\/","url":"https:\/\/alegria-realestate.com\/wp-content\/uploads\/2019\/08\/logo_alegria.png","contentUrl":"https:\/\/alegria-realestate.com\/wp-content\/uploads\/2019\/08\/logo_alegria.png","width":1600,"height":1403,"caption":"Alegria Realestate"},"image":{"@id":"https:\/\/alegria-realestate.com\/fi\/#\/schema\/logo\/image\/"},"sameAs":["https:\/\/www.facebook.com\/realestate.alegria","https:\/\/x.com\/alegriarealesta","https:\/\/www.instagram.com\/alegriadom\/","https:\/\/www.linkedin.com\/profile\/view?id=154965227","https:\/\/www.youtube.com\/user\/AlegriaRealEstate"]},{"@type":"Person","@id":"https:\/\/alegria-realestate.com\/#\/schema\/person\/9d285f0a34620d7fb8e3836f93b5522c","name":"\u0421\u0435\u0440\u0433\u0435\u0439 \u0411\u0435\u043a\u0438\u0448\u0435\u0432"}]}},"_links":{"self":[{"href":"https:\/\/alegria-realestate.com\/fi\/wp-json\/wp\/v2\/posts\/451629","targetHints":{"allow":["GET"]}}],"collection":[{"href":"https:\/\/alegria-realestate.com\/fi\/wp-json\/wp\/v2\/posts"}],"about":[{"href":"https:\/\/alegria-realestate.com\/fi\/wp-json\/wp\/v2\/types\/post"}],"author":[{"embeddable":true,"href":"https:\/\/alegria-realestate.com\/fi\/wp-json\/wp\/v2\/users\/18"}],"replies":[{"embeddable":true,"href":"https:\/\/alegria-realestate.com\/fi\/wp-json\/wp\/v2\/comments?post=451629"}],"version-history":[{"count":0,"href":"https:\/\/alegria-realestate.com\/fi\/wp-json\/wp\/v2\/posts\/451629\/revisions"}],"wp:featuredmedia":[{"embeddable":true,"href":"https:\/\/alegria-realestate.com\/fi\/wp-json\/wp\/v2\/media\/451630"}],"wp:attachment":[{"href":"https:\/\/alegria-realestate.com\/fi\/wp-json\/wp\/v2\/media?parent=451629"}],"wp:term":[{"taxonomy":"category","embeddable":true,"href":"https:\/\/alegria-realestate.com\/fi\/wp-json\/wp\/v2\/categories?post=451629"},{"taxonomy":"post_tag","embeddable":true,"href":"https:\/\/alegria-realestate.com\/fi\/wp-json\/wp\/v2\/tags?post=451629"}],"curies":[{"name":"wp","href":"https:\/\/api.w.org\/{rel}","templated":true}]}}