{"id":11413,"date":"2016-07-27T01:48:23","date_gmt":"2016-07-26T22:48:23","guid":{"rendered":"https:\/\/alegria-realestate.com\/?p=11413"},"modified":"2025-08-14T19:40:48","modified_gmt":"2025-08-14T16:40:48","slug":"modern-benidorm-in-spain","status":"publish","type":"post","link":"https:\/\/alegria-realestate.com\/fr\/articles\/city-of-spain\/modern-benidorm-in-spain","title":{"rendered":"Benidorm est le New York de la M\u00e9diterran\u00e9e."},"content":{"rendered":"<p><img decoding=\"async\" style=\"display: block; margin-left: auto; margin-right: auto;\" src=\"..\/assets\/frontendfiles\/img\/benidorm-(2).jpg\" alt=\"\" width=\"100%\" \/> Benidorm est une station baln\u00e9aire de la province espagnole d&#39;Alicante (communaut\u00e9 autonome de Valence), situ\u00e9e sur la c\u00f4te m\u00e9diterran\u00e9enne, \u00e0 Marina Baja. Cette zone est la plus dens\u00e9ment peupl\u00e9e. Selon les donn\u00e9es du recensement de 2014, 69 010 personnes vivent dans la commune. Benidorm est consid\u00e9r\u00e9e comme la capitale touristique de Valence. Elle est souvent surnomm\u00e9e la &quot;New York de la M\u00e9diterran\u00e9e&quot;. C&#39;est la ville avec le plus grand nombre de gratte-ciel d&#39;Espagne, et la deuxi\u00e8me au monde apr\u00e8s son &quot;grand fr\u00e8re&quot; en termes de nombre d&#39;immeubles de grande hauteur par m\u00e8tre carr\u00e9. Gr\u00e2ce \u00e0 des plages propres et bien \u00e9quip\u00e9es, ainsi qu&#39;\u00e0 une vie nocturne anim\u00e9e, Benidorm est devenue une m\u00e9ga destination touristique. En \u00e9t\u00e9, environ 400 000 personnes vivent ici ! Sans surprise, la ville se classe au troisi\u00e8me rang apr\u00e8s Madrid et Barcelone en termes de nombre d&#39;h\u00f4tels. <a href=\"\/ru\/sale\/benidorm\">L&#39;immobilier \u00e0 Benidorm<\/a> est tr\u00e8s demand\u00e9, que les \u00e9trangers acqui\u00e8rent \u00e0 la fois comme objet d&#39;investissement pour recevoir des revenus locatifs, et pour leur propre r\u00e9sidence et leurs vacances saisonni\u00e8res.<\/p>\n<h3> Emplacement<\/h3>\n<p> Vous pouvez vous rendre en ville par les autoroutes N-332 et AP-7. Les bus vont souvent ici, et m\u00eame un tram depuis Alicante. Benidorm est situ\u00e9e dans une position g\u00e9ographique plut\u00f4t privil\u00e9gi\u00e9e, ce qui cr\u00e9e ici un microclimat particulier. L&#39;hiver est mod\u00e9r\u00e9, chaud et en \u00e9t\u00e9, une agr\u00e9able fra\u00eecheur souffle de la mer. La ville est entour\u00e9e de montagnes (el Parque Natural de la Sierra Helada \u00e0 l&#39;est, Sierra Cortina et el Puig Campana au nord, el Tossal de la Cala \u00e0 l&#39;ouest), qui la prot\u00e8gent des vents froids. Gr\u00e2ce \u00e0 cet emplacement, vous pouvez nager dans la mer presque toute l&#39;ann\u00e9e. Les plages de Levante, Poniente et MalPas re\u00e7oivent le prix de la plus haute qualit\u00e9 &#8211; le drapeau bleu. La ville est bord\u00e9e par Alfaz del Pi, La Nuc\u00eda, Finestrat, Villajoyosa et Altea. <iframe loading=\"lazy\" src=\"https:\/\/www.google.com\/maps\/embed?pb=!1m18!1m12!1m3!1d49933.430858578715!2d-0.16501499936602457!3d38.53746942233915!2m3!1f0!2f0!3f0!3m2!1i1024!2i768!4f13.1!3m3!1m2!1s0xd6204dca62575c3%3A0x219fa90c0ff26eb5!2zQmVuaWRvcm0sINCQ0LvQuNC60LDQvdGC0LUsINCY0YHQv9Cw0L3QuNGP!5e0!3m2!1sru!2sua!4v1469623996620\" width=\"100%\" height=\"250\" frameborder=\"0\" allowfullscreen=\"allowfullscreen\"><\/iframe><\/p>\n<h3> Climat<\/h3>\n<p> Le climat de Benidorm est subtropical, cependant, en raison de l&#39;influence de la brise m\u00e9diterran\u00e9enne, la chaleur estivale est beaucoup plus facile \u00e0 supporter. La temp\u00e9rature moyenne annuelle est de 18,9\u00b0C. La temp\u00e9rature en hiver varie de 10\u00b0C \u00e0 16 &#8211; 20\u00b0C. En \u00e9t\u00e9, le thermom\u00e8tre peut atteindre 33\u00b0C. Benidorm se caract\u00e9rise \u00e9galement par des &quot;nuits tropicales&quot; chaudes. Il ne pleut pratiquement pas ici, avec un peu plus de 300 mm de pr\u00e9cipitations par an. [cet endroit]<\/p>\n<h3> Histoire de Benidorm<\/h3>\n<p> Des ruines ib\u00e9riques et romaines ont \u00e9t\u00e9 retrouv\u00e9es sur le territoire de la commune. Les historiens sugg\u00e8rent \u00e9galement que les tribus arabes ont r\u00e9gn\u00e9 ici pendant la Reconquista. Cependant, le nom m\u00eame &quot;Benidorm&quot; appara\u00eet pour la premi\u00e8re fois dans le Livre des Actes (Llibre dels Feyts) de Jacques Ier d&#39;Aragon, qui a conquis cette partie de la province d&#39;Alicante en 1245. Cette partie de la r\u00e9gion a \u00e9t\u00e9 plac\u00e9e sous le commandement de l&#39;amiral Bernardode Sarri\u00e1, consid\u00e9r\u00e9 comme le fondateur de la ville. Le 8 mai 1325, il signe le document &quot;Carta Puebla&quot;, qui d\u00e9finit les limites de la ville. L&#39;\u00e9lite dirigeante craignait que les habitants de la r\u00e9gion ne soutiennent le pouvoir des Nasrides, alors le ch\u00e2teau avec les terres environnantes fut rapidement transform\u00e9 en ville. La population de Benidorm souffrait d&#39;attaques constantes de pirates. En 1448, les Berb\u00e8res ont r\u00e9duit en esclavage la plupart des habitants. Au moment du soul\u00e8vement des corporations de m\u00e9tiers en 1520, il n&#39;y avait pratiquement plus personne dans la ville. Au XVIe si\u00e8cle, Benidorm revient sous les auspices de la couronne espagnole. En 1666, \u00e0 l&#39;initiative de Beatriu Fajardode Mendoza, le souverain de Polop et Benidorm, un nouveau d\u00e9cret a \u00e9t\u00e9 cr\u00e9\u00e9, qui a proclam\u00e9 la ville une municipalit\u00e9. La cr\u00e9ation du canal d&#39;irrigation Rec Majordel&#39;Alf\u00e0s assura l&#39;ind\u00e9pendance \u00e9conomique de la nouvelle entit\u00e9 g\u00e9opolitique, et la population passa de 216 habitants en 1715 \u00e0 2 700 \u00e0 la fin du XVIIIe si\u00e8cle. Les gens \u00e9taient engag\u00e9s dans la p\u00eache et le thon \u00e9tait la base de cette industrie. Pendant la guerre d&#39;ind\u00e9pendance, les troupes napol\u00e9oniennes ont profan\u00e9 le cimeti\u00e8re et captur\u00e9 le ch\u00e2teau de Benidorm, qui a ensuite \u00e9t\u00e9 en partie d\u00e9truit par les Britanniques. Au XIXe si\u00e8cle, la station baln\u00e9aire Balneario dela Virgendel Sufragio a \u00e9t\u00e9 ouverte dans la ville. \u00c0 partir de ce moment, Benidorm a commenc\u00e9 \u00e0 se transformer en un centre touristique. Peu \u00e0 peu, une connexion de transport a \u00e9t\u00e9 \u00e9tablie avec Madrid et Alicante, ce qui a assur\u00e9 l&#39;acc\u00e8s de plus de personnes \u00e0 la ville. Dans le m\u00eame temps, avec la perte des derni\u00e8res colonies d&#39;outre-mer en 1898 (Cuba, Porto Rico et les Philippines), et apr\u00e8s l&#39;invasion d\u00e9vastatrice du phyllox\u00e9ra au d\u00e9but du XXe si\u00e8cle, des industries telles que l&#39;agriculture et le commerce ont commenc\u00e9 \u00e0 d\u00e9cliner. Tout cela a provoqu\u00e9 un nouveau processus de migration dans la r\u00e9gion. Les gens se sont rendus \u00e0 Cuba, sur la c\u00f4te de Cadix ou \u00e0 Barcelone. A cette \u00e9poque, de grands ports apparaissent \u00e0 Benidorm et les premi\u00e8res maisons sur la Playa de Levante. Apr\u00e8s la fin de la guerre civile, l&#39;industrie de la ville s&#39;est progressivement r\u00e9tablie. Les gens sont retourn\u00e9s \u00e0 la p\u00eache et \u00e0 l&#39;agriculture traditionnelles. En 1956, gr\u00e2ce aux efforts du maire Pedro Zaragoza Orts, le conseil municipal a approuv\u00e9 un nouveau plan de la ville, selon lequel l&#39;infrastructure touristique a commenc\u00e9 \u00e0 se d\u00e9velopper dans la ville. De larges avenues ont \u00e9t\u00e9 construites, des maisons ont \u00e9t\u00e9 \u00e9rig\u00e9es et des zones de loisirs sont apparues. Depuis lors, le tourisme a \u00e9t\u00e9 l&#39;\u00e9pine dorsale de la prosp\u00e9rit\u00e9 de la ville. Les touristes \u00e9trangers ont commenc\u00e9 \u00e0 venir de plus en plus souvent \u00e0 Benidorm, et apr\u00e8s l&#39;ouverture de l&#39;a\u00e9roport d&#39;Alicante-Elche en 1967, leur nombre a consid\u00e9rablement augment\u00e9. \u00c0 cet \u00e9gard, en 1986, le maire Manuel Catal\u00e1n Chana, en collaboration avec l&#39;architecte Juan Jos\u00e9 Chiner Vives, a consid\u00e9rablement modifi\u00e9 et \u00e9largi le plan de d\u00e9veloppement de la ville. Actuellement, Benidorm est l&#39;une des villes touristiques les plus populaires de la c\u00f4te m\u00e9diterran\u00e9enne.<\/p>\n<h3> Immobilier \u00e0 Benidorm<\/h3>\n<p> Les <a href=\"https:\/\/alegria-realestate.com\/ru\/sale\/benidorm\/villa\">villas de luxe \u00e0 Benidorm<\/a> surplombant la mer et la belle ville sont devenues un morceau savoureux pour les investisseurs et les amoureux d&#39;une vie confortable. Nous ne pouvions pas ignorer les demandes de nos clients et avons lanc\u00e9 plusieurs projets de construction de maisons de luxe. Dans un avenir proche, la construction de plus d&#39;une centaine de maisons de l&#39;entreprise de construction Alegria Construcciones sera achev\u00e9e. Consultez notre catalogue <a href=\"\/ru\/sale\">de biens immobiliers en Espagne<\/a> , en particulier des maisons et des <a href=\"https:\/\/alegria-realestate.com\/ru\/sale\/benidorm\/apartments\">appartements \u00e0 Benidorm<\/a> , <a href=\"https:\/\/alegria-realestate.com\/ru\/sale\/alicante\/apartments\">des biens immobiliers \u00e0 Alicante<\/a> et <a href=\"\/ru\/sale\/torrevieja\">Torrevieja<\/a> , pour trouver la maison qui deviendra votre forteresse, votre foyer et votre nid douillet sous le chaud soleil espagnol. [cet endroit] <img decoding=\"async\" style=\"display: block; margin-left: auto; margin-right: auto;\" src=\"https:\/\/vtorrevieje.com\/assets\/images\/files\/benidorm\/benidorm_panorama.jpg\" alt=\"\" width=\"100%\" \/> <span style=\"font-size: 16px;\">La population de Benidorm est de 69 010 habitants (en 2014). La grande majorit\u00e9 des \u00e9trangers vivent dans la ville sans \u00eatre enregistr\u00e9s, les statisticiens sugg\u00e8rent donc que ce chiffre atteint en fait au moins 100 000 personnes. Cependant, 29,3 % de la population enregistr\u00e9e en 2007 \u00e9taient des citoyens \u00e9trangers de l&#39;Union europ\u00e9enne, en particulier d&#39;origine britannique.<\/span> D\u00e9mographie et urbanisation Benidorm est le centre de la vie touristique sur la c\u00f4te en raison de son climat chaud, des temp\u00e9ratures mod\u00e9r\u00e9es tout au long de l&#39;ann\u00e9e. Depuis le milieu du XXe si\u00e8cle, la ville conna\u00eet des transformations architecturales extraordinaires. Que vaut le nombre de gratte-ciel\u00a0! En ce sens, Benidorm est juste derri\u00e8re Manhattan. Certains h\u00f4tels sont reconnus comme les b\u00e2timents les plus hauts d&#39;Europe, par exemple, l&#39;h\u00f4tel Bali III &#8211; 186 m\u00e8tres, l&#39;h\u00f4tel In Tempo &#8211; 192 m\u00e8tres.<\/p>\n<h3> Monuments et curiosit\u00e9s.<\/h3>\n<ul>\n<li> Tour Puntadel Cavall. La tour a \u00e9t\u00e9 d\u00e9clar\u00e9e bien d&#39;int\u00e9r\u00eat culturel. Situ\u00e9 \u00e0 la Punta de les Caletes ou Punta del Cavall, d&#39;o\u00f9 le deuxi\u00e8me nom de la tour (Torre de les Caletes). Une partie du Parc naturel de la Sierra Helada. <img decoding=\"async\" style=\"display: block; margin-left: auto; margin-right: auto;\" src=\"https:\/\/vtorrevieje.com\/assets\/images\/files\/benidorm\/Torre Puntadel Cavall.jpg\" alt=\"\" width=\"100%\" \/><\/li>\n<li> Tossal de la Cala (III-I si\u00e8cles av. J.-C.). Une ancienne colonie ib\u00e9rique, a servi comme l&#39;un des points commerciaux. <img decoding=\"async\" style=\"display: block; margin-left: auto; margin-right: auto;\" src=\"https:\/\/vtorrevieje.com\/assets\/images\/files\/benidorm\/Tossal de la Cala.jpg\" alt=\"\" width=\"100%\" \/><\/li>\n<li> El Mirador de la Punta del Canfali. Une forteresse dans la roche qui s\u00e9pare les deux plages, qui servait de d\u00e9fense contre les incursions des Berb\u00e8res et des pirates alg\u00e9riens aux XIVe, XVe et XVIe si\u00e8cles. Plus tard, le ch\u00e2teau a \u00e9t\u00e9 abandonn\u00e9, seuls quelques vestiges des murs, \u00e9galement connus sous le nom de balcon m\u00e9diterran\u00e9en (balc\u00f3n del Mediterr\u00e1neo), ont surv\u00e9cu \u00e0 ce jour. <img decoding=\"async\" style=\"display: block; margin-left: auto; margin-right: auto;\" src=\"https:\/\/vtorrevieje.com\/assets\/images\/files\/benidorm\/El Mirador de la Punta del Canfali.jpg\" alt=\"\" width=\"100%\" \/><\/li>\n<li> Iglesia de San Jaime et Santa Ana. L&#39;\u00e9glise est situ\u00e9e dans la vieille ville, au sommet de la colline de Canfali. La construction a \u00e9t\u00e9 r\u00e9alis\u00e9e de 1740 \u00e0 1780. <img decoding=\"async\" style=\"display: block; margin-left: auto; margin-right: auto;\" src=\"https:\/\/vtorrevieje.com\/assets\/images\/files\/benidorm\/Iglesia de San Jaime y Santa Ana.jpg\" alt=\"\" width=\"100%\" \/><\/li>\n<li> Isla de los Periodistas. L&#39;Illa, \u00e9galement connue comme l&#39;\u00eele des journalistes, attire de nombreux touristes. Il existe des l\u00e9gendes sur l&#39;origine et le pass\u00e9 h\u00e9ro\u00efque de l&#39;\u00eele. L&#39;un d&#39;eux raconte l&#39;amour du g\u00e9ant Rold\u00e1n pour une belle dame. Un jour, la bien-aim\u00e9e de Rold\u00e1n tomba malade et seuls les rayons du soleil pouvaient gu\u00e9rir la maladie. Voulant arr\u00eater le coucher du soleil, le g\u00e9ant a frapp\u00e9 le mont Puig avec son poing. Une fissure s&#39;est form\u00e9e et un morceau de roche est tomb\u00e9 et est tomb\u00e9 dans la mer, formant l&#39;\u00eele de L&#39;Illa. Cependant, la maladie ne s&#39;est pas calm\u00e9e et la femme est d\u00e9c\u00e9d\u00e9e. Le c\u0153ur bris\u00e9, Rold\u00e1n a pris le corps de sa bien-aim\u00e9e et s&#39;est retir\u00e9 sur l&#39;\u00eele pour \u00eatre seul avec elle. Vue de la mer, cette \u00eele a un aspect triangulaire, sa superficie est de 6,57 hectares. Il n&#39;y a pratiquement pas de sol fertile ici, ce qui est un facteur limitant la pr\u00e9sence de v\u00e9g\u00e9tation. <img decoding=\"async\" style=\"display: block; margin-left: auto; margin-right: auto;\" src=\"https:\/\/vtorrevieje.com\/assets\/images\/files\/benidorm\/Isla de los Periodistas.jpg\" alt=\"\" width=\"100%\" \/><\/li>\n<li> \u00cele Mijana. \u00cele. La Creu. La mission d&#39;\u00e9vang\u00e9lisation s&#39;est termin\u00e9e en 1962 avec l&#39;\u00e9rection d&#39;une croix au sommet de la Serra Gel\u00e0. Aujourd&#39;hui, une vari\u00e9t\u00e9 de personnes viennent ici: touristes, p\u00e8lerins, vacanciers, envie de selfies uniques. Le panorama ici est vraiment incroyable.<\/li>\n<\/ul>\n<h3> Vacances \u00e0 Benidorm<\/h3>\n<p> La R\u00e9surrection du Christ est l&#39;une des principales f\u00eates de la commune. Selon la tradition du village de p\u00eacheurs, les six confr\u00e9ries, r\u00e9unies dans la Grande Assembl\u00e9e (Junta Mayorde Cofrad\u00edas y Hermandades), d\u00e9filent dans les rues de la ville en une procession solennelle. C&#39;est ainsi que les gens remercient J\u00e9sus et encouragent tout le monde \u00e0 s&#39;unir. Benidorm est une ville o\u00f9 les vacances sont d&#39;une grande importance et jouent un r\u00f4le important dans la vie de ses habitants. En novembre, pendant cinq jours, les gens c\u00e9l\u00e8brent les jours des patrons et des saints : la vierge la Virgen del Sufragio et l&#39;ap\u00f4tre Jacques (San Jaime Ap\u00f3ostl). Les principales c\u00e9l\u00e9brations ont lieu sur la plage la Playa de Poniente. Selon la l\u00e9gende, en mars 1740, un navire s&#39;\u00e9choua dans la baie de Benidorm lors d&#39;une temp\u00eate. Craignant une \u00e9pid\u00e9mie, les gens ont d\u00e9cid\u00e9 de br\u00fbler &quot;l&#39;invit\u00e9 non invit\u00e9&quot;. Dans un tas de cendres, les gar\u00e7ons ont trouv\u00e9 l&#39;image de la Vierge, en l&#39;honneur de laquelle l&#39;\u00e9glise et la chapelle ont \u00e9t\u00e9 construites. Malgr\u00e9 le fait que les \u00e9v\u00e9nements aient eu lieu au printemps, les c\u00e9l\u00e9brations ont \u00e9t\u00e9 report\u00e9es \u00e0 l&#39;automne, lorsque la majeure partie des p\u00eacheurs rentrent chez eux. Ils c\u00e9l\u00e8brent \u00e9galement No\u00ebl ici, attendent les Trois Rois, br\u00fblent des feux de joie \u00e0 San Juan en juin et organisent des reconstitutions historiques des batailles des Maures et des Chr\u00e9tiens. Les festivals et les jours f\u00e9ri\u00e9s sont ici presque tous les jours, car en plus des jours f\u00e9ri\u00e9s, il y a aussi des jours f\u00e9ri\u00e9s et des festivals locaux. Compte tenu du fait que la ville a une culture diversifi\u00e9e, des vacances qui ne sont pas traditionnelles pour l&#39;Espagne sont parfois c\u00e9l\u00e9br\u00e9es ici. Pendant l&#39;\u00e9t\u00e9, la ville est immerg\u00e9e dans la musique car elle accueille le festival international Low Cost. <img decoding=\"async\" style=\"display: block; margin-left: auto; margin-right: auto;\" src=\"https:\/\/vtorrevieje.com\/assets\/images\/files\/images\/dostoprimechtelnosti.jpg\" alt=\"\" width=\"100%\" \/><\/p>\n<h3> Comment se rendre en ville<\/h3>\n<p> Benidorm est accessible depuis l&#39;autoroute N-332 ou AP-7, via Poniente-Terra M\u00edtica (65A) et Levante (65). Des bus interurbains partent d&#39;Alicante, Valence, Madrid, Cantabrie, Pays Basque, Navarre, La Rioja, etc. Les gares routi\u00e8res sont situ\u00e9es \u00e0 la sortie de Benidorm devant la caserne des pompiers, au palais de justice (Palacio de Justicia), pr\u00e8s du palais des sports &quot;Illa de Benidorm&quot;, du complexe \u00e9ducatif &quot;Salto del Agua&quot;. Benidorm est accessible en train depuis Alicante et Denia. Vous pouvez vous d\u00e9placer dans la ville en bus ou en taxi. La compagnie de bus Llorente, connue sous le nom de &quot;gua-gua&quot;, assure \u00e9galement le transport vers les points suivants\u00a0: Alfaz del Pi, el Albir, Altea, Finestrat, La Nuc\u00eda, la cala de Finestrat, Villajoyosa, el Castillo de Guadalest. Le port de la ville est situ\u00e9 entre les plages de Playas de Levante y Peque\u00f1a et la Playa de Poniente.<\/p>\n<h3> Personnalit\u00e9s c\u00e9l\u00e8bres<\/h3>\n<ul>\n<li> Jos\u00e9 P\u00e9rez Fuster (1856-1933) : M\u00e9decin, directeur de l&#39;Institut Municipal d&#39;Hygi\u00e8ne de Valence. Introduction de la vaccination contre la dipht\u00e9rie sur le territoire de l&#39;UA de Valence.<\/li>\n<li> Pedro Zaragoza Orts : (1922-2008) Avocat, maire de la ville. Combattant pour le d\u00e9veloppement de Benidorm en tant que centre touristique.<\/li>\n<li> Francisco Orts Llorca : MD, professeur d&#39;anatomie,<\/li>\n<li> Guillermo Amor : Footballeur du FC Barcelone, joueur de l&#39;\u00e9quipe nationale.<\/li>\n<li> Antonio L\u00f3pez Guerrero : Footballeur de l&#39;Atl\u00e9ticode Madrid, RCD Mallorca, joueur de l&#39;\u00e9quipe nationale.<\/li>\n<li> Pere Maria Orts i Bosch : Historien. N&#39;est pas n\u00e9 \u00e0 Benidorm, cependant, est son citoyen d&#39;honneur.<\/li>\n<li> Miguel Fuster : Athl\u00e8te, pilote de course.<\/li>\n<li> Leire Paj\u00edn : Politicienne, secr\u00e9taire d&#39;\u00c9tat \u00e0 la Coop\u00e9ration internationale, ministre de la Sant\u00e9, de la Politique sociale et de l&#39;\u00c9galit\u00e9 du gouvernement espagnol.<\/li>\n<li> Gema Amor P\u00e9rez, homme politique, ancien ministre de Valence.<\/li>\n<\/ul>\n<h3> Vie politique<\/h3>\n<p> Aux \u00e9lections de 1991, le PSPV-PSOE (Parti socialiste) obtient la majorit\u00e9, fournissant 11 conseillers contre 10 au PP (Parti populaire). Cependant, d\u00e9j\u00e0 en novembre de la m\u00eame ann\u00e9e, le repr\u00e9sentant du Parti populaire, Eduardo Zaplana, a re\u00e7u le fauteuil du chef de la ville. En 2011, le PSPV-PSOE et le PP ont chacun obtenu 11 si\u00e8ges au conseil municipal. Ce dernier a form\u00e9 une coalition avec le CDL, et les socialistes se sont retrouv\u00e9s en minorit\u00e9. En 2015, les \u00e9lecteurs ont de nouveau install\u00e9 un repr\u00e9sentant du Parti populaire, Antonio P\u00e9rez P\u00e9rez, comme maire. Eh bien, maintenant que vous en savez d\u00e9j\u00e0 beaucoup sur Benidorm, nous vous invitons \u00e0 lire un article sur un prestigieux quartier de vie et d&#39;affaires \u00e0 proximit\u00e9 : <a href=\"about\/news\/finestrat-(benidorm)-prestigious-area-for-living-and-business-in-spain.html\">\u00e0 propos de Finestrat<\/a> . Si vous r\u00eavez d&#39;une belle maison en Espagne au meilleur prix comp\u00e9titif, ne remettez pas votre r\u00eave \u00e0 demain, contactez-nous d\u00e8s maintenant et nous r\u00e9pondrons \u00e0 toutes vos questions sur l&#39;achat d&#39;une propri\u00e9t\u00e9 \u00e0 Benidorm, ainsi que d&#39;une <a href=\"\/ru\/\">propri\u00e9t\u00e9 sur la Costa Blanca<\/a> : T\u00e9l\u00e9phone : <a href=\"tel: +34672007801\">+34 672 00 78 01<\/a> Courriel : <a href=\"mailto:yan@alegria-realestate.com\">yan@alegria-realestate.com<\/a> <iframe loading=\"lazy\" src=\"https:\/\/www.youtube.com\/embed\/sp6nSk06eIA\" width=\"100%\" height=\"400\" frameborder=\"0\" allowfullscreen=\"allowfullscreen\"><\/iframe> Source : <a href=\"https:\/\/ru.wikipedia.org\" target=\"_blank\" rel=\"noopener noreferrer\">www.wikipedia.org<\/a><\/p>","protected":false},"excerpt":{"rendered":"<p>Benidorm est une station baln\u00e9aire de la province espagnole\u2026<\/p>\n","protected":false},"author":1,"featured_media":11414,"comment_status":"closed","ping_status":"closed","sticky":false,"template":"","format":"standard","meta":{"footnotes":""},"categories":[1,747],"tags":[],"class_list":["post-11413","post","type-post","status-publish","format-standard","has-post-thumbnail","hentry","category-articles","category-city-of-spain"],"yoast_head":"<!-- This site is optimized with the Yoast SEO plugin v27.5 - https:\/\/yoast.com\/product\/yoast-seo-wordpress\/ -->\n<title>Benidorm est le New York de la M\u00e9diterran\u00e9e.<\/title>\n<meta name=\"robots\" content=\"index, follow, max-snippet:-1, max-image-preview:large, max-video-preview:-1\" \/>\n<link rel=\"canonical\" href=\"https:\/\/alegria-realestate.com\/fr\/wp-json\/wp\/v2\/posts\/11413\" \/>\n<meta property=\"og:locale\" content=\"fr_FR\" \/>\n<meta property=\"og:type\" content=\"article\" \/>\n<meta property=\"og:title\" content=\"Benidorm est le New York de la M\u00e9diterran\u00e9e.\" \/>\n<meta property=\"og:description\" content=\"Benidorm est une station baln\u00e9aire de la province espagnole\u2026\" \/>\n<meta property=\"og:url\" content=\"https:\/\/alegria-realestate.com\/fr\/wp-json\/wp\/v2\/posts\/11413\" \/>\n<meta property=\"og:site_name\" content=\"Immobilier en Espagne\" \/>\n<meta property=\"article:publisher\" content=\"https:\/\/www.facebook.com\/realestate.alegria\" \/>\n<meta property=\"article:published_time\" content=\"2016-07-26T22:48:23+00:00\" \/>\n<meta property=\"article:modified_time\" content=\"2025-08-14T16:40:48+00:00\" \/>\n<meta property=\"og:image\" content=\"https:\/\/alegria-realestate.com\/wp-content\/uploads\/2019\/02\/benidorm-2.jpg\" \/>\n\t<meta property=\"og:image:width\" content=\"640\" \/>\n\t<meta property=\"og:image:height\" content=\"400\" \/>\n\t<meta property=\"og:image:type\" content=\"image\/jpeg\" \/>\n<meta name=\"author\" content=\"stass\" \/>\n<meta name=\"twitter:card\" content=\"summary_large_image\" \/>\n<meta name=\"twitter:creator\" content=\"@alegriarealesta\" \/>\n<meta name=\"twitter:site\" content=\"@alegriarealesta\" \/>\n<script type=\"application\/ld+json\" class=\"yoast-schema-graph\">{\"@context\":\"https:\\\/\\\/schema.org\",\"@graph\":[{\"@type\":\"Article\",\"@id\":\"https:\\\/\\\/alegria-realestate.com\\\/articles\\\/city-of-spain\\\/modern-benidorm-in-spain#article\",\"isPartOf\":{\"@id\":\"https:\\\/\\\/alegria-realestate.com\\\/articles\\\/city-of-spain\\\/modern-benidorm-in-spain\"},\"author\":{\"name\":\"stass\",\"@id\":\"https:\\\/\\\/alegria-realestate.com\\\/#\\\/schema\\\/person\\\/8710ba0d07d2af258b1610931398d861\"},\"headline\":\"Benidorm est le New York de la M\u00e9diterran\u00e9e.\",\"datePublished\":\"2016-07-26T22:48:23+00:00\",\"dateModified\":\"2025-08-14T16:40:48+00:00\",\"mainEntityOfPage\":{\"@id\":\"https:\\\/\\\/alegria-realestate.com\\\/articles\\\/city-of-spain\\\/modern-benidorm-in-spain\"},\"wordCount\":15675,\"publisher\":{\"@id\":\"https:\\\/\\\/alegria-realestate.com\\\/#organization\"},\"image\":{\"@id\":\"https:\\\/\\\/alegria-realestate.com\\\/articles\\\/city-of-spain\\\/modern-benidorm-in-spain#primaryimage\"},\"thumbnailUrl\":\"https:\\\/\\\/alegria-realestate.com\\\/wp-content\\\/uploads\\\/2019\\\/02\\\/benidorm-2.jpg\",\"articleSection\":[\"Blog\",\"Villes d\u2019Espagne\"],\"inLanguage\":\"fr-FR\"},{\"@type\":\"WebPage\",\"@id\":\"https:\\\/\\\/alegria-realestate.com\\\/fr\\\/articles\\\/city-of-spain\\\/modern-benidorm-in-spain\",\"url\":\"https:\\\/\\\/alegria-realestate.com\\\/fr\\\/articles\\\/city-of-spain\\\/modern-benidorm-in-spain\",\"name\":\"Benidorm est le New York de la M\u00e9diterran\u00e9e.\",\"isPartOf\":{\"@id\":\"https:\\\/\\\/alegria-realestate.com\\\/fr\\\/#website\"},\"primaryImageOfPage\":{\"@id\":\"https:\\\/\\\/alegria-realestate.com\\\/fr\\\/articles\\\/city-of-spain\\\/modern-benidorm-in-spain#primaryimage\"},\"image\":{\"@id\":\"https:\\\/\\\/alegria-realestate.com\\\/articles\\\/city-of-spain\\\/modern-benidorm-in-spain#primaryimage\"},\"thumbnailUrl\":\"https:\\\/\\\/alegria-realestate.com\\\/wp-content\\\/uploads\\\/2019\\\/02\\\/benidorm-2.jpg\",\"datePublished\":\"2016-07-26T22:48:23+00:00\",\"dateModified\":\"2025-08-14T16:40:48+00:00\",\"breadcrumb\":{\"@id\":\"https:\\\/\\\/alegria-realestate.com\\\/fr\\\/articles\\\/city-of-spain\\\/modern-benidorm-in-spain#breadcrumb\"},\"inLanguage\":\"fr-FR\",\"potentialAction\":[{\"@type\":\"ReadAction\",\"target\":[[\"https:\\\/\\\/alegria-realestate.com\\\/fr\\\/articles\\\/city-of-spain\\\/modern-benidorm-in-spain\"]]}]},{\"@type\":\"ImageObject\",\"inLanguage\":\"fr-FR\",\"@id\":\"https:\\\/\\\/alegria-realestate.com\\\/fr\\\/articles\\\/city-of-spain\\\/modern-benidorm-in-spain#primaryimage\",\"url\":\"https:\\\/\\\/alegria-realestate.com\\\/wp-content\\\/uploads\\\/2019\\\/02\\\/benidorm-2.jpg\",\"contentUrl\":\"https:\\\/\\\/alegria-realestate.com\\\/wp-content\\\/uploads\\\/2019\\\/02\\\/benidorm-2.jpg\",\"width\":640,\"height\":400},{\"@type\":\"BreadcrumbList\",\"@id\":\"https:\\\/\\\/alegria-realestate.com\\\/fr\\\/articles\\\/city-of-spain\\\/modern-benidorm-in-spain#breadcrumb\",\"itemListElement\":[{\"@type\":\"ListItem\",\"position\":1,\"name\":\"\u0413\u043b\u0430\u0432\u043d\u0430\u044f \u0441\u0442\u0440\u0430\u043d\u0438\u0446\u0430\",\"item\":\"https:\\\/\\\/alegria-realestate.com\\\/fr\\\/\"},{\"@type\":\"ListItem\",\"position\":2,\"name\":\"\u0411\u0435\u043d\u0438\u0434\u043e\u0440\u043c \u2013 \u00ab\u041d\u044c\u044e-\u0419\u043e\u0440\u043a \u0421\u0440\u0435\u0434\u0438\u0437\u0435\u043c\u043d\u043e\u043c\u043e\u0440\u044c\u044f\u00bb.\"}]},{\"@type\":\"WebSite\",\"@id\":\"https:\\\/\\\/alegria-realestate.com\\\/fr\\\/#website\",\"url\":\"https:\\\/\\\/alegria-realestate.com\\\/fr\\\/\",\"name\":\"Immobilier en Espagne\",\"description\":\"Immobilier en Espagne : ventes dans toutes les villes - Torrevieja, Alicante, Benidorm, etc. Nous vous aiderons \u00e0 acheter un bien immobilier sur la Costa Blanca - logements secondaires, b\u00e2timents neufs. Conception cl\u00e9 en main. Propri\u00e9t\u00e9 sur la Costa Blanca \u00e0 partir de 80 000 \u20ac.\",\"publisher\":{\"@id\":\"https:\\\/\\\/alegria-realestate.com\\\/fr\\\/#organization\"},\"potentialAction\":[{\"@type\":\"SearchAction\",\"target\":{\"@type\":\"EntryPoint\",\"urlTemplate\":\"https:\\\/\\\/alegria-realestate.com\\\/fr\\\/?s={search_term_string}\"},\"query-input\":{\"@type\":\"PropertyValueSpecification\",\"valueRequired\":true,\"valueName\":\"search_term_string\"}}],\"inLanguage\":\"fr-FR\"},{\"@type\":\"Organization\",\"@id\":\"https:\\\/\\\/alegria-realestate.com\\\/fr\\\/#organization\",\"name\":\"Alegria Realestate\",\"url\":\"https:\\\/\\\/alegria-realestate.com\\\/fr\\\/\",\"logo\":{\"@type\":\"ImageObject\",\"inLanguage\":\"fr-FR\",\"@id\":\"https:\\\/\\\/alegria-realestate.com\\\/fr\\\/#\\\/schema\\\/logo\\\/image\\\/\",\"url\":\"https:\\\/\\\/alegria-realestate.com\\\/wp-content\\\/uploads\\\/2019\\\/08\\\/logo_alegria.png\",\"contentUrl\":\"https:\\\/\\\/alegria-realestate.com\\\/wp-content\\\/uploads\\\/2019\\\/08\\\/logo_alegria.png\",\"width\":1600,\"height\":1403,\"caption\":\"Alegria Realestate\"},\"image\":{\"@id\":\"https:\\\/\\\/alegria-realestate.com\\\/fr\\\/#\\\/schema\\\/logo\\\/image\\\/\"},\"sameAs\":[\"https:\\\/\\\/www.facebook.com\\\/realestate.alegria\",\"https:\\\/\\\/x.com\\\/alegriarealesta\",\"https:\\\/\\\/www.instagram.com\\\/alegriadom\\\/\",\"https:\\\/\\\/www.linkedin.com\\\/profile\\\/view?id=154965227\",\"https:\\\/\\\/www.youtube.com\\\/user\\\/AlegriaRealEstate\"]},{\"@type\":\"Person\",\"@id\":\"https:\\\/\\\/alegria-realestate.com\\\/#\\\/schema\\\/person\\\/8710ba0d07d2af258b1610931398d861\",\"name\":\"stass\"}]}<\/script>\n<!-- \/ Yoast SEO plugin. -->","yoast_head_json":{"title":"Benidorm est le New York de la M\u00e9diterran\u00e9e.","robots":{"index":"index","follow":"follow","max-snippet":"max-snippet:-1","max-image-preview":"max-image-preview:large","max-video-preview":"max-video-preview:-1"},"canonical":"https:\/\/alegria-realestate.com\/fr\/wp-json\/wp\/v2\/posts\/11413","og_locale":"fr_FR","og_type":"article","og_title":"Benidorm est le New York de la M\u00e9diterran\u00e9e.","og_description":"Benidorm est une station baln\u00e9aire de la province espagnole\u2026","og_url":"https:\/\/alegria-realestate.com\/fr\/wp-json\/wp\/v2\/posts\/11413","og_site_name":"Immobilier en Espagne","article_publisher":"https:\/\/www.facebook.com\/realestate.alegria","article_published_time":"2016-07-26T22:48:23+00:00","article_modified_time":"2025-08-14T16:40:48+00:00","og_image":[{"width":640,"height":400,"url":"https:\/\/alegria-realestate.com\/wp-content\/uploads\/2019\/02\/benidorm-2.jpg","type":"image\/jpeg"}],"author":"stass","twitter_card":"summary_large_image","twitter_creator":"@alegriarealesta","twitter_site":"@alegriarealesta","schema":{"@context":"https:\/\/schema.org","@graph":[{"@type":"Article","@id":"https:\/\/alegria-realestate.com\/articles\/city-of-spain\/modern-benidorm-in-spain#article","isPartOf":{"@id":"https:\/\/alegria-realestate.com\/articles\/city-of-spain\/modern-benidorm-in-spain"},"author":{"name":"stass","@id":"https:\/\/alegria-realestate.com\/#\/schema\/person\/8710ba0d07d2af258b1610931398d861"},"headline":"Benidorm est le New York de la M\u00e9diterran\u00e9e.","datePublished":"2016-07-26T22:48:23+00:00","dateModified":"2025-08-14T16:40:48+00:00","mainEntityOfPage":{"@id":"https:\/\/alegria-realestate.com\/articles\/city-of-spain\/modern-benidorm-in-spain"},"wordCount":15675,"publisher":{"@id":"https:\/\/alegria-realestate.com\/#organization"},"image":{"@id":"https:\/\/alegria-realestate.com\/articles\/city-of-spain\/modern-benidorm-in-spain#primaryimage"},"thumbnailUrl":"https:\/\/alegria-realestate.com\/wp-content\/uploads\/2019\/02\/benidorm-2.jpg","articleSection":["Blog","Villes d\u2019Espagne"],"inLanguage":"fr-FR"},{"@type":"WebPage","@id":"https:\/\/alegria-realestate.com\/fr\/articles\/city-of-spain\/modern-benidorm-in-spain","url":"https:\/\/alegria-realestate.com\/fr\/articles\/city-of-spain\/modern-benidorm-in-spain","name":"Benidorm est le New York de la M\u00e9diterran\u00e9e.","isPartOf":{"@id":"https:\/\/alegria-realestate.com\/fr\/#website"},"primaryImageOfPage":{"@id":"https:\/\/alegria-realestate.com\/fr\/articles\/city-of-spain\/modern-benidorm-in-spain#primaryimage"},"image":{"@id":"https:\/\/alegria-realestate.com\/articles\/city-of-spain\/modern-benidorm-in-spain#primaryimage"},"thumbnailUrl":"https:\/\/alegria-realestate.com\/wp-content\/uploads\/2019\/02\/benidorm-2.jpg","datePublished":"2016-07-26T22:48:23+00:00","dateModified":"2025-08-14T16:40:48+00:00","breadcrumb":{"@id":"https:\/\/alegria-realestate.com\/fr\/articles\/city-of-spain\/modern-benidorm-in-spain#breadcrumb"},"inLanguage":"fr-FR","potentialAction":[{"@type":"ReadAction","target":[["https:\/\/alegria-realestate.com\/fr\/articles\/city-of-spain\/modern-benidorm-in-spain"]]}]},{"@type":"ImageObject","inLanguage":"fr-FR","@id":"https:\/\/alegria-realestate.com\/fr\/articles\/city-of-spain\/modern-benidorm-in-spain#primaryimage","url":"https:\/\/alegria-realestate.com\/wp-content\/uploads\/2019\/02\/benidorm-2.jpg","contentUrl":"https:\/\/alegria-realestate.com\/wp-content\/uploads\/2019\/02\/benidorm-2.jpg","width":640,"height":400},{"@type":"BreadcrumbList","@id":"https:\/\/alegria-realestate.com\/fr\/articles\/city-of-spain\/modern-benidorm-in-spain#breadcrumb","itemListElement":[{"@type":"ListItem","position":1,"name":"\u0413\u043b\u0430\u0432\u043d\u0430\u044f \u0441\u0442\u0440\u0430\u043d\u0438\u0446\u0430","item":"https:\/\/alegria-realestate.com\/fr\/"},{"@type":"ListItem","position":2,"name":"\u0411\u0435\u043d\u0438\u0434\u043e\u0440\u043c \u2013 \u00ab\u041d\u044c\u044e-\u0419\u043e\u0440\u043a \u0421\u0440\u0435\u0434\u0438\u0437\u0435\u043c\u043d\u043e\u043c\u043e\u0440\u044c\u044f\u00bb."}]},{"@type":"WebSite","@id":"https:\/\/alegria-realestate.com\/fr\/#website","url":"https:\/\/alegria-realestate.com\/fr\/","name":"Immobilier en Espagne","description":"Immobilier en Espagne : ventes dans toutes les villes - Torrevieja, Alicante, Benidorm, etc. Nous vous aiderons \u00e0 acheter un bien immobilier sur la Costa Blanca - logements secondaires, b\u00e2timents neufs. Conception cl\u00e9 en main. Propri\u00e9t\u00e9 sur la Costa Blanca \u00e0 partir de 80 000 \u20ac.","publisher":{"@id":"https:\/\/alegria-realestate.com\/fr\/#organization"},"potentialAction":[{"@type":"SearchAction","target":{"@type":"EntryPoint","urlTemplate":"https:\/\/alegria-realestate.com\/fr\/?s={search_term_string}"},"query-input":{"@type":"PropertyValueSpecification","valueRequired":true,"valueName":"search_term_string"}}],"inLanguage":"fr-FR"},{"@type":"Organization","@id":"https:\/\/alegria-realestate.com\/fr\/#organization","name":"Alegria Realestate","url":"https:\/\/alegria-realestate.com\/fr\/","logo":{"@type":"ImageObject","inLanguage":"fr-FR","@id":"https:\/\/alegria-realestate.com\/fr\/#\/schema\/logo\/image\/","url":"https:\/\/alegria-realestate.com\/wp-content\/uploads\/2019\/08\/logo_alegria.png","contentUrl":"https:\/\/alegria-realestate.com\/wp-content\/uploads\/2019\/08\/logo_alegria.png","width":1600,"height":1403,"caption":"Alegria Realestate"},"image":{"@id":"https:\/\/alegria-realestate.com\/fr\/#\/schema\/logo\/image\/"},"sameAs":["https:\/\/www.facebook.com\/realestate.alegria","https:\/\/x.com\/alegriarealesta","https:\/\/www.instagram.com\/alegriadom\/","https:\/\/www.linkedin.com\/profile\/view?id=154965227","https:\/\/www.youtube.com\/user\/AlegriaRealEstate"]},{"@type":"Person","@id":"https:\/\/alegria-realestate.com\/#\/schema\/person\/8710ba0d07d2af258b1610931398d861","name":"stass"}]}},"_links":{"self":[{"href":"https:\/\/alegria-realestate.com\/fr\/wp-json\/wp\/v2\/posts\/11413","targetHints":{"allow":["GET"]}}],"collection":[{"href":"https:\/\/alegria-realestate.com\/fr\/wp-json\/wp\/v2\/posts"}],"about":[{"href":"https:\/\/alegria-realestate.com\/fr\/wp-json\/wp\/v2\/types\/post"}],"author":[{"embeddable":true,"href":"https:\/\/alegria-realestate.com\/fr\/wp-json\/wp\/v2\/users\/1"}],"replies":[{"embeddable":true,"href":"https:\/\/alegria-realestate.com\/fr\/wp-json\/wp\/v2\/comments?post=11413"}],"version-history":[{"count":1,"href":"https:\/\/alegria-realestate.com\/fr\/wp-json\/wp\/v2\/posts\/11413\/revisions"}],"predecessor-version":[{"id":836658,"href":"https:\/\/alegria-realestate.com\/fr\/wp-json\/wp\/v2\/posts\/11413\/revisions\/836658"}],"wp:featuredmedia":[{"embeddable":true,"href":"https:\/\/alegria-realestate.com\/fr\/wp-json\/wp\/v2\/media\/11414"}],"wp:attachment":[{"href":"https:\/\/alegria-realestate.com\/fr\/wp-json\/wp\/v2\/media?parent=11413"}],"wp:term":[{"taxonomy":"category","embeddable":true,"href":"https:\/\/alegria-realestate.com\/fr\/wp-json\/wp\/v2\/categories?post=11413"},{"taxonomy":"post_tag","embeddable":true,"href":"https:\/\/alegria-realestate.com\/fr\/wp-json\/wp\/v2\/tags?post=11413"}],"curies":[{"name":"wp","href":"https:\/\/api.w.org\/{rel}","templated":true}]}}