{"id":1281619,"date":"2026-03-19T19:24:58","date_gmt":"2026-03-19T16:24:58","guid":{"rendered":"https:\/\/alegria-realestate.com\/?p=1281619"},"modified":"2026-03-19T20:09:38","modified_gmt":"2026-03-19T17:09:38","slug":"weekend-guide-costa-blanca-for-20-22-march","status":"publish","type":"post","link":"https:\/\/alegria-realestate.com\/fr\/articles\/holidays-in-spain\/weekend-guide-costa-blanca-for-20-22-march","title":{"rendered":"Agenda des \u00e9v\u00e9nements du 20\u201322 mars \u00e0 Torrevieja, Alicante et dans d\u2019autres villes de la Costa Blanca"},"content":{"rendered":"<p><span style=\"font-weight: 400;\">\u00c0 propos des \u00e9v\u00e9nements int\u00e9ressants qui attendent, \u00e0 la fin de cette semaine, les habitants et les visiteurs de Torrevieja, ainsi que des localit\u00e9s voisines de la province d\u2019Alicante.<\/span><\/p>\n<h2><span style=\"font-weight: 400;\">19 MARS. Com\u00e9die musicale pour enfants \u00ab La Isla de Maui: Tributo a Vaiana \u00bb<\/span><\/h2>\n<p><span style=\"font-weight: 400;\">Au cin\u00e9ma Kin\u00e9polis d\u2019Alicante sera pr\u00e9sent\u00e9e la com\u00e9die musicale pour enfants \u00ab La Isla de Maui: Tributo a Vaiana \u00bb, dont la premi\u00e8re a eu lieu en novembre 2024. L\u2019histoire raconte celle de Vaiana, une jeune fille courageuse, fille du chef d\u2019une tribu de navigateurs, qui part \u00e0 l\u2019aventure \u00e0 travers l\u2019oc\u00e9an pour sauver son \u00eele et d\u00e9couvrir sa v\u00e9ritable destin\u00e9e. Au cours de ce voyage, elle sera accompagn\u00e9e du demi-dieu Maui, et ensemble ils affronteront des difficult\u00e9s et comprendront \u00e0 quel point l\u2019amiti\u00e9, le courage et le lien avec la nature sont importants.<\/span><\/p>\n<ul>\n<li style=\"font-weight: 400;\" aria-level=\"1\"><span style=\"font-weight: 400;\">D\u00e9but \u2013 \u00e0 17h00, prix des billets \u2013 \u00e0 partir de 16 euros.<\/span><\/li>\n<\/ul>\n<h2><span style=\"font-weight: 400;\">20 MARS. Concert du groupe \u00ab \u0411\u0435\u0437 \u043e\u0431\u043c\u0435\u0436\u0435\u043d\u044c \u00bb<\/span><\/h2>\n<p><span style=\"font-weight: 400;\">Sur la sc\u00e8ne de concert VB Spaces, situ\u00e9e \u00e0 Alicante \u00e0 l\u2019adresse Avinguda d\u00b4Elx, 186, aura lieu le concert du groupe ukrainien \u00ab \u0411\u0435\u0437 \u043e\u0431\u043c\u0435\u0436\u0435\u043d\u044c \u00bb, qui effectue sa tourn\u00e9e europ\u00e9enne \u00ab \u0421\u0438\u043b\u044c\u043d\u0456 \u0441\u0435\u0440\u0446\u044f \u00bb.<\/span><\/p>\n<ul>\n<li style=\"font-weight: 400;\" aria-level=\"1\"><span style=\"font-weight: 400;\">D\u00e9but \u2013 \u00e0 20h00, prix des billets \u2013 49\u201355 euros.<\/span><\/li>\n<\/ul>\n<h2><span style=\"font-weight: 400;\">20 MARS. March\u00e9 du vendredi \u00e0 Torrevieja<\/span><\/h2>\n<p><span style=\"font-weight: 400;\">Chaque vendredi, le march\u00e9 de rue de Torrevieja se tient au Parque Antonio Soria \u2013 l\u2019un des plus grands centres de petit commerce de la r\u00e9gion de la Vega Baja. Sur une superficie de 82 000 m\u00b2 se trouvent jusqu\u2019\u00e0 700 kiosques et emplacements de vente proposant des produits alimentaires, des v\u00eatements, des chaussures, des accessoires et d\u2019autres articles \u00e0 des prix abordables en comparaison avec les grandes cha\u00eenes de supermarch\u00e9s. Le march\u00e9 de Torrevieja dispose de nombreuses commodit\u00e9s \u2013 telles qu\u2019un parking gratuit, des toilettes publiques et une station de taxis. Toutes les 20 minutes, de 8h00 \u00e0 14h00, un bus accessible aux personnes \u00e0 mobilit\u00e9 r\u00e9duite ou en fauteuil roulant part du site.<\/span><\/p>\n<ul>\n<li style=\"font-weight: 400;\" aria-level=\"1\"><span style=\"font-weight: 400;\">Du vendredi au dimanche, \u00e0 partir de 19h30, un parc d\u2019attractions et de jeux pour tous les \u00e2ges y est ouvert.<\/span><\/li>\n<\/ul>\n<h2><span style=\"font-weight: 400;\">20 MARS. Festival \u00ab M\u00fasica sin fronteras \u00bb<\/span><\/h2>\n<p><span style=\"font-weight: 400;\">Jusqu\u2019au 27 mars, le XIXe Festival \u00ab M\u00fasica sin fronteras \u00bb (\u00ab Musique sans fronti\u00e8res \u00bb) se d\u00e9roule chaque semaine au Centre culturel Ciudad Quesada, \u00e0 Rojales, organis\u00e9 par le d\u00e9partement de la culture de la mairie de cette ville. Le festival s\u2019est impos\u00e9 comme une r\u00e9f\u00e9rence culturelle de la province d\u2019Alicante gr\u00e2ce \u00e0 son exigence de qualit\u00e9 musicale et \u00e0 sa diversit\u00e9 artistique. Le programme r\u00e9unit des artistes de niveau national et international, offrant au public des \u0153uvres d\u2019une grande valeur artistique.<\/span><\/p>\n<ul>\n<li style=\"font-weight: 400;\" aria-level=\"1\"><span style=\"font-weight: 400;\">20 mars : Al\u2019dam Connection<\/span><\/li>\n<li style=\"font-weight: 400;\" aria-level=\"1\"><span style=\"font-weight: 400;\">27 mars : Javier Colina &amp; Cucurucho Vald\u00e9s<\/span><\/li>\n<\/ul>\n<p><span style=\"font-weight: 400;\">D\u00e9but \u2013 \u00e0 19h00, prix des billets \u2013 10 euros.<\/span><\/p>\n<h2><span style=\"font-weight: 400;\">20 MARS. Concert \u00ab Lo Mejor de Ennio Morricone \u00bb<\/span><\/h2>\n<p><span style=\"font-weight: 400;\">Au Mus\u00e9e arch\u00e9ologique d\u2019Alicante (MARQ) aura lieu la prestation du quatuor \u00e0 cordes Noor Quartet dans le cadre de la s\u00e9rie \u00ab Concerts \u00e0 la bougie \u00bb (Candlelight), consacr\u00e9e au compositeur et arrangeur italien Ennio Morricone. Le programme comprend des bandes originales des films \u00ab Le Parrain \u00bb, \u00ab Il \u00e9tait une fois en Am\u00e9rique \u00bb, \u00ab Mission \u00bb, \u00ab Les Incorruptibles \u00bb, \u00ab Califa \u00bb et d\u2019autres encore.<\/span><\/p>\n<ul>\n<li style=\"font-weight: 400;\" aria-level=\"1\"><span style=\"font-weight: 400;\">D\u00e9but \u2013 \u00e0 20h30, prix des billets \u2013 \u00e0 partir de 26 euros.<\/span><\/li>\n<\/ul>\n<h2><span style=\"font-weight: 400;\">21 MARS. Concert en hommage au groupe Queen<\/span><\/h2>\n<p><span style=\"font-weight: 400;\">Le lendemain, Noor Quartet se produira de nouveau au Mus\u00e9e arch\u00e9ologique d\u2019Alicante (MARQ), cette fois avec un programme consacr\u00e9 au groupe Queen. Seront interpr\u00e9t\u00e9s les c\u00e9l\u00e8bres succ\u00e8s mondiaux du l\u00e9gendaire groupe britannique men\u00e9 par Freddie Mercury : I Want to Break Free, We Will Rock You, Somebody to Love, Radio Ga Ga, Don&rsquo;t Stop Me Now, Killer Queen, Crazy Little Thing Called Love, Who Wants to Live Forever, Bohemian Rhapsody, Love of My Life, We Are the Champions, Another One Bites the Dust.<\/span><\/p>\n<ul>\n<li style=\"font-weight: 400;\" aria-level=\"1\"><span style=\"font-weight: 400;\">D\u00e9but \u2013 \u00e0 18h30 et 20h30, prix des billets \u2013 \u00e0 partir de 29 euros.<\/span><\/li>\n<\/ul>\n<h2><span style=\"font-weight: 400;\">21 MARS. Spectacle pour enfants \u00ab Robin Hood \u00bb<\/span><\/h2>\n<p><span style=\"font-weight: 400;\">Le Th\u00e9\u00e2tre principal d\u2019Alicante a repris son cycle de spectacles en anglais \u00ab Kids &amp; Stories \u00bb destin\u00e9 aux enfants de 3 \u00e0 10 ans. Cette fois, les jeunes spectateurs pourront voir le spectacle \u00ab Robin Hood \u00bb dans le hall du th\u00e9\u00e2tre.<\/span><\/p>\n<ul>\n<li style=\"font-weight: 400;\" aria-level=\"1\"><span style=\"font-weight: 400;\">D\u00e9but \u2013 \u00e0 12h00, prix des billets \u2013 5 euros.<\/span><\/li>\n<\/ul>\n<h2><span style=\"font-weight: 400;\">21 MARS. Pi\u00e8ce \u00ab Las amistades peligrosas \u00bb<\/span><\/h2>\n<p><span style=\"font-weight: 400;\">Le m\u00eame jour, le Th\u00e9\u00e2tre principal d\u2019Alicante accueillera la pi\u00e8ce \u00ab Las amistades peligrosas \u00bb (\u00ab Les Liaisons dangereuses \u00bb) de Christopher Hampton, fond\u00e9e sur le roman de Pierre Choderlos de Laclos. Bien que cette pi\u00e8ce ait \u00e9t\u00e9 \u00e9crite en 1782, elle aborde des th\u00e8mes tr\u00e8s actuels \u2013 notamment l\u2019abus de pouvoir et la corruption qui permet d\u2019acheter presque tout avec de l\u2019argent. \u00c0 travers des personnages sans limites morales, comparables aux protagonistes de scandales r\u00e9cents, elle montre comment l\u2019\u00e9lite manipule impun\u00e9ment les personnes vuln\u00e9rables. L\u2019histoire reste actuelle en r\u00e9v\u00e9lant l\u2019usage de l\u2019amour et du sexe comme armes puissantes.<\/span><\/p>\n<ul>\n<li style=\"font-weight: 400;\" aria-level=\"1\"><span style=\"font-weight: 400;\">D\u00e9but \u2013 \u00e0 19h00, prix des billets \u2013 12, 18 et 25 euros.<\/span><\/li>\n<\/ul>\n<h2><span style=\"font-weight: 400;\">21 MARS. Spectacle de Dani Mart\u00ednez<\/span><\/h2>\n<p><span style=\"font-weight: 400;\">\u00c0 la salle de concert ADDA d\u2019Alicante aura lieu le spectacle du pr\u00e9sentateur de t\u00e9l\u00e9vision, acteur, imitateur et humoriste Dani Mart\u00ednez. Il y pr\u00e9sentera son nouveau programme \u00ab Remember \u00bb, qui m\u00eale musique et improvisation. D\u00e8s son plus jeune \u00e2ge, Mart\u00ednez a montr\u00e9 un talent pour le jeu d\u2019acteur et l\u2019imitation, \u00e9tant capable de reproduire plus de 200 voix diff\u00e9rentes. En 2011, il a re\u00e7u le prix \u00ab Antena de Plata \u00bb \u2013 une distinction soulignant sa contribution \u00e0 l\u2019industrie t\u00e9l\u00e9visuelle espagnole.<\/span><span style=\"font-weight: 400;\"><br \/>\n<\/span><span style=\"font-weight: 400;\"> Dans ce spectacle, Dani effectue un voyage dans le temps depuis l\u2019ann\u00e9e 2050 jusqu\u2019au pr\u00e9sent afin d\u2019\u00e9changer avec le public, de partager ses r\u00e9flexions sur les changements survenus et de mettre en lumi\u00e8re des moments qu\u2019il ne faut pas oublier en regardant vers l\u2019avenir.<\/span><\/p>\n<ul>\n<li style=\"font-weight: 400;\" aria-level=\"1\"><span style=\"font-weight: 400;\">D\u00e9but \u2013 \u00e0 20h00, prix des billets \u2013 \u00e0 partir de 24 euros.<\/span><\/li>\n<\/ul>\n<h2><span style=\"font-weight: 400;\">21\u201322 MARS. Visites th\u00e9\u00e2tralis\u00e9es \u00ab Torrevieja et le tremblement de terre de 1829 \u00bb<\/span><\/h2>\n<p><span style=\"font-weight: 400;\">L\u2019association culturelle Ars Creatio de Torrevieja pr\u00e9sente une nouvelle version de ses parcours historiques th\u00e9\u00e2tralis\u00e9s consacr\u00e9s \u00e0 l\u2019histoire de la ville de Torrevieja dans la premi\u00e8re moiti\u00e9 du XIXe si\u00e8cle \u2013 en particulier au tremblement de terre du 21 mars 1829.<\/span><span style=\"font-weight: 400;\"><br \/>\n<\/span><span style=\"font-weight: 400;\"> L\u2019activit\u00e9 est recommand\u00e9e aux personnes de plus de 12 ans et se d\u00e9roulera enti\u00e8rement en espagnol, en combinant histoire, th\u00e9\u00e2tre et promenade en ville afin de faire d\u00e9couvrir aux participants, de mani\u00e8re vivante, les \u00e9v\u00e9nements, la soci\u00e9t\u00e9 et la vie quotidienne de Torrevieja \u00e0 cette \u00e9poque historique.<\/span><\/p>\n<p><span style=\"font-weight: 400;\">L\u2019inscription se fait via les liens suivants :<\/span><\/p>\n<ul>\n<li style=\"font-weight: 400;\" aria-level=\"1\"><a href=\"https:\/\/www.inscribirme.com\/1829torreviejatiembla4\"><span style=\"font-weight: 400;\">https:\/\/www.inscribirme.com\/1829torreviejatiembla4<\/span><\/a><span style=\"font-weight: 400;\"> (samedi)<\/span><\/li>\n<li style=\"font-weight: 400;\" aria-level=\"1\"><a href=\"https:\/\/www.inscribirme.com\/1829torreviejatiembla3\"><span style=\"font-weight: 400;\">https:\/\/www.inscribirme.com\/1829torreviejatiembla3<\/span><\/a><span style=\"font-weight: 400;\"> (dimanche)<\/span><\/li>\n<\/ul>\n<p><span style=\"font-weight: 400;\">D\u00e9but \u2013 \u00e0 11h00, lieu de rendez-vous \u2013 Plaza de la Constituci\u00f3n.<\/span><\/p>\n<h2><span style=\"font-weight: 400;\">22 MARS. Pi\u00e8ce \u00ab Parejas imperfectas \u00bb<\/span><\/h2>\n<p><span style=\"font-weight: 400;\">Au Th\u00e9\u00e2tre principal d\u2019Alicante sera jou\u00e9e la pi\u00e8ce \u00ab Parejas imperfectas \u00bb (\u00ab Couples imparfaits \u00bb). Edu, chauffeur routier au ch\u00f4mage, et Ana, son ex-femme, se retrouvent apr\u00e8s qu\u2019elle a \u00e9t\u00e9 paralys\u00e9e \u00e0 la suite d\u2019un accident. Juan, \u00e9tudiant de troisi\u00e8me cycle atteint de paralysie c\u00e9r\u00e9brale, engage comme assistante Yanis, \u00e9tudiante \u00e0 l\u2019universit\u00e9, fille d\u2019immigr\u00e9s serbo-croates, qui traverse des difficult\u00e9s financi\u00e8res. Leurs exemples invitent \u00e0 repenser la perception des personnes ayant des limitations physiques et la mani\u00e8re dont le statut social, la race, la nationalit\u00e9 ou la situation mat\u00e9rielle peuvent cr\u00e9er un foss\u00e9 entre les gens.<\/span><\/p>\n<ul>\n<li style=\"font-weight: 400;\" aria-level=\"1\"><span style=\"font-weight: 400;\">D\u00e9but \u2013 \u00e0 18h00, prix des billets \u2013 12, 18 et 25 euros.<\/span><\/li>\n<\/ul>\n<h2><span style=\"font-weight: 400;\">22 MARS. Pi\u00e8ce \u00ab M\u00fasica para Hitler \u00bb<\/span><\/h2>\n<p><span style=\"font-weight: 400;\">Au Th\u00e9\u00e2tre municipal de Torrevieja sera pr\u00e9sent\u00e9e la pi\u00e8ce \u00ab M\u00fasica para Hitler \u00bb (\u00ab Musique pour Hitler \u00bb). Apr\u00e8s la guerre civile espagnole, le violoncelliste, chef d\u2019orchestre et compositeur catalan Pau Casals fut contraint d\u2019\u00e9migrer dans le sud de la France. En 1943, pendant l\u2019occupation allemande, il re\u00e7ut une invitation \u00e0 jouer devant Hitler. Casals savait qu\u2019un refus pourrait avoir pour lui de terribles cons\u00e9quences&#8230;<\/span><\/p>\n<ul>\n<li style=\"font-weight: 400;\" aria-level=\"1\"><span style=\"font-weight: 400;\">D\u00e9but \u2013 \u00e0 20h00, prix des billets \u2013 \u00e0 partir de 16 euros.<\/span><\/li>\n<\/ul>\n<p>&nbsp;<\/p>","protected":false},"excerpt":{"rendered":"<p>\u00c0 propos des \u00e9v\u00e9nements int\u00e9ressants qui attendent, \u00e0 la\u2026<\/p>\n","protected":false},"author":34,"featured_media":1281690,"comment_status":"closed","ping_status":"closed","sticky":false,"template":"","format":"standard","meta":{"footnotes":""},"categories":[955,74],"tags":[],"class_list":["post-1281619","post","type-post","status-publish","format-standard","has-post-thumbnail","hentry","category-holidays-in-spain","category-life-in-spain"],"yoast_head":"<!-- This site is optimized with the Yoast SEO plugin v27.4 - https:\/\/yoast.com\/product\/yoast-seo-wordpress\/ -->\n<title>Agenda des \u00e9v\u00e9nements du 20\u201322 mars \u00e0 Torrevieja, Alicante et dans d\u2019autres villes de la Costa Blanca<\/title>\n<meta name=\"description\" content=\"Une s\u00e9lection des principaux \u00e9v\u00e9nements de loisirs \u00e0 Torrevieja, Alicante et dans d\u2019autres villes de la Costa Blanca pour le week-end du 20\u201322 mars.\" \/>\n<meta name=\"robots\" content=\"index, follow, max-snippet:-1, max-image-preview:large, max-video-preview:-1\" \/>\n<link rel=\"canonical\" href=\"https:\/\/alegria-realestate.com\/fr\/wp-json\/wp\/v2\/posts\/1281619\" \/>\n<meta property=\"og:locale\" content=\"fr_FR\" \/>\n<meta property=\"og:type\" content=\"article\" \/>\n<meta property=\"og:title\" content=\"Agenda des \u00e9v\u00e9nements du 20\u201322 mars \u00e0 Torrevieja, Alicante et dans d\u2019autres villes de la Costa Blanca\" \/>\n<meta property=\"og:description\" content=\"Une s\u00e9lection des principaux \u00e9v\u00e9nements de loisirs \u00e0 Torrevieja, Alicante et dans d\u2019autres villes de la Costa Blanca pour le week-end du 20\u201322 mars.\" \/>\n<meta property=\"og:url\" content=\"https:\/\/alegria-realestate.com\/fr\/wp-json\/wp\/v2\/posts\/1281619\" \/>\n<meta property=\"og:site_name\" content=\"Immobilier en Espagne\" \/>\n<meta property=\"article:publisher\" content=\"https:\/\/www.facebook.com\/realestate.alegria\" \/>\n<meta property=\"article:published_time\" content=\"2026-03-19T16:24:58+00:00\" \/>\n<meta property=\"article:modified_time\" content=\"2026-03-19T17:09:38+00:00\" \/>\n<meta property=\"og:image\" content=\"https:\/\/alegria-realestate.com\/wp-content\/uploads\/2026\/03\/afisha_20-22-03_26.png\" \/>\n\t<meta property=\"og:image:width\" content=\"1536\" \/>\n\t<meta property=\"og:image:height\" content=\"1024\" \/>\n\t<meta property=\"og:image:type\" content=\"image\/png\" \/>\n<meta name=\"author\" content=\"Irina\" \/>\n<meta name=\"twitter:card\" content=\"summary_large_image\" \/>\n<meta name=\"twitter:creator\" content=\"@alegriarealesta\" \/>\n<meta name=\"twitter:site\" content=\"@alegriarealesta\" \/>\n<script type=\"application\/ld+json\" class=\"yoast-schema-graph\">{\"@context\":\"https:\\\/\\\/schema.org\",\"@graph\":[{\"@type\":\"Article\",\"@id\":\"https:\\\/\\\/alegria-realestate.com\\\/articles\\\/holidays-in-spain\\\/weekend-guide-costa-blanca-for-20-22-march#article\",\"isPartOf\":{\"@id\":\"https:\\\/\\\/alegria-realestate.com\\\/articles\\\/holidays-in-spain\\\/weekend-guide-costa-blanca-for-20-22-march\"},\"author\":{\"name\":\"Irina\",\"@id\":\"https:\\\/\\\/alegria-realestate.com\\\/#\\\/schema\\\/person\\\/d5f65cbf5d490b626f10bef994e91bde\"},\"headline\":\"Agenda des \u00e9v\u00e9nements du 20\u201322 mars \u00e0 Torrevieja, Alicante et dans d\u2019autres villes de la Costa Blanca\",\"datePublished\":\"2026-03-19T16:24:58+00:00\",\"dateModified\":\"2026-03-19T17:09:38+00:00\",\"mainEntityOfPage\":{\"@id\":\"https:\\\/\\\/alegria-realestate.com\\\/articles\\\/holidays-in-spain\\\/weekend-guide-costa-blanca-for-20-22-march\"},\"wordCount\":12875,\"publisher\":{\"@id\":\"https:\\\/\\\/alegria-realestate.com\\\/#organization\"},\"image\":{\"@id\":\"https:\\\/\\\/alegria-realestate.com\\\/articles\\\/holidays-in-spain\\\/weekend-guide-costa-blanca-for-20-22-march#primaryimage\"},\"thumbnailUrl\":\"https:\\\/\\\/alegria-realestate.com\\\/wp-content\\\/uploads\\\/2026\\\/03\\\/afisha_20-22-03_26.png\",\"articleSection\":[\"Loisirs, tourisme, divertissement, f\u00eates\",\"Vie en Espagne\"],\"inLanguage\":\"fr-FR\"},{\"@type\":\"WebPage\",\"@id\":\"https:\\\/\\\/alegria-realestate.com\\\/fr\\\/articles\\\/holidays-in-spain\\\/weekend-guide-costa-blanca-for-20-22-march\",\"url\":\"https:\\\/\\\/alegria-realestate.com\\\/fr\\\/articles\\\/holidays-in-spain\\\/weekend-guide-costa-blanca-for-20-22-march\",\"name\":\"Agenda des \u00e9v\u00e9nements du 20\u201322 mars \u00e0 Torrevieja, Alicante et dans d\u2019autres villes de la Costa Blanca\",\"isPartOf\":{\"@id\":\"https:\\\/\\\/alegria-realestate.com\\\/fr\\\/#website\"},\"primaryImageOfPage\":{\"@id\":\"https:\\\/\\\/alegria-realestate.com\\\/fr\\\/articles\\\/holidays-in-spain\\\/weekend-guide-costa-blanca-for-20-22-march#primaryimage\"},\"image\":{\"@id\":\"https:\\\/\\\/alegria-realestate.com\\\/articles\\\/holidays-in-spain\\\/weekend-guide-costa-blanca-for-20-22-march#primaryimage\"},\"thumbnailUrl\":\"https:\\\/\\\/alegria-realestate.com\\\/wp-content\\\/uploads\\\/2026\\\/03\\\/afisha_20-22-03_26.png\",\"datePublished\":\"2026-03-19T16:24:58+00:00\",\"dateModified\":\"2026-03-19T17:09:38+00:00\",\"description\":\"Une s\u00e9lection des principaux \u00e9v\u00e9nements de loisirs \u00e0 Torrevieja, Alicante et dans d\u2019autres villes de la Costa Blanca pour le week-end du 20\u201322 mars.\",\"breadcrumb\":{\"@id\":\"https:\\\/\\\/alegria-realestate.com\\\/fr\\\/articles\\\/holidays-in-spain\\\/weekend-guide-costa-blanca-for-20-22-march#breadcrumb\"},\"inLanguage\":\"fr-FR\",\"potentialAction\":[{\"@type\":\"ReadAction\",\"target\":[[\"https:\\\/\\\/alegria-realestate.com\\\/fr\\\/articles\\\/holidays-in-spain\\\/weekend-guide-costa-blanca-for-20-22-march\"]]}]},{\"@type\":\"ImageObject\",\"inLanguage\":\"fr-FR\",\"@id\":\"https:\\\/\\\/alegria-realestate.com\\\/fr\\\/articles\\\/holidays-in-spain\\\/weekend-guide-costa-blanca-for-20-22-march#primaryimage\",\"url\":\"https:\\\/\\\/alegria-realestate.com\\\/wp-content\\\/uploads\\\/2026\\\/03\\\/afisha_20-22-03_26.png\",\"contentUrl\":\"https:\\\/\\\/alegria-realestate.com\\\/wp-content\\\/uploads\\\/2026\\\/03\\\/afisha_20-22-03_26.png\",\"width\":1536,\"height\":1024},{\"@type\":\"BreadcrumbList\",\"@id\":\"https:\\\/\\\/alegria-realestate.com\\\/fr\\\/articles\\\/holidays-in-spain\\\/weekend-guide-costa-blanca-for-20-22-march#breadcrumb\",\"itemListElement\":[{\"@type\":\"ListItem\",\"position\":1,\"name\":\"\u0413\u043b\u0430\u0432\u043d\u0430\u044f \u0441\u0442\u0440\u0430\u043d\u0438\u0446\u0430\",\"item\":\"https:\\\/\\\/alegria-realestate.com\\\/fr\\\/\"},{\"@type\":\"ListItem\",\"position\":2,\"name\":\"\u041f\u043b\u0430\u043d\u044b \u043d\u0430 \u0432\u044b\u0445\u043e\u0434\u043d\u044b\u0435: \u0430\u0444\u0438\u0448\u0430 \u0441\u043e\u0431\u044b\u0442\u0438\u0439 20-22 \u043c\u0430\u0440\u0442\u0430 \u0432 \u0422\u043e\u0440\u0440\u0435\u0432\u044c\u0435\u0445\u0435 \u0438 \u043e\u043a\u0440\u0435\u0441\u0442\u043d\u043e\u0441\u0442\u044f\u0445\"}]},{\"@type\":\"WebSite\",\"@id\":\"https:\\\/\\\/alegria-realestate.com\\\/fr\\\/#website\",\"url\":\"https:\\\/\\\/alegria-realestate.com\\\/fr\\\/\",\"name\":\"Immobilier en Espagne\",\"description\":\"Immobilier en Espagne : ventes dans toutes les villes - Torrevieja, Alicante, Benidorm, etc. Nous vous aiderons \u00e0 acheter un bien immobilier sur la Costa Blanca - logements secondaires, b\u00e2timents neufs. Conception cl\u00e9 en main. Propri\u00e9t\u00e9 sur la Costa Blanca \u00e0 partir de 80 000 \u20ac.\",\"publisher\":{\"@id\":\"https:\\\/\\\/alegria-realestate.com\\\/fr\\\/#organization\"},\"potentialAction\":[{\"@type\":\"SearchAction\",\"target\":{\"@type\":\"EntryPoint\",\"urlTemplate\":\"https:\\\/\\\/alegria-realestate.com\\\/fr\\\/?s={search_term_string}\"},\"query-input\":{\"@type\":\"PropertyValueSpecification\",\"valueRequired\":true,\"valueName\":\"search_term_string\"}}],\"inLanguage\":\"fr-FR\"},{\"@type\":\"Organization\",\"@id\":\"https:\\\/\\\/alegria-realestate.com\\\/fr\\\/#organization\",\"name\":\"Alegria Realestate\",\"url\":\"https:\\\/\\\/alegria-realestate.com\\\/fr\\\/\",\"logo\":{\"@type\":\"ImageObject\",\"inLanguage\":\"fr-FR\",\"@id\":\"https:\\\/\\\/alegria-realestate.com\\\/fr\\\/#\\\/schema\\\/logo\\\/image\\\/\",\"url\":\"https:\\\/\\\/alegria-realestate.com\\\/wp-content\\\/uploads\\\/2019\\\/08\\\/logo_alegria.png\",\"contentUrl\":\"https:\\\/\\\/alegria-realestate.com\\\/wp-content\\\/uploads\\\/2019\\\/08\\\/logo_alegria.png\",\"width\":1600,\"height\":1403,\"caption\":\"Alegria Realestate\"},\"image\":{\"@id\":\"https:\\\/\\\/alegria-realestate.com\\\/fr\\\/#\\\/schema\\\/logo\\\/image\\\/\"},\"sameAs\":[\"https:\\\/\\\/www.facebook.com\\\/realestate.alegria\",\"https:\\\/\\\/x.com\\\/alegriarealesta\",\"https:\\\/\\\/www.instagram.com\\\/alegriadom\\\/\",\"https:\\\/\\\/www.linkedin.com\\\/profile\\\/view?id=154965227\",\"https:\\\/\\\/www.youtube.com\\\/user\\\/AlegriaRealEstate\"]},{\"@type\":\"Person\",\"@id\":\"https:\\\/\\\/alegria-realestate.com\\\/#\\\/schema\\\/person\\\/d5f65cbf5d490b626f10bef994e91bde\",\"name\":\"Irina\"}]}<\/script>\n<!-- \/ Yoast SEO plugin. -->","yoast_head_json":{"title":"Agenda des \u00e9v\u00e9nements du 20\u201322 mars \u00e0 Torrevieja, Alicante et dans d\u2019autres villes de la Costa Blanca","description":"Une s\u00e9lection des principaux \u00e9v\u00e9nements de loisirs \u00e0 Torrevieja, Alicante et dans d\u2019autres villes de la Costa Blanca pour le week-end du 20\u201322 mars.","robots":{"index":"index","follow":"follow","max-snippet":"max-snippet:-1","max-image-preview":"max-image-preview:large","max-video-preview":"max-video-preview:-1"},"canonical":"https:\/\/alegria-realestate.com\/fr\/wp-json\/wp\/v2\/posts\/1281619","og_locale":"fr_FR","og_type":"article","og_title":"Agenda des \u00e9v\u00e9nements du 20\u201322 mars \u00e0 Torrevieja, Alicante et dans d\u2019autres villes de la Costa Blanca","og_description":"Une s\u00e9lection des principaux \u00e9v\u00e9nements de loisirs \u00e0 Torrevieja, Alicante et dans d\u2019autres villes de la Costa Blanca pour le week-end du 20\u201322 mars.","og_url":"https:\/\/alegria-realestate.com\/fr\/wp-json\/wp\/v2\/posts\/1281619","og_site_name":"Immobilier en Espagne","article_publisher":"https:\/\/www.facebook.com\/realestate.alegria","article_published_time":"2026-03-19T16:24:58+00:00","article_modified_time":"2026-03-19T17:09:38+00:00","og_image":[{"width":1536,"height":1024,"url":"https:\/\/alegria-realestate.com\/wp-content\/uploads\/2026\/03\/afisha_20-22-03_26.png","type":"image\/png"}],"author":"Irina","twitter_card":"summary_large_image","twitter_creator":"@alegriarealesta","twitter_site":"@alegriarealesta","schema":{"@context":"https:\/\/schema.org","@graph":[{"@type":"Article","@id":"https:\/\/alegria-realestate.com\/articles\/holidays-in-spain\/weekend-guide-costa-blanca-for-20-22-march#article","isPartOf":{"@id":"https:\/\/alegria-realestate.com\/articles\/holidays-in-spain\/weekend-guide-costa-blanca-for-20-22-march"},"author":{"name":"Irina","@id":"https:\/\/alegria-realestate.com\/#\/schema\/person\/d5f65cbf5d490b626f10bef994e91bde"},"headline":"Agenda des \u00e9v\u00e9nements du 20\u201322 mars \u00e0 Torrevieja, Alicante et dans d\u2019autres villes de la Costa Blanca","datePublished":"2026-03-19T16:24:58+00:00","dateModified":"2026-03-19T17:09:38+00:00","mainEntityOfPage":{"@id":"https:\/\/alegria-realestate.com\/articles\/holidays-in-spain\/weekend-guide-costa-blanca-for-20-22-march"},"wordCount":12875,"publisher":{"@id":"https:\/\/alegria-realestate.com\/#organization"},"image":{"@id":"https:\/\/alegria-realestate.com\/articles\/holidays-in-spain\/weekend-guide-costa-blanca-for-20-22-march#primaryimage"},"thumbnailUrl":"https:\/\/alegria-realestate.com\/wp-content\/uploads\/2026\/03\/afisha_20-22-03_26.png","articleSection":["Loisirs, tourisme, divertissement, f\u00eates","Vie en Espagne"],"inLanguage":"fr-FR"},{"@type":"WebPage","@id":"https:\/\/alegria-realestate.com\/fr\/articles\/holidays-in-spain\/weekend-guide-costa-blanca-for-20-22-march","url":"https:\/\/alegria-realestate.com\/fr\/articles\/holidays-in-spain\/weekend-guide-costa-blanca-for-20-22-march","name":"Agenda des \u00e9v\u00e9nements du 20\u201322 mars \u00e0 Torrevieja, Alicante et dans d\u2019autres villes de la Costa Blanca","isPartOf":{"@id":"https:\/\/alegria-realestate.com\/fr\/#website"},"primaryImageOfPage":{"@id":"https:\/\/alegria-realestate.com\/fr\/articles\/holidays-in-spain\/weekend-guide-costa-blanca-for-20-22-march#primaryimage"},"image":{"@id":"https:\/\/alegria-realestate.com\/articles\/holidays-in-spain\/weekend-guide-costa-blanca-for-20-22-march#primaryimage"},"thumbnailUrl":"https:\/\/alegria-realestate.com\/wp-content\/uploads\/2026\/03\/afisha_20-22-03_26.png","datePublished":"2026-03-19T16:24:58+00:00","dateModified":"2026-03-19T17:09:38+00:00","description":"Une s\u00e9lection des principaux \u00e9v\u00e9nements de loisirs \u00e0 Torrevieja, Alicante et dans d\u2019autres villes de la Costa Blanca pour le week-end du 20\u201322 mars.","breadcrumb":{"@id":"https:\/\/alegria-realestate.com\/fr\/articles\/holidays-in-spain\/weekend-guide-costa-blanca-for-20-22-march#breadcrumb"},"inLanguage":"fr-FR","potentialAction":[{"@type":"ReadAction","target":[["https:\/\/alegria-realestate.com\/fr\/articles\/holidays-in-spain\/weekend-guide-costa-blanca-for-20-22-march"]]}]},{"@type":"ImageObject","inLanguage":"fr-FR","@id":"https:\/\/alegria-realestate.com\/fr\/articles\/holidays-in-spain\/weekend-guide-costa-blanca-for-20-22-march#primaryimage","url":"https:\/\/alegria-realestate.com\/wp-content\/uploads\/2026\/03\/afisha_20-22-03_26.png","contentUrl":"https:\/\/alegria-realestate.com\/wp-content\/uploads\/2026\/03\/afisha_20-22-03_26.png","width":1536,"height":1024},{"@type":"BreadcrumbList","@id":"https:\/\/alegria-realestate.com\/fr\/articles\/holidays-in-spain\/weekend-guide-costa-blanca-for-20-22-march#breadcrumb","itemListElement":[{"@type":"ListItem","position":1,"name":"\u0413\u043b\u0430\u0432\u043d\u0430\u044f \u0441\u0442\u0440\u0430\u043d\u0438\u0446\u0430","item":"https:\/\/alegria-realestate.com\/fr\/"},{"@type":"ListItem","position":2,"name":"\u041f\u043b\u0430\u043d\u044b \u043d\u0430 \u0432\u044b\u0445\u043e\u0434\u043d\u044b\u0435: \u0430\u0444\u0438\u0448\u0430 \u0441\u043e\u0431\u044b\u0442\u0438\u0439 20-22 \u043c\u0430\u0440\u0442\u0430 \u0432 \u0422\u043e\u0440\u0440\u0435\u0432\u044c\u0435\u0445\u0435 \u0438 \u043e\u043a\u0440\u0435\u0441\u0442\u043d\u043e\u0441\u0442\u044f\u0445"}]},{"@type":"WebSite","@id":"https:\/\/alegria-realestate.com\/fr\/#website","url":"https:\/\/alegria-realestate.com\/fr\/","name":"Immobilier en Espagne","description":"Immobilier en Espagne : ventes dans toutes les villes - Torrevieja, Alicante, Benidorm, etc. Nous vous aiderons \u00e0 acheter un bien immobilier sur la Costa Blanca - logements secondaires, b\u00e2timents neufs. Conception cl\u00e9 en main. Propri\u00e9t\u00e9 sur la Costa Blanca \u00e0 partir de 80 000 \u20ac.","publisher":{"@id":"https:\/\/alegria-realestate.com\/fr\/#organization"},"potentialAction":[{"@type":"SearchAction","target":{"@type":"EntryPoint","urlTemplate":"https:\/\/alegria-realestate.com\/fr\/?s={search_term_string}"},"query-input":{"@type":"PropertyValueSpecification","valueRequired":true,"valueName":"search_term_string"}}],"inLanguage":"fr-FR"},{"@type":"Organization","@id":"https:\/\/alegria-realestate.com\/fr\/#organization","name":"Alegria Realestate","url":"https:\/\/alegria-realestate.com\/fr\/","logo":{"@type":"ImageObject","inLanguage":"fr-FR","@id":"https:\/\/alegria-realestate.com\/fr\/#\/schema\/logo\/image\/","url":"https:\/\/alegria-realestate.com\/wp-content\/uploads\/2019\/08\/logo_alegria.png","contentUrl":"https:\/\/alegria-realestate.com\/wp-content\/uploads\/2019\/08\/logo_alegria.png","width":1600,"height":1403,"caption":"Alegria Realestate"},"image":{"@id":"https:\/\/alegria-realestate.com\/fr\/#\/schema\/logo\/image\/"},"sameAs":["https:\/\/www.facebook.com\/realestate.alegria","https:\/\/x.com\/alegriarealesta","https:\/\/www.instagram.com\/alegriadom\/","https:\/\/www.linkedin.com\/profile\/view?id=154965227","https:\/\/www.youtube.com\/user\/AlegriaRealEstate"]},{"@type":"Person","@id":"https:\/\/alegria-realestate.com\/#\/schema\/person\/d5f65cbf5d490b626f10bef994e91bde","name":"Irina"}]}},"_links":{"self":[{"href":"https:\/\/alegria-realestate.com\/fr\/wp-json\/wp\/v2\/posts\/1281619","targetHints":{"allow":["GET"]}}],"collection":[{"href":"https:\/\/alegria-realestate.com\/fr\/wp-json\/wp\/v2\/posts"}],"about":[{"href":"https:\/\/alegria-realestate.com\/fr\/wp-json\/wp\/v2\/types\/post"}],"author":[{"embeddable":true,"href":"https:\/\/alegria-realestate.com\/fr\/wp-json\/wp\/v2\/users\/34"}],"replies":[{"embeddable":true,"href":"https:\/\/alegria-realestate.com\/fr\/wp-json\/wp\/v2\/comments?post=1281619"}],"version-history":[{"count":2,"href":"https:\/\/alegria-realestate.com\/fr\/wp-json\/wp\/v2\/posts\/1281619\/revisions"}],"predecessor-version":[{"id":1281704,"href":"https:\/\/alegria-realestate.com\/fr\/wp-json\/wp\/v2\/posts\/1281619\/revisions\/1281704"}],"wp:featuredmedia":[{"embeddable":true,"href":"https:\/\/alegria-realestate.com\/fr\/wp-json\/wp\/v2\/media\/1281690"}],"wp:attachment":[{"href":"https:\/\/alegria-realestate.com\/fr\/wp-json\/wp\/v2\/media?parent=1281619"}],"wp:term":[{"taxonomy":"category","embeddable":true,"href":"https:\/\/alegria-realestate.com\/fr\/wp-json\/wp\/v2\/categories?post=1281619"},{"taxonomy":"post_tag","embeddable":true,"href":"https:\/\/alegria-realestate.com\/fr\/wp-json\/wp\/v2\/tags?post=1281619"}],"curies":[{"name":"wp","href":"https:\/\/api.w.org\/{rel}","templated":true}]}}