{"id":1403553,"date":"2026-04-30T16:38:47","date_gmt":"2026-04-30T13:38:47","guid":{"rendered":"https:\/\/alegria-realestate.com\/?p=1403553"},"modified":"2026-05-01T16:45:35","modified_gmt":"2026-05-01T13:45:35","slug":"events-guide-for-1-3-may-costa-blanca","status":"publish","type":"post","link":"https:\/\/alegria-realestate.com\/fr\/articles\/events-guide-for-1-3-may-costa-blanca","title":{"rendered":"Plans pour le week-end : agenda des \u00e9v\u00e9nements du 1er au 3 mai \u00e0 Torrevieja et dans les environs"},"content":{"rendered":"<p>Voici ce qui attend d\u2019int\u00e9ressant, en cette fin de semaine, les habitants et les visiteurs de Torrevieja ainsi que des localit\u00e9s voisines de la province d\u2019Alicante.<\/p>\n<h2>1er\u20133 mai. Exposition d\u2019\u0153uvres de Picasso, Warhol, Murakami et d\u2019autres grands artistes<\/h2>\n<p>Jusqu\u2019au 18 mai, le Mus\u00e9e de la mer de Santa Pola accueille une exposition d\u2019\u0153uvres de Pablo Picasso, Andy Warhol, Takashi Murakami, Marc Chagall et d\u2019autres grands artistes espagnols et \u00e9trangers provenant du Mus\u00e9e d\u2019art contemporain Vicente Aguilera de Vilafam\u00e9s (MACVAC) et de la collection de Mariano Poyatos et Filomena De Lorenzo (galerie Espai Nivi). Beaucoup des \u0153uvres pr\u00e9sent\u00e9es sont des tableaux in\u00e9dits et des acquisitions r\u00e9centes des fonds du MACVAC et de la collection Espai Nivi, ce qui fait de ce projet une occasion unique de les d\u00e9couvrir. Les deux collections, construites autour de quatre th\u00e8mes \u2013 \u00ab Corps \u00bb, \u00ab Rituels \u00bb, \u00ab Paysages de l\u2019\u00e2me \u00bb et \u00ab Transcendance \u00bb \u2013 invitent \u00e0 parcourir un chemin menant de l\u2019exp\u00e9rience la plus corporelle et biographique aux sph\u00e8res de l\u2019abstraction et du signe. Comme le soulignent les commissaires de l\u2019exposition, \u00ab elle ne propose pas un discours ferm\u00e9, mais repr\u00e9sente un processus de recherche, un voyage int\u00e9rieur, dans lequel chaque \u0153uvre devient un seuil et chaque salle \u2013 une demeure o\u00f9 le visiteur \u00e9volue \u00e0 son propre rythme \u00bb.<\/p>\n<ul>\n<li>Horaires d\u2019ouverture \u2013 de 10:00 \u00e0 13:00, de 16:00 \u00e0 19:00 (mardi-samedi) et de 11:00 \u00e0 13:30 (dimanche).<\/li>\n<\/ul>\n<h2>1er\u20133 mai. Excursion sur l\u2019\u00eele de Tabarca<\/h2>\n<p>Chaque jour, depuis le port de Torrevieja, de Santa Pola ou d\u2019Alicante, il est possible de prendre un bateau pour l\u2019\u00eele de Tabarca \u2013 la plus grande et la seule habit\u00e9e de la Communaut\u00e9 valencienne. Les voyageurs pourront profiter de vues sous-marines, d\u00e9couvrir une riche biodiversit\u00e9 marine, d\u00e9guster des plats dans les restaurants locaux et visiter des monuments historiques. Le bateau peut accueillir 250 passagers, y compris des personnes \u00e0 mobilit\u00e9 r\u00e9duite et des animaux de compagnie, et il est possible d\u2019emporter de la nourriture et des boissons.<\/p>\n<ul>\n<li>D\u00e9parts \u2013 de 9:30 \u00e0 18:45, retours \u2013 de 10:30 \u00e0 19:30, prix des billets depuis Torrevieja \u2013 27 euros pour les adultes et 19 euros pour les enfants.<\/li>\n<\/ul>\n<h2>1er mai. March\u00e9 du vendredi \u00e0 Torrevieja<\/h2>\n<p>Chaque vendredi, le march\u00e9 de rue de Torrevieja fonctionne au Parque Antonio Soria \u2013 l\u2019un des plus grands centres de petit commerce de la r\u00e9gion de Vega Baja. Sur une superficie de 82 000 m\u00b2, jusqu\u2019\u00e0 700 stands et points de vente proposent des produits alimentaires, des v\u00eatements, des chaussures, des accessoires et d\u2019autres articles \u00e0 des prix abordables par rapport aux grandes cha\u00eenes de supermarch\u00e9s. Le march\u00e9 de Torrevieja dispose de nombreuses commodit\u00e9s \u2013 comme un parking gratuit, des toilettes publiques et une station de taxis. Toutes les 20 minutes, de 8:00 \u00e0 14:00, part un bus accessible aux personnes \u00e0 mobilit\u00e9 r\u00e9duite ou aux utilisateurs de fauteuil roulant.<\/p>\n<p>Du vendredi au dimanche, \u00e0 partir de 19:30, un parc d\u2019attractions et de jeux pour tous les \u00e2ges est ouvert ici.<\/p>\n<h2>2 mai. Spectacle musical \u00ab \u00a1Idols! La revoluci\u00f3n K-POP \u00bb<\/h2>\n<p>Sur la sc\u00e8ne du Grand Th\u00e9\u00e2tre d\u2019Elche sera pr\u00e9sent\u00e9 le spectacle musical familial \u00ab \u00a1Idols! La revoluci\u00f3n K-POP \u00bb. Dans un futur dystopique o\u00f9 le son a \u00e9t\u00e9 interdit et o\u00f9 le rythme est devenu une arme d\u00e9moniaque, le dangereux WI-MA et Season S\u00c1JAS aspirent \u00e0 dominer le monde. Trois jeunes artistes \u2013 les \u00ab Guerri\u00e8res du rythme \u00bb, unies par l\u2019amiti\u00e9 et la force de la K-POP \u2013 d\u00e9couvrent que leur musique est capable d\u2019\u00e9veiller, de lib\u00e9rer et de tout changer. Au final, elles sauvent tout un monde\u2026 gr\u00e2ce au rythme utilis\u00e9 comme arme.<\/p>\n<ul>\n<li>D\u00e9but \u2013 \u00e0 17:00, prix des billets \u2013 18, 22 et 24 euros.<\/li>\n<\/ul>\n<h2>2 mai. Concert \u00ab Las Cuatro Estaciones de Vivaldi \u00bb<\/h2>\n<p>Au Mus\u00e9e arch\u00e9ologique d\u2019Alicante (MARQ) aura lieu une repr\u00e9sentation du quatuor \u00e0 cordes Arde Quartet dans le cadre de la s\u00e9rie \u00ab Concerts aux chandelles \u00bb (Candlelight), consacr\u00e9e au compositeur italien Antonio Vivaldi. Le programme comprend le cycle de concertos pour violon et orchestre \u00ab Les Quatre Saisons \u00bb.<\/p>\n<ul>\n<li>D\u00e9but \u2013 \u00e0 18:30, prix des billets \u2013 \u00e0 partir de 31,5 euros.<\/li>\n<\/ul>\n<h2>2 mai. Concert en hommage aux groupes Queen et ABBA<\/h2>\n<p>Le m\u00eame jour, au Mus\u00e9e arch\u00e9ologique d\u2019Alicante (MARQ), se produira le quatuor \u00e0 cordes Noor Quartet. Il interpr\u00e9tera les succ\u00e8s mondialement connus suivants de Queen et ABBA : Dancing Queen, SOS, Money, Money, Money, Bohemian Rhapsody, I Want to Break Free, Waterloo, Super Trouper, Mamma Mia, Don\u2019t Stop Me Now, We Will Rock You, We Are the Champions.<\/p>\n<ul>\n<li>D\u00e9but \u2013 \u00e0 20:30, prix des billets \u2013 \u00e0 partir de 28 euros.<\/li>\n<\/ul>\n<h2>2 mai. Concert du groupe \u00ab Sidecars \u00bb<\/h2>\n<p>La Salle internationale de concerts de Torrevieja accueillera un concert du groupe \u00ab Sidecars \u00bb, qui pr\u00e9sentera son nouvel album \u00ab Everest \u00bb \u2013 une \u0153uvre qui d\u00e9montre la maturit\u00e9 des musiciens et leur approche de la vie : avancer pas \u00e0 pas, tirer des le\u00e7ons de chaque exp\u00e9rience et profiter du chemin.<\/p>\n<ul>\n<li>D\u00e9but \u2013 \u00e0 20:00, prix des billets \u2013 \u00e0 partir de 20 euros.<\/li>\n<\/ul>\n<h2>3 mai. Concert d\u2019Abraham Cupeiro et de l\u2019orchestre Arnova Ensemble<\/h2>\n<p>La Salle internationale de concerts de Torrevieja accueillera un concert d\u2019Abraham Cupeiro et de l\u2019orchestre Arnova Ensemble, qui pr\u00e9senteront leur nouveau programme \u00ab Pangea \u00bb. Il y a environ 200 millions d\u2019ann\u00e9es, notre plan\u00e8te comptait un seul continent g\u00e9ant \u2013 la Pang\u00e9e. Il a commenc\u00e9 \u00e0 se fragmenter et a donn\u00e9 naissance, au fil du temps, aux diff\u00e9rents continents modernes. Le voyage propos\u00e9 au public dans le cadre de ce concert est une union de diff\u00e9rentes parties de la plan\u00e8te \u00e0 travers la musique d\u2019Abraham Cupeiro et de Mar\u00eda Ruiz, accompagn\u00e9e par l\u2019orchestre Arnova Ensemble, compos\u00e9 de 21 musiciens talentueux. Pendant ce spectacle, enregistr\u00e9 avec le Royal Philharmonic Orchestra de Londres aux studios Abbey Road, retentiront des m\u00e9lodies allant de l\u2019Oc\u00e9anie du Sud, avec les \u00e9chos de ses coquillages, aux myst\u00e9rieuses montagnes chinoises, des vastes plaines nord-am\u00e9ricaines \u00e0 la jungle sud-am\u00e9ricaine, et bien, bien plus encore.<\/p>\n<ul>\n<li>D\u00e9but \u2013 \u00e0 19:00, prix des billets \u2013 \u00e0 partir de 30 euros.<\/li>\n<\/ul>\n<h2>3 mai. Concert en l\u2019honneur de la Journ\u00e9e internationale du jazz<\/h2>\n<p>Au Th\u00e9\u00e2tre principal d\u2019Alicante aura lieu un concert en l\u2019honneur de la Journ\u00e9e internationale du jazz, c\u00e9l\u00e9br\u00e9e sous l\u2019\u00e9gide de l\u2019UNESCO le 30 avril dans pr\u00e8s de 200 pays du monde. Pour la quinzi\u00e8me fois, des dizaines de musiciens de jazz locaux, nationaux et \u00e9trangers y participeront afin de collecter des fonds \u00e0 des fins caritatives.<\/p>\n<ul>\n<li>D\u00e9but \u2013 \u00e0 19:00, prix des billets \u2013 12, 16 et 22 euros.<\/li>\n<\/ul>\n<h2>3 mai. Pi\u00e8ce \u00ab Le Banc \u00bb<\/h2>\n<p>Le th\u00e9\u00e2tre exp\u00e9rimental El Faro invite le public \u00e0 la pi\u00e8ce lyrique \u00ab Le Banc \u00bb, d\u2019apr\u00e8s la pi\u00e8ce du m\u00eame nom d\u2019Alexandre Gelman. Sinc\u00e9rit\u00e9 et mensonge, m\u00e9pris et tendresse, nostalgie et proximit\u00e9 s\u2019entrelacent minute apr\u00e8s minute dans une incroyable mosa\u00efque d\u2019\u00e9motions. Toute la gamme de ces sentiments est v\u00e9cue sur sc\u00e8ne par Alexe\u00ef Panine et Veorika Koutsenko.<\/p>\n<ul>\n<li>D\u00e9but \u2013 \u00e0 20:00, prix des billets \u2013 35, 45, 55 et 75 euros.<\/li>\n<\/ul>\n<p><\/p>","protected":false},"excerpt":{"rendered":"<p>Voici ce qui attend d\u2019int\u00e9ressant, en cette fin de\u2026<\/p>\n","protected":false},"author":34,"featured_media":1403557,"comment_status":"closed","ping_status":"closed","sticky":false,"template":"","format":"standard","meta":{"footnotes":""},"categories":[1],"tags":[],"class_list":["post-1403553","post","type-post","status-publish","format-standard","has-post-thumbnail","hentry","category-articles"],"yoast_head":"<!-- This site is optimized with the Yoast SEO plugin v27.5 - https:\/\/yoast.com\/product\/yoast-seo-wordpress\/ -->\n<title>Agenda des \u00e9v\u00e9nements du 1\u20133 mai \u00e0 Torrevieja, Alicante et dans d\u2019autres villes de la Costa Blanca<\/title>\n<meta name=\"description\" content=\"Une s\u00e9lection des principaux \u00e9v\u00e9nements de loisirs \u00e0 Torrevieja, Alicante et dans d\u2019autres villes de la Costa Blanca pour le week-end du 1\u20133 mai.\" \/>\n<meta name=\"robots\" content=\"index, follow, max-snippet:-1, max-image-preview:large, max-video-preview:-1\" \/>\n<link rel=\"canonical\" href=\"https:\/\/alegria-realestate.com\/fr\/wp-json\/wp\/v2\/posts\/1403553\" \/>\n<meta property=\"og:locale\" content=\"fr_FR\" \/>\n<meta property=\"og:type\" content=\"article\" \/>\n<meta property=\"og:title\" content=\"Agenda des \u00e9v\u00e9nements du 1\u20133 mai \u00e0 Torrevieja, Alicante et dans d\u2019autres villes de la Costa Blanca\" \/>\n<meta property=\"og:description\" content=\"Une s\u00e9lection des principaux \u00e9v\u00e9nements de loisirs \u00e0 Torrevieja, Alicante et dans d\u2019autres villes de la Costa Blanca pour le week-end du 1\u20133 mai.\" \/>\n<meta property=\"og:url\" content=\"https:\/\/alegria-realestate.com\/fr\/wp-json\/wp\/v2\/posts\/1403553\" \/>\n<meta property=\"og:site_name\" content=\"Immobilier en Espagne\" \/>\n<meta property=\"article:publisher\" content=\"https:\/\/www.facebook.com\/realestate.alegria\" \/>\n<meta property=\"article:published_time\" content=\"2026-04-30T13:38:47+00:00\" \/>\n<meta property=\"article:modified_time\" content=\"2026-05-01T13:45:35+00:00\" \/>\n<meta property=\"og:image\" content=\"https:\/\/alegria-realestate.com\/wp-content\/uploads\/2026\/05\/afisha_1_3_05_26.png\" \/>\n\t<meta property=\"og:image:width\" content=\"1672\" \/>\n\t<meta property=\"og:image:height\" content=\"941\" \/>\n\t<meta property=\"og:image:type\" content=\"image\/png\" \/>\n<meta name=\"author\" content=\"Irina\" \/>\n<meta name=\"twitter:card\" content=\"summary_large_image\" \/>\n<meta name=\"twitter:creator\" content=\"@alegriarealesta\" \/>\n<meta name=\"twitter:site\" content=\"@alegriarealesta\" \/>\n<script type=\"application\/ld+json\" class=\"yoast-schema-graph\">{\"@context\":\"https:\\\/\\\/schema.org\",\"@graph\":[{\"@type\":\"Article\",\"@id\":\"https:\\\/\\\/alegria-realestate.com\\\/articles\\\/events-guide-for-1-3-may-costa-blanca#article\",\"isPartOf\":{\"@id\":\"https:\\\/\\\/alegria-realestate.com\\\/articles\\\/events-guide-for-1-3-may-costa-blanca\"},\"author\":{\"name\":\"Irina\",\"@id\":\"https:\\\/\\\/alegria-realestate.com\\\/#\\\/schema\\\/person\\\/d5f65cbf5d490b626f10bef994e91bde\"},\"headline\":\"Plans pour le week-end : agenda des \u00e9v\u00e9nements du 1er au 3 mai \u00e0 Torrevieja et dans les environs\",\"datePublished\":\"2026-04-30T13:38:47+00:00\",\"dateModified\":\"2026-05-01T13:45:35+00:00\",\"mainEntityOfPage\":{\"@id\":\"https:\\\/\\\/alegria-realestate.com\\\/articles\\\/events-guide-for-1-3-may-costa-blanca\"},\"wordCount\":11394,\"publisher\":{\"@id\":\"https:\\\/\\\/alegria-realestate.com\\\/#organization\"},\"image\":{\"@id\":\"https:\\\/\\\/alegria-realestate.com\\\/articles\\\/events-guide-for-1-3-may-costa-blanca#primaryimage\"},\"thumbnailUrl\":\"https:\\\/\\\/alegria-realestate.com\\\/wp-content\\\/uploads\\\/2026\\\/05\\\/afisha_1_3_05_26.png\",\"articleSection\":[\"Blog\"],\"inLanguage\":\"fr-FR\"},{\"@type\":\"WebPage\",\"@id\":\"https:\\\/\\\/alegria-realestate.com\\\/fr\\\/articles\\\/events-guide-for-1-3-may-costa-blanca\",\"url\":\"https:\\\/\\\/alegria-realestate.com\\\/fr\\\/articles\\\/events-guide-for-1-3-may-costa-blanca\",\"name\":\"Agenda des \u00e9v\u00e9nements du 1\u20133 mai \u00e0 Torrevieja, Alicante et dans d\u2019autres villes de la Costa Blanca\",\"isPartOf\":{\"@id\":\"https:\\\/\\\/alegria-realestate.com\\\/fr\\\/#website\"},\"primaryImageOfPage\":{\"@id\":\"https:\\\/\\\/alegria-realestate.com\\\/fr\\\/articles\\\/events-guide-for-1-3-may-costa-blanca#primaryimage\"},\"image\":{\"@id\":\"https:\\\/\\\/alegria-realestate.com\\\/articles\\\/events-guide-for-1-3-may-costa-blanca#primaryimage\"},\"thumbnailUrl\":\"https:\\\/\\\/alegria-realestate.com\\\/wp-content\\\/uploads\\\/2026\\\/05\\\/afisha_1_3_05_26.png\",\"datePublished\":\"2026-04-30T13:38:47+00:00\",\"dateModified\":\"2026-05-01T13:45:35+00:00\",\"description\":\"Une s\u00e9lection des principaux \u00e9v\u00e9nements de loisirs \u00e0 Torrevieja, Alicante et dans d\u2019autres villes de la Costa Blanca pour le week-end du 1\u20133 mai.\",\"breadcrumb\":{\"@id\":\"https:\\\/\\\/alegria-realestate.com\\\/fr\\\/articles\\\/events-guide-for-1-3-may-costa-blanca#breadcrumb\"},\"inLanguage\":\"fr-FR\",\"potentialAction\":[{\"@type\":\"ReadAction\",\"target\":[[\"https:\\\/\\\/alegria-realestate.com\\\/fr\\\/articles\\\/events-guide-for-1-3-may-costa-blanca\"]]}]},{\"@type\":\"ImageObject\",\"inLanguage\":\"fr-FR\",\"@id\":\"https:\\\/\\\/alegria-realestate.com\\\/fr\\\/articles\\\/events-guide-for-1-3-may-costa-blanca#primaryimage\",\"url\":\"https:\\\/\\\/alegria-realestate.com\\\/wp-content\\\/uploads\\\/2026\\\/05\\\/afisha_1_3_05_26.png\",\"contentUrl\":\"https:\\\/\\\/alegria-realestate.com\\\/wp-content\\\/uploads\\\/2026\\\/05\\\/afisha_1_3_05_26.png\",\"width\":1672,\"height\":941},{\"@type\":\"BreadcrumbList\",\"@id\":\"https:\\\/\\\/alegria-realestate.com\\\/fr\\\/articles\\\/events-guide-for-1-3-may-costa-blanca#breadcrumb\",\"itemListElement\":[{\"@type\":\"ListItem\",\"position\":1,\"name\":\"\u0413\u043b\u0430\u0432\u043d\u0430\u044f \u0441\u0442\u0440\u0430\u043d\u0438\u0446\u0430\",\"item\":\"https:\\\/\\\/alegria-realestate.com\\\/fr\\\/\"},{\"@type\":\"ListItem\",\"position\":2,\"name\":\"\u041f\u043b\u0430\u043d\u044b \u043d\u0430 \u0432\u044b\u0445\u043e\u0434\u043d\u044b\u0435: \u0430\u0444\u0438\u0448\u0430 \u0441\u043e\u0431\u044b\u0442\u0438\u0439 1-3 \u043c\u0430\u044f \u0432 \u0422\u043e\u0440\u0440\u0435\u0432\u044c\u0435\u0445\u0435 \u0438 \u043e\u043a\u0440\u0435\u0441\u0442\u043d\u043e\u0441\u0442\u044f\u0445\"}]},{\"@type\":\"WebSite\",\"@id\":\"https:\\\/\\\/alegria-realestate.com\\\/fr\\\/#website\",\"url\":\"https:\\\/\\\/alegria-realestate.com\\\/fr\\\/\",\"name\":\"Immobilier en Espagne\",\"description\":\"Immobilier en Espagne : ventes dans toutes les villes - Torrevieja, Alicante, Benidorm, etc. Nous vous aiderons \u00e0 acheter un bien immobilier sur la Costa Blanca - logements secondaires, b\u00e2timents neufs. Conception cl\u00e9 en main. Propri\u00e9t\u00e9 sur la Costa Blanca \u00e0 partir de 80 000 \u20ac.\",\"publisher\":{\"@id\":\"https:\\\/\\\/alegria-realestate.com\\\/fr\\\/#organization\"},\"potentialAction\":[{\"@type\":\"SearchAction\",\"target\":{\"@type\":\"EntryPoint\",\"urlTemplate\":\"https:\\\/\\\/alegria-realestate.com\\\/fr\\\/?s={search_term_string}\"},\"query-input\":{\"@type\":\"PropertyValueSpecification\",\"valueRequired\":true,\"valueName\":\"search_term_string\"}}],\"inLanguage\":\"fr-FR\"},{\"@type\":\"Organization\",\"@id\":\"https:\\\/\\\/alegria-realestate.com\\\/fr\\\/#organization\",\"name\":\"Alegria Realestate\",\"url\":\"https:\\\/\\\/alegria-realestate.com\\\/fr\\\/\",\"logo\":{\"@type\":\"ImageObject\",\"inLanguage\":\"fr-FR\",\"@id\":\"https:\\\/\\\/alegria-realestate.com\\\/fr\\\/#\\\/schema\\\/logo\\\/image\\\/\",\"url\":\"https:\\\/\\\/alegria-realestate.com\\\/wp-content\\\/uploads\\\/2019\\\/08\\\/logo_alegria.png\",\"contentUrl\":\"https:\\\/\\\/alegria-realestate.com\\\/wp-content\\\/uploads\\\/2019\\\/08\\\/logo_alegria.png\",\"width\":1600,\"height\":1403,\"caption\":\"Alegria Realestate\"},\"image\":{\"@id\":\"https:\\\/\\\/alegria-realestate.com\\\/fr\\\/#\\\/schema\\\/logo\\\/image\\\/\"},\"sameAs\":[\"https:\\\/\\\/www.facebook.com\\\/realestate.alegria\",\"https:\\\/\\\/x.com\\\/alegriarealesta\",\"https:\\\/\\\/www.instagram.com\\\/alegriadom\\\/\",\"https:\\\/\\\/www.linkedin.com\\\/profile\\\/view?id=154965227\",\"https:\\\/\\\/www.youtube.com\\\/user\\\/AlegriaRealEstate\"]},{\"@type\":\"Person\",\"@id\":\"https:\\\/\\\/alegria-realestate.com\\\/#\\\/schema\\\/person\\\/d5f65cbf5d490b626f10bef994e91bde\",\"name\":\"Irina\"}]}<\/script>\n<!-- \/ Yoast SEO plugin. -->","yoast_head_json":{"title":"Agenda des \u00e9v\u00e9nements du 1\u20133 mai \u00e0 Torrevieja, Alicante et dans d\u2019autres villes de la Costa Blanca","description":"Une s\u00e9lection des principaux \u00e9v\u00e9nements de loisirs \u00e0 Torrevieja, Alicante et dans d\u2019autres villes de la Costa Blanca pour le week-end du 1\u20133 mai.","robots":{"index":"index","follow":"follow","max-snippet":"max-snippet:-1","max-image-preview":"max-image-preview:large","max-video-preview":"max-video-preview:-1"},"canonical":"https:\/\/alegria-realestate.com\/fr\/wp-json\/wp\/v2\/posts\/1403553","og_locale":"fr_FR","og_type":"article","og_title":"Agenda des \u00e9v\u00e9nements du 1\u20133 mai \u00e0 Torrevieja, Alicante et dans d\u2019autres villes de la Costa Blanca","og_description":"Une s\u00e9lection des principaux \u00e9v\u00e9nements de loisirs \u00e0 Torrevieja, Alicante et dans d\u2019autres villes de la Costa Blanca pour le week-end du 1\u20133 mai.","og_url":"https:\/\/alegria-realestate.com\/fr\/wp-json\/wp\/v2\/posts\/1403553","og_site_name":"Immobilier en Espagne","article_publisher":"https:\/\/www.facebook.com\/realestate.alegria","article_published_time":"2026-04-30T13:38:47+00:00","article_modified_time":"2026-05-01T13:45:35+00:00","og_image":[{"width":1672,"height":941,"url":"https:\/\/alegria-realestate.com\/wp-content\/uploads\/2026\/05\/afisha_1_3_05_26.png","type":"image\/png"}],"author":"Irina","twitter_card":"summary_large_image","twitter_creator":"@alegriarealesta","twitter_site":"@alegriarealesta","schema":{"@context":"https:\/\/schema.org","@graph":[{"@type":"Article","@id":"https:\/\/alegria-realestate.com\/articles\/events-guide-for-1-3-may-costa-blanca#article","isPartOf":{"@id":"https:\/\/alegria-realestate.com\/articles\/events-guide-for-1-3-may-costa-blanca"},"author":{"name":"Irina","@id":"https:\/\/alegria-realestate.com\/#\/schema\/person\/d5f65cbf5d490b626f10bef994e91bde"},"headline":"Plans pour le week-end : agenda des \u00e9v\u00e9nements du 1er au 3 mai \u00e0 Torrevieja et dans les environs","datePublished":"2026-04-30T13:38:47+00:00","dateModified":"2026-05-01T13:45:35+00:00","mainEntityOfPage":{"@id":"https:\/\/alegria-realestate.com\/articles\/events-guide-for-1-3-may-costa-blanca"},"wordCount":11394,"publisher":{"@id":"https:\/\/alegria-realestate.com\/#organization"},"image":{"@id":"https:\/\/alegria-realestate.com\/articles\/events-guide-for-1-3-may-costa-blanca#primaryimage"},"thumbnailUrl":"https:\/\/alegria-realestate.com\/wp-content\/uploads\/2026\/05\/afisha_1_3_05_26.png","articleSection":["Blog"],"inLanguage":"fr-FR"},{"@type":"WebPage","@id":"https:\/\/alegria-realestate.com\/fr\/articles\/events-guide-for-1-3-may-costa-blanca","url":"https:\/\/alegria-realestate.com\/fr\/articles\/events-guide-for-1-3-may-costa-blanca","name":"Agenda des \u00e9v\u00e9nements du 1\u20133 mai \u00e0 Torrevieja, Alicante et dans d\u2019autres villes de la Costa Blanca","isPartOf":{"@id":"https:\/\/alegria-realestate.com\/fr\/#website"},"primaryImageOfPage":{"@id":"https:\/\/alegria-realestate.com\/fr\/articles\/events-guide-for-1-3-may-costa-blanca#primaryimage"},"image":{"@id":"https:\/\/alegria-realestate.com\/articles\/events-guide-for-1-3-may-costa-blanca#primaryimage"},"thumbnailUrl":"https:\/\/alegria-realestate.com\/wp-content\/uploads\/2026\/05\/afisha_1_3_05_26.png","datePublished":"2026-04-30T13:38:47+00:00","dateModified":"2026-05-01T13:45:35+00:00","description":"Une s\u00e9lection des principaux \u00e9v\u00e9nements de loisirs \u00e0 Torrevieja, Alicante et dans d\u2019autres villes de la Costa Blanca pour le week-end du 1\u20133 mai.","breadcrumb":{"@id":"https:\/\/alegria-realestate.com\/fr\/articles\/events-guide-for-1-3-may-costa-blanca#breadcrumb"},"inLanguage":"fr-FR","potentialAction":[{"@type":"ReadAction","target":[["https:\/\/alegria-realestate.com\/fr\/articles\/events-guide-for-1-3-may-costa-blanca"]]}]},{"@type":"ImageObject","inLanguage":"fr-FR","@id":"https:\/\/alegria-realestate.com\/fr\/articles\/events-guide-for-1-3-may-costa-blanca#primaryimage","url":"https:\/\/alegria-realestate.com\/wp-content\/uploads\/2026\/05\/afisha_1_3_05_26.png","contentUrl":"https:\/\/alegria-realestate.com\/wp-content\/uploads\/2026\/05\/afisha_1_3_05_26.png","width":1672,"height":941},{"@type":"BreadcrumbList","@id":"https:\/\/alegria-realestate.com\/fr\/articles\/events-guide-for-1-3-may-costa-blanca#breadcrumb","itemListElement":[{"@type":"ListItem","position":1,"name":"\u0413\u043b\u0430\u0432\u043d\u0430\u044f \u0441\u0442\u0440\u0430\u043d\u0438\u0446\u0430","item":"https:\/\/alegria-realestate.com\/fr\/"},{"@type":"ListItem","position":2,"name":"\u041f\u043b\u0430\u043d\u044b \u043d\u0430 \u0432\u044b\u0445\u043e\u0434\u043d\u044b\u0435: \u0430\u0444\u0438\u0448\u0430 \u0441\u043e\u0431\u044b\u0442\u0438\u0439 1-3 \u043c\u0430\u044f \u0432 \u0422\u043e\u0440\u0440\u0435\u0432\u044c\u0435\u0445\u0435 \u0438 \u043e\u043a\u0440\u0435\u0441\u0442\u043d\u043e\u0441\u0442\u044f\u0445"}]},{"@type":"WebSite","@id":"https:\/\/alegria-realestate.com\/fr\/#website","url":"https:\/\/alegria-realestate.com\/fr\/","name":"Immobilier en Espagne","description":"Immobilier en Espagne : ventes dans toutes les villes - Torrevieja, Alicante, Benidorm, etc. Nous vous aiderons \u00e0 acheter un bien immobilier sur la Costa Blanca - logements secondaires, b\u00e2timents neufs. Conception cl\u00e9 en main. Propri\u00e9t\u00e9 sur la Costa Blanca \u00e0 partir de 80 000 \u20ac.","publisher":{"@id":"https:\/\/alegria-realestate.com\/fr\/#organization"},"potentialAction":[{"@type":"SearchAction","target":{"@type":"EntryPoint","urlTemplate":"https:\/\/alegria-realestate.com\/fr\/?s={search_term_string}"},"query-input":{"@type":"PropertyValueSpecification","valueRequired":true,"valueName":"search_term_string"}}],"inLanguage":"fr-FR"},{"@type":"Organization","@id":"https:\/\/alegria-realestate.com\/fr\/#organization","name":"Alegria Realestate","url":"https:\/\/alegria-realestate.com\/fr\/","logo":{"@type":"ImageObject","inLanguage":"fr-FR","@id":"https:\/\/alegria-realestate.com\/fr\/#\/schema\/logo\/image\/","url":"https:\/\/alegria-realestate.com\/wp-content\/uploads\/2019\/08\/logo_alegria.png","contentUrl":"https:\/\/alegria-realestate.com\/wp-content\/uploads\/2019\/08\/logo_alegria.png","width":1600,"height":1403,"caption":"Alegria Realestate"},"image":{"@id":"https:\/\/alegria-realestate.com\/fr\/#\/schema\/logo\/image\/"},"sameAs":["https:\/\/www.facebook.com\/realestate.alegria","https:\/\/x.com\/alegriarealesta","https:\/\/www.instagram.com\/alegriadom\/","https:\/\/www.linkedin.com\/profile\/view?id=154965227","https:\/\/www.youtube.com\/user\/AlegriaRealEstate"]},{"@type":"Person","@id":"https:\/\/alegria-realestate.com\/#\/schema\/person\/d5f65cbf5d490b626f10bef994e91bde","name":"Irina"}]}},"_links":{"self":[{"href":"https:\/\/alegria-realestate.com\/fr\/wp-json\/wp\/v2\/posts\/1403553","targetHints":{"allow":["GET"]}}],"collection":[{"href":"https:\/\/alegria-realestate.com\/fr\/wp-json\/wp\/v2\/posts"}],"about":[{"href":"https:\/\/alegria-realestate.com\/fr\/wp-json\/wp\/v2\/types\/post"}],"author":[{"embeddable":true,"href":"https:\/\/alegria-realestate.com\/fr\/wp-json\/wp\/v2\/users\/34"}],"replies":[{"embeddable":true,"href":"https:\/\/alegria-realestate.com\/fr\/wp-json\/wp\/v2\/comments?post=1403553"}],"version-history":[{"count":3,"href":"https:\/\/alegria-realestate.com\/fr\/wp-json\/wp\/v2\/posts\/1403553\/revisions"}],"predecessor-version":[{"id":1403560,"href":"https:\/\/alegria-realestate.com\/fr\/wp-json\/wp\/v2\/posts\/1403553\/revisions\/1403560"}],"wp:featuredmedia":[{"embeddable":true,"href":"https:\/\/alegria-realestate.com\/fr\/wp-json\/wp\/v2\/media\/1403557"}],"wp:attachment":[{"href":"https:\/\/alegria-realestate.com\/fr\/wp-json\/wp\/v2\/media?parent=1403553"}],"wp:term":[{"taxonomy":"category","embeddable":true,"href":"https:\/\/alegria-realestate.com\/fr\/wp-json\/wp\/v2\/categories?post=1403553"},{"taxonomy":"post_tag","embeddable":true,"href":"https:\/\/alegria-realestate.com\/fr\/wp-json\/wp\/v2\/tags?post=1403553"}],"curies":[{"name":"wp","href":"https:\/\/api.w.org\/{rel}","templated":true}]}}