{"id":165497,"date":"2020-04-22T11:49:38","date_gmt":"2020-04-22T08:49:38","guid":{"rendered":"https:\/\/alegria-realestate.com\/?p=165497"},"modified":"2025-08-14T20:06:43","modified_gmt":"2025-08-14T17:06:43","slug":"business-tax-relief-for-coronavirus-in-spain","status":"publish","type":"post","link":"https:\/\/alegria-realestate.com\/fr\/articles\/business-tax-relief-for-coronavirus-in-spain","title":{"rendered":"All\u00e9gement de la charge fiscale pour les entreprises et autres mesures du gouvernement espagnol en lien avec la crise"},"content":{"rendered":"<p>Mardi 21 avril, le gouvernement espagnol a approuv\u00e9 une nouvelle s\u00e9rie <a href=\"https:\/\/alegria-realestate.com\/ru\/articles\/news\/torrevieja-business-and-community-support-plan\">de mesures pour soutenir<\/a> l&#39;\u00e9conomie pendant la crise. Parmi ces mesures figurent des modifications du paiement de l&#39;imp\u00f4t sur les soci\u00e9t\u00e9s (Impuesto de Sociedades), de l&#39;imp\u00f4t sur le revenu des personnes physiques (IRPF) et de la TVA (IVA) afin d&#39;all\u00e9ger la charge fiscale des petites et moyennes entreprises touch\u00e9es par la crise sanitaire. Comme l&#39;a expliqu\u00e9 la vice-pr\u00e9sidente aux affaires \u00e9conomiques Nadia Calvino, le montant des paiements d&#39;imp\u00f4ts pour les entrepreneurs individuels et les petites entreprises sera ajust\u00e9 sur une base individuelle en fonction de la situation \u00e9conomique actuelle de chaque contribuable. Les mesures approuv\u00e9es aujourd&#39;hui co\u00fbteront au Tr\u00e9sor public 1,1 milliard d&#39;euros.<\/p>\n<h2> T.V.A.<\/h2>\n<p> De plus, des changements de <a href=\"https:\/\/alegria-realestate.com\/ru\/articles\/all-about-vat-in-spain\">TVA<\/a> ont \u00e9t\u00e9 annonc\u00e9s pour certains produits. En particulier, le mat\u00e9riel sanitaire n\u00e9cessaire en cas de pand\u00e9mie ne sera pas soumis \u00e0 cette taxe. De plus, le taux de TVA sur les e-books et magazines sera \u00e9gal au taux sur les produits imprim\u00e9s papier (4%).<\/p>\n<h2> Fiscalit\u00e9 des entrepreneurs individuels<\/h2>\n<p> Les entrepreneurs individuels pourront choisir et modifier r\u00e9trospectivement la forme d&#39;imposition &#8211; selon des estimations objectives (por m\u00f3dulos) ou selon la situation actuelle, c&#39;est-\u00e0-dire en fonction des revenus per\u00e7us. Si la deuxi\u00e8me option est choisie, cette forme d&#39;imposition se poursuivra tout au long de l&#39;ann\u00e9e en cours, et avec le d\u00e9but de la suivante, il sera possible de revenir \u00e0 la forme \u00ab por m\u00f3dulos \u00bb.<\/p>\n<h2> Imp\u00f4t sur les soci\u00e9t\u00e9s<\/h2>\n<p> Concernant l&#39;imp\u00f4t sur les soci\u00e9t\u00e9s, le changement est que les entreprises r\u00e9alisant un chiffre d&#39;affaires inf\u00e9rieur \u00e0 600 000 \u20ac pourront recourir au paiement \u00e9chelonn\u00e9. Les petites entreprises pourront choisir de payer l&#39;imp\u00f4t r\u00e9trospectivement : por base (bas\u00e9 sur le revenu r\u00e9el en 2020) ou por cuotas (bas\u00e9 sur les donn\u00e9es 2018 et 2019). Tout comme dans le cas des entrepreneurs individuels, le mode de paiement peut \u00eatre modifi\u00e9 l&#39;ann\u00e9e prochaine.<\/p>\n<h2> Autres mesures<\/h2>\n<p> Le gouvernement a \u00e9galement \u00e9largi les mesures de soutien aux entreprises qui ont eu recours au travail \u00e0 distance et a autoris\u00e9 l&#39;ERTE pour les entreprises op\u00e9rant dans des secteurs essentiels pour les employ\u00e9s qui n&#39;exercent pas de fonctions essentielles. En outre, de nouvelles cat\u00e9gories de travailleurs ont \u00e9t\u00e9 d\u00e9sign\u00e9es \u00e9ligibles <a href=\"https:\/\/alegria-realestate.com\/ru\/articles\/news\/coronavirus-spain-unemployment-benefits\">aux allocations de ch\u00f4mage<\/a> : ceux qui avaient un contrat de travail test qui a pris fin en raison de l&#39;apparition de la pand\u00e9mie, ainsi que ceux qui, \u00e0 partir du 1er mars, ont quitt\u00e9 leur emploi pr\u00e9c\u00e9dent pour changer \u00e0 un nouveau, mais en raison de l&#39;apparition de la crise, il n&#39;a pas pu conclure un nouveau contrat de travail. En outre, le gouvernement a promis dans un proche avenir de prendre des mesures de soutien pour les entreprises et les entrepreneurs individuels qui sont contraints de <a href=\"https:\/\/alegria-realestate.com\/ru\/articles\/news\/coronavirus-spain-allowance-for-tenants\">payer un loyer pour<\/a> les locaux commerciaux.<\/p>","protected":false},"excerpt":{"rendered":"<p>Mardi 21 avril, le gouvernement espagnol a approuv\u00e9 une\u2026<\/p>\n","protected":false},"author":18,"featured_media":165499,"comment_status":"closed","ping_status":"closed","sticky":false,"template":"","format":"standard","meta":{"footnotes":""},"categories":[1,15],"tags":[],"class_list":["post-165497","post","type-post","status-publish","format-standard","has-post-thumbnail","hentry","category-articles","category-news"],"yoast_head":"<!-- This site is optimized with the Yoast SEO plugin v27.5 - https:\/\/yoast.com\/product\/yoast-seo-wordpress\/ -->\n<title>\u041f\u0440\u0430\u0432\u0438\u0442\u0435\u043b\u044c\u0441\u0442\u0432\u043e \u0418\u0441\u043f\u0430\u043d\u0438\u0438 \u043f\u0440\u0438\u043d\u044f\u043b\u043e \u043d\u043e\u0432\u044b\u0435 \u044d\u043a\u043e\u043d\u043e\u043c\u0438\u0447\u0435\u0441\u043a\u0438\u0435 \u043c\u0435\u0440\u044b \u043f\u043e \u043f\u043e\u0434\u0434\u0435\u0440\u0436\u043a\u0435 \u0431\u0438\u0437\u043d\u0435\u0441\u0430 \u0438 \u043d\u0430\u0441\u0435\u043b\u0435\u043d\u0438\u044f \u0432 \u0441\u0432\u044f\u0437\u0438 \u0441 \u043a\u0440\u0438\u0437\u0438\u0441\u043e\u043c<\/title>\n<meta name=\"description\" content=\"\u041f\u0440\u0430\u0432\u0438\u0442\u0435\u043b\u044c\u0441\u0442\u0432\u043e \u0418\u0441\u043f\u0430\u043d\u0438\u0438 \u043e\u0434\u043e\u0431\u0440\u0438\u043b\u043e \u043d\u043e\u0432\u0443\u044e \u0441\u0435\u0440\u0438\u044e \u043c\u0435\u0440 \u043f\u043e \u043f\u043e\u0434\u0434\u0435\u0440\u0436\u043a\u0435 \u0431\u0438\u0437\u043d\u0435\u0441\u0430 \u0438 \u043d\u0430\u0441\u0435\u043b\u0435\u043d\u0438\u044f \u0432 \u0441\u0432\u044f\u0437\u0438 \u0441 \u043a\u0440\u0438\u0437\u0438\u0441\u043e\u043c, \u0432 \u0447\u0430\u0441\u0442\u043d\u043e\u0441\u0442\u0438 \u2013 \u043e\u0431\u043b\u0435\u0433\u0447\u0435\u043d\u0438\u0435 \u043d\u0430\u043b\u043e\u0433\u043e\u0432\u043e\u0439 \u043d\u0430\u0433\u0440\u0443\u0437\u043a\u0438 \u0434\u043b\u044f \u043a\u043e\u043c\u043f\u0430\u043d\u0438\u0439 \u0438 \u0418\u041f.\" \/>\n<meta name=\"robots\" content=\"index, follow, max-snippet:-1, max-image-preview:large, max-video-preview:-1\" \/>\n<link rel=\"canonical\" href=\"https:\/\/alegria-realestate.com\/fr\/wp-json\/wp\/v2\/posts\/165497\" \/>\n<meta property=\"og:locale\" content=\"fr_FR\" \/>\n<meta property=\"og:type\" content=\"article\" \/>\n<meta property=\"og:title\" content=\"\u041f\u0440\u0430\u0432\u0438\u0442\u0435\u043b\u044c\u0441\u0442\u0432\u043e \u0418\u0441\u043f\u0430\u043d\u0438\u0438 \u043f\u0440\u0438\u043d\u044f\u043b\u043e \u043d\u043e\u0432\u044b\u0435 \u044d\u043a\u043e\u043d\u043e\u043c\u0438\u0447\u0435\u0441\u043a\u0438\u0435 \u043c\u0435\u0440\u044b \u043f\u043e \u043f\u043e\u0434\u0434\u0435\u0440\u0436\u043a\u0435 \u0431\u0438\u0437\u043d\u0435\u0441\u0430 \u0438 \u043d\u0430\u0441\u0435\u043b\u0435\u043d\u0438\u044f \u0432 \u0441\u0432\u044f\u0437\u0438 \u0441 \u043a\u0440\u0438\u0437\u0438\u0441\u043e\u043c\" \/>\n<meta property=\"og:description\" content=\"\u041f\u0440\u0430\u0432\u0438\u0442\u0435\u043b\u044c\u0441\u0442\u0432\u043e \u0418\u0441\u043f\u0430\u043d\u0438\u0438 \u043e\u0434\u043e\u0431\u0440\u0438\u043b\u043e \u043d\u043e\u0432\u0443\u044e \u0441\u0435\u0440\u0438\u044e \u043c\u0435\u0440 \u043f\u043e \u043f\u043e\u0434\u0434\u0435\u0440\u0436\u043a\u0435 \u0431\u0438\u0437\u043d\u0435\u0441\u0430 \u0438 \u043d\u0430\u0441\u0435\u043b\u0435\u043d\u0438\u044f \u0432 \u0441\u0432\u044f\u0437\u0438 \u0441 \u043a\u0440\u0438\u0437\u0438\u0441\u043e\u043c, \u0432 \u0447\u0430\u0441\u0442\u043d\u043e\u0441\u0442\u0438 \u2013 \u043e\u0431\u043b\u0435\u0433\u0447\u0435\u043d\u0438\u0435 \u043d\u0430\u043b\u043e\u0433\u043e\u0432\u043e\u0439 \u043d\u0430\u0433\u0440\u0443\u0437\u043a\u0438 \u0434\u043b\u044f \u043a\u043e\u043c\u043f\u0430\u043d\u0438\u0439 \u0438 \u0418\u041f.\" \/>\n<meta property=\"og:url\" content=\"https:\/\/alegria-realestate.com\/fr\/wp-json\/wp\/v2\/posts\/165497\" \/>\n<meta property=\"og:site_name\" content=\"Immobilier en Espagne\" \/>\n<meta property=\"article:publisher\" content=\"https:\/\/www.facebook.com\/realestate.alegria\" \/>\n<meta property=\"article:published_time\" content=\"2020-04-22T08:49:38+00:00\" \/>\n<meta property=\"article:modified_time\" content=\"2025-08-14T17:06:43+00:00\" \/>\n<meta property=\"og:image\" content=\"https:\/\/alegria-realestate.com\/wp-content\/uploads\/2020\/04\/business-tax-relief-for-coronavirus-in-spain.jpg\" \/>\n\t<meta property=\"og:image:width\" content=\"640\" \/>\n\t<meta property=\"og:image:height\" content=\"390\" \/>\n\t<meta property=\"og:image:type\" content=\"image\/jpeg\" \/>\n<meta name=\"author\" content=\"\u0421\u0435\u0440\u0433\u0435\u0439 \u0411\u0435\u043a\u0438\u0448\u0435\u0432\" \/>\n<meta name=\"twitter:card\" content=\"summary_large_image\" \/>\n<meta name=\"twitter:creator\" content=\"@alegriarealesta\" \/>\n<meta name=\"twitter:site\" content=\"@alegriarealesta\" \/>\n<script type=\"application\/ld+json\" class=\"yoast-schema-graph\">{\"@context\":\"https:\\\/\\\/schema.org\",\"@graph\":[{\"@type\":\"Article\",\"@id\":\"https:\\\/\\\/alegria-realestate.com\\\/articles\\\/business-tax-relief-for-coronavirus-in-spain#article\",\"isPartOf\":{\"@id\":\"https:\\\/\\\/alegria-realestate.com\\\/articles\\\/business-tax-relief-for-coronavirus-in-spain\"},\"author\":{\"name\":\"\u0421\u0435\u0440\u0433\u0435\u0439 \u0411\u0435\u043a\u0438\u0448\u0435\u0432\",\"@id\":\"https:\\\/\\\/alegria-realestate.com\\\/#\\\/schema\\\/person\\\/9d285f0a34620d7fb8e3836f93b5522c\"},\"headline\":\"All\u00e9gement de la charge fiscale pour les entreprises et autres mesures du gouvernement espagnol en lien avec la crise\",\"datePublished\":\"2020-04-22T08:49:38+00:00\",\"dateModified\":\"2025-08-14T17:06:43+00:00\",\"mainEntityOfPage\":{\"@id\":\"https:\\\/\\\/alegria-realestate.com\\\/articles\\\/business-tax-relief-for-coronavirus-in-spain\"},\"wordCount\":3196,\"publisher\":{\"@id\":\"https:\\\/\\\/alegria-realestate.com\\\/#organization\"},\"image\":{\"@id\":\"https:\\\/\\\/alegria-realestate.com\\\/articles\\\/business-tax-relief-for-coronavirus-in-spain#primaryimage\"},\"thumbnailUrl\":\"https:\\\/\\\/alegria-realestate.com\\\/wp-content\\\/uploads\\\/2020\\\/04\\\/business-tax-relief-for-coronavirus-in-spain.jpg\",\"articleSection\":[\"Blog\",\"Actualit\u00e9s\"],\"inLanguage\":\"fr-FR\"},{\"@type\":\"WebPage\",\"@id\":\"https:\\\/\\\/alegria-realestate.com\\\/fr\\\/articles\\\/business-tax-relief-for-coronavirus-in-spain\",\"url\":\"https:\\\/\\\/alegria-realestate.com\\\/fr\\\/articles\\\/business-tax-relief-for-coronavirus-in-spain\",\"name\":\"\u041f\u0440\u0430\u0432\u0438\u0442\u0435\u043b\u044c\u0441\u0442\u0432\u043e \u0418\u0441\u043f\u0430\u043d\u0438\u0438 \u043f\u0440\u0438\u043d\u044f\u043b\u043e \u043d\u043e\u0432\u044b\u0435 \u044d\u043a\u043e\u043d\u043e\u043c\u0438\u0447\u0435\u0441\u043a\u0438\u0435 \u043c\u0435\u0440\u044b \u043f\u043e \u043f\u043e\u0434\u0434\u0435\u0440\u0436\u043a\u0435 \u0431\u0438\u0437\u043d\u0435\u0441\u0430 \u0438 \u043d\u0430\u0441\u0435\u043b\u0435\u043d\u0438\u044f \u0432 \u0441\u0432\u044f\u0437\u0438 \u0441 \u043a\u0440\u0438\u0437\u0438\u0441\u043e\u043c\",\"isPartOf\":{\"@id\":\"https:\\\/\\\/alegria-realestate.com\\\/fr\\\/#website\"},\"primaryImageOfPage\":{\"@id\":\"https:\\\/\\\/alegria-realestate.com\\\/fr\\\/articles\\\/business-tax-relief-for-coronavirus-in-spain#primaryimage\"},\"image\":{\"@id\":\"https:\\\/\\\/alegria-realestate.com\\\/articles\\\/business-tax-relief-for-coronavirus-in-spain#primaryimage\"},\"thumbnailUrl\":\"https:\\\/\\\/alegria-realestate.com\\\/wp-content\\\/uploads\\\/2020\\\/04\\\/business-tax-relief-for-coronavirus-in-spain.jpg\",\"datePublished\":\"2020-04-22T08:49:38+00:00\",\"dateModified\":\"2025-08-14T17:06:43+00:00\",\"description\":\"\u041f\u0440\u0430\u0432\u0438\u0442\u0435\u043b\u044c\u0441\u0442\u0432\u043e \u0418\u0441\u043f\u0430\u043d\u0438\u0438 \u043e\u0434\u043e\u0431\u0440\u0438\u043b\u043e \u043d\u043e\u0432\u0443\u044e \u0441\u0435\u0440\u0438\u044e \u043c\u0435\u0440 \u043f\u043e \u043f\u043e\u0434\u0434\u0435\u0440\u0436\u043a\u0435 \u0431\u0438\u0437\u043d\u0435\u0441\u0430 \u0438 \u043d\u0430\u0441\u0435\u043b\u0435\u043d\u0438\u044f \u0432 \u0441\u0432\u044f\u0437\u0438 \u0441 \u043a\u0440\u0438\u0437\u0438\u0441\u043e\u043c, \u0432 \u0447\u0430\u0441\u0442\u043d\u043e\u0441\u0442\u0438 \u2013 \u043e\u0431\u043b\u0435\u0433\u0447\u0435\u043d\u0438\u0435 \u043d\u0430\u043b\u043e\u0433\u043e\u0432\u043e\u0439 \u043d\u0430\u0433\u0440\u0443\u0437\u043a\u0438 \u0434\u043b\u044f \u043a\u043e\u043c\u043f\u0430\u043d\u0438\u0439 \u0438 \u0418\u041f.\",\"breadcrumb\":{\"@id\":\"https:\\\/\\\/alegria-realestate.com\\\/fr\\\/articles\\\/business-tax-relief-for-coronavirus-in-spain#breadcrumb\"},\"inLanguage\":\"fr-FR\",\"potentialAction\":[{\"@type\":\"ReadAction\",\"target\":[[\"https:\\\/\\\/alegria-realestate.com\\\/fr\\\/articles\\\/business-tax-relief-for-coronavirus-in-spain\"]]}]},{\"@type\":\"ImageObject\",\"inLanguage\":\"fr-FR\",\"@id\":\"https:\\\/\\\/alegria-realestate.com\\\/fr\\\/articles\\\/business-tax-relief-for-coronavirus-in-spain#primaryimage\",\"url\":\"https:\\\/\\\/alegria-realestate.com\\\/wp-content\\\/uploads\\\/2020\\\/04\\\/business-tax-relief-for-coronavirus-in-spain.jpg\",\"contentUrl\":\"https:\\\/\\\/alegria-realestate.com\\\/wp-content\\\/uploads\\\/2020\\\/04\\\/business-tax-relief-for-coronavirus-in-spain.jpg\",\"width\":640,\"height\":390},{\"@type\":\"BreadcrumbList\",\"@id\":\"https:\\\/\\\/alegria-realestate.com\\\/fr\\\/articles\\\/business-tax-relief-for-coronavirus-in-spain#breadcrumb\",\"itemListElement\":[{\"@type\":\"ListItem\",\"position\":1,\"name\":\"\u0413\u043b\u0430\u0432\u043d\u0430\u044f \u0441\u0442\u0440\u0430\u043d\u0438\u0446\u0430\",\"item\":\"https:\\\/\\\/alegria-realestate.com\\\/fr\\\/\"},{\"@type\":\"ListItem\",\"position\":2,\"name\":\"\u041e\u0431\u043b\u0435\u0433\u0447\u0435\u043d\u0438\u0435 \u043d\u0430\u043b\u043e\u0433\u043e\u0432\u043e\u0439 \u043d\u0430\u0433\u0440\u0443\u0437\u043a\u0438 \u0434\u043b\u044f \u0431\u0438\u0437\u043d\u0435\u0441\u0430 \u0438 \u0434\u0440\u0443\u0433\u0438\u0435 \u043c\u0435\u0440\u044b \u043f\u0440\u0430\u0432\u0438\u0442\u0435\u043b\u044c\u0441\u0442\u0432\u0430 \u0418\u0441\u043f\u0430\u043d\u0438\u0438 \u0432 \u0441\u0432\u044f\u0437\u0438 \u0441 \u043a\u0440\u0438\u0437\u0438\u0441\u043e\u043c\"}]},{\"@type\":\"WebSite\",\"@id\":\"https:\\\/\\\/alegria-realestate.com\\\/fr\\\/#website\",\"url\":\"https:\\\/\\\/alegria-realestate.com\\\/fr\\\/\",\"name\":\"Immobilier en Espagne\",\"description\":\"Immobilier en Espagne : ventes dans toutes les villes - Torrevieja, Alicante, Benidorm, etc. Nous vous aiderons \u00e0 acheter un bien immobilier sur la Costa Blanca - logements secondaires, b\u00e2timents neufs. Conception cl\u00e9 en main. Propri\u00e9t\u00e9 sur la Costa Blanca \u00e0 partir de 80 000 \u20ac.\",\"publisher\":{\"@id\":\"https:\\\/\\\/alegria-realestate.com\\\/fr\\\/#organization\"},\"potentialAction\":[{\"@type\":\"SearchAction\",\"target\":{\"@type\":\"EntryPoint\",\"urlTemplate\":\"https:\\\/\\\/alegria-realestate.com\\\/fr\\\/?s={search_term_string}\"},\"query-input\":{\"@type\":\"PropertyValueSpecification\",\"valueRequired\":true,\"valueName\":\"search_term_string\"}}],\"inLanguage\":\"fr-FR\"},{\"@type\":\"Organization\",\"@id\":\"https:\\\/\\\/alegria-realestate.com\\\/fr\\\/#organization\",\"name\":\"Alegria Realestate\",\"url\":\"https:\\\/\\\/alegria-realestate.com\\\/fr\\\/\",\"logo\":{\"@type\":\"ImageObject\",\"inLanguage\":\"fr-FR\",\"@id\":\"https:\\\/\\\/alegria-realestate.com\\\/fr\\\/#\\\/schema\\\/logo\\\/image\\\/\",\"url\":\"https:\\\/\\\/alegria-realestate.com\\\/wp-content\\\/uploads\\\/2019\\\/08\\\/logo_alegria.png\",\"contentUrl\":\"https:\\\/\\\/alegria-realestate.com\\\/wp-content\\\/uploads\\\/2019\\\/08\\\/logo_alegria.png\",\"width\":1600,\"height\":1403,\"caption\":\"Alegria Realestate\"},\"image\":{\"@id\":\"https:\\\/\\\/alegria-realestate.com\\\/fr\\\/#\\\/schema\\\/logo\\\/image\\\/\"},\"sameAs\":[\"https:\\\/\\\/www.facebook.com\\\/realestate.alegria\",\"https:\\\/\\\/x.com\\\/alegriarealesta\",\"https:\\\/\\\/www.instagram.com\\\/alegriadom\\\/\",\"https:\\\/\\\/www.linkedin.com\\\/profile\\\/view?id=154965227\",\"https:\\\/\\\/www.youtube.com\\\/user\\\/AlegriaRealEstate\"]},{\"@type\":\"Person\",\"@id\":\"https:\\\/\\\/alegria-realestate.com\\\/#\\\/schema\\\/person\\\/9d285f0a34620d7fb8e3836f93b5522c\",\"name\":\"\u0421\u0435\u0440\u0433\u0435\u0439 \u0411\u0435\u043a\u0438\u0448\u0435\u0432\"}]}<\/script>\n<!-- \/ Yoast SEO plugin. -->","yoast_head_json":{"title":"\u041f\u0440\u0430\u0432\u0438\u0442\u0435\u043b\u044c\u0441\u0442\u0432\u043e \u0418\u0441\u043f\u0430\u043d\u0438\u0438 \u043f\u0440\u0438\u043d\u044f\u043b\u043e \u043d\u043e\u0432\u044b\u0435 \u044d\u043a\u043e\u043d\u043e\u043c\u0438\u0447\u0435\u0441\u043a\u0438\u0435 \u043c\u0435\u0440\u044b \u043f\u043e \u043f\u043e\u0434\u0434\u0435\u0440\u0436\u043a\u0435 \u0431\u0438\u0437\u043d\u0435\u0441\u0430 \u0438 \u043d\u0430\u0441\u0435\u043b\u0435\u043d\u0438\u044f \u0432 \u0441\u0432\u044f\u0437\u0438 \u0441 \u043a\u0440\u0438\u0437\u0438\u0441\u043e\u043c","description":"\u041f\u0440\u0430\u0432\u0438\u0442\u0435\u043b\u044c\u0441\u0442\u0432\u043e \u0418\u0441\u043f\u0430\u043d\u0438\u0438 \u043e\u0434\u043e\u0431\u0440\u0438\u043b\u043e \u043d\u043e\u0432\u0443\u044e \u0441\u0435\u0440\u0438\u044e \u043c\u0435\u0440 \u043f\u043e \u043f\u043e\u0434\u0434\u0435\u0440\u0436\u043a\u0435 \u0431\u0438\u0437\u043d\u0435\u0441\u0430 \u0438 \u043d\u0430\u0441\u0435\u043b\u0435\u043d\u0438\u044f \u0432 \u0441\u0432\u044f\u0437\u0438 \u0441 \u043a\u0440\u0438\u0437\u0438\u0441\u043e\u043c, \u0432 \u0447\u0430\u0441\u0442\u043d\u043e\u0441\u0442\u0438 \u2013 \u043e\u0431\u043b\u0435\u0433\u0447\u0435\u043d\u0438\u0435 \u043d\u0430\u043b\u043e\u0433\u043e\u0432\u043e\u0439 \u043d\u0430\u0433\u0440\u0443\u0437\u043a\u0438 \u0434\u043b\u044f \u043a\u043e\u043c\u043f\u0430\u043d\u0438\u0439 \u0438 \u0418\u041f.","robots":{"index":"index","follow":"follow","max-snippet":"max-snippet:-1","max-image-preview":"max-image-preview:large","max-video-preview":"max-video-preview:-1"},"canonical":"https:\/\/alegria-realestate.com\/fr\/wp-json\/wp\/v2\/posts\/165497","og_locale":"fr_FR","og_type":"article","og_title":"\u041f\u0440\u0430\u0432\u0438\u0442\u0435\u043b\u044c\u0441\u0442\u0432\u043e \u0418\u0441\u043f\u0430\u043d\u0438\u0438 \u043f\u0440\u0438\u043d\u044f\u043b\u043e \u043d\u043e\u0432\u044b\u0435 \u044d\u043a\u043e\u043d\u043e\u043c\u0438\u0447\u0435\u0441\u043a\u0438\u0435 \u043c\u0435\u0440\u044b \u043f\u043e \u043f\u043e\u0434\u0434\u0435\u0440\u0436\u043a\u0435 \u0431\u0438\u0437\u043d\u0435\u0441\u0430 \u0438 \u043d\u0430\u0441\u0435\u043b\u0435\u043d\u0438\u044f \u0432 \u0441\u0432\u044f\u0437\u0438 \u0441 \u043a\u0440\u0438\u0437\u0438\u0441\u043e\u043c","og_description":"\u041f\u0440\u0430\u0432\u0438\u0442\u0435\u043b\u044c\u0441\u0442\u0432\u043e \u0418\u0441\u043f\u0430\u043d\u0438\u0438 \u043e\u0434\u043e\u0431\u0440\u0438\u043b\u043e \u043d\u043e\u0432\u0443\u044e \u0441\u0435\u0440\u0438\u044e \u043c\u0435\u0440 \u043f\u043e \u043f\u043e\u0434\u0434\u0435\u0440\u0436\u043a\u0435 \u0431\u0438\u0437\u043d\u0435\u0441\u0430 \u0438 \u043d\u0430\u0441\u0435\u043b\u0435\u043d\u0438\u044f \u0432 \u0441\u0432\u044f\u0437\u0438 \u0441 \u043a\u0440\u0438\u0437\u0438\u0441\u043e\u043c, \u0432 \u0447\u0430\u0441\u0442\u043d\u043e\u0441\u0442\u0438 \u2013 \u043e\u0431\u043b\u0435\u0433\u0447\u0435\u043d\u0438\u0435 \u043d\u0430\u043b\u043e\u0433\u043e\u0432\u043e\u0439 \u043d\u0430\u0433\u0440\u0443\u0437\u043a\u0438 \u0434\u043b\u044f \u043a\u043e\u043c\u043f\u0430\u043d\u0438\u0439 \u0438 \u0418\u041f.","og_url":"https:\/\/alegria-realestate.com\/fr\/wp-json\/wp\/v2\/posts\/165497","og_site_name":"Immobilier en Espagne","article_publisher":"https:\/\/www.facebook.com\/realestate.alegria","article_published_time":"2020-04-22T08:49:38+00:00","article_modified_time":"2025-08-14T17:06:43+00:00","og_image":[{"width":640,"height":390,"url":"https:\/\/alegria-realestate.com\/wp-content\/uploads\/2020\/04\/business-tax-relief-for-coronavirus-in-spain.jpg","type":"image\/jpeg"}],"author":"\u0421\u0435\u0440\u0433\u0435\u0439 \u0411\u0435\u043a\u0438\u0448\u0435\u0432","twitter_card":"summary_large_image","twitter_creator":"@alegriarealesta","twitter_site":"@alegriarealesta","schema":{"@context":"https:\/\/schema.org","@graph":[{"@type":"Article","@id":"https:\/\/alegria-realestate.com\/articles\/business-tax-relief-for-coronavirus-in-spain#article","isPartOf":{"@id":"https:\/\/alegria-realestate.com\/articles\/business-tax-relief-for-coronavirus-in-spain"},"author":{"name":"\u0421\u0435\u0440\u0433\u0435\u0439 \u0411\u0435\u043a\u0438\u0448\u0435\u0432","@id":"https:\/\/alegria-realestate.com\/#\/schema\/person\/9d285f0a34620d7fb8e3836f93b5522c"},"headline":"All\u00e9gement de la charge fiscale pour les entreprises et autres mesures du gouvernement espagnol en lien avec la crise","datePublished":"2020-04-22T08:49:38+00:00","dateModified":"2025-08-14T17:06:43+00:00","mainEntityOfPage":{"@id":"https:\/\/alegria-realestate.com\/articles\/business-tax-relief-for-coronavirus-in-spain"},"wordCount":3196,"publisher":{"@id":"https:\/\/alegria-realestate.com\/#organization"},"image":{"@id":"https:\/\/alegria-realestate.com\/articles\/business-tax-relief-for-coronavirus-in-spain#primaryimage"},"thumbnailUrl":"https:\/\/alegria-realestate.com\/wp-content\/uploads\/2020\/04\/business-tax-relief-for-coronavirus-in-spain.jpg","articleSection":["Blog","Actualit\u00e9s"],"inLanguage":"fr-FR"},{"@type":"WebPage","@id":"https:\/\/alegria-realestate.com\/fr\/articles\/business-tax-relief-for-coronavirus-in-spain","url":"https:\/\/alegria-realestate.com\/fr\/articles\/business-tax-relief-for-coronavirus-in-spain","name":"\u041f\u0440\u0430\u0432\u0438\u0442\u0435\u043b\u044c\u0441\u0442\u0432\u043e \u0418\u0441\u043f\u0430\u043d\u0438\u0438 \u043f\u0440\u0438\u043d\u044f\u043b\u043e \u043d\u043e\u0432\u044b\u0435 \u044d\u043a\u043e\u043d\u043e\u043c\u0438\u0447\u0435\u0441\u043a\u0438\u0435 \u043c\u0435\u0440\u044b \u043f\u043e \u043f\u043e\u0434\u0434\u0435\u0440\u0436\u043a\u0435 \u0431\u0438\u0437\u043d\u0435\u0441\u0430 \u0438 \u043d\u0430\u0441\u0435\u043b\u0435\u043d\u0438\u044f \u0432 \u0441\u0432\u044f\u0437\u0438 \u0441 \u043a\u0440\u0438\u0437\u0438\u0441\u043e\u043c","isPartOf":{"@id":"https:\/\/alegria-realestate.com\/fr\/#website"},"primaryImageOfPage":{"@id":"https:\/\/alegria-realestate.com\/fr\/articles\/business-tax-relief-for-coronavirus-in-spain#primaryimage"},"image":{"@id":"https:\/\/alegria-realestate.com\/articles\/business-tax-relief-for-coronavirus-in-spain#primaryimage"},"thumbnailUrl":"https:\/\/alegria-realestate.com\/wp-content\/uploads\/2020\/04\/business-tax-relief-for-coronavirus-in-spain.jpg","datePublished":"2020-04-22T08:49:38+00:00","dateModified":"2025-08-14T17:06:43+00:00","description":"\u041f\u0440\u0430\u0432\u0438\u0442\u0435\u043b\u044c\u0441\u0442\u0432\u043e \u0418\u0441\u043f\u0430\u043d\u0438\u0438 \u043e\u0434\u043e\u0431\u0440\u0438\u043b\u043e \u043d\u043e\u0432\u0443\u044e \u0441\u0435\u0440\u0438\u044e \u043c\u0435\u0440 \u043f\u043e \u043f\u043e\u0434\u0434\u0435\u0440\u0436\u043a\u0435 \u0431\u0438\u0437\u043d\u0435\u0441\u0430 \u0438 \u043d\u0430\u0441\u0435\u043b\u0435\u043d\u0438\u044f \u0432 \u0441\u0432\u044f\u0437\u0438 \u0441 \u043a\u0440\u0438\u0437\u0438\u0441\u043e\u043c, \u0432 \u0447\u0430\u0441\u0442\u043d\u043e\u0441\u0442\u0438 \u2013 \u043e\u0431\u043b\u0435\u0433\u0447\u0435\u043d\u0438\u0435 \u043d\u0430\u043b\u043e\u0433\u043e\u0432\u043e\u0439 \u043d\u0430\u0433\u0440\u0443\u0437\u043a\u0438 \u0434\u043b\u044f \u043a\u043e\u043c\u043f\u0430\u043d\u0438\u0439 \u0438 \u0418\u041f.","breadcrumb":{"@id":"https:\/\/alegria-realestate.com\/fr\/articles\/business-tax-relief-for-coronavirus-in-spain#breadcrumb"},"inLanguage":"fr-FR","potentialAction":[{"@type":"ReadAction","target":[["https:\/\/alegria-realestate.com\/fr\/articles\/business-tax-relief-for-coronavirus-in-spain"]]}]},{"@type":"ImageObject","inLanguage":"fr-FR","@id":"https:\/\/alegria-realestate.com\/fr\/articles\/business-tax-relief-for-coronavirus-in-spain#primaryimage","url":"https:\/\/alegria-realestate.com\/wp-content\/uploads\/2020\/04\/business-tax-relief-for-coronavirus-in-spain.jpg","contentUrl":"https:\/\/alegria-realestate.com\/wp-content\/uploads\/2020\/04\/business-tax-relief-for-coronavirus-in-spain.jpg","width":640,"height":390},{"@type":"BreadcrumbList","@id":"https:\/\/alegria-realestate.com\/fr\/articles\/business-tax-relief-for-coronavirus-in-spain#breadcrumb","itemListElement":[{"@type":"ListItem","position":1,"name":"\u0413\u043b\u0430\u0432\u043d\u0430\u044f \u0441\u0442\u0440\u0430\u043d\u0438\u0446\u0430","item":"https:\/\/alegria-realestate.com\/fr\/"},{"@type":"ListItem","position":2,"name":"\u041e\u0431\u043b\u0435\u0433\u0447\u0435\u043d\u0438\u0435 \u043d\u0430\u043b\u043e\u0433\u043e\u0432\u043e\u0439 \u043d\u0430\u0433\u0440\u0443\u0437\u043a\u0438 \u0434\u043b\u044f \u0431\u0438\u0437\u043d\u0435\u0441\u0430 \u0438 \u0434\u0440\u0443\u0433\u0438\u0435 \u043c\u0435\u0440\u044b \u043f\u0440\u0430\u0432\u0438\u0442\u0435\u043b\u044c\u0441\u0442\u0432\u0430 \u0418\u0441\u043f\u0430\u043d\u0438\u0438 \u0432 \u0441\u0432\u044f\u0437\u0438 \u0441 \u043a\u0440\u0438\u0437\u0438\u0441\u043e\u043c"}]},{"@type":"WebSite","@id":"https:\/\/alegria-realestate.com\/fr\/#website","url":"https:\/\/alegria-realestate.com\/fr\/","name":"Immobilier en Espagne","description":"Immobilier en Espagne : ventes dans toutes les villes - Torrevieja, Alicante, Benidorm, etc. Nous vous aiderons \u00e0 acheter un bien immobilier sur la Costa Blanca - logements secondaires, b\u00e2timents neufs. Conception cl\u00e9 en main. Propri\u00e9t\u00e9 sur la Costa Blanca \u00e0 partir de 80 000 \u20ac.","publisher":{"@id":"https:\/\/alegria-realestate.com\/fr\/#organization"},"potentialAction":[{"@type":"SearchAction","target":{"@type":"EntryPoint","urlTemplate":"https:\/\/alegria-realestate.com\/fr\/?s={search_term_string}"},"query-input":{"@type":"PropertyValueSpecification","valueRequired":true,"valueName":"search_term_string"}}],"inLanguage":"fr-FR"},{"@type":"Organization","@id":"https:\/\/alegria-realestate.com\/fr\/#organization","name":"Alegria Realestate","url":"https:\/\/alegria-realestate.com\/fr\/","logo":{"@type":"ImageObject","inLanguage":"fr-FR","@id":"https:\/\/alegria-realestate.com\/fr\/#\/schema\/logo\/image\/","url":"https:\/\/alegria-realestate.com\/wp-content\/uploads\/2019\/08\/logo_alegria.png","contentUrl":"https:\/\/alegria-realestate.com\/wp-content\/uploads\/2019\/08\/logo_alegria.png","width":1600,"height":1403,"caption":"Alegria Realestate"},"image":{"@id":"https:\/\/alegria-realestate.com\/fr\/#\/schema\/logo\/image\/"},"sameAs":["https:\/\/www.facebook.com\/realestate.alegria","https:\/\/x.com\/alegriarealesta","https:\/\/www.instagram.com\/alegriadom\/","https:\/\/www.linkedin.com\/profile\/view?id=154965227","https:\/\/www.youtube.com\/user\/AlegriaRealEstate"]},{"@type":"Person","@id":"https:\/\/alegria-realestate.com\/#\/schema\/person\/9d285f0a34620d7fb8e3836f93b5522c","name":"\u0421\u0435\u0440\u0433\u0435\u0439 \u0411\u0435\u043a\u0438\u0448\u0435\u0432"}]}},"_links":{"self":[{"href":"https:\/\/alegria-realestate.com\/fr\/wp-json\/wp\/v2\/posts\/165497","targetHints":{"allow":["GET"]}}],"collection":[{"href":"https:\/\/alegria-realestate.com\/fr\/wp-json\/wp\/v2\/posts"}],"about":[{"href":"https:\/\/alegria-realestate.com\/fr\/wp-json\/wp\/v2\/types\/post"}],"author":[{"embeddable":true,"href":"https:\/\/alegria-realestate.com\/fr\/wp-json\/wp\/v2\/users\/18"}],"replies":[{"embeddable":true,"href":"https:\/\/alegria-realestate.com\/fr\/wp-json\/wp\/v2\/comments?post=165497"}],"version-history":[{"count":1,"href":"https:\/\/alegria-realestate.com\/fr\/wp-json\/wp\/v2\/posts\/165497\/revisions"}],"predecessor-version":[{"id":837252,"href":"https:\/\/alegria-realestate.com\/fr\/wp-json\/wp\/v2\/posts\/165497\/revisions\/837252"}],"wp:featuredmedia":[{"embeddable":true,"href":"https:\/\/alegria-realestate.com\/fr\/wp-json\/wp\/v2\/media\/165499"}],"wp:attachment":[{"href":"https:\/\/alegria-realestate.com\/fr\/wp-json\/wp\/v2\/media?parent=165497"}],"wp:term":[{"taxonomy":"category","embeddable":true,"href":"https:\/\/alegria-realestate.com\/fr\/wp-json\/wp\/v2\/categories?post=165497"},{"taxonomy":"post_tag","embeddable":true,"href":"https:\/\/alegria-realestate.com\/fr\/wp-json\/wp\/v2\/tags?post=165497"}],"curies":[{"name":"wp","href":"https:\/\/api.w.org\/{rel}","templated":true}]}}