{"id":165502,"date":"2020-04-23T11:55:17","date_gmt":"2020-04-23T08:55:17","guid":{"rendered":"https:\/\/alegria-realestate.com\/?p=165502"},"modified":"2025-08-14T20:06:45","modified_gmt":"2025-08-14T17:06:45","slug":"sommercial-premises-rental-moratorium","status":"publish","type":"post","link":"https:\/\/alegria-realestate.com\/fr\/articles\/sommercial-premises-rental-moratorium","title":{"rendered":"Moratoire sur la location de locaux commerciaux pour les entrepreneurs individuels et les petites et moyennes entreprises"},"content":{"rendered":"<p>Le dernier Conseil des ministres a approuv\u00e9 de nouveaux m\u00e9canismes pour aider les entrepreneurs individuels et les petites et moyennes <a href=\"https:\/\/alegria-realestate.com\/ru\/articles\/business-tax-relief-for-coronavirus-in-spain\">entreprises<\/a> qui se trouvent dans une situation difficile en raison de la crise sanitaire. La nouvelle s\u00e9rie de mesures comprend une initiative permettant aux locataires commerciaux de demander un moratoire sur le paiement des loyers pendant la crise. Nous parlons de locaux commerciaux appartenant \u00e0 de grands propri\u00e9taires et \u00e0 des entreprises publiques. En ce qui concerne les petits propri\u00e9taires, dans ce cas, il est propos\u00e9 d&#39;effectuer des paiements courants \u00e0 partir d&#39;un d\u00e9p\u00f4t (fianza) avec un retour ult\u00e9rieur de ce montant dans un d\u00e9lai d&#39;un an, et il est \u00e9galement recommand\u00e9 que des accords bilat\u00e9raux mutuellement avantageux soient conclus entre le propri\u00e9taire et le locataire touch\u00e9 par la crise. Le ministre de l&#39;Industrie, du Commerce et du Tourisme, Reyes Maroto, a mentionn\u00e9 plus t\u00f4t que le gouvernement \u00e9tudiait les moyens de soutenir les entrepreneurs et les entreprises qui sont oblig\u00e9s de payer un loyer pour les locaux commerciaux face \u00e0 une forte baisse des b\u00e9n\u00e9fices. C&#39;est l&#39;un des postes de d\u00e9penses les plus importants pour ces cat\u00e9gories, qui est extr\u00eamement difficile \u00e0 rembourser dans des conditions de paralysie compl\u00e8te ou presque compl\u00e8te des entreprises. Ainsi, selon le d\u00e9cret-loi royal 15\/2020 du 21 avril 2020, publi\u00e9 au Journal officiel de l&#39;\u00c9tat (BOE) le 22 avril, les conditions d&#39;acc\u00e8s \u00e0 cette s\u00e9rie de mesures de soutien aux entrepreneurs individuels et aux entreprises sont les suivantes : <strong>Si le propri\u00e9taire est un grand propri\u00e9taire ou une entreprise publique<\/strong> Si le propri\u00e9taire est un grand propri\u00e9taire (plus de 10 biens) ou une entreprise publique, <a href=\"https:\/\/alegria-realestate.com\/ru\/articles\/news\/coronavirus-spain-allowance-for-tenants\">le locataire<\/a> a le droit de demander un moratoire sur la location du local commercial. La dur\u00e9e du moratoire est la p\u00e9riode pendant laquelle l&#39;\u00e9tat d&#39;urgence dure en raison de la pand\u00e9mie, mais si cette p\u00e9riode est insuffisante pour r\u00e9tablir la solvabilit\u00e9 du locataire, elle peut \u00eatre prolong\u00e9e de plusieurs mois (maximum 4). La dette peut \u00eatre rembours\u00e9e par tranches sans application d&#39;int\u00e9r\u00eats dans un d\u00e9lai de 2 ans \u00e0 compter du moment o\u00f9 la solvabilit\u00e9 du locataire a \u00e9t\u00e9 r\u00e9tablie, ou au maximum de 4 mois apr\u00e8s la fin de l&#39;\u00e9tat d&#39;urgence. Dans ce cas, la dette doit \u00eatre pay\u00e9e avant l&#39;expiration du contrat de bail. Une demande de moratoire peut \u00eatre faite dans un d\u00e9lai d&#39;un mois \u00e0 compter de l&#39;entr\u00e9e en vigueur du d\u00e9cret-loi royal 15\/2020 (\u00e0 partir du 23 avril). <strong>Si le propri\u00e9taire n&#39;est pas un grand propri\u00e9taire<\/strong> Dans le cas o\u00f9 le propri\u00e9taire n&#39;est pas un grand propri\u00e9taire (c&#39;est-\u00e0-dire moins de 10 biens sont en sa possession), le locataire peut demander un paiement diff\u00e9r\u00e9, mais seulement si les deux parties n&#39;ont pas d\u00e9j\u00e0 conclu un accord report ou r\u00e9duction de paiement. Un d\u00e9p\u00f4t de garantie (fianza) pour l&#39;immobilier peut \u00eatre utilis\u00e9 pour payer partiellement ou totalement le loyer mensuel impay\u00e9. Dans ce cas, le locataire doit reconstituer le montant de la caution dans un d\u00e9lai d&#39;un an \u00e0 compter de la date de l&#39;accord entre les parties ou jusqu&#39;\u00e0 l&#39;expiration du contrat.<\/p>\n<h2> Entrepreneurs individuels et entreprises \u00e9ligibles \u00e0 un moratoire<\/h2>\n<p> <strong>Conditions pour les entrepreneurs individuels<\/strong><\/p>\n<ul>\n<li> Le propri\u00e9taire unique doit \u00eatre enregistr\u00e9 (situaci\u00f3n de alta) aupr\u00e8s du service de s\u00e9curit\u00e9 sociale sous le mode &quot;R\u00e9gimen Especial de la Seguridad Social de los Trabajadores por Cuenta Propia o Aut\u00f3nomos&quot; ou &quot;R\u00e9gimen Especial de la Seguridad Social de los Trabajadores del Mar&quot; \u00e0 au moment de l&#39;annonce des dispositions d&#39;urgence (14 mars).<\/li>\n<li> L&#39;activit\u00e9 de l&#39; <a href=\"https:\/\/alegria-realestate.com\/ru\/articles\/news\/coronavirus-spain-unemployment-benefits\">IP<\/a> a \u00e9t\u00e9 arr\u00eat\u00e9e en raison de la crise sanitaire.<\/li>\n<li> Si l&#39;IE n&#39;a pas \u00e9t\u00e9 suspendu en raison de la crise, il doit d\u00e9montrer que ses revenus ont baiss\u00e9 d&#39;au moins 75 % par rapport au montant moyen des revenus mensuels du m\u00eame trimestre de l&#39;ann\u00e9e derni\u00e8re.<\/li>\n<\/ul>\n<p> <strong>Termes pour les PME (pymes)<\/strong><\/p>\n<ul>\n<li> Le total des actifs de l&#39;entreprise ne doit pas d\u00e9passer 4 millions d&#39;euros au cours des deux derni\u00e8res ann\u00e9es\u00a0; son chiffre d&#39;affaires ne doit pas d\u00e9passer 8 millions d&#39;euros au cours des deux derni\u00e8res ann\u00e9es ; Le nombre d&#39;employ\u00e9s ne doit pas d\u00e9passer 50.<\/li>\n<li> Les activit\u00e9s de l&#39;entreprise ont \u00e9t\u00e9 suspendues en raison de <a href=\"https:\/\/alegria-realestate.com\/ru\/articles\/spanish-property-market-after-covid-19\">la crise du coronavirus<\/a> .<\/li>\n<li> Si les activit\u00e9s de l&#39;entreprise n&#39;ont pas \u00e9t\u00e9 suspendues en raison de la crise, il faut d\u00e9montrer que ses revenus ont baiss\u00e9 d&#39;au moins 75% par rapport au montant moyen des revenus du m\u00eame trimestre l&#39;an dernier.<\/li>\n<\/ul>\n<p> <strong>Documents prouvant le droit \u00e0 un moratoire<\/strong><\/p>\n<ul>\n<li> En cas de r\u00e9duction d&#39;activit\u00e9 et de baisse de revenus, il est n\u00e9cessaire de pr\u00e9senter une d\u00e9claration de passif bas\u00e9e sur des informations comptables, ainsi que des donn\u00e9es sur les revenus et les d\u00e9penses, d\u00e9montrant une diminution des b\u00e9n\u00e9fices d&#39;au moins 75% par rapport \u00e0 la moyenne montant mensuel pour le m\u00eame trimestre de l&#39;ann\u00e9e pr\u00e9c\u00e9dente.<\/li>\n<li> Le locataire doit \u00eatre pr\u00eat, \u00e0 la demande du bailleur, \u00e0 fournir \u00e0 ce dernier des livres comptables justifiant de la baisse d&#39;activit\u00e9.<\/li>\n<li> Dans le cas o\u00f9 l&#39;activit\u00e9 d&#39;un entrepreneur individuel ou d&#39;une entreprise a \u00e9t\u00e9 suspendue en raison d&#39;une crise, il est n\u00e9cessaire de fournir un certificat appropri\u00e9 du service des imp\u00f4ts ou d&#39;une autre autorit\u00e9 comp\u00e9tente de la communaut\u00e9 autonome.<\/li>\n<\/ul>\n<p><\/p>","protected":false},"excerpt":{"rendered":"<p>Le dernier Conseil des ministres a approuv\u00e9 de nouveaux\u2026<\/p>\n","protected":false},"author":18,"featured_media":165503,"comment_status":"closed","ping_status":"closed","sticky":false,"template":"","format":"standard","meta":{"footnotes":""},"categories":[1,15],"tags":[],"class_list":["post-165502","post","type-post","status-publish","format-standard","has-post-thumbnail","hentry","category-articles","category-news"],"yoast_head":"<!-- This site is optimized with the Yoast SEO plugin v27.5 - https:\/\/yoast.com\/product\/yoast-seo-wordpress\/ -->\n<title>\u041c\u043e\u0440\u0430\u0442\u043e\u0440\u0438\u0439 \u043d\u0430 \u0430\u0440\u0435\u043d\u0434\u0443 \u043a\u043e\u043c\u043c\u0435\u0440\u0447\u0435\u0441\u043a\u0438\u0445 \u043f\u043e\u043c\u0435\u0449\u0435\u043d\u0438\u0439 \u0434\u043b\u044f \u0418\u041f \u0438 \u043f\u0440\u0435\u0434\u043f\u0440\u0438\u044f\u0442\u0438\u0439 \u043c\u0430\u043b\u043e\u0433\u043e \u0438 \u0441\u0440\u0435\u0434\u043d\u0435\u0433\u043e \u0431\u0438\u0437\u043d\u0435\u0441\u0430 \u0432 \u0441\u0432\u044f\u0437\u0438 \u0441 \u043a\u0440\u0438\u0437\u0438\u0441\u043e\u043c COVID-19<\/title>\n<meta name=\"description\" content=\"\u0421\u043e\u0432\u0435\u0442 \u043c\u0438\u043d\u0438\u0441\u0442\u0440\u043e\u0432 \u0418\u0441\u043f\u0430\u043d\u0438\u0438 \u043e\u0434\u043e\u0431\u0440\u0438\u043b \u043f\u0440\u0430\u0432\u043e \u0418\u041f \u0438 \u043f\u0440\u0435\u0434\u043f\u0440\u0438\u044f\u0442\u0438\u0439 \u043c\u0430\u043b\u043e\u0433\u043e \u0438 \u0441\u0440\u0435\u0434\u043d\u0435\u0433\u043e \u0431\u0438\u0437\u043d\u0435\u0441\u0430, \u043f\u043e\u0441\u0442\u0440\u0430\u0434\u0430\u0432\u0448\u0438\u0445 \u0438\u0437-\u0437\u0430 \u043a\u0440\u0438\u0437\u0438\u0441\u0430 COVID-19, \u043d\u0430 \u043c\u043e\u0440\u0430\u0442\u043e\u0440\u0438\u0439 \u0430\u0440\u0435\u043d\u0434\u043d\u044b\u0445 \u043f\u043b\u0430\u0442\u0435\u0436\u0435\u0439 \u0437\u0430 \u043a\u043e\u043c\u043c\u0435\u0440\u0447\u0435\u0441\u043a\u0438\u0435 \u043f\u043e\u043c\u0435\u0449\u0435\u043d\u0438\u044f.\" \/>\n<meta name=\"robots\" content=\"index, follow, max-snippet:-1, max-image-preview:large, max-video-preview:-1\" \/>\n<link rel=\"canonical\" href=\"https:\/\/alegria-realestate.com\/fr\/wp-json\/wp\/v2\/posts\/165502\" \/>\n<meta property=\"og:locale\" content=\"fr_FR\" \/>\n<meta property=\"og:type\" content=\"article\" \/>\n<meta property=\"og:title\" content=\"\u041c\u043e\u0440\u0430\u0442\u043e\u0440\u0438\u0439 \u043d\u0430 \u0430\u0440\u0435\u043d\u0434\u0443 \u043a\u043e\u043c\u043c\u0435\u0440\u0447\u0435\u0441\u043a\u0438\u0445 \u043f\u043e\u043c\u0435\u0449\u0435\u043d\u0438\u0439 \u0434\u043b\u044f \u0418\u041f \u0438 \u043f\u0440\u0435\u0434\u043f\u0440\u0438\u044f\u0442\u0438\u0439 \u043c\u0430\u043b\u043e\u0433\u043e \u0438 \u0441\u0440\u0435\u0434\u043d\u0435\u0433\u043e \u0431\u0438\u0437\u043d\u0435\u0441\u0430 \u0432 \u0441\u0432\u044f\u0437\u0438 \u0441 \u043a\u0440\u0438\u0437\u0438\u0441\u043e\u043c COVID-19\" \/>\n<meta property=\"og:description\" content=\"\u0421\u043e\u0432\u0435\u0442 \u043c\u0438\u043d\u0438\u0441\u0442\u0440\u043e\u0432 \u0418\u0441\u043f\u0430\u043d\u0438\u0438 \u043e\u0434\u043e\u0431\u0440\u0438\u043b \u043f\u0440\u0430\u0432\u043e \u0418\u041f \u0438 \u043f\u0440\u0435\u0434\u043f\u0440\u0438\u044f\u0442\u0438\u0439 \u043c\u0430\u043b\u043e\u0433\u043e \u0438 \u0441\u0440\u0435\u0434\u043d\u0435\u0433\u043e \u0431\u0438\u0437\u043d\u0435\u0441\u0430, \u043f\u043e\u0441\u0442\u0440\u0430\u0434\u0430\u0432\u0448\u0438\u0445 \u0438\u0437-\u0437\u0430 \u043a\u0440\u0438\u0437\u0438\u0441\u0430 COVID-19, \u043d\u0430 \u043c\u043e\u0440\u0430\u0442\u043e\u0440\u0438\u0439 \u0430\u0440\u0435\u043d\u0434\u043d\u044b\u0445 \u043f\u043b\u0430\u0442\u0435\u0436\u0435\u0439 \u0437\u0430 \u043a\u043e\u043c\u043c\u0435\u0440\u0447\u0435\u0441\u043a\u0438\u0435 \u043f\u043e\u043c\u0435\u0449\u0435\u043d\u0438\u044f.\" \/>\n<meta property=\"og:url\" content=\"https:\/\/alegria-realestate.com\/fr\/wp-json\/wp\/v2\/posts\/165502\" \/>\n<meta property=\"og:site_name\" content=\"Immobilier en Espagne\" \/>\n<meta property=\"article:publisher\" content=\"https:\/\/www.facebook.com\/realestate.alegria\" \/>\n<meta property=\"article:published_time\" content=\"2020-04-23T08:55:17+00:00\" \/>\n<meta property=\"article:modified_time\" content=\"2025-08-14T17:06:45+00:00\" \/>\n<meta property=\"og:image\" content=\"https:\/\/alegria-realestate.com\/wp-content\/uploads\/2020\/04\/sommercial-premises-rental-moratorium.jpg\" \/>\n\t<meta property=\"og:image:width\" content=\"800\" \/>\n\t<meta property=\"og:image:height\" content=\"450\" \/>\n\t<meta property=\"og:image:type\" content=\"image\/jpeg\" \/>\n<meta name=\"author\" content=\"\u0421\u0435\u0440\u0433\u0435\u0439 \u0411\u0435\u043a\u0438\u0448\u0435\u0432\" \/>\n<meta name=\"twitter:card\" content=\"summary_large_image\" \/>\n<meta name=\"twitter:creator\" content=\"@alegriarealesta\" \/>\n<meta name=\"twitter:site\" content=\"@alegriarealesta\" \/>\n<script type=\"application\/ld+json\" class=\"yoast-schema-graph\">{\"@context\":\"https:\\\/\\\/schema.org\",\"@graph\":[{\"@type\":\"Article\",\"@id\":\"https:\\\/\\\/alegria-realestate.com\\\/fr\\\/articles\\\/sommercial-premises-rental-moratorium#article\",\"isPartOf\":{\"@id\":\"https:\\\/\\\/alegria-realestate.com\\\/fr\\\/articles\\\/sommercial-premises-rental-moratorium\"},\"author\":{\"name\":\"\u0421\u0435\u0440\u0433\u0435\u0439 \u0411\u0435\u043a\u0438\u0448\u0435\u0432\",\"@id\":\"https:\\\/\\\/alegria-realestate.com\\\/#\\\/schema\\\/person\\\/9d285f0a34620d7fb8e3836f93b5522c\"},\"headline\":\"Moratoire sur la location de locaux commerciaux pour les entrepreneurs individuels et les petites et moyennes entreprises\",\"datePublished\":\"2020-04-23T08:55:17+00:00\",\"dateModified\":\"2025-08-14T17:06:45+00:00\",\"mainEntityOfPage\":{\"@id\":\"https:\\\/\\\/alegria-realestate.com\\\/fr\\\/articles\\\/sommercial-premises-rental-moratorium\"},\"wordCount\":5628,\"publisher\":{\"@id\":\"https:\\\/\\\/alegria-realestate.com\\\/#organization\"},\"image\":{\"@id\":\"https:\\\/\\\/alegria-realestate.com\\\/fr\\\/articles\\\/sommercial-premises-rental-moratorium#primaryimage\"},\"thumbnailUrl\":\"https:\\\/\\\/alegria-realestate.com\\\/wp-content\\\/uploads\\\/2020\\\/04\\\/sommercial-premises-rental-moratorium.jpg\",\"articleSection\":[\"Blog\",\"Actualit\u00e9s\"],\"inLanguage\":\"fr-FR\"},{\"@type\":\"WebPage\",\"@id\":\"https:\\\/\\\/alegria-realestate.com\\\/fr\\\/articles\\\/sommercial-premises-rental-moratorium\",\"url\":\"https:\\\/\\\/alegria-realestate.com\\\/fr\\\/articles\\\/sommercial-premises-rental-moratorium\",\"name\":\"\u041c\u043e\u0440\u0430\u0442\u043e\u0440\u0438\u0439 \u043d\u0430 \u0430\u0440\u0435\u043d\u0434\u0443 \u043a\u043e\u043c\u043c\u0435\u0440\u0447\u0435\u0441\u043a\u0438\u0445 \u043f\u043e\u043c\u0435\u0449\u0435\u043d\u0438\u0439 \u0434\u043b\u044f \u0418\u041f \u0438 \u043f\u0440\u0435\u0434\u043f\u0440\u0438\u044f\u0442\u0438\u0439 \u043c\u0430\u043b\u043e\u0433\u043e \u0438 \u0441\u0440\u0435\u0434\u043d\u0435\u0433\u043e \u0431\u0438\u0437\u043d\u0435\u0441\u0430 \u0432 \u0441\u0432\u044f\u0437\u0438 \u0441 \u043a\u0440\u0438\u0437\u0438\u0441\u043e\u043c COVID-19\",\"isPartOf\":{\"@id\":\"https:\\\/\\\/alegria-realestate.com\\\/fr\\\/#website\"},\"primaryImageOfPage\":{\"@id\":\"https:\\\/\\\/alegria-realestate.com\\\/fr\\\/articles\\\/sommercial-premises-rental-moratorium#primaryimage\"},\"image\":{\"@id\":\"https:\\\/\\\/alegria-realestate.com\\\/fr\\\/articles\\\/sommercial-premises-rental-moratorium#primaryimage\"},\"thumbnailUrl\":\"https:\\\/\\\/alegria-realestate.com\\\/wp-content\\\/uploads\\\/2020\\\/04\\\/sommercial-premises-rental-moratorium.jpg\",\"datePublished\":\"2020-04-23T08:55:17+00:00\",\"dateModified\":\"2025-08-14T17:06:45+00:00\",\"description\":\"\u0421\u043e\u0432\u0435\u0442 \u043c\u0438\u043d\u0438\u0441\u0442\u0440\u043e\u0432 \u0418\u0441\u043f\u0430\u043d\u0438\u0438 \u043e\u0434\u043e\u0431\u0440\u0438\u043b \u043f\u0440\u0430\u0432\u043e \u0418\u041f \u0438 \u043f\u0440\u0435\u0434\u043f\u0440\u0438\u044f\u0442\u0438\u0439 \u043c\u0430\u043b\u043e\u0433\u043e \u0438 \u0441\u0440\u0435\u0434\u043d\u0435\u0433\u043e \u0431\u0438\u0437\u043d\u0435\u0441\u0430, \u043f\u043e\u0441\u0442\u0440\u0430\u0434\u0430\u0432\u0448\u0438\u0445 \u0438\u0437-\u0437\u0430 \u043a\u0440\u0438\u0437\u0438\u0441\u0430 COVID-19, \u043d\u0430 \u043c\u043e\u0440\u0430\u0442\u043e\u0440\u0438\u0439 \u0430\u0440\u0435\u043d\u0434\u043d\u044b\u0445 \u043f\u043b\u0430\u0442\u0435\u0436\u0435\u0439 \u0437\u0430 \u043a\u043e\u043c\u043c\u0435\u0440\u0447\u0435\u0441\u043a\u0438\u0435 \u043f\u043e\u043c\u0435\u0449\u0435\u043d\u0438\u044f.\",\"breadcrumb\":{\"@id\":\"https:\\\/\\\/alegria-realestate.com\\\/fr\\\/articles\\\/sommercial-premises-rental-moratorium#breadcrumb\"},\"inLanguage\":\"fr-FR\",\"potentialAction\":[{\"@type\":\"ReadAction\",\"target\":[[\"https:\\\/\\\/alegria-realestate.com\\\/fr\\\/articles\\\/sommercial-premises-rental-moratorium\"]]}]},{\"@type\":\"ImageObject\",\"inLanguage\":\"fr-FR\",\"@id\":\"https:\\\/\\\/alegria-realestate.com\\\/fr\\\/articles\\\/sommercial-premises-rental-moratorium#primaryimage\",\"url\":\"https:\\\/\\\/alegria-realestate.com\\\/wp-content\\\/uploads\\\/2020\\\/04\\\/sommercial-premises-rental-moratorium.jpg\",\"contentUrl\":\"https:\\\/\\\/alegria-realestate.com\\\/wp-content\\\/uploads\\\/2020\\\/04\\\/sommercial-premises-rental-moratorium.jpg\",\"width\":800,\"height\":450,\"caption\":\"\u041c\u043e\u0440\u0430\u0442\u043e\u0440\u0438\u0439 \u043d\u0430 \u0430\u0440\u0435\u043d\u0434\u0443 \u043a\u043e\u043c\u043c\u0435\u0440\u0447\u0435\u0441\u043a\u0438\u0445 \u043f\u043e\u043c\u0435\u0449\u0435\u043d\u0438\u0439 \u0434\u043b\u044f \u0418\u041f \u0438 \u043f\u0440\u0435\u0434\u043f\u0440\u0438\u044f\u0442\u0438\u0439 \u043c\u0430\u043b\u043e\u0433\u043e \u0438 \u0441\u0440\u0435\u0434\u043d\u0435\u0433\u043e \u0431\u0438\u0437\u043d\u0435\u0441\u0430\"},{\"@type\":\"BreadcrumbList\",\"@id\":\"https:\\\/\\\/alegria-realestate.com\\\/fr\\\/articles\\\/sommercial-premises-rental-moratorium#breadcrumb\",\"itemListElement\":[{\"@type\":\"ListItem\",\"position\":1,\"name\":\"\u0413\u043b\u0430\u0432\u043d\u0430\u044f \u0441\u0442\u0440\u0430\u043d\u0438\u0446\u0430\",\"item\":\"https:\\\/\\\/alegria-realestate.com\\\/fr\\\/\"},{\"@type\":\"ListItem\",\"position\":2,\"name\":\"Moratoire sur la location de locaux commerciaux pour les entrepreneurs individuels et les petites et moyennes entreprises\"}]},{\"@type\":\"WebSite\",\"@id\":\"https:\\\/\\\/alegria-realestate.com\\\/fr\\\/#website\",\"url\":\"https:\\\/\\\/alegria-realestate.com\\\/fr\\\/\",\"name\":\"Immobilier en Espagne\",\"description\":\"Immobilier en Espagne : ventes dans toutes les villes - Torrevieja, Alicante, Benidorm, etc. Nous vous aiderons \u00e0 acheter un bien immobilier sur la Costa Blanca - logements secondaires, b\u00e2timents neufs. Conception cl\u00e9 en main. Propri\u00e9t\u00e9 sur la Costa Blanca \u00e0 partir de 80 000 \u20ac.\",\"publisher\":{\"@id\":\"https:\\\/\\\/alegria-realestate.com\\\/fr\\\/#organization\"},\"potentialAction\":[{\"@type\":\"SearchAction\",\"target\":{\"@type\":\"EntryPoint\",\"urlTemplate\":\"https:\\\/\\\/alegria-realestate.com\\\/fr\\\/?s={search_term_string}\"},\"query-input\":{\"@type\":\"PropertyValueSpecification\",\"valueRequired\":true,\"valueName\":\"search_term_string\"}}],\"inLanguage\":\"fr-FR\"},{\"@type\":\"Organization\",\"@id\":\"https:\\\/\\\/alegria-realestate.com\\\/fr\\\/#organization\",\"name\":\"Alegria Realestate\",\"url\":\"https:\\\/\\\/alegria-realestate.com\\\/fr\\\/\",\"logo\":{\"@type\":\"ImageObject\",\"inLanguage\":\"fr-FR\",\"@id\":\"https:\\\/\\\/alegria-realestate.com\\\/fr\\\/#\\\/schema\\\/logo\\\/image\\\/\",\"url\":\"https:\\\/\\\/alegria-realestate.com\\\/wp-content\\\/uploads\\\/2019\\\/08\\\/logo_alegria.png\",\"contentUrl\":\"https:\\\/\\\/alegria-realestate.com\\\/wp-content\\\/uploads\\\/2019\\\/08\\\/logo_alegria.png\",\"width\":1600,\"height\":1403,\"caption\":\"Alegria Realestate\"},\"image\":{\"@id\":\"https:\\\/\\\/alegria-realestate.com\\\/fr\\\/#\\\/schema\\\/logo\\\/image\\\/\"},\"sameAs\":[\"https:\\\/\\\/www.facebook.com\\\/realestate.alegria\",\"https:\\\/\\\/x.com\\\/alegriarealesta\",\"https:\\\/\\\/www.instagram.com\\\/alegriadom\\\/\",\"https:\\\/\\\/www.linkedin.com\\\/profile\\\/view?id=154965227\",\"https:\\\/\\\/www.youtube.com\\\/user\\\/AlegriaRealEstate\"]},{\"@type\":\"Person\",\"@id\":\"https:\\\/\\\/alegria-realestate.com\\\/#\\\/schema\\\/person\\\/9d285f0a34620d7fb8e3836f93b5522c\",\"name\":\"\u0421\u0435\u0440\u0433\u0435\u0439 \u0411\u0435\u043a\u0438\u0448\u0435\u0432\"}]}<\/script>\n<!-- \/ Yoast SEO plugin. -->","yoast_head_json":{"title":"\u041c\u043e\u0440\u0430\u0442\u043e\u0440\u0438\u0439 \u043d\u0430 \u0430\u0440\u0435\u043d\u0434\u0443 \u043a\u043e\u043c\u043c\u0435\u0440\u0447\u0435\u0441\u043a\u0438\u0445 \u043f\u043e\u043c\u0435\u0449\u0435\u043d\u0438\u0439 \u0434\u043b\u044f \u0418\u041f \u0438 \u043f\u0440\u0435\u0434\u043f\u0440\u0438\u044f\u0442\u0438\u0439 \u043c\u0430\u043b\u043e\u0433\u043e \u0438 \u0441\u0440\u0435\u0434\u043d\u0435\u0433\u043e \u0431\u0438\u0437\u043d\u0435\u0441\u0430 \u0432 \u0441\u0432\u044f\u0437\u0438 \u0441 \u043a\u0440\u0438\u0437\u0438\u0441\u043e\u043c COVID-19","description":"\u0421\u043e\u0432\u0435\u0442 \u043c\u0438\u043d\u0438\u0441\u0442\u0440\u043e\u0432 \u0418\u0441\u043f\u0430\u043d\u0438\u0438 \u043e\u0434\u043e\u0431\u0440\u0438\u043b \u043f\u0440\u0430\u0432\u043e \u0418\u041f \u0438 \u043f\u0440\u0435\u0434\u043f\u0440\u0438\u044f\u0442\u0438\u0439 \u043c\u0430\u043b\u043e\u0433\u043e \u0438 \u0441\u0440\u0435\u0434\u043d\u0435\u0433\u043e \u0431\u0438\u0437\u043d\u0435\u0441\u0430, \u043f\u043e\u0441\u0442\u0440\u0430\u0434\u0430\u0432\u0448\u0438\u0445 \u0438\u0437-\u0437\u0430 \u043a\u0440\u0438\u0437\u0438\u0441\u0430 COVID-19, \u043d\u0430 \u043c\u043e\u0440\u0430\u0442\u043e\u0440\u0438\u0439 \u0430\u0440\u0435\u043d\u0434\u043d\u044b\u0445 \u043f\u043b\u0430\u0442\u0435\u0436\u0435\u0439 \u0437\u0430 \u043a\u043e\u043c\u043c\u0435\u0440\u0447\u0435\u0441\u043a\u0438\u0435 \u043f\u043e\u043c\u0435\u0449\u0435\u043d\u0438\u044f.","robots":{"index":"index","follow":"follow","max-snippet":"max-snippet:-1","max-image-preview":"max-image-preview:large","max-video-preview":"max-video-preview:-1"},"canonical":"https:\/\/alegria-realestate.com\/fr\/wp-json\/wp\/v2\/posts\/165502","og_locale":"fr_FR","og_type":"article","og_title":"\u041c\u043e\u0440\u0430\u0442\u043e\u0440\u0438\u0439 \u043d\u0430 \u0430\u0440\u0435\u043d\u0434\u0443 \u043a\u043e\u043c\u043c\u0435\u0440\u0447\u0435\u0441\u043a\u0438\u0445 \u043f\u043e\u043c\u0435\u0449\u0435\u043d\u0438\u0439 \u0434\u043b\u044f \u0418\u041f \u0438 \u043f\u0440\u0435\u0434\u043f\u0440\u0438\u044f\u0442\u0438\u0439 \u043c\u0430\u043b\u043e\u0433\u043e \u0438 \u0441\u0440\u0435\u0434\u043d\u0435\u0433\u043e \u0431\u0438\u0437\u043d\u0435\u0441\u0430 \u0432 \u0441\u0432\u044f\u0437\u0438 \u0441 \u043a\u0440\u0438\u0437\u0438\u0441\u043e\u043c COVID-19","og_description":"\u0421\u043e\u0432\u0435\u0442 \u043c\u0438\u043d\u0438\u0441\u0442\u0440\u043e\u0432 \u0418\u0441\u043f\u0430\u043d\u0438\u0438 \u043e\u0434\u043e\u0431\u0440\u0438\u043b \u043f\u0440\u0430\u0432\u043e \u0418\u041f \u0438 \u043f\u0440\u0435\u0434\u043f\u0440\u0438\u044f\u0442\u0438\u0439 \u043c\u0430\u043b\u043e\u0433\u043e \u0438 \u0441\u0440\u0435\u0434\u043d\u0435\u0433\u043e \u0431\u0438\u0437\u043d\u0435\u0441\u0430, \u043f\u043e\u0441\u0442\u0440\u0430\u0434\u0430\u0432\u0448\u0438\u0445 \u0438\u0437-\u0437\u0430 \u043a\u0440\u0438\u0437\u0438\u0441\u0430 COVID-19, \u043d\u0430 \u043c\u043e\u0440\u0430\u0442\u043e\u0440\u0438\u0439 \u0430\u0440\u0435\u043d\u0434\u043d\u044b\u0445 \u043f\u043b\u0430\u0442\u0435\u0436\u0435\u0439 \u0437\u0430 \u043a\u043e\u043c\u043c\u0435\u0440\u0447\u0435\u0441\u043a\u0438\u0435 \u043f\u043e\u043c\u0435\u0449\u0435\u043d\u0438\u044f.","og_url":"https:\/\/alegria-realestate.com\/fr\/wp-json\/wp\/v2\/posts\/165502","og_site_name":"Immobilier en Espagne","article_publisher":"https:\/\/www.facebook.com\/realestate.alegria","article_published_time":"2020-04-23T08:55:17+00:00","article_modified_time":"2025-08-14T17:06:45+00:00","og_image":[{"width":800,"height":450,"url":"https:\/\/alegria-realestate.com\/wp-content\/uploads\/2020\/04\/sommercial-premises-rental-moratorium.jpg","type":"image\/jpeg"}],"author":"\u0421\u0435\u0440\u0433\u0435\u0439 \u0411\u0435\u043a\u0438\u0448\u0435\u0432","twitter_card":"summary_large_image","twitter_creator":"@alegriarealesta","twitter_site":"@alegriarealesta","schema":{"@context":"https:\/\/schema.org","@graph":[{"@type":"Article","@id":"https:\/\/alegria-realestate.com\/fr\/articles\/sommercial-premises-rental-moratorium#article","isPartOf":{"@id":"https:\/\/alegria-realestate.com\/fr\/articles\/sommercial-premises-rental-moratorium"},"author":{"name":"\u0421\u0435\u0440\u0433\u0435\u0439 \u0411\u0435\u043a\u0438\u0448\u0435\u0432","@id":"https:\/\/alegria-realestate.com\/#\/schema\/person\/9d285f0a34620d7fb8e3836f93b5522c"},"headline":"Moratoire sur la location de locaux commerciaux pour les entrepreneurs individuels et les petites et moyennes entreprises","datePublished":"2020-04-23T08:55:17+00:00","dateModified":"2025-08-14T17:06:45+00:00","mainEntityOfPage":{"@id":"https:\/\/alegria-realestate.com\/fr\/articles\/sommercial-premises-rental-moratorium"},"wordCount":5628,"publisher":{"@id":"https:\/\/alegria-realestate.com\/#organization"},"image":{"@id":"https:\/\/alegria-realestate.com\/fr\/articles\/sommercial-premises-rental-moratorium#primaryimage"},"thumbnailUrl":"https:\/\/alegria-realestate.com\/wp-content\/uploads\/2020\/04\/sommercial-premises-rental-moratorium.jpg","articleSection":["Blog","Actualit\u00e9s"],"inLanguage":"fr-FR"},{"@type":"WebPage","@id":"https:\/\/alegria-realestate.com\/fr\/articles\/sommercial-premises-rental-moratorium","url":"https:\/\/alegria-realestate.com\/fr\/articles\/sommercial-premises-rental-moratorium","name":"\u041c\u043e\u0440\u0430\u0442\u043e\u0440\u0438\u0439 \u043d\u0430 \u0430\u0440\u0435\u043d\u0434\u0443 \u043a\u043e\u043c\u043c\u0435\u0440\u0447\u0435\u0441\u043a\u0438\u0445 \u043f\u043e\u043c\u0435\u0449\u0435\u043d\u0438\u0439 \u0434\u043b\u044f \u0418\u041f \u0438 \u043f\u0440\u0435\u0434\u043f\u0440\u0438\u044f\u0442\u0438\u0439 \u043c\u0430\u043b\u043e\u0433\u043e \u0438 \u0441\u0440\u0435\u0434\u043d\u0435\u0433\u043e \u0431\u0438\u0437\u043d\u0435\u0441\u0430 \u0432 \u0441\u0432\u044f\u0437\u0438 \u0441 \u043a\u0440\u0438\u0437\u0438\u0441\u043e\u043c COVID-19","isPartOf":{"@id":"https:\/\/alegria-realestate.com\/fr\/#website"},"primaryImageOfPage":{"@id":"https:\/\/alegria-realestate.com\/fr\/articles\/sommercial-premises-rental-moratorium#primaryimage"},"image":{"@id":"https:\/\/alegria-realestate.com\/fr\/articles\/sommercial-premises-rental-moratorium#primaryimage"},"thumbnailUrl":"https:\/\/alegria-realestate.com\/wp-content\/uploads\/2020\/04\/sommercial-premises-rental-moratorium.jpg","datePublished":"2020-04-23T08:55:17+00:00","dateModified":"2025-08-14T17:06:45+00:00","description":"\u0421\u043e\u0432\u0435\u0442 \u043c\u0438\u043d\u0438\u0441\u0442\u0440\u043e\u0432 \u0418\u0441\u043f\u0430\u043d\u0438\u0438 \u043e\u0434\u043e\u0431\u0440\u0438\u043b \u043f\u0440\u0430\u0432\u043e \u0418\u041f \u0438 \u043f\u0440\u0435\u0434\u043f\u0440\u0438\u044f\u0442\u0438\u0439 \u043c\u0430\u043b\u043e\u0433\u043e \u0438 \u0441\u0440\u0435\u0434\u043d\u0435\u0433\u043e \u0431\u0438\u0437\u043d\u0435\u0441\u0430, \u043f\u043e\u0441\u0442\u0440\u0430\u0434\u0430\u0432\u0448\u0438\u0445 \u0438\u0437-\u0437\u0430 \u043a\u0440\u0438\u0437\u0438\u0441\u0430 COVID-19, \u043d\u0430 \u043c\u043e\u0440\u0430\u0442\u043e\u0440\u0438\u0439 \u0430\u0440\u0435\u043d\u0434\u043d\u044b\u0445 \u043f\u043b\u0430\u0442\u0435\u0436\u0435\u0439 \u0437\u0430 \u043a\u043e\u043c\u043c\u0435\u0440\u0447\u0435\u0441\u043a\u0438\u0435 \u043f\u043e\u043c\u0435\u0449\u0435\u043d\u0438\u044f.","breadcrumb":{"@id":"https:\/\/alegria-realestate.com\/fr\/articles\/sommercial-premises-rental-moratorium#breadcrumb"},"inLanguage":"fr-FR","potentialAction":[{"@type":"ReadAction","target":[["https:\/\/alegria-realestate.com\/fr\/articles\/sommercial-premises-rental-moratorium"]]}]},{"@type":"ImageObject","inLanguage":"fr-FR","@id":"https:\/\/alegria-realestate.com\/fr\/articles\/sommercial-premises-rental-moratorium#primaryimage","url":"https:\/\/alegria-realestate.com\/wp-content\/uploads\/2020\/04\/sommercial-premises-rental-moratorium.jpg","contentUrl":"https:\/\/alegria-realestate.com\/wp-content\/uploads\/2020\/04\/sommercial-premises-rental-moratorium.jpg","width":800,"height":450,"caption":"\u041c\u043e\u0440\u0430\u0442\u043e\u0440\u0438\u0439 \u043d\u0430 \u0430\u0440\u0435\u043d\u0434\u0443 \u043a\u043e\u043c\u043c\u0435\u0440\u0447\u0435\u0441\u043a\u0438\u0445 \u043f\u043e\u043c\u0435\u0449\u0435\u043d\u0438\u0439 \u0434\u043b\u044f \u0418\u041f \u0438 \u043f\u0440\u0435\u0434\u043f\u0440\u0438\u044f\u0442\u0438\u0439 \u043c\u0430\u043b\u043e\u0433\u043e \u0438 \u0441\u0440\u0435\u0434\u043d\u0435\u0433\u043e \u0431\u0438\u0437\u043d\u0435\u0441\u0430"},{"@type":"BreadcrumbList","@id":"https:\/\/alegria-realestate.com\/fr\/articles\/sommercial-premises-rental-moratorium#breadcrumb","itemListElement":[{"@type":"ListItem","position":1,"name":"\u0413\u043b\u0430\u0432\u043d\u0430\u044f \u0441\u0442\u0440\u0430\u043d\u0438\u0446\u0430","item":"https:\/\/alegria-realestate.com\/fr\/"},{"@type":"ListItem","position":2,"name":"Moratoire sur la location de locaux commerciaux pour les entrepreneurs individuels et les petites et moyennes entreprises"}]},{"@type":"WebSite","@id":"https:\/\/alegria-realestate.com\/fr\/#website","url":"https:\/\/alegria-realestate.com\/fr\/","name":"Immobilier en Espagne","description":"Immobilier en Espagne : ventes dans toutes les villes - Torrevieja, Alicante, Benidorm, etc. Nous vous aiderons \u00e0 acheter un bien immobilier sur la Costa Blanca - logements secondaires, b\u00e2timents neufs. Conception cl\u00e9 en main. Propri\u00e9t\u00e9 sur la Costa Blanca \u00e0 partir de 80 000 \u20ac.","publisher":{"@id":"https:\/\/alegria-realestate.com\/fr\/#organization"},"potentialAction":[{"@type":"SearchAction","target":{"@type":"EntryPoint","urlTemplate":"https:\/\/alegria-realestate.com\/fr\/?s={search_term_string}"},"query-input":{"@type":"PropertyValueSpecification","valueRequired":true,"valueName":"search_term_string"}}],"inLanguage":"fr-FR"},{"@type":"Organization","@id":"https:\/\/alegria-realestate.com\/fr\/#organization","name":"Alegria Realestate","url":"https:\/\/alegria-realestate.com\/fr\/","logo":{"@type":"ImageObject","inLanguage":"fr-FR","@id":"https:\/\/alegria-realestate.com\/fr\/#\/schema\/logo\/image\/","url":"https:\/\/alegria-realestate.com\/wp-content\/uploads\/2019\/08\/logo_alegria.png","contentUrl":"https:\/\/alegria-realestate.com\/wp-content\/uploads\/2019\/08\/logo_alegria.png","width":1600,"height":1403,"caption":"Alegria Realestate"},"image":{"@id":"https:\/\/alegria-realestate.com\/fr\/#\/schema\/logo\/image\/"},"sameAs":["https:\/\/www.facebook.com\/realestate.alegria","https:\/\/x.com\/alegriarealesta","https:\/\/www.instagram.com\/alegriadom\/","https:\/\/www.linkedin.com\/profile\/view?id=154965227","https:\/\/www.youtube.com\/user\/AlegriaRealEstate"]},{"@type":"Person","@id":"https:\/\/alegria-realestate.com\/#\/schema\/person\/9d285f0a34620d7fb8e3836f93b5522c","name":"\u0421\u0435\u0440\u0433\u0435\u0439 \u0411\u0435\u043a\u0438\u0448\u0435\u0432"}]}},"_links":{"self":[{"href":"https:\/\/alegria-realestate.com\/fr\/wp-json\/wp\/v2\/posts\/165502","targetHints":{"allow":["GET"]}}],"collection":[{"href":"https:\/\/alegria-realestate.com\/fr\/wp-json\/wp\/v2\/posts"}],"about":[{"href":"https:\/\/alegria-realestate.com\/fr\/wp-json\/wp\/v2\/types\/post"}],"author":[{"embeddable":true,"href":"https:\/\/alegria-realestate.com\/fr\/wp-json\/wp\/v2\/users\/18"}],"replies":[{"embeddable":true,"href":"https:\/\/alegria-realestate.com\/fr\/wp-json\/wp\/v2\/comments?post=165502"}],"version-history":[{"count":1,"href":"https:\/\/alegria-realestate.com\/fr\/wp-json\/wp\/v2\/posts\/165502\/revisions"}],"predecessor-version":[{"id":837253,"href":"https:\/\/alegria-realestate.com\/fr\/wp-json\/wp\/v2\/posts\/165502\/revisions\/837253"}],"wp:featuredmedia":[{"embeddable":true,"href":"https:\/\/alegria-realestate.com\/fr\/wp-json\/wp\/v2\/media\/165503"}],"wp:attachment":[{"href":"https:\/\/alegria-realestate.com\/fr\/wp-json\/wp\/v2\/media?parent=165502"}],"wp:term":[{"taxonomy":"category","embeddable":true,"href":"https:\/\/alegria-realestate.com\/fr\/wp-json\/wp\/v2\/categories?post=165502"},{"taxonomy":"post_tag","embeddable":true,"href":"https:\/\/alegria-realestate.com\/fr\/wp-json\/wp\/v2\/tags?post=165502"}],"curies":[{"name":"wp","href":"https:\/\/api.w.org\/{rel}","templated":true}]}}