{"id":1705715,"date":"2026-09-01T18:04:30","date_gmt":"2026-09-01T15:04:30","guid":{"rendered":"https:\/\/alegria-realestate.com\/?p=1705715"},"modified":"2026-09-02T18:04:44","modified_gmt":"2026-09-02T15:04:44","slug":"events-torrevieja-alicante-costa-blanca-september-3-6-2026","status":"publish","type":"post","link":"https:\/\/alegria-realestate.com\/fr\/articles\/events-torrevieja-alicante-costa-blanca-september-3-6-2026","title":{"rendered":"Plans du week-end : agenda des \u00e9v\u00e9nements du 3 au 6 septembre \u00e0 Torrevieja et dans les environs"},"content":{"rendered":"<p>Voici les \u00e9v\u00e9nements les plus int\u00e9ressants pr\u00e9vus en cette fin de semaine pour les habitants et les visiteurs de <a href=\"https:\/\/alegria-realestate.com\/fr\/sale\/torrevieja\">Torrevieja<\/a>, ainsi que des localit\u00e9s voisines de la province d\u2019<a href=\"https:\/\/alegria-realestate.com\/fr\/sale\/alicante\">Alicante<\/a>.<\/p>\n<h2>3\u20136 septembre. Exposition El oro y el universo. Saberes ind\u00edgenas de Colombia<\/h2>\n<p>Jusqu\u2019au 2 mai 2027, le Mus\u00e9e arch\u00e9ologique d\u2019Alicante MARQ accueille la grande exposition internationale El oro y el universo. Saberes ind\u00edgenas de Colombia \u2013 L\u2019or et l\u2019Univers. Savoirs indig\u00e8nes de Colombie.<\/p>\n<p>Gr\u00e2ce \u00e0 une collaboration historique avec le Mus\u00e9e de l\u2019Or de Bogot\u00e1 et l\u2019Universit\u00e9 de Cambridge, une collection unique de pr\u00e8s de 300 objets sacr\u00e9s, masques et pectoraux est arriv\u00e9e en Espagne, changeant compl\u00e8tement la perception du mythe de l\u2019Eldorado.<\/p>\n<p>L\u2019exposition comprend 291 pi\u00e8ces arch\u00e9ologiques sp\u00e9cialement s\u00e9lectionn\u00e9es pour cette pr\u00e9sentation, dont environ 157 objets en or, ainsi que des \u0153uvres de peuples indig\u00e8nes contemporains. Nombre de ces pi\u00e8ces sont pr\u00e9sent\u00e9es en Espagne pour la premi\u00e8re fois.<\/p>\n<p>Les \u00eatres hybrides attirent particuli\u00e8rement l\u2019attention \u2013 comme les c\u00e9l\u00e8bres hommes-chauves-souris ou les chamans en vol. Ces objets sont uniques et exceptionnels non seulement par leur design et leur ma\u00eetrise technique, mais aussi par le r\u00f4le important qu\u2019ils jouaient dans la pr\u00e9servation du monde.<\/p>\n<p>Les pi\u00e8ces en c\u00e9ramique et en pierre sont tout aussi importantes, avec une grande vari\u00e9t\u00e9 de figures de plantes et d\u2019animaux, dont certaines sont aujourd\u2019hui menac\u00e9es en raison de la destruction de leurs \u00e9cosyst\u00e8mes.<\/p>\n<p><strong>Horaires :<\/strong> de 10:00 \u00e0 21:00, du mardi au samedi ; de 10:00 \u00e0 14:00, le dimanche et les jours f\u00e9ri\u00e9s. <strong>Billets :<\/strong> 6 euros.<\/p>\n<h2>3\u20136 septembre. Visite virtuelle Egipto. Un crucero por el Nilo<\/h2>\n<p>Apr\u00e8s le succ\u00e8s de Luna et Titanic \u2013 des projets dont les billets se sont d\u00e9j\u00e0 vendus par centaines de milliers dans des villes comme Madrid, Los Angeles, Melbourne, Duba\u00ef, Rome et Paris \u2013 vient le temps d\u2019une nouvelle grande aventure en r\u00e9alit\u00e9 virtuelle.<\/p>\n<p>Le voyage dans l\u2019\u00c9gypte ancienne, avec des d\u00e9cors impressionnants et des d\u00e9fis surprenants, est propos\u00e9 jusqu\u2019au 14 octobre \u00e0 Virtual Zone Alicante, Plaza de los Luceros, 17, Planta 1.<\/p>\n<p><strong>Premi\u00e8re s\u00e9ance :<\/strong> 9:00. <strong>Derni\u00e8re s\u00e9ance :<\/strong> 22:00. <strong>Billets :<\/strong> 26 euros. Le nombre de places par s\u00e9ance est limit\u00e9.<\/p>\n<h2>3\u20136 septembre. Excursion sur l\u2019\u00eele de Tabarca<\/h2>\n<p>Chaque jour, il est possible de partir en bateau depuis les ports de Torrevieja, Santa Pola ou Alicante vers l\u2019\u00eele de Tabarca \u2013 la plus grande et la seule habit\u00e9e de la Communaut\u00e9 valencienne.<\/p>\n<p>Les voyageurs peuvent profiter de vues sous-marines, d\u00e9couvrir une riche biodiversit\u00e9 marine, go\u00fbter la cuisine des restaurants locaux et visiter des monuments historiques.<\/p>\n<p>Le bateau peut accueillir 250 passagers, y compris les personnes \u00e0 mobilit\u00e9 r\u00e9duite et les animaux de compagnie. Il est possible d\u2019emporter nourriture et boissons.<\/p>\n<p><strong>D\u00e9parts :<\/strong> de 9:30 \u00e0 18:45. <strong>Retours :<\/strong> de 10:30 \u00e0 19:30. <strong>Billets depuis Torrevieja :<\/strong> 27 euros pour les adultes et 19 euros pour les enfants.<\/p>\n<h2>4 septembre. Spectacle de l\u2019humoriste Slava Komissarenko<\/h2>\n<p>Sur le site VB Spaces, situ\u00e9 \u00e0 Alicante au Avinguda d\u2019Elx, 186, se produira le c\u00e9l\u00e8bre humoriste bi\u00e9lorusse Slava Komissarenko, connu pour sa participation aux programmes Smekh bez pravil et Comedy Battle.<\/p>\n<p>Dans le cadre de sa tourn\u00e9e europ\u00e9enne, il pr\u00e9sentera un programme compos\u00e9 \u00e0 la fois de nouveaux textes et de num\u00e9ros d\u00e9j\u00e0 appr\u00e9ci\u00e9s du public, qui totalisent des millions de vues sur YouTube.<\/p>\n<p><strong>D\u00e9but :<\/strong> 19:00. <strong>Billets :<\/strong> de 40 \u00e0 80 euros.<\/p>\n<h2>4 septembre. March\u00e9 du vendredi \u00e0 Torrevieja<\/h2>\n<p>Chaque vendredi, le Parque Antonio Soria accueille le march\u00e9 de rue de Torrevieja \u2013 l\u2019un des plus grands p\u00f4les de petit commerce de la Vega Baja.<\/p>\n<p>Sur une surface de 82 000 m\u00b2, jusqu\u2019\u00e0 700 stands proposent des produits alimentaires, v\u00eatements, chaussures, accessoires et autres articles \u00e0 des prix comp\u00e9titifs par rapport aux grandes cha\u00eenes de supermarch\u00e9s.<\/p>\n<p>Le march\u00e9 de Torrevieja dispose de nombreux services \u2013 parking gratuit, toilettes publiques et station de taxis. Toutes les 20 minutes, de 8:00 \u00e0 14:00, un bus accessible circule pour les personnes \u00e0 mobilit\u00e9 r\u00e9duite ou en fauteuil roulant.<\/p>\n<p>Du vendredi au dimanche, \u00e0 partir de 19:30, un parc d\u2019attractions et de jeux est ouvert pour tous les \u00e2ges.<\/p>\n<h2>4\u20135 septembre. XI Festival national du court m\u00e9trage<\/h2>\n<p>Le Th\u00e9\u00e2tre municipal de Torrevieja accueillera le XI Festival national du court m\u00e9trage, qui cl\u00f4t chaque ann\u00e9e la saison estivale de la ville avec le meilleur programme d\u2019une s\u00e9lection exclusive de petites perles du cin\u00e9ma espagnol des deux derni\u00e8res ann\u00e9es.<\/p>\n<p>Tous les films sont projet\u00e9s en espagnol avec des sous-titres en anglais.<\/p>\n<p><strong>D\u00e9but des projections :<\/strong> 21:00. <strong>Entr\u00e9e :<\/strong> gratuite sur invitation, \u00e0 demander sur les r\u00e9seaux sociaux @torreviejaaudiovisual, Instagram et Facebook, en indiquant pr\u00e9nom, nom et num\u00e9ro de t\u00e9l\u00e9phone de contact.<\/p>\n<h2>5 septembre. Spectacle de cirque Gran Circus Maximus<\/h2>\n<p>Chaque samedi jusqu\u2019au 26 septembre, \u00e0 Villajoyosa, Partida Piletes, 26, se d\u00e9roule le spectacle de cirque th\u00e9matique Gran Circus Maximus, consacr\u00e9 au spectacle de masse le plus c\u00e9l\u00e8bre de la Rome antique \u2013 les combats de gladiateurs.<\/p>\n<p>Le public pourra \u00e9galement profiter de la prestation de l\u2019un des meilleurs groupes d\u2019Espagne sp\u00e9cialis\u00e9s dans le travail avec les chevaux.<\/p>\n<p><strong>D\u00e9but :<\/strong> 21:00. <strong>Billets :<\/strong> 15,93 euros pour les enfants et 26,28 euros pour les adultes. Avec d\u00eener \u2013 46,98 euros et 62,5 euros respectivement.<\/p>","protected":false},"excerpt":{"rendered":"<p>Voici les \u00e9v\u00e9nements les plus int\u00e9ressants pr\u00e9vus en cette\u2026<\/p>\n","protected":false},"author":34,"featured_media":1705717,"comment_status":"closed","ping_status":"closed","sticky":false,"template":"","format":"standard","meta":{"footnotes":""},"categories":[1],"tags":[],"class_list":["post-1705715","post","type-post","status-publish","format-standard","has-post-thumbnail","hentry","category-articles"],"yoast_head":"<!-- This site is optimized with the Yoast SEO plugin v28.3 - https:\/\/yoast.com\/product\/yoast-seo-wordpress\/ -->\n<title>Id\u00e9es pour le week-end : agenda des \u00e9v\u00e9nements du 3 au 6 septembre \u00e0 Torrevieja et dans les environs<\/title>\n<meta name=\"description\" content=\"Agenda du 3 au 6 septembre \u00e0 Torrevieja, Alicante et dans les environs : exposition au MARQ, visite virtuelle de l\u2019\u00c9gypte, excursion \u00e0 Tabarca, spectacle de Slava Komissarenko, foire du vendredi, festival de courts-m\u00e9trages et Gran Circus Maximus.\" \/>\n<meta name=\"robots\" content=\"index, follow, max-snippet:-1, max-image-preview:large, max-video-preview:-1\" \/>\n<link rel=\"canonical\" href=\"https:\/\/alegria-realestate.com\/fr\/wp-json\/wp\/v2\/posts\/1705715\" \/>\n<meta property=\"og:locale\" content=\"fr_FR\" \/>\n<meta property=\"og:type\" content=\"article\" \/>\n<meta property=\"og:title\" content=\"Id\u00e9es pour le week-end : agenda des \u00e9v\u00e9nements du 3 au 6 septembre \u00e0 Torrevieja et dans les environs\" \/>\n<meta property=\"og:description\" content=\"Agenda du 3 au 6 septembre \u00e0 Torrevieja, Alicante et dans les environs : exposition au MARQ, visite virtuelle de l\u2019\u00c9gypte, excursion \u00e0 Tabarca, spectacle de Slava Komissarenko, foire du vendredi, festival de courts-m\u00e9trages et Gran Circus Maximus.\" \/>\n<meta property=\"og:url\" content=\"https:\/\/alegria-realestate.com\/fr\/wp-json\/wp\/v2\/posts\/1705715\" \/>\n<meta property=\"og:site_name\" content=\"Immobilier en Espagne\" \/>\n<meta property=\"article:publisher\" content=\"https:\/\/www.facebook.com\/realestate.alegria\" \/>\n<meta property=\"article:published_time\" content=\"2026-09-01T15:04:30+00:00\" \/>\n<meta property=\"article:modified_time\" content=\"2026-09-02T15:04:44+00:00\" \/>\n<meta property=\"og:image\" content=\"https:\/\/alegria-realestate.com\/wp-content\/uploads\/2026\/09\/\u0410\u0444\u0438\u0448\u043004-06-09.png\" \/>\n\t<meta property=\"og:image:width\" content=\"1672\" \/>\n\t<meta property=\"og:image:height\" content=\"941\" \/>\n\t<meta property=\"og:image:type\" content=\"image\/png\" \/>\n<meta name=\"author\" content=\"Irina\" \/>\n<meta name=\"twitter:card\" content=\"summary_large_image\" \/>\n<meta name=\"twitter:creator\" content=\"@alegriarealesta\" \/>\n<meta name=\"twitter:site\" content=\"@alegriarealesta\" \/>\n<script type=\"application\/ld+json\" class=\"yoast-schema-graph\">{\"@context\":\"https:\\\/\\\/schema.org\",\"@graph\":[{\"@type\":\"Article\",\"@id\":\"https:\\\/\\\/alegria-realestate.com\\\/articles\\\/events-torrevieja-alicante-costa-blanca-september-3-6-2026#article\",\"isPartOf\":{\"@id\":\"https:\\\/\\\/alegria-realestate.com\\\/articles\\\/events-torrevieja-alicante-costa-blanca-september-3-6-2026\"},\"author\":{\"name\":\"Irina\",\"@id\":\"https:\\\/\\\/alegria-realestate.com\\\/#\\\/schema\\\/person\\\/d5f65cbf5d490b626f10bef994e91bde\"},\"headline\":\"Plans du week-end : agenda des \u00e9v\u00e9nements du 3 au 6 septembre \u00e0 Torrevieja et dans les environs\",\"datePublished\":\"2026-09-01T15:04:30+00:00\",\"dateModified\":\"2026-09-02T15:04:44+00:00\",\"mainEntityOfPage\":{\"@id\":\"https:\\\/\\\/alegria-realestate.com\\\/articles\\\/events-torrevieja-alicante-costa-blanca-september-3-6-2026\"},\"wordCount\":8705,\"publisher\":{\"@id\":\"https:\\\/\\\/alegria-realestate.com\\\/#organization\"},\"image\":{\"@id\":\"https:\\\/\\\/alegria-realestate.com\\\/articles\\\/events-torrevieja-alicante-costa-blanca-september-3-6-2026#primaryimage\"},\"thumbnailUrl\":\"https:\\\/\\\/alegria-realestate.com\\\/wp-content\\\/uploads\\\/2026\\\/09\\\/\u0410\u0444\u0438\u0448\u043004-06-09.png\",\"articleSection\":[\"Blog\"],\"inLanguage\":\"fr-FR\"},{\"@type\":\"WebPage\",\"@id\":\"https:\\\/\\\/alegria-realestate.com\\\/fr\\\/articles\\\/events-torrevieja-alicante-costa-blanca-september-3-6-2026\",\"url\":\"https:\\\/\\\/alegria-realestate.com\\\/fr\\\/articles\\\/events-torrevieja-alicante-costa-blanca-september-3-6-2026\",\"name\":\"Id\u00e9es pour le week-end : agenda des \u00e9v\u00e9nements du 3 au 6 septembre \u00e0 Torrevieja et dans les environs\",\"isPartOf\":{\"@id\":\"https:\\\/\\\/alegria-realestate.com\\\/fr\\\/#website\"},\"primaryImageOfPage\":{\"@id\":\"https:\\\/\\\/alegria-realestate.com\\\/fr\\\/articles\\\/events-torrevieja-alicante-costa-blanca-september-3-6-2026#primaryimage\"},\"image\":{\"@id\":\"https:\\\/\\\/alegria-realestate.com\\\/articles\\\/events-torrevieja-alicante-costa-blanca-september-3-6-2026#primaryimage\"},\"thumbnailUrl\":\"https:\\\/\\\/alegria-realestate.com\\\/wp-content\\\/uploads\\\/2026\\\/09\\\/\u0410\u0444\u0438\u0448\u043004-06-09.png\",\"datePublished\":\"2026-09-01T15:04:30+00:00\",\"dateModified\":\"2026-09-02T15:04:44+00:00\",\"description\":\"Agenda du 3 au 6 septembre \u00e0 Torrevieja, Alicante et dans les environs : exposition au MARQ, visite virtuelle de l\u2019\u00c9gypte, excursion \u00e0 Tabarca, spectacle de Slava Komissarenko, foire du vendredi, festival de courts-m\u00e9trages et Gran Circus Maximus.\",\"breadcrumb\":{\"@id\":\"https:\\\/\\\/alegria-realestate.com\\\/fr\\\/articles\\\/events-torrevieja-alicante-costa-blanca-september-3-6-2026#breadcrumb\"},\"inLanguage\":\"fr-FR\",\"potentialAction\":[{\"@type\":\"ReadAction\",\"target\":[[\"https:\\\/\\\/alegria-realestate.com\\\/fr\\\/articles\\\/events-torrevieja-alicante-costa-blanca-september-3-6-2026\"]]}]},{\"@type\":\"ImageObject\",\"inLanguage\":\"fr-FR\",\"@id\":\"https:\\\/\\\/alegria-realestate.com\\\/fr\\\/articles\\\/events-torrevieja-alicante-costa-blanca-september-3-6-2026#primaryimage\",\"url\":\"https:\\\/\\\/alegria-realestate.com\\\/wp-content\\\/uploads\\\/2026\\\/09\\\/\u0410\u0444\u0438\u0448\u043004-06-09.png\",\"contentUrl\":\"https:\\\/\\\/alegria-realestate.com\\\/wp-content\\\/uploads\\\/2026\\\/09\\\/\u0410\u0444\u0438\u0448\u043004-06-09.png\",\"width\":1672,\"height\":941},{\"@type\":\"BreadcrumbList\",\"@id\":\"https:\\\/\\\/alegria-realestate.com\\\/fr\\\/articles\\\/events-torrevieja-alicante-costa-blanca-september-3-6-2026#breadcrumb\",\"itemListElement\":[{\"@type\":\"ListItem\",\"position\":1,\"name\":\"\u0413\u043b\u0430\u0432\u043d\u0430\u044f \u0441\u0442\u0440\u0430\u043d\u0438\u0446\u0430\",\"item\":\"https:\\\/\\\/alegria-realestate.com\\\/fr\\\/\"},{\"@type\":\"ListItem\",\"position\":2,\"name\":\"\u041f\u043b\u0430\u043d\u044b \u043d\u0430 \u0432\u044b\u0445\u043e\u0434\u043d\u044b\u0435: \u0430\u0444\u0438\u0448\u0430 \u0441\u043e\u0431\u044b\u0442\u0438\u0439 3\u20136 \u0441\u0435\u043d\u0442\u044f\u0431\u0440\u044f \u0432 \u0422\u043e\u0440\u0440\u0435\u0432\u044c\u0435\u0445\u0435 \u0438 \u043e\u043a\u0440\u0435\u0441\u0442\u043d\u043e\u0441\u0442\u044f\u0445\"}]},{\"@type\":\"WebSite\",\"@id\":\"https:\\\/\\\/alegria-realestate.com\\\/fr\\\/#website\",\"url\":\"https:\\\/\\\/alegria-realestate.com\\\/fr\\\/\",\"name\":\"Immobilier en Espagne\",\"description\":\"Immobilier en Espagne : ventes dans toutes les villes - Torrevieja, Alicante, Benidorm, etc. Nous vous aiderons \u00e0 acheter un bien immobilier sur la Costa Blanca - logements secondaires, b\u00e2timents neufs. Conception cl\u00e9 en main. Propri\u00e9t\u00e9 sur la Costa Blanca \u00e0 partir de 80 000 \u20ac.\",\"publisher\":{\"@id\":\"https:\\\/\\\/alegria-realestate.com\\\/fr\\\/#organization\"},\"potentialAction\":[{\"@type\":\"SearchAction\",\"target\":{\"@type\":\"EntryPoint\",\"urlTemplate\":\"https:\\\/\\\/alegria-realestate.com\\\/fr\\\/?s={search_term_string}\"},\"query-input\":{\"@type\":\"PropertyValueSpecification\",\"valueRequired\":true,\"valueName\":\"search_term_string\"}}],\"inLanguage\":\"fr-FR\"},{\"@type\":\"Organization\",\"@id\":\"https:\\\/\\\/alegria-realestate.com\\\/fr\\\/#organization\",\"name\":\"Alegria Realestate\",\"url\":\"https:\\\/\\\/alegria-realestate.com\\\/fr\\\/\",\"logo\":{\"@type\":\"ImageObject\",\"inLanguage\":\"fr-FR\",\"@id\":\"https:\\\/\\\/alegria-realestate.com\\\/fr\\\/#\\\/schema\\\/logo\\\/image\\\/\",\"url\":\"https:\\\/\\\/alegria-realestate.com\\\/wp-content\\\/uploads\\\/2019\\\/08\\\/logo_alegria.png\",\"contentUrl\":\"https:\\\/\\\/alegria-realestate.com\\\/wp-content\\\/uploads\\\/2019\\\/08\\\/logo_alegria.png\",\"width\":1600,\"height\":1403,\"caption\":\"Alegria Realestate\"},\"image\":{\"@id\":\"https:\\\/\\\/alegria-realestate.com\\\/fr\\\/#\\\/schema\\\/logo\\\/image\\\/\"},\"sameAs\":[\"https:\\\/\\\/www.facebook.com\\\/realestate.alegria\",\"https:\\\/\\\/x.com\\\/alegriarealesta\",\"https:\\\/\\\/www.instagram.com\\\/alegriadom\\\/\",\"https:\\\/\\\/www.linkedin.com\\\/profile\\\/view?id=154965227\",\"https:\\\/\\\/www.youtube.com\\\/user\\\/AlegriaRealEstate\"]},{\"@type\":\"Person\",\"@id\":\"https:\\\/\\\/alegria-realestate.com\\\/#\\\/schema\\\/person\\\/d5f65cbf5d490b626f10bef994e91bde\",\"name\":\"Irina\"}]}<\/script>\n<!-- \/ Yoast SEO plugin. -->","yoast_head_json":{"title":"Id\u00e9es pour le week-end : agenda des \u00e9v\u00e9nements du 3 au 6 septembre \u00e0 Torrevieja et dans les environs","description":"Agenda du 3 au 6 septembre \u00e0 Torrevieja, Alicante et dans les environs : exposition au MARQ, visite virtuelle de l\u2019\u00c9gypte, excursion \u00e0 Tabarca, spectacle de Slava Komissarenko, foire du vendredi, festival de courts-m\u00e9trages et Gran Circus Maximus.","robots":{"index":"index","follow":"follow","max-snippet":"max-snippet:-1","max-image-preview":"max-image-preview:large","max-video-preview":"max-video-preview:-1"},"canonical":"https:\/\/alegria-realestate.com\/fr\/wp-json\/wp\/v2\/posts\/1705715","og_locale":"fr_FR","og_type":"article","og_title":"Id\u00e9es pour le week-end : agenda des \u00e9v\u00e9nements du 3 au 6 septembre \u00e0 Torrevieja et dans les environs","og_description":"Agenda du 3 au 6 septembre \u00e0 Torrevieja, Alicante et dans les environs : exposition au MARQ, visite virtuelle de l\u2019\u00c9gypte, excursion \u00e0 Tabarca, spectacle de Slava Komissarenko, foire du vendredi, festival de courts-m\u00e9trages et Gran Circus Maximus.","og_url":"https:\/\/alegria-realestate.com\/fr\/wp-json\/wp\/v2\/posts\/1705715","og_site_name":"Immobilier en Espagne","article_publisher":"https:\/\/www.facebook.com\/realestate.alegria","article_published_time":"2026-09-01T15:04:30+00:00","article_modified_time":"2026-09-02T15:04:44+00:00","og_image":[{"width":1672,"height":941,"url":"https:\/\/alegria-realestate.com\/wp-content\/uploads\/2026\/09\/\u0410\u0444\u0438\u0448\u043004-06-09.png","type":"image\/png"}],"author":"Irina","twitter_card":"summary_large_image","twitter_creator":"@alegriarealesta","twitter_site":"@alegriarealesta","schema":{"@context":"https:\/\/schema.org","@graph":[{"@type":"Article","@id":"https:\/\/alegria-realestate.com\/articles\/events-torrevieja-alicante-costa-blanca-september-3-6-2026#article","isPartOf":{"@id":"https:\/\/alegria-realestate.com\/articles\/events-torrevieja-alicante-costa-blanca-september-3-6-2026"},"author":{"name":"Irina","@id":"https:\/\/alegria-realestate.com\/#\/schema\/person\/d5f65cbf5d490b626f10bef994e91bde"},"headline":"Plans du week-end : agenda des \u00e9v\u00e9nements du 3 au 6 septembre \u00e0 Torrevieja et dans les environs","datePublished":"2026-09-01T15:04:30+00:00","dateModified":"2026-09-02T15:04:44+00:00","mainEntityOfPage":{"@id":"https:\/\/alegria-realestate.com\/articles\/events-torrevieja-alicante-costa-blanca-september-3-6-2026"},"wordCount":8705,"publisher":{"@id":"https:\/\/alegria-realestate.com\/#organization"},"image":{"@id":"https:\/\/alegria-realestate.com\/articles\/events-torrevieja-alicante-costa-blanca-september-3-6-2026#primaryimage"},"thumbnailUrl":"https:\/\/alegria-realestate.com\/wp-content\/uploads\/2026\/09\/\u0410\u0444\u0438\u0448\u043004-06-09.png","articleSection":["Blog"],"inLanguage":"fr-FR"},{"@type":"WebPage","@id":"https:\/\/alegria-realestate.com\/fr\/articles\/events-torrevieja-alicante-costa-blanca-september-3-6-2026","url":"https:\/\/alegria-realestate.com\/fr\/articles\/events-torrevieja-alicante-costa-blanca-september-3-6-2026","name":"Id\u00e9es pour le week-end : agenda des \u00e9v\u00e9nements du 3 au 6 septembre \u00e0 Torrevieja et dans les environs","isPartOf":{"@id":"https:\/\/alegria-realestate.com\/fr\/#website"},"primaryImageOfPage":{"@id":"https:\/\/alegria-realestate.com\/fr\/articles\/events-torrevieja-alicante-costa-blanca-september-3-6-2026#primaryimage"},"image":{"@id":"https:\/\/alegria-realestate.com\/articles\/events-torrevieja-alicante-costa-blanca-september-3-6-2026#primaryimage"},"thumbnailUrl":"https:\/\/alegria-realestate.com\/wp-content\/uploads\/2026\/09\/\u0410\u0444\u0438\u0448\u043004-06-09.png","datePublished":"2026-09-01T15:04:30+00:00","dateModified":"2026-09-02T15:04:44+00:00","description":"Agenda du 3 au 6 septembre \u00e0 Torrevieja, Alicante et dans les environs : exposition au MARQ, visite virtuelle de l\u2019\u00c9gypte, excursion \u00e0 Tabarca, spectacle de Slava Komissarenko, foire du vendredi, festival de courts-m\u00e9trages et Gran Circus Maximus.","breadcrumb":{"@id":"https:\/\/alegria-realestate.com\/fr\/articles\/events-torrevieja-alicante-costa-blanca-september-3-6-2026#breadcrumb"},"inLanguage":"fr-FR","potentialAction":[{"@type":"ReadAction","target":[["https:\/\/alegria-realestate.com\/fr\/articles\/events-torrevieja-alicante-costa-blanca-september-3-6-2026"]]}]},{"@type":"ImageObject","inLanguage":"fr-FR","@id":"https:\/\/alegria-realestate.com\/fr\/articles\/events-torrevieja-alicante-costa-blanca-september-3-6-2026#primaryimage","url":"https:\/\/alegria-realestate.com\/wp-content\/uploads\/2026\/09\/\u0410\u0444\u0438\u0448\u043004-06-09.png","contentUrl":"https:\/\/alegria-realestate.com\/wp-content\/uploads\/2026\/09\/\u0410\u0444\u0438\u0448\u043004-06-09.png","width":1672,"height":941},{"@type":"BreadcrumbList","@id":"https:\/\/alegria-realestate.com\/fr\/articles\/events-torrevieja-alicante-costa-blanca-september-3-6-2026#breadcrumb","itemListElement":[{"@type":"ListItem","position":1,"name":"\u0413\u043b\u0430\u0432\u043d\u0430\u044f \u0441\u0442\u0440\u0430\u043d\u0438\u0446\u0430","item":"https:\/\/alegria-realestate.com\/fr\/"},{"@type":"ListItem","position":2,"name":"\u041f\u043b\u0430\u043d\u044b \u043d\u0430 \u0432\u044b\u0445\u043e\u0434\u043d\u044b\u0435: \u0430\u0444\u0438\u0448\u0430 \u0441\u043e\u0431\u044b\u0442\u0438\u0439 3\u20136 \u0441\u0435\u043d\u0442\u044f\u0431\u0440\u044f \u0432 \u0422\u043e\u0440\u0440\u0435\u0432\u044c\u0435\u0445\u0435 \u0438 \u043e\u043a\u0440\u0435\u0441\u0442\u043d\u043e\u0441\u0442\u044f\u0445"}]},{"@type":"WebSite","@id":"https:\/\/alegria-realestate.com\/fr\/#website","url":"https:\/\/alegria-realestate.com\/fr\/","name":"Immobilier en Espagne","description":"Immobilier en Espagne : ventes dans toutes les villes - Torrevieja, Alicante, Benidorm, etc. Nous vous aiderons \u00e0 acheter un bien immobilier sur la Costa Blanca - logements secondaires, b\u00e2timents neufs. Conception cl\u00e9 en main. Propri\u00e9t\u00e9 sur la Costa Blanca \u00e0 partir de 80 000 \u20ac.","publisher":{"@id":"https:\/\/alegria-realestate.com\/fr\/#organization"},"potentialAction":[{"@type":"SearchAction","target":{"@type":"EntryPoint","urlTemplate":"https:\/\/alegria-realestate.com\/fr\/?s={search_term_string}"},"query-input":{"@type":"PropertyValueSpecification","valueRequired":true,"valueName":"search_term_string"}}],"inLanguage":"fr-FR"},{"@type":"Organization","@id":"https:\/\/alegria-realestate.com\/fr\/#organization","name":"Alegria Realestate","url":"https:\/\/alegria-realestate.com\/fr\/","logo":{"@type":"ImageObject","inLanguage":"fr-FR","@id":"https:\/\/alegria-realestate.com\/fr\/#\/schema\/logo\/image\/","url":"https:\/\/alegria-realestate.com\/wp-content\/uploads\/2019\/08\/logo_alegria.png","contentUrl":"https:\/\/alegria-realestate.com\/wp-content\/uploads\/2019\/08\/logo_alegria.png","width":1600,"height":1403,"caption":"Alegria Realestate"},"image":{"@id":"https:\/\/alegria-realestate.com\/fr\/#\/schema\/logo\/image\/"},"sameAs":["https:\/\/www.facebook.com\/realestate.alegria","https:\/\/x.com\/alegriarealesta","https:\/\/www.instagram.com\/alegriadom\/","https:\/\/www.linkedin.com\/profile\/view?id=154965227","https:\/\/www.youtube.com\/user\/AlegriaRealEstate"]},{"@type":"Person","@id":"https:\/\/alegria-realestate.com\/#\/schema\/person\/d5f65cbf5d490b626f10bef994e91bde","name":"Irina"}]}},"_links":{"self":[{"href":"https:\/\/alegria-realestate.com\/fr\/wp-json\/wp\/v2\/posts\/1705715","targetHints":{"allow":["GET"]}}],"collection":[{"href":"https:\/\/alegria-realestate.com\/fr\/wp-json\/wp\/v2\/posts"}],"about":[{"href":"https:\/\/alegria-realestate.com\/fr\/wp-json\/wp\/v2\/types\/post"}],"author":[{"embeddable":true,"href":"https:\/\/alegria-realestate.com\/fr\/wp-json\/wp\/v2\/users\/34"}],"replies":[{"embeddable":true,"href":"https:\/\/alegria-realestate.com\/fr\/wp-json\/wp\/v2\/comments?post=1705715"}],"version-history":[{"count":1,"href":"https:\/\/alegria-realestate.com\/fr\/wp-json\/wp\/v2\/posts\/1705715\/revisions"}],"predecessor-version":[{"id":1705716,"href":"https:\/\/alegria-realestate.com\/fr\/wp-json\/wp\/v2\/posts\/1705715\/revisions\/1705716"}],"wp:featuredmedia":[{"embeddable":true,"href":"https:\/\/alegria-realestate.com\/fr\/wp-json\/wp\/v2\/media\/1705717"}],"wp:attachment":[{"href":"https:\/\/alegria-realestate.com\/fr\/wp-json\/wp\/v2\/media?parent=1705715"}],"wp:term":[{"taxonomy":"category","embeddable":true,"href":"https:\/\/alegria-realestate.com\/fr\/wp-json\/wp\/v2\/categories?post=1705715"},{"taxonomy":"post_tag","embeddable":true,"href":"https:\/\/alegria-realestate.com\/fr\/wp-json\/wp\/v2\/tags?post=1705715"}],"curies":[{"name":"wp","href":"https:\/\/api.w.org\/{rel}","templated":true}]}}