{"id":174089,"date":"2020-05-14T12:23:41","date_gmt":"2020-05-14T09:23:41","guid":{"rendered":"https:\/\/alegria-realestate.com\/?p=174089"},"modified":"2025-08-14T20:07:06","modified_gmt":"2025-08-14T17:07:06","slug":"3-phase-tourism-reactivation-plan-in-the-ec-2020","status":"publish","type":"post","link":"https:\/\/alegria-realestate.com\/fr\/articles\/news\/3-phase-tourism-reactivation-plan-in-the-ec-2020","title":{"rendered":"La Commission europ\u00e9enne a propos\u00e9 un plan en 3 phases pour r\u00e9activer le tourisme dans l&#39;UE afin de sauver la saison estivale 2020"},"content":{"rendered":"<p>&quot;Cet \u00e9t\u00e9 ne sera pas le m\u00eame que d&#39;habitude, mais il n&#39;y a aucune raison de le perdre compl\u00e8tement au profit du tourisme&quot;, a d\u00e9clar\u00e9 ce mercredi Margrethe Vestager, commissaire europ\u00e9enne \u00e0 la concurrence, dans le cadre de son discours dans lequel a \u00e9t\u00e9 d\u00e9voil\u00e9 le plan de r\u00e9activation en 3 phases. du secteur du tourisme dans l&#39;UE, ainsi que les recommandations de la Commission europ\u00e9enne dans ce domaine. Les recommandations de Bruxelles sont intervenues alors que certains pays avaient d\u00e9j\u00e0 pris leurs propres mesures dans ce domaine. Dans le cas de l&#39;Espagne, une <a href=\"https:\/\/alegria-realestate.com\/ru\/articles\/news\/quarantine-demand-for-houses-with-a-pool-in-spain\">quarantaine<\/a> obligatoire de 2 semaines pour tous ceux qui arrivent de l&#39;\u00e9tranger a \u00e9t\u00e9 annonc\u00e9e \u00e0 partir du 15 mai. Bruxelles consid\u00e8re cette mesure inutile : si d&#39;autres pays prennent des mesures appropri\u00e9es pour assurer la s\u00e9curit\u00e9 sanitaire, cette quarantaine ne sera pas n\u00e9cessaire. La Commission europ\u00e9enne a propos\u00e9 la cr\u00e9ation de &quot;couloirs de s\u00e9curit\u00e9&quot; entre les pays qui ont une situation \u00e9pid\u00e9miologique similaire, et a annonc\u00e9 un plan en 3 phases pour r\u00e9activer le secteur du tourisme. Bruxelles insiste sur le fait que le processus de relance doit se d\u00e9rouler &quot;de mani\u00e8re coordonn\u00e9e, consensuelle et non discriminatoire&quot;. Ce n&#39;est que dans ce cas qu&#39;il sera possible d&#39;\u00e9conomiser au moins une partie de la prochaine saison estivale dans l&#39;UE, o\u00f9 l&#39;industrie du tourisme repr\u00e9sente 10 % du PIB.<\/p>\n<ul>\n<li> Phase 1. Dans la premi\u00e8re phase, les mouvements doivent \u00eatre limit\u00e9s de la m\u00eame mani\u00e8re qu&#39;actuellement.<\/li>\n<li> Phase 2. Dans la phase suivante, les citoyens des \u00c9tats ayant une situation \u00e9pid\u00e9miologique similaire pourront se rendre dans ces pays.<\/li>\n<\/ul>\n<p> Afin de d\u00e9terminer qu&#39;un pays est pr\u00eat \u00e0 entrer dans une nouvelle phase, Bruxelles, et plus particuli\u00e8rement l&#39;Agence europ\u00e9enne de contr\u00f4le des maladies (ECDC), proc\u00e9dera \u00e0 une \u00e9valuation approfondie de la situation sur son territoire sur la base des donn\u00e9es fournies par son gouvernement. Cependant, il n&#39;existe pas encore de crit\u00e8res unifi\u00e9s pour \u00e9valuer la situation \u00e9pid\u00e9miologique et chaque pays utilise son propre syst\u00e8me. La communication entre les pays pour la deuxi\u00e8me phase sera effectu\u00e9e \u00e0 l&#39;aide de v\u00e9hicules offrant le niveau de s\u00e9curit\u00e9 maximal. C&#39;est-\u00e0-dire, par exemple, si un corridor de s\u00e9curit\u00e9 est \u00e9tabli entre l&#39;Allemagne et la Gr\u00e8ce, le mouvement ne pourra s&#39;effectuer que par voie a\u00e9rienne, ce qui \u00e9vitera de franchir les fronti\u00e8res des pays qui ne sont pas reli\u00e9s par le corridor.<\/p>\n<ul>\n<li> Phase 3. La troisi\u00e8me phase implique un retour \u00e0 la normale dans tout l&#39;espace Schengen.<\/li>\n<\/ul>\n<p> Bruxelles recommande la distanciation sociale et l&#39;utilisation de masques dans tous les modes de transport et propose des protocoles sanitaires <a href=\"https:\/\/alegria-realestate.com\/ru\/articles\/alicante-benidorm-and-elche-hotels-prepare-to-receive-tourists-in-july\">pour les h\u00f4tels<\/a> et autres types d&#39;h\u00e9bergements touristiques. De plus, il est n\u00e9cessaire de renforcer les mesures d&#39;hygi\u00e8ne, d&#39;assurer une bonne ventilation dans les espaces clos et de surveiller la distanciation sociale dans les espaces communs. Dans le m\u00eame temps, Bruxelles reconna\u00eet qu&#39;il y a des endroits o\u00f9 il est tr\u00e8s difficile de maintenir la distance requise, par exemple dans les avions. Dans le m\u00eame temps, la Commission europ\u00e9enne ne propose pas de laisser le si\u00e8ge du milieu inoccup\u00e9, cependant, les passagers et les membres d&#39;\u00e9quipage doivent porter des masques et une bonne ventilation doit \u00eatre assur\u00e9e dans la cabine.<\/p>","protected":false},"excerpt":{"rendered":"<p>&quot;Cet \u00e9t\u00e9 ne sera pas le m\u00eame que d&#39;habitude,\u2026<\/p>\n","protected":false},"author":18,"featured_media":174092,"comment_status":"closed","ping_status":"closed","sticky":false,"template":"","format":"standard","meta":{"footnotes":""},"categories":[15],"tags":[],"class_list":["post-174089","post","type-post","status-publish","format-standard","has-post-thumbnail","hentry","category-news"],"yoast_head":"<!-- This site is optimized with the Yoast SEO plugin v27.5 - https:\/\/yoast.com\/product\/yoast-seo-wordpress\/ -->\n<title>\u0415\u0432\u0440\u043e\u043a\u043e\u043c\u0438\u0441\u0441\u0438\u044f \u043f\u0440\u0435\u0434\u043b\u043e\u0436\u0438\u043b\u0430 3-\u0444\u0430\u0437\u043d\u044b\u0439 \u043f\u043b\u0430\u043d \u043f\u043e \u0440\u0435\u0430\u043a\u0442\u0438\u0432\u0430\u0446\u0438\u0438 \u0442\u0443\u0440\u0438\u0437\u043c\u0430 \u0432 \u0415\u0421, \u0447\u0442\u043e\u0431\u044b \u0441\u043f\u0430\u0441\u0442\u0438 \u043b\u0435\u0442\u043d\u0438\u0439 \u0441\u0435\u0437\u043e\u043d 2020<\/title>\n<meta name=\"description\" content=\"\u0412 \u043c\u0438\u043d\u0443\u0432\u0448\u0443\u044e \u0441\u0440\u0435\u0434\u0443 \u0411\u0440\u044e\u0441\u0441\u0435\u043b\u044c \u043e\u0431\u043d\u0430\u0440\u043e\u0434\u043e\u0432\u0430\u043b 3-\u0444\u0430\u0437\u043d\u044b\u0439 \u043f\u043b\u0430\u043d \u043e\u0442\u043a\u0440\u044b\u0442\u0438\u044f \u0433\u0440\u0430\u043d\u0438\u0446 \u0438 \u0432\u043e\u0441\u0441\u0442\u0430\u043d\u043e\u0432\u043b\u0435\u043d\u0438\u044f \u0442\u0443\u0440\u0438\u0437\u043c\u0430 \u043d\u0430 \u0442\u0435\u0440\u0440\u0438\u0442\u043e\u0440\u0438\u0438 \u0415\u0421, \u043a\u043e\u0442\u043e\u0440\u044b\u0439 \u043f\u043e\u043c\u043e\u0436\u0435\u0442 \u0441\u043f\u0430\u0441\u0442\u0438 \u043b\u0435\u0442\u043d\u0438\u0439 \u0441\u0435\u0437\u043e\u043d 2020.\" \/>\n<meta name=\"robots\" content=\"index, follow, max-snippet:-1, max-image-preview:large, max-video-preview:-1\" \/>\n<link rel=\"canonical\" href=\"https:\/\/alegria-realestate.com\/fr\/wp-json\/wp\/v2\/posts\/174089\" \/>\n<meta property=\"og:locale\" content=\"fr_FR\" \/>\n<meta property=\"og:type\" content=\"article\" \/>\n<meta property=\"og:title\" content=\"\u0415\u0432\u0440\u043e\u043a\u043e\u043c\u0438\u0441\u0441\u0438\u044f \u043f\u0440\u0435\u0434\u043b\u043e\u0436\u0438\u043b\u0430 3-\u0444\u0430\u0437\u043d\u044b\u0439 \u043f\u043b\u0430\u043d \u043f\u043e \u0440\u0435\u0430\u043a\u0442\u0438\u0432\u0430\u0446\u0438\u0438 \u0442\u0443\u0440\u0438\u0437\u043c\u0430 \u0432 \u0415\u0421, \u0447\u0442\u043e\u0431\u044b \u0441\u043f\u0430\u0441\u0442\u0438 \u043b\u0435\u0442\u043d\u0438\u0439 \u0441\u0435\u0437\u043e\u043d 2020\" \/>\n<meta property=\"og:description\" content=\"\u0412 \u043c\u0438\u043d\u0443\u0432\u0448\u0443\u044e \u0441\u0440\u0435\u0434\u0443 \u0411\u0440\u044e\u0441\u0441\u0435\u043b\u044c \u043e\u0431\u043d\u0430\u0440\u043e\u0434\u043e\u0432\u0430\u043b 3-\u0444\u0430\u0437\u043d\u044b\u0439 \u043f\u043b\u0430\u043d \u043e\u0442\u043a\u0440\u044b\u0442\u0438\u044f \u0433\u0440\u0430\u043d\u0438\u0446 \u0438 \u0432\u043e\u0441\u0441\u0442\u0430\u043d\u043e\u0432\u043b\u0435\u043d\u0438\u044f \u0442\u0443\u0440\u0438\u0437\u043c\u0430 \u043d\u0430 \u0442\u0435\u0440\u0440\u0438\u0442\u043e\u0440\u0438\u0438 \u0415\u0421, \u043a\u043e\u0442\u043e\u0440\u044b\u0439 \u043f\u043e\u043c\u043e\u0436\u0435\u0442 \u0441\u043f\u0430\u0441\u0442\u0438 \u043b\u0435\u0442\u043d\u0438\u0439 \u0441\u0435\u0437\u043e\u043d 2020.\" \/>\n<meta property=\"og:url\" content=\"https:\/\/alegria-realestate.com\/fr\/wp-json\/wp\/v2\/posts\/174089\" \/>\n<meta property=\"og:site_name\" content=\"Immobilier en Espagne\" \/>\n<meta property=\"article:publisher\" content=\"https:\/\/www.facebook.com\/realestate.alegria\" \/>\n<meta property=\"article:published_time\" content=\"2020-05-14T09:23:41+00:00\" \/>\n<meta property=\"article:modified_time\" content=\"2025-08-14T17:07:06+00:00\" \/>\n<meta property=\"og:image\" content=\"https:\/\/alegria-realestate.com\/wp-content\/uploads\/2020\/05\/phase-tourism-reactivation-plan-in-the-ec-2020.png\" \/>\n\t<meta property=\"og:image:width\" content=\"1000\" \/>\n\t<meta property=\"og:image:height\" content=\"506\" \/>\n\t<meta property=\"og:image:type\" content=\"image\/png\" \/>\n<meta name=\"author\" content=\"\u0421\u0435\u0440\u0433\u0435\u0439 \u0411\u0435\u043a\u0438\u0448\u0435\u0432\" \/>\n<meta name=\"twitter:card\" content=\"summary_large_image\" \/>\n<meta name=\"twitter:creator\" content=\"@alegriarealesta\" \/>\n<meta name=\"twitter:site\" content=\"@alegriarealesta\" \/>\n<script type=\"application\/ld+json\" class=\"yoast-schema-graph\">{\"@context\":\"https:\\\/\\\/schema.org\",\"@graph\":[{\"@type\":\"Article\",\"@id\":\"https:\\\/\\\/alegria-realestate.com\\\/fr\\\/articles\\\/news\\\/3-phase-tourism-reactivation-plan-in-the-ec-2020#article\",\"isPartOf\":{\"@id\":\"https:\\\/\\\/alegria-realestate.com\\\/fr\\\/articles\\\/news\\\/3-phase-tourism-reactivation-plan-in-the-ec-2020\"},\"author\":{\"name\":\"\u0421\u0435\u0440\u0433\u0435\u0439 \u0411\u0435\u043a\u0438\u0448\u0435\u0432\",\"@id\":\"https:\\\/\\\/alegria-realestate.com\\\/#\\\/schema\\\/person\\\/9d285f0a34620d7fb8e3836f93b5522c\"},\"headline\":\"La Commission europ\u00e9enne a propos\u00e9 un plan en 3 phases pour r\u00e9activer le tourisme dans l&#39;UE afin de sauver la saison estivale 2020\",\"datePublished\":\"2020-05-14T09:23:41+00:00\",\"dateModified\":\"2025-08-14T17:07:06+00:00\",\"mainEntityOfPage\":{\"@id\":\"https:\\\/\\\/alegria-realestate.com\\\/fr\\\/articles\\\/news\\\/3-phase-tourism-reactivation-plan-in-the-ec-2020\"},\"wordCount\":3535,\"publisher\":{\"@id\":\"https:\\\/\\\/alegria-realestate.com\\\/#organization\"},\"image\":{\"@id\":\"https:\\\/\\\/alegria-realestate.com\\\/fr\\\/articles\\\/news\\\/3-phase-tourism-reactivation-plan-in-the-ec-2020#primaryimage\"},\"thumbnailUrl\":\"https:\\\/\\\/alegria-realestate.com\\\/wp-content\\\/uploads\\\/2020\\\/05\\\/phase-tourism-reactivation-plan-in-the-ec-2020.png\",\"articleSection\":[\"Actualit\u00e9s\"],\"inLanguage\":\"fr-FR\"},{\"@type\":\"WebPage\",\"@id\":\"https:\\\/\\\/alegria-realestate.com\\\/fr\\\/articles\\\/news\\\/3-phase-tourism-reactivation-plan-in-the-ec-2020\",\"url\":\"https:\\\/\\\/alegria-realestate.com\\\/fr\\\/articles\\\/news\\\/3-phase-tourism-reactivation-plan-in-the-ec-2020\",\"name\":\"\u0415\u0432\u0440\u043e\u043a\u043e\u043c\u0438\u0441\u0441\u0438\u044f \u043f\u0440\u0435\u0434\u043b\u043e\u0436\u0438\u043b\u0430 3-\u0444\u0430\u0437\u043d\u044b\u0439 \u043f\u043b\u0430\u043d \u043f\u043e \u0440\u0435\u0430\u043a\u0442\u0438\u0432\u0430\u0446\u0438\u0438 \u0442\u0443\u0440\u0438\u0437\u043c\u0430 \u0432 \u0415\u0421, \u0447\u0442\u043e\u0431\u044b \u0441\u043f\u0430\u0441\u0442\u0438 \u043b\u0435\u0442\u043d\u0438\u0439 \u0441\u0435\u0437\u043e\u043d 2020\",\"isPartOf\":{\"@id\":\"https:\\\/\\\/alegria-realestate.com\\\/fr\\\/#website\"},\"primaryImageOfPage\":{\"@id\":\"https:\\\/\\\/alegria-realestate.com\\\/fr\\\/articles\\\/news\\\/3-phase-tourism-reactivation-plan-in-the-ec-2020#primaryimage\"},\"image\":{\"@id\":\"https:\\\/\\\/alegria-realestate.com\\\/fr\\\/articles\\\/news\\\/3-phase-tourism-reactivation-plan-in-the-ec-2020#primaryimage\"},\"thumbnailUrl\":\"https:\\\/\\\/alegria-realestate.com\\\/wp-content\\\/uploads\\\/2020\\\/05\\\/phase-tourism-reactivation-plan-in-the-ec-2020.png\",\"datePublished\":\"2020-05-14T09:23:41+00:00\",\"dateModified\":\"2025-08-14T17:07:06+00:00\",\"description\":\"\u0412 \u043c\u0438\u043d\u0443\u0432\u0448\u0443\u044e \u0441\u0440\u0435\u0434\u0443 \u0411\u0440\u044e\u0441\u0441\u0435\u043b\u044c \u043e\u0431\u043d\u0430\u0440\u043e\u0434\u043e\u0432\u0430\u043b 3-\u0444\u0430\u0437\u043d\u044b\u0439 \u043f\u043b\u0430\u043d \u043e\u0442\u043a\u0440\u044b\u0442\u0438\u044f \u0433\u0440\u0430\u043d\u0438\u0446 \u0438 \u0432\u043e\u0441\u0441\u0442\u0430\u043d\u043e\u0432\u043b\u0435\u043d\u0438\u044f \u0442\u0443\u0440\u0438\u0437\u043c\u0430 \u043d\u0430 \u0442\u0435\u0440\u0440\u0438\u0442\u043e\u0440\u0438\u0438 \u0415\u0421, \u043a\u043e\u0442\u043e\u0440\u044b\u0439 \u043f\u043e\u043c\u043e\u0436\u0435\u0442 \u0441\u043f\u0430\u0441\u0442\u0438 \u043b\u0435\u0442\u043d\u0438\u0439 \u0441\u0435\u0437\u043e\u043d 2020.\",\"breadcrumb\":{\"@id\":\"https:\\\/\\\/alegria-realestate.com\\\/fr\\\/articles\\\/news\\\/3-phase-tourism-reactivation-plan-in-the-ec-2020#breadcrumb\"},\"inLanguage\":\"fr-FR\",\"potentialAction\":[{\"@type\":\"ReadAction\",\"target\":[[\"https:\\\/\\\/alegria-realestate.com\\\/fr\\\/articles\\\/news\\\/3-phase-tourism-reactivation-plan-in-the-ec-2020\"]]}]},{\"@type\":\"ImageObject\",\"inLanguage\":\"fr-FR\",\"@id\":\"https:\\\/\\\/alegria-realestate.com\\\/fr\\\/articles\\\/news\\\/3-phase-tourism-reactivation-plan-in-the-ec-2020#primaryimage\",\"url\":\"https:\\\/\\\/alegria-realestate.com\\\/wp-content\\\/uploads\\\/2020\\\/05\\\/phase-tourism-reactivation-plan-in-the-ec-2020.png\",\"contentUrl\":\"https:\\\/\\\/alegria-realestate.com\\\/wp-content\\\/uploads\\\/2020\\\/05\\\/phase-tourism-reactivation-plan-in-the-ec-2020.png\",\"width\":1000,\"height\":506},{\"@type\":\"BreadcrumbList\",\"@id\":\"https:\\\/\\\/alegria-realestate.com\\\/fr\\\/articles\\\/news\\\/3-phase-tourism-reactivation-plan-in-the-ec-2020#breadcrumb\",\"itemListElement\":[{\"@type\":\"ListItem\",\"position\":1,\"name\":\"\u0413\u043b\u0430\u0432\u043d\u0430\u044f \u0441\u0442\u0440\u0430\u043d\u0438\u0446\u0430\",\"item\":\"https:\\\/\\\/alegria-realestate.com\\\/fr\\\/\"},{\"@type\":\"ListItem\",\"position\":2,\"name\":\"La Commission europ\u00e9enne a propos\u00e9 un plan en 3 phases pour r\u00e9activer le tourisme dans l&#39;UE afin de sauver la saison estivale 2020\"}]},{\"@type\":\"WebSite\",\"@id\":\"https:\\\/\\\/alegria-realestate.com\\\/fr\\\/#website\",\"url\":\"https:\\\/\\\/alegria-realestate.com\\\/fr\\\/\",\"name\":\"Immobilier en Espagne\",\"description\":\"Immobilier en Espagne : ventes dans toutes les villes - Torrevieja, Alicante, Benidorm, etc. Nous vous aiderons \u00e0 acheter un bien immobilier sur la Costa Blanca - logements secondaires, b\u00e2timents neufs. Conception cl\u00e9 en main. Propri\u00e9t\u00e9 sur la Costa Blanca \u00e0 partir de 80 000 \u20ac.\",\"publisher\":{\"@id\":\"https:\\\/\\\/alegria-realestate.com\\\/fr\\\/#organization\"},\"potentialAction\":[{\"@type\":\"SearchAction\",\"target\":{\"@type\":\"EntryPoint\",\"urlTemplate\":\"https:\\\/\\\/alegria-realestate.com\\\/fr\\\/?s={search_term_string}\"},\"query-input\":{\"@type\":\"PropertyValueSpecification\",\"valueRequired\":true,\"valueName\":\"search_term_string\"}}],\"inLanguage\":\"fr-FR\"},{\"@type\":\"Organization\",\"@id\":\"https:\\\/\\\/alegria-realestate.com\\\/fr\\\/#organization\",\"name\":\"Alegria Realestate\",\"url\":\"https:\\\/\\\/alegria-realestate.com\\\/fr\\\/\",\"logo\":{\"@type\":\"ImageObject\",\"inLanguage\":\"fr-FR\",\"@id\":\"https:\\\/\\\/alegria-realestate.com\\\/fr\\\/#\\\/schema\\\/logo\\\/image\\\/\",\"url\":\"https:\\\/\\\/alegria-realestate.com\\\/wp-content\\\/uploads\\\/2019\\\/08\\\/logo_alegria.png\",\"contentUrl\":\"https:\\\/\\\/alegria-realestate.com\\\/wp-content\\\/uploads\\\/2019\\\/08\\\/logo_alegria.png\",\"width\":1600,\"height\":1403,\"caption\":\"Alegria Realestate\"},\"image\":{\"@id\":\"https:\\\/\\\/alegria-realestate.com\\\/fr\\\/#\\\/schema\\\/logo\\\/image\\\/\"},\"sameAs\":[\"https:\\\/\\\/www.facebook.com\\\/realestate.alegria\",\"https:\\\/\\\/x.com\\\/alegriarealesta\",\"https:\\\/\\\/www.instagram.com\\\/alegriadom\\\/\",\"https:\\\/\\\/www.linkedin.com\\\/profile\\\/view?id=154965227\",\"https:\\\/\\\/www.youtube.com\\\/user\\\/AlegriaRealEstate\"]},{\"@type\":\"Person\",\"@id\":\"https:\\\/\\\/alegria-realestate.com\\\/#\\\/schema\\\/person\\\/9d285f0a34620d7fb8e3836f93b5522c\",\"name\":\"\u0421\u0435\u0440\u0433\u0435\u0439 \u0411\u0435\u043a\u0438\u0448\u0435\u0432\"}]}<\/script>\n<!-- \/ Yoast SEO plugin. -->","yoast_head_json":{"title":"\u0415\u0432\u0440\u043e\u043a\u043e\u043c\u0438\u0441\u0441\u0438\u044f \u043f\u0440\u0435\u0434\u043b\u043e\u0436\u0438\u043b\u0430 3-\u0444\u0430\u0437\u043d\u044b\u0439 \u043f\u043b\u0430\u043d \u043f\u043e \u0440\u0435\u0430\u043a\u0442\u0438\u0432\u0430\u0446\u0438\u0438 \u0442\u0443\u0440\u0438\u0437\u043c\u0430 \u0432 \u0415\u0421, \u0447\u0442\u043e\u0431\u044b \u0441\u043f\u0430\u0441\u0442\u0438 \u043b\u0435\u0442\u043d\u0438\u0439 \u0441\u0435\u0437\u043e\u043d 2020","description":"\u0412 \u043c\u0438\u043d\u0443\u0432\u0448\u0443\u044e \u0441\u0440\u0435\u0434\u0443 \u0411\u0440\u044e\u0441\u0441\u0435\u043b\u044c \u043e\u0431\u043d\u0430\u0440\u043e\u0434\u043e\u0432\u0430\u043b 3-\u0444\u0430\u0437\u043d\u044b\u0439 \u043f\u043b\u0430\u043d \u043e\u0442\u043a\u0440\u044b\u0442\u0438\u044f \u0433\u0440\u0430\u043d\u0438\u0446 \u0438 \u0432\u043e\u0441\u0441\u0442\u0430\u043d\u043e\u0432\u043b\u0435\u043d\u0438\u044f \u0442\u0443\u0440\u0438\u0437\u043c\u0430 \u043d\u0430 \u0442\u0435\u0440\u0440\u0438\u0442\u043e\u0440\u0438\u0438 \u0415\u0421, \u043a\u043e\u0442\u043e\u0440\u044b\u0439 \u043f\u043e\u043c\u043e\u0436\u0435\u0442 \u0441\u043f\u0430\u0441\u0442\u0438 \u043b\u0435\u0442\u043d\u0438\u0439 \u0441\u0435\u0437\u043e\u043d 2020.","robots":{"index":"index","follow":"follow","max-snippet":"max-snippet:-1","max-image-preview":"max-image-preview:large","max-video-preview":"max-video-preview:-1"},"canonical":"https:\/\/alegria-realestate.com\/fr\/wp-json\/wp\/v2\/posts\/174089","og_locale":"fr_FR","og_type":"article","og_title":"\u0415\u0432\u0440\u043e\u043a\u043e\u043c\u0438\u0441\u0441\u0438\u044f \u043f\u0440\u0435\u0434\u043b\u043e\u0436\u0438\u043b\u0430 3-\u0444\u0430\u0437\u043d\u044b\u0439 \u043f\u043b\u0430\u043d \u043f\u043e \u0440\u0435\u0430\u043a\u0442\u0438\u0432\u0430\u0446\u0438\u0438 \u0442\u0443\u0440\u0438\u0437\u043c\u0430 \u0432 \u0415\u0421, \u0447\u0442\u043e\u0431\u044b \u0441\u043f\u0430\u0441\u0442\u0438 \u043b\u0435\u0442\u043d\u0438\u0439 \u0441\u0435\u0437\u043e\u043d 2020","og_description":"\u0412 \u043c\u0438\u043d\u0443\u0432\u0448\u0443\u044e \u0441\u0440\u0435\u0434\u0443 \u0411\u0440\u044e\u0441\u0441\u0435\u043b\u044c \u043e\u0431\u043d\u0430\u0440\u043e\u0434\u043e\u0432\u0430\u043b 3-\u0444\u0430\u0437\u043d\u044b\u0439 \u043f\u043b\u0430\u043d \u043e\u0442\u043a\u0440\u044b\u0442\u0438\u044f \u0433\u0440\u0430\u043d\u0438\u0446 \u0438 \u0432\u043e\u0441\u0441\u0442\u0430\u043d\u043e\u0432\u043b\u0435\u043d\u0438\u044f \u0442\u0443\u0440\u0438\u0437\u043c\u0430 \u043d\u0430 \u0442\u0435\u0440\u0440\u0438\u0442\u043e\u0440\u0438\u0438 \u0415\u0421, \u043a\u043e\u0442\u043e\u0440\u044b\u0439 \u043f\u043e\u043c\u043e\u0436\u0435\u0442 \u0441\u043f\u0430\u0441\u0442\u0438 \u043b\u0435\u0442\u043d\u0438\u0439 \u0441\u0435\u0437\u043e\u043d 2020.","og_url":"https:\/\/alegria-realestate.com\/fr\/wp-json\/wp\/v2\/posts\/174089","og_site_name":"Immobilier en Espagne","article_publisher":"https:\/\/www.facebook.com\/realestate.alegria","article_published_time":"2020-05-14T09:23:41+00:00","article_modified_time":"2025-08-14T17:07:06+00:00","og_image":[{"width":1000,"height":506,"url":"https:\/\/alegria-realestate.com\/wp-content\/uploads\/2020\/05\/phase-tourism-reactivation-plan-in-the-ec-2020.png","type":"image\/png"}],"author":"\u0421\u0435\u0440\u0433\u0435\u0439 \u0411\u0435\u043a\u0438\u0448\u0435\u0432","twitter_card":"summary_large_image","twitter_creator":"@alegriarealesta","twitter_site":"@alegriarealesta","schema":{"@context":"https:\/\/schema.org","@graph":[{"@type":"Article","@id":"https:\/\/alegria-realestate.com\/fr\/articles\/news\/3-phase-tourism-reactivation-plan-in-the-ec-2020#article","isPartOf":{"@id":"https:\/\/alegria-realestate.com\/fr\/articles\/news\/3-phase-tourism-reactivation-plan-in-the-ec-2020"},"author":{"name":"\u0421\u0435\u0440\u0433\u0435\u0439 \u0411\u0435\u043a\u0438\u0448\u0435\u0432","@id":"https:\/\/alegria-realestate.com\/#\/schema\/person\/9d285f0a34620d7fb8e3836f93b5522c"},"headline":"La Commission europ\u00e9enne a propos\u00e9 un plan en 3 phases pour r\u00e9activer le tourisme dans l&#39;UE afin de sauver la saison estivale 2020","datePublished":"2020-05-14T09:23:41+00:00","dateModified":"2025-08-14T17:07:06+00:00","mainEntityOfPage":{"@id":"https:\/\/alegria-realestate.com\/fr\/articles\/news\/3-phase-tourism-reactivation-plan-in-the-ec-2020"},"wordCount":3535,"publisher":{"@id":"https:\/\/alegria-realestate.com\/#organization"},"image":{"@id":"https:\/\/alegria-realestate.com\/fr\/articles\/news\/3-phase-tourism-reactivation-plan-in-the-ec-2020#primaryimage"},"thumbnailUrl":"https:\/\/alegria-realestate.com\/wp-content\/uploads\/2020\/05\/phase-tourism-reactivation-plan-in-the-ec-2020.png","articleSection":["Actualit\u00e9s"],"inLanguage":"fr-FR"},{"@type":"WebPage","@id":"https:\/\/alegria-realestate.com\/fr\/articles\/news\/3-phase-tourism-reactivation-plan-in-the-ec-2020","url":"https:\/\/alegria-realestate.com\/fr\/articles\/news\/3-phase-tourism-reactivation-plan-in-the-ec-2020","name":"\u0415\u0432\u0440\u043e\u043a\u043e\u043c\u0438\u0441\u0441\u0438\u044f \u043f\u0440\u0435\u0434\u043b\u043e\u0436\u0438\u043b\u0430 3-\u0444\u0430\u0437\u043d\u044b\u0439 \u043f\u043b\u0430\u043d \u043f\u043e \u0440\u0435\u0430\u043a\u0442\u0438\u0432\u0430\u0446\u0438\u0438 \u0442\u0443\u0440\u0438\u0437\u043c\u0430 \u0432 \u0415\u0421, \u0447\u0442\u043e\u0431\u044b \u0441\u043f\u0430\u0441\u0442\u0438 \u043b\u0435\u0442\u043d\u0438\u0439 \u0441\u0435\u0437\u043e\u043d 2020","isPartOf":{"@id":"https:\/\/alegria-realestate.com\/fr\/#website"},"primaryImageOfPage":{"@id":"https:\/\/alegria-realestate.com\/fr\/articles\/news\/3-phase-tourism-reactivation-plan-in-the-ec-2020#primaryimage"},"image":{"@id":"https:\/\/alegria-realestate.com\/fr\/articles\/news\/3-phase-tourism-reactivation-plan-in-the-ec-2020#primaryimage"},"thumbnailUrl":"https:\/\/alegria-realestate.com\/wp-content\/uploads\/2020\/05\/phase-tourism-reactivation-plan-in-the-ec-2020.png","datePublished":"2020-05-14T09:23:41+00:00","dateModified":"2025-08-14T17:07:06+00:00","description":"\u0412 \u043c\u0438\u043d\u0443\u0432\u0448\u0443\u044e \u0441\u0440\u0435\u0434\u0443 \u0411\u0440\u044e\u0441\u0441\u0435\u043b\u044c \u043e\u0431\u043d\u0430\u0440\u043e\u0434\u043e\u0432\u0430\u043b 3-\u0444\u0430\u0437\u043d\u044b\u0439 \u043f\u043b\u0430\u043d \u043e\u0442\u043a\u0440\u044b\u0442\u0438\u044f \u0433\u0440\u0430\u043d\u0438\u0446 \u0438 \u0432\u043e\u0441\u0441\u0442\u0430\u043d\u043e\u0432\u043b\u0435\u043d\u0438\u044f \u0442\u0443\u0440\u0438\u0437\u043c\u0430 \u043d\u0430 \u0442\u0435\u0440\u0440\u0438\u0442\u043e\u0440\u0438\u0438 \u0415\u0421, \u043a\u043e\u0442\u043e\u0440\u044b\u0439 \u043f\u043e\u043c\u043e\u0436\u0435\u0442 \u0441\u043f\u0430\u0441\u0442\u0438 \u043b\u0435\u0442\u043d\u0438\u0439 \u0441\u0435\u0437\u043e\u043d 2020.","breadcrumb":{"@id":"https:\/\/alegria-realestate.com\/fr\/articles\/news\/3-phase-tourism-reactivation-plan-in-the-ec-2020#breadcrumb"},"inLanguage":"fr-FR","potentialAction":[{"@type":"ReadAction","target":[["https:\/\/alegria-realestate.com\/fr\/articles\/news\/3-phase-tourism-reactivation-plan-in-the-ec-2020"]]}]},{"@type":"ImageObject","inLanguage":"fr-FR","@id":"https:\/\/alegria-realestate.com\/fr\/articles\/news\/3-phase-tourism-reactivation-plan-in-the-ec-2020#primaryimage","url":"https:\/\/alegria-realestate.com\/wp-content\/uploads\/2020\/05\/phase-tourism-reactivation-plan-in-the-ec-2020.png","contentUrl":"https:\/\/alegria-realestate.com\/wp-content\/uploads\/2020\/05\/phase-tourism-reactivation-plan-in-the-ec-2020.png","width":1000,"height":506},{"@type":"BreadcrumbList","@id":"https:\/\/alegria-realestate.com\/fr\/articles\/news\/3-phase-tourism-reactivation-plan-in-the-ec-2020#breadcrumb","itemListElement":[{"@type":"ListItem","position":1,"name":"\u0413\u043b\u0430\u0432\u043d\u0430\u044f \u0441\u0442\u0440\u0430\u043d\u0438\u0446\u0430","item":"https:\/\/alegria-realestate.com\/fr\/"},{"@type":"ListItem","position":2,"name":"La Commission europ\u00e9enne a propos\u00e9 un plan en 3 phases pour r\u00e9activer le tourisme dans l&#39;UE afin de sauver la saison estivale 2020"}]},{"@type":"WebSite","@id":"https:\/\/alegria-realestate.com\/fr\/#website","url":"https:\/\/alegria-realestate.com\/fr\/","name":"Immobilier en Espagne","description":"Immobilier en Espagne : ventes dans toutes les villes - Torrevieja, Alicante, Benidorm, etc. Nous vous aiderons \u00e0 acheter un bien immobilier sur la Costa Blanca - logements secondaires, b\u00e2timents neufs. Conception cl\u00e9 en main. Propri\u00e9t\u00e9 sur la Costa Blanca \u00e0 partir de 80 000 \u20ac.","publisher":{"@id":"https:\/\/alegria-realestate.com\/fr\/#organization"},"potentialAction":[{"@type":"SearchAction","target":{"@type":"EntryPoint","urlTemplate":"https:\/\/alegria-realestate.com\/fr\/?s={search_term_string}"},"query-input":{"@type":"PropertyValueSpecification","valueRequired":true,"valueName":"search_term_string"}}],"inLanguage":"fr-FR"},{"@type":"Organization","@id":"https:\/\/alegria-realestate.com\/fr\/#organization","name":"Alegria Realestate","url":"https:\/\/alegria-realestate.com\/fr\/","logo":{"@type":"ImageObject","inLanguage":"fr-FR","@id":"https:\/\/alegria-realestate.com\/fr\/#\/schema\/logo\/image\/","url":"https:\/\/alegria-realestate.com\/wp-content\/uploads\/2019\/08\/logo_alegria.png","contentUrl":"https:\/\/alegria-realestate.com\/wp-content\/uploads\/2019\/08\/logo_alegria.png","width":1600,"height":1403,"caption":"Alegria Realestate"},"image":{"@id":"https:\/\/alegria-realestate.com\/fr\/#\/schema\/logo\/image\/"},"sameAs":["https:\/\/www.facebook.com\/realestate.alegria","https:\/\/x.com\/alegriarealesta","https:\/\/www.instagram.com\/alegriadom\/","https:\/\/www.linkedin.com\/profile\/view?id=154965227","https:\/\/www.youtube.com\/user\/AlegriaRealEstate"]},{"@type":"Person","@id":"https:\/\/alegria-realestate.com\/#\/schema\/person\/9d285f0a34620d7fb8e3836f93b5522c","name":"\u0421\u0435\u0440\u0433\u0435\u0439 \u0411\u0435\u043a\u0438\u0448\u0435\u0432"}]}},"_links":{"self":[{"href":"https:\/\/alegria-realestate.com\/fr\/wp-json\/wp\/v2\/posts\/174089","targetHints":{"allow":["GET"]}}],"collection":[{"href":"https:\/\/alegria-realestate.com\/fr\/wp-json\/wp\/v2\/posts"}],"about":[{"href":"https:\/\/alegria-realestate.com\/fr\/wp-json\/wp\/v2\/types\/post"}],"author":[{"embeddable":true,"href":"https:\/\/alegria-realestate.com\/fr\/wp-json\/wp\/v2\/users\/18"}],"replies":[{"embeddable":true,"href":"https:\/\/alegria-realestate.com\/fr\/wp-json\/wp\/v2\/comments?post=174089"}],"version-history":[{"count":1,"href":"https:\/\/alegria-realestate.com\/fr\/wp-json\/wp\/v2\/posts\/174089\/revisions"}],"predecessor-version":[{"id":837268,"href":"https:\/\/alegria-realestate.com\/fr\/wp-json\/wp\/v2\/posts\/174089\/revisions\/837268"}],"wp:featuredmedia":[{"embeddable":true,"href":"https:\/\/alegria-realestate.com\/fr\/wp-json\/wp\/v2\/media\/174092"}],"wp:attachment":[{"href":"https:\/\/alegria-realestate.com\/fr\/wp-json\/wp\/v2\/media?parent=174089"}],"wp:term":[{"taxonomy":"category","embeddable":true,"href":"https:\/\/alegria-realestate.com\/fr\/wp-json\/wp\/v2\/categories?post=174089"},{"taxonomy":"post_tag","embeddable":true,"href":"https:\/\/alegria-realestate.com\/fr\/wp-json\/wp\/v2\/tags?post=174089"}],"curies":[{"name":"wp","href":"https:\/\/api.w.org\/{rel}","templated":true}]}}