{"id":180419,"date":"2020-05-29T12:15:22","date_gmt":"2020-05-29T09:15:22","guid":{"rendered":"https:\/\/alegria-realestate.com\/?p=180419"},"modified":"2025-08-14T20:07:20","modified_gmt":"2025-08-14T17:07:20","slug":"the-valencian-community-moves-into-phase-2-from-monday-june-1","status":"publish","type":"post","link":"https:\/\/alegria-realestate.com\/fr\/articles\/news\/the-valencian-community-moves-into-phase-2-from-monday-june-1","title":{"rendered":"La Communaut\u00e9 valencienne entre dans la phase 2 \u00e0 partir du lundi 1er juin"},"content":{"rendered":"<p>\u00c0 partir du lundi 1er juin, toute la Communaut\u00e9 valencienne entre dans la phase 2 de la d\u00e9sescalade. Cette phase implique plusieurs assouplissements de quarantaine tr\u00e8s importants : la suppression des horaires et autres limites \u00e0 la marche, l&#39;ouverture des plages et des piscines, l&#39;ouverture des centres commerciaux, etc. Voyons les plus importantes d&#39;entre elles.<\/p>\n<h2> O\u00f9 pouvez-vous conduire et marcher\u00a0?<\/h2>\n<p> Les r\u00e8gles de d\u00e9placement restent inchang\u00e9es pour l&#39;instant : vous ne pouvez vous d\u00e9placer librement qu&#39;\u00e0 l&#39;int\u00e9rieur de votre province (ou \u00eele). Cependant, la r\u00e8gle selon laquelle vous ne pouvez marcher qu&#39;\u00e0 moins de 1 km de la maison est supprim\u00e9e. De plus, vous pouvez d\u00e9sormais faire du sport non seulement au sein de votre commune.<\/p>\n<h2> Qu&#39;en est-il du calendrier\u00a0?<\/h2>\n<p> Dans la phase 2, les horaires de marche et d&#39;exercice sont \u00e9limin\u00e9s et peuvent d\u00e9sormais \u00eatre effectu\u00e9s \u00e0 tout moment de la journ\u00e9e. Les seules exceptions sont les personnes \u00e2g\u00e9es, pour lesquelles l&#39;horaire reste valable : de 10h00 \u00e0 12h00 et de 19h00 \u00e0 20h00. On suppose que le reste \u00e0 ce moment ne peut pas marcher.<\/p>\n<h2> Sports autoris\u00e9s en groupe<\/h2>\n<p> D\u00e9sormais, vous pouvez faire du sport (course \u00e0 pied, v\u00e9lo) en groupe jusqu&#39;\u00e0 15 personnes.<\/p>\n<h2> Rencontres avec des amis et des parents<\/h2>\n<p> Vous pouvez vous r\u00e9unir en groupes de 15 personnes maximum, \u00e0 la maison comme dans la rue.<\/p>\n<h2> Bars et restaurants<\/h2>\n<p> Ils sont autoris\u00e9s \u00e0 ouvrir les int\u00e9rieurs, mais l&#39;occupation ne peut pas d\u00e9passer 40 \u00e0 50% (selon l&#39;autonomie). Vous ne pouvez pas utiliser les comptoirs du bar &#8211; uniquement les tables. Il est interdit de donner des menus, des porte-serviettes, des bouteilles d&#39;huile et de vinaigre aux clients.<\/p>\n<h2> Plages de baignade ouvertes<\/h2>\n<p> A partir de la 2\u00e8me phase en Espagne, les plages sont ouvertes \u00e0 la baignade et \u00e0 toutes sortes d&#39;activit\u00e9s de loisirs. Une distance de s\u00e9curit\u00e9 doit \u00eatre respect\u00e9e. Il est permis de se rassembler en groupes de 15 personnes maximum, d&#39;utiliser les douches et les vestiaires. Les caf\u00e9s de plage &#8211; chiringuito &#8211; ouvrent aux m\u00eames conditions que les autres caf\u00e9s, bars et restaurants. La r\u00e9glementation de l&#39;occupation des plages rel\u00e8ve de la responsabilit\u00e9 des autorit\u00e9s locales.<\/p>\n<h2> Ouverture des piscines<\/h2>\n<p> A partir de la phase 2, les piscines, y compris int\u00e9rieures, sont ouvertes. Ils peuvent \u00eatre visit\u00e9s sur rendez-vous ou selon un horaire fixe, avec une occupation ne d\u00e9passant pas 30% et en respectant une distance de s\u00e9curit\u00e9. Les \u00e2mes ne peuvent pas \u00eatre utilis\u00e9es. Tout cela s&#39;applique \u00e9galement aux piscines situ\u00e9es dans les r\u00e9sidences.<\/p>\n<h2> Centres commerciaux ouverts<\/h2>\n<p> La phase 2 permet l&#39;ouverture d&#39;absolument tous les d\u00e9bouch\u00e9s commerciaux, y compris les centres commerciaux et de divertissement. Occupation &#8211; pas plus de 40%. Les espaces publics, y compris les aires de jeux, sont actuellement ferm\u00e9s.<\/p>\n<h2> Les h\u00f4tels rouvrent les espaces communs<\/h2>\n<p> Bien que seulement un tiers de l&#39;occupation totale. L&#39;exception concerne les restaurants d&#39;h\u00f4tels, qui peuvent \u00eatre pleins \u00e0 40 %.<\/p>\n<h2> Tourisme et loisirs de plein air<\/h2>\n<p> Les excursions et randonn\u00e9es sont autoris\u00e9es en groupe jusqu&#39;\u00e0 20 personnes \u00e0 l&#39;int\u00e9rieur de la province, et il n&#39;est plus n\u00e9cessaire d&#39;\u00eatre inscrit \u00e0 la f\u00e9d\u00e9ration ou d&#39;engager un guide. \u00c0 partir de la phase 2, vous pouvez le faire vous-m\u00eame, mais en respectant la distance et les autres mesures de s\u00e9curit\u00e9, ainsi qu&#39;\u00e0 tout moment de la journ\u00e9e, \u00e0 l&#39;exception des plages horaires de 10h00 \u00e0 12h00 et de 19h00 \u00e0 20h00, destin\u00e9es aux personnes \u00e2g\u00e9es. .<\/p>\n<h2> Cin\u00e9ma et th\u00e9\u00e2tres<\/h2>\n<p> Ouvre un troisi\u00e8me plein. Place assise seulement. Pas plus de 50 personnes peuvent \u00eatre dans des espaces clos.<\/p>\n<h2> Mariages avec invit\u00e9s<\/h2>\n<p> Il est permis d&#39;inviter des invit\u00e9s au mariage, mais ils ne peuvent pas venir d&#39;une autre province. Le nombre maximum d&#39;invit\u00e9s dans les espaces ferm\u00e9s est de 50, les espaces ouverts sont de 100.<\/p>\n<h2> Institutions religieuses<\/h2>\n<p> Les \u00e9glises, les synagogues et les mosqu\u00e9es peuvent \u00eatre ouvertes \u00e0 50 % d&#39;occupation.<\/p>\n<h2> Centres de remise en forme<\/h2>\n<p> En phase 2, les centres sportifs et les piscines situ\u00e9s dans des espaces clos sont ouverts avec une occupation ne d\u00e9passant pas 30 %. Vous pouvez les visiter sur rendez-vous. Vous ne pouvez vous entra\u00eener qu&#39;individuellement ou \u00e0 deux, mais uniquement s&#39;il s&#39;agit d&#39;un sport sans contact.<\/p>\n<h2> Congr\u00e8s et conf\u00e9rences<\/h2>\n<p> Il est permis de tenir des r\u00e9unions, des r\u00e9unions et des conf\u00e9rences avec un maximum de 50 personnes.<\/p>\n<h2> R\u00e9ouverture de l&#39;\u00e9cole<\/h2>\n<p> A partir de la phase 2, les cours dans les \u00e9coles reprennent sur la base du volontariat et avec des restrictions strictes (par exemple, pas plus de 10 personnes dans une classe).<\/p>\n<h2> Acad\u00e9mies et auto-\u00e9coles<\/h2>\n<p> Ouvre un troisi\u00e8me plein.<\/p>","protected":false},"excerpt":{"rendered":"<p>\u00c0 partir du lundi 1er juin, toute la Communaut\u00e9\u2026<\/p>\n","protected":false},"author":18,"featured_media":180420,"comment_status":"closed","ping_status":"closed","sticky":false,"template":"","format":"standard","meta":{"footnotes":""},"categories":[1,15],"tags":[],"class_list":["post-180419","post","type-post","status-publish","format-standard","has-post-thumbnail","hentry","category-articles","category-news"],"yoast_head":"<!-- This site is optimized with the Yoast SEO plugin v27.5 - https:\/\/yoast.com\/product\/yoast-seo-wordpress\/ -->\n<title>\u0412\u0430\u043b\u0435\u043d\u0441\u0438\u0439\u0441\u043a\u043e\u0435 \u0441\u043e\u043e\u0431\u0449\u0435\u0441\u0442\u0432\u043e \u043f\u0435\u0440\u0435\u0445\u043e\u0434\u0438\u0442 \u0432 \u0444\u0430\u0437\u0443 2: \u0447\u0442\u043e \u043c\u043e\u0436\u043d\u043e \u0434\u0435\u043b\u0430\u0442\u044c, \u0430 \u0447\u0442\u043e \u043d\u0435\u0442?<\/title>\n<meta name=\"description\" content=\"\u0412\u0441\u0435 \u0442\u0440\u0438 \u043f\u0440\u043e\u0432\u0438\u043d\u0446\u0438\u0438 \u0412\u0430\u043b\u0435\u043d\u0441\u0438\u0439\u0441\u043a\u043e\u0433\u043e \u0441\u043e\u043e\u0431\u0449\u0435\u0441\u0442\u0432\u0430 \u043f\u0435\u0440\u0435\u0445\u043e\u0434\u044f\u0442 \u0441 1 \u0438\u044e\u043d\u044f \u0432 \u0444\u0430\u0437\u0443 2, \u043d\u0430 \u043a\u043e\u0442\u043e\u0440\u043e\u0439 \u043c\u043e\u0436\u043d\u043e \u043a\u0443\u043f\u0430\u0442\u044c\u0441\u044f \u0432 \u043c\u043e\u0440\u0435, \u0445\u043e\u0434\u0438\u0442\u044c \u0432 \u0433\u043e\u0440\u044b, \u0441\u0438\u0434\u0435\u0442\u044c \u0432\u043d\u0443\u0442\u0440\u0438 \u0431\u0430\u0440\u043e\u0432 \u0438 \u0433\u0443\u043b\u044f\u0442\u044c \u0431\u0435\u0437 \u0440\u0430\u0441\u043f\u0438\u0441\u0430\u043d\u0438\u044f.\" \/>\n<meta name=\"robots\" content=\"index, follow, max-snippet:-1, max-image-preview:large, max-video-preview:-1\" \/>\n<link rel=\"canonical\" href=\"https:\/\/alegria-realestate.com\/fr\/wp-json\/wp\/v2\/posts\/180419\" \/>\n<meta property=\"og:locale\" content=\"fr_FR\" \/>\n<meta property=\"og:type\" content=\"article\" \/>\n<meta property=\"og:title\" content=\"\u0412\u0430\u043b\u0435\u043d\u0441\u0438\u0439\u0441\u043a\u043e\u0435 \u0441\u043e\u043e\u0431\u0449\u0435\u0441\u0442\u0432\u043e \u043f\u0435\u0440\u0435\u0445\u043e\u0434\u0438\u0442 \u0432 \u0444\u0430\u0437\u0443 2: \u0447\u0442\u043e \u043c\u043e\u0436\u043d\u043e \u0434\u0435\u043b\u0430\u0442\u044c, \u0430 \u0447\u0442\u043e \u043d\u0435\u0442?\" \/>\n<meta property=\"og:description\" content=\"\u0412\u0441\u0435 \u0442\u0440\u0438 \u043f\u0440\u043e\u0432\u0438\u043d\u0446\u0438\u0438 \u0412\u0430\u043b\u0435\u043d\u0441\u0438\u0439\u0441\u043a\u043e\u0433\u043e \u0441\u043e\u043e\u0431\u0449\u0435\u0441\u0442\u0432\u0430 \u043f\u0435\u0440\u0435\u0445\u043e\u0434\u044f\u0442 \u0441 1 \u0438\u044e\u043d\u044f \u0432 \u0444\u0430\u0437\u0443 2, \u043d\u0430 \u043a\u043e\u0442\u043e\u0440\u043e\u0439 \u043c\u043e\u0436\u043d\u043e \u043a\u0443\u043f\u0430\u0442\u044c\u0441\u044f \u0432 \u043c\u043e\u0440\u0435, \u0445\u043e\u0434\u0438\u0442\u044c \u0432 \u0433\u043e\u0440\u044b, \u0441\u0438\u0434\u0435\u0442\u044c \u0432\u043d\u0443\u0442\u0440\u0438 \u0431\u0430\u0440\u043e\u0432 \u0438 \u0433\u0443\u043b\u044f\u0442\u044c \u0431\u0435\u0437 \u0440\u0430\u0441\u043f\u0438\u0441\u0430\u043d\u0438\u044f.\" \/>\n<meta property=\"og:url\" content=\"https:\/\/alegria-realestate.com\/fr\/wp-json\/wp\/v2\/posts\/180419\" \/>\n<meta property=\"og:site_name\" content=\"Immobilier en Espagne\" \/>\n<meta property=\"article:publisher\" content=\"https:\/\/www.facebook.com\/realestate.alegria\" \/>\n<meta property=\"article:published_time\" content=\"2020-05-29T09:15:22+00:00\" \/>\n<meta property=\"article:modified_time\" content=\"2025-08-14T17:07:20+00:00\" \/>\n<meta property=\"og:image\" content=\"https:\/\/alegria-realestate.com\/wp-content\/uploads\/2020\/05\/Dizain-bez-nazvanija-4.png\" \/>\n\t<meta property=\"og:image:width\" content=\"1000\" \/>\n\t<meta property=\"og:image:height\" content=\"460\" \/>\n\t<meta property=\"og:image:type\" content=\"image\/png\" \/>\n<meta name=\"author\" content=\"\u0421\u0435\u0440\u0433\u0435\u0439 \u0411\u0435\u043a\u0438\u0448\u0435\u0432\" \/>\n<meta name=\"twitter:card\" content=\"summary_large_image\" \/>\n<meta name=\"twitter:creator\" content=\"@alegriarealesta\" \/>\n<meta name=\"twitter:site\" content=\"@alegriarealesta\" \/>\n<script type=\"application\/ld+json\" class=\"yoast-schema-graph\">{\"@context\":\"https:\\\/\\\/schema.org\",\"@graph\":[{\"@type\":\"Article\",\"@id\":\"https:\\\/\\\/alegria-realestate.com\\\/fr\\\/articles\\\/news\\\/the-valencian-community-moves-into-phase-2-from-monday-june-1#article\",\"isPartOf\":{\"@id\":\"https:\\\/\\\/alegria-realestate.com\\\/fr\\\/articles\\\/news\\\/the-valencian-community-moves-into-phase-2-from-monday-june-1\"},\"author\":{\"name\":\"\u0421\u0435\u0440\u0433\u0435\u0439 \u0411\u0435\u043a\u0438\u0448\u0435\u0432\",\"@id\":\"https:\\\/\\\/alegria-realestate.com\\\/#\\\/schema\\\/person\\\/9d285f0a34620d7fb8e3836f93b5522c\"},\"headline\":\"La Communaut\u00e9 valencienne entre dans la phase 2 \u00e0 partir du lundi 1er juin\",\"datePublished\":\"2020-05-29T09:15:22+00:00\",\"dateModified\":\"2025-08-14T17:07:20+00:00\",\"mainEntityOfPage\":{\"@id\":\"https:\\\/\\\/alegria-realestate.com\\\/fr\\\/articles\\\/news\\\/the-valencian-community-moves-into-phase-2-from-monday-june-1\"},\"wordCount\":4792,\"publisher\":{\"@id\":\"https:\\\/\\\/alegria-realestate.com\\\/#organization\"},\"image\":{\"@id\":\"https:\\\/\\\/alegria-realestate.com\\\/fr\\\/articles\\\/news\\\/the-valencian-community-moves-into-phase-2-from-monday-june-1#primaryimage\"},\"thumbnailUrl\":\"https:\\\/\\\/alegria-realestate.com\\\/wp-content\\\/uploads\\\/2020\\\/05\\\/Dizain-bez-nazvanija-4.png\",\"articleSection\":[\"Blog\",\"Actualit\u00e9s\"],\"inLanguage\":\"fr-FR\"},{\"@type\":\"WebPage\",\"@id\":\"https:\\\/\\\/alegria-realestate.com\\\/fr\\\/articles\\\/news\\\/the-valencian-community-moves-into-phase-2-from-monday-june-1\",\"url\":\"https:\\\/\\\/alegria-realestate.com\\\/fr\\\/articles\\\/news\\\/the-valencian-community-moves-into-phase-2-from-monday-june-1\",\"name\":\"\u0412\u0430\u043b\u0435\u043d\u0441\u0438\u0439\u0441\u043a\u043e\u0435 \u0441\u043e\u043e\u0431\u0449\u0435\u0441\u0442\u0432\u043e \u043f\u0435\u0440\u0435\u0445\u043e\u0434\u0438\u0442 \u0432 \u0444\u0430\u0437\u0443 2: \u0447\u0442\u043e \u043c\u043e\u0436\u043d\u043e \u0434\u0435\u043b\u0430\u0442\u044c, \u0430 \u0447\u0442\u043e \u043d\u0435\u0442?\",\"isPartOf\":{\"@id\":\"https:\\\/\\\/alegria-realestate.com\\\/fr\\\/#website\"},\"primaryImageOfPage\":{\"@id\":\"https:\\\/\\\/alegria-realestate.com\\\/fr\\\/articles\\\/news\\\/the-valencian-community-moves-into-phase-2-from-monday-june-1#primaryimage\"},\"image\":{\"@id\":\"https:\\\/\\\/alegria-realestate.com\\\/fr\\\/articles\\\/news\\\/the-valencian-community-moves-into-phase-2-from-monday-june-1#primaryimage\"},\"thumbnailUrl\":\"https:\\\/\\\/alegria-realestate.com\\\/wp-content\\\/uploads\\\/2020\\\/05\\\/Dizain-bez-nazvanija-4.png\",\"datePublished\":\"2020-05-29T09:15:22+00:00\",\"dateModified\":\"2025-08-14T17:07:20+00:00\",\"description\":\"\u0412\u0441\u0435 \u0442\u0440\u0438 \u043f\u0440\u043e\u0432\u0438\u043d\u0446\u0438\u0438 \u0412\u0430\u043b\u0435\u043d\u0441\u0438\u0439\u0441\u043a\u043e\u0433\u043e \u0441\u043e\u043e\u0431\u0449\u0435\u0441\u0442\u0432\u0430 \u043f\u0435\u0440\u0435\u0445\u043e\u0434\u044f\u0442 \u0441 1 \u0438\u044e\u043d\u044f \u0432 \u0444\u0430\u0437\u0443 2, \u043d\u0430 \u043a\u043e\u0442\u043e\u0440\u043e\u0439 \u043c\u043e\u0436\u043d\u043e \u043a\u0443\u043f\u0430\u0442\u044c\u0441\u044f \u0432 \u043c\u043e\u0440\u0435, \u0445\u043e\u0434\u0438\u0442\u044c \u0432 \u0433\u043e\u0440\u044b, \u0441\u0438\u0434\u0435\u0442\u044c \u0432\u043d\u0443\u0442\u0440\u0438 \u0431\u0430\u0440\u043e\u0432 \u0438 \u0433\u0443\u043b\u044f\u0442\u044c \u0431\u0435\u0437 \u0440\u0430\u0441\u043f\u0438\u0441\u0430\u043d\u0438\u044f.\",\"breadcrumb\":{\"@id\":\"https:\\\/\\\/alegria-realestate.com\\\/fr\\\/articles\\\/news\\\/the-valencian-community-moves-into-phase-2-from-monday-june-1#breadcrumb\"},\"inLanguage\":\"fr-FR\",\"potentialAction\":[{\"@type\":\"ReadAction\",\"target\":[[\"https:\\\/\\\/alegria-realestate.com\\\/fr\\\/articles\\\/news\\\/the-valencian-community-moves-into-phase-2-from-monday-june-1\"]]}]},{\"@type\":\"ImageObject\",\"inLanguage\":\"fr-FR\",\"@id\":\"https:\\\/\\\/alegria-realestate.com\\\/fr\\\/articles\\\/news\\\/the-valencian-community-moves-into-phase-2-from-monday-june-1#primaryimage\",\"url\":\"https:\\\/\\\/alegria-realestate.com\\\/wp-content\\\/uploads\\\/2020\\\/05\\\/Dizain-bez-nazvanija-4.png\",\"contentUrl\":\"https:\\\/\\\/alegria-realestate.com\\\/wp-content\\\/uploads\\\/2020\\\/05\\\/Dizain-bez-nazvanija-4.png\",\"width\":1000,\"height\":460,\"caption\":\"\u0412\u0430\u043b\u0435\u043d\u0441\u0438\u0439\u0441\u043a\u043e\u0435 \u0441\u043e\u043e\u0431\u0449\u0435\u0441\u0442\u0432\u043e \u043f\u0435\u0440\u0435\u0445\u043e\u0434\u0438\u0442 \u0432 \u0444\u0430\u0437\u0443 2 \u0441 \u043f\u043e\u043d\u0435\u0434\u0435\u043b\u044c\u043d\u0438\u043a\u0430, 1 \u0438\u044e\u043d\u044f\"},{\"@type\":\"BreadcrumbList\",\"@id\":\"https:\\\/\\\/alegria-realestate.com\\\/fr\\\/articles\\\/news\\\/the-valencian-community-moves-into-phase-2-from-monday-june-1#breadcrumb\",\"itemListElement\":[{\"@type\":\"ListItem\",\"position\":1,\"name\":\"\u0413\u043b\u0430\u0432\u043d\u0430\u044f \u0441\u0442\u0440\u0430\u043d\u0438\u0446\u0430\",\"item\":\"https:\\\/\\\/alegria-realestate.com\\\/fr\\\/\"},{\"@type\":\"ListItem\",\"position\":2,\"name\":\"La Communaut\u00e9 valencienne entre dans la phase 2 \u00e0 partir du lundi 1er juin\"}]},{\"@type\":\"WebSite\",\"@id\":\"https:\\\/\\\/alegria-realestate.com\\\/fr\\\/#website\",\"url\":\"https:\\\/\\\/alegria-realestate.com\\\/fr\\\/\",\"name\":\"Immobilier en Espagne\",\"description\":\"Immobilier en Espagne : ventes dans toutes les villes - Torrevieja, Alicante, Benidorm, etc. Nous vous aiderons \u00e0 acheter un bien immobilier sur la Costa Blanca - logements secondaires, b\u00e2timents neufs. Conception cl\u00e9 en main. Propri\u00e9t\u00e9 sur la Costa Blanca \u00e0 partir de 80 000 \u20ac.\",\"publisher\":{\"@id\":\"https:\\\/\\\/alegria-realestate.com\\\/fr\\\/#organization\"},\"potentialAction\":[{\"@type\":\"SearchAction\",\"target\":{\"@type\":\"EntryPoint\",\"urlTemplate\":\"https:\\\/\\\/alegria-realestate.com\\\/fr\\\/?s={search_term_string}\"},\"query-input\":{\"@type\":\"PropertyValueSpecification\",\"valueRequired\":true,\"valueName\":\"search_term_string\"}}],\"inLanguage\":\"fr-FR\"},{\"@type\":\"Organization\",\"@id\":\"https:\\\/\\\/alegria-realestate.com\\\/fr\\\/#organization\",\"name\":\"Alegria Realestate\",\"url\":\"https:\\\/\\\/alegria-realestate.com\\\/fr\\\/\",\"logo\":{\"@type\":\"ImageObject\",\"inLanguage\":\"fr-FR\",\"@id\":\"https:\\\/\\\/alegria-realestate.com\\\/fr\\\/#\\\/schema\\\/logo\\\/image\\\/\",\"url\":\"https:\\\/\\\/alegria-realestate.com\\\/wp-content\\\/uploads\\\/2019\\\/08\\\/logo_alegria.png\",\"contentUrl\":\"https:\\\/\\\/alegria-realestate.com\\\/wp-content\\\/uploads\\\/2019\\\/08\\\/logo_alegria.png\",\"width\":1600,\"height\":1403,\"caption\":\"Alegria Realestate\"},\"image\":{\"@id\":\"https:\\\/\\\/alegria-realestate.com\\\/fr\\\/#\\\/schema\\\/logo\\\/image\\\/\"},\"sameAs\":[\"https:\\\/\\\/www.facebook.com\\\/realestate.alegria\",\"https:\\\/\\\/x.com\\\/alegriarealesta\",\"https:\\\/\\\/www.instagram.com\\\/alegriadom\\\/\",\"https:\\\/\\\/www.linkedin.com\\\/profile\\\/view?id=154965227\",\"https:\\\/\\\/www.youtube.com\\\/user\\\/AlegriaRealEstate\"]},{\"@type\":\"Person\",\"@id\":\"https:\\\/\\\/alegria-realestate.com\\\/#\\\/schema\\\/person\\\/9d285f0a34620d7fb8e3836f93b5522c\",\"name\":\"\u0421\u0435\u0440\u0433\u0435\u0439 \u0411\u0435\u043a\u0438\u0448\u0435\u0432\"}]}<\/script>\n<!-- \/ Yoast SEO plugin. -->","yoast_head_json":{"title":"\u0412\u0430\u043b\u0435\u043d\u0441\u0438\u0439\u0441\u043a\u043e\u0435 \u0441\u043e\u043e\u0431\u0449\u0435\u0441\u0442\u0432\u043e \u043f\u0435\u0440\u0435\u0445\u043e\u0434\u0438\u0442 \u0432 \u0444\u0430\u0437\u0443 2: \u0447\u0442\u043e \u043c\u043e\u0436\u043d\u043e \u0434\u0435\u043b\u0430\u0442\u044c, \u0430 \u0447\u0442\u043e \u043d\u0435\u0442?","description":"\u0412\u0441\u0435 \u0442\u0440\u0438 \u043f\u0440\u043e\u0432\u0438\u043d\u0446\u0438\u0438 \u0412\u0430\u043b\u0435\u043d\u0441\u0438\u0439\u0441\u043a\u043e\u0433\u043e \u0441\u043e\u043e\u0431\u0449\u0435\u0441\u0442\u0432\u0430 \u043f\u0435\u0440\u0435\u0445\u043e\u0434\u044f\u0442 \u0441 1 \u0438\u044e\u043d\u044f \u0432 \u0444\u0430\u0437\u0443 2, \u043d\u0430 \u043a\u043e\u0442\u043e\u0440\u043e\u0439 \u043c\u043e\u0436\u043d\u043e \u043a\u0443\u043f\u0430\u0442\u044c\u0441\u044f \u0432 \u043c\u043e\u0440\u0435, \u0445\u043e\u0434\u0438\u0442\u044c \u0432 \u0433\u043e\u0440\u044b, \u0441\u0438\u0434\u0435\u0442\u044c \u0432\u043d\u0443\u0442\u0440\u0438 \u0431\u0430\u0440\u043e\u0432 \u0438 \u0433\u0443\u043b\u044f\u0442\u044c \u0431\u0435\u0437 \u0440\u0430\u0441\u043f\u0438\u0441\u0430\u043d\u0438\u044f.","robots":{"index":"index","follow":"follow","max-snippet":"max-snippet:-1","max-image-preview":"max-image-preview:large","max-video-preview":"max-video-preview:-1"},"canonical":"https:\/\/alegria-realestate.com\/fr\/wp-json\/wp\/v2\/posts\/180419","og_locale":"fr_FR","og_type":"article","og_title":"\u0412\u0430\u043b\u0435\u043d\u0441\u0438\u0439\u0441\u043a\u043e\u0435 \u0441\u043e\u043e\u0431\u0449\u0435\u0441\u0442\u0432\u043e \u043f\u0435\u0440\u0435\u0445\u043e\u0434\u0438\u0442 \u0432 \u0444\u0430\u0437\u0443 2: \u0447\u0442\u043e \u043c\u043e\u0436\u043d\u043e \u0434\u0435\u043b\u0430\u0442\u044c, \u0430 \u0447\u0442\u043e \u043d\u0435\u0442?","og_description":"\u0412\u0441\u0435 \u0442\u0440\u0438 \u043f\u0440\u043e\u0432\u0438\u043d\u0446\u0438\u0438 \u0412\u0430\u043b\u0435\u043d\u0441\u0438\u0439\u0441\u043a\u043e\u0433\u043e \u0441\u043e\u043e\u0431\u0449\u0435\u0441\u0442\u0432\u0430 \u043f\u0435\u0440\u0435\u0445\u043e\u0434\u044f\u0442 \u0441 1 \u0438\u044e\u043d\u044f \u0432 \u0444\u0430\u0437\u0443 2, \u043d\u0430 \u043a\u043e\u0442\u043e\u0440\u043e\u0439 \u043c\u043e\u0436\u043d\u043e \u043a\u0443\u043f\u0430\u0442\u044c\u0441\u044f \u0432 \u043c\u043e\u0440\u0435, \u0445\u043e\u0434\u0438\u0442\u044c \u0432 \u0433\u043e\u0440\u044b, \u0441\u0438\u0434\u0435\u0442\u044c \u0432\u043d\u0443\u0442\u0440\u0438 \u0431\u0430\u0440\u043e\u0432 \u0438 \u0433\u0443\u043b\u044f\u0442\u044c \u0431\u0435\u0437 \u0440\u0430\u0441\u043f\u0438\u0441\u0430\u043d\u0438\u044f.","og_url":"https:\/\/alegria-realestate.com\/fr\/wp-json\/wp\/v2\/posts\/180419","og_site_name":"Immobilier en Espagne","article_publisher":"https:\/\/www.facebook.com\/realestate.alegria","article_published_time":"2020-05-29T09:15:22+00:00","article_modified_time":"2025-08-14T17:07:20+00:00","og_image":[{"width":1000,"height":460,"url":"https:\/\/alegria-realestate.com\/wp-content\/uploads\/2020\/05\/Dizain-bez-nazvanija-4.png","type":"image\/png"}],"author":"\u0421\u0435\u0440\u0433\u0435\u0439 \u0411\u0435\u043a\u0438\u0448\u0435\u0432","twitter_card":"summary_large_image","twitter_creator":"@alegriarealesta","twitter_site":"@alegriarealesta","schema":{"@context":"https:\/\/schema.org","@graph":[{"@type":"Article","@id":"https:\/\/alegria-realestate.com\/fr\/articles\/news\/the-valencian-community-moves-into-phase-2-from-monday-june-1#article","isPartOf":{"@id":"https:\/\/alegria-realestate.com\/fr\/articles\/news\/the-valencian-community-moves-into-phase-2-from-monday-june-1"},"author":{"name":"\u0421\u0435\u0440\u0433\u0435\u0439 \u0411\u0435\u043a\u0438\u0448\u0435\u0432","@id":"https:\/\/alegria-realestate.com\/#\/schema\/person\/9d285f0a34620d7fb8e3836f93b5522c"},"headline":"La Communaut\u00e9 valencienne entre dans la phase 2 \u00e0 partir du lundi 1er juin","datePublished":"2020-05-29T09:15:22+00:00","dateModified":"2025-08-14T17:07:20+00:00","mainEntityOfPage":{"@id":"https:\/\/alegria-realestate.com\/fr\/articles\/news\/the-valencian-community-moves-into-phase-2-from-monday-june-1"},"wordCount":4792,"publisher":{"@id":"https:\/\/alegria-realestate.com\/#organization"},"image":{"@id":"https:\/\/alegria-realestate.com\/fr\/articles\/news\/the-valencian-community-moves-into-phase-2-from-monday-june-1#primaryimage"},"thumbnailUrl":"https:\/\/alegria-realestate.com\/wp-content\/uploads\/2020\/05\/Dizain-bez-nazvanija-4.png","articleSection":["Blog","Actualit\u00e9s"],"inLanguage":"fr-FR"},{"@type":"WebPage","@id":"https:\/\/alegria-realestate.com\/fr\/articles\/news\/the-valencian-community-moves-into-phase-2-from-monday-june-1","url":"https:\/\/alegria-realestate.com\/fr\/articles\/news\/the-valencian-community-moves-into-phase-2-from-monday-june-1","name":"\u0412\u0430\u043b\u0435\u043d\u0441\u0438\u0439\u0441\u043a\u043e\u0435 \u0441\u043e\u043e\u0431\u0449\u0435\u0441\u0442\u0432\u043e \u043f\u0435\u0440\u0435\u0445\u043e\u0434\u0438\u0442 \u0432 \u0444\u0430\u0437\u0443 2: \u0447\u0442\u043e \u043c\u043e\u0436\u043d\u043e \u0434\u0435\u043b\u0430\u0442\u044c, \u0430 \u0447\u0442\u043e \u043d\u0435\u0442?","isPartOf":{"@id":"https:\/\/alegria-realestate.com\/fr\/#website"},"primaryImageOfPage":{"@id":"https:\/\/alegria-realestate.com\/fr\/articles\/news\/the-valencian-community-moves-into-phase-2-from-monday-june-1#primaryimage"},"image":{"@id":"https:\/\/alegria-realestate.com\/fr\/articles\/news\/the-valencian-community-moves-into-phase-2-from-monday-june-1#primaryimage"},"thumbnailUrl":"https:\/\/alegria-realestate.com\/wp-content\/uploads\/2020\/05\/Dizain-bez-nazvanija-4.png","datePublished":"2020-05-29T09:15:22+00:00","dateModified":"2025-08-14T17:07:20+00:00","description":"\u0412\u0441\u0435 \u0442\u0440\u0438 \u043f\u0440\u043e\u0432\u0438\u043d\u0446\u0438\u0438 \u0412\u0430\u043b\u0435\u043d\u0441\u0438\u0439\u0441\u043a\u043e\u0433\u043e \u0441\u043e\u043e\u0431\u0449\u0435\u0441\u0442\u0432\u0430 \u043f\u0435\u0440\u0435\u0445\u043e\u0434\u044f\u0442 \u0441 1 \u0438\u044e\u043d\u044f \u0432 \u0444\u0430\u0437\u0443 2, \u043d\u0430 \u043a\u043e\u0442\u043e\u0440\u043e\u0439 \u043c\u043e\u0436\u043d\u043e \u043a\u0443\u043f\u0430\u0442\u044c\u0441\u044f \u0432 \u043c\u043e\u0440\u0435, \u0445\u043e\u0434\u0438\u0442\u044c \u0432 \u0433\u043e\u0440\u044b, \u0441\u0438\u0434\u0435\u0442\u044c \u0432\u043d\u0443\u0442\u0440\u0438 \u0431\u0430\u0440\u043e\u0432 \u0438 \u0433\u0443\u043b\u044f\u0442\u044c \u0431\u0435\u0437 \u0440\u0430\u0441\u043f\u0438\u0441\u0430\u043d\u0438\u044f.","breadcrumb":{"@id":"https:\/\/alegria-realestate.com\/fr\/articles\/news\/the-valencian-community-moves-into-phase-2-from-monday-june-1#breadcrumb"},"inLanguage":"fr-FR","potentialAction":[{"@type":"ReadAction","target":[["https:\/\/alegria-realestate.com\/fr\/articles\/news\/the-valencian-community-moves-into-phase-2-from-monday-june-1"]]}]},{"@type":"ImageObject","inLanguage":"fr-FR","@id":"https:\/\/alegria-realestate.com\/fr\/articles\/news\/the-valencian-community-moves-into-phase-2-from-monday-june-1#primaryimage","url":"https:\/\/alegria-realestate.com\/wp-content\/uploads\/2020\/05\/Dizain-bez-nazvanija-4.png","contentUrl":"https:\/\/alegria-realestate.com\/wp-content\/uploads\/2020\/05\/Dizain-bez-nazvanija-4.png","width":1000,"height":460,"caption":"\u0412\u0430\u043b\u0435\u043d\u0441\u0438\u0439\u0441\u043a\u043e\u0435 \u0441\u043e\u043e\u0431\u0449\u0435\u0441\u0442\u0432\u043e \u043f\u0435\u0440\u0435\u0445\u043e\u0434\u0438\u0442 \u0432 \u0444\u0430\u0437\u0443 2 \u0441 \u043f\u043e\u043d\u0435\u0434\u0435\u043b\u044c\u043d\u0438\u043a\u0430, 1 \u0438\u044e\u043d\u044f"},{"@type":"BreadcrumbList","@id":"https:\/\/alegria-realestate.com\/fr\/articles\/news\/the-valencian-community-moves-into-phase-2-from-monday-june-1#breadcrumb","itemListElement":[{"@type":"ListItem","position":1,"name":"\u0413\u043b\u0430\u0432\u043d\u0430\u044f \u0441\u0442\u0440\u0430\u043d\u0438\u0446\u0430","item":"https:\/\/alegria-realestate.com\/fr\/"},{"@type":"ListItem","position":2,"name":"La Communaut\u00e9 valencienne entre dans la phase 2 \u00e0 partir du lundi 1er juin"}]},{"@type":"WebSite","@id":"https:\/\/alegria-realestate.com\/fr\/#website","url":"https:\/\/alegria-realestate.com\/fr\/","name":"Immobilier en Espagne","description":"Immobilier en Espagne : ventes dans toutes les villes - Torrevieja, Alicante, Benidorm, etc. Nous vous aiderons \u00e0 acheter un bien immobilier sur la Costa Blanca - logements secondaires, b\u00e2timents neufs. Conception cl\u00e9 en main. Propri\u00e9t\u00e9 sur la Costa Blanca \u00e0 partir de 80 000 \u20ac.","publisher":{"@id":"https:\/\/alegria-realestate.com\/fr\/#organization"},"potentialAction":[{"@type":"SearchAction","target":{"@type":"EntryPoint","urlTemplate":"https:\/\/alegria-realestate.com\/fr\/?s={search_term_string}"},"query-input":{"@type":"PropertyValueSpecification","valueRequired":true,"valueName":"search_term_string"}}],"inLanguage":"fr-FR"},{"@type":"Organization","@id":"https:\/\/alegria-realestate.com\/fr\/#organization","name":"Alegria Realestate","url":"https:\/\/alegria-realestate.com\/fr\/","logo":{"@type":"ImageObject","inLanguage":"fr-FR","@id":"https:\/\/alegria-realestate.com\/fr\/#\/schema\/logo\/image\/","url":"https:\/\/alegria-realestate.com\/wp-content\/uploads\/2019\/08\/logo_alegria.png","contentUrl":"https:\/\/alegria-realestate.com\/wp-content\/uploads\/2019\/08\/logo_alegria.png","width":1600,"height":1403,"caption":"Alegria Realestate"},"image":{"@id":"https:\/\/alegria-realestate.com\/fr\/#\/schema\/logo\/image\/"},"sameAs":["https:\/\/www.facebook.com\/realestate.alegria","https:\/\/x.com\/alegriarealesta","https:\/\/www.instagram.com\/alegriadom\/","https:\/\/www.linkedin.com\/profile\/view?id=154965227","https:\/\/www.youtube.com\/user\/AlegriaRealEstate"]},{"@type":"Person","@id":"https:\/\/alegria-realestate.com\/#\/schema\/person\/9d285f0a34620d7fb8e3836f93b5522c","name":"\u0421\u0435\u0440\u0433\u0435\u0439 \u0411\u0435\u043a\u0438\u0448\u0435\u0432"}]}},"_links":{"self":[{"href":"https:\/\/alegria-realestate.com\/fr\/wp-json\/wp\/v2\/posts\/180419","targetHints":{"allow":["GET"]}}],"collection":[{"href":"https:\/\/alegria-realestate.com\/fr\/wp-json\/wp\/v2\/posts"}],"about":[{"href":"https:\/\/alegria-realestate.com\/fr\/wp-json\/wp\/v2\/types\/post"}],"author":[{"embeddable":true,"href":"https:\/\/alegria-realestate.com\/fr\/wp-json\/wp\/v2\/users\/18"}],"replies":[{"embeddable":true,"href":"https:\/\/alegria-realestate.com\/fr\/wp-json\/wp\/v2\/comments?post=180419"}],"version-history":[{"count":1,"href":"https:\/\/alegria-realestate.com\/fr\/wp-json\/wp\/v2\/posts\/180419\/revisions"}],"predecessor-version":[{"id":837278,"href":"https:\/\/alegria-realestate.com\/fr\/wp-json\/wp\/v2\/posts\/180419\/revisions\/837278"}],"wp:featuredmedia":[{"embeddable":true,"href":"https:\/\/alegria-realestate.com\/fr\/wp-json\/wp\/v2\/media\/180420"}],"wp:attachment":[{"href":"https:\/\/alegria-realestate.com\/fr\/wp-json\/wp\/v2\/media?parent=180419"}],"wp:term":[{"taxonomy":"category","embeddable":true,"href":"https:\/\/alegria-realestate.com\/fr\/wp-json\/wp\/v2\/categories?post=180419"},{"taxonomy":"post_tag","embeddable":true,"href":"https:\/\/alegria-realestate.com\/fr\/wp-json\/wp\/v2\/tags?post=180419"}],"curies":[{"name":"wp","href":"https:\/\/api.w.org\/{rel}","templated":true}]}}