{"id":181097,"date":"2020-06-01T14:40:25","date_gmt":"2020-06-01T11:40:25","guid":{"rendered":"https:\/\/alegria-realestate.com\/?p=181097"},"modified":"2025-08-14T20:07:22","modified_gmt":"2025-08-14T17:07:22","slug":"what-cities-in-the-province-of-alicante-open-beaches-from-june-1","status":"publish","type":"post","link":"https:\/\/alegria-realestate.com\/fr\/articles\/news\/what-cities-in-the-province-of-alicante-open-beaches-from-june-1","title":{"rendered":"Quelles villes de la province d&#39;Alicante rouvrent leurs plages \u00e0 partir du 1er juin ?"},"content":{"rendered":"<p>A partir du lundi 1er juin, toute la Communaut\u00e9 valencienne <a href=\"https:\/\/alegria-realestate.com\/ru\/articles\/news\/the-valencian-community-moves-into-phase-2-from-monday-june-1\">entre dans la phase 2 de la<\/a> d\u00e9sescalade, impliquant, entre autres, la r\u00e9ouverture des plages \u00e0 la baignade. Cependant, toutes les villes n&#39;ouvrent pas leurs plages \u00e0 partir d&#39;aujourd&#39;hui : certaines d&#39;entre elles ont d\u00e9cid\u00e9 de reporter l&#39;ouverture de 1 \u00e0 2 semaines afin de mieux pr\u00e9parer l&#39;accueil des touristes. Alors, comment ouvriront les plages de la province d&#39;Alicante ? A ce jour, on conna\u00eet :<\/p>\n<ul>\n<li> <a href=\"https:\/\/alegria-realestate.com\/ru\/articles\/beaches-in-alicante\">Alicante<\/a> &#8211; \u00e0 partir du lundi 1er juin.<\/li>\n<li> Elche &#8211; \u00e0 partir du lundi 1er juin.<\/li>\n<li> El Campello &#8211; \u00e0 partir du lundi 1er juin.<\/li>\n<li> <a href=\"https:\/\/alegria-realestate.com\/ru\/articles\/costa-blanca\/guardamar-del-segura-sights-and-beaches\">Guardamar del Segura<\/a> &#8211; \u00e0 partir du lundi 1er juin.<\/li>\n<li> Villajoyosa (hors Bol Nou) &#8211; \u00e0 partir du lundi 1er juin.<\/li>\n<li> Altea &#8211; \u00e0 partir du lundi 1er juin.<\/li>\n<li> <a href=\"https:\/\/alegria-realestate.com\/ru\/articles\/calpe-spain\">Calpe<\/a> &#8211; \u00e0 partir du lundi 1er juin.<\/li>\n<li> Finestrat &#8211; probablement \u00e0 partir du lundi 8 juin.<\/li>\n<li> Torrevieja &#8211; dans la p\u00e9riode du 8 au 15 juin.<\/li>\n<li> L&#39;Albir &#8211; \u00e0 partir du mercredi 10 juin.<\/li>\n<li> Benidorm &#8211; provisoirement \u00e0 partir du lundi 15 juin.<\/li>\n<li> Santa Pola &#8211; \u00e0 partir de mi-juin.<\/li>\n<li> Orihuela &#8211; la date d&#39;ouverture des plages est encore inconnue.<\/li>\n<li> Pilar de la Horadada &#8211; la date d&#39;ouverture des plages n&#39;est pas encore connue.<\/li>\n<\/ul>\n<p> Certaines plages ont des r\u00e8gles de s\u00e9curit\u00e9 strictes, ainsi que des horaires de visite, comme \u00e0 Villajoyosa, o\u00f9 certaines heures sont r\u00e9serv\u00e9es aux sports sur la plage : de 7h00 \u00e0 10h00 et de 21h00 \u00e0 22h00. Le reste du temps (de 10h00 \u00e0 21h00), la plage peut \u00eatre utilis\u00e9e pour les loisirs et les loisirs. Par cons\u00e9quent, avant de vous rendre sur une plage particuli\u00e8re, il est pr\u00e9f\u00e9rable de savoir \u00e0 l&#39;avance quelles r\u00e8gles s&#39;y appliquent, \u00e0 quelles heures vous pouvez la visiter, \u00e0 quel point elle est occup\u00e9e. Prochainement, une application sp\u00e9ciale devrait faire son apparition pour informer les vacanciers de la situation sur les plages. D\u00e9couvrez les meilleures plages de la Costa Blanca <a href=\"https:\/\/alegria-realestate.com\/ru\/articles\/beaches-of-costa-blanca\">ici<\/a> .<\/p>","protected":false},"excerpt":{"rendered":"<p>A partir du lundi 1er juin, toute la Communaut\u00e9\u2026<\/p>\n","protected":false},"author":18,"featured_media":181098,"comment_status":"closed","ping_status":"closed","sticky":false,"template":"","format":"standard","meta":{"footnotes":""},"categories":[1,15],"tags":[],"class_list":["post-181097","post","type-post","status-publish","format-standard","has-post-thumbnail","hentry","category-articles","category-news"],"yoast_head":"<!-- This site is optimized with the Yoast SEO plugin v27.5 - https:\/\/yoast.com\/product\/yoast-seo-wordpress\/ -->\n<title>\u041a\u0430\u043a\u0438\u0435 \u0433\u043e\u0440\u043e\u0434\u0430 \u0432 \u043f\u0440\u043e\u0432\u0438\u043d\u0446\u0438\u0438 \u0410\u043b\u0438\u043a\u0430\u043d\u0442\u0435 \u043e\u0442\u043a\u0440\u044b\u043b\u0438 \u0441\u0432\u043e\u0438 \u043f\u043b\u044f\u0436\u0438 \u0441 1 \u0438\u044e\u043d\u044f, \u0430 \u043a\u0430\u043a\u0438\u0435 \u0440\u0435\u0448\u0438\u043b\u0438 \u043e\u0442\u043b\u043e\u0436\u0438\u0442\u044c \u043e\u0442\u043a\u0440\u044b\u0442\u0438\u0435<\/title>\n<meta name=\"description\" content=\"\u0421 1 \u0438\u044e\u043d\u044f \u0432\u0441\u0435 \u0412\u0430\u043b\u0435\u043d\u0441\u0438\u0439\u0441\u043a\u043e\u0435 \u0441\u043e\u043e\u0431\u0449\u0435\u0441\u0442\u0432\u043e \u043f\u0435\u0440\u0435\u0448\u043b\u043e \u0432 \u0444\u0430\u0437\u0443 2 \u0434\u0435\u044d\u0441\u043a\u0430\u043b\u0430\u0446\u0438\u0438, \u043f\u0440\u0435\u0434\u043f\u043e\u043b\u0430\u0433\u0430\u044e\u0449\u0443\u044e \u043e\u0442\u043a\u0440\u044b\u0442\u0438\u0435 \u043f\u043b\u044f\u0436\u0435\u0439 \u0434\u043b\u044f \u043a\u0443\u043f\u0430\u043d\u0438\u044f \u0438 \u0432\u0441\u0435\u0445 \u0432\u0438\u0434\u043e\u0432 \u0434\u043e\u0441\u0443\u0433\u0430. \u041e\u0434\u043d\u0430\u043a\u043e \u043d\u0435 \u0432\u0441\u0435 \u0433\u043e\u0440\u043e\u0434\u0430 \u0440\u0435\u0433\u0438\u043e\u043d\u0430 \u043e\u0442\u043a\u0440\u043e\u044e\u0442 \u0441\u0432\u043e\u0438 \u043f\u043b\u044f\u0436\u0438 \u0441 1 \u0438\u044e\u043d\u044f.\" \/>\n<meta name=\"robots\" content=\"index, follow, max-snippet:-1, max-image-preview:large, max-video-preview:-1\" \/>\n<link rel=\"canonical\" href=\"https:\/\/alegria-realestate.com\/fr\/wp-json\/wp\/v2\/posts\/181097\" \/>\n<meta property=\"og:locale\" content=\"fr_FR\" \/>\n<meta property=\"og:type\" content=\"article\" \/>\n<meta property=\"og:title\" content=\"\u041a\u0430\u043a\u0438\u0435 \u0433\u043e\u0440\u043e\u0434\u0430 \u0432 \u043f\u0440\u043e\u0432\u0438\u043d\u0446\u0438\u0438 \u0410\u043b\u0438\u043a\u0430\u043d\u0442\u0435 \u043e\u0442\u043a\u0440\u044b\u043b\u0438 \u0441\u0432\u043e\u0438 \u043f\u043b\u044f\u0436\u0438 \u0441 1 \u0438\u044e\u043d\u044f, \u0430 \u043a\u0430\u043a\u0438\u0435 \u0440\u0435\u0448\u0438\u043b\u0438 \u043e\u0442\u043b\u043e\u0436\u0438\u0442\u044c \u043e\u0442\u043a\u0440\u044b\u0442\u0438\u0435\" \/>\n<meta property=\"og:description\" content=\"\u0421 1 \u0438\u044e\u043d\u044f \u0432\u0441\u0435 \u0412\u0430\u043b\u0435\u043d\u0441\u0438\u0439\u0441\u043a\u043e\u0435 \u0441\u043e\u043e\u0431\u0449\u0435\u0441\u0442\u0432\u043e \u043f\u0435\u0440\u0435\u0448\u043b\u043e \u0432 \u0444\u0430\u0437\u0443 2 \u0434\u0435\u044d\u0441\u043a\u0430\u043b\u0430\u0446\u0438\u0438, \u043f\u0440\u0435\u0434\u043f\u043e\u043b\u0430\u0433\u0430\u044e\u0449\u0443\u044e \u043e\u0442\u043a\u0440\u044b\u0442\u0438\u0435 \u043f\u043b\u044f\u0436\u0435\u0439 \u0434\u043b\u044f \u043a\u0443\u043f\u0430\u043d\u0438\u044f \u0438 \u0432\u0441\u0435\u0445 \u0432\u0438\u0434\u043e\u0432 \u0434\u043e\u0441\u0443\u0433\u0430. \u041e\u0434\u043d\u0430\u043a\u043e \u043d\u0435 \u0432\u0441\u0435 \u0433\u043e\u0440\u043e\u0434\u0430 \u0440\u0435\u0433\u0438\u043e\u043d\u0430 \u043e\u0442\u043a\u0440\u043e\u044e\u0442 \u0441\u0432\u043e\u0438 \u043f\u043b\u044f\u0436\u0438 \u0441 1 \u0438\u044e\u043d\u044f.\" \/>\n<meta property=\"og:url\" content=\"https:\/\/alegria-realestate.com\/fr\/wp-json\/wp\/v2\/posts\/181097\" \/>\n<meta property=\"og:site_name\" content=\"Immobilier en Espagne\" \/>\n<meta property=\"article:publisher\" content=\"https:\/\/www.facebook.com\/realestate.alegria\" \/>\n<meta property=\"article:published_time\" content=\"2020-06-01T11:40:25+00:00\" \/>\n<meta property=\"article:modified_time\" content=\"2025-08-14T17:07:22+00:00\" \/>\n<meta property=\"og:image\" content=\"https:\/\/alegria-realestate.com\/wp-content\/uploads\/2020\/06\/Dizain-bez-nazvanija-2.png\" \/>\n\t<meta property=\"og:image:width\" content=\"750\" \/>\n\t<meta property=\"og:image:height\" content=\"500\" \/>\n\t<meta property=\"og:image:type\" content=\"image\/png\" \/>\n<meta name=\"author\" content=\"\u0421\u0435\u0440\u0433\u0435\u0439 \u0411\u0435\u043a\u0438\u0448\u0435\u0432\" \/>\n<meta name=\"twitter:card\" content=\"summary_large_image\" \/>\n<meta name=\"twitter:creator\" content=\"@alegriarealesta\" \/>\n<meta name=\"twitter:site\" content=\"@alegriarealesta\" \/>\n<script type=\"application\/ld+json\" class=\"yoast-schema-graph\">{\"@context\":\"https:\\\/\\\/schema.org\",\"@graph\":[{\"@type\":\"Article\",\"@id\":\"https:\\\/\\\/alegria-realestate.com\\\/fr\\\/articles\\\/news\\\/what-cities-in-the-province-of-alicante-open-beaches-from-june-1#article\",\"isPartOf\":{\"@id\":\"https:\\\/\\\/alegria-realestate.com\\\/fr\\\/articles\\\/news\\\/what-cities-in-the-province-of-alicante-open-beaches-from-june-1\"},\"author\":{\"name\":\"\u0421\u0435\u0440\u0433\u0435\u0439 \u0411\u0435\u043a\u0438\u0448\u0435\u0432\",\"@id\":\"https:\\\/\\\/alegria-realestate.com\\\/#\\\/schema\\\/person\\\/9d285f0a34620d7fb8e3836f93b5522c\"},\"headline\":\"Quelles villes de la province d&#39;Alicante rouvrent leurs plages \u00e0 partir du 1er juin ?\",\"datePublished\":\"2020-06-01T11:40:25+00:00\",\"dateModified\":\"2025-08-14T17:07:22+00:00\",\"mainEntityOfPage\":{\"@id\":\"https:\\\/\\\/alegria-realestate.com\\\/fr\\\/articles\\\/news\\\/what-cities-in-the-province-of-alicante-open-beaches-from-june-1\"},\"wordCount\":1989,\"publisher\":{\"@id\":\"https:\\\/\\\/alegria-realestate.com\\\/#organization\"},\"image\":{\"@id\":\"https:\\\/\\\/alegria-realestate.com\\\/fr\\\/articles\\\/news\\\/what-cities-in-the-province-of-alicante-open-beaches-from-june-1#primaryimage\"},\"thumbnailUrl\":\"https:\\\/\\\/alegria-realestate.com\\\/wp-content\\\/uploads\\\/2020\\\/06\\\/Dizain-bez-nazvanija-2.png\",\"articleSection\":[\"Blog\",\"Actualit\u00e9s\"],\"inLanguage\":\"fr-FR\"},{\"@type\":\"WebPage\",\"@id\":\"https:\\\/\\\/alegria-realestate.com\\\/fr\\\/articles\\\/news\\\/what-cities-in-the-province-of-alicante-open-beaches-from-june-1\",\"url\":\"https:\\\/\\\/alegria-realestate.com\\\/fr\\\/articles\\\/news\\\/what-cities-in-the-province-of-alicante-open-beaches-from-june-1\",\"name\":\"\u041a\u0430\u043a\u0438\u0435 \u0433\u043e\u0440\u043e\u0434\u0430 \u0432 \u043f\u0440\u043e\u0432\u0438\u043d\u0446\u0438\u0438 \u0410\u043b\u0438\u043a\u0430\u043d\u0442\u0435 \u043e\u0442\u043a\u0440\u044b\u043b\u0438 \u0441\u0432\u043e\u0438 \u043f\u043b\u044f\u0436\u0438 \u0441 1 \u0438\u044e\u043d\u044f, \u0430 \u043a\u0430\u043a\u0438\u0435 \u0440\u0435\u0448\u0438\u043b\u0438 \u043e\u0442\u043b\u043e\u0436\u0438\u0442\u044c \u043e\u0442\u043a\u0440\u044b\u0442\u0438\u0435\",\"isPartOf\":{\"@id\":\"https:\\\/\\\/alegria-realestate.com\\\/fr\\\/#website\"},\"primaryImageOfPage\":{\"@id\":\"https:\\\/\\\/alegria-realestate.com\\\/fr\\\/articles\\\/news\\\/what-cities-in-the-province-of-alicante-open-beaches-from-june-1#primaryimage\"},\"image\":{\"@id\":\"https:\\\/\\\/alegria-realestate.com\\\/fr\\\/articles\\\/news\\\/what-cities-in-the-province-of-alicante-open-beaches-from-june-1#primaryimage\"},\"thumbnailUrl\":\"https:\\\/\\\/alegria-realestate.com\\\/wp-content\\\/uploads\\\/2020\\\/06\\\/Dizain-bez-nazvanija-2.png\",\"datePublished\":\"2020-06-01T11:40:25+00:00\",\"dateModified\":\"2025-08-14T17:07:22+00:00\",\"description\":\"\u0421 1 \u0438\u044e\u043d\u044f \u0432\u0441\u0435 \u0412\u0430\u043b\u0435\u043d\u0441\u0438\u0439\u0441\u043a\u043e\u0435 \u0441\u043e\u043e\u0431\u0449\u0435\u0441\u0442\u0432\u043e \u043f\u0435\u0440\u0435\u0448\u043b\u043e \u0432 \u0444\u0430\u0437\u0443 2 \u0434\u0435\u044d\u0441\u043a\u0430\u043b\u0430\u0446\u0438\u0438, \u043f\u0440\u0435\u0434\u043f\u043e\u043b\u0430\u0433\u0430\u044e\u0449\u0443\u044e \u043e\u0442\u043a\u0440\u044b\u0442\u0438\u0435 \u043f\u043b\u044f\u0436\u0435\u0439 \u0434\u043b\u044f \u043a\u0443\u043f\u0430\u043d\u0438\u044f \u0438 \u0432\u0441\u0435\u0445 \u0432\u0438\u0434\u043e\u0432 \u0434\u043e\u0441\u0443\u0433\u0430. \u041e\u0434\u043d\u0430\u043a\u043e \u043d\u0435 \u0432\u0441\u0435 \u0433\u043e\u0440\u043e\u0434\u0430 \u0440\u0435\u0433\u0438\u043e\u043d\u0430 \u043e\u0442\u043a\u0440\u043e\u044e\u0442 \u0441\u0432\u043e\u0438 \u043f\u043b\u044f\u0436\u0438 \u0441 1 \u0438\u044e\u043d\u044f.\",\"breadcrumb\":{\"@id\":\"https:\\\/\\\/alegria-realestate.com\\\/fr\\\/articles\\\/news\\\/what-cities-in-the-province-of-alicante-open-beaches-from-june-1#breadcrumb\"},\"inLanguage\":\"fr-FR\",\"potentialAction\":[{\"@type\":\"ReadAction\",\"target\":[[\"https:\\\/\\\/alegria-realestate.com\\\/fr\\\/articles\\\/news\\\/what-cities-in-the-province-of-alicante-open-beaches-from-june-1\"]]}]},{\"@type\":\"ImageObject\",\"inLanguage\":\"fr-FR\",\"@id\":\"https:\\\/\\\/alegria-realestate.com\\\/fr\\\/articles\\\/news\\\/what-cities-in-the-province-of-alicante-open-beaches-from-june-1#primaryimage\",\"url\":\"https:\\\/\\\/alegria-realestate.com\\\/wp-content\\\/uploads\\\/2020\\\/06\\\/Dizain-bez-nazvanija-2.png\",\"contentUrl\":\"https:\\\/\\\/alegria-realestate.com\\\/wp-content\\\/uploads\\\/2020\\\/06\\\/Dizain-bez-nazvanija-2.png\",\"width\":750,\"height\":500},{\"@type\":\"BreadcrumbList\",\"@id\":\"https:\\\/\\\/alegria-realestate.com\\\/fr\\\/articles\\\/news\\\/what-cities-in-the-province-of-alicante-open-beaches-from-june-1#breadcrumb\",\"itemListElement\":[{\"@type\":\"ListItem\",\"position\":1,\"name\":\"\u0413\u043b\u0430\u0432\u043d\u0430\u044f \u0441\u0442\u0440\u0430\u043d\u0438\u0446\u0430\",\"item\":\"https:\\\/\\\/alegria-realestate.com\\\/fr\\\/\"},{\"@type\":\"ListItem\",\"position\":2,\"name\":\"Quelles villes de la province d&#39;Alicante rouvrent leurs plages \u00e0 partir du 1er juin ?\"}]},{\"@type\":\"WebSite\",\"@id\":\"https:\\\/\\\/alegria-realestate.com\\\/fr\\\/#website\",\"url\":\"https:\\\/\\\/alegria-realestate.com\\\/fr\\\/\",\"name\":\"Immobilier en Espagne\",\"description\":\"Immobilier en Espagne : ventes dans toutes les villes - Torrevieja, Alicante, Benidorm, etc. Nous vous aiderons \u00e0 acheter un bien immobilier sur la Costa Blanca - logements secondaires, b\u00e2timents neufs. Conception cl\u00e9 en main. Propri\u00e9t\u00e9 sur la Costa Blanca \u00e0 partir de 80 000 \u20ac.\",\"publisher\":{\"@id\":\"https:\\\/\\\/alegria-realestate.com\\\/fr\\\/#organization\"},\"potentialAction\":[{\"@type\":\"SearchAction\",\"target\":{\"@type\":\"EntryPoint\",\"urlTemplate\":\"https:\\\/\\\/alegria-realestate.com\\\/fr\\\/?s={search_term_string}\"},\"query-input\":{\"@type\":\"PropertyValueSpecification\",\"valueRequired\":true,\"valueName\":\"search_term_string\"}}],\"inLanguage\":\"fr-FR\"},{\"@type\":\"Organization\",\"@id\":\"https:\\\/\\\/alegria-realestate.com\\\/fr\\\/#organization\",\"name\":\"Alegria Realestate\",\"url\":\"https:\\\/\\\/alegria-realestate.com\\\/fr\\\/\",\"logo\":{\"@type\":\"ImageObject\",\"inLanguage\":\"fr-FR\",\"@id\":\"https:\\\/\\\/alegria-realestate.com\\\/fr\\\/#\\\/schema\\\/logo\\\/image\\\/\",\"url\":\"https:\\\/\\\/alegria-realestate.com\\\/wp-content\\\/uploads\\\/2019\\\/08\\\/logo_alegria.png\",\"contentUrl\":\"https:\\\/\\\/alegria-realestate.com\\\/wp-content\\\/uploads\\\/2019\\\/08\\\/logo_alegria.png\",\"width\":1600,\"height\":1403,\"caption\":\"Alegria Realestate\"},\"image\":{\"@id\":\"https:\\\/\\\/alegria-realestate.com\\\/fr\\\/#\\\/schema\\\/logo\\\/image\\\/\"},\"sameAs\":[\"https:\\\/\\\/www.facebook.com\\\/realestate.alegria\",\"https:\\\/\\\/x.com\\\/alegriarealesta\",\"https:\\\/\\\/www.instagram.com\\\/alegriadom\\\/\",\"https:\\\/\\\/www.linkedin.com\\\/profile\\\/view?id=154965227\",\"https:\\\/\\\/www.youtube.com\\\/user\\\/AlegriaRealEstate\"]},{\"@type\":\"Person\",\"@id\":\"https:\\\/\\\/alegria-realestate.com\\\/#\\\/schema\\\/person\\\/9d285f0a34620d7fb8e3836f93b5522c\",\"name\":\"\u0421\u0435\u0440\u0433\u0435\u0439 \u0411\u0435\u043a\u0438\u0448\u0435\u0432\"}]}<\/script>\n<!-- \/ Yoast SEO plugin. -->","yoast_head_json":{"title":"\u041a\u0430\u043a\u0438\u0435 \u0433\u043e\u0440\u043e\u0434\u0430 \u0432 \u043f\u0440\u043e\u0432\u0438\u043d\u0446\u0438\u0438 \u0410\u043b\u0438\u043a\u0430\u043d\u0442\u0435 \u043e\u0442\u043a\u0440\u044b\u043b\u0438 \u0441\u0432\u043e\u0438 \u043f\u043b\u044f\u0436\u0438 \u0441 1 \u0438\u044e\u043d\u044f, \u0430 \u043a\u0430\u043a\u0438\u0435 \u0440\u0435\u0448\u0438\u043b\u0438 \u043e\u0442\u043b\u043e\u0436\u0438\u0442\u044c \u043e\u0442\u043a\u0440\u044b\u0442\u0438\u0435","description":"\u0421 1 \u0438\u044e\u043d\u044f \u0432\u0441\u0435 \u0412\u0430\u043b\u0435\u043d\u0441\u0438\u0439\u0441\u043a\u043e\u0435 \u0441\u043e\u043e\u0431\u0449\u0435\u0441\u0442\u0432\u043e \u043f\u0435\u0440\u0435\u0448\u043b\u043e \u0432 \u0444\u0430\u0437\u0443 2 \u0434\u0435\u044d\u0441\u043a\u0430\u043b\u0430\u0446\u0438\u0438, \u043f\u0440\u0435\u0434\u043f\u043e\u043b\u0430\u0433\u0430\u044e\u0449\u0443\u044e \u043e\u0442\u043a\u0440\u044b\u0442\u0438\u0435 \u043f\u043b\u044f\u0436\u0435\u0439 \u0434\u043b\u044f \u043a\u0443\u043f\u0430\u043d\u0438\u044f \u0438 \u0432\u0441\u0435\u0445 \u0432\u0438\u0434\u043e\u0432 \u0434\u043e\u0441\u0443\u0433\u0430. \u041e\u0434\u043d\u0430\u043a\u043e \u043d\u0435 \u0432\u0441\u0435 \u0433\u043e\u0440\u043e\u0434\u0430 \u0440\u0435\u0433\u0438\u043e\u043d\u0430 \u043e\u0442\u043a\u0440\u043e\u044e\u0442 \u0441\u0432\u043e\u0438 \u043f\u043b\u044f\u0436\u0438 \u0441 1 \u0438\u044e\u043d\u044f.","robots":{"index":"index","follow":"follow","max-snippet":"max-snippet:-1","max-image-preview":"max-image-preview:large","max-video-preview":"max-video-preview:-1"},"canonical":"https:\/\/alegria-realestate.com\/fr\/wp-json\/wp\/v2\/posts\/181097","og_locale":"fr_FR","og_type":"article","og_title":"\u041a\u0430\u043a\u0438\u0435 \u0433\u043e\u0440\u043e\u0434\u0430 \u0432 \u043f\u0440\u043e\u0432\u0438\u043d\u0446\u0438\u0438 \u0410\u043b\u0438\u043a\u0430\u043d\u0442\u0435 \u043e\u0442\u043a\u0440\u044b\u043b\u0438 \u0441\u0432\u043e\u0438 \u043f\u043b\u044f\u0436\u0438 \u0441 1 \u0438\u044e\u043d\u044f, \u0430 \u043a\u0430\u043a\u0438\u0435 \u0440\u0435\u0448\u0438\u043b\u0438 \u043e\u0442\u043b\u043e\u0436\u0438\u0442\u044c \u043e\u0442\u043a\u0440\u044b\u0442\u0438\u0435","og_description":"\u0421 1 \u0438\u044e\u043d\u044f \u0432\u0441\u0435 \u0412\u0430\u043b\u0435\u043d\u0441\u0438\u0439\u0441\u043a\u043e\u0435 \u0441\u043e\u043e\u0431\u0449\u0435\u0441\u0442\u0432\u043e \u043f\u0435\u0440\u0435\u0448\u043b\u043e \u0432 \u0444\u0430\u0437\u0443 2 \u0434\u0435\u044d\u0441\u043a\u0430\u043b\u0430\u0446\u0438\u0438, \u043f\u0440\u0435\u0434\u043f\u043e\u043b\u0430\u0433\u0430\u044e\u0449\u0443\u044e \u043e\u0442\u043a\u0440\u044b\u0442\u0438\u0435 \u043f\u043b\u044f\u0436\u0435\u0439 \u0434\u043b\u044f \u043a\u0443\u043f\u0430\u043d\u0438\u044f \u0438 \u0432\u0441\u0435\u0445 \u0432\u0438\u0434\u043e\u0432 \u0434\u043e\u0441\u0443\u0433\u0430. \u041e\u0434\u043d\u0430\u043a\u043e \u043d\u0435 \u0432\u0441\u0435 \u0433\u043e\u0440\u043e\u0434\u0430 \u0440\u0435\u0433\u0438\u043e\u043d\u0430 \u043e\u0442\u043a\u0440\u043e\u044e\u0442 \u0441\u0432\u043e\u0438 \u043f\u043b\u044f\u0436\u0438 \u0441 1 \u0438\u044e\u043d\u044f.","og_url":"https:\/\/alegria-realestate.com\/fr\/wp-json\/wp\/v2\/posts\/181097","og_site_name":"Immobilier en Espagne","article_publisher":"https:\/\/www.facebook.com\/realestate.alegria","article_published_time":"2020-06-01T11:40:25+00:00","article_modified_time":"2025-08-14T17:07:22+00:00","og_image":[{"width":750,"height":500,"url":"https:\/\/alegria-realestate.com\/wp-content\/uploads\/2020\/06\/Dizain-bez-nazvanija-2.png","type":"image\/png"}],"author":"\u0421\u0435\u0440\u0433\u0435\u0439 \u0411\u0435\u043a\u0438\u0448\u0435\u0432","twitter_card":"summary_large_image","twitter_creator":"@alegriarealesta","twitter_site":"@alegriarealesta","schema":{"@context":"https:\/\/schema.org","@graph":[{"@type":"Article","@id":"https:\/\/alegria-realestate.com\/fr\/articles\/news\/what-cities-in-the-province-of-alicante-open-beaches-from-june-1#article","isPartOf":{"@id":"https:\/\/alegria-realestate.com\/fr\/articles\/news\/what-cities-in-the-province-of-alicante-open-beaches-from-june-1"},"author":{"name":"\u0421\u0435\u0440\u0433\u0435\u0439 \u0411\u0435\u043a\u0438\u0448\u0435\u0432","@id":"https:\/\/alegria-realestate.com\/#\/schema\/person\/9d285f0a34620d7fb8e3836f93b5522c"},"headline":"Quelles villes de la province d&#39;Alicante rouvrent leurs plages \u00e0 partir du 1er juin ?","datePublished":"2020-06-01T11:40:25+00:00","dateModified":"2025-08-14T17:07:22+00:00","mainEntityOfPage":{"@id":"https:\/\/alegria-realestate.com\/fr\/articles\/news\/what-cities-in-the-province-of-alicante-open-beaches-from-june-1"},"wordCount":1989,"publisher":{"@id":"https:\/\/alegria-realestate.com\/#organization"},"image":{"@id":"https:\/\/alegria-realestate.com\/fr\/articles\/news\/what-cities-in-the-province-of-alicante-open-beaches-from-june-1#primaryimage"},"thumbnailUrl":"https:\/\/alegria-realestate.com\/wp-content\/uploads\/2020\/06\/Dizain-bez-nazvanija-2.png","articleSection":["Blog","Actualit\u00e9s"],"inLanguage":"fr-FR"},{"@type":"WebPage","@id":"https:\/\/alegria-realestate.com\/fr\/articles\/news\/what-cities-in-the-province-of-alicante-open-beaches-from-june-1","url":"https:\/\/alegria-realestate.com\/fr\/articles\/news\/what-cities-in-the-province-of-alicante-open-beaches-from-june-1","name":"\u041a\u0430\u043a\u0438\u0435 \u0433\u043e\u0440\u043e\u0434\u0430 \u0432 \u043f\u0440\u043e\u0432\u0438\u043d\u0446\u0438\u0438 \u0410\u043b\u0438\u043a\u0430\u043d\u0442\u0435 \u043e\u0442\u043a\u0440\u044b\u043b\u0438 \u0441\u0432\u043e\u0438 \u043f\u043b\u044f\u0436\u0438 \u0441 1 \u0438\u044e\u043d\u044f, \u0430 \u043a\u0430\u043a\u0438\u0435 \u0440\u0435\u0448\u0438\u043b\u0438 \u043e\u0442\u043b\u043e\u0436\u0438\u0442\u044c \u043e\u0442\u043a\u0440\u044b\u0442\u0438\u0435","isPartOf":{"@id":"https:\/\/alegria-realestate.com\/fr\/#website"},"primaryImageOfPage":{"@id":"https:\/\/alegria-realestate.com\/fr\/articles\/news\/what-cities-in-the-province-of-alicante-open-beaches-from-june-1#primaryimage"},"image":{"@id":"https:\/\/alegria-realestate.com\/fr\/articles\/news\/what-cities-in-the-province-of-alicante-open-beaches-from-june-1#primaryimage"},"thumbnailUrl":"https:\/\/alegria-realestate.com\/wp-content\/uploads\/2020\/06\/Dizain-bez-nazvanija-2.png","datePublished":"2020-06-01T11:40:25+00:00","dateModified":"2025-08-14T17:07:22+00:00","description":"\u0421 1 \u0438\u044e\u043d\u044f \u0432\u0441\u0435 \u0412\u0430\u043b\u0435\u043d\u0441\u0438\u0439\u0441\u043a\u043e\u0435 \u0441\u043e\u043e\u0431\u0449\u0435\u0441\u0442\u0432\u043e \u043f\u0435\u0440\u0435\u0448\u043b\u043e \u0432 \u0444\u0430\u0437\u0443 2 \u0434\u0435\u044d\u0441\u043a\u0430\u043b\u0430\u0446\u0438\u0438, \u043f\u0440\u0435\u0434\u043f\u043e\u043b\u0430\u0433\u0430\u044e\u0449\u0443\u044e \u043e\u0442\u043a\u0440\u044b\u0442\u0438\u0435 \u043f\u043b\u044f\u0436\u0435\u0439 \u0434\u043b\u044f \u043a\u0443\u043f\u0430\u043d\u0438\u044f \u0438 \u0432\u0441\u0435\u0445 \u0432\u0438\u0434\u043e\u0432 \u0434\u043e\u0441\u0443\u0433\u0430. \u041e\u0434\u043d\u0430\u043a\u043e \u043d\u0435 \u0432\u0441\u0435 \u0433\u043e\u0440\u043e\u0434\u0430 \u0440\u0435\u0433\u0438\u043e\u043d\u0430 \u043e\u0442\u043a\u0440\u043e\u044e\u0442 \u0441\u0432\u043e\u0438 \u043f\u043b\u044f\u0436\u0438 \u0441 1 \u0438\u044e\u043d\u044f.","breadcrumb":{"@id":"https:\/\/alegria-realestate.com\/fr\/articles\/news\/what-cities-in-the-province-of-alicante-open-beaches-from-june-1#breadcrumb"},"inLanguage":"fr-FR","potentialAction":[{"@type":"ReadAction","target":[["https:\/\/alegria-realestate.com\/fr\/articles\/news\/what-cities-in-the-province-of-alicante-open-beaches-from-june-1"]]}]},{"@type":"ImageObject","inLanguage":"fr-FR","@id":"https:\/\/alegria-realestate.com\/fr\/articles\/news\/what-cities-in-the-province-of-alicante-open-beaches-from-june-1#primaryimage","url":"https:\/\/alegria-realestate.com\/wp-content\/uploads\/2020\/06\/Dizain-bez-nazvanija-2.png","contentUrl":"https:\/\/alegria-realestate.com\/wp-content\/uploads\/2020\/06\/Dizain-bez-nazvanija-2.png","width":750,"height":500},{"@type":"BreadcrumbList","@id":"https:\/\/alegria-realestate.com\/fr\/articles\/news\/what-cities-in-the-province-of-alicante-open-beaches-from-june-1#breadcrumb","itemListElement":[{"@type":"ListItem","position":1,"name":"\u0413\u043b\u0430\u0432\u043d\u0430\u044f \u0441\u0442\u0440\u0430\u043d\u0438\u0446\u0430","item":"https:\/\/alegria-realestate.com\/fr\/"},{"@type":"ListItem","position":2,"name":"Quelles villes de la province d&#39;Alicante rouvrent leurs plages \u00e0 partir du 1er juin ?"}]},{"@type":"WebSite","@id":"https:\/\/alegria-realestate.com\/fr\/#website","url":"https:\/\/alegria-realestate.com\/fr\/","name":"Immobilier en Espagne","description":"Immobilier en Espagne : ventes dans toutes les villes - Torrevieja, Alicante, Benidorm, etc. Nous vous aiderons \u00e0 acheter un bien immobilier sur la Costa Blanca - logements secondaires, b\u00e2timents neufs. Conception cl\u00e9 en main. Propri\u00e9t\u00e9 sur la Costa Blanca \u00e0 partir de 80 000 \u20ac.","publisher":{"@id":"https:\/\/alegria-realestate.com\/fr\/#organization"},"potentialAction":[{"@type":"SearchAction","target":{"@type":"EntryPoint","urlTemplate":"https:\/\/alegria-realestate.com\/fr\/?s={search_term_string}"},"query-input":{"@type":"PropertyValueSpecification","valueRequired":true,"valueName":"search_term_string"}}],"inLanguage":"fr-FR"},{"@type":"Organization","@id":"https:\/\/alegria-realestate.com\/fr\/#organization","name":"Alegria Realestate","url":"https:\/\/alegria-realestate.com\/fr\/","logo":{"@type":"ImageObject","inLanguage":"fr-FR","@id":"https:\/\/alegria-realestate.com\/fr\/#\/schema\/logo\/image\/","url":"https:\/\/alegria-realestate.com\/wp-content\/uploads\/2019\/08\/logo_alegria.png","contentUrl":"https:\/\/alegria-realestate.com\/wp-content\/uploads\/2019\/08\/logo_alegria.png","width":1600,"height":1403,"caption":"Alegria Realestate"},"image":{"@id":"https:\/\/alegria-realestate.com\/fr\/#\/schema\/logo\/image\/"},"sameAs":["https:\/\/www.facebook.com\/realestate.alegria","https:\/\/x.com\/alegriarealesta","https:\/\/www.instagram.com\/alegriadom\/","https:\/\/www.linkedin.com\/profile\/view?id=154965227","https:\/\/www.youtube.com\/user\/AlegriaRealEstate"]},{"@type":"Person","@id":"https:\/\/alegria-realestate.com\/#\/schema\/person\/9d285f0a34620d7fb8e3836f93b5522c","name":"\u0421\u0435\u0440\u0433\u0435\u0439 \u0411\u0435\u043a\u0438\u0448\u0435\u0432"}]}},"_links":{"self":[{"href":"https:\/\/alegria-realestate.com\/fr\/wp-json\/wp\/v2\/posts\/181097","targetHints":{"allow":["GET"]}}],"collection":[{"href":"https:\/\/alegria-realestate.com\/fr\/wp-json\/wp\/v2\/posts"}],"about":[{"href":"https:\/\/alegria-realestate.com\/fr\/wp-json\/wp\/v2\/types\/post"}],"author":[{"embeddable":true,"href":"https:\/\/alegria-realestate.com\/fr\/wp-json\/wp\/v2\/users\/18"}],"replies":[{"embeddable":true,"href":"https:\/\/alegria-realestate.com\/fr\/wp-json\/wp\/v2\/comments?post=181097"}],"version-history":[{"count":1,"href":"https:\/\/alegria-realestate.com\/fr\/wp-json\/wp\/v2\/posts\/181097\/revisions"}],"predecessor-version":[{"id":837280,"href":"https:\/\/alegria-realestate.com\/fr\/wp-json\/wp\/v2\/posts\/181097\/revisions\/837280"}],"wp:featuredmedia":[{"embeddable":true,"href":"https:\/\/alegria-realestate.com\/fr\/wp-json\/wp\/v2\/media\/181098"}],"wp:attachment":[{"href":"https:\/\/alegria-realestate.com\/fr\/wp-json\/wp\/v2\/media?parent=181097"}],"wp:term":[{"taxonomy":"category","embeddable":true,"href":"https:\/\/alegria-realestate.com\/fr\/wp-json\/wp\/v2\/categories?post=181097"},{"taxonomy":"post_tag","embeddable":true,"href":"https:\/\/alegria-realestate.com\/fr\/wp-json\/wp\/v2\/tags?post=181097"}],"curies":[{"name":"wp","href":"https:\/\/api.w.org\/{rel}","templated":true}]}}