{"id":219856,"date":"2020-08-24T12:38:16","date_gmt":"2020-08-24T09:38:16","guid":{"rendered":"https:\/\/alegria-realestate.com\/?p=219856"},"modified":"2025-08-14T20:08:38","modified_gmt":"2025-08-14T17:08:38","slug":"luis-de-guindos-calls-for-optimism-on-eu-economic-recovery","status":"publish","type":"post","link":"https:\/\/alegria-realestate.com\/fr\/articles\/news\/luis-de-guindos-calls-for-optimism-on-eu-economic-recovery","title":{"rendered":"Luis de Guindos appelle \u00e0 l&#39;optimisme pour la reprise \u00e9conomique de l&#39;UE"},"content":{"rendered":"<p>Au deuxi\u00e8me trimestre 2020, l&#39;\u00e9conomie de la zone euro s&#39;est effondr\u00e9e de 12,1 % par rapport au trimestre pr\u00e9c\u00e9dent &#8211; la plus forte baisse historique sur une base trimestrielle. Cependant, Luis de Guindos, vice-pr\u00e9sident de la Banque centrale europ\u00e9enne (BCE), affirme que les statistiques actuelles permettent un &quot;optimisme raisonnable&quot; quant aux perspectives de reprise de l&#39;\u00e9conomie europ\u00e9enne. Selon les pr\u00e9visions macro\u00e9conomiques de la BCE, une croissance d&#39;environ 8 % est attendue entre juillet et septembre de cette ann\u00e9e, m\u00eame si, comme le souligne le vice-pr\u00e9sident de la BCE, il s&#39;agit de pr\u00e9visions tr\u00e8s approximatives, car toutes les donn\u00e9es de ce trimestre ne sont pas encore connues. Selon De Guindos, apr\u00e8s l&#39;effondrement du PIB de l&#39;ensemble de l&#39;UE dans son ensemble et des \u00c9tats membres individuels en particulier en raison de la crise sanitaire, la t\u00e2che principale \u00e9tait de comprendre comment et \u00e0 quel rythme la reprise \u00e9conomique se d\u00e9roulerait. Luis De Guindos pr\u00e9vient que si la reprise \u00e9conomique est plus lente que pr\u00e9vu et moins intense, il pourrait y avoir un impact n\u00e9gatif sur les tr\u00e9soreries des \u00c9tats, ainsi que sur la solvabilit\u00e9 des banques, ce qui pourrait provoquer des d\u00e9saccords entre secteurs et pays. Toutefois, le vice-pr\u00e9sident de la BCE note que les banques sont d\u00e9sormais beaucoup plus capitalis\u00e9es que par le pass\u00e9, m\u00eame si le probl\u00e8me de rentabilit\u00e9 reste toujours d&#39;actualit\u00e9 en raison de la pr\u00e9sence d&#39;un nombre important de cr\u00e9ances douteuses et d&#39;une baisse des revenus du secteur due \u00e0 la crise sanitaire. .<\/p>","protected":false},"excerpt":{"rendered":"<p>Au deuxi\u00e8me trimestre 2020, l&#39;\u00e9conomie de la zone euro\u2026<\/p>\n","protected":false},"author":1,"featured_media":219858,"comment_status":"closed","ping_status":"closed","sticky":false,"template":"","format":"standard","meta":{"footnotes":""},"categories":[15],"tags":[],"class_list":["post-219856","post","type-post","status-publish","format-standard","has-post-thumbnail","hentry","category-news"],"yoast_head":"<!-- This site is optimized with the Yoast SEO plugin v27.5 - https:\/\/yoast.com\/product\/yoast-seo-wordpress\/ -->\n<title>\u041b\u0443\u0438\u0441 \u0434\u0435 \u0413\u0438\u043d\u0434\u043e\u0441: \u0441\u0442\u0430\u0442\u0438\u0441\u0442\u0438\u043a\u0430 \u043f\u043e\u0437\u0432\u043e\u043b\u044f\u0435\u0442 \u043f\u0440\u043e\u044f\u0432\u0438\u0442\u044c \u043e\u043f\u0442\u0438\u043c\u0438\u0437\u043c \u043e\u0442\u043d\u043e\u0441\u0438\u0442\u0435\u043b\u044c\u043d\u043e \u043f\u0435\u0440\u0441\u043f\u0435\u043a\u0442\u0438\u0432 \u0432\u043e\u0441\u0441\u0442\u0430\u043d\u043e\u0432\u043b\u0435\u043d\u0438\u044f \u044d\u043a\u043e\u043d\u043e\u043c\u0438\u043a\u0438 \u0415\u0421<\/title>\n<meta name=\"description\" content=\"\u0412\u0438\u0446\u0435-\u043f\u0440\u0435\u0437\u0438\u0434\u0435\u043d\u0442 \u0415\u0426\u0411 \u041b\u0443\u0438\u0441 \u0434\u0435 \u0413\u0438\u043d\u0434\u043e\u0441 \u0437\u0430\u044f\u0432\u0438\u043b, \u0447\u0442\u043e \u0442\u0435\u043a\u0443\u0449\u0438\u0435 \u0434\u0430\u043d\u043d\u044b\u0435 \u0441\u0442\u0430\u0442\u0438\u0441\u0442\u0438\u043a\u0438 \u043f\u043e\u0437\u0432\u043e\u043b\u044f\u044e\u0442 \u043f\u0440\u043e\u044f\u0432\u0438\u0442\u044c \u00ab\u0440\u0430\u0437\u0443\u043c\u043d\u044b\u0439 \u043e\u043f\u0442\u0438\u043c\u0438\u0437\u043c\u00bb \u043e\u0442\u043d\u043e\u0441\u0438\u0442\u0435\u043b\u044c\u043d\u043e \u043f\u0435\u0440\u0441\u043f\u0435\u043a\u0442\u0438\u0432 \u0432\u043e\u0441\u0441\u0442\u0430\u043d\u043e\u0432\u043b\u0435\u043d\u0438\u044f \u0435\u0432\u0440\u043e\u043f\u0435\u0439\u0441\u043a\u043e\u0439 \u044d\u043a\u043e\u043d\u043e\u043c\u0438\u043a\u0438.\" \/>\n<meta name=\"robots\" content=\"index, follow, max-snippet:-1, max-image-preview:large, max-video-preview:-1\" \/>\n<link rel=\"canonical\" href=\"https:\/\/alegria-realestate.com\/fr\/wp-json\/wp\/v2\/posts\/219856\" \/>\n<meta property=\"og:locale\" content=\"fr_FR\" \/>\n<meta property=\"og:type\" content=\"article\" \/>\n<meta property=\"og:title\" content=\"\u041b\u0443\u0438\u0441 \u0434\u0435 \u0413\u0438\u043d\u0434\u043e\u0441: \u0441\u0442\u0430\u0442\u0438\u0441\u0442\u0438\u043a\u0430 \u043f\u043e\u0437\u0432\u043e\u043b\u044f\u0435\u0442 \u043f\u0440\u043e\u044f\u0432\u0438\u0442\u044c \u043e\u043f\u0442\u0438\u043c\u0438\u0437\u043c \u043e\u0442\u043d\u043e\u0441\u0438\u0442\u0435\u043b\u044c\u043d\u043e \u043f\u0435\u0440\u0441\u043f\u0435\u043a\u0442\u0438\u0432 \u0432\u043e\u0441\u0441\u0442\u0430\u043d\u043e\u0432\u043b\u0435\u043d\u0438\u044f \u044d\u043a\u043e\u043d\u043e\u043c\u0438\u043a\u0438 \u0415\u0421\" \/>\n<meta property=\"og:description\" content=\"\u0412\u0438\u0446\u0435-\u043f\u0440\u0435\u0437\u0438\u0434\u0435\u043d\u0442 \u0415\u0426\u0411 \u041b\u0443\u0438\u0441 \u0434\u0435 \u0413\u0438\u043d\u0434\u043e\u0441 \u0437\u0430\u044f\u0432\u0438\u043b, \u0447\u0442\u043e \u0442\u0435\u043a\u0443\u0449\u0438\u0435 \u0434\u0430\u043d\u043d\u044b\u0435 \u0441\u0442\u0430\u0442\u0438\u0441\u0442\u0438\u043a\u0438 \u043f\u043e\u0437\u0432\u043e\u043b\u044f\u044e\u0442 \u043f\u0440\u043e\u044f\u0432\u0438\u0442\u044c \u00ab\u0440\u0430\u0437\u0443\u043c\u043d\u044b\u0439 \u043e\u043f\u0442\u0438\u043c\u0438\u0437\u043c\u00bb \u043e\u0442\u043d\u043e\u0441\u0438\u0442\u0435\u043b\u044c\u043d\u043e \u043f\u0435\u0440\u0441\u043f\u0435\u043a\u0442\u0438\u0432 \u0432\u043e\u0441\u0441\u0442\u0430\u043d\u043e\u0432\u043b\u0435\u043d\u0438\u044f \u0435\u0432\u0440\u043e\u043f\u0435\u0439\u0441\u043a\u043e\u0439 \u044d\u043a\u043e\u043d\u043e\u043c\u0438\u043a\u0438.\" \/>\n<meta property=\"og:url\" content=\"https:\/\/alegria-realestate.com\/fr\/wp-json\/wp\/v2\/posts\/219856\" \/>\n<meta property=\"og:site_name\" content=\"Immobilier en Espagne\" \/>\n<meta property=\"article:publisher\" content=\"https:\/\/www.facebook.com\/realestate.alegria\" \/>\n<meta property=\"article:published_time\" content=\"2020-08-24T09:38:16+00:00\" \/>\n<meta property=\"article:modified_time\" content=\"2025-08-14T17:08:38+00:00\" \/>\n<meta property=\"og:image\" content=\"https:\/\/alegria-realestate.com\/wp-content\/uploads\/2020\/08\/Luis-de-Guindos-calls-for-optimism-on-EU-economic-recovery.jpg\" \/>\n\t<meta property=\"og:image:width\" content=\"744\" \/>\n\t<meta property=\"og:image:height\" content=\"496\" \/>\n\t<meta property=\"og:image:type\" content=\"image\/jpeg\" \/>\n<meta name=\"author\" content=\"stass\" \/>\n<meta name=\"twitter:card\" content=\"summary_large_image\" \/>\n<meta name=\"twitter:creator\" content=\"@alegriarealesta\" \/>\n<meta name=\"twitter:site\" content=\"@alegriarealesta\" \/>\n<script type=\"application\/ld+json\" class=\"yoast-schema-graph\">{\"@context\":\"https:\\\/\\\/schema.org\",\"@graph\":[{\"@type\":\"Article\",\"@id\":\"https:\\\/\\\/alegria-realestate.com\\\/fr\\\/articles\\\/news\\\/luis-de-guindos-calls-for-optimism-on-eu-economic-recovery#article\",\"isPartOf\":{\"@id\":\"https:\\\/\\\/alegria-realestate.com\\\/fr\\\/articles\\\/news\\\/luis-de-guindos-calls-for-optimism-on-eu-economic-recovery\"},\"author\":{\"name\":\"stass\",\"@id\":\"https:\\\/\\\/alegria-realestate.com\\\/#\\\/schema\\\/person\\\/8710ba0d07d2af258b1610931398d861\"},\"headline\":\"Luis de Guindos appelle \u00e0 l&#39;optimisme pour la reprise \u00e9conomique de l&#39;UE\",\"datePublished\":\"2020-08-24T09:38:16+00:00\",\"dateModified\":\"2025-08-14T17:08:38+00:00\",\"mainEntityOfPage\":{\"@id\":\"https:\\\/\\\/alegria-realestate.com\\\/fr\\\/articles\\\/news\\\/luis-de-guindos-calls-for-optimism-on-eu-economic-recovery\"},\"wordCount\":1717,\"publisher\":{\"@id\":\"https:\\\/\\\/alegria-realestate.com\\\/#organization\"},\"image\":{\"@id\":\"https:\\\/\\\/alegria-realestate.com\\\/fr\\\/articles\\\/news\\\/luis-de-guindos-calls-for-optimism-on-eu-economic-recovery#primaryimage\"},\"thumbnailUrl\":\"https:\\\/\\\/alegria-realestate.com\\\/wp-content\\\/uploads\\\/2020\\\/08\\\/Luis-de-Guindos-calls-for-optimism-on-EU-economic-recovery.jpg\",\"articleSection\":[\"Actualit\u00e9s\"],\"inLanguage\":\"fr-FR\"},{\"@type\":\"WebPage\",\"@id\":\"https:\\\/\\\/alegria-realestate.com\\\/fr\\\/articles\\\/news\\\/luis-de-guindos-calls-for-optimism-on-eu-economic-recovery\",\"url\":\"https:\\\/\\\/alegria-realestate.com\\\/fr\\\/articles\\\/news\\\/luis-de-guindos-calls-for-optimism-on-eu-economic-recovery\",\"name\":\"\u041b\u0443\u0438\u0441 \u0434\u0435 \u0413\u0438\u043d\u0434\u043e\u0441: \u0441\u0442\u0430\u0442\u0438\u0441\u0442\u0438\u043a\u0430 \u043f\u043e\u0437\u0432\u043e\u043b\u044f\u0435\u0442 \u043f\u0440\u043e\u044f\u0432\u0438\u0442\u044c \u043e\u043f\u0442\u0438\u043c\u0438\u0437\u043c \u043e\u0442\u043d\u043e\u0441\u0438\u0442\u0435\u043b\u044c\u043d\u043e \u043f\u0435\u0440\u0441\u043f\u0435\u043a\u0442\u0438\u0432 \u0432\u043e\u0441\u0441\u0442\u0430\u043d\u043e\u0432\u043b\u0435\u043d\u0438\u044f \u044d\u043a\u043e\u043d\u043e\u043c\u0438\u043a\u0438 \u0415\u0421\",\"isPartOf\":{\"@id\":\"https:\\\/\\\/alegria-realestate.com\\\/fr\\\/#website\"},\"primaryImageOfPage\":{\"@id\":\"https:\\\/\\\/alegria-realestate.com\\\/fr\\\/articles\\\/news\\\/luis-de-guindos-calls-for-optimism-on-eu-economic-recovery#primaryimage\"},\"image\":{\"@id\":\"https:\\\/\\\/alegria-realestate.com\\\/fr\\\/articles\\\/news\\\/luis-de-guindos-calls-for-optimism-on-eu-economic-recovery#primaryimage\"},\"thumbnailUrl\":\"https:\\\/\\\/alegria-realestate.com\\\/wp-content\\\/uploads\\\/2020\\\/08\\\/Luis-de-Guindos-calls-for-optimism-on-EU-economic-recovery.jpg\",\"datePublished\":\"2020-08-24T09:38:16+00:00\",\"dateModified\":\"2025-08-14T17:08:38+00:00\",\"description\":\"\u0412\u0438\u0446\u0435-\u043f\u0440\u0435\u0437\u0438\u0434\u0435\u043d\u0442 \u0415\u0426\u0411 \u041b\u0443\u0438\u0441 \u0434\u0435 \u0413\u0438\u043d\u0434\u043e\u0441 \u0437\u0430\u044f\u0432\u0438\u043b, \u0447\u0442\u043e \u0442\u0435\u043a\u0443\u0449\u0438\u0435 \u0434\u0430\u043d\u043d\u044b\u0435 \u0441\u0442\u0430\u0442\u0438\u0441\u0442\u0438\u043a\u0438 \u043f\u043e\u0437\u0432\u043e\u043b\u044f\u044e\u0442 \u043f\u0440\u043e\u044f\u0432\u0438\u0442\u044c \u00ab\u0440\u0430\u0437\u0443\u043c\u043d\u044b\u0439 \u043e\u043f\u0442\u0438\u043c\u0438\u0437\u043c\u00bb \u043e\u0442\u043d\u043e\u0441\u0438\u0442\u0435\u043b\u044c\u043d\u043e \u043f\u0435\u0440\u0441\u043f\u0435\u043a\u0442\u0438\u0432 \u0432\u043e\u0441\u0441\u0442\u0430\u043d\u043e\u0432\u043b\u0435\u043d\u0438\u044f \u0435\u0432\u0440\u043e\u043f\u0435\u0439\u0441\u043a\u043e\u0439 \u044d\u043a\u043e\u043d\u043e\u043c\u0438\u043a\u0438.\",\"breadcrumb\":{\"@id\":\"https:\\\/\\\/alegria-realestate.com\\\/fr\\\/articles\\\/news\\\/luis-de-guindos-calls-for-optimism-on-eu-economic-recovery#breadcrumb\"},\"inLanguage\":\"fr-FR\",\"potentialAction\":[{\"@type\":\"ReadAction\",\"target\":[[\"https:\\\/\\\/alegria-realestate.com\\\/fr\\\/articles\\\/news\\\/luis-de-guindos-calls-for-optimism-on-eu-economic-recovery\"]]}]},{\"@type\":\"ImageObject\",\"inLanguage\":\"fr-FR\",\"@id\":\"https:\\\/\\\/alegria-realestate.com\\\/fr\\\/articles\\\/news\\\/luis-de-guindos-calls-for-optimism-on-eu-economic-recovery#primaryimage\",\"url\":\"https:\\\/\\\/alegria-realestate.com\\\/wp-content\\\/uploads\\\/2020\\\/08\\\/Luis-de-Guindos-calls-for-optimism-on-EU-economic-recovery.jpg\",\"contentUrl\":\"https:\\\/\\\/alegria-realestate.com\\\/wp-content\\\/uploads\\\/2020\\\/08\\\/Luis-de-Guindos-calls-for-optimism-on-EU-economic-recovery.jpg\",\"width\":744,\"height\":496,\"caption\":\"\u041b\u0443\u0438\u0441 \u0434\u0435 \u0413\u0438\u043d\u0434\u043e\u0441: \u0441\u0442\u0430\u0442\u0438\u0441\u0442\u0438\u043a\u0430 \u043f\u043e\u0437\u0432\u043e\u043b\u044f\u0435\u0442 \u043f\u0440\u043e\u044f\u0432\u0438\u0442\u044c \u043e\u043f\u0442\u0438\u043c\u0438\u0437\u043c \u043e\u0442\u043d\u043e\u0441\u0438\u0442\u0435\u043b\u044c\u043d\u043e \u043f\u0435\u0440\u0441\u043f\u0435\u043a\u0442\u0438\u0432 \u0432\u043e\u0441\u0441\u0442\u0430\u043d\u043e\u0432\u043b\u0435\u043d\u0438\u044f \u044d\u043a\u043e\u043d\u043e\u043c\u0438\u043a\u0438 \u0415\u0421\"},{\"@type\":\"BreadcrumbList\",\"@id\":\"https:\\\/\\\/alegria-realestate.com\\\/fr\\\/articles\\\/news\\\/luis-de-guindos-calls-for-optimism-on-eu-economic-recovery#breadcrumb\",\"itemListElement\":[{\"@type\":\"ListItem\",\"position\":1,\"name\":\"\u0413\u043b\u0430\u0432\u043d\u0430\u044f \u0441\u0442\u0440\u0430\u043d\u0438\u0446\u0430\",\"item\":\"https:\\\/\\\/alegria-realestate.com\\\/fr\\\/\"},{\"@type\":\"ListItem\",\"position\":2,\"name\":\"Luis de Guindos appelle \u00e0 l&#39;optimisme pour la reprise \u00e9conomique de l&#39;UE\"}]},{\"@type\":\"WebSite\",\"@id\":\"https:\\\/\\\/alegria-realestate.com\\\/fr\\\/#website\",\"url\":\"https:\\\/\\\/alegria-realestate.com\\\/fr\\\/\",\"name\":\"Immobilier en Espagne\",\"description\":\"Immobilier en Espagne : ventes dans toutes les villes - Torrevieja, Alicante, Benidorm, etc. Nous vous aiderons \u00e0 acheter un bien immobilier sur la Costa Blanca - logements secondaires, b\u00e2timents neufs. Conception cl\u00e9 en main. Propri\u00e9t\u00e9 sur la Costa Blanca \u00e0 partir de 80 000 \u20ac.\",\"publisher\":{\"@id\":\"https:\\\/\\\/alegria-realestate.com\\\/fr\\\/#organization\"},\"potentialAction\":[{\"@type\":\"SearchAction\",\"target\":{\"@type\":\"EntryPoint\",\"urlTemplate\":\"https:\\\/\\\/alegria-realestate.com\\\/fr\\\/?s={search_term_string}\"},\"query-input\":{\"@type\":\"PropertyValueSpecification\",\"valueRequired\":true,\"valueName\":\"search_term_string\"}}],\"inLanguage\":\"fr-FR\"},{\"@type\":\"Organization\",\"@id\":\"https:\\\/\\\/alegria-realestate.com\\\/fr\\\/#organization\",\"name\":\"Alegria Realestate\",\"url\":\"https:\\\/\\\/alegria-realestate.com\\\/fr\\\/\",\"logo\":{\"@type\":\"ImageObject\",\"inLanguage\":\"fr-FR\",\"@id\":\"https:\\\/\\\/alegria-realestate.com\\\/fr\\\/#\\\/schema\\\/logo\\\/image\\\/\",\"url\":\"https:\\\/\\\/alegria-realestate.com\\\/wp-content\\\/uploads\\\/2019\\\/08\\\/logo_alegria.png\",\"contentUrl\":\"https:\\\/\\\/alegria-realestate.com\\\/wp-content\\\/uploads\\\/2019\\\/08\\\/logo_alegria.png\",\"width\":1600,\"height\":1403,\"caption\":\"Alegria Realestate\"},\"image\":{\"@id\":\"https:\\\/\\\/alegria-realestate.com\\\/fr\\\/#\\\/schema\\\/logo\\\/image\\\/\"},\"sameAs\":[\"https:\\\/\\\/www.facebook.com\\\/realestate.alegria\",\"https:\\\/\\\/x.com\\\/alegriarealesta\",\"https:\\\/\\\/www.instagram.com\\\/alegriadom\\\/\",\"https:\\\/\\\/www.linkedin.com\\\/profile\\\/view?id=154965227\",\"https:\\\/\\\/www.youtube.com\\\/user\\\/AlegriaRealEstate\"]},{\"@type\":\"Person\",\"@id\":\"https:\\\/\\\/alegria-realestate.com\\\/#\\\/schema\\\/person\\\/8710ba0d07d2af258b1610931398d861\",\"name\":\"stass\"}]}<\/script>\n<!-- \/ Yoast SEO plugin. -->","yoast_head_json":{"title":"\u041b\u0443\u0438\u0441 \u0434\u0435 \u0413\u0438\u043d\u0434\u043e\u0441: \u0441\u0442\u0430\u0442\u0438\u0441\u0442\u0438\u043a\u0430 \u043f\u043e\u0437\u0432\u043e\u043b\u044f\u0435\u0442 \u043f\u0440\u043e\u044f\u0432\u0438\u0442\u044c \u043e\u043f\u0442\u0438\u043c\u0438\u0437\u043c \u043e\u0442\u043d\u043e\u0441\u0438\u0442\u0435\u043b\u044c\u043d\u043e \u043f\u0435\u0440\u0441\u043f\u0435\u043a\u0442\u0438\u0432 \u0432\u043e\u0441\u0441\u0442\u0430\u043d\u043e\u0432\u043b\u0435\u043d\u0438\u044f \u044d\u043a\u043e\u043d\u043e\u043c\u0438\u043a\u0438 \u0415\u0421","description":"\u0412\u0438\u0446\u0435-\u043f\u0440\u0435\u0437\u0438\u0434\u0435\u043d\u0442 \u0415\u0426\u0411 \u041b\u0443\u0438\u0441 \u0434\u0435 \u0413\u0438\u043d\u0434\u043e\u0441 \u0437\u0430\u044f\u0432\u0438\u043b, \u0447\u0442\u043e \u0442\u0435\u043a\u0443\u0449\u0438\u0435 \u0434\u0430\u043d\u043d\u044b\u0435 \u0441\u0442\u0430\u0442\u0438\u0441\u0442\u0438\u043a\u0438 \u043f\u043e\u0437\u0432\u043e\u043b\u044f\u044e\u0442 \u043f\u0440\u043e\u044f\u0432\u0438\u0442\u044c \u00ab\u0440\u0430\u0437\u0443\u043c\u043d\u044b\u0439 \u043e\u043f\u0442\u0438\u043c\u0438\u0437\u043c\u00bb \u043e\u0442\u043d\u043e\u0441\u0438\u0442\u0435\u043b\u044c\u043d\u043e \u043f\u0435\u0440\u0441\u043f\u0435\u043a\u0442\u0438\u0432 \u0432\u043e\u0441\u0441\u0442\u0430\u043d\u043e\u0432\u043b\u0435\u043d\u0438\u044f \u0435\u0432\u0440\u043e\u043f\u0435\u0439\u0441\u043a\u043e\u0439 \u044d\u043a\u043e\u043d\u043e\u043c\u0438\u043a\u0438.","robots":{"index":"index","follow":"follow","max-snippet":"max-snippet:-1","max-image-preview":"max-image-preview:large","max-video-preview":"max-video-preview:-1"},"canonical":"https:\/\/alegria-realestate.com\/fr\/wp-json\/wp\/v2\/posts\/219856","og_locale":"fr_FR","og_type":"article","og_title":"\u041b\u0443\u0438\u0441 \u0434\u0435 \u0413\u0438\u043d\u0434\u043e\u0441: \u0441\u0442\u0430\u0442\u0438\u0441\u0442\u0438\u043a\u0430 \u043f\u043e\u0437\u0432\u043e\u043b\u044f\u0435\u0442 \u043f\u0440\u043e\u044f\u0432\u0438\u0442\u044c \u043e\u043f\u0442\u0438\u043c\u0438\u0437\u043c \u043e\u0442\u043d\u043e\u0441\u0438\u0442\u0435\u043b\u044c\u043d\u043e \u043f\u0435\u0440\u0441\u043f\u0435\u043a\u0442\u0438\u0432 \u0432\u043e\u0441\u0441\u0442\u0430\u043d\u043e\u0432\u043b\u0435\u043d\u0438\u044f \u044d\u043a\u043e\u043d\u043e\u043c\u0438\u043a\u0438 \u0415\u0421","og_description":"\u0412\u0438\u0446\u0435-\u043f\u0440\u0435\u0437\u0438\u0434\u0435\u043d\u0442 \u0415\u0426\u0411 \u041b\u0443\u0438\u0441 \u0434\u0435 \u0413\u0438\u043d\u0434\u043e\u0441 \u0437\u0430\u044f\u0432\u0438\u043b, \u0447\u0442\u043e \u0442\u0435\u043a\u0443\u0449\u0438\u0435 \u0434\u0430\u043d\u043d\u044b\u0435 \u0441\u0442\u0430\u0442\u0438\u0441\u0442\u0438\u043a\u0438 \u043f\u043e\u0437\u0432\u043e\u043b\u044f\u044e\u0442 \u043f\u0440\u043e\u044f\u0432\u0438\u0442\u044c \u00ab\u0440\u0430\u0437\u0443\u043c\u043d\u044b\u0439 \u043e\u043f\u0442\u0438\u043c\u0438\u0437\u043c\u00bb \u043e\u0442\u043d\u043e\u0441\u0438\u0442\u0435\u043b\u044c\u043d\u043e \u043f\u0435\u0440\u0441\u043f\u0435\u043a\u0442\u0438\u0432 \u0432\u043e\u0441\u0441\u0442\u0430\u043d\u043e\u0432\u043b\u0435\u043d\u0438\u044f \u0435\u0432\u0440\u043e\u043f\u0435\u0439\u0441\u043a\u043e\u0439 \u044d\u043a\u043e\u043d\u043e\u043c\u0438\u043a\u0438.","og_url":"https:\/\/alegria-realestate.com\/fr\/wp-json\/wp\/v2\/posts\/219856","og_site_name":"Immobilier en Espagne","article_publisher":"https:\/\/www.facebook.com\/realestate.alegria","article_published_time":"2020-08-24T09:38:16+00:00","article_modified_time":"2025-08-14T17:08:38+00:00","og_image":[{"width":744,"height":496,"url":"https:\/\/alegria-realestate.com\/wp-content\/uploads\/2020\/08\/Luis-de-Guindos-calls-for-optimism-on-EU-economic-recovery.jpg","type":"image\/jpeg"}],"author":"stass","twitter_card":"summary_large_image","twitter_creator":"@alegriarealesta","twitter_site":"@alegriarealesta","schema":{"@context":"https:\/\/schema.org","@graph":[{"@type":"Article","@id":"https:\/\/alegria-realestate.com\/fr\/articles\/news\/luis-de-guindos-calls-for-optimism-on-eu-economic-recovery#article","isPartOf":{"@id":"https:\/\/alegria-realestate.com\/fr\/articles\/news\/luis-de-guindos-calls-for-optimism-on-eu-economic-recovery"},"author":{"name":"stass","@id":"https:\/\/alegria-realestate.com\/#\/schema\/person\/8710ba0d07d2af258b1610931398d861"},"headline":"Luis de Guindos appelle \u00e0 l&#39;optimisme pour la reprise \u00e9conomique de l&#39;UE","datePublished":"2020-08-24T09:38:16+00:00","dateModified":"2025-08-14T17:08:38+00:00","mainEntityOfPage":{"@id":"https:\/\/alegria-realestate.com\/fr\/articles\/news\/luis-de-guindos-calls-for-optimism-on-eu-economic-recovery"},"wordCount":1717,"publisher":{"@id":"https:\/\/alegria-realestate.com\/#organization"},"image":{"@id":"https:\/\/alegria-realestate.com\/fr\/articles\/news\/luis-de-guindos-calls-for-optimism-on-eu-economic-recovery#primaryimage"},"thumbnailUrl":"https:\/\/alegria-realestate.com\/wp-content\/uploads\/2020\/08\/Luis-de-Guindos-calls-for-optimism-on-EU-economic-recovery.jpg","articleSection":["Actualit\u00e9s"],"inLanguage":"fr-FR"},{"@type":"WebPage","@id":"https:\/\/alegria-realestate.com\/fr\/articles\/news\/luis-de-guindos-calls-for-optimism-on-eu-economic-recovery","url":"https:\/\/alegria-realestate.com\/fr\/articles\/news\/luis-de-guindos-calls-for-optimism-on-eu-economic-recovery","name":"\u041b\u0443\u0438\u0441 \u0434\u0435 \u0413\u0438\u043d\u0434\u043e\u0441: \u0441\u0442\u0430\u0442\u0438\u0441\u0442\u0438\u043a\u0430 \u043f\u043e\u0437\u0432\u043e\u043b\u044f\u0435\u0442 \u043f\u0440\u043e\u044f\u0432\u0438\u0442\u044c \u043e\u043f\u0442\u0438\u043c\u0438\u0437\u043c \u043e\u0442\u043d\u043e\u0441\u0438\u0442\u0435\u043b\u044c\u043d\u043e \u043f\u0435\u0440\u0441\u043f\u0435\u043a\u0442\u0438\u0432 \u0432\u043e\u0441\u0441\u0442\u0430\u043d\u043e\u0432\u043b\u0435\u043d\u0438\u044f \u044d\u043a\u043e\u043d\u043e\u043c\u0438\u043a\u0438 \u0415\u0421","isPartOf":{"@id":"https:\/\/alegria-realestate.com\/fr\/#website"},"primaryImageOfPage":{"@id":"https:\/\/alegria-realestate.com\/fr\/articles\/news\/luis-de-guindos-calls-for-optimism-on-eu-economic-recovery#primaryimage"},"image":{"@id":"https:\/\/alegria-realestate.com\/fr\/articles\/news\/luis-de-guindos-calls-for-optimism-on-eu-economic-recovery#primaryimage"},"thumbnailUrl":"https:\/\/alegria-realestate.com\/wp-content\/uploads\/2020\/08\/Luis-de-Guindos-calls-for-optimism-on-EU-economic-recovery.jpg","datePublished":"2020-08-24T09:38:16+00:00","dateModified":"2025-08-14T17:08:38+00:00","description":"\u0412\u0438\u0446\u0435-\u043f\u0440\u0435\u0437\u0438\u0434\u0435\u043d\u0442 \u0415\u0426\u0411 \u041b\u0443\u0438\u0441 \u0434\u0435 \u0413\u0438\u043d\u0434\u043e\u0441 \u0437\u0430\u044f\u0432\u0438\u043b, \u0447\u0442\u043e \u0442\u0435\u043a\u0443\u0449\u0438\u0435 \u0434\u0430\u043d\u043d\u044b\u0435 \u0441\u0442\u0430\u0442\u0438\u0441\u0442\u0438\u043a\u0438 \u043f\u043e\u0437\u0432\u043e\u043b\u044f\u044e\u0442 \u043f\u0440\u043e\u044f\u0432\u0438\u0442\u044c \u00ab\u0440\u0430\u0437\u0443\u043c\u043d\u044b\u0439 \u043e\u043f\u0442\u0438\u043c\u0438\u0437\u043c\u00bb \u043e\u0442\u043d\u043e\u0441\u0438\u0442\u0435\u043b\u044c\u043d\u043e \u043f\u0435\u0440\u0441\u043f\u0435\u043a\u0442\u0438\u0432 \u0432\u043e\u0441\u0441\u0442\u0430\u043d\u043e\u0432\u043b\u0435\u043d\u0438\u044f \u0435\u0432\u0440\u043e\u043f\u0435\u0439\u0441\u043a\u043e\u0439 \u044d\u043a\u043e\u043d\u043e\u043c\u0438\u043a\u0438.","breadcrumb":{"@id":"https:\/\/alegria-realestate.com\/fr\/articles\/news\/luis-de-guindos-calls-for-optimism-on-eu-economic-recovery#breadcrumb"},"inLanguage":"fr-FR","potentialAction":[{"@type":"ReadAction","target":[["https:\/\/alegria-realestate.com\/fr\/articles\/news\/luis-de-guindos-calls-for-optimism-on-eu-economic-recovery"]]}]},{"@type":"ImageObject","inLanguage":"fr-FR","@id":"https:\/\/alegria-realestate.com\/fr\/articles\/news\/luis-de-guindos-calls-for-optimism-on-eu-economic-recovery#primaryimage","url":"https:\/\/alegria-realestate.com\/wp-content\/uploads\/2020\/08\/Luis-de-Guindos-calls-for-optimism-on-EU-economic-recovery.jpg","contentUrl":"https:\/\/alegria-realestate.com\/wp-content\/uploads\/2020\/08\/Luis-de-Guindos-calls-for-optimism-on-EU-economic-recovery.jpg","width":744,"height":496,"caption":"\u041b\u0443\u0438\u0441 \u0434\u0435 \u0413\u0438\u043d\u0434\u043e\u0441: \u0441\u0442\u0430\u0442\u0438\u0441\u0442\u0438\u043a\u0430 \u043f\u043e\u0437\u0432\u043e\u043b\u044f\u0435\u0442 \u043f\u0440\u043e\u044f\u0432\u0438\u0442\u044c \u043e\u043f\u0442\u0438\u043c\u0438\u0437\u043c \u043e\u0442\u043d\u043e\u0441\u0438\u0442\u0435\u043b\u044c\u043d\u043e \u043f\u0435\u0440\u0441\u043f\u0435\u043a\u0442\u0438\u0432 \u0432\u043e\u0441\u0441\u0442\u0430\u043d\u043e\u0432\u043b\u0435\u043d\u0438\u044f \u044d\u043a\u043e\u043d\u043e\u043c\u0438\u043a\u0438 \u0415\u0421"},{"@type":"BreadcrumbList","@id":"https:\/\/alegria-realestate.com\/fr\/articles\/news\/luis-de-guindos-calls-for-optimism-on-eu-economic-recovery#breadcrumb","itemListElement":[{"@type":"ListItem","position":1,"name":"\u0413\u043b\u0430\u0432\u043d\u0430\u044f \u0441\u0442\u0440\u0430\u043d\u0438\u0446\u0430","item":"https:\/\/alegria-realestate.com\/fr\/"},{"@type":"ListItem","position":2,"name":"Luis de Guindos appelle \u00e0 l&#39;optimisme pour la reprise \u00e9conomique de l&#39;UE"}]},{"@type":"WebSite","@id":"https:\/\/alegria-realestate.com\/fr\/#website","url":"https:\/\/alegria-realestate.com\/fr\/","name":"Immobilier en Espagne","description":"Immobilier en Espagne : ventes dans toutes les villes - Torrevieja, Alicante, Benidorm, etc. Nous vous aiderons \u00e0 acheter un bien immobilier sur la Costa Blanca - logements secondaires, b\u00e2timents neufs. Conception cl\u00e9 en main. Propri\u00e9t\u00e9 sur la Costa Blanca \u00e0 partir de 80 000 \u20ac.","publisher":{"@id":"https:\/\/alegria-realestate.com\/fr\/#organization"},"potentialAction":[{"@type":"SearchAction","target":{"@type":"EntryPoint","urlTemplate":"https:\/\/alegria-realestate.com\/fr\/?s={search_term_string}"},"query-input":{"@type":"PropertyValueSpecification","valueRequired":true,"valueName":"search_term_string"}}],"inLanguage":"fr-FR"},{"@type":"Organization","@id":"https:\/\/alegria-realestate.com\/fr\/#organization","name":"Alegria Realestate","url":"https:\/\/alegria-realestate.com\/fr\/","logo":{"@type":"ImageObject","inLanguage":"fr-FR","@id":"https:\/\/alegria-realestate.com\/fr\/#\/schema\/logo\/image\/","url":"https:\/\/alegria-realestate.com\/wp-content\/uploads\/2019\/08\/logo_alegria.png","contentUrl":"https:\/\/alegria-realestate.com\/wp-content\/uploads\/2019\/08\/logo_alegria.png","width":1600,"height":1403,"caption":"Alegria Realestate"},"image":{"@id":"https:\/\/alegria-realestate.com\/fr\/#\/schema\/logo\/image\/"},"sameAs":["https:\/\/www.facebook.com\/realestate.alegria","https:\/\/x.com\/alegriarealesta","https:\/\/www.instagram.com\/alegriadom\/","https:\/\/www.linkedin.com\/profile\/view?id=154965227","https:\/\/www.youtube.com\/user\/AlegriaRealEstate"]},{"@type":"Person","@id":"https:\/\/alegria-realestate.com\/#\/schema\/person\/8710ba0d07d2af258b1610931398d861","name":"stass"}]}},"_links":{"self":[{"href":"https:\/\/alegria-realestate.com\/fr\/wp-json\/wp\/v2\/posts\/219856","targetHints":{"allow":["GET"]}}],"collection":[{"href":"https:\/\/alegria-realestate.com\/fr\/wp-json\/wp\/v2\/posts"}],"about":[{"href":"https:\/\/alegria-realestate.com\/fr\/wp-json\/wp\/v2\/types\/post"}],"author":[{"embeddable":true,"href":"https:\/\/alegria-realestate.com\/fr\/wp-json\/wp\/v2\/users\/1"}],"replies":[{"embeddable":true,"href":"https:\/\/alegria-realestate.com\/fr\/wp-json\/wp\/v2\/comments?post=219856"}],"version-history":[{"count":1,"href":"https:\/\/alegria-realestate.com\/fr\/wp-json\/wp\/v2\/posts\/219856\/revisions"}],"predecessor-version":[{"id":837325,"href":"https:\/\/alegria-realestate.com\/fr\/wp-json\/wp\/v2\/posts\/219856\/revisions\/837325"}],"wp:featuredmedia":[{"embeddable":true,"href":"https:\/\/alegria-realestate.com\/fr\/wp-json\/wp\/v2\/media\/219858"}],"wp:attachment":[{"href":"https:\/\/alegria-realestate.com\/fr\/wp-json\/wp\/v2\/media?parent=219856"}],"wp:term":[{"taxonomy":"category","embeddable":true,"href":"https:\/\/alegria-realestate.com\/fr\/wp-json\/wp\/v2\/categories?post=219856"},{"taxonomy":"post_tag","embeddable":true,"href":"https:\/\/alegria-realestate.com\/fr\/wp-json\/wp\/v2\/tags?post=219856"}],"curies":[{"name":"wp","href":"https:\/\/api.w.org\/{rel}","templated":true}]}}