{"id":414914,"date":"2021-02-24T18:18:54","date_gmt":"2021-02-24T15:18:54","guid":{"rendered":"https:\/\/alegria-realestate.com\/?p=414914"},"modified":"2025-08-14T21:27:40","modified_gmt":"2025-08-14T18:27:40","slug":"luis-de-guindos-providing-legal-security-to-the-real-estate-market-in-spain","status":"publish","type":"post","link":"https:\/\/alegria-realestate.com\/fr\/articles\/news\/luis-de-guindos-providing-legal-security-to-the-real-estate-market-in-spain","title":{"rendered":"Luis de Guindos a soulign\u00e9 l&#39;importance d&#39;assurer la s\u00e9curit\u00e9 juridique du march\u00e9 immobilier en Espagne"},"content":{"rendered":"<p>La semaine derni\u00e8re, le vice-pr\u00e9sident de la BCE, Luis de Guindos, dans son discours lors d&#39;une r\u00e9union organis\u00e9e par Asval et Europa Press, a soulign\u00e9 l&#39;importance de la s\u00e9curit\u00e9 juridique pour <a href=\"https:\/\/alegria-realestate.com\/ru\/sale\">le march\u00e9 immobilier espagnol<\/a> et a mis en garde contre les cons\u00e9quences n\u00e9gatives que la crise du secteur menace pour l&#39;ensemble de l&#39;\u00e9conomie. Cependant, il n&#39;a pas tard\u00e9 \u00e0 souligner que la probabilit\u00e9 d&#39;un tel sc\u00e9nario est extr\u00eamement faible. Lorsqu&#39;on lui a demand\u00e9 comment il \u00e9valuait les derni\u00e8res mesures prises par le gouvernement espagnol dans le domaine de la r\u00e9gulation du march\u00e9 immobilier, y compris le d\u00e9cret sur l&#39;interdiction des expulsions, Guindos a d\u00e9clar\u00e9 qu&#39;il exprime son opinion purement personnelle : \u00ab La s\u00e9curit\u00e9 juridique est tr\u00e8s importante. Les march\u00e9s o\u00f9 il y a une offre importante de locations et une plus grande stabilit\u00e9 des prix sont ceux qui ont un cadre juridique bien \u00e9tabli. Dans le cadre d&#39;une br\u00e8ve analyse de la situation actuelle, Guindos a pr\u00e9sent\u00e9 un cadre macro\u00e9conomique pour d\u00e9montrer que le sc\u00e9nario de croissance de la BCE reste r\u00e9aliste, cependant, des chiffres inf\u00e9rieurs sont possibles au premier semestre, qui sont toutefois compens\u00e9s par des chiffres plus \u00e9lev\u00e9s. dans la seconde moiti\u00e9 de l&#39;ann\u00e9e. Guindos a soulign\u00e9 que les mesures prises par les pays pour soutenir les familles ( <a href=\"https:\/\/alegria-realestate.com\/ru\/articles\/erte-spain\">comme l&#39;ERTE en Espagne<\/a> ) ont aid\u00e9 le march\u00e9 du logement \u00e0 traverser la crise sanitaire et n&#39;ont gu\u00e8re perdu de terrain. Le march\u00e9 de l&#39;immobilier commercial a le plus souffert, avec des ventes en forte baisse, ce qui pourrait entra\u00eener une baisse des prix \u00e0 l&#39;avenir. \u00c0 leur tour, d&#39;autres experts qui ont \u00e9galement particip\u00e9 \u00e0 la r\u00e9union ont exprim\u00e9 leur opinion sur la situation du march\u00e9 et les nouvelles mesures prises par le gouvernement. &quot;Chaque fois, il y a de plus en plus de mesures qui restreignent les droits de propri\u00e9t\u00e9 et auxquelles le terme d&#39;expropriation peut \u00eatre appliqu\u00e9&quot;, a d\u00e9clar\u00e9 Juan Pablo Vera, PDG de Testa. Eduardo Mendiluse, directeur g\u00e9n\u00e9ral des soci\u00e9t\u00e9s Aliseda et Anticipa appartenant \u00e0 Blackstone, s&#39;est prononc\u00e9 contre une prochaine loi visant \u00e0 r\u00e9glementer les prix de location, qui aurait des r\u00e9percussions n\u00e9gatives sur les grands propri\u00e9taires. &quot;Les prix des loyers s&#39;autor\u00e9gulent d\u00e9j\u00e0&quot;, a-t-il dit, ajoutant que contrairement \u00e0 la crise de 2008, cette fois les expulsions seront dues au non-paiement des loyers. \u00c0 cet \u00e9gard, il a sugg\u00e9r\u00e9 de r\u00e9fl\u00e9chir \u00e0 de nouvelles formules qui aideraient \u00e0 r\u00e9soudre la situation apr\u00e8s la fin de l&#39;\u00e9tat d&#39;urgence en Espagne. Dans le m\u00eame temps, il a soulign\u00e9 que le secteur n&#39;aime pas les mesures propos\u00e9es par le gouvernement. Mendiluse estime que la meilleure solution serait de verser une aide directe en esp\u00e8ces aux locataires.<\/p>","protected":false},"excerpt":{"rendered":"<p>La semaine derni\u00e8re, le vice-pr\u00e9sident de la BCE, Luis\u2026<\/p>\n","protected":false},"author":18,"featured_media":414915,"comment_status":"closed","ping_status":"closed","sticky":false,"template":"","format":"standard","meta":{"footnotes":""},"categories":[15],"tags":[],"class_list":["post-414914","post","type-post","status-publish","format-standard","has-post-thumbnail","hentry","category-news"],"yoast_head":"<!-- This site is optimized with the Yoast SEO plugin v27.5 - https:\/\/yoast.com\/product\/yoast-seo-wordpress\/ -->\n<title>\u0412\u0438\u0446\u0435-\u043f\u0440\u0435\u0437\u0438\u0434\u0435\u043d\u0442 \u0415\u0426\u0411 \u041b\u0443\u0438\u0441 \u0434\u0435 \u0413\u0438\u043d\u0434\u043e\u0441 \u043f\u043e\u0434\u0447\u0435\u0440\u043a\u043d\u0443\u043b \u0432\u0430\u0436\u043d\u043e\u0441\u0442\u044c \u043e\u0431\u0435\u0441\u043f\u0435\u0447\u0435\u043d\u0438\u044f \u043f\u0440\u0430\u0432\u043e\u0432\u043e\u0439 \u0431\u0435\u0437\u043e\u043f\u0430\u0441\u043d\u043e\u0441\u0442\u0438 \u0440\u044b\u043d\u043a\u0443 \u043d\u0435\u0434\u0432\u0438\u0436\u0438\u043c\u043e\u0441\u0442\u0438 \u0432 \u0418\u0441\u043f\u0430\u043d\u0438\u0438<\/title>\n<meta name=\"description\" content=\"\u041b\u0443\u0438\u0441 \u0434\u0435 \u0413\u0438\u043d\u0434\u043e\u0441 \u0432 \u0440\u0430\u043c\u043a\u0430\u0445 \u0441\u0432\u043e\u0435\u0433\u043e \u0432\u044b\u0441\u0442\u0443\u043f\u043b\u0435\u043d\u0438\u044f \u043d\u0430 \u0432\u0441\u0442\u0440\u0435\u0447\u0435, \u043e\u0440\u0433\u0430\u043d\u0438\u0437\u043e\u0432\u0430\u043d\u043d\u043e\u0439 Asval \u0438 Europa Press, \u043f\u043e\u0434\u0447\u0435\u0440\u043a\u043d\u0443\u043b \u0432\u0430\u0436\u043d\u043e\u0441\u0442\u044c \u043e\u0431\u0435\u0441\u043f\u0435\u0447\u0435\u043d\u0438\u044f \u043f\u0440\u0430\u0432\u043e\u0432\u043e\u0439 \u0431\u0435\u0437\u043e\u043f\u0430\u0441\u043d\u043e\u0441\u0442\u0438 \u0434\u043b\u044f \u0440\u044b\u043d\u043a\u0430 \u043d\u0435\u0434\u0432\u0438\u0436\u0438\u043c\u043e\u0441\u0442\u0438.\" \/>\n<meta name=\"robots\" content=\"index, follow, max-snippet:-1, max-image-preview:large, max-video-preview:-1\" \/>\n<link rel=\"canonical\" href=\"https:\/\/alegria-realestate.com\/fr\/wp-json\/wp\/v2\/posts\/414914\" \/>\n<meta property=\"og:locale\" content=\"fr_FR\" \/>\n<meta property=\"og:type\" content=\"article\" \/>\n<meta property=\"og:title\" content=\"\u0412\u0438\u0446\u0435-\u043f\u0440\u0435\u0437\u0438\u0434\u0435\u043d\u0442 \u0415\u0426\u0411 \u041b\u0443\u0438\u0441 \u0434\u0435 \u0413\u0438\u043d\u0434\u043e\u0441 \u043f\u043e\u0434\u0447\u0435\u0440\u043a\u043d\u0443\u043b \u0432\u0430\u0436\u043d\u043e\u0441\u0442\u044c \u043e\u0431\u0435\u0441\u043f\u0435\u0447\u0435\u043d\u0438\u044f \u043f\u0440\u0430\u0432\u043e\u0432\u043e\u0439 \u0431\u0435\u0437\u043e\u043f\u0430\u0441\u043d\u043e\u0441\u0442\u0438 \u0440\u044b\u043d\u043a\u0443 \u043d\u0435\u0434\u0432\u0438\u0436\u0438\u043c\u043e\u0441\u0442\u0438 \u0432 \u0418\u0441\u043f\u0430\u043d\u0438\u0438\" \/>\n<meta property=\"og:description\" content=\"\u041b\u0443\u0438\u0441 \u0434\u0435 \u0413\u0438\u043d\u0434\u043e\u0441 \u0432 \u0440\u0430\u043c\u043a\u0430\u0445 \u0441\u0432\u043e\u0435\u0433\u043e \u0432\u044b\u0441\u0442\u0443\u043f\u043b\u0435\u043d\u0438\u044f \u043d\u0430 \u0432\u0441\u0442\u0440\u0435\u0447\u0435, \u043e\u0440\u0433\u0430\u043d\u0438\u0437\u043e\u0432\u0430\u043d\u043d\u043e\u0439 Asval \u0438 Europa Press, \u043f\u043e\u0434\u0447\u0435\u0440\u043a\u043d\u0443\u043b \u0432\u0430\u0436\u043d\u043e\u0441\u0442\u044c \u043e\u0431\u0435\u0441\u043f\u0435\u0447\u0435\u043d\u0438\u044f \u043f\u0440\u0430\u0432\u043e\u0432\u043e\u0439 \u0431\u0435\u0437\u043e\u043f\u0430\u0441\u043d\u043e\u0441\u0442\u0438 \u0434\u043b\u044f \u0440\u044b\u043d\u043a\u0430 \u043d\u0435\u0434\u0432\u0438\u0436\u0438\u043c\u043e\u0441\u0442\u0438.\" \/>\n<meta property=\"og:url\" content=\"https:\/\/alegria-realestate.com\/fr\/wp-json\/wp\/v2\/posts\/414914\" \/>\n<meta property=\"og:site_name\" content=\"Immobilier en Espagne\" \/>\n<meta property=\"article:publisher\" content=\"https:\/\/www.facebook.com\/realestate.alegria\" \/>\n<meta property=\"article:published_time\" content=\"2021-02-24T15:18:54+00:00\" \/>\n<meta property=\"article:modified_time\" content=\"2025-08-14T18:27:40+00:00\" \/>\n<meta property=\"og:image\" content=\"https:\/\/alegria-realestate.com\/wp-content\/uploads\/2021\/02\/ALEGRIA-10.png\" \/>\n\t<meta property=\"og:image:width\" content=\"780\" \/>\n\t<meta property=\"og:image:height\" content=\"348\" \/>\n\t<meta property=\"og:image:type\" content=\"image\/png\" \/>\n<meta name=\"author\" content=\"\u0421\u0435\u0440\u0433\u0435\u0439 \u0411\u0435\u043a\u0438\u0448\u0435\u0432\" \/>\n<meta name=\"twitter:card\" content=\"summary_large_image\" \/>\n<meta name=\"twitter:creator\" content=\"@alegriarealesta\" \/>\n<meta name=\"twitter:site\" content=\"@alegriarealesta\" \/>\n<script type=\"application\/ld+json\" class=\"yoast-schema-graph\">{\"@context\":\"https:\\\/\\\/schema.org\",\"@graph\":[{\"@type\":\"Article\",\"@id\":\"https:\\\/\\\/alegria-realestate.com\\\/fr\\\/articles\\\/news\\\/luis-de-guindos-providing-legal-security-to-the-real-estate-market-in-spain#article\",\"isPartOf\":{\"@id\":\"https:\\\/\\\/alegria-realestate.com\\\/fr\\\/articles\\\/news\\\/luis-de-guindos-providing-legal-security-to-the-real-estate-market-in-spain\"},\"author\":{\"name\":\"\u0421\u0435\u0440\u0433\u0435\u0439 \u0411\u0435\u043a\u0438\u0448\u0435\u0432\",\"@id\":\"https:\\\/\\\/alegria-realestate.com\\\/#\\\/schema\\\/person\\\/9d285f0a34620d7fb8e3836f93b5522c\"},\"headline\":\"Luis de Guindos a soulign\u00e9 l&#39;importance d&#39;assurer la s\u00e9curit\u00e9 juridique du march\u00e9 immobilier en Espagne\",\"datePublished\":\"2021-02-24T15:18:54+00:00\",\"dateModified\":\"2025-08-14T18:27:40+00:00\",\"mainEntityOfPage\":{\"@id\":\"https:\\\/\\\/alegria-realestate.com\\\/fr\\\/articles\\\/news\\\/luis-de-guindos-providing-legal-security-to-the-real-estate-market-in-spain\"},\"wordCount\":3013,\"publisher\":{\"@id\":\"https:\\\/\\\/alegria-realestate.com\\\/#organization\"},\"image\":{\"@id\":\"https:\\\/\\\/alegria-realestate.com\\\/fr\\\/articles\\\/news\\\/luis-de-guindos-providing-legal-security-to-the-real-estate-market-in-spain#primaryimage\"},\"thumbnailUrl\":\"https:\\\/\\\/alegria-realestate.com\\\/wp-content\\\/uploads\\\/2021\\\/02\\\/ALEGRIA-10.png\",\"articleSection\":[\"Actualit\u00e9s\"],\"inLanguage\":\"fr-FR\"},{\"@type\":\"WebPage\",\"@id\":\"https:\\\/\\\/alegria-realestate.com\\\/fr\\\/articles\\\/news\\\/luis-de-guindos-providing-legal-security-to-the-real-estate-market-in-spain\",\"url\":\"https:\\\/\\\/alegria-realestate.com\\\/fr\\\/articles\\\/news\\\/luis-de-guindos-providing-legal-security-to-the-real-estate-market-in-spain\",\"name\":\"\u0412\u0438\u0446\u0435-\u043f\u0440\u0435\u0437\u0438\u0434\u0435\u043d\u0442 \u0415\u0426\u0411 \u041b\u0443\u0438\u0441 \u0434\u0435 \u0413\u0438\u043d\u0434\u043e\u0441 \u043f\u043e\u0434\u0447\u0435\u0440\u043a\u043d\u0443\u043b \u0432\u0430\u0436\u043d\u043e\u0441\u0442\u044c \u043e\u0431\u0435\u0441\u043f\u0435\u0447\u0435\u043d\u0438\u044f \u043f\u0440\u0430\u0432\u043e\u0432\u043e\u0439 \u0431\u0435\u0437\u043e\u043f\u0430\u0441\u043d\u043e\u0441\u0442\u0438 \u0440\u044b\u043d\u043a\u0443 \u043d\u0435\u0434\u0432\u0438\u0436\u0438\u043c\u043e\u0441\u0442\u0438 \u0432 \u0418\u0441\u043f\u0430\u043d\u0438\u0438\",\"isPartOf\":{\"@id\":\"https:\\\/\\\/alegria-realestate.com\\\/fr\\\/#website\"},\"primaryImageOfPage\":{\"@id\":\"https:\\\/\\\/alegria-realestate.com\\\/fr\\\/articles\\\/news\\\/luis-de-guindos-providing-legal-security-to-the-real-estate-market-in-spain#primaryimage\"},\"image\":{\"@id\":\"https:\\\/\\\/alegria-realestate.com\\\/fr\\\/articles\\\/news\\\/luis-de-guindos-providing-legal-security-to-the-real-estate-market-in-spain#primaryimage\"},\"thumbnailUrl\":\"https:\\\/\\\/alegria-realestate.com\\\/wp-content\\\/uploads\\\/2021\\\/02\\\/ALEGRIA-10.png\",\"datePublished\":\"2021-02-24T15:18:54+00:00\",\"dateModified\":\"2025-08-14T18:27:40+00:00\",\"description\":\"\u041b\u0443\u0438\u0441 \u0434\u0435 \u0413\u0438\u043d\u0434\u043e\u0441 \u0432 \u0440\u0430\u043c\u043a\u0430\u0445 \u0441\u0432\u043e\u0435\u0433\u043e \u0432\u044b\u0441\u0442\u0443\u043f\u043b\u0435\u043d\u0438\u044f \u043d\u0430 \u0432\u0441\u0442\u0440\u0435\u0447\u0435, \u043e\u0440\u0433\u0430\u043d\u0438\u0437\u043e\u0432\u0430\u043d\u043d\u043e\u0439 Asval \u0438 Europa Press, \u043f\u043e\u0434\u0447\u0435\u0440\u043a\u043d\u0443\u043b \u0432\u0430\u0436\u043d\u043e\u0441\u0442\u044c \u043e\u0431\u0435\u0441\u043f\u0435\u0447\u0435\u043d\u0438\u044f \u043f\u0440\u0430\u0432\u043e\u0432\u043e\u0439 \u0431\u0435\u0437\u043e\u043f\u0430\u0441\u043d\u043e\u0441\u0442\u0438 \u0434\u043b\u044f \u0440\u044b\u043d\u043a\u0430 \u043d\u0435\u0434\u0432\u0438\u0436\u0438\u043c\u043e\u0441\u0442\u0438.\",\"breadcrumb\":{\"@id\":\"https:\\\/\\\/alegria-realestate.com\\\/fr\\\/articles\\\/news\\\/luis-de-guindos-providing-legal-security-to-the-real-estate-market-in-spain#breadcrumb\"},\"inLanguage\":\"fr-FR\",\"potentialAction\":[{\"@type\":\"ReadAction\",\"target\":[[\"https:\\\/\\\/alegria-realestate.com\\\/fr\\\/articles\\\/news\\\/luis-de-guindos-providing-legal-security-to-the-real-estate-market-in-spain\"]]}]},{\"@type\":\"ImageObject\",\"inLanguage\":\"fr-FR\",\"@id\":\"https:\\\/\\\/alegria-realestate.com\\\/fr\\\/articles\\\/news\\\/luis-de-guindos-providing-legal-security-to-the-real-estate-market-in-spain#primaryimage\",\"url\":\"https:\\\/\\\/alegria-realestate.com\\\/wp-content\\\/uploads\\\/2021\\\/02\\\/ALEGRIA-10.png\",\"contentUrl\":\"https:\\\/\\\/alegria-realestate.com\\\/wp-content\\\/uploads\\\/2021\\\/02\\\/ALEGRIA-10.png\",\"width\":780,\"height\":348,\"caption\":\"Luis de Guindos providing legal security to the real estate market in Spain\"},{\"@type\":\"BreadcrumbList\",\"@id\":\"https:\\\/\\\/alegria-realestate.com\\\/fr\\\/articles\\\/news\\\/luis-de-guindos-providing-legal-security-to-the-real-estate-market-in-spain#breadcrumb\",\"itemListElement\":[{\"@type\":\"ListItem\",\"position\":1,\"name\":\"\u0413\u043b\u0430\u0432\u043d\u0430\u044f \u0441\u0442\u0440\u0430\u043d\u0438\u0446\u0430\",\"item\":\"https:\\\/\\\/alegria-realestate.com\\\/fr\\\/\"},{\"@type\":\"ListItem\",\"position\":2,\"name\":\"Luis de Guindos a soulign\u00e9 l&#39;importance d&#39;assurer la s\u00e9curit\u00e9 juridique du march\u00e9 immobilier en Espagne\"}]},{\"@type\":\"WebSite\",\"@id\":\"https:\\\/\\\/alegria-realestate.com\\\/fr\\\/#website\",\"url\":\"https:\\\/\\\/alegria-realestate.com\\\/fr\\\/\",\"name\":\"Immobilier en Espagne\",\"description\":\"Immobilier en Espagne : ventes dans toutes les villes - Torrevieja, Alicante, Benidorm, etc. Nous vous aiderons \u00e0 acheter un bien immobilier sur la Costa Blanca - logements secondaires, b\u00e2timents neufs. Conception cl\u00e9 en main. Propri\u00e9t\u00e9 sur la Costa Blanca \u00e0 partir de 80 000 \u20ac.\",\"publisher\":{\"@id\":\"https:\\\/\\\/alegria-realestate.com\\\/fr\\\/#organization\"},\"potentialAction\":[{\"@type\":\"SearchAction\",\"target\":{\"@type\":\"EntryPoint\",\"urlTemplate\":\"https:\\\/\\\/alegria-realestate.com\\\/fr\\\/?s={search_term_string}\"},\"query-input\":{\"@type\":\"PropertyValueSpecification\",\"valueRequired\":true,\"valueName\":\"search_term_string\"}}],\"inLanguage\":\"fr-FR\"},{\"@type\":\"Organization\",\"@id\":\"https:\\\/\\\/alegria-realestate.com\\\/fr\\\/#organization\",\"name\":\"Alegria Realestate\",\"url\":\"https:\\\/\\\/alegria-realestate.com\\\/fr\\\/\",\"logo\":{\"@type\":\"ImageObject\",\"inLanguage\":\"fr-FR\",\"@id\":\"https:\\\/\\\/alegria-realestate.com\\\/fr\\\/#\\\/schema\\\/logo\\\/image\\\/\",\"url\":\"https:\\\/\\\/alegria-realestate.com\\\/wp-content\\\/uploads\\\/2019\\\/08\\\/logo_alegria.png\",\"contentUrl\":\"https:\\\/\\\/alegria-realestate.com\\\/wp-content\\\/uploads\\\/2019\\\/08\\\/logo_alegria.png\",\"width\":1600,\"height\":1403,\"caption\":\"Alegria Realestate\"},\"image\":{\"@id\":\"https:\\\/\\\/alegria-realestate.com\\\/fr\\\/#\\\/schema\\\/logo\\\/image\\\/\"},\"sameAs\":[\"https:\\\/\\\/www.facebook.com\\\/realestate.alegria\",\"https:\\\/\\\/x.com\\\/alegriarealesta\",\"https:\\\/\\\/www.instagram.com\\\/alegriadom\\\/\",\"https:\\\/\\\/www.linkedin.com\\\/profile\\\/view?id=154965227\",\"https:\\\/\\\/www.youtube.com\\\/user\\\/AlegriaRealEstate\"]},{\"@type\":\"Person\",\"@id\":\"https:\\\/\\\/alegria-realestate.com\\\/#\\\/schema\\\/person\\\/9d285f0a34620d7fb8e3836f93b5522c\",\"name\":\"\u0421\u0435\u0440\u0433\u0435\u0439 \u0411\u0435\u043a\u0438\u0448\u0435\u0432\"}]}<\/script>\n<!-- \/ Yoast SEO plugin. -->","yoast_head_json":{"title":"\u0412\u0438\u0446\u0435-\u043f\u0440\u0435\u0437\u0438\u0434\u0435\u043d\u0442 \u0415\u0426\u0411 \u041b\u0443\u0438\u0441 \u0434\u0435 \u0413\u0438\u043d\u0434\u043e\u0441 \u043f\u043e\u0434\u0447\u0435\u0440\u043a\u043d\u0443\u043b \u0432\u0430\u0436\u043d\u043e\u0441\u0442\u044c \u043e\u0431\u0435\u0441\u043f\u0435\u0447\u0435\u043d\u0438\u044f \u043f\u0440\u0430\u0432\u043e\u0432\u043e\u0439 \u0431\u0435\u0437\u043e\u043f\u0430\u0441\u043d\u043e\u0441\u0442\u0438 \u0440\u044b\u043d\u043a\u0443 \u043d\u0435\u0434\u0432\u0438\u0436\u0438\u043c\u043e\u0441\u0442\u0438 \u0432 \u0418\u0441\u043f\u0430\u043d\u0438\u0438","description":"\u041b\u0443\u0438\u0441 \u0434\u0435 \u0413\u0438\u043d\u0434\u043e\u0441 \u0432 \u0440\u0430\u043c\u043a\u0430\u0445 \u0441\u0432\u043e\u0435\u0433\u043e \u0432\u044b\u0441\u0442\u0443\u043f\u043b\u0435\u043d\u0438\u044f \u043d\u0430 \u0432\u0441\u0442\u0440\u0435\u0447\u0435, \u043e\u0440\u0433\u0430\u043d\u0438\u0437\u043e\u0432\u0430\u043d\u043d\u043e\u0439 Asval \u0438 Europa Press, \u043f\u043e\u0434\u0447\u0435\u0440\u043a\u043d\u0443\u043b \u0432\u0430\u0436\u043d\u043e\u0441\u0442\u044c \u043e\u0431\u0435\u0441\u043f\u0435\u0447\u0435\u043d\u0438\u044f \u043f\u0440\u0430\u0432\u043e\u0432\u043e\u0439 \u0431\u0435\u0437\u043e\u043f\u0430\u0441\u043d\u043e\u0441\u0442\u0438 \u0434\u043b\u044f \u0440\u044b\u043d\u043a\u0430 \u043d\u0435\u0434\u0432\u0438\u0436\u0438\u043c\u043e\u0441\u0442\u0438.","robots":{"index":"index","follow":"follow","max-snippet":"max-snippet:-1","max-image-preview":"max-image-preview:large","max-video-preview":"max-video-preview:-1"},"canonical":"https:\/\/alegria-realestate.com\/fr\/wp-json\/wp\/v2\/posts\/414914","og_locale":"fr_FR","og_type":"article","og_title":"\u0412\u0438\u0446\u0435-\u043f\u0440\u0435\u0437\u0438\u0434\u0435\u043d\u0442 \u0415\u0426\u0411 \u041b\u0443\u0438\u0441 \u0434\u0435 \u0413\u0438\u043d\u0434\u043e\u0441 \u043f\u043e\u0434\u0447\u0435\u0440\u043a\u043d\u0443\u043b \u0432\u0430\u0436\u043d\u043e\u0441\u0442\u044c \u043e\u0431\u0435\u0441\u043f\u0435\u0447\u0435\u043d\u0438\u044f \u043f\u0440\u0430\u0432\u043e\u0432\u043e\u0439 \u0431\u0435\u0437\u043e\u043f\u0430\u0441\u043d\u043e\u0441\u0442\u0438 \u0440\u044b\u043d\u043a\u0443 \u043d\u0435\u0434\u0432\u0438\u0436\u0438\u043c\u043e\u0441\u0442\u0438 \u0432 \u0418\u0441\u043f\u0430\u043d\u0438\u0438","og_description":"\u041b\u0443\u0438\u0441 \u0434\u0435 \u0413\u0438\u043d\u0434\u043e\u0441 \u0432 \u0440\u0430\u043c\u043a\u0430\u0445 \u0441\u0432\u043e\u0435\u0433\u043e \u0432\u044b\u0441\u0442\u0443\u043f\u043b\u0435\u043d\u0438\u044f \u043d\u0430 \u0432\u0441\u0442\u0440\u0435\u0447\u0435, \u043e\u0440\u0433\u0430\u043d\u0438\u0437\u043e\u0432\u0430\u043d\u043d\u043e\u0439 Asval \u0438 Europa Press, \u043f\u043e\u0434\u0447\u0435\u0440\u043a\u043d\u0443\u043b \u0432\u0430\u0436\u043d\u043e\u0441\u0442\u044c \u043e\u0431\u0435\u0441\u043f\u0435\u0447\u0435\u043d\u0438\u044f \u043f\u0440\u0430\u0432\u043e\u0432\u043e\u0439 \u0431\u0435\u0437\u043e\u043f\u0430\u0441\u043d\u043e\u0441\u0442\u0438 \u0434\u043b\u044f \u0440\u044b\u043d\u043a\u0430 \u043d\u0435\u0434\u0432\u0438\u0436\u0438\u043c\u043e\u0441\u0442\u0438.","og_url":"https:\/\/alegria-realestate.com\/fr\/wp-json\/wp\/v2\/posts\/414914","og_site_name":"Immobilier en Espagne","article_publisher":"https:\/\/www.facebook.com\/realestate.alegria","article_published_time":"2021-02-24T15:18:54+00:00","article_modified_time":"2025-08-14T18:27:40+00:00","og_image":[{"width":780,"height":348,"url":"https:\/\/alegria-realestate.com\/wp-content\/uploads\/2021\/02\/ALEGRIA-10.png","type":"image\/png"}],"author":"\u0421\u0435\u0440\u0433\u0435\u0439 \u0411\u0435\u043a\u0438\u0448\u0435\u0432","twitter_card":"summary_large_image","twitter_creator":"@alegriarealesta","twitter_site":"@alegriarealesta","schema":{"@context":"https:\/\/schema.org","@graph":[{"@type":"Article","@id":"https:\/\/alegria-realestate.com\/fr\/articles\/news\/luis-de-guindos-providing-legal-security-to-the-real-estate-market-in-spain#article","isPartOf":{"@id":"https:\/\/alegria-realestate.com\/fr\/articles\/news\/luis-de-guindos-providing-legal-security-to-the-real-estate-market-in-spain"},"author":{"name":"\u0421\u0435\u0440\u0433\u0435\u0439 \u0411\u0435\u043a\u0438\u0448\u0435\u0432","@id":"https:\/\/alegria-realestate.com\/#\/schema\/person\/9d285f0a34620d7fb8e3836f93b5522c"},"headline":"Luis de Guindos a soulign\u00e9 l&#39;importance d&#39;assurer la s\u00e9curit\u00e9 juridique du march\u00e9 immobilier en Espagne","datePublished":"2021-02-24T15:18:54+00:00","dateModified":"2025-08-14T18:27:40+00:00","mainEntityOfPage":{"@id":"https:\/\/alegria-realestate.com\/fr\/articles\/news\/luis-de-guindos-providing-legal-security-to-the-real-estate-market-in-spain"},"wordCount":3013,"publisher":{"@id":"https:\/\/alegria-realestate.com\/#organization"},"image":{"@id":"https:\/\/alegria-realestate.com\/fr\/articles\/news\/luis-de-guindos-providing-legal-security-to-the-real-estate-market-in-spain#primaryimage"},"thumbnailUrl":"https:\/\/alegria-realestate.com\/wp-content\/uploads\/2021\/02\/ALEGRIA-10.png","articleSection":["Actualit\u00e9s"],"inLanguage":"fr-FR"},{"@type":"WebPage","@id":"https:\/\/alegria-realestate.com\/fr\/articles\/news\/luis-de-guindos-providing-legal-security-to-the-real-estate-market-in-spain","url":"https:\/\/alegria-realestate.com\/fr\/articles\/news\/luis-de-guindos-providing-legal-security-to-the-real-estate-market-in-spain","name":"\u0412\u0438\u0446\u0435-\u043f\u0440\u0435\u0437\u0438\u0434\u0435\u043d\u0442 \u0415\u0426\u0411 \u041b\u0443\u0438\u0441 \u0434\u0435 \u0413\u0438\u043d\u0434\u043e\u0441 \u043f\u043e\u0434\u0447\u0435\u0440\u043a\u043d\u0443\u043b \u0432\u0430\u0436\u043d\u043e\u0441\u0442\u044c \u043e\u0431\u0435\u0441\u043f\u0435\u0447\u0435\u043d\u0438\u044f \u043f\u0440\u0430\u0432\u043e\u0432\u043e\u0439 \u0431\u0435\u0437\u043e\u043f\u0430\u0441\u043d\u043e\u0441\u0442\u0438 \u0440\u044b\u043d\u043a\u0443 \u043d\u0435\u0434\u0432\u0438\u0436\u0438\u043c\u043e\u0441\u0442\u0438 \u0432 \u0418\u0441\u043f\u0430\u043d\u0438\u0438","isPartOf":{"@id":"https:\/\/alegria-realestate.com\/fr\/#website"},"primaryImageOfPage":{"@id":"https:\/\/alegria-realestate.com\/fr\/articles\/news\/luis-de-guindos-providing-legal-security-to-the-real-estate-market-in-spain#primaryimage"},"image":{"@id":"https:\/\/alegria-realestate.com\/fr\/articles\/news\/luis-de-guindos-providing-legal-security-to-the-real-estate-market-in-spain#primaryimage"},"thumbnailUrl":"https:\/\/alegria-realestate.com\/wp-content\/uploads\/2021\/02\/ALEGRIA-10.png","datePublished":"2021-02-24T15:18:54+00:00","dateModified":"2025-08-14T18:27:40+00:00","description":"\u041b\u0443\u0438\u0441 \u0434\u0435 \u0413\u0438\u043d\u0434\u043e\u0441 \u0432 \u0440\u0430\u043c\u043a\u0430\u0445 \u0441\u0432\u043e\u0435\u0433\u043e \u0432\u044b\u0441\u0442\u0443\u043f\u043b\u0435\u043d\u0438\u044f \u043d\u0430 \u0432\u0441\u0442\u0440\u0435\u0447\u0435, \u043e\u0440\u0433\u0430\u043d\u0438\u0437\u043e\u0432\u0430\u043d\u043d\u043e\u0439 Asval \u0438 Europa Press, \u043f\u043e\u0434\u0447\u0435\u0440\u043a\u043d\u0443\u043b \u0432\u0430\u0436\u043d\u043e\u0441\u0442\u044c \u043e\u0431\u0435\u0441\u043f\u0435\u0447\u0435\u043d\u0438\u044f \u043f\u0440\u0430\u0432\u043e\u0432\u043e\u0439 \u0431\u0435\u0437\u043e\u043f\u0430\u0441\u043d\u043e\u0441\u0442\u0438 \u0434\u043b\u044f \u0440\u044b\u043d\u043a\u0430 \u043d\u0435\u0434\u0432\u0438\u0436\u0438\u043c\u043e\u0441\u0442\u0438.","breadcrumb":{"@id":"https:\/\/alegria-realestate.com\/fr\/articles\/news\/luis-de-guindos-providing-legal-security-to-the-real-estate-market-in-spain#breadcrumb"},"inLanguage":"fr-FR","potentialAction":[{"@type":"ReadAction","target":[["https:\/\/alegria-realestate.com\/fr\/articles\/news\/luis-de-guindos-providing-legal-security-to-the-real-estate-market-in-spain"]]}]},{"@type":"ImageObject","inLanguage":"fr-FR","@id":"https:\/\/alegria-realestate.com\/fr\/articles\/news\/luis-de-guindos-providing-legal-security-to-the-real-estate-market-in-spain#primaryimage","url":"https:\/\/alegria-realestate.com\/wp-content\/uploads\/2021\/02\/ALEGRIA-10.png","contentUrl":"https:\/\/alegria-realestate.com\/wp-content\/uploads\/2021\/02\/ALEGRIA-10.png","width":780,"height":348,"caption":"Luis de Guindos providing legal security to the real estate market in Spain"},{"@type":"BreadcrumbList","@id":"https:\/\/alegria-realestate.com\/fr\/articles\/news\/luis-de-guindos-providing-legal-security-to-the-real-estate-market-in-spain#breadcrumb","itemListElement":[{"@type":"ListItem","position":1,"name":"\u0413\u043b\u0430\u0432\u043d\u0430\u044f \u0441\u0442\u0440\u0430\u043d\u0438\u0446\u0430","item":"https:\/\/alegria-realestate.com\/fr\/"},{"@type":"ListItem","position":2,"name":"Luis de Guindos a soulign\u00e9 l&#39;importance d&#39;assurer la s\u00e9curit\u00e9 juridique du march\u00e9 immobilier en Espagne"}]},{"@type":"WebSite","@id":"https:\/\/alegria-realestate.com\/fr\/#website","url":"https:\/\/alegria-realestate.com\/fr\/","name":"Immobilier en Espagne","description":"Immobilier en Espagne : ventes dans toutes les villes - Torrevieja, Alicante, Benidorm, etc. Nous vous aiderons \u00e0 acheter un bien immobilier sur la Costa Blanca - logements secondaires, b\u00e2timents neufs. Conception cl\u00e9 en main. Propri\u00e9t\u00e9 sur la Costa Blanca \u00e0 partir de 80 000 \u20ac.","publisher":{"@id":"https:\/\/alegria-realestate.com\/fr\/#organization"},"potentialAction":[{"@type":"SearchAction","target":{"@type":"EntryPoint","urlTemplate":"https:\/\/alegria-realestate.com\/fr\/?s={search_term_string}"},"query-input":{"@type":"PropertyValueSpecification","valueRequired":true,"valueName":"search_term_string"}}],"inLanguage":"fr-FR"},{"@type":"Organization","@id":"https:\/\/alegria-realestate.com\/fr\/#organization","name":"Alegria Realestate","url":"https:\/\/alegria-realestate.com\/fr\/","logo":{"@type":"ImageObject","inLanguage":"fr-FR","@id":"https:\/\/alegria-realestate.com\/fr\/#\/schema\/logo\/image\/","url":"https:\/\/alegria-realestate.com\/wp-content\/uploads\/2019\/08\/logo_alegria.png","contentUrl":"https:\/\/alegria-realestate.com\/wp-content\/uploads\/2019\/08\/logo_alegria.png","width":1600,"height":1403,"caption":"Alegria Realestate"},"image":{"@id":"https:\/\/alegria-realestate.com\/fr\/#\/schema\/logo\/image\/"},"sameAs":["https:\/\/www.facebook.com\/realestate.alegria","https:\/\/x.com\/alegriarealesta","https:\/\/www.instagram.com\/alegriadom\/","https:\/\/www.linkedin.com\/profile\/view?id=154965227","https:\/\/www.youtube.com\/user\/AlegriaRealEstate"]},{"@type":"Person","@id":"https:\/\/alegria-realestate.com\/#\/schema\/person\/9d285f0a34620d7fb8e3836f93b5522c","name":"\u0421\u0435\u0440\u0433\u0435\u0439 \u0411\u0435\u043a\u0438\u0448\u0435\u0432"}]}},"_links":{"self":[{"href":"https:\/\/alegria-realestate.com\/fr\/wp-json\/wp\/v2\/posts\/414914","targetHints":{"allow":["GET"]}}],"collection":[{"href":"https:\/\/alegria-realestate.com\/fr\/wp-json\/wp\/v2\/posts"}],"about":[{"href":"https:\/\/alegria-realestate.com\/fr\/wp-json\/wp\/v2\/types\/post"}],"author":[{"embeddable":true,"href":"https:\/\/alegria-realestate.com\/fr\/wp-json\/wp\/v2\/users\/18"}],"replies":[{"embeddable":true,"href":"https:\/\/alegria-realestate.com\/fr\/wp-json\/wp\/v2\/comments?post=414914"}],"version-history":[{"count":1,"href":"https:\/\/alegria-realestate.com\/fr\/wp-json\/wp\/v2\/posts\/414914\/revisions"}],"predecessor-version":[{"id":837428,"href":"https:\/\/alegria-realestate.com\/fr\/wp-json\/wp\/v2\/posts\/414914\/revisions\/837428"}],"wp:featuredmedia":[{"embeddable":true,"href":"https:\/\/alegria-realestate.com\/fr\/wp-json\/wp\/v2\/media\/414915"}],"wp:attachment":[{"href":"https:\/\/alegria-realestate.com\/fr\/wp-json\/wp\/v2\/media?parent=414914"}],"wp:term":[{"taxonomy":"category","embeddable":true,"href":"https:\/\/alegria-realestate.com\/fr\/wp-json\/wp\/v2\/categories?post=414914"},{"taxonomy":"post_tag","embeddable":true,"href":"https:\/\/alegria-realestate.com\/fr\/wp-json\/wp\/v2\/tags?post=414914"}],"curies":[{"name":"wp","href":"https:\/\/api.w.org\/{rel}","templated":true}]}}