{"id":452496,"date":"2022-05-20T14:15:45","date_gmt":"2022-05-20T11:15:45","guid":{"rendered":"https:\/\/alegria-realestate.com\/?p=452496"},"modified":"2025-08-14T21:32:35","modified_gmt":"2025-08-14T18:32:35","slug":"over-the-year-housing-in-the-valencian-community-has-risen-in-price-by-8-5","status":"publish","type":"post","link":"https:\/\/alegria-realestate.com\/fr\/articles\/news\/over-the-year-housing-in-the-valencian-community-has-risen-in-price-by-8-5","title":{"rendered":"Pour l&#39;ann\u00e9e, le prix du logement secondaire dans la Communaut\u00e9 valencienne a augment\u00e9 de pr\u00e8s de 8,5%"},"content":{"rendered":"<p>Selon les donn\u00e9es de Pisos.com pour fin avril, le prix de <a href=\"https:\/\/alegria-realestate.com\/ru\/sale\">l&#39;immobilier r\u00e9sidentiel<\/a> de revente dans la Communaut\u00e9 valencienne a augment\u00e9 de 8,49 % sur l&#39;ann\u00e9e et de 1,71 % sur le mois. Le co\u00fbt d&#39;un m\u00e8tre carr\u00e9 de logement dans cette autonomie a atteint 1421 euros, tandis que la valeur moyenne dans toute l&#39;Espagne est de 1906 euros (4,82% de plus qu&#39;un an plus t\u00f4t, 0,72% de plus que le mois pr\u00e9c\u00e9dent). Les propri\u00e9t\u00e9s les plus ch\u00e8res sont vendues aux Bal\u00e9ares (3363 \u20ac\/m2) et les moins ch\u00e8res en Estr\u00e9madure (791 \u20ac\/m2). La hausse des prix du &quot;secondaire&quot; (\u00e0 la fois pour le mois et pour l&#39;ann\u00e9e) a eu lieu dans toutes les provinces de la Communaut\u00e9 valencienne et leurs capitales. Il \u00e9tait le plus visible dans la province d&#39;Alicante &#8211; 2,16% et 10,41%, respectivement. Un &quot;carr\u00e9&quot; ici est \u00e9valu\u00e9 \u00e0 1556 euros, tandis qu&#39;\u00e0 Valence, ce chiffre est de 1411 euros et \u00e0 Castell\u00f3n &#8211; 1040 euros. Dans la ville d&#39;Alicante, par rapport \u00e0 avril 2021, les prix des maisons et des appartements en cours d&#39;utilisation ont augment\u00e9 plus que dans les capitales de toutes les autres provinces espagnoles &#8211; de 14,24 %. Maintenant 1 m\u00b2. ils co\u00fbteront 1851 euros, \u00e0 Valence &#8211; 2132 euros et \u00e0 Castell\u00f3n &#8211; 1271. Dans le m\u00eame temps, la croissance des prix de l&#39;immobilier r\u00e9sidentiel secondaire en Espagne est plus que mod\u00e9r\u00e9e dans un contexte d&#39;\u00e9nergie, de mati\u00e8res premi\u00e8res, d&#39;alimentation et de nombreux autres biens et articles de premi\u00e8re n\u00e9cessit\u00e9. Cependant, les investisseurs potentiels qui vont acheter une maison en Espagne avec un pr\u00eat hypoth\u00e9caire doivent garder \u00e0 l&#39;esprit une forte augmentation du taux d&#39;offre interbancaire europ\u00e9en Euribor, qui entra\u00eenera une hausse des prix des <a href=\"https:\/\/alegria-realestate.com\/ru\/service\/mortgage-in-spain\">pr\u00eats hypoth\u00e9caires<\/a> et, par cons\u00e9quent, une augmentation du prix final co\u00fbt de l&#39;objet.<\/p>","protected":false},"excerpt":{"rendered":"<p>Selon les donn\u00e9es de Pisos.com pour fin avril, le\u2026<\/p>\n","protected":false},"author":18,"featured_media":452497,"comment_status":"closed","ping_status":"closed","sticky":false,"template":"","format":"standard","meta":{"footnotes":""},"categories":[15],"tags":[],"class_list":["post-452496","post","type-post","status-publish","format-standard","has-post-thumbnail","hentry","category-news"],"yoast_head":"<!-- This site is optimized with the Yoast SEO plugin v27.5 - https:\/\/yoast.com\/product\/yoast-seo-wordpress\/ -->\n<title>\u0412\u0442\u043e\u0440\u0438\u0447\u043d\u0430\u044f \u0436\u0438\u043b\u0430\u044f \u043d\u0435\u0434\u0432\u0438\u0436\u0438\u043c\u043e\u0441\u0442\u044c \u0432 \u0412\u0430\u043b\u0435\u043d\u0441\u0438\u0439\u0441\u043a\u043e\u043c \u0441\u043e\u043e\u0431\u0449\u0435\u0441\u0442\u0432\u0435 \u0432\u044b\u0440\u043e\u0441\u043b\u0430 \u0432 \u0446\u0435\u043d\u0435 \u043d\u0430 8,5% \u0437\u0430 \u0433\u043e\u0434<\/title>\n<meta name=\"description\" content=\"\u041f\u043e \u0434\u0430\u043d\u043d\u044b\u043c \u043f\u043e\u0440\u0442\u0430\u043b\u0430 Pisos.com \u0437\u0430 \u0430\u043f\u0440\u0435\u043b\u044c, \u0437\u0430 \u0433\u043e\u0434 \u0432\u0442\u043e\u0440\u0438\u0447\u043d\u0430\u044f \u0436\u0438\u043b\u0430\u044f \u043d\u0435\u0434\u0432\u0438\u0436\u0438\u043c\u043e\u0441\u0442\u044c \u0432 \u0412\u0430\u043b\u0435\u043d\u0441\u0438\u0439\u0441\u043a\u043e\u043c \u0441\u043e\u043e\u0431\u0449\u0435\u0441\u0442\u0432\u0435 \u043f\u043e\u0434\u043e\u0440\u043e\u0436\u0430\u043b\u0430 \u043d\u0430 8,49%, \u0434\u043e 1421 \u0435\u0432\u0440\u043e \u0437\u0430 \u043a\u0432.\u043c.\" \/>\n<meta name=\"robots\" content=\"index, follow, max-snippet:-1, max-image-preview:large, max-video-preview:-1\" \/>\n<link rel=\"canonical\" href=\"https:\/\/alegria-realestate.com\/fr\/wp-json\/wp\/v2\/posts\/452496\" \/>\n<meta property=\"og:locale\" content=\"fr_FR\" \/>\n<meta property=\"og:type\" content=\"article\" \/>\n<meta property=\"og:title\" content=\"\u0412\u0442\u043e\u0440\u0438\u0447\u043d\u0430\u044f \u0436\u0438\u043b\u0430\u044f \u043d\u0435\u0434\u0432\u0438\u0436\u0438\u043c\u043e\u0441\u0442\u044c \u0432 \u0412\u0430\u043b\u0435\u043d\u0441\u0438\u0439\u0441\u043a\u043e\u043c \u0441\u043e\u043e\u0431\u0449\u0435\u0441\u0442\u0432\u0435 \u0432\u044b\u0440\u043e\u0441\u043b\u0430 \u0432 \u0446\u0435\u043d\u0435 \u043d\u0430 8,5% \u0437\u0430 \u0433\u043e\u0434\" \/>\n<meta property=\"og:description\" content=\"\u041f\u043e \u0434\u0430\u043d\u043d\u044b\u043c \u043f\u043e\u0440\u0442\u0430\u043b\u0430 Pisos.com \u0437\u0430 \u0430\u043f\u0440\u0435\u043b\u044c, \u0437\u0430 \u0433\u043e\u0434 \u0432\u0442\u043e\u0440\u0438\u0447\u043d\u0430\u044f \u0436\u0438\u043b\u0430\u044f \u043d\u0435\u0434\u0432\u0438\u0436\u0438\u043c\u043e\u0441\u0442\u044c \u0432 \u0412\u0430\u043b\u0435\u043d\u0441\u0438\u0439\u0441\u043a\u043e\u043c \u0441\u043e\u043e\u0431\u0449\u0435\u0441\u0442\u0432\u0435 \u043f\u043e\u0434\u043e\u0440\u043e\u0436\u0430\u043b\u0430 \u043d\u0430 8,49%, \u0434\u043e 1421 \u0435\u0432\u0440\u043e \u0437\u0430 \u043a\u0432.\u043c.\" \/>\n<meta property=\"og:url\" content=\"https:\/\/alegria-realestate.com\/fr\/wp-json\/wp\/v2\/posts\/452496\" \/>\n<meta property=\"og:site_name\" content=\"Immobilier en Espagne\" \/>\n<meta property=\"article:publisher\" content=\"https:\/\/www.facebook.com\/realestate.alegria\" \/>\n<meta property=\"article:published_time\" content=\"2022-05-20T11:15:45+00:00\" \/>\n<meta property=\"article:modified_time\" content=\"2025-08-14T18:32:35+00:00\" \/>\n<meta property=\"og:image\" content=\"https:\/\/alegria-realestate.com\/wp-content\/uploads\/2022\/05\/Over-the-year-housing-in-the-Valencian-Community-has-risen-in-price-by-8.5.png\" \/>\n\t<meta property=\"og:image:width\" content=\"780\" \/>\n\t<meta property=\"og:image:height\" content=\"348\" \/>\n\t<meta property=\"og:image:type\" content=\"image\/png\" \/>\n<meta name=\"author\" content=\"\u0421\u0435\u0440\u0433\u0435\u0439 \u0411\u0435\u043a\u0438\u0448\u0435\u0432\" \/>\n<meta name=\"twitter:card\" content=\"summary_large_image\" \/>\n<meta name=\"twitter:creator\" content=\"@alegriarealesta\" \/>\n<meta name=\"twitter:site\" content=\"@alegriarealesta\" \/>\n<script type=\"application\/ld+json\" class=\"yoast-schema-graph\">{\"@context\":\"https:\\\/\\\/schema.org\",\"@graph\":[{\"@type\":\"Article\",\"@id\":\"https:\\\/\\\/alegria-realestate.com\\\/fr\\\/articles\\\/news\\\/over-the-year-housing-in-the-valencian-community-has-risen-in-price-by-8-5#article\",\"isPartOf\":{\"@id\":\"https:\\\/\\\/alegria-realestate.com\\\/fr\\\/articles\\\/news\\\/over-the-year-housing-in-the-valencian-community-has-risen-in-price-by-8-5\"},\"author\":{\"name\":\"\u0421\u0435\u0440\u0433\u0435\u0439 \u0411\u0435\u043a\u0438\u0448\u0435\u0432\",\"@id\":\"https:\\\/\\\/alegria-realestate.com\\\/#\\\/schema\\\/person\\\/9d285f0a34620d7fb8e3836f93b5522c\"},\"headline\":\"Pour l&#39;ann\u00e9e, le prix du logement secondaire dans la Communaut\u00e9 valencienne a augment\u00e9 de pr\u00e8s de 8,5%\",\"datePublished\":\"2022-05-20T11:15:45+00:00\",\"dateModified\":\"2025-08-14T18:32:35+00:00\",\"mainEntityOfPage\":{\"@id\":\"https:\\\/\\\/alegria-realestate.com\\\/fr\\\/articles\\\/news\\\/over-the-year-housing-in-the-valencian-community-has-risen-in-price-by-8-5\"},\"wordCount\":1972,\"publisher\":{\"@id\":\"https:\\\/\\\/alegria-realestate.com\\\/#organization\"},\"image\":{\"@id\":\"https:\\\/\\\/alegria-realestate.com\\\/fr\\\/articles\\\/news\\\/over-the-year-housing-in-the-valencian-community-has-risen-in-price-by-8-5#primaryimage\"},\"thumbnailUrl\":\"https:\\\/\\\/alegria-realestate.com\\\/wp-content\\\/uploads\\\/2022\\\/05\\\/Over-the-year-housing-in-the-Valencian-Community-has-risen-in-price-by-8.5.png\",\"articleSection\":[\"Actualit\u00e9s\"],\"inLanguage\":\"fr-FR\"},{\"@type\":\"WebPage\",\"@id\":\"https:\\\/\\\/alegria-realestate.com\\\/fr\\\/articles\\\/news\\\/over-the-year-housing-in-the-valencian-community-has-risen-in-price-by-8-5\",\"url\":\"https:\\\/\\\/alegria-realestate.com\\\/fr\\\/articles\\\/news\\\/over-the-year-housing-in-the-valencian-community-has-risen-in-price-by-8-5\",\"name\":\"\u0412\u0442\u043e\u0440\u0438\u0447\u043d\u0430\u044f \u0436\u0438\u043b\u0430\u044f \u043d\u0435\u0434\u0432\u0438\u0436\u0438\u043c\u043e\u0441\u0442\u044c \u0432 \u0412\u0430\u043b\u0435\u043d\u0441\u0438\u0439\u0441\u043a\u043e\u043c \u0441\u043e\u043e\u0431\u0449\u0435\u0441\u0442\u0432\u0435 \u0432\u044b\u0440\u043e\u0441\u043b\u0430 \u0432 \u0446\u0435\u043d\u0435 \u043d\u0430 8,5% \u0437\u0430 \u0433\u043e\u0434\",\"isPartOf\":{\"@id\":\"https:\\\/\\\/alegria-realestate.com\\\/fr\\\/#website\"},\"primaryImageOfPage\":{\"@id\":\"https:\\\/\\\/alegria-realestate.com\\\/fr\\\/articles\\\/news\\\/over-the-year-housing-in-the-valencian-community-has-risen-in-price-by-8-5#primaryimage\"},\"image\":{\"@id\":\"https:\\\/\\\/alegria-realestate.com\\\/fr\\\/articles\\\/news\\\/over-the-year-housing-in-the-valencian-community-has-risen-in-price-by-8-5#primaryimage\"},\"thumbnailUrl\":\"https:\\\/\\\/alegria-realestate.com\\\/wp-content\\\/uploads\\\/2022\\\/05\\\/Over-the-year-housing-in-the-Valencian-Community-has-risen-in-price-by-8.5.png\",\"datePublished\":\"2022-05-20T11:15:45+00:00\",\"dateModified\":\"2025-08-14T18:32:35+00:00\",\"description\":\"\u041f\u043e \u0434\u0430\u043d\u043d\u044b\u043c \u043f\u043e\u0440\u0442\u0430\u043b\u0430 Pisos.com \u0437\u0430 \u0430\u043f\u0440\u0435\u043b\u044c, \u0437\u0430 \u0433\u043e\u0434 \u0432\u0442\u043e\u0440\u0438\u0447\u043d\u0430\u044f \u0436\u0438\u043b\u0430\u044f \u043d\u0435\u0434\u0432\u0438\u0436\u0438\u043c\u043e\u0441\u0442\u044c \u0432 \u0412\u0430\u043b\u0435\u043d\u0441\u0438\u0439\u0441\u043a\u043e\u043c \u0441\u043e\u043e\u0431\u0449\u0435\u0441\u0442\u0432\u0435 \u043f\u043e\u0434\u043e\u0440\u043e\u0436\u0430\u043b\u0430 \u043d\u0430 8,49%, \u0434\u043e 1421 \u0435\u0432\u0440\u043e \u0437\u0430 \u043a\u0432.\u043c.\",\"breadcrumb\":{\"@id\":\"https:\\\/\\\/alegria-realestate.com\\\/fr\\\/articles\\\/news\\\/over-the-year-housing-in-the-valencian-community-has-risen-in-price-by-8-5#breadcrumb\"},\"inLanguage\":\"fr-FR\",\"potentialAction\":[{\"@type\":\"ReadAction\",\"target\":[[\"https:\\\/\\\/alegria-realestate.com\\\/fr\\\/articles\\\/news\\\/over-the-year-housing-in-the-valencian-community-has-risen-in-price-by-8-5\"]]}]},{\"@type\":\"ImageObject\",\"inLanguage\":\"fr-FR\",\"@id\":\"https:\\\/\\\/alegria-realestate.com\\\/fr\\\/articles\\\/news\\\/over-the-year-housing-in-the-valencian-community-has-risen-in-price-by-8-5#primaryimage\",\"url\":\"https:\\\/\\\/alegria-realestate.com\\\/wp-content\\\/uploads\\\/2022\\\/05\\\/Over-the-year-housing-in-the-Valencian-Community-has-risen-in-price-by-8.5.png\",\"contentUrl\":\"https:\\\/\\\/alegria-realestate.com\\\/wp-content\\\/uploads\\\/2022\\\/05\\\/Over-the-year-housing-in-the-Valencian-Community-has-risen-in-price-by-8.5.png\",\"width\":780,\"height\":348,\"caption\":\"\u0437\u0430 \u0433\u043e\u0434 \u0432\u0442\u043e\u0440\u0438\u0447\u043d\u043e\u0435 \u0436\u0438\u043b\u044c\u0435 \u0432 \u0432\u0430\u043b\u0435\u043d\u0441\u0438\u0439\u0441\u043a\u043e\u043c \u0441\u043e\u043e\u0431\u0449\u0435\u0441\u0442\u0432\u0435 \u043f\u043e\u0434\u043e\u0440\u043e\u0436\u0430\u043b\u043e \u043f\u043e\u0447\u0442\u0438 \u043d\u0430 8,5%\"},{\"@type\":\"BreadcrumbList\",\"@id\":\"https:\\\/\\\/alegria-realestate.com\\\/fr\\\/articles\\\/news\\\/over-the-year-housing-in-the-valencian-community-has-risen-in-price-by-8-5#breadcrumb\",\"itemListElement\":[{\"@type\":\"ListItem\",\"position\":1,\"name\":\"\u0413\u043b\u0430\u0432\u043d\u0430\u044f \u0441\u0442\u0440\u0430\u043d\u0438\u0446\u0430\",\"item\":\"https:\\\/\\\/alegria-realestate.com\\\/fr\\\/\"},{\"@type\":\"ListItem\",\"position\":2,\"name\":\"Pour l&#39;ann\u00e9e, le prix du logement secondaire dans la Communaut\u00e9 valencienne a augment\u00e9 de pr\u00e8s de 8,5%\"}]},{\"@type\":\"WebSite\",\"@id\":\"https:\\\/\\\/alegria-realestate.com\\\/fr\\\/#website\",\"url\":\"https:\\\/\\\/alegria-realestate.com\\\/fr\\\/\",\"name\":\"Immobilier en Espagne\",\"description\":\"Immobilier en Espagne : ventes dans toutes les villes - Torrevieja, Alicante, Benidorm, etc. Nous vous aiderons \u00e0 acheter un bien immobilier sur la Costa Blanca - logements secondaires, b\u00e2timents neufs. Conception cl\u00e9 en main. Propri\u00e9t\u00e9 sur la Costa Blanca \u00e0 partir de 80 000 \u20ac.\",\"publisher\":{\"@id\":\"https:\\\/\\\/alegria-realestate.com\\\/fr\\\/#organization\"},\"potentialAction\":[{\"@type\":\"SearchAction\",\"target\":{\"@type\":\"EntryPoint\",\"urlTemplate\":\"https:\\\/\\\/alegria-realestate.com\\\/fr\\\/?s={search_term_string}\"},\"query-input\":{\"@type\":\"PropertyValueSpecification\",\"valueRequired\":true,\"valueName\":\"search_term_string\"}}],\"inLanguage\":\"fr-FR\"},{\"@type\":\"Organization\",\"@id\":\"https:\\\/\\\/alegria-realestate.com\\\/fr\\\/#organization\",\"name\":\"Alegria Realestate\",\"url\":\"https:\\\/\\\/alegria-realestate.com\\\/fr\\\/\",\"logo\":{\"@type\":\"ImageObject\",\"inLanguage\":\"fr-FR\",\"@id\":\"https:\\\/\\\/alegria-realestate.com\\\/fr\\\/#\\\/schema\\\/logo\\\/image\\\/\",\"url\":\"https:\\\/\\\/alegria-realestate.com\\\/wp-content\\\/uploads\\\/2019\\\/08\\\/logo_alegria.png\",\"contentUrl\":\"https:\\\/\\\/alegria-realestate.com\\\/wp-content\\\/uploads\\\/2019\\\/08\\\/logo_alegria.png\",\"width\":1600,\"height\":1403,\"caption\":\"Alegria Realestate\"},\"image\":{\"@id\":\"https:\\\/\\\/alegria-realestate.com\\\/fr\\\/#\\\/schema\\\/logo\\\/image\\\/\"},\"sameAs\":[\"https:\\\/\\\/www.facebook.com\\\/realestate.alegria\",\"https:\\\/\\\/x.com\\\/alegriarealesta\",\"https:\\\/\\\/www.instagram.com\\\/alegriadom\\\/\",\"https:\\\/\\\/www.linkedin.com\\\/profile\\\/view?id=154965227\",\"https:\\\/\\\/www.youtube.com\\\/user\\\/AlegriaRealEstate\"]},{\"@type\":\"Person\",\"@id\":\"https:\\\/\\\/alegria-realestate.com\\\/#\\\/schema\\\/person\\\/9d285f0a34620d7fb8e3836f93b5522c\",\"name\":\"\u0421\u0435\u0440\u0433\u0435\u0439 \u0411\u0435\u043a\u0438\u0448\u0435\u0432\"}]}<\/script>\n<!-- \/ Yoast SEO plugin. -->","yoast_head_json":{"title":"\u0412\u0442\u043e\u0440\u0438\u0447\u043d\u0430\u044f \u0436\u0438\u043b\u0430\u044f \u043d\u0435\u0434\u0432\u0438\u0436\u0438\u043c\u043e\u0441\u0442\u044c \u0432 \u0412\u0430\u043b\u0435\u043d\u0441\u0438\u0439\u0441\u043a\u043e\u043c \u0441\u043e\u043e\u0431\u0449\u0435\u0441\u0442\u0432\u0435 \u0432\u044b\u0440\u043e\u0441\u043b\u0430 \u0432 \u0446\u0435\u043d\u0435 \u043d\u0430 8,5% \u0437\u0430 \u0433\u043e\u0434","description":"\u041f\u043e \u0434\u0430\u043d\u043d\u044b\u043c \u043f\u043e\u0440\u0442\u0430\u043b\u0430 Pisos.com \u0437\u0430 \u0430\u043f\u0440\u0435\u043b\u044c, \u0437\u0430 \u0433\u043e\u0434 \u0432\u0442\u043e\u0440\u0438\u0447\u043d\u0430\u044f \u0436\u0438\u043b\u0430\u044f \u043d\u0435\u0434\u0432\u0438\u0436\u0438\u043c\u043e\u0441\u0442\u044c \u0432 \u0412\u0430\u043b\u0435\u043d\u0441\u0438\u0439\u0441\u043a\u043e\u043c \u0441\u043e\u043e\u0431\u0449\u0435\u0441\u0442\u0432\u0435 \u043f\u043e\u0434\u043e\u0440\u043e\u0436\u0430\u043b\u0430 \u043d\u0430 8,49%, \u0434\u043e 1421 \u0435\u0432\u0440\u043e \u0437\u0430 \u043a\u0432.\u043c.","robots":{"index":"index","follow":"follow","max-snippet":"max-snippet:-1","max-image-preview":"max-image-preview:large","max-video-preview":"max-video-preview:-1"},"canonical":"https:\/\/alegria-realestate.com\/fr\/wp-json\/wp\/v2\/posts\/452496","og_locale":"fr_FR","og_type":"article","og_title":"\u0412\u0442\u043e\u0440\u0438\u0447\u043d\u0430\u044f \u0436\u0438\u043b\u0430\u044f \u043d\u0435\u0434\u0432\u0438\u0436\u0438\u043c\u043e\u0441\u0442\u044c \u0432 \u0412\u0430\u043b\u0435\u043d\u0441\u0438\u0439\u0441\u043a\u043e\u043c \u0441\u043e\u043e\u0431\u0449\u0435\u0441\u0442\u0432\u0435 \u0432\u044b\u0440\u043e\u0441\u043b\u0430 \u0432 \u0446\u0435\u043d\u0435 \u043d\u0430 8,5% \u0437\u0430 \u0433\u043e\u0434","og_description":"\u041f\u043e \u0434\u0430\u043d\u043d\u044b\u043c \u043f\u043e\u0440\u0442\u0430\u043b\u0430 Pisos.com \u0437\u0430 \u0430\u043f\u0440\u0435\u043b\u044c, \u0437\u0430 \u0433\u043e\u0434 \u0432\u0442\u043e\u0440\u0438\u0447\u043d\u0430\u044f \u0436\u0438\u043b\u0430\u044f \u043d\u0435\u0434\u0432\u0438\u0436\u0438\u043c\u043e\u0441\u0442\u044c \u0432 \u0412\u0430\u043b\u0435\u043d\u0441\u0438\u0439\u0441\u043a\u043e\u043c \u0441\u043e\u043e\u0431\u0449\u0435\u0441\u0442\u0432\u0435 \u043f\u043e\u0434\u043e\u0440\u043e\u0436\u0430\u043b\u0430 \u043d\u0430 8,49%, \u0434\u043e 1421 \u0435\u0432\u0440\u043e \u0437\u0430 \u043a\u0432.\u043c.","og_url":"https:\/\/alegria-realestate.com\/fr\/wp-json\/wp\/v2\/posts\/452496","og_site_name":"Immobilier en Espagne","article_publisher":"https:\/\/www.facebook.com\/realestate.alegria","article_published_time":"2022-05-20T11:15:45+00:00","article_modified_time":"2025-08-14T18:32:35+00:00","og_image":[{"width":780,"height":348,"url":"https:\/\/alegria-realestate.com\/wp-content\/uploads\/2022\/05\/Over-the-year-housing-in-the-Valencian-Community-has-risen-in-price-by-8.5.png","type":"image\/png"}],"author":"\u0421\u0435\u0440\u0433\u0435\u0439 \u0411\u0435\u043a\u0438\u0448\u0435\u0432","twitter_card":"summary_large_image","twitter_creator":"@alegriarealesta","twitter_site":"@alegriarealesta","schema":{"@context":"https:\/\/schema.org","@graph":[{"@type":"Article","@id":"https:\/\/alegria-realestate.com\/fr\/articles\/news\/over-the-year-housing-in-the-valencian-community-has-risen-in-price-by-8-5#article","isPartOf":{"@id":"https:\/\/alegria-realestate.com\/fr\/articles\/news\/over-the-year-housing-in-the-valencian-community-has-risen-in-price-by-8-5"},"author":{"name":"\u0421\u0435\u0440\u0433\u0435\u0439 \u0411\u0435\u043a\u0438\u0448\u0435\u0432","@id":"https:\/\/alegria-realestate.com\/#\/schema\/person\/9d285f0a34620d7fb8e3836f93b5522c"},"headline":"Pour l&#39;ann\u00e9e, le prix du logement secondaire dans la Communaut\u00e9 valencienne a augment\u00e9 de pr\u00e8s de 8,5%","datePublished":"2022-05-20T11:15:45+00:00","dateModified":"2025-08-14T18:32:35+00:00","mainEntityOfPage":{"@id":"https:\/\/alegria-realestate.com\/fr\/articles\/news\/over-the-year-housing-in-the-valencian-community-has-risen-in-price-by-8-5"},"wordCount":1972,"publisher":{"@id":"https:\/\/alegria-realestate.com\/#organization"},"image":{"@id":"https:\/\/alegria-realestate.com\/fr\/articles\/news\/over-the-year-housing-in-the-valencian-community-has-risen-in-price-by-8-5#primaryimage"},"thumbnailUrl":"https:\/\/alegria-realestate.com\/wp-content\/uploads\/2022\/05\/Over-the-year-housing-in-the-Valencian-Community-has-risen-in-price-by-8.5.png","articleSection":["Actualit\u00e9s"],"inLanguage":"fr-FR"},{"@type":"WebPage","@id":"https:\/\/alegria-realestate.com\/fr\/articles\/news\/over-the-year-housing-in-the-valencian-community-has-risen-in-price-by-8-5","url":"https:\/\/alegria-realestate.com\/fr\/articles\/news\/over-the-year-housing-in-the-valencian-community-has-risen-in-price-by-8-5","name":"\u0412\u0442\u043e\u0440\u0438\u0447\u043d\u0430\u044f \u0436\u0438\u043b\u0430\u044f \u043d\u0435\u0434\u0432\u0438\u0436\u0438\u043c\u043e\u0441\u0442\u044c \u0432 \u0412\u0430\u043b\u0435\u043d\u0441\u0438\u0439\u0441\u043a\u043e\u043c \u0441\u043e\u043e\u0431\u0449\u0435\u0441\u0442\u0432\u0435 \u0432\u044b\u0440\u043e\u0441\u043b\u0430 \u0432 \u0446\u0435\u043d\u0435 \u043d\u0430 8,5% \u0437\u0430 \u0433\u043e\u0434","isPartOf":{"@id":"https:\/\/alegria-realestate.com\/fr\/#website"},"primaryImageOfPage":{"@id":"https:\/\/alegria-realestate.com\/fr\/articles\/news\/over-the-year-housing-in-the-valencian-community-has-risen-in-price-by-8-5#primaryimage"},"image":{"@id":"https:\/\/alegria-realestate.com\/fr\/articles\/news\/over-the-year-housing-in-the-valencian-community-has-risen-in-price-by-8-5#primaryimage"},"thumbnailUrl":"https:\/\/alegria-realestate.com\/wp-content\/uploads\/2022\/05\/Over-the-year-housing-in-the-Valencian-Community-has-risen-in-price-by-8.5.png","datePublished":"2022-05-20T11:15:45+00:00","dateModified":"2025-08-14T18:32:35+00:00","description":"\u041f\u043e \u0434\u0430\u043d\u043d\u044b\u043c \u043f\u043e\u0440\u0442\u0430\u043b\u0430 Pisos.com \u0437\u0430 \u0430\u043f\u0440\u0435\u043b\u044c, \u0437\u0430 \u0433\u043e\u0434 \u0432\u0442\u043e\u0440\u0438\u0447\u043d\u0430\u044f \u0436\u0438\u043b\u0430\u044f \u043d\u0435\u0434\u0432\u0438\u0436\u0438\u043c\u043e\u0441\u0442\u044c \u0432 \u0412\u0430\u043b\u0435\u043d\u0441\u0438\u0439\u0441\u043a\u043e\u043c \u0441\u043e\u043e\u0431\u0449\u0435\u0441\u0442\u0432\u0435 \u043f\u043e\u0434\u043e\u0440\u043e\u0436\u0430\u043b\u0430 \u043d\u0430 8,49%, \u0434\u043e 1421 \u0435\u0432\u0440\u043e \u0437\u0430 \u043a\u0432.\u043c.","breadcrumb":{"@id":"https:\/\/alegria-realestate.com\/fr\/articles\/news\/over-the-year-housing-in-the-valencian-community-has-risen-in-price-by-8-5#breadcrumb"},"inLanguage":"fr-FR","potentialAction":[{"@type":"ReadAction","target":[["https:\/\/alegria-realestate.com\/fr\/articles\/news\/over-the-year-housing-in-the-valencian-community-has-risen-in-price-by-8-5"]]}]},{"@type":"ImageObject","inLanguage":"fr-FR","@id":"https:\/\/alegria-realestate.com\/fr\/articles\/news\/over-the-year-housing-in-the-valencian-community-has-risen-in-price-by-8-5#primaryimage","url":"https:\/\/alegria-realestate.com\/wp-content\/uploads\/2022\/05\/Over-the-year-housing-in-the-Valencian-Community-has-risen-in-price-by-8.5.png","contentUrl":"https:\/\/alegria-realestate.com\/wp-content\/uploads\/2022\/05\/Over-the-year-housing-in-the-Valencian-Community-has-risen-in-price-by-8.5.png","width":780,"height":348,"caption":"\u0437\u0430 \u0433\u043e\u0434 \u0432\u0442\u043e\u0440\u0438\u0447\u043d\u043e\u0435 \u0436\u0438\u043b\u044c\u0435 \u0432 \u0432\u0430\u043b\u0435\u043d\u0441\u0438\u0439\u0441\u043a\u043e\u043c \u0441\u043e\u043e\u0431\u0449\u0435\u0441\u0442\u0432\u0435 \u043f\u043e\u0434\u043e\u0440\u043e\u0436\u0430\u043b\u043e \u043f\u043e\u0447\u0442\u0438 \u043d\u0430 8,5%"},{"@type":"BreadcrumbList","@id":"https:\/\/alegria-realestate.com\/fr\/articles\/news\/over-the-year-housing-in-the-valencian-community-has-risen-in-price-by-8-5#breadcrumb","itemListElement":[{"@type":"ListItem","position":1,"name":"\u0413\u043b\u0430\u0432\u043d\u0430\u044f \u0441\u0442\u0440\u0430\u043d\u0438\u0446\u0430","item":"https:\/\/alegria-realestate.com\/fr\/"},{"@type":"ListItem","position":2,"name":"Pour l&#39;ann\u00e9e, le prix du logement secondaire dans la Communaut\u00e9 valencienne a augment\u00e9 de pr\u00e8s de 8,5%"}]},{"@type":"WebSite","@id":"https:\/\/alegria-realestate.com\/fr\/#website","url":"https:\/\/alegria-realestate.com\/fr\/","name":"Immobilier en Espagne","description":"Immobilier en Espagne : ventes dans toutes les villes - Torrevieja, Alicante, Benidorm, etc. Nous vous aiderons \u00e0 acheter un bien immobilier sur la Costa Blanca - logements secondaires, b\u00e2timents neufs. Conception cl\u00e9 en main. Propri\u00e9t\u00e9 sur la Costa Blanca \u00e0 partir de 80 000 \u20ac.","publisher":{"@id":"https:\/\/alegria-realestate.com\/fr\/#organization"},"potentialAction":[{"@type":"SearchAction","target":{"@type":"EntryPoint","urlTemplate":"https:\/\/alegria-realestate.com\/fr\/?s={search_term_string}"},"query-input":{"@type":"PropertyValueSpecification","valueRequired":true,"valueName":"search_term_string"}}],"inLanguage":"fr-FR"},{"@type":"Organization","@id":"https:\/\/alegria-realestate.com\/fr\/#organization","name":"Alegria Realestate","url":"https:\/\/alegria-realestate.com\/fr\/","logo":{"@type":"ImageObject","inLanguage":"fr-FR","@id":"https:\/\/alegria-realestate.com\/fr\/#\/schema\/logo\/image\/","url":"https:\/\/alegria-realestate.com\/wp-content\/uploads\/2019\/08\/logo_alegria.png","contentUrl":"https:\/\/alegria-realestate.com\/wp-content\/uploads\/2019\/08\/logo_alegria.png","width":1600,"height":1403,"caption":"Alegria Realestate"},"image":{"@id":"https:\/\/alegria-realestate.com\/fr\/#\/schema\/logo\/image\/"},"sameAs":["https:\/\/www.facebook.com\/realestate.alegria","https:\/\/x.com\/alegriarealesta","https:\/\/www.instagram.com\/alegriadom\/","https:\/\/www.linkedin.com\/profile\/view?id=154965227","https:\/\/www.youtube.com\/user\/AlegriaRealEstate"]},{"@type":"Person","@id":"https:\/\/alegria-realestate.com\/#\/schema\/person\/9d285f0a34620d7fb8e3836f93b5522c","name":"\u0421\u0435\u0440\u0433\u0435\u0439 \u0411\u0435\u043a\u0438\u0448\u0435\u0432"}]}},"_links":{"self":[{"href":"https:\/\/alegria-realestate.com\/fr\/wp-json\/wp\/v2\/posts\/452496","targetHints":{"allow":["GET"]}}],"collection":[{"href":"https:\/\/alegria-realestate.com\/fr\/wp-json\/wp\/v2\/posts"}],"about":[{"href":"https:\/\/alegria-realestate.com\/fr\/wp-json\/wp\/v2\/types\/post"}],"author":[{"embeddable":true,"href":"https:\/\/alegria-realestate.com\/fr\/wp-json\/wp\/v2\/users\/18"}],"replies":[{"embeddable":true,"href":"https:\/\/alegria-realestate.com\/fr\/wp-json\/wp\/v2\/comments?post=452496"}],"version-history":[{"count":1,"href":"https:\/\/alegria-realestate.com\/fr\/wp-json\/wp\/v2\/posts\/452496\/revisions"}],"predecessor-version":[{"id":837589,"href":"https:\/\/alegria-realestate.com\/fr\/wp-json\/wp\/v2\/posts\/452496\/revisions\/837589"}],"wp:featuredmedia":[{"embeddable":true,"href":"https:\/\/alegria-realestate.com\/fr\/wp-json\/wp\/v2\/media\/452497"}],"wp:attachment":[{"href":"https:\/\/alegria-realestate.com\/fr\/wp-json\/wp\/v2\/media?parent=452496"}],"wp:term":[{"taxonomy":"category","embeddable":true,"href":"https:\/\/alegria-realestate.com\/fr\/wp-json\/wp\/v2\/categories?post=452496"},{"taxonomy":"post_tag","embeddable":true,"href":"https:\/\/alegria-realestate.com\/fr\/wp-json\/wp\/v2\/tags?post=452496"}],"curies":[{"name":"wp","href":"https:\/\/api.w.org\/{rel}","templated":true}]}}