{"id":452778,"date":"2022-05-27T16:31:12","date_gmt":"2022-05-27T13:31:12","guid":{"rendered":"https:\/\/alegria-realestate.com\/?p=452778"},"modified":"2025-08-14T21:32:38","modified_gmt":"2025-08-14T18:32:38","slug":"by-2026-the-valencian-community-will-have-1090-social-rental-properties","status":"publish","type":"post","link":"https:\/\/alegria-realestate.com\/fr\/articles\/news\/by-2026-the-valencian-community-will-have-1090-social-rental-properties","title":{"rendered":"D&#39;ici 2026, la Communaut\u00e9 valencienne comptera 1 090 logements locatifs sociaux"},"content":{"rendered":"<p>Selon les repr\u00e9sentants du gouvernement de la Communaut\u00e9 valencienne, d&#39;ici 2026, 1 090 r\u00e9sidences locatives sociales seront construites dans cette autonomie, et leur nombre total d\u00e9passera 3 600. Il a \u00e9t\u00e9 d\u00e9cid\u00e9 d&#39;allouer plus de 150 millions d&#39;euros \u00e0 la construction de b\u00e2timents. Un tiers de ce montant sera destin\u00e9 aux b\u00e2timents \u00e0 efficacit\u00e9 \u00e9nerg\u00e9tique accrue, dans lesquels la part d&#39;\u00e9nergie primaire non renouvelable ne d\u00e9passera pas 20 %. 17 terrains ont \u00e9t\u00e9 attribu\u00e9s pour la construction de nouveaux logements, situ\u00e9s \u00e0 <a href=\"https:\/\/alegria-realestate.com\/ru\/articles\/in-alicante-buying-a-home-is-more-profitable-than-renting\" target=\"_blank\" rel=\"noopener\">Alicante<\/a> , El Campello, <a href=\"https:\/\/alegria-realestate.com\/ru\/articles\/city-of-spain\/the-area-of-playa-san-juan-in-alicante\" target=\"_blank\" rel=\"noopener\">San Juan<\/a> , San Vicente de Raspeich, Gandia, Silla et Valence. Les appartements seront lou\u00e9s en baux sociaux \u00e0 des personnes \u00e0 faibles revenus &#8211; n&#39;exc\u00e9dant pas l&#39;IPREM de plus de 4,5 fois (2605 euros par mois), des familles nombreuses, des personnes handicap\u00e9es et d&#39;autres couches socialement vuln\u00e9rables de la population. Un autre crit\u00e8re est qu&#39;ils n&#39;ont pas d&#39;autre logement, et ainsi l&#39;appartement lou\u00e9 deviendra leur seul lieu de r\u00e9sidence permanente.<\/p>","protected":false},"excerpt":{"rendered":"<p>Selon les repr\u00e9sentants du gouvernement de la Communaut\u00e9 valencienne,\u2026<\/p>\n","protected":false},"author":18,"featured_media":452780,"comment_status":"closed","ping_status":"closed","sticky":false,"template":"","format":"standard","meta":{"footnotes":""},"categories":[15],"tags":[],"class_list":["post-452778","post","type-post","status-publish","format-standard","has-post-thumbnail","hentry","category-news"],"yoast_head":"<!-- This site is optimized with the Yoast SEO plugin v27.5 - https:\/\/yoast.com\/product\/yoast-seo-wordpress\/ -->\n<title>\u041a 2026 \u0433\u043e\u0434\u0443 \u0432 \u0412\u0430\u043b\u0435\u043d\u0441\u0438\u0439\u0441\u043a\u043e\u043c \u0441\u043e\u043e\u0431\u0449\u0435\u0441\u0442\u0432\u0435 \u0431\u0443\u0434\u0435\u0442 \u0432\u043e\u0437\u0432\u0435\u0434\u0435\u043d\u043e 1090 \u0436\u0438\u043b\u044b\u0445 \u043e\u0431\u044a\u0435\u043a\u0442\u043e\u0432 \u0434\u043b\u044f \u0441\u043e\u0446\u0438\u0430\u043b\u044c\u043d\u043e\u0439 \u0430\u0440\u0435\u043d\u0434\u044b<\/title>\n<meta name=\"description\" content=\"\u0412\u043b\u0430\u0441\u0442\u0438 \u0412\u0430\u043b\u0435\u043d\u0441\u0438\u0439\u0441\u043a\u043e\u0433\u043e \u0441\u043e\u043e\u0431\u0449\u0435\u0441\u0442\u0432\u0430 \u0437\u0430\u044f\u0432\u0438\u043b\u0438 \u043e \u0442\u043e\u043c, \u0447\u0442\u043e \u043a 2026 \u0433\u043e\u0434\u0443 \u0432 \u044d\u0442\u043e\u0439 \u0430\u0432\u0442\u043e\u043d\u043e\u043c\u0438\u0438 \u0431\u0443\u0434\u0435\u0442 \u0432\u043e\u0437\u0432\u0435\u0434\u0435\u043d\u043e 1090 \u0436\u0438\u043b\u044b\u0445 \u043e\u0431\u044a\u0435\u043a\u0442\u043e\u0432 \u0434\u043b\u044f \u0441\u043e\u0446\u0438\u0430\u043b\u044c\u043d\u043e\u0439 \u0430\u0440\u0435\u043d\u0434\u044b.\" \/>\n<meta name=\"robots\" content=\"index, follow, max-snippet:-1, max-image-preview:large, max-video-preview:-1\" \/>\n<link rel=\"canonical\" href=\"https:\/\/alegria-realestate.com\/fr\/wp-json\/wp\/v2\/posts\/452778\" \/>\n<meta property=\"og:locale\" content=\"fr_FR\" \/>\n<meta property=\"og:type\" content=\"article\" \/>\n<meta property=\"og:title\" content=\"\u041a 2026 \u0433\u043e\u0434\u0443 \u0432 \u0412\u0430\u043b\u0435\u043d\u0441\u0438\u0439\u0441\u043a\u043e\u043c \u0441\u043e\u043e\u0431\u0449\u0435\u0441\u0442\u0432\u0435 \u0431\u0443\u0434\u0435\u0442 \u0432\u043e\u0437\u0432\u0435\u0434\u0435\u043d\u043e 1090 \u0436\u0438\u043b\u044b\u0445 \u043e\u0431\u044a\u0435\u043a\u0442\u043e\u0432 \u0434\u043b\u044f \u0441\u043e\u0446\u0438\u0430\u043b\u044c\u043d\u043e\u0439 \u0430\u0440\u0435\u043d\u0434\u044b\" \/>\n<meta property=\"og:description\" content=\"\u0412\u043b\u0430\u0441\u0442\u0438 \u0412\u0430\u043b\u0435\u043d\u0441\u0438\u0439\u0441\u043a\u043e\u0433\u043e \u0441\u043e\u043e\u0431\u0449\u0435\u0441\u0442\u0432\u0430 \u0437\u0430\u044f\u0432\u0438\u043b\u0438 \u043e \u0442\u043e\u043c, \u0447\u0442\u043e \u043a 2026 \u0433\u043e\u0434\u0443 \u0432 \u044d\u0442\u043e\u0439 \u0430\u0432\u0442\u043e\u043d\u043e\u043c\u0438\u0438 \u0431\u0443\u0434\u0435\u0442 \u0432\u043e\u0437\u0432\u0435\u0434\u0435\u043d\u043e 1090 \u0436\u0438\u043b\u044b\u0445 \u043e\u0431\u044a\u0435\u043a\u0442\u043e\u0432 \u0434\u043b\u044f \u0441\u043e\u0446\u0438\u0430\u043b\u044c\u043d\u043e\u0439 \u0430\u0440\u0435\u043d\u0434\u044b.\" \/>\n<meta property=\"og:url\" content=\"https:\/\/alegria-realestate.com\/fr\/wp-json\/wp\/v2\/posts\/452778\" \/>\n<meta property=\"og:site_name\" content=\"Immobilier en Espagne\" \/>\n<meta property=\"article:publisher\" content=\"https:\/\/www.facebook.com\/realestate.alegria\" \/>\n<meta property=\"article:published_time\" content=\"2022-05-27T13:31:12+00:00\" \/>\n<meta property=\"article:modified_time\" content=\"2025-08-14T18:32:38+00:00\" \/>\n<meta property=\"og:image\" content=\"https:\/\/alegria-realestate.com\/wp-content\/uploads\/2022\/05\/by-2026-the-valencian-community-will-have-1090-social-rental-properties.jpg\" \/>\n\t<meta property=\"og:image:width\" content=\"999\" \/>\n\t<meta property=\"og:image:height\" content=\"667\" \/>\n\t<meta property=\"og:image:type\" content=\"image\/jpeg\" \/>\n<meta name=\"author\" content=\"\u0421\u0435\u0440\u0433\u0435\u0439 \u0411\u0435\u043a\u0438\u0448\u0435\u0432\" \/>\n<meta name=\"twitter:card\" content=\"summary_large_image\" \/>\n<meta name=\"twitter:creator\" content=\"@alegriarealesta\" \/>\n<meta name=\"twitter:site\" content=\"@alegriarealesta\" \/>\n<script type=\"application\/ld+json\" class=\"yoast-schema-graph\">{\"@context\":\"https:\\\/\\\/schema.org\",\"@graph\":[{\"@type\":\"Article\",\"@id\":\"https:\\\/\\\/alegria-realestate.com\\\/fr\\\/articles\\\/news\\\/by-2026-the-valencian-community-will-have-1090-social-rental-properties#article\",\"isPartOf\":{\"@id\":\"https:\\\/\\\/alegria-realestate.com\\\/fr\\\/articles\\\/news\\\/by-2026-the-valencian-community-will-have-1090-social-rental-properties\"},\"author\":{\"name\":\"\u0421\u0435\u0440\u0433\u0435\u0439 \u0411\u0435\u043a\u0438\u0448\u0435\u0432\",\"@id\":\"https:\\\/\\\/alegria-realestate.com\\\/#\\\/schema\\\/person\\\/9d285f0a34620d7fb8e3836f93b5522c\"},\"headline\":\"D&#39;ici 2026, la Communaut\u00e9 valencienne comptera 1 090 logements locatifs sociaux\",\"datePublished\":\"2022-05-27T13:31:12+00:00\",\"dateModified\":\"2025-08-14T18:32:38+00:00\",\"mainEntityOfPage\":{\"@id\":\"https:\\\/\\\/alegria-realestate.com\\\/fr\\\/articles\\\/news\\\/by-2026-the-valencian-community-will-have-1090-social-rental-properties\"},\"wordCount\":1120,\"publisher\":{\"@id\":\"https:\\\/\\\/alegria-realestate.com\\\/#organization\"},\"image\":{\"@id\":\"https:\\\/\\\/alegria-realestate.com\\\/fr\\\/articles\\\/news\\\/by-2026-the-valencian-community-will-have-1090-social-rental-properties#primaryimage\"},\"thumbnailUrl\":\"https:\\\/\\\/alegria-realestate.com\\\/wp-content\\\/uploads\\\/2022\\\/05\\\/by-2026-the-valencian-community-will-have-1090-social-rental-properties.jpg\",\"articleSection\":[\"Actualit\u00e9s\"],\"inLanguage\":\"fr-FR\"},{\"@type\":\"WebPage\",\"@id\":\"https:\\\/\\\/alegria-realestate.com\\\/fr\\\/articles\\\/news\\\/by-2026-the-valencian-community-will-have-1090-social-rental-properties\",\"url\":\"https:\\\/\\\/alegria-realestate.com\\\/fr\\\/articles\\\/news\\\/by-2026-the-valencian-community-will-have-1090-social-rental-properties\",\"name\":\"\u041a 2026 \u0433\u043e\u0434\u0443 \u0432 \u0412\u0430\u043b\u0435\u043d\u0441\u0438\u0439\u0441\u043a\u043e\u043c \u0441\u043e\u043e\u0431\u0449\u0435\u0441\u0442\u0432\u0435 \u0431\u0443\u0434\u0435\u0442 \u0432\u043e\u0437\u0432\u0435\u0434\u0435\u043d\u043e 1090 \u0436\u0438\u043b\u044b\u0445 \u043e\u0431\u044a\u0435\u043a\u0442\u043e\u0432 \u0434\u043b\u044f \u0441\u043e\u0446\u0438\u0430\u043b\u044c\u043d\u043e\u0439 \u0430\u0440\u0435\u043d\u0434\u044b\",\"isPartOf\":{\"@id\":\"https:\\\/\\\/alegria-realestate.com\\\/fr\\\/#website\"},\"primaryImageOfPage\":{\"@id\":\"https:\\\/\\\/alegria-realestate.com\\\/fr\\\/articles\\\/news\\\/by-2026-the-valencian-community-will-have-1090-social-rental-properties#primaryimage\"},\"image\":{\"@id\":\"https:\\\/\\\/alegria-realestate.com\\\/fr\\\/articles\\\/news\\\/by-2026-the-valencian-community-will-have-1090-social-rental-properties#primaryimage\"},\"thumbnailUrl\":\"https:\\\/\\\/alegria-realestate.com\\\/wp-content\\\/uploads\\\/2022\\\/05\\\/by-2026-the-valencian-community-will-have-1090-social-rental-properties.jpg\",\"datePublished\":\"2022-05-27T13:31:12+00:00\",\"dateModified\":\"2025-08-14T18:32:38+00:00\",\"description\":\"\u0412\u043b\u0430\u0441\u0442\u0438 \u0412\u0430\u043b\u0435\u043d\u0441\u0438\u0439\u0441\u043a\u043e\u0433\u043e \u0441\u043e\u043e\u0431\u0449\u0435\u0441\u0442\u0432\u0430 \u0437\u0430\u044f\u0432\u0438\u043b\u0438 \u043e \u0442\u043e\u043c, \u0447\u0442\u043e \u043a 2026 \u0433\u043e\u0434\u0443 \u0432 \u044d\u0442\u043e\u0439 \u0430\u0432\u0442\u043e\u043d\u043e\u043c\u0438\u0438 \u0431\u0443\u0434\u0435\u0442 \u0432\u043e\u0437\u0432\u0435\u0434\u0435\u043d\u043e 1090 \u0436\u0438\u043b\u044b\u0445 \u043e\u0431\u044a\u0435\u043a\u0442\u043e\u0432 \u0434\u043b\u044f \u0441\u043e\u0446\u0438\u0430\u043b\u044c\u043d\u043e\u0439 \u0430\u0440\u0435\u043d\u0434\u044b.\",\"breadcrumb\":{\"@id\":\"https:\\\/\\\/alegria-realestate.com\\\/fr\\\/articles\\\/news\\\/by-2026-the-valencian-community-will-have-1090-social-rental-properties#breadcrumb\"},\"inLanguage\":\"fr-FR\",\"potentialAction\":[{\"@type\":\"ReadAction\",\"target\":[[\"https:\\\/\\\/alegria-realestate.com\\\/fr\\\/articles\\\/news\\\/by-2026-the-valencian-community-will-have-1090-social-rental-properties\"]]}]},{\"@type\":\"ImageObject\",\"inLanguage\":\"fr-FR\",\"@id\":\"https:\\\/\\\/alegria-realestate.com\\\/fr\\\/articles\\\/news\\\/by-2026-the-valencian-community-will-have-1090-social-rental-properties#primaryimage\",\"url\":\"https:\\\/\\\/alegria-realestate.com\\\/wp-content\\\/uploads\\\/2022\\\/05\\\/by-2026-the-valencian-community-will-have-1090-social-rental-properties.jpg\",\"contentUrl\":\"https:\\\/\\\/alegria-realestate.com\\\/wp-content\\\/uploads\\\/2022\\\/05\\\/by-2026-the-valencian-community-will-have-1090-social-rental-properties.jpg\",\"width\":999,\"height\":667,\"caption\":\"\u043a 2026 \u0433\u043e\u0434\u0443 \u0432 \u0432\u0430\u043b\u0435\u043d\u0441\u0438\u0439\u0441\u043a\u043e\u043c \u0441\u043e\u043e\u0431\u0449\u0435\u0441\u0442\u0432\u0435 \u043f\u043e\u044f\u0432\u0438\u0442\u0441\u044f 1090 \u0436\u0438\u043b\u044b\u0445 \u043e\u0431\u044a\u0435\u043a\u0442\u043e\u0432 \u0434\u043b\u044f \u0441\u043e\u0446\u0438\u0430\u043b\u044c\u043d\u043e\u0439 \u0430\u0440\u0435\u043d\u0434\u044b\"},{\"@type\":\"BreadcrumbList\",\"@id\":\"https:\\\/\\\/alegria-realestate.com\\\/fr\\\/articles\\\/news\\\/by-2026-the-valencian-community-will-have-1090-social-rental-properties#breadcrumb\",\"itemListElement\":[{\"@type\":\"ListItem\",\"position\":1,\"name\":\"\u0413\u043b\u0430\u0432\u043d\u0430\u044f \u0441\u0442\u0440\u0430\u043d\u0438\u0446\u0430\",\"item\":\"https:\\\/\\\/alegria-realestate.com\\\/fr\\\/\"},{\"@type\":\"ListItem\",\"position\":2,\"name\":\"D&#39;ici 2026, la Communaut\u00e9 valencienne comptera 1 090 logements locatifs sociaux\"}]},{\"@type\":\"WebSite\",\"@id\":\"https:\\\/\\\/alegria-realestate.com\\\/fr\\\/#website\",\"url\":\"https:\\\/\\\/alegria-realestate.com\\\/fr\\\/\",\"name\":\"Immobilier en Espagne\",\"description\":\"Immobilier en Espagne : ventes dans toutes les villes - Torrevieja, Alicante, Benidorm, etc. Nous vous aiderons \u00e0 acheter un bien immobilier sur la Costa Blanca - logements secondaires, b\u00e2timents neufs. Conception cl\u00e9 en main. Propri\u00e9t\u00e9 sur la Costa Blanca \u00e0 partir de 80 000 \u20ac.\",\"publisher\":{\"@id\":\"https:\\\/\\\/alegria-realestate.com\\\/fr\\\/#organization\"},\"potentialAction\":[{\"@type\":\"SearchAction\",\"target\":{\"@type\":\"EntryPoint\",\"urlTemplate\":\"https:\\\/\\\/alegria-realestate.com\\\/fr\\\/?s={search_term_string}\"},\"query-input\":{\"@type\":\"PropertyValueSpecification\",\"valueRequired\":true,\"valueName\":\"search_term_string\"}}],\"inLanguage\":\"fr-FR\"},{\"@type\":\"Organization\",\"@id\":\"https:\\\/\\\/alegria-realestate.com\\\/fr\\\/#organization\",\"name\":\"Alegria Realestate\",\"url\":\"https:\\\/\\\/alegria-realestate.com\\\/fr\\\/\",\"logo\":{\"@type\":\"ImageObject\",\"inLanguage\":\"fr-FR\",\"@id\":\"https:\\\/\\\/alegria-realestate.com\\\/fr\\\/#\\\/schema\\\/logo\\\/image\\\/\",\"url\":\"https:\\\/\\\/alegria-realestate.com\\\/wp-content\\\/uploads\\\/2019\\\/08\\\/logo_alegria.png\",\"contentUrl\":\"https:\\\/\\\/alegria-realestate.com\\\/wp-content\\\/uploads\\\/2019\\\/08\\\/logo_alegria.png\",\"width\":1600,\"height\":1403,\"caption\":\"Alegria Realestate\"},\"image\":{\"@id\":\"https:\\\/\\\/alegria-realestate.com\\\/fr\\\/#\\\/schema\\\/logo\\\/image\\\/\"},\"sameAs\":[\"https:\\\/\\\/www.facebook.com\\\/realestate.alegria\",\"https:\\\/\\\/x.com\\\/alegriarealesta\",\"https:\\\/\\\/www.instagram.com\\\/alegriadom\\\/\",\"https:\\\/\\\/www.linkedin.com\\\/profile\\\/view?id=154965227\",\"https:\\\/\\\/www.youtube.com\\\/user\\\/AlegriaRealEstate\"]},{\"@type\":\"Person\",\"@id\":\"https:\\\/\\\/alegria-realestate.com\\\/#\\\/schema\\\/person\\\/9d285f0a34620d7fb8e3836f93b5522c\",\"name\":\"\u0421\u0435\u0440\u0433\u0435\u0439 \u0411\u0435\u043a\u0438\u0448\u0435\u0432\"}]}<\/script>\n<!-- \/ Yoast SEO plugin. -->","yoast_head_json":{"title":"\u041a 2026 \u0433\u043e\u0434\u0443 \u0432 \u0412\u0430\u043b\u0435\u043d\u0441\u0438\u0439\u0441\u043a\u043e\u043c \u0441\u043e\u043e\u0431\u0449\u0435\u0441\u0442\u0432\u0435 \u0431\u0443\u0434\u0435\u0442 \u0432\u043e\u0437\u0432\u0435\u0434\u0435\u043d\u043e 1090 \u0436\u0438\u043b\u044b\u0445 \u043e\u0431\u044a\u0435\u043a\u0442\u043e\u0432 \u0434\u043b\u044f \u0441\u043e\u0446\u0438\u0430\u043b\u044c\u043d\u043e\u0439 \u0430\u0440\u0435\u043d\u0434\u044b","description":"\u0412\u043b\u0430\u0441\u0442\u0438 \u0412\u0430\u043b\u0435\u043d\u0441\u0438\u0439\u0441\u043a\u043e\u0433\u043e \u0441\u043e\u043e\u0431\u0449\u0435\u0441\u0442\u0432\u0430 \u0437\u0430\u044f\u0432\u0438\u043b\u0438 \u043e \u0442\u043e\u043c, \u0447\u0442\u043e \u043a 2026 \u0433\u043e\u0434\u0443 \u0432 \u044d\u0442\u043e\u0439 \u0430\u0432\u0442\u043e\u043d\u043e\u043c\u0438\u0438 \u0431\u0443\u0434\u0435\u0442 \u0432\u043e\u0437\u0432\u0435\u0434\u0435\u043d\u043e 1090 \u0436\u0438\u043b\u044b\u0445 \u043e\u0431\u044a\u0435\u043a\u0442\u043e\u0432 \u0434\u043b\u044f \u0441\u043e\u0446\u0438\u0430\u043b\u044c\u043d\u043e\u0439 \u0430\u0440\u0435\u043d\u0434\u044b.","robots":{"index":"index","follow":"follow","max-snippet":"max-snippet:-1","max-image-preview":"max-image-preview:large","max-video-preview":"max-video-preview:-1"},"canonical":"https:\/\/alegria-realestate.com\/fr\/wp-json\/wp\/v2\/posts\/452778","og_locale":"fr_FR","og_type":"article","og_title":"\u041a 2026 \u0433\u043e\u0434\u0443 \u0432 \u0412\u0430\u043b\u0435\u043d\u0441\u0438\u0439\u0441\u043a\u043e\u043c \u0441\u043e\u043e\u0431\u0449\u0435\u0441\u0442\u0432\u0435 \u0431\u0443\u0434\u0435\u0442 \u0432\u043e\u0437\u0432\u0435\u0434\u0435\u043d\u043e 1090 \u0436\u0438\u043b\u044b\u0445 \u043e\u0431\u044a\u0435\u043a\u0442\u043e\u0432 \u0434\u043b\u044f \u0441\u043e\u0446\u0438\u0430\u043b\u044c\u043d\u043e\u0439 \u0430\u0440\u0435\u043d\u0434\u044b","og_description":"\u0412\u043b\u0430\u0441\u0442\u0438 \u0412\u0430\u043b\u0435\u043d\u0441\u0438\u0439\u0441\u043a\u043e\u0433\u043e \u0441\u043e\u043e\u0431\u0449\u0435\u0441\u0442\u0432\u0430 \u0437\u0430\u044f\u0432\u0438\u043b\u0438 \u043e \u0442\u043e\u043c, \u0447\u0442\u043e \u043a 2026 \u0433\u043e\u0434\u0443 \u0432 \u044d\u0442\u043e\u0439 \u0430\u0432\u0442\u043e\u043d\u043e\u043c\u0438\u0438 \u0431\u0443\u0434\u0435\u0442 \u0432\u043e\u0437\u0432\u0435\u0434\u0435\u043d\u043e 1090 \u0436\u0438\u043b\u044b\u0445 \u043e\u0431\u044a\u0435\u043a\u0442\u043e\u0432 \u0434\u043b\u044f \u0441\u043e\u0446\u0438\u0430\u043b\u044c\u043d\u043e\u0439 \u0430\u0440\u0435\u043d\u0434\u044b.","og_url":"https:\/\/alegria-realestate.com\/fr\/wp-json\/wp\/v2\/posts\/452778","og_site_name":"Immobilier en Espagne","article_publisher":"https:\/\/www.facebook.com\/realestate.alegria","article_published_time":"2022-05-27T13:31:12+00:00","article_modified_time":"2025-08-14T18:32:38+00:00","og_image":[{"width":999,"height":667,"url":"https:\/\/alegria-realestate.com\/wp-content\/uploads\/2022\/05\/by-2026-the-valencian-community-will-have-1090-social-rental-properties.jpg","type":"image\/jpeg"}],"author":"\u0421\u0435\u0440\u0433\u0435\u0439 \u0411\u0435\u043a\u0438\u0448\u0435\u0432","twitter_card":"summary_large_image","twitter_creator":"@alegriarealesta","twitter_site":"@alegriarealesta","schema":{"@context":"https:\/\/schema.org","@graph":[{"@type":"Article","@id":"https:\/\/alegria-realestate.com\/fr\/articles\/news\/by-2026-the-valencian-community-will-have-1090-social-rental-properties#article","isPartOf":{"@id":"https:\/\/alegria-realestate.com\/fr\/articles\/news\/by-2026-the-valencian-community-will-have-1090-social-rental-properties"},"author":{"name":"\u0421\u0435\u0440\u0433\u0435\u0439 \u0411\u0435\u043a\u0438\u0448\u0435\u0432","@id":"https:\/\/alegria-realestate.com\/#\/schema\/person\/9d285f0a34620d7fb8e3836f93b5522c"},"headline":"D&#39;ici 2026, la Communaut\u00e9 valencienne comptera 1 090 logements locatifs sociaux","datePublished":"2022-05-27T13:31:12+00:00","dateModified":"2025-08-14T18:32:38+00:00","mainEntityOfPage":{"@id":"https:\/\/alegria-realestate.com\/fr\/articles\/news\/by-2026-the-valencian-community-will-have-1090-social-rental-properties"},"wordCount":1120,"publisher":{"@id":"https:\/\/alegria-realestate.com\/#organization"},"image":{"@id":"https:\/\/alegria-realestate.com\/fr\/articles\/news\/by-2026-the-valencian-community-will-have-1090-social-rental-properties#primaryimage"},"thumbnailUrl":"https:\/\/alegria-realestate.com\/wp-content\/uploads\/2022\/05\/by-2026-the-valencian-community-will-have-1090-social-rental-properties.jpg","articleSection":["Actualit\u00e9s"],"inLanguage":"fr-FR"},{"@type":"WebPage","@id":"https:\/\/alegria-realestate.com\/fr\/articles\/news\/by-2026-the-valencian-community-will-have-1090-social-rental-properties","url":"https:\/\/alegria-realestate.com\/fr\/articles\/news\/by-2026-the-valencian-community-will-have-1090-social-rental-properties","name":"\u041a 2026 \u0433\u043e\u0434\u0443 \u0432 \u0412\u0430\u043b\u0435\u043d\u0441\u0438\u0439\u0441\u043a\u043e\u043c \u0441\u043e\u043e\u0431\u0449\u0435\u0441\u0442\u0432\u0435 \u0431\u0443\u0434\u0435\u0442 \u0432\u043e\u0437\u0432\u0435\u0434\u0435\u043d\u043e 1090 \u0436\u0438\u043b\u044b\u0445 \u043e\u0431\u044a\u0435\u043a\u0442\u043e\u0432 \u0434\u043b\u044f \u0441\u043e\u0446\u0438\u0430\u043b\u044c\u043d\u043e\u0439 \u0430\u0440\u0435\u043d\u0434\u044b","isPartOf":{"@id":"https:\/\/alegria-realestate.com\/fr\/#website"},"primaryImageOfPage":{"@id":"https:\/\/alegria-realestate.com\/fr\/articles\/news\/by-2026-the-valencian-community-will-have-1090-social-rental-properties#primaryimage"},"image":{"@id":"https:\/\/alegria-realestate.com\/fr\/articles\/news\/by-2026-the-valencian-community-will-have-1090-social-rental-properties#primaryimage"},"thumbnailUrl":"https:\/\/alegria-realestate.com\/wp-content\/uploads\/2022\/05\/by-2026-the-valencian-community-will-have-1090-social-rental-properties.jpg","datePublished":"2022-05-27T13:31:12+00:00","dateModified":"2025-08-14T18:32:38+00:00","description":"\u0412\u043b\u0430\u0441\u0442\u0438 \u0412\u0430\u043b\u0435\u043d\u0441\u0438\u0439\u0441\u043a\u043e\u0433\u043e \u0441\u043e\u043e\u0431\u0449\u0435\u0441\u0442\u0432\u0430 \u0437\u0430\u044f\u0432\u0438\u043b\u0438 \u043e \u0442\u043e\u043c, \u0447\u0442\u043e \u043a 2026 \u0433\u043e\u0434\u0443 \u0432 \u044d\u0442\u043e\u0439 \u0430\u0432\u0442\u043e\u043d\u043e\u043c\u0438\u0438 \u0431\u0443\u0434\u0435\u0442 \u0432\u043e\u0437\u0432\u0435\u0434\u0435\u043d\u043e 1090 \u0436\u0438\u043b\u044b\u0445 \u043e\u0431\u044a\u0435\u043a\u0442\u043e\u0432 \u0434\u043b\u044f \u0441\u043e\u0446\u0438\u0430\u043b\u044c\u043d\u043e\u0439 \u0430\u0440\u0435\u043d\u0434\u044b.","breadcrumb":{"@id":"https:\/\/alegria-realestate.com\/fr\/articles\/news\/by-2026-the-valencian-community-will-have-1090-social-rental-properties#breadcrumb"},"inLanguage":"fr-FR","potentialAction":[{"@type":"ReadAction","target":[["https:\/\/alegria-realestate.com\/fr\/articles\/news\/by-2026-the-valencian-community-will-have-1090-social-rental-properties"]]}]},{"@type":"ImageObject","inLanguage":"fr-FR","@id":"https:\/\/alegria-realestate.com\/fr\/articles\/news\/by-2026-the-valencian-community-will-have-1090-social-rental-properties#primaryimage","url":"https:\/\/alegria-realestate.com\/wp-content\/uploads\/2022\/05\/by-2026-the-valencian-community-will-have-1090-social-rental-properties.jpg","contentUrl":"https:\/\/alegria-realestate.com\/wp-content\/uploads\/2022\/05\/by-2026-the-valencian-community-will-have-1090-social-rental-properties.jpg","width":999,"height":667,"caption":"\u043a 2026 \u0433\u043e\u0434\u0443 \u0432 \u0432\u0430\u043b\u0435\u043d\u0441\u0438\u0439\u0441\u043a\u043e\u043c \u0441\u043e\u043e\u0431\u0449\u0435\u0441\u0442\u0432\u0435 \u043f\u043e\u044f\u0432\u0438\u0442\u0441\u044f 1090 \u0436\u0438\u043b\u044b\u0445 \u043e\u0431\u044a\u0435\u043a\u0442\u043e\u0432 \u0434\u043b\u044f \u0441\u043e\u0446\u0438\u0430\u043b\u044c\u043d\u043e\u0439 \u0430\u0440\u0435\u043d\u0434\u044b"},{"@type":"BreadcrumbList","@id":"https:\/\/alegria-realestate.com\/fr\/articles\/news\/by-2026-the-valencian-community-will-have-1090-social-rental-properties#breadcrumb","itemListElement":[{"@type":"ListItem","position":1,"name":"\u0413\u043b\u0430\u0432\u043d\u0430\u044f \u0441\u0442\u0440\u0430\u043d\u0438\u0446\u0430","item":"https:\/\/alegria-realestate.com\/fr\/"},{"@type":"ListItem","position":2,"name":"D&#39;ici 2026, la Communaut\u00e9 valencienne comptera 1 090 logements locatifs sociaux"}]},{"@type":"WebSite","@id":"https:\/\/alegria-realestate.com\/fr\/#website","url":"https:\/\/alegria-realestate.com\/fr\/","name":"Immobilier en Espagne","description":"Immobilier en Espagne : ventes dans toutes les villes - Torrevieja, Alicante, Benidorm, etc. Nous vous aiderons \u00e0 acheter un bien immobilier sur la Costa Blanca - logements secondaires, b\u00e2timents neufs. Conception cl\u00e9 en main. Propri\u00e9t\u00e9 sur la Costa Blanca \u00e0 partir de 80 000 \u20ac.","publisher":{"@id":"https:\/\/alegria-realestate.com\/fr\/#organization"},"potentialAction":[{"@type":"SearchAction","target":{"@type":"EntryPoint","urlTemplate":"https:\/\/alegria-realestate.com\/fr\/?s={search_term_string}"},"query-input":{"@type":"PropertyValueSpecification","valueRequired":true,"valueName":"search_term_string"}}],"inLanguage":"fr-FR"},{"@type":"Organization","@id":"https:\/\/alegria-realestate.com\/fr\/#organization","name":"Alegria Realestate","url":"https:\/\/alegria-realestate.com\/fr\/","logo":{"@type":"ImageObject","inLanguage":"fr-FR","@id":"https:\/\/alegria-realestate.com\/fr\/#\/schema\/logo\/image\/","url":"https:\/\/alegria-realestate.com\/wp-content\/uploads\/2019\/08\/logo_alegria.png","contentUrl":"https:\/\/alegria-realestate.com\/wp-content\/uploads\/2019\/08\/logo_alegria.png","width":1600,"height":1403,"caption":"Alegria Realestate"},"image":{"@id":"https:\/\/alegria-realestate.com\/fr\/#\/schema\/logo\/image\/"},"sameAs":["https:\/\/www.facebook.com\/realestate.alegria","https:\/\/x.com\/alegriarealesta","https:\/\/www.instagram.com\/alegriadom\/","https:\/\/www.linkedin.com\/profile\/view?id=154965227","https:\/\/www.youtube.com\/user\/AlegriaRealEstate"]},{"@type":"Person","@id":"https:\/\/alegria-realestate.com\/#\/schema\/person\/9d285f0a34620d7fb8e3836f93b5522c","name":"\u0421\u0435\u0440\u0433\u0435\u0439 \u0411\u0435\u043a\u0438\u0448\u0435\u0432"}]}},"_links":{"self":[{"href":"https:\/\/alegria-realestate.com\/fr\/wp-json\/wp\/v2\/posts\/452778","targetHints":{"allow":["GET"]}}],"collection":[{"href":"https:\/\/alegria-realestate.com\/fr\/wp-json\/wp\/v2\/posts"}],"about":[{"href":"https:\/\/alegria-realestate.com\/fr\/wp-json\/wp\/v2\/types\/post"}],"author":[{"embeddable":true,"href":"https:\/\/alegria-realestate.com\/fr\/wp-json\/wp\/v2\/users\/18"}],"replies":[{"embeddable":true,"href":"https:\/\/alegria-realestate.com\/fr\/wp-json\/wp\/v2\/comments?post=452778"}],"version-history":[{"count":1,"href":"https:\/\/alegria-realestate.com\/fr\/wp-json\/wp\/v2\/posts\/452778\/revisions"}],"predecessor-version":[{"id":837591,"href":"https:\/\/alegria-realestate.com\/fr\/wp-json\/wp\/v2\/posts\/452778\/revisions\/837591"}],"wp:featuredmedia":[{"embeddable":true,"href":"https:\/\/alegria-realestate.com\/fr\/wp-json\/wp\/v2\/media\/452780"}],"wp:attachment":[{"href":"https:\/\/alegria-realestate.com\/fr\/wp-json\/wp\/v2\/media?parent=452778"}],"wp:term":[{"taxonomy":"category","embeddable":true,"href":"https:\/\/alegria-realestate.com\/fr\/wp-json\/wp\/v2\/categories?post=452778"},{"taxonomy":"post_tag","embeddable":true,"href":"https:\/\/alegria-realestate.com\/fr\/wp-json\/wp\/v2\/tags?post=452778"}],"curies":[{"name":"wp","href":"https:\/\/api.w.org\/{rel}","templated":true}]}}