{"id":869130,"date":"2025-09-25T11:55:20","date_gmt":"2025-09-25T08:55:20","guid":{"rendered":"https:\/\/alegria-realestate.com\/?p=869130"},"modified":"2025-10-09T19:23:58","modified_gmt":"2025-10-09T16:23:58","slug":"torrevieja-new-green-park-alto-de-la-casilla","status":"publish","type":"post","link":"https:\/\/alegria-realestate.com\/fr\/articles\/life-in-spain\/torrevieja-new-green-park-alto-de-la-casilla","title":{"rendered":"Torrevieja va construire un nouveau grand parc vert \u00e0 Alto de la Casilla \u2013 27 000 m\u00b2 pour les familles"},"content":{"rendered":"<p><\/p>\n<article>La Mairie de Torrevieja a pr\u00e9sent\u00e9 les premiers croquis d\u2019un vaste espace public \u00e0 <strong>Alto de la Casilla<\/strong> \u2013 le futur \u00ab poumon vert \u00bb de la ville. Le site de <strong>27 000 m\u00b2<\/strong> sera transform\u00e9 en un p\u00f4le de loisirs contemporain avec un <em>mirador<\/em> (belv\u00e9d\u00e8re), un grand parc pour enfants, des zones de d\u00e9tente et une nouvelle attraction \u00e0 deux pas du centre.Le concept pr\u00e9voit <strong>huit zones th\u00e9matiques<\/strong> avec tyroliennes, toboggans et aires de jeux \u2013 l\u2019accent est mis sur le temps en famille et les promenades quotidiennes des habitants. Les responsables soulignent qu\u2019il ne s\u2019agit pas seulement d\u2019un belv\u00e9d\u00e8re, mais du <strong>plus grand parc pour enfants<\/strong> qui fait aujourd\u2019hui d\u00e9faut \u00e0 la ville.<\/p>\n<p>Le calendrier estim\u00e9 est d\u2019environ <strong>deux ans<\/strong>. Les travaux couvriront la fin de la l\u00e9gislature actuelle et se poursuivront au d\u00e9but de la suivante. D\u00e8s f\u00e9vrier 2023, la ville avait annonc\u00e9 son intention de mettre \u00e0 appel d\u2019offres l\u2019avant-projet.<\/p>\n<p>Le financement pr\u00e9voit la participation du promoteur du secteur <strong>La Olla<\/strong>, qui r\u00e9alisera une partie des travaux, tandis que la Mairie compl\u00e8tera l\u2019infrastructure avec le parc et les \u00e9l\u00e9ments associ\u00e9s. L\u2019initiative redonne vie \u00e0 un site o\u00f9 un projet de belv\u00e9d\u00e8re lanc\u00e9 en <strong>2004<\/strong> est rest\u00e9 inachev\u00e9 pendant plus de vingt ans, suscitant des litiges juridiques et financiers.<\/p>\n<h2>\u00c0 retenir<\/h2>\n<ul>\n<li><strong>Emplacement :<\/strong> Alto de la Casilla (Torrevieja).<\/li>\n<li><strong>Superficie :<\/strong> 27 000 m\u00b2 \u2013 fonctions : belv\u00e9d\u00e8re, grand parc pour enfants, zones de loisirs et de d\u00e9tente.<\/li>\n<li><strong>Zones th\u00e9matiques :<\/strong> 8 (tyroliennes, toboggans, aires de jeux).<\/li>\n<li><strong>D\u00e9lai :<\/strong> ~2 ans.<\/li>\n<li><strong>Historique :<\/strong> projet de belv\u00e9d\u00e8re entam\u00e9 en 2004 ; travaux interrompus et terrain \u00e0 l\u2019arr\u00eat jusqu\u2019\u00e0 pr\u00e9sent.<\/li>\n<\/ul>\n<p><em>Contexte :<\/em> Pour vos balades nature \u00e0 Torrevieja, consultez nos guides sur <a href=\"https:\/\/alegria-realestate.com\/fr\/articles\/tourism-in-spain\/sea-in-torrevieja\" target=\"_blank\" rel=\"noopener\">la mer et les criques de Torrevieja<\/a> ainsi que sur <a href=\"https:\/\/alegria-realestate.com\/fr\/articles\/costa-blanca\/la-mata-spain\" target=\"_blank\" rel=\"noopener\">La Mata<\/a>. Envie d\u2019habiter \u00e0 proximit\u00e9 ? Parcourez <a href=\"https:\/\/alegria-realestate.com\/fr\/sale\/torrevieja\" target=\"_blank\" rel=\"noopener\">les biens en vente \u00e0 Torrevieja<\/a>.<\/p>\n<p style=\"margin-top: 16px; color: #666; font-size: 12px;\">\n<\/article>\n<hr \/>\n<p><\/p>","protected":false},"excerpt":{"rendered":"<p>La Mairie de Torrevieja a pr\u00e9sent\u00e9 les premiers croquis\u2026<\/p>\n","protected":false},"author":34,"featured_media":869133,"comment_status":"closed","ping_status":"closed","sticky":false,"template":"","format":"standard","meta":{"footnotes":""},"categories":[74],"tags":[],"class_list":["post-869130","post","type-post","status-publish","format-standard","has-post-thumbnail","hentry","category-life-in-spain"],"yoast_head":"<!-- This site is optimized with the Yoast SEO plugin v27.5 - https:\/\/yoast.com\/product\/yoast-seo-wordpress\/ -->\n<title>Torrevieja projette un nouveau parc \u00e0 l\u2019Alto de la Casilla<\/title>\n<meta name=\"description\" content=\"La ville d\u00e9voile les premiers croquis d\u2019un \u00ab poumon vert \u00bb de 27\u202f000 m\u00b2 avec belv\u00e9d\u00e8re et grand parc pour enfants. D\u00e9lai ~2 ans. Secteur: Alto de la Casilla.\" \/>\n<meta name=\"robots\" content=\"index, follow, max-snippet:-1, max-image-preview:large, max-video-preview:-1\" \/>\n<link rel=\"canonical\" href=\"https:\/\/alegria-realestate.com\/fr\/wp-json\/wp\/v2\/posts\/869130\" \/>\n<meta property=\"og:locale\" content=\"fr_FR\" \/>\n<meta property=\"og:type\" content=\"article\" \/>\n<meta property=\"og:title\" content=\"Torrevieja projette un nouveau parc \u00e0 l\u2019Alto de la Casilla\" \/>\n<meta property=\"og:description\" content=\"La ville d\u00e9voile les premiers croquis d\u2019un \u00ab poumon vert \u00bb de 27\u202f000 m\u00b2 avec belv\u00e9d\u00e8re et grand parc pour enfants. D\u00e9lai ~2 ans. Secteur: Alto de la Casilla.\" \/>\n<meta property=\"og:url\" content=\"https:\/\/alegria-realestate.com\/fr\/wp-json\/wp\/v2\/posts\/869130\" \/>\n<meta property=\"og:site_name\" content=\"Immobilier en Espagne\" \/>\n<meta property=\"article:publisher\" content=\"https:\/\/www.facebook.com\/realestate.alegria\" \/>\n<meta property=\"article:published_time\" content=\"2025-09-25T08:55:20+00:00\" \/>\n<meta property=\"article:modified_time\" content=\"2025-10-09T16:23:58+00:00\" \/>\n<meta property=\"og:image\" content=\"https:\/\/alegria-realestate.com\/wp-content\/uploads\/2025\/09\/alto-de-casilla-1024x683.png\" \/>\n\t<meta property=\"og:image:width\" content=\"1024\" \/>\n\t<meta property=\"og:image:height\" content=\"683\" \/>\n\t<meta property=\"og:image:type\" content=\"image\/png\" \/>\n<meta name=\"author\" content=\"Irina\" \/>\n<meta name=\"twitter:card\" content=\"summary_large_image\" \/>\n<meta name=\"twitter:creator\" content=\"@alegriarealesta\" \/>\n<meta name=\"twitter:site\" content=\"@alegriarealesta\" \/>\n<script type=\"application\/ld+json\" class=\"yoast-schema-graph\">{\"@context\":\"https:\\\/\\\/schema.org\",\"@graph\":[{\"@type\":\"Article\",\"@id\":\"https:\\\/\\\/alegria-realestate.com\\\/articles\\\/life-in-spain\\\/torrevieja-new-green-park-alto-de-la-casilla#article\",\"isPartOf\":{\"@id\":\"https:\\\/\\\/alegria-realestate.com\\\/articles\\\/life-in-spain\\\/torrevieja-new-green-park-alto-de-la-casilla\"},\"author\":{\"name\":\"Irina\",\"@id\":\"https:\\\/\\\/alegria-realestate.com\\\/#\\\/schema\\\/person\\\/d5f65cbf5d490b626f10bef994e91bde\"},\"headline\":\"Torrevieja va construire un nouveau grand parc vert \u00e0 Alto de la Casilla \u2013 27 000 m\u00b2 pour les familles\",\"datePublished\":\"2025-09-25T08:55:20+00:00\",\"dateModified\":\"2025-10-09T16:23:58+00:00\",\"mainEntityOfPage\":{\"@id\":\"https:\\\/\\\/alegria-realestate.com\\\/articles\\\/life-in-spain\\\/torrevieja-new-green-park-alto-de-la-casilla\"},\"wordCount\":3129,\"publisher\":{\"@id\":\"https:\\\/\\\/alegria-realestate.com\\\/#organization\"},\"image\":{\"@id\":\"https:\\\/\\\/alegria-realestate.com\\\/articles\\\/life-in-spain\\\/torrevieja-new-green-park-alto-de-la-casilla#primaryimage\"},\"thumbnailUrl\":\"https:\\\/\\\/alegria-realestate.com\\\/wp-content\\\/uploads\\\/2025\\\/09\\\/alto-de-casilla.png\",\"articleSection\":[\"Vie en Espagne\"],\"inLanguage\":\"fr-FR\"},{\"@type\":\"WebPage\",\"@id\":\"https:\\\/\\\/alegria-realestate.com\\\/fr\\\/articles\\\/life-in-spain\\\/torrevieja-new-green-park-alto-de-la-casilla\",\"url\":\"https:\\\/\\\/alegria-realestate.com\\\/fr\\\/articles\\\/life-in-spain\\\/torrevieja-new-green-park-alto-de-la-casilla\",\"name\":\"Torrevieja projette un nouveau parc \u00e0 l\u2019Alto de la Casilla\",\"isPartOf\":{\"@id\":\"https:\\\/\\\/alegria-realestate.com\\\/fr\\\/#website\"},\"primaryImageOfPage\":{\"@id\":\"https:\\\/\\\/alegria-realestate.com\\\/fr\\\/articles\\\/life-in-spain\\\/torrevieja-new-green-park-alto-de-la-casilla#primaryimage\"},\"image\":{\"@id\":\"https:\\\/\\\/alegria-realestate.com\\\/articles\\\/life-in-spain\\\/torrevieja-new-green-park-alto-de-la-casilla#primaryimage\"},\"thumbnailUrl\":\"https:\\\/\\\/alegria-realestate.com\\\/wp-content\\\/uploads\\\/2025\\\/09\\\/alto-de-casilla.png\",\"datePublished\":\"2025-09-25T08:55:20+00:00\",\"dateModified\":\"2025-10-09T16:23:58+00:00\",\"description\":\"La ville d\u00e9voile les premiers croquis d\u2019un \u00ab poumon vert \u00bb de 27\u202f000 m\u00b2 avec belv\u00e9d\u00e8re et grand parc pour enfants. D\u00e9lai ~2 ans. Secteur: Alto de la Casilla.\",\"breadcrumb\":{\"@id\":\"https:\\\/\\\/alegria-realestate.com\\\/fr\\\/articles\\\/life-in-spain\\\/torrevieja-new-green-park-alto-de-la-casilla#breadcrumb\"},\"inLanguage\":\"fr-FR\",\"potentialAction\":[{\"@type\":\"ReadAction\",\"target\":[[\"https:\\\/\\\/alegria-realestate.com\\\/fr\\\/articles\\\/life-in-spain\\\/torrevieja-new-green-park-alto-de-la-casilla\"]]}]},{\"@type\":\"ImageObject\",\"inLanguage\":\"fr-FR\",\"@id\":\"https:\\\/\\\/alegria-realestate.com\\\/fr\\\/articles\\\/life-in-spain\\\/torrevieja-new-green-park-alto-de-la-casilla#primaryimage\",\"url\":\"https:\\\/\\\/alegria-realestate.com\\\/wp-content\\\/uploads\\\/2025\\\/09\\\/alto-de-casilla.png\",\"contentUrl\":\"https:\\\/\\\/alegria-realestate.com\\\/wp-content\\\/uploads\\\/2025\\\/09\\\/alto-de-casilla.png\",\"width\":1536,\"height\":1024},{\"@type\":\"BreadcrumbList\",\"@id\":\"https:\\\/\\\/alegria-realestate.com\\\/fr\\\/articles\\\/life-in-spain\\\/torrevieja-new-green-park-alto-de-la-casilla#breadcrumb\",\"itemListElement\":[{\"@type\":\"ListItem\",\"position\":1,\"name\":\"\u0413\u043b\u0430\u0432\u043d\u0430\u044f \u0441\u0442\u0440\u0430\u043d\u0438\u0446\u0430\",\"item\":\"https:\\\/\\\/alegria-realestate.com\\\/fr\\\/\"},{\"@type\":\"ListItem\",\"position\":2,\"name\":\"\u0412 \u0422\u043e\u0440\u0440\u0435\u0432\u044c\u0435\u0445\u0435 \u043f\u043e\u044f\u0432\u0438\u0442\u0441\u044f \u043d\u043e\u0432\u044b\u0439 \u0431\u043e\u043b\u044c\u0448\u043e\u0439 \u043f\u0430\u0440\u043a\"}]},{\"@type\":\"WebSite\",\"@id\":\"https:\\\/\\\/alegria-realestate.com\\\/fr\\\/#website\",\"url\":\"https:\\\/\\\/alegria-realestate.com\\\/fr\\\/\",\"name\":\"Immobilier en Espagne\",\"description\":\"Immobilier en Espagne : ventes dans toutes les villes - Torrevieja, Alicante, Benidorm, etc. Nous vous aiderons \u00e0 acheter un bien immobilier sur la Costa Blanca - logements secondaires, b\u00e2timents neufs. Conception cl\u00e9 en main. Propri\u00e9t\u00e9 sur la Costa Blanca \u00e0 partir de 80 000 \u20ac.\",\"publisher\":{\"@id\":\"https:\\\/\\\/alegria-realestate.com\\\/fr\\\/#organization\"},\"potentialAction\":[{\"@type\":\"SearchAction\",\"target\":{\"@type\":\"EntryPoint\",\"urlTemplate\":\"https:\\\/\\\/alegria-realestate.com\\\/fr\\\/?s={search_term_string}\"},\"query-input\":{\"@type\":\"PropertyValueSpecification\",\"valueRequired\":true,\"valueName\":\"search_term_string\"}}],\"inLanguage\":\"fr-FR\"},{\"@type\":\"Organization\",\"@id\":\"https:\\\/\\\/alegria-realestate.com\\\/fr\\\/#organization\",\"name\":\"Alegria Realestate\",\"url\":\"https:\\\/\\\/alegria-realestate.com\\\/fr\\\/\",\"logo\":{\"@type\":\"ImageObject\",\"inLanguage\":\"fr-FR\",\"@id\":\"https:\\\/\\\/alegria-realestate.com\\\/fr\\\/#\\\/schema\\\/logo\\\/image\\\/\",\"url\":\"https:\\\/\\\/alegria-realestate.com\\\/wp-content\\\/uploads\\\/2019\\\/08\\\/logo_alegria.png\",\"contentUrl\":\"https:\\\/\\\/alegria-realestate.com\\\/wp-content\\\/uploads\\\/2019\\\/08\\\/logo_alegria.png\",\"width\":1600,\"height\":1403,\"caption\":\"Alegria Realestate\"},\"image\":{\"@id\":\"https:\\\/\\\/alegria-realestate.com\\\/fr\\\/#\\\/schema\\\/logo\\\/image\\\/\"},\"sameAs\":[\"https:\\\/\\\/www.facebook.com\\\/realestate.alegria\",\"https:\\\/\\\/x.com\\\/alegriarealesta\",\"https:\\\/\\\/www.instagram.com\\\/alegriadom\\\/\",\"https:\\\/\\\/www.linkedin.com\\\/profile\\\/view?id=154965227\",\"https:\\\/\\\/www.youtube.com\\\/user\\\/AlegriaRealEstate\"]},{\"@type\":\"Person\",\"@id\":\"https:\\\/\\\/alegria-realestate.com\\\/#\\\/schema\\\/person\\\/d5f65cbf5d490b626f10bef994e91bde\",\"name\":\"Irina\"}]}<\/script>\n<!-- \/ Yoast SEO plugin. -->","yoast_head_json":{"title":"Torrevieja projette un nouveau parc \u00e0 l\u2019Alto de la Casilla","description":"La ville d\u00e9voile les premiers croquis d\u2019un \u00ab poumon vert \u00bb de 27\u202f000 m\u00b2 avec belv\u00e9d\u00e8re et grand parc pour enfants. D\u00e9lai ~2 ans. Secteur: Alto de la Casilla.","robots":{"index":"index","follow":"follow","max-snippet":"max-snippet:-1","max-image-preview":"max-image-preview:large","max-video-preview":"max-video-preview:-1"},"canonical":"https:\/\/alegria-realestate.com\/fr\/wp-json\/wp\/v2\/posts\/869130","og_locale":"fr_FR","og_type":"article","og_title":"Torrevieja projette un nouveau parc \u00e0 l\u2019Alto de la Casilla","og_description":"La ville d\u00e9voile les premiers croquis d\u2019un \u00ab poumon vert \u00bb de 27\u202f000 m\u00b2 avec belv\u00e9d\u00e8re et grand parc pour enfants. D\u00e9lai ~2 ans. Secteur: Alto de la Casilla.","og_url":"https:\/\/alegria-realestate.com\/fr\/wp-json\/wp\/v2\/posts\/869130","og_site_name":"Immobilier en Espagne","article_publisher":"https:\/\/www.facebook.com\/realestate.alegria","article_published_time":"2025-09-25T08:55:20+00:00","article_modified_time":"2025-10-09T16:23:58+00:00","og_image":[{"width":1024,"height":683,"url":"https:\/\/alegria-realestate.com\/wp-content\/uploads\/2025\/09\/alto-de-casilla-1024x683.png","type":"image\/png"}],"author":"Irina","twitter_card":"summary_large_image","twitter_creator":"@alegriarealesta","twitter_site":"@alegriarealesta","schema":{"@context":"https:\/\/schema.org","@graph":[{"@type":"Article","@id":"https:\/\/alegria-realestate.com\/articles\/life-in-spain\/torrevieja-new-green-park-alto-de-la-casilla#article","isPartOf":{"@id":"https:\/\/alegria-realestate.com\/articles\/life-in-spain\/torrevieja-new-green-park-alto-de-la-casilla"},"author":{"name":"Irina","@id":"https:\/\/alegria-realestate.com\/#\/schema\/person\/d5f65cbf5d490b626f10bef994e91bde"},"headline":"Torrevieja va construire un nouveau grand parc vert \u00e0 Alto de la Casilla \u2013 27 000 m\u00b2 pour les familles","datePublished":"2025-09-25T08:55:20+00:00","dateModified":"2025-10-09T16:23:58+00:00","mainEntityOfPage":{"@id":"https:\/\/alegria-realestate.com\/articles\/life-in-spain\/torrevieja-new-green-park-alto-de-la-casilla"},"wordCount":3129,"publisher":{"@id":"https:\/\/alegria-realestate.com\/#organization"},"image":{"@id":"https:\/\/alegria-realestate.com\/articles\/life-in-spain\/torrevieja-new-green-park-alto-de-la-casilla#primaryimage"},"thumbnailUrl":"https:\/\/alegria-realestate.com\/wp-content\/uploads\/2025\/09\/alto-de-casilla.png","articleSection":["Vie en Espagne"],"inLanguage":"fr-FR"},{"@type":"WebPage","@id":"https:\/\/alegria-realestate.com\/fr\/articles\/life-in-spain\/torrevieja-new-green-park-alto-de-la-casilla","url":"https:\/\/alegria-realestate.com\/fr\/articles\/life-in-spain\/torrevieja-new-green-park-alto-de-la-casilla","name":"Torrevieja projette un nouveau parc \u00e0 l\u2019Alto de la Casilla","isPartOf":{"@id":"https:\/\/alegria-realestate.com\/fr\/#website"},"primaryImageOfPage":{"@id":"https:\/\/alegria-realestate.com\/fr\/articles\/life-in-spain\/torrevieja-new-green-park-alto-de-la-casilla#primaryimage"},"image":{"@id":"https:\/\/alegria-realestate.com\/articles\/life-in-spain\/torrevieja-new-green-park-alto-de-la-casilla#primaryimage"},"thumbnailUrl":"https:\/\/alegria-realestate.com\/wp-content\/uploads\/2025\/09\/alto-de-casilla.png","datePublished":"2025-09-25T08:55:20+00:00","dateModified":"2025-10-09T16:23:58+00:00","description":"La ville d\u00e9voile les premiers croquis d\u2019un \u00ab poumon vert \u00bb de 27\u202f000 m\u00b2 avec belv\u00e9d\u00e8re et grand parc pour enfants. D\u00e9lai ~2 ans. Secteur: Alto de la Casilla.","breadcrumb":{"@id":"https:\/\/alegria-realestate.com\/fr\/articles\/life-in-spain\/torrevieja-new-green-park-alto-de-la-casilla#breadcrumb"},"inLanguage":"fr-FR","potentialAction":[{"@type":"ReadAction","target":[["https:\/\/alegria-realestate.com\/fr\/articles\/life-in-spain\/torrevieja-new-green-park-alto-de-la-casilla"]]}]},{"@type":"ImageObject","inLanguage":"fr-FR","@id":"https:\/\/alegria-realestate.com\/fr\/articles\/life-in-spain\/torrevieja-new-green-park-alto-de-la-casilla#primaryimage","url":"https:\/\/alegria-realestate.com\/wp-content\/uploads\/2025\/09\/alto-de-casilla.png","contentUrl":"https:\/\/alegria-realestate.com\/wp-content\/uploads\/2025\/09\/alto-de-casilla.png","width":1536,"height":1024},{"@type":"BreadcrumbList","@id":"https:\/\/alegria-realestate.com\/fr\/articles\/life-in-spain\/torrevieja-new-green-park-alto-de-la-casilla#breadcrumb","itemListElement":[{"@type":"ListItem","position":1,"name":"\u0413\u043b\u0430\u0432\u043d\u0430\u044f \u0441\u0442\u0440\u0430\u043d\u0438\u0446\u0430","item":"https:\/\/alegria-realestate.com\/fr\/"},{"@type":"ListItem","position":2,"name":"\u0412 \u0422\u043e\u0440\u0440\u0435\u0432\u044c\u0435\u0445\u0435 \u043f\u043e\u044f\u0432\u0438\u0442\u0441\u044f \u043d\u043e\u0432\u044b\u0439 \u0431\u043e\u043b\u044c\u0448\u043e\u0439 \u043f\u0430\u0440\u043a"}]},{"@type":"WebSite","@id":"https:\/\/alegria-realestate.com\/fr\/#website","url":"https:\/\/alegria-realestate.com\/fr\/","name":"Immobilier en Espagne","description":"Immobilier en Espagne : ventes dans toutes les villes - Torrevieja, Alicante, Benidorm, etc. Nous vous aiderons \u00e0 acheter un bien immobilier sur la Costa Blanca - logements secondaires, b\u00e2timents neufs. Conception cl\u00e9 en main. Propri\u00e9t\u00e9 sur la Costa Blanca \u00e0 partir de 80 000 \u20ac.","publisher":{"@id":"https:\/\/alegria-realestate.com\/fr\/#organization"},"potentialAction":[{"@type":"SearchAction","target":{"@type":"EntryPoint","urlTemplate":"https:\/\/alegria-realestate.com\/fr\/?s={search_term_string}"},"query-input":{"@type":"PropertyValueSpecification","valueRequired":true,"valueName":"search_term_string"}}],"inLanguage":"fr-FR"},{"@type":"Organization","@id":"https:\/\/alegria-realestate.com\/fr\/#organization","name":"Alegria Realestate","url":"https:\/\/alegria-realestate.com\/fr\/","logo":{"@type":"ImageObject","inLanguage":"fr-FR","@id":"https:\/\/alegria-realestate.com\/fr\/#\/schema\/logo\/image\/","url":"https:\/\/alegria-realestate.com\/wp-content\/uploads\/2019\/08\/logo_alegria.png","contentUrl":"https:\/\/alegria-realestate.com\/wp-content\/uploads\/2019\/08\/logo_alegria.png","width":1600,"height":1403,"caption":"Alegria Realestate"},"image":{"@id":"https:\/\/alegria-realestate.com\/fr\/#\/schema\/logo\/image\/"},"sameAs":["https:\/\/www.facebook.com\/realestate.alegria","https:\/\/x.com\/alegriarealesta","https:\/\/www.instagram.com\/alegriadom\/","https:\/\/www.linkedin.com\/profile\/view?id=154965227","https:\/\/www.youtube.com\/user\/AlegriaRealEstate"]},{"@type":"Person","@id":"https:\/\/alegria-realestate.com\/#\/schema\/person\/d5f65cbf5d490b626f10bef994e91bde","name":"Irina"}]}},"_links":{"self":[{"href":"https:\/\/alegria-realestate.com\/fr\/wp-json\/wp\/v2\/posts\/869130","targetHints":{"allow":["GET"]}}],"collection":[{"href":"https:\/\/alegria-realestate.com\/fr\/wp-json\/wp\/v2\/posts"}],"about":[{"href":"https:\/\/alegria-realestate.com\/fr\/wp-json\/wp\/v2\/types\/post"}],"author":[{"embeddable":true,"href":"https:\/\/alegria-realestate.com\/fr\/wp-json\/wp\/v2\/users\/34"}],"replies":[{"embeddable":true,"href":"https:\/\/alegria-realestate.com\/fr\/wp-json\/wp\/v2\/comments?post=869130"}],"version-history":[{"count":5,"href":"https:\/\/alegria-realestate.com\/fr\/wp-json\/wp\/v2\/posts\/869130\/revisions"}],"predecessor-version":[{"id":915987,"href":"https:\/\/alegria-realestate.com\/fr\/wp-json\/wp\/v2\/posts\/869130\/revisions\/915987"}],"wp:featuredmedia":[{"embeddable":true,"href":"https:\/\/alegria-realestate.com\/fr\/wp-json\/wp\/v2\/media\/869133"}],"wp:attachment":[{"href":"https:\/\/alegria-realestate.com\/fr\/wp-json\/wp\/v2\/media?parent=869130"}],"wp:term":[{"taxonomy":"category","embeddable":true,"href":"https:\/\/alegria-realestate.com\/fr\/wp-json\/wp\/v2\/categories?post=869130"},{"taxonomy":"post_tag","embeddable":true,"href":"https:\/\/alegria-realestate.com\/fr\/wp-json\/wp\/v2\/tags?post=869130"}],"curies":[{"name":"wp","href":"https:\/\/api.w.org\/{rel}","templated":true}]}}