{"id":916758,"date":"2025-10-06T18:14:54","date_gmt":"2025-10-06T15:14:54","guid":{"rendered":"https:\/\/alegria-realestate.com\/?p=916758"},"modified":"2025-10-13T18:18:20","modified_gmt":"2025-10-13T15:18:20","slug":"alicante-the-second-province-in-spain-by-number-of-foreign-tenants","status":"publish","type":"post","link":"https:\/\/alegria-realestate.com\/fr\/articles\/alicante-the-second-province-in-spain-by-number-of-foreign-tenants","title":{"rendered":"Alicante \u2013 deuxi\u00e8me province d\u2019Espagne par part de locataires \u00e9trangers \u2013 2025"},"content":{"rendered":"<p><span style=\"font-weight: 400;\">Selon la derni\u00e8re \u00e9tude du portail Idealista, les logements \u00e0 louer dans les provinces des \u00celes Bal\u00e9ares (29,1%), <\/span><a href=\"https:\/\/alegria-realestate.com\/fr\/articles\/why-is-property-so-cheap-in-alicante\"><span style=\"font-weight: 400;\">Alicante<\/span><\/a><span style=\"font-weight: 400;\"> (27,4%), <\/span><a href=\"https:\/\/alegria-realestate.com\/fr\/articles\/city-of-spain\/malaga-spain\"><span style=\"font-weight: 400;\">M\u00e1laga<\/span><\/a><span style=\"font-weight: 400;\"> (25,7%) et Santa Cruz de T\u00e9n\u00e9rife (21,9%) suscitent un vif int\u00e9r\u00eat des \u00e9trangers au premier trimestre 2025. La demande est particuli\u00e8rement forte de la part de citoyens europ\u00e9ens \u2013 Allemagne, Royaume-Uni, France, Pays-Bas et Italie \u2013 ainsi que des \u00c9tats-Unis, de l\u2019Argentine, du Maroc et de la Colombie.<\/span><\/p>\n<p><span style=\"font-weight: 400;\">Aux Bal\u00e9ares, la majorit\u00e9 des recherches proviennent d\u2019Allemagne (39%), loin devant le Royaume-Uni (9%) et l\u2019Italie (7%). \u00c0 Alicante, les recherches proviennent surtout des Pays-Bas (14%), d\u2019Allemagne (11%) et du Royaume-Uni (9%).<\/span><\/p>\n<p><span style=\"font-weight: 400;\">En troisi\u00e8me position figure M\u00e1laga, o\u00f9 les plus actifs sont les Britanniques (11%), les Allemands (10%) et les N\u00e9erlandais (9%). \u00c0 Santa Cruz de T\u00e9n\u00e9rife, les Allemands (23%) d\u00e9passent les Italiens (19%) et les Britanniques (8%) en int\u00e9r\u00eat pour la location dans les \u00eeles occidentales de l\u2019archipel des Canaries.<\/span><\/p>\n<p><span style=\"font-weight: 400;\">Le rapport indique que les annonces de location publi\u00e9es sur Idealista dans d\u2019autres \u00ab provinces touristiques \u00bb \u2013 telles que Las Palmas, G\u00e9rone ou Almer\u00eda \u2013 sont \u00e9galement tr\u00e8s populaires aupr\u00e8s des \u00e9trangers, avec une demande sup\u00e9rieure \u00e0 15%. Parmi les grands march\u00e9s du logement, la plus grande part de visites des annonces de location a \u00e9t\u00e9 enregistr\u00e9e \u00e0 Valence (17%), devant Barcelone (15,3%), Madrid (9,1%) et S\u00e9ville (8,1%).<\/span><\/p>\n<p><span style=\"font-weight: 400;\">Les citoyens am\u00e9ricains ont le plus souvent privil\u00e9gi\u00e9 <\/span><a href=\"https:\/\/alegria-realestate.com\/fr\/articles\/city-of-spain\/sights-of-valencia-spain\"><span style=\"font-weight: 400;\">Valence<\/span><\/a><span style=\"font-weight: 400;\">, Madrid et S\u00e9ville (13\u201314%), tandis qu\u2019\u00e0 Barcelone ils se classent deuxi\u00e8mes (10%), derri\u00e8re les Fran\u00e7ais (11%). Dans la province de Valence, les Am\u00e9ricains sont rejoints par les Allemands (9%) et les Fran\u00e7ais (8%), et \u00e0 Barcelone le trio de t\u00eate est compl\u00e9t\u00e9 par les Italiens (9%). \u00c0 Madrid, se distinguent les recherches en provenance de France (8%) et d\u2019Italie (7%) \u2013 comme \u00e0 S\u00e9ville, avec respectivement 11% et 9%.<\/span><\/p>\n<p><span style=\"font-weight: 400;\">Parmi les autres nationalit\u00e9s \u2013 bien que toutes affichent une demande inf\u00e9rieure \u00e0 10% \u2013 on note l\u2019int\u00e9r\u00eat des Portugais pour les zones frontali\u00e8res. Ils arrivent en t\u00eate des visites \u00e0 Badajoz (40%), Huelva (27%), Pontevedra (22%) et Ourense (15%). Depuis Andorre, l\u2019int\u00e9r\u00eat porte principalement sur Lleida (18%), tandis que depuis le Br\u00e9sil il s\u2019oriente vers Valladolid (10%). Les visites en provenance d\u2019Am\u00e9rique latine \u2013 Argentine, Venezuela, Colombie et Cuba \u2013 occupent les premi\u00e8res places dans les provinces de l\u2019int\u00e9rieur : Guadalajara, Tol\u00e8de, S\u00e9govie et \u00c1vila.<\/span><\/p>","protected":false},"excerpt":{"rendered":"<p>Selon la derni\u00e8re \u00e9tude du portail Idealista, les logements\u2026<\/p>\n","protected":false},"author":34,"featured_media":916761,"comment_status":"closed","ping_status":"closed","sticky":false,"template":"","format":"standard","meta":{"footnotes":""},"categories":[1],"tags":[],"class_list":["post-916758","post","type-post","status-publish","format-standard","has-post-thumbnail","hentry","category-articles"],"yoast_head":"<!-- This site is optimized with the Yoast SEO plugin v27.5 - https:\/\/yoast.com\/product\/yoast-seo-wordpress\/ -->\n<title>Alicante \u2013 2e province d\u2019Espagne par locataires \u00e9trangers, 2025<\/title>\n<meta name=\"description\" content=\"March\u00e9 locatif 2025: pourquoi la province d\u2019Alicante s\u00e9duit les locataires \u00e9trangers \u2013 zones cl\u00e9s, prix et tendances.\" \/>\n<meta name=\"robots\" content=\"index, follow, max-snippet:-1, max-image-preview:large, max-video-preview:-1\" \/>\n<link rel=\"canonical\" href=\"https:\/\/alegria-realestate.com\/fr\/wp-json\/wp\/v2\/posts\/916758\" \/>\n<meta property=\"og:locale\" content=\"fr_FR\" \/>\n<meta property=\"og:type\" content=\"article\" \/>\n<meta property=\"og:title\" content=\"Alicante \u2013 2e province d\u2019Espagne par locataires \u00e9trangers, 2025\" \/>\n<meta property=\"og:description\" content=\"March\u00e9 locatif 2025: pourquoi la province d\u2019Alicante s\u00e9duit les locataires \u00e9trangers \u2013 zones cl\u00e9s, prix et tendances.\" \/>\n<meta property=\"og:url\" content=\"https:\/\/alegria-realestate.com\/fr\/wp-json\/wp\/v2\/posts\/916758\" \/>\n<meta property=\"og:site_name\" content=\"Immobilier en Espagne\" \/>\n<meta property=\"article:publisher\" content=\"https:\/\/www.facebook.com\/realestate.alegria\" \/>\n<meta property=\"article:published_time\" content=\"2025-10-06T15:14:54+00:00\" \/>\n<meta property=\"article:modified_time\" content=\"2025-10-13T15:18:20+00:00\" \/>\n<meta property=\"og:image\" content=\"https:\/\/alegria-realestate.com\/wp-content\/uploads\/2025\/10\/campoamor.jpg\" \/>\n\t<meta property=\"og:image:width\" content=\"2000\" \/>\n\t<meta property=\"og:image:height\" content=\"1332\" \/>\n\t<meta property=\"og:image:type\" content=\"image\/jpeg\" \/>\n<meta name=\"author\" content=\"Irina\" \/>\n<meta name=\"twitter:card\" content=\"summary_large_image\" \/>\n<meta name=\"twitter:creator\" content=\"@alegriarealesta\" \/>\n<meta name=\"twitter:site\" content=\"@alegriarealesta\" \/>\n<script type=\"application\/ld+json\" class=\"yoast-schema-graph\">{\"@context\":\"https:\\\/\\\/schema.org\",\"@graph\":[{\"@type\":\"Article\",\"@id\":\"https:\\\/\\\/alegria-realestate.com\\\/articles\\\/alicante-the-second-province-in-spain-by-number-of-foreign-tenants#article\",\"isPartOf\":{\"@id\":\"https:\\\/\\\/alegria-realestate.com\\\/articles\\\/alicante-the-second-province-in-spain-by-number-of-foreign-tenants\"},\"author\":{\"name\":\"Irina\",\"@id\":\"https:\\\/\\\/alegria-realestate.com\\\/#\\\/schema\\\/person\\\/d5f65cbf5d490b626f10bef994e91bde\"},\"headline\":\"Alicante \u2013 deuxi\u00e8me province d\u2019Espagne par part de locataires \u00e9trangers \u2013 2025\",\"datePublished\":\"2025-10-06T15:14:54+00:00\",\"dateModified\":\"2025-10-13T15:18:20+00:00\",\"mainEntityOfPage\":{\"@id\":\"https:\\\/\\\/alegria-realestate.com\\\/articles\\\/alicante-the-second-province-in-spain-by-number-of-foreign-tenants\"},\"wordCount\":3599,\"publisher\":{\"@id\":\"https:\\\/\\\/alegria-realestate.com\\\/#organization\"},\"image\":{\"@id\":\"https:\\\/\\\/alegria-realestate.com\\\/articles\\\/alicante-the-second-province-in-spain-by-number-of-foreign-tenants#primaryimage\"},\"thumbnailUrl\":\"https:\\\/\\\/alegria-realestate.com\\\/wp-content\\\/uploads\\\/2025\\\/10\\\/campoamor.jpg\",\"articleSection\":[\"Blog\"],\"inLanguage\":\"fr-FR\"},{\"@type\":\"WebPage\",\"@id\":\"https:\\\/\\\/alegria-realestate.com\\\/fr\\\/articles\\\/alicante-the-second-province-in-spain-by-number-of-foreign-tenants\",\"url\":\"https:\\\/\\\/alegria-realestate.com\\\/fr\\\/articles\\\/alicante-the-second-province-in-spain-by-number-of-foreign-tenants\",\"name\":\"Alicante \u2013 2e province d\u2019Espagne par locataires \u00e9trangers, 2025\",\"isPartOf\":{\"@id\":\"https:\\\/\\\/alegria-realestate.com\\\/fr\\\/#website\"},\"primaryImageOfPage\":{\"@id\":\"https:\\\/\\\/alegria-realestate.com\\\/fr\\\/articles\\\/alicante-the-second-province-in-spain-by-number-of-foreign-tenants#primaryimage\"},\"image\":{\"@id\":\"https:\\\/\\\/alegria-realestate.com\\\/articles\\\/alicante-the-second-province-in-spain-by-number-of-foreign-tenants#primaryimage\"},\"thumbnailUrl\":\"https:\\\/\\\/alegria-realestate.com\\\/wp-content\\\/uploads\\\/2025\\\/10\\\/campoamor.jpg\",\"datePublished\":\"2025-10-06T15:14:54+00:00\",\"dateModified\":\"2025-10-13T15:18:20+00:00\",\"description\":\"March\u00e9 locatif 2025: pourquoi la province d\u2019Alicante s\u00e9duit les locataires \u00e9trangers \u2013 zones cl\u00e9s, prix et tendances.\",\"breadcrumb\":{\"@id\":\"https:\\\/\\\/alegria-realestate.com\\\/fr\\\/articles\\\/alicante-the-second-province-in-spain-by-number-of-foreign-tenants#breadcrumb\"},\"inLanguage\":\"fr-FR\",\"potentialAction\":[{\"@type\":\"ReadAction\",\"target\":[[\"https:\\\/\\\/alegria-realestate.com\\\/fr\\\/articles\\\/alicante-the-second-province-in-spain-by-number-of-foreign-tenants\"]]}]},{\"@type\":\"ImageObject\",\"inLanguage\":\"fr-FR\",\"@id\":\"https:\\\/\\\/alegria-realestate.com\\\/fr\\\/articles\\\/alicante-the-second-province-in-spain-by-number-of-foreign-tenants#primaryimage\",\"url\":\"https:\\\/\\\/alegria-realestate.com\\\/wp-content\\\/uploads\\\/2025\\\/10\\\/campoamor.jpg\",\"contentUrl\":\"https:\\\/\\\/alegria-realestate.com\\\/wp-content\\\/uploads\\\/2025\\\/10\\\/campoamor.jpg\",\"width\":2000,\"height\":1332},{\"@type\":\"BreadcrumbList\",\"@id\":\"https:\\\/\\\/alegria-realestate.com\\\/fr\\\/articles\\\/alicante-the-second-province-in-spain-by-number-of-foreign-tenants#breadcrumb\",\"itemListElement\":[{\"@type\":\"ListItem\",\"position\":1,\"name\":\"\u0413\u043b\u0430\u0432\u043d\u0430\u044f \u0441\u0442\u0440\u0430\u043d\u0438\u0446\u0430\",\"item\":\"https:\\\/\\\/alegria-realestate.com\\\/fr\\\/\"},{\"@type\":\"ListItem\",\"position\":2,\"name\":\"\u0410\u043b\u0438\u043a\u0430\u043d\u0442\u0435 \u2013 \u0432\u0442\u043e\u0440\u0430\u044f \u043f\u0440\u043e\u0432\u0438\u043d\u0446\u0438\u044f \u0418\u0441\u043f\u0430\u043d\u0438\u0438 \u043f\u043e \u0447\u0438\u0441\u043b\u0443 \u0438\u043d\u043e\u0441\u0442\u0440\u0430\u043d\u043d\u044b\u0445 \u0430\u0440\u0435\u043d\u0434\u0430\u0442\u043e\u0440\u043e\u0432 \u2013 2025\"}]},{\"@type\":\"WebSite\",\"@id\":\"https:\\\/\\\/alegria-realestate.com\\\/fr\\\/#website\",\"url\":\"https:\\\/\\\/alegria-realestate.com\\\/fr\\\/\",\"name\":\"Immobilier en Espagne\",\"description\":\"Immobilier en Espagne : ventes dans toutes les villes - Torrevieja, Alicante, Benidorm, etc. Nous vous aiderons \u00e0 acheter un bien immobilier sur la Costa Blanca - logements secondaires, b\u00e2timents neufs. Conception cl\u00e9 en main. Propri\u00e9t\u00e9 sur la Costa Blanca \u00e0 partir de 80 000 \u20ac.\",\"publisher\":{\"@id\":\"https:\\\/\\\/alegria-realestate.com\\\/fr\\\/#organization\"},\"potentialAction\":[{\"@type\":\"SearchAction\",\"target\":{\"@type\":\"EntryPoint\",\"urlTemplate\":\"https:\\\/\\\/alegria-realestate.com\\\/fr\\\/?s={search_term_string}\"},\"query-input\":{\"@type\":\"PropertyValueSpecification\",\"valueRequired\":true,\"valueName\":\"search_term_string\"}}],\"inLanguage\":\"fr-FR\"},{\"@type\":\"Organization\",\"@id\":\"https:\\\/\\\/alegria-realestate.com\\\/fr\\\/#organization\",\"name\":\"Alegria Realestate\",\"url\":\"https:\\\/\\\/alegria-realestate.com\\\/fr\\\/\",\"logo\":{\"@type\":\"ImageObject\",\"inLanguage\":\"fr-FR\",\"@id\":\"https:\\\/\\\/alegria-realestate.com\\\/fr\\\/#\\\/schema\\\/logo\\\/image\\\/\",\"url\":\"https:\\\/\\\/alegria-realestate.com\\\/wp-content\\\/uploads\\\/2019\\\/08\\\/logo_alegria.png\",\"contentUrl\":\"https:\\\/\\\/alegria-realestate.com\\\/wp-content\\\/uploads\\\/2019\\\/08\\\/logo_alegria.png\",\"width\":1600,\"height\":1403,\"caption\":\"Alegria Realestate\"},\"image\":{\"@id\":\"https:\\\/\\\/alegria-realestate.com\\\/fr\\\/#\\\/schema\\\/logo\\\/image\\\/\"},\"sameAs\":[\"https:\\\/\\\/www.facebook.com\\\/realestate.alegria\",\"https:\\\/\\\/x.com\\\/alegriarealesta\",\"https:\\\/\\\/www.instagram.com\\\/alegriadom\\\/\",\"https:\\\/\\\/www.linkedin.com\\\/profile\\\/view?id=154965227\",\"https:\\\/\\\/www.youtube.com\\\/user\\\/AlegriaRealEstate\"]},{\"@type\":\"Person\",\"@id\":\"https:\\\/\\\/alegria-realestate.com\\\/#\\\/schema\\\/person\\\/d5f65cbf5d490b626f10bef994e91bde\",\"name\":\"Irina\"}]}<\/script>\n<!-- \/ Yoast SEO plugin. -->","yoast_head_json":{"title":"Alicante \u2013 2e province d\u2019Espagne par locataires \u00e9trangers, 2025","description":"March\u00e9 locatif 2025: pourquoi la province d\u2019Alicante s\u00e9duit les locataires \u00e9trangers \u2013 zones cl\u00e9s, prix et tendances.","robots":{"index":"index","follow":"follow","max-snippet":"max-snippet:-1","max-image-preview":"max-image-preview:large","max-video-preview":"max-video-preview:-1"},"canonical":"https:\/\/alegria-realestate.com\/fr\/wp-json\/wp\/v2\/posts\/916758","og_locale":"fr_FR","og_type":"article","og_title":"Alicante \u2013 2e province d\u2019Espagne par locataires \u00e9trangers, 2025","og_description":"March\u00e9 locatif 2025: pourquoi la province d\u2019Alicante s\u00e9duit les locataires \u00e9trangers \u2013 zones cl\u00e9s, prix et tendances.","og_url":"https:\/\/alegria-realestate.com\/fr\/wp-json\/wp\/v2\/posts\/916758","og_site_name":"Immobilier en Espagne","article_publisher":"https:\/\/www.facebook.com\/realestate.alegria","article_published_time":"2025-10-06T15:14:54+00:00","article_modified_time":"2025-10-13T15:18:20+00:00","og_image":[{"width":2000,"height":1332,"url":"https:\/\/alegria-realestate.com\/wp-content\/uploads\/2025\/10\/campoamor.jpg","type":"image\/jpeg"}],"author":"Irina","twitter_card":"summary_large_image","twitter_creator":"@alegriarealesta","twitter_site":"@alegriarealesta","schema":{"@context":"https:\/\/schema.org","@graph":[{"@type":"Article","@id":"https:\/\/alegria-realestate.com\/articles\/alicante-the-second-province-in-spain-by-number-of-foreign-tenants#article","isPartOf":{"@id":"https:\/\/alegria-realestate.com\/articles\/alicante-the-second-province-in-spain-by-number-of-foreign-tenants"},"author":{"name":"Irina","@id":"https:\/\/alegria-realestate.com\/#\/schema\/person\/d5f65cbf5d490b626f10bef994e91bde"},"headline":"Alicante \u2013 deuxi\u00e8me province d\u2019Espagne par part de locataires \u00e9trangers \u2013 2025","datePublished":"2025-10-06T15:14:54+00:00","dateModified":"2025-10-13T15:18:20+00:00","mainEntityOfPage":{"@id":"https:\/\/alegria-realestate.com\/articles\/alicante-the-second-province-in-spain-by-number-of-foreign-tenants"},"wordCount":3599,"publisher":{"@id":"https:\/\/alegria-realestate.com\/#organization"},"image":{"@id":"https:\/\/alegria-realestate.com\/articles\/alicante-the-second-province-in-spain-by-number-of-foreign-tenants#primaryimage"},"thumbnailUrl":"https:\/\/alegria-realestate.com\/wp-content\/uploads\/2025\/10\/campoamor.jpg","articleSection":["Blog"],"inLanguage":"fr-FR"},{"@type":"WebPage","@id":"https:\/\/alegria-realestate.com\/fr\/articles\/alicante-the-second-province-in-spain-by-number-of-foreign-tenants","url":"https:\/\/alegria-realestate.com\/fr\/articles\/alicante-the-second-province-in-spain-by-number-of-foreign-tenants","name":"Alicante \u2013 2e province d\u2019Espagne par locataires \u00e9trangers, 2025","isPartOf":{"@id":"https:\/\/alegria-realestate.com\/fr\/#website"},"primaryImageOfPage":{"@id":"https:\/\/alegria-realestate.com\/fr\/articles\/alicante-the-second-province-in-spain-by-number-of-foreign-tenants#primaryimage"},"image":{"@id":"https:\/\/alegria-realestate.com\/articles\/alicante-the-second-province-in-spain-by-number-of-foreign-tenants#primaryimage"},"thumbnailUrl":"https:\/\/alegria-realestate.com\/wp-content\/uploads\/2025\/10\/campoamor.jpg","datePublished":"2025-10-06T15:14:54+00:00","dateModified":"2025-10-13T15:18:20+00:00","description":"March\u00e9 locatif 2025: pourquoi la province d\u2019Alicante s\u00e9duit les locataires \u00e9trangers \u2013 zones cl\u00e9s, prix et tendances.","breadcrumb":{"@id":"https:\/\/alegria-realestate.com\/fr\/articles\/alicante-the-second-province-in-spain-by-number-of-foreign-tenants#breadcrumb"},"inLanguage":"fr-FR","potentialAction":[{"@type":"ReadAction","target":[["https:\/\/alegria-realestate.com\/fr\/articles\/alicante-the-second-province-in-spain-by-number-of-foreign-tenants"]]}]},{"@type":"ImageObject","inLanguage":"fr-FR","@id":"https:\/\/alegria-realestate.com\/fr\/articles\/alicante-the-second-province-in-spain-by-number-of-foreign-tenants#primaryimage","url":"https:\/\/alegria-realestate.com\/wp-content\/uploads\/2025\/10\/campoamor.jpg","contentUrl":"https:\/\/alegria-realestate.com\/wp-content\/uploads\/2025\/10\/campoamor.jpg","width":2000,"height":1332},{"@type":"BreadcrumbList","@id":"https:\/\/alegria-realestate.com\/fr\/articles\/alicante-the-second-province-in-spain-by-number-of-foreign-tenants#breadcrumb","itemListElement":[{"@type":"ListItem","position":1,"name":"\u0413\u043b\u0430\u0432\u043d\u0430\u044f \u0441\u0442\u0440\u0430\u043d\u0438\u0446\u0430","item":"https:\/\/alegria-realestate.com\/fr\/"},{"@type":"ListItem","position":2,"name":"\u0410\u043b\u0438\u043a\u0430\u043d\u0442\u0435 \u2013 \u0432\u0442\u043e\u0440\u0430\u044f \u043f\u0440\u043e\u0432\u0438\u043d\u0446\u0438\u044f \u0418\u0441\u043f\u0430\u043d\u0438\u0438 \u043f\u043e \u0447\u0438\u0441\u043b\u0443 \u0438\u043d\u043e\u0441\u0442\u0440\u0430\u043d\u043d\u044b\u0445 \u0430\u0440\u0435\u043d\u0434\u0430\u0442\u043e\u0440\u043e\u0432 \u2013 2025"}]},{"@type":"WebSite","@id":"https:\/\/alegria-realestate.com\/fr\/#website","url":"https:\/\/alegria-realestate.com\/fr\/","name":"Immobilier en Espagne","description":"Immobilier en Espagne : ventes dans toutes les villes - Torrevieja, Alicante, Benidorm, etc. Nous vous aiderons \u00e0 acheter un bien immobilier sur la Costa Blanca - logements secondaires, b\u00e2timents neufs. Conception cl\u00e9 en main. Propri\u00e9t\u00e9 sur la Costa Blanca \u00e0 partir de 80 000 \u20ac.","publisher":{"@id":"https:\/\/alegria-realestate.com\/fr\/#organization"},"potentialAction":[{"@type":"SearchAction","target":{"@type":"EntryPoint","urlTemplate":"https:\/\/alegria-realestate.com\/fr\/?s={search_term_string}"},"query-input":{"@type":"PropertyValueSpecification","valueRequired":true,"valueName":"search_term_string"}}],"inLanguage":"fr-FR"},{"@type":"Organization","@id":"https:\/\/alegria-realestate.com\/fr\/#organization","name":"Alegria Realestate","url":"https:\/\/alegria-realestate.com\/fr\/","logo":{"@type":"ImageObject","inLanguage":"fr-FR","@id":"https:\/\/alegria-realestate.com\/fr\/#\/schema\/logo\/image\/","url":"https:\/\/alegria-realestate.com\/wp-content\/uploads\/2019\/08\/logo_alegria.png","contentUrl":"https:\/\/alegria-realestate.com\/wp-content\/uploads\/2019\/08\/logo_alegria.png","width":1600,"height":1403,"caption":"Alegria Realestate"},"image":{"@id":"https:\/\/alegria-realestate.com\/fr\/#\/schema\/logo\/image\/"},"sameAs":["https:\/\/www.facebook.com\/realestate.alegria","https:\/\/x.com\/alegriarealesta","https:\/\/www.instagram.com\/alegriadom\/","https:\/\/www.linkedin.com\/profile\/view?id=154965227","https:\/\/www.youtube.com\/user\/AlegriaRealEstate"]},{"@type":"Person","@id":"https:\/\/alegria-realestate.com\/#\/schema\/person\/d5f65cbf5d490b626f10bef994e91bde","name":"Irina"}]}},"_links":{"self":[{"href":"https:\/\/alegria-realestate.com\/fr\/wp-json\/wp\/v2\/posts\/916758","targetHints":{"allow":["GET"]}}],"collection":[{"href":"https:\/\/alegria-realestate.com\/fr\/wp-json\/wp\/v2\/posts"}],"about":[{"href":"https:\/\/alegria-realestate.com\/fr\/wp-json\/wp\/v2\/types\/post"}],"author":[{"embeddable":true,"href":"https:\/\/alegria-realestate.com\/fr\/wp-json\/wp\/v2\/users\/34"}],"replies":[{"embeddable":true,"href":"https:\/\/alegria-realestate.com\/fr\/wp-json\/wp\/v2\/comments?post=916758"}],"version-history":[{"count":4,"href":"https:\/\/alegria-realestate.com\/fr\/wp-json\/wp\/v2\/posts\/916758\/revisions"}],"predecessor-version":[{"id":916765,"href":"https:\/\/alegria-realestate.com\/fr\/wp-json\/wp\/v2\/posts\/916758\/revisions\/916765"}],"wp:featuredmedia":[{"embeddable":true,"href":"https:\/\/alegria-realestate.com\/fr\/wp-json\/wp\/v2\/media\/916761"}],"wp:attachment":[{"href":"https:\/\/alegria-realestate.com\/fr\/wp-json\/wp\/v2\/media?parent=916758"}],"wp:term":[{"taxonomy":"category","embeddable":true,"href":"https:\/\/alegria-realestate.com\/fr\/wp-json\/wp\/v2\/categories?post=916758"},{"taxonomy":"post_tag","embeddable":true,"href":"https:\/\/alegria-realestate.com\/fr\/wp-json\/wp\/v2\/tags?post=916758"}],"curies":[{"name":"wp","href":"https:\/\/api.w.org\/{rel}","templated":true}]}}