{"id":73186,"date":"2019-06-18T09:04:40","date_gmt":"2019-06-18T06:04:40","guid":{"rendered":"https:\/\/alegria-realestate.com\/?p=73186"},"modified":"2025-08-14T19:48:21","modified_gmt":"2025-08-14T16:48:21","slug":"festival-of-san-juan-in-alicante","status":"publish","type":"post","link":"https:\/\/alegria-realestate.com\/nl\/articles\/news\/festival-of-san-juan-in-alicante","title":{"rendered":"San Juan-festival in Alicante en Torrevieja 2019"},"content":{"rendered":"<p>Het San Juan-festival in Alicante is een van de kleurrijkste festivals van Spanje, waarmee de inwoners van het land traditioneel de komst van de zomer verwelkomen. Deze bijeenkomst is zeer luidruchtig en gezellig: vuurwerk, kleurrijke optochten, concerten, kermissen, feesten en natuurlijk het aansteken van vreugdevuren op het strand. Aan de Costa Blanca, met name in Torrevieja en Alicante, is dit een van de meest geliefde feestdagen. San Juan is in veel opzichten vergelijkbaar met het beroemde Valenciaanse feest &quot;Fallas&quot;. De festiviteiten duren meerdere dagen en eindigen in de nacht van 23 op 24 juni (de kortste nacht van het jaar) met het verbranden van gigantische composities van handgemaakte figuren (ninot) speciaal voor de feestdag. De composities zijn &quot;kinder&quot; en &quot;volwassen&quot;. <img loading=\"lazy\" decoding=\"async\" class=\"alignnone size-full wp-image-73908\" src=\"https:\/\/alegria-realestate.com\/wp-content\/uploads\/2019\/06\/festival-of-san-juan-in-alicante2.jpeg\" alt=\"Festival van San Juan, Alicante 2019\" width=\"1000\" height=\"667\" srcset=\"https:\/\/alegria-realestate.com\/wp-content\/uploads\/2019\/06\/festival-of-san-juan-in-alicante2.jpeg 1000w, https:\/\/alegria-realestate.com\/wp-content\/uploads\/2019\/06\/festival-of-san-juan-in-alicante2-300x200.jpeg 300w, https:\/\/alegria-realestate.com\/wp-content\/uploads\/2019\/06\/festival-of-san-juan-in-alicante2-768x512.jpeg 768w\" sizes=\"auto, (max-width: 1000px) 100vw, 1000px\" \/> De geschiedenis van de feestdag gaat terug tot oude heidense tijden. San Juan is een feestdag van vuur, en daarom spelen vuurwerk en enorme vreugdevuren de hoofdrol. Volgens de legende helpen vreugdevuren die op deze feestdag worden aangestoken de zon om meer kracht te krijgen en de aarde overvloedig te verwarmen. De ouden geloofden dat vlammen een reinigende kracht hebben en helpen om boze geesten, en in het algemeen alle negatieve energie, uit het leven te verdrijven. En als je aan de reinigende kracht van vuur nog meer lawaai, plezier en luid gelach toevoegt, maken boze geesten die vijandig staan tegenover de mens geen schijn van kans. Velen gebruiken San Juan om oude dingen te verbranden &#8211; als symbool voor de reiniging van alles wat onnodig en onaangenaam is. Baden is een ander essentieel onderdeel van de feestdag van San Juan, evenals over een vuur springen. De belangrijkste traktatie van de feestdag is de &quot;coca&quot;-taart, die de zon symboliseert. Proef er een &#8211; en geluk voor het hele jaar is gegarandeerd! Wil je met eigen ogen zien hoe dit belangrijkste zomerfestival aan de Costa Blanca wordt gevierd? Wij hebben voor u een programma samengesteld met de festiviteiten in Torrevieja en Alicante van 18 tot en met 24 juni. Bekijk de video van het San Juan Festival aan de Costa Blanca: <iframe loading=\"lazy\" src=\"https:\/\/www.youtube.com\/embed\/iDot6yRYkPU\" width=\"100%\" height=\"400\" frameborder=\"0\" allowfullscreen=\"allowfullscreen\"><\/iframe><\/p>\n<h2> San Juan in Alicante 2019: volledig programma<\/h2>\n<p> Een van de hoofdacts van het San Juan-festival in Alicante is de masclet\u00e1, een pyrotechnische show met een explosie van vuurwerk en rotjes. De offici\u00eble website van Alicante meldt dat er dit jaar 13 masclet\u00e1s zullen zijn tijdens de feestdagen, waarvan er 10 plaatsvinden als onderdeel van de offici\u00eble wedstrijd van 15 tot en met 24 juni. En nog eens vijf masclet\u00e1s zullen plaatsvinden als onderdeel van de internationale vuurwerkwedstrijd van 25 tot en met 29 juni. De pyrotechnische shows vinden plaats op het strand Playa del Coc\u00f3 om middernacht. <strong>Dinsdag 18 juni<\/strong><\/p>\n<ul>\n<li> 14.00 uur \u2013 Masclet\u00e1 als onderdeel van de wedstrijd van de pyrotechnische werkplaats Piromart (Gran Canaria) op Plaza de Los Luceros.<\/li>\n<\/ul>\n<p> <strong>Woensdag 19 juni<\/strong><\/p>\n<ul>\n<li> 14.00 uur \u2013 Masclet\u00e1 als onderdeel van de wedstrijd van de pyrotechnische werkplaats Fuegos Artificiales del Mediterr\u00e1neo (Valencia) op Plaza de Los Luceros.<\/li>\n<li> 00:00 \u2013 Installatie (plant\u00e0) van kindercomposities en \u201cNinots de Carrer\u201d \u2013 kleine composities op de straten van de stad.<\/li>\n<\/ul>\n<p> <strong>Donderdag 20 juni<\/strong><\/p>\n<ul>\n<li> 14.00 uur \u2013 Masclet\u00e1 als onderdeel van de wedstrijd van de pyrotechnische werkplaats Coeters Drag\u00f3n (Villena) op Plaza de Los Luceros.<\/li>\n<li> 17.00 uur \u2013 Bekendmaking van de winnaar in de nominaties \u201cKindercompositie\u201d en \u201cNinots de Carrer\u201d.<\/li>\n<li> 22.00 uur \u2013 openbare festiviteiten.<\/li>\n<li> 23.45 Nachtvoorstelling &#39;La lengua del drag\u00f3n&#39; (&#39;De Drakentong&#39;) op de drakenring op Bulevar del Pla.<\/li>\n<li> 00:00 Installatie (plant\u00e0) van \u201cvolwassen\u201d composities en traktatie van \u201ccoca\u201d taart.<\/li>\n<\/ul>\n<p> <strong>Vrijdag 21 juni<\/strong><\/p>\n<ul>\n<li> 08:00 \u2013 Despert\u00e1 \u2013 een optocht door de straten van de stad met muziek en het afsteken van vuurwerk.<\/li>\n<li> 12:00 Eerbetoon aan de nagedachtenis van Gabriel Mir\u00f3 op Plaza Gabriel Mir\u00f3.<\/li>\n<li> 13.00 Eerbetoon aan de nagedachtenis van Jos\u00e9 Mar\u00eda Py in de Calle Jos\u00e9 Mar\u00eda Py.<\/li>\n<li> 14.00 uur \u2013 Masclet\u00e1 als onderdeel van de wedstrijd van de pyrotechnische werkplaats van Ferr\u00e1ndez (Alicante) op Plaza de Los Luceros.<\/li>\n<li> 17.00 Bekendmaking van de winnaar van de nominatie &quot;Compositie voor volwassenen&quot;.<\/li>\n<li> 19.00 Bloemenoffer aan de patroonheilige van Alicante. Processieprogramma: Plaza de los Luceros, Alfonso El Sabio, Rambla de M\u00e9ndez N\u00fa\u00f1ez, Calle San Jos\u00e9 en Plaza de Abad Penalva naar Concatedral de San Nicol\u00e1s.<\/li>\n<li> 22.00 Publieke festiviteiten. <\/li>\n<\/ul>\n<p><img loading=\"lazy\" decoding=\"async\" class=\"alignnone size-full wp-image-73912\" src=\"https:\/\/alegria-realestate.com\/wp-content\/uploads\/2019\/06\/festival-of-san-juan-in-alicante3.jpeg\" alt=\"\" width=\"1000\" height=\"667\" srcset=\"https:\/\/alegria-realestate.com\/wp-content\/uploads\/2019\/06\/festival-of-san-juan-in-alicante3.jpeg 1000w, https:\/\/alegria-realestate.com\/wp-content\/uploads\/2019\/06\/festival-of-san-juan-in-alicante3-300x200.jpeg 300w, https:\/\/alegria-realestate.com\/wp-content\/uploads\/2019\/06\/festival-of-san-juan-in-alicante3-768x512.jpeg 768w\" sizes=\"auto, (max-width: 1000px) 100vw, 1000px\" \/> <strong>Zaterdag 22 juni<\/strong><\/p>\n<ul>\n<li> 08:00 \u2013 Despert\u00e1.<\/li>\n<li> 11.00 uur \u2013 Processie door de straten van de stad (Plaza del Ayuntamiento, Rafael Altamira en Rambla de M\u00e9ndez N\u00fa\u00f1ez naar Portal de Elche).<\/li>\n<li> 14.00 uur \u2013 Masclet\u00e1 als onderdeel van de wedstrijd van de pyrotechnische werkplaats van Mart\u00ed (Castell\u00f3n) op Plaza de Los Luceros.<\/li>\n<li> 19.00 uur \u2013 Bloemenoffer aan de beschermheilige van de stad. Processieprogramma: zie hierboven.<\/li>\n<li> 22.00 uur \u2013 Publieke festiviteiten.<\/li>\n<\/ul>\n<p> <strong>Zondag 23 juni<\/strong><\/p>\n<ul>\n<li> 08:00 \u2013 Despert\u00e1.<\/li>\n<li> 12.00 uur \u2013 Prijsuitreiking en bloemenuitreiking op de Mercadito de Fogueres.<\/li>\n<li> 14.00 uur \u2013 Masclet\u00e1 als onderdeel van de wedstrijd van de pyrotechnische werkplaats Fuegos Artificiales Hermanos Ferr\u00e1ndez (Murcia) op Plaza de Los Luceros. 20.00 uur \u2013 Internationale folklore<\/li>\n<li> processie (Plaza de los Luceros, Alfonso El Sabio, Rambla de M\u00e9ndez N\u00fa\u00f1ez, Calle Altamira en Plaza del Ayuntamiento).<\/li>\n<li> 22.00 uur \u2013 Publieke festiviteiten.<\/li>\n<\/ul>\n<p> <strong>Maandag 24 juni<\/strong><\/p>\n<ul>\n<li> 08:00 \u2013 Despert\u00e1.<\/li>\n<li> 14.00 uur \u2013 Masclet\u00e1 als onderdeel van de wedstrijd van de pyrotechnische werkplaats van Hermanos Sirvent (Alicante) op Plaza de Los Luceros.<\/li>\n<li> 20.00 uur \u2013 Offici\u00eble mis in de kathedraal van San Nicol\u00e1s de Bari.<\/li>\n<li> 00:00 Vuurwerk op de berg Benacantil en verbranding van het hoofdcompositie op het plein naast het stadhuis. Daarna worden de overige composities op verschillende plekken in de stad verbrand.<\/li>\n<\/ul>\n<h2> San Juan in Torrevieja 2019: volledig programma<\/h2>\n<p> Bekijk de video \u2013 San Juan Festival in Torrevieja: <iframe loading=\"lazy\" src=\"https:\/\/www.youtube.com\/embed\/AwETdkfHcVc\" width=\"100%\" height=\"400\" frameborder=\"0\" allowfullscreen=\"allowfullscreen\"> <span data-mce-type=\"bookmark\" style=\"display: inline-block; width: 0px; overflow: hidden; line-height: 0;\" class=\"mce_SELRES_start\">\ufeff<\/span><\/iframe>Alle belangrijke evenementen vinden plaats in de Calle San Jos\u00e9. <strong>Dinsdag 18 juni:<\/strong> Installatie van gigantische composities van &quot;ninot&quot;-figuren in de straten van de stad. Deze act heet &quot;la plant\u00e1&quot;.<\/p>\n<ul>\n<li> 22.00 uur \u2013 aansteken van de feestverlichting. 22.30 uur \u2013 feestelijk diner ter ere van la plant\u00e1.<\/li>\n<\/ul>\n<p> <strong>Woensdag 19 juni<\/strong><\/p>\n<ul>\n<li> 17.30 uur \u2013 spelletjes en attracties voor kinderen.<\/li>\n<li> 19.30 uur \u2013 optreden van dansschool \u201cSoul Dance\u201d<\/li>\n<li> 21.30 uur \u2013 Prijstrekking. \u201cMona\u201d (muffin) met warme chocolademelk.<\/li>\n<\/ul>\n<p> <strong>Donderdag 20 juni<\/strong><\/p>\n<ul>\n<li> 17.30 uur \u2013 spelletjes en attracties voor kinderen.<\/li>\n<li> 18.30 uur \u2013 prijsuitreiking.<\/li>\n<\/ul>\n<p> <strong>Vrijdag 21 juni<\/strong><\/p>\n<ul>\n<li> 17.30 uur \u2013 spelletjes, attracties en een middagsnack voor kinderen.<\/li>\n<li> 18.30 uur \u2013 Prijsuitreiking voor kinderen.<\/li>\n<li> 19.30 uur \u2013 optreden van de dansschool \u201cLola Morales y Arantxa Blanco\u201d.<\/li>\n<li> 21.30 uur \u2013 prijsuitreiking.<\/li>\n<li> 23.00 \u2013 concert DRAG IMPERIO \u2013 Disco M\u00f3vil RAFAEL.<\/li>\n<\/ul>\n<p> <strong>Zaterdag 22 juni<\/strong> Bloemenoffer aan de beschermheilige van Alicante.<\/p>\n<ul>\n<li> 14.00 uur \u2013 Gran traca \u2013 vuurwerk wordt afgestoken, waarna iedereen paella kan proeven voor slechts \u20ac 2,- per portie.<\/li>\n<li> 17.30 uur \u2013 spelletjes en attracties voor kinderen.<\/li>\n<li> 18.00 uur \u2013 Voedselinzameling voor het goede doel.<\/li>\n<li> 21.30 uur \u2013 prijsuitreiking.<\/li>\n<li> 23.00 Optreden van het SCREAM-orkest.<\/li>\n<\/ul>\n<p> <strong>Zondag 23 juni<\/strong><\/p>\n<ul>\n<li> 10.00 uur \u2013 Despert\u00e1 \u2013 een optocht door de straten van de stad met muziek en knallend vuurwerk. Daarna \u2013 ontbijt.<\/li>\n<li> 17.30 uur \u2013 spelletjes en attracties voor kinderen.<\/li>\n<li> 22:00 uur \u2013 prijsuitreiking, gevolgd door muziek van Disco M\u00f3vil RAFAEL.<\/li>\n<\/ul>\n<p> <strong>Maandag 24 juni<\/strong><\/p>\n<ul>\n<li> 17.30 uur \u2013 spelletjes en attracties voor kinderen.<\/li>\n<li> 19.30 uur \u2013 optreden van de dansschool \u201cPay\u00e1s\u201d.<\/li>\n<li> 22:00 uur \u2013 prijsuitreiking, gevolgd door muziek van Disco M\u00f3vil RAFAEL.<\/li>\n<li> 01:00 \u2013 Ceremoni\u00eble verbranding van de compositie van de \u201ckinderen\u201d en vervolgens de compositie van de \u201cvolwassenen\u201d.<\/li>\n<\/ul>\n<blockquote><p> 24 juni is een nationale feestdag in de hele regio Valencia, en 24 en 25 juni zijn nationale feestdagen in Alicante. Mis een van de kleurrijkste en meest unieke feestdagen van de Costa Blanca en heel Spanje niet!<\/p><\/blockquote>\n<p><\/p>","protected":false},"excerpt":{"rendered":"<p>Het San Juan-festival in Alicante is een van de\u2026<\/p>\n","protected":false},"author":2,"featured_media":73187,"comment_status":"closed","ping_status":"closed","sticky":false,"template":"","format":"standard","meta":{"footnotes":""},"categories":[955,15],"tags":[],"class_list":["post-73186","post","type-post","status-publish","format-standard","has-post-thumbnail","hentry","category-holidays-in-spain","category-news"],"yoast_head":"<!-- This site is optimized with the Yoast SEO plugin v27.5 - https:\/\/yoast.com\/product\/yoast-seo-wordpress\/ -->\n<title>(RU) \u00a0\u041f\u0440\u0430\u0437\u0434\u043d\u0438\u043a \u0421\u0430\u043d-\u0425\u0443\u0430\u043d \u0432 \u0410\u043b\u0438\u043a\u0430\u043d\u0442\u0435 2019: \u043f\u0440\u043e\u0433\u0440\u0430\u043c\u043c\u0430 \u043f\u0440\u0430\u0437\u0434\u043d\u0438\u043a\u0430<\/title>\n<meta name=\"description\" content=\"(RU) \u0418\u0441\u0442\u043e\u0440\u0438\u044f \u043f\u0440\u0430\u0437\u0434\u043d\u0438\u043a\u0430 \u0421\u0430\u043d-\u0425\u0443\u0430\u043d \u0432 \u0410\u043b\u0438\u043a\u0430\u043d\u0442\u0435. \u041f\u0440\u043e\u0433\u0440\u0430\u043c\u043c\u0430 \u043f\u0440\u0430\u0437\u0434\u043d\u0438\u043a \u0421\u0430\u043d-\u0425\u0443\u0430\u043d \u0432 \u0410\u043b\u0438\u043a\u0430\u043d\u0442\u0435 2019. \u041f\u0440\u043e\u0433\u0440\u0430\u043c\u043c\u0430 \u043f\u0440\u0430\u0437\u0434\u043d\u0438\u043a\u0430 \u0421\u0430\u043d-\u0425\u0443\u0430\u043d \u0432 \u0422\u043e\u0440\u0440\u0435\u0432\u044c\u0435\u0445\u0435 2019\" \/>\n<meta name=\"robots\" content=\"index, follow, max-snippet:-1, max-image-preview:large, max-video-preview:-1\" \/>\n<link rel=\"canonical\" href=\"https:\/\/alegria-realestate.com\/nl\/wp-json\/wp\/v2\/posts\/73186\" \/>\n<meta property=\"og:locale\" content=\"nl_NL\" \/>\n<meta property=\"og:type\" content=\"article\" \/>\n<meta property=\"og:title\" content=\"(RU) \u00a0\u041f\u0440\u0430\u0437\u0434\u043d\u0438\u043a \u0421\u0430\u043d-\u0425\u0443\u0430\u043d \u0432 \u0410\u043b\u0438\u043a\u0430\u043d\u0442\u0435 2019: \u043f\u0440\u043e\u0433\u0440\u0430\u043c\u043c\u0430 \u043f\u0440\u0430\u0437\u0434\u043d\u0438\u043a\u0430\" \/>\n<meta property=\"og:description\" content=\"(RU) \u0418\u0441\u0442\u043e\u0440\u0438\u044f \u043f\u0440\u0430\u0437\u0434\u043d\u0438\u043a\u0430 \u0421\u0430\u043d-\u0425\u0443\u0430\u043d \u0432 \u0410\u043b\u0438\u043a\u0430\u043d\u0442\u0435. \u041f\u0440\u043e\u0433\u0440\u0430\u043c\u043c\u0430 \u043f\u0440\u0430\u0437\u0434\u043d\u0438\u043a \u0421\u0430\u043d-\u0425\u0443\u0430\u043d \u0432 \u0410\u043b\u0438\u043a\u0430\u043d\u0442\u0435 2019. \u041f\u0440\u043e\u0433\u0440\u0430\u043c\u043c\u0430 \u043f\u0440\u0430\u0437\u0434\u043d\u0438\u043a\u0430 \u0421\u0430\u043d-\u0425\u0443\u0430\u043d \u0432 \u0422\u043e\u0440\u0440\u0435\u0432\u044c\u0435\u0445\u0435 2019\" \/>\n<meta property=\"og:url\" content=\"https:\/\/alegria-realestate.com\/nl\/wp-json\/wp\/v2\/posts\/73186\" \/>\n<meta property=\"og:site_name\" content=\"Vastgoed in Spanje\" \/>\n<meta property=\"article:publisher\" content=\"https:\/\/www.facebook.com\/realestate.alegria\" \/>\n<meta property=\"article:published_time\" content=\"2019-06-18T06:04:40+00:00\" \/>\n<meta property=\"article:modified_time\" content=\"2025-08-14T16:48:21+00:00\" \/>\n<meta property=\"og:image\" content=\"https:\/\/alegria-realestate.com\/wp-content\/uploads\/2019\/06\/festival-of-san-juan-in-alicante11.jpg\" \/>\n\t<meta property=\"og:image:width\" content=\"1200\" \/>\n\t<meta property=\"og:image:height\" content=\"800\" \/>\n\t<meta property=\"og:image:type\" content=\"image\/jpeg\" \/>\n<meta name=\"author\" content=\"\u0415\u043b\u0435\u043d\u0430\" \/>\n<meta name=\"twitter:card\" content=\"summary_large_image\" \/>\n<meta name=\"twitter:creator\" content=\"@alegriarealesta\" \/>\n<meta name=\"twitter:site\" content=\"@alegriarealesta\" \/>\n<script type=\"application\/ld+json\" class=\"yoast-schema-graph\">{\"@context\":\"https:\\\/\\\/schema.org\",\"@graph\":[{\"@type\":\"Article\",\"@id\":\"https:\\\/\\\/alegria-realestate.com\\\/articles\\\/news\\\/festival-of-san-juan-in-alicante#article\",\"isPartOf\":{\"@id\":\"https:\\\/\\\/alegria-realestate.com\\\/articles\\\/news\\\/festival-of-san-juan-in-alicante\"},\"author\":{\"name\":\"\u0415\u043b\u0435\u043d\u0430\",\"@id\":\"https:\\\/\\\/alegria-realestate.com\\\/#\\\/schema\\\/person\\\/ff0a48e00da67c4fa2b62f941e991c33\"},\"headline\":\"San Juan-festival in Alicante en Torrevieja 2019\",\"datePublished\":\"2019-06-18T06:04:40+00:00\",\"dateModified\":\"2025-08-14T16:48:21+00:00\",\"mainEntityOfPage\":{\"@id\":\"https:\\\/\\\/alegria-realestate.com\\\/articles\\\/news\\\/festival-of-san-juan-in-alicante\"},\"wordCount\":7886,\"publisher\":{\"@id\":\"https:\\\/\\\/alegria-realestate.com\\\/#organization\"},\"image\":{\"@id\":\"https:\\\/\\\/alegria-realestate.com\\\/articles\\\/news\\\/festival-of-san-juan-in-alicante#primaryimage\"},\"thumbnailUrl\":\"https:\\\/\\\/alegria-realestate.com\\\/wp-content\\\/uploads\\\/2019\\\/06\\\/festival-of-san-juan-in-alicante11.jpg\",\"articleSection\":[\"Leisure, tourism, entertainment, holidays\",\"News\"],\"inLanguage\":\"nl-NL\"},{\"@type\":\"WebPage\",\"@id\":\"https:\\\/\\\/alegria-realestate.com\\\/nl\\\/articles\\\/news\\\/festival-of-san-juan-in-alicante\",\"url\":\"https:\\\/\\\/alegria-realestate.com\\\/nl\\\/articles\\\/news\\\/festival-of-san-juan-in-alicante\",\"name\":\"(RU) \u00a0\u041f\u0440\u0430\u0437\u0434\u043d\u0438\u043a \u0421\u0430\u043d-\u0425\u0443\u0430\u043d \u0432 \u0410\u043b\u0438\u043a\u0430\u043d\u0442\u0435 2019: \u043f\u0440\u043e\u0433\u0440\u0430\u043c\u043c\u0430 \u043f\u0440\u0430\u0437\u0434\u043d\u0438\u043a\u0430\",\"isPartOf\":{\"@id\":\"https:\\\/\\\/alegria-realestate.com\\\/nl\\\/#website\"},\"primaryImageOfPage\":{\"@id\":\"https:\\\/\\\/alegria-realestate.com\\\/nl\\\/articles\\\/news\\\/festival-of-san-juan-in-alicante#primaryimage\"},\"image\":{\"@id\":\"https:\\\/\\\/alegria-realestate.com\\\/articles\\\/news\\\/festival-of-san-juan-in-alicante#primaryimage\"},\"thumbnailUrl\":\"https:\\\/\\\/alegria-realestate.com\\\/wp-content\\\/uploads\\\/2019\\\/06\\\/festival-of-san-juan-in-alicante11.jpg\",\"datePublished\":\"2019-06-18T06:04:40+00:00\",\"dateModified\":\"2025-08-14T16:48:21+00:00\",\"description\":\"(RU) \u0418\u0441\u0442\u043e\u0440\u0438\u044f \u043f\u0440\u0430\u0437\u0434\u043d\u0438\u043a\u0430 \u0421\u0430\u043d-\u0425\u0443\u0430\u043d \u0432 \u0410\u043b\u0438\u043a\u0430\u043d\u0442\u0435. \u041f\u0440\u043e\u0433\u0440\u0430\u043c\u043c\u0430 \u043f\u0440\u0430\u0437\u0434\u043d\u0438\u043a \u0421\u0430\u043d-\u0425\u0443\u0430\u043d \u0432 \u0410\u043b\u0438\u043a\u0430\u043d\u0442\u0435 2019. \u041f\u0440\u043e\u0433\u0440\u0430\u043c\u043c\u0430 \u043f\u0440\u0430\u0437\u0434\u043d\u0438\u043a\u0430 \u0421\u0430\u043d-\u0425\u0443\u0430\u043d \u0432 \u0422\u043e\u0440\u0440\u0435\u0432\u044c\u0435\u0445\u0435 2019\",\"breadcrumb\":{\"@id\":\"https:\\\/\\\/alegria-realestate.com\\\/nl\\\/articles\\\/news\\\/festival-of-san-juan-in-alicante#breadcrumb\"},\"inLanguage\":\"nl-NL\",\"potentialAction\":[{\"@type\":\"ReadAction\",\"target\":[[\"https:\\\/\\\/alegria-realestate.com\\\/nl\\\/articles\\\/news\\\/festival-of-san-juan-in-alicante\"]]}]},{\"@type\":\"ImageObject\",\"inLanguage\":\"nl-NL\",\"@id\":\"https:\\\/\\\/alegria-realestate.com\\\/nl\\\/articles\\\/news\\\/festival-of-san-juan-in-alicante#primaryimage\",\"url\":\"https:\\\/\\\/alegria-realestate.com\\\/wp-content\\\/uploads\\\/2019\\\/06\\\/festival-of-san-juan-in-alicante11.jpg\",\"contentUrl\":\"https:\\\/\\\/alegria-realestate.com\\\/wp-content\\\/uploads\\\/2019\\\/06\\\/festival-of-san-juan-in-alicante11.jpg\",\"width\":1200,\"height\":800,\"caption\":\"\u041f\u0440\u0430\u0437\u0434\u043d\u0438\u043a \u0421\u0430\u043d-\u0425\u0443\u0430\u043d \u0432 \u0410\u043b\u0438\u043a\u0430\u043d\u0442\u0435 2019\"},{\"@type\":\"BreadcrumbList\",\"@id\":\"https:\\\/\\\/alegria-realestate.com\\\/nl\\\/articles\\\/news\\\/festival-of-san-juan-in-alicante#breadcrumb\",\"itemListElement\":[{\"@type\":\"ListItem\",\"position\":1,\"name\":\"\u0413\u043b\u0430\u0432\u043d\u0430\u044f \u0441\u0442\u0440\u0430\u043d\u0438\u0446\u0430\",\"item\":\"https:\\\/\\\/alegria-realestate.com\\\/nl\\\/\"},{\"@type\":\"ListItem\",\"position\":2,\"name\":\"\u041f\u0440\u0430\u0437\u0434\u043d\u0438\u043a \u0421\u0430\u043d-\u0425\u0443\u0430\u043d \u0432 \u0410\u043b\u0438\u043a\u0430\u043d\u0442\u0435 \u0438 \u0422\u043e\u0440\u0440\u0435\u0432\u044c\u0435\u0445\u0435 2019\"}]},{\"@type\":\"WebSite\",\"@id\":\"https:\\\/\\\/alegria-realestate.com\\\/nl\\\/#website\",\"url\":\"https:\\\/\\\/alegria-realestate.com\\\/nl\\\/\",\"name\":\"Vastgoed in Spanje\",\"description\":\"Vastgoed in Spanje: verkoop in alle steden \u2013 Torrevieja, Alicante, Benidorm en meer. Wij helpen u bij de aankoop van onroerend goed aan de Costa Blanca \u2013 bestaande woningen en nieuwbouw. Volledige begeleiding van A tot Z. Vastgoed aan de Costa Blanca vanaf \u20ac80.000.\",\"publisher\":{\"@id\":\"https:\\\/\\\/alegria-realestate.com\\\/nl\\\/#organization\"},\"potentialAction\":[{\"@type\":\"SearchAction\",\"target\":{\"@type\":\"EntryPoint\",\"urlTemplate\":\"https:\\\/\\\/alegria-realestate.com\\\/nl\\\/?s={search_term_string}\"},\"query-input\":{\"@type\":\"PropertyValueSpecification\",\"valueRequired\":true,\"valueName\":\"search_term_string\"}}],\"inLanguage\":\"nl-NL\"},{\"@type\":\"Organization\",\"@id\":\"https:\\\/\\\/alegria-realestate.com\\\/nl\\\/#organization\",\"name\":\"Alegria Realestate\",\"url\":\"https:\\\/\\\/alegria-realestate.com\\\/nl\\\/\",\"logo\":{\"@type\":\"ImageObject\",\"inLanguage\":\"nl-NL\",\"@id\":\"https:\\\/\\\/alegria-realestate.com\\\/nl\\\/#\\\/schema\\\/logo\\\/image\\\/\",\"url\":\"https:\\\/\\\/alegria-realestate.com\\\/wp-content\\\/uploads\\\/2019\\\/08\\\/logo_alegria.png\",\"contentUrl\":\"https:\\\/\\\/alegria-realestate.com\\\/wp-content\\\/uploads\\\/2019\\\/08\\\/logo_alegria.png\",\"width\":1600,\"height\":1403,\"caption\":\"Alegria Realestate\"},\"image\":{\"@id\":\"https:\\\/\\\/alegria-realestate.com\\\/nl\\\/#\\\/schema\\\/logo\\\/image\\\/\"},\"sameAs\":[\"https:\\\/\\\/www.facebook.com\\\/realestate.alegria\",\"https:\\\/\\\/x.com\\\/alegriarealesta\",\"https:\\\/\\\/www.instagram.com\\\/alegriadom\\\/\",\"https:\\\/\\\/www.linkedin.com\\\/profile\\\/view?id=154965227\",\"https:\\\/\\\/www.youtube.com\\\/user\\\/AlegriaRealEstate\"]},{\"@type\":\"Person\",\"@id\":\"https:\\\/\\\/alegria-realestate.com\\\/#\\\/schema\\\/person\\\/ff0a48e00da67c4fa2b62f941e991c33\",\"name\":\"\u0415\u043b\u0435\u043d\u0430\"}]}<\/script>\n<!-- \/ Yoast SEO plugin. -->","yoast_head_json":{"title":"(RU) \u00a0\u041f\u0440\u0430\u0437\u0434\u043d\u0438\u043a \u0421\u0430\u043d-\u0425\u0443\u0430\u043d \u0432 \u0410\u043b\u0438\u043a\u0430\u043d\u0442\u0435 2019: \u043f\u0440\u043e\u0433\u0440\u0430\u043c\u043c\u0430 \u043f\u0440\u0430\u0437\u0434\u043d\u0438\u043a\u0430","description":"(RU) \u0418\u0441\u0442\u043e\u0440\u0438\u044f \u043f\u0440\u0430\u0437\u0434\u043d\u0438\u043a\u0430 \u0421\u0430\u043d-\u0425\u0443\u0430\u043d \u0432 \u0410\u043b\u0438\u043a\u0430\u043d\u0442\u0435. \u041f\u0440\u043e\u0433\u0440\u0430\u043c\u043c\u0430 \u043f\u0440\u0430\u0437\u0434\u043d\u0438\u043a \u0421\u0430\u043d-\u0425\u0443\u0430\u043d \u0432 \u0410\u043b\u0438\u043a\u0430\u043d\u0442\u0435 2019. \u041f\u0440\u043e\u0433\u0440\u0430\u043c\u043c\u0430 \u043f\u0440\u0430\u0437\u0434\u043d\u0438\u043a\u0430 \u0421\u0430\u043d-\u0425\u0443\u0430\u043d \u0432 \u0422\u043e\u0440\u0440\u0435\u0432\u044c\u0435\u0445\u0435 2019","robots":{"index":"index","follow":"follow","max-snippet":"max-snippet:-1","max-image-preview":"max-image-preview:large","max-video-preview":"max-video-preview:-1"},"canonical":"https:\/\/alegria-realestate.com\/nl\/wp-json\/wp\/v2\/posts\/73186","og_locale":"nl_NL","og_type":"article","og_title":"(RU) \u00a0\u041f\u0440\u0430\u0437\u0434\u043d\u0438\u043a \u0421\u0430\u043d-\u0425\u0443\u0430\u043d \u0432 \u0410\u043b\u0438\u043a\u0430\u043d\u0442\u0435 2019: \u043f\u0440\u043e\u0433\u0440\u0430\u043c\u043c\u0430 \u043f\u0440\u0430\u0437\u0434\u043d\u0438\u043a\u0430","og_description":"(RU) \u0418\u0441\u0442\u043e\u0440\u0438\u044f \u043f\u0440\u0430\u0437\u0434\u043d\u0438\u043a\u0430 \u0421\u0430\u043d-\u0425\u0443\u0430\u043d \u0432 \u0410\u043b\u0438\u043a\u0430\u043d\u0442\u0435. \u041f\u0440\u043e\u0433\u0440\u0430\u043c\u043c\u0430 \u043f\u0440\u0430\u0437\u0434\u043d\u0438\u043a \u0421\u0430\u043d-\u0425\u0443\u0430\u043d \u0432 \u0410\u043b\u0438\u043a\u0430\u043d\u0442\u0435 2019. \u041f\u0440\u043e\u0433\u0440\u0430\u043c\u043c\u0430 \u043f\u0440\u0430\u0437\u0434\u043d\u0438\u043a\u0430 \u0421\u0430\u043d-\u0425\u0443\u0430\u043d \u0432 \u0422\u043e\u0440\u0440\u0435\u0432\u044c\u0435\u0445\u0435 2019","og_url":"https:\/\/alegria-realestate.com\/nl\/wp-json\/wp\/v2\/posts\/73186","og_site_name":"Vastgoed in Spanje","article_publisher":"https:\/\/www.facebook.com\/realestate.alegria","article_published_time":"2019-06-18T06:04:40+00:00","article_modified_time":"2025-08-14T16:48:21+00:00","og_image":[{"width":1200,"height":800,"url":"https:\/\/alegria-realestate.com\/wp-content\/uploads\/2019\/06\/festival-of-san-juan-in-alicante11.jpg","type":"image\/jpeg"}],"author":"\u0415\u043b\u0435\u043d\u0430","twitter_card":"summary_large_image","twitter_creator":"@alegriarealesta","twitter_site":"@alegriarealesta","schema":{"@context":"https:\/\/schema.org","@graph":[{"@type":"Article","@id":"https:\/\/alegria-realestate.com\/articles\/news\/festival-of-san-juan-in-alicante#article","isPartOf":{"@id":"https:\/\/alegria-realestate.com\/articles\/news\/festival-of-san-juan-in-alicante"},"author":{"name":"\u0415\u043b\u0435\u043d\u0430","@id":"https:\/\/alegria-realestate.com\/#\/schema\/person\/ff0a48e00da67c4fa2b62f941e991c33"},"headline":"San Juan-festival in Alicante en Torrevieja 2019","datePublished":"2019-06-18T06:04:40+00:00","dateModified":"2025-08-14T16:48:21+00:00","mainEntityOfPage":{"@id":"https:\/\/alegria-realestate.com\/articles\/news\/festival-of-san-juan-in-alicante"},"wordCount":7886,"publisher":{"@id":"https:\/\/alegria-realestate.com\/#organization"},"image":{"@id":"https:\/\/alegria-realestate.com\/articles\/news\/festival-of-san-juan-in-alicante#primaryimage"},"thumbnailUrl":"https:\/\/alegria-realestate.com\/wp-content\/uploads\/2019\/06\/festival-of-san-juan-in-alicante11.jpg","articleSection":["Leisure, tourism, entertainment, holidays","News"],"inLanguage":"nl-NL"},{"@type":"WebPage","@id":"https:\/\/alegria-realestate.com\/nl\/articles\/news\/festival-of-san-juan-in-alicante","url":"https:\/\/alegria-realestate.com\/nl\/articles\/news\/festival-of-san-juan-in-alicante","name":"(RU) \u00a0\u041f\u0440\u0430\u0437\u0434\u043d\u0438\u043a \u0421\u0430\u043d-\u0425\u0443\u0430\u043d \u0432 \u0410\u043b\u0438\u043a\u0430\u043d\u0442\u0435 2019: \u043f\u0440\u043e\u0433\u0440\u0430\u043c\u043c\u0430 \u043f\u0440\u0430\u0437\u0434\u043d\u0438\u043a\u0430","isPartOf":{"@id":"https:\/\/alegria-realestate.com\/nl\/#website"},"primaryImageOfPage":{"@id":"https:\/\/alegria-realestate.com\/nl\/articles\/news\/festival-of-san-juan-in-alicante#primaryimage"},"image":{"@id":"https:\/\/alegria-realestate.com\/articles\/news\/festival-of-san-juan-in-alicante#primaryimage"},"thumbnailUrl":"https:\/\/alegria-realestate.com\/wp-content\/uploads\/2019\/06\/festival-of-san-juan-in-alicante11.jpg","datePublished":"2019-06-18T06:04:40+00:00","dateModified":"2025-08-14T16:48:21+00:00","description":"(RU) \u0418\u0441\u0442\u043e\u0440\u0438\u044f \u043f\u0440\u0430\u0437\u0434\u043d\u0438\u043a\u0430 \u0421\u0430\u043d-\u0425\u0443\u0430\u043d \u0432 \u0410\u043b\u0438\u043a\u0430\u043d\u0442\u0435. \u041f\u0440\u043e\u0433\u0440\u0430\u043c\u043c\u0430 \u043f\u0440\u0430\u0437\u0434\u043d\u0438\u043a \u0421\u0430\u043d-\u0425\u0443\u0430\u043d \u0432 \u0410\u043b\u0438\u043a\u0430\u043d\u0442\u0435 2019. \u041f\u0440\u043e\u0433\u0440\u0430\u043c\u043c\u0430 \u043f\u0440\u0430\u0437\u0434\u043d\u0438\u043a\u0430 \u0421\u0430\u043d-\u0425\u0443\u0430\u043d \u0432 \u0422\u043e\u0440\u0440\u0435\u0432\u044c\u0435\u0445\u0435 2019","breadcrumb":{"@id":"https:\/\/alegria-realestate.com\/nl\/articles\/news\/festival-of-san-juan-in-alicante#breadcrumb"},"inLanguage":"nl-NL","potentialAction":[{"@type":"ReadAction","target":[["https:\/\/alegria-realestate.com\/nl\/articles\/news\/festival-of-san-juan-in-alicante"]]}]},{"@type":"ImageObject","inLanguage":"nl-NL","@id":"https:\/\/alegria-realestate.com\/nl\/articles\/news\/festival-of-san-juan-in-alicante#primaryimage","url":"https:\/\/alegria-realestate.com\/wp-content\/uploads\/2019\/06\/festival-of-san-juan-in-alicante11.jpg","contentUrl":"https:\/\/alegria-realestate.com\/wp-content\/uploads\/2019\/06\/festival-of-san-juan-in-alicante11.jpg","width":1200,"height":800,"caption":"\u041f\u0440\u0430\u0437\u0434\u043d\u0438\u043a \u0421\u0430\u043d-\u0425\u0443\u0430\u043d \u0432 \u0410\u043b\u0438\u043a\u0430\u043d\u0442\u0435 2019"},{"@type":"BreadcrumbList","@id":"https:\/\/alegria-realestate.com\/nl\/articles\/news\/festival-of-san-juan-in-alicante#breadcrumb","itemListElement":[{"@type":"ListItem","position":1,"name":"\u0413\u043b\u0430\u0432\u043d\u0430\u044f \u0441\u0442\u0440\u0430\u043d\u0438\u0446\u0430","item":"https:\/\/alegria-realestate.com\/nl\/"},{"@type":"ListItem","position":2,"name":"\u041f\u0440\u0430\u0437\u0434\u043d\u0438\u043a \u0421\u0430\u043d-\u0425\u0443\u0430\u043d \u0432 \u0410\u043b\u0438\u043a\u0430\u043d\u0442\u0435 \u0438 \u0422\u043e\u0440\u0440\u0435\u0432\u044c\u0435\u0445\u0435 2019"}]},{"@type":"WebSite","@id":"https:\/\/alegria-realestate.com\/nl\/#website","url":"https:\/\/alegria-realestate.com\/nl\/","name":"Vastgoed in Spanje","description":"Vastgoed in Spanje: verkoop in alle steden \u2013 Torrevieja, Alicante, Benidorm en meer. Wij helpen u bij de aankoop van onroerend goed aan de Costa Blanca \u2013 bestaande woningen en nieuwbouw. Volledige begeleiding van A tot Z. Vastgoed aan de Costa Blanca vanaf \u20ac80.000.","publisher":{"@id":"https:\/\/alegria-realestate.com\/nl\/#organization"},"potentialAction":[{"@type":"SearchAction","target":{"@type":"EntryPoint","urlTemplate":"https:\/\/alegria-realestate.com\/nl\/?s={search_term_string}"},"query-input":{"@type":"PropertyValueSpecification","valueRequired":true,"valueName":"search_term_string"}}],"inLanguage":"nl-NL"},{"@type":"Organization","@id":"https:\/\/alegria-realestate.com\/nl\/#organization","name":"Alegria Realestate","url":"https:\/\/alegria-realestate.com\/nl\/","logo":{"@type":"ImageObject","inLanguage":"nl-NL","@id":"https:\/\/alegria-realestate.com\/nl\/#\/schema\/logo\/image\/","url":"https:\/\/alegria-realestate.com\/wp-content\/uploads\/2019\/08\/logo_alegria.png","contentUrl":"https:\/\/alegria-realestate.com\/wp-content\/uploads\/2019\/08\/logo_alegria.png","width":1600,"height":1403,"caption":"Alegria Realestate"},"image":{"@id":"https:\/\/alegria-realestate.com\/nl\/#\/schema\/logo\/image\/"},"sameAs":["https:\/\/www.facebook.com\/realestate.alegria","https:\/\/x.com\/alegriarealesta","https:\/\/www.instagram.com\/alegriadom\/","https:\/\/www.linkedin.com\/profile\/view?id=154965227","https:\/\/www.youtube.com\/user\/AlegriaRealEstate"]},{"@type":"Person","@id":"https:\/\/alegria-realestate.com\/#\/schema\/person\/ff0a48e00da67c4fa2b62f941e991c33","name":"\u0415\u043b\u0435\u043d\u0430"}]}},"_links":{"self":[{"href":"https:\/\/alegria-realestate.com\/nl\/wp-json\/wp\/v2\/posts\/73186","targetHints":{"allow":["GET"]}}],"collection":[{"href":"https:\/\/alegria-realestate.com\/nl\/wp-json\/wp\/v2\/posts"}],"about":[{"href":"https:\/\/alegria-realestate.com\/nl\/wp-json\/wp\/v2\/types\/post"}],"author":[{"embeddable":true,"href":"https:\/\/alegria-realestate.com\/nl\/wp-json\/wp\/v2\/users\/2"}],"replies":[{"embeddable":true,"href":"https:\/\/alegria-realestate.com\/nl\/wp-json\/wp\/v2\/comments?post=73186"}],"version-history":[{"count":1,"href":"https:\/\/alegria-realestate.com\/nl\/wp-json\/wp\/v2\/posts\/73186\/revisions"}],"predecessor-version":[{"id":836840,"href":"https:\/\/alegria-realestate.com\/nl\/wp-json\/wp\/v2\/posts\/73186\/revisions\/836840"}],"wp:featuredmedia":[{"embeddable":true,"href":"https:\/\/alegria-realestate.com\/nl\/wp-json\/wp\/v2\/media\/73187"}],"wp:attachment":[{"href":"https:\/\/alegria-realestate.com\/nl\/wp-json\/wp\/v2\/media?parent=73186"}],"wp:term":[{"taxonomy":"category","embeddable":true,"href":"https:\/\/alegria-realestate.com\/nl\/wp-json\/wp\/v2\/categories?post=73186"},{"taxonomy":"post_tag","embeddable":true,"href":"https:\/\/alegria-realestate.com\/nl\/wp-json\/wp\/v2\/tags?post=73186"}],"curies":[{"name":"wp","href":"https:\/\/api.w.org\/{rel}","templated":true}]}}