{"id":11413,"date":"2016-07-27T01:48:23","date_gmt":"2016-07-26T22:48:23","guid":{"rendered":"https:\/\/alegria-realestate.com\/?p=11413"},"modified":"2025-08-14T19:40:48","modified_gmt":"2025-08-14T16:40:48","slug":"modern-benidorm-in-spain","status":"publish","type":"post","link":"https:\/\/alegria-realestate.com\/pl\/articles\/city-of-spain\/modern-benidorm-in-spain","title":{"rendered":"Benidorm to Nowy Jork Morza \u015ar\u00f3dziemnego."},"content":{"rendered":"<p><img decoding=\"async\" style=\"display: block; margin-left: auto; margin-right: auto;\" src=\"..\/assets\/frontendfiles\/img\/benidorm-(2).jpg\" alt=\"\" width=\"100%\" \/> Benidorm to miejscowo\u015b\u0107 wypoczynkowa w hiszpa\u0144skiej prowincji Alicante (autonomiczna wsp\u00f3lnota Walencji), po\u0142o\u017cona na wybrze\u017cu Morza \u015ar\u00f3dziemnego, w Marina Baja. Obszar ten jest najg\u0119\u015bciej zaludniony. Wed\u0142ug danych spisowych z 2014 r. w gminie mieszka 69 010 os\u00f3b. Benidorm jest uwa\u017cany za turystyczn\u0105 stolic\u0119 Walencji. Jest cz\u0119sto okre\u015blany jako \u201eNowy Jork Morza \u015ar\u00f3dziemnego\u201d. Jest to miasto z najwi\u0119ksz\u0105 liczb\u0105 drapaczy chmur w Hiszpanii, a drugie na \u015bwiecie po \u201ewi\u0119kszym bracie\u201d pod wzgl\u0119dem liczby wie\u017cowc\u00f3w na metr kwadratowy. Dzi\u0119ki czystym i dobrze wyposa\u017conym pla\u017com, a tak\u017ce t\u0119tni\u0105cemu \u017cyciu nocnemu, Benidorm sta\u0142 si\u0119 mega turystyczn\u0105 destynacj\u0105. W lecie mieszka tu oko\u0142o 400 000 os\u00f3b! Nic dziwnego, \u017ce miasto zajmuje trzecie miejsce po Madrycie i Barcelonie pod wzgl\u0119dem liczby hoteli. Istnieje du\u017ce zapotrzebowanie <a href=\"\/ru\/sale\/benidorm\">na nieruchomo\u015bci w Benidormie<\/a> , kt\u00f3re obcokrajowcy nabywaj\u0105 zar\u00f3wno jako obiekt inwestycyjny, aby otrzymywa\u0107 dochody z wynajmu, jak i na w\u0142asny pobyt i wakacje sezonowe.<\/p>\n<h3> Lokalizacja<\/h3>\n<p> Do miasta mo\u017cna dojecha\u0107 autostradami N-332 i AP-7. Cz\u0119sto je\u017cd\u017c\u0105 tu autobusy, a nawet tramwaj z Alicante. Benidorm znajduje si\u0119 w do\u015b\u0107 uprzywilejowanym po\u0142o\u017ceniu geograficznym, co stwarza tu specyficzny mikroklimat. Zima jest umiarkowana, ciep\u0142a, a latem upa\u0142 wieje od morza przyjemny ch\u0142\u00f3d. Miasto jest otoczone g\u00f3rami (el Parque Natural de la Sierra Helada na wschodzie, Sierra Cortina i el Puig Campana na p\u00f3\u0142nocy, el Tossal de la Cala na zachodzie), kt\u00f3re chroni\u0105 je przed zimnymi wiatrami. Dzi\u0119ki tej lokalizacji mo\u017cna p\u0142ywa\u0107 w morzu prawie przez ca\u0142y rok. Pla\u017ce Levante, Poniente i MalPas otrzymuj\u0105 nagrod\u0119 najwy\u017cszej jako\u015bci &#8211; B\u0142\u0119kitn\u0105 Flag\u0119. Miasto graniczy z Alfaz del Pi, La Nuc\u00eda, Finestrat, Villajoyosa i Altea. <iframe loading=\"lazy\" src=\"https:\/\/www.google.com\/maps\/embed?pb=!1m18!1m12!1m3!1d49933.430858578715!2d-0.16501499936602457!3d38.53746942233915!2m3!1f0!2f0!3f0!3m2!1i1024!2i768!4f13.1!3m3!1m2!1s0xd6204dca62575c3%3A0x219fa90c0ff26eb5!2zQmVuaWRvcm0sINCQ0LvQuNC60LDQvdGC0LUsINCY0YHQv9Cw0L3QuNGP!5e0!3m2!1sru!2sua!4v1469623996620\" width=\"100%\" height=\"250\" frameborder=\"0\" allowfullscreen=\"allowfullscreen\"><\/iframe><\/p>\n<h3> Klimat<\/h3>\n<p> Klimat w Benidormie jest subtropikalny, jednak ze wzgl\u0119du na wp\u0142yw \u015br\u00f3dziemnomorskiej bryzy, letnie upa\u0142y s\u0105 znacznie \u0142atwiejsze do zniesienia. \u015arednia roczna temperatura wynosi 18,9\u00b0C. Temperatura zim\u0105 waha si\u0119 od 10\u00b0C do 16 &#8211; 20\u00b0C. W lecie termometr mo\u017ce osi\u0105gn\u0105\u0107 33\u00b0C. Benidorm charakteryzuje si\u0119 tak\u017ce ciep\u0142ymi, \u201etropikalnymi nocami\u201d. Tutaj praktycznie nie ma deszczu, a opady wynosz\u0105 nieco ponad 300 mm rocznie. [to miejsce]<\/p>\n<h3> Historia Benidormu<\/h3>\n<p> Na terenie gminy znaleziono ruiny iberyjskie i rzymskie. Historycy sugeruj\u0105 r\u00f3wnie\u017c, \u017ce w okresie rekonkwisty panowa\u0142y tu plemiona arabskie. Jednak sama nazwa \u201eBenidorm\u201d po raz pierwszy pojawia si\u0119 w Ksi\u0119dze Dziej\u00f3w Apostolskich (Llibre dels Feyts) Jakuba I Arago\u0144skiego, kt\u00f3ry podbi\u0142 t\u0119 cz\u0119\u015b\u0107 prowincji Alicante w 1245 roku. Ta cz\u0119\u015b\u0107 regionu zosta\u0142a przekazana pod dow\u00f3dztwo admira\u0142a Bernardode Sarri\u00e1, uwa\u017canego za za\u0142o\u017cyciela miasta. 8 maja 1325 podpisa\u0142 dokument \u201eCarta Puebla\u201d, kt\u00f3ry okre\u015bla\u0142 granice miasta. Rz\u0105dz\u0105ca elita obawia\u0142a si\u0119, \u017ce mieszka\u0144cy regionu b\u0119d\u0105 wspiera\u0107 pot\u0119g\u0119 Nasryd\u00f3w, dlatego zamek wraz z otaczaj\u0105c\u0105 go ziemi\u0105 szybko przekszta\u0142ci\u0142 si\u0119 w miasto. Ludno\u015b\u0107 Benidormu cierpia\u0142a z powodu ci\u0105g\u0142ych atak\u00f3w pirat\u00f3w. W 1448 r. Berberowie zniewolili wi\u0119kszo\u015b\u0107 mieszka\u0144c\u00f3w. W czasie powstania cech\u00f3w rzemie\u015blniczych w 1520 roku w mie\u015bcie praktycznie nie by\u0142o ju\u017c nikogo. W XVI wieku Benidorm powr\u00f3ci\u0142 pod auspicjami korony hiszpa\u0144skiej. W 1666 r. z inicjatywy Beatriu Fajardode Mendozy, w\u0142adcy Polop i Benidorm, powsta\u0142 nowy dekret, kt\u00f3ry nada\u0142 miastu status gminy. Utworzenie kana\u0142u irygacyjnego Rec Majordel&#39;Alf\u00e0s zapewni\u0142o ekonomiczn\u0105 niezale\u017cno\u015b\u0107 nowej jednostce geopolitycznej, a populacja wzros\u0142a z 216 mieszka\u0144c\u00f3w w 1715 roku do 2700 pod koniec XVIII wieku. Ludzie zajmowali si\u0119 rybo\u0142\u00f3wstwem, a podstaw\u0105 tego przemys\u0142u by\u0142 tu\u0144czyk. W wojnie o niepodleg\u0142o\u015b\u0107 wojska napoleo\u0144skie zbezcze\u015bci\u0142y cmentarz i zdoby\u0142y zamek w Benidormie, kt\u00f3ry p\u00f3\u017aniej zosta\u0142 cz\u0119\u015bciowo zniszczony przez Brytyjczyk\u00f3w. W XIX wieku w mie\u015bcie otwarto wodny kurort Balneario dela Virgendel Sufragio. Od tego momentu Benidorm zacz\u0105\u0142 zamienia\u0107 si\u0119 w centrum turystyczne. Stopniowo powsta\u0142o po\u0142\u0105czenie komunikacyjne z Madrytem i Alicante, co zapewni\u0142o dost\u0119p wi\u0119kszej ilo\u015bci os\u00f3b do miasta. W tym samym czasie, po utracie ostatnich kolonii zamorskich w 1898 roku (Kuba, Portoryko i Filipiny) oraz po niszczycielskiej inwazji filoksery na pocz\u0105tku XX wieku, bran\u017ce takie jak rolnictwo i handel zacz\u0119\u0142y podupada\u0107. Wszystko to spowodowa\u0142o nowy proces migracji w regionie. Ludzie podr\u00f3\u017cowali na Kub\u0119, wybrze\u017ce Kadyksu czy Barcelony. W tym czasie w Benidormie pojawiaj\u0105 si\u0119 du\u017ce porty i pierwsze domy na la Playa de Levante. Po zako\u0144czeniu wojny domowej przemys\u0142 w mie\u015bcie stopniowo si\u0119 odradza\u0142. Ludzie powr\u00f3cili do tradycyjnego rybo\u0142\u00f3wstwa i rolnictwa. W 1956 r. dzi\u0119ki staraniom burmistrza Pedro Zaragoza Ortsa rada miejska zatwierdzi\u0142a nowy plan miasta, zgodnie z kt\u00f3rym miasto zacz\u0119\u0142o rozwija\u0107 infrastruktur\u0119 turystyczn\u0105. Wybudowano szerokie aleje, wzniesiono domy, pojawi\u0142y si\u0119 strefy rekreacyjne. Od tego czasu turystyka jest podstaw\u0105 dobrobytu miasta. Coraz cz\u0119\u015bciej do Benidormu zacz\u0119li przyje\u017cd\u017ca\u0107 zagraniczni tury\u015bci, a po otwarciu lotniska Alicante-Elche w 1967 roku ich liczba znacznie wzros\u0142a. W zwi\u0105zku z tym w 1986 roku burmistrz Manuel Catal\u00e1n Chana wraz z architektem Juanem Jos\u00e9 Chiner Vivesem znacz\u0105co zmienili i rozszerzyli plan zagospodarowania miasta. Obecnie Benidorm jest jednym z najpopularniejszych miast turystycznych na wybrze\u017cu Morza \u015ar\u00f3dziemnego.<\/p>\n<h3> Nieruchomo\u015b\u0107 w Benidormie<\/h3>\n<p> Luksusowe <a href=\"https:\/\/alegria-realestate.com\/ru\/sale\/benidorm\/villa\">wille w Benidormie<\/a> z widokiem na morze i pi\u0119kne miasto sta\u0142y si\u0119 \u0142akomym k\u0105skiem zar\u00f3wno dla inwestor\u00f3w, jak i mi\u0142o\u015bnik\u00f3w wygodnego \u017cycia. Nie mogli\u015bmy zignorowa\u0107 pr\u00f3\u015bb naszych klient\u00f3w i rozpocz\u0119li\u015bmy kilka projekt\u00f3w budowy luksusowych dom\u00f3w. W najbli\u017cszym czasie uko\u0144czona zostanie budowa ponad stu dom\u00f3w firmy budowlanej Alegria Construcciones. Przejrzyj nasz katalog <a href=\"\/ru\/sale\">nieruchomo\u015bci w Hiszpanii<\/a> , w szczeg\u00f3lno\u015bci dom\u00f3w i <a href=\"https:\/\/alegria-realestate.com\/ru\/sale\/benidorm\/apartments\">mieszka\u0144 w Benidorm<\/a> , <a href=\"https:\/\/alegria-realestate.com\/ru\/sale\/alicante\/apartments\">nieruchomo\u015bci w Alicante<\/a> i <a href=\"\/ru\/sale\/torrevieja\">Torrevieja<\/a> , aby znale\u017a\u0107 ten dom, kt\u00f3ry stanie si\u0119 twoj\u0105 fortec\u0105, paleniskiem i przytulnym gniazdem w gor\u0105cym hiszpa\u0144skim s\u0142o\u0144cu. [to miejsce] <img decoding=\"async\" style=\"display: block; margin-left: auto; margin-right: auto;\" src=\"https:\/\/vtorrevieje.com\/assets\/images\/files\/benidorm\/benidorm_panorama.jpg\" alt=\"\" width=\"100%\" \/> <span style=\"font-size: 16px;\">Populacja Benidormu wynosi 69 010 mieszka\u0144c\u00f3w (stan na 2014 rok). Zdecydowana wi\u0119kszo\u015b\u0107 obcokrajowc\u00f3w mieszka w mie\u015bcie bez rejestracji, wi\u0119c statystycy sugeruj\u0105, \u017ce liczba ta faktycznie si\u0119ga co najmniej 100 000 os\u00f3b. Jednak 29,3% populacji zarejestrowanej w 2007 roku stanowili obcokrajowcy Unii Europejskiej, w szczeg\u00f3lno\u015bci pochodzenia brytyjskiego.<\/span> Demografia i urbanizacja Benidorm jest centrum \u017cycia turystycznego na wybrze\u017cu ze wzgl\u0119du na ciep\u0142y klimat, umiarkowane temperatury przez ca\u0142y rok. Od po\u0142owy XX wieku miasto przechodzi niezwyk\u0142e przemiany architektoniczne. Ile warta jest liczba drapaczy chmur! W tym sensie Benidorm ust\u0119puje tylko Manhattanowi. Niekt\u00f3re hotele s\u0105 uznawane za najwy\u017csze budynki w Europie, na przyk\u0142ad Hotel Bali III &#8211; 186 metr\u00f3w, Hotel In Tempo &#8211; 192 metry.<\/p>\n<h3> Zabytki i zabytki.<\/h3>\n<ul>\n<li> Torre Puntadel Cavall. Wie\u017ca zosta\u0142a uznana za obiekt kultury. Po\u0142o\u017cona w la Punta de les Caletes lub Punta del Cavall, st\u0105d druga nazwa wie\u017cy (Torre de les Caletes). Cz\u0119\u015b\u0107 naturalnego parku de la Sierra Helada. <img decoding=\"async\" style=\"display: block; margin-left: auto; margin-right: auto;\" src=\"https:\/\/vtorrevieje.com\/assets\/images\/files\/benidorm\/Torre Puntadel Cavall.jpg\" alt=\"\" width=\"100%\" \/><\/li>\n<li> Tossal de la Cala (III-I wiek pne). Staro\u017cytna osada iberyjska s\u0142u\u017cy\u0142a jako jeden z punkt\u00f3w handlowych. <img decoding=\"async\" style=\"display: block; margin-left: auto; margin-right: auto;\" src=\"https:\/\/vtorrevieje.com\/assets\/images\/files\/benidorm\/Tossal de la Cala.jpg\" alt=\"\" width=\"100%\" \/><\/li>\n<li> El Mirador de la Punta del Canfali. Twierdza w skale, kt\u00f3ra oddziela dwie pla\u017ce, s\u0142u\u017cy\u0142a jako obrona przed najazdami Berber\u00f3w i pirat\u00f3w algierskich w XIV, XV i XVI wieku. P\u00f3\u017aniej zamek zosta\u0142 opuszczony, do dzi\u015b przetrwa\u0142y tylko niekt\u00f3re pozosta\u0142o\u015bci mur\u00f3w, kt\u00f3re znane s\u0105 r\u00f3wnie\u017c jako balkon \u015br\u00f3dziemnomorski (balc\u00f3n del Mediterr\u00e1neo). <img decoding=\"async\" style=\"display: block; margin-left: auto; margin-right: auto;\" src=\"https:\/\/vtorrevieje.com\/assets\/images\/files\/benidorm\/El Mirador de la Punta del Canfali.jpg\" alt=\"\" width=\"100%\" \/><\/li>\n<li> Iglesia de San Jaime i Santa Ana. Ko\u015bci\u00f3\u0142 znajduje si\u0119 na starym mie\u015bcie, na szczycie wzg\u00f3rza Canfali. Budow\u0119 prowadzono w latach 1740-1780. <img decoding=\"async\" style=\"display: block; margin-left: auto; margin-right: auto;\" src=\"https:\/\/vtorrevieje.com\/assets\/images\/files\/benidorm\/Iglesia de San Jaime y Santa Ana.jpg\" alt=\"\" width=\"100%\" \/><\/li>\n<li> Isla de los Periodistas. L&#39;Illa, znana r\u00f3wnie\u017c jako wyspa dziennikarzy, przyci\u0105ga wielu turyst\u00f3w. O pochodzeniu i heroicznej przesz\u0142o\u015bci wyspy kr\u0105\u017c\u0105 legendy. Jedna z nich opowiada o mi\u0142o\u015bci olbrzyma Rold\u00e1na do pi\u0119knej damy. Pewnego dnia ukochana Rold\u00e1na zachorowa\u0142a i tylko promienie s\u0142oneczne mog\u0142y uleczy\u0107 chorob\u0119. Chc\u0105c zatrzyma\u0107 zach\u00f3d s\u0142o\u0144ca, olbrzym uderzy\u0142 pi\u0119\u015bci\u0105 w Mount Puig. Powsta\u0142a szczelina, a kawa\u0142ek ska\u0142y odpad\u0142 i wpad\u0142 do morza, tworz\u0105c wysp\u0119 L&#39;Illa. Jednak choroba nie ust\u0105pi\u0142a i kobieta zmar\u0142a. Za\u0142amany Rold\u00e1n zabra\u0142 cia\u0142o swojej ukochanej i uda\u0142 si\u0119 na wysp\u0119, aby zosta\u0107 z ni\u0105 sam na sam. Od strony morza wyspa ta ma tr\u00f3jk\u0105tny wygl\u0105d, jej powierzchnia wynosi 6,57 hektara. Praktycznie nie ma tu \u017cyznej gleby, co jest czynnikiem ograniczaj\u0105cym obecno\u015b\u0107 ro\u015blinno\u015bci. <img decoding=\"async\" style=\"display: block; margin-left: auto; margin-right: auto;\" src=\"https:\/\/vtorrevieje.com\/assets\/images\/files\/benidorm\/Isla de los Periodistas.jpg\" alt=\"\" width=\"100%\" \/><\/li>\n<li> Isla Mijana. Wyspa. La Creu. Misja ewangelizacyjna zako\u0144czy\u0142a si\u0119 w 1962 r. wzniesieniem krzy\u017ca na szczycie la Serra Gel\u00e0. Dzi\u015b przyje\u017cd\u017caj\u0105 tu r\u00f3\u017cne osoby: tury\u015bci, pielgrzymi, wczasowicze, spragnieni wyj\u0105tkowych selfie. Panorama tutaj jest naprawd\u0119 niesamowita.<\/li>\n<\/ul>\n<h3> \u015awi\u0119ta w Benidormie<\/h3>\n<p> Zmartwychwstanie Chrystusa to jedno z g\u0142\u00f3wnych \u015bwi\u0105t w gminie. Zgodnie z tradycj\u0105 wioski rybackiej, sze\u015b\u0107 bractw, zjednoczonych w Wielkim Zgromadzeniu (Junta Mayorde Cofrad\u00edas y Hermandades), przechodzi ulicami miasta w uroczystej procesji. W ten spos\u00f3b ludzie dzi\u0119kuj\u0105 Jezusowi i zach\u0119caj\u0105 wszystkich do zjednoczenia. Benidorm to miasto, w kt\u00f3rym wakacje maj\u0105 ogromne znaczenie i odgrywaj\u0105 wa\u017cn\u0105 rol\u0119 w \u017cyciu jego mieszka\u0144c\u00f3w. W listopadzie przez pi\u0119\u0107 dni \u015bwi\u0119tuje si\u0119 dni patron\u00f3w i \u015bwi\u0119tych: dziewicy la Virgen del Sufragio i Aposto\u0142a Jakuba (San Jaime Ap\u00f3ostl). G\u0142\u00f3wne uroczysto\u015bci odbywaj\u0105 si\u0119 na pla\u017cy la Playa de Poniente. Wed\u0142ug legendy w marcu 1740 r. statek podczas sztormu osiad\u0142 na mieli\u017anie w zatoce Benidorm. W obawie przed epidemi\u0105 ludzie postanowili spali\u0107 \u201enieproszonego go\u015bcia\u201d. W kupie popio\u0142\u00f3w ch\u0142opcy odnale\u017ali wizerunek Matki Boskiej, na cze\u015b\u0107 kt\u00f3rej wybudowano ko\u015bci\u00f3\u0142 i kaplic\u0119. Mimo, \u017ce wydarzenia mia\u0142y miejsce wiosn\u0105, obchody zosta\u0142y prze\u0142o\u017cone na jesie\u0144, kiedy wi\u0119kszo\u015b\u0107 rybak\u00f3w wraca do domu. \u015awi\u0119tuj\u0105 tu tak\u017ce Bo\u017ce Narodzenie, czekaj\u0105 na Trzech Kr\u00f3li, pal\u0105 ogniska na San Juan w czerwcu i przeprowadzaj\u0105 historyczne rekonstrukcje bitew Maur\u00f3w i chrze\u015bcijan. Festiwale i \u015bwi\u0119ta s\u0105 tu prawie codziennie, bo opr\u00f3cz \u015bwi\u0105t pa\u0144stwowych s\u0105 te\u017c \u015bwi\u0119ta i festyny lokalne. Bior\u0105c pod uwag\u0119 fakt, \u017ce miasto ma zr\u00f3\u017cnicowan\u0105 kultur\u0119, czasami obchodzone s\u0105 tutaj \u015bwi\u0119ta, kt\u00f3re nie s\u0105 tradycyjne dla Hiszpanii. Latem miasto jest zanurzone w muzyce, poniewa\u017c jest gospodarzem mi\u0119dzynarodowego festiwalu Low Cost Festival. <img decoding=\"async\" style=\"display: block; margin-left: auto; margin-right: auto;\" src=\"https:\/\/vtorrevieje.com\/assets\/images\/files\/images\/dostoprimechtelnosti.jpg\" alt=\"\" width=\"100%\" \/><\/p>\n<h3> Jak dojecha\u0107 do miasta?<\/h3>\n<p> Do Benidormu mo\u017cna dojecha\u0107 autostrad\u0105 N-332 lub AP-7, przez Poniente-Terra M\u00edtica (65A) i Levante (65). Autobusy mi\u0119dzymiastowe kursuj\u0105 z Alicante, Walencji, Madrytu, Kantabrii, Kraju Bask\u00f3w, Nawarry, La Rioja itp. Dworce autobusowe znajduj\u0105 si\u0119 przy wyje\u017adzie z Benidorm przed remiz\u0105 stra\u017cack\u0105, przy gmachu s\u0105du (Palacio de Justicia), w pobli\u017cu pa\u0142acu sportowego \u201eIlla de Benidorm\u201d, kompleksu edukacyjnego \u201eSalto del Agua\u201d. Do Benidormu mo\u017cna dojecha\u0107 poci\u0105giem z Alicante i Denii. Po mie\u015bcie mo\u017cna porusza\u0107 si\u0119 autobusem lub taks\u00f3wk\u0105. Firma Llorente Bus, popularnie znana jako \u201egua-gua\u201d, zapewnia r\u00f3wnie\u017c transport do nast\u0119puj\u0105cych punkt\u00f3w: Alfaz del Pi, el Albir, Altea, Finestrat, La Nuc\u00eda, la cala de Finestrat, Villajoyosa, el Castillo de Guadalest. Port miejski znajduje si\u0119 pomi\u0119dzy pla\u017cami Playas de Levante y Peque\u00f1a i la Playa de Poniente.<\/p>\n<h3> Znane osobisto\u015bci<\/h3>\n<ul>\n<li> Jos\u00e9 P\u00e9rez Fuster (1856-1933): lekarz, dyrektor Miejskiego Instytutu Higieny Walencji. Wprowadzono szczepienie przeciwko b\u0142onicy na terenie AU Walencja.<\/li>\n<li> Pedro Zaragoza Orts: (1922-2008) Prawnik, burmistrz miasta. Bojownik o rozw\u00f3j Benidormu jako centrum turystycznego.<\/li>\n<li> Francisco Orts Llorca: MD, profesor anatomii,<\/li>\n<li> Guillermo Amor: Pi\u0142karz FC Barcelona, zawodnik reprezentacji narodowej.<\/li>\n<li> Antonio L\u00f3pez Guerrero: Pi\u0142karz Atl\u00e9ticode Madryt, RCD Mallorca, zawodnik reprezentacji narodowej.<\/li>\n<li> Pere Maria Orts i Bosch: historyk. Nie urodzi\u0142 si\u0119 w Benidormie, jest jednak jego honorowym obywatelem.<\/li>\n<li> Miguel Fuster: Sportowiec, kierowca wy\u015bcigowy.<\/li>\n<li> Leire Paj\u00edn: Polityk, Sekretarz Stanu ds. Wsp\u00f3\u0142pracy Mi\u0119dzynarodowej, Minister Zdrowia, Polityki Spo\u0142ecznej i R\u00f3wno\u015bci Rz\u0105du Hiszpanii.<\/li>\n<li> Gema Amor P\u00e9rez, polityk, by\u0142a minister Walencji.<\/li>\n<\/ul>\n<h3> \u017bycie polityczne<\/h3>\n<p> W wyborach w 1991 roku PSPV-PSOE (Partia Socjalistyczna) zdoby\u0142a wi\u0119kszo\u015b\u0107, zapewniaj\u0105c 11 radnych przeciwko 10 z PP (Partii Ludowej). Jednak ju\u017c w listopadzie tego samego roku przedstawiciel Partii Ludowej Eduardo Zaplana obj\u0105\u0142 przewodnicz\u0105cego prezydenta miasta. W 2011 roku PSPV-PSOE i PP otrzyma\u0142y po 11 mandat\u00f3w do rad miejskich. Ci ostatni utworzyli koalicj\u0119 z el CDL, a socjali\u015bci znale\u017ali si\u0119 w mniejszo\u015bci. W 2015 roku wyborcy ponownie zainstalowali na burmistrza przedstawiciela Partii Ludowej Antonio P\u00e9rez P\u00e9reza. C\u00f3\u017c, teraz ju\u017c du\u017co wiesz o Benidormie, zapraszamy do przeczytania artyku\u0142u o presti\u017cowej okolicy do \u017cycia i biznesu w pobli\u017cu: <a href=\"about\/news\/finestrat-(benidorm)-prestigious-area-for-living-and-business-in-spain.html\">o Finestrat<\/a> . Je\u015bli marzysz o \u0142adnym domu w Hiszpanii w najlepszej konkurencyjnej cenie, nie odk\u0142adaj marzenia na jutro, skontaktuj si\u0119 z nami ju\u017c teraz, a odpowiemy na wszystkie Twoje pytania dotycz\u0105ce zakupu nieruchomo\u015bci w Benidorm, jak r\u00f3wnie\u017c <a href=\"\/ru\/\">nieruchomo\u015bci na Costa Blanca<\/a> : Telefon: <a href=\"tel: +34672007801\">+34 672 00 78 01<\/a> E-mail: <a href=\"mailto:yan@alegria-realestate.com\">yan@alegria-realestate.com<\/a> <iframe loading=\"lazy\" src=\"https:\/\/www.youtube.com\/embed\/sp6nSk06eIA\" width=\"100%\" height=\"400\" frameborder=\"0\" allowfullscreen=\"allowfullscreen\"><\/iframe> \u0179r\u00f3d\u0142o: <a href=\"https:\/\/ru.wikipedia.org\" target=\"_blank\" rel=\"noopener noreferrer\">www.wikipedia.org<\/a><\/p>","protected":false},"excerpt":{"rendered":"<p>Benidorm to miejscowo\u015b\u0107 wypoczynkowa w hiszpa\u0144skiej prowincji Alicante (autonomiczna\u2026<\/p>\n","protected":false},"author":1,"featured_media":11414,"comment_status":"closed","ping_status":"closed","sticky":false,"template":"","format":"standard","meta":{"footnotes":""},"categories":[1,747],"tags":[],"class_list":["post-11413","post","type-post","status-publish","format-standard","has-post-thumbnail","hentry","category-articles","category-city-of-spain"],"yoast_head":"<!-- This site is optimized with the Yoast SEO plugin v27.5 - https:\/\/yoast.com\/product\/yoast-seo-wordpress\/ -->\n<title>Benidorm to Nowy Jork Morza \u015ar\u00f3dziemnego.<\/title>\n<meta name=\"robots\" content=\"index, follow, max-snippet:-1, max-image-preview:large, max-video-preview:-1\" \/>\n<link rel=\"canonical\" href=\"https:\/\/alegria-realestate.com\/pl\/wp-json\/wp\/v2\/posts\/11413\" \/>\n<meta property=\"og:locale\" content=\"pl_PL\" \/>\n<meta property=\"og:type\" content=\"article\" \/>\n<meta property=\"og:title\" content=\"Benidorm to Nowy Jork Morza \u015ar\u00f3dziemnego.\" \/>\n<meta property=\"og:description\" content=\"Benidorm to miejscowo\u015b\u0107 wypoczynkowa w hiszpa\u0144skiej prowincji Alicante (autonomiczna\u2026\" \/>\n<meta property=\"og:url\" content=\"https:\/\/alegria-realestate.com\/pl\/wp-json\/wp\/v2\/posts\/11413\" \/>\n<meta property=\"og:site_name\" content=\"Nieruchomo\u015b\u0107 w Hiszpanii\" \/>\n<meta property=\"article:publisher\" content=\"https:\/\/www.facebook.com\/realestate.alegria\" \/>\n<meta property=\"article:published_time\" content=\"2016-07-26T22:48:23+00:00\" \/>\n<meta property=\"article:modified_time\" content=\"2025-08-14T16:40:48+00:00\" \/>\n<meta property=\"og:image\" content=\"https:\/\/alegria-realestate.com\/wp-content\/uploads\/2019\/02\/benidorm-2.jpg\" \/>\n\t<meta property=\"og:image:width\" content=\"640\" \/>\n\t<meta property=\"og:image:height\" content=\"400\" \/>\n\t<meta property=\"og:image:type\" content=\"image\/jpeg\" \/>\n<meta name=\"author\" content=\"stass\" \/>\n<meta name=\"twitter:card\" content=\"summary_large_image\" \/>\n<meta name=\"twitter:creator\" content=\"@alegriarealesta\" \/>\n<meta name=\"twitter:site\" content=\"@alegriarealesta\" \/>\n<script type=\"application\/ld+json\" class=\"yoast-schema-graph\">{\"@context\":\"https:\\\/\\\/schema.org\",\"@graph\":[{\"@type\":\"Article\",\"@id\":\"https:\\\/\\\/alegria-realestate.com\\\/articles\\\/city-of-spain\\\/modern-benidorm-in-spain#article\",\"isPartOf\":{\"@id\":\"https:\\\/\\\/alegria-realestate.com\\\/articles\\\/city-of-spain\\\/modern-benidorm-in-spain\"},\"author\":{\"name\":\"stass\",\"@id\":\"https:\\\/\\\/alegria-realestate.com\\\/#\\\/schema\\\/person\\\/8710ba0d07d2af258b1610931398d861\"},\"headline\":\"Benidorm to Nowy Jork Morza \u015ar\u00f3dziemnego.\",\"datePublished\":\"2016-07-26T22:48:23+00:00\",\"dateModified\":\"2025-08-14T16:40:48+00:00\",\"mainEntityOfPage\":{\"@id\":\"https:\\\/\\\/alegria-realestate.com\\\/articles\\\/city-of-spain\\\/modern-benidorm-in-spain\"},\"wordCount\":15675,\"publisher\":{\"@id\":\"https:\\\/\\\/alegria-realestate.com\\\/#organization\"},\"image\":{\"@id\":\"https:\\\/\\\/alegria-realestate.com\\\/articles\\\/city-of-spain\\\/modern-benidorm-in-spain#primaryimage\"},\"thumbnailUrl\":\"https:\\\/\\\/alegria-realestate.com\\\/wp-content\\\/uploads\\\/2019\\\/02\\\/benidorm-2.jpg\",\"articleSection\":[\"Blog\",\"Miasta Hiszpanii\"],\"inLanguage\":\"pl-PL\"},{\"@type\":\"WebPage\",\"@id\":\"https:\\\/\\\/alegria-realestate.com\\\/pl\\\/articles\\\/city-of-spain\\\/modern-benidorm-in-spain\",\"url\":\"https:\\\/\\\/alegria-realestate.com\\\/pl\\\/articles\\\/city-of-spain\\\/modern-benidorm-in-spain\",\"name\":\"Benidorm to Nowy Jork Morza \u015ar\u00f3dziemnego.\",\"isPartOf\":{\"@id\":\"https:\\\/\\\/alegria-realestate.com\\\/pl\\\/#website\"},\"primaryImageOfPage\":{\"@id\":\"https:\\\/\\\/alegria-realestate.com\\\/pl\\\/articles\\\/city-of-spain\\\/modern-benidorm-in-spain#primaryimage\"},\"image\":{\"@id\":\"https:\\\/\\\/alegria-realestate.com\\\/articles\\\/city-of-spain\\\/modern-benidorm-in-spain#primaryimage\"},\"thumbnailUrl\":\"https:\\\/\\\/alegria-realestate.com\\\/wp-content\\\/uploads\\\/2019\\\/02\\\/benidorm-2.jpg\",\"datePublished\":\"2016-07-26T22:48:23+00:00\",\"dateModified\":\"2025-08-14T16:40:48+00:00\",\"breadcrumb\":{\"@id\":\"https:\\\/\\\/alegria-realestate.com\\\/pl\\\/articles\\\/city-of-spain\\\/modern-benidorm-in-spain#breadcrumb\"},\"inLanguage\":\"pl-PL\",\"potentialAction\":[{\"@type\":\"ReadAction\",\"target\":[[\"https:\\\/\\\/alegria-realestate.com\\\/pl\\\/articles\\\/city-of-spain\\\/modern-benidorm-in-spain\"]]}]},{\"@type\":\"ImageObject\",\"inLanguage\":\"pl-PL\",\"@id\":\"https:\\\/\\\/alegria-realestate.com\\\/pl\\\/articles\\\/city-of-spain\\\/modern-benidorm-in-spain#primaryimage\",\"url\":\"https:\\\/\\\/alegria-realestate.com\\\/wp-content\\\/uploads\\\/2019\\\/02\\\/benidorm-2.jpg\",\"contentUrl\":\"https:\\\/\\\/alegria-realestate.com\\\/wp-content\\\/uploads\\\/2019\\\/02\\\/benidorm-2.jpg\",\"width\":640,\"height\":400},{\"@type\":\"BreadcrumbList\",\"@id\":\"https:\\\/\\\/alegria-realestate.com\\\/pl\\\/articles\\\/city-of-spain\\\/modern-benidorm-in-spain#breadcrumb\",\"itemListElement\":[{\"@type\":\"ListItem\",\"position\":1,\"name\":\"\u0413\u043b\u0430\u0432\u043d\u0430\u044f \u0441\u0442\u0440\u0430\u043d\u0438\u0446\u0430\",\"item\":\"https:\\\/\\\/alegria-realestate.com\\\/pl\\\/\"},{\"@type\":\"ListItem\",\"position\":2,\"name\":\"\u0411\u0435\u043d\u0438\u0434\u043e\u0440\u043c \u2013 \u00ab\u041d\u044c\u044e-\u0419\u043e\u0440\u043a \u0421\u0440\u0435\u0434\u0438\u0437\u0435\u043c\u043d\u043e\u043c\u043e\u0440\u044c\u044f\u00bb.\"}]},{\"@type\":\"WebSite\",\"@id\":\"https:\\\/\\\/alegria-realestate.com\\\/pl\\\/#website\",\"url\":\"https:\\\/\\\/alegria-realestate.com\\\/pl\\\/\",\"name\":\"Nieruchomo\u015b\u0107 w Hiszpanii\",\"description\":\"Nieruchomo\u015bci w Hiszpanii: sprzeda\u017c we wszystkich miastach - Torrevieja, Alicante, Benidorm itp. Pomo\u017cemy Ci kupi\u0107 nieruchomo\u015bci na Costa Blanca - mieszkania wt\u00f3rne, nowe budynki. Projekt pod klucz. Nieruchomo\u015b\u0107 na Costa Blanca od 80 000 \u20ac.\",\"publisher\":{\"@id\":\"https:\\\/\\\/alegria-realestate.com\\\/pl\\\/#organization\"},\"potentialAction\":[{\"@type\":\"SearchAction\",\"target\":{\"@type\":\"EntryPoint\",\"urlTemplate\":\"https:\\\/\\\/alegria-realestate.com\\\/pl\\\/?s={search_term_string}\"},\"query-input\":{\"@type\":\"PropertyValueSpecification\",\"valueRequired\":true,\"valueName\":\"search_term_string\"}}],\"inLanguage\":\"pl-PL\"},{\"@type\":\"Organization\",\"@id\":\"https:\\\/\\\/alegria-realestate.com\\\/pl\\\/#organization\",\"name\":\"Alegria Realestate\",\"url\":\"https:\\\/\\\/alegria-realestate.com\\\/pl\\\/\",\"logo\":{\"@type\":\"ImageObject\",\"inLanguage\":\"pl-PL\",\"@id\":\"https:\\\/\\\/alegria-realestate.com\\\/pl\\\/#\\\/schema\\\/logo\\\/image\\\/\",\"url\":\"https:\\\/\\\/alegria-realestate.com\\\/wp-content\\\/uploads\\\/2019\\\/08\\\/logo_alegria.png\",\"contentUrl\":\"https:\\\/\\\/alegria-realestate.com\\\/wp-content\\\/uploads\\\/2019\\\/08\\\/logo_alegria.png\",\"width\":1600,\"height\":1403,\"caption\":\"Alegria Realestate\"},\"image\":{\"@id\":\"https:\\\/\\\/alegria-realestate.com\\\/pl\\\/#\\\/schema\\\/logo\\\/image\\\/\"},\"sameAs\":[\"https:\\\/\\\/www.facebook.com\\\/realestate.alegria\",\"https:\\\/\\\/x.com\\\/alegriarealesta\",\"https:\\\/\\\/www.instagram.com\\\/alegriadom\\\/\",\"https:\\\/\\\/www.linkedin.com\\\/profile\\\/view?id=154965227\",\"https:\\\/\\\/www.youtube.com\\\/user\\\/AlegriaRealEstate\"]},{\"@type\":\"Person\",\"@id\":\"https:\\\/\\\/alegria-realestate.com\\\/#\\\/schema\\\/person\\\/8710ba0d07d2af258b1610931398d861\",\"name\":\"stass\"}]}<\/script>\n<!-- \/ Yoast SEO plugin. -->","yoast_head_json":{"title":"Benidorm to Nowy Jork Morza \u015ar\u00f3dziemnego.","robots":{"index":"index","follow":"follow","max-snippet":"max-snippet:-1","max-image-preview":"max-image-preview:large","max-video-preview":"max-video-preview:-1"},"canonical":"https:\/\/alegria-realestate.com\/pl\/wp-json\/wp\/v2\/posts\/11413","og_locale":"pl_PL","og_type":"article","og_title":"Benidorm to Nowy Jork Morza \u015ar\u00f3dziemnego.","og_description":"Benidorm to miejscowo\u015b\u0107 wypoczynkowa w hiszpa\u0144skiej prowincji Alicante (autonomiczna\u2026","og_url":"https:\/\/alegria-realestate.com\/pl\/wp-json\/wp\/v2\/posts\/11413","og_site_name":"Nieruchomo\u015b\u0107 w Hiszpanii","article_publisher":"https:\/\/www.facebook.com\/realestate.alegria","article_published_time":"2016-07-26T22:48:23+00:00","article_modified_time":"2025-08-14T16:40:48+00:00","og_image":[{"width":640,"height":400,"url":"https:\/\/alegria-realestate.com\/wp-content\/uploads\/2019\/02\/benidorm-2.jpg","type":"image\/jpeg"}],"author":"stass","twitter_card":"summary_large_image","twitter_creator":"@alegriarealesta","twitter_site":"@alegriarealesta","schema":{"@context":"https:\/\/schema.org","@graph":[{"@type":"Article","@id":"https:\/\/alegria-realestate.com\/articles\/city-of-spain\/modern-benidorm-in-spain#article","isPartOf":{"@id":"https:\/\/alegria-realestate.com\/articles\/city-of-spain\/modern-benidorm-in-spain"},"author":{"name":"stass","@id":"https:\/\/alegria-realestate.com\/#\/schema\/person\/8710ba0d07d2af258b1610931398d861"},"headline":"Benidorm to Nowy Jork Morza \u015ar\u00f3dziemnego.","datePublished":"2016-07-26T22:48:23+00:00","dateModified":"2025-08-14T16:40:48+00:00","mainEntityOfPage":{"@id":"https:\/\/alegria-realestate.com\/articles\/city-of-spain\/modern-benidorm-in-spain"},"wordCount":15675,"publisher":{"@id":"https:\/\/alegria-realestate.com\/#organization"},"image":{"@id":"https:\/\/alegria-realestate.com\/articles\/city-of-spain\/modern-benidorm-in-spain#primaryimage"},"thumbnailUrl":"https:\/\/alegria-realestate.com\/wp-content\/uploads\/2019\/02\/benidorm-2.jpg","articleSection":["Blog","Miasta Hiszpanii"],"inLanguage":"pl-PL"},{"@type":"WebPage","@id":"https:\/\/alegria-realestate.com\/pl\/articles\/city-of-spain\/modern-benidorm-in-spain","url":"https:\/\/alegria-realestate.com\/pl\/articles\/city-of-spain\/modern-benidorm-in-spain","name":"Benidorm to Nowy Jork Morza \u015ar\u00f3dziemnego.","isPartOf":{"@id":"https:\/\/alegria-realestate.com\/pl\/#website"},"primaryImageOfPage":{"@id":"https:\/\/alegria-realestate.com\/pl\/articles\/city-of-spain\/modern-benidorm-in-spain#primaryimage"},"image":{"@id":"https:\/\/alegria-realestate.com\/articles\/city-of-spain\/modern-benidorm-in-spain#primaryimage"},"thumbnailUrl":"https:\/\/alegria-realestate.com\/wp-content\/uploads\/2019\/02\/benidorm-2.jpg","datePublished":"2016-07-26T22:48:23+00:00","dateModified":"2025-08-14T16:40:48+00:00","breadcrumb":{"@id":"https:\/\/alegria-realestate.com\/pl\/articles\/city-of-spain\/modern-benidorm-in-spain#breadcrumb"},"inLanguage":"pl-PL","potentialAction":[{"@type":"ReadAction","target":[["https:\/\/alegria-realestate.com\/pl\/articles\/city-of-spain\/modern-benidorm-in-spain"]]}]},{"@type":"ImageObject","inLanguage":"pl-PL","@id":"https:\/\/alegria-realestate.com\/pl\/articles\/city-of-spain\/modern-benidorm-in-spain#primaryimage","url":"https:\/\/alegria-realestate.com\/wp-content\/uploads\/2019\/02\/benidorm-2.jpg","contentUrl":"https:\/\/alegria-realestate.com\/wp-content\/uploads\/2019\/02\/benidorm-2.jpg","width":640,"height":400},{"@type":"BreadcrumbList","@id":"https:\/\/alegria-realestate.com\/pl\/articles\/city-of-spain\/modern-benidorm-in-spain#breadcrumb","itemListElement":[{"@type":"ListItem","position":1,"name":"\u0413\u043b\u0430\u0432\u043d\u0430\u044f \u0441\u0442\u0440\u0430\u043d\u0438\u0446\u0430","item":"https:\/\/alegria-realestate.com\/pl\/"},{"@type":"ListItem","position":2,"name":"\u0411\u0435\u043d\u0438\u0434\u043e\u0440\u043c \u2013 \u00ab\u041d\u044c\u044e-\u0419\u043e\u0440\u043a \u0421\u0440\u0435\u0434\u0438\u0437\u0435\u043c\u043d\u043e\u043c\u043e\u0440\u044c\u044f\u00bb."}]},{"@type":"WebSite","@id":"https:\/\/alegria-realestate.com\/pl\/#website","url":"https:\/\/alegria-realestate.com\/pl\/","name":"Nieruchomo\u015b\u0107 w Hiszpanii","description":"Nieruchomo\u015bci w Hiszpanii: sprzeda\u017c we wszystkich miastach - Torrevieja, Alicante, Benidorm itp. Pomo\u017cemy Ci kupi\u0107 nieruchomo\u015bci na Costa Blanca - mieszkania wt\u00f3rne, nowe budynki. Projekt pod klucz. Nieruchomo\u015b\u0107 na Costa Blanca od 80 000 \u20ac.","publisher":{"@id":"https:\/\/alegria-realestate.com\/pl\/#organization"},"potentialAction":[{"@type":"SearchAction","target":{"@type":"EntryPoint","urlTemplate":"https:\/\/alegria-realestate.com\/pl\/?s={search_term_string}"},"query-input":{"@type":"PropertyValueSpecification","valueRequired":true,"valueName":"search_term_string"}}],"inLanguage":"pl-PL"},{"@type":"Organization","@id":"https:\/\/alegria-realestate.com\/pl\/#organization","name":"Alegria Realestate","url":"https:\/\/alegria-realestate.com\/pl\/","logo":{"@type":"ImageObject","inLanguage":"pl-PL","@id":"https:\/\/alegria-realestate.com\/pl\/#\/schema\/logo\/image\/","url":"https:\/\/alegria-realestate.com\/wp-content\/uploads\/2019\/08\/logo_alegria.png","contentUrl":"https:\/\/alegria-realestate.com\/wp-content\/uploads\/2019\/08\/logo_alegria.png","width":1600,"height":1403,"caption":"Alegria Realestate"},"image":{"@id":"https:\/\/alegria-realestate.com\/pl\/#\/schema\/logo\/image\/"},"sameAs":["https:\/\/www.facebook.com\/realestate.alegria","https:\/\/x.com\/alegriarealesta","https:\/\/www.instagram.com\/alegriadom\/","https:\/\/www.linkedin.com\/profile\/view?id=154965227","https:\/\/www.youtube.com\/user\/AlegriaRealEstate"]},{"@type":"Person","@id":"https:\/\/alegria-realestate.com\/#\/schema\/person\/8710ba0d07d2af258b1610931398d861","name":"stass"}]}},"_links":{"self":[{"href":"https:\/\/alegria-realestate.com\/pl\/wp-json\/wp\/v2\/posts\/11413","targetHints":{"allow":["GET"]}}],"collection":[{"href":"https:\/\/alegria-realestate.com\/pl\/wp-json\/wp\/v2\/posts"}],"about":[{"href":"https:\/\/alegria-realestate.com\/pl\/wp-json\/wp\/v2\/types\/post"}],"author":[{"embeddable":true,"href":"https:\/\/alegria-realestate.com\/pl\/wp-json\/wp\/v2\/users\/1"}],"replies":[{"embeddable":true,"href":"https:\/\/alegria-realestate.com\/pl\/wp-json\/wp\/v2\/comments?post=11413"}],"version-history":[{"count":1,"href":"https:\/\/alegria-realestate.com\/pl\/wp-json\/wp\/v2\/posts\/11413\/revisions"}],"predecessor-version":[{"id":836658,"href":"https:\/\/alegria-realestate.com\/pl\/wp-json\/wp\/v2\/posts\/11413\/revisions\/836658"}],"wp:featuredmedia":[{"embeddable":true,"href":"https:\/\/alegria-realestate.com\/pl\/wp-json\/wp\/v2\/media\/11414"}],"wp:attachment":[{"href":"https:\/\/alegria-realestate.com\/pl\/wp-json\/wp\/v2\/media?parent=11413"}],"wp:term":[{"taxonomy":"category","embeddable":true,"href":"https:\/\/alegria-realestate.com\/pl\/wp-json\/wp\/v2\/categories?post=11413"},{"taxonomy":"post_tag","embeddable":true,"href":"https:\/\/alegria-realestate.com\/pl\/wp-json\/wp\/v2\/tags?post=11413"}],"curies":[{"name":"wp","href":"https:\/\/api.w.org\/{rel}","templated":true}]}}